{"id":6750,"date":"2022-03-10T18:25:05","date_gmt":"2022-03-10T18:25:05","guid":{"rendered":"http:\/\/eldigitaldeasturias.com\/radio\/?p=6750"},"modified":"2022-03-10T18:25:05","modified_gmt":"2022-03-10T18:25:05","slug":"continental-detiene-temporalmente-produccion-y-comercio-en-rusia","status":"publish","type":"post","link":"https:\/\/eldigitaldeasturias.com\/radio\/continental-detiene-temporalmente-produccion-y-comercio-en-rusia\/","title":{"rendered":"Continental detiene temporalmente producci\u00f3n y comercio en Rusia"},"content":{"rendered":"<p>Hannover (Alemania), 8 mar (dpa) &#8211; El proveedor alem\u00e1n de la industria automotriz Continental decidi\u00f3 detener temporalmente su producci\u00f3n y sus negocios en <a href=\"https:\/\/www.eldigitaldeasturias.com\/noticias\/tag\/rusia\/\"><span style=\"color: #ff6600;\"><strong>Rusia<\/strong><\/span><\/a>, sum\u00e1ndose as\u00ed a otras empresas de la automoci\u00f3n y la ingenier\u00eda mec\u00e1nica de Alemania, seg\u00fan inform\u00f3 hoy.<\/p>\n<figure id=\"attachment_6751\" aria-describedby=\"caption-attachment-6751\" style=\"width: 650px\" class=\"wp-caption aligncenter\"><img fetchpriority=\"high\" decoding=\"async\" class=\"wp-image-6751\" src=\"https:\/\/eldigitaldeasturias.com\/radio\/wp-content\/uploads\/2022\/03\/Continental-360x237.jpg\" alt=\"Continental\" width=\"650\" height=\"427\" srcset=\"https:\/\/eldigitaldeasturias.com\/radio\/wp-content\/uploads\/2022\/03\/Continental-360x237.jpg 360w, https:\/\/eldigitaldeasturias.com\/radio\/wp-content\/uploads\/2022\/03\/Continental-768x505.jpg 768w, https:\/\/eldigitaldeasturias.com\/radio\/wp-content\/uploads\/2022\/03\/Continental-150x99.jpg 150w, https:\/\/eldigitaldeasturias.com\/radio\/wp-content\/uploads\/2022\/03\/Continental-450x296.jpg 450w, https:\/\/eldigitaldeasturias.com\/radio\/wp-content\/uploads\/2022\/03\/Continental.jpg 1010w\" sizes=\"(max-width: 650px) 100vw, 650px\" \/><figcaption id=\"caption-attachment-6751\" class=\"wp-caption-text\">Casa central de Continental en Hannover, en el norte de Alemania. Foto: Julian Stratenschulte\/dpa<\/figcaption><\/figure>\n<p>La compa\u00f1\u00eda con sede en Hannover explic\u00f3 que la medida afecta principalmente a la planta de Kaluga, a unos 190 kil\u00f3metros al sudoeste de Mosc\u00fa, donde se producen neum\u00e1ticos y piezas para la divisi\u00f3n industrial de la filial Contitech.<\/p>\n<p>Continental a\u00f1adi\u00f3 que las actividades ser\u00e1n suspendidas de inmediato y que esto afecta a todo el negocio de importaci\u00f3n y exportaci\u00f3n con la Federaci\u00f3n Rusa.<\/p>\n<p>El fabricante anunci\u00f3 que la demanda actual se cubrir\u00e1 \u00abhasta nuevo aviso con las existencias locales\u00bb.<\/p>\n<p>Continental tambi\u00e9n tiene oficinas de venta en Mosc\u00fa y participa en una empresa conjunta en Chistopol, cerca de Kaz\u00e1n, que ensambla tac\u00f3grafos para veh\u00edculos comerciales.<\/p>\n<p>En total, la empresa alemana emplea a unas 1.300 personas en Rusia, pero no tiene sedes propias en Ucrania.<\/p>\n<p>Continental agreg\u00f3 que quiere ayudar a su plantilla en Rusia: \u00abApoyaremos a nuestros trabajadores afectados y estudiaremos c\u00f3mo podemos proporcionarles una seguridad econ\u00f3mica b\u00e1sica\u00bb.<\/p>\n","protected":false},"excerpt":{"rendered":"<p>Hannover (Alemania), 8 mar (dpa) &#8211; El proveedor alem\u00e1n de la industria automotriz Continental decidi\u00f3 detener temporalmente su producci\u00f3n y sus negocios en Rusia, sum\u00e1ndose as\u00ed a otras empresas de la automoci\u00f3n y la ingenier\u00eda mec\u00e1nica de Alemania, seg\u00fan inform\u00f3 hoy. La compa\u00f1\u00eda con sede en Hannover explic\u00f3 que la medida afecta principalmente a la<\/p>\n","protected":false},"author":1,"featured_media":6751,"comment_status":"closed","ping_status":"closed","sticky":false,"template":"","format":"standard","meta":{"footnotes":""},"categories":[35],"tags":[43],"class_list":{"0":"post-6750","1":"post","2":"type-post","3":"status-publish","4":"format-standard","5":"has-post-thumbnail","7":"category-negocios","8":"tag-empresas"},"aioseo_notices":[],"aioseo_head":"\n\t\t<!-- All in One SEO Pro 4.9.6.2 - aioseo.com -->\n\t<meta name=\"description\" content=\"El proveedor alem\u00e1n de la industria automotriz Continental decidi\u00f3 detener temporalmente su producci\u00f3n y sus negocios en Rusia\" \/>\n\t<meta name=\"robots\" content=\"max-image-preview:large\" \/>\n\t<meta name=\"author\" content=\"NBAsturias\"\/>\n\t<meta name=\"google-site-verification\" content=\"UA-38556648-1\" \/>\n\t<meta name=\"keywords\" content=\"negocios\" \/>\n\t<link rel=\"canonical\" href=\"https:\/\/eldigitaldeasturias.com\/radio\/continental-detiene-temporalmente-produccion-y-comercio-en-rusia\/\" \/>\n\t<meta name=\"generator\" content=\"All in One SEO Pro (AIOSEO) 4.9.6.2\" \/>\n\t\t<meta property=\"og:locale\" content=\"es_ES\" \/>\n\t\t<meta property=\"og:site_name\" content=\"El Digital de Asturias | Diario de informaci\u00f3n y noticias\" \/>\n\t\t<meta property=\"og:type\" content=\"article\" \/>\n\t\t<meta property=\"og:title\" content=\"Continental detiene temporalmente producci\u00f3n y comercio en Rusia | El Digital de Asturias\" \/>\n\t\t<meta property=\"og:description\" content=\"El proveedor alem\u00e1n de la industria automotriz Continental decidi\u00f3 detener temporalmente su producci\u00f3n y sus negocios en Rusia\" \/>\n\t\t<meta property=\"og:url\" content=\"https:\/\/eldigitaldeasturias.com\/radio\/continental-detiene-temporalmente-produccion-y-comercio-en-rusia\/\" \/>\n\t\t<meta property=\"og:image\" content=\"https:\/\/eldigitaldeasturias.com\/radio\/wp-content\/uploads\/2022\/03\/Continental.jpg\" \/>\n\t\t<meta property=\"og:image:secure_url\" content=\"https:\/\/eldigitaldeasturias.com\/radio\/wp-content\/uploads\/2022\/03\/Continental.jpg\" \/>\n\t\t<meta property=\"og:image:width\" content=\"1010\" \/>\n\t\t<meta property=\"og:image:height\" content=\"664\" \/>\n\t\t<meta property=\"article:published_time\" content=\"2022-03-10T18:25:05+00:00\" \/>\n\t\t<meta property=\"article:modified_time\" content=\"2022-03-10T18:25:05+00:00\" \/>\n\t\t<meta name=\"twitter:card\" content=\"summary_large_image\" \/>\n\t\t<meta name=\"twitter:site\" content=\"@bercodi\" \/>\n\t\t<meta name=\"twitter:title\" content=\"Continental detiene temporalmente producci\u00f3n y comercio en Rusia | El Digital de Asturias\" \/>\n\t\t<meta name=\"twitter:description\" content=\"El proveedor alem\u00e1n de la industria automotriz Continental decidi\u00f3 detener temporalmente su producci\u00f3n y sus negocios en Rusia\" \/>\n\t\t<meta name=\"twitter:creator\" content=\"@bercodi\" \/>\n\t\t<meta name=\"twitter:image\" content=\"https:\/\/eldigitaldeasturias.com\/radio\/wp-content\/uploads\/2022\/03\/Continental.jpg\" \/>\n\t\t<script type=\"application\/ld+json\" class=\"aioseo-schema\">\n\t\t\t{\"@context\":\"https:\\\/\\\/schema.org\",\"@graph\":[{\"@type\":\"BreadcrumbList\",\"@id\":\"https:\\\/\\\/eldigitaldeasturias.com\\\/radio\\\/continental-detiene-temporalmente-produccion-y-comercio-en-rusia\\\/#breadcrumblist\",\"itemListElement\":[{\"@type\":\"ListItem\",\"@id\":\"https:\\\/\\\/eldigitaldeasturias.com\\\/radio#listItem\",\"position\":1,\"name\":\"Inicio\",\"item\":\"https:\\\/\\\/eldigitaldeasturias.com\\\/radio\",\"nextItem\":{\"@type\":\"ListItem\",\"@id\":\"https:\\\/\\\/eldigitaldeasturias.com\\\/radio\\\/category\\\/negocios\\\/#listItem\",\"name\":\"Negocios\"}},{\"@type\":\"ListItem\",\"@id\":\"https:\\\/\\\/eldigitaldeasturias.com\\\/radio\\\/category\\\/negocios\\\/#listItem\",\"position\":2,\"name\":\"Negocios\",\"item\":\"https:\\\/\\\/eldigitaldeasturias.com\\\/radio\\\/category\\\/negocios\\\/\",\"nextItem\":{\"@type\":\"ListItem\",\"@id\":\"https:\\\/\\\/eldigitaldeasturias.com\\\/radio\\\/continental-detiene-temporalmente-produccion-y-comercio-en-rusia\\\/#listItem\",\"name\":\"Continental detiene temporalmente producci\\u00f3n y comercio en Rusia\"},\"previousItem\":{\"@type\":\"ListItem\",\"@id\":\"https:\\\/\\\/eldigitaldeasturias.com\\\/radio#listItem\",\"name\":\"Inicio\"}},{\"@type\":\"ListItem\",\"@id\":\"https:\\\/\\\/eldigitaldeasturias.com\\\/radio\\\/continental-detiene-temporalmente-produccion-y-comercio-en-rusia\\\/#listItem\",\"position\":3,\"name\":\"Continental detiene temporalmente producci\\u00f3n y comercio en Rusia\",\"previousItem\":{\"@type\":\"ListItem\",\"@id\":\"https:\\\/\\\/eldigitaldeasturias.com\\\/radio\\\/category\\\/negocios\\\/#listItem\",\"name\":\"Negocios\"}}]},{\"@type\":\"NewsArticle\",\"@id\":\"https:\\\/\\\/eldigitaldeasturias.com\\\/radio\\\/continental-detiene-temporalmente-produccion-y-comercio-en-rusia\\\/#newsarticle\",\"name\":\"Continental detiene temporalmente producci\\u00f3n y comercio en Rusia | El Digital de Asturias\",\"headline\":\"Continental detiene temporalmente producci\\u00f3n y comercio en Rusia\",\"author\":{\"@id\":\"https:\\\/\\\/eldigitaldeasturias.com\\\/radio\\\/author\\\/nbasturias\\\/#author\"},\"publisher\":{\"@id\":\"https:\\\/\\\/eldigitaldeasturias.com\\\/radio\\\/#organization\"},\"image\":{\"@type\":\"ImageObject\",\"url\":\"https:\\\/\\\/eldigitaldeasturias.com\\\/radio\\\/wp-content\\\/uploads\\\/2022\\\/03\\\/Continental.jpg\",\"width\":1010,\"height\":664,\"caption\":\"Casa central de Continental en Hannover, en el norte de Alemania. Foto: Julian Stratenschulte\\\/dpa\"},\"datePublished\":\"2022-03-10T18:25:05+01:00\",\"dateModified\":\"2022-03-10T18:25:05+01:00\",\"inLanguage\":\"es-ES\",\"mainEntityOfPage\":{\"@id\":\"https:\\\/\\\/eldigitaldeasturias.com\\\/radio\\\/continental-detiene-temporalmente-produccion-y-comercio-en-rusia\\\/#webpage\"},\"isPartOf\":{\"@id\":\"https:\\\/\\\/eldigitaldeasturias.com\\\/radio\\\/continental-detiene-temporalmente-produccion-y-comercio-en-rusia\\\/#webpage\"},\"articleSection\":\"Negocios, empresas\",\"dateline\":\"Publicado el marzo 10, 2022.\"},{\"@type\":\"Organization\",\"@id\":\"https:\\\/\\\/eldigitaldeasturias.com\\\/radio\\\/#organization\",\"name\":\"El digital de Asturias Radio\",\"description\":\"Diario de informaci\\u00f3n y noticias\",\"url\":\"https:\\\/\\\/eldigitaldeasturias.com\\\/radio\\\/\",\"telephone\":\"+34652131393\",\"logo\":{\"@type\":\"ImageObject\",\"url\":\"https:\\\/\\\/www.eldigitaldeasturias.com\\\/radio\\\/wp-content\\\/uploads\\\/2021\\\/03\\\/EDA.jpg\",\"@id\":\"https:\\\/\\\/eldigitaldeasturias.com\\\/radio\\\/continental-detiene-temporalmente-produccion-y-comercio-en-rusia\\\/#organizationLogo\"},\"image\":{\"@id\":\"https:\\\/\\\/eldigitaldeasturias.com\\\/radio\\\/continental-detiene-temporalmente-produccion-y-comercio-en-rusia\\\/#organizationLogo\"},\"sameAs\":[\"https:\\\/\\\/www.facebook.com\\\/\",\"https:\\\/\\\/x.com\\\/bercodi\",\"https:\\\/\\\/www.instagram.com\\\/\",\"https:\\\/\\\/www.youtube.com\\\/channel\\\/UCZP-2wLEB9Rv6erhFmqVnvg\"]},{\"@type\":\"Person\",\"@id\":\"https:\\\/\\\/eldigitaldeasturias.com\\\/radio\\\/author\\\/nbasturias\\\/#author\",\"url\":\"https:\\\/\\\/eldigitaldeasturias.com\\\/radio\\\/author\\\/nbasturias\\\/\",\"name\":\"NBAsturias\",\"image\":{\"@type\":\"ImageObject\",\"@id\":\"https:\\\/\\\/eldigitaldeasturias.com\\\/radio\\\/continental-detiene-temporalmente-produccion-y-comercio-en-rusia\\\/#authorImage\",\"url\":\"https:\\\/\\\/secure.gravatar.com\\\/avatar\\\/df2aeffc32bcd13f8d26072ef8a91b623d677766deac7f97ca815868cd41bf5e?s=96&d=mm&r=g\",\"width\":96,\"height\":96,\"caption\":\"NBAsturias\"}},{\"@type\":\"WebPage\",\"@id\":\"https:\\\/\\\/eldigitaldeasturias.com\\\/radio\\\/continental-detiene-temporalmente-produccion-y-comercio-en-rusia\\\/#webpage\",\"url\":\"https:\\\/\\\/eldigitaldeasturias.com\\\/radio\\\/continental-detiene-temporalmente-produccion-y-comercio-en-rusia\\\/\",\"name\":\"Continental detiene temporalmente producci\\u00f3n y comercio en Rusia | El Digital de Asturias\",\"description\":\"El proveedor alem\\u00e1n de la industria automotriz Continental decidi\\u00f3 detener temporalmente su producci\\u00f3n y sus negocios en Rusia\",\"inLanguage\":\"es-ES\",\"isPartOf\":{\"@id\":\"https:\\\/\\\/eldigitaldeasturias.com\\\/radio\\\/#website\"},\"breadcrumb\":{\"@id\":\"https:\\\/\\\/eldigitaldeasturias.com\\\/radio\\\/continental-detiene-temporalmente-produccion-y-comercio-en-rusia\\\/#breadcrumblist\"},\"author\":{\"@id\":\"https:\\\/\\\/eldigitaldeasturias.com\\\/radio\\\/author\\\/nbasturias\\\/#author\"},\"creator\":{\"@id\":\"https:\\\/\\\/eldigitaldeasturias.com\\\/radio\\\/author\\\/nbasturias\\\/#author\"},\"image\":{\"@type\":\"ImageObject\",\"url\":\"https:\\\/\\\/eldigitaldeasturias.com\\\/radio\\\/wp-content\\\/uploads\\\/2022\\\/03\\\/Continental.jpg\",\"@id\":\"https:\\\/\\\/eldigitaldeasturias.com\\\/radio\\\/continental-detiene-temporalmente-produccion-y-comercio-en-rusia\\\/#mainImage\",\"width\":1010,\"height\":664,\"caption\":\"Casa central de Continental en Hannover, en el norte de Alemania. Foto: Julian Stratenschulte\\\/dpa\"},\"primaryImageOfPage\":{\"@id\":\"https:\\\/\\\/eldigitaldeasturias.com\\\/radio\\\/continental-detiene-temporalmente-produccion-y-comercio-en-rusia\\\/#mainImage\"},\"datePublished\":\"2022-03-10T18:25:05+01:00\",\"dateModified\":\"2022-03-10T18:25:05+01:00\"},{\"@type\":\"WebSite\",\"@id\":\"https:\\\/\\\/eldigitaldeasturias.com\\\/radio\\\/#website\",\"url\":\"https:\\\/\\\/eldigitaldeasturias.com\\\/radio\\\/\",\"name\":\"El Digital de Asturias\",\"description\":\"Diario de informaci\\u00f3n y noticias\",\"inLanguage\":\"es-ES\",\"publisher\":{\"@id\":\"https:\\\/\\\/eldigitaldeasturias.com\\\/radio\\\/#organization\"}}]}\n\t\t<\/script>\n\t\t<!-- All in One SEO Pro -->\r\n\t\t<title>Continental detiene temporalmente producci\u00f3n y comercio en Rusia | El Digital de Asturias<\/title>\n\n","aioseo_head_json":{"title":"Continental detiene temporalmente producci\u00f3n y comercio en Rusia | El Digital de Asturias","description":"El proveedor alem\u00e1n de la industria automotriz Continental decidi\u00f3 detener temporalmente su producci\u00f3n y sus negocios en Rusia","canonical_url":"https:\/\/eldigitaldeasturias.com\/radio\/continental-detiene-temporalmente-produccion-y-comercio-en-rusia\/","robots":"max-image-preview:large","keywords":"negocios","webmasterTools":{"google-site-verification":"UA-38556648-1","miscellaneous":""},"schema":{"@context":"https:\/\/schema.org","@graph":[{"@type":"BreadcrumbList","@id":"https:\/\/eldigitaldeasturias.com\/radio\/continental-detiene-temporalmente-produccion-y-comercio-en-rusia\/#breadcrumblist","itemListElement":[{"@type":"ListItem","@id":"https:\/\/eldigitaldeasturias.com\/radio#listItem","position":1,"name":"Inicio","item":"https:\/\/eldigitaldeasturias.com\/radio","nextItem":{"@type":"ListItem","@id":"https:\/\/eldigitaldeasturias.com\/radio\/category\/negocios\/#listItem","name":"Negocios"}},{"@type":"ListItem","@id":"https:\/\/eldigitaldeasturias.com\/radio\/category\/negocios\/#listItem","position":2,"name":"Negocios","item":"https:\/\/eldigitaldeasturias.com\/radio\/category\/negocios\/","nextItem":{"@type":"ListItem","@id":"https:\/\/eldigitaldeasturias.com\/radio\/continental-detiene-temporalmente-produccion-y-comercio-en-rusia\/#listItem","name":"Continental detiene temporalmente producci\u00f3n y comercio en Rusia"},"previousItem":{"@type":"ListItem","@id":"https:\/\/eldigitaldeasturias.com\/radio#listItem","name":"Inicio"}},{"@type":"ListItem","@id":"https:\/\/eldigitaldeasturias.com\/radio\/continental-detiene-temporalmente-produccion-y-comercio-en-rusia\/#listItem","position":3,"name":"Continental detiene temporalmente producci\u00f3n y comercio en Rusia","previousItem":{"@type":"ListItem","@id":"https:\/\/eldigitaldeasturias.com\/radio\/category\/negocios\/#listItem","name":"Negocios"}}]},{"@type":"NewsArticle","@id":"https:\/\/eldigitaldeasturias.com\/radio\/continental-detiene-temporalmente-produccion-y-comercio-en-rusia\/#newsarticle","name":"Continental detiene temporalmente producci\u00f3n y comercio en Rusia | El Digital de Asturias","headline":"Continental detiene temporalmente producci\u00f3n y comercio en Rusia","author":{"@id":"https:\/\/eldigitaldeasturias.com\/radio\/author\/nbasturias\/#author"},"publisher":{"@id":"https:\/\/eldigitaldeasturias.com\/radio\/#organization"},"image":{"@type":"ImageObject","url":"https:\/\/eldigitaldeasturias.com\/radio\/wp-content\/uploads\/2022\/03\/Continental.jpg","width":1010,"height":664,"caption":"Casa central de Continental en Hannover, en el norte de Alemania. Foto: Julian Stratenschulte\/dpa"},"datePublished":"2022-03-10T18:25:05+01:00","dateModified":"2022-03-10T18:25:05+01:00","inLanguage":"es-ES","mainEntityOfPage":{"@id":"https:\/\/eldigitaldeasturias.com\/radio\/continental-detiene-temporalmente-produccion-y-comercio-en-rusia\/#webpage"},"isPartOf":{"@id":"https:\/\/eldigitaldeasturias.com\/radio\/continental-detiene-temporalmente-produccion-y-comercio-en-rusia\/#webpage"},"articleSection":"Negocios, empresas","dateline":"Publicado el marzo 10, 2022."},{"@type":"Organization","@id":"https:\/\/eldigitaldeasturias.com\/radio\/#organization","name":"El digital de Asturias Radio","description":"Diario de informaci\u00f3n y noticias","url":"https:\/\/eldigitaldeasturias.com\/radio\/","telephone":"+34652131393","logo":{"@type":"ImageObject","url":"https:\/\/www.eldigitaldeasturias.com\/radio\/wp-content\/uploads\/2021\/03\/EDA.jpg","@id":"https:\/\/eldigitaldeasturias.com\/radio\/continental-detiene-temporalmente-produccion-y-comercio-en-rusia\/#organizationLogo"},"image":{"@id":"https:\/\/eldigitaldeasturias.com\/radio\/continental-detiene-temporalmente-produccion-y-comercio-en-rusia\/#organizationLogo"},"sameAs":["https:\/\/www.facebook.com\/","https:\/\/x.com\/bercodi","https:\/\/www.instagram.com\/","https:\/\/www.youtube.com\/channel\/UCZP-2wLEB9Rv6erhFmqVnvg"]},{"@type":"Person","@id":"https:\/\/eldigitaldeasturias.com\/radio\/author\/nbasturias\/#author","url":"https:\/\/eldigitaldeasturias.com\/radio\/author\/nbasturias\/","name":"NBAsturias","image":{"@type":"ImageObject","@id":"https:\/\/eldigitaldeasturias.com\/radio\/continental-detiene-temporalmente-produccion-y-comercio-en-rusia\/#authorImage","url":"https:\/\/secure.gravatar.com\/avatar\/df2aeffc32bcd13f8d26072ef8a91b623d677766deac7f97ca815868cd41bf5e?s=96&d=mm&r=g","width":96,"height":96,"caption":"NBAsturias"}},{"@type":"WebPage","@id":"https:\/\/eldigitaldeasturias.com\/radio\/continental-detiene-temporalmente-produccion-y-comercio-en-rusia\/#webpage","url":"https:\/\/eldigitaldeasturias.com\/radio\/continental-detiene-temporalmente-produccion-y-comercio-en-rusia\/","name":"Continental detiene temporalmente producci\u00f3n y comercio en Rusia | El Digital de Asturias","description":"El proveedor alem\u00e1n de la industria automotriz Continental decidi\u00f3 detener temporalmente su producci\u00f3n y sus negocios en Rusia","inLanguage":"es-ES","isPartOf":{"@id":"https:\/\/eldigitaldeasturias.com\/radio\/#website"},"breadcrumb":{"@id":"https:\/\/eldigitaldeasturias.com\/radio\/continental-detiene-temporalmente-produccion-y-comercio-en-rusia\/#breadcrumblist"},"author":{"@id":"https:\/\/eldigitaldeasturias.com\/radio\/author\/nbasturias\/#author"},"creator":{"@id":"https:\/\/eldigitaldeasturias.com\/radio\/author\/nbasturias\/#author"},"image":{"@type":"ImageObject","url":"https:\/\/eldigitaldeasturias.com\/radio\/wp-content\/uploads\/2022\/03\/Continental.jpg","@id":"https:\/\/eldigitaldeasturias.com\/radio\/continental-detiene-temporalmente-produccion-y-comercio-en-rusia\/#mainImage","width":1010,"height":664,"caption":"Casa central de Continental en Hannover, en el norte de Alemania. Foto: Julian Stratenschulte\/dpa"},"primaryImageOfPage":{"@id":"https:\/\/eldigitaldeasturias.com\/radio\/continental-detiene-temporalmente-produccion-y-comercio-en-rusia\/#mainImage"},"datePublished":"2022-03-10T18:25:05+01:00","dateModified":"2022-03-10T18:25:05+01:00"},{"@type":"WebSite","@id":"https:\/\/eldigitaldeasturias.com\/radio\/#website","url":"https:\/\/eldigitaldeasturias.com\/radio\/","name":"El Digital de Asturias","description":"Diario de informaci\u00f3n y noticias","inLanguage":"es-ES","publisher":{"@id":"https:\/\/eldigitaldeasturias.com\/radio\/#organization"}}]},"og:locale":"es_ES","og:site_name":"El Digital de Asturias | Diario de informaci\u00f3n y noticias","og:type":"article","og:title":"Continental detiene temporalmente producci\u00f3n y comercio en Rusia | El Digital de Asturias","og:description":"El proveedor alem\u00e1n de la industria automotriz Continental decidi\u00f3 detener temporalmente su producci\u00f3n y sus negocios en Rusia","og:url":"https:\/\/eldigitaldeasturias.com\/radio\/continental-detiene-temporalmente-produccion-y-comercio-en-rusia\/","og:image":"https:\/\/eldigitaldeasturias.com\/radio\/wp-content\/uploads\/2022\/03\/Continental.jpg","og:image:secure_url":"https:\/\/eldigitaldeasturias.com\/radio\/wp-content\/uploads\/2022\/03\/Continental.jpg","og:image:width":1010,"og:image:height":664,"article:published_time":"2022-03-10T18:25:05+00:00","article:modified_time":"2022-03-10T18:25:05+00:00","twitter:card":"summary_large_image","twitter:site":"@bercodi","twitter:title":"Continental detiene temporalmente producci\u00f3n y comercio en Rusia | El Digital de Asturias","twitter:description":"El proveedor alem\u00e1n de la industria automotriz Continental decidi\u00f3 detener temporalmente su producci\u00f3n y sus negocios en Rusia","twitter:creator":"@bercodi","twitter:image":"https:\/\/eldigitaldeasturias.com\/radio\/wp-content\/uploads\/2022\/03\/Continental.jpg"},"aioseo_meta_data":{"post_id":"6750","title":null,"description":"El proveedor alem\u00e1n de la industria automotriz Continental decidi\u00f3 detener temporalmente su producci\u00f3n y sus negocios en Rusia","keywords":[],"keyphrases":{"focus":{"keyphrase":"Continental","score":92,"analysis":{"keyphraseInTitle":{"title":"Focus keyphrase in SEO title","description":"Focus keyphrase found in SEO title.","score":9,"maxScore":9,"error":0},"keyphraseInDescription":{"title":"Focus keyphrase in meta description","description":"Focus keyphrase found in meta description.","score":9,"maxScore":9,"error":0},"keyphraseLength":{"title":"Focus keyphrase length","description":"Good job!","score":9,"maxScore":9,"error":0,"length":1},"keyphraseInURL":{"title":"Focus keyphrase in URL","description":"Focus keyphrase not found in the URL.","score":1,"maxScore":5,"error":1},"keyphraseInIntroduction":{"title":"Focus keyphrase in introduction","description":"Your Focus keyphrase appears in the first paragraph. Well done!","score":9,"maxScore":9,"error":0},"keyphraseInSubHeadings":[],"keyphraseInImageAlt":{"title":"Focus keyphrase in image alt attributes","description":"Focus keyphrase found in image alt attribute(s).","score":9,"maxScore":9,"error":0}}},"additional":[{"keyphrase":"negocios en Rusia","score":83,"analysis":{"keyphraseInDescription":{"title":"Keyphrase in meta description","description":"Keyphrase found in meta description.","score":9,"maxScore":9,"error":0},"keyphraseLength":{"title":"Keyphrase length","description":"Good job!","score":9,"maxScore":9,"error":0,"length":3},"keyphraseInIntroduction":{"title":"Keyphrase in introduction","description":"Your Keyphrase appears in the first paragraph. Well done!","score":9,"maxScore":9,"error":0},"keyphraseInImageAlt":{"title":"Keyphrase in image alt attributes","description":"Keyphrase not found in image alt attribute(s). Add an image with your Keyphrase as alt text.","score":3,"maxScore":9,"error":1}}}]},"primary_term":null,"canonical_url":null,"og_title":null,"og_description":null,"og_object_type":"default","og_image_type":"default","og_image_url":null,"og_image_width":null,"og_image_height":null,"og_image_custom_url":null,"og_image_custom_fields":null,"og_video":"","og_custom_url":null,"og_article_section":null,"og_article_tags":[],"twitter_use_og":false,"twitter_card":"default","twitter_image_type":"default","twitter_image_url":null,"twitter_image_custom_url":null,"twitter_image_custom_fields":null,"twitter_title":null,"twitter_description":null,"schema":{"blockGraphs":[],"customGraphs":[],"default":{"data":{"Article":[],"Course":[],"Dataset":[],"FAQPage":[],"Movie":[],"Person":[],"Product":[],"ProductReview":[],"Car":[],"Recipe":[],"Service":[],"SoftwareApplication":[],"WebPage":[]},"graphName":"","isEnabled":true},"graphs":[],"defaultGraph":"Article","defaultPostTypeGraph":""},"schema_type":"default","schema_type_options":"{\"article\":{\"articleType\":\"BlogPosting\"},\"course\":{\"name\":\"\",\"description\":\"\",\"provider\":\"\"},\"faq\":{\"pages\":[]},\"product\":{\"reviews\":[]},\"recipe\":{\"ingredients\":[],\"instructions\":[],\"keywords\":[]},\"software\":{\"reviews\":[],\"operatingSystems\":[]},\"webPage\":{\"webPageType\":\"WebPage\"}}","pillar_content":false,"robots_default":true,"robots_noindex":false,"robots_noarchive":false,"robots_nosnippet":false,"robots_nofollow":false,"robots_noimageindex":false,"robots_noodp":false,"robots_notranslate":false,"robots_max_snippet":"-1","robots_max_videopreview":"-1","robots_max_imagepreview":"large","priority":null,"frequency":"default","location":null,"local_seo":null,"seo_analyzer_scan_date":"2025-08-28 19:41:46","breadcrumb_settings":null,"limit_modified_date":false,"open_ai":null,"ai":null,"created":"2022-03-10 18:21:03","updated":"2025-08-28 19:41:46"},"aioseo_breadcrumb":"<div class=\"aioseo-breadcrumbs\"><span class=\"aioseo-breadcrumb\">\n\t<a href=\"https:\/\/eldigitaldeasturias.com\/radio\" title=\"Inicio\">Inicio<\/a>\n<\/span><span class=\"aioseo-breadcrumb-separator\">&ndash;<\/span><span class=\"aioseo-breadcrumb\">\n\t<a href=\"https:\/\/eldigitaldeasturias.com\/radio\/category\/negocios\/\" title=\"Negocios\">Negocios<\/a>\n<\/span><span class=\"aioseo-breadcrumb-separator\">&ndash;<\/span><span class=\"aioseo-breadcrumb\">\n\tContinental detiene temporalmente producci\u00f3n y comercio en Rusia\n<\/span><\/div>","aioseo_breadcrumb_json":[{"label":"Inicio","link":"https:\/\/eldigitaldeasturias.com\/radio"},{"label":"Negocios","link":"https:\/\/eldigitaldeasturias.com\/radio\/category\/negocios\/"},{"label":"Continental detiene temporalmente producci\u00f3n y comercio en Rusia","link":"https:\/\/eldigitaldeasturias.com\/radio\/continental-detiene-temporalmente-produccion-y-comercio-en-rusia\/"}],"_links":{"self":[{"href":"https:\/\/eldigitaldeasturias.com\/radio\/wp-json\/wp\/v2\/posts\/6750","targetHints":{"allow":["GET"]}}],"collection":[{"href":"https:\/\/eldigitaldeasturias.com\/radio\/wp-json\/wp\/v2\/posts"}],"about":[{"href":"https:\/\/eldigitaldeasturias.com\/radio\/wp-json\/wp\/v2\/types\/post"}],"author":[{"embeddable":true,"href":"https:\/\/eldigitaldeasturias.com\/radio\/wp-json\/wp\/v2\/users\/1"}],"replies":[{"embeddable":true,"href":"https:\/\/eldigitaldeasturias.com\/radio\/wp-json\/wp\/v2\/comments?post=6750"}],"version-history":[{"count":0,"href":"https:\/\/eldigitaldeasturias.com\/radio\/wp-json\/wp\/v2\/posts\/6750\/revisions"}],"wp:featuredmedia":[{"embeddable":true,"href":"https:\/\/eldigitaldeasturias.com\/radio\/wp-json\/wp\/v2\/media\/6751"}],"wp:attachment":[{"href":"https:\/\/eldigitaldeasturias.com\/radio\/wp-json\/wp\/v2\/media?parent=6750"}],"wp:term":[{"taxonomy":"category","embeddable":true,"href":"https:\/\/eldigitaldeasturias.com\/radio\/wp-json\/wp\/v2\/categories?post=6750"},{"taxonomy":"post_tag","embeddable":true,"href":"https:\/\/eldigitaldeasturias.com\/radio\/wp-json\/wp\/v2\/tags?post=6750"}],"curies":[{"name":"wp","href":"https:\/\/api.w.org\/{rel}","templated":true}]}}