{"id":6724,"date":"2022-03-09T19:11:45","date_gmt":"2022-03-09T19:11:45","guid":{"rendered":"http:\/\/eldigitaldeasturias.com\/radio\/?p=6724"},"modified":"2022-03-09T19:11:45","modified_gmt":"2022-03-09T19:11:45","slug":"alemania-alerta-que-guerra-en-ucrania-amenaza-con-hambruna-en-africa","status":"publish","type":"post","link":"https:\/\/eldigitaldeasturias.com\/radio\/alemania-alerta-que-guerra-en-ucrania-amenaza-con-hambruna-en-africa\/","title":{"rendered":"Alemania alerta que guerra en Ucrania amenaza con hambruna en \u00c1frica"},"content":{"rendered":"<p>Bruselas, 7 mar (dpa) &#8211; El <span style=\"color: #ff6600;\"><a style=\"color: #ff6600;\" href=\"https:\/\/www.eldigitaldeasturias.com\/noticias\/tag\/conflictos\/\"><strong>ataque ruso a Ucrania<\/strong><\/a><\/span> amenaza con dejar a millones de personas en \u00c1frica inmersas en el hambre, seg\u00fan advirti\u00f3 hoy la ministra alemana de Desarrollo, Svenja Schulze.<\/p>\n<p>La producci\u00f3n de trigo de Ucrania, una fuente primordial de abastecimiento para \u00c1frica, podr\u00eda verse en riesgo si el conflicto persiste, se\u00f1al\u00f3 Schulze, y a\u00f1adi\u00f3 que esto podr\u00eda significar que de \u00abocho a 13 millones de personas adicionales se vean empujadas al hambre\u00bb.<\/p>\n<p>Schulze habl\u00f3 durante un encuentro informal de ministros de esta cartera de la Uni\u00f3n Europea (UE) en la ciudad de Montpellier, en el sur de Francia, para discutir los esfuerzos del bloque para respaldar a Ucrania.<\/p>\n<p>La ministra alemana anunci\u00f3 38 millones de euros (unos 41 millones de d\u00f3lares) en concepto de ayuda desde su cartera para respaldar al pueblo ucraniano.<\/p>\n<p>Seg\u00fan indic\u00f3, esto se suma a los 37 millones de euros provistos por el Ministerio alem\u00e1n de Relaciones Exteriores y otros 500 millones que ya se comprometi\u00f3 a desembolsar la Comisi\u00f3n Europea.<\/p>\n<p>El presidente ruso Vladimir \u00abPutin llev\u00f3 un sufrimiento incomensurable al pueblo de Ucrania y deseamos expresar aqu\u00ed nuestra solidaridad y hacer todo lo que podamos para realmente ayudar a Ucrania\u00bb, apunt\u00f3 Schulze.<\/p>\n","protected":false},"excerpt":{"rendered":"<p>Bruselas, 7 mar (dpa) &#8211; El ataque ruso a Ucrania amenaza con dejar a millones de personas en \u00c1frica inmersas en el hambre, seg\u00fan advirti\u00f3 hoy la ministra alemana de Desarrollo, Svenja Schulze. La producci\u00f3n de trigo de Ucrania, una fuente primordial de abastecimiento para \u00c1frica, podr\u00eda verse en riesgo si el conflicto persiste, se\u00f1al\u00f3<\/p>\n","protected":false},"author":1,"featured_media":6696,"comment_status":"closed","ping_status":"closed","sticky":false,"template":"","format":"standard","meta":{"footnotes":""},"categories":[1],"tags":[],"class_list":{"0":"post-6724","1":"post","2":"type-post","3":"status-publish","4":"format-standard","5":"has-post-thumbnail","7":"category-noticias"},"aioseo_notices":[],"aioseo_head":"\n\t\t<!-- All in One SEO Pro 4.9.6.2 - aioseo.com -->\n\t<meta name=\"description\" content=\"El ataque ruso a Ucrania amenaza con dejar a millones de personas en \u00c1frica inmersas en el hambre, seg\u00fan advirti\u00f3 hoy la ministra alemana de Desarrollo\" \/>\n\t<meta name=\"robots\" content=\"max-image-preview:large\" \/>\n\t<meta name=\"author\" content=\"NBAsturias\"\/>\n\t<meta name=\"google-site-verification\" content=\"UA-38556648-1\" \/>\n\t<meta name=\"keywords\" content=\"noticias\" \/>\n\t<link rel=\"canonical\" href=\"https:\/\/eldigitaldeasturias.com\/radio\/alemania-alerta-que-guerra-en-ucrania-amenaza-con-hambruna-en-africa\/\" \/>\n\t<meta name=\"generator\" content=\"All in One SEO Pro (AIOSEO) 4.9.6.2\" \/>\n\t\t<meta property=\"og:locale\" content=\"es_ES\" \/>\n\t\t<meta property=\"og:site_name\" content=\"El Digital de Asturias | Diario de informaci\u00f3n y noticias\" \/>\n\t\t<meta property=\"og:type\" content=\"article\" \/>\n\t\t<meta property=\"og:title\" content=\"Alemania alerta que guerra en Ucrania amenaza con hambruna en \u00c1frica | El Digital de Asturias\" \/>\n\t\t<meta property=\"og:description\" content=\"El ataque ruso a Ucrania amenaza con dejar a millones de personas en \u00c1frica inmersas en el hambre, seg\u00fan advirti\u00f3 hoy la ministra alemana de Desarrollo\" \/>\n\t\t<meta property=\"og:url\" content=\"https:\/\/eldigitaldeasturias.com\/radio\/alemania-alerta-que-guerra-en-ucrania-amenaza-con-hambruna-en-africa\/\" \/>\n\t\t<meta property=\"og:image\" content=\"https:\/\/eldigitaldeasturias.com\/radio\/wp-content\/uploads\/2022\/03\/Ucrania.jpg\" \/>\n\t\t<meta property=\"og:image:secure_url\" content=\"https:\/\/eldigitaldeasturias.com\/radio\/wp-content\/uploads\/2022\/03\/Ucrania.jpg\" \/>\n\t\t<meta property=\"og:image:width\" content=\"640\" \/>\n\t\t<meta property=\"og:image:height\" content=\"400\" \/>\n\t\t<meta property=\"article:published_time\" content=\"2022-03-09T19:11:45+00:00\" \/>\n\t\t<meta property=\"article:modified_time\" content=\"2022-03-09T19:11:45+00:00\" \/>\n\t\t<meta name=\"twitter:card\" content=\"summary_large_image\" \/>\n\t\t<meta name=\"twitter:site\" content=\"@bercodi\" \/>\n\t\t<meta name=\"twitter:title\" content=\"Alemania alerta que guerra en Ucrania amenaza con hambruna en \u00c1frica | El Digital de Asturias\" \/>\n\t\t<meta name=\"twitter:description\" content=\"El ataque ruso a Ucrania amenaza con dejar a millones de personas en \u00c1frica inmersas en el hambre, seg\u00fan advirti\u00f3 hoy la ministra alemana de Desarrollo\" \/>\n\t\t<meta name=\"twitter:creator\" content=\"@bercodi\" \/>\n\t\t<meta name=\"twitter:image\" content=\"https:\/\/eldigitaldeasturias.com\/radio\/wp-content\/uploads\/2022\/03\/Ucrania.jpg\" \/>\n\t\t<script type=\"application\/ld+json\" class=\"aioseo-schema\">\n\t\t\t{\"@context\":\"https:\\\/\\\/schema.org\",\"@graph\":[{\"@type\":\"BreadcrumbList\",\"@id\":\"https:\\\/\\\/eldigitaldeasturias.com\\\/radio\\\/alemania-alerta-que-guerra-en-ucrania-amenaza-con-hambruna-en-africa\\\/#breadcrumblist\",\"itemListElement\":[{\"@type\":\"ListItem\",\"@id\":\"https:\\\/\\\/eldigitaldeasturias.com\\\/radio#listItem\",\"position\":1,\"name\":\"Inicio\",\"item\":\"https:\\\/\\\/eldigitaldeasturias.com\\\/radio\",\"nextItem\":{\"@type\":\"ListItem\",\"@id\":\"https:\\\/\\\/eldigitaldeasturias.com\\\/radio\\\/category\\\/noticias\\\/#listItem\",\"name\":\"Noticias\"}},{\"@type\":\"ListItem\",\"@id\":\"https:\\\/\\\/eldigitaldeasturias.com\\\/radio\\\/category\\\/noticias\\\/#listItem\",\"position\":2,\"name\":\"Noticias\",\"item\":\"https:\\\/\\\/eldigitaldeasturias.com\\\/radio\\\/category\\\/noticias\\\/\",\"nextItem\":{\"@type\":\"ListItem\",\"@id\":\"https:\\\/\\\/eldigitaldeasturias.com\\\/radio\\\/alemania-alerta-que-guerra-en-ucrania-amenaza-con-hambruna-en-africa\\\/#listItem\",\"name\":\"Alemania alerta que guerra en Ucrania amenaza con hambruna en \\u00c1frica\"},\"previousItem\":{\"@type\":\"ListItem\",\"@id\":\"https:\\\/\\\/eldigitaldeasturias.com\\\/radio#listItem\",\"name\":\"Inicio\"}},{\"@type\":\"ListItem\",\"@id\":\"https:\\\/\\\/eldigitaldeasturias.com\\\/radio\\\/alemania-alerta-que-guerra-en-ucrania-amenaza-con-hambruna-en-africa\\\/#listItem\",\"position\":3,\"name\":\"Alemania alerta que guerra en Ucrania amenaza con hambruna en \\u00c1frica\",\"previousItem\":{\"@type\":\"ListItem\",\"@id\":\"https:\\\/\\\/eldigitaldeasturias.com\\\/radio\\\/category\\\/noticias\\\/#listItem\",\"name\":\"Noticias\"}}]},{\"@type\":\"NewsArticle\",\"@id\":\"https:\\\/\\\/eldigitaldeasturias.com\\\/radio\\\/alemania-alerta-que-guerra-en-ucrania-amenaza-con-hambruna-en-africa\\\/#newsarticle\",\"name\":\"Alemania alerta que guerra en Ucrania amenaza con hambruna en \\u00c1frica | El Digital de Asturias\",\"headline\":\"Alemania alerta que guerra en Ucrania amenaza con hambruna en \\u00c1frica\",\"author\":{\"@id\":\"https:\\\/\\\/eldigitaldeasturias.com\\\/radio\\\/author\\\/nbasturias\\\/#author\"},\"publisher\":{\"@id\":\"https:\\\/\\\/eldigitaldeasturias.com\\\/radio\\\/#organization\"},\"image\":{\"@type\":\"ImageObject\",\"url\":\"https:\\\/\\\/eldigitaldeasturias.com\\\/radio\\\/wp-content\\\/uploads\\\/2022\\\/03\\\/Ucrania.jpg\",\"width\":640,\"height\":400,\"caption\":\"Ucrania\"},\"datePublished\":\"2022-03-09T19:11:45+01:00\",\"dateModified\":\"2022-03-09T19:11:45+01:00\",\"inLanguage\":\"es-ES\",\"mainEntityOfPage\":{\"@id\":\"https:\\\/\\\/eldigitaldeasturias.com\\\/radio\\\/alemania-alerta-que-guerra-en-ucrania-amenaza-con-hambruna-en-africa\\\/#webpage\"},\"isPartOf\":{\"@id\":\"https:\\\/\\\/eldigitaldeasturias.com\\\/radio\\\/alemania-alerta-que-guerra-en-ucrania-amenaza-con-hambruna-en-africa\\\/#webpage\"},\"articleSection\":\"Noticias\",\"dateline\":\"Publicado el marzo 9, 2022.\"},{\"@type\":\"Organization\",\"@id\":\"https:\\\/\\\/eldigitaldeasturias.com\\\/radio\\\/#organization\",\"name\":\"El digital de Asturias Radio\",\"description\":\"Diario de informaci\\u00f3n y noticias\",\"url\":\"https:\\\/\\\/eldigitaldeasturias.com\\\/radio\\\/\",\"telephone\":\"+34652131393\",\"logo\":{\"@type\":\"ImageObject\",\"url\":\"https:\\\/\\\/www.eldigitaldeasturias.com\\\/radio\\\/wp-content\\\/uploads\\\/2021\\\/03\\\/EDA.jpg\",\"@id\":\"https:\\\/\\\/eldigitaldeasturias.com\\\/radio\\\/alemania-alerta-que-guerra-en-ucrania-amenaza-con-hambruna-en-africa\\\/#organizationLogo\"},\"image\":{\"@id\":\"https:\\\/\\\/eldigitaldeasturias.com\\\/radio\\\/alemania-alerta-que-guerra-en-ucrania-amenaza-con-hambruna-en-africa\\\/#organizationLogo\"},\"sameAs\":[\"https:\\\/\\\/www.facebook.com\\\/\",\"https:\\\/\\\/x.com\\\/bercodi\",\"https:\\\/\\\/www.instagram.com\\\/\",\"https:\\\/\\\/www.youtube.com\\\/channel\\\/UCZP-2wLEB9Rv6erhFmqVnvg\"]},{\"@type\":\"Person\",\"@id\":\"https:\\\/\\\/eldigitaldeasturias.com\\\/radio\\\/author\\\/nbasturias\\\/#author\",\"url\":\"https:\\\/\\\/eldigitaldeasturias.com\\\/radio\\\/author\\\/nbasturias\\\/\",\"name\":\"NBAsturias\",\"image\":{\"@type\":\"ImageObject\",\"@id\":\"https:\\\/\\\/eldigitaldeasturias.com\\\/radio\\\/alemania-alerta-que-guerra-en-ucrania-amenaza-con-hambruna-en-africa\\\/#authorImage\",\"url\":\"https:\\\/\\\/secure.gravatar.com\\\/avatar\\\/df2aeffc32bcd13f8d26072ef8a91b623d677766deac7f97ca815868cd41bf5e?s=96&d=mm&r=g\",\"width\":96,\"height\":96,\"caption\":\"NBAsturias\"}},{\"@type\":\"WebPage\",\"@id\":\"https:\\\/\\\/eldigitaldeasturias.com\\\/radio\\\/alemania-alerta-que-guerra-en-ucrania-amenaza-con-hambruna-en-africa\\\/#webpage\",\"url\":\"https:\\\/\\\/eldigitaldeasturias.com\\\/radio\\\/alemania-alerta-que-guerra-en-ucrania-amenaza-con-hambruna-en-africa\\\/\",\"name\":\"Alemania alerta que guerra en Ucrania amenaza con hambruna en \\u00c1frica | El Digital de Asturias\",\"description\":\"El ataque ruso a Ucrania amenaza con dejar a millones de personas en \\u00c1frica inmersas en el hambre, seg\\u00fan advirti\\u00f3 hoy la ministra alemana de Desarrollo\",\"inLanguage\":\"es-ES\",\"isPartOf\":{\"@id\":\"https:\\\/\\\/eldigitaldeasturias.com\\\/radio\\\/#website\"},\"breadcrumb\":{\"@id\":\"https:\\\/\\\/eldigitaldeasturias.com\\\/radio\\\/alemania-alerta-que-guerra-en-ucrania-amenaza-con-hambruna-en-africa\\\/#breadcrumblist\"},\"author\":{\"@id\":\"https:\\\/\\\/eldigitaldeasturias.com\\\/radio\\\/author\\\/nbasturias\\\/#author\"},\"creator\":{\"@id\":\"https:\\\/\\\/eldigitaldeasturias.com\\\/radio\\\/author\\\/nbasturias\\\/#author\"},\"image\":{\"@type\":\"ImageObject\",\"url\":\"https:\\\/\\\/eldigitaldeasturias.com\\\/radio\\\/wp-content\\\/uploads\\\/2022\\\/03\\\/Ucrania.jpg\",\"@id\":\"https:\\\/\\\/eldigitaldeasturias.com\\\/radio\\\/alemania-alerta-que-guerra-en-ucrania-amenaza-con-hambruna-en-africa\\\/#mainImage\",\"width\":640,\"height\":400,\"caption\":\"Ucrania\"},\"primaryImageOfPage\":{\"@id\":\"https:\\\/\\\/eldigitaldeasturias.com\\\/radio\\\/alemania-alerta-que-guerra-en-ucrania-amenaza-con-hambruna-en-africa\\\/#mainImage\"},\"datePublished\":\"2022-03-09T19:11:45+01:00\",\"dateModified\":\"2022-03-09T19:11:45+01:00\"},{\"@type\":\"WebSite\",\"@id\":\"https:\\\/\\\/eldigitaldeasturias.com\\\/radio\\\/#website\",\"url\":\"https:\\\/\\\/eldigitaldeasturias.com\\\/radio\\\/\",\"name\":\"El Digital de Asturias\",\"description\":\"Diario de informaci\\u00f3n y noticias\",\"inLanguage\":\"es-ES\",\"publisher\":{\"@id\":\"https:\\\/\\\/eldigitaldeasturias.com\\\/radio\\\/#organization\"}}]}\n\t\t<\/script>\n\t\t<!-- All in One SEO Pro -->\r\n\t\t<title>Alemania alerta que guerra en Ucrania amenaza con hambruna en \u00c1frica | El Digital de Asturias<\/title>\n\n","aioseo_head_json":{"title":"Alemania alerta que guerra en Ucrania amenaza con hambruna en \u00c1frica | El Digital de Asturias","description":"El ataque ruso a Ucrania amenaza con dejar a millones de personas en \u00c1frica inmersas en el hambre, seg\u00fan advirti\u00f3 hoy la ministra alemana de Desarrollo","canonical_url":"https:\/\/eldigitaldeasturias.com\/radio\/alemania-alerta-que-guerra-en-ucrania-amenaza-con-hambruna-en-africa\/","robots":"max-image-preview:large","keywords":"noticias","webmasterTools":{"google-site-verification":"UA-38556648-1","miscellaneous":""},"schema":{"@context":"https:\/\/schema.org","@graph":[{"@type":"BreadcrumbList","@id":"https:\/\/eldigitaldeasturias.com\/radio\/alemania-alerta-que-guerra-en-ucrania-amenaza-con-hambruna-en-africa\/#breadcrumblist","itemListElement":[{"@type":"ListItem","@id":"https:\/\/eldigitaldeasturias.com\/radio#listItem","position":1,"name":"Inicio","item":"https:\/\/eldigitaldeasturias.com\/radio","nextItem":{"@type":"ListItem","@id":"https:\/\/eldigitaldeasturias.com\/radio\/category\/noticias\/#listItem","name":"Noticias"}},{"@type":"ListItem","@id":"https:\/\/eldigitaldeasturias.com\/radio\/category\/noticias\/#listItem","position":2,"name":"Noticias","item":"https:\/\/eldigitaldeasturias.com\/radio\/category\/noticias\/","nextItem":{"@type":"ListItem","@id":"https:\/\/eldigitaldeasturias.com\/radio\/alemania-alerta-que-guerra-en-ucrania-amenaza-con-hambruna-en-africa\/#listItem","name":"Alemania alerta que guerra en Ucrania amenaza con hambruna en \u00c1frica"},"previousItem":{"@type":"ListItem","@id":"https:\/\/eldigitaldeasturias.com\/radio#listItem","name":"Inicio"}},{"@type":"ListItem","@id":"https:\/\/eldigitaldeasturias.com\/radio\/alemania-alerta-que-guerra-en-ucrania-amenaza-con-hambruna-en-africa\/#listItem","position":3,"name":"Alemania alerta que guerra en Ucrania amenaza con hambruna en \u00c1frica","previousItem":{"@type":"ListItem","@id":"https:\/\/eldigitaldeasturias.com\/radio\/category\/noticias\/#listItem","name":"Noticias"}}]},{"@type":"NewsArticle","@id":"https:\/\/eldigitaldeasturias.com\/radio\/alemania-alerta-que-guerra-en-ucrania-amenaza-con-hambruna-en-africa\/#newsarticle","name":"Alemania alerta que guerra en Ucrania amenaza con hambruna en \u00c1frica | El Digital de Asturias","headline":"Alemania alerta que guerra en Ucrania amenaza con hambruna en \u00c1frica","author":{"@id":"https:\/\/eldigitaldeasturias.com\/radio\/author\/nbasturias\/#author"},"publisher":{"@id":"https:\/\/eldigitaldeasturias.com\/radio\/#organization"},"image":{"@type":"ImageObject","url":"https:\/\/eldigitaldeasturias.com\/radio\/wp-content\/uploads\/2022\/03\/Ucrania.jpg","width":640,"height":400,"caption":"Ucrania"},"datePublished":"2022-03-09T19:11:45+01:00","dateModified":"2022-03-09T19:11:45+01:00","inLanguage":"es-ES","mainEntityOfPage":{"@id":"https:\/\/eldigitaldeasturias.com\/radio\/alemania-alerta-que-guerra-en-ucrania-amenaza-con-hambruna-en-africa\/#webpage"},"isPartOf":{"@id":"https:\/\/eldigitaldeasturias.com\/radio\/alemania-alerta-que-guerra-en-ucrania-amenaza-con-hambruna-en-africa\/#webpage"},"articleSection":"Noticias","dateline":"Publicado el marzo 9, 2022."},{"@type":"Organization","@id":"https:\/\/eldigitaldeasturias.com\/radio\/#organization","name":"El digital de Asturias Radio","description":"Diario de informaci\u00f3n y noticias","url":"https:\/\/eldigitaldeasturias.com\/radio\/","telephone":"+34652131393","logo":{"@type":"ImageObject","url":"https:\/\/www.eldigitaldeasturias.com\/radio\/wp-content\/uploads\/2021\/03\/EDA.jpg","@id":"https:\/\/eldigitaldeasturias.com\/radio\/alemania-alerta-que-guerra-en-ucrania-amenaza-con-hambruna-en-africa\/#organizationLogo"},"image":{"@id":"https:\/\/eldigitaldeasturias.com\/radio\/alemania-alerta-que-guerra-en-ucrania-amenaza-con-hambruna-en-africa\/#organizationLogo"},"sameAs":["https:\/\/www.facebook.com\/","https:\/\/x.com\/bercodi","https:\/\/www.instagram.com\/","https:\/\/www.youtube.com\/channel\/UCZP-2wLEB9Rv6erhFmqVnvg"]},{"@type":"Person","@id":"https:\/\/eldigitaldeasturias.com\/radio\/author\/nbasturias\/#author","url":"https:\/\/eldigitaldeasturias.com\/radio\/author\/nbasturias\/","name":"NBAsturias","image":{"@type":"ImageObject","@id":"https:\/\/eldigitaldeasturias.com\/radio\/alemania-alerta-que-guerra-en-ucrania-amenaza-con-hambruna-en-africa\/#authorImage","url":"https:\/\/secure.gravatar.com\/avatar\/df2aeffc32bcd13f8d26072ef8a91b623d677766deac7f97ca815868cd41bf5e?s=96&d=mm&r=g","width":96,"height":96,"caption":"NBAsturias"}},{"@type":"WebPage","@id":"https:\/\/eldigitaldeasturias.com\/radio\/alemania-alerta-que-guerra-en-ucrania-amenaza-con-hambruna-en-africa\/#webpage","url":"https:\/\/eldigitaldeasturias.com\/radio\/alemania-alerta-que-guerra-en-ucrania-amenaza-con-hambruna-en-africa\/","name":"Alemania alerta que guerra en Ucrania amenaza con hambruna en \u00c1frica | El Digital de Asturias","description":"El ataque ruso a Ucrania amenaza con dejar a millones de personas en \u00c1frica inmersas en el hambre, seg\u00fan advirti\u00f3 hoy la ministra alemana de Desarrollo","inLanguage":"es-ES","isPartOf":{"@id":"https:\/\/eldigitaldeasturias.com\/radio\/#website"},"breadcrumb":{"@id":"https:\/\/eldigitaldeasturias.com\/radio\/alemania-alerta-que-guerra-en-ucrania-amenaza-con-hambruna-en-africa\/#breadcrumblist"},"author":{"@id":"https:\/\/eldigitaldeasturias.com\/radio\/author\/nbasturias\/#author"},"creator":{"@id":"https:\/\/eldigitaldeasturias.com\/radio\/author\/nbasturias\/#author"},"image":{"@type":"ImageObject","url":"https:\/\/eldigitaldeasturias.com\/radio\/wp-content\/uploads\/2022\/03\/Ucrania.jpg","@id":"https:\/\/eldigitaldeasturias.com\/radio\/alemania-alerta-que-guerra-en-ucrania-amenaza-con-hambruna-en-africa\/#mainImage","width":640,"height":400,"caption":"Ucrania"},"primaryImageOfPage":{"@id":"https:\/\/eldigitaldeasturias.com\/radio\/alemania-alerta-que-guerra-en-ucrania-amenaza-con-hambruna-en-africa\/#mainImage"},"datePublished":"2022-03-09T19:11:45+01:00","dateModified":"2022-03-09T19:11:45+01:00"},{"@type":"WebSite","@id":"https:\/\/eldigitaldeasturias.com\/radio\/#website","url":"https:\/\/eldigitaldeasturias.com\/radio\/","name":"El Digital de Asturias","description":"Diario de informaci\u00f3n y noticias","inLanguage":"es-ES","publisher":{"@id":"https:\/\/eldigitaldeasturias.com\/radio\/#organization"}}]},"og:locale":"es_ES","og:site_name":"El Digital de Asturias | Diario de informaci\u00f3n y noticias","og:type":"article","og:title":"Alemania alerta que guerra en Ucrania amenaza con hambruna en \u00c1frica | El Digital de Asturias","og:description":"El ataque ruso a Ucrania amenaza con dejar a millones de personas en \u00c1frica inmersas en el hambre, seg\u00fan advirti\u00f3 hoy la ministra alemana de Desarrollo","og:url":"https:\/\/eldigitaldeasturias.com\/radio\/alemania-alerta-que-guerra-en-ucrania-amenaza-con-hambruna-en-africa\/","og:image":"https:\/\/eldigitaldeasturias.com\/radio\/wp-content\/uploads\/2022\/03\/Ucrania.jpg","og:image:secure_url":"https:\/\/eldigitaldeasturias.com\/radio\/wp-content\/uploads\/2022\/03\/Ucrania.jpg","og:image:width":640,"og:image:height":400,"article:published_time":"2022-03-09T19:11:45+00:00","article:modified_time":"2022-03-09T19:11:45+00:00","twitter:card":"summary_large_image","twitter:site":"@bercodi","twitter:title":"Alemania alerta que guerra en Ucrania amenaza con hambruna en \u00c1frica | El Digital de Asturias","twitter:description":"El ataque ruso a Ucrania amenaza con dejar a millones de personas en \u00c1frica inmersas en el hambre, seg\u00fan advirti\u00f3 hoy la ministra alemana de Desarrollo","twitter:creator":"@bercodi","twitter:image":"https:\/\/eldigitaldeasturias.com\/radio\/wp-content\/uploads\/2022\/03\/Ucrania.jpg"},"aioseo_meta_data":{"post_id":"6724","title":null,"description":"El ataque ruso a Ucrania amenaza con dejar a millones de personas en \u00c1frica inmersas en el hambre, seg\u00fan advirti\u00f3 hoy la ministra alemana de Desarrollo","keywords":[],"keyphrases":{"focus":{"keyphrase":"Ucrania","score":100,"analysis":{"keyphraseInTitle":{"title":"Focus keyphrase in SEO title","description":"Focus keyphrase found in SEO title.","score":9,"maxScore":9,"error":0},"keyphraseInDescription":{"title":"Focus keyphrase in meta description","description":"Focus keyphrase found in meta description.","score":9,"maxScore":9,"error":0},"keyphraseLength":{"title":"Focus keyphrase length","description":"Good job!","score":9,"maxScore":9,"error":0,"length":1},"keyphraseInURL":[],"keyphraseInIntroduction":{"title":"Focus keyphrase in introduction","description":"Your Focus keyphrase appears in the first paragraph. Well done!","score":9,"maxScore":9,"error":0},"keyphraseInSubHeadings":[],"keyphraseInImageAlt":[]}},"additional":[]},"primary_term":null,"canonical_url":null,"og_title":null,"og_description":null,"og_object_type":"default","og_image_type":"default","og_image_url":null,"og_image_width":null,"og_image_height":null,"og_image_custom_url":null,"og_image_custom_fields":null,"og_video":"","og_custom_url":null,"og_article_section":null,"og_article_tags":[],"twitter_use_og":false,"twitter_card":"default","twitter_image_type":"default","twitter_image_url":null,"twitter_image_custom_url":null,"twitter_image_custom_fields":null,"twitter_title":null,"twitter_description":null,"schema":{"blockGraphs":[],"customGraphs":[],"default":{"data":{"Article":[],"Course":[],"Dataset":[],"FAQPage":[],"Movie":[],"Person":[],"Product":[],"ProductReview":[],"Car":[],"Recipe":[],"Service":[],"SoftwareApplication":[],"WebPage":[]},"graphName":"","isEnabled":true},"graphs":[],"defaultGraph":"Article","defaultPostTypeGraph":""},"schema_type":"default","schema_type_options":"{\"article\":{\"articleType\":\"BlogPosting\"},\"course\":{\"name\":\"\",\"description\":\"\",\"provider\":\"\"},\"faq\":{\"pages\":[]},\"product\":{\"reviews\":[]},\"recipe\":{\"ingredients\":[],\"instructions\":[],\"keywords\":[]},\"software\":{\"reviews\":[],\"operatingSystems\":[]},\"webPage\":{\"webPageType\":\"WebPage\"}}","pillar_content":false,"robots_default":true,"robots_noindex":false,"robots_noarchive":false,"robots_nosnippet":false,"robots_nofollow":false,"robots_noimageindex":false,"robots_noodp":false,"robots_notranslate":false,"robots_max_snippet":"-1","robots_max_videopreview":"-1","robots_max_imagepreview":"large","priority":null,"frequency":"default","location":null,"local_seo":null,"seo_analyzer_scan_date":"2025-08-28 19:38:28","breadcrumb_settings":null,"limit_modified_date":false,"open_ai":null,"ai":null,"created":"2022-03-09 19:10:25","updated":"2025-08-28 19:38:28"},"aioseo_breadcrumb":"<div class=\"aioseo-breadcrumbs\"><span class=\"aioseo-breadcrumb\">\n\t<a href=\"https:\/\/eldigitaldeasturias.com\/radio\" title=\"Inicio\">Inicio<\/a>\n<\/span><span class=\"aioseo-breadcrumb-separator\">&ndash;<\/span><span class=\"aioseo-breadcrumb\">\n\t<a href=\"https:\/\/eldigitaldeasturias.com\/radio\/category\/noticias\/\" title=\"Noticias\">Noticias<\/a>\n<\/span><span class=\"aioseo-breadcrumb-separator\">&ndash;<\/span><span class=\"aioseo-breadcrumb\">\n\tAlemania alerta que guerra en Ucrania amenaza con hambruna en \u00c1frica\n<\/span><\/div>","aioseo_breadcrumb_json":[{"label":"Inicio","link":"https:\/\/eldigitaldeasturias.com\/radio"},{"label":"Noticias","link":"https:\/\/eldigitaldeasturias.com\/radio\/category\/noticias\/"},{"label":"Alemania alerta que guerra en Ucrania amenaza con hambruna en \u00c1frica","link":"https:\/\/eldigitaldeasturias.com\/radio\/alemania-alerta-que-guerra-en-ucrania-amenaza-con-hambruna-en-africa\/"}],"_links":{"self":[{"href":"https:\/\/eldigitaldeasturias.com\/radio\/wp-json\/wp\/v2\/posts\/6724","targetHints":{"allow":["GET"]}}],"collection":[{"href":"https:\/\/eldigitaldeasturias.com\/radio\/wp-json\/wp\/v2\/posts"}],"about":[{"href":"https:\/\/eldigitaldeasturias.com\/radio\/wp-json\/wp\/v2\/types\/post"}],"author":[{"embeddable":true,"href":"https:\/\/eldigitaldeasturias.com\/radio\/wp-json\/wp\/v2\/users\/1"}],"replies":[{"embeddable":true,"href":"https:\/\/eldigitaldeasturias.com\/radio\/wp-json\/wp\/v2\/comments?post=6724"}],"version-history":[{"count":0,"href":"https:\/\/eldigitaldeasturias.com\/radio\/wp-json\/wp\/v2\/posts\/6724\/revisions"}],"wp:featuredmedia":[{"embeddable":true,"href":"https:\/\/eldigitaldeasturias.com\/radio\/wp-json\/wp\/v2\/media\/6696"}],"wp:attachment":[{"href":"https:\/\/eldigitaldeasturias.com\/radio\/wp-json\/wp\/v2\/media?parent=6724"}],"wp:term":[{"taxonomy":"category","embeddable":true,"href":"https:\/\/eldigitaldeasturias.com\/radio\/wp-json\/wp\/v2\/categories?post=6724"},{"taxonomy":"post_tag","embeddable":true,"href":"https:\/\/eldigitaldeasturias.com\/radio\/wp-json\/wp\/v2\/tags?post=6724"}],"curies":[{"name":"wp","href":"https:\/\/api.w.org\/{rel}","templated":true}]}}