{"id":6717,"date":"2022-03-09T19:01:11","date_gmt":"2022-03-09T19:01:11","guid":{"rendered":"http:\/\/eldigitaldeasturias.com\/radio\/?p=6717"},"modified":"2022-03-09T19:01:11","modified_gmt":"2022-03-09T19:01:11","slug":"ministro-aboga-por-integrar-a-refugiados-ucranianos-en-alemania","status":"publish","type":"post","link":"https:\/\/eldigitaldeasturias.com\/radio\/ministro-aboga-por-integrar-a-refugiados-ucranianos-en-alemania\/","title":{"rendered":"Ministro aboga por integrar a refugiados ucranianos en Alemania"},"content":{"rendered":"<p>Berl\u00edn, 7 mar (dpa) &#8211; El ministro alem\u00e1n de Trabajo, Hubertus Heil, espera que muchos refugiados ucranianos se queden a largo plazo en Alemania y se integren en el pa\u00eds, seg\u00fan declar\u00f3 hoy en Berl\u00edn.<\/p>\n<p>\u00abNuestra sociedad, nuestro pa\u00eds, debe seguir siendo generoso en estos tiempos\u00bb, dijo. Agreg\u00f3 que hay que ocuparse inmediatamente de las personas que llegan.<\/p>\n<p>\u00abPero llevar\u00e1 m\u00e1s tiempo y, por tanto, tambi\u00e9n se tratar\u00e1 de la integraci\u00f3n en este pa\u00eds\u00bb, indic\u00f3 Heil, y precis\u00f3 que \u00abse tiene que canalizar un buen acceso al mercado laboral\u00bb.<\/p>\n<p>Heil dijo que se compromet\u00eda a garantizar \u00abque las personas que llegan (a Alemania) tengan tambi\u00e9n la posibilidad de trabajar siempre que sea posible y de recibir una atenci\u00f3n sanitaria adecuada\u00bb.<\/p>\n<p>Seg\u00fan el ministro, Alemania puede extraer de la experiencia de la guerra de los Balcanes y del flujo de refugiados a partir de 2015 que se trata de una labor a largo plazo.<\/p>\n<p>Heil explic\u00f3 que la labor ocupar\u00e1 a Alemania mucho tiempo y, por tanto, deber\u00e1 centrarse en la integraci\u00f3n para que los ucranianos puedan participar en la sociedad alemana de manera igualitaria.<\/p>\n<p>Precis\u00f3 que los buenos servicios sociales, como la atenci\u00f3n a los ni\u00f1os y el aprendizaje de idiomas, son fundamentales para ello.<\/p>\n<p>La alcaldesa de Berl\u00edn, Franziska Giffey, dijo por su parte: \u00abMis sue\u00f1os est\u00e1n muy marcados por esto, por las terribles im\u00e1genes que se ven cada d\u00eda, por las impresiones, por las conversaciones con la gente. Y, muy concretamente, en Berl\u00edn estamos intentando atender bien a los miles (de refugiados) que est\u00e1n llegando\u00bb.<\/p>\n<p>Seg\u00fan su propia informaci\u00f3n, el Ministerio del Interior tiene constancia -hasta el lunes por la ma\u00f1ana- de la llegada de 50.294 refugiados de guerra desde Ucrania. El gobierno regional de Berl\u00edn espera que miles de personas m\u00e1s lleguen a la capital alemana a lo largo de la semana.<\/p>\n","protected":false},"excerpt":{"rendered":"<p>Berl\u00edn, 7 mar (dpa) &#8211; El ministro alem\u00e1n de Trabajo, Hubertus Heil, espera que muchos refugiados ucranianos se queden a largo plazo en Alemania y se integren en el pa\u00eds, seg\u00fan declar\u00f3 hoy en Berl\u00edn. \u00abNuestra sociedad, nuestro pa\u00eds, debe seguir siendo generoso en estos tiempos\u00bb, dijo. Agreg\u00f3 que hay que ocuparse inmediatamente de las<\/p>\n","protected":false},"author":1,"featured_media":6696,"comment_status":"closed","ping_status":"closed","sticky":false,"template":"","format":"standard","meta":{"footnotes":""},"categories":[1],"tags":[],"class_list":{"0":"post-6717","1":"post","2":"type-post","3":"status-publish","4":"format-standard","5":"has-post-thumbnail","7":"category-noticias"},"aioseo_notices":[],"aioseo_head":"\n\t\t<!-- All in One SEO Pro 4.9.6.2 - aioseo.com -->\n\t<meta name=\"description\" content=\"El ministro alem\u00e1n de Trabajo, Hubertus Heil, espera que muchos refugiados ucranianos se queden a largo plazo en Alemania y se integren en el pa\u00eds\" \/>\n\t<meta name=\"robots\" content=\"max-image-preview:large\" \/>\n\t<meta name=\"author\" content=\"NBAsturias\"\/>\n\t<meta name=\"google-site-verification\" content=\"UA-38556648-1\" \/>\n\t<meta name=\"keywords\" content=\"noticias\" \/>\n\t<link rel=\"canonical\" href=\"https:\/\/eldigitaldeasturias.com\/radio\/ministro-aboga-por-integrar-a-refugiados-ucranianos-en-alemania\/\" \/>\n\t<meta name=\"generator\" content=\"All in One SEO Pro (AIOSEO) 4.9.6.2\" \/>\n\t\t<meta property=\"og:locale\" content=\"es_ES\" \/>\n\t\t<meta property=\"og:site_name\" content=\"El Digital de Asturias | Diario de informaci\u00f3n y noticias\" \/>\n\t\t<meta property=\"og:type\" content=\"article\" \/>\n\t\t<meta property=\"og:title\" content=\"Ministro aboga por integrar a refugiados ucranianos en Alemania | El Digital de Asturias\" \/>\n\t\t<meta property=\"og:description\" content=\"El ministro alem\u00e1n de Trabajo, Hubertus Heil, espera que muchos refugiados ucranianos se queden a largo plazo en Alemania y se integren en el pa\u00eds\" \/>\n\t\t<meta property=\"og:url\" content=\"https:\/\/eldigitaldeasturias.com\/radio\/ministro-aboga-por-integrar-a-refugiados-ucranianos-en-alemania\/\" \/>\n\t\t<meta property=\"og:image\" content=\"https:\/\/eldigitaldeasturias.com\/radio\/wp-content\/uploads\/2022\/03\/Ucrania.jpg\" \/>\n\t\t<meta property=\"og:image:secure_url\" content=\"https:\/\/eldigitaldeasturias.com\/radio\/wp-content\/uploads\/2022\/03\/Ucrania.jpg\" \/>\n\t\t<meta property=\"og:image:width\" content=\"640\" \/>\n\t\t<meta property=\"og:image:height\" content=\"400\" \/>\n\t\t<meta property=\"article:published_time\" content=\"2022-03-09T19:01:11+00:00\" \/>\n\t\t<meta property=\"article:modified_time\" content=\"2022-03-09T19:01:11+00:00\" \/>\n\t\t<meta name=\"twitter:card\" content=\"summary_large_image\" \/>\n\t\t<meta name=\"twitter:site\" content=\"@bercodi\" \/>\n\t\t<meta name=\"twitter:title\" content=\"Ministro aboga por integrar a refugiados ucranianos en Alemania | El Digital de Asturias\" \/>\n\t\t<meta name=\"twitter:description\" content=\"El ministro alem\u00e1n de Trabajo, Hubertus Heil, espera que muchos refugiados ucranianos se queden a largo plazo en Alemania y se integren en el pa\u00eds\" \/>\n\t\t<meta name=\"twitter:creator\" content=\"@bercodi\" \/>\n\t\t<meta name=\"twitter:image\" content=\"https:\/\/eldigitaldeasturias.com\/radio\/wp-content\/uploads\/2022\/03\/Ucrania.jpg\" \/>\n\t\t<script type=\"application\/ld+json\" class=\"aioseo-schema\">\n\t\t\t{\"@context\":\"https:\\\/\\\/schema.org\",\"@graph\":[{\"@type\":\"BreadcrumbList\",\"@id\":\"https:\\\/\\\/eldigitaldeasturias.com\\\/radio\\\/ministro-aboga-por-integrar-a-refugiados-ucranianos-en-alemania\\\/#breadcrumblist\",\"itemListElement\":[{\"@type\":\"ListItem\",\"@id\":\"https:\\\/\\\/eldigitaldeasturias.com\\\/radio#listItem\",\"position\":1,\"name\":\"Inicio\",\"item\":\"https:\\\/\\\/eldigitaldeasturias.com\\\/radio\",\"nextItem\":{\"@type\":\"ListItem\",\"@id\":\"https:\\\/\\\/eldigitaldeasturias.com\\\/radio\\\/category\\\/noticias\\\/#listItem\",\"name\":\"Noticias\"}},{\"@type\":\"ListItem\",\"@id\":\"https:\\\/\\\/eldigitaldeasturias.com\\\/radio\\\/category\\\/noticias\\\/#listItem\",\"position\":2,\"name\":\"Noticias\",\"item\":\"https:\\\/\\\/eldigitaldeasturias.com\\\/radio\\\/category\\\/noticias\\\/\",\"nextItem\":{\"@type\":\"ListItem\",\"@id\":\"https:\\\/\\\/eldigitaldeasturias.com\\\/radio\\\/ministro-aboga-por-integrar-a-refugiados-ucranianos-en-alemania\\\/#listItem\",\"name\":\"Ministro aboga por integrar a refugiados ucranianos en Alemania\"},\"previousItem\":{\"@type\":\"ListItem\",\"@id\":\"https:\\\/\\\/eldigitaldeasturias.com\\\/radio#listItem\",\"name\":\"Inicio\"}},{\"@type\":\"ListItem\",\"@id\":\"https:\\\/\\\/eldigitaldeasturias.com\\\/radio\\\/ministro-aboga-por-integrar-a-refugiados-ucranianos-en-alemania\\\/#listItem\",\"position\":3,\"name\":\"Ministro aboga por integrar a refugiados ucranianos en Alemania\",\"previousItem\":{\"@type\":\"ListItem\",\"@id\":\"https:\\\/\\\/eldigitaldeasturias.com\\\/radio\\\/category\\\/noticias\\\/#listItem\",\"name\":\"Noticias\"}}]},{\"@type\":\"NewsArticle\",\"@id\":\"https:\\\/\\\/eldigitaldeasturias.com\\\/radio\\\/ministro-aboga-por-integrar-a-refugiados-ucranianos-en-alemania\\\/#newsarticle\",\"name\":\"Ministro aboga por integrar a refugiados ucranianos en Alemania | El Digital de Asturias\",\"headline\":\"Ministro aboga por integrar a refugiados ucranianos en Alemania\",\"author\":{\"@id\":\"https:\\\/\\\/eldigitaldeasturias.com\\\/radio\\\/author\\\/nbasturias\\\/#author\"},\"publisher\":{\"@id\":\"https:\\\/\\\/eldigitaldeasturias.com\\\/radio\\\/#organization\"},\"image\":{\"@type\":\"ImageObject\",\"url\":\"https:\\\/\\\/eldigitaldeasturias.com\\\/radio\\\/wp-content\\\/uploads\\\/2022\\\/03\\\/Ucrania.jpg\",\"width\":640,\"height\":400,\"caption\":\"Ucrania\"},\"datePublished\":\"2022-03-09T19:01:11+01:00\",\"dateModified\":\"2022-03-09T19:01:11+01:00\",\"inLanguage\":\"es-ES\",\"mainEntityOfPage\":{\"@id\":\"https:\\\/\\\/eldigitaldeasturias.com\\\/radio\\\/ministro-aboga-por-integrar-a-refugiados-ucranianos-en-alemania\\\/#webpage\"},\"isPartOf\":{\"@id\":\"https:\\\/\\\/eldigitaldeasturias.com\\\/radio\\\/ministro-aboga-por-integrar-a-refugiados-ucranianos-en-alemania\\\/#webpage\"},\"articleSection\":\"Noticias\",\"dateline\":\"Publicado el marzo 9, 2022.\"},{\"@type\":\"Organization\",\"@id\":\"https:\\\/\\\/eldigitaldeasturias.com\\\/radio\\\/#organization\",\"name\":\"El digital de Asturias Radio\",\"description\":\"Diario de informaci\\u00f3n y noticias\",\"url\":\"https:\\\/\\\/eldigitaldeasturias.com\\\/radio\\\/\",\"telephone\":\"+34652131393\",\"logo\":{\"@type\":\"ImageObject\",\"url\":\"https:\\\/\\\/www.eldigitaldeasturias.com\\\/radio\\\/wp-content\\\/uploads\\\/2021\\\/03\\\/EDA.jpg\",\"@id\":\"https:\\\/\\\/eldigitaldeasturias.com\\\/radio\\\/ministro-aboga-por-integrar-a-refugiados-ucranianos-en-alemania\\\/#organizationLogo\"},\"image\":{\"@id\":\"https:\\\/\\\/eldigitaldeasturias.com\\\/radio\\\/ministro-aboga-por-integrar-a-refugiados-ucranianos-en-alemania\\\/#organizationLogo\"},\"sameAs\":[\"https:\\\/\\\/www.facebook.com\\\/\",\"https:\\\/\\\/x.com\\\/bercodi\",\"https:\\\/\\\/www.instagram.com\\\/\",\"https:\\\/\\\/www.youtube.com\\\/channel\\\/UCZP-2wLEB9Rv6erhFmqVnvg\"]},{\"@type\":\"Person\",\"@id\":\"https:\\\/\\\/eldigitaldeasturias.com\\\/radio\\\/author\\\/nbasturias\\\/#author\",\"url\":\"https:\\\/\\\/eldigitaldeasturias.com\\\/radio\\\/author\\\/nbasturias\\\/\",\"name\":\"NBAsturias\",\"image\":{\"@type\":\"ImageObject\",\"@id\":\"https:\\\/\\\/eldigitaldeasturias.com\\\/radio\\\/ministro-aboga-por-integrar-a-refugiados-ucranianos-en-alemania\\\/#authorImage\",\"url\":\"https:\\\/\\\/secure.gravatar.com\\\/avatar\\\/df2aeffc32bcd13f8d26072ef8a91b623d677766deac7f97ca815868cd41bf5e?s=96&d=mm&r=g\",\"width\":96,\"height\":96,\"caption\":\"NBAsturias\"}},{\"@type\":\"WebPage\",\"@id\":\"https:\\\/\\\/eldigitaldeasturias.com\\\/radio\\\/ministro-aboga-por-integrar-a-refugiados-ucranianos-en-alemania\\\/#webpage\",\"url\":\"https:\\\/\\\/eldigitaldeasturias.com\\\/radio\\\/ministro-aboga-por-integrar-a-refugiados-ucranianos-en-alemania\\\/\",\"name\":\"Ministro aboga por integrar a refugiados ucranianos en Alemania | El Digital de Asturias\",\"description\":\"El ministro alem\\u00e1n de Trabajo, Hubertus Heil, espera que muchos refugiados ucranianos se queden a largo plazo en Alemania y se integren en el pa\\u00eds\",\"inLanguage\":\"es-ES\",\"isPartOf\":{\"@id\":\"https:\\\/\\\/eldigitaldeasturias.com\\\/radio\\\/#website\"},\"breadcrumb\":{\"@id\":\"https:\\\/\\\/eldigitaldeasturias.com\\\/radio\\\/ministro-aboga-por-integrar-a-refugiados-ucranianos-en-alemania\\\/#breadcrumblist\"},\"author\":{\"@id\":\"https:\\\/\\\/eldigitaldeasturias.com\\\/radio\\\/author\\\/nbasturias\\\/#author\"},\"creator\":{\"@id\":\"https:\\\/\\\/eldigitaldeasturias.com\\\/radio\\\/author\\\/nbasturias\\\/#author\"},\"image\":{\"@type\":\"ImageObject\",\"url\":\"https:\\\/\\\/eldigitaldeasturias.com\\\/radio\\\/wp-content\\\/uploads\\\/2022\\\/03\\\/Ucrania.jpg\",\"@id\":\"https:\\\/\\\/eldigitaldeasturias.com\\\/radio\\\/ministro-aboga-por-integrar-a-refugiados-ucranianos-en-alemania\\\/#mainImage\",\"width\":640,\"height\":400,\"caption\":\"Ucrania\"},\"primaryImageOfPage\":{\"@id\":\"https:\\\/\\\/eldigitaldeasturias.com\\\/radio\\\/ministro-aboga-por-integrar-a-refugiados-ucranianos-en-alemania\\\/#mainImage\"},\"datePublished\":\"2022-03-09T19:01:11+01:00\",\"dateModified\":\"2022-03-09T19:01:11+01:00\"},{\"@type\":\"WebSite\",\"@id\":\"https:\\\/\\\/eldigitaldeasturias.com\\\/radio\\\/#website\",\"url\":\"https:\\\/\\\/eldigitaldeasturias.com\\\/radio\\\/\",\"name\":\"El Digital de Asturias\",\"description\":\"Diario de informaci\\u00f3n y noticias\",\"inLanguage\":\"es-ES\",\"publisher\":{\"@id\":\"https:\\\/\\\/eldigitaldeasturias.com\\\/radio\\\/#organization\"}}]}\n\t\t<\/script>\n\t\t<!-- All in One SEO Pro -->\r\n\t\t<title>Ministro aboga por integrar a refugiados ucranianos en Alemania | El Digital de Asturias<\/title>\n\n","aioseo_head_json":{"title":"Ministro aboga por integrar a refugiados ucranianos en Alemania | El Digital de Asturias","description":"El ministro alem\u00e1n de Trabajo, Hubertus Heil, espera que muchos refugiados ucranianos se queden a largo plazo en Alemania y se integren en el pa\u00eds","canonical_url":"https:\/\/eldigitaldeasturias.com\/radio\/ministro-aboga-por-integrar-a-refugiados-ucranianos-en-alemania\/","robots":"max-image-preview:large","keywords":"noticias","webmasterTools":{"google-site-verification":"UA-38556648-1","miscellaneous":""},"schema":{"@context":"https:\/\/schema.org","@graph":[{"@type":"BreadcrumbList","@id":"https:\/\/eldigitaldeasturias.com\/radio\/ministro-aboga-por-integrar-a-refugiados-ucranianos-en-alemania\/#breadcrumblist","itemListElement":[{"@type":"ListItem","@id":"https:\/\/eldigitaldeasturias.com\/radio#listItem","position":1,"name":"Inicio","item":"https:\/\/eldigitaldeasturias.com\/radio","nextItem":{"@type":"ListItem","@id":"https:\/\/eldigitaldeasturias.com\/radio\/category\/noticias\/#listItem","name":"Noticias"}},{"@type":"ListItem","@id":"https:\/\/eldigitaldeasturias.com\/radio\/category\/noticias\/#listItem","position":2,"name":"Noticias","item":"https:\/\/eldigitaldeasturias.com\/radio\/category\/noticias\/","nextItem":{"@type":"ListItem","@id":"https:\/\/eldigitaldeasturias.com\/radio\/ministro-aboga-por-integrar-a-refugiados-ucranianos-en-alemania\/#listItem","name":"Ministro aboga por integrar a refugiados ucranianos en Alemania"},"previousItem":{"@type":"ListItem","@id":"https:\/\/eldigitaldeasturias.com\/radio#listItem","name":"Inicio"}},{"@type":"ListItem","@id":"https:\/\/eldigitaldeasturias.com\/radio\/ministro-aboga-por-integrar-a-refugiados-ucranianos-en-alemania\/#listItem","position":3,"name":"Ministro aboga por integrar a refugiados ucranianos en Alemania","previousItem":{"@type":"ListItem","@id":"https:\/\/eldigitaldeasturias.com\/radio\/category\/noticias\/#listItem","name":"Noticias"}}]},{"@type":"NewsArticle","@id":"https:\/\/eldigitaldeasturias.com\/radio\/ministro-aboga-por-integrar-a-refugiados-ucranianos-en-alemania\/#newsarticle","name":"Ministro aboga por integrar a refugiados ucranianos en Alemania | El Digital de Asturias","headline":"Ministro aboga por integrar a refugiados ucranianos en Alemania","author":{"@id":"https:\/\/eldigitaldeasturias.com\/radio\/author\/nbasturias\/#author"},"publisher":{"@id":"https:\/\/eldigitaldeasturias.com\/radio\/#organization"},"image":{"@type":"ImageObject","url":"https:\/\/eldigitaldeasturias.com\/radio\/wp-content\/uploads\/2022\/03\/Ucrania.jpg","width":640,"height":400,"caption":"Ucrania"},"datePublished":"2022-03-09T19:01:11+01:00","dateModified":"2022-03-09T19:01:11+01:00","inLanguage":"es-ES","mainEntityOfPage":{"@id":"https:\/\/eldigitaldeasturias.com\/radio\/ministro-aboga-por-integrar-a-refugiados-ucranianos-en-alemania\/#webpage"},"isPartOf":{"@id":"https:\/\/eldigitaldeasturias.com\/radio\/ministro-aboga-por-integrar-a-refugiados-ucranianos-en-alemania\/#webpage"},"articleSection":"Noticias","dateline":"Publicado el marzo 9, 2022."},{"@type":"Organization","@id":"https:\/\/eldigitaldeasturias.com\/radio\/#organization","name":"El digital de Asturias Radio","description":"Diario de informaci\u00f3n y noticias","url":"https:\/\/eldigitaldeasturias.com\/radio\/","telephone":"+34652131393","logo":{"@type":"ImageObject","url":"https:\/\/www.eldigitaldeasturias.com\/radio\/wp-content\/uploads\/2021\/03\/EDA.jpg","@id":"https:\/\/eldigitaldeasturias.com\/radio\/ministro-aboga-por-integrar-a-refugiados-ucranianos-en-alemania\/#organizationLogo"},"image":{"@id":"https:\/\/eldigitaldeasturias.com\/radio\/ministro-aboga-por-integrar-a-refugiados-ucranianos-en-alemania\/#organizationLogo"},"sameAs":["https:\/\/www.facebook.com\/","https:\/\/x.com\/bercodi","https:\/\/www.instagram.com\/","https:\/\/www.youtube.com\/channel\/UCZP-2wLEB9Rv6erhFmqVnvg"]},{"@type":"Person","@id":"https:\/\/eldigitaldeasturias.com\/radio\/author\/nbasturias\/#author","url":"https:\/\/eldigitaldeasturias.com\/radio\/author\/nbasturias\/","name":"NBAsturias","image":{"@type":"ImageObject","@id":"https:\/\/eldigitaldeasturias.com\/radio\/ministro-aboga-por-integrar-a-refugiados-ucranianos-en-alemania\/#authorImage","url":"https:\/\/secure.gravatar.com\/avatar\/df2aeffc32bcd13f8d26072ef8a91b623d677766deac7f97ca815868cd41bf5e?s=96&d=mm&r=g","width":96,"height":96,"caption":"NBAsturias"}},{"@type":"WebPage","@id":"https:\/\/eldigitaldeasturias.com\/radio\/ministro-aboga-por-integrar-a-refugiados-ucranianos-en-alemania\/#webpage","url":"https:\/\/eldigitaldeasturias.com\/radio\/ministro-aboga-por-integrar-a-refugiados-ucranianos-en-alemania\/","name":"Ministro aboga por integrar a refugiados ucranianos en Alemania | El Digital de Asturias","description":"El ministro alem\u00e1n de Trabajo, Hubertus Heil, espera que muchos refugiados ucranianos se queden a largo plazo en Alemania y se integren en el pa\u00eds","inLanguage":"es-ES","isPartOf":{"@id":"https:\/\/eldigitaldeasturias.com\/radio\/#website"},"breadcrumb":{"@id":"https:\/\/eldigitaldeasturias.com\/radio\/ministro-aboga-por-integrar-a-refugiados-ucranianos-en-alemania\/#breadcrumblist"},"author":{"@id":"https:\/\/eldigitaldeasturias.com\/radio\/author\/nbasturias\/#author"},"creator":{"@id":"https:\/\/eldigitaldeasturias.com\/radio\/author\/nbasturias\/#author"},"image":{"@type":"ImageObject","url":"https:\/\/eldigitaldeasturias.com\/radio\/wp-content\/uploads\/2022\/03\/Ucrania.jpg","@id":"https:\/\/eldigitaldeasturias.com\/radio\/ministro-aboga-por-integrar-a-refugiados-ucranianos-en-alemania\/#mainImage","width":640,"height":400,"caption":"Ucrania"},"primaryImageOfPage":{"@id":"https:\/\/eldigitaldeasturias.com\/radio\/ministro-aboga-por-integrar-a-refugiados-ucranianos-en-alemania\/#mainImage"},"datePublished":"2022-03-09T19:01:11+01:00","dateModified":"2022-03-09T19:01:11+01:00"},{"@type":"WebSite","@id":"https:\/\/eldigitaldeasturias.com\/radio\/#website","url":"https:\/\/eldigitaldeasturias.com\/radio\/","name":"El Digital de Asturias","description":"Diario de informaci\u00f3n y noticias","inLanguage":"es-ES","publisher":{"@id":"https:\/\/eldigitaldeasturias.com\/radio\/#organization"}}]},"og:locale":"es_ES","og:site_name":"El Digital de Asturias | Diario de informaci\u00f3n y noticias","og:type":"article","og:title":"Ministro aboga por integrar a refugiados ucranianos en Alemania | El Digital de Asturias","og:description":"El ministro alem\u00e1n de Trabajo, Hubertus Heil, espera que muchos refugiados ucranianos se queden a largo plazo en Alemania y se integren en el pa\u00eds","og:url":"https:\/\/eldigitaldeasturias.com\/radio\/ministro-aboga-por-integrar-a-refugiados-ucranianos-en-alemania\/","og:image":"https:\/\/eldigitaldeasturias.com\/radio\/wp-content\/uploads\/2022\/03\/Ucrania.jpg","og:image:secure_url":"https:\/\/eldigitaldeasturias.com\/radio\/wp-content\/uploads\/2022\/03\/Ucrania.jpg","og:image:width":640,"og:image:height":400,"article:published_time":"2022-03-09T19:01:11+00:00","article:modified_time":"2022-03-09T19:01:11+00:00","twitter:card":"summary_large_image","twitter:site":"@bercodi","twitter:title":"Ministro aboga por integrar a refugiados ucranianos en Alemania | El Digital de Asturias","twitter:description":"El ministro alem\u00e1n de Trabajo, Hubertus Heil, espera que muchos refugiados ucranianos se queden a largo plazo en Alemania y se integren en el pa\u00eds","twitter:creator":"@bercodi","twitter:image":"https:\/\/eldigitaldeasturias.com\/radio\/wp-content\/uploads\/2022\/03\/Ucrania.jpg"},"aioseo_meta_data":{"post_id":"6717","title":null,"description":"El ministro alem\u00e1n de Trabajo, Hubertus Heil, espera que muchos refugiados ucranianos se queden a largo plazo en Alemania y se integren en el pa\u00eds","keywords":[],"keyphrases":{"focus":{"keyphrase":"refugiados","score":100,"analysis":{"keyphraseInTitle":{"title":"Focus keyphrase in SEO title","description":"Focus keyphrase found in SEO title.","score":9,"maxScore":9,"error":0},"keyphraseInDescription":{"title":"Focus keyphrase in meta description","description":"Focus keyphrase found in meta description.","score":9,"maxScore":9,"error":0},"keyphraseLength":{"title":"Focus keyphrase length","description":"Good job!","score":9,"maxScore":9,"error":0,"length":1},"keyphraseInURL":[],"keyphraseInIntroduction":{"title":"Focus keyphrase in introduction","description":"Your Focus keyphrase appears in the first paragraph. Well done!","score":9,"maxScore":9,"error":0},"keyphraseInSubHeadings":[],"keyphraseInImageAlt":[]}},"additional":[]},"primary_term":null,"canonical_url":null,"og_title":null,"og_description":null,"og_object_type":"default","og_image_type":"default","og_image_url":null,"og_image_width":null,"og_image_height":null,"og_image_custom_url":null,"og_image_custom_fields":null,"og_video":"","og_custom_url":null,"og_article_section":null,"og_article_tags":[],"twitter_use_og":false,"twitter_card":"default","twitter_image_type":"default","twitter_image_url":null,"twitter_image_custom_url":null,"twitter_image_custom_fields":null,"twitter_title":null,"twitter_description":null,"schema":{"blockGraphs":[],"customGraphs":[],"default":{"data":{"Article":[],"Course":[],"Dataset":[],"FAQPage":[],"Movie":[],"Person":[],"Product":[],"ProductReview":[],"Car":[],"Recipe":[],"Service":[],"SoftwareApplication":[],"WebPage":[]},"graphName":"","isEnabled":true},"graphs":[],"defaultGraph":"Article","defaultPostTypeGraph":""},"schema_type":"default","schema_type_options":"{\"article\":{\"articleType\":\"BlogPosting\"},\"course\":{\"name\":\"\",\"description\":\"\",\"provider\":\"\"},\"faq\":{\"pages\":[]},\"product\":{\"reviews\":[]},\"recipe\":{\"ingredients\":[],\"instructions\":[],\"keywords\":[]},\"software\":{\"reviews\":[],\"operatingSystems\":[]},\"webPage\":{\"webPageType\":\"WebPage\"}}","pillar_content":false,"robots_default":true,"robots_noindex":false,"robots_noarchive":false,"robots_nosnippet":false,"robots_nofollow":false,"robots_noimageindex":false,"robots_noodp":false,"robots_notranslate":false,"robots_max_snippet":"-1","robots_max_videopreview":"-1","robots_max_imagepreview":"large","priority":null,"frequency":"default","location":null,"local_seo":null,"seo_analyzer_scan_date":"2025-08-28 19:38:25","breadcrumb_settings":null,"limit_modified_date":false,"open_ai":null,"ai":null,"created":"2022-03-09 19:00:04","updated":"2025-08-28 19:38:25"},"aioseo_breadcrumb":"<div class=\"aioseo-breadcrumbs\"><span class=\"aioseo-breadcrumb\">\n\t<a href=\"https:\/\/eldigitaldeasturias.com\/radio\" title=\"Inicio\">Inicio<\/a>\n<\/span><span class=\"aioseo-breadcrumb-separator\">&ndash;<\/span><span class=\"aioseo-breadcrumb\">\n\t<a href=\"https:\/\/eldigitaldeasturias.com\/radio\/category\/noticias\/\" title=\"Noticias\">Noticias<\/a>\n<\/span><span class=\"aioseo-breadcrumb-separator\">&ndash;<\/span><span class=\"aioseo-breadcrumb\">\n\tMinistro aboga por integrar a refugiados ucranianos en Alemania\n<\/span><\/div>","aioseo_breadcrumb_json":[{"label":"Inicio","link":"https:\/\/eldigitaldeasturias.com\/radio"},{"label":"Noticias","link":"https:\/\/eldigitaldeasturias.com\/radio\/category\/noticias\/"},{"label":"Ministro aboga por integrar a refugiados ucranianos en Alemania","link":"https:\/\/eldigitaldeasturias.com\/radio\/ministro-aboga-por-integrar-a-refugiados-ucranianos-en-alemania\/"}],"_links":{"self":[{"href":"https:\/\/eldigitaldeasturias.com\/radio\/wp-json\/wp\/v2\/posts\/6717","targetHints":{"allow":["GET"]}}],"collection":[{"href":"https:\/\/eldigitaldeasturias.com\/radio\/wp-json\/wp\/v2\/posts"}],"about":[{"href":"https:\/\/eldigitaldeasturias.com\/radio\/wp-json\/wp\/v2\/types\/post"}],"author":[{"embeddable":true,"href":"https:\/\/eldigitaldeasturias.com\/radio\/wp-json\/wp\/v2\/users\/1"}],"replies":[{"embeddable":true,"href":"https:\/\/eldigitaldeasturias.com\/radio\/wp-json\/wp\/v2\/comments?post=6717"}],"version-history":[{"count":0,"href":"https:\/\/eldigitaldeasturias.com\/radio\/wp-json\/wp\/v2\/posts\/6717\/revisions"}],"wp:featuredmedia":[{"embeddable":true,"href":"https:\/\/eldigitaldeasturias.com\/radio\/wp-json\/wp\/v2\/media\/6696"}],"wp:attachment":[{"href":"https:\/\/eldigitaldeasturias.com\/radio\/wp-json\/wp\/v2\/media?parent=6717"}],"wp:term":[{"taxonomy":"category","embeddable":true,"href":"https:\/\/eldigitaldeasturias.com\/radio\/wp-json\/wp\/v2\/categories?post=6717"},{"taxonomy":"post_tag","embeddable":true,"href":"https:\/\/eldigitaldeasturias.com\/radio\/wp-json\/wp\/v2\/tags?post=6717"}],"curies":[{"name":"wp","href":"https:\/\/api.w.org\/{rel}","templated":true}]}}