{"id":6659,"date":"2022-02-17T20:15:06","date_gmt":"2022-02-17T20:15:06","guid":{"rendered":"http:\/\/eldigitaldeasturias.com\/radio\/?p=6659"},"modified":"2022-02-17T20:15:06","modified_gmt":"2022-02-17T20:15:06","slug":"vuelve-el-festival-de-heavy-metal-wacken-open-air","status":"publish","type":"post","link":"https:\/\/eldigitaldeasturias.com\/radio\/vuelve-el-festival-de-heavy-metal-wacken-open-air\/","title":{"rendered":"Vuelve el festival de heavy metal Wacken Open Air"},"content":{"rendered":"<p>Wacken (Alemania), 17 feb (dpa) &#8211; La localidad de Wacken, en el norte de Alemania, prepara su tradicional <strong>festival de heavy metal a gran escala<\/strong>, que tendr\u00e1 lugar entre el 4 y el 6 de agosto, tras la pausa obligada de dos a\u00f1os por el coronavirus.<\/p>\n<figure id=\"attachment_6660\" aria-describedby=\"caption-attachment-6660\" style=\"width: 650px\" class=\"wp-caption aligncenter\"><img fetchpriority=\"high\" decoding=\"async\" class=\"wp-image-6660\" src=\"https:\/\/eldigitaldeasturias.com\/radio\/wp-content\/uploads\/2022\/02\/Wacken-360x199.jpg\" alt=\"Wacken\" width=\"650\" height=\"359\" srcset=\"https:\/\/eldigitaldeasturias.com\/radio\/wp-content\/uploads\/2022\/02\/Wacken-360x199.jpg 360w, https:\/\/eldigitaldeasturias.com\/radio\/wp-content\/uploads\/2022\/02\/Wacken-1024x565.jpg 1024w, https:\/\/eldigitaldeasturias.com\/radio\/wp-content\/uploads\/2022\/02\/Wacken-768x424.jpg 768w, https:\/\/eldigitaldeasturias.com\/radio\/wp-content\/uploads\/2022\/02\/Wacken-150x83.jpg 150w, https:\/\/eldigitaldeasturias.com\/radio\/wp-content\/uploads\/2022\/02\/Wacken-450x248.jpg 450w, https:\/\/eldigitaldeasturias.com\/radio\/wp-content\/uploads\/2022\/02\/Wacken.jpg 1127w\" sizes=\"(max-width: 650px) 100vw, 650px\" \/><figcaption id=\"caption-attachment-6660\" class=\"wp-caption-text\">El festival de Wacken atrae cada a\u00f1o a decenas de miles de amantes del heavy metal. Foto: Daniel Reinhardt\/dpa<\/figcaption><\/figure>\n<p>\u00abPlanificamos ya hace meses la <strong>pr\u00f3xima edici\u00f3n del Wacken Open Air<\/strong>, y lo hacemos bajo la premisa de que podremos realizar el festival tal como lo conocen y quieren los fans\u00bb, declar\u00f3 a <a href=\"https:\/\/www.dpa.com\/es\/\" target=\"_blank\" rel=\"noopener\"><span style=\"color: #ff6600;\"><strong>dpa<\/strong><\/span><\/a> el confundador del festival Thomas Jensen.<\/p>\n<p>Seg\u00fan explic\u00f3 Jensen, las m\u00e1s recientes declaraciones respecto del manejo de la pandemia de coronavirus de las autoridades del estado federado de Schleswig-Holstein, as\u00ed como a nivel nacional, no hacen m\u00e1s que confirmar su iniciativa.<\/p>\n<p>\u00abPor supuesto que trabajamos estrechamente con las autoridades reponsables de nuestra \u00e1rea, al igual que lo hicimos en los a\u00f1os previos a la pandemia, ya que consideramos como el bien m\u00e1s preciado la seguridad y la salud de todos los asistentes al festival\u00bb, dijo Jensen.<\/p>\n<p>El primer ministro de Schleswig-Holstein, Daniel G\u00fcnther, anunci\u00f3 el martes que se eliminar\u00e1n pr\u00e1cticamente todas las restricciones vinculadas con el coronavirus hasta el 20 de marzo.<\/p>\n<blockquote><p>G\u00fcnther se mostr\u00f3 convencido de que eventos a gran escala como la Semana de Vela de Kiel o el Festival de Heavy Metal en Wacken podr\u00e1n volver a celebrarse tal como se hac\u00eda antes de la pandemia.<\/p><\/blockquote>\n<p>El tradicional festival de heavy metal con alrededor de 75.000 espectadores fue cancelado en 2021 a causa de la pandemia, al igual que hab\u00eda sucedido en 2020. Tambi\u00e9n una edici\u00f3n m\u00e1s peque\u00f1a, planeada inicialmente con 20.000 espectadores, debi\u00f3 ser finalmente cancelada el a\u00f1o pasado.<\/p>\n<p>El pr\u00f3ximo gran evento del heavy metal tendr\u00e1 lugar en agosto, entre otros con la actuaci\u00f3n de Judas Priest, Slipknot y Limp Bizkit. Las entradas del Open Air ya se encuentran absolutamente agotadas, seg\u00fan indica la p\u00e1gina web.<\/p>\n","protected":false},"excerpt":{"rendered":"<p>Wacken (Alemania), 17 feb (dpa) &#8211; La localidad de Wacken, en el norte de Alemania, prepara su tradicional festival de heavy metal a gran escala, que tendr\u00e1 lugar entre el 4 y el 6 de agosto, tras la pausa obligada de dos a\u00f1os por el coronavirus. \u00abPlanificamos ya hace meses la pr\u00f3xima edici\u00f3n del Wacken<\/p>\n","protected":false},"author":1,"featured_media":6660,"comment_status":"closed","ping_status":"closed","sticky":false,"template":"","format":"standard","meta":{"footnotes":""},"categories":[1],"tags":[79,89],"class_list":{"0":"post-6659","1":"post","2":"type-post","3":"status-publish","4":"format-standard","5":"has-post-thumbnail","7":"category-noticias","8":"tag-cultura","9":"tag-musica"},"aioseo_notices":[],"aioseo_head":"\n\t\t<!-- All in One SEO Pro 4.9.6.2 - aioseo.com -->\n\t<meta name=\"description\" content=\"La localidad de Wacken, en el norte de Alemania, prepara su tradicional festival de heavy metal a gran escala, que tendr\u00e1 lugar entre el 4 y el 6 de agosto\" \/>\n\t<meta name=\"robots\" content=\"max-image-preview:large\" \/>\n\t<meta name=\"author\" content=\"NBAsturias\"\/>\n\t<meta name=\"google-site-verification\" content=\"UA-38556648-1\" \/>\n\t<meta name=\"keywords\" content=\"noticias\" \/>\n\t<link rel=\"canonical\" href=\"https:\/\/eldigitaldeasturias.com\/radio\/vuelve-el-festival-de-heavy-metal-wacken-open-air\/\" \/>\n\t<meta name=\"generator\" content=\"All in One SEO Pro (AIOSEO) 4.9.6.2\" \/>\n\t\t<meta property=\"og:locale\" content=\"es_ES\" \/>\n\t\t<meta property=\"og:site_name\" content=\"El Digital de Asturias | Diario de informaci\u00f3n y noticias\" \/>\n\t\t<meta property=\"og:type\" content=\"article\" \/>\n\t\t<meta property=\"og:title\" content=\"Vuelve el festival de heavy metal Wacken Open Air | El Digital de Asturias\" \/>\n\t\t<meta property=\"og:description\" content=\"La localidad de Wacken, en el norte de Alemania, prepara su tradicional festival de heavy metal a gran escala, que tendr\u00e1 lugar entre el 4 y el 6 de agosto\" \/>\n\t\t<meta property=\"og:url\" content=\"https:\/\/eldigitaldeasturias.com\/radio\/vuelve-el-festival-de-heavy-metal-wacken-open-air\/\" \/>\n\t\t<meta property=\"og:image\" content=\"https:\/\/eldigitaldeasturias.com\/radio\/wp-content\/uploads\/2022\/02\/Wacken.jpg\" \/>\n\t\t<meta property=\"og:image:secure_url\" content=\"https:\/\/eldigitaldeasturias.com\/radio\/wp-content\/uploads\/2022\/02\/Wacken.jpg\" \/>\n\t\t<meta property=\"og:image:width\" content=\"1127\" \/>\n\t\t<meta property=\"og:image:height\" content=\"622\" \/>\n\t\t<meta property=\"article:published_time\" content=\"2022-02-17T20:15:06+00:00\" \/>\n\t\t<meta property=\"article:modified_time\" content=\"2022-02-17T20:15:06+00:00\" \/>\n\t\t<meta name=\"twitter:card\" content=\"summary_large_image\" \/>\n\t\t<meta name=\"twitter:site\" content=\"@bercodi\" \/>\n\t\t<meta name=\"twitter:title\" content=\"Vuelve el festival de heavy metal Wacken Open Air | El Digital de Asturias\" \/>\n\t\t<meta name=\"twitter:description\" content=\"La localidad de Wacken, en el norte de Alemania, prepara su tradicional festival de heavy metal a gran escala, que tendr\u00e1 lugar entre el 4 y el 6 de agosto\" \/>\n\t\t<meta name=\"twitter:creator\" content=\"@bercodi\" \/>\n\t\t<meta name=\"twitter:image\" content=\"https:\/\/eldigitaldeasturias.com\/radio\/wp-content\/uploads\/2022\/02\/Wacken.jpg\" \/>\n\t\t<script type=\"application\/ld+json\" class=\"aioseo-schema\">\n\t\t\t{\"@context\":\"https:\\\/\\\/schema.org\",\"@graph\":[{\"@type\":\"BreadcrumbList\",\"@id\":\"https:\\\/\\\/eldigitaldeasturias.com\\\/radio\\\/vuelve-el-festival-de-heavy-metal-wacken-open-air\\\/#breadcrumblist\",\"itemListElement\":[{\"@type\":\"ListItem\",\"@id\":\"https:\\\/\\\/eldigitaldeasturias.com\\\/radio#listItem\",\"position\":1,\"name\":\"Inicio\",\"item\":\"https:\\\/\\\/eldigitaldeasturias.com\\\/radio\",\"nextItem\":{\"@type\":\"ListItem\",\"@id\":\"https:\\\/\\\/eldigitaldeasturias.com\\\/radio\\\/category\\\/noticias\\\/#listItem\",\"name\":\"Noticias\"}},{\"@type\":\"ListItem\",\"@id\":\"https:\\\/\\\/eldigitaldeasturias.com\\\/radio\\\/category\\\/noticias\\\/#listItem\",\"position\":2,\"name\":\"Noticias\",\"item\":\"https:\\\/\\\/eldigitaldeasturias.com\\\/radio\\\/category\\\/noticias\\\/\",\"nextItem\":{\"@type\":\"ListItem\",\"@id\":\"https:\\\/\\\/eldigitaldeasturias.com\\\/radio\\\/vuelve-el-festival-de-heavy-metal-wacken-open-air\\\/#listItem\",\"name\":\"Vuelve el festival de heavy metal Wacken Open Air\"},\"previousItem\":{\"@type\":\"ListItem\",\"@id\":\"https:\\\/\\\/eldigitaldeasturias.com\\\/radio#listItem\",\"name\":\"Inicio\"}},{\"@type\":\"ListItem\",\"@id\":\"https:\\\/\\\/eldigitaldeasturias.com\\\/radio\\\/vuelve-el-festival-de-heavy-metal-wacken-open-air\\\/#listItem\",\"position\":3,\"name\":\"Vuelve el festival de heavy metal Wacken Open Air\",\"previousItem\":{\"@type\":\"ListItem\",\"@id\":\"https:\\\/\\\/eldigitaldeasturias.com\\\/radio\\\/category\\\/noticias\\\/#listItem\",\"name\":\"Noticias\"}}]},{\"@type\":\"NewsArticle\",\"@id\":\"https:\\\/\\\/eldigitaldeasturias.com\\\/radio\\\/vuelve-el-festival-de-heavy-metal-wacken-open-air\\\/#newsarticle\",\"name\":\"Vuelve el festival de heavy metal Wacken Open Air | El Digital de Asturias\",\"headline\":\"Vuelve el festival de heavy metal Wacken Open Air\",\"author\":{\"@id\":\"https:\\\/\\\/eldigitaldeasturias.com\\\/radio\\\/author\\\/nbasturias\\\/#author\"},\"publisher\":{\"@id\":\"https:\\\/\\\/eldigitaldeasturias.com\\\/radio\\\/#organization\"},\"image\":{\"@type\":\"ImageObject\",\"url\":\"https:\\\/\\\/eldigitaldeasturias.com\\\/radio\\\/wp-content\\\/uploads\\\/2022\\\/02\\\/Wacken.jpg\",\"width\":1127,\"height\":622,\"caption\":\"El festival de Wacken atrae cada a\\u00f1o a decenas de miles de amantes del heavy metal. Foto: Daniel Reinhardt\\\/dpa\"},\"datePublished\":\"2022-02-17T20:15:06+01:00\",\"dateModified\":\"2022-02-17T20:15:06+01:00\",\"inLanguage\":\"es-ES\",\"mainEntityOfPage\":{\"@id\":\"https:\\\/\\\/eldigitaldeasturias.com\\\/radio\\\/vuelve-el-festival-de-heavy-metal-wacken-open-air\\\/#webpage\"},\"isPartOf\":{\"@id\":\"https:\\\/\\\/eldigitaldeasturias.com\\\/radio\\\/vuelve-el-festival-de-heavy-metal-wacken-open-air\\\/#webpage\"},\"articleSection\":\"Noticias, cultura, m\\u00fasica\",\"dateline\":\"Publicado el febrero 17, 2022.\"},{\"@type\":\"Organization\",\"@id\":\"https:\\\/\\\/eldigitaldeasturias.com\\\/radio\\\/#organization\",\"name\":\"El digital de Asturias Radio\",\"description\":\"Diario de informaci\\u00f3n y noticias\",\"url\":\"https:\\\/\\\/eldigitaldeasturias.com\\\/radio\\\/\",\"telephone\":\"+34652131393\",\"logo\":{\"@type\":\"ImageObject\",\"url\":\"https:\\\/\\\/www.eldigitaldeasturias.com\\\/radio\\\/wp-content\\\/uploads\\\/2021\\\/03\\\/EDA.jpg\",\"@id\":\"https:\\\/\\\/eldigitaldeasturias.com\\\/radio\\\/vuelve-el-festival-de-heavy-metal-wacken-open-air\\\/#organizationLogo\"},\"image\":{\"@id\":\"https:\\\/\\\/eldigitaldeasturias.com\\\/radio\\\/vuelve-el-festival-de-heavy-metal-wacken-open-air\\\/#organizationLogo\"},\"sameAs\":[\"https:\\\/\\\/www.facebook.com\\\/\",\"https:\\\/\\\/x.com\\\/bercodi\",\"https:\\\/\\\/www.instagram.com\\\/\",\"https:\\\/\\\/www.youtube.com\\\/channel\\\/UCZP-2wLEB9Rv6erhFmqVnvg\"]},{\"@type\":\"Person\",\"@id\":\"https:\\\/\\\/eldigitaldeasturias.com\\\/radio\\\/author\\\/nbasturias\\\/#author\",\"url\":\"https:\\\/\\\/eldigitaldeasturias.com\\\/radio\\\/author\\\/nbasturias\\\/\",\"name\":\"NBAsturias\",\"image\":{\"@type\":\"ImageObject\",\"@id\":\"https:\\\/\\\/eldigitaldeasturias.com\\\/radio\\\/vuelve-el-festival-de-heavy-metal-wacken-open-air\\\/#authorImage\",\"url\":\"https:\\\/\\\/secure.gravatar.com\\\/avatar\\\/df2aeffc32bcd13f8d26072ef8a91b623d677766deac7f97ca815868cd41bf5e?s=96&d=mm&r=g\",\"width\":96,\"height\":96,\"caption\":\"NBAsturias\"}},{\"@type\":\"WebPage\",\"@id\":\"https:\\\/\\\/eldigitaldeasturias.com\\\/radio\\\/vuelve-el-festival-de-heavy-metal-wacken-open-air\\\/#webpage\",\"url\":\"https:\\\/\\\/eldigitaldeasturias.com\\\/radio\\\/vuelve-el-festival-de-heavy-metal-wacken-open-air\\\/\",\"name\":\"Vuelve el festival de heavy metal Wacken Open Air | El Digital de Asturias\",\"description\":\"La localidad de Wacken, en el norte de Alemania, prepara su tradicional festival de heavy metal a gran escala, que tendr\\u00e1 lugar entre el 4 y el 6 de agosto\",\"inLanguage\":\"es-ES\",\"isPartOf\":{\"@id\":\"https:\\\/\\\/eldigitaldeasturias.com\\\/radio\\\/#website\"},\"breadcrumb\":{\"@id\":\"https:\\\/\\\/eldigitaldeasturias.com\\\/radio\\\/vuelve-el-festival-de-heavy-metal-wacken-open-air\\\/#breadcrumblist\"},\"author\":{\"@id\":\"https:\\\/\\\/eldigitaldeasturias.com\\\/radio\\\/author\\\/nbasturias\\\/#author\"},\"creator\":{\"@id\":\"https:\\\/\\\/eldigitaldeasturias.com\\\/radio\\\/author\\\/nbasturias\\\/#author\"},\"image\":{\"@type\":\"ImageObject\",\"url\":\"https:\\\/\\\/eldigitaldeasturias.com\\\/radio\\\/wp-content\\\/uploads\\\/2022\\\/02\\\/Wacken.jpg\",\"@id\":\"https:\\\/\\\/eldigitaldeasturias.com\\\/radio\\\/vuelve-el-festival-de-heavy-metal-wacken-open-air\\\/#mainImage\",\"width\":1127,\"height\":622,\"caption\":\"El festival de Wacken atrae cada a\\u00f1o a decenas de miles de amantes del heavy metal. Foto: Daniel Reinhardt\\\/dpa\"},\"primaryImageOfPage\":{\"@id\":\"https:\\\/\\\/eldigitaldeasturias.com\\\/radio\\\/vuelve-el-festival-de-heavy-metal-wacken-open-air\\\/#mainImage\"},\"datePublished\":\"2022-02-17T20:15:06+01:00\",\"dateModified\":\"2022-02-17T20:15:06+01:00\"},{\"@type\":\"WebSite\",\"@id\":\"https:\\\/\\\/eldigitaldeasturias.com\\\/radio\\\/#website\",\"url\":\"https:\\\/\\\/eldigitaldeasturias.com\\\/radio\\\/\",\"name\":\"El Digital de Asturias\",\"description\":\"Diario de informaci\\u00f3n y noticias\",\"inLanguage\":\"es-ES\",\"publisher\":{\"@id\":\"https:\\\/\\\/eldigitaldeasturias.com\\\/radio\\\/#organization\"}}]}\n\t\t<\/script>\n\t\t<!-- All in One SEO Pro -->\r\n\t\t<title>Vuelve el festival de heavy metal Wacken Open Air | El Digital de Asturias<\/title>\n\n","aioseo_head_json":{"title":"Vuelve el festival de heavy metal Wacken Open Air | El Digital de Asturias","description":"La localidad de Wacken, en el norte de Alemania, prepara su tradicional festival de heavy metal a gran escala, que tendr\u00e1 lugar entre el 4 y el 6 de agosto","canonical_url":"https:\/\/eldigitaldeasturias.com\/radio\/vuelve-el-festival-de-heavy-metal-wacken-open-air\/","robots":"max-image-preview:large","keywords":"noticias","webmasterTools":{"google-site-verification":"UA-38556648-1","miscellaneous":""},"schema":{"@context":"https:\/\/schema.org","@graph":[{"@type":"BreadcrumbList","@id":"https:\/\/eldigitaldeasturias.com\/radio\/vuelve-el-festival-de-heavy-metal-wacken-open-air\/#breadcrumblist","itemListElement":[{"@type":"ListItem","@id":"https:\/\/eldigitaldeasturias.com\/radio#listItem","position":1,"name":"Inicio","item":"https:\/\/eldigitaldeasturias.com\/radio","nextItem":{"@type":"ListItem","@id":"https:\/\/eldigitaldeasturias.com\/radio\/category\/noticias\/#listItem","name":"Noticias"}},{"@type":"ListItem","@id":"https:\/\/eldigitaldeasturias.com\/radio\/category\/noticias\/#listItem","position":2,"name":"Noticias","item":"https:\/\/eldigitaldeasturias.com\/radio\/category\/noticias\/","nextItem":{"@type":"ListItem","@id":"https:\/\/eldigitaldeasturias.com\/radio\/vuelve-el-festival-de-heavy-metal-wacken-open-air\/#listItem","name":"Vuelve el festival de heavy metal Wacken Open Air"},"previousItem":{"@type":"ListItem","@id":"https:\/\/eldigitaldeasturias.com\/radio#listItem","name":"Inicio"}},{"@type":"ListItem","@id":"https:\/\/eldigitaldeasturias.com\/radio\/vuelve-el-festival-de-heavy-metal-wacken-open-air\/#listItem","position":3,"name":"Vuelve el festival de heavy metal Wacken Open Air","previousItem":{"@type":"ListItem","@id":"https:\/\/eldigitaldeasturias.com\/radio\/category\/noticias\/#listItem","name":"Noticias"}}]},{"@type":"NewsArticle","@id":"https:\/\/eldigitaldeasturias.com\/radio\/vuelve-el-festival-de-heavy-metal-wacken-open-air\/#newsarticle","name":"Vuelve el festival de heavy metal Wacken Open Air | El Digital de Asturias","headline":"Vuelve el festival de heavy metal Wacken Open Air","author":{"@id":"https:\/\/eldigitaldeasturias.com\/radio\/author\/nbasturias\/#author"},"publisher":{"@id":"https:\/\/eldigitaldeasturias.com\/radio\/#organization"},"image":{"@type":"ImageObject","url":"https:\/\/eldigitaldeasturias.com\/radio\/wp-content\/uploads\/2022\/02\/Wacken.jpg","width":1127,"height":622,"caption":"El festival de Wacken atrae cada a\u00f1o a decenas de miles de amantes del heavy metal. Foto: Daniel Reinhardt\/dpa"},"datePublished":"2022-02-17T20:15:06+01:00","dateModified":"2022-02-17T20:15:06+01:00","inLanguage":"es-ES","mainEntityOfPage":{"@id":"https:\/\/eldigitaldeasturias.com\/radio\/vuelve-el-festival-de-heavy-metal-wacken-open-air\/#webpage"},"isPartOf":{"@id":"https:\/\/eldigitaldeasturias.com\/radio\/vuelve-el-festival-de-heavy-metal-wacken-open-air\/#webpage"},"articleSection":"Noticias, cultura, m\u00fasica","dateline":"Publicado el febrero 17, 2022."},{"@type":"Organization","@id":"https:\/\/eldigitaldeasturias.com\/radio\/#organization","name":"El digital de Asturias Radio","description":"Diario de informaci\u00f3n y noticias","url":"https:\/\/eldigitaldeasturias.com\/radio\/","telephone":"+34652131393","logo":{"@type":"ImageObject","url":"https:\/\/www.eldigitaldeasturias.com\/radio\/wp-content\/uploads\/2021\/03\/EDA.jpg","@id":"https:\/\/eldigitaldeasturias.com\/radio\/vuelve-el-festival-de-heavy-metal-wacken-open-air\/#organizationLogo"},"image":{"@id":"https:\/\/eldigitaldeasturias.com\/radio\/vuelve-el-festival-de-heavy-metal-wacken-open-air\/#organizationLogo"},"sameAs":["https:\/\/www.facebook.com\/","https:\/\/x.com\/bercodi","https:\/\/www.instagram.com\/","https:\/\/www.youtube.com\/channel\/UCZP-2wLEB9Rv6erhFmqVnvg"]},{"@type":"Person","@id":"https:\/\/eldigitaldeasturias.com\/radio\/author\/nbasturias\/#author","url":"https:\/\/eldigitaldeasturias.com\/radio\/author\/nbasturias\/","name":"NBAsturias","image":{"@type":"ImageObject","@id":"https:\/\/eldigitaldeasturias.com\/radio\/vuelve-el-festival-de-heavy-metal-wacken-open-air\/#authorImage","url":"https:\/\/secure.gravatar.com\/avatar\/df2aeffc32bcd13f8d26072ef8a91b623d677766deac7f97ca815868cd41bf5e?s=96&d=mm&r=g","width":96,"height":96,"caption":"NBAsturias"}},{"@type":"WebPage","@id":"https:\/\/eldigitaldeasturias.com\/radio\/vuelve-el-festival-de-heavy-metal-wacken-open-air\/#webpage","url":"https:\/\/eldigitaldeasturias.com\/radio\/vuelve-el-festival-de-heavy-metal-wacken-open-air\/","name":"Vuelve el festival de heavy metal Wacken Open Air | El Digital de Asturias","description":"La localidad de Wacken, en el norte de Alemania, prepara su tradicional festival de heavy metal a gran escala, que tendr\u00e1 lugar entre el 4 y el 6 de agosto","inLanguage":"es-ES","isPartOf":{"@id":"https:\/\/eldigitaldeasturias.com\/radio\/#website"},"breadcrumb":{"@id":"https:\/\/eldigitaldeasturias.com\/radio\/vuelve-el-festival-de-heavy-metal-wacken-open-air\/#breadcrumblist"},"author":{"@id":"https:\/\/eldigitaldeasturias.com\/radio\/author\/nbasturias\/#author"},"creator":{"@id":"https:\/\/eldigitaldeasturias.com\/radio\/author\/nbasturias\/#author"},"image":{"@type":"ImageObject","url":"https:\/\/eldigitaldeasturias.com\/radio\/wp-content\/uploads\/2022\/02\/Wacken.jpg","@id":"https:\/\/eldigitaldeasturias.com\/radio\/vuelve-el-festival-de-heavy-metal-wacken-open-air\/#mainImage","width":1127,"height":622,"caption":"El festival de Wacken atrae cada a\u00f1o a decenas de miles de amantes del heavy metal. Foto: Daniel Reinhardt\/dpa"},"primaryImageOfPage":{"@id":"https:\/\/eldigitaldeasturias.com\/radio\/vuelve-el-festival-de-heavy-metal-wacken-open-air\/#mainImage"},"datePublished":"2022-02-17T20:15:06+01:00","dateModified":"2022-02-17T20:15:06+01:00"},{"@type":"WebSite","@id":"https:\/\/eldigitaldeasturias.com\/radio\/#website","url":"https:\/\/eldigitaldeasturias.com\/radio\/","name":"El Digital de Asturias","description":"Diario de informaci\u00f3n y noticias","inLanguage":"es-ES","publisher":{"@id":"https:\/\/eldigitaldeasturias.com\/radio\/#organization"}}]},"og:locale":"es_ES","og:site_name":"El Digital de Asturias | Diario de informaci\u00f3n y noticias","og:type":"article","og:title":"Vuelve el festival de heavy metal Wacken Open Air | El Digital de Asturias","og:description":"La localidad de Wacken, en el norte de Alemania, prepara su tradicional festival de heavy metal a gran escala, que tendr\u00e1 lugar entre el 4 y el 6 de agosto","og:url":"https:\/\/eldigitaldeasturias.com\/radio\/vuelve-el-festival-de-heavy-metal-wacken-open-air\/","og:image":"https:\/\/eldigitaldeasturias.com\/radio\/wp-content\/uploads\/2022\/02\/Wacken.jpg","og:image:secure_url":"https:\/\/eldigitaldeasturias.com\/radio\/wp-content\/uploads\/2022\/02\/Wacken.jpg","og:image:width":1127,"og:image:height":622,"article:published_time":"2022-02-17T20:15:06+00:00","article:modified_time":"2022-02-17T20:15:06+00:00","twitter:card":"summary_large_image","twitter:site":"@bercodi","twitter:title":"Vuelve el festival de heavy metal Wacken Open Air | El Digital de Asturias","twitter:description":"La localidad de Wacken, en el norte de Alemania, prepara su tradicional festival de heavy metal a gran escala, que tendr\u00e1 lugar entre el 4 y el 6 de agosto","twitter:creator":"@bercodi","twitter:image":"https:\/\/eldigitaldeasturias.com\/radio\/wp-content\/uploads\/2022\/02\/Wacken.jpg"},"aioseo_meta_data":{"post_id":"6659","title":null,"description":"La localidad de Wacken, en el norte de Alemania, prepara su tradicional festival de heavy metal a gran escala, que tendr\u00e1 lugar entre el 4 y el 6 de agosto &nbsp;","keywords":[],"keyphrases":{"focus":{"keyphrase":"Wacken","score":92,"analysis":{"keyphraseInTitle":{"title":"Focus keyphrase in SEO title","description":"Focus keyphrase found in SEO title.","score":9,"maxScore":9,"error":0},"keyphraseInDescription":{"title":"Focus keyphrase in meta description","description":"Focus keyphrase found in meta description.","score":9,"maxScore":9,"error":0},"keyphraseLength":{"title":"Focus keyphrase length","description":"Good job!","score":9,"maxScore":9,"error":0,"length":1},"keyphraseInURL":{"title":"Focus keyphrase in URL","description":"Focus keyphrase not found in the URL.","score":1,"maxScore":5,"error":1},"keyphraseInIntroduction":{"title":"Focus keyphrase in introduction","description":"Your Focus keyphrase appears in the first paragraph. Well done!","score":9,"maxScore":9,"error":0},"keyphraseInSubHeadings":[],"keyphraseInImageAlt":{"title":"Focus keyphrase in image alt attributes","description":"Focus keyphrase found in image alt attribute(s).","score":9,"maxScore":9,"error":0}}},"additional":[{"keyphrase":"festival de heavy metal ","score":83,"analysis":{"keyphraseInDescription":{"title":"Keyphrase in meta description","description":"Keyphrase found in meta description.","score":9,"maxScore":9,"error":0},"keyphraseLength":{"title":"Keyphrase length","description":"Good job!","score":9,"maxScore":9,"error":0,"length":4},"keyphraseInIntroduction":{"title":"Keyphrase in introduction","description":"Your Keyphrase appears in the first paragraph. Well done!","score":9,"maxScore":9,"error":0},"keyphraseInImageAlt":{"title":"Keyphrase in image alt attributes","description":"Keyphrase not found in image alt attribute(s). Add an image with your Keyphrase as alt text.","score":3,"maxScore":9,"error":1}}}]},"primary_term":null,"canonical_url":null,"og_title":null,"og_description":null,"og_object_type":"default","og_image_type":"default","og_image_url":null,"og_image_width":null,"og_image_height":null,"og_image_custom_url":null,"og_image_custom_fields":null,"og_video":"","og_custom_url":null,"og_article_section":null,"og_article_tags":[],"twitter_use_og":false,"twitter_card":"default","twitter_image_type":"default","twitter_image_url":null,"twitter_image_custom_url":null,"twitter_image_custom_fields":null,"twitter_title":null,"twitter_description":null,"schema":{"blockGraphs":[],"customGraphs":[],"default":{"data":{"Article":[],"Course":[],"Dataset":[],"FAQPage":[],"Movie":[],"Person":[],"Product":[],"ProductReview":[],"Car":[],"Recipe":[],"Service":[],"SoftwareApplication":[],"WebPage":[]},"graphName":"","isEnabled":true},"graphs":[],"defaultGraph":"Article","defaultPostTypeGraph":""},"schema_type":"default","schema_type_options":"{\"article\":{\"articleType\":\"BlogPosting\"},\"course\":{\"name\":\"\",\"description\":\"\",\"provider\":\"\"},\"faq\":{\"pages\":[]},\"product\":{\"reviews\":[]},\"recipe\":{\"ingredients\":[],\"instructions\":[],\"keywords\":[]},\"software\":{\"reviews\":[],\"operatingSystems\":[]},\"webPage\":{\"webPageType\":\"WebPage\"}}","pillar_content":false,"robots_default":true,"robots_noindex":false,"robots_noarchive":false,"robots_nosnippet":false,"robots_nofollow":false,"robots_noimageindex":false,"robots_noodp":false,"robots_notranslate":false,"robots_max_snippet":"-1","robots_max_videopreview":"-1","robots_max_imagepreview":"large","priority":null,"frequency":"default","location":null,"local_seo":null,"seo_analyzer_scan_date":"2025-08-28 19:31:32","breadcrumb_settings":null,"limit_modified_date":false,"open_ai":null,"ai":null,"created":"2022-02-17 20:10:01","updated":"2025-08-28 19:31:32"},"aioseo_breadcrumb":"<div class=\"aioseo-breadcrumbs\"><span class=\"aioseo-breadcrumb\">\n\t<a href=\"https:\/\/eldigitaldeasturias.com\/radio\" title=\"Inicio\">Inicio<\/a>\n<\/span><span class=\"aioseo-breadcrumb-separator\">&ndash;<\/span><span class=\"aioseo-breadcrumb\">\n\t<a href=\"https:\/\/eldigitaldeasturias.com\/radio\/category\/noticias\/\" title=\"Noticias\">Noticias<\/a>\n<\/span><span class=\"aioseo-breadcrumb-separator\">&ndash;<\/span><span class=\"aioseo-breadcrumb\">\n\tVuelve el festival de heavy metal Wacken Open Air\n<\/span><\/div>","aioseo_breadcrumb_json":[{"label":"Inicio","link":"https:\/\/eldigitaldeasturias.com\/radio"},{"label":"Noticias","link":"https:\/\/eldigitaldeasturias.com\/radio\/category\/noticias\/"},{"label":"Vuelve el festival de heavy metal Wacken Open Air","link":"https:\/\/eldigitaldeasturias.com\/radio\/vuelve-el-festival-de-heavy-metal-wacken-open-air\/"}],"_links":{"self":[{"href":"https:\/\/eldigitaldeasturias.com\/radio\/wp-json\/wp\/v2\/posts\/6659","targetHints":{"allow":["GET"]}}],"collection":[{"href":"https:\/\/eldigitaldeasturias.com\/radio\/wp-json\/wp\/v2\/posts"}],"about":[{"href":"https:\/\/eldigitaldeasturias.com\/radio\/wp-json\/wp\/v2\/types\/post"}],"author":[{"embeddable":true,"href":"https:\/\/eldigitaldeasturias.com\/radio\/wp-json\/wp\/v2\/users\/1"}],"replies":[{"embeddable":true,"href":"https:\/\/eldigitaldeasturias.com\/radio\/wp-json\/wp\/v2\/comments?post=6659"}],"version-history":[{"count":0,"href":"https:\/\/eldigitaldeasturias.com\/radio\/wp-json\/wp\/v2\/posts\/6659\/revisions"}],"wp:featuredmedia":[{"embeddable":true,"href":"https:\/\/eldigitaldeasturias.com\/radio\/wp-json\/wp\/v2\/media\/6660"}],"wp:attachment":[{"href":"https:\/\/eldigitaldeasturias.com\/radio\/wp-json\/wp\/v2\/media?parent=6659"}],"wp:term":[{"taxonomy":"category","embeddable":true,"href":"https:\/\/eldigitaldeasturias.com\/radio\/wp-json\/wp\/v2\/categories?post=6659"},{"taxonomy":"post_tag","embeddable":true,"href":"https:\/\/eldigitaldeasturias.com\/radio\/wp-json\/wp\/v2\/tags?post=6659"}],"curies":[{"name":"wp","href":"https:\/\/api.w.org\/{rel}","templated":true}]}}