{"id":6621,"date":"2022-02-12T23:45:50","date_gmt":"2022-02-12T23:45:50","guid":{"rendered":"http:\/\/eldigitaldeasturias.com\/radio\/?p=6621"},"modified":"2022-02-12T23:45:50","modified_gmt":"2022-02-12T23:45:50","slug":"como-se-puede-ahorrar-bateria-en-un-coche","status":"publish","type":"post","link":"https:\/\/eldigitaldeasturias.com\/radio\/como-se-puede-ahorrar-bateria-en-un-coche\/","title":{"rendered":"\u00bfC\u00f3mo se puede ahorrar bater\u00eda en un coche?"},"content":{"rendered":"<p>(dpa) &#8211; Los <a href=\"https:\/\/www.eldigitaldeasturias.com\/magazine365\/category\/motor\/\" target=\"_blank\" rel=\"noopener\"><span style=\"color: #ff6600;\"><strong>coches<\/strong><\/span><\/a> est\u00e1n llenos de aparatos electr\u00f3nicos: la radio, la ventilaci\u00f3n, as\u00ed como tambi\u00e9n la calefacci\u00f3n de los asientos y de las ventanillas traseras consumen mucha bater\u00eda. Las temperaturas bajo cero tampoco son buenas para esta \u00faltima.<\/p>\n<figure id=\"attachment_6622\" aria-describedby=\"caption-attachment-6622\" style=\"width: 650px\" class=\"wp-caption aligncenter\"><img fetchpriority=\"high\" decoding=\"async\" class=\"wp-image-6622\" src=\"https:\/\/eldigitaldeasturias.com\/radio\/wp-content\/uploads\/2022\/02\/coche-360x237.jpg\" alt=\"coches\" width=\"650\" height=\"429\" srcset=\"https:\/\/eldigitaldeasturias.com\/radio\/wp-content\/uploads\/2022\/02\/coche-360x237.jpg 360w, https:\/\/eldigitaldeasturias.com\/radio\/wp-content\/uploads\/2022\/02\/coche-768x506.jpg 768w, https:\/\/eldigitaldeasturias.com\/radio\/wp-content\/uploads\/2022\/02\/coche-150x99.jpg 150w, https:\/\/eldigitaldeasturias.com\/radio\/wp-content\/uploads\/2022\/02\/coche-450x297.jpg 450w, https:\/\/eldigitaldeasturias.com\/radio\/wp-content\/uploads\/2022\/02\/coche.jpg 995w\" sizes=\"(max-width: 650px) 100vw, 650px\" \/><figcaption id=\"caption-attachment-6622\" class=\"wp-caption-text\">Sobre todo en tramos cortos en invierno es recomendable no sobreexigir la bater\u00eda del auto. Foto: Zacharie Scheurer\/dpa<\/figcaption><\/figure>\n<p>La empresa alemana de certificaci\u00f3n T\u00fcv S\u00fcd aconseja a quienes conduzcan distancias cortas en la estaci\u00f3n fr\u00eda que solo utilicen las funciones del coche que sean relevantes para la seguridad, como los faros y los ventiladores para evitar que se empa\u00f1en los cristales.<\/p>\n<p><strong>Si se conduce mucho en distancias cortas, tambi\u00e9n se puede recargar la bater\u00eda con un trayecto deliberadamente m\u00e1s largo entre medio, o bien cargar la misma con un cargador externo<\/strong>. T\u00dcV recomienda tener cuidado con las fuentes de alimentaci\u00f3n m\u00e1s antiguas, ya que a menudo estas no est\u00e1n reguladas y pueden sobrecargar las bater\u00edas.<\/p>\n<p>Si es necesario cambiar la bater\u00eda, <strong>lo mejor es recurrir a un <a href=\"https:\/\/eldigitaldeasturias.com\/radio\/category\/negocios\/\" target=\"_blank\" rel=\"noopener\"><span style=\"color: #ff6600;\">taller especializado<\/span><\/a><\/strong>. Para evitar el riesgo de da\u00f1ar las costosas unidades de control, los profesionales encargados de cambiar la bater\u00eda trabajan con acumulador de reserva.<\/p>\n<p>A la hora de comprar una bater\u00eda nueva, no solo hay que tener en cuenta los datos nominales y las dimensiones. T\u00fcv S\u00fcd explica que en los veh\u00edculos equipados con un sistema autom\u00e1tico de arranque y parada no se puede montar una bater\u00eda normal.<\/p>\n<p>La capacidad y la corriente de arranque en fr\u00edo tambi\u00e9n son factores importantes. La denominaci\u00f3n est\u00e1ndar de 12 voltios es solo una clasificaci\u00f3n aproximada de la tensi\u00f3n. Un buen asesoramiento especializado es la mejor ayuda a la hora de seleccionar la bater\u00eda adecuada para el coche.<\/p>\n","protected":false},"excerpt":{"rendered":"<p>(dpa) &#8211; Los coches est\u00e1n llenos de aparatos electr\u00f3nicos: la radio, la ventilaci\u00f3n, as\u00ed como tambi\u00e9n la calefacci\u00f3n de los asientos y de las ventanillas traseras consumen mucha bater\u00eda. Las temperaturas bajo cero tampoco son buenas para esta \u00faltima. La empresa alemana de certificaci\u00f3n T\u00fcv S\u00fcd aconseja a quienes conduzcan distancias cortas en la estaci\u00f3n<\/p>\n","protected":false},"author":1,"featured_media":6622,"comment_status":"closed","ping_status":"closed","sticky":false,"template":"","format":"standard","meta":{"footnotes":""},"categories":[38],"tags":[99,45],"class_list":{"0":"post-6621","1":"post","2":"type-post","3":"status-publish","4":"format-standard","5":"has-post-thumbnail","7":"category-live","8":"tag-motor","9":"tag-sociedad"},"aioseo_notices":[],"aioseo_head":"\n\t\t<!-- All in One SEO Pro 4.9.6.2 - aioseo.com -->\n\t<meta name=\"description\" content=\"Los coches est\u00e1n llenos de aparatos electr\u00f3nicos: la radio, la ventilaci\u00f3n, as\u00ed como tambi\u00e9n la calefacci\u00f3n de los asientos y de las ventanillas traseras\" \/>\n\t<meta name=\"robots\" content=\"max-image-preview:large\" \/>\n\t<meta name=\"author\" content=\"NBAsturias\"\/>\n\t<meta name=\"google-site-verification\" content=\"UA-38556648-1\" \/>\n\t<meta name=\"keywords\" content=\"live\" \/>\n\t<link rel=\"canonical\" href=\"https:\/\/eldigitaldeasturias.com\/radio\/como-se-puede-ahorrar-bateria-en-un-coche\/\" \/>\n\t<meta name=\"generator\" content=\"All in One SEO Pro (AIOSEO) 4.9.6.2\" \/>\n\t\t<meta property=\"og:locale\" content=\"es_ES\" \/>\n\t\t<meta property=\"og:site_name\" content=\"El Digital de Asturias | Diario de informaci\u00f3n y noticias\" \/>\n\t\t<meta property=\"og:type\" content=\"article\" \/>\n\t\t<meta property=\"og:title\" content=\"\u00bfC\u00f3mo se puede ahorrar bater\u00eda en un coche? | El Digital de Asturias\" \/>\n\t\t<meta property=\"og:description\" content=\"Los coches est\u00e1n llenos de aparatos electr\u00f3nicos: la radio, la ventilaci\u00f3n, as\u00ed como tambi\u00e9n la calefacci\u00f3n de los asientos y de las ventanillas traseras\" \/>\n\t\t<meta property=\"og:url\" content=\"https:\/\/eldigitaldeasturias.com\/radio\/como-se-puede-ahorrar-bateria-en-un-coche\/\" \/>\n\t\t<meta property=\"og:image\" content=\"https:\/\/eldigitaldeasturias.com\/radio\/wp-content\/uploads\/2022\/02\/coche.jpg\" \/>\n\t\t<meta property=\"og:image:secure_url\" content=\"https:\/\/eldigitaldeasturias.com\/radio\/wp-content\/uploads\/2022\/02\/coche.jpg\" \/>\n\t\t<meta property=\"og:image:width\" content=\"995\" \/>\n\t\t<meta property=\"og:image:height\" content=\"656\" \/>\n\t\t<meta property=\"article:published_time\" content=\"2022-02-12T23:45:50+00:00\" \/>\n\t\t<meta property=\"article:modified_time\" content=\"2022-02-12T23:45:50+00:00\" \/>\n\t\t<meta name=\"twitter:card\" content=\"summary_large_image\" \/>\n\t\t<meta name=\"twitter:site\" content=\"@bercodi\" \/>\n\t\t<meta name=\"twitter:title\" content=\"\u00bfC\u00f3mo se puede ahorrar bater\u00eda en un coche? | El Digital de Asturias\" \/>\n\t\t<meta name=\"twitter:description\" content=\"Los coches est\u00e1n llenos de aparatos electr\u00f3nicos: la radio, la ventilaci\u00f3n, as\u00ed como tambi\u00e9n la calefacci\u00f3n de los asientos y de las ventanillas traseras\" \/>\n\t\t<meta name=\"twitter:creator\" content=\"@bercodi\" \/>\n\t\t<meta name=\"twitter:image\" content=\"https:\/\/eldigitaldeasturias.com\/radio\/wp-content\/uploads\/2022\/02\/coche.jpg\" \/>\n\t\t<script type=\"application\/ld+json\" class=\"aioseo-schema\">\n\t\t\t{\"@context\":\"https:\\\/\\\/schema.org\",\"@graph\":[{\"@type\":\"BreadcrumbList\",\"@id\":\"https:\\\/\\\/eldigitaldeasturias.com\\\/radio\\\/como-se-puede-ahorrar-bateria-en-un-coche\\\/#breadcrumblist\",\"itemListElement\":[{\"@type\":\"ListItem\",\"@id\":\"https:\\\/\\\/eldigitaldeasturias.com\\\/radio#listItem\",\"position\":1,\"name\":\"Inicio\",\"item\":\"https:\\\/\\\/eldigitaldeasturias.com\\\/radio\",\"nextItem\":{\"@type\":\"ListItem\",\"@id\":\"https:\\\/\\\/eldigitaldeasturias.com\\\/radio\\\/category\\\/live\\\/#listItem\",\"name\":\"Live\"}},{\"@type\":\"ListItem\",\"@id\":\"https:\\\/\\\/eldigitaldeasturias.com\\\/radio\\\/category\\\/live\\\/#listItem\",\"position\":2,\"name\":\"Live\",\"item\":\"https:\\\/\\\/eldigitaldeasturias.com\\\/radio\\\/category\\\/live\\\/\",\"nextItem\":{\"@type\":\"ListItem\",\"@id\":\"https:\\\/\\\/eldigitaldeasturias.com\\\/radio\\\/como-se-puede-ahorrar-bateria-en-un-coche\\\/#listItem\",\"name\":\"\\u00bfC\\u00f3mo se puede ahorrar bater\\u00eda en un coche?\"},\"previousItem\":{\"@type\":\"ListItem\",\"@id\":\"https:\\\/\\\/eldigitaldeasturias.com\\\/radio#listItem\",\"name\":\"Inicio\"}},{\"@type\":\"ListItem\",\"@id\":\"https:\\\/\\\/eldigitaldeasturias.com\\\/radio\\\/como-se-puede-ahorrar-bateria-en-un-coche\\\/#listItem\",\"position\":3,\"name\":\"\\u00bfC\\u00f3mo se puede ahorrar bater\\u00eda en un coche?\",\"previousItem\":{\"@type\":\"ListItem\",\"@id\":\"https:\\\/\\\/eldigitaldeasturias.com\\\/radio\\\/category\\\/live\\\/#listItem\",\"name\":\"Live\"}}]},{\"@type\":\"NewsArticle\",\"@id\":\"https:\\\/\\\/eldigitaldeasturias.com\\\/radio\\\/como-se-puede-ahorrar-bateria-en-un-coche\\\/#newsarticle\",\"name\":\"\\u00bfC\\u00f3mo se puede ahorrar bater\\u00eda en un coche? | El Digital de Asturias\",\"headline\":\"\\u00bfC\\u00f3mo se puede ahorrar bater\\u00eda en un coche?\",\"author\":{\"@id\":\"https:\\\/\\\/eldigitaldeasturias.com\\\/radio\\\/author\\\/nbasturias\\\/#author\"},\"publisher\":{\"@id\":\"https:\\\/\\\/eldigitaldeasturias.com\\\/radio\\\/#organization\"},\"image\":{\"@type\":\"ImageObject\",\"url\":\"https:\\\/\\\/eldigitaldeasturias.com\\\/radio\\\/wp-content\\\/uploads\\\/2022\\\/02\\\/coche.jpg\",\"width\":995,\"height\":656,\"caption\":\"Sobre todo en tramos cortos en invierno es recomendable no sobreexigir la bater\\u00eda del auto. Foto: Zacharie Scheurer\\\/dpa\"},\"datePublished\":\"2022-02-12T23:45:50+01:00\",\"dateModified\":\"2022-02-12T23:45:50+01:00\",\"inLanguage\":\"es-ES\",\"mainEntityOfPage\":{\"@id\":\"https:\\\/\\\/eldigitaldeasturias.com\\\/radio\\\/como-se-puede-ahorrar-bateria-en-un-coche\\\/#webpage\"},\"isPartOf\":{\"@id\":\"https:\\\/\\\/eldigitaldeasturias.com\\\/radio\\\/como-se-puede-ahorrar-bateria-en-un-coche\\\/#webpage\"},\"articleSection\":\"Live, motor, Sociedad\",\"dateline\":\"Publicado el febrero 12, 2022.\"},{\"@type\":\"Organization\",\"@id\":\"https:\\\/\\\/eldigitaldeasturias.com\\\/radio\\\/#organization\",\"name\":\"El digital de Asturias Radio\",\"description\":\"Diario de informaci\\u00f3n y noticias\",\"url\":\"https:\\\/\\\/eldigitaldeasturias.com\\\/radio\\\/\",\"telephone\":\"+34652131393\",\"logo\":{\"@type\":\"ImageObject\",\"url\":\"https:\\\/\\\/www.eldigitaldeasturias.com\\\/radio\\\/wp-content\\\/uploads\\\/2021\\\/03\\\/EDA.jpg\",\"@id\":\"https:\\\/\\\/eldigitaldeasturias.com\\\/radio\\\/como-se-puede-ahorrar-bateria-en-un-coche\\\/#organizationLogo\"},\"image\":{\"@id\":\"https:\\\/\\\/eldigitaldeasturias.com\\\/radio\\\/como-se-puede-ahorrar-bateria-en-un-coche\\\/#organizationLogo\"},\"sameAs\":[\"https:\\\/\\\/www.facebook.com\\\/\",\"https:\\\/\\\/x.com\\\/bercodi\",\"https:\\\/\\\/www.instagram.com\\\/\",\"https:\\\/\\\/www.youtube.com\\\/channel\\\/UCZP-2wLEB9Rv6erhFmqVnvg\"]},{\"@type\":\"Person\",\"@id\":\"https:\\\/\\\/eldigitaldeasturias.com\\\/radio\\\/author\\\/nbasturias\\\/#author\",\"url\":\"https:\\\/\\\/eldigitaldeasturias.com\\\/radio\\\/author\\\/nbasturias\\\/\",\"name\":\"NBAsturias\",\"image\":{\"@type\":\"ImageObject\",\"@id\":\"https:\\\/\\\/eldigitaldeasturias.com\\\/radio\\\/como-se-puede-ahorrar-bateria-en-un-coche\\\/#authorImage\",\"url\":\"https:\\\/\\\/secure.gravatar.com\\\/avatar\\\/df2aeffc32bcd13f8d26072ef8a91b623d677766deac7f97ca815868cd41bf5e?s=96&d=mm&r=g\",\"width\":96,\"height\":96,\"caption\":\"NBAsturias\"}},{\"@type\":\"WebPage\",\"@id\":\"https:\\\/\\\/eldigitaldeasturias.com\\\/radio\\\/como-se-puede-ahorrar-bateria-en-un-coche\\\/#webpage\",\"url\":\"https:\\\/\\\/eldigitaldeasturias.com\\\/radio\\\/como-se-puede-ahorrar-bateria-en-un-coche\\\/\",\"name\":\"\\u00bfC\\u00f3mo se puede ahorrar bater\\u00eda en un coche? | El Digital de Asturias\",\"description\":\"Los coches est\\u00e1n llenos de aparatos electr\\u00f3nicos: la radio, la ventilaci\\u00f3n, as\\u00ed como tambi\\u00e9n la calefacci\\u00f3n de los asientos y de las ventanillas traseras\",\"inLanguage\":\"es-ES\",\"isPartOf\":{\"@id\":\"https:\\\/\\\/eldigitaldeasturias.com\\\/radio\\\/#website\"},\"breadcrumb\":{\"@id\":\"https:\\\/\\\/eldigitaldeasturias.com\\\/radio\\\/como-se-puede-ahorrar-bateria-en-un-coche\\\/#breadcrumblist\"},\"author\":{\"@id\":\"https:\\\/\\\/eldigitaldeasturias.com\\\/radio\\\/author\\\/nbasturias\\\/#author\"},\"creator\":{\"@id\":\"https:\\\/\\\/eldigitaldeasturias.com\\\/radio\\\/author\\\/nbasturias\\\/#author\"},\"image\":{\"@type\":\"ImageObject\",\"url\":\"https:\\\/\\\/eldigitaldeasturias.com\\\/radio\\\/wp-content\\\/uploads\\\/2022\\\/02\\\/coche.jpg\",\"@id\":\"https:\\\/\\\/eldigitaldeasturias.com\\\/radio\\\/como-se-puede-ahorrar-bateria-en-un-coche\\\/#mainImage\",\"width\":995,\"height\":656,\"caption\":\"Sobre todo en tramos cortos en invierno es recomendable no sobreexigir la bater\\u00eda del auto. Foto: Zacharie Scheurer\\\/dpa\"},\"primaryImageOfPage\":{\"@id\":\"https:\\\/\\\/eldigitaldeasturias.com\\\/radio\\\/como-se-puede-ahorrar-bateria-en-un-coche\\\/#mainImage\"},\"datePublished\":\"2022-02-12T23:45:50+01:00\",\"dateModified\":\"2022-02-12T23:45:50+01:00\"},{\"@type\":\"WebSite\",\"@id\":\"https:\\\/\\\/eldigitaldeasturias.com\\\/radio\\\/#website\",\"url\":\"https:\\\/\\\/eldigitaldeasturias.com\\\/radio\\\/\",\"name\":\"El Digital de Asturias\",\"description\":\"Diario de informaci\\u00f3n y noticias\",\"inLanguage\":\"es-ES\",\"publisher\":{\"@id\":\"https:\\\/\\\/eldigitaldeasturias.com\\\/radio\\\/#organization\"}}]}\n\t\t<\/script>\n\t\t<!-- All in One SEO Pro -->\r\n\t\t<title>\u00bfC\u00f3mo se puede ahorrar bater\u00eda en un coche? | El Digital de Asturias<\/title>\n\n","aioseo_head_json":{"title":"\u00bfC\u00f3mo se puede ahorrar bater\u00eda en un coche? | El Digital de Asturias","description":"Los coches est\u00e1n llenos de aparatos electr\u00f3nicos: la radio, la ventilaci\u00f3n, as\u00ed como tambi\u00e9n la calefacci\u00f3n de los asientos y de las ventanillas traseras","canonical_url":"https:\/\/eldigitaldeasturias.com\/radio\/como-se-puede-ahorrar-bateria-en-un-coche\/","robots":"max-image-preview:large","keywords":"live","webmasterTools":{"google-site-verification":"UA-38556648-1","miscellaneous":""},"schema":{"@context":"https:\/\/schema.org","@graph":[{"@type":"BreadcrumbList","@id":"https:\/\/eldigitaldeasturias.com\/radio\/como-se-puede-ahorrar-bateria-en-un-coche\/#breadcrumblist","itemListElement":[{"@type":"ListItem","@id":"https:\/\/eldigitaldeasturias.com\/radio#listItem","position":1,"name":"Inicio","item":"https:\/\/eldigitaldeasturias.com\/radio","nextItem":{"@type":"ListItem","@id":"https:\/\/eldigitaldeasturias.com\/radio\/category\/live\/#listItem","name":"Live"}},{"@type":"ListItem","@id":"https:\/\/eldigitaldeasturias.com\/radio\/category\/live\/#listItem","position":2,"name":"Live","item":"https:\/\/eldigitaldeasturias.com\/radio\/category\/live\/","nextItem":{"@type":"ListItem","@id":"https:\/\/eldigitaldeasturias.com\/radio\/como-se-puede-ahorrar-bateria-en-un-coche\/#listItem","name":"\u00bfC\u00f3mo se puede ahorrar bater\u00eda en un coche?"},"previousItem":{"@type":"ListItem","@id":"https:\/\/eldigitaldeasturias.com\/radio#listItem","name":"Inicio"}},{"@type":"ListItem","@id":"https:\/\/eldigitaldeasturias.com\/radio\/como-se-puede-ahorrar-bateria-en-un-coche\/#listItem","position":3,"name":"\u00bfC\u00f3mo se puede ahorrar bater\u00eda en un coche?","previousItem":{"@type":"ListItem","@id":"https:\/\/eldigitaldeasturias.com\/radio\/category\/live\/#listItem","name":"Live"}}]},{"@type":"NewsArticle","@id":"https:\/\/eldigitaldeasturias.com\/radio\/como-se-puede-ahorrar-bateria-en-un-coche\/#newsarticle","name":"\u00bfC\u00f3mo se puede ahorrar bater\u00eda en un coche? | El Digital de Asturias","headline":"\u00bfC\u00f3mo se puede ahorrar bater\u00eda en un coche?","author":{"@id":"https:\/\/eldigitaldeasturias.com\/radio\/author\/nbasturias\/#author"},"publisher":{"@id":"https:\/\/eldigitaldeasturias.com\/radio\/#organization"},"image":{"@type":"ImageObject","url":"https:\/\/eldigitaldeasturias.com\/radio\/wp-content\/uploads\/2022\/02\/coche.jpg","width":995,"height":656,"caption":"Sobre todo en tramos cortos en invierno es recomendable no sobreexigir la bater\u00eda del auto. Foto: Zacharie Scheurer\/dpa"},"datePublished":"2022-02-12T23:45:50+01:00","dateModified":"2022-02-12T23:45:50+01:00","inLanguage":"es-ES","mainEntityOfPage":{"@id":"https:\/\/eldigitaldeasturias.com\/radio\/como-se-puede-ahorrar-bateria-en-un-coche\/#webpage"},"isPartOf":{"@id":"https:\/\/eldigitaldeasturias.com\/radio\/como-se-puede-ahorrar-bateria-en-un-coche\/#webpage"},"articleSection":"Live, motor, Sociedad","dateline":"Publicado el febrero 12, 2022."},{"@type":"Organization","@id":"https:\/\/eldigitaldeasturias.com\/radio\/#organization","name":"El digital de Asturias Radio","description":"Diario de informaci\u00f3n y noticias","url":"https:\/\/eldigitaldeasturias.com\/radio\/","telephone":"+34652131393","logo":{"@type":"ImageObject","url":"https:\/\/www.eldigitaldeasturias.com\/radio\/wp-content\/uploads\/2021\/03\/EDA.jpg","@id":"https:\/\/eldigitaldeasturias.com\/radio\/como-se-puede-ahorrar-bateria-en-un-coche\/#organizationLogo"},"image":{"@id":"https:\/\/eldigitaldeasturias.com\/radio\/como-se-puede-ahorrar-bateria-en-un-coche\/#organizationLogo"},"sameAs":["https:\/\/www.facebook.com\/","https:\/\/x.com\/bercodi","https:\/\/www.instagram.com\/","https:\/\/www.youtube.com\/channel\/UCZP-2wLEB9Rv6erhFmqVnvg"]},{"@type":"Person","@id":"https:\/\/eldigitaldeasturias.com\/radio\/author\/nbasturias\/#author","url":"https:\/\/eldigitaldeasturias.com\/radio\/author\/nbasturias\/","name":"NBAsturias","image":{"@type":"ImageObject","@id":"https:\/\/eldigitaldeasturias.com\/radio\/como-se-puede-ahorrar-bateria-en-un-coche\/#authorImage","url":"https:\/\/secure.gravatar.com\/avatar\/df2aeffc32bcd13f8d26072ef8a91b623d677766deac7f97ca815868cd41bf5e?s=96&d=mm&r=g","width":96,"height":96,"caption":"NBAsturias"}},{"@type":"WebPage","@id":"https:\/\/eldigitaldeasturias.com\/radio\/como-se-puede-ahorrar-bateria-en-un-coche\/#webpage","url":"https:\/\/eldigitaldeasturias.com\/radio\/como-se-puede-ahorrar-bateria-en-un-coche\/","name":"\u00bfC\u00f3mo se puede ahorrar bater\u00eda en un coche? | El Digital de Asturias","description":"Los coches est\u00e1n llenos de aparatos electr\u00f3nicos: la radio, la ventilaci\u00f3n, as\u00ed como tambi\u00e9n la calefacci\u00f3n de los asientos y de las ventanillas traseras","inLanguage":"es-ES","isPartOf":{"@id":"https:\/\/eldigitaldeasturias.com\/radio\/#website"},"breadcrumb":{"@id":"https:\/\/eldigitaldeasturias.com\/radio\/como-se-puede-ahorrar-bateria-en-un-coche\/#breadcrumblist"},"author":{"@id":"https:\/\/eldigitaldeasturias.com\/radio\/author\/nbasturias\/#author"},"creator":{"@id":"https:\/\/eldigitaldeasturias.com\/radio\/author\/nbasturias\/#author"},"image":{"@type":"ImageObject","url":"https:\/\/eldigitaldeasturias.com\/radio\/wp-content\/uploads\/2022\/02\/coche.jpg","@id":"https:\/\/eldigitaldeasturias.com\/radio\/como-se-puede-ahorrar-bateria-en-un-coche\/#mainImage","width":995,"height":656,"caption":"Sobre todo en tramos cortos en invierno es recomendable no sobreexigir la bater\u00eda del auto. Foto: Zacharie Scheurer\/dpa"},"primaryImageOfPage":{"@id":"https:\/\/eldigitaldeasturias.com\/radio\/como-se-puede-ahorrar-bateria-en-un-coche\/#mainImage"},"datePublished":"2022-02-12T23:45:50+01:00","dateModified":"2022-02-12T23:45:50+01:00"},{"@type":"WebSite","@id":"https:\/\/eldigitaldeasturias.com\/radio\/#website","url":"https:\/\/eldigitaldeasturias.com\/radio\/","name":"El Digital de Asturias","description":"Diario de informaci\u00f3n y noticias","inLanguage":"es-ES","publisher":{"@id":"https:\/\/eldigitaldeasturias.com\/radio\/#organization"}}]},"og:locale":"es_ES","og:site_name":"El Digital de Asturias | Diario de informaci\u00f3n y noticias","og:type":"article","og:title":"\u00bfC\u00f3mo se puede ahorrar bater\u00eda en un coche? | El Digital de Asturias","og:description":"Los coches est\u00e1n llenos de aparatos electr\u00f3nicos: la radio, la ventilaci\u00f3n, as\u00ed como tambi\u00e9n la calefacci\u00f3n de los asientos y de las ventanillas traseras","og:url":"https:\/\/eldigitaldeasturias.com\/radio\/como-se-puede-ahorrar-bateria-en-un-coche\/","og:image":"https:\/\/eldigitaldeasturias.com\/radio\/wp-content\/uploads\/2022\/02\/coche.jpg","og:image:secure_url":"https:\/\/eldigitaldeasturias.com\/radio\/wp-content\/uploads\/2022\/02\/coche.jpg","og:image:width":995,"og:image:height":656,"article:published_time":"2022-02-12T23:45:50+00:00","article:modified_time":"2022-02-12T23:45:50+00:00","twitter:card":"summary_large_image","twitter:site":"@bercodi","twitter:title":"\u00bfC\u00f3mo se puede ahorrar bater\u00eda en un coche? | El Digital de Asturias","twitter:description":"Los coches est\u00e1n llenos de aparatos electr\u00f3nicos: la radio, la ventilaci\u00f3n, as\u00ed como tambi\u00e9n la calefacci\u00f3n de los asientos y de las ventanillas traseras","twitter:creator":"@bercodi","twitter:image":"https:\/\/eldigitaldeasturias.com\/radio\/wp-content\/uploads\/2022\/02\/coche.jpg"},"aioseo_meta_data":{"post_id":"6621","title":null,"description":"Los coches est\u00e1n llenos de aparatos electr\u00f3nicos: la radio, la ventilaci\u00f3n, as\u00ed como tambi\u00e9n la calefacci\u00f3n de los asientos y de las ventanillas traseras &nbsp;","keywords":[],"keyphrases":{"focus":{"keyphrase":"coches","score":80,"analysis":{"keyphraseInTitle":{"title":"Focus keyphrase in SEO title","description":"Focus keyphrase not found in SEO title.","score":3,"maxScore":9,"error":1},"keyphraseInDescription":{"title":"Focus keyphrase in meta description","description":"Focus keyphrase found in meta description.","score":9,"maxScore":9,"error":0},"keyphraseLength":{"title":"Focus keyphrase length","description":"Good job!","score":9,"maxScore":9,"error":0,"length":1},"keyphraseInURL":{"title":"Focus keyphrase in URL","description":"Focus keyphrase not found in the URL.","score":1,"maxScore":5,"error":1},"keyphraseInIntroduction":{"title":"Focus keyphrase in introduction","description":"Your Focus keyphrase appears in the first paragraph. Well done!","score":9,"maxScore":9,"error":0},"keyphraseInSubHeadings":[],"keyphraseInImageAlt":{"title":"Focus keyphrase in image alt attributes","description":"Focus keyphrase found in image alt attribute(s).","score":9,"maxScore":9,"error":0}}},"additional":[{"keyphrase":"aparatos electr\u00f3nicos","score":83,"analysis":{"keyphraseInDescription":{"title":"Keyphrase in meta description","description":"Keyphrase found in meta description.","score":9,"maxScore":9,"error":0},"keyphraseLength":{"title":"Keyphrase length","description":"Good job!","score":9,"maxScore":9,"error":0,"length":2},"keyphraseInIntroduction":{"title":"Keyphrase in introduction","description":"Your Keyphrase appears in the first paragraph. Well done!","score":9,"maxScore":9,"error":0},"keyphraseInImageAlt":{"title":"Keyphrase in image alt attributes","description":"Keyphrase not found in image alt attribute(s). Add an image with your Keyphrase as alt text.","score":3,"maxScore":9,"error":1}}},{"keyphrase":"calefacci\u00f3n ","score":83,"analysis":{"keyphraseInDescription":{"title":"Keyphrase in meta description","description":"Keyphrase found in meta description.","score":9,"maxScore":9,"error":0},"keyphraseLength":{"title":"Keyphrase length","description":"Good job!","score":9,"maxScore":9,"error":0,"length":1},"keyphraseInIntroduction":{"title":"Keyphrase in introduction","description":"Your Keyphrase appears in the first paragraph. Well done!","score":9,"maxScore":9,"error":0},"keyphraseInImageAlt":{"title":"Keyphrase in image alt attributes","description":"Keyphrase not found in image alt attribute(s). Add an image with your Keyphrase as alt text.","score":3,"maxScore":9,"error":1}}}]},"primary_term":null,"canonical_url":null,"og_title":null,"og_description":null,"og_object_type":"default","og_image_type":"default","og_image_url":null,"og_image_width":null,"og_image_height":null,"og_image_custom_url":null,"og_image_custom_fields":null,"og_video":"","og_custom_url":null,"og_article_section":null,"og_article_tags":[],"twitter_use_og":false,"twitter_card":"default","twitter_image_type":"default","twitter_image_url":null,"twitter_image_custom_url":null,"twitter_image_custom_fields":null,"twitter_title":null,"twitter_description":null,"schema":{"blockGraphs":[],"customGraphs":[],"default":{"data":{"Article":[],"Course":[],"Dataset":[],"FAQPage":[],"Movie":[],"Person":[],"Product":[],"ProductReview":[],"Car":[],"Recipe":[],"Service":[],"SoftwareApplication":[],"WebPage":[]},"graphName":"","isEnabled":true},"graphs":[],"defaultGraph":"Article","defaultPostTypeGraph":""},"schema_type":"default","schema_type_options":"{\"article\":{\"articleType\":\"BlogPosting\"},\"course\":{\"name\":\"\",\"description\":\"\",\"provider\":\"\"},\"faq\":{\"pages\":[]},\"product\":{\"reviews\":[]},\"recipe\":{\"ingredients\":[],\"instructions\":[],\"keywords\":[]},\"software\":{\"reviews\":[],\"operatingSystems\":[]},\"webPage\":{\"webPageType\":\"WebPage\"}}","pillar_content":false,"robots_default":true,"robots_noindex":false,"robots_noarchive":false,"robots_nosnippet":false,"robots_nofollow":false,"robots_noimageindex":false,"robots_noodp":false,"robots_notranslate":false,"robots_max_snippet":"-1","robots_max_videopreview":"-1","robots_max_imagepreview":"large","priority":null,"frequency":"default","location":null,"local_seo":null,"seo_analyzer_scan_date":"2025-08-28 19:29:36","breadcrumb_settings":null,"limit_modified_date":false,"open_ai":null,"ai":null,"created":"2022-02-12 23:32:45","updated":"2025-08-28 19:29:36"},"aioseo_breadcrumb":"<div class=\"aioseo-breadcrumbs\"><span class=\"aioseo-breadcrumb\">\n\t<a href=\"https:\/\/eldigitaldeasturias.com\/radio\" title=\"Inicio\">Inicio<\/a>\n<\/span><span class=\"aioseo-breadcrumb-separator\">&ndash;<\/span><span class=\"aioseo-breadcrumb\">\n\t<a href=\"https:\/\/eldigitaldeasturias.com\/radio\/category\/live\/\" title=\"Live\">Live<\/a>\n<\/span><span class=\"aioseo-breadcrumb-separator\">&ndash;<\/span><span class=\"aioseo-breadcrumb\">\n\t\u00bfC\u00f3mo se puede ahorrar bater\u00eda en un coche?\n<\/span><\/div>","aioseo_breadcrumb_json":[{"label":"Inicio","link":"https:\/\/eldigitaldeasturias.com\/radio"},{"label":"Live","link":"https:\/\/eldigitaldeasturias.com\/radio\/category\/live\/"},{"label":"\u00bfC\u00f3mo se puede ahorrar bater\u00eda en un coche?","link":"https:\/\/eldigitaldeasturias.com\/radio\/como-se-puede-ahorrar-bateria-en-un-coche\/"}],"_links":{"self":[{"href":"https:\/\/eldigitaldeasturias.com\/radio\/wp-json\/wp\/v2\/posts\/6621","targetHints":{"allow":["GET"]}}],"collection":[{"href":"https:\/\/eldigitaldeasturias.com\/radio\/wp-json\/wp\/v2\/posts"}],"about":[{"href":"https:\/\/eldigitaldeasturias.com\/radio\/wp-json\/wp\/v2\/types\/post"}],"author":[{"embeddable":true,"href":"https:\/\/eldigitaldeasturias.com\/radio\/wp-json\/wp\/v2\/users\/1"}],"replies":[{"embeddable":true,"href":"https:\/\/eldigitaldeasturias.com\/radio\/wp-json\/wp\/v2\/comments?post=6621"}],"version-history":[{"count":0,"href":"https:\/\/eldigitaldeasturias.com\/radio\/wp-json\/wp\/v2\/posts\/6621\/revisions"}],"wp:featuredmedia":[{"embeddable":true,"href":"https:\/\/eldigitaldeasturias.com\/radio\/wp-json\/wp\/v2\/media\/6622"}],"wp:attachment":[{"href":"https:\/\/eldigitaldeasturias.com\/radio\/wp-json\/wp\/v2\/media?parent=6621"}],"wp:term":[{"taxonomy":"category","embeddable":true,"href":"https:\/\/eldigitaldeasturias.com\/radio\/wp-json\/wp\/v2\/categories?post=6621"},{"taxonomy":"post_tag","embeddable":true,"href":"https:\/\/eldigitaldeasturias.com\/radio\/wp-json\/wp\/v2\/tags?post=6621"}],"curies":[{"name":"wp","href":"https:\/\/api.w.org\/{rel}","templated":true}]}}