{"id":6533,"date":"2022-01-29T16:22:53","date_gmt":"2022-01-29T16:22:53","guid":{"rendered":"http:\/\/eldigitaldeasturias.com\/radio\/?p=6533"},"modified":"2022-01-29T16:22:53","modified_gmt":"2022-01-29T16:22:53","slug":"el-fiscal-que-investiga-el-vertido-de-repsol-en-peru-acusa-a-la-petrolera-de-minimizar-la-fuga","status":"publish","type":"post","link":"https:\/\/eldigitaldeasturias.com\/radio\/el-fiscal-que-investiga-el-vertido-de-repsol-en-peru-acusa-a-la-petrolera-de-minimizar-la-fuga\/","title":{"rendered":"El fiscal que investiga el vertido de Repsol en Per\u00fa acusa a la petrolera de minimizar la fuga"},"content":{"rendered":"<p>(ep) &#8211; El fiscal que investiga el reciente vertido de petr\u00f3leo de la petrolera espa\u00f1ola Repsol en Per\u00fa, Ariel Tapia G\u00f3mez, considera que los responsables de la refiner\u00eda La Pampilla tardaron demasiado en actuar frente a la fuga de crudo e incluso lo minimizaron.<\/p>\n<p>\u00abEn este caso, la Fiscal\u00eda tiene una hip\u00f3tesis fuerte. Y tiene relaci\u00f3n con el aspecto de la mitigaci\u00f3n (del vertido de crudo). Es decir, sobre la inmediata atenci\u00f3n de la emergencia. A consideraci\u00f3n de la Fiscal\u00eda, se han presentado demoras\u00bb en la actuaci\u00f3n de Repsol para contener el flujo de petr\u00f3leo, ha afirmado, seg\u00fan recoge el diario peruano &#8216;La Rep\u00fablica&#8217;.<\/p>\n<p>Tapia inspeccion\u00f3 el pasado jueves durante seis horas el petrolero italiano &#8216;Mare Doricum&#8217; para recoger la versi\u00f3n de su capit\u00e1n, Giacomo Pisani, y de la tripulaci\u00f3n sobre el vertido del pasado 15 de enero.<\/p>\n<p>Seg\u00fan la informaci\u00f3n preliminar recopilada por Tapia, Repsol tard\u00f3 en detener el avance del crudo y por tanto la contaminaci\u00f3n. \u00abUno de los elementos de convicci\u00f3n m\u00e1s importantes que tenemos es el que apunta a que el derrame se habr\u00eda advertido a las 17.18 horas. En esta misma l\u00ednea, quienes se encargaron de verificar (el vertido) habr\u00edan iniciado las tareas de mitigaci\u00f3n a las 20 horas de la noche del mismo d\u00eda\u00bb, ha apuntado Tapia.<\/p>\n<p>En un primer informe, Repsol inform\u00f3 del vertido de 0,16 barriles de petr\u00f3leo (unos 25 litros) y m\u00e1s tarde reconoci\u00f3 el vertido de 16.000 barriles. Las autoridades peruanas cifran en 11.900 los barriles vertidos, casi el doble.<\/p>\n<p>\u00abHasta el d\u00eda siguiente continu\u00f3 derram\u00e1ndose el petr\u00f3leo. Esto porque no hubo la capacidad de contener la fuga del petr\u00f3leo desde la tuber\u00eda o manguera. Y luego la propia contenci\u00f3n en la superficie del mar, peor todav\u00eda. Como se trataba de un trasvase submarino, \u00e9ste habr\u00eda ganado las barreras de contenci\u00f3n\u00bb, ha relatado el fiscal.<\/p>\n<p>El capit\u00e1n del buque, Pisani, habr\u00eda confirmado a Tapia que fue enga\u00f1ado por responsables de Repsol, ya que no le informaron del tama\u00f1o y origen de la fuga e incluso se negaron a recibir sus notas de protesta por la falta de diligencia y transparencia de los responsables de la refiner\u00eda La Pampilla.<\/p>\n<p>Tapia ha solicitado a la Corte de Ventanilla el impedimento de salida del pa\u00eds del director ejecutivo de Repsol, Jaime Fern\u00e1ndez-Cuesta Luca de Tena, y otros tres directivos de la refiner\u00eda La Pampilla, directamente responsables de la administraci\u00f3n, control y supervisi\u00f3n del Terminal Multiboyas N\u00b0 2, donde se produjo el derrame. Adem\u00e1s ha pedido la retenci\u00f3n del buque petrolero &#8216;Mare Doricum&#8217; hasta que concluyan las investigaciones. El juez Romualdo Aguedo Aranda ha dictado la incautaci\u00f3n del buque.<\/p>\n<p>Unos 18.000 metros cuadrados de playa han sido afectados por el vertido de petr\u00f3leo, una situaci\u00f3n que, seg\u00fan ha defendido Repsol, ha sido causada por un \u00abfen\u00f3meno mar\u00edtimo imprevisible\u00bb a ra\u00edz del tsunami causado por la erupci\u00f3n de un volc\u00e1n en una isla de Tonga.<\/p>\n","protected":false},"excerpt":{"rendered":"<p>(ep) &#8211; El fiscal que investiga el reciente vertido de petr\u00f3leo de la petrolera espa\u00f1ola Repsol en Per\u00fa, Ariel Tapia G\u00f3mez, considera que los responsables de la refiner\u00eda La Pampilla tardaron demasiado en actuar frente a la fuga de crudo e incluso lo minimizaron. \u00abEn este caso, la Fiscal\u00eda tiene una hip\u00f3tesis fuerte. Y tiene<\/p>\n","protected":false},"author":1,"featured_media":6133,"comment_status":"closed","ping_status":"closed","sticky":false,"template":"","format":"standard","meta":{"footnotes":""},"categories":[1],"tags":[],"class_list":{"0":"post-6533","1":"post","2":"type-post","3":"status-publish","4":"format-standard","5":"has-post-thumbnail","7":"category-noticias"},"aioseo_notices":[],"aioseo_head":"\n\t\t<!-- All in One SEO Pro 4.9.6.2 - aioseo.com -->\n\t<meta name=\"description\" content=\"El fiscal que investiga el reciente vertido de petr\u00f3leo de la petrolera espa\u00f1ola Repsol en Per\u00fa, Ariel Tapia G\u00f3mez, considera que los responsables de la refiner\u00eda\" \/>\n\t<meta name=\"robots\" content=\"max-image-preview:large\" \/>\n\t<meta name=\"author\" content=\"NBAsturias\"\/>\n\t<meta name=\"google-site-verification\" content=\"UA-38556648-1\" \/>\n\t<meta name=\"keywords\" content=\"noticias\" \/>\n\t<link rel=\"canonical\" href=\"https:\/\/eldigitaldeasturias.com\/radio\/el-fiscal-que-investiga-el-vertido-de-repsol-en-peru-acusa-a-la-petrolera-de-minimizar-la-fuga\/\" \/>\n\t<meta name=\"generator\" content=\"All in One SEO Pro (AIOSEO) 4.9.6.2\" \/>\n\t\t<meta property=\"og:locale\" content=\"es_ES\" \/>\n\t\t<meta property=\"og:site_name\" content=\"El Digital de Asturias | Diario de informaci\u00f3n y noticias\" \/>\n\t\t<meta property=\"og:type\" content=\"article\" \/>\n\t\t<meta property=\"og:title\" content=\"El fiscal que investiga el vertido de Repsol en Per\u00fa acusa a la petrolera de minimizar la fuga | El Digital de Asturias\" \/>\n\t\t<meta property=\"og:description\" content=\"El fiscal que investiga el reciente vertido de petr\u00f3leo de la petrolera espa\u00f1ola Repsol en Per\u00fa, Ariel Tapia G\u00f3mez, considera que los responsables de la refiner\u00eda\" \/>\n\t\t<meta property=\"og:url\" content=\"https:\/\/eldigitaldeasturias.com\/radio\/el-fiscal-que-investiga-el-vertido-de-repsol-en-peru-acusa-a-la-petrolera-de-minimizar-la-fuga\/\" \/>\n\t\t<meta property=\"og:image\" content=\"https:\/\/eldigitaldeasturias.com\/radio\/wp-content\/uploads\/2021\/08\/noticias-urgentes.jpg\" \/>\n\t\t<meta property=\"og:image:secure_url\" content=\"https:\/\/eldigitaldeasturias.com\/radio\/wp-content\/uploads\/2021\/08\/noticias-urgentes.jpg\" \/>\n\t\t<meta property=\"og:image:width\" content=\"640\" \/>\n\t\t<meta property=\"og:image:height\" content=\"400\" \/>\n\t\t<meta property=\"article:published_time\" content=\"2022-01-29T16:22:53+00:00\" \/>\n\t\t<meta property=\"article:modified_time\" content=\"2022-01-29T16:22:53+00:00\" \/>\n\t\t<meta name=\"twitter:card\" content=\"summary_large_image\" \/>\n\t\t<meta name=\"twitter:site\" content=\"@bercodi\" \/>\n\t\t<meta name=\"twitter:title\" content=\"El fiscal que investiga el vertido de Repsol en Per\u00fa acusa a la petrolera de minimizar la fuga | El Digital de Asturias\" \/>\n\t\t<meta name=\"twitter:description\" content=\"El fiscal que investiga el reciente vertido de petr\u00f3leo de la petrolera espa\u00f1ola Repsol en Per\u00fa, Ariel Tapia G\u00f3mez, considera que los responsables de la refiner\u00eda\" \/>\n\t\t<meta name=\"twitter:creator\" content=\"@bercodi\" \/>\n\t\t<meta name=\"twitter:image\" content=\"https:\/\/eldigitaldeasturias.com\/radio\/wp-content\/uploads\/2021\/08\/noticias-urgentes.jpg\" \/>\n\t\t<script type=\"application\/ld+json\" class=\"aioseo-schema\">\n\t\t\t{\"@context\":\"https:\\\/\\\/schema.org\",\"@graph\":[{\"@type\":\"BreadcrumbList\",\"@id\":\"https:\\\/\\\/eldigitaldeasturias.com\\\/radio\\\/el-fiscal-que-investiga-el-vertido-de-repsol-en-peru-acusa-a-la-petrolera-de-minimizar-la-fuga\\\/#breadcrumblist\",\"itemListElement\":[{\"@type\":\"ListItem\",\"@id\":\"https:\\\/\\\/eldigitaldeasturias.com\\\/radio#listItem\",\"position\":1,\"name\":\"Inicio\",\"item\":\"https:\\\/\\\/eldigitaldeasturias.com\\\/radio\",\"nextItem\":{\"@type\":\"ListItem\",\"@id\":\"https:\\\/\\\/eldigitaldeasturias.com\\\/radio\\\/category\\\/noticias\\\/#listItem\",\"name\":\"Noticias\"}},{\"@type\":\"ListItem\",\"@id\":\"https:\\\/\\\/eldigitaldeasturias.com\\\/radio\\\/category\\\/noticias\\\/#listItem\",\"position\":2,\"name\":\"Noticias\",\"item\":\"https:\\\/\\\/eldigitaldeasturias.com\\\/radio\\\/category\\\/noticias\\\/\",\"nextItem\":{\"@type\":\"ListItem\",\"@id\":\"https:\\\/\\\/eldigitaldeasturias.com\\\/radio\\\/el-fiscal-que-investiga-el-vertido-de-repsol-en-peru-acusa-a-la-petrolera-de-minimizar-la-fuga\\\/#listItem\",\"name\":\"El fiscal que investiga el vertido de Repsol en Per\\u00fa acusa a la petrolera de minimizar la fuga\"},\"previousItem\":{\"@type\":\"ListItem\",\"@id\":\"https:\\\/\\\/eldigitaldeasturias.com\\\/radio#listItem\",\"name\":\"Inicio\"}},{\"@type\":\"ListItem\",\"@id\":\"https:\\\/\\\/eldigitaldeasturias.com\\\/radio\\\/el-fiscal-que-investiga-el-vertido-de-repsol-en-peru-acusa-a-la-petrolera-de-minimizar-la-fuga\\\/#listItem\",\"position\":3,\"name\":\"El fiscal que investiga el vertido de Repsol en Per\\u00fa acusa a la petrolera de minimizar la fuga\",\"previousItem\":{\"@type\":\"ListItem\",\"@id\":\"https:\\\/\\\/eldigitaldeasturias.com\\\/radio\\\/category\\\/noticias\\\/#listItem\",\"name\":\"Noticias\"}}]},{\"@type\":\"NewsArticle\",\"@id\":\"https:\\\/\\\/eldigitaldeasturias.com\\\/radio\\\/el-fiscal-que-investiga-el-vertido-de-repsol-en-peru-acusa-a-la-petrolera-de-minimizar-la-fuga\\\/#newsarticle\",\"name\":\"El fiscal que investiga el vertido de Repsol en Per\\u00fa acusa a la petrolera de minimizar la fuga | El Digital de Asturias\",\"headline\":\"El fiscal que investiga el vertido de Repsol en Per\\u00fa acusa a la petrolera de minimizar la fuga\",\"author\":{\"@id\":\"https:\\\/\\\/eldigitaldeasturias.com\\\/radio\\\/author\\\/nbasturias\\\/#author\"},\"publisher\":{\"@id\":\"https:\\\/\\\/eldigitaldeasturias.com\\\/radio\\\/#organization\"},\"image\":{\"@type\":\"ImageObject\",\"url\":\"https:\\\/\\\/eldigitaldeasturias.com\\\/radio\\\/wp-content\\\/uploads\\\/2021\\\/08\\\/noticias-urgentes.jpg\",\"width\":640,\"height\":400,\"caption\":\"noticias\"},\"datePublished\":\"2022-01-29T16:22:53+01:00\",\"dateModified\":\"2022-01-29T16:22:53+01:00\",\"inLanguage\":\"es-ES\",\"mainEntityOfPage\":{\"@id\":\"https:\\\/\\\/eldigitaldeasturias.com\\\/radio\\\/el-fiscal-que-investiga-el-vertido-de-repsol-en-peru-acusa-a-la-petrolera-de-minimizar-la-fuga\\\/#webpage\"},\"isPartOf\":{\"@id\":\"https:\\\/\\\/eldigitaldeasturias.com\\\/radio\\\/el-fiscal-que-investiga-el-vertido-de-repsol-en-peru-acusa-a-la-petrolera-de-minimizar-la-fuga\\\/#webpage\"},\"articleSection\":\"Noticias\",\"dateline\":\"Publicado el enero 29, 2022.\"},{\"@type\":\"Organization\",\"@id\":\"https:\\\/\\\/eldigitaldeasturias.com\\\/radio\\\/#organization\",\"name\":\"El digital de Asturias Radio\",\"description\":\"Diario de informaci\\u00f3n y noticias\",\"url\":\"https:\\\/\\\/eldigitaldeasturias.com\\\/radio\\\/\",\"telephone\":\"+34652131393\",\"logo\":{\"@type\":\"ImageObject\",\"url\":\"https:\\\/\\\/www.eldigitaldeasturias.com\\\/radio\\\/wp-content\\\/uploads\\\/2021\\\/03\\\/EDA.jpg\",\"@id\":\"https:\\\/\\\/eldigitaldeasturias.com\\\/radio\\\/el-fiscal-que-investiga-el-vertido-de-repsol-en-peru-acusa-a-la-petrolera-de-minimizar-la-fuga\\\/#organizationLogo\"},\"image\":{\"@id\":\"https:\\\/\\\/eldigitaldeasturias.com\\\/radio\\\/el-fiscal-que-investiga-el-vertido-de-repsol-en-peru-acusa-a-la-petrolera-de-minimizar-la-fuga\\\/#organizationLogo\"},\"sameAs\":[\"https:\\\/\\\/www.facebook.com\\\/\",\"https:\\\/\\\/x.com\\\/bercodi\",\"https:\\\/\\\/www.instagram.com\\\/\",\"https:\\\/\\\/www.youtube.com\\\/channel\\\/UCZP-2wLEB9Rv6erhFmqVnvg\"]},{\"@type\":\"Person\",\"@id\":\"https:\\\/\\\/eldigitaldeasturias.com\\\/radio\\\/author\\\/nbasturias\\\/#author\",\"url\":\"https:\\\/\\\/eldigitaldeasturias.com\\\/radio\\\/author\\\/nbasturias\\\/\",\"name\":\"NBAsturias\",\"image\":{\"@type\":\"ImageObject\",\"@id\":\"https:\\\/\\\/eldigitaldeasturias.com\\\/radio\\\/el-fiscal-que-investiga-el-vertido-de-repsol-en-peru-acusa-a-la-petrolera-de-minimizar-la-fuga\\\/#authorImage\",\"url\":\"https:\\\/\\\/secure.gravatar.com\\\/avatar\\\/df2aeffc32bcd13f8d26072ef8a91b623d677766deac7f97ca815868cd41bf5e?s=96&d=mm&r=g\",\"width\":96,\"height\":96,\"caption\":\"NBAsturias\"}},{\"@type\":\"WebPage\",\"@id\":\"https:\\\/\\\/eldigitaldeasturias.com\\\/radio\\\/el-fiscal-que-investiga-el-vertido-de-repsol-en-peru-acusa-a-la-petrolera-de-minimizar-la-fuga\\\/#webpage\",\"url\":\"https:\\\/\\\/eldigitaldeasturias.com\\\/radio\\\/el-fiscal-que-investiga-el-vertido-de-repsol-en-peru-acusa-a-la-petrolera-de-minimizar-la-fuga\\\/\",\"name\":\"El fiscal que investiga el vertido de Repsol en Per\\u00fa acusa a la petrolera de minimizar la fuga | El Digital de Asturias\",\"description\":\"El fiscal que investiga el reciente vertido de petr\\u00f3leo de la petrolera espa\\u00f1ola Repsol en Per\\u00fa, Ariel Tapia G\\u00f3mez, considera que los responsables de la refiner\\u00eda\",\"inLanguage\":\"es-ES\",\"isPartOf\":{\"@id\":\"https:\\\/\\\/eldigitaldeasturias.com\\\/radio\\\/#website\"},\"breadcrumb\":{\"@id\":\"https:\\\/\\\/eldigitaldeasturias.com\\\/radio\\\/el-fiscal-que-investiga-el-vertido-de-repsol-en-peru-acusa-a-la-petrolera-de-minimizar-la-fuga\\\/#breadcrumblist\"},\"author\":{\"@id\":\"https:\\\/\\\/eldigitaldeasturias.com\\\/radio\\\/author\\\/nbasturias\\\/#author\"},\"creator\":{\"@id\":\"https:\\\/\\\/eldigitaldeasturias.com\\\/radio\\\/author\\\/nbasturias\\\/#author\"},\"image\":{\"@type\":\"ImageObject\",\"url\":\"https:\\\/\\\/eldigitaldeasturias.com\\\/radio\\\/wp-content\\\/uploads\\\/2021\\\/08\\\/noticias-urgentes.jpg\",\"@id\":\"https:\\\/\\\/eldigitaldeasturias.com\\\/radio\\\/el-fiscal-que-investiga-el-vertido-de-repsol-en-peru-acusa-a-la-petrolera-de-minimizar-la-fuga\\\/#mainImage\",\"width\":640,\"height\":400,\"caption\":\"noticias\"},\"primaryImageOfPage\":{\"@id\":\"https:\\\/\\\/eldigitaldeasturias.com\\\/radio\\\/el-fiscal-que-investiga-el-vertido-de-repsol-en-peru-acusa-a-la-petrolera-de-minimizar-la-fuga\\\/#mainImage\"},\"datePublished\":\"2022-01-29T16:22:53+01:00\",\"dateModified\":\"2022-01-29T16:22:53+01:00\"},{\"@type\":\"WebSite\",\"@id\":\"https:\\\/\\\/eldigitaldeasturias.com\\\/radio\\\/#website\",\"url\":\"https:\\\/\\\/eldigitaldeasturias.com\\\/radio\\\/\",\"name\":\"El Digital de Asturias\",\"description\":\"Diario de informaci\\u00f3n y noticias\",\"inLanguage\":\"es-ES\",\"publisher\":{\"@id\":\"https:\\\/\\\/eldigitaldeasturias.com\\\/radio\\\/#organization\"}}]}\n\t\t<\/script>\n\t\t<!-- All in One SEO Pro -->\r\n\t\t<title>El fiscal que investiga el vertido de Repsol en Per\u00fa acusa a la petrolera de minimizar la fuga | El Digital de Asturias<\/title>\n\n","aioseo_head_json":{"title":"El fiscal que investiga el vertido de Repsol en Per\u00fa acusa a la petrolera de minimizar la fuga | El Digital de Asturias","description":"El fiscal que investiga el reciente vertido de petr\u00f3leo de la petrolera espa\u00f1ola Repsol en Per\u00fa, Ariel Tapia G\u00f3mez, considera que los responsables de la refiner\u00eda","canonical_url":"https:\/\/eldigitaldeasturias.com\/radio\/el-fiscal-que-investiga-el-vertido-de-repsol-en-peru-acusa-a-la-petrolera-de-minimizar-la-fuga\/","robots":"max-image-preview:large","keywords":"noticias","webmasterTools":{"google-site-verification":"UA-38556648-1","miscellaneous":""},"schema":{"@context":"https:\/\/schema.org","@graph":[{"@type":"BreadcrumbList","@id":"https:\/\/eldigitaldeasturias.com\/radio\/el-fiscal-que-investiga-el-vertido-de-repsol-en-peru-acusa-a-la-petrolera-de-minimizar-la-fuga\/#breadcrumblist","itemListElement":[{"@type":"ListItem","@id":"https:\/\/eldigitaldeasturias.com\/radio#listItem","position":1,"name":"Inicio","item":"https:\/\/eldigitaldeasturias.com\/radio","nextItem":{"@type":"ListItem","@id":"https:\/\/eldigitaldeasturias.com\/radio\/category\/noticias\/#listItem","name":"Noticias"}},{"@type":"ListItem","@id":"https:\/\/eldigitaldeasturias.com\/radio\/category\/noticias\/#listItem","position":2,"name":"Noticias","item":"https:\/\/eldigitaldeasturias.com\/radio\/category\/noticias\/","nextItem":{"@type":"ListItem","@id":"https:\/\/eldigitaldeasturias.com\/radio\/el-fiscal-que-investiga-el-vertido-de-repsol-en-peru-acusa-a-la-petrolera-de-minimizar-la-fuga\/#listItem","name":"El fiscal que investiga el vertido de Repsol en Per\u00fa acusa a la petrolera de minimizar la fuga"},"previousItem":{"@type":"ListItem","@id":"https:\/\/eldigitaldeasturias.com\/radio#listItem","name":"Inicio"}},{"@type":"ListItem","@id":"https:\/\/eldigitaldeasturias.com\/radio\/el-fiscal-que-investiga-el-vertido-de-repsol-en-peru-acusa-a-la-petrolera-de-minimizar-la-fuga\/#listItem","position":3,"name":"El fiscal que investiga el vertido de Repsol en Per\u00fa acusa a la petrolera de minimizar la fuga","previousItem":{"@type":"ListItem","@id":"https:\/\/eldigitaldeasturias.com\/radio\/category\/noticias\/#listItem","name":"Noticias"}}]},{"@type":"NewsArticle","@id":"https:\/\/eldigitaldeasturias.com\/radio\/el-fiscal-que-investiga-el-vertido-de-repsol-en-peru-acusa-a-la-petrolera-de-minimizar-la-fuga\/#newsarticle","name":"El fiscal que investiga el vertido de Repsol en Per\u00fa acusa a la petrolera de minimizar la fuga | El Digital de Asturias","headline":"El fiscal que investiga el vertido de Repsol en Per\u00fa acusa a la petrolera de minimizar la fuga","author":{"@id":"https:\/\/eldigitaldeasturias.com\/radio\/author\/nbasturias\/#author"},"publisher":{"@id":"https:\/\/eldigitaldeasturias.com\/radio\/#organization"},"image":{"@type":"ImageObject","url":"https:\/\/eldigitaldeasturias.com\/radio\/wp-content\/uploads\/2021\/08\/noticias-urgentes.jpg","width":640,"height":400,"caption":"noticias"},"datePublished":"2022-01-29T16:22:53+01:00","dateModified":"2022-01-29T16:22:53+01:00","inLanguage":"es-ES","mainEntityOfPage":{"@id":"https:\/\/eldigitaldeasturias.com\/radio\/el-fiscal-que-investiga-el-vertido-de-repsol-en-peru-acusa-a-la-petrolera-de-minimizar-la-fuga\/#webpage"},"isPartOf":{"@id":"https:\/\/eldigitaldeasturias.com\/radio\/el-fiscal-que-investiga-el-vertido-de-repsol-en-peru-acusa-a-la-petrolera-de-minimizar-la-fuga\/#webpage"},"articleSection":"Noticias","dateline":"Publicado el enero 29, 2022."},{"@type":"Organization","@id":"https:\/\/eldigitaldeasturias.com\/radio\/#organization","name":"El digital de Asturias Radio","description":"Diario de informaci\u00f3n y noticias","url":"https:\/\/eldigitaldeasturias.com\/radio\/","telephone":"+34652131393","logo":{"@type":"ImageObject","url":"https:\/\/www.eldigitaldeasturias.com\/radio\/wp-content\/uploads\/2021\/03\/EDA.jpg","@id":"https:\/\/eldigitaldeasturias.com\/radio\/el-fiscal-que-investiga-el-vertido-de-repsol-en-peru-acusa-a-la-petrolera-de-minimizar-la-fuga\/#organizationLogo"},"image":{"@id":"https:\/\/eldigitaldeasturias.com\/radio\/el-fiscal-que-investiga-el-vertido-de-repsol-en-peru-acusa-a-la-petrolera-de-minimizar-la-fuga\/#organizationLogo"},"sameAs":["https:\/\/www.facebook.com\/","https:\/\/x.com\/bercodi","https:\/\/www.instagram.com\/","https:\/\/www.youtube.com\/channel\/UCZP-2wLEB9Rv6erhFmqVnvg"]},{"@type":"Person","@id":"https:\/\/eldigitaldeasturias.com\/radio\/author\/nbasturias\/#author","url":"https:\/\/eldigitaldeasturias.com\/radio\/author\/nbasturias\/","name":"NBAsturias","image":{"@type":"ImageObject","@id":"https:\/\/eldigitaldeasturias.com\/radio\/el-fiscal-que-investiga-el-vertido-de-repsol-en-peru-acusa-a-la-petrolera-de-minimizar-la-fuga\/#authorImage","url":"https:\/\/secure.gravatar.com\/avatar\/df2aeffc32bcd13f8d26072ef8a91b623d677766deac7f97ca815868cd41bf5e?s=96&d=mm&r=g","width":96,"height":96,"caption":"NBAsturias"}},{"@type":"WebPage","@id":"https:\/\/eldigitaldeasturias.com\/radio\/el-fiscal-que-investiga-el-vertido-de-repsol-en-peru-acusa-a-la-petrolera-de-minimizar-la-fuga\/#webpage","url":"https:\/\/eldigitaldeasturias.com\/radio\/el-fiscal-que-investiga-el-vertido-de-repsol-en-peru-acusa-a-la-petrolera-de-minimizar-la-fuga\/","name":"El fiscal que investiga el vertido de Repsol en Per\u00fa acusa a la petrolera de minimizar la fuga | El Digital de Asturias","description":"El fiscal que investiga el reciente vertido de petr\u00f3leo de la petrolera espa\u00f1ola Repsol en Per\u00fa, Ariel Tapia G\u00f3mez, considera que los responsables de la refiner\u00eda","inLanguage":"es-ES","isPartOf":{"@id":"https:\/\/eldigitaldeasturias.com\/radio\/#website"},"breadcrumb":{"@id":"https:\/\/eldigitaldeasturias.com\/radio\/el-fiscal-que-investiga-el-vertido-de-repsol-en-peru-acusa-a-la-petrolera-de-minimizar-la-fuga\/#breadcrumblist"},"author":{"@id":"https:\/\/eldigitaldeasturias.com\/radio\/author\/nbasturias\/#author"},"creator":{"@id":"https:\/\/eldigitaldeasturias.com\/radio\/author\/nbasturias\/#author"},"image":{"@type":"ImageObject","url":"https:\/\/eldigitaldeasturias.com\/radio\/wp-content\/uploads\/2021\/08\/noticias-urgentes.jpg","@id":"https:\/\/eldigitaldeasturias.com\/radio\/el-fiscal-que-investiga-el-vertido-de-repsol-en-peru-acusa-a-la-petrolera-de-minimizar-la-fuga\/#mainImage","width":640,"height":400,"caption":"noticias"},"primaryImageOfPage":{"@id":"https:\/\/eldigitaldeasturias.com\/radio\/el-fiscal-que-investiga-el-vertido-de-repsol-en-peru-acusa-a-la-petrolera-de-minimizar-la-fuga\/#mainImage"},"datePublished":"2022-01-29T16:22:53+01:00","dateModified":"2022-01-29T16:22:53+01:00"},{"@type":"WebSite","@id":"https:\/\/eldigitaldeasturias.com\/radio\/#website","url":"https:\/\/eldigitaldeasturias.com\/radio\/","name":"El Digital de Asturias","description":"Diario de informaci\u00f3n y noticias","inLanguage":"es-ES","publisher":{"@id":"https:\/\/eldigitaldeasturias.com\/radio\/#organization"}}]},"og:locale":"es_ES","og:site_name":"El Digital de Asturias | Diario de informaci\u00f3n y noticias","og:type":"article","og:title":"El fiscal que investiga el vertido de Repsol en Per\u00fa acusa a la petrolera de minimizar la fuga | El Digital de Asturias","og:description":"El fiscal que investiga el reciente vertido de petr\u00f3leo de la petrolera espa\u00f1ola Repsol en Per\u00fa, Ariel Tapia G\u00f3mez, considera que los responsables de la refiner\u00eda","og:url":"https:\/\/eldigitaldeasturias.com\/radio\/el-fiscal-que-investiga-el-vertido-de-repsol-en-peru-acusa-a-la-petrolera-de-minimizar-la-fuga\/","og:image":"https:\/\/eldigitaldeasturias.com\/radio\/wp-content\/uploads\/2021\/08\/noticias-urgentes.jpg","og:image:secure_url":"https:\/\/eldigitaldeasturias.com\/radio\/wp-content\/uploads\/2021\/08\/noticias-urgentes.jpg","og:image:width":640,"og:image:height":400,"article:published_time":"2022-01-29T16:22:53+00:00","article:modified_time":"2022-01-29T16:22:53+00:00","twitter:card":"summary_large_image","twitter:site":"@bercodi","twitter:title":"El fiscal que investiga el vertido de Repsol en Per\u00fa acusa a la petrolera de minimizar la fuga | El Digital de Asturias","twitter:description":"El fiscal que investiga el reciente vertido de petr\u00f3leo de la petrolera espa\u00f1ola Repsol en Per\u00fa, Ariel Tapia G\u00f3mez, considera que los responsables de la refiner\u00eda","twitter:creator":"@bercodi","twitter:image":"https:\/\/eldigitaldeasturias.com\/radio\/wp-content\/uploads\/2021\/08\/noticias-urgentes.jpg"},"aioseo_meta_data":{"post_id":"6533","title":null,"description":"El fiscal que investiga el reciente vertido de petr\u00f3leo de la petrolera espa\u00f1ola Repsol en Per\u00fa, Ariel Tapia G\u00f3mez, considera que los responsables de la refiner\u00eda","keywords":[],"keyphrases":{"focus":{"keyphrase":"vertido de petr\u00f3leo ","score":83,"analysis":{"keyphraseInTitle":{"title":"Focus keyphrase in SEO title","description":"Focus keyphrase not found in SEO title.","score":3,"maxScore":9,"error":1},"keyphraseInDescription":{"title":"Focus keyphrase in meta description","description":"Focus keyphrase found in meta description.","score":9,"maxScore":9,"error":0},"keyphraseInURL":[],"keyphraseLength":{"title":"Focus keyphrase length","description":"Good job!","score":9,"maxScore":9,"error":0,"length":3},"keyphraseInIntroduction":{"title":"Focus keyphrase in introduction","description":"Your Focus keyphrase appears in the first paragraph. Well done!","score":9,"maxScore":9,"error":0},"keyphraseInSubHeadings":[],"keyphraseInImageAlt":[]}},"additional":[{"keyphrase":"Repsol ","score":100,"analysis":{"keyphraseInDescription":{"title":"Keyphrase in meta description","description":"Keyphrase found in meta description.","score":9,"maxScore":9,"error":0},"keyphraseLength":{"title":"Keyphrase length","description":"Good job!","score":9,"maxScore":9,"error":0,"length":1},"keyphraseInIntroduction":{"title":"Keyphrase in introduction","description":"Your Keyphrase appears in the first paragraph. Well done!","score":9,"maxScore":9,"error":0},"keyphraseInImageAlt":[]}}]},"primary_term":null,"canonical_url":null,"og_title":null,"og_description":null,"og_object_type":"default","og_image_type":"default","og_image_url":null,"og_image_width":null,"og_image_height":null,"og_image_custom_url":null,"og_image_custom_fields":null,"og_video":"","og_custom_url":null,"og_article_section":null,"og_article_tags":[],"twitter_use_og":false,"twitter_card":"default","twitter_image_type":"default","twitter_image_url":null,"twitter_image_custom_url":null,"twitter_image_custom_fields":null,"twitter_title":null,"twitter_description":null,"schema":{"blockGraphs":[],"customGraphs":[],"default":{"data":{"Article":[],"Course":[],"Dataset":[],"FAQPage":[],"Movie":[],"Person":[],"Product":[],"ProductReview":[],"Car":[],"Recipe":[],"Service":[],"SoftwareApplication":[],"WebPage":[]},"graphName":"","isEnabled":true},"graphs":[],"defaultGraph":"Article","defaultPostTypeGraph":""},"schema_type":"default","schema_type_options":"{\"article\":{\"articleType\":\"BlogPosting\"},\"course\":{\"name\":\"\",\"description\":\"\",\"provider\":\"\"},\"faq\":{\"pages\":[]},\"product\":{\"reviews\":[]},\"recipe\":{\"ingredients\":[],\"instructions\":[],\"keywords\":[]},\"software\":{\"reviews\":[],\"operatingSystems\":[]},\"webPage\":{\"webPageType\":\"WebPage\"}}","pillar_content":false,"robots_default":true,"robots_noindex":false,"robots_noarchive":false,"robots_nosnippet":false,"robots_nofollow":false,"robots_noimageindex":false,"robots_noodp":false,"robots_notranslate":false,"robots_max_snippet":"-1","robots_max_videopreview":"-1","robots_max_imagepreview":"large","priority":null,"frequency":"default","location":null,"local_seo":null,"seo_analyzer_scan_date":"2025-08-28 19:27:40","breadcrumb_settings":null,"limit_modified_date":false,"open_ai":null,"ai":null,"created":"2022-01-29 16:21:44","updated":"2025-08-28 19:27:40"},"aioseo_breadcrumb":"<div class=\"aioseo-breadcrumbs\"><span class=\"aioseo-breadcrumb\">\n\t<a href=\"https:\/\/eldigitaldeasturias.com\/radio\" title=\"Inicio\">Inicio<\/a>\n<\/span><span class=\"aioseo-breadcrumb-separator\">&ndash;<\/span><span class=\"aioseo-breadcrumb\">\n\t<a href=\"https:\/\/eldigitaldeasturias.com\/radio\/category\/noticias\/\" title=\"Noticias\">Noticias<\/a>\n<\/span><span class=\"aioseo-breadcrumb-separator\">&ndash;<\/span><span class=\"aioseo-breadcrumb\">\n\tEl fiscal que investiga el vertido de Repsol en Per\u00fa acusa a la petrolera de minimizar la fuga\n<\/span><\/div>","aioseo_breadcrumb_json":[{"label":"Inicio","link":"https:\/\/eldigitaldeasturias.com\/radio"},{"label":"Noticias","link":"https:\/\/eldigitaldeasturias.com\/radio\/category\/noticias\/"},{"label":"El fiscal que investiga el vertido de Repsol en Per\u00fa acusa a la petrolera de minimizar la fuga","link":"https:\/\/eldigitaldeasturias.com\/radio\/el-fiscal-que-investiga-el-vertido-de-repsol-en-peru-acusa-a-la-petrolera-de-minimizar-la-fuga\/"}],"_links":{"self":[{"href":"https:\/\/eldigitaldeasturias.com\/radio\/wp-json\/wp\/v2\/posts\/6533","targetHints":{"allow":["GET"]}}],"collection":[{"href":"https:\/\/eldigitaldeasturias.com\/radio\/wp-json\/wp\/v2\/posts"}],"about":[{"href":"https:\/\/eldigitaldeasturias.com\/radio\/wp-json\/wp\/v2\/types\/post"}],"author":[{"embeddable":true,"href":"https:\/\/eldigitaldeasturias.com\/radio\/wp-json\/wp\/v2\/users\/1"}],"replies":[{"embeddable":true,"href":"https:\/\/eldigitaldeasturias.com\/radio\/wp-json\/wp\/v2\/comments?post=6533"}],"version-history":[{"count":0,"href":"https:\/\/eldigitaldeasturias.com\/radio\/wp-json\/wp\/v2\/posts\/6533\/revisions"}],"wp:featuredmedia":[{"embeddable":true,"href":"https:\/\/eldigitaldeasturias.com\/radio\/wp-json\/wp\/v2\/media\/6133"}],"wp:attachment":[{"href":"https:\/\/eldigitaldeasturias.com\/radio\/wp-json\/wp\/v2\/media?parent=6533"}],"wp:term":[{"taxonomy":"category","embeddable":true,"href":"https:\/\/eldigitaldeasturias.com\/radio\/wp-json\/wp\/v2\/categories?post=6533"},{"taxonomy":"post_tag","embeddable":true,"href":"https:\/\/eldigitaldeasturias.com\/radio\/wp-json\/wp\/v2\/tags?post=6533"}],"curies":[{"name":"wp","href":"https:\/\/api.w.org\/{rel}","templated":true}]}}