{"id":6528,"date":"2022-01-29T16:16:16","date_gmt":"2022-01-29T16:16:16","guid":{"rendered":"http:\/\/eldigitaldeasturias.com\/radio\/?p=6528"},"modified":"2022-01-29T16:16:16","modified_gmt":"2022-01-29T16:16:16","slug":"los-ministros-de-exteriores-de-francia-y-alemania-viajaran-a-ucrania","status":"publish","type":"post","link":"https:\/\/eldigitaldeasturias.com\/radio\/los-ministros-de-exteriores-de-francia-y-alemania-viajaran-a-ucrania\/","title":{"rendered":"Los ministros de Exteriores de Francia y Alemania viajar\u00e1n a Ucrania"},"content":{"rendered":"<p>(EP) &#8211; El ministro de Exteriores de Francia, Jean-Yves Le Drian, ha anunciado este s\u00e1bado que tanto \u00e9l como su hom\u00f3loga alemana, Annalena Baerbock, visitar\u00e1n Ucrania los d\u00edas 7 y 8 de febrero para discutir con las autoridades del pa\u00eds la actual tensi\u00f3n son Rusia sobre la acumulaci\u00f3n de tropas en la frontera y examinar maneras de paliar el deterioro econ\u00f3mico generado por la ca\u00f3tica situaci\u00f3n.<\/p>\n<p>El jefe de la diplomacia francesa, a trav\u00e9s de su cuenta de Twitter, ha asegurado su par ucraniano, Dimitri Kuleba, \u00abel pleno apoyo y la solidaridad de Francia con Ucrania\u00bb. \u00abLa movilizaci\u00f3n contin\u00faa para reducir las tensiones\u00bb, ha a\u00f1adido.<\/p>\n<p>En respuesta, Kuleba a\u00f1adi\u00f3 en su propia cuenta en la red social que ha explorado con Le Drian diferentes formas de ayudar a la deteriorada econom\u00eda ucraniana. \u00abEn una conversaci\u00f3n con Jean-Yves Le Drian, debatimos la ayuda a la econom\u00eda de Ucrania para superar los riesgos de seguridad\u00bb, escribi\u00f3 Kuleba en su cuenta de Twitter.<\/p>\n<p>De todas formas, los jefes de la diplomacia de Ucrania y Francia, seg\u00fan el tuit, coincidieron en la \u00abimportancia de permanecer vigilantes y actuar con rigidez en relaci\u00f3n con Rusia, y trabajar en soluciones diplom\u00e1ticas\u00bb.<\/p>\n<p>Un d\u00eda antes, el presidente de Ucrania, Volodimir Zelenski, lamentaba una fuga de capitales del pa\u00eds estimada en 12.500 millones de d\u00f3lares (unos 11.000 millones de euros) debido al p\u00e1nico generado por la situaci\u00f3n.<\/p>\n<p>\u00abNuestro estado no puede hacer frente a tales desaf\u00edos. Estamos estabilizando nuestra moneda nacional a partir de las reservas estatales, por lo que es muy costoso para Ucrania, y esta es una pol\u00edtica de informaci\u00f3n un poco imprudente\u00bb, ha indicado antes de estimar que ser\u00eda necesaria una inyecci\u00f3n de entre 4.000 y 5.000 millones de d\u00f3lares (unos 4.400 millones de euros) para reparar en parte del impacto de esta fuga.<\/p>\n","protected":false},"excerpt":{"rendered":"<p>(EP) &#8211; El ministro de Exteriores de Francia, Jean-Yves Le Drian, ha anunciado este s\u00e1bado que tanto \u00e9l como su hom\u00f3loga alemana, Annalena Baerbock, visitar\u00e1n Ucrania los d\u00edas 7 y 8 de febrero para discutir con las autoridades del pa\u00eds la actual tensi\u00f3n son Rusia sobre la acumulaci\u00f3n de tropas en la frontera y examinar<\/p>\n","protected":false},"author":1,"featured_media":6133,"comment_status":"closed","ping_status":"closed","sticky":false,"template":"","format":"standard","meta":{"footnotes":""},"categories":[1],"tags":[],"class_list":{"0":"post-6528","1":"post","2":"type-post","3":"status-publish","4":"format-standard","5":"has-post-thumbnail","7":"category-noticias"},"aioseo_notices":[],"aioseo_head":"\n\t\t<!-- All in One SEO Pro 4.9.6.2 - aioseo.com -->\n\t<meta name=\"description\" content=\"El ministro de Exteriores de Francia, Jean-Yves Le Drian, ha anunciado este s\u00e1bado que tanto \u00e9l como su hom\u00f3loga alemana, Annalena Baerbock, visitar\u00e1n Ucrania\" \/>\n\t<meta name=\"robots\" content=\"max-image-preview:large\" \/>\n\t<meta name=\"author\" content=\"NBAsturias\"\/>\n\t<meta name=\"google-site-verification\" content=\"UA-38556648-1\" \/>\n\t<meta name=\"keywords\" content=\"noticias\" \/>\n\t<link rel=\"canonical\" href=\"https:\/\/eldigitaldeasturias.com\/radio\/los-ministros-de-exteriores-de-francia-y-alemania-viajaran-a-ucrania\/\" \/>\n\t<meta name=\"generator\" content=\"All in One SEO Pro (AIOSEO) 4.9.6.2\" \/>\n\t\t<meta property=\"og:locale\" content=\"es_ES\" \/>\n\t\t<meta property=\"og:site_name\" content=\"El Digital de Asturias | Diario de informaci\u00f3n y noticias\" \/>\n\t\t<meta property=\"og:type\" content=\"article\" \/>\n\t\t<meta property=\"og:title\" content=\"Los ministros de Exteriores de Francia y Alemania viajar\u00e1n a Ucrania | El Digital de Asturias\" \/>\n\t\t<meta property=\"og:description\" content=\"El ministro de Exteriores de Francia, Jean-Yves Le Drian, ha anunciado este s\u00e1bado que tanto \u00e9l como su hom\u00f3loga alemana, Annalena Baerbock, visitar\u00e1n Ucrania\" \/>\n\t\t<meta property=\"og:url\" content=\"https:\/\/eldigitaldeasturias.com\/radio\/los-ministros-de-exteriores-de-francia-y-alemania-viajaran-a-ucrania\/\" \/>\n\t\t<meta property=\"og:image\" content=\"https:\/\/eldigitaldeasturias.com\/radio\/wp-content\/uploads\/2021\/08\/noticias-urgentes.jpg\" \/>\n\t\t<meta property=\"og:image:secure_url\" content=\"https:\/\/eldigitaldeasturias.com\/radio\/wp-content\/uploads\/2021\/08\/noticias-urgentes.jpg\" \/>\n\t\t<meta property=\"og:image:width\" content=\"640\" \/>\n\t\t<meta property=\"og:image:height\" content=\"400\" \/>\n\t\t<meta property=\"article:published_time\" content=\"2022-01-29T16:16:16+00:00\" \/>\n\t\t<meta property=\"article:modified_time\" content=\"2022-01-29T16:16:16+00:00\" \/>\n\t\t<meta name=\"twitter:card\" content=\"summary_large_image\" \/>\n\t\t<meta name=\"twitter:site\" content=\"@bercodi\" \/>\n\t\t<meta name=\"twitter:title\" content=\"Los ministros de Exteriores de Francia y Alemania viajar\u00e1n a Ucrania | El Digital de Asturias\" \/>\n\t\t<meta name=\"twitter:description\" content=\"El ministro de Exteriores de Francia, Jean-Yves Le Drian, ha anunciado este s\u00e1bado que tanto \u00e9l como su hom\u00f3loga alemana, Annalena Baerbock, visitar\u00e1n Ucrania\" \/>\n\t\t<meta name=\"twitter:creator\" content=\"@bercodi\" \/>\n\t\t<meta name=\"twitter:image\" content=\"https:\/\/eldigitaldeasturias.com\/radio\/wp-content\/uploads\/2021\/08\/noticias-urgentes.jpg\" \/>\n\t\t<script type=\"application\/ld+json\" class=\"aioseo-schema\">\n\t\t\t{\"@context\":\"https:\\\/\\\/schema.org\",\"@graph\":[{\"@type\":\"BreadcrumbList\",\"@id\":\"https:\\\/\\\/eldigitaldeasturias.com\\\/radio\\\/los-ministros-de-exteriores-de-francia-y-alemania-viajaran-a-ucrania\\\/#breadcrumblist\",\"itemListElement\":[{\"@type\":\"ListItem\",\"@id\":\"https:\\\/\\\/eldigitaldeasturias.com\\\/radio#listItem\",\"position\":1,\"name\":\"Inicio\",\"item\":\"https:\\\/\\\/eldigitaldeasturias.com\\\/radio\",\"nextItem\":{\"@type\":\"ListItem\",\"@id\":\"https:\\\/\\\/eldigitaldeasturias.com\\\/radio\\\/category\\\/noticias\\\/#listItem\",\"name\":\"Noticias\"}},{\"@type\":\"ListItem\",\"@id\":\"https:\\\/\\\/eldigitaldeasturias.com\\\/radio\\\/category\\\/noticias\\\/#listItem\",\"position\":2,\"name\":\"Noticias\",\"item\":\"https:\\\/\\\/eldigitaldeasturias.com\\\/radio\\\/category\\\/noticias\\\/\",\"nextItem\":{\"@type\":\"ListItem\",\"@id\":\"https:\\\/\\\/eldigitaldeasturias.com\\\/radio\\\/los-ministros-de-exteriores-de-francia-y-alemania-viajaran-a-ucrania\\\/#listItem\",\"name\":\"Los ministros de Exteriores de Francia y Alemania viajar\\u00e1n a Ucrania\"},\"previousItem\":{\"@type\":\"ListItem\",\"@id\":\"https:\\\/\\\/eldigitaldeasturias.com\\\/radio#listItem\",\"name\":\"Inicio\"}},{\"@type\":\"ListItem\",\"@id\":\"https:\\\/\\\/eldigitaldeasturias.com\\\/radio\\\/los-ministros-de-exteriores-de-francia-y-alemania-viajaran-a-ucrania\\\/#listItem\",\"position\":3,\"name\":\"Los ministros de Exteriores de Francia y Alemania viajar\\u00e1n a Ucrania\",\"previousItem\":{\"@type\":\"ListItem\",\"@id\":\"https:\\\/\\\/eldigitaldeasturias.com\\\/radio\\\/category\\\/noticias\\\/#listItem\",\"name\":\"Noticias\"}}]},{\"@type\":\"NewsArticle\",\"@id\":\"https:\\\/\\\/eldigitaldeasturias.com\\\/radio\\\/los-ministros-de-exteriores-de-francia-y-alemania-viajaran-a-ucrania\\\/#newsarticle\",\"name\":\"Los ministros de Exteriores de Francia y Alemania viajar\\u00e1n a Ucrania | El Digital de Asturias\",\"headline\":\"Los ministros de Exteriores de Francia y Alemania viajar\\u00e1n a Ucrania\",\"author\":{\"@id\":\"https:\\\/\\\/eldigitaldeasturias.com\\\/radio\\\/author\\\/nbasturias\\\/#author\"},\"publisher\":{\"@id\":\"https:\\\/\\\/eldigitaldeasturias.com\\\/radio\\\/#organization\"},\"image\":{\"@type\":\"ImageObject\",\"url\":\"https:\\\/\\\/eldigitaldeasturias.com\\\/radio\\\/wp-content\\\/uploads\\\/2021\\\/08\\\/noticias-urgentes.jpg\",\"width\":640,\"height\":400,\"caption\":\"noticias\"},\"datePublished\":\"2022-01-29T16:16:16+01:00\",\"dateModified\":\"2022-01-29T16:16:16+01:00\",\"inLanguage\":\"es-ES\",\"mainEntityOfPage\":{\"@id\":\"https:\\\/\\\/eldigitaldeasturias.com\\\/radio\\\/los-ministros-de-exteriores-de-francia-y-alemania-viajaran-a-ucrania\\\/#webpage\"},\"isPartOf\":{\"@id\":\"https:\\\/\\\/eldigitaldeasturias.com\\\/radio\\\/los-ministros-de-exteriores-de-francia-y-alemania-viajaran-a-ucrania\\\/#webpage\"},\"articleSection\":\"Noticias\",\"dateline\":\"Publicado el enero 29, 2022.\"},{\"@type\":\"Organization\",\"@id\":\"https:\\\/\\\/eldigitaldeasturias.com\\\/radio\\\/#organization\",\"name\":\"El digital de Asturias Radio\",\"description\":\"Diario de informaci\\u00f3n y noticias\",\"url\":\"https:\\\/\\\/eldigitaldeasturias.com\\\/radio\\\/\",\"telephone\":\"+34652131393\",\"logo\":{\"@type\":\"ImageObject\",\"url\":\"https:\\\/\\\/www.eldigitaldeasturias.com\\\/radio\\\/wp-content\\\/uploads\\\/2021\\\/03\\\/EDA.jpg\",\"@id\":\"https:\\\/\\\/eldigitaldeasturias.com\\\/radio\\\/los-ministros-de-exteriores-de-francia-y-alemania-viajaran-a-ucrania\\\/#organizationLogo\"},\"image\":{\"@id\":\"https:\\\/\\\/eldigitaldeasturias.com\\\/radio\\\/los-ministros-de-exteriores-de-francia-y-alemania-viajaran-a-ucrania\\\/#organizationLogo\"},\"sameAs\":[\"https:\\\/\\\/www.facebook.com\\\/\",\"https:\\\/\\\/x.com\\\/bercodi\",\"https:\\\/\\\/www.instagram.com\\\/\",\"https:\\\/\\\/www.youtube.com\\\/channel\\\/UCZP-2wLEB9Rv6erhFmqVnvg\"]},{\"@type\":\"Person\",\"@id\":\"https:\\\/\\\/eldigitaldeasturias.com\\\/radio\\\/author\\\/nbasturias\\\/#author\",\"url\":\"https:\\\/\\\/eldigitaldeasturias.com\\\/radio\\\/author\\\/nbasturias\\\/\",\"name\":\"NBAsturias\",\"image\":{\"@type\":\"ImageObject\",\"@id\":\"https:\\\/\\\/eldigitaldeasturias.com\\\/radio\\\/los-ministros-de-exteriores-de-francia-y-alemania-viajaran-a-ucrania\\\/#authorImage\",\"url\":\"https:\\\/\\\/secure.gravatar.com\\\/avatar\\\/df2aeffc32bcd13f8d26072ef8a91b623d677766deac7f97ca815868cd41bf5e?s=96&d=mm&r=g\",\"width\":96,\"height\":96,\"caption\":\"NBAsturias\"}},{\"@type\":\"WebPage\",\"@id\":\"https:\\\/\\\/eldigitaldeasturias.com\\\/radio\\\/los-ministros-de-exteriores-de-francia-y-alemania-viajaran-a-ucrania\\\/#webpage\",\"url\":\"https:\\\/\\\/eldigitaldeasturias.com\\\/radio\\\/los-ministros-de-exteriores-de-francia-y-alemania-viajaran-a-ucrania\\\/\",\"name\":\"Los ministros de Exteriores de Francia y Alemania viajar\\u00e1n a Ucrania | El Digital de Asturias\",\"description\":\"El ministro de Exteriores de Francia, Jean-Yves Le Drian, ha anunciado este s\\u00e1bado que tanto \\u00e9l como su hom\\u00f3loga alemana, Annalena Baerbock, visitar\\u00e1n Ucrania\",\"inLanguage\":\"es-ES\",\"isPartOf\":{\"@id\":\"https:\\\/\\\/eldigitaldeasturias.com\\\/radio\\\/#website\"},\"breadcrumb\":{\"@id\":\"https:\\\/\\\/eldigitaldeasturias.com\\\/radio\\\/los-ministros-de-exteriores-de-francia-y-alemania-viajaran-a-ucrania\\\/#breadcrumblist\"},\"author\":{\"@id\":\"https:\\\/\\\/eldigitaldeasturias.com\\\/radio\\\/author\\\/nbasturias\\\/#author\"},\"creator\":{\"@id\":\"https:\\\/\\\/eldigitaldeasturias.com\\\/radio\\\/author\\\/nbasturias\\\/#author\"},\"image\":{\"@type\":\"ImageObject\",\"url\":\"https:\\\/\\\/eldigitaldeasturias.com\\\/radio\\\/wp-content\\\/uploads\\\/2021\\\/08\\\/noticias-urgentes.jpg\",\"@id\":\"https:\\\/\\\/eldigitaldeasturias.com\\\/radio\\\/los-ministros-de-exteriores-de-francia-y-alemania-viajaran-a-ucrania\\\/#mainImage\",\"width\":640,\"height\":400,\"caption\":\"noticias\"},\"primaryImageOfPage\":{\"@id\":\"https:\\\/\\\/eldigitaldeasturias.com\\\/radio\\\/los-ministros-de-exteriores-de-francia-y-alemania-viajaran-a-ucrania\\\/#mainImage\"},\"datePublished\":\"2022-01-29T16:16:16+01:00\",\"dateModified\":\"2022-01-29T16:16:16+01:00\"},{\"@type\":\"WebSite\",\"@id\":\"https:\\\/\\\/eldigitaldeasturias.com\\\/radio\\\/#website\",\"url\":\"https:\\\/\\\/eldigitaldeasturias.com\\\/radio\\\/\",\"name\":\"El Digital de Asturias\",\"description\":\"Diario de informaci\\u00f3n y noticias\",\"inLanguage\":\"es-ES\",\"publisher\":{\"@id\":\"https:\\\/\\\/eldigitaldeasturias.com\\\/radio\\\/#organization\"}}]}\n\t\t<\/script>\n\t\t<!-- All in One SEO Pro -->\r\n\t\t<title>Los ministros de Exteriores de Francia y Alemania viajar\u00e1n a Ucrania | El Digital de Asturias<\/title>\n\n","aioseo_head_json":{"title":"Los ministros de Exteriores de Francia y Alemania viajar\u00e1n a Ucrania | El Digital de Asturias","description":"El ministro de Exteriores de Francia, Jean-Yves Le Drian, ha anunciado este s\u00e1bado que tanto \u00e9l como su hom\u00f3loga alemana, Annalena Baerbock, visitar\u00e1n Ucrania","canonical_url":"https:\/\/eldigitaldeasturias.com\/radio\/los-ministros-de-exteriores-de-francia-y-alemania-viajaran-a-ucrania\/","robots":"max-image-preview:large","keywords":"noticias","webmasterTools":{"google-site-verification":"UA-38556648-1","miscellaneous":""},"schema":{"@context":"https:\/\/schema.org","@graph":[{"@type":"BreadcrumbList","@id":"https:\/\/eldigitaldeasturias.com\/radio\/los-ministros-de-exteriores-de-francia-y-alemania-viajaran-a-ucrania\/#breadcrumblist","itemListElement":[{"@type":"ListItem","@id":"https:\/\/eldigitaldeasturias.com\/radio#listItem","position":1,"name":"Inicio","item":"https:\/\/eldigitaldeasturias.com\/radio","nextItem":{"@type":"ListItem","@id":"https:\/\/eldigitaldeasturias.com\/radio\/category\/noticias\/#listItem","name":"Noticias"}},{"@type":"ListItem","@id":"https:\/\/eldigitaldeasturias.com\/radio\/category\/noticias\/#listItem","position":2,"name":"Noticias","item":"https:\/\/eldigitaldeasturias.com\/radio\/category\/noticias\/","nextItem":{"@type":"ListItem","@id":"https:\/\/eldigitaldeasturias.com\/radio\/los-ministros-de-exteriores-de-francia-y-alemania-viajaran-a-ucrania\/#listItem","name":"Los ministros de Exteriores de Francia y Alemania viajar\u00e1n a Ucrania"},"previousItem":{"@type":"ListItem","@id":"https:\/\/eldigitaldeasturias.com\/radio#listItem","name":"Inicio"}},{"@type":"ListItem","@id":"https:\/\/eldigitaldeasturias.com\/radio\/los-ministros-de-exteriores-de-francia-y-alemania-viajaran-a-ucrania\/#listItem","position":3,"name":"Los ministros de Exteriores de Francia y Alemania viajar\u00e1n a Ucrania","previousItem":{"@type":"ListItem","@id":"https:\/\/eldigitaldeasturias.com\/radio\/category\/noticias\/#listItem","name":"Noticias"}}]},{"@type":"NewsArticle","@id":"https:\/\/eldigitaldeasturias.com\/radio\/los-ministros-de-exteriores-de-francia-y-alemania-viajaran-a-ucrania\/#newsarticle","name":"Los ministros de Exteriores de Francia y Alemania viajar\u00e1n a Ucrania | El Digital de Asturias","headline":"Los ministros de Exteriores de Francia y Alemania viajar\u00e1n a Ucrania","author":{"@id":"https:\/\/eldigitaldeasturias.com\/radio\/author\/nbasturias\/#author"},"publisher":{"@id":"https:\/\/eldigitaldeasturias.com\/radio\/#organization"},"image":{"@type":"ImageObject","url":"https:\/\/eldigitaldeasturias.com\/radio\/wp-content\/uploads\/2021\/08\/noticias-urgentes.jpg","width":640,"height":400,"caption":"noticias"},"datePublished":"2022-01-29T16:16:16+01:00","dateModified":"2022-01-29T16:16:16+01:00","inLanguage":"es-ES","mainEntityOfPage":{"@id":"https:\/\/eldigitaldeasturias.com\/radio\/los-ministros-de-exteriores-de-francia-y-alemania-viajaran-a-ucrania\/#webpage"},"isPartOf":{"@id":"https:\/\/eldigitaldeasturias.com\/radio\/los-ministros-de-exteriores-de-francia-y-alemania-viajaran-a-ucrania\/#webpage"},"articleSection":"Noticias","dateline":"Publicado el enero 29, 2022."},{"@type":"Organization","@id":"https:\/\/eldigitaldeasturias.com\/radio\/#organization","name":"El digital de Asturias Radio","description":"Diario de informaci\u00f3n y noticias","url":"https:\/\/eldigitaldeasturias.com\/radio\/","telephone":"+34652131393","logo":{"@type":"ImageObject","url":"https:\/\/www.eldigitaldeasturias.com\/radio\/wp-content\/uploads\/2021\/03\/EDA.jpg","@id":"https:\/\/eldigitaldeasturias.com\/radio\/los-ministros-de-exteriores-de-francia-y-alemania-viajaran-a-ucrania\/#organizationLogo"},"image":{"@id":"https:\/\/eldigitaldeasturias.com\/radio\/los-ministros-de-exteriores-de-francia-y-alemania-viajaran-a-ucrania\/#organizationLogo"},"sameAs":["https:\/\/www.facebook.com\/","https:\/\/x.com\/bercodi","https:\/\/www.instagram.com\/","https:\/\/www.youtube.com\/channel\/UCZP-2wLEB9Rv6erhFmqVnvg"]},{"@type":"Person","@id":"https:\/\/eldigitaldeasturias.com\/radio\/author\/nbasturias\/#author","url":"https:\/\/eldigitaldeasturias.com\/radio\/author\/nbasturias\/","name":"NBAsturias","image":{"@type":"ImageObject","@id":"https:\/\/eldigitaldeasturias.com\/radio\/los-ministros-de-exteriores-de-francia-y-alemania-viajaran-a-ucrania\/#authorImage","url":"https:\/\/secure.gravatar.com\/avatar\/df2aeffc32bcd13f8d26072ef8a91b623d677766deac7f97ca815868cd41bf5e?s=96&d=mm&r=g","width":96,"height":96,"caption":"NBAsturias"}},{"@type":"WebPage","@id":"https:\/\/eldigitaldeasturias.com\/radio\/los-ministros-de-exteriores-de-francia-y-alemania-viajaran-a-ucrania\/#webpage","url":"https:\/\/eldigitaldeasturias.com\/radio\/los-ministros-de-exteriores-de-francia-y-alemania-viajaran-a-ucrania\/","name":"Los ministros de Exteriores de Francia y Alemania viajar\u00e1n a Ucrania | El Digital de Asturias","description":"El ministro de Exteriores de Francia, Jean-Yves Le Drian, ha anunciado este s\u00e1bado que tanto \u00e9l como su hom\u00f3loga alemana, Annalena Baerbock, visitar\u00e1n Ucrania","inLanguage":"es-ES","isPartOf":{"@id":"https:\/\/eldigitaldeasturias.com\/radio\/#website"},"breadcrumb":{"@id":"https:\/\/eldigitaldeasturias.com\/radio\/los-ministros-de-exteriores-de-francia-y-alemania-viajaran-a-ucrania\/#breadcrumblist"},"author":{"@id":"https:\/\/eldigitaldeasturias.com\/radio\/author\/nbasturias\/#author"},"creator":{"@id":"https:\/\/eldigitaldeasturias.com\/radio\/author\/nbasturias\/#author"},"image":{"@type":"ImageObject","url":"https:\/\/eldigitaldeasturias.com\/radio\/wp-content\/uploads\/2021\/08\/noticias-urgentes.jpg","@id":"https:\/\/eldigitaldeasturias.com\/radio\/los-ministros-de-exteriores-de-francia-y-alemania-viajaran-a-ucrania\/#mainImage","width":640,"height":400,"caption":"noticias"},"primaryImageOfPage":{"@id":"https:\/\/eldigitaldeasturias.com\/radio\/los-ministros-de-exteriores-de-francia-y-alemania-viajaran-a-ucrania\/#mainImage"},"datePublished":"2022-01-29T16:16:16+01:00","dateModified":"2022-01-29T16:16:16+01:00"},{"@type":"WebSite","@id":"https:\/\/eldigitaldeasturias.com\/radio\/#website","url":"https:\/\/eldigitaldeasturias.com\/radio\/","name":"El Digital de Asturias","description":"Diario de informaci\u00f3n y noticias","inLanguage":"es-ES","publisher":{"@id":"https:\/\/eldigitaldeasturias.com\/radio\/#organization"}}]},"og:locale":"es_ES","og:site_name":"El Digital de Asturias | Diario de informaci\u00f3n y noticias","og:type":"article","og:title":"Los ministros de Exteriores de Francia y Alemania viajar\u00e1n a Ucrania | El Digital de Asturias","og:description":"El ministro de Exteriores de Francia, Jean-Yves Le Drian, ha anunciado este s\u00e1bado que tanto \u00e9l como su hom\u00f3loga alemana, Annalena Baerbock, visitar\u00e1n Ucrania","og:url":"https:\/\/eldigitaldeasturias.com\/radio\/los-ministros-de-exteriores-de-francia-y-alemania-viajaran-a-ucrania\/","og:image":"https:\/\/eldigitaldeasturias.com\/radio\/wp-content\/uploads\/2021\/08\/noticias-urgentes.jpg","og:image:secure_url":"https:\/\/eldigitaldeasturias.com\/radio\/wp-content\/uploads\/2021\/08\/noticias-urgentes.jpg","og:image:width":640,"og:image:height":400,"article:published_time":"2022-01-29T16:16:16+00:00","article:modified_time":"2022-01-29T16:16:16+00:00","twitter:card":"summary_large_image","twitter:site":"@bercodi","twitter:title":"Los ministros de Exteriores de Francia y Alemania viajar\u00e1n a Ucrania | El Digital de Asturias","twitter:description":"El ministro de Exteriores de Francia, Jean-Yves Le Drian, ha anunciado este s\u00e1bado que tanto \u00e9l como su hom\u00f3loga alemana, Annalena Baerbock, visitar\u00e1n Ucrania","twitter:creator":"@bercodi","twitter:image":"https:\/\/eldigitaldeasturias.com\/radio\/wp-content\/uploads\/2021\/08\/noticias-urgentes.jpg"},"aioseo_meta_data":{"post_id":"6528","title":null,"description":"El ministro de Exteriores de Francia, Jean-Yves Le Drian, ha anunciado este s\u00e1bado que tanto \u00e9l como su hom\u00f3loga alemana, Annalena Baerbock, visitar\u00e1n Ucrania","keywords":[],"keyphrases":{"focus":{"keyphrase":"Ucrania","score":100,"analysis":{"keyphraseInTitle":{"title":"Focus keyphrase in SEO title","description":"Focus keyphrase found in SEO title.","score":9,"maxScore":9,"error":0},"keyphraseInDescription":{"title":"Focus keyphrase in meta description","description":"Focus keyphrase found in meta description.","score":9,"maxScore":9,"error":0},"keyphraseInURL":[],"keyphraseLength":{"title":"Focus keyphrase length","description":"Good job!","score":9,"maxScore":9,"error":0,"length":1},"keyphraseInIntroduction":{"title":"Focus keyphrase in introduction","description":"Your Focus keyphrase appears in the first paragraph. Well done!","score":9,"maxScore":9,"error":0},"keyphraseInSubHeadings":[],"keyphraseInImageAlt":[]}},"additional":[]},"primary_term":null,"canonical_url":null,"og_title":null,"og_description":null,"og_object_type":"default","og_image_type":"default","og_image_url":null,"og_image_width":null,"og_image_height":null,"og_image_custom_url":null,"og_image_custom_fields":null,"og_video":"","og_custom_url":null,"og_article_section":null,"og_article_tags":[],"twitter_use_og":false,"twitter_card":"default","twitter_image_type":"default","twitter_image_url":null,"twitter_image_custom_url":null,"twitter_image_custom_fields":null,"twitter_title":null,"twitter_description":null,"schema":{"blockGraphs":[],"customGraphs":[],"default":{"data":{"Article":[],"Course":[],"Dataset":[],"FAQPage":[],"Movie":[],"Person":[],"Product":[],"ProductReview":[],"Car":[],"Recipe":[],"Service":[],"SoftwareApplication":[],"WebPage":[]},"graphName":"","isEnabled":true},"graphs":[],"defaultGraph":"Article","defaultPostTypeGraph":""},"schema_type":"default","schema_type_options":"{\"article\":{\"articleType\":\"BlogPosting\"},\"course\":{\"name\":\"\",\"description\":\"\",\"provider\":\"\"},\"faq\":{\"pages\":[]},\"product\":{\"reviews\":[]},\"recipe\":{\"ingredients\":[],\"instructions\":[],\"keywords\":[]},\"software\":{\"reviews\":[],\"operatingSystems\":[]},\"webPage\":{\"webPageType\":\"WebPage\"}}","pillar_content":false,"robots_default":true,"robots_noindex":false,"robots_noarchive":false,"robots_nosnippet":false,"robots_nofollow":false,"robots_noimageindex":false,"robots_noodp":false,"robots_notranslate":false,"robots_max_snippet":"-1","robots_max_videopreview":"-1","robots_max_imagepreview":"large","priority":null,"frequency":"default","location":null,"local_seo":null,"seo_analyzer_scan_date":"2025-08-28 19:25:34","breadcrumb_settings":null,"limit_modified_date":false,"open_ai":null,"ai":null,"created":"2022-01-29 16:15:05","updated":"2025-08-28 19:25:34"},"aioseo_breadcrumb":"<div class=\"aioseo-breadcrumbs\"><span class=\"aioseo-breadcrumb\">\n\t<a href=\"https:\/\/eldigitaldeasturias.com\/radio\" title=\"Inicio\">Inicio<\/a>\n<\/span><span class=\"aioseo-breadcrumb-separator\">&ndash;<\/span><span class=\"aioseo-breadcrumb\">\n\t<a href=\"https:\/\/eldigitaldeasturias.com\/radio\/category\/noticias\/\" title=\"Noticias\">Noticias<\/a>\n<\/span><span class=\"aioseo-breadcrumb-separator\">&ndash;<\/span><span class=\"aioseo-breadcrumb\">\n\tLos ministros de Exteriores de Francia y Alemania viajar\u00e1n a Ucrania\n<\/span><\/div>","aioseo_breadcrumb_json":[{"label":"Inicio","link":"https:\/\/eldigitaldeasturias.com\/radio"},{"label":"Noticias","link":"https:\/\/eldigitaldeasturias.com\/radio\/category\/noticias\/"},{"label":"Los ministros de Exteriores de Francia y Alemania viajar\u00e1n a Ucrania","link":"https:\/\/eldigitaldeasturias.com\/radio\/los-ministros-de-exteriores-de-francia-y-alemania-viajaran-a-ucrania\/"}],"_links":{"self":[{"href":"https:\/\/eldigitaldeasturias.com\/radio\/wp-json\/wp\/v2\/posts\/6528","targetHints":{"allow":["GET"]}}],"collection":[{"href":"https:\/\/eldigitaldeasturias.com\/radio\/wp-json\/wp\/v2\/posts"}],"about":[{"href":"https:\/\/eldigitaldeasturias.com\/radio\/wp-json\/wp\/v2\/types\/post"}],"author":[{"embeddable":true,"href":"https:\/\/eldigitaldeasturias.com\/radio\/wp-json\/wp\/v2\/users\/1"}],"replies":[{"embeddable":true,"href":"https:\/\/eldigitaldeasturias.com\/radio\/wp-json\/wp\/v2\/comments?post=6528"}],"version-history":[{"count":0,"href":"https:\/\/eldigitaldeasturias.com\/radio\/wp-json\/wp\/v2\/posts\/6528\/revisions"}],"wp:featuredmedia":[{"embeddable":true,"href":"https:\/\/eldigitaldeasturias.com\/radio\/wp-json\/wp\/v2\/media\/6133"}],"wp:attachment":[{"href":"https:\/\/eldigitaldeasturias.com\/radio\/wp-json\/wp\/v2\/media?parent=6528"}],"wp:term":[{"taxonomy":"category","embeddable":true,"href":"https:\/\/eldigitaldeasturias.com\/radio\/wp-json\/wp\/v2\/categories?post=6528"},{"taxonomy":"post_tag","embeddable":true,"href":"https:\/\/eldigitaldeasturias.com\/radio\/wp-json\/wp\/v2\/tags?post=6528"}],"curies":[{"name":"wp","href":"https:\/\/api.w.org\/{rel}","templated":true}]}}