{"id":6445,"date":"2022-01-11T11:18:28","date_gmt":"2022-01-11T11:18:28","guid":{"rendered":"http:\/\/eldigitaldeasturias.com\/radio\/?p=6445"},"modified":"2022-01-11T11:18:28","modified_gmt":"2022-01-11T11:18:28","slug":"herramientas-de-jardineria-para-el-mantenimiento-de-exteriores-en-invierno","status":"publish","type":"post","link":"https:\/\/eldigitaldeasturias.com\/radio\/herramientas-de-jardineria-para-el-mantenimiento-de-exteriores-en-invierno\/","title":{"rendered":"Herramientas de jardiner\u00eda para el mantenimiento de exteriores en invierno"},"content":{"rendered":"<p>Cuidar de <strong>nuestro jard\u00edn<\/strong> es importante, y lo debemos hacer durante todas las \u00e9pocas del a\u00f1o, pero cuando llega el invierno es momento de prestar m\u00e1s atenci\u00f3n a nuestras <strong>plantas y zonas verdes<\/strong>, en el caso de que seas de los que desea y quiere tener un bonito jard\u00edn o quieras tener sanas todas tus plantas te recomendamos que sigas los consejos que encontrar\u00e1s en la <a href=\"https:\/\/decoandlemon.com\/blog\/el-cuidado-de-exteriores-de-casa-se-extiende-todo-el-ano\/\" target=\"_blank\" rel=\"noopener\"><span style=\"color: #ff6600;\"><strong>tienda de decoraci\u00f3n deco&amp;lemon<\/strong><\/span><\/a><\/p>\n<p><img fetchpriority=\"high\" decoding=\"async\" class=\"aligncenter wp-image-6446 size-full\" src=\"https:\/\/eldigitaldeasturias.com\/radio\/wp-content\/uploads\/2022\/01\/jardin.jpg\" alt=\"jard\u00edn\" width=\"640\" height=\"393\" srcset=\"https:\/\/eldigitaldeasturias.com\/radio\/wp-content\/uploads\/2022\/01\/jardin.jpg 640w, https:\/\/eldigitaldeasturias.com\/radio\/wp-content\/uploads\/2022\/01\/jardin-360x221.jpg 360w, https:\/\/eldigitaldeasturias.com\/radio\/wp-content\/uploads\/2022\/01\/jardin-150x92.jpg 150w, https:\/\/eldigitaldeasturias.com\/radio\/wp-content\/uploads\/2022\/01\/jardin-450x276.jpg 450w\" sizes=\"(max-width: 640px) 100vw, 640px\" \/><\/p>\n<blockquote><p>\u201cEn la temporada invernal, lo m\u00e1s importante es proteger nuestros cultivos de las heladas. Para ello, es important\u00edsimo armarse de lonas e invernaderos para que la vegetaci\u00f3n m\u00e1s vulnerable no se vea afectada\u201d, nos comentan los expertos de Deco and Lemon.<\/p><\/blockquote>\n<p><strong>Jardines y terrazas, zonas verdes en la que deseamos pasar m\u00e1s tiempo y en la que deseamos disfrutar de una atm\u00f3sfera positiva<\/strong>, o al menos eso debe ser el objetivo, \u00bfpero c\u00f3mo lograrlo?, cari\u00f1o y mucho amor, esas son las dos palabras clave para poder sacar adelante nuestras plantas en cualquier \u00e9poca del a\u00f1o, y <strong>mucho m\u00e1s en invierno<\/strong>, pues una inesperada nevada o granizada puede da\u00f1ar todo lo que hemos cultivado y cuidado con mucho cari\u00f1o durante el a\u00f1o.<\/p>\n<h2>Vivir y disfrutar<\/h2>\n<p>Los jardines son lugares en los que podemos vivir y disfrutar, en los que podemos sentarnos a leer, a pensar o a comer con nuestra gente, de ah\u00ed lo importancia de cuidar bien el c\u00e9sped.<br \/>\n<strong>Y no debemos olvidarnos de las plantas que conviven con nosotros<\/strong>, las que tenemos en casa, en nuestra oficina o las que nos han regalado, todas necesitan atenciones y buenas herramientas para un buen cuidado,<\/p>\n<p>Vivir en un entorno de colores y olores agradables requiere de constancia o podemos dejarlo en manos de expertos y profesionales que hagan las tareas por nosotros, <strong>pero seguramente que disfrutar\u00e1s mucho m\u00e1s siendo la persona que han plantado, cuidado y mimado sus zonas verdes<\/strong>.<\/p>\n<h2>\u00bfLas mejores herramientas?<\/h2>\n<p><strong>Cortacesped, tijeras, sistemas de riego, o peque\u00f1os invernaderos pueden ser la soluci\u00f3n a nuestras necesidades<\/strong>, todo depender\u00e1 de lo que tengamos y del cuidado que necesite, por eso antes de comprar una planta o a\u00f1adir un nuevo \u00e1rbol a nuestro jard\u00edn <strong>debemos saber su origen, cuidados y \u00e9pocas para podar o sanear<\/strong>.<\/p>\n<p>Las <strong>regaderas de toda la vida<\/strong> tambi\u00e9n son herramientas muy \u00fatiles que nos sirven para darles mucho m\u00e1s cari\u00f1o y amor a nuestras plantas, pero tambi\u00e9n debes pensar en ti, por eso necesitar\u00e1s <strong>estar bien equipada con gafas en caso de que uses maquinaria, botas para andar por el terreno y guantes<\/strong> para evitar cortes o cualquier otro tipo de herida.<\/p>\n<p>Un bonito jard\u00edn necesita cuidado, pero es posible tenerlo limpio y en perfecto estado durante todo el a\u00f1o, <strong>para ellos tienes expertos que te pueden ofrecer tips y consejos muy \u00fatiles, Deco and Lemon.tiene para ti experiencia <\/strong>y todo lo que necesitas, pues en la vida vamos aprendiendo d\u00eda a d\u00eda, y el mundo de las plantas y de la jardiner\u00eda requiere de paciencia, amor y ante todo buenas herramientas para cuidar de lo nuestro.<\/p>\n<p>Invertir en calidad, tener siempre en buen estado nuestros utensilios y herramientas de trabajo, y tener ganas y tiempo es la clave de todo, pero lo m\u00e1s importante es saber<strong> construir y cuidar un bonito jard\u00edn o zona verde en nuestra casa, finca o terraza<\/strong>, opciones hay muchas, elige y cuida la tuya.<\/p>\n","protected":false},"excerpt":{"rendered":"<p>Cuidar de nuestro jard\u00edn es importante, y lo debemos hacer durante todas las \u00e9pocas del a\u00f1o, pero cuando llega el invierno es momento de prestar m\u00e1s atenci\u00f3n a nuestras plantas y zonas verdes, en el caso de que seas de los que desea y quiere tener un bonito jard\u00edn o quieras tener sanas todas tus<\/p>\n","protected":false},"author":1,"featured_media":6446,"comment_status":"closed","ping_status":"closed","sticky":false,"template":"","format":"standard","meta":{"footnotes":""},"categories":[38],"tags":[102,45],"class_list":{"0":"post-6445","1":"post","2":"type-post","3":"status-publish","4":"format-standard","5":"has-post-thumbnail","7":"category-live","8":"tag-hogar","9":"tag-sociedad"},"aioseo_notices":[],"aioseo_head":"\n\t\t<!-- All in One SEO Pro 4.9.6.2 - aioseo.com -->\n\t<meta name=\"description\" content=\"Cuidar de nuestro jard\u00edn es importante, y lo debemos hacer durante todas las \u00e9pocas del a\u00f1o, pero cuando llega el invierno es momento de prestar m\u00e1s atenci\u00f3n\" \/>\n\t<meta name=\"robots\" content=\"max-image-preview:large\" \/>\n\t<meta name=\"author\" content=\"NBAsturias\"\/>\n\t<meta name=\"google-site-verification\" content=\"UA-38556648-1\" \/>\n\t<meta name=\"keywords\" content=\"live\" \/>\n\t<link rel=\"canonical\" href=\"https:\/\/eldigitaldeasturias.com\/radio\/herramientas-de-jardineria-para-el-mantenimiento-de-exteriores-en-invierno\/\" \/>\n\t<meta name=\"generator\" content=\"All in One SEO Pro (AIOSEO) 4.9.6.2\" \/>\n\t\t<meta property=\"og:locale\" content=\"es_ES\" \/>\n\t\t<meta property=\"og:site_name\" content=\"El Digital de Asturias | Diario de informaci\u00f3n y noticias\" \/>\n\t\t<meta property=\"og:type\" content=\"article\" \/>\n\t\t<meta property=\"og:title\" content=\"Herramientas de jardiner\u00eda para el mantenimiento de exteriores en invierno | El Digital de Asturias\" \/>\n\t\t<meta property=\"og:description\" content=\"Cuidar de nuestro jard\u00edn es importante, y lo debemos hacer durante todas las \u00e9pocas del a\u00f1o, pero cuando llega el invierno es momento de prestar m\u00e1s atenci\u00f3n\" \/>\n\t\t<meta property=\"og:url\" content=\"https:\/\/eldigitaldeasturias.com\/radio\/herramientas-de-jardineria-para-el-mantenimiento-de-exteriores-en-invierno\/\" \/>\n\t\t<meta property=\"og:image\" content=\"https:\/\/eldigitaldeasturias.com\/radio\/wp-content\/uploads\/2022\/01\/jardin.jpg\" \/>\n\t\t<meta property=\"og:image:secure_url\" content=\"https:\/\/eldigitaldeasturias.com\/radio\/wp-content\/uploads\/2022\/01\/jardin.jpg\" \/>\n\t\t<meta property=\"og:image:width\" content=\"640\" \/>\n\t\t<meta property=\"og:image:height\" content=\"393\" \/>\n\t\t<meta property=\"article:published_time\" content=\"2022-01-11T11:18:28+00:00\" \/>\n\t\t<meta property=\"article:modified_time\" content=\"2022-01-11T11:18:28+00:00\" \/>\n\t\t<meta name=\"twitter:card\" content=\"summary_large_image\" \/>\n\t\t<meta name=\"twitter:site\" content=\"@bercodi\" \/>\n\t\t<meta name=\"twitter:title\" content=\"Herramientas de jardiner\u00eda para el mantenimiento de exteriores en invierno | El Digital de Asturias\" \/>\n\t\t<meta name=\"twitter:description\" content=\"Cuidar de nuestro jard\u00edn es importante, y lo debemos hacer durante todas las \u00e9pocas del a\u00f1o, pero cuando llega el invierno es momento de prestar m\u00e1s atenci\u00f3n\" \/>\n\t\t<meta name=\"twitter:creator\" content=\"@bercodi\" \/>\n\t\t<meta name=\"twitter:image\" content=\"https:\/\/eldigitaldeasturias.com\/radio\/wp-content\/uploads\/2022\/01\/jardin.jpg\" \/>\n\t\t<script type=\"application\/ld+json\" class=\"aioseo-schema\">\n\t\t\t{\"@context\":\"https:\\\/\\\/schema.org\",\"@graph\":[{\"@type\":\"BreadcrumbList\",\"@id\":\"https:\\\/\\\/eldigitaldeasturias.com\\\/radio\\\/herramientas-de-jardineria-para-el-mantenimiento-de-exteriores-en-invierno\\\/#breadcrumblist\",\"itemListElement\":[{\"@type\":\"ListItem\",\"@id\":\"https:\\\/\\\/eldigitaldeasturias.com\\\/radio#listItem\",\"position\":1,\"name\":\"Inicio\",\"item\":\"https:\\\/\\\/eldigitaldeasturias.com\\\/radio\",\"nextItem\":{\"@type\":\"ListItem\",\"@id\":\"https:\\\/\\\/eldigitaldeasturias.com\\\/radio\\\/category\\\/live\\\/#listItem\",\"name\":\"Live\"}},{\"@type\":\"ListItem\",\"@id\":\"https:\\\/\\\/eldigitaldeasturias.com\\\/radio\\\/category\\\/live\\\/#listItem\",\"position\":2,\"name\":\"Live\",\"item\":\"https:\\\/\\\/eldigitaldeasturias.com\\\/radio\\\/category\\\/live\\\/\",\"nextItem\":{\"@type\":\"ListItem\",\"@id\":\"https:\\\/\\\/eldigitaldeasturias.com\\\/radio\\\/herramientas-de-jardineria-para-el-mantenimiento-de-exteriores-en-invierno\\\/#listItem\",\"name\":\"Herramientas de jardiner\\u00eda para el mantenimiento de exteriores en invierno\"},\"previousItem\":{\"@type\":\"ListItem\",\"@id\":\"https:\\\/\\\/eldigitaldeasturias.com\\\/radio#listItem\",\"name\":\"Inicio\"}},{\"@type\":\"ListItem\",\"@id\":\"https:\\\/\\\/eldigitaldeasturias.com\\\/radio\\\/herramientas-de-jardineria-para-el-mantenimiento-de-exteriores-en-invierno\\\/#listItem\",\"position\":3,\"name\":\"Herramientas de jardiner\\u00eda para el mantenimiento de exteriores en invierno\",\"previousItem\":{\"@type\":\"ListItem\",\"@id\":\"https:\\\/\\\/eldigitaldeasturias.com\\\/radio\\\/category\\\/live\\\/#listItem\",\"name\":\"Live\"}}]},{\"@type\":\"NewsArticle\",\"@id\":\"https:\\\/\\\/eldigitaldeasturias.com\\\/radio\\\/herramientas-de-jardineria-para-el-mantenimiento-de-exteriores-en-invierno\\\/#newsarticle\",\"name\":\"Herramientas de jardiner\\u00eda para el mantenimiento de exteriores en invierno | El Digital de Asturias\",\"headline\":\"Herramientas de jardiner\\u00eda para el mantenimiento de exteriores en invierno\",\"author\":{\"@id\":\"https:\\\/\\\/eldigitaldeasturias.com\\\/radio\\\/author\\\/nbasturias\\\/#author\"},\"publisher\":{\"@id\":\"https:\\\/\\\/eldigitaldeasturias.com\\\/radio\\\/#organization\"},\"image\":{\"@type\":\"ImageObject\",\"url\":\"https:\\\/\\\/eldigitaldeasturias.com\\\/radio\\\/wp-content\\\/uploads\\\/2022\\\/01\\\/jardin.jpg\",\"width\":640,\"height\":393,\"caption\":\"jard\\u00edn\"},\"datePublished\":\"2022-01-11T11:18:28+01:00\",\"dateModified\":\"2022-01-11T11:18:28+01:00\",\"inLanguage\":\"es-ES\",\"mainEntityOfPage\":{\"@id\":\"https:\\\/\\\/eldigitaldeasturias.com\\\/radio\\\/herramientas-de-jardineria-para-el-mantenimiento-de-exteriores-en-invierno\\\/#webpage\"},\"isPartOf\":{\"@id\":\"https:\\\/\\\/eldigitaldeasturias.com\\\/radio\\\/herramientas-de-jardineria-para-el-mantenimiento-de-exteriores-en-invierno\\\/#webpage\"},\"articleSection\":\"Live, hogar, Sociedad\",\"dateline\":\"Publicado el enero 11, 2022.\"},{\"@type\":\"Organization\",\"@id\":\"https:\\\/\\\/eldigitaldeasturias.com\\\/radio\\\/#organization\",\"name\":\"El digital de Asturias Radio\",\"description\":\"Diario de informaci\\u00f3n y noticias\",\"url\":\"https:\\\/\\\/eldigitaldeasturias.com\\\/radio\\\/\",\"telephone\":\"+34652131393\",\"logo\":{\"@type\":\"ImageObject\",\"url\":\"https:\\\/\\\/www.eldigitaldeasturias.com\\\/radio\\\/wp-content\\\/uploads\\\/2021\\\/03\\\/EDA.jpg\",\"@id\":\"https:\\\/\\\/eldigitaldeasturias.com\\\/radio\\\/herramientas-de-jardineria-para-el-mantenimiento-de-exteriores-en-invierno\\\/#organizationLogo\"},\"image\":{\"@id\":\"https:\\\/\\\/eldigitaldeasturias.com\\\/radio\\\/herramientas-de-jardineria-para-el-mantenimiento-de-exteriores-en-invierno\\\/#organizationLogo\"},\"sameAs\":[\"https:\\\/\\\/www.facebook.com\\\/\",\"https:\\\/\\\/x.com\\\/bercodi\",\"https:\\\/\\\/www.instagram.com\\\/\",\"https:\\\/\\\/www.youtube.com\\\/channel\\\/UCZP-2wLEB9Rv6erhFmqVnvg\"]},{\"@type\":\"Person\",\"@id\":\"https:\\\/\\\/eldigitaldeasturias.com\\\/radio\\\/author\\\/nbasturias\\\/#author\",\"url\":\"https:\\\/\\\/eldigitaldeasturias.com\\\/radio\\\/author\\\/nbasturias\\\/\",\"name\":\"NBAsturias\",\"image\":{\"@type\":\"ImageObject\",\"@id\":\"https:\\\/\\\/eldigitaldeasturias.com\\\/radio\\\/herramientas-de-jardineria-para-el-mantenimiento-de-exteriores-en-invierno\\\/#authorImage\",\"url\":\"https:\\\/\\\/secure.gravatar.com\\\/avatar\\\/df2aeffc32bcd13f8d26072ef8a91b623d677766deac7f97ca815868cd41bf5e?s=96&d=mm&r=g\",\"width\":96,\"height\":96,\"caption\":\"NBAsturias\"}},{\"@type\":\"WebPage\",\"@id\":\"https:\\\/\\\/eldigitaldeasturias.com\\\/radio\\\/herramientas-de-jardineria-para-el-mantenimiento-de-exteriores-en-invierno\\\/#webpage\",\"url\":\"https:\\\/\\\/eldigitaldeasturias.com\\\/radio\\\/herramientas-de-jardineria-para-el-mantenimiento-de-exteriores-en-invierno\\\/\",\"name\":\"Herramientas de jardiner\\u00eda para el mantenimiento de exteriores en invierno | El Digital de Asturias\",\"description\":\"Cuidar de nuestro jard\\u00edn es importante, y lo debemos hacer durante todas las \\u00e9pocas del a\\u00f1o, pero cuando llega el invierno es momento de prestar m\\u00e1s atenci\\u00f3n\",\"inLanguage\":\"es-ES\",\"isPartOf\":{\"@id\":\"https:\\\/\\\/eldigitaldeasturias.com\\\/radio\\\/#website\"},\"breadcrumb\":{\"@id\":\"https:\\\/\\\/eldigitaldeasturias.com\\\/radio\\\/herramientas-de-jardineria-para-el-mantenimiento-de-exteriores-en-invierno\\\/#breadcrumblist\"},\"author\":{\"@id\":\"https:\\\/\\\/eldigitaldeasturias.com\\\/radio\\\/author\\\/nbasturias\\\/#author\"},\"creator\":{\"@id\":\"https:\\\/\\\/eldigitaldeasturias.com\\\/radio\\\/author\\\/nbasturias\\\/#author\"},\"image\":{\"@type\":\"ImageObject\",\"url\":\"https:\\\/\\\/eldigitaldeasturias.com\\\/radio\\\/wp-content\\\/uploads\\\/2022\\\/01\\\/jardin.jpg\",\"@id\":\"https:\\\/\\\/eldigitaldeasturias.com\\\/radio\\\/herramientas-de-jardineria-para-el-mantenimiento-de-exteriores-en-invierno\\\/#mainImage\",\"width\":640,\"height\":393,\"caption\":\"jard\\u00edn\"},\"primaryImageOfPage\":{\"@id\":\"https:\\\/\\\/eldigitaldeasturias.com\\\/radio\\\/herramientas-de-jardineria-para-el-mantenimiento-de-exteriores-en-invierno\\\/#mainImage\"},\"datePublished\":\"2022-01-11T11:18:28+01:00\",\"dateModified\":\"2022-01-11T11:18:28+01:00\"},{\"@type\":\"WebSite\",\"@id\":\"https:\\\/\\\/eldigitaldeasturias.com\\\/radio\\\/#website\",\"url\":\"https:\\\/\\\/eldigitaldeasturias.com\\\/radio\\\/\",\"name\":\"El Digital de Asturias\",\"description\":\"Diario de informaci\\u00f3n y noticias\",\"inLanguage\":\"es-ES\",\"publisher\":{\"@id\":\"https:\\\/\\\/eldigitaldeasturias.com\\\/radio\\\/#organization\"}}]}\n\t\t<\/script>\n\t\t<!-- All in One SEO Pro -->\r\n\t\t<title>Herramientas de jardiner\u00eda para el mantenimiento de exteriores en invierno | El Digital de Asturias<\/title>\n\n","aioseo_head_json":{"title":"Herramientas de jardiner\u00eda para el mantenimiento de exteriores en invierno | El Digital de Asturias","description":"Cuidar de nuestro jard\u00edn es importante, y lo debemos hacer durante todas las \u00e9pocas del a\u00f1o, pero cuando llega el invierno es momento de prestar m\u00e1s atenci\u00f3n","canonical_url":"https:\/\/eldigitaldeasturias.com\/radio\/herramientas-de-jardineria-para-el-mantenimiento-de-exteriores-en-invierno\/","robots":"max-image-preview:large","keywords":"live","webmasterTools":{"google-site-verification":"UA-38556648-1","miscellaneous":""},"schema":{"@context":"https:\/\/schema.org","@graph":[{"@type":"BreadcrumbList","@id":"https:\/\/eldigitaldeasturias.com\/radio\/herramientas-de-jardineria-para-el-mantenimiento-de-exteriores-en-invierno\/#breadcrumblist","itemListElement":[{"@type":"ListItem","@id":"https:\/\/eldigitaldeasturias.com\/radio#listItem","position":1,"name":"Inicio","item":"https:\/\/eldigitaldeasturias.com\/radio","nextItem":{"@type":"ListItem","@id":"https:\/\/eldigitaldeasturias.com\/radio\/category\/live\/#listItem","name":"Live"}},{"@type":"ListItem","@id":"https:\/\/eldigitaldeasturias.com\/radio\/category\/live\/#listItem","position":2,"name":"Live","item":"https:\/\/eldigitaldeasturias.com\/radio\/category\/live\/","nextItem":{"@type":"ListItem","@id":"https:\/\/eldigitaldeasturias.com\/radio\/herramientas-de-jardineria-para-el-mantenimiento-de-exteriores-en-invierno\/#listItem","name":"Herramientas de jardiner\u00eda para el mantenimiento de exteriores en invierno"},"previousItem":{"@type":"ListItem","@id":"https:\/\/eldigitaldeasturias.com\/radio#listItem","name":"Inicio"}},{"@type":"ListItem","@id":"https:\/\/eldigitaldeasturias.com\/radio\/herramientas-de-jardineria-para-el-mantenimiento-de-exteriores-en-invierno\/#listItem","position":3,"name":"Herramientas de jardiner\u00eda para el mantenimiento de exteriores en invierno","previousItem":{"@type":"ListItem","@id":"https:\/\/eldigitaldeasturias.com\/radio\/category\/live\/#listItem","name":"Live"}}]},{"@type":"NewsArticle","@id":"https:\/\/eldigitaldeasturias.com\/radio\/herramientas-de-jardineria-para-el-mantenimiento-de-exteriores-en-invierno\/#newsarticle","name":"Herramientas de jardiner\u00eda para el mantenimiento de exteriores en invierno | El Digital de Asturias","headline":"Herramientas de jardiner\u00eda para el mantenimiento de exteriores en invierno","author":{"@id":"https:\/\/eldigitaldeasturias.com\/radio\/author\/nbasturias\/#author"},"publisher":{"@id":"https:\/\/eldigitaldeasturias.com\/radio\/#organization"},"image":{"@type":"ImageObject","url":"https:\/\/eldigitaldeasturias.com\/radio\/wp-content\/uploads\/2022\/01\/jardin.jpg","width":640,"height":393,"caption":"jard\u00edn"},"datePublished":"2022-01-11T11:18:28+01:00","dateModified":"2022-01-11T11:18:28+01:00","inLanguage":"es-ES","mainEntityOfPage":{"@id":"https:\/\/eldigitaldeasturias.com\/radio\/herramientas-de-jardineria-para-el-mantenimiento-de-exteriores-en-invierno\/#webpage"},"isPartOf":{"@id":"https:\/\/eldigitaldeasturias.com\/radio\/herramientas-de-jardineria-para-el-mantenimiento-de-exteriores-en-invierno\/#webpage"},"articleSection":"Live, hogar, Sociedad","dateline":"Publicado el enero 11, 2022."},{"@type":"Organization","@id":"https:\/\/eldigitaldeasturias.com\/radio\/#organization","name":"El digital de Asturias Radio","description":"Diario de informaci\u00f3n y noticias","url":"https:\/\/eldigitaldeasturias.com\/radio\/","telephone":"+34652131393","logo":{"@type":"ImageObject","url":"https:\/\/www.eldigitaldeasturias.com\/radio\/wp-content\/uploads\/2021\/03\/EDA.jpg","@id":"https:\/\/eldigitaldeasturias.com\/radio\/herramientas-de-jardineria-para-el-mantenimiento-de-exteriores-en-invierno\/#organizationLogo"},"image":{"@id":"https:\/\/eldigitaldeasturias.com\/radio\/herramientas-de-jardineria-para-el-mantenimiento-de-exteriores-en-invierno\/#organizationLogo"},"sameAs":["https:\/\/www.facebook.com\/","https:\/\/x.com\/bercodi","https:\/\/www.instagram.com\/","https:\/\/www.youtube.com\/channel\/UCZP-2wLEB9Rv6erhFmqVnvg"]},{"@type":"Person","@id":"https:\/\/eldigitaldeasturias.com\/radio\/author\/nbasturias\/#author","url":"https:\/\/eldigitaldeasturias.com\/radio\/author\/nbasturias\/","name":"NBAsturias","image":{"@type":"ImageObject","@id":"https:\/\/eldigitaldeasturias.com\/radio\/herramientas-de-jardineria-para-el-mantenimiento-de-exteriores-en-invierno\/#authorImage","url":"https:\/\/secure.gravatar.com\/avatar\/df2aeffc32bcd13f8d26072ef8a91b623d677766deac7f97ca815868cd41bf5e?s=96&d=mm&r=g","width":96,"height":96,"caption":"NBAsturias"}},{"@type":"WebPage","@id":"https:\/\/eldigitaldeasturias.com\/radio\/herramientas-de-jardineria-para-el-mantenimiento-de-exteriores-en-invierno\/#webpage","url":"https:\/\/eldigitaldeasturias.com\/radio\/herramientas-de-jardineria-para-el-mantenimiento-de-exteriores-en-invierno\/","name":"Herramientas de jardiner\u00eda para el mantenimiento de exteriores en invierno | El Digital de Asturias","description":"Cuidar de nuestro jard\u00edn es importante, y lo debemos hacer durante todas las \u00e9pocas del a\u00f1o, pero cuando llega el invierno es momento de prestar m\u00e1s atenci\u00f3n","inLanguage":"es-ES","isPartOf":{"@id":"https:\/\/eldigitaldeasturias.com\/radio\/#website"},"breadcrumb":{"@id":"https:\/\/eldigitaldeasturias.com\/radio\/herramientas-de-jardineria-para-el-mantenimiento-de-exteriores-en-invierno\/#breadcrumblist"},"author":{"@id":"https:\/\/eldigitaldeasturias.com\/radio\/author\/nbasturias\/#author"},"creator":{"@id":"https:\/\/eldigitaldeasturias.com\/radio\/author\/nbasturias\/#author"},"image":{"@type":"ImageObject","url":"https:\/\/eldigitaldeasturias.com\/radio\/wp-content\/uploads\/2022\/01\/jardin.jpg","@id":"https:\/\/eldigitaldeasturias.com\/radio\/herramientas-de-jardineria-para-el-mantenimiento-de-exteriores-en-invierno\/#mainImage","width":640,"height":393,"caption":"jard\u00edn"},"primaryImageOfPage":{"@id":"https:\/\/eldigitaldeasturias.com\/radio\/herramientas-de-jardineria-para-el-mantenimiento-de-exteriores-en-invierno\/#mainImage"},"datePublished":"2022-01-11T11:18:28+01:00","dateModified":"2022-01-11T11:18:28+01:00"},{"@type":"WebSite","@id":"https:\/\/eldigitaldeasturias.com\/radio\/#website","url":"https:\/\/eldigitaldeasturias.com\/radio\/","name":"El Digital de Asturias","description":"Diario de informaci\u00f3n y noticias","inLanguage":"es-ES","publisher":{"@id":"https:\/\/eldigitaldeasturias.com\/radio\/#organization"}}]},"og:locale":"es_ES","og:site_name":"El Digital de Asturias | Diario de informaci\u00f3n y noticias","og:type":"article","og:title":"Herramientas de jardiner\u00eda para el mantenimiento de exteriores en invierno | El Digital de Asturias","og:description":"Cuidar de nuestro jard\u00edn es importante, y lo debemos hacer durante todas las \u00e9pocas del a\u00f1o, pero cuando llega el invierno es momento de prestar m\u00e1s atenci\u00f3n","og:url":"https:\/\/eldigitaldeasturias.com\/radio\/herramientas-de-jardineria-para-el-mantenimiento-de-exteriores-en-invierno\/","og:image":"https:\/\/eldigitaldeasturias.com\/radio\/wp-content\/uploads\/2022\/01\/jardin.jpg","og:image:secure_url":"https:\/\/eldigitaldeasturias.com\/radio\/wp-content\/uploads\/2022\/01\/jardin.jpg","og:image:width":640,"og:image:height":393,"article:published_time":"2022-01-11T11:18:28+00:00","article:modified_time":"2022-01-11T11:18:28+00:00","twitter:card":"summary_large_image","twitter:site":"@bercodi","twitter:title":"Herramientas de jardiner\u00eda para el mantenimiento de exteriores en invierno | El Digital de Asturias","twitter:description":"Cuidar de nuestro jard\u00edn es importante, y lo debemos hacer durante todas las \u00e9pocas del a\u00f1o, pero cuando llega el invierno es momento de prestar m\u00e1s atenci\u00f3n","twitter:creator":"@bercodi","twitter:image":"https:\/\/eldigitaldeasturias.com\/radio\/wp-content\/uploads\/2022\/01\/jardin.jpg"},"aioseo_meta_data":{"post_id":"6445","title":null,"description":"Cuidar de nuestro jard\u00edn es importante, y lo debemos hacer durante todas las \u00e9pocas del a\u00f1o, pero cuando llega el invierno es momento de prestar m\u00e1s atenci\u00f3n &nbsp;","keywords":[],"keyphrases":{"focus":{"keyphrase":" jard\u00edn","score":73,"analysis":{"keyphraseInTitle":{"title":"Focus keyphrase in SEO title","description":"Focus keyphrase not found in SEO title.","score":3,"maxScore":9,"error":1},"keyphraseInDescription":{"title":"Focus keyphrase in meta description","description":"Focus keyphrase found in meta description.","score":9,"maxScore":9,"error":0},"keyphraseInURL":{"title":"Focus keyphrase in URL","description":"Focus keyphrase not found in the URL.","score":1,"maxScore":5,"error":1},"keyphraseLength":{"title":"Focus keyphrase length","description":"Good job!","score":9,"maxScore":9,"error":0,"length":1},"keyphraseInIntroduction":{"title":"Focus keyphrase in introduction","description":"Your Focus keyphrase appears in the first paragraph. Well done!","score":9,"maxScore":9,"error":0},"keyphraseInSubHeadings":{"title":"Focus keyphrase in Subheadings","description":"Use your focus keyphrase more in your H2 and H3 subheadings.","score":3,"maxScore":9,"error":1},"keyphraseInImageAlt":{"title":"Focus keyphrase in image alt attributes","description":"Focus keyphrase found in image alt attribute(s).","score":9,"maxScore":9,"error":0}}},"additional":[{"keyphrase":"invierno","score":83,"analysis":{"keyphraseInDescription":{"title":"Keyphrase in meta description","description":"Keyphrase found in meta description.","score":9,"maxScore":9,"error":0},"keyphraseLength":{"title":"Keyphrase length","description":"Good job!","score":9,"maxScore":9,"error":0,"length":1},"keyphraseInIntroduction":{"title":"Keyphrase in introduction","description":"Your Keyphrase appears in the first paragraph. Well done!","score":9,"maxScore":9,"error":0},"keyphraseInImageAlt":{"title":"Keyphrase in image alt attributes","description":"Keyphrase not found in image alt attribute(s). Add an image with your Keyphrase as alt text.","score":3,"maxScore":9,"error":1}}},{"keyphrase":"m\u00e1s atenci\u00f3n ","score":83,"analysis":{"keyphraseInDescription":{"title":"Keyphrase in meta description","description":"Keyphrase found in meta description.","score":9,"maxScore":9,"error":0},"keyphraseLength":{"title":"Keyphrase length","description":"Good job!","score":9,"maxScore":9,"error":0,"length":2},"keyphraseInIntroduction":{"title":"Keyphrase in introduction","description":"Your Keyphrase appears in the first paragraph. Well done!","score":9,"maxScore":9,"error":0},"keyphraseInImageAlt":{"title":"Keyphrase in image alt attributes","description":"Keyphrase not found in image alt attribute(s). Add an image with your Keyphrase as alt text.","score":3,"maxScore":9,"error":1}}}]},"primary_term":null,"canonical_url":null,"og_title":null,"og_description":null,"og_object_type":"default","og_image_type":"default","og_image_url":null,"og_image_width":null,"og_image_height":null,"og_image_custom_url":null,"og_image_custom_fields":null,"og_video":"","og_custom_url":null,"og_article_section":null,"og_article_tags":[],"twitter_use_og":false,"twitter_card":"default","twitter_image_type":"default","twitter_image_url":null,"twitter_image_custom_url":null,"twitter_image_custom_fields":null,"twitter_title":null,"twitter_description":null,"schema":{"blockGraphs":[],"customGraphs":[],"default":{"data":{"Article":[],"Course":[],"Dataset":[],"FAQPage":[],"Movie":[],"Person":[],"Product":[],"ProductReview":[],"Car":[],"Recipe":[],"Service":[],"SoftwareApplication":[],"WebPage":[]},"graphName":"","isEnabled":true},"graphs":[],"defaultGraph":"Article","defaultPostTypeGraph":""},"schema_type":"default","schema_type_options":"{\"article\":{\"articleType\":\"BlogPosting\"},\"course\":{\"name\":\"\",\"description\":\"\",\"provider\":\"\"},\"faq\":{\"pages\":[]},\"product\":{\"reviews\":[]},\"recipe\":{\"ingredients\":[],\"instructions\":[],\"keywords\":[]},\"software\":{\"reviews\":[],\"operatingSystems\":[]},\"webPage\":{\"webPageType\":\"WebPage\"}}","pillar_content":false,"robots_default":true,"robots_noindex":false,"robots_noarchive":false,"robots_nosnippet":false,"robots_nofollow":false,"robots_noimageindex":false,"robots_noodp":false,"robots_notranslate":false,"robots_max_snippet":"-1","robots_max_videopreview":"-1","robots_max_imagepreview":"large","priority":null,"frequency":"default","location":null,"local_seo":null,"seo_analyzer_scan_date":"2025-08-28 19:18:40","breadcrumb_settings":null,"limit_modified_date":false,"open_ai":null,"ai":null,"created":"2022-01-11 11:10:32","updated":"2025-08-28 19:18:40"},"aioseo_breadcrumb":"<div class=\"aioseo-breadcrumbs\"><span class=\"aioseo-breadcrumb\">\n\t<a href=\"https:\/\/eldigitaldeasturias.com\/radio\" title=\"Inicio\">Inicio<\/a>\n<\/span><span class=\"aioseo-breadcrumb-separator\">&ndash;<\/span><span class=\"aioseo-breadcrumb\">\n\t<a href=\"https:\/\/eldigitaldeasturias.com\/radio\/category\/live\/\" title=\"Live\">Live<\/a>\n<\/span><span class=\"aioseo-breadcrumb-separator\">&ndash;<\/span><span class=\"aioseo-breadcrumb\">\n\tHerramientas de jardiner\u00eda para el mantenimiento de exteriores en invierno\n<\/span><\/div>","aioseo_breadcrumb_json":[{"label":"Inicio","link":"https:\/\/eldigitaldeasturias.com\/radio"},{"label":"Live","link":"https:\/\/eldigitaldeasturias.com\/radio\/category\/live\/"},{"label":"Herramientas de jardiner\u00eda para el mantenimiento de exteriores en invierno","link":"https:\/\/eldigitaldeasturias.com\/radio\/herramientas-de-jardineria-para-el-mantenimiento-de-exteriores-en-invierno\/"}],"_links":{"self":[{"href":"https:\/\/eldigitaldeasturias.com\/radio\/wp-json\/wp\/v2\/posts\/6445","targetHints":{"allow":["GET"]}}],"collection":[{"href":"https:\/\/eldigitaldeasturias.com\/radio\/wp-json\/wp\/v2\/posts"}],"about":[{"href":"https:\/\/eldigitaldeasturias.com\/radio\/wp-json\/wp\/v2\/types\/post"}],"author":[{"embeddable":true,"href":"https:\/\/eldigitaldeasturias.com\/radio\/wp-json\/wp\/v2\/users\/1"}],"replies":[{"embeddable":true,"href":"https:\/\/eldigitaldeasturias.com\/radio\/wp-json\/wp\/v2\/comments?post=6445"}],"version-history":[{"count":0,"href":"https:\/\/eldigitaldeasturias.com\/radio\/wp-json\/wp\/v2\/posts\/6445\/revisions"}],"wp:featuredmedia":[{"embeddable":true,"href":"https:\/\/eldigitaldeasturias.com\/radio\/wp-json\/wp\/v2\/media\/6446"}],"wp:attachment":[{"href":"https:\/\/eldigitaldeasturias.com\/radio\/wp-json\/wp\/v2\/media?parent=6445"}],"wp:term":[{"taxonomy":"category","embeddable":true,"href":"https:\/\/eldigitaldeasturias.com\/radio\/wp-json\/wp\/v2\/categories?post=6445"},{"taxonomy":"post_tag","embeddable":true,"href":"https:\/\/eldigitaldeasturias.com\/radio\/wp-json\/wp\/v2\/tags?post=6445"}],"curies":[{"name":"wp","href":"https:\/\/api.w.org\/{rel}","templated":true}]}}