{"id":6412,"date":"2022-01-08T11:21:02","date_gmt":"2022-01-08T11:21:02","guid":{"rendered":"http:\/\/eldigitaldeasturias.com\/radio\/?p=6412"},"modified":"2022-01-08T11:21:02","modified_gmt":"2022-01-08T11:21:02","slug":"la-filarmonica-del-elba-cumple-5-anos","status":"publish","type":"post","link":"https:\/\/eldigitaldeasturias.com\/radio\/la-filarmonica-del-elba-cumple-5-anos\/","title":{"rendered":"La Filarm\u00f3nica del Elba cumple 5 a\u00f1os"},"content":{"rendered":"<p>Hamburgo, 5 ene (dpa) &#8211; La Filarm\u00f3nica del Elba brilla desde hace cinco a\u00f1os a orillas del Elba en el puerto de Hamburgo y se ha convertido en un s\u00edmbolo cultural de la ciudad alemana.<\/p>\n<figure id=\"attachment_6413\" aria-describedby=\"caption-attachment-6413\" style=\"width: 650px\" class=\"wp-caption aligncenter\"><img fetchpriority=\"high\" decoding=\"async\" class=\"wp-image-6413\" src=\"https:\/\/eldigitaldeasturias.com\/radio\/wp-content\/uploads\/2022\/01\/Elba-360x237.jpg\" alt=\"Filarm\u00f3nica del Elba \" width=\"650\" height=\"428\" srcset=\"https:\/\/eldigitaldeasturias.com\/radio\/wp-content\/uploads\/2022\/01\/Elba-360x237.jpg 360w, https:\/\/eldigitaldeasturias.com\/radio\/wp-content\/uploads\/2022\/01\/Elba-768x506.jpg 768w, https:\/\/eldigitaldeasturias.com\/radio\/wp-content\/uploads\/2022\/01\/Elba-150x99.jpg 150w, https:\/\/eldigitaldeasturias.com\/radio\/wp-content\/uploads\/2022\/01\/Elba-450x297.jpg 450w, https:\/\/eldigitaldeasturias.com\/radio\/wp-content\/uploads\/2022\/01\/Elba.jpg 1000w\" sizes=\"(max-width: 650px) 100vw, 650px\" \/><figcaption id=\"caption-attachment-6413\" class=\"wp-caption-text\">La Filarm\u00f3nica del Elba, iluminada el d\u00eda del concierto inaugural en 2017. Foto: Bodo Marks\/dpa<\/figcaption><\/figure>\n<p>El quinto aniversario de su inauguraci\u00f3n el pr\u00f3ximo 11 de enero ser\u00e1 celebrado con un festival de nueve d\u00edas y una nueva instalaci\u00f3n art\u00edstica lum\u00ednica en abril, aunque algunos conciertos debieron ser postergados por la pandemia de coronavirus, entre ellos el monumental \u00abArche\u00bb de J\u00f6rg Widman, con 300 int\u00e9rpretes.<\/p>\n<p>Kent Nagano y la Orquesta Filarm\u00f3nica Estatal de Hamburgo presentar\u00e1n un programa alternativo. Tambi\u00e9n en la lista de invitados figuran Simon Rattle, Daniel Barenboim, Jordi Savall, Charles Lloyd y John Scofield.<\/p>\n<p>\u00abLa Filarm\u00f3nica del Elba es m\u00fasica que no solo refleja la diversidad del amplio mundo de la m\u00fasica, sino una obra de arte total que cumple una funci\u00f3n de embajadora\u00bb, declar\u00f3 a dpa el secretario general del Consejo Alem\u00e1n de la M\u00fasica, Christian H\u00f6ppner.<\/p>\n<p>Unos 2,7 millones de espectadores asistieron a casi 2.500 conciertos en ambas salas de la Filarm\u00f3nica del Elba hasta su cierre en marzo de 2020 por la pandemia de coronavirus.<\/p>\n<p>El p\u00fablico de los conciertos en este complejo de auditorios de Hamburgo casi se ha triplicado, con 1,2 millones de visitantes al a\u00f1o en la Filarm\u00f3nica del Elba y la Laeiszhalle.<\/p>\n<p>La llamada \u00abPlaza\u00bb, un mirador ubicado a 37 metros de altura, con vistas impresionantes al puerto y la ciudad, podr\u00eda llegar a 15 millones de visitantes en marzo, seg\u00fan los c\u00e1lculos.<\/p>\n<p>\u00abLa tarea central de la Filarm\u00f3nica del Elba, ampliar el p\u00fablico de la m\u00fasica cl\u00e1sica, se ha cumplido totalmente\u00bb, declar\u00f3 el director art\u00edstico Christoph Lieben-Seutter en una entrevista con dpa.<\/p>\n<p>Para Kent Nagano, el director general de la Orquesta Filarm\u00f3nica Estatal, la Filarm\u00f3nica del Elba es \u00abuna historia de \u00e9xito absoluto\u00bb.<\/p>\n<p>\u00abUna sala de conciertos tiene que sonar bien, por supuesto, pero eso es solo una parte de la historia. Es igual de importante que una sala de conciertos sea un lugar de encuentro para la sociedad. Y eso es lo que ha conseguido la Filarm\u00f3nica del Elba\u00bb, dijo Nagano a dpa.<\/p>\n<p>\u00abHa ayudado a Hamburgo a conseguir una nueva identidad cultural, tambi\u00e9n a nivel internacional. Incluso mi madre en California dice: &#8216;Me encanta la Filarm\u00f3nica del Elba'\u00bb.<\/p>\n<p>Sin embargo, la construcci\u00f3n de la Filarm\u00f3nica del Elba fue todo menos una historia de \u00e9xito. El plazo de construcci\u00f3n se ampli\u00f3 de tres a diez a\u00f1os, al tiempo que los costos treparon de 77 millones a 789 millones de euros (de 87 a 893 millones de d\u00f3lares, seg\u00fan la cotizaci\u00f3n actual).<\/p>\n<p>Pero ya al poco tiempo de haber sido inaugurada, la que fuera considerada un cementerio de millones de euros se transform\u00f3 en un celebrado emblema.<\/p>\n<p>Los hamburgueses y los turistas est\u00e1n fascinados con la \u00abola de cristal\u00bb dise\u00f1ada por los arquitectos Herzog &amp; De Meuron y disfrutan de la vista panor\u00e1mica del puerto de Hamburgo desde su plataforma.<\/p>\n<p>Y acuden en masa a los conciertos, tanto en el auditorio peque\u00f1o como en el mayor, a los que llegan a actuar estrellas de la m\u00fasica cl\u00e1sica, pero tambi\u00e9n de otros g\u00e9neros como el jazz y la m\u00fasica electr\u00f3nica.<\/p>\n<p>Por la Filarm\u00f3ncia del Elba han desfilado tambi\u00e9n incluidos grandes artistas de Am\u00e9rica Latina como los brasile\u00f1os Gilberto Gil y Caetano Veloso.<\/p>\n<p>La sala de la Filarm\u00f3nica del Elba podr\u00eda ser una de las diez mejores salas de concierto del mundo, y para muchos ya lo es. \u00abAmo esta sala. Es muy, muy honesta, se escucha todo. Esto es tambi\u00e9n un desaf\u00edo muy grande porque hay que tocar realmente bien. La sala es como un instrumento que tocamos\u00bb, dice Kent Nagano.<\/p>\n<p>Su colega estadounidense Alan Gilbert, director de la Orquesta Estable de la Filarm\u00f3nica del Elba, completa la idea: \u00abEl mayor reto para m\u00ed es, concretamente, dar conciertos extraordinarios. La ac\u00fastica de la sala se adapta a casi cualquier tipo de m\u00fasica si se sabe manejar\u00bb.<\/p>\n<p>Todas las orquestas y artistas importantes han sido invitados varias veces desde la inauguraci\u00f3n, desde las Filarm\u00f3nicas de Berl\u00edn y Viena hasta Teodor Currentzis.<\/p>\n<p>El director art\u00edstico Lieben-Seutter tambi\u00e9n est\u00e1 feliz en lo que respecta a la m\u00fasica cl\u00e1sica. Pero m\u00e1s all\u00e1 de la m\u00fasica cl\u00e1sica, todav\u00eda tiene algunos deseos pendientes.<\/p>\n<p>\u00abTambi\u00e9n recibimos peticiones de los m\u00e1s grandes nombres y leyendas a quienes les gustar\u00eda presentarse aqu\u00ed. El problema suele ser la agenda, que ya est\u00e1 reservada de esta fecha a varios a\u00f1os. Por ejemplo, en este momento no podemos encontrar una fecha para Bob Dylan\u00bb, revel\u00f3.<\/p>\n<p><i class=\"lang-es\"><span class=\" readonly\" title=\"\">Por Carola Grosse-Wilde (dpa)<\/span><\/i><\/p>\n","protected":false},"excerpt":{"rendered":"<p>Hamburgo, 5 ene (dpa) &#8211; La Filarm\u00f3nica del Elba brilla desde hace cinco a\u00f1os a orillas del Elba en el puerto de Hamburgo y se ha convertido en un s\u00edmbolo cultural de la ciudad alemana. El quinto aniversario de su inauguraci\u00f3n el pr\u00f3ximo 11 de enero ser\u00e1 celebrado con un festival de nueve d\u00edas y<\/p>\n","protected":false},"author":1,"featured_media":6413,"comment_status":"closed","ping_status":"closed","sticky":false,"template":"","format":"standard","meta":{"footnotes":""},"categories":[26],"tags":[79,44],"class_list":{"0":"post-6412","1":"post","2":"type-post","3":"status-publish","4":"format-standard","5":"has-post-thumbnail","7":"category-reportajes","8":"tag-cultura","9":"tag-reportajes"},"aioseo_notices":[],"aioseo_head":"\n\t\t<!-- All in One SEO Pro 4.9.6.2 - aioseo.com -->\n\t<meta name=\"description\" content=\"La Filarm\u00f3nica del Elba brilla desde hace cinco a\u00f1os a orillas del Elba en el puerto de Hamburgo y se ha convertido en un s\u00edmbolo cultural de la ciudad\" \/>\n\t<meta name=\"robots\" content=\"max-image-preview:large\" \/>\n\t<meta name=\"author\" content=\"NBAsturias\"\/>\n\t<meta name=\"google-site-verification\" content=\"UA-38556648-1\" \/>\n\t<meta name=\"keywords\" content=\"reportajes\" \/>\n\t<link rel=\"canonical\" href=\"https:\/\/eldigitaldeasturias.com\/radio\/la-filarmonica-del-elba-cumple-5-anos\/\" \/>\n\t<meta name=\"generator\" content=\"All in One SEO Pro (AIOSEO) 4.9.6.2\" \/>\n\t\t<meta property=\"og:locale\" content=\"es_ES\" \/>\n\t\t<meta property=\"og:site_name\" content=\"El Digital de Asturias | Diario de informaci\u00f3n y noticias\" \/>\n\t\t<meta property=\"og:type\" content=\"article\" \/>\n\t\t<meta property=\"og:title\" content=\"La Filarm\u00f3nica del Elba cumple 5 a\u00f1os | El Digital de Asturias\" \/>\n\t\t<meta property=\"og:description\" content=\"La Filarm\u00f3nica del Elba brilla desde hace cinco a\u00f1os a orillas del Elba en el puerto de Hamburgo y se ha convertido en un s\u00edmbolo cultural de la ciudad\" \/>\n\t\t<meta property=\"og:url\" content=\"https:\/\/eldigitaldeasturias.com\/radio\/la-filarmonica-del-elba-cumple-5-anos\/\" \/>\n\t\t<meta property=\"og:image\" content=\"https:\/\/eldigitaldeasturias.com\/radio\/wp-content\/uploads\/2022\/01\/Elba.jpg\" \/>\n\t\t<meta property=\"og:image:secure_url\" content=\"https:\/\/eldigitaldeasturias.com\/radio\/wp-content\/uploads\/2022\/01\/Elba.jpg\" \/>\n\t\t<meta property=\"og:image:width\" content=\"1000\" \/>\n\t\t<meta property=\"og:image:height\" content=\"659\" \/>\n\t\t<meta property=\"article:published_time\" content=\"2022-01-08T11:21:02+00:00\" \/>\n\t\t<meta property=\"article:modified_time\" content=\"2022-01-08T11:21:02+00:00\" \/>\n\t\t<meta name=\"twitter:card\" content=\"summary_large_image\" \/>\n\t\t<meta name=\"twitter:site\" content=\"@bercodi\" \/>\n\t\t<meta name=\"twitter:title\" content=\"La Filarm\u00f3nica del Elba cumple 5 a\u00f1os | El Digital de Asturias\" \/>\n\t\t<meta name=\"twitter:description\" content=\"La Filarm\u00f3nica del Elba brilla desde hace cinco a\u00f1os a orillas del Elba en el puerto de Hamburgo y se ha convertido en un s\u00edmbolo cultural de la ciudad\" \/>\n\t\t<meta name=\"twitter:creator\" content=\"@bercodi\" \/>\n\t\t<meta name=\"twitter:image\" content=\"https:\/\/eldigitaldeasturias.com\/radio\/wp-content\/uploads\/2022\/01\/Elba.jpg\" \/>\n\t\t<script type=\"application\/ld+json\" class=\"aioseo-schema\">\n\t\t\t{\"@context\":\"https:\\\/\\\/schema.org\",\"@graph\":[{\"@type\":\"BreadcrumbList\",\"@id\":\"https:\\\/\\\/eldigitaldeasturias.com\\\/radio\\\/la-filarmonica-del-elba-cumple-5-anos\\\/#breadcrumblist\",\"itemListElement\":[{\"@type\":\"ListItem\",\"@id\":\"https:\\\/\\\/eldigitaldeasturias.com\\\/radio#listItem\",\"position\":1,\"name\":\"Inicio\",\"item\":\"https:\\\/\\\/eldigitaldeasturias.com\\\/radio\",\"nextItem\":{\"@type\":\"ListItem\",\"@id\":\"https:\\\/\\\/eldigitaldeasturias.com\\\/radio\\\/category\\\/reportajes\\\/#listItem\",\"name\":\"Reportajes\"}},{\"@type\":\"ListItem\",\"@id\":\"https:\\\/\\\/eldigitaldeasturias.com\\\/radio\\\/category\\\/reportajes\\\/#listItem\",\"position\":2,\"name\":\"Reportajes\",\"item\":\"https:\\\/\\\/eldigitaldeasturias.com\\\/radio\\\/category\\\/reportajes\\\/\",\"nextItem\":{\"@type\":\"ListItem\",\"@id\":\"https:\\\/\\\/eldigitaldeasturias.com\\\/radio\\\/la-filarmonica-del-elba-cumple-5-anos\\\/#listItem\",\"name\":\"La Filarm\\u00f3nica del Elba cumple 5 a\\u00f1os\"},\"previousItem\":{\"@type\":\"ListItem\",\"@id\":\"https:\\\/\\\/eldigitaldeasturias.com\\\/radio#listItem\",\"name\":\"Inicio\"}},{\"@type\":\"ListItem\",\"@id\":\"https:\\\/\\\/eldigitaldeasturias.com\\\/radio\\\/la-filarmonica-del-elba-cumple-5-anos\\\/#listItem\",\"position\":3,\"name\":\"La Filarm\\u00f3nica del Elba cumple 5 a\\u00f1os\",\"previousItem\":{\"@type\":\"ListItem\",\"@id\":\"https:\\\/\\\/eldigitaldeasturias.com\\\/radio\\\/category\\\/reportajes\\\/#listItem\",\"name\":\"Reportajes\"}}]},{\"@type\":\"NewsArticle\",\"@id\":\"https:\\\/\\\/eldigitaldeasturias.com\\\/radio\\\/la-filarmonica-del-elba-cumple-5-anos\\\/#newsarticle\",\"name\":\"La Filarm\\u00f3nica del Elba cumple 5 a\\u00f1os | El Digital de Asturias\",\"headline\":\"La Filarm\\u00f3nica del Elba cumple 5 a\\u00f1os\",\"author\":{\"@id\":\"https:\\\/\\\/eldigitaldeasturias.com\\\/radio\\\/author\\\/nbasturias\\\/#author\"},\"publisher\":{\"@id\":\"https:\\\/\\\/eldigitaldeasturias.com\\\/radio\\\/#organization\"},\"image\":{\"@type\":\"ImageObject\",\"url\":\"https:\\\/\\\/eldigitaldeasturias.com\\\/radio\\\/wp-content\\\/uploads\\\/2022\\\/01\\\/Elba.jpg\",\"width\":1000,\"height\":659,\"caption\":\"La Filarm\\u00f3nica del Elba, iluminada el d\\u00eda del concierto inaugural en 2017. Foto: Bodo Marks\\\/dpa\"},\"datePublished\":\"2022-01-08T11:21:02+01:00\",\"dateModified\":\"2022-01-08T11:21:02+01:00\",\"inLanguage\":\"es-ES\",\"mainEntityOfPage\":{\"@id\":\"https:\\\/\\\/eldigitaldeasturias.com\\\/radio\\\/la-filarmonica-del-elba-cumple-5-anos\\\/#webpage\"},\"isPartOf\":{\"@id\":\"https:\\\/\\\/eldigitaldeasturias.com\\\/radio\\\/la-filarmonica-del-elba-cumple-5-anos\\\/#webpage\"},\"articleSection\":\"Reportajes, cultura, Reportajes\",\"dateline\":\"Publicado el enero 8, 2022.\"},{\"@type\":\"Organization\",\"@id\":\"https:\\\/\\\/eldigitaldeasturias.com\\\/radio\\\/#organization\",\"name\":\"El digital de Asturias Radio\",\"description\":\"Diario de informaci\\u00f3n y noticias\",\"url\":\"https:\\\/\\\/eldigitaldeasturias.com\\\/radio\\\/\",\"telephone\":\"+34652131393\",\"logo\":{\"@type\":\"ImageObject\",\"url\":\"https:\\\/\\\/www.eldigitaldeasturias.com\\\/radio\\\/wp-content\\\/uploads\\\/2021\\\/03\\\/EDA.jpg\",\"@id\":\"https:\\\/\\\/eldigitaldeasturias.com\\\/radio\\\/la-filarmonica-del-elba-cumple-5-anos\\\/#organizationLogo\"},\"image\":{\"@id\":\"https:\\\/\\\/eldigitaldeasturias.com\\\/radio\\\/la-filarmonica-del-elba-cumple-5-anos\\\/#organizationLogo\"},\"sameAs\":[\"https:\\\/\\\/www.facebook.com\\\/\",\"https:\\\/\\\/x.com\\\/bercodi\",\"https:\\\/\\\/www.instagram.com\\\/\",\"https:\\\/\\\/www.youtube.com\\\/channel\\\/UCZP-2wLEB9Rv6erhFmqVnvg\"]},{\"@type\":\"Person\",\"@id\":\"https:\\\/\\\/eldigitaldeasturias.com\\\/radio\\\/author\\\/nbasturias\\\/#author\",\"url\":\"https:\\\/\\\/eldigitaldeasturias.com\\\/radio\\\/author\\\/nbasturias\\\/\",\"name\":\"NBAsturias\",\"image\":{\"@type\":\"ImageObject\",\"@id\":\"https:\\\/\\\/eldigitaldeasturias.com\\\/radio\\\/la-filarmonica-del-elba-cumple-5-anos\\\/#authorImage\",\"url\":\"https:\\\/\\\/secure.gravatar.com\\\/avatar\\\/df2aeffc32bcd13f8d26072ef8a91b623d677766deac7f97ca815868cd41bf5e?s=96&d=mm&r=g\",\"width\":96,\"height\":96,\"caption\":\"NBAsturias\"}},{\"@type\":\"WebPage\",\"@id\":\"https:\\\/\\\/eldigitaldeasturias.com\\\/radio\\\/la-filarmonica-del-elba-cumple-5-anos\\\/#webpage\",\"url\":\"https:\\\/\\\/eldigitaldeasturias.com\\\/radio\\\/la-filarmonica-del-elba-cumple-5-anos\\\/\",\"name\":\"La Filarm\\u00f3nica del Elba cumple 5 a\\u00f1os | El Digital de Asturias\",\"description\":\"La Filarm\\u00f3nica del Elba brilla desde hace cinco a\\u00f1os a orillas del Elba en el puerto de Hamburgo y se ha convertido en un s\\u00edmbolo cultural de la ciudad\",\"inLanguage\":\"es-ES\",\"isPartOf\":{\"@id\":\"https:\\\/\\\/eldigitaldeasturias.com\\\/radio\\\/#website\"},\"breadcrumb\":{\"@id\":\"https:\\\/\\\/eldigitaldeasturias.com\\\/radio\\\/la-filarmonica-del-elba-cumple-5-anos\\\/#breadcrumblist\"},\"author\":{\"@id\":\"https:\\\/\\\/eldigitaldeasturias.com\\\/radio\\\/author\\\/nbasturias\\\/#author\"},\"creator\":{\"@id\":\"https:\\\/\\\/eldigitaldeasturias.com\\\/radio\\\/author\\\/nbasturias\\\/#author\"},\"image\":{\"@type\":\"ImageObject\",\"url\":\"https:\\\/\\\/eldigitaldeasturias.com\\\/radio\\\/wp-content\\\/uploads\\\/2022\\\/01\\\/Elba.jpg\",\"@id\":\"https:\\\/\\\/eldigitaldeasturias.com\\\/radio\\\/la-filarmonica-del-elba-cumple-5-anos\\\/#mainImage\",\"width\":1000,\"height\":659,\"caption\":\"La Filarm\\u00f3nica del Elba, iluminada el d\\u00eda del concierto inaugural en 2017. Foto: Bodo Marks\\\/dpa\"},\"primaryImageOfPage\":{\"@id\":\"https:\\\/\\\/eldigitaldeasturias.com\\\/radio\\\/la-filarmonica-del-elba-cumple-5-anos\\\/#mainImage\"},\"datePublished\":\"2022-01-08T11:21:02+01:00\",\"dateModified\":\"2022-01-08T11:21:02+01:00\"},{\"@type\":\"WebSite\",\"@id\":\"https:\\\/\\\/eldigitaldeasturias.com\\\/radio\\\/#website\",\"url\":\"https:\\\/\\\/eldigitaldeasturias.com\\\/radio\\\/\",\"name\":\"El Digital de Asturias\",\"description\":\"Diario de informaci\\u00f3n y noticias\",\"inLanguage\":\"es-ES\",\"publisher\":{\"@id\":\"https:\\\/\\\/eldigitaldeasturias.com\\\/radio\\\/#organization\"}}]}\n\t\t<\/script>\n\t\t<!-- All in One SEO Pro -->\r\n\t\t<title>La Filarm\u00f3nica del Elba cumple 5 a\u00f1os | El Digital de Asturias<\/title>\n\n","aioseo_head_json":{"title":"La Filarm\u00f3nica del Elba cumple 5 a\u00f1os | El Digital de Asturias","description":"La Filarm\u00f3nica del Elba brilla desde hace cinco a\u00f1os a orillas del Elba en el puerto de Hamburgo y se ha convertido en un s\u00edmbolo cultural de la ciudad","canonical_url":"https:\/\/eldigitaldeasturias.com\/radio\/la-filarmonica-del-elba-cumple-5-anos\/","robots":"max-image-preview:large","keywords":"reportajes","webmasterTools":{"google-site-verification":"UA-38556648-1","miscellaneous":""},"schema":{"@context":"https:\/\/schema.org","@graph":[{"@type":"BreadcrumbList","@id":"https:\/\/eldigitaldeasturias.com\/radio\/la-filarmonica-del-elba-cumple-5-anos\/#breadcrumblist","itemListElement":[{"@type":"ListItem","@id":"https:\/\/eldigitaldeasturias.com\/radio#listItem","position":1,"name":"Inicio","item":"https:\/\/eldigitaldeasturias.com\/radio","nextItem":{"@type":"ListItem","@id":"https:\/\/eldigitaldeasturias.com\/radio\/category\/reportajes\/#listItem","name":"Reportajes"}},{"@type":"ListItem","@id":"https:\/\/eldigitaldeasturias.com\/radio\/category\/reportajes\/#listItem","position":2,"name":"Reportajes","item":"https:\/\/eldigitaldeasturias.com\/radio\/category\/reportajes\/","nextItem":{"@type":"ListItem","@id":"https:\/\/eldigitaldeasturias.com\/radio\/la-filarmonica-del-elba-cumple-5-anos\/#listItem","name":"La Filarm\u00f3nica del Elba cumple 5 a\u00f1os"},"previousItem":{"@type":"ListItem","@id":"https:\/\/eldigitaldeasturias.com\/radio#listItem","name":"Inicio"}},{"@type":"ListItem","@id":"https:\/\/eldigitaldeasturias.com\/radio\/la-filarmonica-del-elba-cumple-5-anos\/#listItem","position":3,"name":"La Filarm\u00f3nica del Elba cumple 5 a\u00f1os","previousItem":{"@type":"ListItem","@id":"https:\/\/eldigitaldeasturias.com\/radio\/category\/reportajes\/#listItem","name":"Reportajes"}}]},{"@type":"NewsArticle","@id":"https:\/\/eldigitaldeasturias.com\/radio\/la-filarmonica-del-elba-cumple-5-anos\/#newsarticle","name":"La Filarm\u00f3nica del Elba cumple 5 a\u00f1os | El Digital de Asturias","headline":"La Filarm\u00f3nica del Elba cumple 5 a\u00f1os","author":{"@id":"https:\/\/eldigitaldeasturias.com\/radio\/author\/nbasturias\/#author"},"publisher":{"@id":"https:\/\/eldigitaldeasturias.com\/radio\/#organization"},"image":{"@type":"ImageObject","url":"https:\/\/eldigitaldeasturias.com\/radio\/wp-content\/uploads\/2022\/01\/Elba.jpg","width":1000,"height":659,"caption":"La Filarm\u00f3nica del Elba, iluminada el d\u00eda del concierto inaugural en 2017. Foto: Bodo Marks\/dpa"},"datePublished":"2022-01-08T11:21:02+01:00","dateModified":"2022-01-08T11:21:02+01:00","inLanguage":"es-ES","mainEntityOfPage":{"@id":"https:\/\/eldigitaldeasturias.com\/radio\/la-filarmonica-del-elba-cumple-5-anos\/#webpage"},"isPartOf":{"@id":"https:\/\/eldigitaldeasturias.com\/radio\/la-filarmonica-del-elba-cumple-5-anos\/#webpage"},"articleSection":"Reportajes, cultura, Reportajes","dateline":"Publicado el enero 8, 2022."},{"@type":"Organization","@id":"https:\/\/eldigitaldeasturias.com\/radio\/#organization","name":"El digital de Asturias Radio","description":"Diario de informaci\u00f3n y noticias","url":"https:\/\/eldigitaldeasturias.com\/radio\/","telephone":"+34652131393","logo":{"@type":"ImageObject","url":"https:\/\/www.eldigitaldeasturias.com\/radio\/wp-content\/uploads\/2021\/03\/EDA.jpg","@id":"https:\/\/eldigitaldeasturias.com\/radio\/la-filarmonica-del-elba-cumple-5-anos\/#organizationLogo"},"image":{"@id":"https:\/\/eldigitaldeasturias.com\/radio\/la-filarmonica-del-elba-cumple-5-anos\/#organizationLogo"},"sameAs":["https:\/\/www.facebook.com\/","https:\/\/x.com\/bercodi","https:\/\/www.instagram.com\/","https:\/\/www.youtube.com\/channel\/UCZP-2wLEB9Rv6erhFmqVnvg"]},{"@type":"Person","@id":"https:\/\/eldigitaldeasturias.com\/radio\/author\/nbasturias\/#author","url":"https:\/\/eldigitaldeasturias.com\/radio\/author\/nbasturias\/","name":"NBAsturias","image":{"@type":"ImageObject","@id":"https:\/\/eldigitaldeasturias.com\/radio\/la-filarmonica-del-elba-cumple-5-anos\/#authorImage","url":"https:\/\/secure.gravatar.com\/avatar\/df2aeffc32bcd13f8d26072ef8a91b623d677766deac7f97ca815868cd41bf5e?s=96&d=mm&r=g","width":96,"height":96,"caption":"NBAsturias"}},{"@type":"WebPage","@id":"https:\/\/eldigitaldeasturias.com\/radio\/la-filarmonica-del-elba-cumple-5-anos\/#webpage","url":"https:\/\/eldigitaldeasturias.com\/radio\/la-filarmonica-del-elba-cumple-5-anos\/","name":"La Filarm\u00f3nica del Elba cumple 5 a\u00f1os | El Digital de Asturias","description":"La Filarm\u00f3nica del Elba brilla desde hace cinco a\u00f1os a orillas del Elba en el puerto de Hamburgo y se ha convertido en un s\u00edmbolo cultural de la ciudad","inLanguage":"es-ES","isPartOf":{"@id":"https:\/\/eldigitaldeasturias.com\/radio\/#website"},"breadcrumb":{"@id":"https:\/\/eldigitaldeasturias.com\/radio\/la-filarmonica-del-elba-cumple-5-anos\/#breadcrumblist"},"author":{"@id":"https:\/\/eldigitaldeasturias.com\/radio\/author\/nbasturias\/#author"},"creator":{"@id":"https:\/\/eldigitaldeasturias.com\/radio\/author\/nbasturias\/#author"},"image":{"@type":"ImageObject","url":"https:\/\/eldigitaldeasturias.com\/radio\/wp-content\/uploads\/2022\/01\/Elba.jpg","@id":"https:\/\/eldigitaldeasturias.com\/radio\/la-filarmonica-del-elba-cumple-5-anos\/#mainImage","width":1000,"height":659,"caption":"La Filarm\u00f3nica del Elba, iluminada el d\u00eda del concierto inaugural en 2017. Foto: Bodo Marks\/dpa"},"primaryImageOfPage":{"@id":"https:\/\/eldigitaldeasturias.com\/radio\/la-filarmonica-del-elba-cumple-5-anos\/#mainImage"},"datePublished":"2022-01-08T11:21:02+01:00","dateModified":"2022-01-08T11:21:02+01:00"},{"@type":"WebSite","@id":"https:\/\/eldigitaldeasturias.com\/radio\/#website","url":"https:\/\/eldigitaldeasturias.com\/radio\/","name":"El Digital de Asturias","description":"Diario de informaci\u00f3n y noticias","inLanguage":"es-ES","publisher":{"@id":"https:\/\/eldigitaldeasturias.com\/radio\/#organization"}}]},"og:locale":"es_ES","og:site_name":"El Digital de Asturias | Diario de informaci\u00f3n y noticias","og:type":"article","og:title":"La Filarm\u00f3nica del Elba cumple 5 a\u00f1os | El Digital de Asturias","og:description":"La Filarm\u00f3nica del Elba brilla desde hace cinco a\u00f1os a orillas del Elba en el puerto de Hamburgo y se ha convertido en un s\u00edmbolo cultural de la ciudad","og:url":"https:\/\/eldigitaldeasturias.com\/radio\/la-filarmonica-del-elba-cumple-5-anos\/","og:image":"https:\/\/eldigitaldeasturias.com\/radio\/wp-content\/uploads\/2022\/01\/Elba.jpg","og:image:secure_url":"https:\/\/eldigitaldeasturias.com\/radio\/wp-content\/uploads\/2022\/01\/Elba.jpg","og:image:width":1000,"og:image:height":659,"article:published_time":"2022-01-08T11:21:02+00:00","article:modified_time":"2022-01-08T11:21:02+00:00","twitter:card":"summary_large_image","twitter:site":"@bercodi","twitter:title":"La Filarm\u00f3nica del Elba cumple 5 a\u00f1os | El Digital de Asturias","twitter:description":"La Filarm\u00f3nica del Elba brilla desde hace cinco a\u00f1os a orillas del Elba en el puerto de Hamburgo y se ha convertido en un s\u00edmbolo cultural de la ciudad","twitter:creator":"@bercodi","twitter:image":"https:\/\/eldigitaldeasturias.com\/radio\/wp-content\/uploads\/2022\/01\/Elba.jpg"},"aioseo_meta_data":{"post_id":"6412","title":null,"description":"La Filarm\u00f3nica del Elba brilla desde hace cinco a\u00f1os a orillas del Elba en el puerto de Hamburgo y se ha convertido en un s\u00edmbolo cultural de la ciudad &nbsp;","keywords":[],"keyphrases":{"focus":{"keyphrase":"Filarm\u00f3nica del Elba ","score":92,"analysis":{"keyphraseInTitle":{"title":"Focus keyphrase in SEO title","description":"Focus keyphrase found in SEO title.","score":9,"maxScore":9,"error":0},"keyphraseInDescription":{"title":"Focus keyphrase in meta description","description":"Focus keyphrase found in meta description.","score":9,"maxScore":9,"error":0},"keyphraseInURL":{"title":"Focus keyphrase in URL","description":"Focus keyphrase not found in the URL.","score":1,"maxScore":5,"error":1},"keyphraseLength":{"title":"Focus keyphrase length","description":"Good job!","score":9,"maxScore":9,"error":0,"length":3},"keyphraseInIntroduction":{"title":"Focus keyphrase in introduction","description":"Your Focus keyphrase appears in the first paragraph. Well done!","score":9,"maxScore":9,"error":0},"keyphraseInSubHeadings":[],"keyphraseInImageAlt":{"title":"Focus keyphrase in image alt attributes","description":"Focus keyphrase found in image alt attribute(s).","score":9,"maxScore":9,"error":0}}},"additional":[{"keyphrase":"Hamburgo ","score":83,"analysis":{"keyphraseInDescription":{"title":"Keyphrase in meta description","description":"Keyphrase found in meta description.","score":9,"maxScore":9,"error":0},"keyphraseLength":{"title":"Keyphrase length","description":"Good job!","score":9,"maxScore":9,"error":0,"length":1},"keyphraseInIntroduction":{"title":"Keyphrase in introduction","description":"Your Keyphrase appears in the first paragraph. Well done!","score":9,"maxScore":9,"error":0},"keyphraseInImageAlt":{"title":"Keyphrase in image alt attributes","description":"Keyphrase not found in image alt attribute(s). Add an image with your Keyphrase as alt text.","score":3,"maxScore":9,"error":1}}}]},"primary_term":null,"canonical_url":null,"og_title":null,"og_description":null,"og_object_type":"default","og_image_type":"default","og_image_url":null,"og_image_width":null,"og_image_height":null,"og_image_custom_url":null,"og_image_custom_fields":null,"og_video":"","og_custom_url":null,"og_article_section":null,"og_article_tags":[],"twitter_use_og":false,"twitter_card":"default","twitter_image_type":"default","twitter_image_url":null,"twitter_image_custom_url":null,"twitter_image_custom_fields":null,"twitter_title":null,"twitter_description":null,"schema":{"blockGraphs":[],"customGraphs":[],"default":{"data":{"Article":[],"Course":[],"Dataset":[],"FAQPage":[],"Movie":[],"Person":[],"Product":[],"ProductReview":[],"Car":[],"Recipe":[],"Service":[],"SoftwareApplication":[],"WebPage":[]},"graphName":"","isEnabled":true},"graphs":[],"defaultGraph":"Article","defaultPostTypeGraph":""},"schema_type":"default","schema_type_options":"{\"article\":{\"articleType\":\"BlogPosting\"},\"course\":{\"name\":\"\",\"description\":\"\",\"provider\":\"\"},\"faq\":{\"pages\":[]},\"product\":{\"reviews\":[]},\"recipe\":{\"ingredients\":[],\"instructions\":[],\"keywords\":[]},\"software\":{\"reviews\":[],\"operatingSystems\":[]},\"webPage\":{\"webPageType\":\"WebPage\"}}","pillar_content":false,"robots_default":true,"robots_noindex":false,"robots_noarchive":false,"robots_nosnippet":false,"robots_nofollow":false,"robots_noimageindex":false,"robots_noodp":false,"robots_notranslate":false,"robots_max_snippet":"-1","robots_max_videopreview":"-1","robots_max_imagepreview":"large","priority":null,"frequency":"default","location":null,"local_seo":null,"seo_analyzer_scan_date":"2025-08-28 19:17:24","breadcrumb_settings":null,"limit_modified_date":false,"open_ai":null,"ai":null,"created":"2022-01-08 11:17:29","updated":"2025-08-28 19:17:24"},"aioseo_breadcrumb":"<div class=\"aioseo-breadcrumbs\"><span class=\"aioseo-breadcrumb\">\n\t<a href=\"https:\/\/eldigitaldeasturias.com\/radio\" title=\"Inicio\">Inicio<\/a>\n<\/span><span class=\"aioseo-breadcrumb-separator\">&ndash;<\/span><span class=\"aioseo-breadcrumb\">\n\t<a href=\"https:\/\/eldigitaldeasturias.com\/radio\/category\/reportajes\/\" title=\"Reportajes\">Reportajes<\/a>\n<\/span><span class=\"aioseo-breadcrumb-separator\">&ndash;<\/span><span class=\"aioseo-breadcrumb\">\n\tLa Filarm\u00f3nica del Elba cumple 5 a\u00f1os\n<\/span><\/div>","aioseo_breadcrumb_json":[{"label":"Inicio","link":"https:\/\/eldigitaldeasturias.com\/radio"},{"label":"Reportajes","link":"https:\/\/eldigitaldeasturias.com\/radio\/category\/reportajes\/"},{"label":"La Filarm\u00f3nica del Elba cumple 5 a\u00f1os","link":"https:\/\/eldigitaldeasturias.com\/radio\/la-filarmonica-del-elba-cumple-5-anos\/"}],"_links":{"self":[{"href":"https:\/\/eldigitaldeasturias.com\/radio\/wp-json\/wp\/v2\/posts\/6412","targetHints":{"allow":["GET"]}}],"collection":[{"href":"https:\/\/eldigitaldeasturias.com\/radio\/wp-json\/wp\/v2\/posts"}],"about":[{"href":"https:\/\/eldigitaldeasturias.com\/radio\/wp-json\/wp\/v2\/types\/post"}],"author":[{"embeddable":true,"href":"https:\/\/eldigitaldeasturias.com\/radio\/wp-json\/wp\/v2\/users\/1"}],"replies":[{"embeddable":true,"href":"https:\/\/eldigitaldeasturias.com\/radio\/wp-json\/wp\/v2\/comments?post=6412"}],"version-history":[{"count":0,"href":"https:\/\/eldigitaldeasturias.com\/radio\/wp-json\/wp\/v2\/posts\/6412\/revisions"}],"wp:featuredmedia":[{"embeddable":true,"href":"https:\/\/eldigitaldeasturias.com\/radio\/wp-json\/wp\/v2\/media\/6413"}],"wp:attachment":[{"href":"https:\/\/eldigitaldeasturias.com\/radio\/wp-json\/wp\/v2\/media?parent=6412"}],"wp:term":[{"taxonomy":"category","embeddable":true,"href":"https:\/\/eldigitaldeasturias.com\/radio\/wp-json\/wp\/v2\/categories?post=6412"},{"taxonomy":"post_tag","embeddable":true,"href":"https:\/\/eldigitaldeasturias.com\/radio\/wp-json\/wp\/v2\/tags?post=6412"}],"curies":[{"name":"wp","href":"https:\/\/api.w.org\/{rel}","templated":true}]}}