{"id":6353,"date":"2021-12-17T17:54:05","date_gmt":"2021-12-17T17:54:05","guid":{"rendered":"http:\/\/eldigitaldeasturias.com\/radio\/?p=6353"},"modified":"2021-12-17T17:54:05","modified_gmt":"2021-12-17T17:54:05","slug":"formacion-como-acompanante-psicoespiritual-demanda-en-auge","status":"publish","type":"post","link":"https:\/\/eldigitaldeasturias.com\/radio\/formacion-como-acompanante-psicoespiritual-demanda-en-auge\/","title":{"rendered":"Formaci\u00f3n como acompa\u00f1ante psicoespiritual, demanda en auge"},"content":{"rendered":"<p>Desde enero a abril se impartir\u00e1 el <strong>primer curso \u201cAcompa\u00f1amiento en Salida Challenge\u201d<\/strong>, una experiencia formativa con un novedoso sistema de v\u00eddeos cortos f\u00e1cilmente adaptable a los ritmos intensos de vida. Al estilo de <strong>una \u201cp\u00edldora\u201d diaria de 15 minutos<\/strong>, se ir\u00e1 conformando una sugerente exposici\u00f3n de los n\u00facleos b\u00e1sicos para poder adentrarse en la preciosa tarea de acompa\u00f1ar itinerarios de aquellas personas que est\u00e1n buscando algo m\u00e1s que un coach.<\/p>\n<p><img fetchpriority=\"high\" decoding=\"async\" class=\"aligncenter wp-image-6354\" src=\"https:\/\/eldigitaldeasturias.com\/radio\/wp-content\/uploads\/2021\/12\/acompanante-360x204.jpg\" alt=\"acompa\u00f1ante\" width=\"650\" height=\"369\" srcset=\"https:\/\/eldigitaldeasturias.com\/radio\/wp-content\/uploads\/2021\/12\/acompanante-360x204.jpg 360w, https:\/\/eldigitaldeasturias.com\/radio\/wp-content\/uploads\/2021\/12\/acompanante-1024x582.jpg 1024w, https:\/\/eldigitaldeasturias.com\/radio\/wp-content\/uploads\/2021\/12\/acompanante-768x436.jpg 768w, https:\/\/eldigitaldeasturias.com\/radio\/wp-content\/uploads\/2021\/12\/acompanante-150x85.jpg 150w, https:\/\/eldigitaldeasturias.com\/radio\/wp-content\/uploads\/2021\/12\/acompanante-450x256.jpg 450w, https:\/\/eldigitaldeasturias.com\/radio\/wp-content\/uploads\/2021\/12\/acompanante.jpg 1074w\" sizes=\"(max-width: 650px) 100vw, 650px\" \/><\/p>\n<p>&nbsp;<\/p>\n<p>La asertividad, el ni\u00f1o interior, las fases del itinerario espiritual, la meditaci\u00f3n, el perd\u00f3n, personajes paradigm\u00e1ticos e inspiradores, la transferencias afectivas, los mecanismos de defensa, ideas irracionales\u2026 son solo algunos de los puntos que de una manera pedag\u00f3gica nos expondr\u00e1n <strong>Fernando Arriero<\/strong> (CEO de Challenge Internacional, director de la Fundaci\u00f3n <strong>Etty Hillesum<\/strong> y doctor en Teolog\u00eda Espiritual) y <strong>Raquel Rivas<\/strong> (Doctora en Psicolog\u00eda y profesora de la UNIR).<\/p>\n<p>De este modo, Challenge Internacional responde a la creciente demanda de formaci\u00f3n de quienes quieren convertirse en acompa\u00f1antes psicoespirituales, es decir, en personas que se sienten llamadas a posibilitar un \u00e1mbito de escucha profunda, de discernimientos de opciones vitales y de una delicada orientaci\u00f3n que facilita transitar la propia existencia con hondura e intencionalidad.<\/p>\n<p>\u201cEsta propuesta multidisciplinar busca que los participantes cultiven la parte cognitiva, pero tambi\u00e9n las dimensiones afectivo-emocional, corporal y espiritual. Asimismo, destacamos su doble enfoque: con un fundamento te\u00f3rico riguroso, este curso es eminentemente pr\u00e1ctico\u201d explican desde la organizaci\u00f3n. De hecho, cada participante tendr\u00e1 la oportunidad de recibir acompa\u00f1amiento personal a lo largo de estos meses por parte de un especialista de <span style=\"color: #ff6600;\"><strong><a style=\"color: #ff6600;\" href=\"http:\/\/www.challengeinternacional.com\" target=\"_blank\" rel=\"noopener\">Challenge Internacional<\/a><\/strong><\/span> de la Rioja. Y es que, como asegura la propia entidad, \u201csolo se puede ofrecer aquello que se ha experimentado\u201d.<\/p>\n<p>Si bien la orientaci\u00f3n del curso es humanista-cristiana, ofrece una visi\u00f3n amplia desde la que enriquecerse con otras visiones de la vida, del mundo y de respuestas existenciales.No es casual, por tanto, que el t\u00edtulo del curso contenga las palabras \u201cen salida\u201d. Se pretende dialogar con diferentes sensibilidades con el fin de adquirir herramientas para acoger en acompa\u00f1amiento a cualquier persona con su situaci\u00f3n vital particular.<\/p>\n<p>La inscripci\u00f3n en el curso, requiere un donativo entre 49\u20ac y 199\u20ac, en funci\u00f3n del continente de residencia, que ser\u00e1 reinvertido en proyectos sociales o en el propio desarrollo de las peregrinaciones virtuales gratuitas Challenge.<\/p>\n<h4><strong>Sobre Challenge Internacional de La Rioja<\/strong><\/h4>\n<p>Challenge Internacional de La Rioja es una asociaci\u00f3n sin \u00e1nimo de lucro, que desde el inicio de la pandemia ha desarrollado acciones para favorecer procesos de integraci\u00f3n psicoespiritual que ha cristalizado en agradecimiento, voluntariado y una donaci\u00f3n de m\u00e1s de 50.000\u20ac a causas sociales.<\/p>\n<p>Sus \u201cChallenges\u201d, peregrinaciones virtuales gratuitas con posibilidad de acompa\u00f1amiento personal y a las que se puede acceder desde <span style=\"color: #ff6600;\"><strong><a style=\"color: #ff6600;\" href=\"http:\/\/www.challengeinternacional.com\" target=\"_blank\" rel=\"noopener\">www.challengeinternacional.com<\/a><\/strong><\/span>, ya han sido realizados por m\u00e1s de 42.500 personas de m\u00e1s de 60 pa\u00edses.<\/p>\n","protected":false},"excerpt":{"rendered":"<p>Desde enero a abril se impartir\u00e1 el primer curso \u201cAcompa\u00f1amiento en Salida Challenge\u201d, una experiencia formativa con un novedoso sistema de v\u00eddeos cortos f\u00e1cilmente adaptable a los ritmos intensos de vida. Al estilo de una \u201cp\u00edldora\u201d diaria de 15 minutos, se ir\u00e1 conformando una sugerente exposici\u00f3n de los n\u00facleos b\u00e1sicos para poder adentrarse en la<\/p>\n","protected":false},"author":1,"featured_media":6354,"comment_status":"closed","ping_status":"closed","sticky":false,"template":"","format":"standard","meta":{"footnotes":""},"categories":[38],"tags":[45],"class_list":{"0":"post-6353","1":"post","2":"type-post","3":"status-publish","4":"format-standard","5":"has-post-thumbnail","7":"category-live","8":"tag-sociedad"},"aioseo_notices":[],"aioseo_head":"\n\t\t<!-- All in One SEO Pro 4.9.6.2 - aioseo.com -->\n\t<meta name=\"description\" content=\"Desde enero a abril se impartir\u00e1 el primer curso \u201cAcompa\u00f1amiento en Salida Challenge\u201d, una experiencia formativa con un novedoso sistema de v\u00eddeos cortos\" \/>\n\t<meta name=\"robots\" content=\"max-image-preview:large\" \/>\n\t<meta name=\"author\" content=\"NBAsturias\"\/>\n\t<meta name=\"google-site-verification\" content=\"UA-38556648-1\" \/>\n\t<meta name=\"keywords\" content=\"live\" \/>\n\t<link rel=\"canonical\" href=\"https:\/\/eldigitaldeasturias.com\/radio\/formacion-como-acompanante-psicoespiritual-demanda-en-auge\/\" \/>\n\t<meta name=\"generator\" content=\"All in One SEO Pro (AIOSEO) 4.9.6.2\" \/>\n\t\t<meta property=\"og:locale\" content=\"es_ES\" \/>\n\t\t<meta property=\"og:site_name\" content=\"El Digital de Asturias | Diario de informaci\u00f3n y noticias\" \/>\n\t\t<meta property=\"og:type\" content=\"article\" \/>\n\t\t<meta property=\"og:title\" content=\"Formaci\u00f3n como acompa\u00f1ante psicoespiritual, demanda en auge | El Digital de Asturias\" \/>\n\t\t<meta property=\"og:description\" content=\"Desde enero a abril se impartir\u00e1 el primer curso \u201cAcompa\u00f1amiento en Salida Challenge\u201d, una experiencia formativa con un novedoso sistema de v\u00eddeos cortos\" \/>\n\t\t<meta property=\"og:url\" content=\"https:\/\/eldigitaldeasturias.com\/radio\/formacion-como-acompanante-psicoespiritual-demanda-en-auge\/\" \/>\n\t\t<meta property=\"og:image\" content=\"https:\/\/eldigitaldeasturias.com\/radio\/wp-content\/uploads\/2021\/12\/acompanante.jpg\" \/>\n\t\t<meta property=\"og:image:secure_url\" content=\"https:\/\/eldigitaldeasturias.com\/radio\/wp-content\/uploads\/2021\/12\/acompanante.jpg\" \/>\n\t\t<meta property=\"og:image:width\" content=\"1074\" \/>\n\t\t<meta property=\"og:image:height\" content=\"610\" \/>\n\t\t<meta property=\"article:published_time\" content=\"2021-12-17T17:54:05+00:00\" \/>\n\t\t<meta property=\"article:modified_time\" content=\"2021-12-17T17:54:05+00:00\" \/>\n\t\t<meta name=\"twitter:card\" content=\"summary_large_image\" \/>\n\t\t<meta name=\"twitter:site\" content=\"@bercodi\" \/>\n\t\t<meta name=\"twitter:title\" content=\"Formaci\u00f3n como acompa\u00f1ante psicoespiritual, demanda en auge | El Digital de Asturias\" \/>\n\t\t<meta name=\"twitter:description\" content=\"Desde enero a abril se impartir\u00e1 el primer curso \u201cAcompa\u00f1amiento en Salida Challenge\u201d, una experiencia formativa con un novedoso sistema de v\u00eddeos cortos\" \/>\n\t\t<meta name=\"twitter:creator\" content=\"@bercodi\" \/>\n\t\t<meta name=\"twitter:image\" content=\"https:\/\/eldigitaldeasturias.com\/radio\/wp-content\/uploads\/2021\/12\/acompanante.jpg\" \/>\n\t\t<script type=\"application\/ld+json\" class=\"aioseo-schema\">\n\t\t\t{\"@context\":\"https:\\\/\\\/schema.org\",\"@graph\":[{\"@type\":\"BreadcrumbList\",\"@id\":\"https:\\\/\\\/eldigitaldeasturias.com\\\/radio\\\/formacion-como-acompanante-psicoespiritual-demanda-en-auge\\\/#breadcrumblist\",\"itemListElement\":[{\"@type\":\"ListItem\",\"@id\":\"https:\\\/\\\/eldigitaldeasturias.com\\\/radio#listItem\",\"position\":1,\"name\":\"Inicio\",\"item\":\"https:\\\/\\\/eldigitaldeasturias.com\\\/radio\",\"nextItem\":{\"@type\":\"ListItem\",\"@id\":\"https:\\\/\\\/eldigitaldeasturias.com\\\/radio\\\/category\\\/live\\\/#listItem\",\"name\":\"Live\"}},{\"@type\":\"ListItem\",\"@id\":\"https:\\\/\\\/eldigitaldeasturias.com\\\/radio\\\/category\\\/live\\\/#listItem\",\"position\":2,\"name\":\"Live\",\"item\":\"https:\\\/\\\/eldigitaldeasturias.com\\\/radio\\\/category\\\/live\\\/\",\"nextItem\":{\"@type\":\"ListItem\",\"@id\":\"https:\\\/\\\/eldigitaldeasturias.com\\\/radio\\\/formacion-como-acompanante-psicoespiritual-demanda-en-auge\\\/#listItem\",\"name\":\"Formaci\\u00f3n como acompa\\u00f1ante psicoespiritual, demanda en auge\"},\"previousItem\":{\"@type\":\"ListItem\",\"@id\":\"https:\\\/\\\/eldigitaldeasturias.com\\\/radio#listItem\",\"name\":\"Inicio\"}},{\"@type\":\"ListItem\",\"@id\":\"https:\\\/\\\/eldigitaldeasturias.com\\\/radio\\\/formacion-como-acompanante-psicoespiritual-demanda-en-auge\\\/#listItem\",\"position\":3,\"name\":\"Formaci\\u00f3n como acompa\\u00f1ante psicoespiritual, demanda en auge\",\"previousItem\":{\"@type\":\"ListItem\",\"@id\":\"https:\\\/\\\/eldigitaldeasturias.com\\\/radio\\\/category\\\/live\\\/#listItem\",\"name\":\"Live\"}}]},{\"@type\":\"NewsArticle\",\"@id\":\"https:\\\/\\\/eldigitaldeasturias.com\\\/radio\\\/formacion-como-acompanante-psicoespiritual-demanda-en-auge\\\/#newsarticle\",\"name\":\"Formaci\\u00f3n como acompa\\u00f1ante psicoespiritual, demanda en auge | El Digital de Asturias\",\"headline\":\"Formaci\\u00f3n como acompa\\u00f1ante psicoespiritual, demanda en auge\",\"author\":{\"@id\":\"https:\\\/\\\/eldigitaldeasturias.com\\\/radio\\\/author\\\/nbasturias\\\/#author\"},\"publisher\":{\"@id\":\"https:\\\/\\\/eldigitaldeasturias.com\\\/radio\\\/#organization\"},\"image\":{\"@type\":\"ImageObject\",\"url\":\"https:\\\/\\\/eldigitaldeasturias.com\\\/radio\\\/wp-content\\\/uploads\\\/2021\\\/12\\\/acompanante.jpg\",\"width\":1074,\"height\":610,\"caption\":\"acompa\\u00f1ante\"},\"datePublished\":\"2021-12-17T17:54:05+01:00\",\"dateModified\":\"2021-12-17T17:54:05+01:00\",\"inLanguage\":\"es-ES\",\"mainEntityOfPage\":{\"@id\":\"https:\\\/\\\/eldigitaldeasturias.com\\\/radio\\\/formacion-como-acompanante-psicoespiritual-demanda-en-auge\\\/#webpage\"},\"isPartOf\":{\"@id\":\"https:\\\/\\\/eldigitaldeasturias.com\\\/radio\\\/formacion-como-acompanante-psicoespiritual-demanda-en-auge\\\/#webpage\"},\"articleSection\":\"Live, Sociedad\",\"dateline\":\"Publicado el diciembre 17, 2021.\"},{\"@type\":\"Organization\",\"@id\":\"https:\\\/\\\/eldigitaldeasturias.com\\\/radio\\\/#organization\",\"name\":\"El digital de Asturias Radio\",\"description\":\"Diario de informaci\\u00f3n y noticias\",\"url\":\"https:\\\/\\\/eldigitaldeasturias.com\\\/radio\\\/\",\"telephone\":\"+34652131393\",\"logo\":{\"@type\":\"ImageObject\",\"url\":\"https:\\\/\\\/www.eldigitaldeasturias.com\\\/radio\\\/wp-content\\\/uploads\\\/2021\\\/03\\\/EDA.jpg\",\"@id\":\"https:\\\/\\\/eldigitaldeasturias.com\\\/radio\\\/formacion-como-acompanante-psicoespiritual-demanda-en-auge\\\/#organizationLogo\"},\"image\":{\"@id\":\"https:\\\/\\\/eldigitaldeasturias.com\\\/radio\\\/formacion-como-acompanante-psicoespiritual-demanda-en-auge\\\/#organizationLogo\"},\"sameAs\":[\"https:\\\/\\\/www.facebook.com\\\/\",\"https:\\\/\\\/x.com\\\/bercodi\",\"https:\\\/\\\/www.instagram.com\\\/\",\"https:\\\/\\\/www.youtube.com\\\/channel\\\/UCZP-2wLEB9Rv6erhFmqVnvg\"]},{\"@type\":\"Person\",\"@id\":\"https:\\\/\\\/eldigitaldeasturias.com\\\/radio\\\/author\\\/nbasturias\\\/#author\",\"url\":\"https:\\\/\\\/eldigitaldeasturias.com\\\/radio\\\/author\\\/nbasturias\\\/\",\"name\":\"NBAsturias\",\"image\":{\"@type\":\"ImageObject\",\"@id\":\"https:\\\/\\\/eldigitaldeasturias.com\\\/radio\\\/formacion-como-acompanante-psicoespiritual-demanda-en-auge\\\/#authorImage\",\"url\":\"https:\\\/\\\/secure.gravatar.com\\\/avatar\\\/df2aeffc32bcd13f8d26072ef8a91b623d677766deac7f97ca815868cd41bf5e?s=96&d=mm&r=g\",\"width\":96,\"height\":96,\"caption\":\"NBAsturias\"}},{\"@type\":\"WebPage\",\"@id\":\"https:\\\/\\\/eldigitaldeasturias.com\\\/radio\\\/formacion-como-acompanante-psicoespiritual-demanda-en-auge\\\/#webpage\",\"url\":\"https:\\\/\\\/eldigitaldeasturias.com\\\/radio\\\/formacion-como-acompanante-psicoespiritual-demanda-en-auge\\\/\",\"name\":\"Formaci\\u00f3n como acompa\\u00f1ante psicoespiritual, demanda en auge | El Digital de Asturias\",\"description\":\"Desde enero a abril se impartir\\u00e1 el primer curso \\u201cAcompa\\u00f1amiento en Salida Challenge\\u201d, una experiencia formativa con un novedoso sistema de v\\u00eddeos cortos\",\"inLanguage\":\"es-ES\",\"isPartOf\":{\"@id\":\"https:\\\/\\\/eldigitaldeasturias.com\\\/radio\\\/#website\"},\"breadcrumb\":{\"@id\":\"https:\\\/\\\/eldigitaldeasturias.com\\\/radio\\\/formacion-como-acompanante-psicoespiritual-demanda-en-auge\\\/#breadcrumblist\"},\"author\":{\"@id\":\"https:\\\/\\\/eldigitaldeasturias.com\\\/radio\\\/author\\\/nbasturias\\\/#author\"},\"creator\":{\"@id\":\"https:\\\/\\\/eldigitaldeasturias.com\\\/radio\\\/author\\\/nbasturias\\\/#author\"},\"image\":{\"@type\":\"ImageObject\",\"url\":\"https:\\\/\\\/eldigitaldeasturias.com\\\/radio\\\/wp-content\\\/uploads\\\/2021\\\/12\\\/acompanante.jpg\",\"@id\":\"https:\\\/\\\/eldigitaldeasturias.com\\\/radio\\\/formacion-como-acompanante-psicoespiritual-demanda-en-auge\\\/#mainImage\",\"width\":1074,\"height\":610,\"caption\":\"acompa\\u00f1ante\"},\"primaryImageOfPage\":{\"@id\":\"https:\\\/\\\/eldigitaldeasturias.com\\\/radio\\\/formacion-como-acompanante-psicoespiritual-demanda-en-auge\\\/#mainImage\"},\"datePublished\":\"2021-12-17T17:54:05+01:00\",\"dateModified\":\"2021-12-17T17:54:05+01:00\"},{\"@type\":\"WebSite\",\"@id\":\"https:\\\/\\\/eldigitaldeasturias.com\\\/radio\\\/#website\",\"url\":\"https:\\\/\\\/eldigitaldeasturias.com\\\/radio\\\/\",\"name\":\"El Digital de Asturias\",\"description\":\"Diario de informaci\\u00f3n y noticias\",\"inLanguage\":\"es-ES\",\"publisher\":{\"@id\":\"https:\\\/\\\/eldigitaldeasturias.com\\\/radio\\\/#organization\"}}]}\n\t\t<\/script>\n\t\t<!-- All in One SEO Pro -->\r\n\t\t<title>Formaci\u00f3n como acompa\u00f1ante psicoespiritual, demanda en auge | El Digital de Asturias<\/title>\n\n","aioseo_head_json":{"title":"Formaci\u00f3n como acompa\u00f1ante psicoespiritual, demanda en auge | El Digital de Asturias","description":"Desde enero a abril se impartir\u00e1 el primer curso \u201cAcompa\u00f1amiento en Salida Challenge\u201d, una experiencia formativa con un novedoso sistema de v\u00eddeos cortos","canonical_url":"https:\/\/eldigitaldeasturias.com\/radio\/formacion-como-acompanante-psicoespiritual-demanda-en-auge\/","robots":"max-image-preview:large","keywords":"live","webmasterTools":{"google-site-verification":"UA-38556648-1","miscellaneous":""},"schema":{"@context":"https:\/\/schema.org","@graph":[{"@type":"BreadcrumbList","@id":"https:\/\/eldigitaldeasturias.com\/radio\/formacion-como-acompanante-psicoespiritual-demanda-en-auge\/#breadcrumblist","itemListElement":[{"@type":"ListItem","@id":"https:\/\/eldigitaldeasturias.com\/radio#listItem","position":1,"name":"Inicio","item":"https:\/\/eldigitaldeasturias.com\/radio","nextItem":{"@type":"ListItem","@id":"https:\/\/eldigitaldeasturias.com\/radio\/category\/live\/#listItem","name":"Live"}},{"@type":"ListItem","@id":"https:\/\/eldigitaldeasturias.com\/radio\/category\/live\/#listItem","position":2,"name":"Live","item":"https:\/\/eldigitaldeasturias.com\/radio\/category\/live\/","nextItem":{"@type":"ListItem","@id":"https:\/\/eldigitaldeasturias.com\/radio\/formacion-como-acompanante-psicoespiritual-demanda-en-auge\/#listItem","name":"Formaci\u00f3n como acompa\u00f1ante psicoespiritual, demanda en auge"},"previousItem":{"@type":"ListItem","@id":"https:\/\/eldigitaldeasturias.com\/radio#listItem","name":"Inicio"}},{"@type":"ListItem","@id":"https:\/\/eldigitaldeasturias.com\/radio\/formacion-como-acompanante-psicoespiritual-demanda-en-auge\/#listItem","position":3,"name":"Formaci\u00f3n como acompa\u00f1ante psicoespiritual, demanda en auge","previousItem":{"@type":"ListItem","@id":"https:\/\/eldigitaldeasturias.com\/radio\/category\/live\/#listItem","name":"Live"}}]},{"@type":"NewsArticle","@id":"https:\/\/eldigitaldeasturias.com\/radio\/formacion-como-acompanante-psicoespiritual-demanda-en-auge\/#newsarticle","name":"Formaci\u00f3n como acompa\u00f1ante psicoespiritual, demanda en auge | El Digital de Asturias","headline":"Formaci\u00f3n como acompa\u00f1ante psicoespiritual, demanda en auge","author":{"@id":"https:\/\/eldigitaldeasturias.com\/radio\/author\/nbasturias\/#author"},"publisher":{"@id":"https:\/\/eldigitaldeasturias.com\/radio\/#organization"},"image":{"@type":"ImageObject","url":"https:\/\/eldigitaldeasturias.com\/radio\/wp-content\/uploads\/2021\/12\/acompanante.jpg","width":1074,"height":610,"caption":"acompa\u00f1ante"},"datePublished":"2021-12-17T17:54:05+01:00","dateModified":"2021-12-17T17:54:05+01:00","inLanguage":"es-ES","mainEntityOfPage":{"@id":"https:\/\/eldigitaldeasturias.com\/radio\/formacion-como-acompanante-psicoespiritual-demanda-en-auge\/#webpage"},"isPartOf":{"@id":"https:\/\/eldigitaldeasturias.com\/radio\/formacion-como-acompanante-psicoespiritual-demanda-en-auge\/#webpage"},"articleSection":"Live, Sociedad","dateline":"Publicado el diciembre 17, 2021."},{"@type":"Organization","@id":"https:\/\/eldigitaldeasturias.com\/radio\/#organization","name":"El digital de Asturias Radio","description":"Diario de informaci\u00f3n y noticias","url":"https:\/\/eldigitaldeasturias.com\/radio\/","telephone":"+34652131393","logo":{"@type":"ImageObject","url":"https:\/\/www.eldigitaldeasturias.com\/radio\/wp-content\/uploads\/2021\/03\/EDA.jpg","@id":"https:\/\/eldigitaldeasturias.com\/radio\/formacion-como-acompanante-psicoespiritual-demanda-en-auge\/#organizationLogo"},"image":{"@id":"https:\/\/eldigitaldeasturias.com\/radio\/formacion-como-acompanante-psicoespiritual-demanda-en-auge\/#organizationLogo"},"sameAs":["https:\/\/www.facebook.com\/","https:\/\/x.com\/bercodi","https:\/\/www.instagram.com\/","https:\/\/www.youtube.com\/channel\/UCZP-2wLEB9Rv6erhFmqVnvg"]},{"@type":"Person","@id":"https:\/\/eldigitaldeasturias.com\/radio\/author\/nbasturias\/#author","url":"https:\/\/eldigitaldeasturias.com\/radio\/author\/nbasturias\/","name":"NBAsturias","image":{"@type":"ImageObject","@id":"https:\/\/eldigitaldeasturias.com\/radio\/formacion-como-acompanante-psicoespiritual-demanda-en-auge\/#authorImage","url":"https:\/\/secure.gravatar.com\/avatar\/df2aeffc32bcd13f8d26072ef8a91b623d677766deac7f97ca815868cd41bf5e?s=96&d=mm&r=g","width":96,"height":96,"caption":"NBAsturias"}},{"@type":"WebPage","@id":"https:\/\/eldigitaldeasturias.com\/radio\/formacion-como-acompanante-psicoespiritual-demanda-en-auge\/#webpage","url":"https:\/\/eldigitaldeasturias.com\/radio\/formacion-como-acompanante-psicoespiritual-demanda-en-auge\/","name":"Formaci\u00f3n como acompa\u00f1ante psicoespiritual, demanda en auge | El Digital de Asturias","description":"Desde enero a abril se impartir\u00e1 el primer curso \u201cAcompa\u00f1amiento en Salida Challenge\u201d, una experiencia formativa con un novedoso sistema de v\u00eddeos cortos","inLanguage":"es-ES","isPartOf":{"@id":"https:\/\/eldigitaldeasturias.com\/radio\/#website"},"breadcrumb":{"@id":"https:\/\/eldigitaldeasturias.com\/radio\/formacion-como-acompanante-psicoespiritual-demanda-en-auge\/#breadcrumblist"},"author":{"@id":"https:\/\/eldigitaldeasturias.com\/radio\/author\/nbasturias\/#author"},"creator":{"@id":"https:\/\/eldigitaldeasturias.com\/radio\/author\/nbasturias\/#author"},"image":{"@type":"ImageObject","url":"https:\/\/eldigitaldeasturias.com\/radio\/wp-content\/uploads\/2021\/12\/acompanante.jpg","@id":"https:\/\/eldigitaldeasturias.com\/radio\/formacion-como-acompanante-psicoespiritual-demanda-en-auge\/#mainImage","width":1074,"height":610,"caption":"acompa\u00f1ante"},"primaryImageOfPage":{"@id":"https:\/\/eldigitaldeasturias.com\/radio\/formacion-como-acompanante-psicoespiritual-demanda-en-auge\/#mainImage"},"datePublished":"2021-12-17T17:54:05+01:00","dateModified":"2021-12-17T17:54:05+01:00"},{"@type":"WebSite","@id":"https:\/\/eldigitaldeasturias.com\/radio\/#website","url":"https:\/\/eldigitaldeasturias.com\/radio\/","name":"El Digital de Asturias","description":"Diario de informaci\u00f3n y noticias","inLanguage":"es-ES","publisher":{"@id":"https:\/\/eldigitaldeasturias.com\/radio\/#organization"}}]},"og:locale":"es_ES","og:site_name":"El Digital de Asturias | Diario de informaci\u00f3n y noticias","og:type":"article","og:title":"Formaci\u00f3n como acompa\u00f1ante psicoespiritual, demanda en auge | El Digital de Asturias","og:description":"Desde enero a abril se impartir\u00e1 el primer curso \u201cAcompa\u00f1amiento en Salida Challenge\u201d, una experiencia formativa con un novedoso sistema de v\u00eddeos cortos","og:url":"https:\/\/eldigitaldeasturias.com\/radio\/formacion-como-acompanante-psicoespiritual-demanda-en-auge\/","og:image":"https:\/\/eldigitaldeasturias.com\/radio\/wp-content\/uploads\/2021\/12\/acompanante.jpg","og:image:secure_url":"https:\/\/eldigitaldeasturias.com\/radio\/wp-content\/uploads\/2021\/12\/acompanante.jpg","og:image:width":1074,"og:image:height":610,"article:published_time":"2021-12-17T17:54:05+00:00","article:modified_time":"2021-12-17T17:54:05+00:00","twitter:card":"summary_large_image","twitter:site":"@bercodi","twitter:title":"Formaci\u00f3n como acompa\u00f1ante psicoespiritual, demanda en auge | El Digital de Asturias","twitter:description":"Desde enero a abril se impartir\u00e1 el primer curso \u201cAcompa\u00f1amiento en Salida Challenge\u201d, una experiencia formativa con un novedoso sistema de v\u00eddeos cortos","twitter:creator":"@bercodi","twitter:image":"https:\/\/eldigitaldeasturias.com\/radio\/wp-content\/uploads\/2021\/12\/acompanante.jpg"},"aioseo_meta_data":{"post_id":"6353","title":null,"description":"Desde enero a abril se impartir\u00e1 el primer curso \u201cAcompa\u00f1amiento en Salida Challenge\u201d, una experiencia formativa con un novedoso sistema de v\u00eddeos cortos","keywords":[],"keyphrases":{"focus":{"keyphrase":"Acompa\u00f1amiento ","score":68,"analysis":{"keyphraseInTitle":{"title":"Focus Keyphrase in SEO title","description":"Focus Keyphrase not found in SEO title.","score":3,"maxScore":9,"error":1},"keyphraseInDescription":{"title":"Focus keyphrase in meta description","description":"Focus keyphrase found in meta description.","score":9,"maxScore":9,"error":0},"keyphraseInURL":{"title":"Focus Keyphrase in URL","description":"Focus Keyphrase not found in the URL.","score":1,"maxScore":5,"error":1},"keyphraseLength":{"title":"Focus keyphrase length","description":"Good job!","score":9,"maxScore":9,"error":0,"length":1},"keyphraseInIntroduction":{"title":"Focus keyphrase in introduction","description":"Your Focus keyphrase appears in the first paragraph. Well done!","score":9,"maxScore":9,"error":0},"keyphraseInSubHeadings":[],"keyphraseInImageAlt":{"title":"Focus keyphrase in image alt attributes","description":"Focus keyphrase not found in image alt attribute(s). Add an image with your Focus keyphrase as alt text.","score":3,"maxScore":9,"error":1}}},"additional":[{"keyphrase":"Salida Challenge","score":83,"analysis":{"keyphraseInDescription":{"title":"Keyphrase in meta description","description":"Keyphrase found in meta description.","score":9,"maxScore":9,"error":0},"keyphraseLength":{"title":"Keyphrase length","description":"Good job!","score":9,"maxScore":9,"error":0,"length":2},"keyphraseInIntroduction":{"title":"Keyphrase in introduction","description":"Your Keyphrase appears in the first paragraph. Well done!","score":9,"maxScore":9,"error":0},"keyphraseInImageAlt":{"title":"Keyphrase in image alt attributes","description":"Keyphrase not found in image alt attribute(s). Add an image with your Keyphrase as alt text.","score":3,"maxScore":9,"error":1}}},{"keyphrase":"experiencia formativa","score":83,"analysis":{"keyphraseInDescription":{"title":"Keyphrase in meta description","description":"Keyphrase found in meta description.","score":9,"maxScore":9,"error":0},"keyphraseLength":{"title":"Keyphrase length","description":"Good job!","score":9,"maxScore":9,"error":0,"length":2},"keyphraseInIntroduction":{"title":"Keyphrase in introduction","description":"Your Keyphrase appears in the first paragraph. Well done!","score":9,"maxScore":9,"error":0},"keyphraseInImageAlt":{"title":"Keyphrase in image alt attributes","description":"Keyphrase not found in image alt attribute(s). Add an image with your Keyphrase as alt text.","score":3,"maxScore":9,"error":1}}}]},"primary_term":null,"canonical_url":null,"og_title":null,"og_description":null,"og_object_type":"default","og_image_type":"default","og_image_url":null,"og_image_width":null,"og_image_height":null,"og_image_custom_url":null,"og_image_custom_fields":null,"og_video":"","og_custom_url":null,"og_article_section":null,"og_article_tags":[],"twitter_use_og":false,"twitter_card":"default","twitter_image_type":"default","twitter_image_url":null,"twitter_image_custom_url":null,"twitter_image_custom_fields":null,"twitter_title":null,"twitter_description":null,"schema":{"blockGraphs":[],"customGraphs":[],"default":{"data":{"Article":[],"Course":[],"Dataset":[],"FAQPage":[],"Movie":[],"Person":[],"Product":[],"ProductReview":[],"Car":[],"Recipe":[],"Service":[],"SoftwareApplication":[],"WebPage":[]},"graphName":"","isEnabled":true},"graphs":[],"defaultGraph":"Article","defaultPostTypeGraph":""},"schema_type":"default","schema_type_options":"{\"article\":{\"articleType\":\"BlogPosting\"},\"course\":{\"name\":\"\",\"description\":\"\",\"provider\":\"\"},\"faq\":{\"pages\":[]},\"product\":{\"reviews\":[]},\"recipe\":{\"ingredients\":[],\"instructions\":[],\"keywords\":[]},\"software\":{\"reviews\":[],\"operatingSystems\":[]},\"webPage\":{\"webPageType\":\"WebPage\"}}","pillar_content":false,"robots_default":true,"robots_noindex":false,"robots_noarchive":false,"robots_nosnippet":false,"robots_nofollow":false,"robots_noimageindex":false,"robots_noodp":false,"robots_notranslate":false,"robots_max_snippet":"-1","robots_max_videopreview":"-1","robots_max_imagepreview":"large","priority":null,"frequency":"default","location":null,"local_seo":null,"seo_analyzer_scan_date":"2025-08-28 19:12:27","breadcrumb_settings":null,"limit_modified_date":false,"open_ai":null,"ai":null,"created":"2021-12-17 17:46:40","updated":"2025-08-28 19:12:27"},"aioseo_breadcrumb":"<div class=\"aioseo-breadcrumbs\"><span class=\"aioseo-breadcrumb\">\n\t<a href=\"https:\/\/eldigitaldeasturias.com\/radio\" title=\"Inicio\">Inicio<\/a>\n<\/span><span class=\"aioseo-breadcrumb-separator\">&ndash;<\/span><span class=\"aioseo-breadcrumb\">\n\t<a href=\"https:\/\/eldigitaldeasturias.com\/radio\/category\/live\/\" title=\"Live\">Live<\/a>\n<\/span><span class=\"aioseo-breadcrumb-separator\">&ndash;<\/span><span class=\"aioseo-breadcrumb\">\n\tFormaci\u00f3n como acompa\u00f1ante psicoespiritual, demanda en auge\n<\/span><\/div>","aioseo_breadcrumb_json":[{"label":"Inicio","link":"https:\/\/eldigitaldeasturias.com\/radio"},{"label":"Live","link":"https:\/\/eldigitaldeasturias.com\/radio\/category\/live\/"},{"label":"Formaci\u00f3n como acompa\u00f1ante psicoespiritual, demanda en auge","link":"https:\/\/eldigitaldeasturias.com\/radio\/formacion-como-acompanante-psicoespiritual-demanda-en-auge\/"}],"_links":{"self":[{"href":"https:\/\/eldigitaldeasturias.com\/radio\/wp-json\/wp\/v2\/posts\/6353","targetHints":{"allow":["GET"]}}],"collection":[{"href":"https:\/\/eldigitaldeasturias.com\/radio\/wp-json\/wp\/v2\/posts"}],"about":[{"href":"https:\/\/eldigitaldeasturias.com\/radio\/wp-json\/wp\/v2\/types\/post"}],"author":[{"embeddable":true,"href":"https:\/\/eldigitaldeasturias.com\/radio\/wp-json\/wp\/v2\/users\/1"}],"replies":[{"embeddable":true,"href":"https:\/\/eldigitaldeasturias.com\/radio\/wp-json\/wp\/v2\/comments?post=6353"}],"version-history":[{"count":0,"href":"https:\/\/eldigitaldeasturias.com\/radio\/wp-json\/wp\/v2\/posts\/6353\/revisions"}],"wp:featuredmedia":[{"embeddable":true,"href":"https:\/\/eldigitaldeasturias.com\/radio\/wp-json\/wp\/v2\/media\/6354"}],"wp:attachment":[{"href":"https:\/\/eldigitaldeasturias.com\/radio\/wp-json\/wp\/v2\/media?parent=6353"}],"wp:term":[{"taxonomy":"category","embeddable":true,"href":"https:\/\/eldigitaldeasturias.com\/radio\/wp-json\/wp\/v2\/categories?post=6353"},{"taxonomy":"post_tag","embeddable":true,"href":"https:\/\/eldigitaldeasturias.com\/radio\/wp-json\/wp\/v2\/tags?post=6353"}],"curies":[{"name":"wp","href":"https:\/\/api.w.org\/{rel}","templated":true}]}}