{"id":6348,"date":"2021-12-14T19:10:52","date_gmt":"2021-12-14T19:10:52","guid":{"rendered":"http:\/\/eldigitaldeasturias.com\/radio\/?p=6348"},"modified":"2021-12-14T19:10:52","modified_gmt":"2021-12-14T19:10:52","slug":"la-necesidad-de-dormir-por-que-es-algo-inevitable","status":"publish","type":"post","link":"https:\/\/eldigitaldeasturias.com\/radio\/la-necesidad-de-dormir-por-que-es-algo-inevitable\/","title":{"rendered":"La necesidad de dormir, \u00bfpor qu\u00e9 es algo inevitable?"},"content":{"rendered":"<p><span style=\"font-weight: 400;\"><img fetchpriority=\"high\" decoding=\"async\" class=\"alignleft size-medium wp-image-6349\" src=\"https:\/\/eldigitaldeasturias.com\/radio\/wp-content\/uploads\/2021\/12\/dormir-194x300.jpg\" alt=\"dormir\" width=\"194\" height=\"300\" srcset=\"https:\/\/eldigitaldeasturias.com\/radio\/wp-content\/uploads\/2021\/12\/dormir-194x300.jpg 194w, https:\/\/eldigitaldeasturias.com\/radio\/wp-content\/uploads\/2021\/12\/dormir-150x232.jpg 150w, https:\/\/eldigitaldeasturias.com\/radio\/wp-content\/uploads\/2021\/12\/dormir.jpg 375w\" sizes=\"(max-width: 194px) 100vw, 194px\" \/>\u00bfAlguna vez te has preguntado por qu\u00e9 el ser humano necesita dormir? De forma autom\u00e1tica nos vamos a la cama cada <\/span><b>noche buscando la manera de descansar<\/b><span style=\"font-weight: 400;\"> pero, no todo el mundo se plantea el por qu\u00e9. La <\/span><span style=\"color: #ff6600;\"><strong><a style=\"color: #ff6600;\" href=\"https:\/\/www.cell.com\/molecular-cell\/fulltext\/S1097-2765(21)00933-3\" target=\"_blank\" rel=\"noopener\">revista Molecular Cell<\/a><\/strong><\/span><span style=\"font-weight: 400;\">, tratando de resolver el enigma, ha publicado un estudio que podr\u00eda tener la respuesta.<\/span><\/p>\n<p><span style=\"font-weight: 400;\">Investigadores de la Universidad Ban-Ilan de Israel han hecho un estudio con peces para derivar el por qu\u00e9 del sue\u00f1o, la raz\u00f3n del cansancio y ver la <\/span><b>evoluci\u00f3n que ha tenido la idea de dormir<\/b><span style=\"font-weight: 400;\"> con el paso del tiempo. El acto, que involucra a todos los organismos vivos, se traduce en una regeneraci\u00f3n de las c\u00e9lulas finales y beneficios para el cerebro.<\/span><\/p>\n<h2><b>\u00bfCu\u00e1ntas horas debemos dormir?<\/b><\/h2>\n<p><span style=\"font-weight: 400;\">Una buena noche de descanso lo cura todo. Tras comprobar que la falta de sue\u00f1o puede da\u00f1ar gravemente nuestro organismo, se <\/span><b>establece una media de 7 a 8 horas<\/b><span style=\"font-weight: 400;\"> de fase rem por cada individuo. Esto, que no siempre se cumple, debemos llevarlo m\u00e1s en orden cuando trabajamos o nos presentamos a ex\u00e1menes fuertes.<\/span><\/p>\n<p><span style=\"font-weight: 400;\">Los experimentos con el pez cebra que se han hecho en Israel tambi\u00e9n nos hablan de las <\/span><b>interrupciones del descanso por el ruido<\/b><span style=\"font-weight: 400;\">, una luz encendida e incluso cierto tipo de angustia que estemos viviendo en ese momento. Tratando siempre de organizarnos lo mejor posible y contando con el ambiente id\u00f3neo, seguro que logramos el objetivo.<\/span><\/p>\n<h2><b>\u00bfCu\u00e1les son los beneficios de dormir bien?<\/b><\/h2>\n<p><span style=\"font-weight: 400;\">Que los seres humanos necesitan dormir es algo que sabemos todos pero, \u00bfpor qu\u00e9 tenemos que hacerlo para estar bien? El sue\u00f1o reconforta a las personas otorgando esa energ\u00eda que <\/span><b>necesitamos para funcionar al d\u00eda siguiente<\/b><span style=\"font-weight: 400;\"> y es por ello que debemos tenerlo muy controlado. A continuaci\u00f3n, para los que est\u00e1n un poco perdidos, os dejamos con algunos de sus beneficios:<\/span><\/p>\n<h3><b>Incrementa la creatividad<\/b><\/h3>\n<p><span style=\"font-weight: 400;\">Cuando estamos descansados gozamos de una mayor creatividad. Con la producci\u00f3n de hormonas m\u00e1s equilibrada, cualquier cosa que se nos mande <\/span><b>la haremos de buena gana<\/b><span style=\"font-weight: 400;\"> y pensando siempre en mejorar. Por otro lado, nuestra memoria se agudiza e incluso podemos almacenar m\u00e1s datos de los que pens\u00e1bamos.<\/span><\/p>\n<h3><b>Ayuda a perder peso<\/b><\/h3>\n<p><span style=\"font-weight: 400;\">Varios estudios han comprobado c\u00f3mo cuando dormimos bien perdemos peso mucho m\u00e1s f\u00e1cilmente que si tenemos una regulaci\u00f3n del descanso poco controlada. El insomnio provoca <\/span><b>que nuestro est\u00f3mago libere m\u00e1s grelina<\/b><span style=\"font-weight: 400;\"> -la hormona del apetito- y en consecuencia comamos m\u00e1s.<\/span><\/p>\n<h3><b>Protege el coraz\u00f3n<\/b><\/h3>\n<p><span style=\"font-weight: 400;\">La revista <\/span><i><span style=\"font-weight: 400;\">European Heart Journal<\/span><\/i><span style=\"font-weight: 400;\"> public\u00f3 hace no mucho un estudio en el que se hablaba de c\u00f3mo el descanso ayudaba a nuestro coraz\u00f3n. Seg\u00fan parece, las personas con insomnio tienen hasta tres veces m\u00e1s de <\/span><b>posibilidades de sufrir un infarto<\/b><span style=\"font-weight: 400;\">. Esto, que es algo bastante crudo, es lo que nos deber\u00eda concienciar para cambiar de h\u00e1bitos.<\/span><\/p>\n<h3><b>Reduce la depresi\u00f3n<\/b><\/h3>\n<p><span style=\"font-weight: 400;\">Dormir nos ayuda contra la depresi\u00f3n. Son muchas las personas que, tras una larga temporada de falta de sue\u00f1o, <\/span><b>se sumergen en un estado de melancol\u00eda<\/b><span style=\"font-weight: 400;\"> del que no pueden escapar, contra el que no saben hacer nada. Esto, que igualmente supone un problema, es algo que tenemos que luchar por evitar.<\/span><\/p>\n<h3><b>Aspecto saludable<\/b><\/h3>\n<p><span style=\"font-weight: 400;\">Estar descansado nos sirve para tener un aspecto m\u00e1s saludable. Nuestro sistema inmunitario emplea parte del tiempo que le <\/span><b>dedicas al sue\u00f1o para regenerarse<\/b><span style=\"font-weight: 400;\"> y coger todas las fuerzas posibles as\u00ed que, cuando nos levantamos, sentimos esa adrenalina \u00fanica para enfrentar cualquier cosa que tengamos que hacer.<\/span><\/p>\n<h2><b>Problemas para dormir, \u00bfson sencillos de solucionar?<\/b><\/h2>\n<p><span style=\"font-weight: 400;\">Viendo todos los <\/span><b>beneficios que el descanso da a nuestra salud<\/b><span style=\"font-weight: 400;\">, no resulta atractivo que tengamos problemas para conciliar el sue\u00f1o. Si bien un tanto por ciento importante de la poblaci\u00f3n sufre de estr\u00e9s o angustia a la hora de irse a la cama, existen <\/span><span style=\"color: #ff6600;\"><strong><a style=\"color: #ff6600;\" href=\"https:\/\/sofareva.es\/blog\/como-dormir-rapido\/\" target=\"_blank\" rel=\"noopener\">trucos para dormirse r\u00e1pidamente<\/a><\/strong><\/span><span style=\"font-weight: 400;\"> que deber\u00edamos empezar a aplicar.<\/span><\/p>\n<p><span style=\"font-weight: 400;\">Con riesgo de diabetes, ganando m\u00e1s masa corporal, una menor esperanza de vida y hasta relaciones sexuales deficientes, cualquiera que <\/span><b>quiera disfrutar de un d\u00eda a d\u00eda pleno<\/b><span style=\"font-weight: 400;\">, con el que se sienta verdaderamente reconfortado, debe tomar medidas respecto a los niveles de sue\u00f1o que ha ganado.<\/span><\/p>\n<p><span style=\"font-weight: 400;\">Son muchas las ventajas que supone dormir bien para una persona que trabaja, estudia y <\/span><b>hace una vida normal con su pareja, familia<\/b><span style=\"font-weight: 400;\"> o amigos. Esto, que no es algo que debamos tomar a la ligera, nos ayuda no solo a lucir m\u00e1s sanos sino a tener un mejor humor, m\u00e1s ganas de hacer cosas y hasta a sentirnos positivos.<\/span><\/p>\n<p><span style=\"font-weight: 400;\">Como vemos, la <\/span><b>necesidad de dormir<\/b><span style=\"font-weight: 400;\"> no es algo que nosotros nos hayamos inventado sino una cosa que siempre ha estado ah\u00ed y sobre lo que hay que trabajar de forma consciente, equilibradamente. Con todo a su favor, si queremos rendir bien al d\u00eda siguiente, no hay nada como un buen sue\u00f1o, la forma real de reparar el organismo para lo que est\u00e1 por venir. \u00bfTe animas a esforzarte un poco m\u00e1s para conseguir tus objetivos?<\/span><\/p>\n","protected":false},"excerpt":{"rendered":"<p>\u00bfAlguna vez te has preguntado por qu\u00e9 el ser humano necesita dormir? De forma autom\u00e1tica nos vamos a la cama cada noche buscando la manera de descansar pero, no todo el mundo se plantea el por qu\u00e9. La revista Molecular Cell, tratando de resolver el enigma, ha publicado un estudio que podr\u00eda tener la respuesta.<\/p>\n","protected":false},"author":1,"featured_media":6349,"comment_status":"closed","ping_status":"closed","sticky":false,"template":"","format":"standard","meta":{"footnotes":""},"categories":[38],"tags":[45],"class_list":{"0":"post-6348","1":"post","2":"type-post","3":"status-publish","4":"format-standard","5":"has-post-thumbnail","7":"category-live","8":"tag-sociedad"},"aioseo_notices":[],"aioseo_head":"\n\t\t<!-- All in One SEO Pro 4.9.6.2 - aioseo.com -->\n\t<meta name=\"description\" content=\"\u00bfAlguna vez te has preguntado por qu\u00e9 el ser humano necesita dormir? De forma autom\u00e1tica nos vamos a la cama cada noche buscando la manera de descansar\" \/>\n\t<meta name=\"robots\" content=\"max-image-preview:large\" \/>\n\t<meta name=\"author\" content=\"NBAsturias\"\/>\n\t<meta name=\"google-site-verification\" content=\"UA-38556648-1\" \/>\n\t<meta name=\"keywords\" content=\"live\" \/>\n\t<link rel=\"canonical\" href=\"https:\/\/eldigitaldeasturias.com\/radio\/la-necesidad-de-dormir-por-que-es-algo-inevitable\/\" \/>\n\t<meta name=\"generator\" content=\"All in One SEO Pro (AIOSEO) 4.9.6.2\" \/>\n\t\t<meta property=\"og:locale\" content=\"es_ES\" \/>\n\t\t<meta property=\"og:site_name\" content=\"El Digital de Asturias | Diario de informaci\u00f3n y noticias\" \/>\n\t\t<meta property=\"og:type\" content=\"article\" \/>\n\t\t<meta property=\"og:title\" content=\"La necesidad de dormir, \u00bfpor qu\u00e9 es algo inevitable? | El Digital de Asturias\" \/>\n\t\t<meta property=\"og:description\" content=\"\u00bfAlguna vez te has preguntado por qu\u00e9 el ser humano necesita dormir? De forma autom\u00e1tica nos vamos a la cama cada noche buscando la manera de descansar\" \/>\n\t\t<meta property=\"og:url\" content=\"https:\/\/eldigitaldeasturias.com\/radio\/la-necesidad-de-dormir-por-que-es-algo-inevitable\/\" \/>\n\t\t<meta property=\"og:image\" content=\"https:\/\/eldigitaldeasturias.com\/radio\/wp-content\/uploads\/2021\/12\/dormir.jpg\" \/>\n\t\t<meta property=\"og:image:secure_url\" content=\"https:\/\/eldigitaldeasturias.com\/radio\/wp-content\/uploads\/2021\/12\/dormir.jpg\" \/>\n\t\t<meta property=\"og:image:width\" content=\"375\" \/>\n\t\t<meta property=\"og:image:height\" content=\"580\" \/>\n\t\t<meta property=\"article:published_time\" content=\"2021-12-14T19:10:52+00:00\" \/>\n\t\t<meta property=\"article:modified_time\" content=\"2021-12-14T19:10:52+00:00\" \/>\n\t\t<meta name=\"twitter:card\" content=\"summary_large_image\" \/>\n\t\t<meta name=\"twitter:site\" content=\"@bercodi\" \/>\n\t\t<meta name=\"twitter:title\" content=\"La necesidad de dormir, \u00bfpor qu\u00e9 es algo inevitable? | El Digital de Asturias\" \/>\n\t\t<meta name=\"twitter:description\" content=\"\u00bfAlguna vez te has preguntado por qu\u00e9 el ser humano necesita dormir? De forma autom\u00e1tica nos vamos a la cama cada noche buscando la manera de descansar\" \/>\n\t\t<meta name=\"twitter:creator\" content=\"@bercodi\" \/>\n\t\t<meta name=\"twitter:image\" content=\"https:\/\/eldigitaldeasturias.com\/radio\/wp-content\/uploads\/2021\/12\/dormir.jpg\" \/>\n\t\t<script type=\"application\/ld+json\" class=\"aioseo-schema\">\n\t\t\t{\"@context\":\"https:\\\/\\\/schema.org\",\"@graph\":[{\"@type\":\"BreadcrumbList\",\"@id\":\"https:\\\/\\\/eldigitaldeasturias.com\\\/radio\\\/la-necesidad-de-dormir-por-que-es-algo-inevitable\\\/#breadcrumblist\",\"itemListElement\":[{\"@type\":\"ListItem\",\"@id\":\"https:\\\/\\\/eldigitaldeasturias.com\\\/radio#listItem\",\"position\":1,\"name\":\"Inicio\",\"item\":\"https:\\\/\\\/eldigitaldeasturias.com\\\/radio\",\"nextItem\":{\"@type\":\"ListItem\",\"@id\":\"https:\\\/\\\/eldigitaldeasturias.com\\\/radio\\\/category\\\/live\\\/#listItem\",\"name\":\"Live\"}},{\"@type\":\"ListItem\",\"@id\":\"https:\\\/\\\/eldigitaldeasturias.com\\\/radio\\\/category\\\/live\\\/#listItem\",\"position\":2,\"name\":\"Live\",\"item\":\"https:\\\/\\\/eldigitaldeasturias.com\\\/radio\\\/category\\\/live\\\/\",\"nextItem\":{\"@type\":\"ListItem\",\"@id\":\"https:\\\/\\\/eldigitaldeasturias.com\\\/radio\\\/la-necesidad-de-dormir-por-que-es-algo-inevitable\\\/#listItem\",\"name\":\"La necesidad de dormir, \\u00bfpor qu\\u00e9 es algo inevitable?\"},\"previousItem\":{\"@type\":\"ListItem\",\"@id\":\"https:\\\/\\\/eldigitaldeasturias.com\\\/radio#listItem\",\"name\":\"Inicio\"}},{\"@type\":\"ListItem\",\"@id\":\"https:\\\/\\\/eldigitaldeasturias.com\\\/radio\\\/la-necesidad-de-dormir-por-que-es-algo-inevitable\\\/#listItem\",\"position\":3,\"name\":\"La necesidad de dormir, \\u00bfpor qu\\u00e9 es algo inevitable?\",\"previousItem\":{\"@type\":\"ListItem\",\"@id\":\"https:\\\/\\\/eldigitaldeasturias.com\\\/radio\\\/category\\\/live\\\/#listItem\",\"name\":\"Live\"}}]},{\"@type\":\"NewsArticle\",\"@id\":\"https:\\\/\\\/eldigitaldeasturias.com\\\/radio\\\/la-necesidad-de-dormir-por-que-es-algo-inevitable\\\/#newsarticle\",\"name\":\"La necesidad de dormir, \\u00bfpor qu\\u00e9 es algo inevitable? | El Digital de Asturias\",\"headline\":\"La necesidad de dormir, \\u00bfpor qu\\u00e9 es algo inevitable?\",\"author\":{\"@id\":\"https:\\\/\\\/eldigitaldeasturias.com\\\/radio\\\/author\\\/nbasturias\\\/#author\"},\"publisher\":{\"@id\":\"https:\\\/\\\/eldigitaldeasturias.com\\\/radio\\\/#organization\"},\"image\":{\"@type\":\"ImageObject\",\"url\":\"https:\\\/\\\/eldigitaldeasturias.com\\\/radio\\\/wp-content\\\/uploads\\\/2021\\\/12\\\/dormir.jpg\",\"width\":375,\"height\":580,\"caption\":\"dormir\"},\"datePublished\":\"2021-12-14T19:10:52+01:00\",\"dateModified\":\"2021-12-14T19:10:52+01:00\",\"inLanguage\":\"es-ES\",\"mainEntityOfPage\":{\"@id\":\"https:\\\/\\\/eldigitaldeasturias.com\\\/radio\\\/la-necesidad-de-dormir-por-que-es-algo-inevitable\\\/#webpage\"},\"isPartOf\":{\"@id\":\"https:\\\/\\\/eldigitaldeasturias.com\\\/radio\\\/la-necesidad-de-dormir-por-que-es-algo-inevitable\\\/#webpage\"},\"articleSection\":\"Live, Sociedad\",\"dateline\":\"Publicado el diciembre 14, 2021.\"},{\"@type\":\"Organization\",\"@id\":\"https:\\\/\\\/eldigitaldeasturias.com\\\/radio\\\/#organization\",\"name\":\"El digital de Asturias Radio\",\"description\":\"Diario de informaci\\u00f3n y noticias\",\"url\":\"https:\\\/\\\/eldigitaldeasturias.com\\\/radio\\\/\",\"telephone\":\"+34652131393\",\"logo\":{\"@type\":\"ImageObject\",\"url\":\"https:\\\/\\\/www.eldigitaldeasturias.com\\\/radio\\\/wp-content\\\/uploads\\\/2021\\\/03\\\/EDA.jpg\",\"@id\":\"https:\\\/\\\/eldigitaldeasturias.com\\\/radio\\\/la-necesidad-de-dormir-por-que-es-algo-inevitable\\\/#organizationLogo\"},\"image\":{\"@id\":\"https:\\\/\\\/eldigitaldeasturias.com\\\/radio\\\/la-necesidad-de-dormir-por-que-es-algo-inevitable\\\/#organizationLogo\"},\"sameAs\":[\"https:\\\/\\\/www.facebook.com\\\/\",\"https:\\\/\\\/x.com\\\/bercodi\",\"https:\\\/\\\/www.instagram.com\\\/\",\"https:\\\/\\\/www.youtube.com\\\/channel\\\/UCZP-2wLEB9Rv6erhFmqVnvg\"]},{\"@type\":\"Person\",\"@id\":\"https:\\\/\\\/eldigitaldeasturias.com\\\/radio\\\/author\\\/nbasturias\\\/#author\",\"url\":\"https:\\\/\\\/eldigitaldeasturias.com\\\/radio\\\/author\\\/nbasturias\\\/\",\"name\":\"NBAsturias\",\"image\":{\"@type\":\"ImageObject\",\"@id\":\"https:\\\/\\\/eldigitaldeasturias.com\\\/radio\\\/la-necesidad-de-dormir-por-que-es-algo-inevitable\\\/#authorImage\",\"url\":\"https:\\\/\\\/secure.gravatar.com\\\/avatar\\\/df2aeffc32bcd13f8d26072ef8a91b623d677766deac7f97ca815868cd41bf5e?s=96&d=mm&r=g\",\"width\":96,\"height\":96,\"caption\":\"NBAsturias\"}},{\"@type\":\"WebPage\",\"@id\":\"https:\\\/\\\/eldigitaldeasturias.com\\\/radio\\\/la-necesidad-de-dormir-por-que-es-algo-inevitable\\\/#webpage\",\"url\":\"https:\\\/\\\/eldigitaldeasturias.com\\\/radio\\\/la-necesidad-de-dormir-por-que-es-algo-inevitable\\\/\",\"name\":\"La necesidad de dormir, \\u00bfpor qu\\u00e9 es algo inevitable? | El Digital de Asturias\",\"description\":\"\\u00bfAlguna vez te has preguntado por qu\\u00e9 el ser humano necesita dormir? De forma autom\\u00e1tica nos vamos a la cama cada noche buscando la manera de descansar\",\"inLanguage\":\"es-ES\",\"isPartOf\":{\"@id\":\"https:\\\/\\\/eldigitaldeasturias.com\\\/radio\\\/#website\"},\"breadcrumb\":{\"@id\":\"https:\\\/\\\/eldigitaldeasturias.com\\\/radio\\\/la-necesidad-de-dormir-por-que-es-algo-inevitable\\\/#breadcrumblist\"},\"author\":{\"@id\":\"https:\\\/\\\/eldigitaldeasturias.com\\\/radio\\\/author\\\/nbasturias\\\/#author\"},\"creator\":{\"@id\":\"https:\\\/\\\/eldigitaldeasturias.com\\\/radio\\\/author\\\/nbasturias\\\/#author\"},\"image\":{\"@type\":\"ImageObject\",\"url\":\"https:\\\/\\\/eldigitaldeasturias.com\\\/radio\\\/wp-content\\\/uploads\\\/2021\\\/12\\\/dormir.jpg\",\"@id\":\"https:\\\/\\\/eldigitaldeasturias.com\\\/radio\\\/la-necesidad-de-dormir-por-que-es-algo-inevitable\\\/#mainImage\",\"width\":375,\"height\":580,\"caption\":\"dormir\"},\"primaryImageOfPage\":{\"@id\":\"https:\\\/\\\/eldigitaldeasturias.com\\\/radio\\\/la-necesidad-de-dormir-por-que-es-algo-inevitable\\\/#mainImage\"},\"datePublished\":\"2021-12-14T19:10:52+01:00\",\"dateModified\":\"2021-12-14T19:10:52+01:00\"},{\"@type\":\"WebSite\",\"@id\":\"https:\\\/\\\/eldigitaldeasturias.com\\\/radio\\\/#website\",\"url\":\"https:\\\/\\\/eldigitaldeasturias.com\\\/radio\\\/\",\"name\":\"El Digital de Asturias\",\"description\":\"Diario de informaci\\u00f3n y noticias\",\"inLanguage\":\"es-ES\",\"publisher\":{\"@id\":\"https:\\\/\\\/eldigitaldeasturias.com\\\/radio\\\/#organization\"}}]}\n\t\t<\/script>\n\t\t<!-- All in One SEO Pro -->\r\n\t\t<title>La necesidad de dormir, \u00bfpor qu\u00e9 es algo inevitable? | El Digital de Asturias<\/title>\n\n","aioseo_head_json":{"title":"La necesidad de dormir, \u00bfpor qu\u00e9 es algo inevitable? | El Digital de Asturias","description":"\u00bfAlguna vez te has preguntado por qu\u00e9 el ser humano necesita dormir? De forma autom\u00e1tica nos vamos a la cama cada noche buscando la manera de descansar","canonical_url":"https:\/\/eldigitaldeasturias.com\/radio\/la-necesidad-de-dormir-por-que-es-algo-inevitable\/","robots":"max-image-preview:large","keywords":"live","webmasterTools":{"google-site-verification":"UA-38556648-1","miscellaneous":""},"schema":{"@context":"https:\/\/schema.org","@graph":[{"@type":"BreadcrumbList","@id":"https:\/\/eldigitaldeasturias.com\/radio\/la-necesidad-de-dormir-por-que-es-algo-inevitable\/#breadcrumblist","itemListElement":[{"@type":"ListItem","@id":"https:\/\/eldigitaldeasturias.com\/radio#listItem","position":1,"name":"Inicio","item":"https:\/\/eldigitaldeasturias.com\/radio","nextItem":{"@type":"ListItem","@id":"https:\/\/eldigitaldeasturias.com\/radio\/category\/live\/#listItem","name":"Live"}},{"@type":"ListItem","@id":"https:\/\/eldigitaldeasturias.com\/radio\/category\/live\/#listItem","position":2,"name":"Live","item":"https:\/\/eldigitaldeasturias.com\/radio\/category\/live\/","nextItem":{"@type":"ListItem","@id":"https:\/\/eldigitaldeasturias.com\/radio\/la-necesidad-de-dormir-por-que-es-algo-inevitable\/#listItem","name":"La necesidad de dormir, \u00bfpor qu\u00e9 es algo inevitable?"},"previousItem":{"@type":"ListItem","@id":"https:\/\/eldigitaldeasturias.com\/radio#listItem","name":"Inicio"}},{"@type":"ListItem","@id":"https:\/\/eldigitaldeasturias.com\/radio\/la-necesidad-de-dormir-por-que-es-algo-inevitable\/#listItem","position":3,"name":"La necesidad de dormir, \u00bfpor qu\u00e9 es algo inevitable?","previousItem":{"@type":"ListItem","@id":"https:\/\/eldigitaldeasturias.com\/radio\/category\/live\/#listItem","name":"Live"}}]},{"@type":"NewsArticle","@id":"https:\/\/eldigitaldeasturias.com\/radio\/la-necesidad-de-dormir-por-que-es-algo-inevitable\/#newsarticle","name":"La necesidad de dormir, \u00bfpor qu\u00e9 es algo inevitable? | El Digital de Asturias","headline":"La necesidad de dormir, \u00bfpor qu\u00e9 es algo inevitable?","author":{"@id":"https:\/\/eldigitaldeasturias.com\/radio\/author\/nbasturias\/#author"},"publisher":{"@id":"https:\/\/eldigitaldeasturias.com\/radio\/#organization"},"image":{"@type":"ImageObject","url":"https:\/\/eldigitaldeasturias.com\/radio\/wp-content\/uploads\/2021\/12\/dormir.jpg","width":375,"height":580,"caption":"dormir"},"datePublished":"2021-12-14T19:10:52+01:00","dateModified":"2021-12-14T19:10:52+01:00","inLanguage":"es-ES","mainEntityOfPage":{"@id":"https:\/\/eldigitaldeasturias.com\/radio\/la-necesidad-de-dormir-por-que-es-algo-inevitable\/#webpage"},"isPartOf":{"@id":"https:\/\/eldigitaldeasturias.com\/radio\/la-necesidad-de-dormir-por-que-es-algo-inevitable\/#webpage"},"articleSection":"Live, Sociedad","dateline":"Publicado el diciembre 14, 2021."},{"@type":"Organization","@id":"https:\/\/eldigitaldeasturias.com\/radio\/#organization","name":"El digital de Asturias Radio","description":"Diario de informaci\u00f3n y noticias","url":"https:\/\/eldigitaldeasturias.com\/radio\/","telephone":"+34652131393","logo":{"@type":"ImageObject","url":"https:\/\/www.eldigitaldeasturias.com\/radio\/wp-content\/uploads\/2021\/03\/EDA.jpg","@id":"https:\/\/eldigitaldeasturias.com\/radio\/la-necesidad-de-dormir-por-que-es-algo-inevitable\/#organizationLogo"},"image":{"@id":"https:\/\/eldigitaldeasturias.com\/radio\/la-necesidad-de-dormir-por-que-es-algo-inevitable\/#organizationLogo"},"sameAs":["https:\/\/www.facebook.com\/","https:\/\/x.com\/bercodi","https:\/\/www.instagram.com\/","https:\/\/www.youtube.com\/channel\/UCZP-2wLEB9Rv6erhFmqVnvg"]},{"@type":"Person","@id":"https:\/\/eldigitaldeasturias.com\/radio\/author\/nbasturias\/#author","url":"https:\/\/eldigitaldeasturias.com\/radio\/author\/nbasturias\/","name":"NBAsturias","image":{"@type":"ImageObject","@id":"https:\/\/eldigitaldeasturias.com\/radio\/la-necesidad-de-dormir-por-que-es-algo-inevitable\/#authorImage","url":"https:\/\/secure.gravatar.com\/avatar\/df2aeffc32bcd13f8d26072ef8a91b623d677766deac7f97ca815868cd41bf5e?s=96&d=mm&r=g","width":96,"height":96,"caption":"NBAsturias"}},{"@type":"WebPage","@id":"https:\/\/eldigitaldeasturias.com\/radio\/la-necesidad-de-dormir-por-que-es-algo-inevitable\/#webpage","url":"https:\/\/eldigitaldeasturias.com\/radio\/la-necesidad-de-dormir-por-que-es-algo-inevitable\/","name":"La necesidad de dormir, \u00bfpor qu\u00e9 es algo inevitable? | El Digital de Asturias","description":"\u00bfAlguna vez te has preguntado por qu\u00e9 el ser humano necesita dormir? De forma autom\u00e1tica nos vamos a la cama cada noche buscando la manera de descansar","inLanguage":"es-ES","isPartOf":{"@id":"https:\/\/eldigitaldeasturias.com\/radio\/#website"},"breadcrumb":{"@id":"https:\/\/eldigitaldeasturias.com\/radio\/la-necesidad-de-dormir-por-que-es-algo-inevitable\/#breadcrumblist"},"author":{"@id":"https:\/\/eldigitaldeasturias.com\/radio\/author\/nbasturias\/#author"},"creator":{"@id":"https:\/\/eldigitaldeasturias.com\/radio\/author\/nbasturias\/#author"},"image":{"@type":"ImageObject","url":"https:\/\/eldigitaldeasturias.com\/radio\/wp-content\/uploads\/2021\/12\/dormir.jpg","@id":"https:\/\/eldigitaldeasturias.com\/radio\/la-necesidad-de-dormir-por-que-es-algo-inevitable\/#mainImage","width":375,"height":580,"caption":"dormir"},"primaryImageOfPage":{"@id":"https:\/\/eldigitaldeasturias.com\/radio\/la-necesidad-de-dormir-por-que-es-algo-inevitable\/#mainImage"},"datePublished":"2021-12-14T19:10:52+01:00","dateModified":"2021-12-14T19:10:52+01:00"},{"@type":"WebSite","@id":"https:\/\/eldigitaldeasturias.com\/radio\/#website","url":"https:\/\/eldigitaldeasturias.com\/radio\/","name":"El Digital de Asturias","description":"Diario de informaci\u00f3n y noticias","inLanguage":"es-ES","publisher":{"@id":"https:\/\/eldigitaldeasturias.com\/radio\/#organization"}}]},"og:locale":"es_ES","og:site_name":"El Digital de Asturias | Diario de informaci\u00f3n y noticias","og:type":"article","og:title":"La necesidad de dormir, \u00bfpor qu\u00e9 es algo inevitable? | El Digital de Asturias","og:description":"\u00bfAlguna vez te has preguntado por qu\u00e9 el ser humano necesita dormir? De forma autom\u00e1tica nos vamos a la cama cada noche buscando la manera de descansar","og:url":"https:\/\/eldigitaldeasturias.com\/radio\/la-necesidad-de-dormir-por-que-es-algo-inevitable\/","og:image":"https:\/\/eldigitaldeasturias.com\/radio\/wp-content\/uploads\/2021\/12\/dormir.jpg","og:image:secure_url":"https:\/\/eldigitaldeasturias.com\/radio\/wp-content\/uploads\/2021\/12\/dormir.jpg","og:image:width":375,"og:image:height":580,"article:published_time":"2021-12-14T19:10:52+00:00","article:modified_time":"2021-12-14T19:10:52+00:00","twitter:card":"summary_large_image","twitter:site":"@bercodi","twitter:title":"La necesidad de dormir, \u00bfpor qu\u00e9 es algo inevitable? | El Digital de Asturias","twitter:description":"\u00bfAlguna vez te has preguntado por qu\u00e9 el ser humano necesita dormir? De forma autom\u00e1tica nos vamos a la cama cada noche buscando la manera de descansar","twitter:creator":"@bercodi","twitter:image":"https:\/\/eldigitaldeasturias.com\/radio\/wp-content\/uploads\/2021\/12\/dormir.jpg"},"aioseo_meta_data":{"post_id":"6348","title":null,"description":"\u00bfAlguna vez te has preguntado por qu\u00e9 el ser humano necesita dormir? De forma autom\u00e1tica nos vamos a la cama cada noche buscando la manera de descansar","keywords":[],"keyphrases":{"focus":{"keyphrase":"dormir","score":93,"analysis":{"keyphraseInTitle":{"title":"Focus Keyphrase in SEO title","description":"Focus Keyphrase found in SEO title.","score":9,"maxScore":9,"error":0},"keyphraseInDescription":{"title":"Focus keyphrase in meta description","description":"Focus keyphrase found in meta description.","score":9,"maxScore":9,"error":0},"keyphraseInURL":{"title":"Focus Keyphrase in URL","description":"Focus Keyphrase not found in the URL.","score":1,"maxScore":5,"error":1},"keyphraseLength":{"title":"Focus keyphrase length","description":"Good job!","score":9,"maxScore":9,"error":0,"length":1},"keyphraseInIntroduction":{"title":"Focus keyphrase in introduction","description":"Your Focus keyphrase appears in the first paragraph. Well done!","score":9,"maxScore":9,"error":0},"keyphraseInSubHeadings":{"title":"Focus Keyphrase in Subheadings","description":"Your H2 and H3 subheadings reflects the topic of your copy. Good job!","score":9,"maxScore":9,"error":0},"keyphraseInImageAlt":{"title":"Focus keyphrase in image alt attributes","description":"Focus keyphrase found in image alt attribute(s).","score":9,"maxScore":9,"error":0}}},"additional":[{"keyphrase":"manera de descansar","score":83,"analysis":{"keyphraseInDescription":{"title":"Keyphrase in meta description","description":"Keyphrase found in meta description.","score":9,"maxScore":9,"error":0},"keyphraseLength":{"title":"Keyphrase length","description":"Good job!","score":9,"maxScore":9,"error":0,"length":3},"keyphraseInIntroduction":{"title":"Keyphrase in introduction","description":"Your Keyphrase appears in the first paragraph. Well done!","score":9,"maxScore":9,"error":0},"keyphraseInImageAlt":{"title":"Keyphrase in image alt attributes","description":"Keyphrase not found in image alt attribute(s). Add an image with your Keyphrase as alt text.","score":3,"maxScore":9,"error":1}}}]},"primary_term":null,"canonical_url":null,"og_title":null,"og_description":null,"og_object_type":"default","og_image_type":"default","og_image_url":null,"og_image_width":null,"og_image_height":null,"og_image_custom_url":null,"og_image_custom_fields":null,"og_video":"","og_custom_url":null,"og_article_section":null,"og_article_tags":[],"twitter_use_og":false,"twitter_card":"default","twitter_image_type":"default","twitter_image_url":null,"twitter_image_custom_url":null,"twitter_image_custom_fields":null,"twitter_title":null,"twitter_description":null,"schema":{"blockGraphs":[],"customGraphs":[],"default":{"data":{"Article":[],"Course":[],"Dataset":[],"FAQPage":[],"Movie":[],"Person":[],"Product":[],"ProductReview":[],"Car":[],"Recipe":[],"Service":[],"SoftwareApplication":[],"WebPage":[]},"graphName":"","isEnabled":true},"graphs":[],"defaultGraph":"Article","defaultPostTypeGraph":""},"schema_type":"default","schema_type_options":"{\"article\":{\"articleType\":\"BlogPosting\"},\"course\":{\"name\":\"\",\"description\":\"\",\"provider\":\"\"},\"faq\":{\"pages\":[]},\"product\":{\"reviews\":[]},\"recipe\":{\"ingredients\":[],\"instructions\":[],\"keywords\":[]},\"software\":{\"reviews\":[],\"operatingSystems\":[]},\"webPage\":{\"webPageType\":\"WebPage\"}}","pillar_content":false,"robots_default":true,"robots_noindex":false,"robots_noarchive":false,"robots_nosnippet":false,"robots_nofollow":false,"robots_noimageindex":false,"robots_noodp":false,"robots_notranslate":false,"robots_max_snippet":"-1","robots_max_videopreview":"-1","robots_max_imagepreview":"large","priority":null,"frequency":"default","location":null,"local_seo":null,"seo_analyzer_scan_date":"2025-08-28 19:12:26","breadcrumb_settings":null,"limit_modified_date":false,"open_ai":null,"ai":null,"created":"2021-12-14 19:05:14","updated":"2025-08-28 19:12:26"},"aioseo_breadcrumb":"<div class=\"aioseo-breadcrumbs\"><span class=\"aioseo-breadcrumb\">\n\t<a href=\"https:\/\/eldigitaldeasturias.com\/radio\" title=\"Inicio\">Inicio<\/a>\n<\/span><span class=\"aioseo-breadcrumb-separator\">&ndash;<\/span><span class=\"aioseo-breadcrumb\">\n\t<a href=\"https:\/\/eldigitaldeasturias.com\/radio\/category\/live\/\" title=\"Live\">Live<\/a>\n<\/span><span class=\"aioseo-breadcrumb-separator\">&ndash;<\/span><span class=\"aioseo-breadcrumb\">\n\tLa necesidad de dormir, \u00bfpor qu\u00e9 es algo inevitable?\n<\/span><\/div>","aioseo_breadcrumb_json":[{"label":"Inicio","link":"https:\/\/eldigitaldeasturias.com\/radio"},{"label":"Live","link":"https:\/\/eldigitaldeasturias.com\/radio\/category\/live\/"},{"label":"La necesidad de dormir, \u00bfpor qu\u00e9 es algo inevitable?","link":"https:\/\/eldigitaldeasturias.com\/radio\/la-necesidad-de-dormir-por-que-es-algo-inevitable\/"}],"_links":{"self":[{"href":"https:\/\/eldigitaldeasturias.com\/radio\/wp-json\/wp\/v2\/posts\/6348","targetHints":{"allow":["GET"]}}],"collection":[{"href":"https:\/\/eldigitaldeasturias.com\/radio\/wp-json\/wp\/v2\/posts"}],"about":[{"href":"https:\/\/eldigitaldeasturias.com\/radio\/wp-json\/wp\/v2\/types\/post"}],"author":[{"embeddable":true,"href":"https:\/\/eldigitaldeasturias.com\/radio\/wp-json\/wp\/v2\/users\/1"}],"replies":[{"embeddable":true,"href":"https:\/\/eldigitaldeasturias.com\/radio\/wp-json\/wp\/v2\/comments?post=6348"}],"version-history":[{"count":0,"href":"https:\/\/eldigitaldeasturias.com\/radio\/wp-json\/wp\/v2\/posts\/6348\/revisions"}],"wp:featuredmedia":[{"embeddable":true,"href":"https:\/\/eldigitaldeasturias.com\/radio\/wp-json\/wp\/v2\/media\/6349"}],"wp:attachment":[{"href":"https:\/\/eldigitaldeasturias.com\/radio\/wp-json\/wp\/v2\/media?parent=6348"}],"wp:term":[{"taxonomy":"category","embeddable":true,"href":"https:\/\/eldigitaldeasturias.com\/radio\/wp-json\/wp\/v2\/categories?post=6348"},{"taxonomy":"post_tag","embeddable":true,"href":"https:\/\/eldigitaldeasturias.com\/radio\/wp-json\/wp\/v2\/tags?post=6348"}],"curies":[{"name":"wp","href":"https:\/\/api.w.org\/{rel}","templated":true}]}}