{"id":6332,"date":"2021-12-09T01:31:16","date_gmt":"2021-12-09T01:31:16","guid":{"rendered":"http:\/\/eldigitaldeasturias.com\/radio\/?p=6332"},"modified":"2021-12-09T01:31:16","modified_gmt":"2021-12-09T01:31:16","slug":"tapon-del-darien-una-de-las-rutas-migratorias-mas-peligrosas-del-mundo","status":"publish","type":"post","link":"https:\/\/eldigitaldeasturias.com\/radio\/tapon-del-darien-una-de-las-rutas-migratorias-mas-peligrosas-del-mundo\/","title":{"rendered":"\u00abTap\u00f3n del Dari\u00e9n\u00bb: Una de las rutas migratorias m\u00e1s peligrosas del mundo"},"content":{"rendered":"<p>(dpa) &#8211; La humedad del aire es elevada, las monta\u00f1as son instransitables, los pantanos profundos. Aqu\u00ed, en la que posiblemente sea la selva m\u00e1s densa del mundo, hay animales salvajes. Y numerosos criminales. Desde siempre, esta zona al borde del Caribe es un lugar de comercio de todo tipo. Un lugar peligroso.<\/p>\n<figure id=\"attachment_6333\" aria-describedby=\"caption-attachment-6333\" style=\"width: 650px\" class=\"wp-caption aligncenter\"><img fetchpriority=\"high\" decoding=\"async\" class=\"wp-image-6333\" src=\"https:\/\/eldigitaldeasturias.com\/radio\/wp-content\/uploads\/2021\/12\/Tapon-del-Darien-360x238.jpg\" alt=\"Tap\u00f3n del Dari\u00e9n\" width=\"650\" height=\"430\" srcset=\"https:\/\/eldigitaldeasturias.com\/radio\/wp-content\/uploads\/2021\/12\/Tapon-del-Darien-360x238.jpg 360w, https:\/\/eldigitaldeasturias.com\/radio\/wp-content\/uploads\/2021\/12\/Tapon-del-Darien-768x508.jpg 768w, https:\/\/eldigitaldeasturias.com\/radio\/wp-content\/uploads\/2021\/12\/Tapon-del-Darien-150x99.jpg 150w, https:\/\/eldigitaldeasturias.com\/radio\/wp-content\/uploads\/2021\/12\/Tapon-del-Darien-450x298.jpg 450w, https:\/\/eldigitaldeasturias.com\/radio\/wp-content\/uploads\/2021\/12\/Tapon-del-Darien.jpg 1009w\" sizes=\"(max-width: 650px) 100vw, 650px\" \/><figcaption id=\"caption-attachment-6333\" class=\"wp-caption-text\">Un migrante lleva bajo intensa lluvia un bid\u00f3n de agua potable a un dep\u00f3sito que sirve de refugio para migrantes en el Tap\u00f3n del Dari\u00e9n. Foto: Mauricio Valenzuela\/dpa<\/figcaption><\/figure>\n<p>\u00abLa frontera de Panam\u00e1 y Colombia no est\u00e1 dise\u00f1ada para el tr\u00e1nsito, es una selva muy densa\u00bb, dice la ministra de Exteriores de Panam\u00e1, Erika Mouynes, en una entrevista con el diario \u00abEl Pa\u00eds\u00bb.<\/p>\n<p>\u00abTap\u00f3n del Dari\u00e9n\u00bb le llaman a la zona. All\u00ed se interrumpe la autopista Panamericana. A pesar de todo, cada a\u00f1o, decenas de miles de migrantes intentan cruzar la selva. Esperan conseguir una vida mejor en M\u00e9xico o en Estados Unidos.<\/p>\n<p>Mahmoud Assis, de 45 a\u00f1os, atraves\u00f3 la selva de Dari\u00e9n en direcci\u00f3n al norte y sobrevivi\u00f3. \u00abCamin\u00e9 mucho, sub\u00ed monta\u00f1as y trep\u00e9 rocas, atraves\u00e9 r\u00edos y vi c\u00f3mo mucha gente mor\u00eda all\u00ed\u00bb, dice este paquistan\u00ed a dpa en una conversaci\u00f3n telef\u00f3nica desde Bajo Chiquito en Panam\u00e1.<\/p>\n<p>Assis pidi\u00f3 prestado un tel\u00e9fono m\u00f3vil. El suyo, su dinero, todas sus cosas le fueron robados durante un asalto armado en la selva. Los migrantes son v\u00edctimas f\u00e1ciles de las bandas. \u00ab\u00bfQu\u00e9 vas a hacer? No puedes hacer nada\u00bb. \u00c9l no sab\u00eda que el camino al norte iba a ser tan dif\u00edcil. Muchos le dijeron que no lo hiciera, incluso su familia. \u00ab\u00a1No vayas por ah\u00ed! Es una p\u00e9sima idea. Es demasiado dif\u00edcil, demasiado peligroso\u00bb.<\/p>\n<p>Assis dice que uno de sus amigos ya vive en M\u00e9xico. Le cont\u00f3 que trabaja en un restaurante donde se pagan buenos sueldos. Assis quiere llegar all\u00ed y ganar dinero como cocinero. Pero hasta all\u00ed a\u00fan son miles de kil\u00f3metros.<\/p>\n<p>La Cruz Roja Internacional describe el \u00abTap\u00f3n del Dari\u00e9n\u00bb como una de las rutas migratorias m\u00e1s peligrosas del mundo. Quien la recorre muchas veces termina f\u00edsica y mentalmente traumatizado.<\/p>\n<p>Marisol Quiceno, responsable de asuntos humanitarios en M\u00e9dicos sin Fronteras en Colombia, dice: \u00abMuchas de las mujeres que asistimos sufrieron abusos sexuales en el camino\u00bb. Equipos de M\u00e9dicos sin Fronteras en Panam\u00e1 atendieron desde abril a 288 personas que sufrieron violencia sexual.<\/p>\n<p>Los accidentes debido al terreno complicado y la violencia contra los migrantes llevaron a que muchos quedaran en el camino. Muchos no sobrevivieron. Los migrantes relataron a M\u00e9dicos sin Fronteras que algunas de las personas que se trasladaban con ellos cayeron por acantilados o se ahogaron en r\u00edos y que por todos lados hay cad\u00e1veres. Aquellos que lograron pasar muchas veces est\u00e1n deshidratados, tienen diarrea o heridas tan graves que apenas pueden seguir.<\/p>\n<p>Pero este \u00abcamino imposible\u00bb entre Colombia y Panam\u00e1, Sudam\u00e9rica y Centroam\u00e9rica, se convirti\u00f3 en una ruta especialmente frecuentada. En 2016 fueron unas 30.000 las personas que atravesaron la selva hacia Panam\u00e1. En el presente a\u00f1o, ya son m\u00e1s de 100.000, seg\u00fan pudo saber dpa de fuentes gubernamentales. Una cifra similar de personas se lanza cada a\u00f1os a cruzar el Mediterr\u00e1neo rumbo a Europa.<\/p>\n<p>En la selva del Dari\u00e9n tambi\u00e9n se contabilizaron casi 19.000 ni\u00f1os, seg\u00fan Unicef. \u00abEn esta densa selva, las familias de migrantes con ni\u00f1os est\u00e1n especialmente expuestas a la violencia\u00bb, dice el director regional de Unicef, Jean Gough. \u00abCada ni\u00f1o que atraviesa el Tap\u00f3n del Dari\u00e9n es un superviviente\u00bb.<\/p>\n<p>Mahmoud Assis dej\u00f3 esposa, madre y hermanos en Pakist\u00e1n. Quiere enviarles mucho dinero desde otro pa\u00eds y as\u00ed posibilitarles una buena vida.<\/p>\n<p>Tambi\u00e9n Francis Demak\u00f3, de Ghana, quien en \u00c1frica era perseguido y discriminado por homosexual y quiere llegar a Estados Unidos, viaja solo. Esper\u00f3 con miles de migrantes en el noroeste de Colombia, a donde diariamente llegaban hasta 1.500 personas, sobre todo procedentes de Hait\u00ed, en su camino hacia el norte.<\/p>\n<p>\u00abEra dif\u00edcil encontrar un lugar tranquilo en Necocl\u00ed, algo para comer y beber. La gente dorm\u00eda en las calles, con familias, con ni\u00f1os\u00bb, relata el hombre de 26 a\u00f1os a dpa. \u00abMi dinero era para llevarme a Panam\u00e1\u00bb.<\/p>\n<p>Ariel \u00c1vila, analista de seguridad y orden p\u00fablico en Colombia, explica a dpa que quienes llevan a los migrantes por la selva del Dari\u00e9n son conocidos como \u00abcoyotes\u00bb, al igual que en la frontera entre M\u00e9xico y Estados Unidos. El grupo armado organizado \u00abClan del Golfo\u00bb, cuyo jefe \u00abOtoniel\u00bb fue detenido hace poco en la regi\u00f3n del Urab\u00e1, act\u00faa como una especie de regulador.<\/p>\n<p>Los migrantes esperan en Necocl\u00ed, el cuello de botella de Sudam\u00e9rica, a veces d\u00edas y semanas por un lugar en una embarcaci\u00f3n. En ellas son llevados a la frontera. Luego, comienza la ruta por la selva del Dari\u00e9n.<\/p>\n<p>M\u00e9dicos sin Fronteras y la Cruz Roja reclaman de Colombia, que declar\u00f3 terminada la crisis migratoria en Necocl\u00ed, y Panam\u00e1 que garanticen el avance seguro de los migrantes.<\/p>\n<p>\u00abEs muy triste ver c\u00f3mo estas personas arriesgan su vida con la promesa de un futuro mejor que quiz\u00e1 nunca experimenten\u00bb, dice Diego Pi\u00f1eros, coordinador de Migraci\u00f3n de la Cruz Roja en Colombia.<\/p>\n<p>El sue\u00f1o americano y las consecuencias de la pandemia de coronavirus llevaron a decenas de miles de personas hacia el norte. Muchos de los migrantes de Hait\u00ed, pero tambi\u00e9n de Venezuela, Cuba, \u00c1frica y Asia, en parte ya vivieron antes en pa\u00edses como Brasil o Chile, y ahora, que la situaci\u00f3n para ellos se volvi\u00f3 cada vez m\u00e1s dif\u00edcil all\u00ed, partieron.<\/p>\n<p>Su lema es como el de Assis: \u00abEstoy solo y perdido. Solo tengo la esperanza de que todo vaya bien\u00bb.<\/p>\n<p><i class=\"lang-es\"><span class=\" readonly\" title=\"\">Por Fabi\u00e1n Y\u00e1\u00f1ez y Martina Farmbauer (dpa)<\/span><\/i><\/p>\n","protected":false},"excerpt":{"rendered":"<p>(dpa) &#8211; La humedad del aire es elevada, las monta\u00f1as son instransitables, los pantanos profundos. Aqu\u00ed, en la que posiblemente sea la selva m\u00e1s densa del mundo, hay animales salvajes. Y numerosos criminales. Desde siempre, esta zona al borde del Caribe es un lugar de comercio de todo tipo. Un lugar peligroso. \u00abLa frontera de<\/p>\n","protected":false},"author":1,"featured_media":6333,"comment_status":"closed","ping_status":"closed","sticky":false,"template":"","format":"standard","meta":{"footnotes":""},"categories":[26],"tags":[44,45],"class_list":{"0":"post-6332","1":"post","2":"type-post","3":"status-publish","4":"format-standard","5":"has-post-thumbnail","7":"category-reportajes","8":"tag-reportajes","9":"tag-sociedad"},"aioseo_notices":[],"aioseo_head":"\n\t\t<!-- All in One SEO Pro 4.9.6.2 - aioseo.com -->\n\t<meta name=\"description\" content=\"La humedad del aire es elevada, las monta\u00f1as son instransitables, los pantanos profundos. Aqu\u00ed, en la que posiblemente sea la selva m\u00e1s densa del mundo,\" \/>\n\t<meta name=\"robots\" content=\"max-image-preview:large\" \/>\n\t<meta name=\"author\" content=\"NBAsturias\"\/>\n\t<meta name=\"google-site-verification\" content=\"UA-38556648-1\" \/>\n\t<meta name=\"keywords\" content=\"reportajes\" \/>\n\t<link rel=\"canonical\" href=\"https:\/\/eldigitaldeasturias.com\/radio\/tapon-del-darien-una-de-las-rutas-migratorias-mas-peligrosas-del-mundo\/\" \/>\n\t<meta name=\"generator\" content=\"All in One SEO Pro (AIOSEO) 4.9.6.2\" \/>\n\t\t<meta property=\"og:locale\" content=\"es_ES\" \/>\n\t\t<meta property=\"og:site_name\" content=\"El Digital de Asturias | Diario de informaci\u00f3n y noticias\" \/>\n\t\t<meta property=\"og:type\" content=\"article\" \/>\n\t\t<meta property=\"og:title\" content=\"\u00abTap\u00f3n del Dari\u00e9n\u00bb: Una de las rutas migratorias m\u00e1s peligrosas del mundo | El Digital de Asturias\" \/>\n\t\t<meta property=\"og:description\" content=\"La humedad del aire es elevada, las monta\u00f1as son instransitables, los pantanos profundos. Aqu\u00ed, en la que posiblemente sea la selva m\u00e1s densa del mundo,\" \/>\n\t\t<meta property=\"og:url\" content=\"https:\/\/eldigitaldeasturias.com\/radio\/tapon-del-darien-una-de-las-rutas-migratorias-mas-peligrosas-del-mundo\/\" \/>\n\t\t<meta property=\"og:image\" content=\"https:\/\/eldigitaldeasturias.com\/radio\/wp-content\/uploads\/2021\/12\/Tapon-del-Darien.jpg\" \/>\n\t\t<meta property=\"og:image:secure_url\" content=\"https:\/\/eldigitaldeasturias.com\/radio\/wp-content\/uploads\/2021\/12\/Tapon-del-Darien.jpg\" \/>\n\t\t<meta property=\"og:image:width\" content=\"1009\" \/>\n\t\t<meta property=\"og:image:height\" content=\"668\" \/>\n\t\t<meta property=\"article:published_time\" content=\"2021-12-09T01:31:16+00:00\" \/>\n\t\t<meta property=\"article:modified_time\" content=\"2021-12-09T01:31:16+00:00\" \/>\n\t\t<meta name=\"twitter:card\" content=\"summary_large_image\" \/>\n\t\t<meta name=\"twitter:site\" content=\"@bercodi\" \/>\n\t\t<meta name=\"twitter:title\" content=\"\u00abTap\u00f3n del Dari\u00e9n\u00bb: Una de las rutas migratorias m\u00e1s peligrosas del mundo | El Digital de Asturias\" \/>\n\t\t<meta name=\"twitter:description\" content=\"La humedad del aire es elevada, las monta\u00f1as son instransitables, los pantanos profundos. Aqu\u00ed, en la que posiblemente sea la selva m\u00e1s densa del mundo,\" \/>\n\t\t<meta name=\"twitter:creator\" content=\"@bercodi\" \/>\n\t\t<meta name=\"twitter:image\" content=\"https:\/\/eldigitaldeasturias.com\/radio\/wp-content\/uploads\/2021\/12\/Tapon-del-Darien.jpg\" \/>\n\t\t<script type=\"application\/ld+json\" class=\"aioseo-schema\">\n\t\t\t{\"@context\":\"https:\\\/\\\/schema.org\",\"@graph\":[{\"@type\":\"BreadcrumbList\",\"@id\":\"https:\\\/\\\/eldigitaldeasturias.com\\\/radio\\\/tapon-del-darien-una-de-las-rutas-migratorias-mas-peligrosas-del-mundo\\\/#breadcrumblist\",\"itemListElement\":[{\"@type\":\"ListItem\",\"@id\":\"https:\\\/\\\/eldigitaldeasturias.com\\\/radio#listItem\",\"position\":1,\"name\":\"Inicio\",\"item\":\"https:\\\/\\\/eldigitaldeasturias.com\\\/radio\",\"nextItem\":{\"@type\":\"ListItem\",\"@id\":\"https:\\\/\\\/eldigitaldeasturias.com\\\/radio\\\/category\\\/reportajes\\\/#listItem\",\"name\":\"Reportajes\"}},{\"@type\":\"ListItem\",\"@id\":\"https:\\\/\\\/eldigitaldeasturias.com\\\/radio\\\/category\\\/reportajes\\\/#listItem\",\"position\":2,\"name\":\"Reportajes\",\"item\":\"https:\\\/\\\/eldigitaldeasturias.com\\\/radio\\\/category\\\/reportajes\\\/\",\"nextItem\":{\"@type\":\"ListItem\",\"@id\":\"https:\\\/\\\/eldigitaldeasturias.com\\\/radio\\\/tapon-del-darien-una-de-las-rutas-migratorias-mas-peligrosas-del-mundo\\\/#listItem\",\"name\":\"\\u00abTap\\u00f3n del Dari\\u00e9n\\u00bb: Una de las rutas migratorias m\\u00e1s peligrosas del mundo\"},\"previousItem\":{\"@type\":\"ListItem\",\"@id\":\"https:\\\/\\\/eldigitaldeasturias.com\\\/radio#listItem\",\"name\":\"Inicio\"}},{\"@type\":\"ListItem\",\"@id\":\"https:\\\/\\\/eldigitaldeasturias.com\\\/radio\\\/tapon-del-darien-una-de-las-rutas-migratorias-mas-peligrosas-del-mundo\\\/#listItem\",\"position\":3,\"name\":\"\\u00abTap\\u00f3n del Dari\\u00e9n\\u00bb: Una de las rutas migratorias m\\u00e1s peligrosas del mundo\",\"previousItem\":{\"@type\":\"ListItem\",\"@id\":\"https:\\\/\\\/eldigitaldeasturias.com\\\/radio\\\/category\\\/reportajes\\\/#listItem\",\"name\":\"Reportajes\"}}]},{\"@type\":\"NewsArticle\",\"@id\":\"https:\\\/\\\/eldigitaldeasturias.com\\\/radio\\\/tapon-del-darien-una-de-las-rutas-migratorias-mas-peligrosas-del-mundo\\\/#newsarticle\",\"name\":\"\\u00abTap\\u00f3n del Dari\\u00e9n\\u00bb: Una de las rutas migratorias m\\u00e1s peligrosas del mundo | El Digital de Asturias\",\"headline\":\"\\u00abTap\\u00f3n del Dari\\u00e9n\\u00bb: Una de las rutas migratorias m\\u00e1s peligrosas del mundo\",\"author\":{\"@id\":\"https:\\\/\\\/eldigitaldeasturias.com\\\/radio\\\/author\\\/nbasturias\\\/#author\"},\"publisher\":{\"@id\":\"https:\\\/\\\/eldigitaldeasturias.com\\\/radio\\\/#organization\"},\"image\":{\"@type\":\"ImageObject\",\"url\":\"https:\\\/\\\/eldigitaldeasturias.com\\\/radio\\\/wp-content\\\/uploads\\\/2021\\\/12\\\/Tapon-del-Darien.jpg\",\"width\":1009,\"height\":668,\"caption\":\"Un migrante lleva bajo intensa lluvia un bid\\u00f3n de agua potable a un dep\\u00f3sito que sirve de refugio para migrantes en el Tap\\u00f3n del Dari\\u00e9n. Foto: Mauricio Valenzuela\\\/dpa\"},\"datePublished\":\"2021-12-09T01:31:16+01:00\",\"dateModified\":\"2021-12-09T01:31:16+01:00\",\"inLanguage\":\"es-ES\",\"mainEntityOfPage\":{\"@id\":\"https:\\\/\\\/eldigitaldeasturias.com\\\/radio\\\/tapon-del-darien-una-de-las-rutas-migratorias-mas-peligrosas-del-mundo\\\/#webpage\"},\"isPartOf\":{\"@id\":\"https:\\\/\\\/eldigitaldeasturias.com\\\/radio\\\/tapon-del-darien-una-de-las-rutas-migratorias-mas-peligrosas-del-mundo\\\/#webpage\"},\"articleSection\":\"Reportajes, Reportajes, Sociedad\",\"dateline\":\"Publicado el diciembre 9, 2021.\"},{\"@type\":\"Organization\",\"@id\":\"https:\\\/\\\/eldigitaldeasturias.com\\\/radio\\\/#organization\",\"name\":\"El digital de Asturias Radio\",\"description\":\"Diario de informaci\\u00f3n y noticias\",\"url\":\"https:\\\/\\\/eldigitaldeasturias.com\\\/radio\\\/\",\"telephone\":\"+34652131393\",\"logo\":{\"@type\":\"ImageObject\",\"url\":\"https:\\\/\\\/www.eldigitaldeasturias.com\\\/radio\\\/wp-content\\\/uploads\\\/2021\\\/03\\\/EDA.jpg\",\"@id\":\"https:\\\/\\\/eldigitaldeasturias.com\\\/radio\\\/tapon-del-darien-una-de-las-rutas-migratorias-mas-peligrosas-del-mundo\\\/#organizationLogo\"},\"image\":{\"@id\":\"https:\\\/\\\/eldigitaldeasturias.com\\\/radio\\\/tapon-del-darien-una-de-las-rutas-migratorias-mas-peligrosas-del-mundo\\\/#organizationLogo\"},\"sameAs\":[\"https:\\\/\\\/www.facebook.com\\\/\",\"https:\\\/\\\/x.com\\\/bercodi\",\"https:\\\/\\\/www.instagram.com\\\/\",\"https:\\\/\\\/www.youtube.com\\\/channel\\\/UCZP-2wLEB9Rv6erhFmqVnvg\"]},{\"@type\":\"Person\",\"@id\":\"https:\\\/\\\/eldigitaldeasturias.com\\\/radio\\\/author\\\/nbasturias\\\/#author\",\"url\":\"https:\\\/\\\/eldigitaldeasturias.com\\\/radio\\\/author\\\/nbasturias\\\/\",\"name\":\"NBAsturias\",\"image\":{\"@type\":\"ImageObject\",\"@id\":\"https:\\\/\\\/eldigitaldeasturias.com\\\/radio\\\/tapon-del-darien-una-de-las-rutas-migratorias-mas-peligrosas-del-mundo\\\/#authorImage\",\"url\":\"https:\\\/\\\/secure.gravatar.com\\\/avatar\\\/df2aeffc32bcd13f8d26072ef8a91b623d677766deac7f97ca815868cd41bf5e?s=96&d=mm&r=g\",\"width\":96,\"height\":96,\"caption\":\"NBAsturias\"}},{\"@type\":\"WebPage\",\"@id\":\"https:\\\/\\\/eldigitaldeasturias.com\\\/radio\\\/tapon-del-darien-una-de-las-rutas-migratorias-mas-peligrosas-del-mundo\\\/#webpage\",\"url\":\"https:\\\/\\\/eldigitaldeasturias.com\\\/radio\\\/tapon-del-darien-una-de-las-rutas-migratorias-mas-peligrosas-del-mundo\\\/\",\"name\":\"\\u00abTap\\u00f3n del Dari\\u00e9n\\u00bb: Una de las rutas migratorias m\\u00e1s peligrosas del mundo | El Digital de Asturias\",\"description\":\"La humedad del aire es elevada, las monta\\u00f1as son instransitables, los pantanos profundos. Aqu\\u00ed, en la que posiblemente sea la selva m\\u00e1s densa del mundo,\",\"inLanguage\":\"es-ES\",\"isPartOf\":{\"@id\":\"https:\\\/\\\/eldigitaldeasturias.com\\\/radio\\\/#website\"},\"breadcrumb\":{\"@id\":\"https:\\\/\\\/eldigitaldeasturias.com\\\/radio\\\/tapon-del-darien-una-de-las-rutas-migratorias-mas-peligrosas-del-mundo\\\/#breadcrumblist\"},\"author\":{\"@id\":\"https:\\\/\\\/eldigitaldeasturias.com\\\/radio\\\/author\\\/nbasturias\\\/#author\"},\"creator\":{\"@id\":\"https:\\\/\\\/eldigitaldeasturias.com\\\/radio\\\/author\\\/nbasturias\\\/#author\"},\"image\":{\"@type\":\"ImageObject\",\"url\":\"https:\\\/\\\/eldigitaldeasturias.com\\\/radio\\\/wp-content\\\/uploads\\\/2021\\\/12\\\/Tapon-del-Darien.jpg\",\"@id\":\"https:\\\/\\\/eldigitaldeasturias.com\\\/radio\\\/tapon-del-darien-una-de-las-rutas-migratorias-mas-peligrosas-del-mundo\\\/#mainImage\",\"width\":1009,\"height\":668,\"caption\":\"Un migrante lleva bajo intensa lluvia un bid\\u00f3n de agua potable a un dep\\u00f3sito que sirve de refugio para migrantes en el Tap\\u00f3n del Dari\\u00e9n. Foto: Mauricio Valenzuela\\\/dpa\"},\"primaryImageOfPage\":{\"@id\":\"https:\\\/\\\/eldigitaldeasturias.com\\\/radio\\\/tapon-del-darien-una-de-las-rutas-migratorias-mas-peligrosas-del-mundo\\\/#mainImage\"},\"datePublished\":\"2021-12-09T01:31:16+01:00\",\"dateModified\":\"2021-12-09T01:31:16+01:00\"},{\"@type\":\"WebSite\",\"@id\":\"https:\\\/\\\/eldigitaldeasturias.com\\\/radio\\\/#website\",\"url\":\"https:\\\/\\\/eldigitaldeasturias.com\\\/radio\\\/\",\"name\":\"El Digital de Asturias\",\"description\":\"Diario de informaci\\u00f3n y noticias\",\"inLanguage\":\"es-ES\",\"publisher\":{\"@id\":\"https:\\\/\\\/eldigitaldeasturias.com\\\/radio\\\/#organization\"}}]}\n\t\t<\/script>\n\t\t<!-- All in One SEO Pro -->\r\n\t\t<title>\u00abTap\u00f3n del Dari\u00e9n\u00bb: Una de las rutas migratorias m\u00e1s peligrosas del mundo | El Digital de Asturias<\/title>\n\n","aioseo_head_json":{"title":"\u00abTap\u00f3n del Dari\u00e9n\u00bb: Una de las rutas migratorias m\u00e1s peligrosas del mundo | El Digital de Asturias","description":"La humedad del aire es elevada, las monta\u00f1as son instransitables, los pantanos profundos. Aqu\u00ed, en la que posiblemente sea la selva m\u00e1s densa del mundo,","canonical_url":"https:\/\/eldigitaldeasturias.com\/radio\/tapon-del-darien-una-de-las-rutas-migratorias-mas-peligrosas-del-mundo\/","robots":"max-image-preview:large","keywords":"reportajes","webmasterTools":{"google-site-verification":"UA-38556648-1","miscellaneous":""},"schema":{"@context":"https:\/\/schema.org","@graph":[{"@type":"BreadcrumbList","@id":"https:\/\/eldigitaldeasturias.com\/radio\/tapon-del-darien-una-de-las-rutas-migratorias-mas-peligrosas-del-mundo\/#breadcrumblist","itemListElement":[{"@type":"ListItem","@id":"https:\/\/eldigitaldeasturias.com\/radio#listItem","position":1,"name":"Inicio","item":"https:\/\/eldigitaldeasturias.com\/radio","nextItem":{"@type":"ListItem","@id":"https:\/\/eldigitaldeasturias.com\/radio\/category\/reportajes\/#listItem","name":"Reportajes"}},{"@type":"ListItem","@id":"https:\/\/eldigitaldeasturias.com\/radio\/category\/reportajes\/#listItem","position":2,"name":"Reportajes","item":"https:\/\/eldigitaldeasturias.com\/radio\/category\/reportajes\/","nextItem":{"@type":"ListItem","@id":"https:\/\/eldigitaldeasturias.com\/radio\/tapon-del-darien-una-de-las-rutas-migratorias-mas-peligrosas-del-mundo\/#listItem","name":"\u00abTap\u00f3n del Dari\u00e9n\u00bb: Una de las rutas migratorias m\u00e1s peligrosas del mundo"},"previousItem":{"@type":"ListItem","@id":"https:\/\/eldigitaldeasturias.com\/radio#listItem","name":"Inicio"}},{"@type":"ListItem","@id":"https:\/\/eldigitaldeasturias.com\/radio\/tapon-del-darien-una-de-las-rutas-migratorias-mas-peligrosas-del-mundo\/#listItem","position":3,"name":"\u00abTap\u00f3n del Dari\u00e9n\u00bb: Una de las rutas migratorias m\u00e1s peligrosas del mundo","previousItem":{"@type":"ListItem","@id":"https:\/\/eldigitaldeasturias.com\/radio\/category\/reportajes\/#listItem","name":"Reportajes"}}]},{"@type":"NewsArticle","@id":"https:\/\/eldigitaldeasturias.com\/radio\/tapon-del-darien-una-de-las-rutas-migratorias-mas-peligrosas-del-mundo\/#newsarticle","name":"\u00abTap\u00f3n del Dari\u00e9n\u00bb: Una de las rutas migratorias m\u00e1s peligrosas del mundo | El Digital de Asturias","headline":"\u00abTap\u00f3n del Dari\u00e9n\u00bb: Una de las rutas migratorias m\u00e1s peligrosas del mundo","author":{"@id":"https:\/\/eldigitaldeasturias.com\/radio\/author\/nbasturias\/#author"},"publisher":{"@id":"https:\/\/eldigitaldeasturias.com\/radio\/#organization"},"image":{"@type":"ImageObject","url":"https:\/\/eldigitaldeasturias.com\/radio\/wp-content\/uploads\/2021\/12\/Tapon-del-Darien.jpg","width":1009,"height":668,"caption":"Un migrante lleva bajo intensa lluvia un bid\u00f3n de agua potable a un dep\u00f3sito que sirve de refugio para migrantes en el Tap\u00f3n del Dari\u00e9n. Foto: Mauricio Valenzuela\/dpa"},"datePublished":"2021-12-09T01:31:16+01:00","dateModified":"2021-12-09T01:31:16+01:00","inLanguage":"es-ES","mainEntityOfPage":{"@id":"https:\/\/eldigitaldeasturias.com\/radio\/tapon-del-darien-una-de-las-rutas-migratorias-mas-peligrosas-del-mundo\/#webpage"},"isPartOf":{"@id":"https:\/\/eldigitaldeasturias.com\/radio\/tapon-del-darien-una-de-las-rutas-migratorias-mas-peligrosas-del-mundo\/#webpage"},"articleSection":"Reportajes, Reportajes, Sociedad","dateline":"Publicado el diciembre 9, 2021."},{"@type":"Organization","@id":"https:\/\/eldigitaldeasturias.com\/radio\/#organization","name":"El digital de Asturias Radio","description":"Diario de informaci\u00f3n y noticias","url":"https:\/\/eldigitaldeasturias.com\/radio\/","telephone":"+34652131393","logo":{"@type":"ImageObject","url":"https:\/\/www.eldigitaldeasturias.com\/radio\/wp-content\/uploads\/2021\/03\/EDA.jpg","@id":"https:\/\/eldigitaldeasturias.com\/radio\/tapon-del-darien-una-de-las-rutas-migratorias-mas-peligrosas-del-mundo\/#organizationLogo"},"image":{"@id":"https:\/\/eldigitaldeasturias.com\/radio\/tapon-del-darien-una-de-las-rutas-migratorias-mas-peligrosas-del-mundo\/#organizationLogo"},"sameAs":["https:\/\/www.facebook.com\/","https:\/\/x.com\/bercodi","https:\/\/www.instagram.com\/","https:\/\/www.youtube.com\/channel\/UCZP-2wLEB9Rv6erhFmqVnvg"]},{"@type":"Person","@id":"https:\/\/eldigitaldeasturias.com\/radio\/author\/nbasturias\/#author","url":"https:\/\/eldigitaldeasturias.com\/radio\/author\/nbasturias\/","name":"NBAsturias","image":{"@type":"ImageObject","@id":"https:\/\/eldigitaldeasturias.com\/radio\/tapon-del-darien-una-de-las-rutas-migratorias-mas-peligrosas-del-mundo\/#authorImage","url":"https:\/\/secure.gravatar.com\/avatar\/df2aeffc32bcd13f8d26072ef8a91b623d677766deac7f97ca815868cd41bf5e?s=96&d=mm&r=g","width":96,"height":96,"caption":"NBAsturias"}},{"@type":"WebPage","@id":"https:\/\/eldigitaldeasturias.com\/radio\/tapon-del-darien-una-de-las-rutas-migratorias-mas-peligrosas-del-mundo\/#webpage","url":"https:\/\/eldigitaldeasturias.com\/radio\/tapon-del-darien-una-de-las-rutas-migratorias-mas-peligrosas-del-mundo\/","name":"\u00abTap\u00f3n del Dari\u00e9n\u00bb: Una de las rutas migratorias m\u00e1s peligrosas del mundo | El Digital de Asturias","description":"La humedad del aire es elevada, las monta\u00f1as son instransitables, los pantanos profundos. Aqu\u00ed, en la que posiblemente sea la selva m\u00e1s densa del mundo,","inLanguage":"es-ES","isPartOf":{"@id":"https:\/\/eldigitaldeasturias.com\/radio\/#website"},"breadcrumb":{"@id":"https:\/\/eldigitaldeasturias.com\/radio\/tapon-del-darien-una-de-las-rutas-migratorias-mas-peligrosas-del-mundo\/#breadcrumblist"},"author":{"@id":"https:\/\/eldigitaldeasturias.com\/radio\/author\/nbasturias\/#author"},"creator":{"@id":"https:\/\/eldigitaldeasturias.com\/radio\/author\/nbasturias\/#author"},"image":{"@type":"ImageObject","url":"https:\/\/eldigitaldeasturias.com\/radio\/wp-content\/uploads\/2021\/12\/Tapon-del-Darien.jpg","@id":"https:\/\/eldigitaldeasturias.com\/radio\/tapon-del-darien-una-de-las-rutas-migratorias-mas-peligrosas-del-mundo\/#mainImage","width":1009,"height":668,"caption":"Un migrante lleva bajo intensa lluvia un bid\u00f3n de agua potable a un dep\u00f3sito que sirve de refugio para migrantes en el Tap\u00f3n del Dari\u00e9n. Foto: Mauricio Valenzuela\/dpa"},"primaryImageOfPage":{"@id":"https:\/\/eldigitaldeasturias.com\/radio\/tapon-del-darien-una-de-las-rutas-migratorias-mas-peligrosas-del-mundo\/#mainImage"},"datePublished":"2021-12-09T01:31:16+01:00","dateModified":"2021-12-09T01:31:16+01:00"},{"@type":"WebSite","@id":"https:\/\/eldigitaldeasturias.com\/radio\/#website","url":"https:\/\/eldigitaldeasturias.com\/radio\/","name":"El Digital de Asturias","description":"Diario de informaci\u00f3n y noticias","inLanguage":"es-ES","publisher":{"@id":"https:\/\/eldigitaldeasturias.com\/radio\/#organization"}}]},"og:locale":"es_ES","og:site_name":"El Digital de Asturias | Diario de informaci\u00f3n y noticias","og:type":"article","og:title":"\u00abTap\u00f3n del Dari\u00e9n\u00bb: Una de las rutas migratorias m\u00e1s peligrosas del mundo | El Digital de Asturias","og:description":"La humedad del aire es elevada, las monta\u00f1as son instransitables, los pantanos profundos. Aqu\u00ed, en la que posiblemente sea la selva m\u00e1s densa del mundo,","og:url":"https:\/\/eldigitaldeasturias.com\/radio\/tapon-del-darien-una-de-las-rutas-migratorias-mas-peligrosas-del-mundo\/","og:image":"https:\/\/eldigitaldeasturias.com\/radio\/wp-content\/uploads\/2021\/12\/Tapon-del-Darien.jpg","og:image:secure_url":"https:\/\/eldigitaldeasturias.com\/radio\/wp-content\/uploads\/2021\/12\/Tapon-del-Darien.jpg","og:image:width":1009,"og:image:height":668,"article:published_time":"2021-12-09T01:31:16+00:00","article:modified_time":"2021-12-09T01:31:16+00:00","twitter:card":"summary_large_image","twitter:site":"@bercodi","twitter:title":"\u00abTap\u00f3n del Dari\u00e9n\u00bb: Una de las rutas migratorias m\u00e1s peligrosas del mundo | El Digital de Asturias","twitter:description":"La humedad del aire es elevada, las monta\u00f1as son instransitables, los pantanos profundos. Aqu\u00ed, en la que posiblemente sea la selva m\u00e1s densa del mundo,","twitter:creator":"@bercodi","twitter:image":"https:\/\/eldigitaldeasturias.com\/radio\/wp-content\/uploads\/2021\/12\/Tapon-del-Darien.jpg"},"aioseo_meta_data":{"post_id":"6332","title":null,"description":"La humedad del aire es elevada, las monta\u00f1as son instransitables, los pantanos profundos. Aqu\u00ed, en la que posiblemente sea la selva m\u00e1s densa del mundo,","keywords":[],"keyphrases":{"focus":{"keyphrase":"mundo","score":80,"analysis":{"keyphraseInTitle":{"title":"Focus Keyphrase in SEO title","description":"Focus Keyphrase found in SEO title.","score":9,"maxScore":9,"error":0},"keyphraseInDescription":{"title":"Focus keyphrase in meta description","description":"Focus keyphrase found in meta description.","score":9,"maxScore":9,"error":0},"keyphraseInURL":{"title":"Focus Keyphrase in URL","description":"Focus Keyphrase not found in the URL.","score":1,"maxScore":5,"error":1},"keyphraseLength":{"title":"Focus keyphrase length","description":"Good job!","score":9,"maxScore":9,"error":0,"length":1},"keyphraseInIntroduction":{"title":"Focus keyphrase in introduction","description":"Your Focus keyphrase appears in the first paragraph. Well done!","score":9,"maxScore":9,"error":0},"keyphraseInSubHeadings":[],"keyphraseInImageAlt":{"title":"Focus keyphrase in image alt attributes","description":"Focus keyphrase not found in image alt attribute(s). Add an image with your Focus keyphrase as alt text.","score":3,"maxScore":9,"error":1}}},"additional":[{"keyphrase":"selva","score":83,"analysis":{"keyphraseInDescription":{"title":"Keyphrase in meta description","description":"Keyphrase found in meta description.","score":9,"maxScore":9,"error":0},"keyphraseLength":{"title":"Keyphrase length","description":"Good job!","score":9,"maxScore":9,"error":0,"length":1},"keyphraseInIntroduction":{"title":"Keyphrase in introduction","description":"Your Keyphrase appears in the first paragraph. Well done!","score":9,"maxScore":9,"error":0},"keyphraseInImageAlt":{"title":"Keyphrase in image alt attributes","description":"Keyphrase not found in image alt attribute(s). Add an image with your Keyphrase as alt text.","score":3,"maxScore":9,"error":1}}},{"keyphrase":"pantanos profundos.","score":83,"analysis":{"keyphraseInDescription":{"title":"Keyphrase in meta description","description":"Keyphrase found in meta description.","score":9,"maxScore":9,"error":0},"keyphraseLength":{"title":"Keyphrase length","description":"Good job!","score":9,"maxScore":9,"error":0,"length":2},"keyphraseInIntroduction":{"title":"Keyphrase in introduction","description":"Your Keyphrase appears in the first paragraph. Well done!","score":9,"maxScore":9,"error":0},"keyphraseInImageAlt":{"title":"Keyphrase in image alt attributes","description":"Keyphrase not found in image alt attribute(s). Add an image with your Keyphrase as alt text.","score":3,"maxScore":9,"error":1}}},{"keyphrase":"Tap\u00f3n del Dari\u00e9n","score":67,"analysis":{"keyphraseInDescription":{"title":"Keyphrase in meta description","description":"Keyphrase not found in meta description.","score":3,"maxScore":9,"error":1},"keyphraseLength":{"title":"Keyphrase length","description":"Good job!","score":9,"maxScore":9,"error":0,"length":3},"keyphraseInIntroduction":{"title":"Keyphrase in introduction","description":"Your Keyphrase does not appear in the first paragraph. Make sure the topic is clear immediately.","score":3,"maxScore":9,"error":1},"keyphraseInImageAlt":{"title":"Keyphrase in image alt attributes","description":"Keyphrase found in image alt attribute(s).","score":9,"maxScore":9,"error":0}}}]},"primary_term":null,"canonical_url":null,"og_title":null,"og_description":null,"og_object_type":"default","og_image_type":"default","og_image_url":null,"og_image_width":null,"og_image_height":null,"og_image_custom_url":null,"og_image_custom_fields":null,"og_video":"","og_custom_url":null,"og_article_section":null,"og_article_tags":[],"twitter_use_og":false,"twitter_card":"default","twitter_image_type":"default","twitter_image_url":null,"twitter_image_custom_url":null,"twitter_image_custom_fields":null,"twitter_title":null,"twitter_description":null,"schema":{"blockGraphs":[],"customGraphs":[],"default":{"data":{"Article":[],"Course":[],"Dataset":[],"FAQPage":[],"Movie":[],"Person":[],"Product":[],"ProductReview":[],"Car":[],"Recipe":[],"Service":[],"SoftwareApplication":[],"WebPage":[]},"graphName":"","isEnabled":true},"graphs":[],"defaultGraph":"Article","defaultPostTypeGraph":""},"schema_type":"default","schema_type_options":"{\"article\":{\"articleType\":\"BlogPosting\"},\"course\":{\"name\":\"\",\"description\":\"\",\"provider\":\"\"},\"faq\":{\"pages\":[]},\"product\":{\"reviews\":[]},\"recipe\":{\"ingredients\":[],\"instructions\":[],\"keywords\":[]},\"software\":{\"reviews\":[],\"operatingSystems\":[]},\"webPage\":{\"webPageType\":\"WebPage\"}}","pillar_content":false,"robots_default":true,"robots_noindex":false,"robots_noarchive":false,"robots_nosnippet":false,"robots_nofollow":false,"robots_noimageindex":false,"robots_noodp":false,"robots_notranslate":false,"robots_max_snippet":"-1","robots_max_videopreview":"-1","robots_max_imagepreview":"large","priority":null,"frequency":"default","location":null,"local_seo":null,"seo_analyzer_scan_date":"2025-08-28 19:10:50","breadcrumb_settings":null,"limit_modified_date":false,"open_ai":null,"ai":null,"created":"2021-12-09 01:24:49","updated":"2025-08-28 19:10:50"},"aioseo_breadcrumb":"<div class=\"aioseo-breadcrumbs\"><span class=\"aioseo-breadcrumb\">\n\t<a href=\"https:\/\/eldigitaldeasturias.com\/radio\" title=\"Inicio\">Inicio<\/a>\n<\/span><span class=\"aioseo-breadcrumb-separator\">&ndash;<\/span><span class=\"aioseo-breadcrumb\">\n\t<a href=\"https:\/\/eldigitaldeasturias.com\/radio\/category\/reportajes\/\" title=\"Reportajes\">Reportajes<\/a>\n<\/span><span class=\"aioseo-breadcrumb-separator\">&ndash;<\/span><span class=\"aioseo-breadcrumb\">\n\t\u00abTap\u00f3n del Dari\u00e9n\u00bb: Una de las rutas migratorias m\u00e1s peligrosas del mundo\n<\/span><\/div>","aioseo_breadcrumb_json":[{"label":"Inicio","link":"https:\/\/eldigitaldeasturias.com\/radio"},{"label":"Reportajes","link":"https:\/\/eldigitaldeasturias.com\/radio\/category\/reportajes\/"},{"label":"\u00abTap\u00f3n del Dari\u00e9n\u00bb: Una de las rutas migratorias m\u00e1s peligrosas del mundo","link":"https:\/\/eldigitaldeasturias.com\/radio\/tapon-del-darien-una-de-las-rutas-migratorias-mas-peligrosas-del-mundo\/"}],"_links":{"self":[{"href":"https:\/\/eldigitaldeasturias.com\/radio\/wp-json\/wp\/v2\/posts\/6332","targetHints":{"allow":["GET"]}}],"collection":[{"href":"https:\/\/eldigitaldeasturias.com\/radio\/wp-json\/wp\/v2\/posts"}],"about":[{"href":"https:\/\/eldigitaldeasturias.com\/radio\/wp-json\/wp\/v2\/types\/post"}],"author":[{"embeddable":true,"href":"https:\/\/eldigitaldeasturias.com\/radio\/wp-json\/wp\/v2\/users\/1"}],"replies":[{"embeddable":true,"href":"https:\/\/eldigitaldeasturias.com\/radio\/wp-json\/wp\/v2\/comments?post=6332"}],"version-history":[{"count":0,"href":"https:\/\/eldigitaldeasturias.com\/radio\/wp-json\/wp\/v2\/posts\/6332\/revisions"}],"wp:featuredmedia":[{"embeddable":true,"href":"https:\/\/eldigitaldeasturias.com\/radio\/wp-json\/wp\/v2\/media\/6333"}],"wp:attachment":[{"href":"https:\/\/eldigitaldeasturias.com\/radio\/wp-json\/wp\/v2\/media?parent=6332"}],"wp:term":[{"taxonomy":"category","embeddable":true,"href":"https:\/\/eldigitaldeasturias.com\/radio\/wp-json\/wp\/v2\/categories?post=6332"},{"taxonomy":"post_tag","embeddable":true,"href":"https:\/\/eldigitaldeasturias.com\/radio\/wp-json\/wp\/v2\/tags?post=6332"}],"curies":[{"name":"wp","href":"https:\/\/api.w.org\/{rel}","templated":true}]}}