{"id":6326,"date":"2021-12-09T01:14:54","date_gmt":"2021-12-09T01:14:54","guid":{"rendered":"http:\/\/eldigitaldeasturias.com\/radio\/?p=6326"},"modified":"2021-12-09T01:14:54","modified_gmt":"2021-12-09T01:14:54","slug":"el-registro-civil-electronico-toma-el-relevo-del-libro-de-familia","status":"publish","type":"post","link":"https:\/\/eldigitaldeasturias.com\/radio\/el-registro-civil-electronico-toma-el-relevo-del-libro-de-familia\/","title":{"rendered":"El Registro Civil Electr\u00f3nico toma el relevo del Libro de Familia"},"content":{"rendered":"<p><span style=\"font-weight: 400;\">Tanto si tienes que inscribir a tu hijo, solicitar una partida de matrimonio o un certificado de defunci\u00f3n, as\u00ed como verificar tu nacionalidad, tu lugar es el Registro Civil.\u00a0<\/span><\/p>\n<p><img fetchpriority=\"high\" decoding=\"async\" class=\"aligncenter wp-image-6327\" src=\"https:\/\/eldigitaldeasturias.com\/radio\/wp-content\/uploads\/2021\/12\/familia-360x262.jpg\" alt=\"familia\" width=\"650\" height=\"472\" srcset=\"https:\/\/eldigitaldeasturias.com\/radio\/wp-content\/uploads\/2021\/12\/familia-360x262.jpg 360w, https:\/\/eldigitaldeasturias.com\/radio\/wp-content\/uploads\/2021\/12\/familia-150x109.jpg 150w, https:\/\/eldigitaldeasturias.com\/radio\/wp-content\/uploads\/2021\/12\/familia-450x327.jpg 450w, https:\/\/eldigitaldeasturias.com\/radio\/wp-content\/uploads\/2021\/12\/familia.jpg 736w\" sizes=\"(max-width: 650px) 100vw, 650px\" \/><\/p>\n<p><span style=\"font-weight: 400;\">Como instituci\u00f3n, el Registro Civil es \u00fanico y est\u00e1 integrado por los Registros Municipales a cargo del Juez de 1\u00aa \u00a0Instancia, \u00a0por el Registro Civil Central \u00a0y por los Registros Consulares.<\/span><\/p>\n<p><span style=\"font-weight: 400;\">Lo que es seguro es que todos nosotros deberemos pasar y pisar por \u00e9l en alg\u00fan momento de nuestra vida.<\/span><\/p>\n<p><span style=\"font-weight: 400;\">No obstante, <\/span><i><span style=\"font-weight: 400;\">por aquello de que el tiempo es oro y todos en la actualidad somos prisioneros de las prisas, <\/span><\/i><span style=\"font-weight: 400;\">resulta muy interesante conocer, que el Gobierno espa\u00f1ol, ha ideado un sistema online para la gesti\u00f3n de certificados oficiales que provengan de esta instituci\u00f3n.<\/span><\/p>\n<p><span style=\"font-weight: 400;\">As\u00ed es, actualmente los certificados que pod\u00edas solicitar en el registro han quedado, por decirlo de alguna manera obsoletos, ya que seg\u00fan la Ley se ha suprimido el tradicional sistema de divisi\u00f3n en secciones y m\u00e1s en consonancia con esta era tecnol\u00f3gica por la que todos atravesamos, se ha creado un registro individual inform\u00e1tico para cada persona.\u00a0<\/span><\/p>\n<p><span style=\"font-weight: 400;\">Para que vayas tomando nota, a continuaci\u00f3n te mostramos el antes y el ahora del Registro Civil.<\/span><\/p>\n<h2><b>Antes<\/b><\/h2>\n<p><span style=\"font-weight: 400;\">Como hemos indicado en p\u00e1rrafos anteriores, la estructura del Registro Civil se distribu\u00eda en cuatro secciones:<\/span><\/p>\n<ol>\n<li style=\"font-weight: 400;\" aria-level=\"1\"><b>Nacimientos.<\/b><span style=\"font-weight: 400;\"> En el momento que una persona tiene vida con independencia del seno materno, se puede hablar de nacimiento. Este hecho, aparte de la consabida felicidad que comporta para sus progenitores, arrastra asimismo, una serie de consecuencias civiles inmediatas tras producirse. Dichos efectos precisan ser reconocidos de alguna manera. Es por este motivo, que se recurr\u00eda al registro civil.\u00a0<\/span><\/li>\n<li style=\"font-weight: 400;\" aria-level=\"1\"><b>Fallecimientos.<\/b><span style=\"font-weight: 400;\"> Esta inscripci\u00f3n es sumamente indispensable ya que constituye la \u00fanica muestra que determina la defunci\u00f3n de una persona y por tanto, el t\u00e9rmino de su vida jur\u00eddica. Los requisitos precisos para tramitarlo son el Certificado M\u00e9dico de Defunci\u00f3n, el pasaporte, DNI o cualquier otra acreditaci\u00f3n legal de la persona fallecida, y el formulario oficial de declaraci\u00f3n de fallecimiento por familiar y autorizaci\u00f3n del funerario. Esta demostraci\u00f3n ser\u00e1 decisiva si a posteriori se desea tramitar pensiones o sucesiones.<\/span><\/li>\n<li style=\"font-weight: 400;\" aria-level=\"1\"><b>Tutelas y representaciones legales. <\/b><span style=\"font-weight: 400;\">En esta secci\u00f3n del registro civil, se registraban los antecedentes referentes a la Curatela o Tutela, medidas sobre administraci\u00f3n y por \u00faltimo, los datos sobre albaceas, administradores o depositarios.<\/span><\/li>\n<li style=\"font-weight: 400;\" aria-level=\"1\"><b>Matrimonios. <\/b><span style=\"font-weight: 400;\">Este documento que da testimonio de la uni\u00f3n legal entre dos personas, especifica tanto el lugar como la fecha y hora en la que celebr\u00f3. Su valor radica en la obtenci\u00f3n de subsidios, contrataci\u00f3n de p\u00f3liza de seguros, agilizar gestiones en casos de divorcios y evitar la bigamia.<\/span><\/li>\n<\/ol>\n<h2><b>Ahora<\/b><\/h2>\n<p><span style=\"font-weight: 400;\">El libro de familia era el encargado de reunir todos los datos expuestos en el apartado anterior. No obstante, actualmente cada reci\u00e9n nacido, contar\u00e1 con un registro electr\u00f3nico individual en el que a lo largo de su vida quedar\u00e1n anotados todos los hechos relativos a su identidad y estado civil.\u00a0<\/span><\/p>\n<p><span style=\"font-weight: 400;\">Esta norma, tendr\u00e1 que ser acatada por todos los ciudadanos, por lo que los libros de familia existentes hasta el momento dejar\u00e1n de ser actualizados, hasta que paulatinamente <\/span><i><span style=\"font-weight: 400;\">su sustituto<\/span><\/i><span style=\"font-weight: 400;\"> (el registro individual) <\/span><i><span style=\"font-weight: 400;\">se vaya incorporando a filas <\/span><\/i><span style=\"font-weight: 400;\">de forma progresiva.<\/span><\/p>\n<h2><b>Principales novedades del registro individual electr\u00f3nico<\/b><\/h2>\n<p><span style=\"font-weight: 400;\">Este registro no se limita solamente a recoger los datos de nacimiento y matrimonio sino que incluir\u00e1 tambi\u00e9n:<\/span><\/p>\n<ul>\n<li style=\"font-weight: 400;\" aria-level=\"1\"><span style=\"font-weight: 400;\">La adquisici\u00f3n de la nacionalidad espa\u00f1ola<\/span><\/li>\n<li style=\"font-weight: 400;\" aria-level=\"1\"><span style=\"font-weight: 400;\">Modificaciones judiciales de capacidad o la inscripci\u00f3n de actos relativos al patrimonio de las personas con discapacidad<\/span><\/li>\n<li style=\"font-weight: 400;\" aria-level=\"1\"><span style=\"font-weight: 400;\">La emancipaci\u00f3n y el beneficio de la mayor\u00eda de edad<\/span><\/li>\n<li style=\"font-weight: 400;\" aria-level=\"1\"><span style=\"font-weight: 400;\">Y <\/span><i><span style=\"font-weight: 400;\">cerrando p\u00e1gina<\/span><\/i><span style=\"font-weight: 400;\">, como broche final, la defunci\u00f3n de la persona<\/span><\/li>\n<\/ul>\n<h2><b>Qu\u00e9 tr\u00e1mites podr\u00e1s llevar a t\u00e9rmino gracias a \u00e9l<\/b><\/h2>\n<p><span style=\"font-weight: 400;\">Antes de nada te diremos que su funcionamiento est\u00e1 asociado a un c\u00f3digo personal que vincula el documento con el DNI. La norma contempla que se pueda acceder a estos datos por internet mediante la firma electr\u00f3nica o a trav\u00e9s de las sedes f\u00edsicas del Registro Civil o en <\/span><span style=\"color: #ff6600;\"><strong><a style=\"color: #ff6600;\" href=\"https:\/\/www.registrociviloviedo.org\" target=\"_blank\" rel=\"noopener\">www.registrociviloviedo.org<\/a><\/strong><\/span><span style=\"font-weight: 400;\">.\u00a0<\/span><\/p>\n<ul>\n<li style=\"font-weight: 400;\" aria-level=\"1\"><span style=\"font-weight: 400;\">Este documento es esencial para cursar el DNI o pasaporte a un menor de edad<\/span><\/li>\n<li style=\"font-weight: 400;\" aria-level=\"1\"><span style=\"font-weight: 400;\">Empadronarse<\/span><\/li>\n<li style=\"font-weight: 400;\" aria-level=\"1\"><span style=\"font-weight: 400;\">Tramitar la baja maternal<\/span><\/li>\n<li style=\"font-weight: 400;\" aria-level=\"1\"><span style=\"font-weight: 400;\">Solicitar plaza en una guarder\u00eda y en un colegio p\u00fablico o concertado<\/span><\/li>\n<li style=\"font-weight: 400;\" aria-level=\"1\"><span style=\"font-weight: 400;\">Dar de alta a los hijos en la cartilla de la Seguridad Social<\/span><\/li>\n<li style=\"font-weight: 400;\" aria-level=\"1\"><span style=\"font-weight: 400;\">Viajar con un beb\u00e9<\/span><\/li>\n<li style=\"font-weight: 400;\" aria-level=\"1\"><span style=\"font-weight: 400;\">Tramitar el paro<\/span><\/li>\n<li style=\"font-weight: 400;\" aria-level=\"1\"><span style=\"font-weight: 400;\">Cobrar un subsidio\u00a0<\/span><\/li>\n<li style=\"font-weight: 400;\" aria-level=\"1\"><span style=\"font-weight: 400;\">Firmar un contrato de trabajo<\/span><\/li>\n<\/ul>\n<h2><b>Sus mayores ventajas<\/b><\/h2>\n<ul>\n<li style=\"font-weight: 400;\" aria-level=\"1\"><b>Constante y cont\u00ednua actualizaci\u00f3n.<\/b><span style=\"font-weight: 400;\"> A diferencia del libro de familia, este documento individual incorpora la nueva informaci\u00f3n autom\u00e1ticamente de manera que estar\u00e1 SIEMPRE actualizado.\u00a0<\/span><\/li>\n<li style=\"font-weight: 400;\" aria-level=\"1\"><b>Cero desplazamientos.<\/b><span style=\"font-weight: 400;\"> Siguiendo el hilo anterior, no habr\u00e1 necesidad de acudir de forma presencial al Registro Civil para anotar cada cambio que tenga lugar.<\/span><\/li>\n<li style=\"font-weight: 400;\" aria-level=\"1\"><b>Rapidez.<\/b><span style=\"font-weight: 400;\"> \u00a0Al no ser necesario poseer el libro de familia f\u00edsicamente, muchos tr\u00e1mites y gestiones se ver\u00e1n agilizados y solucionados pr\u00e1cticamente en el momento.<\/span><\/li>\n<\/ul>\n<p><span style=\"font-weight: 400;\">Adem\u00e1s, <\/span><i><span style=\"font-weight: 400;\">se resuelve de un plumazo<\/span><\/i><span style=\"font-weight: 400;\"> la pol\u00e9mica existente en caso de divorcio, cuando ambas partes quer\u00edan quedarse con el libro de familia.<\/span><\/p>\n<p><span style=\"font-weight: 400;\">Como puedes observar, las nuevas tecnolog\u00edas han llegado tambi\u00e9n hasta el Registro civil. En ti queda el saberlas aprovechar.<\/span><\/p>\n","protected":false},"excerpt":{"rendered":"<p>Tanto si tienes que inscribir a tu hijo, solicitar una partida de matrimonio o un certificado de defunci\u00f3n, as\u00ed como verificar tu nacionalidad, tu lugar es el Registro Civil.\u00a0 Como instituci\u00f3n, el Registro Civil es \u00fanico y est\u00e1 integrado por los Registros Municipales a cargo del Juez de 1\u00aa \u00a0Instancia, \u00a0por el Registro Civil Central<\/p>\n","protected":false},"author":1,"featured_media":6327,"comment_status":"closed","ping_status":"closed","sticky":false,"template":"","format":"standard","meta":{"footnotes":""},"categories":[1],"tags":[],"class_list":{"0":"post-6326","1":"post","2":"type-post","3":"status-publish","4":"format-standard","5":"has-post-thumbnail","7":"category-noticias"},"aioseo_notices":[],"aioseo_head":"\n\t\t<!-- All in One SEO Pro 4.9.6.2 - aioseo.com -->\n\t<meta name=\"description\" content=\"Tanto si tienes que inscribir a tu hijo, solicitar una partida de matrimonio o un certificado de defunci\u00f3n, as\u00ed como verificar tu nacionalidad, tu lugar es el\" \/>\n\t<meta name=\"robots\" content=\"max-image-preview:large\" \/>\n\t<meta name=\"author\" content=\"NBAsturias\"\/>\n\t<meta name=\"google-site-verification\" content=\"UA-38556648-1\" \/>\n\t<meta name=\"keywords\" content=\"noticias\" \/>\n\t<link rel=\"canonical\" href=\"https:\/\/eldigitaldeasturias.com\/radio\/el-registro-civil-electronico-toma-el-relevo-del-libro-de-familia\/\" \/>\n\t<meta name=\"generator\" content=\"All in One SEO Pro (AIOSEO) 4.9.6.2\" \/>\n\t\t<meta property=\"og:locale\" content=\"es_ES\" \/>\n\t\t<meta property=\"og:site_name\" content=\"El Digital de Asturias | Diario de informaci\u00f3n y noticias\" \/>\n\t\t<meta property=\"og:type\" content=\"article\" \/>\n\t\t<meta property=\"og:title\" content=\"El Registro Civil Electr\u00f3nico toma el relevo del Libro de Familia | El Digital de Asturias\" \/>\n\t\t<meta property=\"og:description\" content=\"Tanto si tienes que inscribir a tu hijo, solicitar una partida de matrimonio o un certificado de defunci\u00f3n, as\u00ed como verificar tu nacionalidad, tu lugar es el\" \/>\n\t\t<meta property=\"og:url\" content=\"https:\/\/eldigitaldeasturias.com\/radio\/el-registro-civil-electronico-toma-el-relevo-del-libro-de-familia\/\" \/>\n\t\t<meta property=\"og:image\" content=\"https:\/\/eldigitaldeasturias.com\/radio\/wp-content\/uploads\/2021\/12\/familia.jpg\" \/>\n\t\t<meta property=\"og:image:secure_url\" content=\"https:\/\/eldigitaldeasturias.com\/radio\/wp-content\/uploads\/2021\/12\/familia.jpg\" \/>\n\t\t<meta property=\"og:image:width\" content=\"736\" \/>\n\t\t<meta property=\"og:image:height\" content=\"535\" \/>\n\t\t<meta property=\"article:published_time\" content=\"2021-12-09T01:14:54+00:00\" \/>\n\t\t<meta property=\"article:modified_time\" content=\"2021-12-09T01:14:54+00:00\" \/>\n\t\t<meta name=\"twitter:card\" content=\"summary_large_image\" \/>\n\t\t<meta name=\"twitter:site\" content=\"@bercodi\" \/>\n\t\t<meta name=\"twitter:title\" content=\"El Registro Civil Electr\u00f3nico toma el relevo del Libro de Familia | El Digital de Asturias\" \/>\n\t\t<meta name=\"twitter:description\" content=\"Tanto si tienes que inscribir a tu hijo, solicitar una partida de matrimonio o un certificado de defunci\u00f3n, as\u00ed como verificar tu nacionalidad, tu lugar es el\" \/>\n\t\t<meta name=\"twitter:creator\" content=\"@bercodi\" \/>\n\t\t<meta name=\"twitter:image\" content=\"https:\/\/eldigitaldeasturias.com\/radio\/wp-content\/uploads\/2021\/12\/familia.jpg\" \/>\n\t\t<script type=\"application\/ld+json\" class=\"aioseo-schema\">\n\t\t\t{\"@context\":\"https:\\\/\\\/schema.org\",\"@graph\":[{\"@type\":\"BreadcrumbList\",\"@id\":\"https:\\\/\\\/eldigitaldeasturias.com\\\/radio\\\/el-registro-civil-electronico-toma-el-relevo-del-libro-de-familia\\\/#breadcrumblist\",\"itemListElement\":[{\"@type\":\"ListItem\",\"@id\":\"https:\\\/\\\/eldigitaldeasturias.com\\\/radio#listItem\",\"position\":1,\"name\":\"Inicio\",\"item\":\"https:\\\/\\\/eldigitaldeasturias.com\\\/radio\",\"nextItem\":{\"@type\":\"ListItem\",\"@id\":\"https:\\\/\\\/eldigitaldeasturias.com\\\/radio\\\/category\\\/noticias\\\/#listItem\",\"name\":\"Noticias\"}},{\"@type\":\"ListItem\",\"@id\":\"https:\\\/\\\/eldigitaldeasturias.com\\\/radio\\\/category\\\/noticias\\\/#listItem\",\"position\":2,\"name\":\"Noticias\",\"item\":\"https:\\\/\\\/eldigitaldeasturias.com\\\/radio\\\/category\\\/noticias\\\/\",\"nextItem\":{\"@type\":\"ListItem\",\"@id\":\"https:\\\/\\\/eldigitaldeasturias.com\\\/radio\\\/el-registro-civil-electronico-toma-el-relevo-del-libro-de-familia\\\/#listItem\",\"name\":\"El Registro Civil Electr\\u00f3nico toma el relevo del Libro de Familia\"},\"previousItem\":{\"@type\":\"ListItem\",\"@id\":\"https:\\\/\\\/eldigitaldeasturias.com\\\/radio#listItem\",\"name\":\"Inicio\"}},{\"@type\":\"ListItem\",\"@id\":\"https:\\\/\\\/eldigitaldeasturias.com\\\/radio\\\/el-registro-civil-electronico-toma-el-relevo-del-libro-de-familia\\\/#listItem\",\"position\":3,\"name\":\"El Registro Civil Electr\\u00f3nico toma el relevo del Libro de Familia\",\"previousItem\":{\"@type\":\"ListItem\",\"@id\":\"https:\\\/\\\/eldigitaldeasturias.com\\\/radio\\\/category\\\/noticias\\\/#listItem\",\"name\":\"Noticias\"}}]},{\"@type\":\"NewsArticle\",\"@id\":\"https:\\\/\\\/eldigitaldeasturias.com\\\/radio\\\/el-registro-civil-electronico-toma-el-relevo-del-libro-de-familia\\\/#newsarticle\",\"name\":\"El Registro Civil Electr\\u00f3nico toma el relevo del Libro de Familia | El Digital de Asturias\",\"headline\":\"El Registro Civil Electr\\u00f3nico toma el relevo del Libro de Familia\",\"author\":{\"@id\":\"https:\\\/\\\/eldigitaldeasturias.com\\\/radio\\\/author\\\/nbasturias\\\/#author\"},\"publisher\":{\"@id\":\"https:\\\/\\\/eldigitaldeasturias.com\\\/radio\\\/#organization\"},\"image\":{\"@type\":\"ImageObject\",\"url\":\"https:\\\/\\\/eldigitaldeasturias.com\\\/radio\\\/wp-content\\\/uploads\\\/2021\\\/12\\\/familia.jpg\",\"width\":736,\"height\":535,\"caption\":\"familia\"},\"datePublished\":\"2021-12-09T01:14:54+01:00\",\"dateModified\":\"2021-12-09T01:14:54+01:00\",\"inLanguage\":\"es-ES\",\"mainEntityOfPage\":{\"@id\":\"https:\\\/\\\/eldigitaldeasturias.com\\\/radio\\\/el-registro-civil-electronico-toma-el-relevo-del-libro-de-familia\\\/#webpage\"},\"isPartOf\":{\"@id\":\"https:\\\/\\\/eldigitaldeasturias.com\\\/radio\\\/el-registro-civil-electronico-toma-el-relevo-del-libro-de-familia\\\/#webpage\"},\"articleSection\":\"Noticias\",\"dateline\":\"Publicado el diciembre 9, 2021.\"},{\"@type\":\"Organization\",\"@id\":\"https:\\\/\\\/eldigitaldeasturias.com\\\/radio\\\/#organization\",\"name\":\"El digital de Asturias Radio\",\"description\":\"Diario de informaci\\u00f3n y noticias\",\"url\":\"https:\\\/\\\/eldigitaldeasturias.com\\\/radio\\\/\",\"telephone\":\"+34652131393\",\"logo\":{\"@type\":\"ImageObject\",\"url\":\"https:\\\/\\\/www.eldigitaldeasturias.com\\\/radio\\\/wp-content\\\/uploads\\\/2021\\\/03\\\/EDA.jpg\",\"@id\":\"https:\\\/\\\/eldigitaldeasturias.com\\\/radio\\\/el-registro-civil-electronico-toma-el-relevo-del-libro-de-familia\\\/#organizationLogo\"},\"image\":{\"@id\":\"https:\\\/\\\/eldigitaldeasturias.com\\\/radio\\\/el-registro-civil-electronico-toma-el-relevo-del-libro-de-familia\\\/#organizationLogo\"},\"sameAs\":[\"https:\\\/\\\/www.facebook.com\\\/\",\"https:\\\/\\\/x.com\\\/bercodi\",\"https:\\\/\\\/www.instagram.com\\\/\",\"https:\\\/\\\/www.youtube.com\\\/channel\\\/UCZP-2wLEB9Rv6erhFmqVnvg\"]},{\"@type\":\"Person\",\"@id\":\"https:\\\/\\\/eldigitaldeasturias.com\\\/radio\\\/author\\\/nbasturias\\\/#author\",\"url\":\"https:\\\/\\\/eldigitaldeasturias.com\\\/radio\\\/author\\\/nbasturias\\\/\",\"name\":\"NBAsturias\",\"image\":{\"@type\":\"ImageObject\",\"@id\":\"https:\\\/\\\/eldigitaldeasturias.com\\\/radio\\\/el-registro-civil-electronico-toma-el-relevo-del-libro-de-familia\\\/#authorImage\",\"url\":\"https:\\\/\\\/secure.gravatar.com\\\/avatar\\\/df2aeffc32bcd13f8d26072ef8a91b623d677766deac7f97ca815868cd41bf5e?s=96&d=mm&r=g\",\"width\":96,\"height\":96,\"caption\":\"NBAsturias\"}},{\"@type\":\"WebPage\",\"@id\":\"https:\\\/\\\/eldigitaldeasturias.com\\\/radio\\\/el-registro-civil-electronico-toma-el-relevo-del-libro-de-familia\\\/#webpage\",\"url\":\"https:\\\/\\\/eldigitaldeasturias.com\\\/radio\\\/el-registro-civil-electronico-toma-el-relevo-del-libro-de-familia\\\/\",\"name\":\"El Registro Civil Electr\\u00f3nico toma el relevo del Libro de Familia | El Digital de Asturias\",\"description\":\"Tanto si tienes que inscribir a tu hijo, solicitar una partida de matrimonio o un certificado de defunci\\u00f3n, as\\u00ed como verificar tu nacionalidad, tu lugar es el\",\"inLanguage\":\"es-ES\",\"isPartOf\":{\"@id\":\"https:\\\/\\\/eldigitaldeasturias.com\\\/radio\\\/#website\"},\"breadcrumb\":{\"@id\":\"https:\\\/\\\/eldigitaldeasturias.com\\\/radio\\\/el-registro-civil-electronico-toma-el-relevo-del-libro-de-familia\\\/#breadcrumblist\"},\"author\":{\"@id\":\"https:\\\/\\\/eldigitaldeasturias.com\\\/radio\\\/author\\\/nbasturias\\\/#author\"},\"creator\":{\"@id\":\"https:\\\/\\\/eldigitaldeasturias.com\\\/radio\\\/author\\\/nbasturias\\\/#author\"},\"image\":{\"@type\":\"ImageObject\",\"url\":\"https:\\\/\\\/eldigitaldeasturias.com\\\/radio\\\/wp-content\\\/uploads\\\/2021\\\/12\\\/familia.jpg\",\"@id\":\"https:\\\/\\\/eldigitaldeasturias.com\\\/radio\\\/el-registro-civil-electronico-toma-el-relevo-del-libro-de-familia\\\/#mainImage\",\"width\":736,\"height\":535,\"caption\":\"familia\"},\"primaryImageOfPage\":{\"@id\":\"https:\\\/\\\/eldigitaldeasturias.com\\\/radio\\\/el-registro-civil-electronico-toma-el-relevo-del-libro-de-familia\\\/#mainImage\"},\"datePublished\":\"2021-12-09T01:14:54+01:00\",\"dateModified\":\"2021-12-09T01:14:54+01:00\"},{\"@type\":\"WebSite\",\"@id\":\"https:\\\/\\\/eldigitaldeasturias.com\\\/radio\\\/#website\",\"url\":\"https:\\\/\\\/eldigitaldeasturias.com\\\/radio\\\/\",\"name\":\"El Digital de Asturias\",\"description\":\"Diario de informaci\\u00f3n y noticias\",\"inLanguage\":\"es-ES\",\"publisher\":{\"@id\":\"https:\\\/\\\/eldigitaldeasturias.com\\\/radio\\\/#organization\"}}]}\n\t\t<\/script>\n\t\t<!-- All in One SEO Pro -->\r\n\t\t<title>El Registro Civil Electr\u00f3nico toma el relevo del Libro de Familia | El Digital de Asturias<\/title>\n\n","aioseo_head_json":{"title":"El Registro Civil Electr\u00f3nico toma el relevo del Libro de Familia | El Digital de Asturias","description":"Tanto si tienes que inscribir a tu hijo, solicitar una partida de matrimonio o un certificado de defunci\u00f3n, as\u00ed como verificar tu nacionalidad, tu lugar es el","canonical_url":"https:\/\/eldigitaldeasturias.com\/radio\/el-registro-civil-electronico-toma-el-relevo-del-libro-de-familia\/","robots":"max-image-preview:large","keywords":"noticias","webmasterTools":{"google-site-verification":"UA-38556648-1","miscellaneous":""},"schema":{"@context":"https:\/\/schema.org","@graph":[{"@type":"BreadcrumbList","@id":"https:\/\/eldigitaldeasturias.com\/radio\/el-registro-civil-electronico-toma-el-relevo-del-libro-de-familia\/#breadcrumblist","itemListElement":[{"@type":"ListItem","@id":"https:\/\/eldigitaldeasturias.com\/radio#listItem","position":1,"name":"Inicio","item":"https:\/\/eldigitaldeasturias.com\/radio","nextItem":{"@type":"ListItem","@id":"https:\/\/eldigitaldeasturias.com\/radio\/category\/noticias\/#listItem","name":"Noticias"}},{"@type":"ListItem","@id":"https:\/\/eldigitaldeasturias.com\/radio\/category\/noticias\/#listItem","position":2,"name":"Noticias","item":"https:\/\/eldigitaldeasturias.com\/radio\/category\/noticias\/","nextItem":{"@type":"ListItem","@id":"https:\/\/eldigitaldeasturias.com\/radio\/el-registro-civil-electronico-toma-el-relevo-del-libro-de-familia\/#listItem","name":"El Registro Civil Electr\u00f3nico toma el relevo del Libro de Familia"},"previousItem":{"@type":"ListItem","@id":"https:\/\/eldigitaldeasturias.com\/radio#listItem","name":"Inicio"}},{"@type":"ListItem","@id":"https:\/\/eldigitaldeasturias.com\/radio\/el-registro-civil-electronico-toma-el-relevo-del-libro-de-familia\/#listItem","position":3,"name":"El Registro Civil Electr\u00f3nico toma el relevo del Libro de Familia","previousItem":{"@type":"ListItem","@id":"https:\/\/eldigitaldeasturias.com\/radio\/category\/noticias\/#listItem","name":"Noticias"}}]},{"@type":"NewsArticle","@id":"https:\/\/eldigitaldeasturias.com\/radio\/el-registro-civil-electronico-toma-el-relevo-del-libro-de-familia\/#newsarticle","name":"El Registro Civil Electr\u00f3nico toma el relevo del Libro de Familia | El Digital de Asturias","headline":"El Registro Civil Electr\u00f3nico toma el relevo del Libro de Familia","author":{"@id":"https:\/\/eldigitaldeasturias.com\/radio\/author\/nbasturias\/#author"},"publisher":{"@id":"https:\/\/eldigitaldeasturias.com\/radio\/#organization"},"image":{"@type":"ImageObject","url":"https:\/\/eldigitaldeasturias.com\/radio\/wp-content\/uploads\/2021\/12\/familia.jpg","width":736,"height":535,"caption":"familia"},"datePublished":"2021-12-09T01:14:54+01:00","dateModified":"2021-12-09T01:14:54+01:00","inLanguage":"es-ES","mainEntityOfPage":{"@id":"https:\/\/eldigitaldeasturias.com\/radio\/el-registro-civil-electronico-toma-el-relevo-del-libro-de-familia\/#webpage"},"isPartOf":{"@id":"https:\/\/eldigitaldeasturias.com\/radio\/el-registro-civil-electronico-toma-el-relevo-del-libro-de-familia\/#webpage"},"articleSection":"Noticias","dateline":"Publicado el diciembre 9, 2021."},{"@type":"Organization","@id":"https:\/\/eldigitaldeasturias.com\/radio\/#organization","name":"El digital de Asturias Radio","description":"Diario de informaci\u00f3n y noticias","url":"https:\/\/eldigitaldeasturias.com\/radio\/","telephone":"+34652131393","logo":{"@type":"ImageObject","url":"https:\/\/www.eldigitaldeasturias.com\/radio\/wp-content\/uploads\/2021\/03\/EDA.jpg","@id":"https:\/\/eldigitaldeasturias.com\/radio\/el-registro-civil-electronico-toma-el-relevo-del-libro-de-familia\/#organizationLogo"},"image":{"@id":"https:\/\/eldigitaldeasturias.com\/radio\/el-registro-civil-electronico-toma-el-relevo-del-libro-de-familia\/#organizationLogo"},"sameAs":["https:\/\/www.facebook.com\/","https:\/\/x.com\/bercodi","https:\/\/www.instagram.com\/","https:\/\/www.youtube.com\/channel\/UCZP-2wLEB9Rv6erhFmqVnvg"]},{"@type":"Person","@id":"https:\/\/eldigitaldeasturias.com\/radio\/author\/nbasturias\/#author","url":"https:\/\/eldigitaldeasturias.com\/radio\/author\/nbasturias\/","name":"NBAsturias","image":{"@type":"ImageObject","@id":"https:\/\/eldigitaldeasturias.com\/radio\/el-registro-civil-electronico-toma-el-relevo-del-libro-de-familia\/#authorImage","url":"https:\/\/secure.gravatar.com\/avatar\/df2aeffc32bcd13f8d26072ef8a91b623d677766deac7f97ca815868cd41bf5e?s=96&d=mm&r=g","width":96,"height":96,"caption":"NBAsturias"}},{"@type":"WebPage","@id":"https:\/\/eldigitaldeasturias.com\/radio\/el-registro-civil-electronico-toma-el-relevo-del-libro-de-familia\/#webpage","url":"https:\/\/eldigitaldeasturias.com\/radio\/el-registro-civil-electronico-toma-el-relevo-del-libro-de-familia\/","name":"El Registro Civil Electr\u00f3nico toma el relevo del Libro de Familia | El Digital de Asturias","description":"Tanto si tienes que inscribir a tu hijo, solicitar una partida de matrimonio o un certificado de defunci\u00f3n, as\u00ed como verificar tu nacionalidad, tu lugar es el","inLanguage":"es-ES","isPartOf":{"@id":"https:\/\/eldigitaldeasturias.com\/radio\/#website"},"breadcrumb":{"@id":"https:\/\/eldigitaldeasturias.com\/radio\/el-registro-civil-electronico-toma-el-relevo-del-libro-de-familia\/#breadcrumblist"},"author":{"@id":"https:\/\/eldigitaldeasturias.com\/radio\/author\/nbasturias\/#author"},"creator":{"@id":"https:\/\/eldigitaldeasturias.com\/radio\/author\/nbasturias\/#author"},"image":{"@type":"ImageObject","url":"https:\/\/eldigitaldeasturias.com\/radio\/wp-content\/uploads\/2021\/12\/familia.jpg","@id":"https:\/\/eldigitaldeasturias.com\/radio\/el-registro-civil-electronico-toma-el-relevo-del-libro-de-familia\/#mainImage","width":736,"height":535,"caption":"familia"},"primaryImageOfPage":{"@id":"https:\/\/eldigitaldeasturias.com\/radio\/el-registro-civil-electronico-toma-el-relevo-del-libro-de-familia\/#mainImage"},"datePublished":"2021-12-09T01:14:54+01:00","dateModified":"2021-12-09T01:14:54+01:00"},{"@type":"WebSite","@id":"https:\/\/eldigitaldeasturias.com\/radio\/#website","url":"https:\/\/eldigitaldeasturias.com\/radio\/","name":"El Digital de Asturias","description":"Diario de informaci\u00f3n y noticias","inLanguage":"es-ES","publisher":{"@id":"https:\/\/eldigitaldeasturias.com\/radio\/#organization"}}]},"og:locale":"es_ES","og:site_name":"El Digital de Asturias | Diario de informaci\u00f3n y noticias","og:type":"article","og:title":"El Registro Civil Electr\u00f3nico toma el relevo del Libro de Familia | El Digital de Asturias","og:description":"Tanto si tienes que inscribir a tu hijo, solicitar una partida de matrimonio o un certificado de defunci\u00f3n, as\u00ed como verificar tu nacionalidad, tu lugar es el","og:url":"https:\/\/eldigitaldeasturias.com\/radio\/el-registro-civil-electronico-toma-el-relevo-del-libro-de-familia\/","og:image":"https:\/\/eldigitaldeasturias.com\/radio\/wp-content\/uploads\/2021\/12\/familia.jpg","og:image:secure_url":"https:\/\/eldigitaldeasturias.com\/radio\/wp-content\/uploads\/2021\/12\/familia.jpg","og:image:width":736,"og:image:height":535,"article:published_time":"2021-12-09T01:14:54+00:00","article:modified_time":"2021-12-09T01:14:54+00:00","twitter:card":"summary_large_image","twitter:site":"@bercodi","twitter:title":"El Registro Civil Electr\u00f3nico toma el relevo del Libro de Familia | El Digital de Asturias","twitter:description":"Tanto si tienes que inscribir a tu hijo, solicitar una partida de matrimonio o un certificado de defunci\u00f3n, as\u00ed como verificar tu nacionalidad, tu lugar es el","twitter:creator":"@bercodi","twitter:image":"https:\/\/eldigitaldeasturias.com\/radio\/wp-content\/uploads\/2021\/12\/familia.jpg"},"aioseo_meta_data":{"post_id":"6326","title":null,"description":"Tanto si tienes que inscribir a tu hijo, solicitar una partida de matrimonio o un certificado de defunci\u00f3n, as\u00ed como verificar tu nacionalidad, tu lugar es el","keywords":[],"keyphrases":{"focus":{"keyphrase":"matrimonio ","score":63,"analysis":{"keyphraseInTitle":{"title":"Focus Keyphrase in SEO title","description":"Focus Keyphrase not found in SEO title.","score":3,"maxScore":9,"error":1},"keyphraseInDescription":{"title":"Focus keyphrase in meta description","description":"Focus keyphrase found in meta description.","score":9,"maxScore":9,"error":0},"keyphraseInURL":{"title":"Focus Keyphrase in URL","description":"Focus Keyphrase not found in the URL.","score":1,"maxScore":5,"error":1},"keyphraseLength":{"title":"Focus keyphrase length","description":"Good job!","score":9,"maxScore":9,"error":0,"length":1},"keyphraseInIntroduction":{"title":"Focus keyphrase in introduction","description":"Your Focus keyphrase appears in the first paragraph. Well done!","score":9,"maxScore":9,"error":0},"keyphraseInSubHeadings":{"title":"Focus Keyphrase in Subheadings","description":"Use your focus keyphrase more in your H2 and H3 subheadings.","score":3,"maxScore":9,"error":1},"keyphraseInImageAlt":{"title":"Focus keyphrase in image alt attributes","description":"Focus keyphrase not found in image alt attribute(s). Add an image with your Focus keyphrase as alt text.","score":3,"maxScore":9,"error":1}}},"additional":[{"keyphrase":"partida de matrimonio","score":83,"analysis":{"keyphraseInDescription":{"title":"Keyphrase in meta description","description":"Keyphrase found in meta description.","score":9,"maxScore":9,"error":0},"keyphraseLength":{"title":"Keyphrase length","description":"Good job!","score":9,"maxScore":9,"error":0,"length":3},"keyphraseInIntroduction":{"title":"Keyphrase in introduction","description":"Your Keyphrase appears in the first paragraph. Well done!","score":9,"maxScore":9,"error":0},"keyphraseInImageAlt":{"title":"Keyphrase in image alt attributes","description":"Keyphrase not found in image alt attribute(s). Add an image with your Keyphrase as alt text.","score":3,"maxScore":9,"error":1}}}]},"primary_term":null,"canonical_url":null,"og_title":null,"og_description":null,"og_object_type":"default","og_image_type":"default","og_image_url":null,"og_image_width":null,"og_image_height":null,"og_image_custom_url":null,"og_image_custom_fields":null,"og_video":"","og_custom_url":null,"og_article_section":null,"og_article_tags":[],"twitter_use_og":false,"twitter_card":"default","twitter_image_type":"default","twitter_image_url":null,"twitter_image_custom_url":null,"twitter_image_custom_fields":null,"twitter_title":null,"twitter_description":null,"schema":{"blockGraphs":[],"customGraphs":[],"default":{"data":{"Article":[],"Course":[],"Dataset":[],"FAQPage":[],"Movie":[],"Person":[],"Product":[],"ProductReview":[],"Car":[],"Recipe":[],"Service":[],"SoftwareApplication":[],"WebPage":[]},"graphName":"","isEnabled":true},"graphs":[],"defaultGraph":"Article","defaultPostTypeGraph":""},"schema_type":"default","schema_type_options":"{\"article\":{\"articleType\":\"BlogPosting\"},\"course\":{\"name\":\"\",\"description\":\"\",\"provider\":\"\"},\"faq\":{\"pages\":[]},\"product\":{\"reviews\":[]},\"recipe\":{\"ingredients\":[],\"instructions\":[],\"keywords\":[]},\"software\":{\"reviews\":[],\"operatingSystems\":[]},\"webPage\":{\"webPageType\":\"WebPage\"}}","pillar_content":false,"robots_default":true,"robots_noindex":false,"robots_noarchive":false,"robots_nosnippet":false,"robots_nofollow":false,"robots_noimageindex":false,"robots_noodp":false,"robots_notranslate":false,"robots_max_snippet":"-1","robots_max_videopreview":"-1","robots_max_imagepreview":"large","priority":null,"frequency":"default","location":null,"local_seo":null,"seo_analyzer_scan_date":"2025-08-28 19:08:50","breadcrumb_settings":null,"limit_modified_date":false,"open_ai":null,"ai":null,"created":"2021-12-09 01:11:18","updated":"2025-08-28 19:08:50"},"aioseo_breadcrumb":"<div class=\"aioseo-breadcrumbs\"><span class=\"aioseo-breadcrumb\">\n\t<a href=\"https:\/\/eldigitaldeasturias.com\/radio\" title=\"Inicio\">Inicio<\/a>\n<\/span><span class=\"aioseo-breadcrumb-separator\">&ndash;<\/span><span class=\"aioseo-breadcrumb\">\n\t<a href=\"https:\/\/eldigitaldeasturias.com\/radio\/category\/noticias\/\" title=\"Noticias\">Noticias<\/a>\n<\/span><span class=\"aioseo-breadcrumb-separator\">&ndash;<\/span><span class=\"aioseo-breadcrumb\">\n\tEl Registro Civil Electr\u00f3nico toma el relevo del Libro de Familia\n<\/span><\/div>","aioseo_breadcrumb_json":[{"label":"Inicio","link":"https:\/\/eldigitaldeasturias.com\/radio"},{"label":"Noticias","link":"https:\/\/eldigitaldeasturias.com\/radio\/category\/noticias\/"},{"label":"El Registro Civil Electr\u00f3nico toma el relevo del Libro de Familia","link":"https:\/\/eldigitaldeasturias.com\/radio\/el-registro-civil-electronico-toma-el-relevo-del-libro-de-familia\/"}],"_links":{"self":[{"href":"https:\/\/eldigitaldeasturias.com\/radio\/wp-json\/wp\/v2\/posts\/6326","targetHints":{"allow":["GET"]}}],"collection":[{"href":"https:\/\/eldigitaldeasturias.com\/radio\/wp-json\/wp\/v2\/posts"}],"about":[{"href":"https:\/\/eldigitaldeasturias.com\/radio\/wp-json\/wp\/v2\/types\/post"}],"author":[{"embeddable":true,"href":"https:\/\/eldigitaldeasturias.com\/radio\/wp-json\/wp\/v2\/users\/1"}],"replies":[{"embeddable":true,"href":"https:\/\/eldigitaldeasturias.com\/radio\/wp-json\/wp\/v2\/comments?post=6326"}],"version-history":[{"count":0,"href":"https:\/\/eldigitaldeasturias.com\/radio\/wp-json\/wp\/v2\/posts\/6326\/revisions"}],"wp:featuredmedia":[{"embeddable":true,"href":"https:\/\/eldigitaldeasturias.com\/radio\/wp-json\/wp\/v2\/media\/6327"}],"wp:attachment":[{"href":"https:\/\/eldigitaldeasturias.com\/radio\/wp-json\/wp\/v2\/media?parent=6326"}],"wp:term":[{"taxonomy":"category","embeddable":true,"href":"https:\/\/eldigitaldeasturias.com\/radio\/wp-json\/wp\/v2\/categories?post=6326"},{"taxonomy":"post_tag","embeddable":true,"href":"https:\/\/eldigitaldeasturias.com\/radio\/wp-json\/wp\/v2\/tags?post=6326"}],"curies":[{"name":"wp","href":"https:\/\/api.w.org\/{rel}","templated":true}]}}