{"id":6285,"date":"2021-11-17T03:53:29","date_gmt":"2021-11-17T03:53:29","guid":{"rendered":"http:\/\/eldigitaldeasturias.com\/radio\/?p=6285"},"modified":"2021-11-17T03:53:29","modified_gmt":"2021-11-17T03:53:29","slug":"fuerza-aerea-alemana-llevara-seis-eurofighters-a-australia-en-2022","status":"publish","type":"post","link":"https:\/\/eldigitaldeasturias.com\/radio\/fuerza-aerea-alemana-llevara-seis-eurofighters-a-australia-en-2022\/","title":{"rendered":"Fuerza A\u00e9rea alemana llevar\u00e1 seis Eurofighters a Australia en 2022"},"content":{"rendered":"<p>Berl\u00edn, 15 nov (dpa) &#8211; Las Fuerzas A\u00e9reas alemanas (Luftwaffe) participar\u00e1n con aviones de combate en el ejercicio militar multinacional \u00abPitch Black\u00bb, que se celebrar\u00e1 en Australia el pr\u00f3ximo a\u00f1o, inform\u00f3 hoy un portavoz de la instituci\u00f3n.<\/p>\n<p>Para ello se desplegar\u00e1n seis Eurofighters alemanes en septiembre de 2022. Tres de las aeronaves volar\u00e1n tambi\u00e9n a Jap\u00f3n para una breve visita, a\u00f1adi\u00f3 el portavoz.<\/p>\n<p>As\u00ed lo acordaron el inspector de la Luftwaffe, el teniente general Ingo Gerhartz, con su hom\u00f3logo japon\u00e9s, el general Shunji Izutsu, en el Sal\u00f3n Aeron\u00e1utico de Dubai.<\/p>\n<p>Actualmente, la fragata alemana \u00abBayern\u00bb est\u00e1 de gira por la regi\u00f3n asi\u00e1tica para reforzar la cooperaci\u00f3n con los aliados.<\/p>\n","protected":false},"excerpt":{"rendered":"<p>Berl\u00edn, 15 nov (dpa) &#8211; Las Fuerzas A\u00e9reas alemanas (Luftwaffe) participar\u00e1n con aviones de combate en el ejercicio militar multinacional \u00abPitch Black\u00bb, que se celebrar\u00e1 en Australia el pr\u00f3ximo a\u00f1o, inform\u00f3 hoy un portavoz de la instituci\u00f3n. Para ello se desplegar\u00e1n seis Eurofighters alemanes en septiembre de 2022. Tres de las aeronaves volar\u00e1n tambi\u00e9n a<\/p>\n","protected":false},"author":1,"featured_media":1352,"comment_status":"closed","ping_status":"closed","sticky":false,"template":"","format":"standard","meta":{"footnotes":""},"categories":[1],"tags":[],"class_list":{"0":"post-6285","1":"post","2":"type-post","3":"status-publish","4":"format-standard","5":"has-post-thumbnail","7":"category-noticias"},"aioseo_notices":[],"aioseo_head":"\n\t\t<!-- All in One SEO Pro 4.9.6.2 - aioseo.com -->\n\t<meta name=\"description\" content=\"Las Fuerzas A\u00e9reas alemanas (Luftwaffe) participar\u00e1n con aviones de combate en el ejercicio militar multinacional &quot;Pitch Black&quot;, que se celebrar\u00e1 en Australia\" \/>\n\t<meta name=\"robots\" content=\"max-image-preview:large\" \/>\n\t<meta name=\"author\" content=\"NBAsturias\"\/>\n\t<meta name=\"google-site-verification\" content=\"UA-38556648-1\" \/>\n\t<meta name=\"keywords\" content=\"noticias\" \/>\n\t<link rel=\"canonical\" href=\"https:\/\/eldigitaldeasturias.com\/radio\/fuerza-aerea-alemana-llevara-seis-eurofighters-a-australia-en-2022\/\" \/>\n\t<meta name=\"generator\" content=\"All in One SEO Pro (AIOSEO) 4.9.6.2\" \/>\n\t\t<meta property=\"og:locale\" content=\"es_ES\" \/>\n\t\t<meta property=\"og:site_name\" content=\"El Digital de Asturias | Diario de informaci\u00f3n y noticias\" \/>\n\t\t<meta property=\"og:type\" content=\"article\" \/>\n\t\t<meta property=\"og:title\" content=\"Fuerza A\u00e9rea alemana llevar\u00e1 seis Eurofighters a Australia en 2022 | El Digital de Asturias\" \/>\n\t\t<meta property=\"og:description\" content=\"Las Fuerzas A\u00e9reas alemanas (Luftwaffe) participar\u00e1n con aviones de combate en el ejercicio militar multinacional &quot;Pitch Black&quot;, que se celebrar\u00e1 en Australia\" \/>\n\t\t<meta property=\"og:url\" content=\"https:\/\/eldigitaldeasturias.com\/radio\/fuerza-aerea-alemana-llevara-seis-eurofighters-a-australia-en-2022\/\" \/>\n\t\t<meta property=\"og:image\" content=\"https:\/\/eldigitaldeasturias.com\/radio\/wp-content\/uploads\/2018\/10\/technology-785742_960_720.jpg\" \/>\n\t\t<meta property=\"og:image:secure_url\" content=\"https:\/\/eldigitaldeasturias.com\/radio\/wp-content\/uploads\/2018\/10\/technology-785742_960_720.jpg\" \/>\n\t\t<meta property=\"og:image:width\" content=\"960\" \/>\n\t\t<meta property=\"og:image:height\" content=\"640\" \/>\n\t\t<meta property=\"article:published_time\" content=\"2021-11-17T03:53:29+00:00\" \/>\n\t\t<meta property=\"article:modified_time\" content=\"2021-11-17T03:53:29+00:00\" \/>\n\t\t<meta name=\"twitter:card\" content=\"summary_large_image\" \/>\n\t\t<meta name=\"twitter:site\" content=\"@bercodi\" \/>\n\t\t<meta name=\"twitter:title\" content=\"Fuerza A\u00e9rea alemana llevar\u00e1 seis Eurofighters a Australia en 2022 | El Digital de Asturias\" \/>\n\t\t<meta name=\"twitter:description\" content=\"Las Fuerzas A\u00e9reas alemanas (Luftwaffe) participar\u00e1n con aviones de combate en el ejercicio militar multinacional &quot;Pitch Black&quot;, que se celebrar\u00e1 en Australia\" \/>\n\t\t<meta name=\"twitter:creator\" content=\"@bercodi\" \/>\n\t\t<meta name=\"twitter:image\" content=\"https:\/\/eldigitaldeasturias.com\/radio\/wp-content\/uploads\/2018\/10\/technology-785742_960_720.jpg\" \/>\n\t\t<script type=\"application\/ld+json\" class=\"aioseo-schema\">\n\t\t\t{\"@context\":\"https:\\\/\\\/schema.org\",\"@graph\":[{\"@type\":\"BreadcrumbList\",\"@id\":\"https:\\\/\\\/eldigitaldeasturias.com\\\/radio\\\/fuerza-aerea-alemana-llevara-seis-eurofighters-a-australia-en-2022\\\/#breadcrumblist\",\"itemListElement\":[{\"@type\":\"ListItem\",\"@id\":\"https:\\\/\\\/eldigitaldeasturias.com\\\/radio#listItem\",\"position\":1,\"name\":\"Inicio\",\"item\":\"https:\\\/\\\/eldigitaldeasturias.com\\\/radio\",\"nextItem\":{\"@type\":\"ListItem\",\"@id\":\"https:\\\/\\\/eldigitaldeasturias.com\\\/radio\\\/category\\\/noticias\\\/#listItem\",\"name\":\"Noticias\"}},{\"@type\":\"ListItem\",\"@id\":\"https:\\\/\\\/eldigitaldeasturias.com\\\/radio\\\/category\\\/noticias\\\/#listItem\",\"position\":2,\"name\":\"Noticias\",\"item\":\"https:\\\/\\\/eldigitaldeasturias.com\\\/radio\\\/category\\\/noticias\\\/\",\"nextItem\":{\"@type\":\"ListItem\",\"@id\":\"https:\\\/\\\/eldigitaldeasturias.com\\\/radio\\\/fuerza-aerea-alemana-llevara-seis-eurofighters-a-australia-en-2022\\\/#listItem\",\"name\":\"Fuerza A\\u00e9rea alemana llevar\\u00e1 seis Eurofighters a Australia en 2022\"},\"previousItem\":{\"@type\":\"ListItem\",\"@id\":\"https:\\\/\\\/eldigitaldeasturias.com\\\/radio#listItem\",\"name\":\"Inicio\"}},{\"@type\":\"ListItem\",\"@id\":\"https:\\\/\\\/eldigitaldeasturias.com\\\/radio\\\/fuerza-aerea-alemana-llevara-seis-eurofighters-a-australia-en-2022\\\/#listItem\",\"position\":3,\"name\":\"Fuerza A\\u00e9rea alemana llevar\\u00e1 seis Eurofighters a Australia en 2022\",\"previousItem\":{\"@type\":\"ListItem\",\"@id\":\"https:\\\/\\\/eldigitaldeasturias.com\\\/radio\\\/category\\\/noticias\\\/#listItem\",\"name\":\"Noticias\"}}]},{\"@type\":\"NewsArticle\",\"@id\":\"https:\\\/\\\/eldigitaldeasturias.com\\\/radio\\\/fuerza-aerea-alemana-llevara-seis-eurofighters-a-australia-en-2022\\\/#newsarticle\",\"name\":\"Fuerza A\\u00e9rea alemana llevar\\u00e1 seis Eurofighters a Australia en 2022 | El Digital de Asturias\",\"headline\":\"Fuerza A\\u00e9rea alemana llevar\\u00e1 seis Eurofighters a Australia en 2022\",\"author\":{\"@id\":\"https:\\\/\\\/eldigitaldeasturias.com\\\/radio\\\/author\\\/nbasturias\\\/#author\"},\"publisher\":{\"@id\":\"https:\\\/\\\/eldigitaldeasturias.com\\\/radio\\\/#organization\"},\"image\":{\"@type\":\"ImageObject\",\"url\":\"https:\\\/\\\/eldigitaldeasturias.com\\\/radio\\\/wp-content\\\/uploads\\\/2018\\\/10\\\/technology-785742_960_720.jpg\",\"width\":960,\"height\":640},\"datePublished\":\"2021-11-17T03:53:29+01:00\",\"dateModified\":\"2021-11-17T03:53:29+01:00\",\"inLanguage\":\"es-ES\",\"mainEntityOfPage\":{\"@id\":\"https:\\\/\\\/eldigitaldeasturias.com\\\/radio\\\/fuerza-aerea-alemana-llevara-seis-eurofighters-a-australia-en-2022\\\/#webpage\"},\"isPartOf\":{\"@id\":\"https:\\\/\\\/eldigitaldeasturias.com\\\/radio\\\/fuerza-aerea-alemana-llevara-seis-eurofighters-a-australia-en-2022\\\/#webpage\"},\"articleSection\":\"Noticias\",\"dateline\":\"Publicado el noviembre 17, 2021.\"},{\"@type\":\"Organization\",\"@id\":\"https:\\\/\\\/eldigitaldeasturias.com\\\/radio\\\/#organization\",\"name\":\"El digital de Asturias Radio\",\"description\":\"Diario de informaci\\u00f3n y noticias\",\"url\":\"https:\\\/\\\/eldigitaldeasturias.com\\\/radio\\\/\",\"telephone\":\"+34652131393\",\"logo\":{\"@type\":\"ImageObject\",\"url\":\"https:\\\/\\\/www.eldigitaldeasturias.com\\\/radio\\\/wp-content\\\/uploads\\\/2021\\\/03\\\/EDA.jpg\",\"@id\":\"https:\\\/\\\/eldigitaldeasturias.com\\\/radio\\\/fuerza-aerea-alemana-llevara-seis-eurofighters-a-australia-en-2022\\\/#organizationLogo\"},\"image\":{\"@id\":\"https:\\\/\\\/eldigitaldeasturias.com\\\/radio\\\/fuerza-aerea-alemana-llevara-seis-eurofighters-a-australia-en-2022\\\/#organizationLogo\"},\"sameAs\":[\"https:\\\/\\\/www.facebook.com\\\/\",\"https:\\\/\\\/x.com\\\/bercodi\",\"https:\\\/\\\/www.instagram.com\\\/\",\"https:\\\/\\\/www.youtube.com\\\/channel\\\/UCZP-2wLEB9Rv6erhFmqVnvg\"]},{\"@type\":\"Person\",\"@id\":\"https:\\\/\\\/eldigitaldeasturias.com\\\/radio\\\/author\\\/nbasturias\\\/#author\",\"url\":\"https:\\\/\\\/eldigitaldeasturias.com\\\/radio\\\/author\\\/nbasturias\\\/\",\"name\":\"NBAsturias\",\"image\":{\"@type\":\"ImageObject\",\"@id\":\"https:\\\/\\\/eldigitaldeasturias.com\\\/radio\\\/fuerza-aerea-alemana-llevara-seis-eurofighters-a-australia-en-2022\\\/#authorImage\",\"url\":\"https:\\\/\\\/secure.gravatar.com\\\/avatar\\\/df2aeffc32bcd13f8d26072ef8a91b623d677766deac7f97ca815868cd41bf5e?s=96&d=mm&r=g\",\"width\":96,\"height\":96,\"caption\":\"NBAsturias\"}},{\"@type\":\"WebPage\",\"@id\":\"https:\\\/\\\/eldigitaldeasturias.com\\\/radio\\\/fuerza-aerea-alemana-llevara-seis-eurofighters-a-australia-en-2022\\\/#webpage\",\"url\":\"https:\\\/\\\/eldigitaldeasturias.com\\\/radio\\\/fuerza-aerea-alemana-llevara-seis-eurofighters-a-australia-en-2022\\\/\",\"name\":\"Fuerza A\\u00e9rea alemana llevar\\u00e1 seis Eurofighters a Australia en 2022 | El Digital de Asturias\",\"description\":\"Las Fuerzas A\\u00e9reas alemanas (Luftwaffe) participar\\u00e1n con aviones de combate en el ejercicio militar multinacional \\\"Pitch Black\\\", que se celebrar\\u00e1 en Australia\",\"inLanguage\":\"es-ES\",\"isPartOf\":{\"@id\":\"https:\\\/\\\/eldigitaldeasturias.com\\\/radio\\\/#website\"},\"breadcrumb\":{\"@id\":\"https:\\\/\\\/eldigitaldeasturias.com\\\/radio\\\/fuerza-aerea-alemana-llevara-seis-eurofighters-a-australia-en-2022\\\/#breadcrumblist\"},\"author\":{\"@id\":\"https:\\\/\\\/eldigitaldeasturias.com\\\/radio\\\/author\\\/nbasturias\\\/#author\"},\"creator\":{\"@id\":\"https:\\\/\\\/eldigitaldeasturias.com\\\/radio\\\/author\\\/nbasturias\\\/#author\"},\"image\":{\"@type\":\"ImageObject\",\"url\":\"https:\\\/\\\/eldigitaldeasturias.com\\\/radio\\\/wp-content\\\/uploads\\\/2018\\\/10\\\/technology-785742_960_720.jpg\",\"@id\":\"https:\\\/\\\/eldigitaldeasturias.com\\\/radio\\\/fuerza-aerea-alemana-llevara-seis-eurofighters-a-australia-en-2022\\\/#mainImage\",\"width\":960,\"height\":640},\"primaryImageOfPage\":{\"@id\":\"https:\\\/\\\/eldigitaldeasturias.com\\\/radio\\\/fuerza-aerea-alemana-llevara-seis-eurofighters-a-australia-en-2022\\\/#mainImage\"},\"datePublished\":\"2021-11-17T03:53:29+01:00\",\"dateModified\":\"2021-11-17T03:53:29+01:00\"},{\"@type\":\"WebSite\",\"@id\":\"https:\\\/\\\/eldigitaldeasturias.com\\\/radio\\\/#website\",\"url\":\"https:\\\/\\\/eldigitaldeasturias.com\\\/radio\\\/\",\"name\":\"El Digital de Asturias\",\"description\":\"Diario de informaci\\u00f3n y noticias\",\"inLanguage\":\"es-ES\",\"publisher\":{\"@id\":\"https:\\\/\\\/eldigitaldeasturias.com\\\/radio\\\/#organization\"}}]}\n\t\t<\/script>\n\t\t<!-- All in One SEO Pro -->\r\n\t\t<title>Fuerza A\u00e9rea alemana llevar\u00e1 seis Eurofighters a Australia en 2022 | El Digital de Asturias<\/title>\n\n","aioseo_head_json":{"title":"Fuerza A\u00e9rea alemana llevar\u00e1 seis Eurofighters a Australia en 2022 | El Digital de Asturias","description":"Las Fuerzas A\u00e9reas alemanas (Luftwaffe) participar\u00e1n con aviones de combate en el ejercicio militar multinacional \"Pitch Black\", que se celebrar\u00e1 en Australia","canonical_url":"https:\/\/eldigitaldeasturias.com\/radio\/fuerza-aerea-alemana-llevara-seis-eurofighters-a-australia-en-2022\/","robots":"max-image-preview:large","keywords":"noticias","webmasterTools":{"google-site-verification":"UA-38556648-1","miscellaneous":""},"schema":{"@context":"https:\/\/schema.org","@graph":[{"@type":"BreadcrumbList","@id":"https:\/\/eldigitaldeasturias.com\/radio\/fuerza-aerea-alemana-llevara-seis-eurofighters-a-australia-en-2022\/#breadcrumblist","itemListElement":[{"@type":"ListItem","@id":"https:\/\/eldigitaldeasturias.com\/radio#listItem","position":1,"name":"Inicio","item":"https:\/\/eldigitaldeasturias.com\/radio","nextItem":{"@type":"ListItem","@id":"https:\/\/eldigitaldeasturias.com\/radio\/category\/noticias\/#listItem","name":"Noticias"}},{"@type":"ListItem","@id":"https:\/\/eldigitaldeasturias.com\/radio\/category\/noticias\/#listItem","position":2,"name":"Noticias","item":"https:\/\/eldigitaldeasturias.com\/radio\/category\/noticias\/","nextItem":{"@type":"ListItem","@id":"https:\/\/eldigitaldeasturias.com\/radio\/fuerza-aerea-alemana-llevara-seis-eurofighters-a-australia-en-2022\/#listItem","name":"Fuerza A\u00e9rea alemana llevar\u00e1 seis Eurofighters a Australia en 2022"},"previousItem":{"@type":"ListItem","@id":"https:\/\/eldigitaldeasturias.com\/radio#listItem","name":"Inicio"}},{"@type":"ListItem","@id":"https:\/\/eldigitaldeasturias.com\/radio\/fuerza-aerea-alemana-llevara-seis-eurofighters-a-australia-en-2022\/#listItem","position":3,"name":"Fuerza A\u00e9rea alemana llevar\u00e1 seis Eurofighters a Australia en 2022","previousItem":{"@type":"ListItem","@id":"https:\/\/eldigitaldeasturias.com\/radio\/category\/noticias\/#listItem","name":"Noticias"}}]},{"@type":"NewsArticle","@id":"https:\/\/eldigitaldeasturias.com\/radio\/fuerza-aerea-alemana-llevara-seis-eurofighters-a-australia-en-2022\/#newsarticle","name":"Fuerza A\u00e9rea alemana llevar\u00e1 seis Eurofighters a Australia en 2022 | El Digital de Asturias","headline":"Fuerza A\u00e9rea alemana llevar\u00e1 seis Eurofighters a Australia en 2022","author":{"@id":"https:\/\/eldigitaldeasturias.com\/radio\/author\/nbasturias\/#author"},"publisher":{"@id":"https:\/\/eldigitaldeasturias.com\/radio\/#organization"},"image":{"@type":"ImageObject","url":"https:\/\/eldigitaldeasturias.com\/radio\/wp-content\/uploads\/2018\/10\/technology-785742_960_720.jpg","width":960,"height":640},"datePublished":"2021-11-17T03:53:29+01:00","dateModified":"2021-11-17T03:53:29+01:00","inLanguage":"es-ES","mainEntityOfPage":{"@id":"https:\/\/eldigitaldeasturias.com\/radio\/fuerza-aerea-alemana-llevara-seis-eurofighters-a-australia-en-2022\/#webpage"},"isPartOf":{"@id":"https:\/\/eldigitaldeasturias.com\/radio\/fuerza-aerea-alemana-llevara-seis-eurofighters-a-australia-en-2022\/#webpage"},"articleSection":"Noticias","dateline":"Publicado el noviembre 17, 2021."},{"@type":"Organization","@id":"https:\/\/eldigitaldeasturias.com\/radio\/#organization","name":"El digital de Asturias Radio","description":"Diario de informaci\u00f3n y noticias","url":"https:\/\/eldigitaldeasturias.com\/radio\/","telephone":"+34652131393","logo":{"@type":"ImageObject","url":"https:\/\/www.eldigitaldeasturias.com\/radio\/wp-content\/uploads\/2021\/03\/EDA.jpg","@id":"https:\/\/eldigitaldeasturias.com\/radio\/fuerza-aerea-alemana-llevara-seis-eurofighters-a-australia-en-2022\/#organizationLogo"},"image":{"@id":"https:\/\/eldigitaldeasturias.com\/radio\/fuerza-aerea-alemana-llevara-seis-eurofighters-a-australia-en-2022\/#organizationLogo"},"sameAs":["https:\/\/www.facebook.com\/","https:\/\/x.com\/bercodi","https:\/\/www.instagram.com\/","https:\/\/www.youtube.com\/channel\/UCZP-2wLEB9Rv6erhFmqVnvg"]},{"@type":"Person","@id":"https:\/\/eldigitaldeasturias.com\/radio\/author\/nbasturias\/#author","url":"https:\/\/eldigitaldeasturias.com\/radio\/author\/nbasturias\/","name":"NBAsturias","image":{"@type":"ImageObject","@id":"https:\/\/eldigitaldeasturias.com\/radio\/fuerza-aerea-alemana-llevara-seis-eurofighters-a-australia-en-2022\/#authorImage","url":"https:\/\/secure.gravatar.com\/avatar\/df2aeffc32bcd13f8d26072ef8a91b623d677766deac7f97ca815868cd41bf5e?s=96&d=mm&r=g","width":96,"height":96,"caption":"NBAsturias"}},{"@type":"WebPage","@id":"https:\/\/eldigitaldeasturias.com\/radio\/fuerza-aerea-alemana-llevara-seis-eurofighters-a-australia-en-2022\/#webpage","url":"https:\/\/eldigitaldeasturias.com\/radio\/fuerza-aerea-alemana-llevara-seis-eurofighters-a-australia-en-2022\/","name":"Fuerza A\u00e9rea alemana llevar\u00e1 seis Eurofighters a Australia en 2022 | El Digital de Asturias","description":"Las Fuerzas A\u00e9reas alemanas (Luftwaffe) participar\u00e1n con aviones de combate en el ejercicio militar multinacional \"Pitch Black\", que se celebrar\u00e1 en Australia","inLanguage":"es-ES","isPartOf":{"@id":"https:\/\/eldigitaldeasturias.com\/radio\/#website"},"breadcrumb":{"@id":"https:\/\/eldigitaldeasturias.com\/radio\/fuerza-aerea-alemana-llevara-seis-eurofighters-a-australia-en-2022\/#breadcrumblist"},"author":{"@id":"https:\/\/eldigitaldeasturias.com\/radio\/author\/nbasturias\/#author"},"creator":{"@id":"https:\/\/eldigitaldeasturias.com\/radio\/author\/nbasturias\/#author"},"image":{"@type":"ImageObject","url":"https:\/\/eldigitaldeasturias.com\/radio\/wp-content\/uploads\/2018\/10\/technology-785742_960_720.jpg","@id":"https:\/\/eldigitaldeasturias.com\/radio\/fuerza-aerea-alemana-llevara-seis-eurofighters-a-australia-en-2022\/#mainImage","width":960,"height":640},"primaryImageOfPage":{"@id":"https:\/\/eldigitaldeasturias.com\/radio\/fuerza-aerea-alemana-llevara-seis-eurofighters-a-australia-en-2022\/#mainImage"},"datePublished":"2021-11-17T03:53:29+01:00","dateModified":"2021-11-17T03:53:29+01:00"},{"@type":"WebSite","@id":"https:\/\/eldigitaldeasturias.com\/radio\/#website","url":"https:\/\/eldigitaldeasturias.com\/radio\/","name":"El Digital de Asturias","description":"Diario de informaci\u00f3n y noticias","inLanguage":"es-ES","publisher":{"@id":"https:\/\/eldigitaldeasturias.com\/radio\/#organization"}}]},"og:locale":"es_ES","og:site_name":"El Digital de Asturias | Diario de informaci\u00f3n y noticias","og:type":"article","og:title":"Fuerza A\u00e9rea alemana llevar\u00e1 seis Eurofighters a Australia en 2022 | El Digital de Asturias","og:description":"Las Fuerzas A\u00e9reas alemanas (Luftwaffe) participar\u00e1n con aviones de combate en el ejercicio militar multinacional &quot;Pitch Black&quot;, que se celebrar\u00e1 en Australia","og:url":"https:\/\/eldigitaldeasturias.com\/radio\/fuerza-aerea-alemana-llevara-seis-eurofighters-a-australia-en-2022\/","og:image":"https:\/\/eldigitaldeasturias.com\/radio\/wp-content\/uploads\/2018\/10\/technology-785742_960_720.jpg","og:image:secure_url":"https:\/\/eldigitaldeasturias.com\/radio\/wp-content\/uploads\/2018\/10\/technology-785742_960_720.jpg","og:image:width":960,"og:image:height":640,"article:published_time":"2021-11-17T03:53:29+00:00","article:modified_time":"2021-11-17T03:53:29+00:00","twitter:card":"summary_large_image","twitter:site":"@bercodi","twitter:title":"Fuerza A\u00e9rea alemana llevar\u00e1 seis Eurofighters a Australia en 2022 | El Digital de Asturias","twitter:description":"Las Fuerzas A\u00e9reas alemanas (Luftwaffe) participar\u00e1n con aviones de combate en el ejercicio militar multinacional &quot;Pitch Black&quot;, que se celebrar\u00e1 en Australia","twitter:creator":"@bercodi","twitter:image":"https:\/\/eldigitaldeasturias.com\/radio\/wp-content\/uploads\/2018\/10\/technology-785742_960_720.jpg"},"aioseo_meta_data":{"post_id":"6285","title":null,"description":"Las Fuerzas A\u00e9reas alemanas (Luftwaffe) participar\u00e1n con aviones de combate en el ejercicio militar multinacional \"Pitch Black\", que se celebrar\u00e1 en Australia&nbsp;","keywords":[],"keyphrases":{"focus":{"keyphrase":"Australia ","score":90,"analysis":{"keyphraseInTitle":{"title":"Focus Keyphrase in SEO title","description":"Focus Keyphrase found in SEO title.","score":9,"maxScore":9,"error":0},"keyphraseInDescription":{"title":"Focus keyphrase in meta description","description":"Focus keyphrase found in meta description.","score":9,"maxScore":9,"error":0},"keyphraseInURL":{"title":"Focus Keyphrase in URL","description":"Focus Keyphrase not found in the URL.","score":1,"maxScore":5,"error":1},"keyphraseLength":{"title":"Focus keyphrase length","description":"Good job!","score":9,"maxScore":9,"error":0,"length":1},"keyphraseInIntroduction":{"title":"Focus keyphrase in introduction","description":"Your Focus keyphrase appears in the first paragraph. Well done!","score":9,"maxScore":9,"error":0},"keyphraseInSubHeadings":[],"keyphraseInImageAlt":[]}},"additional":[{"keyphrase":"Fuerzas A\u00e9reas alemanas ","score":100,"analysis":{"keyphraseInDescription":{"title":"Keyphrase in meta description","description":"Keyphrase found in meta description.","score":9,"maxScore":9,"error":0},"keyphraseLength":{"title":"Keyphrase length","description":"Good job!","score":9,"maxScore":9,"error":0,"length":3},"keyphraseInIntroduction":{"title":"Keyphrase in introduction","description":"Your Keyphrase appears in the first paragraph. Well done!","score":9,"maxScore":9,"error":0},"keyphraseInImageAlt":[]}},{"keyphrase":"Pitch Black","score":100,"analysis":{"keyphraseInDescription":{"title":"Keyphrase in meta description","description":"Keyphrase found in meta description.","score":9,"maxScore":9,"error":0},"keyphraseLength":{"title":"Keyphrase length","description":"Good job!","score":9,"maxScore":9,"error":0,"length":2},"keyphraseInIntroduction":{"title":"Keyphrase in introduction","description":"Your Keyphrase appears in the first paragraph. Well done!","score":9,"maxScore":9,"error":0},"keyphraseInImageAlt":[]}}]},"primary_term":null,"canonical_url":null,"og_title":null,"og_description":null,"og_object_type":"default","og_image_type":"default","og_image_url":null,"og_image_width":null,"og_image_height":null,"og_image_custom_url":null,"og_image_custom_fields":null,"og_video":"","og_custom_url":null,"og_article_section":null,"og_article_tags":[],"twitter_use_og":false,"twitter_card":"default","twitter_image_type":"default","twitter_image_url":null,"twitter_image_custom_url":null,"twitter_image_custom_fields":null,"twitter_title":null,"twitter_description":null,"schema":{"blockGraphs":[],"customGraphs":[],"default":{"data":{"Article":[],"Course":[],"Dataset":[],"FAQPage":[],"Movie":[],"Person":[],"Product":[],"ProductReview":[],"Car":[],"Recipe":[],"Service":[],"SoftwareApplication":[],"WebPage":[]},"graphName":"","isEnabled":true},"graphs":[],"defaultGraph":"Article","defaultPostTypeGraph":""},"schema_type":"default","schema_type_options":"{\"article\":{\"articleType\":\"BlogPosting\"},\"course\":{\"name\":\"\",\"description\":\"\",\"provider\":\"\"},\"faq\":{\"pages\":[]},\"product\":{\"reviews\":[]},\"recipe\":{\"ingredients\":[],\"instructions\":[],\"keywords\":[]},\"software\":{\"reviews\":[],\"operatingSystems\":[]},\"webPage\":{\"webPageType\":\"WebPage\"}}","pillar_content":false,"robots_default":true,"robots_noindex":false,"robots_noarchive":false,"robots_nosnippet":false,"robots_nofollow":false,"robots_noimageindex":false,"robots_noodp":false,"robots_notranslate":false,"robots_max_snippet":"-1","robots_max_videopreview":"-1","robots_max_imagepreview":"large","priority":null,"frequency":"default","location":null,"local_seo":null,"seo_analyzer_scan_date":"2025-08-28 19:05:39","breadcrumb_settings":null,"limit_modified_date":false,"open_ai":null,"ai":null,"created":"2021-11-17 03:51:25","updated":"2025-08-28 19:05:39"},"aioseo_breadcrumb":"<div class=\"aioseo-breadcrumbs\"><span class=\"aioseo-breadcrumb\">\n\t<a href=\"https:\/\/eldigitaldeasturias.com\/radio\" title=\"Inicio\">Inicio<\/a>\n<\/span><span class=\"aioseo-breadcrumb-separator\">&ndash;<\/span><span class=\"aioseo-breadcrumb\">\n\t<a href=\"https:\/\/eldigitaldeasturias.com\/radio\/category\/noticias\/\" title=\"Noticias\">Noticias<\/a>\n<\/span><span class=\"aioseo-breadcrumb-separator\">&ndash;<\/span><span class=\"aioseo-breadcrumb\">\n\tFuerza A\u00e9rea alemana llevar\u00e1 seis Eurofighters a Australia en 2022\n<\/span><\/div>","aioseo_breadcrumb_json":[{"label":"Inicio","link":"https:\/\/eldigitaldeasturias.com\/radio"},{"label":"Noticias","link":"https:\/\/eldigitaldeasturias.com\/radio\/category\/noticias\/"},{"label":"Fuerza A\u00e9rea alemana llevar\u00e1 seis Eurofighters a Australia en 2022","link":"https:\/\/eldigitaldeasturias.com\/radio\/fuerza-aerea-alemana-llevara-seis-eurofighters-a-australia-en-2022\/"}],"_links":{"self":[{"href":"https:\/\/eldigitaldeasturias.com\/radio\/wp-json\/wp\/v2\/posts\/6285","targetHints":{"allow":["GET"]}}],"collection":[{"href":"https:\/\/eldigitaldeasturias.com\/radio\/wp-json\/wp\/v2\/posts"}],"about":[{"href":"https:\/\/eldigitaldeasturias.com\/radio\/wp-json\/wp\/v2\/types\/post"}],"author":[{"embeddable":true,"href":"https:\/\/eldigitaldeasturias.com\/radio\/wp-json\/wp\/v2\/users\/1"}],"replies":[{"embeddable":true,"href":"https:\/\/eldigitaldeasturias.com\/radio\/wp-json\/wp\/v2\/comments?post=6285"}],"version-history":[{"count":0,"href":"https:\/\/eldigitaldeasturias.com\/radio\/wp-json\/wp\/v2\/posts\/6285\/revisions"}],"wp:featuredmedia":[{"embeddable":true,"href":"https:\/\/eldigitaldeasturias.com\/radio\/wp-json\/wp\/v2\/media\/1352"}],"wp:attachment":[{"href":"https:\/\/eldigitaldeasturias.com\/radio\/wp-json\/wp\/v2\/media?parent=6285"}],"wp:term":[{"taxonomy":"category","embeddable":true,"href":"https:\/\/eldigitaldeasturias.com\/radio\/wp-json\/wp\/v2\/categories?post=6285"},{"taxonomy":"post_tag","embeddable":true,"href":"https:\/\/eldigitaldeasturias.com\/radio\/wp-json\/wp\/v2\/tags?post=6285"}],"curies":[{"name":"wp","href":"https:\/\/api.w.org\/{rel}","templated":true}]}}