{"id":6254,"date":"2021-11-03T20:48:53","date_gmt":"2021-11-03T20:48:53","guid":{"rendered":"http:\/\/eldigitaldeasturias.com\/radio\/?p=6254"},"modified":"2021-11-03T20:48:53","modified_gmt":"2021-11-03T20:48:53","slug":"david-kremer-mantiene-viva-la-produccion-tradicional-de-pigmentos-en-alemania","status":"publish","type":"post","link":"https:\/\/eldigitaldeasturias.com\/radio\/david-kremer-mantiene-viva-la-produccion-tradicional-de-pigmentos-en-alemania\/","title":{"rendered":"David Kremer mantiene viva la producci\u00f3n tradicional de pigmentos en Alemania"},"content":{"rendered":"<p>(dpa) &#8211; Ya sea en los bolardos de carreteras estadounidenses, en las canteras b\u00e1varas o en los huertos de cerezos junto al Lago de Constanza: David Kremer encuentra ingredientes para sus colores en los lugares m\u00e1s ins\u00f3litos. \u00abUno nunca sabe lo que le espera cuando comienza la b\u00fasqueda\u00bb, asevera este hombre de 38 a\u00f1os. \u00abSimplemente se trata de recorrer la zona, hablar con la gente y buscar un pigmento\u00bb, a\u00f1ade.<\/p>\n<figure id=\"attachment_6255\" aria-describedby=\"caption-attachment-6255\" style=\"width: 650px\" class=\"wp-caption aligncenter\"><img fetchpriority=\"high\" decoding=\"async\" class=\"wp-image-6255\" src=\"https:\/\/eldigitaldeasturias.com\/radio\/wp-content\/uploads\/2021\/11\/David-Kremer-360x241.jpg\" alt=\"David Kremer\" width=\"650\" height=\"434\" srcset=\"https:\/\/eldigitaldeasturias.com\/radio\/wp-content\/uploads\/2021\/11\/David-Kremer-360x241.jpg 360w, https:\/\/eldigitaldeasturias.com\/radio\/wp-content\/uploads\/2021\/11\/David-Kremer-768x513.jpg 768w, https:\/\/eldigitaldeasturias.com\/radio\/wp-content\/uploads\/2021\/11\/David-Kremer-150x100.jpg 150w, https:\/\/eldigitaldeasturias.com\/radio\/wp-content\/uploads\/2021\/11\/David-Kremer-450x301.jpg 450w, https:\/\/eldigitaldeasturias.com\/radio\/wp-content\/uploads\/2021\/11\/David-Kremer.jpg 995w\" sizes=\"(max-width: 650px) 100vw, 650px\" \/><figcaption id=\"caption-attachment-6255\" class=\"wp-caption-text\">David Kremer, director de la empresa Kremer Pigmente, al frente de su molino de pigmentos con un balde con piedras de azurita, que se muelen para obtener diversas variantes del color azul. Foto: Felix K\u00e4stle\/dpa<\/figcaption><\/figure>\n<p>Kremer dedica tres meses al a\u00f1o a esta tarea. Al fin y al cabo, se gana la vida buscando pigmentos naturales: el molino de pinturas de Kremer en Aichstetten, un peque\u00f1o pueblo de 2.700 habitantes en el sur alem\u00e1n, vende pigmentos de color a museos, artistas y restauradores.<\/p>\n<p>El Louvre de Par\u00eds, el Museo Getty de Los \u00c1ngeles y el Vaticano son clientes de este molino ubicado en la regi\u00f3n de Algovia. \u00abLa f\u00e1brica de pinturas Kremer es \u00fanica en el mundo\u00bb, afirma Patricia Brozio, portavoz de la Asociaci\u00f3n de Restauradores (VDR) de Alemania. \u00abProducen ellos mismos pigmentos antiguos, que rara vez est\u00e1n disponibles en esta forma\u00bb.<\/p>\n<p>En este variopinto molino harinero del siglo XVII se utilizan piedras de molino, hornos y cribas para producir pigmentos a partir de una gran variedad de materiales de todo el mundo: lapisl\u00e1zuli de Afganist\u00e1n, plantas de \u00edndigo de la India, as\u00ed como ocre de Amberg, en la regi\u00f3n b\u00e1vara del Alto Palatinado.<\/p>\n<p>\u00abLa extracci\u00f3n tradicional de ocre llevaba dormida desde hace d\u00e9cadas\u00bb, explica Kremer. \u00abDurante un aterrizaje en M\u00fanich volviendo de Nueva York, descubrimos unas canteras de las que ahora podemos obtener y producir el rojo y el amarillo de Amberg\u00bb.<\/p>\n<p>Seg\u00fan Kremer, estas fuentes locales son especialmente importantes en tiempos de coronavirus. \u00abLa escasez de materias primas en la pandemia es un puro desastre\u00bb, enfatiza Kremer. \u00abHay productos, especialmente de Asia y Estados Unidos, que se han encarecido un 40 por ciento de la noche a la ma\u00f1ana\u00bb.<\/p>\n<p>Al mismo tiempo, prosigue, la demanda aument\u00f3 durante la pandemia: \u00abTuvimos entre un 30 y un 40 por ciento m\u00e1s de pedidos\u00bb. Cuando varios de los cerca de 40 empleados de la f\u00e1brica contrajeron el coronavirus el a\u00f1o pasado, la mujer y los hijos de Kremer tuvieron que echar una mano en el departamento de env\u00edos.<\/p>\n<p>Otros fabricantes de colores para artistas informan de problemas similares. La empresa Schmincke K\u00fcnstlerfarben, con sede en el estado federado de Renania del Norte-Westfalia, en el oeste alem\u00e1n, informa que la demanda, sobre todo de clientes finales como artistas aficionados, volvi\u00f3 a aumentar en el segundo semestre del a\u00f1o pasado. \u00abPor otro lado, los retos log\u00edsticos se han agudizado\u00bb, a\u00f1ade la compa\u00f1\u00eda, y argumenta que hay menos materias primas disponibles, los tiempos de entrega son m\u00e1s largos y los precios suben.<\/p>\n<p>\u00abEl aumento de los proyectos durante la pandemia provino principalmente de los museos y del sector privado\u00bb, afirma Brozio, portavoz de la asociaci\u00f3n de restauradores. \u00abMucha gente no pod\u00eda viajar y por eso desempolvaba sus objetos guardados en el desv\u00e1n y los entregaba para su restauraci\u00f3n\u00bb.<\/p>\n<p>Por el contrario, a\u00f1ade, las instituciones estatales aplazaron muchos proyectos porque no era posible reunirse con los restauradores en persona debido a la prohibici\u00f3n de los viajes de negocios.<\/p>\n<p>Brozio se\u00f1ala que, sin embargo, los colores producidos tradicionalmente no se utilizan para todos los cuadros antiguos. \u00abPara las restauraciones, utilizamos sobre todo materiales reversibles\u00bb, acota, y explica que los colores deben poder retirarse la pr\u00f3xima vez que se renueve la pintura sin da\u00f1ar el original.<\/p>\n<p>Seg\u00fan Brozio, para las cubiertas de los \u00f3rganos o los altares, en cambio, se suelen utilizar colores originales, y que adem\u00e1s hay tambi\u00e9n muchos artistas que simplemente quieren emplear \u00abalgo especialmente valioso\u00bb en sus obras.<\/p>\n<p>Kremer explica que un gramo de pigmentos de color extra\u00eddo de unos 10.000 caracoles p\u00farpura cuesta en su molino 2.000 euros (aproximadamente 2.300 d\u00f3lares estadounidenses). En los \u00faltimos a\u00f1os, sin embargo, los tonos ne\u00f3n han sido especialmente populares. \u00abEs un poco como &#8216;volver a los 90&#8242;\u00bb, se\u00f1ala Kremer. \u00abPero estos colores son pura qu\u00edmica\u00bb, puntualiza.<\/p>\n<p>El gerente de la empresa familiar disfruta a fondo sus viajes en busca de tintes naturales. De un periplo de dos semanas en Islandia, por ejemplo, volvi\u00f3 con tres pigmentos de tierra en rojo, amarillo y verde gracias a los buenos contactos con un alcalde local. Una vez en el molino, el material se muele tan peque\u00f1o que el ojo humano ya no puede distinguir los granos individuales: cuanto m\u00e1s fino es el polvo, m\u00e1s puros son los colores.<\/p>\n<p>En busca de yacimientos mineros hist\u00f3ricos, Kremer explora documentos cient\u00edficos, libros antiguos y bares locales. Pero tambi\u00e9n atiende peticiones especiales de los clientes: por ejemplo, la de un artista suizo que solicit\u00f3 pigmentos a partir de billetes. Por eso, para David Kremer, la empresa fundada por su padre sigue siendo una aventura: \u00abEste lugar me ha fascinado desde ni\u00f1o\u00bb.<\/p>\n<p><i class=\"lang-es\"><span class=\" readonly\" title=\"\">Por Frederick Mersi (dpa)<\/span><\/i><\/p>\n","protected":false},"excerpt":{"rendered":"<p>(dpa) &#8211; Ya sea en los bolardos de carreteras estadounidenses, en las canteras b\u00e1varas o en los huertos de cerezos junto al Lago de Constanza: David Kremer encuentra ingredientes para sus colores en los lugares m\u00e1s ins\u00f3litos. \u00abUno nunca sabe lo que le espera cuando comienza la b\u00fasqueda\u00bb, asevera este hombre de 38 a\u00f1os. \u00abSimplemente<\/p>\n","protected":false},"author":1,"featured_media":6255,"comment_status":"closed","ping_status":"closed","sticky":false,"template":"","format":"standard","meta":{"footnotes":""},"categories":[26],"tags":[44],"class_list":{"0":"post-6254","1":"post","2":"type-post","3":"status-publish","4":"format-standard","5":"has-post-thumbnail","7":"category-reportajes","8":"tag-reportajes"},"aioseo_notices":[],"aioseo_head":"\n\t\t<!-- All in One SEO Pro 4.9.6.2 - aioseo.com -->\n\t<meta name=\"description\" content=\"Ya sea en los bolardos de carreteras estadounidenses, en las canteras b\u00e1varas o en los huertos de cerezos junto al Lago de Constanza: David Kremer ..\" \/>\n\t<meta name=\"robots\" content=\"max-image-preview:large\" \/>\n\t<meta name=\"author\" content=\"NBAsturias\"\/>\n\t<meta name=\"google-site-verification\" content=\"UA-38556648-1\" \/>\n\t<meta name=\"keywords\" content=\"reportajes\" \/>\n\t<link rel=\"canonical\" href=\"https:\/\/eldigitaldeasturias.com\/radio\/david-kremer-mantiene-viva-la-produccion-tradicional-de-pigmentos-en-alemania\/\" \/>\n\t<meta name=\"generator\" content=\"All in One SEO Pro (AIOSEO) 4.9.6.2\" \/>\n\t\t<meta property=\"og:locale\" content=\"es_ES\" \/>\n\t\t<meta property=\"og:site_name\" content=\"El Digital de Asturias | Diario de informaci\u00f3n y noticias\" \/>\n\t\t<meta property=\"og:type\" content=\"article\" \/>\n\t\t<meta property=\"og:title\" content=\"David Kremer mantiene viva la producci\u00f3n tradicional de pigmentos en Alemania | El Digital de Asturias\" \/>\n\t\t<meta property=\"og:description\" content=\"Ya sea en los bolardos de carreteras estadounidenses, en las canteras b\u00e1varas o en los huertos de cerezos junto al Lago de Constanza: David Kremer ..\" \/>\n\t\t<meta property=\"og:url\" content=\"https:\/\/eldigitaldeasturias.com\/radio\/david-kremer-mantiene-viva-la-produccion-tradicional-de-pigmentos-en-alemania\/\" \/>\n\t\t<meta property=\"og:image\" content=\"https:\/\/eldigitaldeasturias.com\/radio\/wp-content\/uploads\/2021\/11\/David-Kremer.jpg\" \/>\n\t\t<meta property=\"og:image:secure_url\" content=\"https:\/\/eldigitaldeasturias.com\/radio\/wp-content\/uploads\/2021\/11\/David-Kremer.jpg\" \/>\n\t\t<meta property=\"og:image:width\" content=\"995\" \/>\n\t\t<meta property=\"og:image:height\" content=\"665\" \/>\n\t\t<meta property=\"article:published_time\" content=\"2021-11-03T20:48:53+00:00\" \/>\n\t\t<meta property=\"article:modified_time\" content=\"2021-11-03T20:48:53+00:00\" \/>\n\t\t<meta name=\"twitter:card\" content=\"summary_large_image\" \/>\n\t\t<meta name=\"twitter:site\" content=\"@bercodi\" \/>\n\t\t<meta name=\"twitter:title\" content=\"David Kremer mantiene viva la producci\u00f3n tradicional de pigmentos en Alemania | El Digital de Asturias\" \/>\n\t\t<meta name=\"twitter:description\" content=\"Ya sea en los bolardos de carreteras estadounidenses, en las canteras b\u00e1varas o en los huertos de cerezos junto al Lago de Constanza: David Kremer ..\" \/>\n\t\t<meta name=\"twitter:creator\" content=\"@bercodi\" \/>\n\t\t<meta name=\"twitter:image\" content=\"https:\/\/eldigitaldeasturias.com\/radio\/wp-content\/uploads\/2021\/11\/David-Kremer.jpg\" \/>\n\t\t<script type=\"application\/ld+json\" class=\"aioseo-schema\">\n\t\t\t{\"@context\":\"https:\\\/\\\/schema.org\",\"@graph\":[{\"@type\":\"BreadcrumbList\",\"@id\":\"https:\\\/\\\/eldigitaldeasturias.com\\\/radio\\\/david-kremer-mantiene-viva-la-produccion-tradicional-de-pigmentos-en-alemania\\\/#breadcrumblist\",\"itemListElement\":[{\"@type\":\"ListItem\",\"@id\":\"https:\\\/\\\/eldigitaldeasturias.com\\\/radio#listItem\",\"position\":1,\"name\":\"Inicio\",\"item\":\"https:\\\/\\\/eldigitaldeasturias.com\\\/radio\",\"nextItem\":{\"@type\":\"ListItem\",\"@id\":\"https:\\\/\\\/eldigitaldeasturias.com\\\/radio\\\/category\\\/reportajes\\\/#listItem\",\"name\":\"Reportajes\"}},{\"@type\":\"ListItem\",\"@id\":\"https:\\\/\\\/eldigitaldeasturias.com\\\/radio\\\/category\\\/reportajes\\\/#listItem\",\"position\":2,\"name\":\"Reportajes\",\"item\":\"https:\\\/\\\/eldigitaldeasturias.com\\\/radio\\\/category\\\/reportajes\\\/\",\"nextItem\":{\"@type\":\"ListItem\",\"@id\":\"https:\\\/\\\/eldigitaldeasturias.com\\\/radio\\\/david-kremer-mantiene-viva-la-produccion-tradicional-de-pigmentos-en-alemania\\\/#listItem\",\"name\":\"David Kremer mantiene viva la producci\\u00f3n tradicional de pigmentos en Alemania\"},\"previousItem\":{\"@type\":\"ListItem\",\"@id\":\"https:\\\/\\\/eldigitaldeasturias.com\\\/radio#listItem\",\"name\":\"Inicio\"}},{\"@type\":\"ListItem\",\"@id\":\"https:\\\/\\\/eldigitaldeasturias.com\\\/radio\\\/david-kremer-mantiene-viva-la-produccion-tradicional-de-pigmentos-en-alemania\\\/#listItem\",\"position\":3,\"name\":\"David Kremer mantiene viva la producci\\u00f3n tradicional de pigmentos en Alemania\",\"previousItem\":{\"@type\":\"ListItem\",\"@id\":\"https:\\\/\\\/eldigitaldeasturias.com\\\/radio\\\/category\\\/reportajes\\\/#listItem\",\"name\":\"Reportajes\"}}]},{\"@type\":\"NewsArticle\",\"@id\":\"https:\\\/\\\/eldigitaldeasturias.com\\\/radio\\\/david-kremer-mantiene-viva-la-produccion-tradicional-de-pigmentos-en-alemania\\\/#newsarticle\",\"name\":\"David Kremer mantiene viva la producci\\u00f3n tradicional de pigmentos en Alemania | El Digital de Asturias\",\"headline\":\"David Kremer mantiene viva la producci\\u00f3n tradicional de pigmentos en Alemania\",\"author\":{\"@id\":\"https:\\\/\\\/eldigitaldeasturias.com\\\/radio\\\/author\\\/nbasturias\\\/#author\"},\"publisher\":{\"@id\":\"https:\\\/\\\/eldigitaldeasturias.com\\\/radio\\\/#organization\"},\"image\":{\"@type\":\"ImageObject\",\"url\":\"https:\\\/\\\/eldigitaldeasturias.com\\\/radio\\\/wp-content\\\/uploads\\\/2021\\\/11\\\/David-Kremer.jpg\",\"width\":995,\"height\":665,\"caption\":\"David Kremer, director de la empresa Kremer Pigmente, al frente de su molino de pigmentos con un balde con piedras de azurita, que se muelen para obtener diversas variantes del color azul. Foto: Felix K\\u00e4stle\\\/dpa\"},\"datePublished\":\"2021-11-03T20:48:53+01:00\",\"dateModified\":\"2021-11-03T20:48:53+01:00\",\"inLanguage\":\"es-ES\",\"mainEntityOfPage\":{\"@id\":\"https:\\\/\\\/eldigitaldeasturias.com\\\/radio\\\/david-kremer-mantiene-viva-la-produccion-tradicional-de-pigmentos-en-alemania\\\/#webpage\"},\"isPartOf\":{\"@id\":\"https:\\\/\\\/eldigitaldeasturias.com\\\/radio\\\/david-kremer-mantiene-viva-la-produccion-tradicional-de-pigmentos-en-alemania\\\/#webpage\"},\"articleSection\":\"Reportajes, Reportajes\",\"dateline\":\"Publicado el noviembre 3, 2021.\"},{\"@type\":\"Organization\",\"@id\":\"https:\\\/\\\/eldigitaldeasturias.com\\\/radio\\\/#organization\",\"name\":\"El digital de Asturias Radio\",\"description\":\"Diario de informaci\\u00f3n y noticias\",\"url\":\"https:\\\/\\\/eldigitaldeasturias.com\\\/radio\\\/\",\"telephone\":\"+34652131393\",\"logo\":{\"@type\":\"ImageObject\",\"url\":\"https:\\\/\\\/www.eldigitaldeasturias.com\\\/radio\\\/wp-content\\\/uploads\\\/2021\\\/03\\\/EDA.jpg\",\"@id\":\"https:\\\/\\\/eldigitaldeasturias.com\\\/radio\\\/david-kremer-mantiene-viva-la-produccion-tradicional-de-pigmentos-en-alemania\\\/#organizationLogo\"},\"image\":{\"@id\":\"https:\\\/\\\/eldigitaldeasturias.com\\\/radio\\\/david-kremer-mantiene-viva-la-produccion-tradicional-de-pigmentos-en-alemania\\\/#organizationLogo\"},\"sameAs\":[\"https:\\\/\\\/www.facebook.com\\\/\",\"https:\\\/\\\/x.com\\\/bercodi\",\"https:\\\/\\\/www.instagram.com\\\/\",\"https:\\\/\\\/www.youtube.com\\\/channel\\\/UCZP-2wLEB9Rv6erhFmqVnvg\"]},{\"@type\":\"Person\",\"@id\":\"https:\\\/\\\/eldigitaldeasturias.com\\\/radio\\\/author\\\/nbasturias\\\/#author\",\"url\":\"https:\\\/\\\/eldigitaldeasturias.com\\\/radio\\\/author\\\/nbasturias\\\/\",\"name\":\"NBAsturias\",\"image\":{\"@type\":\"ImageObject\",\"@id\":\"https:\\\/\\\/eldigitaldeasturias.com\\\/radio\\\/david-kremer-mantiene-viva-la-produccion-tradicional-de-pigmentos-en-alemania\\\/#authorImage\",\"url\":\"https:\\\/\\\/secure.gravatar.com\\\/avatar\\\/df2aeffc32bcd13f8d26072ef8a91b623d677766deac7f97ca815868cd41bf5e?s=96&d=mm&r=g\",\"width\":96,\"height\":96,\"caption\":\"NBAsturias\"}},{\"@type\":\"WebPage\",\"@id\":\"https:\\\/\\\/eldigitaldeasturias.com\\\/radio\\\/david-kremer-mantiene-viva-la-produccion-tradicional-de-pigmentos-en-alemania\\\/#webpage\",\"url\":\"https:\\\/\\\/eldigitaldeasturias.com\\\/radio\\\/david-kremer-mantiene-viva-la-produccion-tradicional-de-pigmentos-en-alemania\\\/\",\"name\":\"David Kremer mantiene viva la producci\\u00f3n tradicional de pigmentos en Alemania | El Digital de Asturias\",\"description\":\"Ya sea en los bolardos de carreteras estadounidenses, en las canteras b\\u00e1varas o en los huertos de cerezos junto al Lago de Constanza: David Kremer ..\",\"inLanguage\":\"es-ES\",\"isPartOf\":{\"@id\":\"https:\\\/\\\/eldigitaldeasturias.com\\\/radio\\\/#website\"},\"breadcrumb\":{\"@id\":\"https:\\\/\\\/eldigitaldeasturias.com\\\/radio\\\/david-kremer-mantiene-viva-la-produccion-tradicional-de-pigmentos-en-alemania\\\/#breadcrumblist\"},\"author\":{\"@id\":\"https:\\\/\\\/eldigitaldeasturias.com\\\/radio\\\/author\\\/nbasturias\\\/#author\"},\"creator\":{\"@id\":\"https:\\\/\\\/eldigitaldeasturias.com\\\/radio\\\/author\\\/nbasturias\\\/#author\"},\"image\":{\"@type\":\"ImageObject\",\"url\":\"https:\\\/\\\/eldigitaldeasturias.com\\\/radio\\\/wp-content\\\/uploads\\\/2021\\\/11\\\/David-Kremer.jpg\",\"@id\":\"https:\\\/\\\/eldigitaldeasturias.com\\\/radio\\\/david-kremer-mantiene-viva-la-produccion-tradicional-de-pigmentos-en-alemania\\\/#mainImage\",\"width\":995,\"height\":665,\"caption\":\"David Kremer, director de la empresa Kremer Pigmente, al frente de su molino de pigmentos con un balde con piedras de azurita, que se muelen para obtener diversas variantes del color azul. Foto: Felix K\\u00e4stle\\\/dpa\"},\"primaryImageOfPage\":{\"@id\":\"https:\\\/\\\/eldigitaldeasturias.com\\\/radio\\\/david-kremer-mantiene-viva-la-produccion-tradicional-de-pigmentos-en-alemania\\\/#mainImage\"},\"datePublished\":\"2021-11-03T20:48:53+01:00\",\"dateModified\":\"2021-11-03T20:48:53+01:00\"},{\"@type\":\"WebSite\",\"@id\":\"https:\\\/\\\/eldigitaldeasturias.com\\\/radio\\\/#website\",\"url\":\"https:\\\/\\\/eldigitaldeasturias.com\\\/radio\\\/\",\"name\":\"El Digital de Asturias\",\"description\":\"Diario de informaci\\u00f3n y noticias\",\"inLanguage\":\"es-ES\",\"publisher\":{\"@id\":\"https:\\\/\\\/eldigitaldeasturias.com\\\/radio\\\/#organization\"}}]}\n\t\t<\/script>\n\t\t<!-- All in One SEO Pro -->\r\n\t\t<title>David Kremer mantiene viva la producci\u00f3n tradicional de pigmentos en Alemania | El Digital de Asturias<\/title>\n\n","aioseo_head_json":{"title":"David Kremer mantiene viva la producci\u00f3n tradicional de pigmentos en Alemania | El Digital de Asturias","description":"Ya sea en los bolardos de carreteras estadounidenses, en las canteras b\u00e1varas o en los huertos de cerezos junto al Lago de Constanza: David Kremer ..","canonical_url":"https:\/\/eldigitaldeasturias.com\/radio\/david-kremer-mantiene-viva-la-produccion-tradicional-de-pigmentos-en-alemania\/","robots":"max-image-preview:large","keywords":"reportajes","webmasterTools":{"google-site-verification":"UA-38556648-1","miscellaneous":""},"schema":{"@context":"https:\/\/schema.org","@graph":[{"@type":"BreadcrumbList","@id":"https:\/\/eldigitaldeasturias.com\/radio\/david-kremer-mantiene-viva-la-produccion-tradicional-de-pigmentos-en-alemania\/#breadcrumblist","itemListElement":[{"@type":"ListItem","@id":"https:\/\/eldigitaldeasturias.com\/radio#listItem","position":1,"name":"Inicio","item":"https:\/\/eldigitaldeasturias.com\/radio","nextItem":{"@type":"ListItem","@id":"https:\/\/eldigitaldeasturias.com\/radio\/category\/reportajes\/#listItem","name":"Reportajes"}},{"@type":"ListItem","@id":"https:\/\/eldigitaldeasturias.com\/radio\/category\/reportajes\/#listItem","position":2,"name":"Reportajes","item":"https:\/\/eldigitaldeasturias.com\/radio\/category\/reportajes\/","nextItem":{"@type":"ListItem","@id":"https:\/\/eldigitaldeasturias.com\/radio\/david-kremer-mantiene-viva-la-produccion-tradicional-de-pigmentos-en-alemania\/#listItem","name":"David Kremer mantiene viva la producci\u00f3n tradicional de pigmentos en Alemania"},"previousItem":{"@type":"ListItem","@id":"https:\/\/eldigitaldeasturias.com\/radio#listItem","name":"Inicio"}},{"@type":"ListItem","@id":"https:\/\/eldigitaldeasturias.com\/radio\/david-kremer-mantiene-viva-la-produccion-tradicional-de-pigmentos-en-alemania\/#listItem","position":3,"name":"David Kremer mantiene viva la producci\u00f3n tradicional de pigmentos en Alemania","previousItem":{"@type":"ListItem","@id":"https:\/\/eldigitaldeasturias.com\/radio\/category\/reportajes\/#listItem","name":"Reportajes"}}]},{"@type":"NewsArticle","@id":"https:\/\/eldigitaldeasturias.com\/radio\/david-kremer-mantiene-viva-la-produccion-tradicional-de-pigmentos-en-alemania\/#newsarticle","name":"David Kremer mantiene viva la producci\u00f3n tradicional de pigmentos en Alemania | El Digital de Asturias","headline":"David Kremer mantiene viva la producci\u00f3n tradicional de pigmentos en Alemania","author":{"@id":"https:\/\/eldigitaldeasturias.com\/radio\/author\/nbasturias\/#author"},"publisher":{"@id":"https:\/\/eldigitaldeasturias.com\/radio\/#organization"},"image":{"@type":"ImageObject","url":"https:\/\/eldigitaldeasturias.com\/radio\/wp-content\/uploads\/2021\/11\/David-Kremer.jpg","width":995,"height":665,"caption":"David Kremer, director de la empresa Kremer Pigmente, al frente de su molino de pigmentos con un balde con piedras de azurita, que se muelen para obtener diversas variantes del color azul. Foto: Felix K\u00e4stle\/dpa"},"datePublished":"2021-11-03T20:48:53+01:00","dateModified":"2021-11-03T20:48:53+01:00","inLanguage":"es-ES","mainEntityOfPage":{"@id":"https:\/\/eldigitaldeasturias.com\/radio\/david-kremer-mantiene-viva-la-produccion-tradicional-de-pigmentos-en-alemania\/#webpage"},"isPartOf":{"@id":"https:\/\/eldigitaldeasturias.com\/radio\/david-kremer-mantiene-viva-la-produccion-tradicional-de-pigmentos-en-alemania\/#webpage"},"articleSection":"Reportajes, Reportajes","dateline":"Publicado el noviembre 3, 2021."},{"@type":"Organization","@id":"https:\/\/eldigitaldeasturias.com\/radio\/#organization","name":"El digital de Asturias Radio","description":"Diario de informaci\u00f3n y noticias","url":"https:\/\/eldigitaldeasturias.com\/radio\/","telephone":"+34652131393","logo":{"@type":"ImageObject","url":"https:\/\/www.eldigitaldeasturias.com\/radio\/wp-content\/uploads\/2021\/03\/EDA.jpg","@id":"https:\/\/eldigitaldeasturias.com\/radio\/david-kremer-mantiene-viva-la-produccion-tradicional-de-pigmentos-en-alemania\/#organizationLogo"},"image":{"@id":"https:\/\/eldigitaldeasturias.com\/radio\/david-kremer-mantiene-viva-la-produccion-tradicional-de-pigmentos-en-alemania\/#organizationLogo"},"sameAs":["https:\/\/www.facebook.com\/","https:\/\/x.com\/bercodi","https:\/\/www.instagram.com\/","https:\/\/www.youtube.com\/channel\/UCZP-2wLEB9Rv6erhFmqVnvg"]},{"@type":"Person","@id":"https:\/\/eldigitaldeasturias.com\/radio\/author\/nbasturias\/#author","url":"https:\/\/eldigitaldeasturias.com\/radio\/author\/nbasturias\/","name":"NBAsturias","image":{"@type":"ImageObject","@id":"https:\/\/eldigitaldeasturias.com\/radio\/david-kremer-mantiene-viva-la-produccion-tradicional-de-pigmentos-en-alemania\/#authorImage","url":"https:\/\/secure.gravatar.com\/avatar\/df2aeffc32bcd13f8d26072ef8a91b623d677766deac7f97ca815868cd41bf5e?s=96&d=mm&r=g","width":96,"height":96,"caption":"NBAsturias"}},{"@type":"WebPage","@id":"https:\/\/eldigitaldeasturias.com\/radio\/david-kremer-mantiene-viva-la-produccion-tradicional-de-pigmentos-en-alemania\/#webpage","url":"https:\/\/eldigitaldeasturias.com\/radio\/david-kremer-mantiene-viva-la-produccion-tradicional-de-pigmentos-en-alemania\/","name":"David Kremer mantiene viva la producci\u00f3n tradicional de pigmentos en Alemania | El Digital de Asturias","description":"Ya sea en los bolardos de carreteras estadounidenses, en las canteras b\u00e1varas o en los huertos de cerezos junto al Lago de Constanza: David Kremer ..","inLanguage":"es-ES","isPartOf":{"@id":"https:\/\/eldigitaldeasturias.com\/radio\/#website"},"breadcrumb":{"@id":"https:\/\/eldigitaldeasturias.com\/radio\/david-kremer-mantiene-viva-la-produccion-tradicional-de-pigmentos-en-alemania\/#breadcrumblist"},"author":{"@id":"https:\/\/eldigitaldeasturias.com\/radio\/author\/nbasturias\/#author"},"creator":{"@id":"https:\/\/eldigitaldeasturias.com\/radio\/author\/nbasturias\/#author"},"image":{"@type":"ImageObject","url":"https:\/\/eldigitaldeasturias.com\/radio\/wp-content\/uploads\/2021\/11\/David-Kremer.jpg","@id":"https:\/\/eldigitaldeasturias.com\/radio\/david-kremer-mantiene-viva-la-produccion-tradicional-de-pigmentos-en-alemania\/#mainImage","width":995,"height":665,"caption":"David Kremer, director de la empresa Kremer Pigmente, al frente de su molino de pigmentos con un balde con piedras de azurita, que se muelen para obtener diversas variantes del color azul. Foto: Felix K\u00e4stle\/dpa"},"primaryImageOfPage":{"@id":"https:\/\/eldigitaldeasturias.com\/radio\/david-kremer-mantiene-viva-la-produccion-tradicional-de-pigmentos-en-alemania\/#mainImage"},"datePublished":"2021-11-03T20:48:53+01:00","dateModified":"2021-11-03T20:48:53+01:00"},{"@type":"WebSite","@id":"https:\/\/eldigitaldeasturias.com\/radio\/#website","url":"https:\/\/eldigitaldeasturias.com\/radio\/","name":"El Digital de Asturias","description":"Diario de informaci\u00f3n y noticias","inLanguage":"es-ES","publisher":{"@id":"https:\/\/eldigitaldeasturias.com\/radio\/#organization"}}]},"og:locale":"es_ES","og:site_name":"El Digital de Asturias | Diario de informaci\u00f3n y noticias","og:type":"article","og:title":"David Kremer mantiene viva la producci\u00f3n tradicional de pigmentos en Alemania | El Digital de Asturias","og:description":"Ya sea en los bolardos de carreteras estadounidenses, en las canteras b\u00e1varas o en los huertos de cerezos junto al Lago de Constanza: David Kremer ..","og:url":"https:\/\/eldigitaldeasturias.com\/radio\/david-kremer-mantiene-viva-la-produccion-tradicional-de-pigmentos-en-alemania\/","og:image":"https:\/\/eldigitaldeasturias.com\/radio\/wp-content\/uploads\/2021\/11\/David-Kremer.jpg","og:image:secure_url":"https:\/\/eldigitaldeasturias.com\/radio\/wp-content\/uploads\/2021\/11\/David-Kremer.jpg","og:image:width":995,"og:image:height":665,"article:published_time":"2021-11-03T20:48:53+00:00","article:modified_time":"2021-11-03T20:48:53+00:00","twitter:card":"summary_large_image","twitter:site":"@bercodi","twitter:title":"David Kremer mantiene viva la producci\u00f3n tradicional de pigmentos en Alemania | El Digital de Asturias","twitter:description":"Ya sea en los bolardos de carreteras estadounidenses, en las canteras b\u00e1varas o en los huertos de cerezos junto al Lago de Constanza: David Kremer ..","twitter:creator":"@bercodi","twitter:image":"https:\/\/eldigitaldeasturias.com\/radio\/wp-content\/uploads\/2021\/11\/David-Kremer.jpg"},"aioseo_meta_data":{"post_id":"6254","title":null,"description":"Ya sea en los bolardos de carreteras estadounidenses, en las canteras b\u00e1varas o en los huertos de cerezos junto al Lago de Constanza: David Kremer ..","keywords":[],"keyphrases":{"focus":{"keyphrase":"David Kremer","score":92,"analysis":{"keyphraseInTitle":{"title":"Focus Keyphrase in SEO title","description":"Focus Keyphrase found in SEO title.","score":9,"maxScore":9,"error":0},"keyphraseInDescription":{"title":"Focus keyphrase in meta description","description":"Focus keyphrase found in meta description.","score":9,"maxScore":9,"error":0},"keyphraseInURL":{"title":"Focus Keyphrase in URL","description":"Focus Keyphrase not found in the URL.","score":1,"maxScore":5,"error":1},"keyphraseLength":{"title":"Focus keyphrase length","description":"Good job!","score":9,"maxScore":9,"error":0,"length":2},"keyphraseInIntroduction":{"title":"Focus keyphrase in introduction","description":"Your Focus keyphrase appears in the first paragraph. Well done!","score":9,"maxScore":9,"error":0},"keyphraseInSubHeadings":[],"keyphraseInImageAlt":{"title":"Focus keyphrase in image alt attributes","description":"Focus keyphrase found in image alt attribute(s).","score":9,"maxScore":9,"error":0}}},"additional":[{"keyphrase":"Lago de Constanza","score":83,"analysis":{"keyphraseInDescription":{"title":"Keyphrase in meta description","description":"Keyphrase found in meta description.","score":9,"maxScore":9,"error":0},"keyphraseLength":{"title":"Keyphrase length","description":"Good job!","score":9,"maxScore":9,"error":0,"length":3},"keyphraseInIntroduction":{"title":"Keyphrase in introduction","description":"Your Keyphrase appears in the first paragraph. Well done!","score":9,"maxScore":9,"error":0},"keyphraseInImageAlt":{"title":"Keyphrase in image alt attributes","description":"Keyphrase not found in image alt attribute(s). Add an image with your Keyphrase as alt text.","score":3,"maxScore":9,"error":1}}},{"keyphrase":"huertos de cerezos","score":83,"analysis":{"keyphraseInDescription":{"title":"Keyphrase in meta description","description":"Keyphrase found in meta description.","score":9,"maxScore":9,"error":0},"keyphraseLength":{"title":"Keyphrase length","description":"Good job!","score":9,"maxScore":9,"error":0,"length":3},"keyphraseInIntroduction":{"title":"Keyphrase in introduction","description":"Your Keyphrase appears in the first paragraph. Well done!","score":9,"maxScore":9,"error":0},"keyphraseInImageAlt":{"title":"Keyphrase in image alt attributes","description":"Keyphrase not found in image alt attribute(s). Add an image with your Keyphrase as alt text.","score":3,"maxScore":9,"error":1}}}]},"primary_term":null,"canonical_url":null,"og_title":null,"og_description":null,"og_object_type":"default","og_image_type":"default","og_image_url":null,"og_image_width":null,"og_image_height":null,"og_image_custom_url":null,"og_image_custom_fields":null,"og_video":"","og_custom_url":null,"og_article_section":null,"og_article_tags":[],"twitter_use_og":false,"twitter_card":"default","twitter_image_type":"default","twitter_image_url":null,"twitter_image_custom_url":null,"twitter_image_custom_fields":null,"twitter_title":null,"twitter_description":null,"schema":{"blockGraphs":[],"customGraphs":[],"default":{"data":{"Article":[],"Course":[],"Dataset":[],"FAQPage":[],"Movie":[],"Person":[],"Product":[],"ProductReview":[],"Car":[],"Recipe":[],"Service":[],"SoftwareApplication":[],"WebPage":[]},"graphName":"","isEnabled":true},"graphs":[],"defaultGraph":"Article","defaultPostTypeGraph":""},"schema_type":"default","schema_type_options":"{\"article\":{\"articleType\":\"BlogPosting\"},\"course\":{\"name\":\"\",\"description\":\"\",\"provider\":\"\"},\"faq\":{\"pages\":[]},\"product\":{\"reviews\":[]},\"recipe\":{\"ingredients\":[],\"instructions\":[],\"keywords\":[]},\"software\":{\"reviews\":[],\"operatingSystems\":[]},\"webPage\":{\"webPageType\":\"WebPage\"}}","pillar_content":false,"robots_default":true,"robots_noindex":false,"robots_noarchive":false,"robots_nosnippet":false,"robots_nofollow":false,"robots_noimageindex":false,"robots_noodp":false,"robots_notranslate":false,"robots_max_snippet":"-1","robots_max_videopreview":"-1","robots_max_imagepreview":"large","priority":null,"frequency":"default","location":null,"local_seo":null,"seo_analyzer_scan_date":"2025-08-28 19:03:56","breadcrumb_settings":null,"limit_modified_date":false,"open_ai":null,"ai":null,"created":"2021-11-03 20:41:35","updated":"2025-08-28 19:03:56"},"aioseo_breadcrumb":"<div class=\"aioseo-breadcrumbs\"><span class=\"aioseo-breadcrumb\">\n\t<a href=\"https:\/\/eldigitaldeasturias.com\/radio\" title=\"Inicio\">Inicio<\/a>\n<\/span><span class=\"aioseo-breadcrumb-separator\">&ndash;<\/span><span class=\"aioseo-breadcrumb\">\n\t<a href=\"https:\/\/eldigitaldeasturias.com\/radio\/category\/reportajes\/\" title=\"Reportajes\">Reportajes<\/a>\n<\/span><span class=\"aioseo-breadcrumb-separator\">&ndash;<\/span><span class=\"aioseo-breadcrumb\">\n\tDavid Kremer mantiene viva la producci\u00f3n tradicional de pigmentos en Alemania\n<\/span><\/div>","aioseo_breadcrumb_json":[{"label":"Inicio","link":"https:\/\/eldigitaldeasturias.com\/radio"},{"label":"Reportajes","link":"https:\/\/eldigitaldeasturias.com\/radio\/category\/reportajes\/"},{"label":"David Kremer mantiene viva la producci\u00f3n tradicional de pigmentos en Alemania","link":"https:\/\/eldigitaldeasturias.com\/radio\/david-kremer-mantiene-viva-la-produccion-tradicional-de-pigmentos-en-alemania\/"}],"_links":{"self":[{"href":"https:\/\/eldigitaldeasturias.com\/radio\/wp-json\/wp\/v2\/posts\/6254","targetHints":{"allow":["GET"]}}],"collection":[{"href":"https:\/\/eldigitaldeasturias.com\/radio\/wp-json\/wp\/v2\/posts"}],"about":[{"href":"https:\/\/eldigitaldeasturias.com\/radio\/wp-json\/wp\/v2\/types\/post"}],"author":[{"embeddable":true,"href":"https:\/\/eldigitaldeasturias.com\/radio\/wp-json\/wp\/v2\/users\/1"}],"replies":[{"embeddable":true,"href":"https:\/\/eldigitaldeasturias.com\/radio\/wp-json\/wp\/v2\/comments?post=6254"}],"version-history":[{"count":0,"href":"https:\/\/eldigitaldeasturias.com\/radio\/wp-json\/wp\/v2\/posts\/6254\/revisions"}],"wp:featuredmedia":[{"embeddable":true,"href":"https:\/\/eldigitaldeasturias.com\/radio\/wp-json\/wp\/v2\/media\/6255"}],"wp:attachment":[{"href":"https:\/\/eldigitaldeasturias.com\/radio\/wp-json\/wp\/v2\/media?parent=6254"}],"wp:term":[{"taxonomy":"category","embeddable":true,"href":"https:\/\/eldigitaldeasturias.com\/radio\/wp-json\/wp\/v2\/categories?post=6254"},{"taxonomy":"post_tag","embeddable":true,"href":"https:\/\/eldigitaldeasturias.com\/radio\/wp-json\/wp\/v2\/tags?post=6254"}],"curies":[{"name":"wp","href":"https:\/\/api.w.org\/{rel}","templated":true}]}}