{"id":6174,"date":"2021-09-02T12:48:51","date_gmt":"2021-09-02T12:48:51","guid":{"rendered":"http:\/\/eldigitaldeasturias.com\/radio\/?p=6174"},"modified":"2021-09-02T12:48:51","modified_gmt":"2021-09-02T12:48:51","slug":"relevo-en-la-direccion-de-la-fundacion-bauhaus-dessau","status":"publish","type":"post","link":"https:\/\/eldigitaldeasturias.com\/radio\/relevo-en-la-direccion-de-la-fundacion-bauhaus-dessau\/","title":{"rendered":"Relevo en la direcci\u00f3n de la Fundaci\u00f3n Bauhaus Dessau"},"content":{"rendered":"<p>Dessau-Rosslau (Alemania), 1 sep (dpa) &#8211; La nueva directora de la Fundaci\u00f3n Bauhaus Dessau, la historiadora del arte Barbara Steiner, asumi\u00f3 su cargo hoy en reemplazo de Claudia Ferren, que dirigi\u00f3 la entidad durante unos seis a\u00f1os hasta julio de 2020.<\/p>\n<figure id=\"attachment_6175\" aria-describedby=\"caption-attachment-6175\" style=\"width: 645px\" class=\"wp-caption aligncenter\"><img fetchpriority=\"high\" decoding=\"async\" class=\"wp-image-6175\" src=\"https:\/\/eldigitaldeasturias.com\/radio\/wp-content\/uploads\/2021\/09\/Barbara-Steiner-360x234.jpg\" alt=\" Barbara Steiner\" width=\"645\" height=\"418\" srcset=\"https:\/\/eldigitaldeasturias.com\/radio\/wp-content\/uploads\/2021\/09\/Barbara-Steiner-360x234.jpg 360w, https:\/\/eldigitaldeasturias.com\/radio\/wp-content\/uploads\/2021\/09\/Barbara-Steiner-768x498.jpg 768w, https:\/\/eldigitaldeasturias.com\/radio\/wp-content\/uploads\/2021\/09\/Barbara-Steiner.jpg 1019w\" sizes=\"(max-width: 645px) 100vw, 645px\" \/><figcaption id=\"caption-attachment-6175\" class=\"wp-caption-text\">Foto: Hendrik Schmidt\/dpa-Zentralbild\/ZB<\/figcaption><\/figure>\n<p>\u00abDirigir la Fundaci\u00f3n Bauhaus Dessau es en la misma medida una alegr\u00eda y un desaf\u00edo\u00bb, dijo Steiner, oriunda de Austria, en su primera jornada.<\/p>\n<p>La nueva directora, nacida en 1964, fue seleccionada de entre 32 postulantes internacionales por el Consejo de la Fundaci\u00f3n.<\/p>\n<p>Steiner, que tambi\u00e9n asume en la junta directiva de la Fundaci\u00f3n, estudi\u00f3 historia del arte y ciencias pol\u00edticas en la Universidad de Viena.<\/p>\n<p>Hasta 2016, Steiner fue directora del museo Kunsthaus Graz en Austria. Previamente, durante dos a\u00f1os, trabaj\u00f3 en la Escuela Superior de Dise\u00f1o Gr\u00e1fico y Artes del Libro en Leipzig.<\/p>\n<p>Seg\u00fan la Fundaci\u00f3n, Steiner ya trabaja en sus primeros proyectos. Por ejemplo, buscar\u00e1 sumarse a la iniciativa Nueva Bauhaus Europea. En principio, seg\u00fan la entidad, se impulsar\u00e1n proyectos comunes con la Cooperaci\u00f3n Bauhaus Berl\u00edn Dessau Weimar as\u00ed como con la Escuela Superior de Anhalt y otras entidades del pa\u00eds.<\/p>\n<p>Por lo dem\u00e1s, asegur\u00f3 la fundaci\u00f3n, bajo su direcci\u00f3n, se ampliar\u00e1 el Museo Bauhaus de Dessau como lugar de \u00abeventos, arte y encuentro\u00bb. Una parte esencial de su trabajo ser\u00e1n adem\u00e1s los preparativos de los festejos del centenario de la Bauhaus en Dessau en 2025.<\/p>\n<p>En Weimar, el arquitecto Walter Gropius fund\u00f3 en 1919 la Escuela de la Bauhaus como Escuela Superior de Arquitectura y Dise\u00f1o. M\u00e1s adelante, la traslad\u00f3 a Dessau, donde vivi\u00f3 su \u00e9poca de gloria, antes de que se volviera a mudar y luego cerrara por presi\u00f3n de los nazis en Berl\u00edn en 1933.<\/p>\n<p>Diversas fundaciones investigan y preservan el legado de la Escuela de Arquitectura, Arte y Dise\u00f1o que sigue influyendo a nivel estil\u00edstico hasta el d\u00eda de hoy.<\/p>\n","protected":false},"excerpt":{"rendered":"<p>Dessau-Rosslau (Alemania), 1 sep (dpa) &#8211; La nueva directora de la Fundaci\u00f3n Bauhaus Dessau, la historiadora del arte Barbara Steiner, asumi\u00f3 su cargo hoy en reemplazo de Claudia Ferren, que dirigi\u00f3 la entidad durante unos seis a\u00f1os hasta julio de 2020. \u00abDirigir la Fundaci\u00f3n Bauhaus Dessau es en la misma medida una alegr\u00eda y un<\/p>\n","protected":false},"author":1,"featured_media":6175,"comment_status":"closed","ping_status":"closed","sticky":false,"template":"","format":"standard","meta":{"footnotes":""},"categories":[1],"tags":[79],"class_list":{"0":"post-6174","1":"post","2":"type-post","3":"status-publish","4":"format-standard","5":"has-post-thumbnail","7":"category-noticias","8":"tag-cultura"},"aioseo_notices":[],"aioseo_head":"\n\t\t<!-- All in One SEO Pro 4.9.6.2 - aioseo.com -->\n\t<meta name=\"description\" content=\"La nueva directora de la Fundaci\u00f3n Bauhaus Dessau, la historiadora del arte Barbara Steiner, asumi\u00f3 su cargo\" \/>\n\t<meta name=\"robots\" content=\"max-image-preview:large\" \/>\n\t<meta name=\"author\" content=\"NBAsturias\"\/>\n\t<meta name=\"google-site-verification\" content=\"UA-38556648-1\" \/>\n\t<meta name=\"keywords\" content=\"noticias\" \/>\n\t<link rel=\"canonical\" href=\"https:\/\/eldigitaldeasturias.com\/radio\/relevo-en-la-direccion-de-la-fundacion-bauhaus-dessau\/\" \/>\n\t<meta name=\"generator\" content=\"All in One SEO Pro (AIOSEO) 4.9.6.2\" \/>\n\t\t<meta property=\"og:locale\" content=\"es_ES\" \/>\n\t\t<meta property=\"og:site_name\" content=\"El Digital de Asturias | Diario de informaci\u00f3n y noticias\" \/>\n\t\t<meta property=\"og:type\" content=\"article\" \/>\n\t\t<meta property=\"og:title\" content=\"Relevo en la direcci\u00f3n de la Fundaci\u00f3n Bauhaus Dessau | El Digital de Asturias\" \/>\n\t\t<meta property=\"og:description\" content=\"La nueva directora de la Fundaci\u00f3n Bauhaus Dessau, la historiadora del arte Barbara Steiner, asumi\u00f3 su cargo\" \/>\n\t\t<meta property=\"og:url\" content=\"https:\/\/eldigitaldeasturias.com\/radio\/relevo-en-la-direccion-de-la-fundacion-bauhaus-dessau\/\" \/>\n\t\t<meta property=\"og:image\" content=\"https:\/\/eldigitaldeasturias.com\/radio\/wp-content\/uploads\/2021\/09\/Barbara-Steiner.jpg\" \/>\n\t\t<meta property=\"og:image:secure_url\" content=\"https:\/\/eldigitaldeasturias.com\/radio\/wp-content\/uploads\/2021\/09\/Barbara-Steiner.jpg\" \/>\n\t\t<meta property=\"og:image:width\" content=\"1019\" \/>\n\t\t<meta property=\"og:image:height\" content=\"661\" \/>\n\t\t<meta property=\"article:published_time\" content=\"2021-09-02T12:48:51+00:00\" \/>\n\t\t<meta property=\"article:modified_time\" content=\"2021-09-02T12:48:51+00:00\" \/>\n\t\t<meta name=\"twitter:card\" content=\"summary_large_image\" \/>\n\t\t<meta name=\"twitter:site\" content=\"@bercodi\" \/>\n\t\t<meta name=\"twitter:title\" content=\"Relevo en la direcci\u00f3n de la Fundaci\u00f3n Bauhaus Dessau | El Digital de Asturias\" \/>\n\t\t<meta name=\"twitter:description\" content=\"La nueva directora de la Fundaci\u00f3n Bauhaus Dessau, la historiadora del arte Barbara Steiner, asumi\u00f3 su cargo\" \/>\n\t\t<meta name=\"twitter:creator\" content=\"@bercodi\" \/>\n\t\t<meta name=\"twitter:image\" content=\"https:\/\/eldigitaldeasturias.com\/radio\/wp-content\/uploads\/2021\/09\/Barbara-Steiner.jpg\" \/>\n\t\t<script type=\"application\/ld+json\" class=\"aioseo-schema\">\n\t\t\t{\"@context\":\"https:\\\/\\\/schema.org\",\"@graph\":[{\"@type\":\"BreadcrumbList\",\"@id\":\"https:\\\/\\\/eldigitaldeasturias.com\\\/radio\\\/relevo-en-la-direccion-de-la-fundacion-bauhaus-dessau\\\/#breadcrumblist\",\"itemListElement\":[{\"@type\":\"ListItem\",\"@id\":\"https:\\\/\\\/eldigitaldeasturias.com\\\/radio#listItem\",\"position\":1,\"name\":\"Inicio\",\"item\":\"https:\\\/\\\/eldigitaldeasturias.com\\\/radio\",\"nextItem\":{\"@type\":\"ListItem\",\"@id\":\"https:\\\/\\\/eldigitaldeasturias.com\\\/radio\\\/category\\\/noticias\\\/#listItem\",\"name\":\"Noticias\"}},{\"@type\":\"ListItem\",\"@id\":\"https:\\\/\\\/eldigitaldeasturias.com\\\/radio\\\/category\\\/noticias\\\/#listItem\",\"position\":2,\"name\":\"Noticias\",\"item\":\"https:\\\/\\\/eldigitaldeasturias.com\\\/radio\\\/category\\\/noticias\\\/\",\"nextItem\":{\"@type\":\"ListItem\",\"@id\":\"https:\\\/\\\/eldigitaldeasturias.com\\\/radio\\\/relevo-en-la-direccion-de-la-fundacion-bauhaus-dessau\\\/#listItem\",\"name\":\"Relevo en la direcci\\u00f3n de la Fundaci\\u00f3n Bauhaus Dessau\"},\"previousItem\":{\"@type\":\"ListItem\",\"@id\":\"https:\\\/\\\/eldigitaldeasturias.com\\\/radio#listItem\",\"name\":\"Inicio\"}},{\"@type\":\"ListItem\",\"@id\":\"https:\\\/\\\/eldigitaldeasturias.com\\\/radio\\\/relevo-en-la-direccion-de-la-fundacion-bauhaus-dessau\\\/#listItem\",\"position\":3,\"name\":\"Relevo en la direcci\\u00f3n de la Fundaci\\u00f3n Bauhaus Dessau\",\"previousItem\":{\"@type\":\"ListItem\",\"@id\":\"https:\\\/\\\/eldigitaldeasturias.com\\\/radio\\\/category\\\/noticias\\\/#listItem\",\"name\":\"Noticias\"}}]},{\"@type\":\"NewsArticle\",\"@id\":\"https:\\\/\\\/eldigitaldeasturias.com\\\/radio\\\/relevo-en-la-direccion-de-la-fundacion-bauhaus-dessau\\\/#newsarticle\",\"name\":\"Relevo en la direcci\\u00f3n de la Fundaci\\u00f3n Bauhaus Dessau | El Digital de Asturias\",\"headline\":\"Relevo en la direcci\\u00f3n de la Fundaci\\u00f3n Bauhaus Dessau\",\"author\":{\"@id\":\"https:\\\/\\\/eldigitaldeasturias.com\\\/radio\\\/author\\\/nbasturias\\\/#author\"},\"publisher\":{\"@id\":\"https:\\\/\\\/eldigitaldeasturias.com\\\/radio\\\/#organization\"},\"image\":{\"@type\":\"ImageObject\",\"url\":\"https:\\\/\\\/eldigitaldeasturias.com\\\/radio\\\/wp-content\\\/uploads\\\/2021\\\/09\\\/Barbara-Steiner.jpg\",\"width\":1019,\"height\":661,\"caption\":\"Foto: Hendrik Schmidt\\\/dpa-Zentralbild\\\/ZB\"},\"datePublished\":\"2021-09-02T12:48:51+02:00\",\"dateModified\":\"2021-09-02T12:48:51+02:00\",\"inLanguage\":\"es-ES\",\"mainEntityOfPage\":{\"@id\":\"https:\\\/\\\/eldigitaldeasturias.com\\\/radio\\\/relevo-en-la-direccion-de-la-fundacion-bauhaus-dessau\\\/#webpage\"},\"isPartOf\":{\"@id\":\"https:\\\/\\\/eldigitaldeasturias.com\\\/radio\\\/relevo-en-la-direccion-de-la-fundacion-bauhaus-dessau\\\/#webpage\"},\"articleSection\":\"Noticias, cultura\",\"dateline\":\"Publicado el septiembre 2, 2021.\"},{\"@type\":\"Organization\",\"@id\":\"https:\\\/\\\/eldigitaldeasturias.com\\\/radio\\\/#organization\",\"name\":\"El digital de Asturias Radio\",\"description\":\"Diario de informaci\\u00f3n y noticias\",\"url\":\"https:\\\/\\\/eldigitaldeasturias.com\\\/radio\\\/\",\"telephone\":\"+34652131393\",\"logo\":{\"@type\":\"ImageObject\",\"url\":\"https:\\\/\\\/www.eldigitaldeasturias.com\\\/radio\\\/wp-content\\\/uploads\\\/2021\\\/03\\\/EDA.jpg\",\"@id\":\"https:\\\/\\\/eldigitaldeasturias.com\\\/radio\\\/relevo-en-la-direccion-de-la-fundacion-bauhaus-dessau\\\/#organizationLogo\"},\"image\":{\"@id\":\"https:\\\/\\\/eldigitaldeasturias.com\\\/radio\\\/relevo-en-la-direccion-de-la-fundacion-bauhaus-dessau\\\/#organizationLogo\"},\"sameAs\":[\"https:\\\/\\\/www.facebook.com\\\/\",\"https:\\\/\\\/x.com\\\/bercodi\",\"https:\\\/\\\/www.instagram.com\\\/\",\"https:\\\/\\\/www.youtube.com\\\/channel\\\/UCZP-2wLEB9Rv6erhFmqVnvg\"]},{\"@type\":\"Person\",\"@id\":\"https:\\\/\\\/eldigitaldeasturias.com\\\/radio\\\/author\\\/nbasturias\\\/#author\",\"url\":\"https:\\\/\\\/eldigitaldeasturias.com\\\/radio\\\/author\\\/nbasturias\\\/\",\"name\":\"NBAsturias\",\"image\":{\"@type\":\"ImageObject\",\"@id\":\"https:\\\/\\\/eldigitaldeasturias.com\\\/radio\\\/relevo-en-la-direccion-de-la-fundacion-bauhaus-dessau\\\/#authorImage\",\"url\":\"https:\\\/\\\/secure.gravatar.com\\\/avatar\\\/df2aeffc32bcd13f8d26072ef8a91b623d677766deac7f97ca815868cd41bf5e?s=96&d=mm&r=g\",\"width\":96,\"height\":96,\"caption\":\"NBAsturias\"}},{\"@type\":\"WebPage\",\"@id\":\"https:\\\/\\\/eldigitaldeasturias.com\\\/radio\\\/relevo-en-la-direccion-de-la-fundacion-bauhaus-dessau\\\/#webpage\",\"url\":\"https:\\\/\\\/eldigitaldeasturias.com\\\/radio\\\/relevo-en-la-direccion-de-la-fundacion-bauhaus-dessau\\\/\",\"name\":\"Relevo en la direcci\\u00f3n de la Fundaci\\u00f3n Bauhaus Dessau | El Digital de Asturias\",\"description\":\"La nueva directora de la Fundaci\\u00f3n Bauhaus Dessau, la historiadora del arte Barbara Steiner, asumi\\u00f3 su cargo\",\"inLanguage\":\"es-ES\",\"isPartOf\":{\"@id\":\"https:\\\/\\\/eldigitaldeasturias.com\\\/radio\\\/#website\"},\"breadcrumb\":{\"@id\":\"https:\\\/\\\/eldigitaldeasturias.com\\\/radio\\\/relevo-en-la-direccion-de-la-fundacion-bauhaus-dessau\\\/#breadcrumblist\"},\"author\":{\"@id\":\"https:\\\/\\\/eldigitaldeasturias.com\\\/radio\\\/author\\\/nbasturias\\\/#author\"},\"creator\":{\"@id\":\"https:\\\/\\\/eldigitaldeasturias.com\\\/radio\\\/author\\\/nbasturias\\\/#author\"},\"image\":{\"@type\":\"ImageObject\",\"url\":\"https:\\\/\\\/eldigitaldeasturias.com\\\/radio\\\/wp-content\\\/uploads\\\/2021\\\/09\\\/Barbara-Steiner.jpg\",\"@id\":\"https:\\\/\\\/eldigitaldeasturias.com\\\/radio\\\/relevo-en-la-direccion-de-la-fundacion-bauhaus-dessau\\\/#mainImage\",\"width\":1019,\"height\":661,\"caption\":\"Foto: Hendrik Schmidt\\\/dpa-Zentralbild\\\/ZB\"},\"primaryImageOfPage\":{\"@id\":\"https:\\\/\\\/eldigitaldeasturias.com\\\/radio\\\/relevo-en-la-direccion-de-la-fundacion-bauhaus-dessau\\\/#mainImage\"},\"datePublished\":\"2021-09-02T12:48:51+02:00\",\"dateModified\":\"2021-09-02T12:48:51+02:00\"},{\"@type\":\"WebSite\",\"@id\":\"https:\\\/\\\/eldigitaldeasturias.com\\\/radio\\\/#website\",\"url\":\"https:\\\/\\\/eldigitaldeasturias.com\\\/radio\\\/\",\"name\":\"El Digital de Asturias\",\"description\":\"Diario de informaci\\u00f3n y noticias\",\"inLanguage\":\"es-ES\",\"publisher\":{\"@id\":\"https:\\\/\\\/eldigitaldeasturias.com\\\/radio\\\/#organization\"}}]}\n\t\t<\/script>\n\t\t<!-- All in One SEO Pro -->\r\n\t\t<title>Relevo en la direcci\u00f3n de la Fundaci\u00f3n Bauhaus Dessau | El Digital de Asturias<\/title>\n\n","aioseo_head_json":{"title":"Relevo en la direcci\u00f3n de la Fundaci\u00f3n Bauhaus Dessau | El Digital de Asturias","description":"La nueva directora de la Fundaci\u00f3n Bauhaus Dessau, la historiadora del arte Barbara Steiner, asumi\u00f3 su cargo","canonical_url":"https:\/\/eldigitaldeasturias.com\/radio\/relevo-en-la-direccion-de-la-fundacion-bauhaus-dessau\/","robots":"max-image-preview:large","keywords":"noticias","webmasterTools":{"google-site-verification":"UA-38556648-1","miscellaneous":""},"schema":{"@context":"https:\/\/schema.org","@graph":[{"@type":"BreadcrumbList","@id":"https:\/\/eldigitaldeasturias.com\/radio\/relevo-en-la-direccion-de-la-fundacion-bauhaus-dessau\/#breadcrumblist","itemListElement":[{"@type":"ListItem","@id":"https:\/\/eldigitaldeasturias.com\/radio#listItem","position":1,"name":"Inicio","item":"https:\/\/eldigitaldeasturias.com\/radio","nextItem":{"@type":"ListItem","@id":"https:\/\/eldigitaldeasturias.com\/radio\/category\/noticias\/#listItem","name":"Noticias"}},{"@type":"ListItem","@id":"https:\/\/eldigitaldeasturias.com\/radio\/category\/noticias\/#listItem","position":2,"name":"Noticias","item":"https:\/\/eldigitaldeasturias.com\/radio\/category\/noticias\/","nextItem":{"@type":"ListItem","@id":"https:\/\/eldigitaldeasturias.com\/radio\/relevo-en-la-direccion-de-la-fundacion-bauhaus-dessau\/#listItem","name":"Relevo en la direcci\u00f3n de la Fundaci\u00f3n Bauhaus Dessau"},"previousItem":{"@type":"ListItem","@id":"https:\/\/eldigitaldeasturias.com\/radio#listItem","name":"Inicio"}},{"@type":"ListItem","@id":"https:\/\/eldigitaldeasturias.com\/radio\/relevo-en-la-direccion-de-la-fundacion-bauhaus-dessau\/#listItem","position":3,"name":"Relevo en la direcci\u00f3n de la Fundaci\u00f3n Bauhaus Dessau","previousItem":{"@type":"ListItem","@id":"https:\/\/eldigitaldeasturias.com\/radio\/category\/noticias\/#listItem","name":"Noticias"}}]},{"@type":"NewsArticle","@id":"https:\/\/eldigitaldeasturias.com\/radio\/relevo-en-la-direccion-de-la-fundacion-bauhaus-dessau\/#newsarticle","name":"Relevo en la direcci\u00f3n de la Fundaci\u00f3n Bauhaus Dessau | El Digital de Asturias","headline":"Relevo en la direcci\u00f3n de la Fundaci\u00f3n Bauhaus Dessau","author":{"@id":"https:\/\/eldigitaldeasturias.com\/radio\/author\/nbasturias\/#author"},"publisher":{"@id":"https:\/\/eldigitaldeasturias.com\/radio\/#organization"},"image":{"@type":"ImageObject","url":"https:\/\/eldigitaldeasturias.com\/radio\/wp-content\/uploads\/2021\/09\/Barbara-Steiner.jpg","width":1019,"height":661,"caption":"Foto: Hendrik Schmidt\/dpa-Zentralbild\/ZB"},"datePublished":"2021-09-02T12:48:51+02:00","dateModified":"2021-09-02T12:48:51+02:00","inLanguage":"es-ES","mainEntityOfPage":{"@id":"https:\/\/eldigitaldeasturias.com\/radio\/relevo-en-la-direccion-de-la-fundacion-bauhaus-dessau\/#webpage"},"isPartOf":{"@id":"https:\/\/eldigitaldeasturias.com\/radio\/relevo-en-la-direccion-de-la-fundacion-bauhaus-dessau\/#webpage"},"articleSection":"Noticias, cultura","dateline":"Publicado el septiembre 2, 2021."},{"@type":"Organization","@id":"https:\/\/eldigitaldeasturias.com\/radio\/#organization","name":"El digital de Asturias Radio","description":"Diario de informaci\u00f3n y noticias","url":"https:\/\/eldigitaldeasturias.com\/radio\/","telephone":"+34652131393","logo":{"@type":"ImageObject","url":"https:\/\/www.eldigitaldeasturias.com\/radio\/wp-content\/uploads\/2021\/03\/EDA.jpg","@id":"https:\/\/eldigitaldeasturias.com\/radio\/relevo-en-la-direccion-de-la-fundacion-bauhaus-dessau\/#organizationLogo"},"image":{"@id":"https:\/\/eldigitaldeasturias.com\/radio\/relevo-en-la-direccion-de-la-fundacion-bauhaus-dessau\/#organizationLogo"},"sameAs":["https:\/\/www.facebook.com\/","https:\/\/x.com\/bercodi","https:\/\/www.instagram.com\/","https:\/\/www.youtube.com\/channel\/UCZP-2wLEB9Rv6erhFmqVnvg"]},{"@type":"Person","@id":"https:\/\/eldigitaldeasturias.com\/radio\/author\/nbasturias\/#author","url":"https:\/\/eldigitaldeasturias.com\/radio\/author\/nbasturias\/","name":"NBAsturias","image":{"@type":"ImageObject","@id":"https:\/\/eldigitaldeasturias.com\/radio\/relevo-en-la-direccion-de-la-fundacion-bauhaus-dessau\/#authorImage","url":"https:\/\/secure.gravatar.com\/avatar\/df2aeffc32bcd13f8d26072ef8a91b623d677766deac7f97ca815868cd41bf5e?s=96&d=mm&r=g","width":96,"height":96,"caption":"NBAsturias"}},{"@type":"WebPage","@id":"https:\/\/eldigitaldeasturias.com\/radio\/relevo-en-la-direccion-de-la-fundacion-bauhaus-dessau\/#webpage","url":"https:\/\/eldigitaldeasturias.com\/radio\/relevo-en-la-direccion-de-la-fundacion-bauhaus-dessau\/","name":"Relevo en la direcci\u00f3n de la Fundaci\u00f3n Bauhaus Dessau | El Digital de Asturias","description":"La nueva directora de la Fundaci\u00f3n Bauhaus Dessau, la historiadora del arte Barbara Steiner, asumi\u00f3 su cargo","inLanguage":"es-ES","isPartOf":{"@id":"https:\/\/eldigitaldeasturias.com\/radio\/#website"},"breadcrumb":{"@id":"https:\/\/eldigitaldeasturias.com\/radio\/relevo-en-la-direccion-de-la-fundacion-bauhaus-dessau\/#breadcrumblist"},"author":{"@id":"https:\/\/eldigitaldeasturias.com\/radio\/author\/nbasturias\/#author"},"creator":{"@id":"https:\/\/eldigitaldeasturias.com\/radio\/author\/nbasturias\/#author"},"image":{"@type":"ImageObject","url":"https:\/\/eldigitaldeasturias.com\/radio\/wp-content\/uploads\/2021\/09\/Barbara-Steiner.jpg","@id":"https:\/\/eldigitaldeasturias.com\/radio\/relevo-en-la-direccion-de-la-fundacion-bauhaus-dessau\/#mainImage","width":1019,"height":661,"caption":"Foto: Hendrik Schmidt\/dpa-Zentralbild\/ZB"},"primaryImageOfPage":{"@id":"https:\/\/eldigitaldeasturias.com\/radio\/relevo-en-la-direccion-de-la-fundacion-bauhaus-dessau\/#mainImage"},"datePublished":"2021-09-02T12:48:51+02:00","dateModified":"2021-09-02T12:48:51+02:00"},{"@type":"WebSite","@id":"https:\/\/eldigitaldeasturias.com\/radio\/#website","url":"https:\/\/eldigitaldeasturias.com\/radio\/","name":"El Digital de Asturias","description":"Diario de informaci\u00f3n y noticias","inLanguage":"es-ES","publisher":{"@id":"https:\/\/eldigitaldeasturias.com\/radio\/#organization"}}]},"og:locale":"es_ES","og:site_name":"El Digital de Asturias | Diario de informaci\u00f3n y noticias","og:type":"article","og:title":"Relevo en la direcci\u00f3n de la Fundaci\u00f3n Bauhaus Dessau | El Digital de Asturias","og:description":"La nueva directora de la Fundaci\u00f3n Bauhaus Dessau, la historiadora del arte Barbara Steiner, asumi\u00f3 su cargo","og:url":"https:\/\/eldigitaldeasturias.com\/radio\/relevo-en-la-direccion-de-la-fundacion-bauhaus-dessau\/","og:image":"https:\/\/eldigitaldeasturias.com\/radio\/wp-content\/uploads\/2021\/09\/Barbara-Steiner.jpg","og:image:secure_url":"https:\/\/eldigitaldeasturias.com\/radio\/wp-content\/uploads\/2021\/09\/Barbara-Steiner.jpg","og:image:width":1019,"og:image:height":661,"article:published_time":"2021-09-02T12:48:51+00:00","article:modified_time":"2021-09-02T12:48:51+00:00","twitter:card":"summary_large_image","twitter:site":"@bercodi","twitter:title":"Relevo en la direcci\u00f3n de la Fundaci\u00f3n Bauhaus Dessau | El Digital de Asturias","twitter:description":"La nueva directora de la Fundaci\u00f3n Bauhaus Dessau, la historiadora del arte Barbara Steiner, asumi\u00f3 su cargo","twitter:creator":"@bercodi","twitter:image":"https:\/\/eldigitaldeasturias.com\/radio\/wp-content\/uploads\/2021\/09\/Barbara-Steiner.jpg"},"aioseo_meta_data":{"post_id":"6174","title":null,"description":"La nueva directora de la Fundaci\u00f3n Bauhaus Dessau, la historiadora del arte Barbara Steiner, asumi\u00f3 su cargo","keywords":[],"keyphrases":{"focus":{"keyphrase":"Barbara Steiner","score":80,"analysis":{"keyphraseInTitle":{"title":"Frase clave objetivo en el t\u00edtulo SEO","description":"Frase clave objetivo no se encuentra en el t\u00edtulo SEO.","score":3,"maxScore":9,"error":1},"keyphraseInDescription":{"title":"Frase clave objetivo en la meta descripci\u00f3n","description":"Frase clave objetivo encontrada en la meta descripci\u00f3n.","score":9,"maxScore":9,"error":0},"keyphraseInURL":{"title":"Frase clave objetivo en la URL","description":"Frase clave objetivo no encontrada en la URL.","score":1,"maxScore":5,"error":1},"keyphraseLength":{"title":"Longitud de la Frase clave objetivo","description":"\u00a1Buen trabajo!","score":9,"maxScore":9,"error":0,"length":2},"keyphraseInIntroduction":{"title":"Frase clave objetivo en la introducci\u00f3n","description":"Su Frase clave objetivo aparece en el primer p\u00e1rrafo. \u00a1Bien hecho!","score":9,"maxScore":9,"error":0},"keyphraseInSubHeadings":[],"keyphraseInImageAlt":{"title":"Frase clave objetivo en los atributos alt de la imagen.","description":"Frase clave objetivo encontrada en los atributos alt de la(s) imagen(es).","score":9,"maxScore":9,"error":0}}},"additional":[{"keyphrase":" Fundaci\u00f3n Bauhaus Dessau","score":100,"analysis":{"keyphraseInDescription":{"title":"Frase clave en la meta descripci\u00f3n","description":"Frase clave encontrada en la meta descripci\u00f3n.","score":9,"maxScore":9,"error":0},"keyphraseLength":{"title":"Longitud de la Frase clave","description":"\u00a1Buen trabajo!","score":9,"maxScore":9,"error":0,"length":3},"keyphraseInIntroduction":{"title":"Frase clave en la introducci\u00f3n","description":"Su Frase clave aparece en el primer p\u00e1rrafo. \u00a1Bien hecho!","score":9,"maxScore":9,"error":0},"keyphraseInImageAlt":{"title":"Frase clave en los atributos alt de la imagen.","description":"Frase clave encontrada en los atributos alt de la(s) imagen(es).","score":9,"maxScore":9,"error":0}}},{"keyphrase":"nueva directora","score":83,"analysis":{"keyphraseInDescription":{"title":"Frase clave en la meta descripci\u00f3n","description":"Frase clave encontrada en la meta descripci\u00f3n.","score":9,"maxScore":9,"error":0},"keyphraseLength":{"title":"Longitud de la Frase clave","description":"\u00a1Buen trabajo!","score":9,"maxScore":9,"error":0,"length":2},"keyphraseInIntroduction":{"title":"Frase clave en la introducci\u00f3n","description":"Su Frase clave aparece en el primer p\u00e1rrafo. \u00a1Bien hecho!","score":9,"maxScore":9,"error":0},"keyphraseInImageAlt":{"title":"Frase clave en los atributos alt de la imagen.","description":"Frase clave no se encuentra en los atributos alt de la imagen. A\u00f1ada una imagen con su Frase clave como texto alternativo.","score":3,"maxScore":9,"error":1}}}]},"primary_term":null,"canonical_url":null,"og_title":null,"og_description":null,"og_object_type":"default","og_image_type":"default","og_image_url":null,"og_image_width":null,"og_image_height":null,"og_image_custom_url":null,"og_image_custom_fields":null,"og_video":"","og_custom_url":null,"og_article_section":null,"og_article_tags":[],"twitter_use_og":false,"twitter_card":"default","twitter_image_type":"default","twitter_image_url":null,"twitter_image_custom_url":null,"twitter_image_custom_fields":null,"twitter_title":null,"twitter_description":null,"schema":{"blockGraphs":[],"customGraphs":[],"default":{"data":{"Article":[],"Course":[],"Dataset":[],"FAQPage":[],"Movie":[],"Person":[],"Product":[],"ProductReview":[],"Car":[],"Recipe":[],"Service":[],"SoftwareApplication":[],"WebPage":[]},"graphName":"","isEnabled":true},"graphs":[],"defaultGraph":"Article","defaultPostTypeGraph":""},"schema_type":"default","schema_type_options":"{\"article\":{\"articleType\":\"BlogPosting\"},\"course\":{\"name\":\"\",\"description\":\"\",\"provider\":\"\"},\"faq\":{\"pages\":[]},\"product\":{\"reviews\":[]},\"recipe\":{\"ingredients\":[],\"instructions\":[],\"keywords\":[]},\"software\":{\"reviews\":[],\"operatingSystems\":[]},\"webPage\":{\"webPageType\":\"WebPage\"}}","pillar_content":false,"robots_default":true,"robots_noindex":false,"robots_noarchive":false,"robots_nosnippet":false,"robots_nofollow":false,"robots_noimageindex":false,"robots_noodp":false,"robots_notranslate":false,"robots_max_snippet":"-1","robots_max_videopreview":"-1","robots_max_imagepreview":"large","priority":null,"frequency":"default","location":null,"local_seo":{"locations":{"business":{"name":"","businessType":"","image":"","areaServed":"","urls":{"website":"","aboutPage":"","contactPage":""},"address":{"streetLine1":"","streetLine2":"","zipCode":"","city":"","state":"","country":"","addressFormat":"#streetLineOne\n#streetLineTwo\n#city, #state #zipCode"},"contact":{"email":"","phone":"","phoneFormatted":"","fax":"","faxFormatted":""},"ids":{"vat":"","tax":"","chamberOfCommerce":""},"payment":{"priceRange":"","currenciesAccepted":"","methods":""}}},"openingHours":{"useDefaults":true,"show":true,"alwaysOpen":false,"use24hFormat":false,"timezone":"","labels":{"closed":"","alwaysOpen":""},"days":{"monday":{"open24h":false,"closed":false,"openTime":"09:00","closeTime":"17:00"},"tuesday":{"open24h":false,"closed":false,"openTime":"09:00","closeTime":"17:00"},"wednesday":{"open24h":false,"closed":false,"openTime":"09:00","closeTime":"17:00"},"thursday":{"open24h":false,"closed":false,"openTime":"09:00","closeTime":"17:00"},"friday":{"open24h":false,"closed":false,"openTime":"09:00","closeTime":"17:00"},"saturday":{"open24h":false,"closed":false,"openTime":"09:00","closeTime":"17:00"},"sunday":{"open24h":false,"closed":false,"openTime":"09:00","closeTime":"17:00"}}}},"seo_analyzer_scan_date":"2025-08-28 19:01:08","breadcrumb_settings":null,"limit_modified_date":false,"open_ai":null,"ai":null,"created":"2021-09-02 12:45:08","updated":"2025-08-28 19:01:08"},"aioseo_breadcrumb":"<div class=\"aioseo-breadcrumbs\"><span class=\"aioseo-breadcrumb\">\n\t<a href=\"https:\/\/eldigitaldeasturias.com\/radio\" title=\"Inicio\">Inicio<\/a>\n<\/span><span class=\"aioseo-breadcrumb-separator\">&ndash;<\/span><span class=\"aioseo-breadcrumb\">\n\t<a href=\"https:\/\/eldigitaldeasturias.com\/radio\/category\/noticias\/\" title=\"Noticias\">Noticias<\/a>\n<\/span><span class=\"aioseo-breadcrumb-separator\">&ndash;<\/span><span class=\"aioseo-breadcrumb\">\n\tRelevo en la direcci\u00f3n de la Fundaci\u00f3n Bauhaus Dessau\n<\/span><\/div>","aioseo_breadcrumb_json":[{"label":"Inicio","link":"https:\/\/eldigitaldeasturias.com\/radio"},{"label":"Noticias","link":"https:\/\/eldigitaldeasturias.com\/radio\/category\/noticias\/"},{"label":"Relevo en la direcci\u00f3n de la Fundaci\u00f3n Bauhaus Dessau","link":"https:\/\/eldigitaldeasturias.com\/radio\/relevo-en-la-direccion-de-la-fundacion-bauhaus-dessau\/"}],"_links":{"self":[{"href":"https:\/\/eldigitaldeasturias.com\/radio\/wp-json\/wp\/v2\/posts\/6174","targetHints":{"allow":["GET"]}}],"collection":[{"href":"https:\/\/eldigitaldeasturias.com\/radio\/wp-json\/wp\/v2\/posts"}],"about":[{"href":"https:\/\/eldigitaldeasturias.com\/radio\/wp-json\/wp\/v2\/types\/post"}],"author":[{"embeddable":true,"href":"https:\/\/eldigitaldeasturias.com\/radio\/wp-json\/wp\/v2\/users\/1"}],"replies":[{"embeddable":true,"href":"https:\/\/eldigitaldeasturias.com\/radio\/wp-json\/wp\/v2\/comments?post=6174"}],"version-history":[{"count":0,"href":"https:\/\/eldigitaldeasturias.com\/radio\/wp-json\/wp\/v2\/posts\/6174\/revisions"}],"wp:featuredmedia":[{"embeddable":true,"href":"https:\/\/eldigitaldeasturias.com\/radio\/wp-json\/wp\/v2\/media\/6175"}],"wp:attachment":[{"href":"https:\/\/eldigitaldeasturias.com\/radio\/wp-json\/wp\/v2\/media?parent=6174"}],"wp:term":[{"taxonomy":"category","embeddable":true,"href":"https:\/\/eldigitaldeasturias.com\/radio\/wp-json\/wp\/v2\/categories?post=6174"},{"taxonomy":"post_tag","embeddable":true,"href":"https:\/\/eldigitaldeasturias.com\/radio\/wp-json\/wp\/v2\/tags?post=6174"}],"curies":[{"name":"wp","href":"https:\/\/api.w.org\/{rel}","templated":true}]}}