{"id":6071,"date":"2021-07-30T18:14:45","date_gmt":"2021-07-30T18:14:45","guid":{"rendered":"http:\/\/eldigitaldeasturias.com\/radio\/?p=6071"},"modified":"2021-07-30T18:14:45","modified_gmt":"2021-07-30T18:14:45","slug":"cincuenta-y-cuatro-partidos-pueden-presentarse-en-elecciones-alemanas","status":"publish","type":"post","link":"https:\/\/eldigitaldeasturias.com\/radio\/cincuenta-y-cuatro-partidos-pueden-presentarse-en-elecciones-alemanas\/","title":{"rendered":"Cincuenta y cuatro partidos pueden presentarse en elecciones alemanas"},"content":{"rendered":"<p><img fetchpriority=\"high\" decoding=\"async\" class=\"alignleft size-medium wp-image-408\" src=\"https:\/\/eldigitaldeasturias.com\/radio\/wp-content\/uploads\/2018\/03\/bundestag-2463231_1280-360x240.jpg\" alt=\"\" width=\"360\" height=\"240\" srcset=\"https:\/\/eldigitaldeasturias.com\/radio\/wp-content\/uploads\/2018\/03\/bundestag-2463231_1280-360x240.jpg 360w, https:\/\/eldigitaldeasturias.com\/radio\/wp-content\/uploads\/2018\/03\/bundestag-2463231_1280-1024x682.jpg 1024w, https:\/\/eldigitaldeasturias.com\/radio\/wp-content\/uploads\/2018\/03\/bundestag-2463231_1280-768x512.jpg 768w, https:\/\/eldigitaldeasturias.com\/radio\/wp-content\/uploads\/2018\/03\/bundestag-2463231_1280.jpg 1280w\" sizes=\"(max-width: 360px) 100vw, 360px\" \/>Wiesbaden, 30 jul (dpa) &#8211; Cincuenta y cuatro partidos pueden participar en las elecciones parlamentarias alemanas del 26 de septiembre, comunic\u00f3 hoy el presidente de la Comisi\u00f3n Federal Electoral, Georg Thiel.<\/p>\n<p>El anuncio se produce despu\u00e9s de que el Tribunal Consticional alem\u00e1n admitiera la inclusi\u00f3n del Partico Comunista Alem\u00e1n (DKP) tras presentar una demanda.<\/p>\n<p>Previamente, hab\u00edan sido autorizados 53 partidos. Diecinueve presentaron un recurso ante el Tribunal pero no fueron reconocidos.<\/p>\n<p>Actualmente hay seis agrupaciones pol\u00edticas representadas en el Bundestag, la c\u00e1mara baja del Parlamento alem\u00e1n: la Uni\u00f3n Dem\u00f3crata Cristiana (CDU) de la canciller Angela Merkel en alianza con su socio b\u00e1varo, la Uni\u00f3n Social Cristiana (CSU), el Partido Socialdem\u00f3crata (SPD), los ultraderechistas de Alternativa por Alemania (AfD), el Partido Liberal (FDP) as\u00ed como La Izquierda y Los Verdes.<\/p>\n<p>Los partidos deben llegar hasta el 5 por ciento de los votos a nivel nacional para ingresar al Bundestag, algo que los partidos minoritarios tienen pocas posibilidades de lograr.<\/p>\n","protected":false},"excerpt":{"rendered":"<p>Wiesbaden, 30 jul (dpa) &#8211; Cincuenta y cuatro partidos pueden participar en las elecciones parlamentarias alemanas del 26 de septiembre, comunic\u00f3 hoy el presidente de la Comisi\u00f3n Federal Electoral, Georg Thiel. El anuncio se produce despu\u00e9s de que el Tribunal Consticional alem\u00e1n admitiera la inclusi\u00f3n del Partico Comunista Alem\u00e1n (DKP) tras presentar una demanda. Previamente,<\/p>\n","protected":false},"author":1,"featured_media":408,"comment_status":"closed","ping_status":"closed","sticky":false,"template":"","format":"standard","meta":{"footnotes":""},"categories":[1],"tags":[],"class_list":{"0":"post-6071","1":"post","2":"type-post","3":"status-publish","4":"format-standard","5":"has-post-thumbnail","7":"category-noticias"},"aioseo_notices":[],"aioseo_head":"\n\t\t<!-- All in One SEO Pro 4.9.6.2 - aioseo.com -->\n\t<meta name=\"description\" content=\"Cincuenta y cuatro partidos pueden participar en las elecciones parlamentarias alemanas del 26 de septiembre\" \/>\n\t<meta name=\"robots\" content=\"max-image-preview:large\" \/>\n\t<meta name=\"author\" content=\"NBAsturias\"\/>\n\t<meta name=\"google-site-verification\" content=\"UA-38556648-1\" \/>\n\t<meta name=\"keywords\" content=\"noticias\" \/>\n\t<link rel=\"canonical\" href=\"https:\/\/eldigitaldeasturias.com\/radio\/cincuenta-y-cuatro-partidos-pueden-presentarse-en-elecciones-alemanas\/\" \/>\n\t<meta name=\"generator\" content=\"All in One SEO Pro (AIOSEO) 4.9.6.2\" \/>\n\t\t<meta property=\"og:locale\" content=\"es_ES\" \/>\n\t\t<meta property=\"og:site_name\" content=\"El Digital de Asturias | Diario de informaci\u00f3n y noticias\" \/>\n\t\t<meta property=\"og:type\" content=\"article\" \/>\n\t\t<meta property=\"og:title\" content=\"Cincuenta y cuatro partidos pueden presentarse en elecciones alemanas | El Digital de Asturias\" \/>\n\t\t<meta property=\"og:description\" content=\"Cincuenta y cuatro partidos pueden participar en las elecciones parlamentarias alemanas del 26 de septiembre\" \/>\n\t\t<meta property=\"og:url\" content=\"https:\/\/eldigitaldeasturias.com\/radio\/cincuenta-y-cuatro-partidos-pueden-presentarse-en-elecciones-alemanas\/\" \/>\n\t\t<meta property=\"og:image\" content=\"https:\/\/eldigitaldeasturias.com\/radio\/wp-content\/uploads\/2018\/03\/bundestag-2463231_1280.jpg\" \/>\n\t\t<meta property=\"og:image:secure_url\" content=\"https:\/\/eldigitaldeasturias.com\/radio\/wp-content\/uploads\/2018\/03\/bundestag-2463231_1280.jpg\" \/>\n\t\t<meta property=\"og:image:width\" content=\"1280\" \/>\n\t\t<meta property=\"og:image:height\" content=\"853\" \/>\n\t\t<meta property=\"article:published_time\" content=\"2021-07-30T18:14:45+00:00\" \/>\n\t\t<meta property=\"article:modified_time\" content=\"2021-07-30T18:14:45+00:00\" \/>\n\t\t<meta name=\"twitter:card\" content=\"summary_large_image\" \/>\n\t\t<meta name=\"twitter:site\" content=\"@bercodi\" \/>\n\t\t<meta name=\"twitter:title\" content=\"Cincuenta y cuatro partidos pueden presentarse en elecciones alemanas | El Digital de Asturias\" \/>\n\t\t<meta name=\"twitter:description\" content=\"Cincuenta y cuatro partidos pueden participar en las elecciones parlamentarias alemanas del 26 de septiembre\" \/>\n\t\t<meta name=\"twitter:creator\" content=\"@bercodi\" \/>\n\t\t<meta name=\"twitter:image\" content=\"https:\/\/eldigitaldeasturias.com\/radio\/wp-content\/uploads\/2018\/03\/bundestag-2463231_1280.jpg\" \/>\n\t\t<script type=\"application\/ld+json\" class=\"aioseo-schema\">\n\t\t\t{\"@context\":\"https:\\\/\\\/schema.org\",\"@graph\":[{\"@type\":\"BreadcrumbList\",\"@id\":\"https:\\\/\\\/eldigitaldeasturias.com\\\/radio\\\/cincuenta-y-cuatro-partidos-pueden-presentarse-en-elecciones-alemanas\\\/#breadcrumblist\",\"itemListElement\":[{\"@type\":\"ListItem\",\"@id\":\"https:\\\/\\\/eldigitaldeasturias.com\\\/radio#listItem\",\"position\":1,\"name\":\"Inicio\",\"item\":\"https:\\\/\\\/eldigitaldeasturias.com\\\/radio\",\"nextItem\":{\"@type\":\"ListItem\",\"@id\":\"https:\\\/\\\/eldigitaldeasturias.com\\\/radio\\\/category\\\/noticias\\\/#listItem\",\"name\":\"Noticias\"}},{\"@type\":\"ListItem\",\"@id\":\"https:\\\/\\\/eldigitaldeasturias.com\\\/radio\\\/category\\\/noticias\\\/#listItem\",\"position\":2,\"name\":\"Noticias\",\"item\":\"https:\\\/\\\/eldigitaldeasturias.com\\\/radio\\\/category\\\/noticias\\\/\",\"nextItem\":{\"@type\":\"ListItem\",\"@id\":\"https:\\\/\\\/eldigitaldeasturias.com\\\/radio\\\/cincuenta-y-cuatro-partidos-pueden-presentarse-en-elecciones-alemanas\\\/#listItem\",\"name\":\"Cincuenta y cuatro partidos pueden presentarse en elecciones alemanas\"},\"previousItem\":{\"@type\":\"ListItem\",\"@id\":\"https:\\\/\\\/eldigitaldeasturias.com\\\/radio#listItem\",\"name\":\"Inicio\"}},{\"@type\":\"ListItem\",\"@id\":\"https:\\\/\\\/eldigitaldeasturias.com\\\/radio\\\/cincuenta-y-cuatro-partidos-pueden-presentarse-en-elecciones-alemanas\\\/#listItem\",\"position\":3,\"name\":\"Cincuenta y cuatro partidos pueden presentarse en elecciones alemanas\",\"previousItem\":{\"@type\":\"ListItem\",\"@id\":\"https:\\\/\\\/eldigitaldeasturias.com\\\/radio\\\/category\\\/noticias\\\/#listItem\",\"name\":\"Noticias\"}}]},{\"@type\":\"NewsArticle\",\"@id\":\"https:\\\/\\\/eldigitaldeasturias.com\\\/radio\\\/cincuenta-y-cuatro-partidos-pueden-presentarse-en-elecciones-alemanas\\\/#newsarticle\",\"name\":\"Cincuenta y cuatro partidos pueden presentarse en elecciones alemanas | El Digital de Asturias\",\"headline\":\"Cincuenta y cuatro partidos pueden presentarse en elecciones alemanas\",\"author\":{\"@id\":\"https:\\\/\\\/eldigitaldeasturias.com\\\/radio\\\/author\\\/nbasturias\\\/#author\"},\"publisher\":{\"@id\":\"https:\\\/\\\/eldigitaldeasturias.com\\\/radio\\\/#organization\"},\"image\":{\"@type\":\"ImageObject\",\"url\":\"https:\\\/\\\/eldigitaldeasturias.com\\\/radio\\\/wp-content\\\/uploads\\\/2018\\\/03\\\/bundestag-2463231_1280.jpg\",\"width\":1280,\"height\":853},\"datePublished\":\"2021-07-30T18:14:45+02:00\",\"dateModified\":\"2021-07-30T18:14:45+02:00\",\"inLanguage\":\"es-ES\",\"mainEntityOfPage\":{\"@id\":\"https:\\\/\\\/eldigitaldeasturias.com\\\/radio\\\/cincuenta-y-cuatro-partidos-pueden-presentarse-en-elecciones-alemanas\\\/#webpage\"},\"isPartOf\":{\"@id\":\"https:\\\/\\\/eldigitaldeasturias.com\\\/radio\\\/cincuenta-y-cuatro-partidos-pueden-presentarse-en-elecciones-alemanas\\\/#webpage\"},\"articleSection\":\"Noticias\",\"dateline\":\"Publicado el julio 30, 2021.\"},{\"@type\":\"Organization\",\"@id\":\"https:\\\/\\\/eldigitaldeasturias.com\\\/radio\\\/#organization\",\"name\":\"El digital de Asturias Radio\",\"description\":\"Diario de informaci\\u00f3n y noticias\",\"url\":\"https:\\\/\\\/eldigitaldeasturias.com\\\/radio\\\/\",\"telephone\":\"+34652131393\",\"logo\":{\"@type\":\"ImageObject\",\"url\":\"https:\\\/\\\/www.eldigitaldeasturias.com\\\/radio\\\/wp-content\\\/uploads\\\/2021\\\/03\\\/EDA.jpg\",\"@id\":\"https:\\\/\\\/eldigitaldeasturias.com\\\/radio\\\/cincuenta-y-cuatro-partidos-pueden-presentarse-en-elecciones-alemanas\\\/#organizationLogo\"},\"image\":{\"@id\":\"https:\\\/\\\/eldigitaldeasturias.com\\\/radio\\\/cincuenta-y-cuatro-partidos-pueden-presentarse-en-elecciones-alemanas\\\/#organizationLogo\"},\"sameAs\":[\"https:\\\/\\\/www.facebook.com\\\/\",\"https:\\\/\\\/x.com\\\/bercodi\",\"https:\\\/\\\/www.instagram.com\\\/\",\"https:\\\/\\\/www.youtube.com\\\/channel\\\/UCZP-2wLEB9Rv6erhFmqVnvg\"]},{\"@type\":\"Person\",\"@id\":\"https:\\\/\\\/eldigitaldeasturias.com\\\/radio\\\/author\\\/nbasturias\\\/#author\",\"url\":\"https:\\\/\\\/eldigitaldeasturias.com\\\/radio\\\/author\\\/nbasturias\\\/\",\"name\":\"NBAsturias\",\"image\":{\"@type\":\"ImageObject\",\"@id\":\"https:\\\/\\\/eldigitaldeasturias.com\\\/radio\\\/cincuenta-y-cuatro-partidos-pueden-presentarse-en-elecciones-alemanas\\\/#authorImage\",\"url\":\"https:\\\/\\\/secure.gravatar.com\\\/avatar\\\/df2aeffc32bcd13f8d26072ef8a91b623d677766deac7f97ca815868cd41bf5e?s=96&d=mm&r=g\",\"width\":96,\"height\":96,\"caption\":\"NBAsturias\"}},{\"@type\":\"WebPage\",\"@id\":\"https:\\\/\\\/eldigitaldeasturias.com\\\/radio\\\/cincuenta-y-cuatro-partidos-pueden-presentarse-en-elecciones-alemanas\\\/#webpage\",\"url\":\"https:\\\/\\\/eldigitaldeasturias.com\\\/radio\\\/cincuenta-y-cuatro-partidos-pueden-presentarse-en-elecciones-alemanas\\\/\",\"name\":\"Cincuenta y cuatro partidos pueden presentarse en elecciones alemanas | El Digital de Asturias\",\"description\":\"Cincuenta y cuatro partidos pueden participar en las elecciones parlamentarias alemanas del 26 de septiembre\",\"inLanguage\":\"es-ES\",\"isPartOf\":{\"@id\":\"https:\\\/\\\/eldigitaldeasturias.com\\\/radio\\\/#website\"},\"breadcrumb\":{\"@id\":\"https:\\\/\\\/eldigitaldeasturias.com\\\/radio\\\/cincuenta-y-cuatro-partidos-pueden-presentarse-en-elecciones-alemanas\\\/#breadcrumblist\"},\"author\":{\"@id\":\"https:\\\/\\\/eldigitaldeasturias.com\\\/radio\\\/author\\\/nbasturias\\\/#author\"},\"creator\":{\"@id\":\"https:\\\/\\\/eldigitaldeasturias.com\\\/radio\\\/author\\\/nbasturias\\\/#author\"},\"image\":{\"@type\":\"ImageObject\",\"url\":\"https:\\\/\\\/eldigitaldeasturias.com\\\/radio\\\/wp-content\\\/uploads\\\/2018\\\/03\\\/bundestag-2463231_1280.jpg\",\"@id\":\"https:\\\/\\\/eldigitaldeasturias.com\\\/radio\\\/cincuenta-y-cuatro-partidos-pueden-presentarse-en-elecciones-alemanas\\\/#mainImage\",\"width\":1280,\"height\":853},\"primaryImageOfPage\":{\"@id\":\"https:\\\/\\\/eldigitaldeasturias.com\\\/radio\\\/cincuenta-y-cuatro-partidos-pueden-presentarse-en-elecciones-alemanas\\\/#mainImage\"},\"datePublished\":\"2021-07-30T18:14:45+02:00\",\"dateModified\":\"2021-07-30T18:14:45+02:00\"},{\"@type\":\"WebSite\",\"@id\":\"https:\\\/\\\/eldigitaldeasturias.com\\\/radio\\\/#website\",\"url\":\"https:\\\/\\\/eldigitaldeasturias.com\\\/radio\\\/\",\"name\":\"El Digital de Asturias\",\"description\":\"Diario de informaci\\u00f3n y noticias\",\"inLanguage\":\"es-ES\",\"publisher\":{\"@id\":\"https:\\\/\\\/eldigitaldeasturias.com\\\/radio\\\/#organization\"}}]}\n\t\t<\/script>\n\t\t<!-- All in One SEO Pro -->\r\n\t\t<title>Cincuenta y cuatro partidos pueden presentarse en elecciones alemanas | El Digital de Asturias<\/title>\n\n","aioseo_head_json":{"title":"Cincuenta y cuatro partidos pueden presentarse en elecciones alemanas | El Digital de Asturias","description":"Cincuenta y cuatro partidos pueden participar en las elecciones parlamentarias alemanas del 26 de septiembre","canonical_url":"https:\/\/eldigitaldeasturias.com\/radio\/cincuenta-y-cuatro-partidos-pueden-presentarse-en-elecciones-alemanas\/","robots":"max-image-preview:large","keywords":"noticias","webmasterTools":{"google-site-verification":"UA-38556648-1","miscellaneous":""},"schema":{"@context":"https:\/\/schema.org","@graph":[{"@type":"BreadcrumbList","@id":"https:\/\/eldigitaldeasturias.com\/radio\/cincuenta-y-cuatro-partidos-pueden-presentarse-en-elecciones-alemanas\/#breadcrumblist","itemListElement":[{"@type":"ListItem","@id":"https:\/\/eldigitaldeasturias.com\/radio#listItem","position":1,"name":"Inicio","item":"https:\/\/eldigitaldeasturias.com\/radio","nextItem":{"@type":"ListItem","@id":"https:\/\/eldigitaldeasturias.com\/radio\/category\/noticias\/#listItem","name":"Noticias"}},{"@type":"ListItem","@id":"https:\/\/eldigitaldeasturias.com\/radio\/category\/noticias\/#listItem","position":2,"name":"Noticias","item":"https:\/\/eldigitaldeasturias.com\/radio\/category\/noticias\/","nextItem":{"@type":"ListItem","@id":"https:\/\/eldigitaldeasturias.com\/radio\/cincuenta-y-cuatro-partidos-pueden-presentarse-en-elecciones-alemanas\/#listItem","name":"Cincuenta y cuatro partidos pueden presentarse en elecciones alemanas"},"previousItem":{"@type":"ListItem","@id":"https:\/\/eldigitaldeasturias.com\/radio#listItem","name":"Inicio"}},{"@type":"ListItem","@id":"https:\/\/eldigitaldeasturias.com\/radio\/cincuenta-y-cuatro-partidos-pueden-presentarse-en-elecciones-alemanas\/#listItem","position":3,"name":"Cincuenta y cuatro partidos pueden presentarse en elecciones alemanas","previousItem":{"@type":"ListItem","@id":"https:\/\/eldigitaldeasturias.com\/radio\/category\/noticias\/#listItem","name":"Noticias"}}]},{"@type":"NewsArticle","@id":"https:\/\/eldigitaldeasturias.com\/radio\/cincuenta-y-cuatro-partidos-pueden-presentarse-en-elecciones-alemanas\/#newsarticle","name":"Cincuenta y cuatro partidos pueden presentarse en elecciones alemanas | El Digital de Asturias","headline":"Cincuenta y cuatro partidos pueden presentarse en elecciones alemanas","author":{"@id":"https:\/\/eldigitaldeasturias.com\/radio\/author\/nbasturias\/#author"},"publisher":{"@id":"https:\/\/eldigitaldeasturias.com\/radio\/#organization"},"image":{"@type":"ImageObject","url":"https:\/\/eldigitaldeasturias.com\/radio\/wp-content\/uploads\/2018\/03\/bundestag-2463231_1280.jpg","width":1280,"height":853},"datePublished":"2021-07-30T18:14:45+02:00","dateModified":"2021-07-30T18:14:45+02:00","inLanguage":"es-ES","mainEntityOfPage":{"@id":"https:\/\/eldigitaldeasturias.com\/radio\/cincuenta-y-cuatro-partidos-pueden-presentarse-en-elecciones-alemanas\/#webpage"},"isPartOf":{"@id":"https:\/\/eldigitaldeasturias.com\/radio\/cincuenta-y-cuatro-partidos-pueden-presentarse-en-elecciones-alemanas\/#webpage"},"articleSection":"Noticias","dateline":"Publicado el julio 30, 2021."},{"@type":"Organization","@id":"https:\/\/eldigitaldeasturias.com\/radio\/#organization","name":"El digital de Asturias Radio","description":"Diario de informaci\u00f3n y noticias","url":"https:\/\/eldigitaldeasturias.com\/radio\/","telephone":"+34652131393","logo":{"@type":"ImageObject","url":"https:\/\/www.eldigitaldeasturias.com\/radio\/wp-content\/uploads\/2021\/03\/EDA.jpg","@id":"https:\/\/eldigitaldeasturias.com\/radio\/cincuenta-y-cuatro-partidos-pueden-presentarse-en-elecciones-alemanas\/#organizationLogo"},"image":{"@id":"https:\/\/eldigitaldeasturias.com\/radio\/cincuenta-y-cuatro-partidos-pueden-presentarse-en-elecciones-alemanas\/#organizationLogo"},"sameAs":["https:\/\/www.facebook.com\/","https:\/\/x.com\/bercodi","https:\/\/www.instagram.com\/","https:\/\/www.youtube.com\/channel\/UCZP-2wLEB9Rv6erhFmqVnvg"]},{"@type":"Person","@id":"https:\/\/eldigitaldeasturias.com\/radio\/author\/nbasturias\/#author","url":"https:\/\/eldigitaldeasturias.com\/radio\/author\/nbasturias\/","name":"NBAsturias","image":{"@type":"ImageObject","@id":"https:\/\/eldigitaldeasturias.com\/radio\/cincuenta-y-cuatro-partidos-pueden-presentarse-en-elecciones-alemanas\/#authorImage","url":"https:\/\/secure.gravatar.com\/avatar\/df2aeffc32bcd13f8d26072ef8a91b623d677766deac7f97ca815868cd41bf5e?s=96&d=mm&r=g","width":96,"height":96,"caption":"NBAsturias"}},{"@type":"WebPage","@id":"https:\/\/eldigitaldeasturias.com\/radio\/cincuenta-y-cuatro-partidos-pueden-presentarse-en-elecciones-alemanas\/#webpage","url":"https:\/\/eldigitaldeasturias.com\/radio\/cincuenta-y-cuatro-partidos-pueden-presentarse-en-elecciones-alemanas\/","name":"Cincuenta y cuatro partidos pueden presentarse en elecciones alemanas | El Digital de Asturias","description":"Cincuenta y cuatro partidos pueden participar en las elecciones parlamentarias alemanas del 26 de septiembre","inLanguage":"es-ES","isPartOf":{"@id":"https:\/\/eldigitaldeasturias.com\/radio\/#website"},"breadcrumb":{"@id":"https:\/\/eldigitaldeasturias.com\/radio\/cincuenta-y-cuatro-partidos-pueden-presentarse-en-elecciones-alemanas\/#breadcrumblist"},"author":{"@id":"https:\/\/eldigitaldeasturias.com\/radio\/author\/nbasturias\/#author"},"creator":{"@id":"https:\/\/eldigitaldeasturias.com\/radio\/author\/nbasturias\/#author"},"image":{"@type":"ImageObject","url":"https:\/\/eldigitaldeasturias.com\/radio\/wp-content\/uploads\/2018\/03\/bundestag-2463231_1280.jpg","@id":"https:\/\/eldigitaldeasturias.com\/radio\/cincuenta-y-cuatro-partidos-pueden-presentarse-en-elecciones-alemanas\/#mainImage","width":1280,"height":853},"primaryImageOfPage":{"@id":"https:\/\/eldigitaldeasturias.com\/radio\/cincuenta-y-cuatro-partidos-pueden-presentarse-en-elecciones-alemanas\/#mainImage"},"datePublished":"2021-07-30T18:14:45+02:00","dateModified":"2021-07-30T18:14:45+02:00"},{"@type":"WebSite","@id":"https:\/\/eldigitaldeasturias.com\/radio\/#website","url":"https:\/\/eldigitaldeasturias.com\/radio\/","name":"El Digital de Asturias","description":"Diario de informaci\u00f3n y noticias","inLanguage":"es-ES","publisher":{"@id":"https:\/\/eldigitaldeasturias.com\/radio\/#organization"}}]},"og:locale":"es_ES","og:site_name":"El Digital de Asturias | Diario de informaci\u00f3n y noticias","og:type":"article","og:title":"Cincuenta y cuatro partidos pueden presentarse en elecciones alemanas | El Digital de Asturias","og:description":"Cincuenta y cuatro partidos pueden participar en las elecciones parlamentarias alemanas del 26 de septiembre","og:url":"https:\/\/eldigitaldeasturias.com\/radio\/cincuenta-y-cuatro-partidos-pueden-presentarse-en-elecciones-alemanas\/","og:image":"https:\/\/eldigitaldeasturias.com\/radio\/wp-content\/uploads\/2018\/03\/bundestag-2463231_1280.jpg","og:image:secure_url":"https:\/\/eldigitaldeasturias.com\/radio\/wp-content\/uploads\/2018\/03\/bundestag-2463231_1280.jpg","og:image:width":1280,"og:image:height":853,"article:published_time":"2021-07-30T18:14:45+00:00","article:modified_time":"2021-07-30T18:14:45+00:00","twitter:card":"summary_large_image","twitter:site":"@bercodi","twitter:title":"Cincuenta y cuatro partidos pueden presentarse en elecciones alemanas | El Digital de Asturias","twitter:description":"Cincuenta y cuatro partidos pueden participar en las elecciones parlamentarias alemanas del 26 de septiembre","twitter:creator":"@bercodi","twitter:image":"https:\/\/eldigitaldeasturias.com\/radio\/wp-content\/uploads\/2018\/03\/bundestag-2463231_1280.jpg"},"aioseo_meta_data":{"post_id":"6071","title":null,"description":"Cincuenta y cuatro partidos pueden participar en las elecciones parlamentarias alemanas del 26 de septiembre","keywords":[],"keyphrases":{"focus":{"keyphrase":"elecciones","score":80,"analysis":{"keyphraseInTitle":{"title":"Frase clave objetivo en el t\u00edtulo SEO","description":"Frase clave objetivo encontrada en el t\u00edtulo SEO.","score":9,"maxScore":9,"error":0},"keyphraseInDescription":{"title":"Frase clave objetivo en la meta descripci\u00f3n","description":"Frase clave objetivo encontrada en la meta descripci\u00f3n.","score":9,"maxScore":9,"error":0},"keyphraseInURL":{"title":"Frase clave objetivo en la URL","description":"Frase clave objetivo no encontrada en la URL.","score":1,"maxScore":5,"error":1},"keyphraseLength":{"title":"Longitud de la Frase clave objetivo","description":"\u00a1Buen trabajo!","score":9,"maxScore":9,"error":0,"length":1},"keyphraseInIntroduction":{"title":"Frase clave objetivo en la introducci\u00f3n","description":"Su Frase clave objetivo aparece en el primer p\u00e1rrafo. \u00a1Bien hecho!","score":9,"maxScore":9,"error":0},"keyphraseInSubHeadings":[],"keyphraseInImageAlt":{"title":"Frase clave objetivo en los atributos alt de la imagen.","description":"Frase clave objetivo no se encuentra en los atributos alt de la imagen. A\u00f1ada una imagen con su Frase clave objetivo como texto alternativo.","score":3,"maxScore":9,"error":1}}},"additional":[{"keyphrase":"elecciones parlamentarias ","score":83,"analysis":{"keyphraseInDescription":{"title":"Frase clave en la meta descripci\u00f3n","description":"Frase clave encontrada en la meta descripci\u00f3n.","score":9,"maxScore":9,"error":0},"keyphraseLength":{"title":"Longitud de la Frase clave","description":"\u00a1Buen trabajo!","score":9,"maxScore":9,"error":0,"length":2},"keyphraseInIntroduction":{"title":"Frase clave en la introducci\u00f3n","description":"Su Frase clave aparece en el primer p\u00e1rrafo. \u00a1Bien hecho!","score":9,"maxScore":9,"error":0},"keyphraseInImageAlt":{"title":"Frase clave en los atributos alt de la imagen.","description":"Frase clave no se encuentra en los atributos alt de la imagen. A\u00f1ada una imagen con su Frase clave como texto alternativo.","score":3,"maxScore":9,"error":1}}},{"keyphrase":"partidos ","score":83,"analysis":{"keyphraseInDescription":{"title":"Frase clave en la meta descripci\u00f3n","description":"Frase clave encontrada en la meta descripci\u00f3n.","score":9,"maxScore":9,"error":0},"keyphraseLength":{"title":"Longitud de la Frase clave","description":"\u00a1Buen trabajo!","score":9,"maxScore":9,"error":0,"length":1},"keyphraseInIntroduction":{"title":"Frase clave en la introducci\u00f3n","description":"Su Frase clave aparece en el primer p\u00e1rrafo. \u00a1Bien hecho!","score":9,"maxScore":9,"error":0},"keyphraseInImageAlt":{"title":"Frase clave en los atributos alt de la imagen.","description":"Frase clave no se encuentra en los atributos alt de la imagen. A\u00f1ada una imagen con su Frase clave como texto alternativo.","score":3,"maxScore":9,"error":1}}}]},"primary_term":null,"canonical_url":null,"og_title":null,"og_description":null,"og_object_type":"default","og_image_type":"default","og_image_url":null,"og_image_width":null,"og_image_height":null,"og_image_custom_url":null,"og_image_custom_fields":null,"og_video":"","og_custom_url":null,"og_article_section":null,"og_article_tags":[],"twitter_use_og":false,"twitter_card":"default","twitter_image_type":"default","twitter_image_url":null,"twitter_image_custom_url":null,"twitter_image_custom_fields":null,"twitter_title":null,"twitter_description":null,"schema":{"blockGraphs":[],"customGraphs":[],"default":{"data":{"Article":[],"Course":[],"Dataset":[],"FAQPage":[],"Movie":[],"Person":[],"Product":[],"ProductReview":[],"Car":[],"Recipe":[],"Service":[],"SoftwareApplication":[],"WebPage":[]},"graphName":"","isEnabled":true},"graphs":[],"defaultGraph":"Article","defaultPostTypeGraph":""},"schema_type":"default","schema_type_options":"{\"article\":{\"articleType\":\"BlogPosting\"},\"course\":{\"name\":\"\",\"description\":\"\",\"provider\":\"\"},\"faq\":{\"pages\":[]},\"product\":{\"reviews\":[]},\"recipe\":{\"ingredients\":[],\"instructions\":[],\"keywords\":[]},\"software\":{\"reviews\":[],\"operatingSystems\":[]},\"webPage\":{\"webPageType\":\"WebPage\"}}","pillar_content":false,"robots_default":true,"robots_noindex":false,"robots_noarchive":false,"robots_nosnippet":false,"robots_nofollow":false,"robots_noimageindex":false,"robots_noodp":false,"robots_notranslate":false,"robots_max_snippet":"-1","robots_max_videopreview":"-1","robots_max_imagepreview":"large","priority":null,"frequency":"default","location":null,"local_seo":{"locations":{"business":{"name":"","businessType":"","image":"","areaServed":"","urls":{"website":"","aboutPage":"","contactPage":""},"address":{"streetLine1":"","streetLine2":"","zipCode":"","city":"","state":"","country":"","addressFormat":"#streetLineOne\n#streetLineTwo\n#city, #state #zipCode"},"contact":{"email":"","phone":"","phoneFormatted":"","fax":"","faxFormatted":""},"ids":{"vat":"","tax":"","chamberOfCommerce":""},"payment":{"priceRange":"","currenciesAccepted":"","methods":""}}},"openingHours":{"useDefaults":true,"show":true,"alwaysOpen":false,"use24hFormat":false,"timezone":"","labels":{"closed":"","alwaysOpen":""},"days":{"monday":{"open24h":false,"closed":false,"openTime":"09:00","closeTime":"17:00"},"tuesday":{"open24h":false,"closed":false,"openTime":"09:00","closeTime":"17:00"},"wednesday":{"open24h":false,"closed":false,"openTime":"09:00","closeTime":"17:00"},"thursday":{"open24h":false,"closed":false,"openTime":"09:00","closeTime":"17:00"},"friday":{"open24h":false,"closed":false,"openTime":"09:00","closeTime":"17:00"},"saturday":{"open24h":false,"closed":false,"openTime":"09:00","closeTime":"17:00"},"sunday":{"open24h":false,"closed":false,"openTime":"09:00","closeTime":"17:00"}}}},"seo_analyzer_scan_date":"2025-08-28 18:54:04","breadcrumb_settings":null,"limit_modified_date":false,"open_ai":null,"ai":null,"created":"2021-07-30 18:09:42","updated":"2025-08-28 18:54:04"},"aioseo_breadcrumb":"<div class=\"aioseo-breadcrumbs\"><span class=\"aioseo-breadcrumb\">\n\t<a href=\"https:\/\/eldigitaldeasturias.com\/radio\" title=\"Inicio\">Inicio<\/a>\n<\/span><span class=\"aioseo-breadcrumb-separator\">&ndash;<\/span><span class=\"aioseo-breadcrumb\">\n\t<a href=\"https:\/\/eldigitaldeasturias.com\/radio\/category\/noticias\/\" title=\"Noticias\">Noticias<\/a>\n<\/span><span class=\"aioseo-breadcrumb-separator\">&ndash;<\/span><span class=\"aioseo-breadcrumb\">\n\tCincuenta y cuatro partidos pueden presentarse en elecciones alemanas\n<\/span><\/div>","aioseo_breadcrumb_json":[{"label":"Inicio","link":"https:\/\/eldigitaldeasturias.com\/radio"},{"label":"Noticias","link":"https:\/\/eldigitaldeasturias.com\/radio\/category\/noticias\/"},{"label":"Cincuenta y cuatro partidos pueden presentarse en elecciones alemanas","link":"https:\/\/eldigitaldeasturias.com\/radio\/cincuenta-y-cuatro-partidos-pueden-presentarse-en-elecciones-alemanas\/"}],"_links":{"self":[{"href":"https:\/\/eldigitaldeasturias.com\/radio\/wp-json\/wp\/v2\/posts\/6071","targetHints":{"allow":["GET"]}}],"collection":[{"href":"https:\/\/eldigitaldeasturias.com\/radio\/wp-json\/wp\/v2\/posts"}],"about":[{"href":"https:\/\/eldigitaldeasturias.com\/radio\/wp-json\/wp\/v2\/types\/post"}],"author":[{"embeddable":true,"href":"https:\/\/eldigitaldeasturias.com\/radio\/wp-json\/wp\/v2\/users\/1"}],"replies":[{"embeddable":true,"href":"https:\/\/eldigitaldeasturias.com\/radio\/wp-json\/wp\/v2\/comments?post=6071"}],"version-history":[{"count":0,"href":"https:\/\/eldigitaldeasturias.com\/radio\/wp-json\/wp\/v2\/posts\/6071\/revisions"}],"wp:featuredmedia":[{"embeddable":true,"href":"https:\/\/eldigitaldeasturias.com\/radio\/wp-json\/wp\/v2\/media\/408"}],"wp:attachment":[{"href":"https:\/\/eldigitaldeasturias.com\/radio\/wp-json\/wp\/v2\/media?parent=6071"}],"wp:term":[{"taxonomy":"category","embeddable":true,"href":"https:\/\/eldigitaldeasturias.com\/radio\/wp-json\/wp\/v2\/categories?post=6071"},{"taxonomy":"post_tag","embeddable":true,"href":"https:\/\/eldigitaldeasturias.com\/radio\/wp-json\/wp\/v2\/tags?post=6071"}],"curies":[{"name":"wp","href":"https:\/\/api.w.org\/{rel}","templated":true}]}}