{"id":607,"date":"2018-04-07T16:29:43","date_gmt":"2018-04-07T16:29:43","guid":{"rendered":"http:\/\/eldigitaldeasturias.com\/radio\/?p=607"},"modified":"2018-04-07T16:29:43","modified_gmt":"2018-04-07T16:29:43","slug":"crece-la-aficion-en-alemania-a-los-vehiculos-historicos","status":"publish","type":"post","link":"https:\/\/eldigitaldeasturias.com\/radio\/crece-la-aficion-en-alemania-a-los-vehiculos-historicos\/","title":{"rendered":"Crece la afici\u00f3n en Alemania a los veh\u00edculos hist\u00f3ricos"},"content":{"rendered":"<p>Hannover\/Bremen, 7 abr (dpa) &#8211; L\u00edneas curvas, mucho cromo y ninguna preocupaci\u00f3n por el consumo de combustible son caracter\u00edsticas propias de muchos coches antiguos, de los que cada vez se ven m\u00e1s en las carreteras de Alemania.<\/p>\n<p>Seg\u00fan datos de la Oficina Federal de Veh\u00edculos de Motor, a principios de 2018 circulaban 477.386 veh\u00edculos hist\u00f3ricos en el pa\u00eds, es decir un 11 por ciento m\u00e1s que el a\u00f1o anterior.<\/p>\n<p>Solo los veh\u00edculos mayores de 30 a\u00f1os y considerados \u00abbien cultural hist\u00f3rico\u00bb tienen permitido llevar la letra H al final de la placa de matr\u00edcula. Para el propietario, esto puede redundar en ventajas impositivas y relacionadas con los seguros.<\/p>\n<p>No obstante, no todos los veh\u00edculos entrados en a\u00f1os llevan una H en la matr\u00edcula. De un total de 63,7 millones de coches registrados al 1 de enero de 2018, entre ellos coches, motocicletas y remolques, los veh\u00edculos de m\u00e1s de 30 a\u00f1os s\u00f3lo sumaban 600.000 unidades, es decir, un uno por ciento. Cuando el coche es de baja cilindrada, la matr\u00edcula con la letra H no reporta ventajas impositivas.<\/p>\n<p>La regi\u00f3n alemana con m\u00e1s veh\u00edculos hist\u00f3ricos registrados es el estado federado de Renania del Norte-Westfalia, donde circulan 107.876 unidades, entre ellos coches (97.715), camiones, motocicletas y tambi\u00e9n remolques.<\/p>\n<p>Desde hace a\u00f1os, los modelos Daimler encabezan la lista de las marcas preferidas, seguidos por los Volkswagen y los Porsche, se\u00f1ala la Asociaci\u00f3n de la Industria Automotriz (VDA).<\/p>\n<p>Horst F. Beilharz no s\u00f3lo conserva un Jaguar modelo 1965 en el garaje, sino tambi\u00e9n un cup\u00e9 Mercedes 1957 que adquiri\u00f3 hace a\u00f1os en Suecia. Seg\u00fan Beilharz, de 74 a\u00f1os, s\u00f3lo fueron producidas 1.900 unidades de este modelo. Tanto el Jaguar como el Mercedes circulan con la matr\u00edcula que termina en H. \u00abEsos son coches con los que se sue\u00f1a de joven y que despu\u00e9s uno se compra cuando es mayor y dispone de medios\u00bb, comenta.<\/p>\n<p>Las aseguradoras ofrecen tarifas reducidas para veh\u00edculos antiguos porque saben que los propietarios los mantienen y cuidan con esmero. Para Beilharz, un veterano no s\u00f3lo est\u00e1 para ser admirado, ya que \u00abal fin y al cabo, se trata de un autom\u00f3vil y no de un auto inm\u00f3vil\u00bb. Por eso viaja a menudo con su cup\u00e9 por el sur de Inglaterra. En ese viaje, \u00abel camino es la meta\u00bb, concluye.<\/p>\n","protected":false},"excerpt":{"rendered":"<p>Hannover\/Bremen, 7 abr (dpa) &#8211; L\u00edneas curvas, mucho cromo y ninguna preocupaci\u00f3n por el consumo de combustible son caracter\u00edsticas propias de muchos coches antiguos, de los que cada vez se ven m\u00e1s en las carreteras de Alemania. Seg\u00fan datos de la Oficina Federal de Veh\u00edculos de Motor, a principios de 2018 circulaban 477.386 veh\u00edculos hist\u00f3ricos<\/p>\n","protected":false},"author":1,"featured_media":608,"comment_status":"closed","ping_status":"closed","sticky":false,"template":"","format":"standard","meta":{"footnotes":""},"categories":[28],"tags":[],"class_list":{"0":"post-607","1":"post","2":"type-post","3":"status-publish","4":"format-standard","5":"has-post-thumbnail","7":"category-variedades"},"aioseo_notices":[],"aioseo_head":"\n\t\t<!-- All in One SEO Pro 4.9.6.2 - aioseo.com -->\n\t<meta name=\"description\" content=\"Hannover\/Bremen, 7 abr (dpa) - L\u00edneas curvas, mucho cromo y ninguna preocupaci\u00f3n por el consumo de combustible son caracter\u00edsticas propias de muchos coches antiguos, de los que cada vez se ven m\u00e1s en las carreteras de Alemania. Seg\u00fan datos de la Oficina Federal de Veh\u00edculos de Motor, a principios de 2018 circulaban 477.386 veh\u00edculos hist\u00f3ricos\" \/>\n\t<meta name=\"robots\" content=\"max-image-preview:large\" \/>\n\t<meta name=\"author\" content=\"NBAsturias\"\/>\n\t<meta name=\"google-site-verification\" content=\"UA-38556648-1\" \/>\n\t<meta name=\"keywords\" content=\"variedades\" \/>\n\t<link rel=\"canonical\" href=\"https:\/\/eldigitaldeasturias.com\/radio\/crece-la-aficion-en-alemania-a-los-vehiculos-historicos\/\" \/>\n\t<meta name=\"generator\" content=\"All in One SEO Pro (AIOSEO) 4.9.6.2\" \/>\n\t\t<meta property=\"og:locale\" content=\"es_ES\" \/>\n\t\t<meta property=\"og:site_name\" content=\"El Digital de Asturias | Diario de informaci\u00f3n y noticias\" \/>\n\t\t<meta property=\"og:type\" content=\"article\" \/>\n\t\t<meta property=\"og:title\" content=\"Crece la afici\u00f3n en Alemania a los veh\u00edculos hist\u00f3ricos | El Digital de Asturias\" \/>\n\t\t<meta property=\"og:description\" content=\"Hannover\/Bremen, 7 abr (dpa) - L\u00edneas curvas, mucho cromo y ninguna preocupaci\u00f3n por el consumo de combustible son caracter\u00edsticas propias de muchos coches antiguos, de los que cada vez se ven m\u00e1s en las carreteras de Alemania. Seg\u00fan datos de la Oficina Federal de Veh\u00edculos de Motor, a principios de 2018 circulaban 477.386 veh\u00edculos hist\u00f3ricos\" \/>\n\t\t<meta property=\"og:url\" content=\"https:\/\/eldigitaldeasturias.com\/radio\/crece-la-aficion-en-alemania-a-los-vehiculos-historicos\/\" \/>\n\t\t<meta property=\"og:image\" content=\"https:\/\/eldigitaldeasturias.com\/radio\/wp-content\/uploads\/2018\/04\/road-3225199_1280.jpg\" \/>\n\t\t<meta property=\"og:image:secure_url\" content=\"https:\/\/eldigitaldeasturias.com\/radio\/wp-content\/uploads\/2018\/04\/road-3225199_1280.jpg\" \/>\n\t\t<meta property=\"og:image:width\" content=\"1280\" \/>\n\t\t<meta property=\"og:image:height\" content=\"854\" \/>\n\t\t<meta property=\"article:published_time\" content=\"2018-04-07T16:29:43+00:00\" \/>\n\t\t<meta property=\"article:modified_time\" content=\"2018-04-07T16:29:43+00:00\" \/>\n\t\t<meta name=\"twitter:card\" content=\"summary_large_image\" \/>\n\t\t<meta name=\"twitter:site\" content=\"@bercodi\" \/>\n\t\t<meta name=\"twitter:title\" content=\"Crece la afici\u00f3n en Alemania a los veh\u00edculos hist\u00f3ricos | El Digital de Asturias\" \/>\n\t\t<meta name=\"twitter:description\" content=\"Hannover\/Bremen, 7 abr (dpa) - L\u00edneas curvas, mucho cromo y ninguna preocupaci\u00f3n por el consumo de combustible son caracter\u00edsticas propias de muchos coches antiguos, de los que cada vez se ven m\u00e1s en las carreteras de Alemania. Seg\u00fan datos de la Oficina Federal de Veh\u00edculos de Motor, a principios de 2018 circulaban 477.386 veh\u00edculos hist\u00f3ricos\" \/>\n\t\t<meta name=\"twitter:creator\" content=\"@bercodi\" \/>\n\t\t<meta name=\"twitter:image\" content=\"https:\/\/eldigitaldeasturias.com\/radio\/wp-content\/uploads\/2018\/04\/road-3225199_1280.jpg\" \/>\n\t\t<script type=\"application\/ld+json\" class=\"aioseo-schema\">\n\t\t\t{\"@context\":\"https:\\\/\\\/schema.org\",\"@graph\":[{\"@type\":\"BreadcrumbList\",\"@id\":\"https:\\\/\\\/eldigitaldeasturias.com\\\/radio\\\/crece-la-aficion-en-alemania-a-los-vehiculos-historicos\\\/#breadcrumblist\",\"itemListElement\":[{\"@type\":\"ListItem\",\"@id\":\"https:\\\/\\\/eldigitaldeasturias.com\\\/radio#listItem\",\"position\":1,\"name\":\"Inicio\",\"item\":\"https:\\\/\\\/eldigitaldeasturias.com\\\/radio\",\"nextItem\":{\"@type\":\"ListItem\",\"@id\":\"https:\\\/\\\/eldigitaldeasturias.com\\\/radio\\\/category\\\/variedades\\\/#listItem\",\"name\":\"Variedades\"}},{\"@type\":\"ListItem\",\"@id\":\"https:\\\/\\\/eldigitaldeasturias.com\\\/radio\\\/category\\\/variedades\\\/#listItem\",\"position\":2,\"name\":\"Variedades\",\"item\":\"https:\\\/\\\/eldigitaldeasturias.com\\\/radio\\\/category\\\/variedades\\\/\",\"nextItem\":{\"@type\":\"ListItem\",\"@id\":\"https:\\\/\\\/eldigitaldeasturias.com\\\/radio\\\/crece-la-aficion-en-alemania-a-los-vehiculos-historicos\\\/#listItem\",\"name\":\"Crece la afici\\u00f3n en Alemania a los veh\\u00edculos hist\\u00f3ricos\"},\"previousItem\":{\"@type\":\"ListItem\",\"@id\":\"https:\\\/\\\/eldigitaldeasturias.com\\\/radio#listItem\",\"name\":\"Inicio\"}},{\"@type\":\"ListItem\",\"@id\":\"https:\\\/\\\/eldigitaldeasturias.com\\\/radio\\\/crece-la-aficion-en-alemania-a-los-vehiculos-historicos\\\/#listItem\",\"position\":3,\"name\":\"Crece la afici\\u00f3n en Alemania a los veh\\u00edculos hist\\u00f3ricos\",\"previousItem\":{\"@type\":\"ListItem\",\"@id\":\"https:\\\/\\\/eldigitaldeasturias.com\\\/radio\\\/category\\\/variedades\\\/#listItem\",\"name\":\"Variedades\"}}]},{\"@type\":\"NewsArticle\",\"@id\":\"https:\\\/\\\/eldigitaldeasturias.com\\\/radio\\\/crece-la-aficion-en-alemania-a-los-vehiculos-historicos\\\/#newsarticle\",\"name\":\"Crece la afici\\u00f3n en Alemania a los veh\\u00edculos hist\\u00f3ricos | El Digital de Asturias\",\"headline\":\"Crece la afici\\u00f3n en Alemania a los veh\\u00edculos hist\\u00f3ricos\",\"author\":{\"@id\":\"https:\\\/\\\/eldigitaldeasturias.com\\\/radio\\\/author\\\/nbasturias\\\/#author\"},\"publisher\":{\"@id\":\"https:\\\/\\\/eldigitaldeasturias.com\\\/radio\\\/#organization\"},\"image\":{\"@type\":\"ImageObject\",\"url\":\"https:\\\/\\\/eldigitaldeasturias.com\\\/radio\\\/wp-content\\\/uploads\\\/2018\\\/04\\\/road-3225199_1280.jpg\",\"width\":1280,\"height\":854},\"datePublished\":\"2018-04-07T16:29:43+02:00\",\"dateModified\":\"2018-04-07T16:29:43+02:00\",\"inLanguage\":\"es-ES\",\"mainEntityOfPage\":{\"@id\":\"https:\\\/\\\/eldigitaldeasturias.com\\\/radio\\\/crece-la-aficion-en-alemania-a-los-vehiculos-historicos\\\/#webpage\"},\"isPartOf\":{\"@id\":\"https:\\\/\\\/eldigitaldeasturias.com\\\/radio\\\/crece-la-aficion-en-alemania-a-los-vehiculos-historicos\\\/#webpage\"},\"articleSection\":\"Variedades\",\"dateline\":\"Publicado el abril 7, 2018.\"},{\"@type\":\"Organization\",\"@id\":\"https:\\\/\\\/eldigitaldeasturias.com\\\/radio\\\/#organization\",\"name\":\"El digital de Asturias Radio\",\"description\":\"Diario de informaci\\u00f3n y noticias\",\"url\":\"https:\\\/\\\/eldigitaldeasturias.com\\\/radio\\\/\",\"telephone\":\"+34652131393\",\"logo\":{\"@type\":\"ImageObject\",\"url\":\"https:\\\/\\\/www.eldigitaldeasturias.com\\\/radio\\\/wp-content\\\/uploads\\\/2021\\\/03\\\/EDA.jpg\",\"@id\":\"https:\\\/\\\/eldigitaldeasturias.com\\\/radio\\\/crece-la-aficion-en-alemania-a-los-vehiculos-historicos\\\/#organizationLogo\"},\"image\":{\"@id\":\"https:\\\/\\\/eldigitaldeasturias.com\\\/radio\\\/crece-la-aficion-en-alemania-a-los-vehiculos-historicos\\\/#organizationLogo\"},\"sameAs\":[\"https:\\\/\\\/www.facebook.com\\\/\",\"https:\\\/\\\/x.com\\\/bercodi\",\"https:\\\/\\\/www.instagram.com\\\/\",\"https:\\\/\\\/www.youtube.com\\\/channel\\\/UCZP-2wLEB9Rv6erhFmqVnvg\"]},{\"@type\":\"Person\",\"@id\":\"https:\\\/\\\/eldigitaldeasturias.com\\\/radio\\\/author\\\/nbasturias\\\/#author\",\"url\":\"https:\\\/\\\/eldigitaldeasturias.com\\\/radio\\\/author\\\/nbasturias\\\/\",\"name\":\"NBAsturias\",\"image\":{\"@type\":\"ImageObject\",\"@id\":\"https:\\\/\\\/eldigitaldeasturias.com\\\/radio\\\/crece-la-aficion-en-alemania-a-los-vehiculos-historicos\\\/#authorImage\",\"url\":\"https:\\\/\\\/secure.gravatar.com\\\/avatar\\\/df2aeffc32bcd13f8d26072ef8a91b623d677766deac7f97ca815868cd41bf5e?s=96&d=mm&r=g\",\"width\":96,\"height\":96,\"caption\":\"NBAsturias\"}},{\"@type\":\"WebPage\",\"@id\":\"https:\\\/\\\/eldigitaldeasturias.com\\\/radio\\\/crece-la-aficion-en-alemania-a-los-vehiculos-historicos\\\/#webpage\",\"url\":\"https:\\\/\\\/eldigitaldeasturias.com\\\/radio\\\/crece-la-aficion-en-alemania-a-los-vehiculos-historicos\\\/\",\"name\":\"Crece la afici\\u00f3n en Alemania a los veh\\u00edculos hist\\u00f3ricos | El Digital de Asturias\",\"description\":\"Hannover\\\/Bremen, 7 abr (dpa) - L\\u00edneas curvas, mucho cromo y ninguna preocupaci\\u00f3n por el consumo de combustible son caracter\\u00edsticas propias de muchos coches antiguos, de los que cada vez se ven m\\u00e1s en las carreteras de Alemania. Seg\\u00fan datos de la Oficina Federal de Veh\\u00edculos de Motor, a principios de 2018 circulaban 477.386 veh\\u00edculos hist\\u00f3ricos\",\"inLanguage\":\"es-ES\",\"isPartOf\":{\"@id\":\"https:\\\/\\\/eldigitaldeasturias.com\\\/radio\\\/#website\"},\"breadcrumb\":{\"@id\":\"https:\\\/\\\/eldigitaldeasturias.com\\\/radio\\\/crece-la-aficion-en-alemania-a-los-vehiculos-historicos\\\/#breadcrumblist\"},\"author\":{\"@id\":\"https:\\\/\\\/eldigitaldeasturias.com\\\/radio\\\/author\\\/nbasturias\\\/#author\"},\"creator\":{\"@id\":\"https:\\\/\\\/eldigitaldeasturias.com\\\/radio\\\/author\\\/nbasturias\\\/#author\"},\"image\":{\"@type\":\"ImageObject\",\"url\":\"https:\\\/\\\/eldigitaldeasturias.com\\\/radio\\\/wp-content\\\/uploads\\\/2018\\\/04\\\/road-3225199_1280.jpg\",\"@id\":\"https:\\\/\\\/eldigitaldeasturias.com\\\/radio\\\/crece-la-aficion-en-alemania-a-los-vehiculos-historicos\\\/#mainImage\",\"width\":1280,\"height\":854},\"primaryImageOfPage\":{\"@id\":\"https:\\\/\\\/eldigitaldeasturias.com\\\/radio\\\/crece-la-aficion-en-alemania-a-los-vehiculos-historicos\\\/#mainImage\"},\"datePublished\":\"2018-04-07T16:29:43+02:00\",\"dateModified\":\"2018-04-07T16:29:43+02:00\"},{\"@type\":\"WebSite\",\"@id\":\"https:\\\/\\\/eldigitaldeasturias.com\\\/radio\\\/#website\",\"url\":\"https:\\\/\\\/eldigitaldeasturias.com\\\/radio\\\/\",\"name\":\"El Digital de Asturias\",\"description\":\"Diario de informaci\\u00f3n y noticias\",\"inLanguage\":\"es-ES\",\"publisher\":{\"@id\":\"https:\\\/\\\/eldigitaldeasturias.com\\\/radio\\\/#organization\"}}]}\n\t\t<\/script>\n\t\t<!-- All in One SEO Pro -->\r\n\t\t<title>Crece la afici\u00f3n en Alemania a los veh\u00edculos hist\u00f3ricos | El Digital de Asturias<\/title>\n\n","aioseo_head_json":{"title":"Crece la afici\u00f3n en Alemania a los veh\u00edculos hist\u00f3ricos | El Digital de Asturias","description":"Hannover\/Bremen, 7 abr (dpa) - L\u00edneas curvas, mucho cromo y ninguna preocupaci\u00f3n por el consumo de combustible son caracter\u00edsticas propias de muchos coches antiguos, de los que cada vez se ven m\u00e1s en las carreteras de Alemania. Seg\u00fan datos de la Oficina Federal de Veh\u00edculos de Motor, a principios de 2018 circulaban 477.386 veh\u00edculos hist\u00f3ricos","canonical_url":"https:\/\/eldigitaldeasturias.com\/radio\/crece-la-aficion-en-alemania-a-los-vehiculos-historicos\/","robots":"max-image-preview:large","keywords":"variedades","webmasterTools":{"google-site-verification":"UA-38556648-1","miscellaneous":""},"schema":{"@context":"https:\/\/schema.org","@graph":[{"@type":"BreadcrumbList","@id":"https:\/\/eldigitaldeasturias.com\/radio\/crece-la-aficion-en-alemania-a-los-vehiculos-historicos\/#breadcrumblist","itemListElement":[{"@type":"ListItem","@id":"https:\/\/eldigitaldeasturias.com\/radio#listItem","position":1,"name":"Inicio","item":"https:\/\/eldigitaldeasturias.com\/radio","nextItem":{"@type":"ListItem","@id":"https:\/\/eldigitaldeasturias.com\/radio\/category\/variedades\/#listItem","name":"Variedades"}},{"@type":"ListItem","@id":"https:\/\/eldigitaldeasturias.com\/radio\/category\/variedades\/#listItem","position":2,"name":"Variedades","item":"https:\/\/eldigitaldeasturias.com\/radio\/category\/variedades\/","nextItem":{"@type":"ListItem","@id":"https:\/\/eldigitaldeasturias.com\/radio\/crece-la-aficion-en-alemania-a-los-vehiculos-historicos\/#listItem","name":"Crece la afici\u00f3n en Alemania a los veh\u00edculos hist\u00f3ricos"},"previousItem":{"@type":"ListItem","@id":"https:\/\/eldigitaldeasturias.com\/radio#listItem","name":"Inicio"}},{"@type":"ListItem","@id":"https:\/\/eldigitaldeasturias.com\/radio\/crece-la-aficion-en-alemania-a-los-vehiculos-historicos\/#listItem","position":3,"name":"Crece la afici\u00f3n en Alemania a los veh\u00edculos hist\u00f3ricos","previousItem":{"@type":"ListItem","@id":"https:\/\/eldigitaldeasturias.com\/radio\/category\/variedades\/#listItem","name":"Variedades"}}]},{"@type":"NewsArticle","@id":"https:\/\/eldigitaldeasturias.com\/radio\/crece-la-aficion-en-alemania-a-los-vehiculos-historicos\/#newsarticle","name":"Crece la afici\u00f3n en Alemania a los veh\u00edculos hist\u00f3ricos | El Digital de Asturias","headline":"Crece la afici\u00f3n en Alemania a los veh\u00edculos hist\u00f3ricos","author":{"@id":"https:\/\/eldigitaldeasturias.com\/radio\/author\/nbasturias\/#author"},"publisher":{"@id":"https:\/\/eldigitaldeasturias.com\/radio\/#organization"},"image":{"@type":"ImageObject","url":"https:\/\/eldigitaldeasturias.com\/radio\/wp-content\/uploads\/2018\/04\/road-3225199_1280.jpg","width":1280,"height":854},"datePublished":"2018-04-07T16:29:43+02:00","dateModified":"2018-04-07T16:29:43+02:00","inLanguage":"es-ES","mainEntityOfPage":{"@id":"https:\/\/eldigitaldeasturias.com\/radio\/crece-la-aficion-en-alemania-a-los-vehiculos-historicos\/#webpage"},"isPartOf":{"@id":"https:\/\/eldigitaldeasturias.com\/radio\/crece-la-aficion-en-alemania-a-los-vehiculos-historicos\/#webpage"},"articleSection":"Variedades","dateline":"Publicado el abril 7, 2018."},{"@type":"Organization","@id":"https:\/\/eldigitaldeasturias.com\/radio\/#organization","name":"El digital de Asturias Radio","description":"Diario de informaci\u00f3n y noticias","url":"https:\/\/eldigitaldeasturias.com\/radio\/","telephone":"+34652131393","logo":{"@type":"ImageObject","url":"https:\/\/www.eldigitaldeasturias.com\/radio\/wp-content\/uploads\/2021\/03\/EDA.jpg","@id":"https:\/\/eldigitaldeasturias.com\/radio\/crece-la-aficion-en-alemania-a-los-vehiculos-historicos\/#organizationLogo"},"image":{"@id":"https:\/\/eldigitaldeasturias.com\/radio\/crece-la-aficion-en-alemania-a-los-vehiculos-historicos\/#organizationLogo"},"sameAs":["https:\/\/www.facebook.com\/","https:\/\/x.com\/bercodi","https:\/\/www.instagram.com\/","https:\/\/www.youtube.com\/channel\/UCZP-2wLEB9Rv6erhFmqVnvg"]},{"@type":"Person","@id":"https:\/\/eldigitaldeasturias.com\/radio\/author\/nbasturias\/#author","url":"https:\/\/eldigitaldeasturias.com\/radio\/author\/nbasturias\/","name":"NBAsturias","image":{"@type":"ImageObject","@id":"https:\/\/eldigitaldeasturias.com\/radio\/crece-la-aficion-en-alemania-a-los-vehiculos-historicos\/#authorImage","url":"https:\/\/secure.gravatar.com\/avatar\/df2aeffc32bcd13f8d26072ef8a91b623d677766deac7f97ca815868cd41bf5e?s=96&d=mm&r=g","width":96,"height":96,"caption":"NBAsturias"}},{"@type":"WebPage","@id":"https:\/\/eldigitaldeasturias.com\/radio\/crece-la-aficion-en-alemania-a-los-vehiculos-historicos\/#webpage","url":"https:\/\/eldigitaldeasturias.com\/radio\/crece-la-aficion-en-alemania-a-los-vehiculos-historicos\/","name":"Crece la afici\u00f3n en Alemania a los veh\u00edculos hist\u00f3ricos | El Digital de Asturias","description":"Hannover\/Bremen, 7 abr (dpa) - L\u00edneas curvas, mucho cromo y ninguna preocupaci\u00f3n por el consumo de combustible son caracter\u00edsticas propias de muchos coches antiguos, de los que cada vez se ven m\u00e1s en las carreteras de Alemania. Seg\u00fan datos de la Oficina Federal de Veh\u00edculos de Motor, a principios de 2018 circulaban 477.386 veh\u00edculos hist\u00f3ricos","inLanguage":"es-ES","isPartOf":{"@id":"https:\/\/eldigitaldeasturias.com\/radio\/#website"},"breadcrumb":{"@id":"https:\/\/eldigitaldeasturias.com\/radio\/crece-la-aficion-en-alemania-a-los-vehiculos-historicos\/#breadcrumblist"},"author":{"@id":"https:\/\/eldigitaldeasturias.com\/radio\/author\/nbasturias\/#author"},"creator":{"@id":"https:\/\/eldigitaldeasturias.com\/radio\/author\/nbasturias\/#author"},"image":{"@type":"ImageObject","url":"https:\/\/eldigitaldeasturias.com\/radio\/wp-content\/uploads\/2018\/04\/road-3225199_1280.jpg","@id":"https:\/\/eldigitaldeasturias.com\/radio\/crece-la-aficion-en-alemania-a-los-vehiculos-historicos\/#mainImage","width":1280,"height":854},"primaryImageOfPage":{"@id":"https:\/\/eldigitaldeasturias.com\/radio\/crece-la-aficion-en-alemania-a-los-vehiculos-historicos\/#mainImage"},"datePublished":"2018-04-07T16:29:43+02:00","dateModified":"2018-04-07T16:29:43+02:00"},{"@type":"WebSite","@id":"https:\/\/eldigitaldeasturias.com\/radio\/#website","url":"https:\/\/eldigitaldeasturias.com\/radio\/","name":"El Digital de Asturias","description":"Diario de informaci\u00f3n y noticias","inLanguage":"es-ES","publisher":{"@id":"https:\/\/eldigitaldeasturias.com\/radio\/#organization"}}]},"og:locale":"es_ES","og:site_name":"El Digital de Asturias | Diario de informaci\u00f3n y noticias","og:type":"article","og:title":"Crece la afici\u00f3n en Alemania a los veh\u00edculos hist\u00f3ricos | El Digital de Asturias","og:description":"Hannover\/Bremen, 7 abr (dpa) - L\u00edneas curvas, mucho cromo y ninguna preocupaci\u00f3n por el consumo de combustible son caracter\u00edsticas propias de muchos coches antiguos, de los que cada vez se ven m\u00e1s en las carreteras de Alemania. Seg\u00fan datos de la Oficina Federal de Veh\u00edculos de Motor, a principios de 2018 circulaban 477.386 veh\u00edculos hist\u00f3ricos","og:url":"https:\/\/eldigitaldeasturias.com\/radio\/crece-la-aficion-en-alemania-a-los-vehiculos-historicos\/","og:image":"https:\/\/eldigitaldeasturias.com\/radio\/wp-content\/uploads\/2018\/04\/road-3225199_1280.jpg","og:image:secure_url":"https:\/\/eldigitaldeasturias.com\/radio\/wp-content\/uploads\/2018\/04\/road-3225199_1280.jpg","og:image:width":1280,"og:image:height":854,"article:published_time":"2018-04-07T16:29:43+00:00","article:modified_time":"2018-04-07T16:29:43+00:00","twitter:card":"summary_large_image","twitter:site":"@bercodi","twitter:title":"Crece la afici\u00f3n en Alemania a los veh\u00edculos hist\u00f3ricos | El Digital de Asturias","twitter:description":"Hannover\/Bremen, 7 abr (dpa) - L\u00edneas curvas, mucho cromo y ninguna preocupaci\u00f3n por el consumo de combustible son caracter\u00edsticas propias de muchos coches antiguos, de los que cada vez se ven m\u00e1s en las carreteras de Alemania. Seg\u00fan datos de la Oficina Federal de Veh\u00edculos de Motor, a principios de 2018 circulaban 477.386 veh\u00edculos hist\u00f3ricos","twitter:creator":"@bercodi","twitter:image":"https:\/\/eldigitaldeasturias.com\/radio\/wp-content\/uploads\/2018\/04\/road-3225199_1280.jpg"},"aioseo_meta_data":{"post_id":"607","title":null,"description":null,"keywords":null,"keyphrases":null,"primary_term":null,"canonical_url":null,"og_title":null,"og_description":null,"og_object_type":"default","og_image_type":"default","og_image_url":null,"og_image_width":null,"og_image_height":null,"og_image_custom_url":null,"og_image_custom_fields":null,"og_video":null,"og_custom_url":null,"og_article_section":null,"og_article_tags":null,"twitter_use_og":false,"twitter_card":"default","twitter_image_type":"default","twitter_image_url":null,"twitter_image_custom_url":null,"twitter_image_custom_fields":null,"twitter_title":null,"twitter_description":null,"schema":{"blockGraphs":[],"customGraphs":[],"default":{"data":{"Article":[],"Course":[],"Dataset":[],"FAQPage":[],"Movie":[],"Person":[],"Product":[],"ProductReview":[],"Car":[],"Recipe":[],"Service":[],"SoftwareApplication":[],"WebPage":[]},"graphName":"","isEnabled":true},"graphs":[],"defaultGraph":"","defaultPostTypeGraph":""},"schema_type":null,"schema_type_options":null,"pillar_content":false,"robots_default":true,"robots_noindex":false,"robots_noarchive":false,"robots_nosnippet":false,"robots_nofollow":false,"robots_noimageindex":false,"robots_noodp":false,"robots_notranslate":false,"robots_max_snippet":null,"robots_max_videopreview":null,"robots_max_imagepreview":"large","priority":null,"frequency":null,"location":null,"local_seo":null,"seo_analyzer_scan_date":"2025-08-28 08:48:30","breadcrumb_settings":null,"limit_modified_date":false,"open_ai":null,"ai":null,"created":"2021-03-25 14:30:24","updated":"2025-08-28 08:48:30"},"aioseo_breadcrumb":"<div class=\"aioseo-breadcrumbs\"><span class=\"aioseo-breadcrumb\">\n\t<a href=\"https:\/\/eldigitaldeasturias.com\/radio\" title=\"Inicio\">Inicio<\/a>\n<\/span><span class=\"aioseo-breadcrumb-separator\">&ndash;<\/span><span class=\"aioseo-breadcrumb\">\n\t<a href=\"https:\/\/eldigitaldeasturias.com\/radio\/category\/variedades\/\" title=\"Variedades\">Variedades<\/a>\n<\/span><span class=\"aioseo-breadcrumb-separator\">&ndash;<\/span><span class=\"aioseo-breadcrumb\">\n\tCrece la afici\u00f3n en Alemania a los veh\u00edculos hist\u00f3ricos\n<\/span><\/div>","aioseo_breadcrumb_json":[{"label":"Inicio","link":"https:\/\/eldigitaldeasturias.com\/radio"},{"label":"Variedades","link":"https:\/\/eldigitaldeasturias.com\/radio\/category\/variedades\/"},{"label":"Crece la afici\u00f3n en Alemania a los veh\u00edculos hist\u00f3ricos","link":"https:\/\/eldigitaldeasturias.com\/radio\/crece-la-aficion-en-alemania-a-los-vehiculos-historicos\/"}],"_links":{"self":[{"href":"https:\/\/eldigitaldeasturias.com\/radio\/wp-json\/wp\/v2\/posts\/607","targetHints":{"allow":["GET"]}}],"collection":[{"href":"https:\/\/eldigitaldeasturias.com\/radio\/wp-json\/wp\/v2\/posts"}],"about":[{"href":"https:\/\/eldigitaldeasturias.com\/radio\/wp-json\/wp\/v2\/types\/post"}],"author":[{"embeddable":true,"href":"https:\/\/eldigitaldeasturias.com\/radio\/wp-json\/wp\/v2\/users\/1"}],"replies":[{"embeddable":true,"href":"https:\/\/eldigitaldeasturias.com\/radio\/wp-json\/wp\/v2\/comments?post=607"}],"version-history":[{"count":0,"href":"https:\/\/eldigitaldeasturias.com\/radio\/wp-json\/wp\/v2\/posts\/607\/revisions"}],"wp:featuredmedia":[{"embeddable":true,"href":"https:\/\/eldigitaldeasturias.com\/radio\/wp-json\/wp\/v2\/media\/608"}],"wp:attachment":[{"href":"https:\/\/eldigitaldeasturias.com\/radio\/wp-json\/wp\/v2\/media?parent=607"}],"wp:term":[{"taxonomy":"category","embeddable":true,"href":"https:\/\/eldigitaldeasturias.com\/radio\/wp-json\/wp\/v2\/categories?post=607"},{"taxonomy":"post_tag","embeddable":true,"href":"https:\/\/eldigitaldeasturias.com\/radio\/wp-json\/wp\/v2\/tags?post=607"}],"curies":[{"name":"wp","href":"https:\/\/api.w.org\/{rel}","templated":true}]}}