{"id":6065,"date":"2021-07-30T11:03:10","date_gmt":"2021-07-30T11:03:10","guid":{"rendered":"http:\/\/eldigitaldeasturias.com\/radio\/?p=6065"},"modified":"2021-07-30T11:03:10","modified_gmt":"2021-07-30T11:03:10","slug":"el-test-rapido-de-nal-von-minden-detecta-la-variante-delta","status":"publish","type":"post","link":"https:\/\/eldigitaldeasturias.com\/radio\/el-test-rapido-de-nal-von-minden-detecta-la-variante-delta\/","title":{"rendered":"El test r\u00e1pido de nal von minden detecta la variante Delta"},"content":{"rendered":"<p><img fetchpriority=\"high\" decoding=\"async\" class=\"alignleft size-medium wp-image-6066\" src=\"https:\/\/eldigitaldeasturias.com\/radio\/wp-content\/uploads\/2021\/07\/nal-von-minden-360x262.jpg\" alt=\"nal von minden \" width=\"360\" height=\"262\" srcset=\"https:\/\/eldigitaldeasturias.com\/radio\/wp-content\/uploads\/2021\/07\/nal-von-minden-360x262.jpg 360w, https:\/\/eldigitaldeasturias.com\/radio\/wp-content\/uploads\/2021\/07\/nal-von-minden-1024x744.jpg 1024w, https:\/\/eldigitaldeasturias.com\/radio\/wp-content\/uploads\/2021\/07\/nal-von-minden-768x558.jpg 768w, https:\/\/eldigitaldeasturias.com\/radio\/wp-content\/uploads\/2021\/07\/nal-von-minden.jpg 1051w\" sizes=\"(max-width: 360px) 100vw, 360px\" \/>Ante el avance de la variante Delta, el Ministerio Federal de Salud de Alemania aconseja, para detenerla, el uso de los test r\u00e1pidos para asegurar que no se es portador. El problema, hasta ahora, estaba en que los test no detectaban esta mutaci\u00f3n del coronavirus de forma fiable. Sin embargo, los \u00faltimos estudios de la empresa de tecnolog\u00eda m\u00e9dica Nal Van Minden han demostrado que su test de ant\u00edgenos s\u00ed es capaz de detectarla y, as\u00ed, de detener este nuevo brote.<strong>\u00a0<\/strong><\/p>\n<p>\u201c<em>Hemos conseguido que nuestro test r\u00e1pido detecte de forma fiable la variante Delta<\/em>\u201d, dice Tobias Roth, bioqu\u00edmico de <strong><span style=\"color: #ff6600;\"><a style=\"color: #ff6600;\" href=\"http:\/\/www.nal-vonminden.com\/\" target=\"_blank\" rel=\"noopener\">nal von minden<\/a><\/span><\/strong> GmbH especializado en virolog\u00eda.<\/p>\n<p>As\u00ed lo demuestra, adem\u00e1s, un estudio actual realizado por la empresa de tecnolog\u00eda m\u00e9dica de Moers, en Alemania. \u201c<em>Se nos enviaron prote\u00ednas virales de la variante Delta mutada y luego realizamos varias series de pruebas utilizando nuestro propio test r\u00e1pido. El resultado es claro: la variante Delta se detecta. Dado que la variante Delta es particularmente contagiosa y muy extendida, la gente necesita sentir seguridad acerca de la calidad de los test r\u00e1pidos y de uso dom\u00e9stico. Por lo tanto, era muy importante para nosotros examinar de cerca la variante Delta en relaci\u00f3n con nuestro test r\u00e1pido de coronavirus<\/em>\u00ab.<\/p>\n<p>Para el estudio, nal von minden GmbH gener\u00f3 diferentes series de diluciones de la prote\u00edna de la nucleoc\u00e1pside (prote\u00edna N) de la variante Delta como analito para detectar una infecci\u00f3n por coronavirus ya que act\u00faa como una capa estable que rodea el material gen\u00e9tico (ARN) dentro del coronavirus.<\/p>\n<p>A continuaci\u00f3n, se utiliza el test de esta empresa alemana para examinar todas las concentraciones de la serie de diluciones en tres series de test id\u00e9nticas (r\u00e9plicas). \u201cPodemos detectar la variante Delta con la misma fiabilidad que la cepa original. Adem\u00e1s, otros estudios han demostrado que las mutaciones anteriores (a las que los cient\u00edficos denominan \u00abvariantes preocupantes\u00bb) de Gran Breta\u00f1a, Sud\u00e1frica y Brasil (B.1.1.7, B.1.351 y P.1) tambi\u00e9n se reconocen f\u00e1cilmente\u201d explican desde la compa\u00f1\u00eda.<\/p>\n<p>Con este test, la especificidad diagn\u00f3stica es superior al 99,9%, mientras que la sensibilidad diagn\u00f3stica es del 97,56%.\u00a0 Un hisopo obtenido de la fosa nasal inferior es todo lo que se necesita para realizar un test de ant\u00edgenos NADAL COVID-19. Los resultados est\u00e1n disponibles a los 15 minutos.<\/p>\n<h2><u>Informaci\u00f3n de la empresa:<\/u> <strong>nal von minden GmbH<\/strong><\/h2>\n<p>nal von minden GmbH, con sede en Moers (Alemania) es especialista en el campo del diagn\u00f3stico m\u00e9dico desde hace 38 a\u00f1os. Su cat\u00e1logo incluye test r\u00e1pidos y test de laboratorio para diagn\u00f3sticos fiables en los campos de la bacteriolog\u00eda, cardiolog\u00eda, ginecolog\u00eda, enfermedades infecciosas, urolog\u00eda y toxicolog\u00eda. nal von minden GmbH tiene en total unos 230 empleados en 9 emplazamientos europeos. www.nal-vonminden.com<\/p>\n","protected":false},"excerpt":{"rendered":"<p>Ante el avance de la variante Delta, el Ministerio Federal de Salud de Alemania aconseja, para detenerla, el uso de los test r\u00e1pidos para asegurar que no se es portador. El problema, hasta ahora, estaba en que los test no detectaban esta mutaci\u00f3n del coronavirus de forma fiable. Sin embargo, los \u00faltimos estudios de la<\/p>\n","protected":false},"author":1,"featured_media":6066,"comment_status":"closed","ping_status":"closed","sticky":false,"template":"","format":"standard","meta":{"footnotes":""},"categories":[1],"tags":[],"class_list":{"0":"post-6065","1":"post","2":"type-post","3":"status-publish","4":"format-standard","5":"has-post-thumbnail","7":"category-noticias"},"aioseo_notices":[],"aioseo_head":"\n\t\t<!-- All in One SEO Pro 4.9.6.2 - aioseo.com -->\n\t<meta name=\"description\" content=\"Ante el avance de la variante Delta, el Ministerio Federal de Salud de Alemania aconseja, para detenerla, el uso de los test r\u00e1pidos para asegurar que no se ..\" \/>\n\t<meta name=\"robots\" content=\"max-image-preview:large\" \/>\n\t<meta name=\"author\" content=\"NBAsturias\"\/>\n\t<meta name=\"google-site-verification\" content=\"UA-38556648-1\" \/>\n\t<meta name=\"keywords\" content=\"noticias\" \/>\n\t<link rel=\"canonical\" href=\"https:\/\/eldigitaldeasturias.com\/radio\/el-test-rapido-de-nal-von-minden-detecta-la-variante-delta\/\" \/>\n\t<meta name=\"generator\" content=\"All in One SEO Pro (AIOSEO) 4.9.6.2\" \/>\n\t\t<meta property=\"og:locale\" content=\"es_ES\" \/>\n\t\t<meta property=\"og:site_name\" content=\"El Digital de Asturias | Diario de informaci\u00f3n y noticias\" \/>\n\t\t<meta property=\"og:type\" content=\"article\" \/>\n\t\t<meta property=\"og:title\" content=\"El test r\u00e1pido de nal von minden detecta la variante Delta | El Digital de Asturias\" \/>\n\t\t<meta property=\"og:description\" content=\"Ante el avance de la variante Delta, el Ministerio Federal de Salud de Alemania aconseja, para detenerla, el uso de los test r\u00e1pidos para asegurar que no se ..\" \/>\n\t\t<meta property=\"og:url\" content=\"https:\/\/eldigitaldeasturias.com\/radio\/el-test-rapido-de-nal-von-minden-detecta-la-variante-delta\/\" \/>\n\t\t<meta property=\"og:image\" content=\"https:\/\/eldigitaldeasturias.com\/radio\/wp-content\/uploads\/2021\/07\/nal-von-minden.jpg\" \/>\n\t\t<meta property=\"og:image:secure_url\" content=\"https:\/\/eldigitaldeasturias.com\/radio\/wp-content\/uploads\/2021\/07\/nal-von-minden.jpg\" \/>\n\t\t<meta property=\"og:image:width\" content=\"1051\" \/>\n\t\t<meta property=\"og:image:height\" content=\"764\" \/>\n\t\t<meta property=\"article:published_time\" content=\"2021-07-30T11:03:10+00:00\" \/>\n\t\t<meta property=\"article:modified_time\" content=\"2021-07-30T11:03:10+00:00\" \/>\n\t\t<meta name=\"twitter:card\" content=\"summary_large_image\" \/>\n\t\t<meta name=\"twitter:site\" content=\"@bercodi\" \/>\n\t\t<meta name=\"twitter:title\" content=\"El test r\u00e1pido de nal von minden detecta la variante Delta | El Digital de Asturias\" \/>\n\t\t<meta name=\"twitter:description\" content=\"Ante el avance de la variante Delta, el Ministerio Federal de Salud de Alemania aconseja, para detenerla, el uso de los test r\u00e1pidos para asegurar que no se ..\" \/>\n\t\t<meta name=\"twitter:creator\" content=\"@bercodi\" \/>\n\t\t<meta name=\"twitter:image\" content=\"https:\/\/eldigitaldeasturias.com\/radio\/wp-content\/uploads\/2021\/07\/nal-von-minden.jpg\" \/>\n\t\t<script type=\"application\/ld+json\" class=\"aioseo-schema\">\n\t\t\t{\"@context\":\"https:\\\/\\\/schema.org\",\"@graph\":[{\"@type\":\"BreadcrumbList\",\"@id\":\"https:\\\/\\\/eldigitaldeasturias.com\\\/radio\\\/el-test-rapido-de-nal-von-minden-detecta-la-variante-delta\\\/#breadcrumblist\",\"itemListElement\":[{\"@type\":\"ListItem\",\"@id\":\"https:\\\/\\\/eldigitaldeasturias.com\\\/radio#listItem\",\"position\":1,\"name\":\"Inicio\",\"item\":\"https:\\\/\\\/eldigitaldeasturias.com\\\/radio\",\"nextItem\":{\"@type\":\"ListItem\",\"@id\":\"https:\\\/\\\/eldigitaldeasturias.com\\\/radio\\\/category\\\/noticias\\\/#listItem\",\"name\":\"Noticias\"}},{\"@type\":\"ListItem\",\"@id\":\"https:\\\/\\\/eldigitaldeasturias.com\\\/radio\\\/category\\\/noticias\\\/#listItem\",\"position\":2,\"name\":\"Noticias\",\"item\":\"https:\\\/\\\/eldigitaldeasturias.com\\\/radio\\\/category\\\/noticias\\\/\",\"nextItem\":{\"@type\":\"ListItem\",\"@id\":\"https:\\\/\\\/eldigitaldeasturias.com\\\/radio\\\/el-test-rapido-de-nal-von-minden-detecta-la-variante-delta\\\/#listItem\",\"name\":\"El test r\\u00e1pido de nal von minden detecta la variante Delta\"},\"previousItem\":{\"@type\":\"ListItem\",\"@id\":\"https:\\\/\\\/eldigitaldeasturias.com\\\/radio#listItem\",\"name\":\"Inicio\"}},{\"@type\":\"ListItem\",\"@id\":\"https:\\\/\\\/eldigitaldeasturias.com\\\/radio\\\/el-test-rapido-de-nal-von-minden-detecta-la-variante-delta\\\/#listItem\",\"position\":3,\"name\":\"El test r\\u00e1pido de nal von minden detecta la variante Delta\",\"previousItem\":{\"@type\":\"ListItem\",\"@id\":\"https:\\\/\\\/eldigitaldeasturias.com\\\/radio\\\/category\\\/noticias\\\/#listItem\",\"name\":\"Noticias\"}}]},{\"@type\":\"NewsArticle\",\"@id\":\"https:\\\/\\\/eldigitaldeasturias.com\\\/radio\\\/el-test-rapido-de-nal-von-minden-detecta-la-variante-delta\\\/#newsarticle\",\"name\":\"El test r\\u00e1pido de nal von minden detecta la variante Delta | El Digital de Asturias\",\"headline\":\"El test r\\u00e1pido de nal von minden detecta la variante Delta\",\"author\":{\"@id\":\"https:\\\/\\\/eldigitaldeasturias.com\\\/radio\\\/author\\\/nbasturias\\\/#author\"},\"publisher\":{\"@id\":\"https:\\\/\\\/eldigitaldeasturias.com\\\/radio\\\/#organization\"},\"image\":{\"@type\":\"ImageObject\",\"url\":\"https:\\\/\\\/eldigitaldeasturias.com\\\/radio\\\/wp-content\\\/uploads\\\/2021\\\/07\\\/nal-von-minden.jpg\",\"width\":1051,\"height\":764,\"caption\":\"nal von minden\"},\"datePublished\":\"2021-07-30T11:03:10+02:00\",\"dateModified\":\"2021-07-30T11:03:10+02:00\",\"inLanguage\":\"es-ES\",\"mainEntityOfPage\":{\"@id\":\"https:\\\/\\\/eldigitaldeasturias.com\\\/radio\\\/el-test-rapido-de-nal-von-minden-detecta-la-variante-delta\\\/#webpage\"},\"isPartOf\":{\"@id\":\"https:\\\/\\\/eldigitaldeasturias.com\\\/radio\\\/el-test-rapido-de-nal-von-minden-detecta-la-variante-delta\\\/#webpage\"},\"articleSection\":\"Noticias\",\"dateline\":\"Publicado el julio 30, 2021.\"},{\"@type\":\"Organization\",\"@id\":\"https:\\\/\\\/eldigitaldeasturias.com\\\/radio\\\/#organization\",\"name\":\"El digital de Asturias Radio\",\"description\":\"Diario de informaci\\u00f3n y noticias\",\"url\":\"https:\\\/\\\/eldigitaldeasturias.com\\\/radio\\\/\",\"telephone\":\"+34652131393\",\"logo\":{\"@type\":\"ImageObject\",\"url\":\"https:\\\/\\\/www.eldigitaldeasturias.com\\\/radio\\\/wp-content\\\/uploads\\\/2021\\\/03\\\/EDA.jpg\",\"@id\":\"https:\\\/\\\/eldigitaldeasturias.com\\\/radio\\\/el-test-rapido-de-nal-von-minden-detecta-la-variante-delta\\\/#organizationLogo\"},\"image\":{\"@id\":\"https:\\\/\\\/eldigitaldeasturias.com\\\/radio\\\/el-test-rapido-de-nal-von-minden-detecta-la-variante-delta\\\/#organizationLogo\"},\"sameAs\":[\"https:\\\/\\\/www.facebook.com\\\/\",\"https:\\\/\\\/x.com\\\/bercodi\",\"https:\\\/\\\/www.instagram.com\\\/\",\"https:\\\/\\\/www.youtube.com\\\/channel\\\/UCZP-2wLEB9Rv6erhFmqVnvg\"]},{\"@type\":\"Person\",\"@id\":\"https:\\\/\\\/eldigitaldeasturias.com\\\/radio\\\/author\\\/nbasturias\\\/#author\",\"url\":\"https:\\\/\\\/eldigitaldeasturias.com\\\/radio\\\/author\\\/nbasturias\\\/\",\"name\":\"NBAsturias\",\"image\":{\"@type\":\"ImageObject\",\"@id\":\"https:\\\/\\\/eldigitaldeasturias.com\\\/radio\\\/el-test-rapido-de-nal-von-minden-detecta-la-variante-delta\\\/#authorImage\",\"url\":\"https:\\\/\\\/secure.gravatar.com\\\/avatar\\\/df2aeffc32bcd13f8d26072ef8a91b623d677766deac7f97ca815868cd41bf5e?s=96&d=mm&r=g\",\"width\":96,\"height\":96,\"caption\":\"NBAsturias\"}},{\"@type\":\"WebPage\",\"@id\":\"https:\\\/\\\/eldigitaldeasturias.com\\\/radio\\\/el-test-rapido-de-nal-von-minden-detecta-la-variante-delta\\\/#webpage\",\"url\":\"https:\\\/\\\/eldigitaldeasturias.com\\\/radio\\\/el-test-rapido-de-nal-von-minden-detecta-la-variante-delta\\\/\",\"name\":\"El test r\\u00e1pido de nal von minden detecta la variante Delta | El Digital de Asturias\",\"description\":\"Ante el avance de la variante Delta, el Ministerio Federal de Salud de Alemania aconseja, para detenerla, el uso de los test r\\u00e1pidos para asegurar que no se ..\",\"inLanguage\":\"es-ES\",\"isPartOf\":{\"@id\":\"https:\\\/\\\/eldigitaldeasturias.com\\\/radio\\\/#website\"},\"breadcrumb\":{\"@id\":\"https:\\\/\\\/eldigitaldeasturias.com\\\/radio\\\/el-test-rapido-de-nal-von-minden-detecta-la-variante-delta\\\/#breadcrumblist\"},\"author\":{\"@id\":\"https:\\\/\\\/eldigitaldeasturias.com\\\/radio\\\/author\\\/nbasturias\\\/#author\"},\"creator\":{\"@id\":\"https:\\\/\\\/eldigitaldeasturias.com\\\/radio\\\/author\\\/nbasturias\\\/#author\"},\"image\":{\"@type\":\"ImageObject\",\"url\":\"https:\\\/\\\/eldigitaldeasturias.com\\\/radio\\\/wp-content\\\/uploads\\\/2021\\\/07\\\/nal-von-minden.jpg\",\"@id\":\"https:\\\/\\\/eldigitaldeasturias.com\\\/radio\\\/el-test-rapido-de-nal-von-minden-detecta-la-variante-delta\\\/#mainImage\",\"width\":1051,\"height\":764,\"caption\":\"nal von minden\"},\"primaryImageOfPage\":{\"@id\":\"https:\\\/\\\/eldigitaldeasturias.com\\\/radio\\\/el-test-rapido-de-nal-von-minden-detecta-la-variante-delta\\\/#mainImage\"},\"datePublished\":\"2021-07-30T11:03:10+02:00\",\"dateModified\":\"2021-07-30T11:03:10+02:00\"},{\"@type\":\"WebSite\",\"@id\":\"https:\\\/\\\/eldigitaldeasturias.com\\\/radio\\\/#website\",\"url\":\"https:\\\/\\\/eldigitaldeasturias.com\\\/radio\\\/\",\"name\":\"El Digital de Asturias\",\"description\":\"Diario de informaci\\u00f3n y noticias\",\"inLanguage\":\"es-ES\",\"publisher\":{\"@id\":\"https:\\\/\\\/eldigitaldeasturias.com\\\/radio\\\/#organization\"}}]}\n\t\t<\/script>\n\t\t<!-- All in One SEO Pro -->\r\n\t\t<title>El test r\u00e1pido de nal von minden detecta la variante Delta | El Digital de Asturias<\/title>\n\n","aioseo_head_json":{"title":"El test r\u00e1pido de nal von minden detecta la variante Delta | El Digital de Asturias","description":"Ante el avance de la variante Delta, el Ministerio Federal de Salud de Alemania aconseja, para detenerla, el uso de los test r\u00e1pidos para asegurar que no se ..","canonical_url":"https:\/\/eldigitaldeasturias.com\/radio\/el-test-rapido-de-nal-von-minden-detecta-la-variante-delta\/","robots":"max-image-preview:large","keywords":"noticias","webmasterTools":{"google-site-verification":"UA-38556648-1","miscellaneous":""},"schema":{"@context":"https:\/\/schema.org","@graph":[{"@type":"BreadcrumbList","@id":"https:\/\/eldigitaldeasturias.com\/radio\/el-test-rapido-de-nal-von-minden-detecta-la-variante-delta\/#breadcrumblist","itemListElement":[{"@type":"ListItem","@id":"https:\/\/eldigitaldeasturias.com\/radio#listItem","position":1,"name":"Inicio","item":"https:\/\/eldigitaldeasturias.com\/radio","nextItem":{"@type":"ListItem","@id":"https:\/\/eldigitaldeasturias.com\/radio\/category\/noticias\/#listItem","name":"Noticias"}},{"@type":"ListItem","@id":"https:\/\/eldigitaldeasturias.com\/radio\/category\/noticias\/#listItem","position":2,"name":"Noticias","item":"https:\/\/eldigitaldeasturias.com\/radio\/category\/noticias\/","nextItem":{"@type":"ListItem","@id":"https:\/\/eldigitaldeasturias.com\/radio\/el-test-rapido-de-nal-von-minden-detecta-la-variante-delta\/#listItem","name":"El test r\u00e1pido de nal von minden detecta la variante Delta"},"previousItem":{"@type":"ListItem","@id":"https:\/\/eldigitaldeasturias.com\/radio#listItem","name":"Inicio"}},{"@type":"ListItem","@id":"https:\/\/eldigitaldeasturias.com\/radio\/el-test-rapido-de-nal-von-minden-detecta-la-variante-delta\/#listItem","position":3,"name":"El test r\u00e1pido de nal von minden detecta la variante Delta","previousItem":{"@type":"ListItem","@id":"https:\/\/eldigitaldeasturias.com\/radio\/category\/noticias\/#listItem","name":"Noticias"}}]},{"@type":"NewsArticle","@id":"https:\/\/eldigitaldeasturias.com\/radio\/el-test-rapido-de-nal-von-minden-detecta-la-variante-delta\/#newsarticle","name":"El test r\u00e1pido de nal von minden detecta la variante Delta | El Digital de Asturias","headline":"El test r\u00e1pido de nal von minden detecta la variante Delta","author":{"@id":"https:\/\/eldigitaldeasturias.com\/radio\/author\/nbasturias\/#author"},"publisher":{"@id":"https:\/\/eldigitaldeasturias.com\/radio\/#organization"},"image":{"@type":"ImageObject","url":"https:\/\/eldigitaldeasturias.com\/radio\/wp-content\/uploads\/2021\/07\/nal-von-minden.jpg","width":1051,"height":764,"caption":"nal von minden"},"datePublished":"2021-07-30T11:03:10+02:00","dateModified":"2021-07-30T11:03:10+02:00","inLanguage":"es-ES","mainEntityOfPage":{"@id":"https:\/\/eldigitaldeasturias.com\/radio\/el-test-rapido-de-nal-von-minden-detecta-la-variante-delta\/#webpage"},"isPartOf":{"@id":"https:\/\/eldigitaldeasturias.com\/radio\/el-test-rapido-de-nal-von-minden-detecta-la-variante-delta\/#webpage"},"articleSection":"Noticias","dateline":"Publicado el julio 30, 2021."},{"@type":"Organization","@id":"https:\/\/eldigitaldeasturias.com\/radio\/#organization","name":"El digital de Asturias Radio","description":"Diario de informaci\u00f3n y noticias","url":"https:\/\/eldigitaldeasturias.com\/radio\/","telephone":"+34652131393","logo":{"@type":"ImageObject","url":"https:\/\/www.eldigitaldeasturias.com\/radio\/wp-content\/uploads\/2021\/03\/EDA.jpg","@id":"https:\/\/eldigitaldeasturias.com\/radio\/el-test-rapido-de-nal-von-minden-detecta-la-variante-delta\/#organizationLogo"},"image":{"@id":"https:\/\/eldigitaldeasturias.com\/radio\/el-test-rapido-de-nal-von-minden-detecta-la-variante-delta\/#organizationLogo"},"sameAs":["https:\/\/www.facebook.com\/","https:\/\/x.com\/bercodi","https:\/\/www.instagram.com\/","https:\/\/www.youtube.com\/channel\/UCZP-2wLEB9Rv6erhFmqVnvg"]},{"@type":"Person","@id":"https:\/\/eldigitaldeasturias.com\/radio\/author\/nbasturias\/#author","url":"https:\/\/eldigitaldeasturias.com\/radio\/author\/nbasturias\/","name":"NBAsturias","image":{"@type":"ImageObject","@id":"https:\/\/eldigitaldeasturias.com\/radio\/el-test-rapido-de-nal-von-minden-detecta-la-variante-delta\/#authorImage","url":"https:\/\/secure.gravatar.com\/avatar\/df2aeffc32bcd13f8d26072ef8a91b623d677766deac7f97ca815868cd41bf5e?s=96&d=mm&r=g","width":96,"height":96,"caption":"NBAsturias"}},{"@type":"WebPage","@id":"https:\/\/eldigitaldeasturias.com\/radio\/el-test-rapido-de-nal-von-minden-detecta-la-variante-delta\/#webpage","url":"https:\/\/eldigitaldeasturias.com\/radio\/el-test-rapido-de-nal-von-minden-detecta-la-variante-delta\/","name":"El test r\u00e1pido de nal von minden detecta la variante Delta | El Digital de Asturias","description":"Ante el avance de la variante Delta, el Ministerio Federal de Salud de Alemania aconseja, para detenerla, el uso de los test r\u00e1pidos para asegurar que no se ..","inLanguage":"es-ES","isPartOf":{"@id":"https:\/\/eldigitaldeasturias.com\/radio\/#website"},"breadcrumb":{"@id":"https:\/\/eldigitaldeasturias.com\/radio\/el-test-rapido-de-nal-von-minden-detecta-la-variante-delta\/#breadcrumblist"},"author":{"@id":"https:\/\/eldigitaldeasturias.com\/radio\/author\/nbasturias\/#author"},"creator":{"@id":"https:\/\/eldigitaldeasturias.com\/radio\/author\/nbasturias\/#author"},"image":{"@type":"ImageObject","url":"https:\/\/eldigitaldeasturias.com\/radio\/wp-content\/uploads\/2021\/07\/nal-von-minden.jpg","@id":"https:\/\/eldigitaldeasturias.com\/radio\/el-test-rapido-de-nal-von-minden-detecta-la-variante-delta\/#mainImage","width":1051,"height":764,"caption":"nal von minden"},"primaryImageOfPage":{"@id":"https:\/\/eldigitaldeasturias.com\/radio\/el-test-rapido-de-nal-von-minden-detecta-la-variante-delta\/#mainImage"},"datePublished":"2021-07-30T11:03:10+02:00","dateModified":"2021-07-30T11:03:10+02:00"},{"@type":"WebSite","@id":"https:\/\/eldigitaldeasturias.com\/radio\/#website","url":"https:\/\/eldigitaldeasturias.com\/radio\/","name":"El Digital de Asturias","description":"Diario de informaci\u00f3n y noticias","inLanguage":"es-ES","publisher":{"@id":"https:\/\/eldigitaldeasturias.com\/radio\/#organization"}}]},"og:locale":"es_ES","og:site_name":"El Digital de Asturias | Diario de informaci\u00f3n y noticias","og:type":"article","og:title":"El test r\u00e1pido de nal von minden detecta la variante Delta | El Digital de Asturias","og:description":"Ante el avance de la variante Delta, el Ministerio Federal de Salud de Alemania aconseja, para detenerla, el uso de los test r\u00e1pidos para asegurar que no se ..","og:url":"https:\/\/eldigitaldeasturias.com\/radio\/el-test-rapido-de-nal-von-minden-detecta-la-variante-delta\/","og:image":"https:\/\/eldigitaldeasturias.com\/radio\/wp-content\/uploads\/2021\/07\/nal-von-minden.jpg","og:image:secure_url":"https:\/\/eldigitaldeasturias.com\/radio\/wp-content\/uploads\/2021\/07\/nal-von-minden.jpg","og:image:width":1051,"og:image:height":764,"article:published_time":"2021-07-30T11:03:10+00:00","article:modified_time":"2021-07-30T11:03:10+00:00","twitter:card":"summary_large_image","twitter:site":"@bercodi","twitter:title":"El test r\u00e1pido de nal von minden detecta la variante Delta | El Digital de Asturias","twitter:description":"Ante el avance de la variante Delta, el Ministerio Federal de Salud de Alemania aconseja, para detenerla, el uso de los test r\u00e1pidos para asegurar que no se ..","twitter:creator":"@bercodi","twitter:image":"https:\/\/eldigitaldeasturias.com\/radio\/wp-content\/uploads\/2021\/07\/nal-von-minden.jpg"},"aioseo_meta_data":{"post_id":"6065","title":null,"description":"Ante el avance de la variante Delta, el Ministerio Federal de Salud de Alemania aconseja, para detenerla, el uso de los test r\u00e1pidos para asegurar que no se ..","keywords":[],"keyphrases":{"focus":{"keyphrase":"test","score":73,"analysis":{"keyphraseInTitle":{"title":"Frase clave objetivo en el t\u00edtulo SEO","description":"Frase clave objetivo encontrada en el t\u00edtulo SEO.","score":9,"maxScore":9,"error":0},"keyphraseInDescription":{"title":"Frase clave objetivo en la meta descripci\u00f3n","description":"Frase clave objetivo encontrada en la meta descripci\u00f3n.","score":9,"maxScore":9,"error":0},"keyphraseInURL":{"title":"Frase clave objetivo en la URL","description":"Frase clave objetivo no encontrada en la URL.","score":1,"maxScore":5,"error":1},"keyphraseLength":{"title":"Longitud de la Frase clave objetivo","description":"\u00a1Buen trabajo!","score":9,"maxScore":9,"error":0,"length":1},"keyphraseInIntroduction":{"title":"Frase clave objetivo en la introducci\u00f3n","description":"Su Frase clave objetivo aparece en el primer p\u00e1rrafo. \u00a1Bien hecho!","score":9,"maxScore":9,"error":0},"keyphraseInSubHeadings":{"title":"Frase clave objetivo sus subt\u00edtulos","description":"Use your focus keyphrase more in your H2 and H3 subheadings.","score":3,"maxScore":9,"error":1},"keyphraseInImageAlt":{"title":"Frase clave objetivo en los atributos alt de la imagen.","description":"Frase clave objetivo no se encuentra en los atributos alt de la imagen. A\u00f1ada una imagen con su Frase clave objetivo como texto alternativo.","score":3,"maxScore":9,"error":1}}},"additional":[{"keyphrase":"test r\u00e1pidos","score":83,"analysis":{"keyphraseInDescription":{"title":"Frase clave en la meta descripci\u00f3n","description":"Frase clave encontrada en la meta descripci\u00f3n.","score":9,"maxScore":9,"error":0},"keyphraseLength":{"title":"Longitud de la Frase clave","description":"\u00a1Buen trabajo!","score":9,"maxScore":9,"error":0,"length":2},"keyphraseInIntroduction":{"title":"Frase clave en la introducci\u00f3n","description":"Su Frase clave aparece en el primer p\u00e1rrafo. \u00a1Bien hecho!","score":9,"maxScore":9,"error":0},"keyphraseInImageAlt":{"title":"Frase clave en los atributos alt de la imagen.","description":"Frase clave no se encuentra en los atributos alt de la imagen. A\u00f1ada una imagen con su Frase clave como texto alternativo.","score":3,"maxScore":9,"error":1}}},{"keyphrase":"variante Delta","score":83,"analysis":{"keyphraseInDescription":{"title":"Frase clave en la meta descripci\u00f3n","description":"Frase clave encontrada en la meta descripci\u00f3n.","score":9,"maxScore":9,"error":0},"keyphraseLength":{"title":"Longitud de la Frase clave","description":"\u00a1Buen trabajo!","score":9,"maxScore":9,"error":0,"length":2},"keyphraseInIntroduction":{"title":"Frase clave en la introducci\u00f3n","description":"Su Frase clave aparece en el primer p\u00e1rrafo. \u00a1Bien hecho!","score":9,"maxScore":9,"error":0},"keyphraseInImageAlt":{"title":"Frase clave en los atributos alt de la imagen.","description":"Frase clave no se encuentra en los atributos alt de la imagen. A\u00f1ada una imagen con su Frase clave como texto alternativo.","score":3,"maxScore":9,"error":1}}},{"keyphrase":"Salud ","score":83,"analysis":{"keyphraseInDescription":{"title":"Frase clave en la meta descripci\u00f3n","description":"Frase clave encontrada en la meta descripci\u00f3n.","score":9,"maxScore":9,"error":0},"keyphraseLength":{"title":"Longitud de la Frase clave","description":"\u00a1Buen trabajo!","score":9,"maxScore":9,"error":0,"length":1},"keyphraseInIntroduction":{"title":"Frase clave en la introducci\u00f3n","description":"Su Frase clave aparece en el primer p\u00e1rrafo. \u00a1Bien hecho!","score":9,"maxScore":9,"error":0},"keyphraseInImageAlt":{"title":"Frase clave en los atributos alt de la imagen.","description":"Frase clave no se encuentra en los atributos alt de la imagen. A\u00f1ada una imagen con su Frase clave como texto alternativo.","score":3,"maxScore":9,"error":1}}}]},"primary_term":null,"canonical_url":null,"og_title":null,"og_description":null,"og_object_type":"default","og_image_type":"default","og_image_url":null,"og_image_width":null,"og_image_height":null,"og_image_custom_url":null,"og_image_custom_fields":null,"og_video":"","og_custom_url":null,"og_article_section":null,"og_article_tags":[],"twitter_use_og":false,"twitter_card":"default","twitter_image_type":"default","twitter_image_url":null,"twitter_image_custom_url":null,"twitter_image_custom_fields":null,"twitter_title":null,"twitter_description":null,"schema":{"blockGraphs":[],"customGraphs":[],"default":{"data":{"Article":[],"Course":[],"Dataset":[],"FAQPage":[],"Movie":[],"Person":[],"Product":[],"ProductReview":[],"Car":[],"Recipe":[],"Service":[],"SoftwareApplication":[],"WebPage":[]},"graphName":"","isEnabled":true},"graphs":[],"defaultGraph":"Article","defaultPostTypeGraph":""},"schema_type":"default","schema_type_options":"{\"article\":{\"articleType\":\"BlogPosting\"},\"course\":{\"name\":\"\",\"description\":\"\",\"provider\":\"\"},\"faq\":{\"pages\":[]},\"product\":{\"reviews\":[]},\"recipe\":{\"ingredients\":[],\"instructions\":[],\"keywords\":[]},\"software\":{\"reviews\":[],\"operatingSystems\":[]},\"webPage\":{\"webPageType\":\"WebPage\"}}","pillar_content":false,"robots_default":true,"robots_noindex":false,"robots_noarchive":false,"robots_nosnippet":false,"robots_nofollow":false,"robots_noimageindex":false,"robots_noodp":false,"robots_notranslate":false,"robots_max_snippet":"-1","robots_max_videopreview":"-1","robots_max_imagepreview":"large","priority":null,"frequency":"default","location":null,"local_seo":{"locations":{"business":{"name":"","businessType":"","image":"","areaServed":"","urls":{"website":"","aboutPage":"","contactPage":""},"address":{"streetLine1":"","streetLine2":"","zipCode":"","city":"","state":"","country":"","addressFormat":"#streetLineOne\n#streetLineTwo\n#city, #state #zipCode"},"contact":{"email":"","phone":"","phoneFormatted":"","fax":"","faxFormatted":""},"ids":{"vat":"","tax":"","chamberOfCommerce":""},"payment":{"priceRange":"","currenciesAccepted":"","methods":""}}},"openingHours":{"useDefaults":true,"show":true,"alwaysOpen":false,"use24hFormat":false,"timezone":"","labels":{"closed":"","alwaysOpen":""},"days":{"monday":{"open24h":false,"closed":false,"openTime":"09:00","closeTime":"17:00"},"tuesday":{"open24h":false,"closed":false,"openTime":"09:00","closeTime":"17:00"},"wednesday":{"open24h":false,"closed":false,"openTime":"09:00","closeTime":"17:00"},"thursday":{"open24h":false,"closed":false,"openTime":"09:00","closeTime":"17:00"},"friday":{"open24h":false,"closed":false,"openTime":"09:00","closeTime":"17:00"},"saturday":{"open24h":false,"closed":false,"openTime":"09:00","closeTime":"17:00"},"sunday":{"open24h":false,"closed":false,"openTime":"09:00","closeTime":"17:00"}}}},"seo_analyzer_scan_date":"2025-08-28 18:53:58","breadcrumb_settings":null,"limit_modified_date":false,"open_ai":null,"ai":null,"created":"2021-07-30 09:57:27","updated":"2025-08-28 18:53:58"},"aioseo_breadcrumb":"<div class=\"aioseo-breadcrumbs\"><span class=\"aioseo-breadcrumb\">\n\t<a href=\"https:\/\/eldigitaldeasturias.com\/radio\" title=\"Inicio\">Inicio<\/a>\n<\/span><span class=\"aioseo-breadcrumb-separator\">&ndash;<\/span><span class=\"aioseo-breadcrumb\">\n\t<a href=\"https:\/\/eldigitaldeasturias.com\/radio\/category\/noticias\/\" title=\"Noticias\">Noticias<\/a>\n<\/span><span class=\"aioseo-breadcrumb-separator\">&ndash;<\/span><span class=\"aioseo-breadcrumb\">\n\tEl test r\u00e1pido de nal von minden detecta la variante Delta\n<\/span><\/div>","aioseo_breadcrumb_json":[{"label":"Inicio","link":"https:\/\/eldigitaldeasturias.com\/radio"},{"label":"Noticias","link":"https:\/\/eldigitaldeasturias.com\/radio\/category\/noticias\/"},{"label":"El test r\u00e1pido de nal von minden detecta la variante Delta","link":"https:\/\/eldigitaldeasturias.com\/radio\/el-test-rapido-de-nal-von-minden-detecta-la-variante-delta\/"}],"_links":{"self":[{"href":"https:\/\/eldigitaldeasturias.com\/radio\/wp-json\/wp\/v2\/posts\/6065","targetHints":{"allow":["GET"]}}],"collection":[{"href":"https:\/\/eldigitaldeasturias.com\/radio\/wp-json\/wp\/v2\/posts"}],"about":[{"href":"https:\/\/eldigitaldeasturias.com\/radio\/wp-json\/wp\/v2\/types\/post"}],"author":[{"embeddable":true,"href":"https:\/\/eldigitaldeasturias.com\/radio\/wp-json\/wp\/v2\/users\/1"}],"replies":[{"embeddable":true,"href":"https:\/\/eldigitaldeasturias.com\/radio\/wp-json\/wp\/v2\/comments?post=6065"}],"version-history":[{"count":0,"href":"https:\/\/eldigitaldeasturias.com\/radio\/wp-json\/wp\/v2\/posts\/6065\/revisions"}],"wp:featuredmedia":[{"embeddable":true,"href":"https:\/\/eldigitaldeasturias.com\/radio\/wp-json\/wp\/v2\/media\/6066"}],"wp:attachment":[{"href":"https:\/\/eldigitaldeasturias.com\/radio\/wp-json\/wp\/v2\/media?parent=6065"}],"wp:term":[{"taxonomy":"category","embeddable":true,"href":"https:\/\/eldigitaldeasturias.com\/radio\/wp-json\/wp\/v2\/categories?post=6065"},{"taxonomy":"post_tag","embeddable":true,"href":"https:\/\/eldigitaldeasturias.com\/radio\/wp-json\/wp\/v2\/tags?post=6065"}],"curies":[{"name":"wp","href":"https:\/\/api.w.org\/{rel}","templated":true}]}}