{"id":6056,"date":"2021-07-27T15:19:13","date_gmt":"2021-07-27T15:19:13","guid":{"rendered":"http:\/\/eldigitaldeasturias.com\/radio\/?p=6056"},"modified":"2021-07-27T15:19:13","modified_gmt":"2021-07-27T15:19:13","slug":"la-ue-invierte-122-millones-de-euros-en-proyectos-innovadores-para-descarbonizar-la-economia","status":"publish","type":"post","link":"https:\/\/eldigitaldeasturias.com\/radio\/la-ue-invierte-122-millones-de-euros-en-proyectos-innovadores-para-descarbonizar-la-economia\/","title":{"rendered":"La UE invierte 122 millones de euros en proyectos innovadores para descarbonizar la econom\u00eda"},"content":{"rendered":"<p><img fetchpriority=\"high\" decoding=\"async\" class=\"alignleft size-medium wp-image-3274\" src=\"https:\/\/eldigitaldeasturias.com\/radio\/wp-content\/uploads\/2019\/10\/blue-1283011_960_720-360x252.jpg\" alt=\"UE\" width=\"360\" height=\"252\" srcset=\"https:\/\/eldigitaldeasturias.com\/radio\/wp-content\/uploads\/2019\/10\/blue-1283011_960_720-360x252.jpg 360w, https:\/\/eldigitaldeasturias.com\/radio\/wp-content\/uploads\/2019\/10\/blue-1283011_960_720-768x537.jpg 768w, https:\/\/eldigitaldeasturias.com\/radio\/wp-content\/uploads\/2019\/10\/blue-1283011_960_720.jpg 960w\" sizes=\"(max-width: 360px) 100vw, 360px\" \/>Por primera vez desde la creaci\u00f3n del\u00a0<span style=\"color: #ff6600;\"><strong><a style=\"color: #ff6600;\" href=\"https:\/\/ec.europa.eu\/clima\/policies\/innovation-fund_en\" target=\"_blank\" rel=\"noopener noreferrer\" data-auth=\"NotApplicable\" data-linkindex=\"2\">Fondo de Innovaci\u00f3n<\/a><\/strong><\/span>, la Uni\u00f3n Europea invierte 118 millones de euros en 32 peque\u00f1os proyectos innovadores ubicados en 14 Estados miembros de la UE, Islandia y Noruega. Las subvenciones apoyar\u00e1n proyectos destinados a introducir tecnolog\u00edas hipocarb\u00f3nicas en el mercado de las industrias de gran consumo de energ\u00eda, el hidr\u00f3geno, el almacenamiento de energ\u00eda y las energ\u00edas renovables. Adem\u00e1s de estas subvenciones, 15 proyectos ubicados en 10 Estados miembros de la UE y Noruega se beneficiar\u00e1n de asistencia para el desarrollo de proyectos por un valor de hasta 4,4 millones de euros, con el objetivo de adelantar su madurez.<\/p>\n<p>El\u00a0<strong>vicepresidente ejecutivo Timmermans<\/strong>\u00a0ha declarado:\u00a0<em>\u00abCon la inversi\u00f3n anunciada hoy, la UE presta un apoyo concreto a proyectos de tecnolog\u00edas limpias en toda Europa con el fin de ampliar las soluciones tecnol\u00f3gicas que puedan contribuir a alcanzar la neutralidad clim\u00e1tica de aqu\u00ed a 2050. El aumento del Fondo de Innovaci\u00f3n propuesto en el paquete de medidas \u00abObjetivo 55\u00bb permitir\u00e1 a la UE apoyar a\u00fan m\u00e1s proyectos en el futuro, acelerarlos y ponerlos en el mercado lo antes posible\u00bb.<\/em><\/p>\n<p>Los\u00a0<span style=\"color: #ff6600;\"><strong><a style=\"color: #ff6600;\" href=\"https:\/\/ec.europa.eu\/clima\/sites\/default\/files\/innovation-fund\/202107_if-ssc_list_of_pre-selected_projects_en.pdf\" target=\"_blank\" rel=\"noopener noreferrer\" data-auth=\"NotApplicable\" data-linkindex=\"3\">32 proyectos<\/a><\/strong><\/span>\u00a0seleccionados para su financiaci\u00f3n, 7 de ellos espa\u00f1oles, fueron evaluados por expertos independientes que examinaron su capacidad de reducir las emisiones de gases de efecto invernadero frente a las tecnolog\u00edas convencionales e innovar m\u00e1s all\u00e1 del estado de la t\u00e9cnica, y su madurez suficiente para permitir su r\u00e1pido despliegue. Entre otros criterios figuraban el potencial de escalabilidad y la rentabilidad de los proyectos. Los proyectos seleccionados abarcan una amplia gama de sectores pertinentes para descarbonizar diferentes partes de los sectores industrial y energ\u00e9tico de Europa. La tasa de \u00e9xito de las propuestas admisibles para esta convocatoria de propuestas es del 18\u00a0%.<\/p>\n<p>Los\u00a0<span style=\"color: #ff6600;\"><strong><a style=\"color: #ff6600;\" href=\"https:\/\/ec.europa.eu\/clima\/sites\/default\/files\/innovation-fund\/202107_if-lsc_list_of_projects_awarded_pda_en.pdf\" target=\"_blank\" rel=\"noopener noreferrer\" data-auth=\"NotApplicable\" data-linkindex=\"4\">15 proyectos<\/a><\/strong><\/span>, 3 de ellos espa\u00f1oles, que pueden beneficiarse de la asistencia al desarrollo de proyectos se consideraron suficientemente innovadores y prometedores en cuanto a su capacidad para reducir las emisiones de gases de efecto invernadero, pero no lo suficientemente maduros a\u00fan como para poder optar a una subvenci\u00f3n. El apoyo, que el Banco Europeo de Inversiones proporcionar\u00e1 como asistencia t\u00e9cnica a medida, tiene por objeto adelantar su madurez financiera o t\u00e9cnica, con vistas a que puedan volver a presentarse en futuras convocatorias del Fondo de Innovaci\u00f3n.<\/p>\n<h2><strong>Pr\u00f3ximas medidas<\/strong><\/h2>\n<p>Los proyectos seleccionados en el marco de la convocatoria de proyectos a peque\u00f1a escala est\u00e1n empezando a preparar los acuerdos de subvenci\u00f3n individuales. Dichos acuerdos deber\u00edan ultimarse en el cuarto trimestre de 2021, lo que permitir\u00e1 a la Comisi\u00f3n adoptar las decisiones de concesi\u00f3n de la subvenci\u00f3n correspondientes y empezar a desembolsar las subvenciones. Los proyectos disponen de hasta cuatro a\u00f1os para llegar al cierre financiero.<\/p>\n<p>El Banco Europeo de Inversiones se pondr\u00e1 en contacto con los proyectos a los que se ha ofrecido asistencia al desarrollo en el marco de la convocatoria de proyectos a gran escala, a fin de celebrar acuerdos individuales y permitir el inicio del servicio en el cuarto trimestre de 2021.<\/p>\n","protected":false},"excerpt":{"rendered":"<p>Por primera vez desde la creaci\u00f3n del\u00a0Fondo de Innovaci\u00f3n, la Uni\u00f3n Europea invierte 118 millones de euros en 32 peque\u00f1os proyectos innovadores ubicados en 14 Estados miembros de la UE, Islandia y Noruega. Las subvenciones apoyar\u00e1n proyectos destinados a introducir tecnolog\u00edas hipocarb\u00f3nicas en el mercado de las industrias de gran consumo de energ\u00eda, el hidr\u00f3geno,<\/p>\n","protected":false},"author":1,"featured_media":3274,"comment_status":"closed","ping_status":"closed","sticky":false,"template":"","format":"standard","meta":{"footnotes":""},"categories":[1],"tags":[],"class_list":{"0":"post-6056","1":"post","2":"type-post","3":"status-publish","4":"format-standard","5":"has-post-thumbnail","7":"category-noticias"},"aioseo_notices":[],"aioseo_head":"\n\t\t<!-- All in One SEO Pro 4.9.6.2 - aioseo.com -->\n\t<meta name=\"description\" content=\"Por primera vez desde la creaci\u00f3n del Fondo de Innovaci\u00f3n, la Uni\u00f3n Europea invierte 118 millones de euros en 32 peque\u00f1os proyectos innovadores\" \/>\n\t<meta name=\"robots\" content=\"max-image-preview:large\" \/>\n\t<meta name=\"author\" content=\"NBAsturias\"\/>\n\t<meta name=\"google-site-verification\" content=\"UA-38556648-1\" \/>\n\t<meta name=\"keywords\" content=\"noticias\" \/>\n\t<link rel=\"canonical\" href=\"https:\/\/eldigitaldeasturias.com\/radio\/la-ue-invierte-122-millones-de-euros-en-proyectos-innovadores-para-descarbonizar-la-economia\/\" \/>\n\t<meta name=\"generator\" content=\"All in One SEO Pro (AIOSEO) 4.9.6.2\" \/>\n\t\t<meta property=\"og:locale\" content=\"es_ES\" \/>\n\t\t<meta property=\"og:site_name\" content=\"El Digital de Asturias | Diario de informaci\u00f3n y noticias\" \/>\n\t\t<meta property=\"og:type\" content=\"article\" \/>\n\t\t<meta property=\"og:title\" content=\"La UE invierte 122 millones de euros en proyectos innovadores para descarbonizar la econom\u00eda | El Digital de Asturias\" \/>\n\t\t<meta property=\"og:description\" content=\"Por primera vez desde la creaci\u00f3n del Fondo de Innovaci\u00f3n, la Uni\u00f3n Europea invierte 118 millones de euros en 32 peque\u00f1os proyectos innovadores\" \/>\n\t\t<meta property=\"og:url\" content=\"https:\/\/eldigitaldeasturias.com\/radio\/la-ue-invierte-122-millones-de-euros-en-proyectos-innovadores-para-descarbonizar-la-economia\/\" \/>\n\t\t<meta property=\"og:image\" content=\"https:\/\/eldigitaldeasturias.com\/radio\/wp-content\/uploads\/2019\/10\/blue-1283011_960_720.jpg\" \/>\n\t\t<meta property=\"og:image:secure_url\" content=\"https:\/\/eldigitaldeasturias.com\/radio\/wp-content\/uploads\/2019\/10\/blue-1283011_960_720.jpg\" \/>\n\t\t<meta property=\"og:image:width\" content=\"960\" \/>\n\t\t<meta property=\"og:image:height\" content=\"671\" \/>\n\t\t<meta property=\"article:published_time\" content=\"2021-07-27T15:19:13+00:00\" \/>\n\t\t<meta property=\"article:modified_time\" content=\"2021-07-27T15:19:13+00:00\" \/>\n\t\t<meta name=\"twitter:card\" content=\"summary_large_image\" \/>\n\t\t<meta name=\"twitter:site\" content=\"@bercodi\" \/>\n\t\t<meta name=\"twitter:title\" content=\"La UE invierte 122 millones de euros en proyectos innovadores para descarbonizar la econom\u00eda | El Digital de Asturias\" \/>\n\t\t<meta name=\"twitter:description\" content=\"Por primera vez desde la creaci\u00f3n del Fondo de Innovaci\u00f3n, la Uni\u00f3n Europea invierte 118 millones de euros en 32 peque\u00f1os proyectos innovadores\" \/>\n\t\t<meta name=\"twitter:creator\" content=\"@bercodi\" \/>\n\t\t<meta name=\"twitter:image\" content=\"https:\/\/eldigitaldeasturias.com\/radio\/wp-content\/uploads\/2019\/10\/blue-1283011_960_720.jpg\" \/>\n\t\t<script type=\"application\/ld+json\" class=\"aioseo-schema\">\n\t\t\t{\"@context\":\"https:\\\/\\\/schema.org\",\"@graph\":[{\"@type\":\"BreadcrumbList\",\"@id\":\"https:\\\/\\\/eldigitaldeasturias.com\\\/radio\\\/la-ue-invierte-122-millones-de-euros-en-proyectos-innovadores-para-descarbonizar-la-economia\\\/#breadcrumblist\",\"itemListElement\":[{\"@type\":\"ListItem\",\"@id\":\"https:\\\/\\\/eldigitaldeasturias.com\\\/radio#listItem\",\"position\":1,\"name\":\"Inicio\",\"item\":\"https:\\\/\\\/eldigitaldeasturias.com\\\/radio\",\"nextItem\":{\"@type\":\"ListItem\",\"@id\":\"https:\\\/\\\/eldigitaldeasturias.com\\\/radio\\\/category\\\/noticias\\\/#listItem\",\"name\":\"Noticias\"}},{\"@type\":\"ListItem\",\"@id\":\"https:\\\/\\\/eldigitaldeasturias.com\\\/radio\\\/category\\\/noticias\\\/#listItem\",\"position\":2,\"name\":\"Noticias\",\"item\":\"https:\\\/\\\/eldigitaldeasturias.com\\\/radio\\\/category\\\/noticias\\\/\",\"nextItem\":{\"@type\":\"ListItem\",\"@id\":\"https:\\\/\\\/eldigitaldeasturias.com\\\/radio\\\/la-ue-invierte-122-millones-de-euros-en-proyectos-innovadores-para-descarbonizar-la-economia\\\/#listItem\",\"name\":\"La UE invierte 122 millones de euros en proyectos innovadores para descarbonizar la econom\\u00eda\"},\"previousItem\":{\"@type\":\"ListItem\",\"@id\":\"https:\\\/\\\/eldigitaldeasturias.com\\\/radio#listItem\",\"name\":\"Inicio\"}},{\"@type\":\"ListItem\",\"@id\":\"https:\\\/\\\/eldigitaldeasturias.com\\\/radio\\\/la-ue-invierte-122-millones-de-euros-en-proyectos-innovadores-para-descarbonizar-la-economia\\\/#listItem\",\"position\":3,\"name\":\"La UE invierte 122 millones de euros en proyectos innovadores para descarbonizar la econom\\u00eda\",\"previousItem\":{\"@type\":\"ListItem\",\"@id\":\"https:\\\/\\\/eldigitaldeasturias.com\\\/radio\\\/category\\\/noticias\\\/#listItem\",\"name\":\"Noticias\"}}]},{\"@type\":\"NewsArticle\",\"@id\":\"https:\\\/\\\/eldigitaldeasturias.com\\\/radio\\\/la-ue-invierte-122-millones-de-euros-en-proyectos-innovadores-para-descarbonizar-la-economia\\\/#newsarticle\",\"name\":\"La UE invierte 122 millones de euros en proyectos innovadores para descarbonizar la econom\\u00eda | El Digital de Asturias\",\"headline\":\"La UE invierte 122 millones de euros en proyectos innovadores para descarbonizar la econom\\u00eda\",\"author\":{\"@id\":\"https:\\\/\\\/eldigitaldeasturias.com\\\/radio\\\/author\\\/nbasturias\\\/#author\"},\"publisher\":{\"@id\":\"https:\\\/\\\/eldigitaldeasturias.com\\\/radio\\\/#organization\"},\"image\":{\"@type\":\"ImageObject\",\"url\":\"https:\\\/\\\/eldigitaldeasturias.com\\\/radio\\\/wp-content\\\/uploads\\\/2019\\\/10\\\/blue-1283011_960_720.jpg\",\"width\":960,\"height\":671,\"caption\":\"UE\"},\"datePublished\":\"2021-07-27T15:19:13+02:00\",\"dateModified\":\"2021-07-27T15:19:13+02:00\",\"inLanguage\":\"es-ES\",\"mainEntityOfPage\":{\"@id\":\"https:\\\/\\\/eldigitaldeasturias.com\\\/radio\\\/la-ue-invierte-122-millones-de-euros-en-proyectos-innovadores-para-descarbonizar-la-economia\\\/#webpage\"},\"isPartOf\":{\"@id\":\"https:\\\/\\\/eldigitaldeasturias.com\\\/radio\\\/la-ue-invierte-122-millones-de-euros-en-proyectos-innovadores-para-descarbonizar-la-economia\\\/#webpage\"},\"articleSection\":\"Noticias\",\"dateline\":\"Publicado el julio 27, 2021.\"},{\"@type\":\"Organization\",\"@id\":\"https:\\\/\\\/eldigitaldeasturias.com\\\/radio\\\/#organization\",\"name\":\"El digital de Asturias Radio\",\"description\":\"Diario de informaci\\u00f3n y noticias\",\"url\":\"https:\\\/\\\/eldigitaldeasturias.com\\\/radio\\\/\",\"telephone\":\"+34652131393\",\"logo\":{\"@type\":\"ImageObject\",\"url\":\"https:\\\/\\\/www.eldigitaldeasturias.com\\\/radio\\\/wp-content\\\/uploads\\\/2021\\\/03\\\/EDA.jpg\",\"@id\":\"https:\\\/\\\/eldigitaldeasturias.com\\\/radio\\\/la-ue-invierte-122-millones-de-euros-en-proyectos-innovadores-para-descarbonizar-la-economia\\\/#organizationLogo\"},\"image\":{\"@id\":\"https:\\\/\\\/eldigitaldeasturias.com\\\/radio\\\/la-ue-invierte-122-millones-de-euros-en-proyectos-innovadores-para-descarbonizar-la-economia\\\/#organizationLogo\"},\"sameAs\":[\"https:\\\/\\\/www.facebook.com\\\/\",\"https:\\\/\\\/x.com\\\/bercodi\",\"https:\\\/\\\/www.instagram.com\\\/\",\"https:\\\/\\\/www.youtube.com\\\/channel\\\/UCZP-2wLEB9Rv6erhFmqVnvg\"]},{\"@type\":\"Person\",\"@id\":\"https:\\\/\\\/eldigitaldeasturias.com\\\/radio\\\/author\\\/nbasturias\\\/#author\",\"url\":\"https:\\\/\\\/eldigitaldeasturias.com\\\/radio\\\/author\\\/nbasturias\\\/\",\"name\":\"NBAsturias\",\"image\":{\"@type\":\"ImageObject\",\"@id\":\"https:\\\/\\\/eldigitaldeasturias.com\\\/radio\\\/la-ue-invierte-122-millones-de-euros-en-proyectos-innovadores-para-descarbonizar-la-economia\\\/#authorImage\",\"url\":\"https:\\\/\\\/secure.gravatar.com\\\/avatar\\\/df2aeffc32bcd13f8d26072ef8a91b623d677766deac7f97ca815868cd41bf5e?s=96&d=mm&r=g\",\"width\":96,\"height\":96,\"caption\":\"NBAsturias\"}},{\"@type\":\"WebPage\",\"@id\":\"https:\\\/\\\/eldigitaldeasturias.com\\\/radio\\\/la-ue-invierte-122-millones-de-euros-en-proyectos-innovadores-para-descarbonizar-la-economia\\\/#webpage\",\"url\":\"https:\\\/\\\/eldigitaldeasturias.com\\\/radio\\\/la-ue-invierte-122-millones-de-euros-en-proyectos-innovadores-para-descarbonizar-la-economia\\\/\",\"name\":\"La UE invierte 122 millones de euros en proyectos innovadores para descarbonizar la econom\\u00eda | El Digital de Asturias\",\"description\":\"Por primera vez desde la creaci\\u00f3n del Fondo de Innovaci\\u00f3n, la Uni\\u00f3n Europea invierte 118 millones de euros en 32 peque\\u00f1os proyectos innovadores\",\"inLanguage\":\"es-ES\",\"isPartOf\":{\"@id\":\"https:\\\/\\\/eldigitaldeasturias.com\\\/radio\\\/#website\"},\"breadcrumb\":{\"@id\":\"https:\\\/\\\/eldigitaldeasturias.com\\\/radio\\\/la-ue-invierte-122-millones-de-euros-en-proyectos-innovadores-para-descarbonizar-la-economia\\\/#breadcrumblist\"},\"author\":{\"@id\":\"https:\\\/\\\/eldigitaldeasturias.com\\\/radio\\\/author\\\/nbasturias\\\/#author\"},\"creator\":{\"@id\":\"https:\\\/\\\/eldigitaldeasturias.com\\\/radio\\\/author\\\/nbasturias\\\/#author\"},\"image\":{\"@type\":\"ImageObject\",\"url\":\"https:\\\/\\\/eldigitaldeasturias.com\\\/radio\\\/wp-content\\\/uploads\\\/2019\\\/10\\\/blue-1283011_960_720.jpg\",\"@id\":\"https:\\\/\\\/eldigitaldeasturias.com\\\/radio\\\/la-ue-invierte-122-millones-de-euros-en-proyectos-innovadores-para-descarbonizar-la-economia\\\/#mainImage\",\"width\":960,\"height\":671,\"caption\":\"UE\"},\"primaryImageOfPage\":{\"@id\":\"https:\\\/\\\/eldigitaldeasturias.com\\\/radio\\\/la-ue-invierte-122-millones-de-euros-en-proyectos-innovadores-para-descarbonizar-la-economia\\\/#mainImage\"},\"datePublished\":\"2021-07-27T15:19:13+02:00\",\"dateModified\":\"2021-07-27T15:19:13+02:00\"},{\"@type\":\"WebSite\",\"@id\":\"https:\\\/\\\/eldigitaldeasturias.com\\\/radio\\\/#website\",\"url\":\"https:\\\/\\\/eldigitaldeasturias.com\\\/radio\\\/\",\"name\":\"El Digital de Asturias\",\"description\":\"Diario de informaci\\u00f3n y noticias\",\"inLanguage\":\"es-ES\",\"publisher\":{\"@id\":\"https:\\\/\\\/eldigitaldeasturias.com\\\/radio\\\/#organization\"}}]}\n\t\t<\/script>\n\t\t<!-- All in One SEO Pro -->\r\n\t\t<title>La UE invierte 122 millones de euros en proyectos innovadores para descarbonizar la econom\u00eda | El Digital de Asturias<\/title>\n\n","aioseo_head_json":{"title":"La UE invierte 122 millones de euros en proyectos innovadores para descarbonizar la econom\u00eda | El Digital de Asturias","description":"Por primera vez desde la creaci\u00f3n del Fondo de Innovaci\u00f3n, la Uni\u00f3n Europea invierte 118 millones de euros en 32 peque\u00f1os proyectos innovadores","canonical_url":"https:\/\/eldigitaldeasturias.com\/radio\/la-ue-invierte-122-millones-de-euros-en-proyectos-innovadores-para-descarbonizar-la-economia\/","robots":"max-image-preview:large","keywords":"noticias","webmasterTools":{"google-site-verification":"UA-38556648-1","miscellaneous":""},"schema":{"@context":"https:\/\/schema.org","@graph":[{"@type":"BreadcrumbList","@id":"https:\/\/eldigitaldeasturias.com\/radio\/la-ue-invierte-122-millones-de-euros-en-proyectos-innovadores-para-descarbonizar-la-economia\/#breadcrumblist","itemListElement":[{"@type":"ListItem","@id":"https:\/\/eldigitaldeasturias.com\/radio#listItem","position":1,"name":"Inicio","item":"https:\/\/eldigitaldeasturias.com\/radio","nextItem":{"@type":"ListItem","@id":"https:\/\/eldigitaldeasturias.com\/radio\/category\/noticias\/#listItem","name":"Noticias"}},{"@type":"ListItem","@id":"https:\/\/eldigitaldeasturias.com\/radio\/category\/noticias\/#listItem","position":2,"name":"Noticias","item":"https:\/\/eldigitaldeasturias.com\/radio\/category\/noticias\/","nextItem":{"@type":"ListItem","@id":"https:\/\/eldigitaldeasturias.com\/radio\/la-ue-invierte-122-millones-de-euros-en-proyectos-innovadores-para-descarbonizar-la-economia\/#listItem","name":"La UE invierte 122 millones de euros en proyectos innovadores para descarbonizar la econom\u00eda"},"previousItem":{"@type":"ListItem","@id":"https:\/\/eldigitaldeasturias.com\/radio#listItem","name":"Inicio"}},{"@type":"ListItem","@id":"https:\/\/eldigitaldeasturias.com\/radio\/la-ue-invierte-122-millones-de-euros-en-proyectos-innovadores-para-descarbonizar-la-economia\/#listItem","position":3,"name":"La UE invierte 122 millones de euros en proyectos innovadores para descarbonizar la econom\u00eda","previousItem":{"@type":"ListItem","@id":"https:\/\/eldigitaldeasturias.com\/radio\/category\/noticias\/#listItem","name":"Noticias"}}]},{"@type":"NewsArticle","@id":"https:\/\/eldigitaldeasturias.com\/radio\/la-ue-invierte-122-millones-de-euros-en-proyectos-innovadores-para-descarbonizar-la-economia\/#newsarticle","name":"La UE invierte 122 millones de euros en proyectos innovadores para descarbonizar la econom\u00eda | El Digital de Asturias","headline":"La UE invierte 122 millones de euros en proyectos innovadores para descarbonizar la econom\u00eda","author":{"@id":"https:\/\/eldigitaldeasturias.com\/radio\/author\/nbasturias\/#author"},"publisher":{"@id":"https:\/\/eldigitaldeasturias.com\/radio\/#organization"},"image":{"@type":"ImageObject","url":"https:\/\/eldigitaldeasturias.com\/radio\/wp-content\/uploads\/2019\/10\/blue-1283011_960_720.jpg","width":960,"height":671,"caption":"UE"},"datePublished":"2021-07-27T15:19:13+02:00","dateModified":"2021-07-27T15:19:13+02:00","inLanguage":"es-ES","mainEntityOfPage":{"@id":"https:\/\/eldigitaldeasturias.com\/radio\/la-ue-invierte-122-millones-de-euros-en-proyectos-innovadores-para-descarbonizar-la-economia\/#webpage"},"isPartOf":{"@id":"https:\/\/eldigitaldeasturias.com\/radio\/la-ue-invierte-122-millones-de-euros-en-proyectos-innovadores-para-descarbonizar-la-economia\/#webpage"},"articleSection":"Noticias","dateline":"Publicado el julio 27, 2021."},{"@type":"Organization","@id":"https:\/\/eldigitaldeasturias.com\/radio\/#organization","name":"El digital de Asturias Radio","description":"Diario de informaci\u00f3n y noticias","url":"https:\/\/eldigitaldeasturias.com\/radio\/","telephone":"+34652131393","logo":{"@type":"ImageObject","url":"https:\/\/www.eldigitaldeasturias.com\/radio\/wp-content\/uploads\/2021\/03\/EDA.jpg","@id":"https:\/\/eldigitaldeasturias.com\/radio\/la-ue-invierte-122-millones-de-euros-en-proyectos-innovadores-para-descarbonizar-la-economia\/#organizationLogo"},"image":{"@id":"https:\/\/eldigitaldeasturias.com\/radio\/la-ue-invierte-122-millones-de-euros-en-proyectos-innovadores-para-descarbonizar-la-economia\/#organizationLogo"},"sameAs":["https:\/\/www.facebook.com\/","https:\/\/x.com\/bercodi","https:\/\/www.instagram.com\/","https:\/\/www.youtube.com\/channel\/UCZP-2wLEB9Rv6erhFmqVnvg"]},{"@type":"Person","@id":"https:\/\/eldigitaldeasturias.com\/radio\/author\/nbasturias\/#author","url":"https:\/\/eldigitaldeasturias.com\/radio\/author\/nbasturias\/","name":"NBAsturias","image":{"@type":"ImageObject","@id":"https:\/\/eldigitaldeasturias.com\/radio\/la-ue-invierte-122-millones-de-euros-en-proyectos-innovadores-para-descarbonizar-la-economia\/#authorImage","url":"https:\/\/secure.gravatar.com\/avatar\/df2aeffc32bcd13f8d26072ef8a91b623d677766deac7f97ca815868cd41bf5e?s=96&d=mm&r=g","width":96,"height":96,"caption":"NBAsturias"}},{"@type":"WebPage","@id":"https:\/\/eldigitaldeasturias.com\/radio\/la-ue-invierte-122-millones-de-euros-en-proyectos-innovadores-para-descarbonizar-la-economia\/#webpage","url":"https:\/\/eldigitaldeasturias.com\/radio\/la-ue-invierte-122-millones-de-euros-en-proyectos-innovadores-para-descarbonizar-la-economia\/","name":"La UE invierte 122 millones de euros en proyectos innovadores para descarbonizar la econom\u00eda | El Digital de Asturias","description":"Por primera vez desde la creaci\u00f3n del Fondo de Innovaci\u00f3n, la Uni\u00f3n Europea invierte 118 millones de euros en 32 peque\u00f1os proyectos innovadores","inLanguage":"es-ES","isPartOf":{"@id":"https:\/\/eldigitaldeasturias.com\/radio\/#website"},"breadcrumb":{"@id":"https:\/\/eldigitaldeasturias.com\/radio\/la-ue-invierte-122-millones-de-euros-en-proyectos-innovadores-para-descarbonizar-la-economia\/#breadcrumblist"},"author":{"@id":"https:\/\/eldigitaldeasturias.com\/radio\/author\/nbasturias\/#author"},"creator":{"@id":"https:\/\/eldigitaldeasturias.com\/radio\/author\/nbasturias\/#author"},"image":{"@type":"ImageObject","url":"https:\/\/eldigitaldeasturias.com\/radio\/wp-content\/uploads\/2019\/10\/blue-1283011_960_720.jpg","@id":"https:\/\/eldigitaldeasturias.com\/radio\/la-ue-invierte-122-millones-de-euros-en-proyectos-innovadores-para-descarbonizar-la-economia\/#mainImage","width":960,"height":671,"caption":"UE"},"primaryImageOfPage":{"@id":"https:\/\/eldigitaldeasturias.com\/radio\/la-ue-invierte-122-millones-de-euros-en-proyectos-innovadores-para-descarbonizar-la-economia\/#mainImage"},"datePublished":"2021-07-27T15:19:13+02:00","dateModified":"2021-07-27T15:19:13+02:00"},{"@type":"WebSite","@id":"https:\/\/eldigitaldeasturias.com\/radio\/#website","url":"https:\/\/eldigitaldeasturias.com\/radio\/","name":"El Digital de Asturias","description":"Diario de informaci\u00f3n y noticias","inLanguage":"es-ES","publisher":{"@id":"https:\/\/eldigitaldeasturias.com\/radio\/#organization"}}]},"og:locale":"es_ES","og:site_name":"El Digital de Asturias | Diario de informaci\u00f3n y noticias","og:type":"article","og:title":"La UE invierte 122 millones de euros en proyectos innovadores para descarbonizar la econom\u00eda | El Digital de Asturias","og:description":"Por primera vez desde la creaci\u00f3n del Fondo de Innovaci\u00f3n, la Uni\u00f3n Europea invierte 118 millones de euros en 32 peque\u00f1os proyectos innovadores","og:url":"https:\/\/eldigitaldeasturias.com\/radio\/la-ue-invierte-122-millones-de-euros-en-proyectos-innovadores-para-descarbonizar-la-economia\/","og:image":"https:\/\/eldigitaldeasturias.com\/radio\/wp-content\/uploads\/2019\/10\/blue-1283011_960_720.jpg","og:image:secure_url":"https:\/\/eldigitaldeasturias.com\/radio\/wp-content\/uploads\/2019\/10\/blue-1283011_960_720.jpg","og:image:width":960,"og:image:height":671,"article:published_time":"2021-07-27T15:19:13+00:00","article:modified_time":"2021-07-27T15:19:13+00:00","twitter:card":"summary_large_image","twitter:site":"@bercodi","twitter:title":"La UE invierte 122 millones de euros en proyectos innovadores para descarbonizar la econom\u00eda | El Digital de Asturias","twitter:description":"Por primera vez desde la creaci\u00f3n del Fondo de Innovaci\u00f3n, la Uni\u00f3n Europea invierte 118 millones de euros en 32 peque\u00f1os proyectos innovadores","twitter:creator":"@bercodi","twitter:image":"https:\/\/eldigitaldeasturias.com\/radio\/wp-content\/uploads\/2019\/10\/blue-1283011_960_720.jpg"},"aioseo_meta_data":{"post_id":"6056","title":null,"description":"Por primera vez desde la creaci\u00f3n del&nbsp;Fondo de Innovaci\u00f3n, la Uni\u00f3n Europea invierte 118 millones de euros en 32 peque\u00f1os proyectos innovadores","keywords":[],"keyphrases":{"focus":{"keyphrase":"UE","score":80,"analysis":{"keyphraseInTitle":{"title":"Frase clave objetivo en el t\u00edtulo SEO","description":"Frase clave objetivo encontrada en el t\u00edtulo SEO.","score":9,"maxScore":9,"error":0},"keyphraseInDescription":{"title":"Frase clave objetivo en la meta descripci\u00f3n","description":"Frase clave objetivo no se encuentra en la meta descripci\u00f3n.","score":3,"maxScore":9,"error":1},"keyphraseInURL":{"title":"Frase clave objetivo en la URL","description":"Frase clave objetivo usada en la URL.","score":5,"maxScore":5,"error":0},"keyphraseLength":{"title":"Longitud de la Frase clave objetivo","description":"\u00a1Buen trabajo!","score":9,"maxScore":9,"error":0,"length":1},"keyphraseInIntroduction":{"title":"Frase clave objetivo en la introducci\u00f3n","description":"Su Frase clave objetivo aparece en el primer p\u00e1rrafo. \u00a1Bien hecho!","score":9,"maxScore":9,"error":0},"keyphraseInSubHeadings":{"title":"Frase clave objetivo sus subt\u00edtulos","description":"Use your focus keyphrase more in your H2 and H3 subheadings.","score":3,"maxScore":9,"error":1},"keyphraseInImageAlt":{"title":"Frase clave objetivo en los atributos alt de la imagen.","description":"Frase clave objetivo encontrada en los atributos alt de la(s) imagen(es).","score":9,"maxScore":9,"error":0}}},"additional":[{"keyphrase":"proyectos innovadores","score":83,"analysis":{"keyphraseInDescription":{"title":"Frase clave en la meta descripci\u00f3n","description":"Frase clave encontrada en la meta descripci\u00f3n.","score":9,"maxScore":9,"error":0},"keyphraseLength":{"title":"Longitud de la Frase clave","description":"\u00a1Buen trabajo!","score":9,"maxScore":9,"error":0,"length":2},"keyphraseInIntroduction":{"title":"Frase clave en la introducci\u00f3n","description":"Su Frase clave aparece en el primer p\u00e1rrafo. \u00a1Bien hecho!","score":9,"maxScore":9,"error":0},"keyphraseInImageAlt":{"title":"Frase clave en los atributos alt de la imagen.","description":"Frase clave no se encuentra en los atributos alt de la imagen. A\u00f1ada una imagen con su Frase clave como texto alternativo.","score":3,"maxScore":9,"error":1}}},{"keyphrase":"Uni\u00f3n Europea","score":83,"analysis":{"keyphraseInDescription":{"title":"Frase clave en la meta descripci\u00f3n","description":"Frase clave encontrada en la meta descripci\u00f3n.","score":9,"maxScore":9,"error":0},"keyphraseLength":{"title":"Longitud de la Frase clave","description":"\u00a1Buen trabajo!","score":9,"maxScore":9,"error":0,"length":2},"keyphraseInIntroduction":{"title":"Frase clave en la introducci\u00f3n","description":"Su Frase clave aparece en el primer p\u00e1rrafo. \u00a1Bien hecho!","score":9,"maxScore":9,"error":0},"keyphraseInImageAlt":{"title":"Frase clave en los atributos alt de la imagen.","description":"Frase clave no se encuentra en los atributos alt de la imagen. A\u00f1ada una imagen con su Frase clave como texto alternativo.","score":3,"maxScore":9,"error":1}}},{"keyphrase":"Fondo de Innovaci\u00f3n","score":83,"analysis":{"keyphraseInDescription":{"title":"Frase clave en la meta descripci\u00f3n","description":"Frase clave encontrada en la meta descripci\u00f3n.","score":9,"maxScore":9,"error":0},"keyphraseLength":{"title":"Longitud de la Frase clave","description":"\u00a1Buen trabajo!","score":9,"maxScore":9,"error":0,"length":3},"keyphraseInIntroduction":{"title":"Frase clave en la introducci\u00f3n","description":"Su Frase clave aparece en el primer p\u00e1rrafo. \u00a1Bien hecho!","score":9,"maxScore":9,"error":0},"keyphraseInImageAlt":{"title":"Frase clave en los atributos alt de la imagen.","description":"Frase clave no se encuentra en los atributos alt de la imagen. A\u00f1ada una imagen con su Frase clave como texto alternativo.","score":3,"maxScore":9,"error":1}}}]},"primary_term":null,"canonical_url":null,"og_title":null,"og_description":null,"og_object_type":"default","og_image_type":"default","og_image_url":null,"og_image_width":null,"og_image_height":null,"og_image_custom_url":null,"og_image_custom_fields":null,"og_video":"","og_custom_url":null,"og_article_section":null,"og_article_tags":[],"twitter_use_og":false,"twitter_card":"default","twitter_image_type":"default","twitter_image_url":null,"twitter_image_custom_url":null,"twitter_image_custom_fields":null,"twitter_title":null,"twitter_description":null,"schema":{"blockGraphs":[],"customGraphs":[],"default":{"data":{"Article":[],"Course":[],"Dataset":[],"FAQPage":[],"Movie":[],"Person":[],"Product":[],"ProductReview":[],"Car":[],"Recipe":[],"Service":[],"SoftwareApplication":[],"WebPage":[]},"graphName":"","isEnabled":true},"graphs":[],"defaultGraph":"Article","defaultPostTypeGraph":""},"schema_type":"default","schema_type_options":"{\"article\":{\"articleType\":\"BlogPosting\"},\"course\":{\"name\":\"\",\"description\":\"\",\"provider\":\"\"},\"faq\":{\"pages\":[]},\"product\":{\"reviews\":[]},\"recipe\":{\"ingredients\":[],\"instructions\":[],\"keywords\":[]},\"software\":{\"reviews\":[],\"operatingSystems\":[]},\"webPage\":{\"webPageType\":\"WebPage\"}}","pillar_content":false,"robots_default":true,"robots_noindex":false,"robots_noarchive":false,"robots_nosnippet":false,"robots_nofollow":false,"robots_noimageindex":false,"robots_noodp":false,"robots_notranslate":false,"robots_max_snippet":"-1","robots_max_videopreview":"-1","robots_max_imagepreview":"large","priority":null,"frequency":"default","location":null,"local_seo":{"locations":{"business":{"name":"","businessType":"","image":"","areaServed":"","urls":{"website":"","aboutPage":"","contactPage":""},"address":{"streetLine1":"","streetLine2":"","zipCode":"","city":"","state":"","country":"","addressFormat":"#streetLineOne\n#streetLineTwo\n#city, #state #zipCode"},"contact":{"email":"","phone":"","phoneFormatted":"","fax":"","faxFormatted":""},"ids":{"vat":"","tax":"","chamberOfCommerce":""},"payment":{"priceRange":"","currenciesAccepted":"","methods":""}}},"openingHours":{"useDefaults":true,"show":true,"alwaysOpen":false,"use24hFormat":false,"timezone":"","labels":{"closed":"","alwaysOpen":""},"days":{"monday":{"open24h":false,"closed":false,"openTime":"09:00","closeTime":"17:00"},"tuesday":{"open24h":false,"closed":false,"openTime":"09:00","closeTime":"17:00"},"wednesday":{"open24h":false,"closed":false,"openTime":"09:00","closeTime":"17:00"},"thursday":{"open24h":false,"closed":false,"openTime":"09:00","closeTime":"17:00"},"friday":{"open24h":false,"closed":false,"openTime":"09:00","closeTime":"17:00"},"saturday":{"open24h":false,"closed":false,"openTime":"09:00","closeTime":"17:00"},"sunday":{"open24h":false,"closed":false,"openTime":"09:00","closeTime":"17:00"}}}},"seo_analyzer_scan_date":"2025-08-28 18:52:30","breadcrumb_settings":null,"limit_modified_date":false,"open_ai":null,"ai":null,"created":"2021-07-27 15:16:14","updated":"2025-08-28 18:52:30"},"aioseo_breadcrumb":"<div class=\"aioseo-breadcrumbs\"><span class=\"aioseo-breadcrumb\">\n\t<a href=\"https:\/\/eldigitaldeasturias.com\/radio\" title=\"Inicio\">Inicio<\/a>\n<\/span><span class=\"aioseo-breadcrumb-separator\">&ndash;<\/span><span class=\"aioseo-breadcrumb\">\n\t<a href=\"https:\/\/eldigitaldeasturias.com\/radio\/category\/noticias\/\" title=\"Noticias\">Noticias<\/a>\n<\/span><span class=\"aioseo-breadcrumb-separator\">&ndash;<\/span><span class=\"aioseo-breadcrumb\">\n\tLa UE invierte 122 millones de euros en proyectos innovadores para descarbonizar la econom\u00eda\n<\/span><\/div>","aioseo_breadcrumb_json":[{"label":"Inicio","link":"https:\/\/eldigitaldeasturias.com\/radio"},{"label":"Noticias","link":"https:\/\/eldigitaldeasturias.com\/radio\/category\/noticias\/"},{"label":"La UE invierte 122 millones de euros en proyectos innovadores para descarbonizar la econom\u00eda","link":"https:\/\/eldigitaldeasturias.com\/radio\/la-ue-invierte-122-millones-de-euros-en-proyectos-innovadores-para-descarbonizar-la-economia\/"}],"_links":{"self":[{"href":"https:\/\/eldigitaldeasturias.com\/radio\/wp-json\/wp\/v2\/posts\/6056","targetHints":{"allow":["GET"]}}],"collection":[{"href":"https:\/\/eldigitaldeasturias.com\/radio\/wp-json\/wp\/v2\/posts"}],"about":[{"href":"https:\/\/eldigitaldeasturias.com\/radio\/wp-json\/wp\/v2\/types\/post"}],"author":[{"embeddable":true,"href":"https:\/\/eldigitaldeasturias.com\/radio\/wp-json\/wp\/v2\/users\/1"}],"replies":[{"embeddable":true,"href":"https:\/\/eldigitaldeasturias.com\/radio\/wp-json\/wp\/v2\/comments?post=6056"}],"version-history":[{"count":0,"href":"https:\/\/eldigitaldeasturias.com\/radio\/wp-json\/wp\/v2\/posts\/6056\/revisions"}],"wp:featuredmedia":[{"embeddable":true,"href":"https:\/\/eldigitaldeasturias.com\/radio\/wp-json\/wp\/v2\/media\/3274"}],"wp:attachment":[{"href":"https:\/\/eldigitaldeasturias.com\/radio\/wp-json\/wp\/v2\/media?parent=6056"}],"wp:term":[{"taxonomy":"category","embeddable":true,"href":"https:\/\/eldigitaldeasturias.com\/radio\/wp-json\/wp\/v2\/categories?post=6056"},{"taxonomy":"post_tag","embeddable":true,"href":"https:\/\/eldigitaldeasturias.com\/radio\/wp-json\/wp\/v2\/tags?post=6056"}],"curies":[{"name":"wp","href":"https:\/\/api.w.org\/{rel}","templated":true}]}}