{"id":6025,"date":"2021-07-12T12:16:26","date_gmt":"2021-07-12T12:16:26","guid":{"rendered":"http:\/\/eldigitaldeasturias.com\/radio\/?p=6025"},"modified":"2021-07-12T12:16:26","modified_gmt":"2021-07-12T12:16:26","slug":"ofensiva-taliban","status":"publish","type":"post","link":"https:\/\/eldigitaldeasturias.com\/radio\/ofensiva-taliban\/","title":{"rendered":"Ofensiva talib\u00e1n"},"content":{"rendered":"<p>(EP) &#8211; Los talib\u00e1n han tomado en las \u00faltimas horas dos distritos de la provincia de Ghor en una ofensiva que les ha llevado ya a las puertas de al menos diez ciudades del pa\u00eds, seg\u00fan fuentes citadas por la televisi\u00f3n afgana Tolo News.<\/p>\n<figure id=\"attachment_6026\" aria-describedby=\"caption-attachment-6026\" style=\"width: 640px\" class=\"wp-caption aligncenter\"><img fetchpriority=\"high\" decoding=\"async\" class=\"wp-image-6026\" src=\"https:\/\/eldigitaldeasturias.com\/radio\/wp-content\/uploads\/2021\/07\/Afganistan-360x260.jpg\" alt=\"Afganist\u00e1n\" width=\"640\" height=\"463\" srcset=\"https:\/\/eldigitaldeasturias.com\/radio\/wp-content\/uploads\/2021\/07\/Afganistan-360x260.jpg 360w, https:\/\/eldigitaldeasturias.com\/radio\/wp-content\/uploads\/2021\/07\/Afganistan-768x555.jpg 768w, https:\/\/eldigitaldeasturias.com\/radio\/wp-content\/uploads\/2021\/07\/Afganistan.jpg 884w\" sizes=\"(max-width: 640px) 100vw, 640px\" \/><figcaption id=\"caption-attachment-6026\" class=\"wp-caption-text\">FOTO: MINISTERIO DE DEFENSA DE AFGANIST\u00c1N \/ EP<\/figcaption><\/figure>\n<p>Los milicianos islamistas est\u00e1n combatiendo cerca de ciudades como Pul i Jumri (Baghlan), Taluqan (Tajar), Qala i Naw (Badghis), Sheberghan (Yauzy\u00e1n), Maidan Shahr (Maidan Wardak), Ghazni (Ghazni), Kandahar (Kandahar) y Lashkargah (Helmand), entre otras.<\/p>\n<p>Adem\u00e1s, han tomado los distritos de Taiwara y Pasaband (Ghor) en las \u00faltimas 24 horas. \u00abPedimos al Gobierno un plan adecuado para acabar con los talib\u00e1n\u00bb, ha afirmado un activista de la sociedad civild e Ghor, Hasan Hakimi, citado por Tolo News.<\/p>\n<p>El Ministerio de Defensa ha informado de al menos 200 talib\u00e1n muertos y 200 m\u00e1s heridos en los enfrentamientos de las \u00faltimas 24 horas, pero los talib\u00e1n han desmentido la cifra.<\/p>\n<p>En cambio, se ha informado de la muerte en Tajar de un comandante de las fuerzas paramilitares, Gul Agha Qataghani, fallecido tras un enfrentamiento con los talib\u00e1n ocurrido el viernes.<\/p>\n<p>En Kandahar se ha informado de la llegada de 16 cad\u00e1veres y 57 heridos a los hospitales como consecuencia de los combates, seg\u00fan fuentes sanitarias. \u00abHasta 42 de los heridos son civiles y 15, miembros de las fuerzas de seguridad. Al menos 16 cad\u00e1veres han llegado en las \u00faltimas 24 horas\u00bb, ha explicado el doctor Daud Farhad, director del Hospital Provincial de Kandahar.<\/p>\n<p>Adem\u00e1s, un coche bomba ha matado o herido a 15 miembros de las fuerzas de seguridad en Dilaram, en la provincia de Niroz. \u00abSe han lanzado ataques a gran escala contra la capital de Niroz y muchos de los miembros de nuestras fuerzas de seguridad han sido martirizados\u00bb, ha explicado una fuente local, Mohammad Faisal.<\/p>\n<p>Los talib\u00e1n aseguraron el s\u00e1bado que controlan ya el 85 por ciento del territorio de Afganist\u00e1n y ha advertido de que podr\u00edan tener la totalidad del suelo afgano bajo su control en un plazo de dos semanas. Las cifras pueden ser mera propaganda, pero el avance de los talib\u00e1n es innegable ante unas fuerzas de seguridad desmoralizadas y sin apoyo tras la retirada efectiva de las fuerzas internacionales.<\/p>\n","protected":false},"excerpt":{"rendered":"<p>(EP) &#8211; Los talib\u00e1n han tomado en las \u00faltimas horas dos distritos de la provincia de Ghor en una ofensiva que les ha llevado ya a las puertas de al menos diez ciudades del pa\u00eds, seg\u00fan fuentes citadas por la televisi\u00f3n afgana Tolo News. Los milicianos islamistas est\u00e1n combatiendo cerca de ciudades como Pul i<\/p>\n","protected":false},"author":1,"featured_media":6026,"comment_status":"closed","ping_status":"closed","sticky":false,"template":"","format":"standard","meta":{"footnotes":""},"categories":[1],"tags":[],"class_list":{"0":"post-6025","1":"post","2":"type-post","3":"status-publish","4":"format-standard","5":"has-post-thumbnail","7":"category-noticias"},"aioseo_notices":[],"aioseo_head":"\n\t\t<!-- All in One SEO Pro 4.9.6.2 - aioseo.com -->\n\t<meta name=\"description\" content=\"Los talib\u00e1n han tomado en las \u00faltimas horas dos distritos de la provincia de Ghor en una ofensiva que les ha llevado ya a las puertas de al menos diez ciudades\" \/>\n\t<meta name=\"robots\" content=\"max-image-preview:large\" \/>\n\t<meta name=\"author\" content=\"NBAsturias\"\/>\n\t<meta name=\"google-site-verification\" content=\"UA-38556648-1\" \/>\n\t<meta name=\"keywords\" content=\"noticias\" \/>\n\t<link rel=\"canonical\" href=\"https:\/\/eldigitaldeasturias.com\/radio\/ofensiva-taliban\/\" \/>\n\t<meta name=\"generator\" content=\"All in One SEO Pro (AIOSEO) 4.9.6.2\" \/>\n\t\t<meta property=\"og:locale\" content=\"es_ES\" \/>\n\t\t<meta property=\"og:site_name\" content=\"El Digital de Asturias | Diario de informaci\u00f3n y noticias\" \/>\n\t\t<meta property=\"og:type\" content=\"article\" \/>\n\t\t<meta property=\"og:title\" content=\"Ofensiva talib\u00e1n | El Digital de Asturias\" \/>\n\t\t<meta property=\"og:description\" content=\"Los talib\u00e1n han tomado en las \u00faltimas horas dos distritos de la provincia de Ghor en una ofensiva que les ha llevado ya a las puertas de al menos diez ciudades\" \/>\n\t\t<meta property=\"og:url\" content=\"https:\/\/eldigitaldeasturias.com\/radio\/ofensiva-taliban\/\" \/>\n\t\t<meta property=\"og:image\" content=\"https:\/\/eldigitaldeasturias.com\/radio\/wp-content\/uploads\/2021\/07\/Afganistan.jpg\" \/>\n\t\t<meta property=\"og:image:secure_url\" content=\"https:\/\/eldigitaldeasturias.com\/radio\/wp-content\/uploads\/2021\/07\/Afganistan.jpg\" \/>\n\t\t<meta property=\"og:image:width\" content=\"884\" \/>\n\t\t<meta property=\"og:image:height\" content=\"639\" \/>\n\t\t<meta property=\"article:published_time\" content=\"2021-07-12T12:16:26+00:00\" \/>\n\t\t<meta property=\"article:modified_time\" content=\"2021-07-12T12:16:26+00:00\" \/>\n\t\t<meta name=\"twitter:card\" content=\"summary_large_image\" \/>\n\t\t<meta name=\"twitter:site\" content=\"@bercodi\" \/>\n\t\t<meta name=\"twitter:title\" content=\"Ofensiva talib\u00e1n | El Digital de Asturias\" \/>\n\t\t<meta name=\"twitter:description\" content=\"Los talib\u00e1n han tomado en las \u00faltimas horas dos distritos de la provincia de Ghor en una ofensiva que les ha llevado ya a las puertas de al menos diez ciudades\" \/>\n\t\t<meta name=\"twitter:creator\" content=\"@bercodi\" \/>\n\t\t<meta name=\"twitter:image\" content=\"https:\/\/eldigitaldeasturias.com\/radio\/wp-content\/uploads\/2021\/07\/Afganistan.jpg\" \/>\n\t\t<script type=\"application\/ld+json\" class=\"aioseo-schema\">\n\t\t\t{\"@context\":\"https:\\\/\\\/schema.org\",\"@graph\":[{\"@type\":\"BreadcrumbList\",\"@id\":\"https:\\\/\\\/eldigitaldeasturias.com\\\/radio\\\/ofensiva-taliban\\\/#breadcrumblist\",\"itemListElement\":[{\"@type\":\"ListItem\",\"@id\":\"https:\\\/\\\/eldigitaldeasturias.com\\\/radio#listItem\",\"position\":1,\"name\":\"Inicio\",\"item\":\"https:\\\/\\\/eldigitaldeasturias.com\\\/radio\",\"nextItem\":{\"@type\":\"ListItem\",\"@id\":\"https:\\\/\\\/eldigitaldeasturias.com\\\/radio\\\/category\\\/noticias\\\/#listItem\",\"name\":\"Noticias\"}},{\"@type\":\"ListItem\",\"@id\":\"https:\\\/\\\/eldigitaldeasturias.com\\\/radio\\\/category\\\/noticias\\\/#listItem\",\"position\":2,\"name\":\"Noticias\",\"item\":\"https:\\\/\\\/eldigitaldeasturias.com\\\/radio\\\/category\\\/noticias\\\/\",\"nextItem\":{\"@type\":\"ListItem\",\"@id\":\"https:\\\/\\\/eldigitaldeasturias.com\\\/radio\\\/ofensiva-taliban\\\/#listItem\",\"name\":\"Ofensiva talib\\u00e1n\"},\"previousItem\":{\"@type\":\"ListItem\",\"@id\":\"https:\\\/\\\/eldigitaldeasturias.com\\\/radio#listItem\",\"name\":\"Inicio\"}},{\"@type\":\"ListItem\",\"@id\":\"https:\\\/\\\/eldigitaldeasturias.com\\\/radio\\\/ofensiva-taliban\\\/#listItem\",\"position\":3,\"name\":\"Ofensiva talib\\u00e1n\",\"previousItem\":{\"@type\":\"ListItem\",\"@id\":\"https:\\\/\\\/eldigitaldeasturias.com\\\/radio\\\/category\\\/noticias\\\/#listItem\",\"name\":\"Noticias\"}}]},{\"@type\":\"NewsArticle\",\"@id\":\"https:\\\/\\\/eldigitaldeasturias.com\\\/radio\\\/ofensiva-taliban\\\/#newsarticle\",\"name\":\"Ofensiva talib\\u00e1n | El Digital de Asturias\",\"headline\":\"Ofensiva talib\\u00e1n\",\"author\":{\"@id\":\"https:\\\/\\\/eldigitaldeasturias.com\\\/radio\\\/author\\\/nbasturias\\\/#author\"},\"publisher\":{\"@id\":\"https:\\\/\\\/eldigitaldeasturias.com\\\/radio\\\/#organization\"},\"image\":{\"@type\":\"ImageObject\",\"url\":\"https:\\\/\\\/eldigitaldeasturias.com\\\/radio\\\/wp-content\\\/uploads\\\/2021\\\/07\\\/Afganistan.jpg\",\"width\":884,\"height\":639,\"caption\":\"FOTO: MINISTERIO DE DEFENSA DE AFGANIST\\u00c1N \\\/ EP\"},\"datePublished\":\"2021-07-12T12:16:26+02:00\",\"dateModified\":\"2021-07-12T12:16:26+02:00\",\"inLanguage\":\"es-ES\",\"mainEntityOfPage\":{\"@id\":\"https:\\\/\\\/eldigitaldeasturias.com\\\/radio\\\/ofensiva-taliban\\\/#webpage\"},\"isPartOf\":{\"@id\":\"https:\\\/\\\/eldigitaldeasturias.com\\\/radio\\\/ofensiva-taliban\\\/#webpage\"},\"articleSection\":\"Noticias\",\"dateline\":\"Publicado el julio 12, 2021.\"},{\"@type\":\"Organization\",\"@id\":\"https:\\\/\\\/eldigitaldeasturias.com\\\/radio\\\/#organization\",\"name\":\"El digital de Asturias Radio\",\"description\":\"Diario de informaci\\u00f3n y noticias\",\"url\":\"https:\\\/\\\/eldigitaldeasturias.com\\\/radio\\\/\",\"telephone\":\"+34652131393\",\"logo\":{\"@type\":\"ImageObject\",\"url\":\"https:\\\/\\\/www.eldigitaldeasturias.com\\\/radio\\\/wp-content\\\/uploads\\\/2021\\\/03\\\/EDA.jpg\",\"@id\":\"https:\\\/\\\/eldigitaldeasturias.com\\\/radio\\\/ofensiva-taliban\\\/#organizationLogo\"},\"image\":{\"@id\":\"https:\\\/\\\/eldigitaldeasturias.com\\\/radio\\\/ofensiva-taliban\\\/#organizationLogo\"},\"sameAs\":[\"https:\\\/\\\/www.facebook.com\\\/\",\"https:\\\/\\\/x.com\\\/bercodi\",\"https:\\\/\\\/www.instagram.com\\\/\",\"https:\\\/\\\/www.youtube.com\\\/channel\\\/UCZP-2wLEB9Rv6erhFmqVnvg\"]},{\"@type\":\"Person\",\"@id\":\"https:\\\/\\\/eldigitaldeasturias.com\\\/radio\\\/author\\\/nbasturias\\\/#author\",\"url\":\"https:\\\/\\\/eldigitaldeasturias.com\\\/radio\\\/author\\\/nbasturias\\\/\",\"name\":\"NBAsturias\",\"image\":{\"@type\":\"ImageObject\",\"@id\":\"https:\\\/\\\/eldigitaldeasturias.com\\\/radio\\\/ofensiva-taliban\\\/#authorImage\",\"url\":\"https:\\\/\\\/secure.gravatar.com\\\/avatar\\\/df2aeffc32bcd13f8d26072ef8a91b623d677766deac7f97ca815868cd41bf5e?s=96&d=mm&r=g\",\"width\":96,\"height\":96,\"caption\":\"NBAsturias\"}},{\"@type\":\"WebPage\",\"@id\":\"https:\\\/\\\/eldigitaldeasturias.com\\\/radio\\\/ofensiva-taliban\\\/#webpage\",\"url\":\"https:\\\/\\\/eldigitaldeasturias.com\\\/radio\\\/ofensiva-taliban\\\/\",\"name\":\"Ofensiva talib\\u00e1n | El Digital de Asturias\",\"description\":\"Los talib\\u00e1n han tomado en las \\u00faltimas horas dos distritos de la provincia de Ghor en una ofensiva que les ha llevado ya a las puertas de al menos diez ciudades\",\"inLanguage\":\"es-ES\",\"isPartOf\":{\"@id\":\"https:\\\/\\\/eldigitaldeasturias.com\\\/radio\\\/#website\"},\"breadcrumb\":{\"@id\":\"https:\\\/\\\/eldigitaldeasturias.com\\\/radio\\\/ofensiva-taliban\\\/#breadcrumblist\"},\"author\":{\"@id\":\"https:\\\/\\\/eldigitaldeasturias.com\\\/radio\\\/author\\\/nbasturias\\\/#author\"},\"creator\":{\"@id\":\"https:\\\/\\\/eldigitaldeasturias.com\\\/radio\\\/author\\\/nbasturias\\\/#author\"},\"image\":{\"@type\":\"ImageObject\",\"url\":\"https:\\\/\\\/eldigitaldeasturias.com\\\/radio\\\/wp-content\\\/uploads\\\/2021\\\/07\\\/Afganistan.jpg\",\"@id\":\"https:\\\/\\\/eldigitaldeasturias.com\\\/radio\\\/ofensiva-taliban\\\/#mainImage\",\"width\":884,\"height\":639,\"caption\":\"FOTO: MINISTERIO DE DEFENSA DE AFGANIST\\u00c1N \\\/ EP\"},\"primaryImageOfPage\":{\"@id\":\"https:\\\/\\\/eldigitaldeasturias.com\\\/radio\\\/ofensiva-taliban\\\/#mainImage\"},\"datePublished\":\"2021-07-12T12:16:26+02:00\",\"dateModified\":\"2021-07-12T12:16:26+02:00\"},{\"@type\":\"WebSite\",\"@id\":\"https:\\\/\\\/eldigitaldeasturias.com\\\/radio\\\/#website\",\"url\":\"https:\\\/\\\/eldigitaldeasturias.com\\\/radio\\\/\",\"name\":\"El Digital de Asturias\",\"description\":\"Diario de informaci\\u00f3n y noticias\",\"inLanguage\":\"es-ES\",\"publisher\":{\"@id\":\"https:\\\/\\\/eldigitaldeasturias.com\\\/radio\\\/#organization\"}}]}\n\t\t<\/script>\n\t\t<!-- All in One SEO Pro -->\r\n\t\t<title>Ofensiva talib\u00e1n | El Digital de Asturias<\/title>\n\n","aioseo_head_json":{"title":"Ofensiva talib\u00e1n | El Digital de Asturias","description":"Los talib\u00e1n han tomado en las \u00faltimas horas dos distritos de la provincia de Ghor en una ofensiva que les ha llevado ya a las puertas de al menos diez ciudades","canonical_url":"https:\/\/eldigitaldeasturias.com\/radio\/ofensiva-taliban\/","robots":"max-image-preview:large","keywords":"noticias","webmasterTools":{"google-site-verification":"UA-38556648-1","miscellaneous":""},"schema":{"@context":"https:\/\/schema.org","@graph":[{"@type":"BreadcrumbList","@id":"https:\/\/eldigitaldeasturias.com\/radio\/ofensiva-taliban\/#breadcrumblist","itemListElement":[{"@type":"ListItem","@id":"https:\/\/eldigitaldeasturias.com\/radio#listItem","position":1,"name":"Inicio","item":"https:\/\/eldigitaldeasturias.com\/radio","nextItem":{"@type":"ListItem","@id":"https:\/\/eldigitaldeasturias.com\/radio\/category\/noticias\/#listItem","name":"Noticias"}},{"@type":"ListItem","@id":"https:\/\/eldigitaldeasturias.com\/radio\/category\/noticias\/#listItem","position":2,"name":"Noticias","item":"https:\/\/eldigitaldeasturias.com\/radio\/category\/noticias\/","nextItem":{"@type":"ListItem","@id":"https:\/\/eldigitaldeasturias.com\/radio\/ofensiva-taliban\/#listItem","name":"Ofensiva talib\u00e1n"},"previousItem":{"@type":"ListItem","@id":"https:\/\/eldigitaldeasturias.com\/radio#listItem","name":"Inicio"}},{"@type":"ListItem","@id":"https:\/\/eldigitaldeasturias.com\/radio\/ofensiva-taliban\/#listItem","position":3,"name":"Ofensiva talib\u00e1n","previousItem":{"@type":"ListItem","@id":"https:\/\/eldigitaldeasturias.com\/radio\/category\/noticias\/#listItem","name":"Noticias"}}]},{"@type":"NewsArticle","@id":"https:\/\/eldigitaldeasturias.com\/radio\/ofensiva-taliban\/#newsarticle","name":"Ofensiva talib\u00e1n | El Digital de Asturias","headline":"Ofensiva talib\u00e1n","author":{"@id":"https:\/\/eldigitaldeasturias.com\/radio\/author\/nbasturias\/#author"},"publisher":{"@id":"https:\/\/eldigitaldeasturias.com\/radio\/#organization"},"image":{"@type":"ImageObject","url":"https:\/\/eldigitaldeasturias.com\/radio\/wp-content\/uploads\/2021\/07\/Afganistan.jpg","width":884,"height":639,"caption":"FOTO: MINISTERIO DE DEFENSA DE AFGANIST\u00c1N \/ EP"},"datePublished":"2021-07-12T12:16:26+02:00","dateModified":"2021-07-12T12:16:26+02:00","inLanguage":"es-ES","mainEntityOfPage":{"@id":"https:\/\/eldigitaldeasturias.com\/radio\/ofensiva-taliban\/#webpage"},"isPartOf":{"@id":"https:\/\/eldigitaldeasturias.com\/radio\/ofensiva-taliban\/#webpage"},"articleSection":"Noticias","dateline":"Publicado el julio 12, 2021."},{"@type":"Organization","@id":"https:\/\/eldigitaldeasturias.com\/radio\/#organization","name":"El digital de Asturias Radio","description":"Diario de informaci\u00f3n y noticias","url":"https:\/\/eldigitaldeasturias.com\/radio\/","telephone":"+34652131393","logo":{"@type":"ImageObject","url":"https:\/\/www.eldigitaldeasturias.com\/radio\/wp-content\/uploads\/2021\/03\/EDA.jpg","@id":"https:\/\/eldigitaldeasturias.com\/radio\/ofensiva-taliban\/#organizationLogo"},"image":{"@id":"https:\/\/eldigitaldeasturias.com\/radio\/ofensiva-taliban\/#organizationLogo"},"sameAs":["https:\/\/www.facebook.com\/","https:\/\/x.com\/bercodi","https:\/\/www.instagram.com\/","https:\/\/www.youtube.com\/channel\/UCZP-2wLEB9Rv6erhFmqVnvg"]},{"@type":"Person","@id":"https:\/\/eldigitaldeasturias.com\/radio\/author\/nbasturias\/#author","url":"https:\/\/eldigitaldeasturias.com\/radio\/author\/nbasturias\/","name":"NBAsturias","image":{"@type":"ImageObject","@id":"https:\/\/eldigitaldeasturias.com\/radio\/ofensiva-taliban\/#authorImage","url":"https:\/\/secure.gravatar.com\/avatar\/df2aeffc32bcd13f8d26072ef8a91b623d677766deac7f97ca815868cd41bf5e?s=96&d=mm&r=g","width":96,"height":96,"caption":"NBAsturias"}},{"@type":"WebPage","@id":"https:\/\/eldigitaldeasturias.com\/radio\/ofensiva-taliban\/#webpage","url":"https:\/\/eldigitaldeasturias.com\/radio\/ofensiva-taliban\/","name":"Ofensiva talib\u00e1n | El Digital de Asturias","description":"Los talib\u00e1n han tomado en las \u00faltimas horas dos distritos de la provincia de Ghor en una ofensiva que les ha llevado ya a las puertas de al menos diez ciudades","inLanguage":"es-ES","isPartOf":{"@id":"https:\/\/eldigitaldeasturias.com\/radio\/#website"},"breadcrumb":{"@id":"https:\/\/eldigitaldeasturias.com\/radio\/ofensiva-taliban\/#breadcrumblist"},"author":{"@id":"https:\/\/eldigitaldeasturias.com\/radio\/author\/nbasturias\/#author"},"creator":{"@id":"https:\/\/eldigitaldeasturias.com\/radio\/author\/nbasturias\/#author"},"image":{"@type":"ImageObject","url":"https:\/\/eldigitaldeasturias.com\/radio\/wp-content\/uploads\/2021\/07\/Afganistan.jpg","@id":"https:\/\/eldigitaldeasturias.com\/radio\/ofensiva-taliban\/#mainImage","width":884,"height":639,"caption":"FOTO: MINISTERIO DE DEFENSA DE AFGANIST\u00c1N \/ EP"},"primaryImageOfPage":{"@id":"https:\/\/eldigitaldeasturias.com\/radio\/ofensiva-taliban\/#mainImage"},"datePublished":"2021-07-12T12:16:26+02:00","dateModified":"2021-07-12T12:16:26+02:00"},{"@type":"WebSite","@id":"https:\/\/eldigitaldeasturias.com\/radio\/#website","url":"https:\/\/eldigitaldeasturias.com\/radio\/","name":"El Digital de Asturias","description":"Diario de informaci\u00f3n y noticias","inLanguage":"es-ES","publisher":{"@id":"https:\/\/eldigitaldeasturias.com\/radio\/#organization"}}]},"og:locale":"es_ES","og:site_name":"El Digital de Asturias | Diario de informaci\u00f3n y noticias","og:type":"article","og:title":"Ofensiva talib\u00e1n | El Digital de Asturias","og:description":"Los talib\u00e1n han tomado en las \u00faltimas horas dos distritos de la provincia de Ghor en una ofensiva que les ha llevado ya a las puertas de al menos diez ciudades","og:url":"https:\/\/eldigitaldeasturias.com\/radio\/ofensiva-taliban\/","og:image":"https:\/\/eldigitaldeasturias.com\/radio\/wp-content\/uploads\/2021\/07\/Afganistan.jpg","og:image:secure_url":"https:\/\/eldigitaldeasturias.com\/radio\/wp-content\/uploads\/2021\/07\/Afganistan.jpg","og:image:width":884,"og:image:height":639,"article:published_time":"2021-07-12T12:16:26+00:00","article:modified_time":"2021-07-12T12:16:26+00:00","twitter:card":"summary_large_image","twitter:site":"@bercodi","twitter:title":"Ofensiva talib\u00e1n | El Digital de Asturias","twitter:description":"Los talib\u00e1n han tomado en las \u00faltimas horas dos distritos de la provincia de Ghor en una ofensiva que les ha llevado ya a las puertas de al menos diez ciudades","twitter:creator":"@bercodi","twitter:image":"https:\/\/eldigitaldeasturias.com\/radio\/wp-content\/uploads\/2021\/07\/Afganistan.jpg"},"aioseo_meta_data":{"post_id":"6025","title":null,"description":"Los talib\u00e1n han tomado en las \u00faltimas horas dos distritos de la provincia de Ghor en una ofensiva que les ha llevado ya a las puertas de al menos diez ciudades","keywords":[],"keyphrases":{"focus":{"keyphrase":"talib\u00e1n","score":80,"analysis":{"keyphraseInTitle":{"title":"Frase clave objetivo en el t\u00edtulo SEO","description":"Frase clave objetivo encontrada en el t\u00edtulo SEO.","score":9,"maxScore":9,"error":0},"keyphraseInDescription":{"title":"Frase clave objetivo en la meta descripci\u00f3n","description":"Frase clave objetivo encontrada en la meta descripci\u00f3n.","score":9,"maxScore":9,"error":0},"keyphraseInURL":{"title":"Frase clave objetivo en la URL","description":"Frase clave objetivo no encontrada en la URL.","score":1,"maxScore":5,"error":1},"keyphraseLength":{"title":"Longitud de la Frase clave objetivo","description":"\u00a1Buen trabajo!","score":9,"maxScore":9,"error":0,"length":1},"keyphraseInIntroduction":{"title":"Frase clave objetivo en la introducci\u00f3n","description":"Su Frase clave objetivo aparece en el primer p\u00e1rrafo. \u00a1Bien hecho!","score":9,"maxScore":9,"error":0},"keyphraseInSubHeadings":[],"keyphraseInImageAlt":{"title":"Frase clave objetivo en los atributos alt de la imagen.","description":"Frase clave objetivo no se encuentra en los atributos alt de la imagen. A\u00f1ada una imagen con su Frase clave objetivo como texto alternativo.","score":3,"maxScore":9,"error":1}}},"additional":[{"keyphrase":"Ofensiva","score":83,"analysis":{"keyphraseInDescription":{"title":"Frase clave en la meta descripci\u00f3n","description":"Frase clave encontrada en la meta descripci\u00f3n.","score":9,"maxScore":9,"error":0},"keyphraseLength":{"title":"Longitud de la Frase clave","description":"\u00a1Buen trabajo!","score":9,"maxScore":9,"error":0,"length":1},"keyphraseInIntroduction":{"title":"Frase clave en la introducci\u00f3n","description":"Su Frase clave aparece en el primer p\u00e1rrafo. \u00a1Bien hecho!","score":9,"maxScore":9,"error":0},"keyphraseInImageAlt":{"title":"Frase clave en los atributos alt de la imagen.","description":"Frase clave no se encuentra en los atributos alt de la imagen. A\u00f1ada una imagen con su Frase clave como texto alternativo.","score":3,"maxScore":9,"error":1}}},{"keyphrase":"Los talib\u00e1n","score":83,"analysis":{"keyphraseInDescription":{"title":"Frase clave en la meta descripci\u00f3n","description":"Frase clave encontrada en la meta descripci\u00f3n.","score":9,"maxScore":9,"error":0},"keyphraseLength":{"title":"Longitud de la Frase clave","description":"\u00a1Buen trabajo!","score":9,"maxScore":9,"error":0,"length":2},"keyphraseInIntroduction":{"title":"Frase clave en la introducci\u00f3n","description":"Su Frase clave aparece en el primer p\u00e1rrafo. \u00a1Bien hecho!","score":9,"maxScore":9,"error":0},"keyphraseInImageAlt":{"title":"Frase clave en los atributos alt de la imagen.","description":"Frase clave no se encuentra en los atributos alt de la imagen. A\u00f1ada una imagen con su Frase clave como texto alternativo.","score":3,"maxScore":9,"error":1}}}]},"primary_term":null,"canonical_url":null,"og_title":null,"og_description":null,"og_object_type":"default","og_image_type":"default","og_image_url":null,"og_image_width":null,"og_image_height":null,"og_image_custom_url":null,"og_image_custom_fields":null,"og_video":"","og_custom_url":null,"og_article_section":null,"og_article_tags":[],"twitter_use_og":false,"twitter_card":"default","twitter_image_type":"default","twitter_image_url":null,"twitter_image_custom_url":null,"twitter_image_custom_fields":null,"twitter_title":null,"twitter_description":null,"schema":{"blockGraphs":[],"customGraphs":[],"default":{"data":{"Article":[],"Course":[],"Dataset":[],"FAQPage":[],"Movie":[],"Person":[],"Product":[],"ProductReview":[],"Car":[],"Recipe":[],"Service":[],"SoftwareApplication":[],"WebPage":[]},"graphName":"","isEnabled":true},"graphs":[],"defaultGraph":"Article","defaultPostTypeGraph":""},"schema_type":"default","schema_type_options":"{\"article\":{\"articleType\":\"BlogPosting\"},\"course\":{\"name\":\"\",\"description\":\"\",\"provider\":\"\"},\"faq\":{\"pages\":[]},\"product\":{\"reviews\":[]},\"recipe\":{\"ingredients\":[],\"instructions\":[],\"keywords\":[]},\"software\":{\"reviews\":[],\"operatingSystems\":[]},\"webPage\":{\"webPageType\":\"WebPage\"}}","pillar_content":false,"robots_default":true,"robots_noindex":false,"robots_noarchive":false,"robots_nosnippet":false,"robots_nofollow":false,"robots_noimageindex":false,"robots_noodp":false,"robots_notranslate":false,"robots_max_snippet":"-1","robots_max_videopreview":"-1","robots_max_imagepreview":"large","priority":null,"frequency":"default","location":null,"local_seo":{"locations":{"business":{"name":"","businessType":"","image":"","areaServed":"","urls":{"website":"","aboutPage":"","contactPage":""},"address":{"streetLine1":"","streetLine2":"","zipCode":"","city":"","state":"","country":"","addressFormat":"#streetLineOne\n#streetLineTwo\n#city, #state #zipCode"},"contact":{"email":"","phone":"","phoneFormatted":"","fax":"","faxFormatted":""},"ids":{"vat":"","tax":"","chamberOfCommerce":""},"payment":{"priceRange":"","currenciesAccepted":"","methods":""}}},"openingHours":{"useDefaults":true,"show":true,"alwaysOpen":false,"use24hFormat":false,"timezone":"","labels":{"closed":"","alwaysOpen":""},"days":{"monday":{"open24h":false,"closed":false,"openTime":"09:00","closeTime":"17:00"},"tuesday":{"open24h":false,"closed":false,"openTime":"09:00","closeTime":"17:00"},"wednesday":{"open24h":false,"closed":false,"openTime":"09:00","closeTime":"17:00"},"thursday":{"open24h":false,"closed":false,"openTime":"09:00","closeTime":"17:00"},"friday":{"open24h":false,"closed":false,"openTime":"09:00","closeTime":"17:00"},"saturday":{"open24h":false,"closed":false,"openTime":"09:00","closeTime":"17:00"},"sunday":{"open24h":false,"closed":false,"openTime":"09:00","closeTime":"17:00"}}}},"seo_analyzer_scan_date":"2025-08-28 18:51:05","breadcrumb_settings":null,"limit_modified_date":false,"open_ai":null,"ai":null,"created":"2021-07-12 12:11:44","updated":"2025-08-28 18:51:05"},"aioseo_breadcrumb":"<div class=\"aioseo-breadcrumbs\"><span class=\"aioseo-breadcrumb\">\n\t<a href=\"https:\/\/eldigitaldeasturias.com\/radio\" title=\"Inicio\">Inicio<\/a>\n<\/span><span class=\"aioseo-breadcrumb-separator\">&ndash;<\/span><span class=\"aioseo-breadcrumb\">\n\t<a href=\"https:\/\/eldigitaldeasturias.com\/radio\/category\/noticias\/\" title=\"Noticias\">Noticias<\/a>\n<\/span><span class=\"aioseo-breadcrumb-separator\">&ndash;<\/span><span class=\"aioseo-breadcrumb\">\n\tOfensiva talib\u00e1n\n<\/span><\/div>","aioseo_breadcrumb_json":[{"label":"Inicio","link":"https:\/\/eldigitaldeasturias.com\/radio"},{"label":"Noticias","link":"https:\/\/eldigitaldeasturias.com\/radio\/category\/noticias\/"},{"label":"Ofensiva talib\u00e1n","link":"https:\/\/eldigitaldeasturias.com\/radio\/ofensiva-taliban\/"}],"_links":{"self":[{"href":"https:\/\/eldigitaldeasturias.com\/radio\/wp-json\/wp\/v2\/posts\/6025","targetHints":{"allow":["GET"]}}],"collection":[{"href":"https:\/\/eldigitaldeasturias.com\/radio\/wp-json\/wp\/v2\/posts"}],"about":[{"href":"https:\/\/eldigitaldeasturias.com\/radio\/wp-json\/wp\/v2\/types\/post"}],"author":[{"embeddable":true,"href":"https:\/\/eldigitaldeasturias.com\/radio\/wp-json\/wp\/v2\/users\/1"}],"replies":[{"embeddable":true,"href":"https:\/\/eldigitaldeasturias.com\/radio\/wp-json\/wp\/v2\/comments?post=6025"}],"version-history":[{"count":0,"href":"https:\/\/eldigitaldeasturias.com\/radio\/wp-json\/wp\/v2\/posts\/6025\/revisions"}],"wp:featuredmedia":[{"embeddable":true,"href":"https:\/\/eldigitaldeasturias.com\/radio\/wp-json\/wp\/v2\/media\/6026"}],"wp:attachment":[{"href":"https:\/\/eldigitaldeasturias.com\/radio\/wp-json\/wp\/v2\/media?parent=6025"}],"wp:term":[{"taxonomy":"category","embeddable":true,"href":"https:\/\/eldigitaldeasturias.com\/radio\/wp-json\/wp\/v2\/categories?post=6025"},{"taxonomy":"post_tag","embeddable":true,"href":"https:\/\/eldigitaldeasturias.com\/radio\/wp-json\/wp\/v2\/tags?post=6025"}],"curies":[{"name":"wp","href":"https:\/\/api.w.org\/{rel}","templated":true}]}}