{"id":5991,"date":"2021-06-29T08:51:04","date_gmt":"2021-06-29T08:51:04","guid":{"rendered":"http:\/\/eldigitaldeasturias.com\/radio\/?p=5991"},"modified":"2021-06-29T08:51:04","modified_gmt":"2021-06-29T08:51:04","slug":"seguro-de-impago-de-alquiler-como-contratarlo","status":"publish","type":"post","link":"https:\/\/eldigitaldeasturias.com\/radio\/seguro-de-impago-de-alquiler-como-contratarlo\/","title":{"rendered":"Seguro de impago de alquiler: \u00bfC\u00f3mo contratarlo?"},"content":{"rendered":"<p><img fetchpriority=\"high\" decoding=\"async\" class=\"alignleft size-medium wp-image-5992\" src=\"https:\/\/eldigitaldeasturias.com\/radio\/wp-content\/uploads\/2021\/06\/house-360x240.jpg\" alt=\"\" width=\"360\" height=\"240\" srcset=\"https:\/\/eldigitaldeasturias.com\/radio\/wp-content\/uploads\/2021\/06\/house-360x240.jpg 360w, https:\/\/eldigitaldeasturias.com\/radio\/wp-content\/uploads\/2021\/06\/house.jpg 640w\" sizes=\"(max-width: 360px) 100vw, 360px\" \/>La situaci\u00f3n econ\u00f3mica de las familias y personas tanto en Espa\u00f1a como en el resto del mundo no atraviesa su mejor momento, <strong>los datos que cada d\u00eda podemos ver en los medios o escuchar en la radio as\u00ed nos lo hacen ver;<\/strong> y hoy en d\u00eda son muchos los particulares que dudan a la hora de <strong>alquilar sus viviendas<\/strong> por miedo al impago por parte de los inquilinos, \u00bfhay alguna opci\u00f3n en el mercado que nos aporte tranquilidad a la hora de alquilar una casa o piso?, la respuesta es afirmativa. <a href=\"https:\/\/mutuadepropietarios.es\/seguro-de-alquileres\/\" target=\"_blank\" rel=\"noopener\"><span style=\"color: #ff6600;\"><strong>Seguro de impago de alquiler<\/strong><\/span><\/a> es la mejor opci\u00f3n en calidad, precio y tranquilidad para todos aquellos propietarios que quieran poner en el mercado una de sus propiedades, y te lo ofrece Mutua de Propietarios.<\/p>\n<p>Hoy en d\u00eda son muchas las personas que debido a la crisis, a los efectos econ\u00f3micos que nos ha dejado la pandemia o por falta de liquidez <strong>dejan de pagar sus alquileres o recibos<\/strong>, motivos puede haber muchos para ello, pero para evitar que la situaci\u00f3n se agrave y causar da\u00f1os o perdidas a los propietarios es bueno ser honesto e intentar llegar a un acuerdo antes de que la situaci\u00f3n se nos vaya de las manos.<\/p>\n<p>Tambi\u00e9n hay <strong>personas que optan por alquilar sus propiedades para evitar que sean ocupadas o para obtener unos ingresos extras<\/strong>. Cuando el inquilino deja de pagar nos causa una serie de gastos y problemas a los que <strong>tenemos que hacer frente de forma legal y siempre bien asesorados<\/strong>, pues los procesos para recuperar nuestro dinero o para que el moroso abandone nuestra casa en caso de no llegar a un acuerdo amistoso puede ser costoso y largo, <strong>de ah\u00ed la importancia de contar con este seguro que se adaptar\u00e1 perfectamente a tus necesidades<\/strong>, tengas una o varias viviendas para alquilar.<\/p>\n<h2>\u00bfC\u00f3mo funciona?<\/h2>\n<p>Con el seguro de impago de alquiler podr\u00e1s dormir tranquilo y vivir sin tener que hacer esas llamadas o visitas para pedir lo que es tuyo, pues<strong> ser\u00e1n los profesionales de Mutua de Propietarios los encargados de recuperar tu vivienda en caso de impago y te ofrecer\u00e1n todo su apoyo, servicios y coberturas para que cobres el importe de las rentas impagadas<\/strong>, adem\u00e1s en el caso de que el inquilino moroso haya causado desperfectos en la casa o piso, ellos te compensar\u00e1n por los da\u00f1os. Sin duda es la mejor opci\u00f3n para alquilar con tranquilidad y disponer de un buen asesoramiento legal.<\/p>\n<h2>Coberturas extras<\/h2>\n<p>El equipo de Mutua de Propietarios realizar\u00e1 un <strong>an\u00e1lisis de tus inquilinos<\/strong> previamente a la contrataci\u00f3n del seguro de impago de alquiler, para poder <strong>cubrir los posibles impagos<\/strong> y adem\u00e1s en el caso de que dispongas de varias viviendas conseguir\u00e1s mejores condiciones y precio.<\/p>\n<p>En caso de que sea necesario, el seguro incluye un <strong>servicio de asistencia que te ofrece cinco horas de limpieza de la vivienda por cambio de inquilino<\/strong>, sustituci\u00f3n de cerradura o gesti\u00f3n de los suministros, entre otros.<\/p>\n<p>Ventajas creadas y pensadas para tu tranquilidad y para que puedas poner en el mercado tu propiedad o propiedades sin tener que vivir con la incertidumbre de si cobrar\u00e1s o no el alquiler mensual de tu casa.<\/p>\n<p>Si deseas m\u00e1s informaci\u00f3n y conocer los requisitos para contratar el seguro, condiciones y otras modalidades <strong>no olvides visitar mutuadepropietarios.es<\/strong>, en su web tienes varios m\u00e9todos de contacto que te servir\u00e1n para despejar dudas y contratar un servicio muy necesario que te aportar\u00e1 tranquilidad y que tambi\u00e9n incluye ventajas para tus inquilinos.<\/p>\n","protected":false},"excerpt":{"rendered":"<p>La situaci\u00f3n econ\u00f3mica de las familias y personas tanto en Espa\u00f1a como en el resto del mundo no atraviesa su mejor momento, los datos que cada d\u00eda podemos ver en los medios o escuchar en la radio as\u00ed nos lo hacen ver; y hoy en d\u00eda son muchos los particulares que dudan a la hora<\/p>\n","protected":false},"author":1,"featured_media":5992,"comment_status":"closed","ping_status":"closed","sticky":false,"template":"","format":"standard","meta":{"footnotes":""},"categories":[35],"tags":[],"class_list":{"0":"post-5991","1":"post","2":"type-post","3":"status-publish","4":"format-standard","5":"has-post-thumbnail","7":"category-negocios"},"aioseo_notices":[],"aioseo_head":"\n\t\t<!-- All in One SEO Pro 4.9.6.2 - aioseo.com -->\n\t<meta name=\"description\" content=\"La situaci\u00f3n econ\u00f3mica de las familias y personas tanto en Espa\u00f1a como en el resto del mundo no atraviesa su mejor momento, los datos que cada d\u00eda podemos ..\" \/>\n\t<meta name=\"robots\" content=\"max-image-preview:large\" \/>\n\t<meta name=\"author\" content=\"NBAsturias\"\/>\n\t<meta name=\"google-site-verification\" content=\"UA-38556648-1\" \/>\n\t<meta name=\"keywords\" content=\"seguro,seguro de impago de alquiler,alquiler,negocios\" \/>\n\t<link rel=\"canonical\" href=\"https:\/\/eldigitaldeasturias.com\/radio\/seguro-de-impago-de-alquiler-como-contratarlo\/\" \/>\n\t<meta name=\"generator\" content=\"All in One SEO Pro (AIOSEO) 4.9.6.2\" \/>\n\t\t<meta property=\"og:locale\" content=\"es_ES\" \/>\n\t\t<meta property=\"og:site_name\" content=\"El Digital de Asturias | Diario de informaci\u00f3n y noticias\" \/>\n\t\t<meta property=\"og:type\" content=\"article\" \/>\n\t\t<meta property=\"og:title\" content=\"Seguro de impago de alquiler: \u00bfC\u00f3mo contratarlo? | El Digital de Asturias\" \/>\n\t\t<meta property=\"og:description\" content=\"La situaci\u00f3n econ\u00f3mica de las familias y personas tanto en Espa\u00f1a como en el resto del mundo no atraviesa su mejor momento, los datos que cada d\u00eda podemos ..\" \/>\n\t\t<meta property=\"og:url\" content=\"https:\/\/eldigitaldeasturias.com\/radio\/seguro-de-impago-de-alquiler-como-contratarlo\/\" \/>\n\t\t<meta property=\"og:image\" content=\"https:\/\/eldigitaldeasturias.com\/radio\/wp-content\/uploads\/2021\/06\/house.jpg\" \/>\n\t\t<meta property=\"og:image:secure_url\" content=\"https:\/\/eldigitaldeasturias.com\/radio\/wp-content\/uploads\/2021\/06\/house.jpg\" \/>\n\t\t<meta property=\"og:image:width\" content=\"640\" \/>\n\t\t<meta property=\"og:image:height\" content=\"426\" \/>\n\t\t<meta property=\"article:published_time\" content=\"2021-06-29T08:51:04+00:00\" \/>\n\t\t<meta property=\"article:modified_time\" content=\"2021-06-29T08:51:04+00:00\" \/>\n\t\t<meta name=\"twitter:card\" content=\"summary_large_image\" \/>\n\t\t<meta name=\"twitter:site\" content=\"@bercodi\" \/>\n\t\t<meta name=\"twitter:title\" content=\"Seguro de impago de alquiler: \u00bfC\u00f3mo contratarlo? | El Digital de Asturias\" \/>\n\t\t<meta name=\"twitter:description\" content=\"La situaci\u00f3n econ\u00f3mica de las familias y personas tanto en Espa\u00f1a como en el resto del mundo no atraviesa su mejor momento, los datos que cada d\u00eda podemos ..\" \/>\n\t\t<meta name=\"twitter:creator\" content=\"@bercodi\" \/>\n\t\t<meta name=\"twitter:image\" content=\"https:\/\/eldigitaldeasturias.com\/radio\/wp-content\/uploads\/2021\/06\/house.jpg\" \/>\n\t\t<script type=\"application\/ld+json\" class=\"aioseo-schema\">\n\t\t\t{\"@context\":\"https:\\\/\\\/schema.org\",\"@graph\":[{\"@type\":\"BreadcrumbList\",\"@id\":\"https:\\\/\\\/eldigitaldeasturias.com\\\/radio\\\/seguro-de-impago-de-alquiler-como-contratarlo\\\/#breadcrumblist\",\"itemListElement\":[{\"@type\":\"ListItem\",\"@id\":\"https:\\\/\\\/eldigitaldeasturias.com\\\/radio#listItem\",\"position\":1,\"name\":\"Inicio\",\"item\":\"https:\\\/\\\/eldigitaldeasturias.com\\\/radio\",\"nextItem\":{\"@type\":\"ListItem\",\"@id\":\"https:\\\/\\\/eldigitaldeasturias.com\\\/radio\\\/category\\\/negocios\\\/#listItem\",\"name\":\"Negocios\"}},{\"@type\":\"ListItem\",\"@id\":\"https:\\\/\\\/eldigitaldeasturias.com\\\/radio\\\/category\\\/negocios\\\/#listItem\",\"position\":2,\"name\":\"Negocios\",\"item\":\"https:\\\/\\\/eldigitaldeasturias.com\\\/radio\\\/category\\\/negocios\\\/\",\"nextItem\":{\"@type\":\"ListItem\",\"@id\":\"https:\\\/\\\/eldigitaldeasturias.com\\\/radio\\\/seguro-de-impago-de-alquiler-como-contratarlo\\\/#listItem\",\"name\":\"Seguro de impago de alquiler: \\u00bfC\\u00f3mo contratarlo?\"},\"previousItem\":{\"@type\":\"ListItem\",\"@id\":\"https:\\\/\\\/eldigitaldeasturias.com\\\/radio#listItem\",\"name\":\"Inicio\"}},{\"@type\":\"ListItem\",\"@id\":\"https:\\\/\\\/eldigitaldeasturias.com\\\/radio\\\/seguro-de-impago-de-alquiler-como-contratarlo\\\/#listItem\",\"position\":3,\"name\":\"Seguro de impago de alquiler: \\u00bfC\\u00f3mo contratarlo?\",\"previousItem\":{\"@type\":\"ListItem\",\"@id\":\"https:\\\/\\\/eldigitaldeasturias.com\\\/radio\\\/category\\\/negocios\\\/#listItem\",\"name\":\"Negocios\"}}]},{\"@type\":\"NewsArticle\",\"@id\":\"https:\\\/\\\/eldigitaldeasturias.com\\\/radio\\\/seguro-de-impago-de-alquiler-como-contratarlo\\\/#newsarticle\",\"name\":\"Seguro de impago de alquiler: \\u00bfC\\u00f3mo contratarlo? | El Digital de Asturias\",\"headline\":\"Seguro de impago de alquiler: \\u00bfC\\u00f3mo contratarlo?\",\"author\":{\"@id\":\"https:\\\/\\\/eldigitaldeasturias.com\\\/radio\\\/author\\\/nbasturias\\\/#author\"},\"publisher\":{\"@id\":\"https:\\\/\\\/eldigitaldeasturias.com\\\/radio\\\/#organization\"},\"image\":{\"@type\":\"ImageObject\",\"url\":\"https:\\\/\\\/eldigitaldeasturias.com\\\/radio\\\/wp-content\\\/uploads\\\/2021\\\/06\\\/house.jpg\",\"width\":640,\"height\":426},\"datePublished\":\"2021-06-29T08:51:04+02:00\",\"dateModified\":\"2021-06-29T08:51:04+02:00\",\"inLanguage\":\"es-ES\",\"mainEntityOfPage\":{\"@id\":\"https:\\\/\\\/eldigitaldeasturias.com\\\/radio\\\/seguro-de-impago-de-alquiler-como-contratarlo\\\/#webpage\"},\"isPartOf\":{\"@id\":\"https:\\\/\\\/eldigitaldeasturias.com\\\/radio\\\/seguro-de-impago-de-alquiler-como-contratarlo\\\/#webpage\"},\"articleSection\":\"Negocios\",\"dateline\":\"Publicado el junio 29, 2021.\"},{\"@type\":\"Organization\",\"@id\":\"https:\\\/\\\/eldigitaldeasturias.com\\\/radio\\\/#organization\",\"name\":\"El digital de Asturias Radio\",\"description\":\"Diario de informaci\\u00f3n y noticias\",\"url\":\"https:\\\/\\\/eldigitaldeasturias.com\\\/radio\\\/\",\"telephone\":\"+34652131393\",\"logo\":{\"@type\":\"ImageObject\",\"url\":\"https:\\\/\\\/www.eldigitaldeasturias.com\\\/radio\\\/wp-content\\\/uploads\\\/2021\\\/03\\\/EDA.jpg\",\"@id\":\"https:\\\/\\\/eldigitaldeasturias.com\\\/radio\\\/seguro-de-impago-de-alquiler-como-contratarlo\\\/#organizationLogo\"},\"image\":{\"@id\":\"https:\\\/\\\/eldigitaldeasturias.com\\\/radio\\\/seguro-de-impago-de-alquiler-como-contratarlo\\\/#organizationLogo\"},\"sameAs\":[\"https:\\\/\\\/www.facebook.com\\\/\",\"https:\\\/\\\/x.com\\\/bercodi\",\"https:\\\/\\\/www.instagram.com\\\/\",\"https:\\\/\\\/www.youtube.com\\\/channel\\\/UCZP-2wLEB9Rv6erhFmqVnvg\"]},{\"@type\":\"Person\",\"@id\":\"https:\\\/\\\/eldigitaldeasturias.com\\\/radio\\\/author\\\/nbasturias\\\/#author\",\"url\":\"https:\\\/\\\/eldigitaldeasturias.com\\\/radio\\\/author\\\/nbasturias\\\/\",\"name\":\"NBAsturias\",\"image\":{\"@type\":\"ImageObject\",\"@id\":\"https:\\\/\\\/eldigitaldeasturias.com\\\/radio\\\/seguro-de-impago-de-alquiler-como-contratarlo\\\/#authorImage\",\"url\":\"https:\\\/\\\/secure.gravatar.com\\\/avatar\\\/df2aeffc32bcd13f8d26072ef8a91b623d677766deac7f97ca815868cd41bf5e?s=96&d=mm&r=g\",\"width\":96,\"height\":96,\"caption\":\"NBAsturias\"}},{\"@type\":\"WebPage\",\"@id\":\"https:\\\/\\\/eldigitaldeasturias.com\\\/radio\\\/seguro-de-impago-de-alquiler-como-contratarlo\\\/#webpage\",\"url\":\"https:\\\/\\\/eldigitaldeasturias.com\\\/radio\\\/seguro-de-impago-de-alquiler-como-contratarlo\\\/\",\"name\":\"Seguro de impago de alquiler: \\u00bfC\\u00f3mo contratarlo? | El Digital de Asturias\",\"description\":\"La situaci\\u00f3n econ\\u00f3mica de las familias y personas tanto en Espa\\u00f1a como en el resto del mundo no atraviesa su mejor momento, los datos que cada d\\u00eda podemos ..\",\"inLanguage\":\"es-ES\",\"isPartOf\":{\"@id\":\"https:\\\/\\\/eldigitaldeasturias.com\\\/radio\\\/#website\"},\"breadcrumb\":{\"@id\":\"https:\\\/\\\/eldigitaldeasturias.com\\\/radio\\\/seguro-de-impago-de-alquiler-como-contratarlo\\\/#breadcrumblist\"},\"author\":{\"@id\":\"https:\\\/\\\/eldigitaldeasturias.com\\\/radio\\\/author\\\/nbasturias\\\/#author\"},\"creator\":{\"@id\":\"https:\\\/\\\/eldigitaldeasturias.com\\\/radio\\\/author\\\/nbasturias\\\/#author\"},\"image\":{\"@type\":\"ImageObject\",\"url\":\"https:\\\/\\\/eldigitaldeasturias.com\\\/radio\\\/wp-content\\\/uploads\\\/2021\\\/06\\\/house.jpg\",\"@id\":\"https:\\\/\\\/eldigitaldeasturias.com\\\/radio\\\/seguro-de-impago-de-alquiler-como-contratarlo\\\/#mainImage\",\"width\":640,\"height\":426},\"primaryImageOfPage\":{\"@id\":\"https:\\\/\\\/eldigitaldeasturias.com\\\/radio\\\/seguro-de-impago-de-alquiler-como-contratarlo\\\/#mainImage\"},\"datePublished\":\"2021-06-29T08:51:04+02:00\",\"dateModified\":\"2021-06-29T08:51:04+02:00\"},{\"@type\":\"WebSite\",\"@id\":\"https:\\\/\\\/eldigitaldeasturias.com\\\/radio\\\/#website\",\"url\":\"https:\\\/\\\/eldigitaldeasturias.com\\\/radio\\\/\",\"name\":\"El Digital de Asturias\",\"description\":\"Diario de informaci\\u00f3n y noticias\",\"inLanguage\":\"es-ES\",\"publisher\":{\"@id\":\"https:\\\/\\\/eldigitaldeasturias.com\\\/radio\\\/#organization\"}}]}\n\t\t<\/script>\n\t\t<!-- All in One SEO Pro -->\r\n\t\t<title>Seguro de impago de alquiler: \u00bfC\u00f3mo contratarlo? | El Digital de Asturias<\/title>\n\n","aioseo_head_json":{"title":"Seguro de impago de alquiler: \u00bfC\u00f3mo contratarlo? | El Digital de Asturias","description":"La situaci\u00f3n econ\u00f3mica de las familias y personas tanto en Espa\u00f1a como en el resto del mundo no atraviesa su mejor momento, los datos que cada d\u00eda podemos ..","canonical_url":"https:\/\/eldigitaldeasturias.com\/radio\/seguro-de-impago-de-alquiler-como-contratarlo\/","robots":"max-image-preview:large","keywords":"seguro,seguro de impago de alquiler,alquiler,negocios","webmasterTools":{"google-site-verification":"UA-38556648-1","miscellaneous":""},"schema":{"@context":"https:\/\/schema.org","@graph":[{"@type":"BreadcrumbList","@id":"https:\/\/eldigitaldeasturias.com\/radio\/seguro-de-impago-de-alquiler-como-contratarlo\/#breadcrumblist","itemListElement":[{"@type":"ListItem","@id":"https:\/\/eldigitaldeasturias.com\/radio#listItem","position":1,"name":"Inicio","item":"https:\/\/eldigitaldeasturias.com\/radio","nextItem":{"@type":"ListItem","@id":"https:\/\/eldigitaldeasturias.com\/radio\/category\/negocios\/#listItem","name":"Negocios"}},{"@type":"ListItem","@id":"https:\/\/eldigitaldeasturias.com\/radio\/category\/negocios\/#listItem","position":2,"name":"Negocios","item":"https:\/\/eldigitaldeasturias.com\/radio\/category\/negocios\/","nextItem":{"@type":"ListItem","@id":"https:\/\/eldigitaldeasturias.com\/radio\/seguro-de-impago-de-alquiler-como-contratarlo\/#listItem","name":"Seguro de impago de alquiler: \u00bfC\u00f3mo contratarlo?"},"previousItem":{"@type":"ListItem","@id":"https:\/\/eldigitaldeasturias.com\/radio#listItem","name":"Inicio"}},{"@type":"ListItem","@id":"https:\/\/eldigitaldeasturias.com\/radio\/seguro-de-impago-de-alquiler-como-contratarlo\/#listItem","position":3,"name":"Seguro de impago de alquiler: \u00bfC\u00f3mo contratarlo?","previousItem":{"@type":"ListItem","@id":"https:\/\/eldigitaldeasturias.com\/radio\/category\/negocios\/#listItem","name":"Negocios"}}]},{"@type":"NewsArticle","@id":"https:\/\/eldigitaldeasturias.com\/radio\/seguro-de-impago-de-alquiler-como-contratarlo\/#newsarticle","name":"Seguro de impago de alquiler: \u00bfC\u00f3mo contratarlo? | El Digital de Asturias","headline":"Seguro de impago de alquiler: \u00bfC\u00f3mo contratarlo?","author":{"@id":"https:\/\/eldigitaldeasturias.com\/radio\/author\/nbasturias\/#author"},"publisher":{"@id":"https:\/\/eldigitaldeasturias.com\/radio\/#organization"},"image":{"@type":"ImageObject","url":"https:\/\/eldigitaldeasturias.com\/radio\/wp-content\/uploads\/2021\/06\/house.jpg","width":640,"height":426},"datePublished":"2021-06-29T08:51:04+02:00","dateModified":"2021-06-29T08:51:04+02:00","inLanguage":"es-ES","mainEntityOfPage":{"@id":"https:\/\/eldigitaldeasturias.com\/radio\/seguro-de-impago-de-alquiler-como-contratarlo\/#webpage"},"isPartOf":{"@id":"https:\/\/eldigitaldeasturias.com\/radio\/seguro-de-impago-de-alquiler-como-contratarlo\/#webpage"},"articleSection":"Negocios","dateline":"Publicado el junio 29, 2021."},{"@type":"Organization","@id":"https:\/\/eldigitaldeasturias.com\/radio\/#organization","name":"El digital de Asturias Radio","description":"Diario de informaci\u00f3n y noticias","url":"https:\/\/eldigitaldeasturias.com\/radio\/","telephone":"+34652131393","logo":{"@type":"ImageObject","url":"https:\/\/www.eldigitaldeasturias.com\/radio\/wp-content\/uploads\/2021\/03\/EDA.jpg","@id":"https:\/\/eldigitaldeasturias.com\/radio\/seguro-de-impago-de-alquiler-como-contratarlo\/#organizationLogo"},"image":{"@id":"https:\/\/eldigitaldeasturias.com\/radio\/seguro-de-impago-de-alquiler-como-contratarlo\/#organizationLogo"},"sameAs":["https:\/\/www.facebook.com\/","https:\/\/x.com\/bercodi","https:\/\/www.instagram.com\/","https:\/\/www.youtube.com\/channel\/UCZP-2wLEB9Rv6erhFmqVnvg"]},{"@type":"Person","@id":"https:\/\/eldigitaldeasturias.com\/radio\/author\/nbasturias\/#author","url":"https:\/\/eldigitaldeasturias.com\/radio\/author\/nbasturias\/","name":"NBAsturias","image":{"@type":"ImageObject","@id":"https:\/\/eldigitaldeasturias.com\/radio\/seguro-de-impago-de-alquiler-como-contratarlo\/#authorImage","url":"https:\/\/secure.gravatar.com\/avatar\/df2aeffc32bcd13f8d26072ef8a91b623d677766deac7f97ca815868cd41bf5e?s=96&d=mm&r=g","width":96,"height":96,"caption":"NBAsturias"}},{"@type":"WebPage","@id":"https:\/\/eldigitaldeasturias.com\/radio\/seguro-de-impago-de-alquiler-como-contratarlo\/#webpage","url":"https:\/\/eldigitaldeasturias.com\/radio\/seguro-de-impago-de-alquiler-como-contratarlo\/","name":"Seguro de impago de alquiler: \u00bfC\u00f3mo contratarlo? | El Digital de Asturias","description":"La situaci\u00f3n econ\u00f3mica de las familias y personas tanto en Espa\u00f1a como en el resto del mundo no atraviesa su mejor momento, los datos que cada d\u00eda podemos ..","inLanguage":"es-ES","isPartOf":{"@id":"https:\/\/eldigitaldeasturias.com\/radio\/#website"},"breadcrumb":{"@id":"https:\/\/eldigitaldeasturias.com\/radio\/seguro-de-impago-de-alquiler-como-contratarlo\/#breadcrumblist"},"author":{"@id":"https:\/\/eldigitaldeasturias.com\/radio\/author\/nbasturias\/#author"},"creator":{"@id":"https:\/\/eldigitaldeasturias.com\/radio\/author\/nbasturias\/#author"},"image":{"@type":"ImageObject","url":"https:\/\/eldigitaldeasturias.com\/radio\/wp-content\/uploads\/2021\/06\/house.jpg","@id":"https:\/\/eldigitaldeasturias.com\/radio\/seguro-de-impago-de-alquiler-como-contratarlo\/#mainImage","width":640,"height":426},"primaryImageOfPage":{"@id":"https:\/\/eldigitaldeasturias.com\/radio\/seguro-de-impago-de-alquiler-como-contratarlo\/#mainImage"},"datePublished":"2021-06-29T08:51:04+02:00","dateModified":"2021-06-29T08:51:04+02:00"},{"@type":"WebSite","@id":"https:\/\/eldigitaldeasturias.com\/radio\/#website","url":"https:\/\/eldigitaldeasturias.com\/radio\/","name":"El Digital de Asturias","description":"Diario de informaci\u00f3n y noticias","inLanguage":"es-ES","publisher":{"@id":"https:\/\/eldigitaldeasturias.com\/radio\/#organization"}}]},"og:locale":"es_ES","og:site_name":"El Digital de Asturias | Diario de informaci\u00f3n y noticias","og:type":"article","og:title":"Seguro de impago de alquiler: \u00bfC\u00f3mo contratarlo? | El Digital de Asturias","og:description":"La situaci\u00f3n econ\u00f3mica de las familias y personas tanto en Espa\u00f1a como en el resto del mundo no atraviesa su mejor momento, los datos que cada d\u00eda podemos ..","og:url":"https:\/\/eldigitaldeasturias.com\/radio\/seguro-de-impago-de-alquiler-como-contratarlo\/","og:image":"https:\/\/eldigitaldeasturias.com\/radio\/wp-content\/uploads\/2021\/06\/house.jpg","og:image:secure_url":"https:\/\/eldigitaldeasturias.com\/radio\/wp-content\/uploads\/2021\/06\/house.jpg","og:image:width":640,"og:image:height":426,"article:published_time":"2021-06-29T08:51:04+00:00","article:modified_time":"2021-06-29T08:51:04+00:00","twitter:card":"summary_large_image","twitter:site":"@bercodi","twitter:title":"Seguro de impago de alquiler: \u00bfC\u00f3mo contratarlo? | El Digital de Asturias","twitter:description":"La situaci\u00f3n econ\u00f3mica de las familias y personas tanto en Espa\u00f1a como en el resto del mundo no atraviesa su mejor momento, los datos que cada d\u00eda podemos ..","twitter:creator":"@bercodi","twitter:image":"https:\/\/eldigitaldeasturias.com\/radio\/wp-content\/uploads\/2021\/06\/house.jpg"},"aioseo_meta_data":{"post_id":"5991","title":null,"description":"La situaci\u00f3n econ\u00f3mica de las familias y personas tanto en Espa\u00f1a como en el resto del mundo no atraviesa su mejor momento, los datos que cada d\u00eda podemos ..","keywords":[{"label":"Seguro","value":"Seguro"},{"label":"Seguro de impago de alquiler","value":"Seguro de impago de alquiler"},{"label":"alquiler","value":"alquiler"}],"keyphrases":{"focus":{"keyphrase":"personas","score":63,"analysis":{"keyphraseInTitle":{"title":"Frase clave objetivo en el t\u00edtulo SEO","description":"Frase clave objetivo no se encuentra en el t\u00edtulo SEO.","score":3,"maxScore":9,"error":1},"keyphraseInDescription":{"title":"Frase clave objetivo en la meta descripci\u00f3n","description":"Frase clave objetivo encontrada en la meta descripci\u00f3n.","score":9,"maxScore":9,"error":0},"keyphraseInURL":{"title":"Frase clave objetivo en la URL","description":"Frase clave objetivo no encontrada en la URL.","score":1,"maxScore":5,"error":1},"keyphraseLength":{"title":"Longitud de la Frase clave objetivo","description":"\u00a1Buen trabajo!","score":9,"maxScore":9,"error":0,"length":1},"keyphraseInIntroduction":{"title":"Frase clave objetivo en la introducci\u00f3n","description":"Su Frase clave objetivo aparece en el primer p\u00e1rrafo. \u00a1Bien hecho!","score":9,"maxScore":9,"error":0},"keyphraseInSubHeadings":{"title":"Frase clave objetivo sus subt\u00edtulos","description":"Use your focus keyphrase more in your H2 and H3 subheadings.","score":3,"maxScore":9,"error":1},"keyphraseInImageAlt":{"title":"Frase clave objetivo en los atributos alt de la imagen.","description":"Frase clave objetivo no se encuentra en los atributos alt de la imagen. A\u00f1ada una imagen con su Frase clave objetivo como texto alternativo.","score":3,"maxScore":9,"error":1}}},"additional":[{"keyphrase":"situaci\u00f3n econ\u00f3mica ","score":83,"analysis":{"keyphraseInDescription":{"title":"Frase clave en la meta descripci\u00f3n","description":"Frase clave encontrada en la meta descripci\u00f3n.","score":9,"maxScore":9,"error":0},"keyphraseLength":{"title":"Longitud de la Frase clave","description":"\u00a1Buen trabajo!","score":9,"maxScore":9,"error":0,"length":2},"keyphraseInIntroduction":{"title":"Frase clave en la introducci\u00f3n","description":"Su Frase clave aparece en el primer p\u00e1rrafo. \u00a1Bien hecho!","score":9,"maxScore":9,"error":0},"keyphraseInImageAlt":{"title":"Frase clave en los atributos alt de la imagen.","description":"Frase clave no se encuentra en los atributos alt de la imagen. A\u00f1ada una imagen con su Frase clave como texto alternativo.","score":3,"maxScore":9,"error":1}}},{"keyphrase":"familias y personas ","score":83,"analysis":{"keyphraseInDescription":{"title":"Frase clave en la meta descripci\u00f3n","description":"Frase clave encontrada en la meta descripci\u00f3n.","score":9,"maxScore":9,"error":0},"keyphraseLength":{"title":"Longitud de la Frase clave","description":"\u00a1Buen trabajo!","score":9,"maxScore":9,"error":0,"length":3},"keyphraseInIntroduction":{"title":"Frase clave en la introducci\u00f3n","description":"Su Frase clave aparece en el primer p\u00e1rrafo. \u00a1Bien hecho!","score":9,"maxScore":9,"error":0},"keyphraseInImageAlt":{"title":"Frase clave en los atributos alt de la imagen.","description":"Frase clave no se encuentra en los atributos alt de la imagen. A\u00f1ada una imagen con su Frase clave como texto alternativo.","score":3,"maxScore":9,"error":1}}}]},"primary_term":null,"canonical_url":null,"og_title":null,"og_description":null,"og_object_type":"default","og_image_type":"default","og_image_url":null,"og_image_width":null,"og_image_height":null,"og_image_custom_url":null,"og_image_custom_fields":null,"og_video":"","og_custom_url":null,"og_article_section":null,"og_article_tags":[],"twitter_use_og":false,"twitter_card":"default","twitter_image_type":"default","twitter_image_url":null,"twitter_image_custom_url":null,"twitter_image_custom_fields":null,"twitter_title":null,"twitter_description":null,"schema":{"blockGraphs":[],"customGraphs":[],"default":{"data":{"Article":[],"Course":[],"Dataset":[],"FAQPage":[],"Movie":[],"Person":[],"Product":[],"ProductReview":[],"Car":[],"Recipe":[],"Service":[],"SoftwareApplication":[],"WebPage":[]},"graphName":"","isEnabled":true},"graphs":[],"defaultGraph":"Article","defaultPostTypeGraph":""},"schema_type":"default","schema_type_options":"{\"article\":{\"articleType\":\"BlogPosting\"},\"course\":{\"name\":\"\",\"description\":\"\",\"provider\":\"\"},\"faq\":{\"pages\":[]},\"product\":{\"reviews\":[]},\"recipe\":{\"ingredients\":[],\"instructions\":[],\"keywords\":[]},\"software\":{\"reviews\":[],\"operatingSystems\":[]},\"webPage\":{\"webPageType\":\"WebPage\"}}","pillar_content":false,"robots_default":true,"robots_noindex":false,"robots_noarchive":false,"robots_nosnippet":false,"robots_nofollow":false,"robots_noimageindex":false,"robots_noodp":false,"robots_notranslate":false,"robots_max_snippet":"-1","robots_max_videopreview":"-1","robots_max_imagepreview":"large","priority":null,"frequency":"default","location":null,"local_seo":{"locations":{"business":{"name":"","businessType":"","image":"","areaServed":"","urls":{"website":"","aboutPage":"","contactPage":""},"address":{"streetLine1":"","streetLine2":"","zipCode":"","city":"","state":"","country":"","addressFormat":"#streetLineOne\n#streetLineTwo\n#city, #state #zipCode"},"contact":{"email":"","phone":"","phoneFormatted":"","fax":"","faxFormatted":""},"ids":{"vat":"","tax":"","chamberOfCommerce":""},"payment":{"priceRange":"","currenciesAccepted":"","methods":""}}},"openingHours":{"useDefaults":true,"show":true,"alwaysOpen":false,"use24hFormat":false,"timezone":"","labels":{"closed":"","alwaysOpen":""},"days":{"monday":{"open24h":false,"closed":false,"openTime":"09:00","closeTime":"17:00"},"tuesday":{"open24h":false,"closed":false,"openTime":"09:00","closeTime":"17:00"},"wednesday":{"open24h":false,"closed":false,"openTime":"09:00","closeTime":"17:00"},"thursday":{"open24h":false,"closed":false,"openTime":"09:00","closeTime":"17:00"},"friday":{"open24h":false,"closed":false,"openTime":"09:00","closeTime":"17:00"},"saturday":{"open24h":false,"closed":false,"openTime":"09:00","closeTime":"17:00"},"sunday":{"open24h":false,"closed":false,"openTime":"09:00","closeTime":"17:00"}}}},"seo_analyzer_scan_date":"2025-08-28 18:48:36","breadcrumb_settings":null,"limit_modified_date":false,"open_ai":null,"ai":null,"created":"2021-06-29 08:41:10","updated":"2025-08-28 18:48:36"},"aioseo_breadcrumb":"<div class=\"aioseo-breadcrumbs\"><span class=\"aioseo-breadcrumb\">\n\t<a href=\"https:\/\/eldigitaldeasturias.com\/radio\" title=\"Inicio\">Inicio<\/a>\n<\/span><span class=\"aioseo-breadcrumb-separator\">&ndash;<\/span><span class=\"aioseo-breadcrumb\">\n\t<a href=\"https:\/\/eldigitaldeasturias.com\/radio\/category\/negocios\/\" title=\"Negocios\">Negocios<\/a>\n<\/span><span class=\"aioseo-breadcrumb-separator\">&ndash;<\/span><span class=\"aioseo-breadcrumb\">\n\tSeguro de impago de alquiler: \u00bfC\u00f3mo contratarlo?\n<\/span><\/div>","aioseo_breadcrumb_json":[{"label":"Inicio","link":"https:\/\/eldigitaldeasturias.com\/radio"},{"label":"Negocios","link":"https:\/\/eldigitaldeasturias.com\/radio\/category\/negocios\/"},{"label":"Seguro de impago de alquiler: \u00bfC\u00f3mo contratarlo?","link":"https:\/\/eldigitaldeasturias.com\/radio\/seguro-de-impago-de-alquiler-como-contratarlo\/"}],"_links":{"self":[{"href":"https:\/\/eldigitaldeasturias.com\/radio\/wp-json\/wp\/v2\/posts\/5991","targetHints":{"allow":["GET"]}}],"collection":[{"href":"https:\/\/eldigitaldeasturias.com\/radio\/wp-json\/wp\/v2\/posts"}],"about":[{"href":"https:\/\/eldigitaldeasturias.com\/radio\/wp-json\/wp\/v2\/types\/post"}],"author":[{"embeddable":true,"href":"https:\/\/eldigitaldeasturias.com\/radio\/wp-json\/wp\/v2\/users\/1"}],"replies":[{"embeddable":true,"href":"https:\/\/eldigitaldeasturias.com\/radio\/wp-json\/wp\/v2\/comments?post=5991"}],"version-history":[{"count":0,"href":"https:\/\/eldigitaldeasturias.com\/radio\/wp-json\/wp\/v2\/posts\/5991\/revisions"}],"wp:featuredmedia":[{"embeddable":true,"href":"https:\/\/eldigitaldeasturias.com\/radio\/wp-json\/wp\/v2\/media\/5992"}],"wp:attachment":[{"href":"https:\/\/eldigitaldeasturias.com\/radio\/wp-json\/wp\/v2\/media?parent=5991"}],"wp:term":[{"taxonomy":"category","embeddable":true,"href":"https:\/\/eldigitaldeasturias.com\/radio\/wp-json\/wp\/v2\/categories?post=5991"},{"taxonomy":"post_tag","embeddable":true,"href":"https:\/\/eldigitaldeasturias.com\/radio\/wp-json\/wp\/v2\/tags?post=5991"}],"curies":[{"name":"wp","href":"https:\/\/api.w.org\/{rel}","templated":true}]}}