{"id":5954,"date":"2021-06-17T15:38:04","date_gmt":"2021-06-17T15:38:04","guid":{"rendered":"http:\/\/eldigitaldeasturias.com\/radio\/?p=5954"},"modified":"2021-06-17T15:38:04","modified_gmt":"2021-06-17T15:38:04","slug":"provincia-de-alicante-un-buen-destino-para-este-verano","status":"publish","type":"post","link":"https:\/\/eldigitaldeasturias.com\/radio\/provincia-de-alicante-un-buen-destino-para-este-verano\/","title":{"rendered":"Provincia de Alicante: un buen destino para este verano"},"content":{"rendered":"<p>Seguramente ya estar\u00e1s haciendo planes para <strong>disfrutar del verano<\/strong>,<strong> \u00bfplaya o monta\u00f1a?, \u00bfpareja, familia o amigos?, \u00bfolvidarse del mundo y viajar a tu aire?<\/strong>, todas las opciones son buenas y mucho m\u00e1s cuando optas por un destino que te ofrece todo lo que puedes desear sin moverte de Espa\u00f1a, hablamos de la <a href=\"https:\/\/provinciadealicante.es\/\" target=\"_blank\" rel=\"noopener\"><span style=\"color: #ff6600;\"><strong>provincia de Alicante<\/strong><\/span><\/a>, ideal para disfrutar de la playa, de la naturaleza, la gastronom\u00eda, la cultura y el ocio, un sitio perfecto para viajar y vivir un verano a tu medida.<\/p>\n<p><img fetchpriority=\"high\" decoding=\"async\" class=\"aligncenter wp-image-5955 size-full\" src=\"https:\/\/eldigitaldeasturias.com\/radio\/wp-content\/uploads\/2021\/06\/benidorm.jpg\" alt=\"\" width=\"640\" height=\"268\" srcset=\"https:\/\/eldigitaldeasturias.com\/radio\/wp-content\/uploads\/2021\/06\/benidorm.jpg 640w, https:\/\/eldigitaldeasturias.com\/radio\/wp-content\/uploads\/2021\/06\/benidorm-360x151.jpg 360w\" sizes=\"(max-width: 640px) 100vw, 640px\" \/><\/p>\n<p>Adem\u00e1s de su clima, <strong>d\u00edas soleados, playas y belleza<\/strong>, la provincia de Alicante est\u00e1 muy bien conectada con el resto del pa\u00eds, por lo que podr\u00e1s llegar a tu destino preferido usando cualquier medio de transporte. <strong>Sus alojamientos son de calidad, tanto a la hora de ir camping, como cuando decidimos optar por un apartamento u hotel<\/strong>, se ajustan a todos los presupuestos y adem\u00e1s puedes beneficiarte de las ofertas o descuentos que ahora mismo hay en el mercado; <strong>si deseas volver o descubrir Alicante ahora es el mejor momento.<\/strong><\/p>\n<h2>Destino estrella para el verano<\/h2>\n<p>Uno de los municipios estrella del verano ser\u00e1 <a href=\"https:\/\/provinciadealicante.es\/el-campello\/\" target=\"_blank\" rel=\"noopener\"><span style=\"color: #ff6600;\"><strong>El Campello<\/strong><\/span><\/a>, ideal para los amantes de la buena mesa y de la costa, <strong>los paseos cerca del mar, realizar la subida a la Torre de Reixes o descubrir Les Puntes de Gos\u00e1lvez ser\u00e1 un lujo para tu cuerpo, mente y sentidos<\/strong>; y te ayudar\u00e1 a desconectar de un a\u00f1o de trabajo, estr\u00e9s o estudios, planes para todas las edades y contacto con la naturaleza para olvidarse de la prisa y hacer muchas fotos, pasear a tu ritmo y tener tiempo para ti son parte de la oferta tur\u00edstica que te ofrece el municipio, sin olvidarnos obviamente de todo lo que podr\u00e1s ver, caminar y sentir.<\/p>\n<figure id=\"attachment_5956\" aria-describedby=\"caption-attachment-5956\" style=\"width: 640px\" class=\"wp-caption aligncenter\"><img decoding=\"async\" class=\"wp-image-5956\" src=\"https:\/\/eldigitaldeasturias.com\/radio\/wp-content\/uploads\/2021\/06\/El-Campello-360x189.jpg\" alt=\"El Campello\" width=\"640\" height=\"337\" srcset=\"https:\/\/eldigitaldeasturias.com\/radio\/wp-content\/uploads\/2021\/06\/El-Campello-360x189.jpg 360w, https:\/\/eldigitaldeasturias.com\/radio\/wp-content\/uploads\/2021\/06\/El-Campello-1024x539.jpg 1024w, https:\/\/eldigitaldeasturias.com\/radio\/wp-content\/uploads\/2021\/06\/El-Campello-768x404.jpg 768w, https:\/\/eldigitaldeasturias.com\/radio\/wp-content\/uploads\/2021\/06\/El-Campello.jpg 1536w\" sizes=\"(max-width: 640px) 100vw, 640px\" \/><figcaption id=\"caption-attachment-5956\" class=\"wp-caption-text\">Foto: provinciadealicante.es<\/figcaption><\/figure>\n<h3>Sabor y tradici\u00f3n<\/h3>\n<p>En El Campello ofrecen una <strong>gastronom\u00eda basada en productos del mar<\/strong>, y uno de sus atractivos es la subasta que se realiza en su lonja, has de saber que cada d\u00eda al caer el sol, el p\u00fablico puede pujar por bandejas de entre 1 y 1\u20195 kilos de productos del mar, frescos y de gran calidad, una experiencia diferente que no te debes perder.<\/p>\n<p>No podemos olvidarnos de su puerto pesquero o Club N\u00e1utico, lugares en los que podr\u00e1s ver todo tipo de embarcaciones, <strong>desde las m\u00e1s tradicionales a las m\u00e1s modernas<\/strong>, ideal para pasear, comer un rico helado, broncearse y disfrutar del olor del mar, del aire fresco y tambi\u00e9n para inmortalizar y compartir en tus redes los mejores momentos del d\u00eda.<\/p>\n<p>Tiendas y comercio local, productos para saborear all\u00ed o para traer de recuerdo, <strong>ambiente para todas las edades y ocio ser\u00e1n los ingredientes perfectos para unas vacaciones inolvidables<\/strong>.<\/p>\n<h2>La Costa Blanca<\/h2>\n<p><strong>170 playas y calas, 250 kil\u00f3metros de costa; casas rurales, hoteles, apartamentos, campings\u2026 una oferta ideal para todos<\/strong>, un destino perfecto para volver a disfrutar del verano, de la comida, del sol y de todas las actividades culturales que te ofrezcan, sin olvidarnos tambi\u00e9n de las deportivas.<\/p>\n<p>Rutas y excursiones, monta\u00f1a y playa, peque\u00f1os pueblos o unos d\u00edas en Alicante, eso es lo que te ofrece un lugar acogedor, en el que la belleza y el trato cercano de sus gentes te cautivar\u00e1, y en el que podr\u00e1s pasar unos d\u00edas, una semana, o un mes entero, todo depender\u00e1 de tu tiempo.<\/p>\n<p><strong>Si deseas conocer las muchas opciones que tienes y elegir tu pr\u00f3ximo destino te recomendamos visitar provinciadealicante.e<\/strong>s, un sitio web creado para responder a todas tus dudas e interrogantes, que te ofrece la informaci\u00f3n necesaria para que tus vacaciones sean inolvidables, y adem\u00e1s en su web podr\u00e1s encontrar propuestas de todo tipo para vivir el verano tal y como te lo mereces, \u00bfganas de viajar?, Alicante te espera.<\/p>\n<p>&nbsp;<\/p>\n","protected":false},"excerpt":{"rendered":"<p>Seguramente ya estar\u00e1s haciendo planes para disfrutar del verano, \u00bfplaya o monta\u00f1a?, \u00bfpareja, familia o amigos?, \u00bfolvidarse del mundo y viajar a tu aire?, todas las opciones son buenas y mucho m\u00e1s cuando optas por un destino que te ofrece todo lo que puedes desear sin moverte de Espa\u00f1a, hablamos de la provincia de Alicante,<\/p>\n","protected":false},"author":1,"featured_media":5956,"comment_status":"closed","ping_status":"closed","sticky":false,"template":"","format":"standard","meta":{"footnotes":""},"categories":[34],"tags":[],"class_list":{"0":"post-5954","1":"post","2":"type-post","3":"status-publish","4":"format-standard","5":"has-post-thumbnail","7":"category-turismo"},"aioseo_notices":[],"aioseo_head":"\n\t\t<!-- All in One SEO Pro 4.9.6.2 - aioseo.com -->\n\t<meta name=\"description\" content=\"Seguramente ya estar\u00e1s haciendo planes para disfrutar del verano, \u00bfplaya o monta\u00f1a?, \u00bfpareja, familia o amigos?, \u00bfolvidarse del mundo y viajar a tu aire?\" \/>\n\t<meta name=\"robots\" content=\"max-image-preview:large\" \/>\n\t<meta name=\"author\" content=\"NBAsturias\"\/>\n\t<meta name=\"google-site-verification\" content=\"UA-38556648-1\" \/>\n\t<meta name=\"keywords\" content=\"turismo\" \/>\n\t<link rel=\"canonical\" href=\"https:\/\/eldigitaldeasturias.com\/radio\/provincia-de-alicante-un-buen-destino-para-este-verano\/\" \/>\n\t<meta name=\"generator\" content=\"All in One SEO Pro (AIOSEO) 4.9.6.2\" \/>\n\t\t<meta property=\"og:locale\" content=\"es_ES\" \/>\n\t\t<meta property=\"og:site_name\" content=\"El Digital de Asturias | Diario de informaci\u00f3n y noticias\" \/>\n\t\t<meta property=\"og:type\" content=\"article\" \/>\n\t\t<meta property=\"og:title\" content=\"Provincia de Alicante: un buen destino para este verano | El Digital de Asturias\" \/>\n\t\t<meta property=\"og:description\" content=\"Seguramente ya estar\u00e1s haciendo planes para disfrutar del verano, \u00bfplaya o monta\u00f1a?, \u00bfpareja, familia o amigos?, \u00bfolvidarse del mundo y viajar a tu aire?\" \/>\n\t\t<meta property=\"og:url\" content=\"https:\/\/eldigitaldeasturias.com\/radio\/provincia-de-alicante-un-buen-destino-para-este-verano\/\" \/>\n\t\t<meta property=\"og:image\" content=\"https:\/\/eldigitaldeasturias.com\/radio\/wp-content\/uploads\/2021\/06\/El-Campello.jpg\" \/>\n\t\t<meta property=\"og:image:secure_url\" content=\"https:\/\/eldigitaldeasturias.com\/radio\/wp-content\/uploads\/2021\/06\/El-Campello.jpg\" \/>\n\t\t<meta property=\"og:image:width\" content=\"1536\" \/>\n\t\t<meta property=\"og:image:height\" content=\"808\" \/>\n\t\t<meta property=\"article:published_time\" content=\"2021-06-17T15:38:04+00:00\" \/>\n\t\t<meta property=\"article:modified_time\" content=\"2021-06-17T15:38:04+00:00\" \/>\n\t\t<meta name=\"twitter:card\" content=\"summary_large_image\" \/>\n\t\t<meta name=\"twitter:site\" content=\"@bercodi\" \/>\n\t\t<meta name=\"twitter:title\" content=\"Provincia de Alicante: un buen destino para este verano | El Digital de Asturias\" \/>\n\t\t<meta name=\"twitter:description\" content=\"Seguramente ya estar\u00e1s haciendo planes para disfrutar del verano, \u00bfplaya o monta\u00f1a?, \u00bfpareja, familia o amigos?, \u00bfolvidarse del mundo y viajar a tu aire?\" \/>\n\t\t<meta name=\"twitter:creator\" content=\"@bercodi\" \/>\n\t\t<meta name=\"twitter:image\" content=\"https:\/\/eldigitaldeasturias.com\/radio\/wp-content\/uploads\/2021\/06\/El-Campello.jpg\" \/>\n\t\t<script type=\"application\/ld+json\" class=\"aioseo-schema\">\n\t\t\t{\"@context\":\"https:\\\/\\\/schema.org\",\"@graph\":[{\"@type\":\"BreadcrumbList\",\"@id\":\"https:\\\/\\\/eldigitaldeasturias.com\\\/radio\\\/provincia-de-alicante-un-buen-destino-para-este-verano\\\/#breadcrumblist\",\"itemListElement\":[{\"@type\":\"ListItem\",\"@id\":\"https:\\\/\\\/eldigitaldeasturias.com\\\/radio#listItem\",\"position\":1,\"name\":\"Inicio\",\"item\":\"https:\\\/\\\/eldigitaldeasturias.com\\\/radio\",\"nextItem\":{\"@type\":\"ListItem\",\"@id\":\"https:\\\/\\\/eldigitaldeasturias.com\\\/radio\\\/category\\\/turismo\\\/#listItem\",\"name\":\"Turismo\"}},{\"@type\":\"ListItem\",\"@id\":\"https:\\\/\\\/eldigitaldeasturias.com\\\/radio\\\/category\\\/turismo\\\/#listItem\",\"position\":2,\"name\":\"Turismo\",\"item\":\"https:\\\/\\\/eldigitaldeasturias.com\\\/radio\\\/category\\\/turismo\\\/\",\"nextItem\":{\"@type\":\"ListItem\",\"@id\":\"https:\\\/\\\/eldigitaldeasturias.com\\\/radio\\\/provincia-de-alicante-un-buen-destino-para-este-verano\\\/#listItem\",\"name\":\"Provincia de Alicante: un buen destino para este verano\"},\"previousItem\":{\"@type\":\"ListItem\",\"@id\":\"https:\\\/\\\/eldigitaldeasturias.com\\\/radio#listItem\",\"name\":\"Inicio\"}},{\"@type\":\"ListItem\",\"@id\":\"https:\\\/\\\/eldigitaldeasturias.com\\\/radio\\\/provincia-de-alicante-un-buen-destino-para-este-verano\\\/#listItem\",\"position\":3,\"name\":\"Provincia de Alicante: un buen destino para este verano\",\"previousItem\":{\"@type\":\"ListItem\",\"@id\":\"https:\\\/\\\/eldigitaldeasturias.com\\\/radio\\\/category\\\/turismo\\\/#listItem\",\"name\":\"Turismo\"}}]},{\"@type\":\"NewsArticle\",\"@id\":\"https:\\\/\\\/eldigitaldeasturias.com\\\/radio\\\/provincia-de-alicante-un-buen-destino-para-este-verano\\\/#newsarticle\",\"name\":\"Provincia de Alicante: un buen destino para este verano | El Digital de Asturias\",\"headline\":\"Provincia de Alicante: un buen destino para este verano\",\"author\":{\"@id\":\"https:\\\/\\\/eldigitaldeasturias.com\\\/radio\\\/author\\\/nbasturias\\\/#author\"},\"publisher\":{\"@id\":\"https:\\\/\\\/eldigitaldeasturias.com\\\/radio\\\/#organization\"},\"image\":{\"@type\":\"ImageObject\",\"url\":\"https:\\\/\\\/eldigitaldeasturias.com\\\/radio\\\/wp-content\\\/uploads\\\/2021\\\/06\\\/El-Campello.jpg\",\"width\":1536,\"height\":808,\"caption\":\"Foto: provinciadealicante.es\"},\"datePublished\":\"2021-06-17T15:38:04+02:00\",\"dateModified\":\"2021-06-17T15:38:04+02:00\",\"inLanguage\":\"es-ES\",\"mainEntityOfPage\":{\"@id\":\"https:\\\/\\\/eldigitaldeasturias.com\\\/radio\\\/provincia-de-alicante-un-buen-destino-para-este-verano\\\/#webpage\"},\"isPartOf\":{\"@id\":\"https:\\\/\\\/eldigitaldeasturias.com\\\/radio\\\/provincia-de-alicante-un-buen-destino-para-este-verano\\\/#webpage\"},\"articleSection\":\"Turismo\",\"dateline\":\"Publicado el junio 17, 2021.\"},{\"@type\":\"Organization\",\"@id\":\"https:\\\/\\\/eldigitaldeasturias.com\\\/radio\\\/#organization\",\"name\":\"El digital de Asturias Radio\",\"description\":\"Diario de informaci\\u00f3n y noticias\",\"url\":\"https:\\\/\\\/eldigitaldeasturias.com\\\/radio\\\/\",\"telephone\":\"+34652131393\",\"logo\":{\"@type\":\"ImageObject\",\"url\":\"https:\\\/\\\/www.eldigitaldeasturias.com\\\/radio\\\/wp-content\\\/uploads\\\/2021\\\/03\\\/EDA.jpg\",\"@id\":\"https:\\\/\\\/eldigitaldeasturias.com\\\/radio\\\/provincia-de-alicante-un-buen-destino-para-este-verano\\\/#organizationLogo\"},\"image\":{\"@id\":\"https:\\\/\\\/eldigitaldeasturias.com\\\/radio\\\/provincia-de-alicante-un-buen-destino-para-este-verano\\\/#organizationLogo\"},\"sameAs\":[\"https:\\\/\\\/www.facebook.com\\\/\",\"https:\\\/\\\/x.com\\\/bercodi\",\"https:\\\/\\\/www.instagram.com\\\/\",\"https:\\\/\\\/www.youtube.com\\\/channel\\\/UCZP-2wLEB9Rv6erhFmqVnvg\"]},{\"@type\":\"Person\",\"@id\":\"https:\\\/\\\/eldigitaldeasturias.com\\\/radio\\\/author\\\/nbasturias\\\/#author\",\"url\":\"https:\\\/\\\/eldigitaldeasturias.com\\\/radio\\\/author\\\/nbasturias\\\/\",\"name\":\"NBAsturias\",\"image\":{\"@type\":\"ImageObject\",\"@id\":\"https:\\\/\\\/eldigitaldeasturias.com\\\/radio\\\/provincia-de-alicante-un-buen-destino-para-este-verano\\\/#authorImage\",\"url\":\"https:\\\/\\\/secure.gravatar.com\\\/avatar\\\/df2aeffc32bcd13f8d26072ef8a91b623d677766deac7f97ca815868cd41bf5e?s=96&d=mm&r=g\",\"width\":96,\"height\":96,\"caption\":\"NBAsturias\"}},{\"@type\":\"WebPage\",\"@id\":\"https:\\\/\\\/eldigitaldeasturias.com\\\/radio\\\/provincia-de-alicante-un-buen-destino-para-este-verano\\\/#webpage\",\"url\":\"https:\\\/\\\/eldigitaldeasturias.com\\\/radio\\\/provincia-de-alicante-un-buen-destino-para-este-verano\\\/\",\"name\":\"Provincia de Alicante: un buen destino para este verano | El Digital de Asturias\",\"description\":\"Seguramente ya estar\\u00e1s haciendo planes para disfrutar del verano, \\u00bfplaya o monta\\u00f1a?, \\u00bfpareja, familia o amigos?, \\u00bfolvidarse del mundo y viajar a tu aire?\",\"inLanguage\":\"es-ES\",\"isPartOf\":{\"@id\":\"https:\\\/\\\/eldigitaldeasturias.com\\\/radio\\\/#website\"},\"breadcrumb\":{\"@id\":\"https:\\\/\\\/eldigitaldeasturias.com\\\/radio\\\/provincia-de-alicante-un-buen-destino-para-este-verano\\\/#breadcrumblist\"},\"author\":{\"@id\":\"https:\\\/\\\/eldigitaldeasturias.com\\\/radio\\\/author\\\/nbasturias\\\/#author\"},\"creator\":{\"@id\":\"https:\\\/\\\/eldigitaldeasturias.com\\\/radio\\\/author\\\/nbasturias\\\/#author\"},\"image\":{\"@type\":\"ImageObject\",\"url\":\"https:\\\/\\\/eldigitaldeasturias.com\\\/radio\\\/wp-content\\\/uploads\\\/2021\\\/06\\\/El-Campello.jpg\",\"@id\":\"https:\\\/\\\/eldigitaldeasturias.com\\\/radio\\\/provincia-de-alicante-un-buen-destino-para-este-verano\\\/#mainImage\",\"width\":1536,\"height\":808,\"caption\":\"Foto: provinciadealicante.es\"},\"primaryImageOfPage\":{\"@id\":\"https:\\\/\\\/eldigitaldeasturias.com\\\/radio\\\/provincia-de-alicante-un-buen-destino-para-este-verano\\\/#mainImage\"},\"datePublished\":\"2021-06-17T15:38:04+02:00\",\"dateModified\":\"2021-06-17T15:38:04+02:00\"},{\"@type\":\"WebSite\",\"@id\":\"https:\\\/\\\/eldigitaldeasturias.com\\\/radio\\\/#website\",\"url\":\"https:\\\/\\\/eldigitaldeasturias.com\\\/radio\\\/\",\"name\":\"El Digital de Asturias\",\"description\":\"Diario de informaci\\u00f3n y noticias\",\"inLanguage\":\"es-ES\",\"publisher\":{\"@id\":\"https:\\\/\\\/eldigitaldeasturias.com\\\/radio\\\/#organization\"}}]}\n\t\t<\/script>\n\t\t<!-- All in One SEO Pro -->\r\n\t\t<title>Provincia de Alicante: un buen destino para este verano | El Digital de Asturias<\/title>\n\n","aioseo_head_json":{"title":"Provincia de Alicante: un buen destino para este verano | El Digital de Asturias","description":"Seguramente ya estar\u00e1s haciendo planes para disfrutar del verano, \u00bfplaya o monta\u00f1a?, \u00bfpareja, familia o amigos?, \u00bfolvidarse del mundo y viajar a tu aire?","canonical_url":"https:\/\/eldigitaldeasturias.com\/radio\/provincia-de-alicante-un-buen-destino-para-este-verano\/","robots":"max-image-preview:large","keywords":"turismo","webmasterTools":{"google-site-verification":"UA-38556648-1","miscellaneous":""},"schema":{"@context":"https:\/\/schema.org","@graph":[{"@type":"BreadcrumbList","@id":"https:\/\/eldigitaldeasturias.com\/radio\/provincia-de-alicante-un-buen-destino-para-este-verano\/#breadcrumblist","itemListElement":[{"@type":"ListItem","@id":"https:\/\/eldigitaldeasturias.com\/radio#listItem","position":1,"name":"Inicio","item":"https:\/\/eldigitaldeasturias.com\/radio","nextItem":{"@type":"ListItem","@id":"https:\/\/eldigitaldeasturias.com\/radio\/category\/turismo\/#listItem","name":"Turismo"}},{"@type":"ListItem","@id":"https:\/\/eldigitaldeasturias.com\/radio\/category\/turismo\/#listItem","position":2,"name":"Turismo","item":"https:\/\/eldigitaldeasturias.com\/radio\/category\/turismo\/","nextItem":{"@type":"ListItem","@id":"https:\/\/eldigitaldeasturias.com\/radio\/provincia-de-alicante-un-buen-destino-para-este-verano\/#listItem","name":"Provincia de Alicante: un buen destino para este verano"},"previousItem":{"@type":"ListItem","@id":"https:\/\/eldigitaldeasturias.com\/radio#listItem","name":"Inicio"}},{"@type":"ListItem","@id":"https:\/\/eldigitaldeasturias.com\/radio\/provincia-de-alicante-un-buen-destino-para-este-verano\/#listItem","position":3,"name":"Provincia de Alicante: un buen destino para este verano","previousItem":{"@type":"ListItem","@id":"https:\/\/eldigitaldeasturias.com\/radio\/category\/turismo\/#listItem","name":"Turismo"}}]},{"@type":"NewsArticle","@id":"https:\/\/eldigitaldeasturias.com\/radio\/provincia-de-alicante-un-buen-destino-para-este-verano\/#newsarticle","name":"Provincia de Alicante: un buen destino para este verano | El Digital de Asturias","headline":"Provincia de Alicante: un buen destino para este verano","author":{"@id":"https:\/\/eldigitaldeasturias.com\/radio\/author\/nbasturias\/#author"},"publisher":{"@id":"https:\/\/eldigitaldeasturias.com\/radio\/#organization"},"image":{"@type":"ImageObject","url":"https:\/\/eldigitaldeasturias.com\/radio\/wp-content\/uploads\/2021\/06\/El-Campello.jpg","width":1536,"height":808,"caption":"Foto: provinciadealicante.es"},"datePublished":"2021-06-17T15:38:04+02:00","dateModified":"2021-06-17T15:38:04+02:00","inLanguage":"es-ES","mainEntityOfPage":{"@id":"https:\/\/eldigitaldeasturias.com\/radio\/provincia-de-alicante-un-buen-destino-para-este-verano\/#webpage"},"isPartOf":{"@id":"https:\/\/eldigitaldeasturias.com\/radio\/provincia-de-alicante-un-buen-destino-para-este-verano\/#webpage"},"articleSection":"Turismo","dateline":"Publicado el junio 17, 2021."},{"@type":"Organization","@id":"https:\/\/eldigitaldeasturias.com\/radio\/#organization","name":"El digital de Asturias Radio","description":"Diario de informaci\u00f3n y noticias","url":"https:\/\/eldigitaldeasturias.com\/radio\/","telephone":"+34652131393","logo":{"@type":"ImageObject","url":"https:\/\/www.eldigitaldeasturias.com\/radio\/wp-content\/uploads\/2021\/03\/EDA.jpg","@id":"https:\/\/eldigitaldeasturias.com\/radio\/provincia-de-alicante-un-buen-destino-para-este-verano\/#organizationLogo"},"image":{"@id":"https:\/\/eldigitaldeasturias.com\/radio\/provincia-de-alicante-un-buen-destino-para-este-verano\/#organizationLogo"},"sameAs":["https:\/\/www.facebook.com\/","https:\/\/x.com\/bercodi","https:\/\/www.instagram.com\/","https:\/\/www.youtube.com\/channel\/UCZP-2wLEB9Rv6erhFmqVnvg"]},{"@type":"Person","@id":"https:\/\/eldigitaldeasturias.com\/radio\/author\/nbasturias\/#author","url":"https:\/\/eldigitaldeasturias.com\/radio\/author\/nbasturias\/","name":"NBAsturias","image":{"@type":"ImageObject","@id":"https:\/\/eldigitaldeasturias.com\/radio\/provincia-de-alicante-un-buen-destino-para-este-verano\/#authorImage","url":"https:\/\/secure.gravatar.com\/avatar\/df2aeffc32bcd13f8d26072ef8a91b623d677766deac7f97ca815868cd41bf5e?s=96&d=mm&r=g","width":96,"height":96,"caption":"NBAsturias"}},{"@type":"WebPage","@id":"https:\/\/eldigitaldeasturias.com\/radio\/provincia-de-alicante-un-buen-destino-para-este-verano\/#webpage","url":"https:\/\/eldigitaldeasturias.com\/radio\/provincia-de-alicante-un-buen-destino-para-este-verano\/","name":"Provincia de Alicante: un buen destino para este verano | El Digital de Asturias","description":"Seguramente ya estar\u00e1s haciendo planes para disfrutar del verano, \u00bfplaya o monta\u00f1a?, \u00bfpareja, familia o amigos?, \u00bfolvidarse del mundo y viajar a tu aire?","inLanguage":"es-ES","isPartOf":{"@id":"https:\/\/eldigitaldeasturias.com\/radio\/#website"},"breadcrumb":{"@id":"https:\/\/eldigitaldeasturias.com\/radio\/provincia-de-alicante-un-buen-destino-para-este-verano\/#breadcrumblist"},"author":{"@id":"https:\/\/eldigitaldeasturias.com\/radio\/author\/nbasturias\/#author"},"creator":{"@id":"https:\/\/eldigitaldeasturias.com\/radio\/author\/nbasturias\/#author"},"image":{"@type":"ImageObject","url":"https:\/\/eldigitaldeasturias.com\/radio\/wp-content\/uploads\/2021\/06\/El-Campello.jpg","@id":"https:\/\/eldigitaldeasturias.com\/radio\/provincia-de-alicante-un-buen-destino-para-este-verano\/#mainImage","width":1536,"height":808,"caption":"Foto: provinciadealicante.es"},"primaryImageOfPage":{"@id":"https:\/\/eldigitaldeasturias.com\/radio\/provincia-de-alicante-un-buen-destino-para-este-verano\/#mainImage"},"datePublished":"2021-06-17T15:38:04+02:00","dateModified":"2021-06-17T15:38:04+02:00"},{"@type":"WebSite","@id":"https:\/\/eldigitaldeasturias.com\/radio\/#website","url":"https:\/\/eldigitaldeasturias.com\/radio\/","name":"El Digital de Asturias","description":"Diario de informaci\u00f3n y noticias","inLanguage":"es-ES","publisher":{"@id":"https:\/\/eldigitaldeasturias.com\/radio\/#organization"}}]},"og:locale":"es_ES","og:site_name":"El Digital de Asturias | Diario de informaci\u00f3n y noticias","og:type":"article","og:title":"Provincia de Alicante: un buen destino para este verano | El Digital de Asturias","og:description":"Seguramente ya estar\u00e1s haciendo planes para disfrutar del verano, \u00bfplaya o monta\u00f1a?, \u00bfpareja, familia o amigos?, \u00bfolvidarse del mundo y viajar a tu aire?","og:url":"https:\/\/eldigitaldeasturias.com\/radio\/provincia-de-alicante-un-buen-destino-para-este-verano\/","og:image":"https:\/\/eldigitaldeasturias.com\/radio\/wp-content\/uploads\/2021\/06\/El-Campello.jpg","og:image:secure_url":"https:\/\/eldigitaldeasturias.com\/radio\/wp-content\/uploads\/2021\/06\/El-Campello.jpg","og:image:width":1536,"og:image:height":808,"article:published_time":"2021-06-17T15:38:04+00:00","article:modified_time":"2021-06-17T15:38:04+00:00","twitter:card":"summary_large_image","twitter:site":"@bercodi","twitter:title":"Provincia de Alicante: un buen destino para este verano | El Digital de Asturias","twitter:description":"Seguramente ya estar\u00e1s haciendo planes para disfrutar del verano, \u00bfplaya o monta\u00f1a?, \u00bfpareja, familia o amigos?, \u00bfolvidarse del mundo y viajar a tu aire?","twitter:creator":"@bercodi","twitter:image":"https:\/\/eldigitaldeasturias.com\/radio\/wp-content\/uploads\/2021\/06\/El-Campello.jpg"},"aioseo_meta_data":{"post_id":"5954","title":null,"description":"Seguramente ya estar\u00e1s haciendo planes para disfrutar del verano, \u00bfplaya o monta\u00f1a?, \u00bfpareja, familia o amigos?, \u00bfolvidarse del mundo y viajar a tu aire?","keywords":[],"keyphrases":{"focus":{"keyphrase":"verano","score":83,"analysis":{"keyphraseInTitle":{"title":"Frase clave objetivo en el t\u00edtulo SEO","description":"Frase clave objetivo encontrada en el t\u00edtulo SEO.","score":9,"maxScore":9,"error":0},"keyphraseInDescription":{"title":"Frase clave objetivo en la meta descripci\u00f3n","description":"Frase clave objetivo encontrada en la meta descripci\u00f3n.","score":9,"maxScore":9,"error":0},"keyphraseInURL":{"title":"Frase clave objetivo en la URL","description":"Frase clave objetivo no encontrada en la URL.","score":1,"maxScore":5,"error":1},"keyphraseInIntroduction":{"title":"Frase clave objetivo en la introducci\u00f3n","description":"Su Frase clave objetivo aparece en el primer p\u00e1rrafo. \u00a1Bien hecho!","score":9,"maxScore":9,"error":0},"keyphraseInSubHeadings":{"title":"Frase clave objetivo sus subt\u00edtulos","description":"Sus subt\u00edtulos H2 y H3 reflejan el tema de su texto. \u00a1Buen trabajo!","score":9,"maxScore":9,"error":0},"keyphraseLength":{"title":"Longitud de la Frase clave objetivo","description":"\u00a1Buen trabajo!","score":9,"maxScore":9,"error":0,"length":1},"keyphraseInImageAlt":{"title":"Frase clave objetivo en los atributos alt de la imagen.","description":"Frase clave objetivo no se encuentra en los atributos alt de la imagen. A\u00f1ada una imagen con su Frase clave objetivo como texto alternativo.","score":3,"maxScore":9,"error":1}}},"additional":[]},"primary_term":null,"canonical_url":null,"og_title":null,"og_description":null,"og_object_type":"default","og_image_type":"default","og_image_url":null,"og_image_width":null,"og_image_height":null,"og_image_custom_url":null,"og_image_custom_fields":null,"og_video":"","og_custom_url":null,"og_article_section":null,"og_article_tags":[],"twitter_use_og":false,"twitter_card":"default","twitter_image_type":"default","twitter_image_url":null,"twitter_image_custom_url":null,"twitter_image_custom_fields":null,"twitter_title":null,"twitter_description":null,"schema":{"blockGraphs":[],"customGraphs":[],"default":{"data":{"Article":[],"Course":[],"Dataset":[],"FAQPage":[],"Movie":[],"Person":[],"Product":[],"ProductReview":[],"Car":[],"Recipe":[],"Service":[],"SoftwareApplication":[],"WebPage":[]},"graphName":"","isEnabled":true},"graphs":[],"defaultGraph":"Article","defaultPostTypeGraph":""},"schema_type":"default","schema_type_options":"{\"article\":{\"articleType\":\"BlogPosting\"},\"course\":{\"name\":\"\",\"description\":\"\",\"provider\":\"\"},\"faq\":{\"pages\":[]},\"product\":{\"reviews\":[]},\"recipe\":{\"ingredients\":[],\"instructions\":[],\"keywords\":[]},\"software\":{\"reviews\":[],\"operatingSystems\":[]},\"webPage\":{\"webPageType\":\"WebPage\"}}","pillar_content":false,"robots_default":true,"robots_noindex":false,"robots_noarchive":false,"robots_nosnippet":false,"robots_nofollow":false,"robots_noimageindex":false,"robots_noodp":false,"robots_notranslate":false,"robots_max_snippet":"-1","robots_max_videopreview":"-1","robots_max_imagepreview":"large","priority":null,"frequency":"default","location":null,"local_seo":{"locations":{"business":{"name":"","businessType":"","image":"","areaServed":"","urls":{"website":"","aboutPage":"","contactPage":""},"address":{"streetLine1":"","streetLine2":"","zipCode":"","city":"","state":"","country":"","addressFormat":"#streetLineOne\n#streetLineTwo\n#city, #state #zipCode"},"contact":{"email":"","phone":"","phoneFormatted":"","fax":"","faxFormatted":""},"ids":{"vat":"","tax":"","chamberOfCommerce":""},"payment":{"priceRange":"","currenciesAccepted":"","methods":""}}},"openingHours":{"useDefaults":true,"show":true,"alwaysOpen":false,"use24hFormat":false,"timezone":"","labels":{"closed":"","alwaysOpen":""},"days":{"monday":{"open24h":false,"closed":false,"openTime":"09:00","closeTime":"17:00"},"tuesday":{"open24h":false,"closed":false,"openTime":"09:00","closeTime":"17:00"},"wednesday":{"open24h":false,"closed":false,"openTime":"09:00","closeTime":"17:00"},"thursday":{"open24h":false,"closed":false,"openTime":"09:00","closeTime":"17:00"},"friday":{"open24h":false,"closed":false,"openTime":"09:00","closeTime":"17:00"},"saturday":{"open24h":false,"closed":false,"openTime":"09:00","closeTime":"17:00"},"sunday":{"open24h":false,"closed":false,"openTime":"09:00","closeTime":"17:00"}}}},"seo_analyzer_scan_date":"2025-08-28 18:47:25","breadcrumb_settings":null,"limit_modified_date":false,"open_ai":null,"ai":null,"created":"2021-06-17 15:26:42","updated":"2025-08-28 18:47:25"},"aioseo_breadcrumb":"<div class=\"aioseo-breadcrumbs\"><span class=\"aioseo-breadcrumb\">\n\t<a href=\"https:\/\/eldigitaldeasturias.com\/radio\" title=\"Inicio\">Inicio<\/a>\n<\/span><span class=\"aioseo-breadcrumb-separator\">&ndash;<\/span><span class=\"aioseo-breadcrumb\">\n\t<a href=\"https:\/\/eldigitaldeasturias.com\/radio\/category\/turismo\/\" title=\"Turismo\">Turismo<\/a>\n<\/span><span class=\"aioseo-breadcrumb-separator\">&ndash;<\/span><span class=\"aioseo-breadcrumb\">\n\tProvincia de Alicante: un buen destino para este verano\n<\/span><\/div>","aioseo_breadcrumb_json":[{"label":"Inicio","link":"https:\/\/eldigitaldeasturias.com\/radio"},{"label":"Turismo","link":"https:\/\/eldigitaldeasturias.com\/radio\/category\/turismo\/"},{"label":"Provincia de Alicante: un buen destino para este verano","link":"https:\/\/eldigitaldeasturias.com\/radio\/provincia-de-alicante-un-buen-destino-para-este-verano\/"}],"_links":{"self":[{"href":"https:\/\/eldigitaldeasturias.com\/radio\/wp-json\/wp\/v2\/posts\/5954","targetHints":{"allow":["GET"]}}],"collection":[{"href":"https:\/\/eldigitaldeasturias.com\/radio\/wp-json\/wp\/v2\/posts"}],"about":[{"href":"https:\/\/eldigitaldeasturias.com\/radio\/wp-json\/wp\/v2\/types\/post"}],"author":[{"embeddable":true,"href":"https:\/\/eldigitaldeasturias.com\/radio\/wp-json\/wp\/v2\/users\/1"}],"replies":[{"embeddable":true,"href":"https:\/\/eldigitaldeasturias.com\/radio\/wp-json\/wp\/v2\/comments?post=5954"}],"version-history":[{"count":0,"href":"https:\/\/eldigitaldeasturias.com\/radio\/wp-json\/wp\/v2\/posts\/5954\/revisions"}],"wp:featuredmedia":[{"embeddable":true,"href":"https:\/\/eldigitaldeasturias.com\/radio\/wp-json\/wp\/v2\/media\/5956"}],"wp:attachment":[{"href":"https:\/\/eldigitaldeasturias.com\/radio\/wp-json\/wp\/v2\/media?parent=5954"}],"wp:term":[{"taxonomy":"category","embeddable":true,"href":"https:\/\/eldigitaldeasturias.com\/radio\/wp-json\/wp\/v2\/categories?post=5954"},{"taxonomy":"post_tag","embeddable":true,"href":"https:\/\/eldigitaldeasturias.com\/radio\/wp-json\/wp\/v2\/tags?post=5954"}],"curies":[{"name":"wp","href":"https:\/\/api.w.org\/{rel}","templated":true}]}}