{"id":5930,"date":"2021-05-27T16:26:01","date_gmt":"2021-05-27T16:26:01","guid":{"rendered":"http:\/\/eldigitaldeasturias.com\/radio\/?p=5930"},"modified":"2021-05-27T16:26:01","modified_gmt":"2021-05-27T16:26:01","slug":"berlin-jara-ofrece-toda-su-experiencia-empresarial-y-personal-en-su-primer-libro-ren-hacer","status":"publish","type":"post","link":"https:\/\/eldigitaldeasturias.com\/radio\/berlin-jara-ofrece-toda-su-experiencia-empresarial-y-personal-en-su-primer-libro-ren-hacer\/","title":{"rendered":"Berlin Jara ofrece toda su experiencia empresarial y personal en su primer libro Ren-Hacer"},"content":{"rendered":"<p><img fetchpriority=\"high\" decoding=\"async\" class=\"alignleft size-medium wp-image-5931\" src=\"https:\/\/eldigitaldeasturias.com\/radio\/wp-content\/uploads\/2021\/05\/Belen-Jara-321x300.jpg\" alt=\"\" width=\"321\" height=\"300\" srcset=\"https:\/\/eldigitaldeasturias.com\/radio\/wp-content\/uploads\/2021\/05\/Belen-Jara-321x300.jpg 321w, https:\/\/eldigitaldeasturias.com\/radio\/wp-content\/uploads\/2021\/05\/Belen-Jara.jpg 767w\" sizes=\"(max-width: 321px) 100vw, 321px\" \/>Es muy f\u00e1cil dejarse enga\u00f1ar por falsos \u00e9xitos basados en im\u00e1genes incre\u00edbles en redes sociales y millones de seguidores, pero en estos tiempos en los que parece haber soluci\u00f3n inmediata para todo, es importante conocer a las personas por su trayectoria y todo lo que han creado a lo largo de su vida.<\/p>\n<p>En ese contexto, mencionar a Berlin Jara es hablar de una mujer emprendedora que, con apenas 32 a\u00f1os, ya tiene a sus espaldas el m\u00e9rito de haber creado una cadena de 8 tiendas y un atelier a nivel internacional, una empresa de servicios integrales retail y una plataforma enfocada en impulsar el crecimiento de las personas a todo nivel (personal, profesional, negocios).<\/p>\n<p>Muchas facetas de su inagotable capacidad creadora, algo que ha plasmado en su primer libro llamado \u201c<span style=\"color: #ff6600;\"><strong><a style=\"color: #ff6600;\" href=\"https:\/\/www.ren-hacer.com\/\" target=\"_blank\" rel=\"noopener\">Ren-Hacer: Volver a ser para Crecer<\/a><\/strong><\/span>\u201d, un testimonio de vida y de negocios en el que nos deja vivencias, lecciones, aprendizajes y sobre todo una experiencia real basada en su historia personal en el mundo de los negocios, mostr\u00e1ndonos lo que un emprendedor tiene que vivir en carne propia, como invertir dinero en un sue\u00f1o y ser capaz de mantenerse y superar el fracaso cuando las cosas no funcionan.<\/p>\n<p>La autora nos lleva as\u00ed por un an\u00e1lisis completo del mundo de los negocios, pero desde una perspectiva muy humana, mostr\u00e1ndonos lo f\u00e1cil que es mentir con perfiles irreales y c\u00f3mo ahora lo m\u00e1s importante es la experiencia en su sentido m\u00e1s amplio: trayectoria, vivencias, interacci\u00f3n entre marcas y consumidores, cosas elementales que no deben perderse nunca, por m\u00e1s digitalizado y virtual que sea el mundo de ahora.<\/p>\n<p>Berlin comenz\u00f3 esta traves\u00eda a los 21 a\u00f1os y con todo lo aprendido logr\u00f3 construir una gran cadena retail con su primera marca de moda casual Bonbastik a nivel nacional, un atelier con su marca de gala Berlin Jara a nivel internacional, y ahora desea compartir toda esa experiencia con todo aquel emprendedor o empresario, desde el m\u00e1s peque\u00f1o hasta el m\u00e1s grande y con toda persona que busque crecer, transmiti\u00e9ndonos la importancia del equilibrio en la vida.<\/p>\n<p>\u201c<em>Pocas veces se pueden ofrecer vivencias tan claras y documentadas, que sirvan de ejemplo para quienes apuestan por un camino de emprendimiento o crecimiento y no quieran fracasar en el intento. En el texto se han combinado visi\u00f3n, pensamientos y reflexiones que van m\u00e1s all\u00e1 de la empresa, que me sirvieron para encontrar mi perfil personal y mi objetivo profesional, mis convicciones y mi visi\u00f3n de futuro, no s\u00f3lo bas\u00e1ndome en ventas, si no en enriquecerme como ser humano<\/em>\u201d explica la autora.<\/p>\n<p>Definitivamente estamos ante una historia sobre c\u00f3mo aprender a crecer por encima de las adversidades. Y todo resumido en un m\u00e9todo de crecimiento que ella misma ha comprobado y aplicado a trav\u00e9s de los a\u00f1os.<\/p>\n<p>Es as\u00ed como Ren-Hacer \u201cVolver a ser para Crecer\u201d, va mucho m\u00e1s all\u00e1 del libro. \u201c<em>No me considero escritora, simplemente plasmo una filosof\u00eda de vida que hoy es elemental para que las personas no se dejen influenciar por banalidades, pues lo m\u00e1s importante es la verdad que uno lleva dentro<\/em>\u201d sentencia Berlin.<\/p>\n<p>Estamos entonces ante esta nueva filosof\u00eda de vida que, desde la experiencia real de Berlin Jara, nos ofrece una gu\u00eda honesta y comprobada muy oportuna en tiempos de incertidumbre y caos; en \u00e9pocas en las que vemos por delante nuevas realidades que nos llevan a todos a reinventarnos, a repensar qui\u00e9nes somos y a d\u00f3nde vamos. Definitivamente, una \u00e9poca en la que el camino correcto, parece ser \u201cvolver a ser para crecer\u201d.<\/p>\n<p>&nbsp;<\/p>\n","protected":false},"excerpt":{"rendered":"<p>Es muy f\u00e1cil dejarse enga\u00f1ar por falsos \u00e9xitos basados en im\u00e1genes incre\u00edbles en redes sociales y millones de seguidores, pero en estos tiempos en los que parece haber soluci\u00f3n inmediata para todo, es importante conocer a las personas por su trayectoria y todo lo que han creado a lo largo de su vida. En ese<\/p>\n","protected":false},"author":1,"featured_media":5931,"comment_status":"closed","ping_status":"closed","sticky":false,"template":"","format":"standard","meta":{"footnotes":""},"categories":[1],"tags":[],"class_list":{"0":"post-5930","1":"post","2":"type-post","3":"status-publish","4":"format-standard","5":"has-post-thumbnail","7":"category-noticias"},"aioseo_notices":[],"aioseo_head":"\n\t\t<!-- All in One SEO Pro 4.9.6.2 - aioseo.com -->\n\t<meta name=\"description\" content=\"Mencionar a Berlin Jara es hablar de una mujer emprendedora que, con apenas 32 a\u00f1os, ya tiene a sus espaldas el m\u00e9rito de haber creado una cadena de 8 tiendas..\" \/>\n\t<meta name=\"robots\" content=\"max-image-preview:large\" \/>\n\t<meta name=\"author\" content=\"NBAsturias\"\/>\n\t<meta name=\"google-site-verification\" content=\"UA-38556648-1\" \/>\n\t<meta name=\"keywords\" content=\"noticias\" \/>\n\t<link rel=\"canonical\" href=\"https:\/\/eldigitaldeasturias.com\/radio\/berlin-jara-ofrece-toda-su-experiencia-empresarial-y-personal-en-su-primer-libro-ren-hacer\/\" \/>\n\t<meta name=\"generator\" content=\"All in One SEO Pro (AIOSEO) 4.9.6.2\" \/>\n\t\t<meta property=\"og:locale\" content=\"es_ES\" \/>\n\t\t<meta property=\"og:site_name\" content=\"El Digital de Asturias | Diario de informaci\u00f3n y noticias\" \/>\n\t\t<meta property=\"og:type\" content=\"article\" \/>\n\t\t<meta property=\"og:title\" content=\"Berlin Jara ofrece toda su experiencia empresarial y personal en su primer libro Ren-Hacer | El Digital de Asturias\" \/>\n\t\t<meta property=\"og:description\" content=\"Mencionar a Berlin Jara es hablar de una mujer emprendedora que, con apenas 32 a\u00f1os, ya tiene a sus espaldas el m\u00e9rito de haber creado una cadena de 8 tiendas..\" \/>\n\t\t<meta property=\"og:url\" content=\"https:\/\/eldigitaldeasturias.com\/radio\/berlin-jara-ofrece-toda-su-experiencia-empresarial-y-personal-en-su-primer-libro-ren-hacer\/\" \/>\n\t\t<meta property=\"og:image\" content=\"https:\/\/eldigitaldeasturias.com\/radio\/wp-content\/uploads\/2021\/05\/Belen-Jara.jpg\" \/>\n\t\t<meta property=\"og:image:secure_url\" content=\"https:\/\/eldigitaldeasturias.com\/radio\/wp-content\/uploads\/2021\/05\/Belen-Jara.jpg\" \/>\n\t\t<meta property=\"og:image:width\" content=\"767\" \/>\n\t\t<meta property=\"og:image:height\" content=\"716\" \/>\n\t\t<meta property=\"article:published_time\" content=\"2021-05-27T16:26:01+00:00\" \/>\n\t\t<meta property=\"article:modified_time\" content=\"2021-05-27T16:26:01+00:00\" \/>\n\t\t<meta name=\"twitter:card\" content=\"summary_large_image\" \/>\n\t\t<meta name=\"twitter:site\" content=\"@bercodi\" \/>\n\t\t<meta name=\"twitter:title\" content=\"Berlin Jara ofrece toda su experiencia empresarial y personal en su primer libro Ren-Hacer | El Digital de Asturias\" \/>\n\t\t<meta name=\"twitter:description\" content=\"Mencionar a Berlin Jara es hablar de una mujer emprendedora que, con apenas 32 a\u00f1os, ya tiene a sus espaldas el m\u00e9rito de haber creado una cadena de 8 tiendas..\" \/>\n\t\t<meta name=\"twitter:creator\" content=\"@bercodi\" \/>\n\t\t<meta name=\"twitter:image\" content=\"https:\/\/eldigitaldeasturias.com\/radio\/wp-content\/uploads\/2021\/05\/Belen-Jara.jpg\" \/>\n\t\t<script type=\"application\/ld+json\" class=\"aioseo-schema\">\n\t\t\t{\"@context\":\"https:\\\/\\\/schema.org\",\"@graph\":[{\"@type\":\"BreadcrumbList\",\"@id\":\"https:\\\/\\\/eldigitaldeasturias.com\\\/radio\\\/berlin-jara-ofrece-toda-su-experiencia-empresarial-y-personal-en-su-primer-libro-ren-hacer\\\/#breadcrumblist\",\"itemListElement\":[{\"@type\":\"ListItem\",\"@id\":\"https:\\\/\\\/eldigitaldeasturias.com\\\/radio#listItem\",\"position\":1,\"name\":\"Inicio\",\"item\":\"https:\\\/\\\/eldigitaldeasturias.com\\\/radio\",\"nextItem\":{\"@type\":\"ListItem\",\"@id\":\"https:\\\/\\\/eldigitaldeasturias.com\\\/radio\\\/category\\\/noticias\\\/#listItem\",\"name\":\"Noticias\"}},{\"@type\":\"ListItem\",\"@id\":\"https:\\\/\\\/eldigitaldeasturias.com\\\/radio\\\/category\\\/noticias\\\/#listItem\",\"position\":2,\"name\":\"Noticias\",\"item\":\"https:\\\/\\\/eldigitaldeasturias.com\\\/radio\\\/category\\\/noticias\\\/\",\"nextItem\":{\"@type\":\"ListItem\",\"@id\":\"https:\\\/\\\/eldigitaldeasturias.com\\\/radio\\\/berlin-jara-ofrece-toda-su-experiencia-empresarial-y-personal-en-su-primer-libro-ren-hacer\\\/#listItem\",\"name\":\"Berlin Jara ofrece toda su experiencia empresarial y personal en su primer libro Ren-Hacer\"},\"previousItem\":{\"@type\":\"ListItem\",\"@id\":\"https:\\\/\\\/eldigitaldeasturias.com\\\/radio#listItem\",\"name\":\"Inicio\"}},{\"@type\":\"ListItem\",\"@id\":\"https:\\\/\\\/eldigitaldeasturias.com\\\/radio\\\/berlin-jara-ofrece-toda-su-experiencia-empresarial-y-personal-en-su-primer-libro-ren-hacer\\\/#listItem\",\"position\":3,\"name\":\"Berlin Jara ofrece toda su experiencia empresarial y personal en su primer libro Ren-Hacer\",\"previousItem\":{\"@type\":\"ListItem\",\"@id\":\"https:\\\/\\\/eldigitaldeasturias.com\\\/radio\\\/category\\\/noticias\\\/#listItem\",\"name\":\"Noticias\"}}]},{\"@type\":\"NewsArticle\",\"@id\":\"https:\\\/\\\/eldigitaldeasturias.com\\\/radio\\\/berlin-jara-ofrece-toda-su-experiencia-empresarial-y-personal-en-su-primer-libro-ren-hacer\\\/#newsarticle\",\"name\":\"Berlin Jara ofrece toda su experiencia empresarial y personal en su primer libro Ren-Hacer | El Digital de Asturias\",\"headline\":\"Berlin Jara ofrece toda su experiencia empresarial y personal en su primer libro Ren-Hacer\",\"author\":{\"@id\":\"https:\\\/\\\/eldigitaldeasturias.com\\\/radio\\\/author\\\/nbasturias\\\/#author\"},\"publisher\":{\"@id\":\"https:\\\/\\\/eldigitaldeasturias.com\\\/radio\\\/#organization\"},\"image\":{\"@type\":\"ImageObject\",\"url\":\"https:\\\/\\\/eldigitaldeasturias.com\\\/radio\\\/wp-content\\\/uploads\\\/2021\\\/05\\\/Belen-Jara.jpg\",\"width\":767,\"height\":716},\"datePublished\":\"2021-05-27T16:26:01+02:00\",\"dateModified\":\"2021-05-27T16:26:01+02:00\",\"inLanguage\":\"es-ES\",\"mainEntityOfPage\":{\"@id\":\"https:\\\/\\\/eldigitaldeasturias.com\\\/radio\\\/berlin-jara-ofrece-toda-su-experiencia-empresarial-y-personal-en-su-primer-libro-ren-hacer\\\/#webpage\"},\"isPartOf\":{\"@id\":\"https:\\\/\\\/eldigitaldeasturias.com\\\/radio\\\/berlin-jara-ofrece-toda-su-experiencia-empresarial-y-personal-en-su-primer-libro-ren-hacer\\\/#webpage\"},\"articleSection\":\"Noticias\",\"dateline\":\"Publicado el mayo 27, 2021.\"},{\"@type\":\"Organization\",\"@id\":\"https:\\\/\\\/eldigitaldeasturias.com\\\/radio\\\/#organization\",\"name\":\"El digital de Asturias Radio\",\"description\":\"Diario de informaci\\u00f3n y noticias\",\"url\":\"https:\\\/\\\/eldigitaldeasturias.com\\\/radio\\\/\",\"telephone\":\"+34652131393\",\"logo\":{\"@type\":\"ImageObject\",\"url\":\"https:\\\/\\\/www.eldigitaldeasturias.com\\\/radio\\\/wp-content\\\/uploads\\\/2021\\\/03\\\/EDA.jpg\",\"@id\":\"https:\\\/\\\/eldigitaldeasturias.com\\\/radio\\\/berlin-jara-ofrece-toda-su-experiencia-empresarial-y-personal-en-su-primer-libro-ren-hacer\\\/#organizationLogo\"},\"image\":{\"@id\":\"https:\\\/\\\/eldigitaldeasturias.com\\\/radio\\\/berlin-jara-ofrece-toda-su-experiencia-empresarial-y-personal-en-su-primer-libro-ren-hacer\\\/#organizationLogo\"},\"sameAs\":[\"https:\\\/\\\/www.facebook.com\\\/\",\"https:\\\/\\\/x.com\\\/bercodi\",\"https:\\\/\\\/www.instagram.com\\\/\",\"https:\\\/\\\/www.youtube.com\\\/channel\\\/UCZP-2wLEB9Rv6erhFmqVnvg\"]},{\"@type\":\"Person\",\"@id\":\"https:\\\/\\\/eldigitaldeasturias.com\\\/radio\\\/author\\\/nbasturias\\\/#author\",\"url\":\"https:\\\/\\\/eldigitaldeasturias.com\\\/radio\\\/author\\\/nbasturias\\\/\",\"name\":\"NBAsturias\",\"image\":{\"@type\":\"ImageObject\",\"@id\":\"https:\\\/\\\/eldigitaldeasturias.com\\\/radio\\\/berlin-jara-ofrece-toda-su-experiencia-empresarial-y-personal-en-su-primer-libro-ren-hacer\\\/#authorImage\",\"url\":\"https:\\\/\\\/secure.gravatar.com\\\/avatar\\\/df2aeffc32bcd13f8d26072ef8a91b623d677766deac7f97ca815868cd41bf5e?s=96&d=mm&r=g\",\"width\":96,\"height\":96,\"caption\":\"NBAsturias\"}},{\"@type\":\"WebPage\",\"@id\":\"https:\\\/\\\/eldigitaldeasturias.com\\\/radio\\\/berlin-jara-ofrece-toda-su-experiencia-empresarial-y-personal-en-su-primer-libro-ren-hacer\\\/#webpage\",\"url\":\"https:\\\/\\\/eldigitaldeasturias.com\\\/radio\\\/berlin-jara-ofrece-toda-su-experiencia-empresarial-y-personal-en-su-primer-libro-ren-hacer\\\/\",\"name\":\"Berlin Jara ofrece toda su experiencia empresarial y personal en su primer libro Ren-Hacer | El Digital de Asturias\",\"description\":\"Mencionar a Berlin Jara es hablar de una mujer emprendedora que, con apenas 32 a\\u00f1os, ya tiene a sus espaldas el m\\u00e9rito de haber creado una cadena de 8 tiendas..\",\"inLanguage\":\"es-ES\",\"isPartOf\":{\"@id\":\"https:\\\/\\\/eldigitaldeasturias.com\\\/radio\\\/#website\"},\"breadcrumb\":{\"@id\":\"https:\\\/\\\/eldigitaldeasturias.com\\\/radio\\\/berlin-jara-ofrece-toda-su-experiencia-empresarial-y-personal-en-su-primer-libro-ren-hacer\\\/#breadcrumblist\"},\"author\":{\"@id\":\"https:\\\/\\\/eldigitaldeasturias.com\\\/radio\\\/author\\\/nbasturias\\\/#author\"},\"creator\":{\"@id\":\"https:\\\/\\\/eldigitaldeasturias.com\\\/radio\\\/author\\\/nbasturias\\\/#author\"},\"image\":{\"@type\":\"ImageObject\",\"url\":\"https:\\\/\\\/eldigitaldeasturias.com\\\/radio\\\/wp-content\\\/uploads\\\/2021\\\/05\\\/Belen-Jara.jpg\",\"@id\":\"https:\\\/\\\/eldigitaldeasturias.com\\\/radio\\\/berlin-jara-ofrece-toda-su-experiencia-empresarial-y-personal-en-su-primer-libro-ren-hacer\\\/#mainImage\",\"width\":767,\"height\":716},\"primaryImageOfPage\":{\"@id\":\"https:\\\/\\\/eldigitaldeasturias.com\\\/radio\\\/berlin-jara-ofrece-toda-su-experiencia-empresarial-y-personal-en-su-primer-libro-ren-hacer\\\/#mainImage\"},\"datePublished\":\"2021-05-27T16:26:01+02:00\",\"dateModified\":\"2021-05-27T16:26:01+02:00\"},{\"@type\":\"WebSite\",\"@id\":\"https:\\\/\\\/eldigitaldeasturias.com\\\/radio\\\/#website\",\"url\":\"https:\\\/\\\/eldigitaldeasturias.com\\\/radio\\\/\",\"name\":\"El Digital de Asturias\",\"description\":\"Diario de informaci\\u00f3n y noticias\",\"inLanguage\":\"es-ES\",\"publisher\":{\"@id\":\"https:\\\/\\\/eldigitaldeasturias.com\\\/radio\\\/#organization\"}}]}\n\t\t<\/script>\n\t\t<!-- All in One SEO Pro -->\r\n\t\t<title>Berlin Jara ofrece toda su experiencia empresarial y personal en su primer libro Ren-Hacer | El Digital de Asturias<\/title>\n\n","aioseo_head_json":{"title":"Berlin Jara ofrece toda su experiencia empresarial y personal en su primer libro Ren-Hacer | El Digital de Asturias","description":"Mencionar a Berlin Jara es hablar de una mujer emprendedora que, con apenas 32 a\u00f1os, ya tiene a sus espaldas el m\u00e9rito de haber creado una cadena de 8 tiendas..","canonical_url":"https:\/\/eldigitaldeasturias.com\/radio\/berlin-jara-ofrece-toda-su-experiencia-empresarial-y-personal-en-su-primer-libro-ren-hacer\/","robots":"max-image-preview:large","keywords":"noticias","webmasterTools":{"google-site-verification":"UA-38556648-1","miscellaneous":""},"schema":{"@context":"https:\/\/schema.org","@graph":[{"@type":"BreadcrumbList","@id":"https:\/\/eldigitaldeasturias.com\/radio\/berlin-jara-ofrece-toda-su-experiencia-empresarial-y-personal-en-su-primer-libro-ren-hacer\/#breadcrumblist","itemListElement":[{"@type":"ListItem","@id":"https:\/\/eldigitaldeasturias.com\/radio#listItem","position":1,"name":"Inicio","item":"https:\/\/eldigitaldeasturias.com\/radio","nextItem":{"@type":"ListItem","@id":"https:\/\/eldigitaldeasturias.com\/radio\/category\/noticias\/#listItem","name":"Noticias"}},{"@type":"ListItem","@id":"https:\/\/eldigitaldeasturias.com\/radio\/category\/noticias\/#listItem","position":2,"name":"Noticias","item":"https:\/\/eldigitaldeasturias.com\/radio\/category\/noticias\/","nextItem":{"@type":"ListItem","@id":"https:\/\/eldigitaldeasturias.com\/radio\/berlin-jara-ofrece-toda-su-experiencia-empresarial-y-personal-en-su-primer-libro-ren-hacer\/#listItem","name":"Berlin Jara ofrece toda su experiencia empresarial y personal en su primer libro Ren-Hacer"},"previousItem":{"@type":"ListItem","@id":"https:\/\/eldigitaldeasturias.com\/radio#listItem","name":"Inicio"}},{"@type":"ListItem","@id":"https:\/\/eldigitaldeasturias.com\/radio\/berlin-jara-ofrece-toda-su-experiencia-empresarial-y-personal-en-su-primer-libro-ren-hacer\/#listItem","position":3,"name":"Berlin Jara ofrece toda su experiencia empresarial y personal en su primer libro Ren-Hacer","previousItem":{"@type":"ListItem","@id":"https:\/\/eldigitaldeasturias.com\/radio\/category\/noticias\/#listItem","name":"Noticias"}}]},{"@type":"NewsArticle","@id":"https:\/\/eldigitaldeasturias.com\/radio\/berlin-jara-ofrece-toda-su-experiencia-empresarial-y-personal-en-su-primer-libro-ren-hacer\/#newsarticle","name":"Berlin Jara ofrece toda su experiencia empresarial y personal en su primer libro Ren-Hacer | El Digital de Asturias","headline":"Berlin Jara ofrece toda su experiencia empresarial y personal en su primer libro Ren-Hacer","author":{"@id":"https:\/\/eldigitaldeasturias.com\/radio\/author\/nbasturias\/#author"},"publisher":{"@id":"https:\/\/eldigitaldeasturias.com\/radio\/#organization"},"image":{"@type":"ImageObject","url":"https:\/\/eldigitaldeasturias.com\/radio\/wp-content\/uploads\/2021\/05\/Belen-Jara.jpg","width":767,"height":716},"datePublished":"2021-05-27T16:26:01+02:00","dateModified":"2021-05-27T16:26:01+02:00","inLanguage":"es-ES","mainEntityOfPage":{"@id":"https:\/\/eldigitaldeasturias.com\/radio\/berlin-jara-ofrece-toda-su-experiencia-empresarial-y-personal-en-su-primer-libro-ren-hacer\/#webpage"},"isPartOf":{"@id":"https:\/\/eldigitaldeasturias.com\/radio\/berlin-jara-ofrece-toda-su-experiencia-empresarial-y-personal-en-su-primer-libro-ren-hacer\/#webpage"},"articleSection":"Noticias","dateline":"Publicado el mayo 27, 2021."},{"@type":"Organization","@id":"https:\/\/eldigitaldeasturias.com\/radio\/#organization","name":"El digital de Asturias Radio","description":"Diario de informaci\u00f3n y noticias","url":"https:\/\/eldigitaldeasturias.com\/radio\/","telephone":"+34652131393","logo":{"@type":"ImageObject","url":"https:\/\/www.eldigitaldeasturias.com\/radio\/wp-content\/uploads\/2021\/03\/EDA.jpg","@id":"https:\/\/eldigitaldeasturias.com\/radio\/berlin-jara-ofrece-toda-su-experiencia-empresarial-y-personal-en-su-primer-libro-ren-hacer\/#organizationLogo"},"image":{"@id":"https:\/\/eldigitaldeasturias.com\/radio\/berlin-jara-ofrece-toda-su-experiencia-empresarial-y-personal-en-su-primer-libro-ren-hacer\/#organizationLogo"},"sameAs":["https:\/\/www.facebook.com\/","https:\/\/x.com\/bercodi","https:\/\/www.instagram.com\/","https:\/\/www.youtube.com\/channel\/UCZP-2wLEB9Rv6erhFmqVnvg"]},{"@type":"Person","@id":"https:\/\/eldigitaldeasturias.com\/radio\/author\/nbasturias\/#author","url":"https:\/\/eldigitaldeasturias.com\/radio\/author\/nbasturias\/","name":"NBAsturias","image":{"@type":"ImageObject","@id":"https:\/\/eldigitaldeasturias.com\/radio\/berlin-jara-ofrece-toda-su-experiencia-empresarial-y-personal-en-su-primer-libro-ren-hacer\/#authorImage","url":"https:\/\/secure.gravatar.com\/avatar\/df2aeffc32bcd13f8d26072ef8a91b623d677766deac7f97ca815868cd41bf5e?s=96&d=mm&r=g","width":96,"height":96,"caption":"NBAsturias"}},{"@type":"WebPage","@id":"https:\/\/eldigitaldeasturias.com\/radio\/berlin-jara-ofrece-toda-su-experiencia-empresarial-y-personal-en-su-primer-libro-ren-hacer\/#webpage","url":"https:\/\/eldigitaldeasturias.com\/radio\/berlin-jara-ofrece-toda-su-experiencia-empresarial-y-personal-en-su-primer-libro-ren-hacer\/","name":"Berlin Jara ofrece toda su experiencia empresarial y personal en su primer libro Ren-Hacer | El Digital de Asturias","description":"Mencionar a Berlin Jara es hablar de una mujer emprendedora que, con apenas 32 a\u00f1os, ya tiene a sus espaldas el m\u00e9rito de haber creado una cadena de 8 tiendas..","inLanguage":"es-ES","isPartOf":{"@id":"https:\/\/eldigitaldeasturias.com\/radio\/#website"},"breadcrumb":{"@id":"https:\/\/eldigitaldeasturias.com\/radio\/berlin-jara-ofrece-toda-su-experiencia-empresarial-y-personal-en-su-primer-libro-ren-hacer\/#breadcrumblist"},"author":{"@id":"https:\/\/eldigitaldeasturias.com\/radio\/author\/nbasturias\/#author"},"creator":{"@id":"https:\/\/eldigitaldeasturias.com\/radio\/author\/nbasturias\/#author"},"image":{"@type":"ImageObject","url":"https:\/\/eldigitaldeasturias.com\/radio\/wp-content\/uploads\/2021\/05\/Belen-Jara.jpg","@id":"https:\/\/eldigitaldeasturias.com\/radio\/berlin-jara-ofrece-toda-su-experiencia-empresarial-y-personal-en-su-primer-libro-ren-hacer\/#mainImage","width":767,"height":716},"primaryImageOfPage":{"@id":"https:\/\/eldigitaldeasturias.com\/radio\/berlin-jara-ofrece-toda-su-experiencia-empresarial-y-personal-en-su-primer-libro-ren-hacer\/#mainImage"},"datePublished":"2021-05-27T16:26:01+02:00","dateModified":"2021-05-27T16:26:01+02:00"},{"@type":"WebSite","@id":"https:\/\/eldigitaldeasturias.com\/radio\/#website","url":"https:\/\/eldigitaldeasturias.com\/radio\/","name":"El Digital de Asturias","description":"Diario de informaci\u00f3n y noticias","inLanguage":"es-ES","publisher":{"@id":"https:\/\/eldigitaldeasturias.com\/radio\/#organization"}}]},"og:locale":"es_ES","og:site_name":"El Digital de Asturias | Diario de informaci\u00f3n y noticias","og:type":"article","og:title":"Berlin Jara ofrece toda su experiencia empresarial y personal en su primer libro Ren-Hacer | El Digital de Asturias","og:description":"Mencionar a Berlin Jara es hablar de una mujer emprendedora que, con apenas 32 a\u00f1os, ya tiene a sus espaldas el m\u00e9rito de haber creado una cadena de 8 tiendas..","og:url":"https:\/\/eldigitaldeasturias.com\/radio\/berlin-jara-ofrece-toda-su-experiencia-empresarial-y-personal-en-su-primer-libro-ren-hacer\/","og:image":"https:\/\/eldigitaldeasturias.com\/radio\/wp-content\/uploads\/2021\/05\/Belen-Jara.jpg","og:image:secure_url":"https:\/\/eldigitaldeasturias.com\/radio\/wp-content\/uploads\/2021\/05\/Belen-Jara.jpg","og:image:width":767,"og:image:height":716,"article:published_time":"2021-05-27T16:26:01+00:00","article:modified_time":"2021-05-27T16:26:01+00:00","twitter:card":"summary_large_image","twitter:site":"@bercodi","twitter:title":"Berlin Jara ofrece toda su experiencia empresarial y personal en su primer libro Ren-Hacer | El Digital de Asturias","twitter:description":"Mencionar a Berlin Jara es hablar de una mujer emprendedora que, con apenas 32 a\u00f1os, ya tiene a sus espaldas el m\u00e9rito de haber creado una cadena de 8 tiendas..","twitter:creator":"@bercodi","twitter:image":"https:\/\/eldigitaldeasturias.com\/radio\/wp-content\/uploads\/2021\/05\/Belen-Jara.jpg"},"aioseo_meta_data":{"post_id":"5930","title":null,"description":"Mencionar a Berlin Jara es hablar de una mujer emprendedora que, con apenas 32 a\u00f1os, ya tiene a sus espaldas el m\u00e9rito de haber creado una cadena de 8 tiendas..","keywords":[],"keyphrases":{"focus":[],"additional":[]},"primary_term":null,"canonical_url":null,"og_title":null,"og_description":null,"og_object_type":"default","og_image_type":"default","og_image_url":null,"og_image_width":null,"og_image_height":null,"og_image_custom_url":null,"og_image_custom_fields":null,"og_video":"","og_custom_url":null,"og_article_section":null,"og_article_tags":[],"twitter_use_og":false,"twitter_card":"default","twitter_image_type":"default","twitter_image_url":null,"twitter_image_custom_url":null,"twitter_image_custom_fields":null,"twitter_title":null,"twitter_description":null,"schema":{"blockGraphs":[],"customGraphs":[],"default":{"data":{"Article":[],"Course":[],"Dataset":[],"FAQPage":[],"Movie":[],"Person":[],"Product":[],"ProductReview":[],"Car":[],"Recipe":[],"Service":[],"SoftwareApplication":[],"WebPage":[]},"graphName":"","isEnabled":true},"graphs":[],"defaultGraph":"Article","defaultPostTypeGraph":""},"schema_type":"default","schema_type_options":"{\"article\":{\"articleType\":\"BlogPosting\"},\"course\":{\"name\":\"\",\"description\":\"\",\"provider\":\"\"},\"faq\":{\"pages\":[]},\"product\":{\"reviews\":[]},\"recipe\":{\"ingredients\":[],\"instructions\":[],\"keywords\":[]},\"software\":{\"reviews\":[],\"operatingSystems\":[]},\"webPage\":{\"webPageType\":\"WebPage\"}}","pillar_content":false,"robots_default":true,"robots_noindex":false,"robots_noarchive":false,"robots_nosnippet":false,"robots_nofollow":false,"robots_noimageindex":false,"robots_noodp":false,"robots_notranslate":false,"robots_max_snippet":"-1","robots_max_videopreview":"-1","robots_max_imagepreview":"large","priority":null,"frequency":"default","location":null,"local_seo":{"locations":{"business":{"name":"","businessType":"","image":"","areaServed":"","urls":{"website":"","aboutPage":"","contactPage":""},"address":{"streetLine1":"","streetLine2":"","zipCode":"","city":"","state":"","country":"","addressFormat":"#streetLineOne\n#streetLineTwo\n#city, #state #zipCode"},"contact":{"email":"","phone":"","phoneFormatted":"","fax":"","faxFormatted":""},"ids":{"vat":"","tax":"","chamberOfCommerce":""},"payment":{"priceRange":"","currenciesAccepted":"","methods":""}}},"openingHours":{"useDefaults":true,"show":true,"alwaysOpen":false,"use24hFormat":false,"timezone":"","labels":{"closed":"","alwaysOpen":""},"days":{"monday":{"open24h":false,"closed":false,"openTime":"09:00","closeTime":"17:00"},"tuesday":{"open24h":false,"closed":false,"openTime":"09:00","closeTime":"17:00"},"wednesday":{"open24h":false,"closed":false,"openTime":"09:00","closeTime":"17:00"},"thursday":{"open24h":false,"closed":false,"openTime":"09:00","closeTime":"17:00"},"friday":{"open24h":false,"closed":false,"openTime":"09:00","closeTime":"17:00"},"saturday":{"open24h":false,"closed":false,"openTime":"09:00","closeTime":"17:00"},"sunday":{"open24h":false,"closed":false,"openTime":"09:00","closeTime":"17:00"}}}},"seo_analyzer_scan_date":"2025-08-28 18:45:36","breadcrumb_settings":null,"limit_modified_date":false,"open_ai":null,"ai":null,"created":"2021-05-27 16:22:59","updated":"2025-08-28 18:45:36"},"aioseo_breadcrumb":"<div class=\"aioseo-breadcrumbs\"><span class=\"aioseo-breadcrumb\">\n\t<a href=\"https:\/\/eldigitaldeasturias.com\/radio\" title=\"Inicio\">Inicio<\/a>\n<\/span><span class=\"aioseo-breadcrumb-separator\">&ndash;<\/span><span class=\"aioseo-breadcrumb\">\n\t<a href=\"https:\/\/eldigitaldeasturias.com\/radio\/category\/noticias\/\" title=\"Noticias\">Noticias<\/a>\n<\/span><span class=\"aioseo-breadcrumb-separator\">&ndash;<\/span><span class=\"aioseo-breadcrumb\">\n\tBerlin Jara ofrece toda su experiencia empresarial y personal en su primer libro Ren-Hacer\n<\/span><\/div>","aioseo_breadcrumb_json":[{"label":"Inicio","link":"https:\/\/eldigitaldeasturias.com\/radio"},{"label":"Noticias","link":"https:\/\/eldigitaldeasturias.com\/radio\/category\/noticias\/"},{"label":"Berlin Jara ofrece toda su experiencia empresarial y personal en su primer libro Ren-Hacer","link":"https:\/\/eldigitaldeasturias.com\/radio\/berlin-jara-ofrece-toda-su-experiencia-empresarial-y-personal-en-su-primer-libro-ren-hacer\/"}],"_links":{"self":[{"href":"https:\/\/eldigitaldeasturias.com\/radio\/wp-json\/wp\/v2\/posts\/5930","targetHints":{"allow":["GET"]}}],"collection":[{"href":"https:\/\/eldigitaldeasturias.com\/radio\/wp-json\/wp\/v2\/posts"}],"about":[{"href":"https:\/\/eldigitaldeasturias.com\/radio\/wp-json\/wp\/v2\/types\/post"}],"author":[{"embeddable":true,"href":"https:\/\/eldigitaldeasturias.com\/radio\/wp-json\/wp\/v2\/users\/1"}],"replies":[{"embeddable":true,"href":"https:\/\/eldigitaldeasturias.com\/radio\/wp-json\/wp\/v2\/comments?post=5930"}],"version-history":[{"count":0,"href":"https:\/\/eldigitaldeasturias.com\/radio\/wp-json\/wp\/v2\/posts\/5930\/revisions"}],"wp:featuredmedia":[{"embeddable":true,"href":"https:\/\/eldigitaldeasturias.com\/radio\/wp-json\/wp\/v2\/media\/5931"}],"wp:attachment":[{"href":"https:\/\/eldigitaldeasturias.com\/radio\/wp-json\/wp\/v2\/media?parent=5930"}],"wp:term":[{"taxonomy":"category","embeddable":true,"href":"https:\/\/eldigitaldeasturias.com\/radio\/wp-json\/wp\/v2\/categories?post=5930"},{"taxonomy":"post_tag","embeddable":true,"href":"https:\/\/eldigitaldeasturias.com\/radio\/wp-json\/wp\/v2\/tags?post=5930"}],"curies":[{"name":"wp","href":"https:\/\/api.w.org\/{rel}","templated":true}]}}