{"id":5925,"date":"2021-05-22T22:25:34","date_gmt":"2021-05-22T22:25:34","guid":{"rendered":"http:\/\/eldigitaldeasturias.com\/radio\/?p=5925"},"modified":"2021-05-22T22:25:34","modified_gmt":"2021-05-22T22:25:34","slug":"encuesta-mayoria-de-alemanes-a-favor-de-boicot-a-mundial-de-catar","status":"publish","type":"post","link":"https:\/\/eldigitaldeasturias.com\/radio\/encuesta-mayoria-de-alemanes-a-favor-de-boicot-a-mundial-de-catar\/","title":{"rendered":"Encuesta: Mayor\u00eda de alemanes, a favor de boicot a Mundial de Catar"},"content":{"rendered":"<p><img fetchpriority=\"high\" decoding=\"async\" class=\"alignleft size-medium wp-image-72\" src=\"https:\/\/eldigitaldeasturias.com\/radio\/wp-content\/uploads\/2018\/03\/football-1406106_1280-360x241.jpg\" alt=\"\" width=\"360\" height=\"241\" srcset=\"https:\/\/eldigitaldeasturias.com\/radio\/wp-content\/uploads\/2018\/03\/football-1406106_1280-360x241.jpg 360w, https:\/\/eldigitaldeasturias.com\/radio\/wp-content\/uploads\/2018\/03\/football-1406106_1280-1024x686.jpg 1024w, https:\/\/eldigitaldeasturias.com\/radio\/wp-content\/uploads\/2018\/03\/football-1406106_1280-768x514.jpg 768w, https:\/\/eldigitaldeasturias.com\/radio\/wp-content\/uploads\/2018\/03\/football-1406106_1280.jpg 1280w\" sizes=\"(max-width: 360px) 100vw, 360px\" \/>Colonia (Alemania), 22 may (dpa) &#8211; Casi dos tercios de los alemanes se oponen a la participaci\u00f3n de la selecci\u00f3n de su pa\u00eds en el Mundial de f\u00fatbol de Catar 2022 por las condiciones laborales y de derechos humanos vigentes en ese pa\u00eds, indica un sondeo.<\/p>\n<p>Seg\u00fan la encuesta dada a conocer hoy por la radio Westdeutscher Rundfunk, el 65 por ciento de los entrevistados se pronunci\u00f3 por un boicot de los equipos ante la pregunta de cu\u00e1l deber\u00eda ser la actitud de Alemania frente a los informes sobre malas condiciones laborales y los accidentes mortales de trabajadores en la construcci\u00f3n de la infraestructura para el evento deportivo.<\/p>\n<p>S\u00f3lo un 26 por ciento se inclin\u00f3 por una participaci\u00f3n en el Mundial y el nueve por ciento manifest\u00f3 no tener una opini\u00f3n formada al respecto o no quiso contestar a la encuesta realizada por el instituto demosc\u00f3pico infratest-dimap entre 1.198 ciudadanos.<\/p>\n<p>Incluso entre los que se definieron como seguidores del f\u00fatbol se expres\u00f3 una amplia mayor\u00eda del 61 por ciento por un boicot, en tanto que el 33 por ciento se declar\u00f3 a favor de participar y el seis por ciento no emiti\u00f3 opini\u00f3n.<\/p>\n<p>El Mundial de Catar est\u00e1 planeado para desarrollarse entre el 21 de noviembre y el 18 de diciembre de 2022. Fue otorgado al emirato \u00e1rabe en una controvertida votaci\u00f3n de la FIFA en 2010.<\/p>\n<p>Seg\u00fan una investigaci\u00f3n reciente del diario brit\u00e1nico \u00abThe Guardian\u00bb, 6.500 trabajadores provenientes de cinco pa\u00edses asi\u00e1ticos murieron en los \u00faltimos diez a\u00f1os en la construcci\u00f3n de los estadios y otras obras de infraestructura vinculadas con el evento.<\/p>\n<p>El Gobierno de Catar afirm\u00f3 que se han llevado a cabo y se est\u00e1n implementando reformas para mejorar las condiciones laborales, y que la cifra de muertes no es excesiva dada la magnitud de la mano de obra procedente del extranjero.<\/p>\n<p>&nbsp;<\/p>\n","protected":false},"excerpt":{"rendered":"<p>Colonia (Alemania), 22 may (dpa) &#8211; Casi dos tercios de los alemanes se oponen a la participaci\u00f3n de la selecci\u00f3n de su pa\u00eds en el Mundial de f\u00fatbol de Catar 2022 por las condiciones laborales y de derechos humanos vigentes en ese pa\u00eds, indica un sondeo. Seg\u00fan la encuesta dada a conocer hoy por la<\/p>\n","protected":false},"author":1,"featured_media":72,"comment_status":"closed","ping_status":"closed","sticky":false,"template":"","format":"standard","meta":{"footnotes":""},"categories":[1],"tags":[],"class_list":{"0":"post-5925","1":"post","2":"type-post","3":"status-publish","4":"format-standard","5":"has-post-thumbnail","7":"category-noticias"},"aioseo_notices":[],"aioseo_head":"\n\t\t<!-- All in One SEO Pro 4.9.6.2 - aioseo.com -->\n\t<meta name=\"description\" content=\"Casi dos tercios de los alemanes se oponen a la participaci\u00f3n de la selecci\u00f3n de su pa\u00eds en el Mundial de f\u00fatbol de Catar 2022 ..\" \/>\n\t<meta name=\"robots\" content=\"max-image-preview:large\" \/>\n\t<meta name=\"author\" content=\"NBAsturias\"\/>\n\t<meta name=\"google-site-verification\" content=\"UA-38556648-1\" \/>\n\t<meta name=\"keywords\" content=\"noticias\" \/>\n\t<link rel=\"canonical\" href=\"https:\/\/eldigitaldeasturias.com\/radio\/encuesta-mayoria-de-alemanes-a-favor-de-boicot-a-mundial-de-catar\/\" \/>\n\t<meta name=\"generator\" content=\"All in One SEO Pro (AIOSEO) 4.9.6.2\" \/>\n\t\t<meta property=\"og:locale\" content=\"es_ES\" \/>\n\t\t<meta property=\"og:site_name\" content=\"El Digital de Asturias | Diario de informaci\u00f3n y noticias\" \/>\n\t\t<meta property=\"og:type\" content=\"article\" \/>\n\t\t<meta property=\"og:title\" content=\"Encuesta: Mayor\u00eda de alemanes, a favor de boicot a Mundial de Catar | El Digital de Asturias\" \/>\n\t\t<meta property=\"og:description\" content=\"Casi dos tercios de los alemanes se oponen a la participaci\u00f3n de la selecci\u00f3n de su pa\u00eds en el Mundial de f\u00fatbol de Catar 2022 ..\" \/>\n\t\t<meta property=\"og:url\" content=\"https:\/\/eldigitaldeasturias.com\/radio\/encuesta-mayoria-de-alemanes-a-favor-de-boicot-a-mundial-de-catar\/\" \/>\n\t\t<meta property=\"og:image\" content=\"https:\/\/eldigitaldeasturias.com\/radio\/wp-content\/uploads\/2018\/03\/football-1406106_1280.jpg\" \/>\n\t\t<meta property=\"og:image:secure_url\" content=\"https:\/\/eldigitaldeasturias.com\/radio\/wp-content\/uploads\/2018\/03\/football-1406106_1280.jpg\" \/>\n\t\t<meta property=\"og:image:width\" content=\"1280\" \/>\n\t\t<meta property=\"og:image:height\" content=\"857\" \/>\n\t\t<meta property=\"article:published_time\" content=\"2021-05-22T22:25:34+00:00\" \/>\n\t\t<meta property=\"article:modified_time\" content=\"2021-05-22T22:25:34+00:00\" \/>\n\t\t<meta name=\"twitter:card\" content=\"summary_large_image\" \/>\n\t\t<meta name=\"twitter:site\" content=\"@bercodi\" \/>\n\t\t<meta name=\"twitter:title\" content=\"Encuesta: Mayor\u00eda de alemanes, a favor de boicot a Mundial de Catar | El Digital de Asturias\" \/>\n\t\t<meta name=\"twitter:description\" content=\"Casi dos tercios de los alemanes se oponen a la participaci\u00f3n de la selecci\u00f3n de su pa\u00eds en el Mundial de f\u00fatbol de Catar 2022 ..\" \/>\n\t\t<meta name=\"twitter:creator\" content=\"@bercodi\" \/>\n\t\t<meta name=\"twitter:image\" content=\"https:\/\/eldigitaldeasturias.com\/radio\/wp-content\/uploads\/2018\/03\/football-1406106_1280.jpg\" \/>\n\t\t<script type=\"application\/ld+json\" class=\"aioseo-schema\">\n\t\t\t{\"@context\":\"https:\\\/\\\/schema.org\",\"@graph\":[{\"@type\":\"BreadcrumbList\",\"@id\":\"https:\\\/\\\/eldigitaldeasturias.com\\\/radio\\\/encuesta-mayoria-de-alemanes-a-favor-de-boicot-a-mundial-de-catar\\\/#breadcrumblist\",\"itemListElement\":[{\"@type\":\"ListItem\",\"@id\":\"https:\\\/\\\/eldigitaldeasturias.com\\\/radio#listItem\",\"position\":1,\"name\":\"Inicio\",\"item\":\"https:\\\/\\\/eldigitaldeasturias.com\\\/radio\",\"nextItem\":{\"@type\":\"ListItem\",\"@id\":\"https:\\\/\\\/eldigitaldeasturias.com\\\/radio\\\/category\\\/noticias\\\/#listItem\",\"name\":\"Noticias\"}},{\"@type\":\"ListItem\",\"@id\":\"https:\\\/\\\/eldigitaldeasturias.com\\\/radio\\\/category\\\/noticias\\\/#listItem\",\"position\":2,\"name\":\"Noticias\",\"item\":\"https:\\\/\\\/eldigitaldeasturias.com\\\/radio\\\/category\\\/noticias\\\/\",\"nextItem\":{\"@type\":\"ListItem\",\"@id\":\"https:\\\/\\\/eldigitaldeasturias.com\\\/radio\\\/encuesta-mayoria-de-alemanes-a-favor-de-boicot-a-mundial-de-catar\\\/#listItem\",\"name\":\"Encuesta: Mayor\\u00eda de alemanes, a favor de boicot a Mundial de Catar\"},\"previousItem\":{\"@type\":\"ListItem\",\"@id\":\"https:\\\/\\\/eldigitaldeasturias.com\\\/radio#listItem\",\"name\":\"Inicio\"}},{\"@type\":\"ListItem\",\"@id\":\"https:\\\/\\\/eldigitaldeasturias.com\\\/radio\\\/encuesta-mayoria-de-alemanes-a-favor-de-boicot-a-mundial-de-catar\\\/#listItem\",\"position\":3,\"name\":\"Encuesta: Mayor\\u00eda de alemanes, a favor de boicot a Mundial de Catar\",\"previousItem\":{\"@type\":\"ListItem\",\"@id\":\"https:\\\/\\\/eldigitaldeasturias.com\\\/radio\\\/category\\\/noticias\\\/#listItem\",\"name\":\"Noticias\"}}]},{\"@type\":\"NewsArticle\",\"@id\":\"https:\\\/\\\/eldigitaldeasturias.com\\\/radio\\\/encuesta-mayoria-de-alemanes-a-favor-de-boicot-a-mundial-de-catar\\\/#newsarticle\",\"name\":\"Encuesta: Mayor\\u00eda de alemanes, a favor de boicot a Mundial de Catar | El Digital de Asturias\",\"headline\":\"Encuesta: Mayor\\u00eda de alemanes, a favor de boicot a Mundial de Catar\",\"author\":{\"@id\":\"https:\\\/\\\/eldigitaldeasturias.com\\\/radio\\\/author\\\/nbasturias\\\/#author\"},\"publisher\":{\"@id\":\"https:\\\/\\\/eldigitaldeasturias.com\\\/radio\\\/#organization\"},\"image\":{\"@type\":\"ImageObject\",\"url\":\"https:\\\/\\\/eldigitaldeasturias.com\\\/radio\\\/wp-content\\\/uploads\\\/2018\\\/03\\\/football-1406106_1280.jpg\",\"width\":1280,\"height\":857},\"datePublished\":\"2021-05-22T22:25:34+02:00\",\"dateModified\":\"2021-05-22T22:25:34+02:00\",\"inLanguage\":\"es-ES\",\"mainEntityOfPage\":{\"@id\":\"https:\\\/\\\/eldigitaldeasturias.com\\\/radio\\\/encuesta-mayoria-de-alemanes-a-favor-de-boicot-a-mundial-de-catar\\\/#webpage\"},\"isPartOf\":{\"@id\":\"https:\\\/\\\/eldigitaldeasturias.com\\\/radio\\\/encuesta-mayoria-de-alemanes-a-favor-de-boicot-a-mundial-de-catar\\\/#webpage\"},\"articleSection\":\"Noticias\",\"dateline\":\"Publicado el mayo 22, 2021.\"},{\"@type\":\"Organization\",\"@id\":\"https:\\\/\\\/eldigitaldeasturias.com\\\/radio\\\/#organization\",\"name\":\"El digital de Asturias Radio\",\"description\":\"Diario de informaci\\u00f3n y noticias\",\"url\":\"https:\\\/\\\/eldigitaldeasturias.com\\\/radio\\\/\",\"telephone\":\"+34652131393\",\"logo\":{\"@type\":\"ImageObject\",\"url\":\"https:\\\/\\\/www.eldigitaldeasturias.com\\\/radio\\\/wp-content\\\/uploads\\\/2021\\\/03\\\/EDA.jpg\",\"@id\":\"https:\\\/\\\/eldigitaldeasturias.com\\\/radio\\\/encuesta-mayoria-de-alemanes-a-favor-de-boicot-a-mundial-de-catar\\\/#organizationLogo\"},\"image\":{\"@id\":\"https:\\\/\\\/eldigitaldeasturias.com\\\/radio\\\/encuesta-mayoria-de-alemanes-a-favor-de-boicot-a-mundial-de-catar\\\/#organizationLogo\"},\"sameAs\":[\"https:\\\/\\\/www.facebook.com\\\/\",\"https:\\\/\\\/x.com\\\/bercodi\",\"https:\\\/\\\/www.instagram.com\\\/\",\"https:\\\/\\\/www.youtube.com\\\/channel\\\/UCZP-2wLEB9Rv6erhFmqVnvg\"]},{\"@type\":\"Person\",\"@id\":\"https:\\\/\\\/eldigitaldeasturias.com\\\/radio\\\/author\\\/nbasturias\\\/#author\",\"url\":\"https:\\\/\\\/eldigitaldeasturias.com\\\/radio\\\/author\\\/nbasturias\\\/\",\"name\":\"NBAsturias\",\"image\":{\"@type\":\"ImageObject\",\"@id\":\"https:\\\/\\\/eldigitaldeasturias.com\\\/radio\\\/encuesta-mayoria-de-alemanes-a-favor-de-boicot-a-mundial-de-catar\\\/#authorImage\",\"url\":\"https:\\\/\\\/secure.gravatar.com\\\/avatar\\\/df2aeffc32bcd13f8d26072ef8a91b623d677766deac7f97ca815868cd41bf5e?s=96&d=mm&r=g\",\"width\":96,\"height\":96,\"caption\":\"NBAsturias\"}},{\"@type\":\"WebPage\",\"@id\":\"https:\\\/\\\/eldigitaldeasturias.com\\\/radio\\\/encuesta-mayoria-de-alemanes-a-favor-de-boicot-a-mundial-de-catar\\\/#webpage\",\"url\":\"https:\\\/\\\/eldigitaldeasturias.com\\\/radio\\\/encuesta-mayoria-de-alemanes-a-favor-de-boicot-a-mundial-de-catar\\\/\",\"name\":\"Encuesta: Mayor\\u00eda de alemanes, a favor de boicot a Mundial de Catar | El Digital de Asturias\",\"description\":\"Casi dos tercios de los alemanes se oponen a la participaci\\u00f3n de la selecci\\u00f3n de su pa\\u00eds en el Mundial de f\\u00fatbol de Catar 2022 ..\",\"inLanguage\":\"es-ES\",\"isPartOf\":{\"@id\":\"https:\\\/\\\/eldigitaldeasturias.com\\\/radio\\\/#website\"},\"breadcrumb\":{\"@id\":\"https:\\\/\\\/eldigitaldeasturias.com\\\/radio\\\/encuesta-mayoria-de-alemanes-a-favor-de-boicot-a-mundial-de-catar\\\/#breadcrumblist\"},\"author\":{\"@id\":\"https:\\\/\\\/eldigitaldeasturias.com\\\/radio\\\/author\\\/nbasturias\\\/#author\"},\"creator\":{\"@id\":\"https:\\\/\\\/eldigitaldeasturias.com\\\/radio\\\/author\\\/nbasturias\\\/#author\"},\"image\":{\"@type\":\"ImageObject\",\"url\":\"https:\\\/\\\/eldigitaldeasturias.com\\\/radio\\\/wp-content\\\/uploads\\\/2018\\\/03\\\/football-1406106_1280.jpg\",\"@id\":\"https:\\\/\\\/eldigitaldeasturias.com\\\/radio\\\/encuesta-mayoria-de-alemanes-a-favor-de-boicot-a-mundial-de-catar\\\/#mainImage\",\"width\":1280,\"height\":857},\"primaryImageOfPage\":{\"@id\":\"https:\\\/\\\/eldigitaldeasturias.com\\\/radio\\\/encuesta-mayoria-de-alemanes-a-favor-de-boicot-a-mundial-de-catar\\\/#mainImage\"},\"datePublished\":\"2021-05-22T22:25:34+02:00\",\"dateModified\":\"2021-05-22T22:25:34+02:00\"},{\"@type\":\"WebSite\",\"@id\":\"https:\\\/\\\/eldigitaldeasturias.com\\\/radio\\\/#website\",\"url\":\"https:\\\/\\\/eldigitaldeasturias.com\\\/radio\\\/\",\"name\":\"El Digital de Asturias\",\"description\":\"Diario de informaci\\u00f3n y noticias\",\"inLanguage\":\"es-ES\",\"publisher\":{\"@id\":\"https:\\\/\\\/eldigitaldeasturias.com\\\/radio\\\/#organization\"}}]}\n\t\t<\/script>\n\t\t<!-- All in One SEO Pro -->\r\n\t\t<title>Encuesta: Mayor\u00eda de alemanes, a favor de boicot a Mundial de Catar | El Digital de Asturias<\/title>\n\n","aioseo_head_json":{"title":"Encuesta: Mayor\u00eda de alemanes, a favor de boicot a Mundial de Catar | El Digital de Asturias","description":"Casi dos tercios de los alemanes se oponen a la participaci\u00f3n de la selecci\u00f3n de su pa\u00eds en el Mundial de f\u00fatbol de Catar 2022 ..","canonical_url":"https:\/\/eldigitaldeasturias.com\/radio\/encuesta-mayoria-de-alemanes-a-favor-de-boicot-a-mundial-de-catar\/","robots":"max-image-preview:large","keywords":"noticias","webmasterTools":{"google-site-verification":"UA-38556648-1","miscellaneous":""},"schema":{"@context":"https:\/\/schema.org","@graph":[{"@type":"BreadcrumbList","@id":"https:\/\/eldigitaldeasturias.com\/radio\/encuesta-mayoria-de-alemanes-a-favor-de-boicot-a-mundial-de-catar\/#breadcrumblist","itemListElement":[{"@type":"ListItem","@id":"https:\/\/eldigitaldeasturias.com\/radio#listItem","position":1,"name":"Inicio","item":"https:\/\/eldigitaldeasturias.com\/radio","nextItem":{"@type":"ListItem","@id":"https:\/\/eldigitaldeasturias.com\/radio\/category\/noticias\/#listItem","name":"Noticias"}},{"@type":"ListItem","@id":"https:\/\/eldigitaldeasturias.com\/radio\/category\/noticias\/#listItem","position":2,"name":"Noticias","item":"https:\/\/eldigitaldeasturias.com\/radio\/category\/noticias\/","nextItem":{"@type":"ListItem","@id":"https:\/\/eldigitaldeasturias.com\/radio\/encuesta-mayoria-de-alemanes-a-favor-de-boicot-a-mundial-de-catar\/#listItem","name":"Encuesta: Mayor\u00eda de alemanes, a favor de boicot a Mundial de Catar"},"previousItem":{"@type":"ListItem","@id":"https:\/\/eldigitaldeasturias.com\/radio#listItem","name":"Inicio"}},{"@type":"ListItem","@id":"https:\/\/eldigitaldeasturias.com\/radio\/encuesta-mayoria-de-alemanes-a-favor-de-boicot-a-mundial-de-catar\/#listItem","position":3,"name":"Encuesta: Mayor\u00eda de alemanes, a favor de boicot a Mundial de Catar","previousItem":{"@type":"ListItem","@id":"https:\/\/eldigitaldeasturias.com\/radio\/category\/noticias\/#listItem","name":"Noticias"}}]},{"@type":"NewsArticle","@id":"https:\/\/eldigitaldeasturias.com\/radio\/encuesta-mayoria-de-alemanes-a-favor-de-boicot-a-mundial-de-catar\/#newsarticle","name":"Encuesta: Mayor\u00eda de alemanes, a favor de boicot a Mundial de Catar | El Digital de Asturias","headline":"Encuesta: Mayor\u00eda de alemanes, a favor de boicot a Mundial de Catar","author":{"@id":"https:\/\/eldigitaldeasturias.com\/radio\/author\/nbasturias\/#author"},"publisher":{"@id":"https:\/\/eldigitaldeasturias.com\/radio\/#organization"},"image":{"@type":"ImageObject","url":"https:\/\/eldigitaldeasturias.com\/radio\/wp-content\/uploads\/2018\/03\/football-1406106_1280.jpg","width":1280,"height":857},"datePublished":"2021-05-22T22:25:34+02:00","dateModified":"2021-05-22T22:25:34+02:00","inLanguage":"es-ES","mainEntityOfPage":{"@id":"https:\/\/eldigitaldeasturias.com\/radio\/encuesta-mayoria-de-alemanes-a-favor-de-boicot-a-mundial-de-catar\/#webpage"},"isPartOf":{"@id":"https:\/\/eldigitaldeasturias.com\/radio\/encuesta-mayoria-de-alemanes-a-favor-de-boicot-a-mundial-de-catar\/#webpage"},"articleSection":"Noticias","dateline":"Publicado el mayo 22, 2021."},{"@type":"Organization","@id":"https:\/\/eldigitaldeasturias.com\/radio\/#organization","name":"El digital de Asturias Radio","description":"Diario de informaci\u00f3n y noticias","url":"https:\/\/eldigitaldeasturias.com\/radio\/","telephone":"+34652131393","logo":{"@type":"ImageObject","url":"https:\/\/www.eldigitaldeasturias.com\/radio\/wp-content\/uploads\/2021\/03\/EDA.jpg","@id":"https:\/\/eldigitaldeasturias.com\/radio\/encuesta-mayoria-de-alemanes-a-favor-de-boicot-a-mundial-de-catar\/#organizationLogo"},"image":{"@id":"https:\/\/eldigitaldeasturias.com\/radio\/encuesta-mayoria-de-alemanes-a-favor-de-boicot-a-mundial-de-catar\/#organizationLogo"},"sameAs":["https:\/\/www.facebook.com\/","https:\/\/x.com\/bercodi","https:\/\/www.instagram.com\/","https:\/\/www.youtube.com\/channel\/UCZP-2wLEB9Rv6erhFmqVnvg"]},{"@type":"Person","@id":"https:\/\/eldigitaldeasturias.com\/radio\/author\/nbasturias\/#author","url":"https:\/\/eldigitaldeasturias.com\/radio\/author\/nbasturias\/","name":"NBAsturias","image":{"@type":"ImageObject","@id":"https:\/\/eldigitaldeasturias.com\/radio\/encuesta-mayoria-de-alemanes-a-favor-de-boicot-a-mundial-de-catar\/#authorImage","url":"https:\/\/secure.gravatar.com\/avatar\/df2aeffc32bcd13f8d26072ef8a91b623d677766deac7f97ca815868cd41bf5e?s=96&d=mm&r=g","width":96,"height":96,"caption":"NBAsturias"}},{"@type":"WebPage","@id":"https:\/\/eldigitaldeasturias.com\/radio\/encuesta-mayoria-de-alemanes-a-favor-de-boicot-a-mundial-de-catar\/#webpage","url":"https:\/\/eldigitaldeasturias.com\/radio\/encuesta-mayoria-de-alemanes-a-favor-de-boicot-a-mundial-de-catar\/","name":"Encuesta: Mayor\u00eda de alemanes, a favor de boicot a Mundial de Catar | El Digital de Asturias","description":"Casi dos tercios de los alemanes se oponen a la participaci\u00f3n de la selecci\u00f3n de su pa\u00eds en el Mundial de f\u00fatbol de Catar 2022 ..","inLanguage":"es-ES","isPartOf":{"@id":"https:\/\/eldigitaldeasturias.com\/radio\/#website"},"breadcrumb":{"@id":"https:\/\/eldigitaldeasturias.com\/radio\/encuesta-mayoria-de-alemanes-a-favor-de-boicot-a-mundial-de-catar\/#breadcrumblist"},"author":{"@id":"https:\/\/eldigitaldeasturias.com\/radio\/author\/nbasturias\/#author"},"creator":{"@id":"https:\/\/eldigitaldeasturias.com\/radio\/author\/nbasturias\/#author"},"image":{"@type":"ImageObject","url":"https:\/\/eldigitaldeasturias.com\/radio\/wp-content\/uploads\/2018\/03\/football-1406106_1280.jpg","@id":"https:\/\/eldigitaldeasturias.com\/radio\/encuesta-mayoria-de-alemanes-a-favor-de-boicot-a-mundial-de-catar\/#mainImage","width":1280,"height":857},"primaryImageOfPage":{"@id":"https:\/\/eldigitaldeasturias.com\/radio\/encuesta-mayoria-de-alemanes-a-favor-de-boicot-a-mundial-de-catar\/#mainImage"},"datePublished":"2021-05-22T22:25:34+02:00","dateModified":"2021-05-22T22:25:34+02:00"},{"@type":"WebSite","@id":"https:\/\/eldigitaldeasturias.com\/radio\/#website","url":"https:\/\/eldigitaldeasturias.com\/radio\/","name":"El Digital de Asturias","description":"Diario de informaci\u00f3n y noticias","inLanguage":"es-ES","publisher":{"@id":"https:\/\/eldigitaldeasturias.com\/radio\/#organization"}}]},"og:locale":"es_ES","og:site_name":"El Digital de Asturias | Diario de informaci\u00f3n y noticias","og:type":"article","og:title":"Encuesta: Mayor\u00eda de alemanes, a favor de boicot a Mundial de Catar | El Digital de Asturias","og:description":"Casi dos tercios de los alemanes se oponen a la participaci\u00f3n de la selecci\u00f3n de su pa\u00eds en el Mundial de f\u00fatbol de Catar 2022 ..","og:url":"https:\/\/eldigitaldeasturias.com\/radio\/encuesta-mayoria-de-alemanes-a-favor-de-boicot-a-mundial-de-catar\/","og:image":"https:\/\/eldigitaldeasturias.com\/radio\/wp-content\/uploads\/2018\/03\/football-1406106_1280.jpg","og:image:secure_url":"https:\/\/eldigitaldeasturias.com\/radio\/wp-content\/uploads\/2018\/03\/football-1406106_1280.jpg","og:image:width":1280,"og:image:height":857,"article:published_time":"2021-05-22T22:25:34+00:00","article:modified_time":"2021-05-22T22:25:34+00:00","twitter:card":"summary_large_image","twitter:site":"@bercodi","twitter:title":"Encuesta: Mayor\u00eda de alemanes, a favor de boicot a Mundial de Catar | El Digital de Asturias","twitter:description":"Casi dos tercios de los alemanes se oponen a la participaci\u00f3n de la selecci\u00f3n de su pa\u00eds en el Mundial de f\u00fatbol de Catar 2022 ..","twitter:creator":"@bercodi","twitter:image":"https:\/\/eldigitaldeasturias.com\/radio\/wp-content\/uploads\/2018\/03\/football-1406106_1280.jpg"},"aioseo_meta_data":{"post_id":"5925","title":null,"description":"Casi dos tercios de los alemanes se oponen a la participaci\u00f3n de la selecci\u00f3n de su pa\u00eds en el Mundial de f\u00fatbol de Catar 2022 ..","keywords":[],"keyphrases":{"focus":[],"additional":[]},"primary_term":null,"canonical_url":null,"og_title":null,"og_description":null,"og_object_type":"default","og_image_type":"default","og_image_url":null,"og_image_width":null,"og_image_height":null,"og_image_custom_url":null,"og_image_custom_fields":null,"og_video":"","og_custom_url":null,"og_article_section":null,"og_article_tags":[],"twitter_use_og":false,"twitter_card":"default","twitter_image_type":"default","twitter_image_url":null,"twitter_image_custom_url":null,"twitter_image_custom_fields":null,"twitter_title":null,"twitter_description":null,"schema":{"blockGraphs":[],"customGraphs":[],"default":{"data":{"Article":[],"Course":[],"Dataset":[],"FAQPage":[],"Movie":[],"Person":[],"Product":[],"ProductReview":[],"Car":[],"Recipe":[],"Service":[],"SoftwareApplication":[],"WebPage":[]},"graphName":"","isEnabled":true},"graphs":[],"defaultGraph":"Article","defaultPostTypeGraph":""},"schema_type":"default","schema_type_options":"{\"article\":{\"articleType\":\"BlogPosting\"},\"course\":{\"name\":\"\",\"description\":\"\",\"provider\":\"\"},\"faq\":{\"pages\":[]},\"product\":{\"reviews\":[]},\"recipe\":{\"ingredients\":[],\"instructions\":[],\"keywords\":[]},\"software\":{\"reviews\":[],\"operatingSystems\":[]},\"webPage\":{\"webPageType\":\"WebPage\"}}","pillar_content":false,"robots_default":true,"robots_noindex":false,"robots_noarchive":false,"robots_nosnippet":false,"robots_nofollow":false,"robots_noimageindex":false,"robots_noodp":false,"robots_notranslate":false,"robots_max_snippet":"-1","robots_max_videopreview":"-1","robots_max_imagepreview":"large","priority":null,"frequency":"default","location":null,"local_seo":{"locations":{"business":{"name":"","businessType":"","image":"","areaServed":"","urls":{"website":"","aboutPage":"","contactPage":""},"address":{"streetLine1":"","streetLine2":"","zipCode":"","city":"","state":"","country":"","addressFormat":"#streetLineOne\n#streetLineTwo\n#city, #state #zipCode"},"contact":{"email":"","phone":"","phoneFormatted":"","fax":"","faxFormatted":""},"ids":{"vat":"","tax":"","chamberOfCommerce":""},"payment":{"priceRange":"","currenciesAccepted":"","methods":""}}},"openingHours":{"useDefaults":true,"show":true,"alwaysOpen":false,"use24hFormat":false,"timezone":"","labels":{"closed":"","alwaysOpen":""},"days":{"monday":{"open24h":false,"closed":false,"openTime":"09:00","closeTime":"17:00"},"tuesday":{"open24h":false,"closed":false,"openTime":"09:00","closeTime":"17:00"},"wednesday":{"open24h":false,"closed":false,"openTime":"09:00","closeTime":"17:00"},"thursday":{"open24h":false,"closed":false,"openTime":"09:00","closeTime":"17:00"},"friday":{"open24h":false,"closed":false,"openTime":"09:00","closeTime":"17:00"},"saturday":{"open24h":false,"closed":false,"openTime":"09:00","closeTime":"17:00"},"sunday":{"open24h":false,"closed":false,"openTime":"09:00","closeTime":"17:00"}}}},"seo_analyzer_scan_date":"2025-08-28 18:44:27","breadcrumb_settings":null,"limit_modified_date":false,"open_ai":null,"ai":null,"created":"2021-05-22 22:24:30","updated":"2025-08-28 18:44:27"},"aioseo_breadcrumb":"<div class=\"aioseo-breadcrumbs\"><span class=\"aioseo-breadcrumb\">\n\t<a href=\"https:\/\/eldigitaldeasturias.com\/radio\" title=\"Inicio\">Inicio<\/a>\n<\/span><span class=\"aioseo-breadcrumb-separator\">&ndash;<\/span><span class=\"aioseo-breadcrumb\">\n\t<a href=\"https:\/\/eldigitaldeasturias.com\/radio\/category\/noticias\/\" title=\"Noticias\">Noticias<\/a>\n<\/span><span class=\"aioseo-breadcrumb-separator\">&ndash;<\/span><span class=\"aioseo-breadcrumb\">\n\tEncuesta: Mayor\u00eda de alemanes, a favor de boicot a Mundial de Catar\n<\/span><\/div>","aioseo_breadcrumb_json":[{"label":"Inicio","link":"https:\/\/eldigitaldeasturias.com\/radio"},{"label":"Noticias","link":"https:\/\/eldigitaldeasturias.com\/radio\/category\/noticias\/"},{"label":"Encuesta: Mayor\u00eda de alemanes, a favor de boicot a Mundial de Catar","link":"https:\/\/eldigitaldeasturias.com\/radio\/encuesta-mayoria-de-alemanes-a-favor-de-boicot-a-mundial-de-catar\/"}],"_links":{"self":[{"href":"https:\/\/eldigitaldeasturias.com\/radio\/wp-json\/wp\/v2\/posts\/5925","targetHints":{"allow":["GET"]}}],"collection":[{"href":"https:\/\/eldigitaldeasturias.com\/radio\/wp-json\/wp\/v2\/posts"}],"about":[{"href":"https:\/\/eldigitaldeasturias.com\/radio\/wp-json\/wp\/v2\/types\/post"}],"author":[{"embeddable":true,"href":"https:\/\/eldigitaldeasturias.com\/radio\/wp-json\/wp\/v2\/users\/1"}],"replies":[{"embeddable":true,"href":"https:\/\/eldigitaldeasturias.com\/radio\/wp-json\/wp\/v2\/comments?post=5925"}],"version-history":[{"count":0,"href":"https:\/\/eldigitaldeasturias.com\/radio\/wp-json\/wp\/v2\/posts\/5925\/revisions"}],"wp:featuredmedia":[{"embeddable":true,"href":"https:\/\/eldigitaldeasturias.com\/radio\/wp-json\/wp\/v2\/media\/72"}],"wp:attachment":[{"href":"https:\/\/eldigitaldeasturias.com\/radio\/wp-json\/wp\/v2\/media?parent=5925"}],"wp:term":[{"taxonomy":"category","embeddable":true,"href":"https:\/\/eldigitaldeasturias.com\/radio\/wp-json\/wp\/v2\/categories?post=5925"},{"taxonomy":"post_tag","embeddable":true,"href":"https:\/\/eldigitaldeasturias.com\/radio\/wp-json\/wp\/v2\/tags?post=5925"}],"curies":[{"name":"wp","href":"https:\/\/api.w.org\/{rel}","templated":true}]}}