{"id":5878,"date":"2021-05-02T00:54:25","date_gmt":"2021-05-02T00:54:25","guid":{"rendered":"http:\/\/eldigitaldeasturias.com\/radio\/?p=5878"},"modified":"2021-05-02T00:54:25","modified_gmt":"2021-05-02T00:54:25","slug":"afeitarse-antes-o-despues-de-la-ducha","status":"publish","type":"post","link":"https:\/\/eldigitaldeasturias.com\/radio\/afeitarse-antes-o-despues-de-la-ducha\/","title":{"rendered":"Afeitarse: \u00bfAntes o despu\u00e9s de la ducha?"},"content":{"rendered":"<figure id=\"attachment_5879\" aria-describedby=\"caption-attachment-5879\" style=\"width: 360px\" class=\"wp-caption alignleft\"><img fetchpriority=\"high\" decoding=\"async\" class=\"size-medium wp-image-5879\" src=\"https:\/\/eldigitaldeasturias.com\/radio\/wp-content\/uploads\/2021\/05\/afeitarse-360x254.jpg\" alt=\"afeitarse\" width=\"360\" height=\"254\" srcset=\"https:\/\/eldigitaldeasturias.com\/radio\/wp-content\/uploads\/2021\/05\/afeitarse-360x254.jpg 360w, https:\/\/eldigitaldeasturias.com\/radio\/wp-content\/uploads\/2021\/05\/afeitarse-768x541.jpg 768w, https:\/\/eldigitaldeasturias.com\/radio\/wp-content\/uploads\/2021\/05\/afeitarse.jpg 954w\" sizes=\"(max-width: 360px) 100vw, 360px\" \/><figcaption id=\"caption-attachment-5879\" class=\"wp-caption-text\">Foto: Daniel Karmann\/dpa<\/figcaption><\/figure>\n<p>(dpa) &#8211; Es mejor afeitarse y despu\u00e9s ducharse. As\u00ed lo recomienda la Asociaci\u00f3n alemana de la Industria de Geles y Productos para el Cuidado Personal para los hombres (IKW), que se inclina por el afeitado en seco.<\/p>\n<p>\u00abDe lo contrario, el vapor puede llegar a ablandar tanto la piel y la barba que la afeitadora el\u00e9ctrica no agarra bien el pelo y no lo corta\u00bb, explica la experta de IKW Birgit Huber.<\/p>\n<p>La situaci\u00f3n es completamente diferente con el afeitado h\u00famedo. En este caso, el pelo no solo debe estar h\u00famedo, sino que incluso es mejor que est\u00e9 lavado, para que quede libre de la capa de grasa.<\/p>\n<p>Adem\u00e1s, es conveniente que el pelo, al estar mojado, est\u00e9 hinchado, para que la cuchilla de afeitar pueda hacer cortes suaves y lisos. Huber recomienda utilizar agua tibia porque abre los poros y as\u00ed la piel es m\u00e1s f\u00e1cil de afeitar.<\/p>\n<h2>El afeitado act\u00faa como un peeling<\/h2>\n<p>Hay otras diferencias entre estos dos tipos de afeitado, sobre todo en lo que se refiere a su idoneidad. Para las pieles sensibles, es mejor el afeitado en seco con la m\u00e1quina de afeitar el\u00e9ctrica, porque as\u00ed se irrita menos la piel.<\/p>\n<p>\u00abEs comparable a un peeling fuerte, no solo se elimina la barba, sino tambi\u00e9n las escamas de las capas superiores de la piel, es decir, la protecci\u00f3n natural de la piel\u00bb, explica Huber. \u00abLa piel tambi\u00e9n puede reaccionar a veces irritada con manchas secas o incluso rojas\u00bb, agrega.<\/p>\n<p>Pero precisamente por este efecto de exfoliaci\u00f3n, el afeitado en h\u00famedo est\u00e1 especialmente indicado para las pieles mixtas, a\u00f1ade la experta en cosm\u00e9tica. Seg\u00fan argumenta, \u00abcada afeitado h\u00famedo elimina las escamas de piel muerta, que son las que pueden obstruir los poros\u00bb.<\/p>\n<h2>Por qu\u00e9 es mejor afeitarse por la ma\u00f1ana<\/h2>\n<p>La asociaci\u00f3n IKW aconseja afeitarse por la ma\u00f1ana en ayunas. Porque es entonces cuando la piel es m\u00e1s el\u00e1stica, algo que se va perdiendo a lo largo del d\u00eda y hace que la piel sea m\u00e1s sensible. Adem\u00e1s, la digesti\u00f3n del desayuno anima el ritmo card\u00edaco y con ello aumenta el flujo sangu\u00edneo hacia la piel, lo que hace que puedan aumentar el riesgo de cortes o lesiones.<\/p>\n<p>&nbsp;<\/p>\n","protected":false},"excerpt":{"rendered":"<p>(dpa) &#8211; Es mejor afeitarse y despu\u00e9s ducharse. As\u00ed lo recomienda la Asociaci\u00f3n alemana de la Industria de Geles y Productos para el Cuidado Personal para los hombres (IKW), que se inclina por el afeitado en seco. \u00abDe lo contrario, el vapor puede llegar a ablandar tanto la piel y la barba que la afeitadora<\/p>\n","protected":false},"author":1,"featured_media":5879,"comment_status":"closed","ping_status":"closed","sticky":false,"template":"","format":"standard","meta":{"footnotes":""},"categories":[38],"tags":[],"class_list":{"0":"post-5878","1":"post","2":"type-post","3":"status-publish","4":"format-standard","5":"has-post-thumbnail","7":"category-live"},"aioseo_notices":[],"aioseo_head":"\n\t\t<!-- All in One SEO Pro 4.9.6.2 - aioseo.com -->\n\t<meta name=\"description\" content=\"Para las pieles sensibles, es mejor el afeitado en seco con la m\u00e1quina de afeitar el\u00e9ctrica, porque as\u00ed se irrita menos la piel ..\" \/>\n\t<meta name=\"robots\" content=\"max-image-preview:large\" \/>\n\t<meta name=\"author\" content=\"NBAsturias\"\/>\n\t<meta name=\"google-site-verification\" content=\"UA-38556648-1\" \/>\n\t<meta name=\"keywords\" content=\"live\" \/>\n\t<link rel=\"canonical\" href=\"https:\/\/eldigitaldeasturias.com\/radio\/afeitarse-antes-o-despues-de-la-ducha\/\" \/>\n\t<meta name=\"generator\" content=\"All in One SEO Pro (AIOSEO) 4.9.6.2\" \/>\n\t\t<meta property=\"og:locale\" content=\"es_ES\" \/>\n\t\t<meta property=\"og:site_name\" content=\"El Digital de Asturias | Diario de informaci\u00f3n y noticias\" \/>\n\t\t<meta property=\"og:type\" content=\"article\" \/>\n\t\t<meta property=\"og:title\" content=\"Afeitarse: \u00bfAntes o despu\u00e9s de la ducha? | El Digital de Asturias\" \/>\n\t\t<meta property=\"og:description\" content=\"Para las pieles sensibles, es mejor el afeitado en seco con la m\u00e1quina de afeitar el\u00e9ctrica, porque as\u00ed se irrita menos la piel ..\" \/>\n\t\t<meta property=\"og:url\" content=\"https:\/\/eldigitaldeasturias.com\/radio\/afeitarse-antes-o-despues-de-la-ducha\/\" \/>\n\t\t<meta property=\"og:image\" content=\"https:\/\/eldigitaldeasturias.com\/radio\/wp-content\/uploads\/2021\/05\/afeitarse.jpg\" \/>\n\t\t<meta property=\"og:image:secure_url\" content=\"https:\/\/eldigitaldeasturias.com\/radio\/wp-content\/uploads\/2021\/05\/afeitarse.jpg\" \/>\n\t\t<meta property=\"og:image:width\" content=\"954\" \/>\n\t\t<meta property=\"og:image:height\" content=\"672\" \/>\n\t\t<meta property=\"article:published_time\" content=\"2021-05-02T00:54:25+00:00\" \/>\n\t\t<meta property=\"article:modified_time\" content=\"2021-05-02T00:54:25+00:00\" \/>\n\t\t<meta name=\"twitter:card\" content=\"summary_large_image\" \/>\n\t\t<meta name=\"twitter:site\" content=\"@bercodi\" \/>\n\t\t<meta name=\"twitter:title\" content=\"Afeitarse: \u00bfAntes o despu\u00e9s de la ducha? | El Digital de Asturias\" \/>\n\t\t<meta name=\"twitter:description\" content=\"Para las pieles sensibles, es mejor el afeitado en seco con la m\u00e1quina de afeitar el\u00e9ctrica, porque as\u00ed se irrita menos la piel ..\" \/>\n\t\t<meta name=\"twitter:creator\" content=\"@bercodi\" \/>\n\t\t<meta name=\"twitter:image\" content=\"https:\/\/eldigitaldeasturias.com\/radio\/wp-content\/uploads\/2021\/05\/afeitarse.jpg\" \/>\n\t\t<script type=\"application\/ld+json\" class=\"aioseo-schema\">\n\t\t\t{\"@context\":\"https:\\\/\\\/schema.org\",\"@graph\":[{\"@type\":\"BreadcrumbList\",\"@id\":\"https:\\\/\\\/eldigitaldeasturias.com\\\/radio\\\/afeitarse-antes-o-despues-de-la-ducha\\\/#breadcrumblist\",\"itemListElement\":[{\"@type\":\"ListItem\",\"@id\":\"https:\\\/\\\/eldigitaldeasturias.com\\\/radio#listItem\",\"position\":1,\"name\":\"Inicio\",\"item\":\"https:\\\/\\\/eldigitaldeasturias.com\\\/radio\",\"nextItem\":{\"@type\":\"ListItem\",\"@id\":\"https:\\\/\\\/eldigitaldeasturias.com\\\/radio\\\/category\\\/live\\\/#listItem\",\"name\":\"Live\"}},{\"@type\":\"ListItem\",\"@id\":\"https:\\\/\\\/eldigitaldeasturias.com\\\/radio\\\/category\\\/live\\\/#listItem\",\"position\":2,\"name\":\"Live\",\"item\":\"https:\\\/\\\/eldigitaldeasturias.com\\\/radio\\\/category\\\/live\\\/\",\"nextItem\":{\"@type\":\"ListItem\",\"@id\":\"https:\\\/\\\/eldigitaldeasturias.com\\\/radio\\\/afeitarse-antes-o-despues-de-la-ducha\\\/#listItem\",\"name\":\"Afeitarse: \\u00bfAntes o despu\\u00e9s de la ducha?\"},\"previousItem\":{\"@type\":\"ListItem\",\"@id\":\"https:\\\/\\\/eldigitaldeasturias.com\\\/radio#listItem\",\"name\":\"Inicio\"}},{\"@type\":\"ListItem\",\"@id\":\"https:\\\/\\\/eldigitaldeasturias.com\\\/radio\\\/afeitarse-antes-o-despues-de-la-ducha\\\/#listItem\",\"position\":3,\"name\":\"Afeitarse: \\u00bfAntes o despu\\u00e9s de la ducha?\",\"previousItem\":{\"@type\":\"ListItem\",\"@id\":\"https:\\\/\\\/eldigitaldeasturias.com\\\/radio\\\/category\\\/live\\\/#listItem\",\"name\":\"Live\"}}]},{\"@type\":\"NewsArticle\",\"@id\":\"https:\\\/\\\/eldigitaldeasturias.com\\\/radio\\\/afeitarse-antes-o-despues-de-la-ducha\\\/#newsarticle\",\"name\":\"Afeitarse: \\u00bfAntes o despu\\u00e9s de la ducha? | El Digital de Asturias\",\"headline\":\"Afeitarse: \\u00bfAntes o despu\\u00e9s de la ducha?\",\"author\":{\"@id\":\"https:\\\/\\\/eldigitaldeasturias.com\\\/radio\\\/author\\\/nbasturias\\\/#author\"},\"publisher\":{\"@id\":\"https:\\\/\\\/eldigitaldeasturias.com\\\/radio\\\/#organization\"},\"image\":{\"@type\":\"ImageObject\",\"url\":\"https:\\\/\\\/eldigitaldeasturias.com\\\/radio\\\/wp-content\\\/uploads\\\/2021\\\/05\\\/afeitarse.jpg\",\"width\":954,\"height\":672,\"caption\":\"Foto: Daniel Karmann\\\/dpa\"},\"datePublished\":\"2021-05-02T00:54:25+02:00\",\"dateModified\":\"2021-05-02T00:54:25+02:00\",\"inLanguage\":\"es-ES\",\"mainEntityOfPage\":{\"@id\":\"https:\\\/\\\/eldigitaldeasturias.com\\\/radio\\\/afeitarse-antes-o-despues-de-la-ducha\\\/#webpage\"},\"isPartOf\":{\"@id\":\"https:\\\/\\\/eldigitaldeasturias.com\\\/radio\\\/afeitarse-antes-o-despues-de-la-ducha\\\/#webpage\"},\"articleSection\":\"Live\",\"dateline\":\"Publicado el mayo 2, 2021.\"},{\"@type\":\"Organization\",\"@id\":\"https:\\\/\\\/eldigitaldeasturias.com\\\/radio\\\/#organization\",\"name\":\"El digital de Asturias Radio\",\"description\":\"Diario de informaci\\u00f3n y noticias\",\"url\":\"https:\\\/\\\/eldigitaldeasturias.com\\\/radio\\\/\",\"telephone\":\"+34652131393\",\"logo\":{\"@type\":\"ImageObject\",\"url\":\"https:\\\/\\\/www.eldigitaldeasturias.com\\\/radio\\\/wp-content\\\/uploads\\\/2021\\\/03\\\/EDA.jpg\",\"@id\":\"https:\\\/\\\/eldigitaldeasturias.com\\\/radio\\\/afeitarse-antes-o-despues-de-la-ducha\\\/#organizationLogo\"},\"image\":{\"@id\":\"https:\\\/\\\/eldigitaldeasturias.com\\\/radio\\\/afeitarse-antes-o-despues-de-la-ducha\\\/#organizationLogo\"},\"sameAs\":[\"https:\\\/\\\/www.facebook.com\\\/\",\"https:\\\/\\\/x.com\\\/bercodi\",\"https:\\\/\\\/www.instagram.com\\\/\",\"https:\\\/\\\/www.youtube.com\\\/channel\\\/UCZP-2wLEB9Rv6erhFmqVnvg\"]},{\"@type\":\"Person\",\"@id\":\"https:\\\/\\\/eldigitaldeasturias.com\\\/radio\\\/author\\\/nbasturias\\\/#author\",\"url\":\"https:\\\/\\\/eldigitaldeasturias.com\\\/radio\\\/author\\\/nbasturias\\\/\",\"name\":\"NBAsturias\",\"image\":{\"@type\":\"ImageObject\",\"@id\":\"https:\\\/\\\/eldigitaldeasturias.com\\\/radio\\\/afeitarse-antes-o-despues-de-la-ducha\\\/#authorImage\",\"url\":\"https:\\\/\\\/secure.gravatar.com\\\/avatar\\\/df2aeffc32bcd13f8d26072ef8a91b623d677766deac7f97ca815868cd41bf5e?s=96&d=mm&r=g\",\"width\":96,\"height\":96,\"caption\":\"NBAsturias\"}},{\"@type\":\"WebPage\",\"@id\":\"https:\\\/\\\/eldigitaldeasturias.com\\\/radio\\\/afeitarse-antes-o-despues-de-la-ducha\\\/#webpage\",\"url\":\"https:\\\/\\\/eldigitaldeasturias.com\\\/radio\\\/afeitarse-antes-o-despues-de-la-ducha\\\/\",\"name\":\"Afeitarse: \\u00bfAntes o despu\\u00e9s de la ducha? | El Digital de Asturias\",\"description\":\"Para las pieles sensibles, es mejor el afeitado en seco con la m\\u00e1quina de afeitar el\\u00e9ctrica, porque as\\u00ed se irrita menos la piel ..\",\"inLanguage\":\"es-ES\",\"isPartOf\":{\"@id\":\"https:\\\/\\\/eldigitaldeasturias.com\\\/radio\\\/#website\"},\"breadcrumb\":{\"@id\":\"https:\\\/\\\/eldigitaldeasturias.com\\\/radio\\\/afeitarse-antes-o-despues-de-la-ducha\\\/#breadcrumblist\"},\"author\":{\"@id\":\"https:\\\/\\\/eldigitaldeasturias.com\\\/radio\\\/author\\\/nbasturias\\\/#author\"},\"creator\":{\"@id\":\"https:\\\/\\\/eldigitaldeasturias.com\\\/radio\\\/author\\\/nbasturias\\\/#author\"},\"image\":{\"@type\":\"ImageObject\",\"url\":\"https:\\\/\\\/eldigitaldeasturias.com\\\/radio\\\/wp-content\\\/uploads\\\/2021\\\/05\\\/afeitarse.jpg\",\"@id\":\"https:\\\/\\\/eldigitaldeasturias.com\\\/radio\\\/afeitarse-antes-o-despues-de-la-ducha\\\/#mainImage\",\"width\":954,\"height\":672,\"caption\":\"Foto: Daniel Karmann\\\/dpa\"},\"primaryImageOfPage\":{\"@id\":\"https:\\\/\\\/eldigitaldeasturias.com\\\/radio\\\/afeitarse-antes-o-despues-de-la-ducha\\\/#mainImage\"},\"datePublished\":\"2021-05-02T00:54:25+02:00\",\"dateModified\":\"2021-05-02T00:54:25+02:00\"},{\"@type\":\"WebSite\",\"@id\":\"https:\\\/\\\/eldigitaldeasturias.com\\\/radio\\\/#website\",\"url\":\"https:\\\/\\\/eldigitaldeasturias.com\\\/radio\\\/\",\"name\":\"El Digital de Asturias\",\"description\":\"Diario de informaci\\u00f3n y noticias\",\"inLanguage\":\"es-ES\",\"publisher\":{\"@id\":\"https:\\\/\\\/eldigitaldeasturias.com\\\/radio\\\/#organization\"}}]}\n\t\t<\/script>\n\t\t<!-- All in One SEO Pro -->\r\n\t\t<title>Afeitarse: \u00bfAntes o despu\u00e9s de la ducha? | El Digital de Asturias<\/title>\n\n","aioseo_head_json":{"title":"Afeitarse: \u00bfAntes o despu\u00e9s de la ducha? | El Digital de Asturias","description":"Para las pieles sensibles, es mejor el afeitado en seco con la m\u00e1quina de afeitar el\u00e9ctrica, porque as\u00ed se irrita menos la piel ..","canonical_url":"https:\/\/eldigitaldeasturias.com\/radio\/afeitarse-antes-o-despues-de-la-ducha\/","robots":"max-image-preview:large","keywords":"live","webmasterTools":{"google-site-verification":"UA-38556648-1","miscellaneous":""},"schema":{"@context":"https:\/\/schema.org","@graph":[{"@type":"BreadcrumbList","@id":"https:\/\/eldigitaldeasturias.com\/radio\/afeitarse-antes-o-despues-de-la-ducha\/#breadcrumblist","itemListElement":[{"@type":"ListItem","@id":"https:\/\/eldigitaldeasturias.com\/radio#listItem","position":1,"name":"Inicio","item":"https:\/\/eldigitaldeasturias.com\/radio","nextItem":{"@type":"ListItem","@id":"https:\/\/eldigitaldeasturias.com\/radio\/category\/live\/#listItem","name":"Live"}},{"@type":"ListItem","@id":"https:\/\/eldigitaldeasturias.com\/radio\/category\/live\/#listItem","position":2,"name":"Live","item":"https:\/\/eldigitaldeasturias.com\/radio\/category\/live\/","nextItem":{"@type":"ListItem","@id":"https:\/\/eldigitaldeasturias.com\/radio\/afeitarse-antes-o-despues-de-la-ducha\/#listItem","name":"Afeitarse: \u00bfAntes o despu\u00e9s de la ducha?"},"previousItem":{"@type":"ListItem","@id":"https:\/\/eldigitaldeasturias.com\/radio#listItem","name":"Inicio"}},{"@type":"ListItem","@id":"https:\/\/eldigitaldeasturias.com\/radio\/afeitarse-antes-o-despues-de-la-ducha\/#listItem","position":3,"name":"Afeitarse: \u00bfAntes o despu\u00e9s de la ducha?","previousItem":{"@type":"ListItem","@id":"https:\/\/eldigitaldeasturias.com\/radio\/category\/live\/#listItem","name":"Live"}}]},{"@type":"NewsArticle","@id":"https:\/\/eldigitaldeasturias.com\/radio\/afeitarse-antes-o-despues-de-la-ducha\/#newsarticle","name":"Afeitarse: \u00bfAntes o despu\u00e9s de la ducha? | El Digital de Asturias","headline":"Afeitarse: \u00bfAntes o despu\u00e9s de la ducha?","author":{"@id":"https:\/\/eldigitaldeasturias.com\/radio\/author\/nbasturias\/#author"},"publisher":{"@id":"https:\/\/eldigitaldeasturias.com\/radio\/#organization"},"image":{"@type":"ImageObject","url":"https:\/\/eldigitaldeasturias.com\/radio\/wp-content\/uploads\/2021\/05\/afeitarse.jpg","width":954,"height":672,"caption":"Foto: Daniel Karmann\/dpa"},"datePublished":"2021-05-02T00:54:25+02:00","dateModified":"2021-05-02T00:54:25+02:00","inLanguage":"es-ES","mainEntityOfPage":{"@id":"https:\/\/eldigitaldeasturias.com\/radio\/afeitarse-antes-o-despues-de-la-ducha\/#webpage"},"isPartOf":{"@id":"https:\/\/eldigitaldeasturias.com\/radio\/afeitarse-antes-o-despues-de-la-ducha\/#webpage"},"articleSection":"Live","dateline":"Publicado el mayo 2, 2021."},{"@type":"Organization","@id":"https:\/\/eldigitaldeasturias.com\/radio\/#organization","name":"El digital de Asturias Radio","description":"Diario de informaci\u00f3n y noticias","url":"https:\/\/eldigitaldeasturias.com\/radio\/","telephone":"+34652131393","logo":{"@type":"ImageObject","url":"https:\/\/www.eldigitaldeasturias.com\/radio\/wp-content\/uploads\/2021\/03\/EDA.jpg","@id":"https:\/\/eldigitaldeasturias.com\/radio\/afeitarse-antes-o-despues-de-la-ducha\/#organizationLogo"},"image":{"@id":"https:\/\/eldigitaldeasturias.com\/radio\/afeitarse-antes-o-despues-de-la-ducha\/#organizationLogo"},"sameAs":["https:\/\/www.facebook.com\/","https:\/\/x.com\/bercodi","https:\/\/www.instagram.com\/","https:\/\/www.youtube.com\/channel\/UCZP-2wLEB9Rv6erhFmqVnvg"]},{"@type":"Person","@id":"https:\/\/eldigitaldeasturias.com\/radio\/author\/nbasturias\/#author","url":"https:\/\/eldigitaldeasturias.com\/radio\/author\/nbasturias\/","name":"NBAsturias","image":{"@type":"ImageObject","@id":"https:\/\/eldigitaldeasturias.com\/radio\/afeitarse-antes-o-despues-de-la-ducha\/#authorImage","url":"https:\/\/secure.gravatar.com\/avatar\/df2aeffc32bcd13f8d26072ef8a91b623d677766deac7f97ca815868cd41bf5e?s=96&d=mm&r=g","width":96,"height":96,"caption":"NBAsturias"}},{"@type":"WebPage","@id":"https:\/\/eldigitaldeasturias.com\/radio\/afeitarse-antes-o-despues-de-la-ducha\/#webpage","url":"https:\/\/eldigitaldeasturias.com\/radio\/afeitarse-antes-o-despues-de-la-ducha\/","name":"Afeitarse: \u00bfAntes o despu\u00e9s de la ducha? | El Digital de Asturias","description":"Para las pieles sensibles, es mejor el afeitado en seco con la m\u00e1quina de afeitar el\u00e9ctrica, porque as\u00ed se irrita menos la piel ..","inLanguage":"es-ES","isPartOf":{"@id":"https:\/\/eldigitaldeasturias.com\/radio\/#website"},"breadcrumb":{"@id":"https:\/\/eldigitaldeasturias.com\/radio\/afeitarse-antes-o-despues-de-la-ducha\/#breadcrumblist"},"author":{"@id":"https:\/\/eldigitaldeasturias.com\/radio\/author\/nbasturias\/#author"},"creator":{"@id":"https:\/\/eldigitaldeasturias.com\/radio\/author\/nbasturias\/#author"},"image":{"@type":"ImageObject","url":"https:\/\/eldigitaldeasturias.com\/radio\/wp-content\/uploads\/2021\/05\/afeitarse.jpg","@id":"https:\/\/eldigitaldeasturias.com\/radio\/afeitarse-antes-o-despues-de-la-ducha\/#mainImage","width":954,"height":672,"caption":"Foto: Daniel Karmann\/dpa"},"primaryImageOfPage":{"@id":"https:\/\/eldigitaldeasturias.com\/radio\/afeitarse-antes-o-despues-de-la-ducha\/#mainImage"},"datePublished":"2021-05-02T00:54:25+02:00","dateModified":"2021-05-02T00:54:25+02:00"},{"@type":"WebSite","@id":"https:\/\/eldigitaldeasturias.com\/radio\/#website","url":"https:\/\/eldigitaldeasturias.com\/radio\/","name":"El Digital de Asturias","description":"Diario de informaci\u00f3n y noticias","inLanguage":"es-ES","publisher":{"@id":"https:\/\/eldigitaldeasturias.com\/radio\/#organization"}}]},"og:locale":"es_ES","og:site_name":"El Digital de Asturias | Diario de informaci\u00f3n y noticias","og:type":"article","og:title":"Afeitarse: \u00bfAntes o despu\u00e9s de la ducha? | El Digital de Asturias","og:description":"Para las pieles sensibles, es mejor el afeitado en seco con la m\u00e1quina de afeitar el\u00e9ctrica, porque as\u00ed se irrita menos la piel ..","og:url":"https:\/\/eldigitaldeasturias.com\/radio\/afeitarse-antes-o-despues-de-la-ducha\/","og:image":"https:\/\/eldigitaldeasturias.com\/radio\/wp-content\/uploads\/2021\/05\/afeitarse.jpg","og:image:secure_url":"https:\/\/eldigitaldeasturias.com\/radio\/wp-content\/uploads\/2021\/05\/afeitarse.jpg","og:image:width":954,"og:image:height":672,"article:published_time":"2021-05-02T00:54:25+00:00","article:modified_time":"2021-05-02T00:54:25+00:00","twitter:card":"summary_large_image","twitter:site":"@bercodi","twitter:title":"Afeitarse: \u00bfAntes o despu\u00e9s de la ducha? | El Digital de Asturias","twitter:description":"Para las pieles sensibles, es mejor el afeitado en seco con la m\u00e1quina de afeitar el\u00e9ctrica, porque as\u00ed se irrita menos la piel ..","twitter:creator":"@bercodi","twitter:image":"https:\/\/eldigitaldeasturias.com\/radio\/wp-content\/uploads\/2021\/05\/afeitarse.jpg"},"aioseo_meta_data":{"post_id":"5878","title":null,"description":"Para las pieles sensibles, es mejor el afeitado en seco con la m\u00e1quina de afeitar el\u00e9ctrica, porque as\u00ed se irrita menos la piel ..","keywords":[],"keyphrases":{"focus":[],"additional":[]},"primary_term":null,"canonical_url":null,"og_title":null,"og_description":null,"og_object_type":"default","og_image_type":"default","og_image_url":null,"og_image_width":null,"og_image_height":null,"og_image_custom_url":null,"og_image_custom_fields":null,"og_video":"","og_custom_url":null,"og_article_section":null,"og_article_tags":[],"twitter_use_og":false,"twitter_card":"default","twitter_image_type":"default","twitter_image_url":null,"twitter_image_custom_url":null,"twitter_image_custom_fields":null,"twitter_title":null,"twitter_description":null,"schema":{"blockGraphs":[],"customGraphs":[],"default":{"data":{"Article":[],"Course":[],"Dataset":[],"FAQPage":[],"Movie":[],"Person":[],"Product":[],"ProductReview":[],"Car":[],"Recipe":[],"Service":[],"SoftwareApplication":[],"WebPage":[]},"graphName":"","isEnabled":true},"graphs":[],"defaultGraph":"Article","defaultPostTypeGraph":""},"schema_type":"default","schema_type_options":"{\"article\":{\"articleType\":\"BlogPosting\"},\"course\":{\"name\":\"\",\"description\":\"\",\"provider\":\"\"},\"faq\":{\"pages\":[]},\"product\":{\"reviews\":[]},\"recipe\":{\"ingredients\":[],\"instructions\":[],\"keywords\":[]},\"software\":{\"reviews\":[],\"operatingSystems\":[]},\"webPage\":{\"webPageType\":\"WebPage\"}}","pillar_content":false,"robots_default":true,"robots_noindex":false,"robots_noarchive":false,"robots_nosnippet":false,"robots_nofollow":false,"robots_noimageindex":false,"robots_noodp":false,"robots_notranslate":false,"robots_max_snippet":"-1","robots_max_videopreview":"-1","robots_max_imagepreview":"large","priority":null,"frequency":"default","location":null,"local_seo":{"locations":{"business":{"name":"","businessType":"","image":"","areaServed":"","urls":{"website":"","aboutPage":"","contactPage":""},"address":{"streetLine1":"","streetLine2":"","zipCode":"","city":"","state":"","country":"","addressFormat":"#streetLineOne\n#streetLineTwo\n#city, #state #zipCode"},"contact":{"phone":"","email":"","fax":""},"ids":{"vat":"","tax":"","chamberOfCommerce":""},"payment":{"priceRange":"","currenciesAccepted":"","methods":""}}},"openingHours":{"useDefaults":true,"show":true,"alwaysOpen":false,"use24hFormat":false,"timezone":"","labels":{"closed":"","alwaysOpen":""},"days":{"monday":{"open24h":false,"closed":false,"openTime":"09:00","closeTime":"17:00"},"tuesday":{"open24h":false,"closed":false,"openTime":"09:00","closeTime":"17:00"},"wednesday":{"open24h":false,"closed":false,"openTime":"09:00","closeTime":"17:00"},"thursday":{"open24h":false,"closed":false,"openTime":"09:00","closeTime":"17:00"},"friday":{"open24h":false,"closed":false,"openTime":"09:00","closeTime":"17:00"},"saturday":{"open24h":false,"closed":false,"openTime":"09:00","closeTime":"17:00"},"sunday":{"open24h":false,"closed":false,"openTime":"09:00","closeTime":"17:00"}}}},"seo_analyzer_scan_date":"2025-08-28 18:41:29","breadcrumb_settings":null,"limit_modified_date":false,"open_ai":null,"ai":null,"created":"2021-05-02 00:51:56","updated":"2025-08-28 18:41:29"},"aioseo_breadcrumb":"<div class=\"aioseo-breadcrumbs\"><span class=\"aioseo-breadcrumb\">\n\t<a href=\"https:\/\/eldigitaldeasturias.com\/radio\" title=\"Inicio\">Inicio<\/a>\n<\/span><span class=\"aioseo-breadcrumb-separator\">&ndash;<\/span><span class=\"aioseo-breadcrumb\">\n\t<a href=\"https:\/\/eldigitaldeasturias.com\/radio\/category\/live\/\" title=\"Live\">Live<\/a>\n<\/span><span class=\"aioseo-breadcrumb-separator\">&ndash;<\/span><span class=\"aioseo-breadcrumb\">\n\tAfeitarse: \u00bfAntes o despu\u00e9s de la ducha?\n<\/span><\/div>","aioseo_breadcrumb_json":[{"label":"Inicio","link":"https:\/\/eldigitaldeasturias.com\/radio"},{"label":"Live","link":"https:\/\/eldigitaldeasturias.com\/radio\/category\/live\/"},{"label":"Afeitarse: \u00bfAntes o despu\u00e9s de la ducha?","link":"https:\/\/eldigitaldeasturias.com\/radio\/afeitarse-antes-o-despues-de-la-ducha\/"}],"_links":{"self":[{"href":"https:\/\/eldigitaldeasturias.com\/radio\/wp-json\/wp\/v2\/posts\/5878","targetHints":{"allow":["GET"]}}],"collection":[{"href":"https:\/\/eldigitaldeasturias.com\/radio\/wp-json\/wp\/v2\/posts"}],"about":[{"href":"https:\/\/eldigitaldeasturias.com\/radio\/wp-json\/wp\/v2\/types\/post"}],"author":[{"embeddable":true,"href":"https:\/\/eldigitaldeasturias.com\/radio\/wp-json\/wp\/v2\/users\/1"}],"replies":[{"embeddable":true,"href":"https:\/\/eldigitaldeasturias.com\/radio\/wp-json\/wp\/v2\/comments?post=5878"}],"version-history":[{"count":0,"href":"https:\/\/eldigitaldeasturias.com\/radio\/wp-json\/wp\/v2\/posts\/5878\/revisions"}],"wp:featuredmedia":[{"embeddable":true,"href":"https:\/\/eldigitaldeasturias.com\/radio\/wp-json\/wp\/v2\/media\/5879"}],"wp:attachment":[{"href":"https:\/\/eldigitaldeasturias.com\/radio\/wp-json\/wp\/v2\/media?parent=5878"}],"wp:term":[{"taxonomy":"category","embeddable":true,"href":"https:\/\/eldigitaldeasturias.com\/radio\/wp-json\/wp\/v2\/categories?post=5878"},{"taxonomy":"post_tag","embeddable":true,"href":"https:\/\/eldigitaldeasturias.com\/radio\/wp-json\/wp\/v2\/tags?post=5878"}],"curies":[{"name":"wp","href":"https:\/\/api.w.org\/{rel}","templated":true}]}}