{"id":5866,"date":"2021-05-02T00:23:19","date_gmt":"2021-05-02T00:23:19","guid":{"rendered":"http:\/\/eldigitaldeasturias.com\/radio\/?p=5866"},"modified":"2021-05-02T00:23:19","modified_gmt":"2021-05-02T00:23:19","slug":"el-carrusel-mas-alto-del-mundo","status":"publish","type":"post","link":"https:\/\/eldigitaldeasturias.com\/radio\/el-carrusel-mas-alto-del-mundo\/","title":{"rendered":"El carrusel m\u00e1s alto del mundo"},"content":{"rendered":"<figure id=\"attachment_5867\" aria-describedby=\"caption-attachment-5867\" style=\"width: 229px\" class=\"wp-caption alignleft\"><img fetchpriority=\"high\" decoding=\"async\" class=\"size-medium wp-image-5867\" src=\"https:\/\/eldigitaldeasturias.com\/radio\/wp-content\/uploads\/2021\/05\/Carrusel-229x300.jpg\" alt=\"\" width=\"229\" height=\"300\" srcset=\"https:\/\/eldigitaldeasturias.com\/radio\/wp-content\/uploads\/2021\/05\/Carrusel-229x300.jpg 229w, https:\/\/eldigitaldeasturias.com\/radio\/wp-content\/uploads\/2021\/05\/Carrusel.jpg 426w\" sizes=\"(max-width: 229px) 100vw, 229px\" \/><figcaption id=\"caption-attachment-5867\" class=\"wp-caption-text\">Foto: Dubai Parks And Resorts\/dpa<\/figcaption><\/figure>\n<p>(dpa) &#8211; La nueva atracci\u00f3n del parque de atracciones de Dubai no es apta para lo que sufren algo de v\u00e9rtigo. All\u00ed se ha inaugurado un nuevo carrusel de cadenas a 140 metros de altura.<\/p>\n<p>Los pasajeros giran en asientos dobles alrededor de una enorme torre. Seg\u00fan Dubai Parks and Resorts, el Bollywood Skyflyer es la atracci\u00f3n m\u00e1s alta de su tipo en el mundo.<\/p>\n<p>Esta nueva atracci\u00f3n se encuentra en el parque tem\u00e1tico Bollywood Parks, donde los visitantes pueden sumergirse en el mundo de la industria cinematogr\u00e1fica india. Actualmente existen requisitos estrictos para entrar en Dubai y Emiratos \u00c1rabes Unidos.<\/p>\n<h2>El museo Munch de Oslo abrir\u00e1 sus puertas en verano<\/h2>\n<p>El nuevo Museo Munch, en el centro de Oslo, tiene previsto abrir sus puertas en el verano boreal de 2021, seg\u00fan ha se\u00f1alado la oficina de turismo Visit Norway. La inauguraci\u00f3n fue pospuesta varias veces por problemas en la construcci\u00f3n. El nuevo edificio est\u00e1 situado en el distrito cultural de Fjord, justo al lado de la \u00f3pera. El antiguo museo se hab\u00eda quedado peque\u00f1o y estaba en mal estado. El pintor noruego Edvard Munch (1863-1944) leg\u00f3 dos tercios de sus 40.000 obras y objetos a la ciudad de Oslo. En el nuevo museo, los visitantes podr\u00e1n ver, entre otros una de las obras m\u00e1s conocidas del pintor: \u00abEl Grito\u00bb. Noruega tiene actualmente una estricta normativa de entrada debido a la pandemia.<br \/>\n(www.munchmuseet.no\/en)<\/p>\n<h2>Norwegian Cruise Line cancela cruceros hasta finales de abril<\/h2>\n<p>Norwegian Cruise Line ha cancelado sus cruceros hasta la primavera boreal debido a la pandemia del coronovirus. La ampliaci\u00f3n de la suspensi\u00f3n afecta a todos los viajes oce\u00e1nicos con Norwegian Cruise Line, Oceania Cruises y Regent Seven Seas Cruises con fechas de embarque hasta el 30 de abril de 2021 inclusive, anunci\u00f3 la naviera estadounidense. De este modo, se prolonga dos meses m\u00e1s la suspensi\u00f3n prevista de las salidas.<\/p>\n<p>&nbsp;<\/p>\n","protected":false},"excerpt":{"rendered":"<p>(dpa) &#8211; La nueva atracci\u00f3n del parque de atracciones de Dubai no es apta para lo que sufren algo de v\u00e9rtigo. All\u00ed se ha inaugurado un nuevo carrusel de cadenas a 140 metros de altura. Los pasajeros giran en asientos dobles alrededor de una enorme torre. Seg\u00fan Dubai Parks and Resorts, el Bollywood Skyflyer es<\/p>\n","protected":false},"author":1,"featured_media":5867,"comment_status":"closed","ping_status":"closed","sticky":false,"template":"","format":"standard","meta":{"footnotes":""},"categories":[34],"tags":[],"class_list":{"0":"post-5866","1":"post","2":"type-post","3":"status-publish","4":"format-standard","5":"has-post-thumbnail","7":"category-turismo"},"aioseo_notices":[],"aioseo_head":"\n\t\t<!-- All in One SEO Pro 4.9.6.2 - aioseo.com -->\n\t<meta name=\"description\" content=\"La nueva atracci\u00f3n del parque de atracciones de Dubai no es apta para lo que sufren algo de v\u00e9rtigo. All\u00ed se ha inaugurado un nuevo carrusel de cadenas ...\" \/>\n\t<meta name=\"robots\" content=\"max-image-preview:large\" \/>\n\t<meta name=\"author\" content=\"NBAsturias\"\/>\n\t<meta name=\"google-site-verification\" content=\"UA-38556648-1\" \/>\n\t<meta name=\"keywords\" content=\"turismo\" \/>\n\t<link rel=\"canonical\" href=\"https:\/\/eldigitaldeasturias.com\/radio\/el-carrusel-mas-alto-del-mundo\/\" \/>\n\t<meta name=\"generator\" content=\"All in One SEO Pro (AIOSEO) 4.9.6.2\" \/>\n\t\t<meta property=\"og:locale\" content=\"es_ES\" \/>\n\t\t<meta property=\"og:site_name\" content=\"El Digital de Asturias | Diario de informaci\u00f3n y noticias\" \/>\n\t\t<meta property=\"og:type\" content=\"article\" \/>\n\t\t<meta property=\"og:title\" content=\"El carrusel m\u00e1s alto del mundo | El Digital de Asturias\" \/>\n\t\t<meta property=\"og:description\" content=\"La nueva atracci\u00f3n del parque de atracciones de Dubai no es apta para lo que sufren algo de v\u00e9rtigo. All\u00ed se ha inaugurado un nuevo carrusel de cadenas ...\" \/>\n\t\t<meta property=\"og:url\" content=\"https:\/\/eldigitaldeasturias.com\/radio\/el-carrusel-mas-alto-del-mundo\/\" \/>\n\t\t<meta property=\"og:image\" content=\"https:\/\/eldigitaldeasturias.com\/radio\/wp-content\/uploads\/2021\/05\/Carrusel.jpg\" \/>\n\t\t<meta property=\"og:image:secure_url\" content=\"https:\/\/eldigitaldeasturias.com\/radio\/wp-content\/uploads\/2021\/05\/Carrusel.jpg\" \/>\n\t\t<meta property=\"og:image:width\" content=\"426\" \/>\n\t\t<meta property=\"og:image:height\" content=\"557\" \/>\n\t\t<meta property=\"article:published_time\" content=\"2021-05-02T00:23:19+00:00\" \/>\n\t\t<meta property=\"article:modified_time\" content=\"2021-05-02T00:23:19+00:00\" \/>\n\t\t<meta name=\"twitter:card\" content=\"summary_large_image\" \/>\n\t\t<meta name=\"twitter:site\" content=\"@bercodi\" \/>\n\t\t<meta name=\"twitter:title\" content=\"El carrusel m\u00e1s alto del mundo | El Digital de Asturias\" \/>\n\t\t<meta name=\"twitter:description\" content=\"La nueva atracci\u00f3n del parque de atracciones de Dubai no es apta para lo que sufren algo de v\u00e9rtigo. All\u00ed se ha inaugurado un nuevo carrusel de cadenas ...\" \/>\n\t\t<meta name=\"twitter:creator\" content=\"@bercodi\" \/>\n\t\t<meta name=\"twitter:image\" content=\"https:\/\/eldigitaldeasturias.com\/radio\/wp-content\/uploads\/2021\/05\/Carrusel.jpg\" \/>\n\t\t<script type=\"application\/ld+json\" class=\"aioseo-schema\">\n\t\t\t{\"@context\":\"https:\\\/\\\/schema.org\",\"@graph\":[{\"@type\":\"BreadcrumbList\",\"@id\":\"https:\\\/\\\/eldigitaldeasturias.com\\\/radio\\\/el-carrusel-mas-alto-del-mundo\\\/#breadcrumblist\",\"itemListElement\":[{\"@type\":\"ListItem\",\"@id\":\"https:\\\/\\\/eldigitaldeasturias.com\\\/radio#listItem\",\"position\":1,\"name\":\"Inicio\",\"item\":\"https:\\\/\\\/eldigitaldeasturias.com\\\/radio\",\"nextItem\":{\"@type\":\"ListItem\",\"@id\":\"https:\\\/\\\/eldigitaldeasturias.com\\\/radio\\\/category\\\/turismo\\\/#listItem\",\"name\":\"Turismo\"}},{\"@type\":\"ListItem\",\"@id\":\"https:\\\/\\\/eldigitaldeasturias.com\\\/radio\\\/category\\\/turismo\\\/#listItem\",\"position\":2,\"name\":\"Turismo\",\"item\":\"https:\\\/\\\/eldigitaldeasturias.com\\\/radio\\\/category\\\/turismo\\\/\",\"nextItem\":{\"@type\":\"ListItem\",\"@id\":\"https:\\\/\\\/eldigitaldeasturias.com\\\/radio\\\/el-carrusel-mas-alto-del-mundo\\\/#listItem\",\"name\":\"El carrusel m\\u00e1s alto del mundo\"},\"previousItem\":{\"@type\":\"ListItem\",\"@id\":\"https:\\\/\\\/eldigitaldeasturias.com\\\/radio#listItem\",\"name\":\"Inicio\"}},{\"@type\":\"ListItem\",\"@id\":\"https:\\\/\\\/eldigitaldeasturias.com\\\/radio\\\/el-carrusel-mas-alto-del-mundo\\\/#listItem\",\"position\":3,\"name\":\"El carrusel m\\u00e1s alto del mundo\",\"previousItem\":{\"@type\":\"ListItem\",\"@id\":\"https:\\\/\\\/eldigitaldeasturias.com\\\/radio\\\/category\\\/turismo\\\/#listItem\",\"name\":\"Turismo\"}}]},{\"@type\":\"NewsArticle\",\"@id\":\"https:\\\/\\\/eldigitaldeasturias.com\\\/radio\\\/el-carrusel-mas-alto-del-mundo\\\/#newsarticle\",\"name\":\"El carrusel m\\u00e1s alto del mundo | El Digital de Asturias\",\"headline\":\"El carrusel m\\u00e1s alto del mundo\",\"author\":{\"@id\":\"https:\\\/\\\/eldigitaldeasturias.com\\\/radio\\\/author\\\/nbasturias\\\/#author\"},\"publisher\":{\"@id\":\"https:\\\/\\\/eldigitaldeasturias.com\\\/radio\\\/#organization\"},\"image\":{\"@type\":\"ImageObject\",\"url\":\"https:\\\/\\\/eldigitaldeasturias.com\\\/radio\\\/wp-content\\\/uploads\\\/2021\\\/05\\\/Carrusel.jpg\",\"width\":426,\"height\":557,\"caption\":\"Foto: Dubai Parks And Resorts\\\/dpa\"},\"datePublished\":\"2021-05-02T00:23:19+02:00\",\"dateModified\":\"2021-05-02T00:23:19+02:00\",\"inLanguage\":\"es-ES\",\"mainEntityOfPage\":{\"@id\":\"https:\\\/\\\/eldigitaldeasturias.com\\\/radio\\\/el-carrusel-mas-alto-del-mundo\\\/#webpage\"},\"isPartOf\":{\"@id\":\"https:\\\/\\\/eldigitaldeasturias.com\\\/radio\\\/el-carrusel-mas-alto-del-mundo\\\/#webpage\"},\"articleSection\":\"Turismo\",\"dateline\":\"Publicado el mayo 2, 2021.\"},{\"@type\":\"Organization\",\"@id\":\"https:\\\/\\\/eldigitaldeasturias.com\\\/radio\\\/#organization\",\"name\":\"El digital de Asturias Radio\",\"description\":\"Diario de informaci\\u00f3n y noticias\",\"url\":\"https:\\\/\\\/eldigitaldeasturias.com\\\/radio\\\/\",\"telephone\":\"+34652131393\",\"logo\":{\"@type\":\"ImageObject\",\"url\":\"https:\\\/\\\/www.eldigitaldeasturias.com\\\/radio\\\/wp-content\\\/uploads\\\/2021\\\/03\\\/EDA.jpg\",\"@id\":\"https:\\\/\\\/eldigitaldeasturias.com\\\/radio\\\/el-carrusel-mas-alto-del-mundo\\\/#organizationLogo\"},\"image\":{\"@id\":\"https:\\\/\\\/eldigitaldeasturias.com\\\/radio\\\/el-carrusel-mas-alto-del-mundo\\\/#organizationLogo\"},\"sameAs\":[\"https:\\\/\\\/www.facebook.com\\\/\",\"https:\\\/\\\/x.com\\\/bercodi\",\"https:\\\/\\\/www.instagram.com\\\/\",\"https:\\\/\\\/www.youtube.com\\\/channel\\\/UCZP-2wLEB9Rv6erhFmqVnvg\"]},{\"@type\":\"Person\",\"@id\":\"https:\\\/\\\/eldigitaldeasturias.com\\\/radio\\\/author\\\/nbasturias\\\/#author\",\"url\":\"https:\\\/\\\/eldigitaldeasturias.com\\\/radio\\\/author\\\/nbasturias\\\/\",\"name\":\"NBAsturias\",\"image\":{\"@type\":\"ImageObject\",\"@id\":\"https:\\\/\\\/eldigitaldeasturias.com\\\/radio\\\/el-carrusel-mas-alto-del-mundo\\\/#authorImage\",\"url\":\"https:\\\/\\\/secure.gravatar.com\\\/avatar\\\/df2aeffc32bcd13f8d26072ef8a91b623d677766deac7f97ca815868cd41bf5e?s=96&d=mm&r=g\",\"width\":96,\"height\":96,\"caption\":\"NBAsturias\"}},{\"@type\":\"WebPage\",\"@id\":\"https:\\\/\\\/eldigitaldeasturias.com\\\/radio\\\/el-carrusel-mas-alto-del-mundo\\\/#webpage\",\"url\":\"https:\\\/\\\/eldigitaldeasturias.com\\\/radio\\\/el-carrusel-mas-alto-del-mundo\\\/\",\"name\":\"El carrusel m\\u00e1s alto del mundo | El Digital de Asturias\",\"description\":\"La nueva atracci\\u00f3n del parque de atracciones de Dubai no es apta para lo que sufren algo de v\\u00e9rtigo. All\\u00ed se ha inaugurado un nuevo carrusel de cadenas ...\",\"inLanguage\":\"es-ES\",\"isPartOf\":{\"@id\":\"https:\\\/\\\/eldigitaldeasturias.com\\\/radio\\\/#website\"},\"breadcrumb\":{\"@id\":\"https:\\\/\\\/eldigitaldeasturias.com\\\/radio\\\/el-carrusel-mas-alto-del-mundo\\\/#breadcrumblist\"},\"author\":{\"@id\":\"https:\\\/\\\/eldigitaldeasturias.com\\\/radio\\\/author\\\/nbasturias\\\/#author\"},\"creator\":{\"@id\":\"https:\\\/\\\/eldigitaldeasturias.com\\\/radio\\\/author\\\/nbasturias\\\/#author\"},\"image\":{\"@type\":\"ImageObject\",\"url\":\"https:\\\/\\\/eldigitaldeasturias.com\\\/radio\\\/wp-content\\\/uploads\\\/2021\\\/05\\\/Carrusel.jpg\",\"@id\":\"https:\\\/\\\/eldigitaldeasturias.com\\\/radio\\\/el-carrusel-mas-alto-del-mundo\\\/#mainImage\",\"width\":426,\"height\":557,\"caption\":\"Foto: Dubai Parks And Resorts\\\/dpa\"},\"primaryImageOfPage\":{\"@id\":\"https:\\\/\\\/eldigitaldeasturias.com\\\/radio\\\/el-carrusel-mas-alto-del-mundo\\\/#mainImage\"},\"datePublished\":\"2021-05-02T00:23:19+02:00\",\"dateModified\":\"2021-05-02T00:23:19+02:00\"},{\"@type\":\"WebSite\",\"@id\":\"https:\\\/\\\/eldigitaldeasturias.com\\\/radio\\\/#website\",\"url\":\"https:\\\/\\\/eldigitaldeasturias.com\\\/radio\\\/\",\"name\":\"El Digital de Asturias\",\"description\":\"Diario de informaci\\u00f3n y noticias\",\"inLanguage\":\"es-ES\",\"publisher\":{\"@id\":\"https:\\\/\\\/eldigitaldeasturias.com\\\/radio\\\/#organization\"}}]}\n\t\t<\/script>\n\t\t<!-- All in One SEO Pro -->\r\n\t\t<title>El carrusel m\u00e1s alto del mundo | El Digital de Asturias<\/title>\n\n","aioseo_head_json":{"title":"El carrusel m\u00e1s alto del mundo | El Digital de Asturias","description":"La nueva atracci\u00f3n del parque de atracciones de Dubai no es apta para lo que sufren algo de v\u00e9rtigo. All\u00ed se ha inaugurado un nuevo carrusel de cadenas ...","canonical_url":"https:\/\/eldigitaldeasturias.com\/radio\/el-carrusel-mas-alto-del-mundo\/","robots":"max-image-preview:large","keywords":"turismo","webmasterTools":{"google-site-verification":"UA-38556648-1","miscellaneous":""},"schema":{"@context":"https:\/\/schema.org","@graph":[{"@type":"BreadcrumbList","@id":"https:\/\/eldigitaldeasturias.com\/radio\/el-carrusel-mas-alto-del-mundo\/#breadcrumblist","itemListElement":[{"@type":"ListItem","@id":"https:\/\/eldigitaldeasturias.com\/radio#listItem","position":1,"name":"Inicio","item":"https:\/\/eldigitaldeasturias.com\/radio","nextItem":{"@type":"ListItem","@id":"https:\/\/eldigitaldeasturias.com\/radio\/category\/turismo\/#listItem","name":"Turismo"}},{"@type":"ListItem","@id":"https:\/\/eldigitaldeasturias.com\/radio\/category\/turismo\/#listItem","position":2,"name":"Turismo","item":"https:\/\/eldigitaldeasturias.com\/radio\/category\/turismo\/","nextItem":{"@type":"ListItem","@id":"https:\/\/eldigitaldeasturias.com\/radio\/el-carrusel-mas-alto-del-mundo\/#listItem","name":"El carrusel m\u00e1s alto del mundo"},"previousItem":{"@type":"ListItem","@id":"https:\/\/eldigitaldeasturias.com\/radio#listItem","name":"Inicio"}},{"@type":"ListItem","@id":"https:\/\/eldigitaldeasturias.com\/radio\/el-carrusel-mas-alto-del-mundo\/#listItem","position":3,"name":"El carrusel m\u00e1s alto del mundo","previousItem":{"@type":"ListItem","@id":"https:\/\/eldigitaldeasturias.com\/radio\/category\/turismo\/#listItem","name":"Turismo"}}]},{"@type":"NewsArticle","@id":"https:\/\/eldigitaldeasturias.com\/radio\/el-carrusel-mas-alto-del-mundo\/#newsarticle","name":"El carrusel m\u00e1s alto del mundo | El Digital de Asturias","headline":"El carrusel m\u00e1s alto del mundo","author":{"@id":"https:\/\/eldigitaldeasturias.com\/radio\/author\/nbasturias\/#author"},"publisher":{"@id":"https:\/\/eldigitaldeasturias.com\/radio\/#organization"},"image":{"@type":"ImageObject","url":"https:\/\/eldigitaldeasturias.com\/radio\/wp-content\/uploads\/2021\/05\/Carrusel.jpg","width":426,"height":557,"caption":"Foto: Dubai Parks And Resorts\/dpa"},"datePublished":"2021-05-02T00:23:19+02:00","dateModified":"2021-05-02T00:23:19+02:00","inLanguage":"es-ES","mainEntityOfPage":{"@id":"https:\/\/eldigitaldeasturias.com\/radio\/el-carrusel-mas-alto-del-mundo\/#webpage"},"isPartOf":{"@id":"https:\/\/eldigitaldeasturias.com\/radio\/el-carrusel-mas-alto-del-mundo\/#webpage"},"articleSection":"Turismo","dateline":"Publicado el mayo 2, 2021."},{"@type":"Organization","@id":"https:\/\/eldigitaldeasturias.com\/radio\/#organization","name":"El digital de Asturias Radio","description":"Diario de informaci\u00f3n y noticias","url":"https:\/\/eldigitaldeasturias.com\/radio\/","telephone":"+34652131393","logo":{"@type":"ImageObject","url":"https:\/\/www.eldigitaldeasturias.com\/radio\/wp-content\/uploads\/2021\/03\/EDA.jpg","@id":"https:\/\/eldigitaldeasturias.com\/radio\/el-carrusel-mas-alto-del-mundo\/#organizationLogo"},"image":{"@id":"https:\/\/eldigitaldeasturias.com\/radio\/el-carrusel-mas-alto-del-mundo\/#organizationLogo"},"sameAs":["https:\/\/www.facebook.com\/","https:\/\/x.com\/bercodi","https:\/\/www.instagram.com\/","https:\/\/www.youtube.com\/channel\/UCZP-2wLEB9Rv6erhFmqVnvg"]},{"@type":"Person","@id":"https:\/\/eldigitaldeasturias.com\/radio\/author\/nbasturias\/#author","url":"https:\/\/eldigitaldeasturias.com\/radio\/author\/nbasturias\/","name":"NBAsturias","image":{"@type":"ImageObject","@id":"https:\/\/eldigitaldeasturias.com\/radio\/el-carrusel-mas-alto-del-mundo\/#authorImage","url":"https:\/\/secure.gravatar.com\/avatar\/df2aeffc32bcd13f8d26072ef8a91b623d677766deac7f97ca815868cd41bf5e?s=96&d=mm&r=g","width":96,"height":96,"caption":"NBAsturias"}},{"@type":"WebPage","@id":"https:\/\/eldigitaldeasturias.com\/radio\/el-carrusel-mas-alto-del-mundo\/#webpage","url":"https:\/\/eldigitaldeasturias.com\/radio\/el-carrusel-mas-alto-del-mundo\/","name":"El carrusel m\u00e1s alto del mundo | El Digital de Asturias","description":"La nueva atracci\u00f3n del parque de atracciones de Dubai no es apta para lo que sufren algo de v\u00e9rtigo. All\u00ed se ha inaugurado un nuevo carrusel de cadenas ...","inLanguage":"es-ES","isPartOf":{"@id":"https:\/\/eldigitaldeasturias.com\/radio\/#website"},"breadcrumb":{"@id":"https:\/\/eldigitaldeasturias.com\/radio\/el-carrusel-mas-alto-del-mundo\/#breadcrumblist"},"author":{"@id":"https:\/\/eldigitaldeasturias.com\/radio\/author\/nbasturias\/#author"},"creator":{"@id":"https:\/\/eldigitaldeasturias.com\/radio\/author\/nbasturias\/#author"},"image":{"@type":"ImageObject","url":"https:\/\/eldigitaldeasturias.com\/radio\/wp-content\/uploads\/2021\/05\/Carrusel.jpg","@id":"https:\/\/eldigitaldeasturias.com\/radio\/el-carrusel-mas-alto-del-mundo\/#mainImage","width":426,"height":557,"caption":"Foto: Dubai Parks And Resorts\/dpa"},"primaryImageOfPage":{"@id":"https:\/\/eldigitaldeasturias.com\/radio\/el-carrusel-mas-alto-del-mundo\/#mainImage"},"datePublished":"2021-05-02T00:23:19+02:00","dateModified":"2021-05-02T00:23:19+02:00"},{"@type":"WebSite","@id":"https:\/\/eldigitaldeasturias.com\/radio\/#website","url":"https:\/\/eldigitaldeasturias.com\/radio\/","name":"El Digital de Asturias","description":"Diario de informaci\u00f3n y noticias","inLanguage":"es-ES","publisher":{"@id":"https:\/\/eldigitaldeasturias.com\/radio\/#organization"}}]},"og:locale":"es_ES","og:site_name":"El Digital de Asturias | Diario de informaci\u00f3n y noticias","og:type":"article","og:title":"El carrusel m\u00e1s alto del mundo | El Digital de Asturias","og:description":"La nueva atracci\u00f3n del parque de atracciones de Dubai no es apta para lo que sufren algo de v\u00e9rtigo. All\u00ed se ha inaugurado un nuevo carrusel de cadenas ...","og:url":"https:\/\/eldigitaldeasturias.com\/radio\/el-carrusel-mas-alto-del-mundo\/","og:image":"https:\/\/eldigitaldeasturias.com\/radio\/wp-content\/uploads\/2021\/05\/Carrusel.jpg","og:image:secure_url":"https:\/\/eldigitaldeasturias.com\/radio\/wp-content\/uploads\/2021\/05\/Carrusel.jpg","og:image:width":426,"og:image:height":557,"article:published_time":"2021-05-02T00:23:19+00:00","article:modified_time":"2021-05-02T00:23:19+00:00","twitter:card":"summary_large_image","twitter:site":"@bercodi","twitter:title":"El carrusel m\u00e1s alto del mundo | El Digital de Asturias","twitter:description":"La nueva atracci\u00f3n del parque de atracciones de Dubai no es apta para lo que sufren algo de v\u00e9rtigo. All\u00ed se ha inaugurado un nuevo carrusel de cadenas ...","twitter:creator":"@bercodi","twitter:image":"https:\/\/eldigitaldeasturias.com\/radio\/wp-content\/uploads\/2021\/05\/Carrusel.jpg"},"aioseo_meta_data":{"post_id":"5866","title":null,"description":"La nueva atracci\u00f3n del parque de atracciones de Dubai no es apta para lo que sufren algo de v\u00e9rtigo. All\u00ed se ha inaugurado un nuevo carrusel de cadenas ...","keywords":[],"keyphrases":{"focus":[],"additional":[]},"primary_term":null,"canonical_url":null,"og_title":null,"og_description":null,"og_object_type":"default","og_image_type":"default","og_image_url":null,"og_image_width":null,"og_image_height":null,"og_image_custom_url":null,"og_image_custom_fields":null,"og_video":"","og_custom_url":null,"og_article_section":null,"og_article_tags":[],"twitter_use_og":false,"twitter_card":"default","twitter_image_type":"default","twitter_image_url":null,"twitter_image_custom_url":null,"twitter_image_custom_fields":null,"twitter_title":null,"twitter_description":null,"schema":{"blockGraphs":[],"customGraphs":[],"default":{"data":{"Article":[],"Course":[],"Dataset":[],"FAQPage":[],"Movie":[],"Person":[],"Product":[],"ProductReview":[],"Car":[],"Recipe":[],"Service":[],"SoftwareApplication":[],"WebPage":[]},"graphName":"","isEnabled":true},"graphs":[],"defaultGraph":"Article","defaultPostTypeGraph":""},"schema_type":"default","schema_type_options":"{\"article\":{\"articleType\":\"BlogPosting\"},\"course\":{\"name\":\"\",\"description\":\"\",\"provider\":\"\"},\"faq\":{\"pages\":[]},\"product\":{\"reviews\":[]},\"recipe\":{\"ingredients\":[],\"instructions\":[],\"keywords\":[]},\"software\":{\"reviews\":[],\"operatingSystems\":[]},\"webPage\":{\"webPageType\":\"WebPage\"}}","pillar_content":false,"robots_default":true,"robots_noindex":false,"robots_noarchive":false,"robots_nosnippet":false,"robots_nofollow":false,"robots_noimageindex":false,"robots_noodp":false,"robots_notranslate":false,"robots_max_snippet":"-1","robots_max_videopreview":"-1","robots_max_imagepreview":"large","priority":null,"frequency":"default","location":null,"local_seo":{"locations":{"business":{"name":"","businessType":"","image":"","areaServed":"","urls":{"website":"","aboutPage":"","contactPage":""},"address":{"streetLine1":"","streetLine2":"","zipCode":"","city":"","state":"","country":"","addressFormat":"#streetLineOne\n#streetLineTwo\n#city, #state #zipCode"},"contact":{"phone":"","email":"","fax":""},"ids":{"vat":"","tax":"","chamberOfCommerce":""},"payment":{"priceRange":"","currenciesAccepted":"","methods":""}}},"openingHours":{"useDefaults":true,"show":true,"alwaysOpen":false,"use24hFormat":false,"timezone":"","labels":{"closed":"","alwaysOpen":""},"days":{"monday":{"open24h":false,"closed":false,"openTime":"09:00","closeTime":"17:00"},"tuesday":{"open24h":false,"closed":false,"openTime":"09:00","closeTime":"17:00"},"wednesday":{"open24h":false,"closed":false,"openTime":"09:00","closeTime":"17:00"},"thursday":{"open24h":false,"closed":false,"openTime":"09:00","closeTime":"17:00"},"friday":{"open24h":false,"closed":false,"openTime":"09:00","closeTime":"17:00"},"saturday":{"open24h":false,"closed":false,"openTime":"09:00","closeTime":"17:00"},"sunday":{"open24h":false,"closed":false,"openTime":"09:00","closeTime":"17:00"}}}},"seo_analyzer_scan_date":"2025-08-28 18:41:22","breadcrumb_settings":null,"limit_modified_date":false,"open_ai":null,"ai":null,"created":"2021-05-02 00:20:23","updated":"2025-08-28 18:41:22"},"aioseo_breadcrumb":"<div class=\"aioseo-breadcrumbs\"><span class=\"aioseo-breadcrumb\">\n\t<a href=\"https:\/\/eldigitaldeasturias.com\/radio\" title=\"Inicio\">Inicio<\/a>\n<\/span><span class=\"aioseo-breadcrumb-separator\">&ndash;<\/span><span class=\"aioseo-breadcrumb\">\n\t<a href=\"https:\/\/eldigitaldeasturias.com\/radio\/category\/turismo\/\" title=\"Turismo\">Turismo<\/a>\n<\/span><span class=\"aioseo-breadcrumb-separator\">&ndash;<\/span><span class=\"aioseo-breadcrumb\">\n\tEl carrusel m\u00e1s alto del mundo\n<\/span><\/div>","aioseo_breadcrumb_json":[{"label":"Inicio","link":"https:\/\/eldigitaldeasturias.com\/radio"},{"label":"Turismo","link":"https:\/\/eldigitaldeasturias.com\/radio\/category\/turismo\/"},{"label":"El carrusel m\u00e1s alto del mundo","link":"https:\/\/eldigitaldeasturias.com\/radio\/el-carrusel-mas-alto-del-mundo\/"}],"_links":{"self":[{"href":"https:\/\/eldigitaldeasturias.com\/radio\/wp-json\/wp\/v2\/posts\/5866","targetHints":{"allow":["GET"]}}],"collection":[{"href":"https:\/\/eldigitaldeasturias.com\/radio\/wp-json\/wp\/v2\/posts"}],"about":[{"href":"https:\/\/eldigitaldeasturias.com\/radio\/wp-json\/wp\/v2\/types\/post"}],"author":[{"embeddable":true,"href":"https:\/\/eldigitaldeasturias.com\/radio\/wp-json\/wp\/v2\/users\/1"}],"replies":[{"embeddable":true,"href":"https:\/\/eldigitaldeasturias.com\/radio\/wp-json\/wp\/v2\/comments?post=5866"}],"version-history":[{"count":0,"href":"https:\/\/eldigitaldeasturias.com\/radio\/wp-json\/wp\/v2\/posts\/5866\/revisions"}],"wp:featuredmedia":[{"embeddable":true,"href":"https:\/\/eldigitaldeasturias.com\/radio\/wp-json\/wp\/v2\/media\/5867"}],"wp:attachment":[{"href":"https:\/\/eldigitaldeasturias.com\/radio\/wp-json\/wp\/v2\/media?parent=5866"}],"wp:term":[{"taxonomy":"category","embeddable":true,"href":"https:\/\/eldigitaldeasturias.com\/radio\/wp-json\/wp\/v2\/categories?post=5866"},{"taxonomy":"post_tag","embeddable":true,"href":"https:\/\/eldigitaldeasturias.com\/radio\/wp-json\/wp\/v2\/tags?post=5866"}],"curies":[{"name":"wp","href":"https:\/\/api.w.org\/{rel}","templated":true}]}}