{"id":5830,"date":"2021-04-12T09:07:33","date_gmt":"2021-04-12T09:07:33","guid":{"rendered":"http:\/\/eldigitaldeasturias.com\/radio\/?p=5830"},"modified":"2021-04-12T09:07:33","modified_gmt":"2021-04-12T09:07:33","slug":"iran-aumenta-sus-reservas-y-centrifugadoras-nucleares","status":"publish","type":"post","link":"https:\/\/eldigitaldeasturias.com\/radio\/iran-aumenta-sus-reservas-y-centrifugadoras-nucleares\/","title":{"rendered":"Ir\u00e1n aumenta sus reservas y centrifugadoras nucleares"},"content":{"rendered":"<p><img fetchpriority=\"high\" decoding=\"async\" class=\"alignleft size-medium wp-image-5832\" src=\"https:\/\/eldigitaldeasturias.com\/radio\/wp-content\/uploads\/2021\/04\/iran-4464374_640-360x240.jpg\" alt=\"\" width=\"360\" height=\"240\" srcset=\"https:\/\/eldigitaldeasturias.com\/radio\/wp-content\/uploads\/2021\/04\/iran-4464374_640-360x240.jpg 360w, https:\/\/eldigitaldeasturias.com\/radio\/wp-content\/uploads\/2021\/04\/iran-4464374_640.jpg 640w\" sizes=\"(max-width: 360px) 100vw, 360px\" \/>(EP) &#8211; La Agencia de la Energ\u00eda At\u00f3mica de Ir\u00e1n ha avisado este s\u00e1bado de que sus reservas de material nuclear enriquecido y sus centrifugadoras de procesamiento est\u00e1n aumentando r\u00e1pidamente en un aviso a la comunidad internacional mientras se discute la posibilidad de reactivar el hist\u00f3rico acuerdo nuclear con la rep\u00fablica isl\u00e1mica.<\/p>\n<p>El portavoz de la agencia, Behruz Kamalvandi, lanz\u00f3 este viernes por la noche un duro mensaje a las potencias occidentales, que se \u00abllevar\u00e1n la peor parte\u00bb de cualquier retraso en el levantamiento de las sanciones contra Ir\u00e1n, condici\u00f3n inapelable de Ir\u00e1n para regresar al pleno cumplimiento del acuerdo.<\/p>\n<p>\u00abEl n\u00famero de nuestras centrifugadoras y la cantidad de material (nuclear) enriquecido est\u00e1n aumentando r\u00e1pidamente\u00bb, ha manifestado en un mensaje publicado en su cuenta de Instagram.<\/p>\n<p>Ir\u00e1n contin\u00faa avanzando en la industria nuclear, ha a\u00f1adido, \u00aby esta vez no confiar\u00e1 en las palabras y los esl\u00f3ganes\u00bb, seg\u00fan declaraciones recogidas por la agencia de noticias Tasnim. Ir\u00e1n ha presentado la lista de sus demandas y alrededor de 1.600 sanciones que deben terminarse, ha se\u00f1alado.<\/p>\n<p>Mientras, la comisi\u00f3n conjunta del acuerdo nuclear iran\u00ed ha completado este viernes en Viena la primera ronda del proceso para facilitar la vuelta de Estados Unidos al pacto y, tras una reuni\u00f3n positiva, se ha citado la pr\u00f3xima semana para continuar los trabajos.<\/p>\n<p>La UE, que ejerce de coordinador de la comisi\u00f3n de seguimiento del acuerdo nuclear, ha apuntado en un comunicado que los grupos de expertos han informado a las partes sobre las posibilidades para garantizar la implementaci\u00f3n nuclear y levantar sanciones. \u00abLos participantes tomaron nota del intercambio constructivo y enfocado en resultados\u00bb, ha se\u00f1alado el comunicado de la diplomacia europea.<\/p>\n<p>\u00abLa comisi\u00f3n conjunta ha encargado al grupo de expertos que contin\u00fae su trabajo y acord\u00f3 volver a reunirse en Viena en el curso de la pr\u00f3xima semana\u00bb, ha a\u00f1adido la nota sobre el proceso abierto por la UE para lograr la vuelta de Estados Unidos al pacto firmado en 2015, as\u00ed como garantizar que Ir\u00e1n se compromete con el cumplimiento integral del mismo.<\/p>\n<p>&nbsp;<\/p>\n<p>&nbsp;<\/p>\n","protected":false},"excerpt":{"rendered":"<p>(EP) &#8211; La Agencia de la Energ\u00eda At\u00f3mica de Ir\u00e1n ha avisado este s\u00e1bado de que sus reservas de material nuclear enriquecido y sus centrifugadoras de procesamiento est\u00e1n aumentando r\u00e1pidamente en un aviso a la comunidad internacional mientras se discute la posibilidad de reactivar el hist\u00f3rico acuerdo nuclear con la rep\u00fablica isl\u00e1mica. El portavoz de<\/p>\n","protected":false},"author":1,"featured_media":5832,"comment_status":"closed","ping_status":"closed","sticky":false,"template":"","format":"standard","meta":{"footnotes":""},"categories":[1],"tags":[],"class_list":{"0":"post-5830","1":"post","2":"type-post","3":"status-publish","4":"format-standard","5":"has-post-thumbnail","7":"category-noticias"},"aioseo_notices":[],"aioseo_head":"\n\t\t<!-- All in One SEO Pro 4.9.6.2 - aioseo.com -->\n\t<meta name=\"description\" content=\"La Agencia de la Energ\u00eda At\u00f3mica de Ir\u00e1n ha avisado este s\u00e1bado de que sus reservas de material nuclear enriquecido y sus centrifugadoras de procesamiento ...\" \/>\n\t<meta name=\"robots\" content=\"max-image-preview:large\" \/>\n\t<meta name=\"author\" content=\"NBAsturias\"\/>\n\t<meta name=\"google-site-verification\" content=\"UA-38556648-1\" \/>\n\t<meta name=\"keywords\" content=\"noticias\" \/>\n\t<link rel=\"canonical\" href=\"https:\/\/eldigitaldeasturias.com\/radio\/iran-aumenta-sus-reservas-y-centrifugadoras-nucleares\/\" \/>\n\t<meta name=\"generator\" content=\"All in One SEO Pro (AIOSEO) 4.9.6.2\" \/>\n\t\t<meta property=\"og:locale\" content=\"es_ES\" \/>\n\t\t<meta property=\"og:site_name\" content=\"El Digital de Asturias | Diario de informaci\u00f3n y noticias\" \/>\n\t\t<meta property=\"og:type\" content=\"article\" \/>\n\t\t<meta property=\"og:title\" content=\"Ir\u00e1n aumenta sus reservas y centrifugadoras nucleares | El Digital de Asturias\" \/>\n\t\t<meta property=\"og:description\" content=\"La Agencia de la Energ\u00eda At\u00f3mica de Ir\u00e1n ha avisado este s\u00e1bado de que sus reservas de material nuclear enriquecido y sus centrifugadoras de procesamiento ...\" \/>\n\t\t<meta property=\"og:url\" content=\"https:\/\/eldigitaldeasturias.com\/radio\/iran-aumenta-sus-reservas-y-centrifugadoras-nucleares\/\" \/>\n\t\t<meta property=\"og:image\" content=\"https:\/\/eldigitaldeasturias.com\/radio\/wp-content\/uploads\/2021\/04\/iran-4464374_640.jpg\" \/>\n\t\t<meta property=\"og:image:secure_url\" content=\"https:\/\/eldigitaldeasturias.com\/radio\/wp-content\/uploads\/2021\/04\/iran-4464374_640.jpg\" \/>\n\t\t<meta property=\"og:image:width\" content=\"640\" \/>\n\t\t<meta property=\"og:image:height\" content=\"426\" \/>\n\t\t<meta property=\"article:published_time\" content=\"2021-04-12T09:07:33+00:00\" \/>\n\t\t<meta property=\"article:modified_time\" content=\"2021-04-12T09:07:33+00:00\" \/>\n\t\t<meta name=\"twitter:card\" content=\"summary_large_image\" \/>\n\t\t<meta name=\"twitter:site\" content=\"@bercodi\" \/>\n\t\t<meta name=\"twitter:title\" content=\"Ir\u00e1n aumenta sus reservas y centrifugadoras nucleares | El Digital de Asturias\" \/>\n\t\t<meta name=\"twitter:description\" content=\"La Agencia de la Energ\u00eda At\u00f3mica de Ir\u00e1n ha avisado este s\u00e1bado de que sus reservas de material nuclear enriquecido y sus centrifugadoras de procesamiento ...\" \/>\n\t\t<meta name=\"twitter:creator\" content=\"@bercodi\" \/>\n\t\t<meta name=\"twitter:image\" content=\"https:\/\/eldigitaldeasturias.com\/radio\/wp-content\/uploads\/2021\/04\/iran-4464374_640.jpg\" \/>\n\t\t<script type=\"application\/ld+json\" class=\"aioseo-schema\">\n\t\t\t{\"@context\":\"https:\\\/\\\/schema.org\",\"@graph\":[{\"@type\":\"BreadcrumbList\",\"@id\":\"https:\\\/\\\/eldigitaldeasturias.com\\\/radio\\\/iran-aumenta-sus-reservas-y-centrifugadoras-nucleares\\\/#breadcrumblist\",\"itemListElement\":[{\"@type\":\"ListItem\",\"@id\":\"https:\\\/\\\/eldigitaldeasturias.com\\\/radio#listItem\",\"position\":1,\"name\":\"Inicio\",\"item\":\"https:\\\/\\\/eldigitaldeasturias.com\\\/radio\",\"nextItem\":{\"@type\":\"ListItem\",\"@id\":\"https:\\\/\\\/eldigitaldeasturias.com\\\/radio\\\/category\\\/noticias\\\/#listItem\",\"name\":\"Noticias\"}},{\"@type\":\"ListItem\",\"@id\":\"https:\\\/\\\/eldigitaldeasturias.com\\\/radio\\\/category\\\/noticias\\\/#listItem\",\"position\":2,\"name\":\"Noticias\",\"item\":\"https:\\\/\\\/eldigitaldeasturias.com\\\/radio\\\/category\\\/noticias\\\/\",\"nextItem\":{\"@type\":\"ListItem\",\"@id\":\"https:\\\/\\\/eldigitaldeasturias.com\\\/radio\\\/iran-aumenta-sus-reservas-y-centrifugadoras-nucleares\\\/#listItem\",\"name\":\"Ir\\u00e1n aumenta sus reservas y centrifugadoras nucleares\"},\"previousItem\":{\"@type\":\"ListItem\",\"@id\":\"https:\\\/\\\/eldigitaldeasturias.com\\\/radio#listItem\",\"name\":\"Inicio\"}},{\"@type\":\"ListItem\",\"@id\":\"https:\\\/\\\/eldigitaldeasturias.com\\\/radio\\\/iran-aumenta-sus-reservas-y-centrifugadoras-nucleares\\\/#listItem\",\"position\":3,\"name\":\"Ir\\u00e1n aumenta sus reservas y centrifugadoras nucleares\",\"previousItem\":{\"@type\":\"ListItem\",\"@id\":\"https:\\\/\\\/eldigitaldeasturias.com\\\/radio\\\/category\\\/noticias\\\/#listItem\",\"name\":\"Noticias\"}}]},{\"@type\":\"NewsArticle\",\"@id\":\"https:\\\/\\\/eldigitaldeasturias.com\\\/radio\\\/iran-aumenta-sus-reservas-y-centrifugadoras-nucleares\\\/#newsarticle\",\"name\":\"Ir\\u00e1n aumenta sus reservas y centrifugadoras nucleares | El Digital de Asturias\",\"headline\":\"Ir\\u00e1n aumenta sus reservas y centrifugadoras nucleares\",\"author\":{\"@id\":\"https:\\\/\\\/eldigitaldeasturias.com\\\/radio\\\/author\\\/nbasturias\\\/#author\"},\"publisher\":{\"@id\":\"https:\\\/\\\/eldigitaldeasturias.com\\\/radio\\\/#organization\"},\"image\":{\"@type\":\"ImageObject\",\"url\":\"https:\\\/\\\/eldigitaldeasturias.com\\\/radio\\\/wp-content\\\/uploads\\\/2021\\\/04\\\/iran-4464374_640.jpg\",\"width\":640,\"height\":426},\"datePublished\":\"2021-04-12T09:07:33+02:00\",\"dateModified\":\"2021-04-12T09:07:33+02:00\",\"inLanguage\":\"es-ES\",\"mainEntityOfPage\":{\"@id\":\"https:\\\/\\\/eldigitaldeasturias.com\\\/radio\\\/iran-aumenta-sus-reservas-y-centrifugadoras-nucleares\\\/#webpage\"},\"isPartOf\":{\"@id\":\"https:\\\/\\\/eldigitaldeasturias.com\\\/radio\\\/iran-aumenta-sus-reservas-y-centrifugadoras-nucleares\\\/#webpage\"},\"articleSection\":\"Noticias\",\"dateline\":\"Publicado el abril 12, 2021.\"},{\"@type\":\"Organization\",\"@id\":\"https:\\\/\\\/eldigitaldeasturias.com\\\/radio\\\/#organization\",\"name\":\"El digital de Asturias Radio\",\"description\":\"Diario de informaci\\u00f3n y noticias\",\"url\":\"https:\\\/\\\/eldigitaldeasturias.com\\\/radio\\\/\",\"telephone\":\"+34652131393\",\"logo\":{\"@type\":\"ImageObject\",\"url\":\"https:\\\/\\\/www.eldigitaldeasturias.com\\\/radio\\\/wp-content\\\/uploads\\\/2021\\\/03\\\/EDA.jpg\",\"@id\":\"https:\\\/\\\/eldigitaldeasturias.com\\\/radio\\\/iran-aumenta-sus-reservas-y-centrifugadoras-nucleares\\\/#organizationLogo\"},\"image\":{\"@id\":\"https:\\\/\\\/eldigitaldeasturias.com\\\/radio\\\/iran-aumenta-sus-reservas-y-centrifugadoras-nucleares\\\/#organizationLogo\"},\"sameAs\":[\"https:\\\/\\\/www.facebook.com\\\/\",\"https:\\\/\\\/x.com\\\/bercodi\",\"https:\\\/\\\/www.instagram.com\\\/\",\"https:\\\/\\\/www.youtube.com\\\/channel\\\/UCZP-2wLEB9Rv6erhFmqVnvg\"]},{\"@type\":\"Person\",\"@id\":\"https:\\\/\\\/eldigitaldeasturias.com\\\/radio\\\/author\\\/nbasturias\\\/#author\",\"url\":\"https:\\\/\\\/eldigitaldeasturias.com\\\/radio\\\/author\\\/nbasturias\\\/\",\"name\":\"NBAsturias\",\"image\":{\"@type\":\"ImageObject\",\"@id\":\"https:\\\/\\\/eldigitaldeasturias.com\\\/radio\\\/iran-aumenta-sus-reservas-y-centrifugadoras-nucleares\\\/#authorImage\",\"url\":\"https:\\\/\\\/secure.gravatar.com\\\/avatar\\\/df2aeffc32bcd13f8d26072ef8a91b623d677766deac7f97ca815868cd41bf5e?s=96&d=mm&r=g\",\"width\":96,\"height\":96,\"caption\":\"NBAsturias\"}},{\"@type\":\"WebPage\",\"@id\":\"https:\\\/\\\/eldigitaldeasturias.com\\\/radio\\\/iran-aumenta-sus-reservas-y-centrifugadoras-nucleares\\\/#webpage\",\"url\":\"https:\\\/\\\/eldigitaldeasturias.com\\\/radio\\\/iran-aumenta-sus-reservas-y-centrifugadoras-nucleares\\\/\",\"name\":\"Ir\\u00e1n aumenta sus reservas y centrifugadoras nucleares | El Digital de Asturias\",\"description\":\"La Agencia de la Energ\\u00eda At\\u00f3mica de Ir\\u00e1n ha avisado este s\\u00e1bado de que sus reservas de material nuclear enriquecido y sus centrifugadoras de procesamiento ...\",\"inLanguage\":\"es-ES\",\"isPartOf\":{\"@id\":\"https:\\\/\\\/eldigitaldeasturias.com\\\/radio\\\/#website\"},\"breadcrumb\":{\"@id\":\"https:\\\/\\\/eldigitaldeasturias.com\\\/radio\\\/iran-aumenta-sus-reservas-y-centrifugadoras-nucleares\\\/#breadcrumblist\"},\"author\":{\"@id\":\"https:\\\/\\\/eldigitaldeasturias.com\\\/radio\\\/author\\\/nbasturias\\\/#author\"},\"creator\":{\"@id\":\"https:\\\/\\\/eldigitaldeasturias.com\\\/radio\\\/author\\\/nbasturias\\\/#author\"},\"image\":{\"@type\":\"ImageObject\",\"url\":\"https:\\\/\\\/eldigitaldeasturias.com\\\/radio\\\/wp-content\\\/uploads\\\/2021\\\/04\\\/iran-4464374_640.jpg\",\"@id\":\"https:\\\/\\\/eldigitaldeasturias.com\\\/radio\\\/iran-aumenta-sus-reservas-y-centrifugadoras-nucleares\\\/#mainImage\",\"width\":640,\"height\":426},\"primaryImageOfPage\":{\"@id\":\"https:\\\/\\\/eldigitaldeasturias.com\\\/radio\\\/iran-aumenta-sus-reservas-y-centrifugadoras-nucleares\\\/#mainImage\"},\"datePublished\":\"2021-04-12T09:07:33+02:00\",\"dateModified\":\"2021-04-12T09:07:33+02:00\"},{\"@type\":\"WebSite\",\"@id\":\"https:\\\/\\\/eldigitaldeasturias.com\\\/radio\\\/#website\",\"url\":\"https:\\\/\\\/eldigitaldeasturias.com\\\/radio\\\/\",\"name\":\"El Digital de Asturias\",\"description\":\"Diario de informaci\\u00f3n y noticias\",\"inLanguage\":\"es-ES\",\"publisher\":{\"@id\":\"https:\\\/\\\/eldigitaldeasturias.com\\\/radio\\\/#organization\"}}]}\n\t\t<\/script>\n\t\t<!-- All in One SEO Pro -->\r\n\t\t<title>Ir\u00e1n aumenta sus reservas y centrifugadoras nucleares | El Digital de Asturias<\/title>\n\n","aioseo_head_json":{"title":"Ir\u00e1n aumenta sus reservas y centrifugadoras nucleares | El Digital de Asturias","description":"La Agencia de la Energ\u00eda At\u00f3mica de Ir\u00e1n ha avisado este s\u00e1bado de que sus reservas de material nuclear enriquecido y sus centrifugadoras de procesamiento ...","canonical_url":"https:\/\/eldigitaldeasturias.com\/radio\/iran-aumenta-sus-reservas-y-centrifugadoras-nucleares\/","robots":"max-image-preview:large","keywords":"noticias","webmasterTools":{"google-site-verification":"UA-38556648-1","miscellaneous":""},"schema":{"@context":"https:\/\/schema.org","@graph":[{"@type":"BreadcrumbList","@id":"https:\/\/eldigitaldeasturias.com\/radio\/iran-aumenta-sus-reservas-y-centrifugadoras-nucleares\/#breadcrumblist","itemListElement":[{"@type":"ListItem","@id":"https:\/\/eldigitaldeasturias.com\/radio#listItem","position":1,"name":"Inicio","item":"https:\/\/eldigitaldeasturias.com\/radio","nextItem":{"@type":"ListItem","@id":"https:\/\/eldigitaldeasturias.com\/radio\/category\/noticias\/#listItem","name":"Noticias"}},{"@type":"ListItem","@id":"https:\/\/eldigitaldeasturias.com\/radio\/category\/noticias\/#listItem","position":2,"name":"Noticias","item":"https:\/\/eldigitaldeasturias.com\/radio\/category\/noticias\/","nextItem":{"@type":"ListItem","@id":"https:\/\/eldigitaldeasturias.com\/radio\/iran-aumenta-sus-reservas-y-centrifugadoras-nucleares\/#listItem","name":"Ir\u00e1n aumenta sus reservas y centrifugadoras nucleares"},"previousItem":{"@type":"ListItem","@id":"https:\/\/eldigitaldeasturias.com\/radio#listItem","name":"Inicio"}},{"@type":"ListItem","@id":"https:\/\/eldigitaldeasturias.com\/radio\/iran-aumenta-sus-reservas-y-centrifugadoras-nucleares\/#listItem","position":3,"name":"Ir\u00e1n aumenta sus reservas y centrifugadoras nucleares","previousItem":{"@type":"ListItem","@id":"https:\/\/eldigitaldeasturias.com\/radio\/category\/noticias\/#listItem","name":"Noticias"}}]},{"@type":"NewsArticle","@id":"https:\/\/eldigitaldeasturias.com\/radio\/iran-aumenta-sus-reservas-y-centrifugadoras-nucleares\/#newsarticle","name":"Ir\u00e1n aumenta sus reservas y centrifugadoras nucleares | El Digital de Asturias","headline":"Ir\u00e1n aumenta sus reservas y centrifugadoras nucleares","author":{"@id":"https:\/\/eldigitaldeasturias.com\/radio\/author\/nbasturias\/#author"},"publisher":{"@id":"https:\/\/eldigitaldeasturias.com\/radio\/#organization"},"image":{"@type":"ImageObject","url":"https:\/\/eldigitaldeasturias.com\/radio\/wp-content\/uploads\/2021\/04\/iran-4464374_640.jpg","width":640,"height":426},"datePublished":"2021-04-12T09:07:33+02:00","dateModified":"2021-04-12T09:07:33+02:00","inLanguage":"es-ES","mainEntityOfPage":{"@id":"https:\/\/eldigitaldeasturias.com\/radio\/iran-aumenta-sus-reservas-y-centrifugadoras-nucleares\/#webpage"},"isPartOf":{"@id":"https:\/\/eldigitaldeasturias.com\/radio\/iran-aumenta-sus-reservas-y-centrifugadoras-nucleares\/#webpage"},"articleSection":"Noticias","dateline":"Publicado el abril 12, 2021."},{"@type":"Organization","@id":"https:\/\/eldigitaldeasturias.com\/radio\/#organization","name":"El digital de Asturias Radio","description":"Diario de informaci\u00f3n y noticias","url":"https:\/\/eldigitaldeasturias.com\/radio\/","telephone":"+34652131393","logo":{"@type":"ImageObject","url":"https:\/\/www.eldigitaldeasturias.com\/radio\/wp-content\/uploads\/2021\/03\/EDA.jpg","@id":"https:\/\/eldigitaldeasturias.com\/radio\/iran-aumenta-sus-reservas-y-centrifugadoras-nucleares\/#organizationLogo"},"image":{"@id":"https:\/\/eldigitaldeasturias.com\/radio\/iran-aumenta-sus-reservas-y-centrifugadoras-nucleares\/#organizationLogo"},"sameAs":["https:\/\/www.facebook.com\/","https:\/\/x.com\/bercodi","https:\/\/www.instagram.com\/","https:\/\/www.youtube.com\/channel\/UCZP-2wLEB9Rv6erhFmqVnvg"]},{"@type":"Person","@id":"https:\/\/eldigitaldeasturias.com\/radio\/author\/nbasturias\/#author","url":"https:\/\/eldigitaldeasturias.com\/radio\/author\/nbasturias\/","name":"NBAsturias","image":{"@type":"ImageObject","@id":"https:\/\/eldigitaldeasturias.com\/radio\/iran-aumenta-sus-reservas-y-centrifugadoras-nucleares\/#authorImage","url":"https:\/\/secure.gravatar.com\/avatar\/df2aeffc32bcd13f8d26072ef8a91b623d677766deac7f97ca815868cd41bf5e?s=96&d=mm&r=g","width":96,"height":96,"caption":"NBAsturias"}},{"@type":"WebPage","@id":"https:\/\/eldigitaldeasturias.com\/radio\/iran-aumenta-sus-reservas-y-centrifugadoras-nucleares\/#webpage","url":"https:\/\/eldigitaldeasturias.com\/radio\/iran-aumenta-sus-reservas-y-centrifugadoras-nucleares\/","name":"Ir\u00e1n aumenta sus reservas y centrifugadoras nucleares | El Digital de Asturias","description":"La Agencia de la Energ\u00eda At\u00f3mica de Ir\u00e1n ha avisado este s\u00e1bado de que sus reservas de material nuclear enriquecido y sus centrifugadoras de procesamiento ...","inLanguage":"es-ES","isPartOf":{"@id":"https:\/\/eldigitaldeasturias.com\/radio\/#website"},"breadcrumb":{"@id":"https:\/\/eldigitaldeasturias.com\/radio\/iran-aumenta-sus-reservas-y-centrifugadoras-nucleares\/#breadcrumblist"},"author":{"@id":"https:\/\/eldigitaldeasturias.com\/radio\/author\/nbasturias\/#author"},"creator":{"@id":"https:\/\/eldigitaldeasturias.com\/radio\/author\/nbasturias\/#author"},"image":{"@type":"ImageObject","url":"https:\/\/eldigitaldeasturias.com\/radio\/wp-content\/uploads\/2021\/04\/iran-4464374_640.jpg","@id":"https:\/\/eldigitaldeasturias.com\/radio\/iran-aumenta-sus-reservas-y-centrifugadoras-nucleares\/#mainImage","width":640,"height":426},"primaryImageOfPage":{"@id":"https:\/\/eldigitaldeasturias.com\/radio\/iran-aumenta-sus-reservas-y-centrifugadoras-nucleares\/#mainImage"},"datePublished":"2021-04-12T09:07:33+02:00","dateModified":"2021-04-12T09:07:33+02:00"},{"@type":"WebSite","@id":"https:\/\/eldigitaldeasturias.com\/radio\/#website","url":"https:\/\/eldigitaldeasturias.com\/radio\/","name":"El Digital de Asturias","description":"Diario de informaci\u00f3n y noticias","inLanguage":"es-ES","publisher":{"@id":"https:\/\/eldigitaldeasturias.com\/radio\/#organization"}}]},"og:locale":"es_ES","og:site_name":"El Digital de Asturias | Diario de informaci\u00f3n y noticias","og:type":"article","og:title":"Ir\u00e1n aumenta sus reservas y centrifugadoras nucleares | El Digital de Asturias","og:description":"La Agencia de la Energ\u00eda At\u00f3mica de Ir\u00e1n ha avisado este s\u00e1bado de que sus reservas de material nuclear enriquecido y sus centrifugadoras de procesamiento ...","og:url":"https:\/\/eldigitaldeasturias.com\/radio\/iran-aumenta-sus-reservas-y-centrifugadoras-nucleares\/","og:image":"https:\/\/eldigitaldeasturias.com\/radio\/wp-content\/uploads\/2021\/04\/iran-4464374_640.jpg","og:image:secure_url":"https:\/\/eldigitaldeasturias.com\/radio\/wp-content\/uploads\/2021\/04\/iran-4464374_640.jpg","og:image:width":640,"og:image:height":426,"article:published_time":"2021-04-12T09:07:33+00:00","article:modified_time":"2021-04-12T09:07:33+00:00","twitter:card":"summary_large_image","twitter:site":"@bercodi","twitter:title":"Ir\u00e1n aumenta sus reservas y centrifugadoras nucleares | El Digital de Asturias","twitter:description":"La Agencia de la Energ\u00eda At\u00f3mica de Ir\u00e1n ha avisado este s\u00e1bado de que sus reservas de material nuclear enriquecido y sus centrifugadoras de procesamiento ...","twitter:creator":"@bercodi","twitter:image":"https:\/\/eldigitaldeasturias.com\/radio\/wp-content\/uploads\/2021\/04\/iran-4464374_640.jpg"},"aioseo_meta_data":{"post_id":"5830","title":null,"description":"La Agencia de la Energ\u00eda At\u00f3mica de Ir\u00e1n ha avisado este s\u00e1bado de que sus reservas de material nuclear enriquecido y sus centrifugadoras de procesamiento ...","keywords":[],"keyphrases":{"focus":[],"additional":[]},"primary_term":null,"canonical_url":null,"og_title":null,"og_description":null,"og_object_type":"default","og_image_type":"default","og_image_url":null,"og_image_width":null,"og_image_height":null,"og_image_custom_url":null,"og_image_custom_fields":null,"og_video":"","og_custom_url":null,"og_article_section":null,"og_article_tags":[],"twitter_use_og":false,"twitter_card":"default","twitter_image_type":"default","twitter_image_url":null,"twitter_image_custom_url":null,"twitter_image_custom_fields":null,"twitter_title":null,"twitter_description":null,"schema":{"blockGraphs":[],"customGraphs":[],"default":{"data":{"Article":[],"Course":[],"Dataset":[],"FAQPage":[],"Movie":[],"Person":[],"Product":[],"ProductReview":[],"Car":[],"Recipe":[],"Service":[],"SoftwareApplication":[],"WebPage":[]},"graphName":"","isEnabled":true},"graphs":[],"defaultGraph":"Article","defaultPostTypeGraph":""},"schema_type":"default","schema_type_options":"{\"article\":{\"articleType\":\"BlogPosting\"},\"course\":{\"name\":\"\",\"description\":\"\",\"provider\":\"\"},\"faq\":{\"pages\":[]},\"product\":{\"reviews\":[]},\"recipe\":{\"ingredients\":[],\"instructions\":[],\"keywords\":[]},\"software\":{\"reviews\":[],\"operatingSystems\":[]},\"webPage\":{\"webPageType\":\"WebPage\"}}","pillar_content":false,"robots_default":true,"robots_noindex":false,"robots_noarchive":false,"robots_nosnippet":false,"robots_nofollow":false,"robots_noimageindex":false,"robots_noodp":false,"robots_notranslate":false,"robots_max_snippet":"-1","robots_max_videopreview":"-1","robots_max_imagepreview":"large","priority":null,"frequency":"default","location":null,"local_seo":{"businessInfo":{"name":"","urls":{"website":"","aboutPage":"","contactPage":""},"address":{"line1":"","line2":"","zip":"","city":"","state":"","country":""},"contact":{"email":"","phone":"","fax":""},"ids":{"vatID":"","taxID":"","chamberID":""},"payment":{"priceIndication":"","currenciesAccepted":"","methodsAccepted":""},"areaServed":""},"openingHours":{"show":false,"closedLabel":"","open24h":false,"open24hLabel":"","open247":false,"use24hFormat":false,"twoSets":false,"timezone":"","hours":[]}},"seo_analyzer_scan_date":"2025-08-28 18:37:25","breadcrumb_settings":null,"limit_modified_date":false,"open_ai":null,"ai":null,"created":"2021-04-12 09:05:47","updated":"2025-08-28 18:37:25"},"aioseo_breadcrumb":"<div class=\"aioseo-breadcrumbs\"><span class=\"aioseo-breadcrumb\">\n\t<a href=\"https:\/\/eldigitaldeasturias.com\/radio\" title=\"Inicio\">Inicio<\/a>\n<\/span><span class=\"aioseo-breadcrumb-separator\">&ndash;<\/span><span class=\"aioseo-breadcrumb\">\n\t<a href=\"https:\/\/eldigitaldeasturias.com\/radio\/category\/noticias\/\" title=\"Noticias\">Noticias<\/a>\n<\/span><span class=\"aioseo-breadcrumb-separator\">&ndash;<\/span><span class=\"aioseo-breadcrumb\">\n\tIr\u00e1n aumenta sus reservas y centrifugadoras nucleares\n<\/span><\/div>","aioseo_breadcrumb_json":[{"label":"Inicio","link":"https:\/\/eldigitaldeasturias.com\/radio"},{"label":"Noticias","link":"https:\/\/eldigitaldeasturias.com\/radio\/category\/noticias\/"},{"label":"Ir\u00e1n aumenta sus reservas y centrifugadoras nucleares","link":"https:\/\/eldigitaldeasturias.com\/radio\/iran-aumenta-sus-reservas-y-centrifugadoras-nucleares\/"}],"_links":{"self":[{"href":"https:\/\/eldigitaldeasturias.com\/radio\/wp-json\/wp\/v2\/posts\/5830","targetHints":{"allow":["GET"]}}],"collection":[{"href":"https:\/\/eldigitaldeasturias.com\/radio\/wp-json\/wp\/v2\/posts"}],"about":[{"href":"https:\/\/eldigitaldeasturias.com\/radio\/wp-json\/wp\/v2\/types\/post"}],"author":[{"embeddable":true,"href":"https:\/\/eldigitaldeasturias.com\/radio\/wp-json\/wp\/v2\/users\/1"}],"replies":[{"embeddable":true,"href":"https:\/\/eldigitaldeasturias.com\/radio\/wp-json\/wp\/v2\/comments?post=5830"}],"version-history":[{"count":0,"href":"https:\/\/eldigitaldeasturias.com\/radio\/wp-json\/wp\/v2\/posts\/5830\/revisions"}],"wp:featuredmedia":[{"embeddable":true,"href":"https:\/\/eldigitaldeasturias.com\/radio\/wp-json\/wp\/v2\/media\/5832"}],"wp:attachment":[{"href":"https:\/\/eldigitaldeasturias.com\/radio\/wp-json\/wp\/v2\/media?parent=5830"}],"wp:term":[{"taxonomy":"category","embeddable":true,"href":"https:\/\/eldigitaldeasturias.com\/radio\/wp-json\/wp\/v2\/categories?post=5830"},{"taxonomy":"post_tag","embeddable":true,"href":"https:\/\/eldigitaldeasturias.com\/radio\/wp-json\/wp\/v2\/tags?post=5830"}],"curies":[{"name":"wp","href":"https:\/\/api.w.org\/{rel}","templated":true}]}}