{"id":5807,"date":"2021-04-02T17:05:01","date_gmt":"2021-04-02T17:05:01","guid":{"rendered":"http:\/\/eldigitaldeasturias.com\/radio\/?p=5807"},"modified":"2021-04-02T17:05:01","modified_gmt":"2021-04-02T17:05:01","slug":"ministro-aleman-a-favor-de-prologar-test-para-pasajeros-aereos","status":"publish","type":"post","link":"https:\/\/eldigitaldeasturias.com\/radio\/ministro-aleman-a-favor-de-prologar-test-para-pasajeros-aereos\/","title":{"rendered":"Ministro alem\u00e1n, a favor de prologar test para pasajeros a\u00e9reos"},"content":{"rendered":"<figure id=\"attachment_5808\" aria-describedby=\"caption-attachment-5808\" style=\"width: 360px\" class=\"wp-caption alignleft\"><img fetchpriority=\"high\" decoding=\"async\" class=\"size-medium wp-image-5808\" src=\"https:\/\/eldigitaldeasturias.com\/radio\/wp-content\/uploads\/2021\/04\/Turismo-Transporte-Salud-360x252.jpg\" alt=\"Turismo Transporte Salud\" width=\"360\" height=\"252\" srcset=\"https:\/\/eldigitaldeasturias.com\/radio\/wp-content\/uploads\/2021\/04\/Turismo-Transporte-Salud-360x252.jpg 360w, https:\/\/eldigitaldeasturias.com\/radio\/wp-content\/uploads\/2021\/04\/Turismo-Transporte-Salud-768x537.jpg 768w, https:\/\/eldigitaldeasturias.com\/radio\/wp-content\/uploads\/2021\/04\/Turismo-Transporte-Salud.jpg 959w\" sizes=\"(max-width: 360px) 100vw, 360px\" \/><figcaption id=\"caption-attachment-5808\" class=\"wp-caption-text\">Foto: Boris Roessler\/dpa<\/figcaption><\/figure>\n<p>Berl\u00edn, 2 abr (dpa) &#8211; El ministro alem\u00e1n de Transporte, Andreas Scheuer, se pronunci\u00f3 a favor de prologar la obligaci\u00f3n de presentar test negativos de coronavirus al ingresar por avi\u00f3n al pa\u00eds, medida que de momento rige hasta el 12 de mayo, seg\u00fan se\u00f1al\u00f3 a <a href=\"https:\/\/www.dpa.com\/es\/\" target=\"_blank\" rel=\"noopener\"><span style=\"color: #ff6600;\"><strong>dpa<\/strong><\/span><\/a>.<\/p>\n<p>\u00abDebe mantenerse. Esto se volver\u00e1 rutina en las pr\u00f3ximas semanas. Las pruebas se convertir\u00e1n en algo normal cuando se est\u00e9 de viaje. Las necesitamos como puente hasta que completemos la vacunaci\u00f3n\u00bb, explic\u00f3 Scheuer.<\/p>\n<p>La obligaci\u00f3n de hacer pruebas en general a todos los pasajeros a\u00e9reos est\u00e1 en vigor en Alemania desde el martes. Los test deben ser realizados antes del despegue en el pa\u00eds de partida. Quien no est\u00e9 en condiciones de presentar un resultado negativo a la aerol\u00ednea que lo transporta, no tendr\u00e1 permiso para subir al avi\u00f3n.<\/p>\n<p>\u00abHemos encontrado soluciones muy pragm\u00e1ticas y buenas en cooperaci\u00f3n con las aerol\u00edneas y operadores tur\u00edsticos para realizar pruebas obligatorias a toda persona que viaje al extranjero, como por ejemplo a Mallorca, aunque quiero decir con toda claridad: en estos momentos, viajar al extranjero no es una buena idea\u00bb, se\u00f1al\u00f3 Scheuer.<\/p>\n<p>La isla espa\u00f1ola es un destino muy popular entre los alemanes.<\/p>\n<p>&nbsp;<\/p>\n","protected":false},"excerpt":{"rendered":"<p>Berl\u00edn, 2 abr (dpa) &#8211; El ministro alem\u00e1n de Transporte, Andreas Scheuer, se pronunci\u00f3 a favor de prologar la obligaci\u00f3n de presentar test negativos de coronavirus al ingresar por avi\u00f3n al pa\u00eds, medida que de momento rige hasta el 12 de mayo, seg\u00fan se\u00f1al\u00f3 a dpa. \u00abDebe mantenerse. Esto se volver\u00e1 rutina en las pr\u00f3ximas<\/p>\n","protected":false},"author":1,"featured_media":5808,"comment_status":"closed","ping_status":"closed","sticky":false,"template":"","format":"standard","meta":{"footnotes":""},"categories":[34],"tags":[],"class_list":{"0":"post-5807","1":"post","2":"type-post","3":"status-publish","4":"format-standard","5":"has-post-thumbnail","7":"category-turismo"},"aioseo_notices":[],"aioseo_head":"\n\t\t<!-- All in One SEO Pro 4.9.6.2 - aioseo.com -->\n\t<meta name=\"description\" content=\"Andreas Scheuer, se pronunci\u00f3 a favor de prologar la obligaci\u00f3n de presentar test negativos de coronavirus al ingresar por avi\u00f3n al pa\u00eds.Berl\u00edn, 2 abr (dpa) - El ministro alem\u00e1n de Transporte, Andreas Scheuer, se pronunci\u00f3 a favor de prologar la obligaci\u00f3n de presentar test negativos de coronavirus al ingresar por avi\u00f3n al pa\u00eds, medida que de momento rige hasta el 12 de mayo, seg\u00fan se\u00f1al\u00f3 a dpa. &quot;Debe mantenerse. Esto se volver\u00e1 rutina en las pr\u00f3ximas\" \/>\n\t<meta name=\"robots\" content=\"max-image-preview:large\" \/>\n\t<meta name=\"author\" content=\"NBAsturias\"\/>\n\t<meta name=\"google-site-verification\" content=\"UA-38556648-1\" \/>\n\t<meta name=\"keywords\" content=\"turismo\" \/>\n\t<link rel=\"canonical\" href=\"https:\/\/eldigitaldeasturias.com\/radio\/ministro-aleman-a-favor-de-prologar-test-para-pasajeros-aereos\/\" \/>\n\t<meta name=\"generator\" content=\"All in One SEO Pro (AIOSEO) 4.9.6.2\" \/>\n\t\t<meta property=\"og:locale\" content=\"es_ES\" \/>\n\t\t<meta property=\"og:site_name\" content=\"El Digital de Asturias | Diario de informaci\u00f3n y noticias\" \/>\n\t\t<meta property=\"og:type\" content=\"article\" \/>\n\t\t<meta property=\"og:title\" content=\"Ministro alem\u00e1n, a favor de prologar test para pasajeros a\u00e9reos | El Digital de Asturias\" \/>\n\t\t<meta property=\"og:description\" content=\"Andreas Scheuer, se pronunci\u00f3 a favor de prologar la obligaci\u00f3n de presentar test negativos de coronavirus al ingresar por avi\u00f3n al pa\u00eds.Berl\u00edn, 2 abr (dpa) - El ministro alem\u00e1n de Transporte, Andreas Scheuer, se pronunci\u00f3 a favor de prologar la obligaci\u00f3n de presentar test negativos de coronavirus al ingresar por avi\u00f3n al pa\u00eds, medida que de momento rige hasta el 12 de mayo, seg\u00fan se\u00f1al\u00f3 a dpa. &quot;Debe mantenerse. Esto se volver\u00e1 rutina en las pr\u00f3ximas\" \/>\n\t\t<meta property=\"og:url\" content=\"https:\/\/eldigitaldeasturias.com\/radio\/ministro-aleman-a-favor-de-prologar-test-para-pasajeros-aereos\/\" \/>\n\t\t<meta property=\"og:image\" content=\"https:\/\/eldigitaldeasturias.com\/radio\/wp-content\/uploads\/2021\/04\/Turismo-Transporte-Salud.jpg\" \/>\n\t\t<meta property=\"og:image:secure_url\" content=\"https:\/\/eldigitaldeasturias.com\/radio\/wp-content\/uploads\/2021\/04\/Turismo-Transporte-Salud.jpg\" \/>\n\t\t<meta property=\"og:image:width\" content=\"959\" \/>\n\t\t<meta property=\"og:image:height\" content=\"671\" \/>\n\t\t<meta property=\"article:published_time\" content=\"2021-04-02T17:05:01+00:00\" \/>\n\t\t<meta property=\"article:modified_time\" content=\"2021-04-02T17:05:01+00:00\" \/>\n\t\t<meta name=\"twitter:card\" content=\"summary_large_image\" \/>\n\t\t<meta name=\"twitter:site\" content=\"@bercodi\" \/>\n\t\t<meta name=\"twitter:title\" content=\"Ministro alem\u00e1n, a favor de prologar test para pasajeros a\u00e9reos | El Digital de Asturias\" \/>\n\t\t<meta name=\"twitter:description\" content=\"Andreas Scheuer, se pronunci\u00f3 a favor de prologar la obligaci\u00f3n de presentar test negativos de coronavirus al ingresar por avi\u00f3n al pa\u00eds.Berl\u00edn, 2 abr (dpa) - El ministro alem\u00e1n de Transporte, Andreas Scheuer, se pronunci\u00f3 a favor de prologar la obligaci\u00f3n de presentar test negativos de coronavirus al ingresar por avi\u00f3n al pa\u00eds, medida que de momento rige hasta el 12 de mayo, seg\u00fan se\u00f1al\u00f3 a dpa. &quot;Debe mantenerse. Esto se volver\u00e1 rutina en las pr\u00f3ximas\" \/>\n\t\t<meta name=\"twitter:creator\" content=\"@bercodi\" \/>\n\t\t<meta name=\"twitter:image\" content=\"https:\/\/eldigitaldeasturias.com\/radio\/wp-content\/uploads\/2021\/04\/Turismo-Transporte-Salud.jpg\" \/>\n\t\t<script type=\"application\/ld+json\" class=\"aioseo-schema\">\n\t\t\t{\"@context\":\"https:\\\/\\\/schema.org\",\"@graph\":[{\"@type\":\"BreadcrumbList\",\"@id\":\"https:\\\/\\\/eldigitaldeasturias.com\\\/radio\\\/ministro-aleman-a-favor-de-prologar-test-para-pasajeros-aereos\\\/#breadcrumblist\",\"itemListElement\":[{\"@type\":\"ListItem\",\"@id\":\"https:\\\/\\\/eldigitaldeasturias.com\\\/radio#listItem\",\"position\":1,\"name\":\"Inicio\",\"item\":\"https:\\\/\\\/eldigitaldeasturias.com\\\/radio\",\"nextItem\":{\"@type\":\"ListItem\",\"@id\":\"https:\\\/\\\/eldigitaldeasturias.com\\\/radio\\\/category\\\/turismo\\\/#listItem\",\"name\":\"Turismo\"}},{\"@type\":\"ListItem\",\"@id\":\"https:\\\/\\\/eldigitaldeasturias.com\\\/radio\\\/category\\\/turismo\\\/#listItem\",\"position\":2,\"name\":\"Turismo\",\"item\":\"https:\\\/\\\/eldigitaldeasturias.com\\\/radio\\\/category\\\/turismo\\\/\",\"nextItem\":{\"@type\":\"ListItem\",\"@id\":\"https:\\\/\\\/eldigitaldeasturias.com\\\/radio\\\/ministro-aleman-a-favor-de-prologar-test-para-pasajeros-aereos\\\/#listItem\",\"name\":\"Ministro alem\\u00e1n, a favor de prologar test para pasajeros a\\u00e9reos\"},\"previousItem\":{\"@type\":\"ListItem\",\"@id\":\"https:\\\/\\\/eldigitaldeasturias.com\\\/radio#listItem\",\"name\":\"Inicio\"}},{\"@type\":\"ListItem\",\"@id\":\"https:\\\/\\\/eldigitaldeasturias.com\\\/radio\\\/ministro-aleman-a-favor-de-prologar-test-para-pasajeros-aereos\\\/#listItem\",\"position\":3,\"name\":\"Ministro alem\\u00e1n, a favor de prologar test para pasajeros a\\u00e9reos\",\"previousItem\":{\"@type\":\"ListItem\",\"@id\":\"https:\\\/\\\/eldigitaldeasturias.com\\\/radio\\\/category\\\/turismo\\\/#listItem\",\"name\":\"Turismo\"}}]},{\"@type\":\"NewsArticle\",\"@id\":\"https:\\\/\\\/eldigitaldeasturias.com\\\/radio\\\/ministro-aleman-a-favor-de-prologar-test-para-pasajeros-aereos\\\/#newsarticle\",\"name\":\"Ministro alem\\u00e1n, a favor de prologar test para pasajeros a\\u00e9reos | El Digital de Asturias\",\"headline\":\"Ministro alem\\u00e1n, a favor de prologar test para pasajeros a\\u00e9reos\",\"author\":{\"@id\":\"https:\\\/\\\/eldigitaldeasturias.com\\\/radio\\\/author\\\/nbasturias\\\/#author\"},\"publisher\":{\"@id\":\"https:\\\/\\\/eldigitaldeasturias.com\\\/radio\\\/#organization\"},\"image\":{\"@type\":\"ImageObject\",\"url\":\"https:\\\/\\\/eldigitaldeasturias.com\\\/radio\\\/wp-content\\\/uploads\\\/2021\\\/04\\\/Turismo-Transporte-Salud.jpg\",\"width\":959,\"height\":671,\"caption\":\"Foto: Boris Roessler\\\/dpa\"},\"datePublished\":\"2021-04-02T17:05:01+02:00\",\"dateModified\":\"2021-04-02T17:05:01+02:00\",\"inLanguage\":\"es-ES\",\"mainEntityOfPage\":{\"@id\":\"https:\\\/\\\/eldigitaldeasturias.com\\\/radio\\\/ministro-aleman-a-favor-de-prologar-test-para-pasajeros-aereos\\\/#webpage\"},\"isPartOf\":{\"@id\":\"https:\\\/\\\/eldigitaldeasturias.com\\\/radio\\\/ministro-aleman-a-favor-de-prologar-test-para-pasajeros-aereos\\\/#webpage\"},\"articleSection\":\"Turismo\",\"dateline\":\"Publicado el abril 2, 2021.\"},{\"@type\":\"Organization\",\"@id\":\"https:\\\/\\\/eldigitaldeasturias.com\\\/radio\\\/#organization\",\"name\":\"El digital de Asturias Radio\",\"description\":\"Diario de informaci\\u00f3n y noticias\",\"url\":\"https:\\\/\\\/eldigitaldeasturias.com\\\/radio\\\/\",\"telephone\":\"+34652131393\",\"logo\":{\"@type\":\"ImageObject\",\"url\":\"https:\\\/\\\/www.eldigitaldeasturias.com\\\/radio\\\/wp-content\\\/uploads\\\/2021\\\/03\\\/EDA.jpg\",\"@id\":\"https:\\\/\\\/eldigitaldeasturias.com\\\/radio\\\/ministro-aleman-a-favor-de-prologar-test-para-pasajeros-aereos\\\/#organizationLogo\"},\"image\":{\"@id\":\"https:\\\/\\\/eldigitaldeasturias.com\\\/radio\\\/ministro-aleman-a-favor-de-prologar-test-para-pasajeros-aereos\\\/#organizationLogo\"},\"sameAs\":[\"https:\\\/\\\/www.facebook.com\\\/\",\"https:\\\/\\\/x.com\\\/bercodi\",\"https:\\\/\\\/www.instagram.com\\\/\",\"https:\\\/\\\/www.youtube.com\\\/channel\\\/UCZP-2wLEB9Rv6erhFmqVnvg\"]},{\"@type\":\"Person\",\"@id\":\"https:\\\/\\\/eldigitaldeasturias.com\\\/radio\\\/author\\\/nbasturias\\\/#author\",\"url\":\"https:\\\/\\\/eldigitaldeasturias.com\\\/radio\\\/author\\\/nbasturias\\\/\",\"name\":\"NBAsturias\",\"image\":{\"@type\":\"ImageObject\",\"@id\":\"https:\\\/\\\/eldigitaldeasturias.com\\\/radio\\\/ministro-aleman-a-favor-de-prologar-test-para-pasajeros-aereos\\\/#authorImage\",\"url\":\"https:\\\/\\\/secure.gravatar.com\\\/avatar\\\/df2aeffc32bcd13f8d26072ef8a91b623d677766deac7f97ca815868cd41bf5e?s=96&d=mm&r=g\",\"width\":96,\"height\":96,\"caption\":\"NBAsturias\"}},{\"@type\":\"WebPage\",\"@id\":\"https:\\\/\\\/eldigitaldeasturias.com\\\/radio\\\/ministro-aleman-a-favor-de-prologar-test-para-pasajeros-aereos\\\/#webpage\",\"url\":\"https:\\\/\\\/eldigitaldeasturias.com\\\/radio\\\/ministro-aleman-a-favor-de-prologar-test-para-pasajeros-aereos\\\/\",\"name\":\"Ministro alem\\u00e1n, a favor de prologar test para pasajeros a\\u00e9reos | El Digital de Asturias\",\"description\":\"Andreas Scheuer, se pronunci\\u00f3 a favor de prologar la obligaci\\u00f3n de presentar test negativos de coronavirus al ingresar por avi\\u00f3n al pa\\u00eds.Berl\\u00edn, 2 abr (dpa) - El ministro alem\\u00e1n de Transporte, Andreas Scheuer, se pronunci\\u00f3 a favor de prologar la obligaci\\u00f3n de presentar test negativos de coronavirus al ingresar por avi\\u00f3n al pa\\u00eds, medida que de momento rige hasta el 12 de mayo, seg\\u00fan se\\u00f1al\\u00f3 a dpa. \\\"Debe mantenerse. Esto se volver\\u00e1 rutina en las pr\\u00f3ximas\",\"inLanguage\":\"es-ES\",\"isPartOf\":{\"@id\":\"https:\\\/\\\/eldigitaldeasturias.com\\\/radio\\\/#website\"},\"breadcrumb\":{\"@id\":\"https:\\\/\\\/eldigitaldeasturias.com\\\/radio\\\/ministro-aleman-a-favor-de-prologar-test-para-pasajeros-aereos\\\/#breadcrumblist\"},\"author\":{\"@id\":\"https:\\\/\\\/eldigitaldeasturias.com\\\/radio\\\/author\\\/nbasturias\\\/#author\"},\"creator\":{\"@id\":\"https:\\\/\\\/eldigitaldeasturias.com\\\/radio\\\/author\\\/nbasturias\\\/#author\"},\"image\":{\"@type\":\"ImageObject\",\"url\":\"https:\\\/\\\/eldigitaldeasturias.com\\\/radio\\\/wp-content\\\/uploads\\\/2021\\\/04\\\/Turismo-Transporte-Salud.jpg\",\"@id\":\"https:\\\/\\\/eldigitaldeasturias.com\\\/radio\\\/ministro-aleman-a-favor-de-prologar-test-para-pasajeros-aereos\\\/#mainImage\",\"width\":959,\"height\":671,\"caption\":\"Foto: Boris Roessler\\\/dpa\"},\"primaryImageOfPage\":{\"@id\":\"https:\\\/\\\/eldigitaldeasturias.com\\\/radio\\\/ministro-aleman-a-favor-de-prologar-test-para-pasajeros-aereos\\\/#mainImage\"},\"datePublished\":\"2021-04-02T17:05:01+02:00\",\"dateModified\":\"2021-04-02T17:05:01+02:00\"},{\"@type\":\"WebSite\",\"@id\":\"https:\\\/\\\/eldigitaldeasturias.com\\\/radio\\\/#website\",\"url\":\"https:\\\/\\\/eldigitaldeasturias.com\\\/radio\\\/\",\"name\":\"El Digital de Asturias\",\"description\":\"Diario de informaci\\u00f3n y noticias\",\"inLanguage\":\"es-ES\",\"publisher\":{\"@id\":\"https:\\\/\\\/eldigitaldeasturias.com\\\/radio\\\/#organization\"}}]}\n\t\t<\/script>\n\t\t<!-- All in One SEO Pro -->\r\n\t\t<title>Ministro alem\u00e1n, a favor de prologar test para pasajeros a\u00e9reos | El Digital de Asturias<\/title>\n\n","aioseo_head_json":{"title":"Ministro alem\u00e1n, a favor de prologar test para pasajeros a\u00e9reos | El Digital de Asturias","description":"Andreas Scheuer, se pronunci\u00f3 a favor de prologar la obligaci\u00f3n de presentar test negativos de coronavirus al ingresar por avi\u00f3n al pa\u00eds.Berl\u00edn, 2 abr (dpa) - El ministro alem\u00e1n de Transporte, Andreas Scheuer, se pronunci\u00f3 a favor de prologar la obligaci\u00f3n de presentar test negativos de coronavirus al ingresar por avi\u00f3n al pa\u00eds, medida que de momento rige hasta el 12 de mayo, seg\u00fan se\u00f1al\u00f3 a dpa. \"Debe mantenerse. Esto se volver\u00e1 rutina en las pr\u00f3ximas","canonical_url":"https:\/\/eldigitaldeasturias.com\/radio\/ministro-aleman-a-favor-de-prologar-test-para-pasajeros-aereos\/","robots":"max-image-preview:large","keywords":"turismo","webmasterTools":{"google-site-verification":"UA-38556648-1","miscellaneous":""},"schema":{"@context":"https:\/\/schema.org","@graph":[{"@type":"BreadcrumbList","@id":"https:\/\/eldigitaldeasturias.com\/radio\/ministro-aleman-a-favor-de-prologar-test-para-pasajeros-aereos\/#breadcrumblist","itemListElement":[{"@type":"ListItem","@id":"https:\/\/eldigitaldeasturias.com\/radio#listItem","position":1,"name":"Inicio","item":"https:\/\/eldigitaldeasturias.com\/radio","nextItem":{"@type":"ListItem","@id":"https:\/\/eldigitaldeasturias.com\/radio\/category\/turismo\/#listItem","name":"Turismo"}},{"@type":"ListItem","@id":"https:\/\/eldigitaldeasturias.com\/radio\/category\/turismo\/#listItem","position":2,"name":"Turismo","item":"https:\/\/eldigitaldeasturias.com\/radio\/category\/turismo\/","nextItem":{"@type":"ListItem","@id":"https:\/\/eldigitaldeasturias.com\/radio\/ministro-aleman-a-favor-de-prologar-test-para-pasajeros-aereos\/#listItem","name":"Ministro alem\u00e1n, a favor de prologar test para pasajeros a\u00e9reos"},"previousItem":{"@type":"ListItem","@id":"https:\/\/eldigitaldeasturias.com\/radio#listItem","name":"Inicio"}},{"@type":"ListItem","@id":"https:\/\/eldigitaldeasturias.com\/radio\/ministro-aleman-a-favor-de-prologar-test-para-pasajeros-aereos\/#listItem","position":3,"name":"Ministro alem\u00e1n, a favor de prologar test para pasajeros a\u00e9reos","previousItem":{"@type":"ListItem","@id":"https:\/\/eldigitaldeasturias.com\/radio\/category\/turismo\/#listItem","name":"Turismo"}}]},{"@type":"NewsArticle","@id":"https:\/\/eldigitaldeasturias.com\/radio\/ministro-aleman-a-favor-de-prologar-test-para-pasajeros-aereos\/#newsarticle","name":"Ministro alem\u00e1n, a favor de prologar test para pasajeros a\u00e9reos | El Digital de Asturias","headline":"Ministro alem\u00e1n, a favor de prologar test para pasajeros a\u00e9reos","author":{"@id":"https:\/\/eldigitaldeasturias.com\/radio\/author\/nbasturias\/#author"},"publisher":{"@id":"https:\/\/eldigitaldeasturias.com\/radio\/#organization"},"image":{"@type":"ImageObject","url":"https:\/\/eldigitaldeasturias.com\/radio\/wp-content\/uploads\/2021\/04\/Turismo-Transporte-Salud.jpg","width":959,"height":671,"caption":"Foto: Boris Roessler\/dpa"},"datePublished":"2021-04-02T17:05:01+02:00","dateModified":"2021-04-02T17:05:01+02:00","inLanguage":"es-ES","mainEntityOfPage":{"@id":"https:\/\/eldigitaldeasturias.com\/radio\/ministro-aleman-a-favor-de-prologar-test-para-pasajeros-aereos\/#webpage"},"isPartOf":{"@id":"https:\/\/eldigitaldeasturias.com\/radio\/ministro-aleman-a-favor-de-prologar-test-para-pasajeros-aereos\/#webpage"},"articleSection":"Turismo","dateline":"Publicado el abril 2, 2021."},{"@type":"Organization","@id":"https:\/\/eldigitaldeasturias.com\/radio\/#organization","name":"El digital de Asturias Radio","description":"Diario de informaci\u00f3n y noticias","url":"https:\/\/eldigitaldeasturias.com\/radio\/","telephone":"+34652131393","logo":{"@type":"ImageObject","url":"https:\/\/www.eldigitaldeasturias.com\/radio\/wp-content\/uploads\/2021\/03\/EDA.jpg","@id":"https:\/\/eldigitaldeasturias.com\/radio\/ministro-aleman-a-favor-de-prologar-test-para-pasajeros-aereos\/#organizationLogo"},"image":{"@id":"https:\/\/eldigitaldeasturias.com\/radio\/ministro-aleman-a-favor-de-prologar-test-para-pasajeros-aereos\/#organizationLogo"},"sameAs":["https:\/\/www.facebook.com\/","https:\/\/x.com\/bercodi","https:\/\/www.instagram.com\/","https:\/\/www.youtube.com\/channel\/UCZP-2wLEB9Rv6erhFmqVnvg"]},{"@type":"Person","@id":"https:\/\/eldigitaldeasturias.com\/radio\/author\/nbasturias\/#author","url":"https:\/\/eldigitaldeasturias.com\/radio\/author\/nbasturias\/","name":"NBAsturias","image":{"@type":"ImageObject","@id":"https:\/\/eldigitaldeasturias.com\/radio\/ministro-aleman-a-favor-de-prologar-test-para-pasajeros-aereos\/#authorImage","url":"https:\/\/secure.gravatar.com\/avatar\/df2aeffc32bcd13f8d26072ef8a91b623d677766deac7f97ca815868cd41bf5e?s=96&d=mm&r=g","width":96,"height":96,"caption":"NBAsturias"}},{"@type":"WebPage","@id":"https:\/\/eldigitaldeasturias.com\/radio\/ministro-aleman-a-favor-de-prologar-test-para-pasajeros-aereos\/#webpage","url":"https:\/\/eldigitaldeasturias.com\/radio\/ministro-aleman-a-favor-de-prologar-test-para-pasajeros-aereos\/","name":"Ministro alem\u00e1n, a favor de prologar test para pasajeros a\u00e9reos | El Digital de Asturias","description":"Andreas Scheuer, se pronunci\u00f3 a favor de prologar la obligaci\u00f3n de presentar test negativos de coronavirus al ingresar por avi\u00f3n al pa\u00eds.Berl\u00edn, 2 abr (dpa) - El ministro alem\u00e1n de Transporte, Andreas Scheuer, se pronunci\u00f3 a favor de prologar la obligaci\u00f3n de presentar test negativos de coronavirus al ingresar por avi\u00f3n al pa\u00eds, medida que de momento rige hasta el 12 de mayo, seg\u00fan se\u00f1al\u00f3 a dpa. \"Debe mantenerse. Esto se volver\u00e1 rutina en las pr\u00f3ximas","inLanguage":"es-ES","isPartOf":{"@id":"https:\/\/eldigitaldeasturias.com\/radio\/#website"},"breadcrumb":{"@id":"https:\/\/eldigitaldeasturias.com\/radio\/ministro-aleman-a-favor-de-prologar-test-para-pasajeros-aereos\/#breadcrumblist"},"author":{"@id":"https:\/\/eldigitaldeasturias.com\/radio\/author\/nbasturias\/#author"},"creator":{"@id":"https:\/\/eldigitaldeasturias.com\/radio\/author\/nbasturias\/#author"},"image":{"@type":"ImageObject","url":"https:\/\/eldigitaldeasturias.com\/radio\/wp-content\/uploads\/2021\/04\/Turismo-Transporte-Salud.jpg","@id":"https:\/\/eldigitaldeasturias.com\/radio\/ministro-aleman-a-favor-de-prologar-test-para-pasajeros-aereos\/#mainImage","width":959,"height":671,"caption":"Foto: Boris Roessler\/dpa"},"primaryImageOfPage":{"@id":"https:\/\/eldigitaldeasturias.com\/radio\/ministro-aleman-a-favor-de-prologar-test-para-pasajeros-aereos\/#mainImage"},"datePublished":"2021-04-02T17:05:01+02:00","dateModified":"2021-04-02T17:05:01+02:00"},{"@type":"WebSite","@id":"https:\/\/eldigitaldeasturias.com\/radio\/#website","url":"https:\/\/eldigitaldeasturias.com\/radio\/","name":"El Digital de Asturias","description":"Diario de informaci\u00f3n y noticias","inLanguage":"es-ES","publisher":{"@id":"https:\/\/eldigitaldeasturias.com\/radio\/#organization"}}]},"og:locale":"es_ES","og:site_name":"El Digital de Asturias | Diario de informaci\u00f3n y noticias","og:type":"article","og:title":"Ministro alem\u00e1n, a favor de prologar test para pasajeros a\u00e9reos | El Digital de Asturias","og:description":"Andreas Scheuer, se pronunci\u00f3 a favor de prologar la obligaci\u00f3n de presentar test negativos de coronavirus al ingresar por avi\u00f3n al pa\u00eds.Berl\u00edn, 2 abr (dpa) - El ministro alem\u00e1n de Transporte, Andreas Scheuer, se pronunci\u00f3 a favor de prologar la obligaci\u00f3n de presentar test negativos de coronavirus al ingresar por avi\u00f3n al pa\u00eds, medida que de momento rige hasta el 12 de mayo, seg\u00fan se\u00f1al\u00f3 a dpa. &quot;Debe mantenerse. Esto se volver\u00e1 rutina en las pr\u00f3ximas","og:url":"https:\/\/eldigitaldeasturias.com\/radio\/ministro-aleman-a-favor-de-prologar-test-para-pasajeros-aereos\/","og:image":"https:\/\/eldigitaldeasturias.com\/radio\/wp-content\/uploads\/2021\/04\/Turismo-Transporte-Salud.jpg","og:image:secure_url":"https:\/\/eldigitaldeasturias.com\/radio\/wp-content\/uploads\/2021\/04\/Turismo-Transporte-Salud.jpg","og:image:width":959,"og:image:height":671,"article:published_time":"2021-04-02T17:05:01+00:00","article:modified_time":"2021-04-02T17:05:01+00:00","twitter:card":"summary_large_image","twitter:site":"@bercodi","twitter:title":"Ministro alem\u00e1n, a favor de prologar test para pasajeros a\u00e9reos | El Digital de Asturias","twitter:description":"Andreas Scheuer, se pronunci\u00f3 a favor de prologar la obligaci\u00f3n de presentar test negativos de coronavirus al ingresar por avi\u00f3n al pa\u00eds.Berl\u00edn, 2 abr (dpa) - El ministro alem\u00e1n de Transporte, Andreas Scheuer, se pronunci\u00f3 a favor de prologar la obligaci\u00f3n de presentar test negativos de coronavirus al ingresar por avi\u00f3n al pa\u00eds, medida que de momento rige hasta el 12 de mayo, seg\u00fan se\u00f1al\u00f3 a dpa. &quot;Debe mantenerse. Esto se volver\u00e1 rutina en las pr\u00f3ximas","twitter:creator":"@bercodi","twitter:image":"https:\/\/eldigitaldeasturias.com\/radio\/wp-content\/uploads\/2021\/04\/Turismo-Transporte-Salud.jpg"},"aioseo_meta_data":{"post_id":"5807","title":null,"description":"&nbsp;Andreas Scheuer, se pronunci\u00f3 a favor de prologar la obligaci\u00f3n de presentar test negativos de coronavirus al ingresar por avi\u00f3n al pa\u00eds.#post_excerpt","keywords":[],"keyphrases":{"focus":[],"additional":[]},"primary_term":null,"canonical_url":null,"og_title":null,"og_description":null,"og_object_type":"default","og_image_type":"default","og_image_url":null,"og_image_width":null,"og_image_height":null,"og_image_custom_url":null,"og_image_custom_fields":null,"og_video":"","og_custom_url":null,"og_article_section":null,"og_article_tags":[],"twitter_use_og":false,"twitter_card":"default","twitter_image_type":"default","twitter_image_url":null,"twitter_image_custom_url":null,"twitter_image_custom_fields":null,"twitter_title":null,"twitter_description":null,"schema":{"blockGraphs":[],"customGraphs":[],"default":{"data":{"Article":[],"Course":[],"Dataset":[],"FAQPage":[],"Movie":[],"Person":[],"Product":[],"ProductReview":[],"Car":[],"Recipe":[],"Service":[],"SoftwareApplication":[],"WebPage":[]},"graphName":"","isEnabled":true},"graphs":[],"defaultGraph":"Article","defaultPostTypeGraph":""},"schema_type":"default","schema_type_options":"{\"article\":{\"articleType\":\"BlogPosting\"},\"course\":{\"name\":\"\",\"description\":\"\",\"provider\":\"\"},\"faq\":{\"pages\":[]},\"product\":{\"reviews\":[]},\"recipe\":{\"ingredients\":[],\"instructions\":[],\"keywords\":[]},\"software\":{\"reviews\":[],\"operatingSystems\":[]},\"webPage\":{\"webPageType\":\"WebPage\"}}","pillar_content":false,"robots_default":true,"robots_noindex":false,"robots_noarchive":false,"robots_nosnippet":false,"robots_nofollow":false,"robots_noimageindex":false,"robots_noodp":false,"robots_notranslate":false,"robots_max_snippet":"-1","robots_max_videopreview":"-1","robots_max_imagepreview":"large","priority":null,"frequency":"default","location":null,"local_seo":{"businessInfo":{"name":"","urls":{"website":"","aboutPage":"","contactPage":""},"address":{"line1":"","line2":"","zip":"","city":"","state":"","country":""},"contact":{"email":"","phone":"","fax":""},"ids":{"vatID":"","taxID":"","chamberID":""},"payment":{"priceIndication":"","currenciesAccepted":"","methodsAccepted":""},"areaServed":""},"openingHours":{"show":false,"closedLabel":"","open24h":false,"open24hLabel":"","open247":false,"use24hFormat":false,"twoSets":false,"timezone":"","hours":[]}},"seo_analyzer_scan_date":"2025-08-28 18:35:25","breadcrumb_settings":null,"limit_modified_date":false,"open_ai":null,"ai":null,"created":"2021-04-02 17:02:49","updated":"2025-08-28 18:35:25"},"aioseo_breadcrumb":"<div class=\"aioseo-breadcrumbs\"><span class=\"aioseo-breadcrumb\">\n\t<a href=\"https:\/\/eldigitaldeasturias.com\/radio\" title=\"Inicio\">Inicio<\/a>\n<\/span><span class=\"aioseo-breadcrumb-separator\">&ndash;<\/span><span class=\"aioseo-breadcrumb\">\n\t<a href=\"https:\/\/eldigitaldeasturias.com\/radio\/category\/turismo\/\" title=\"Turismo\">Turismo<\/a>\n<\/span><span class=\"aioseo-breadcrumb-separator\">&ndash;<\/span><span class=\"aioseo-breadcrumb\">\n\tMinistro alem\u00e1n, a favor de prologar test para pasajeros a\u00e9reos\n<\/span><\/div>","aioseo_breadcrumb_json":[{"label":"Inicio","link":"https:\/\/eldigitaldeasturias.com\/radio"},{"label":"Turismo","link":"https:\/\/eldigitaldeasturias.com\/radio\/category\/turismo\/"},{"label":"Ministro alem\u00e1n, a favor de prologar test para pasajeros a\u00e9reos","link":"https:\/\/eldigitaldeasturias.com\/radio\/ministro-aleman-a-favor-de-prologar-test-para-pasajeros-aereos\/"}],"_links":{"self":[{"href":"https:\/\/eldigitaldeasturias.com\/radio\/wp-json\/wp\/v2\/posts\/5807","targetHints":{"allow":["GET"]}}],"collection":[{"href":"https:\/\/eldigitaldeasturias.com\/radio\/wp-json\/wp\/v2\/posts"}],"about":[{"href":"https:\/\/eldigitaldeasturias.com\/radio\/wp-json\/wp\/v2\/types\/post"}],"author":[{"embeddable":true,"href":"https:\/\/eldigitaldeasturias.com\/radio\/wp-json\/wp\/v2\/users\/1"}],"replies":[{"embeddable":true,"href":"https:\/\/eldigitaldeasturias.com\/radio\/wp-json\/wp\/v2\/comments?post=5807"}],"version-history":[{"count":0,"href":"https:\/\/eldigitaldeasturias.com\/radio\/wp-json\/wp\/v2\/posts\/5807\/revisions"}],"wp:featuredmedia":[{"embeddable":true,"href":"https:\/\/eldigitaldeasturias.com\/radio\/wp-json\/wp\/v2\/media\/5808"}],"wp:attachment":[{"href":"https:\/\/eldigitaldeasturias.com\/radio\/wp-json\/wp\/v2\/media?parent=5807"}],"wp:term":[{"taxonomy":"category","embeddable":true,"href":"https:\/\/eldigitaldeasturias.com\/radio\/wp-json\/wp\/v2\/categories?post=5807"},{"taxonomy":"post_tag","embeddable":true,"href":"https:\/\/eldigitaldeasturias.com\/radio\/wp-json\/wp\/v2\/tags?post=5807"}],"curies":[{"name":"wp","href":"https:\/\/api.w.org\/{rel}","templated":true}]}}