{"id":5800,"date":"2021-04-02T16:58:23","date_gmt":"2021-04-02T16:58:23","guid":{"rendered":"http:\/\/eldigitaldeasturias.com\/radio\/?p=5800"},"modified":"2021-04-02T16:58:23","modified_gmt":"2021-04-02T16:58:23","slug":"bavaro-soder-favorito-para-suceder-como-candidato-a-merkel","status":"publish","type":"post","link":"https:\/\/eldigitaldeasturias.com\/radio\/bavaro-soder-favorito-para-suceder-como-candidato-a-merkel\/","title":{"rendered":"B\u00e1varo S\u00f6der, favorito para suceder como candidato a Merkel"},"content":{"rendered":"<p><img fetchpriority=\"high\" decoding=\"async\" class=\"alignleft size-medium wp-image-1439\" src=\"https:\/\/eldigitaldeasturias.com\/radio\/wp-content\/uploads\/2018\/10\/berlin-76509_960_720-360x270.jpg\" alt=\"\" width=\"360\" height=\"270\" srcset=\"https:\/\/eldigitaldeasturias.com\/radio\/wp-content\/uploads\/2018\/10\/berlin-76509_960_720-360x270.jpg 360w, https:\/\/eldigitaldeasturias.com\/radio\/wp-content\/uploads\/2018\/10\/berlin-76509_960_720-768x576.jpg 768w, https:\/\/eldigitaldeasturias.com\/radio\/wp-content\/uploads\/2018\/10\/berlin-76509_960_720.jpg 960w\" sizes=\"(max-width: 360px) 100vw, 360px\" \/>Berl\u00edn, 1 abr (dpa) &#8211; El primer ministro de Baviera, el l\u00edder socialcristiano Markus S\u00f6der, es el claro favorito para suceder a Angela Merkel como candidato conservador en las elecciones generales del 26 de septiembre, indica una encuesta publicada hoy por el instituto Forsa.<\/p>\n<p>El sondeo revel\u00f3 que un 68 por ciento de los miembros de la Uni\u00f3n Dem\u00f3crata Cristiana (CDU) de Merkel, la socia de la CSU b\u00e1vara, respaldan a S\u00f6der como candidato de los conservadores.<\/p>\n<p>Solo un 21 por ciento de los afiliados a la CDU se inclinaron por el presidente de la agrupaci\u00f3n, el primer ministro del estado de Renania del Norte-Westfalia, Armin Laschet, arroj\u00f3 la consulta encargada por el grupo de medios Redaktionsnetwerk Deutschland. Un 11 por ciento manifest\u00f3 estar indeciso.<\/p>\n<p>Las preferencias por S\u00f6der, quien preside la CSU, se han visto reflejadas \u00faltimamente en varias encuestas. El ex periodista televisivo y antiguo ministro de Finanzas de Baviera, de 54 a\u00f1os, tambi\u00e9n goza de las simpat\u00edas de un amplio espectro del electorado alem\u00e1n.<\/p>\n<p>Asimismo, una encuesta realizada por el instituto demosc\u00f3pico YouGov arroj\u00f3 que un 66 por ciento cree que S\u00f6der tiene fuertes cualidades de liderazgo.<\/p>\n<p>La CDU de Merkel y la CSU tienen previsto definir al candidato para la jefatura de Gobierno entre principios de abril y finales de mayo.<\/p>\n<p>Los conservadores se desplomaron los \u00faltimos d\u00edas en la intenci\u00f3n de voto debido al creciente descontento de la poblaci\u00f3n sobre la gesti\u00f3n de crisis del Gobierno de Merkel en la pandemia y una serie de esc\u00e1ndalos de corrupci\u00f3n de diputados de sus filas en relaci\u00f3n con la compra de mascarillas.<\/p>\n","protected":false},"excerpt":{"rendered":"<p>Berl\u00edn, 1 abr (dpa) &#8211; El primer ministro de Baviera, el l\u00edder socialcristiano Markus S\u00f6der, es el claro favorito para suceder a Angela Merkel como candidato conservador en las elecciones generales del 26 de septiembre, indica una encuesta publicada hoy por el instituto Forsa. El sondeo revel\u00f3 que un 68 por ciento de los miembros<\/p>\n","protected":false},"author":1,"featured_media":1439,"comment_status":"closed","ping_status":"closed","sticky":false,"template":"","format":"standard","meta":{"footnotes":""},"categories":[1],"tags":[],"class_list":{"0":"post-5800","1":"post","2":"type-post","3":"status-publish","4":"format-standard","5":"has-post-thumbnail","7":"category-noticias"},"aioseo_notices":[],"aioseo_head":"\n\t\t<!-- All in One SEO Pro 4.9.6.2 - aioseo.com -->\n\t<meta name=\"description\" content=\"El primer ministro de Baviera, el l\u00edder socialcristiano Markus S\u00f6der, es el claro favorito para suceder a Angela MerkelBerl\u00edn, 1 abr (dpa) - El primer ministro de Baviera, el l\u00edder socialcristiano Markus S\u00f6der, es el claro favorito para suceder a Angela Merkel como candidato conservador en las elecciones generales del 26 de septiembre, indica una encuesta publicada hoy por el instituto Forsa. El sondeo revel\u00f3 que un 68 por ciento de los miembros\" \/>\n\t<meta name=\"robots\" content=\"max-image-preview:large\" \/>\n\t<meta name=\"author\" content=\"NBAsturias\"\/>\n\t<meta name=\"google-site-verification\" content=\"UA-38556648-1\" \/>\n\t<meta name=\"keywords\" content=\"noticias\" \/>\n\t<link rel=\"canonical\" href=\"https:\/\/eldigitaldeasturias.com\/radio\/bavaro-soder-favorito-para-suceder-como-candidato-a-merkel\/\" \/>\n\t<meta name=\"generator\" content=\"All in One SEO Pro (AIOSEO) 4.9.6.2\" \/>\n\t\t<meta property=\"og:locale\" content=\"es_ES\" \/>\n\t\t<meta property=\"og:site_name\" content=\"El Digital de Asturias | Diario de informaci\u00f3n y noticias\" \/>\n\t\t<meta property=\"og:type\" content=\"article\" \/>\n\t\t<meta property=\"og:title\" content=\"B\u00e1varo S\u00f6der, favorito para suceder como candidato a Merkel | El Digital de Asturias\" \/>\n\t\t<meta property=\"og:description\" content=\"El primer ministro de Baviera, el l\u00edder socialcristiano Markus S\u00f6der, es el claro favorito para suceder a Angela MerkelBerl\u00edn, 1 abr (dpa) - El primer ministro de Baviera, el l\u00edder socialcristiano Markus S\u00f6der, es el claro favorito para suceder a Angela Merkel como candidato conservador en las elecciones generales del 26 de septiembre, indica una encuesta publicada hoy por el instituto Forsa. El sondeo revel\u00f3 que un 68 por ciento de los miembros\" \/>\n\t\t<meta property=\"og:url\" content=\"https:\/\/eldigitaldeasturias.com\/radio\/bavaro-soder-favorito-para-suceder-como-candidato-a-merkel\/\" \/>\n\t\t<meta property=\"og:image\" content=\"https:\/\/eldigitaldeasturias.com\/radio\/wp-content\/uploads\/2018\/10\/berlin-76509_960_720.jpg\" \/>\n\t\t<meta property=\"og:image:secure_url\" content=\"https:\/\/eldigitaldeasturias.com\/radio\/wp-content\/uploads\/2018\/10\/berlin-76509_960_720.jpg\" \/>\n\t\t<meta property=\"og:image:width\" content=\"960\" \/>\n\t\t<meta property=\"og:image:height\" content=\"720\" \/>\n\t\t<meta property=\"article:published_time\" content=\"2021-04-02T16:58:23+00:00\" \/>\n\t\t<meta property=\"article:modified_time\" content=\"2021-04-02T16:58:23+00:00\" \/>\n\t\t<meta name=\"twitter:card\" content=\"summary_large_image\" \/>\n\t\t<meta name=\"twitter:site\" content=\"@bercodi\" \/>\n\t\t<meta name=\"twitter:title\" content=\"B\u00e1varo S\u00f6der, favorito para suceder como candidato a Merkel | El Digital de Asturias\" \/>\n\t\t<meta name=\"twitter:description\" content=\"El primer ministro de Baviera, el l\u00edder socialcristiano Markus S\u00f6der, es el claro favorito para suceder a Angela MerkelBerl\u00edn, 1 abr (dpa) - El primer ministro de Baviera, el l\u00edder socialcristiano Markus S\u00f6der, es el claro favorito para suceder a Angela Merkel como candidato conservador en las elecciones generales del 26 de septiembre, indica una encuesta publicada hoy por el instituto Forsa. El sondeo revel\u00f3 que un 68 por ciento de los miembros\" \/>\n\t\t<meta name=\"twitter:creator\" content=\"@bercodi\" \/>\n\t\t<meta name=\"twitter:image\" content=\"https:\/\/eldigitaldeasturias.com\/radio\/wp-content\/uploads\/2018\/10\/berlin-76509_960_720.jpg\" \/>\n\t\t<script type=\"application\/ld+json\" class=\"aioseo-schema\">\n\t\t\t{\"@context\":\"https:\\\/\\\/schema.org\",\"@graph\":[{\"@type\":\"BreadcrumbList\",\"@id\":\"https:\\\/\\\/eldigitaldeasturias.com\\\/radio\\\/bavaro-soder-favorito-para-suceder-como-candidato-a-merkel\\\/#breadcrumblist\",\"itemListElement\":[{\"@type\":\"ListItem\",\"@id\":\"https:\\\/\\\/eldigitaldeasturias.com\\\/radio#listItem\",\"position\":1,\"name\":\"Inicio\",\"item\":\"https:\\\/\\\/eldigitaldeasturias.com\\\/radio\",\"nextItem\":{\"@type\":\"ListItem\",\"@id\":\"https:\\\/\\\/eldigitaldeasturias.com\\\/radio\\\/category\\\/noticias\\\/#listItem\",\"name\":\"Noticias\"}},{\"@type\":\"ListItem\",\"@id\":\"https:\\\/\\\/eldigitaldeasturias.com\\\/radio\\\/category\\\/noticias\\\/#listItem\",\"position\":2,\"name\":\"Noticias\",\"item\":\"https:\\\/\\\/eldigitaldeasturias.com\\\/radio\\\/category\\\/noticias\\\/\",\"nextItem\":{\"@type\":\"ListItem\",\"@id\":\"https:\\\/\\\/eldigitaldeasturias.com\\\/radio\\\/bavaro-soder-favorito-para-suceder-como-candidato-a-merkel\\\/#listItem\",\"name\":\"B\\u00e1varo S\\u00f6der, favorito para suceder como candidato a Merkel\"},\"previousItem\":{\"@type\":\"ListItem\",\"@id\":\"https:\\\/\\\/eldigitaldeasturias.com\\\/radio#listItem\",\"name\":\"Inicio\"}},{\"@type\":\"ListItem\",\"@id\":\"https:\\\/\\\/eldigitaldeasturias.com\\\/radio\\\/bavaro-soder-favorito-para-suceder-como-candidato-a-merkel\\\/#listItem\",\"position\":3,\"name\":\"B\\u00e1varo S\\u00f6der, favorito para suceder como candidato a Merkel\",\"previousItem\":{\"@type\":\"ListItem\",\"@id\":\"https:\\\/\\\/eldigitaldeasturias.com\\\/radio\\\/category\\\/noticias\\\/#listItem\",\"name\":\"Noticias\"}}]},{\"@type\":\"NewsArticle\",\"@id\":\"https:\\\/\\\/eldigitaldeasturias.com\\\/radio\\\/bavaro-soder-favorito-para-suceder-como-candidato-a-merkel\\\/#newsarticle\",\"name\":\"B\\u00e1varo S\\u00f6der, favorito para suceder como candidato a Merkel | El Digital de Asturias\",\"headline\":\"B\\u00e1varo S\\u00f6der, favorito para suceder como candidato a Merkel\",\"author\":{\"@id\":\"https:\\\/\\\/eldigitaldeasturias.com\\\/radio\\\/author\\\/nbasturias\\\/#author\"},\"publisher\":{\"@id\":\"https:\\\/\\\/eldigitaldeasturias.com\\\/radio\\\/#organization\"},\"image\":{\"@type\":\"ImageObject\",\"url\":\"https:\\\/\\\/eldigitaldeasturias.com\\\/radio\\\/wp-content\\\/uploads\\\/2018\\\/10\\\/berlin-76509_960_720.jpg\",\"width\":960,\"height\":720},\"datePublished\":\"2021-04-02T16:58:23+02:00\",\"dateModified\":\"2021-04-02T16:58:23+02:00\",\"inLanguage\":\"es-ES\",\"mainEntityOfPage\":{\"@id\":\"https:\\\/\\\/eldigitaldeasturias.com\\\/radio\\\/bavaro-soder-favorito-para-suceder-como-candidato-a-merkel\\\/#webpage\"},\"isPartOf\":{\"@id\":\"https:\\\/\\\/eldigitaldeasturias.com\\\/radio\\\/bavaro-soder-favorito-para-suceder-como-candidato-a-merkel\\\/#webpage\"},\"articleSection\":\"Noticias\",\"dateline\":\"Publicado el abril 2, 2021.\"},{\"@type\":\"Organization\",\"@id\":\"https:\\\/\\\/eldigitaldeasturias.com\\\/radio\\\/#organization\",\"name\":\"El digital de Asturias Radio\",\"description\":\"Diario de informaci\\u00f3n y noticias\",\"url\":\"https:\\\/\\\/eldigitaldeasturias.com\\\/radio\\\/\",\"telephone\":\"+34652131393\",\"logo\":{\"@type\":\"ImageObject\",\"url\":\"https:\\\/\\\/www.eldigitaldeasturias.com\\\/radio\\\/wp-content\\\/uploads\\\/2021\\\/03\\\/EDA.jpg\",\"@id\":\"https:\\\/\\\/eldigitaldeasturias.com\\\/radio\\\/bavaro-soder-favorito-para-suceder-como-candidato-a-merkel\\\/#organizationLogo\"},\"image\":{\"@id\":\"https:\\\/\\\/eldigitaldeasturias.com\\\/radio\\\/bavaro-soder-favorito-para-suceder-como-candidato-a-merkel\\\/#organizationLogo\"},\"sameAs\":[\"https:\\\/\\\/www.facebook.com\\\/\",\"https:\\\/\\\/x.com\\\/bercodi\",\"https:\\\/\\\/www.instagram.com\\\/\",\"https:\\\/\\\/www.youtube.com\\\/channel\\\/UCZP-2wLEB9Rv6erhFmqVnvg\"]},{\"@type\":\"Person\",\"@id\":\"https:\\\/\\\/eldigitaldeasturias.com\\\/radio\\\/author\\\/nbasturias\\\/#author\",\"url\":\"https:\\\/\\\/eldigitaldeasturias.com\\\/radio\\\/author\\\/nbasturias\\\/\",\"name\":\"NBAsturias\",\"image\":{\"@type\":\"ImageObject\",\"@id\":\"https:\\\/\\\/eldigitaldeasturias.com\\\/radio\\\/bavaro-soder-favorito-para-suceder-como-candidato-a-merkel\\\/#authorImage\",\"url\":\"https:\\\/\\\/secure.gravatar.com\\\/avatar\\\/df2aeffc32bcd13f8d26072ef8a91b623d677766deac7f97ca815868cd41bf5e?s=96&d=mm&r=g\",\"width\":96,\"height\":96,\"caption\":\"NBAsturias\"}},{\"@type\":\"WebPage\",\"@id\":\"https:\\\/\\\/eldigitaldeasturias.com\\\/radio\\\/bavaro-soder-favorito-para-suceder-como-candidato-a-merkel\\\/#webpage\",\"url\":\"https:\\\/\\\/eldigitaldeasturias.com\\\/radio\\\/bavaro-soder-favorito-para-suceder-como-candidato-a-merkel\\\/\",\"name\":\"B\\u00e1varo S\\u00f6der, favorito para suceder como candidato a Merkel | El Digital de Asturias\",\"description\":\"El primer ministro de Baviera, el l\\u00edder socialcristiano Markus S\\u00f6der, es el claro favorito para suceder a Angela MerkelBerl\\u00edn, 1 abr (dpa) - El primer ministro de Baviera, el l\\u00edder socialcristiano Markus S\\u00f6der, es el claro favorito para suceder a Angela Merkel como candidato conservador en las elecciones generales del 26 de septiembre, indica una encuesta publicada hoy por el instituto Forsa. El sondeo revel\\u00f3 que un 68 por ciento de los miembros\",\"inLanguage\":\"es-ES\",\"isPartOf\":{\"@id\":\"https:\\\/\\\/eldigitaldeasturias.com\\\/radio\\\/#website\"},\"breadcrumb\":{\"@id\":\"https:\\\/\\\/eldigitaldeasturias.com\\\/radio\\\/bavaro-soder-favorito-para-suceder-como-candidato-a-merkel\\\/#breadcrumblist\"},\"author\":{\"@id\":\"https:\\\/\\\/eldigitaldeasturias.com\\\/radio\\\/author\\\/nbasturias\\\/#author\"},\"creator\":{\"@id\":\"https:\\\/\\\/eldigitaldeasturias.com\\\/radio\\\/author\\\/nbasturias\\\/#author\"},\"image\":{\"@type\":\"ImageObject\",\"url\":\"https:\\\/\\\/eldigitaldeasturias.com\\\/radio\\\/wp-content\\\/uploads\\\/2018\\\/10\\\/berlin-76509_960_720.jpg\",\"@id\":\"https:\\\/\\\/eldigitaldeasturias.com\\\/radio\\\/bavaro-soder-favorito-para-suceder-como-candidato-a-merkel\\\/#mainImage\",\"width\":960,\"height\":720},\"primaryImageOfPage\":{\"@id\":\"https:\\\/\\\/eldigitaldeasturias.com\\\/radio\\\/bavaro-soder-favorito-para-suceder-como-candidato-a-merkel\\\/#mainImage\"},\"datePublished\":\"2021-04-02T16:58:23+02:00\",\"dateModified\":\"2021-04-02T16:58:23+02:00\"},{\"@type\":\"WebSite\",\"@id\":\"https:\\\/\\\/eldigitaldeasturias.com\\\/radio\\\/#website\",\"url\":\"https:\\\/\\\/eldigitaldeasturias.com\\\/radio\\\/\",\"name\":\"El Digital de Asturias\",\"description\":\"Diario de informaci\\u00f3n y noticias\",\"inLanguage\":\"es-ES\",\"publisher\":{\"@id\":\"https:\\\/\\\/eldigitaldeasturias.com\\\/radio\\\/#organization\"}}]}\n\t\t<\/script>\n\t\t<!-- All in One SEO Pro -->\r\n\t\t<title>B\u00e1varo S\u00f6der, favorito para suceder como candidato a Merkel | El Digital de Asturias<\/title>\n\n","aioseo_head_json":{"title":"B\u00e1varo S\u00f6der, favorito para suceder como candidato a Merkel | El Digital de Asturias","description":"El primer ministro de Baviera, el l\u00edder socialcristiano Markus S\u00f6der, es el claro favorito para suceder a Angela MerkelBerl\u00edn, 1 abr (dpa) - El primer ministro de Baviera, el l\u00edder socialcristiano Markus S\u00f6der, es el claro favorito para suceder a Angela Merkel como candidato conservador en las elecciones generales del 26 de septiembre, indica una encuesta publicada hoy por el instituto Forsa. El sondeo revel\u00f3 que un 68 por ciento de los miembros","canonical_url":"https:\/\/eldigitaldeasturias.com\/radio\/bavaro-soder-favorito-para-suceder-como-candidato-a-merkel\/","robots":"max-image-preview:large","keywords":"noticias","webmasterTools":{"google-site-verification":"UA-38556648-1","miscellaneous":""},"schema":{"@context":"https:\/\/schema.org","@graph":[{"@type":"BreadcrumbList","@id":"https:\/\/eldigitaldeasturias.com\/radio\/bavaro-soder-favorito-para-suceder-como-candidato-a-merkel\/#breadcrumblist","itemListElement":[{"@type":"ListItem","@id":"https:\/\/eldigitaldeasturias.com\/radio#listItem","position":1,"name":"Inicio","item":"https:\/\/eldigitaldeasturias.com\/radio","nextItem":{"@type":"ListItem","@id":"https:\/\/eldigitaldeasturias.com\/radio\/category\/noticias\/#listItem","name":"Noticias"}},{"@type":"ListItem","@id":"https:\/\/eldigitaldeasturias.com\/radio\/category\/noticias\/#listItem","position":2,"name":"Noticias","item":"https:\/\/eldigitaldeasturias.com\/radio\/category\/noticias\/","nextItem":{"@type":"ListItem","@id":"https:\/\/eldigitaldeasturias.com\/radio\/bavaro-soder-favorito-para-suceder-como-candidato-a-merkel\/#listItem","name":"B\u00e1varo S\u00f6der, favorito para suceder como candidato a Merkel"},"previousItem":{"@type":"ListItem","@id":"https:\/\/eldigitaldeasturias.com\/radio#listItem","name":"Inicio"}},{"@type":"ListItem","@id":"https:\/\/eldigitaldeasturias.com\/radio\/bavaro-soder-favorito-para-suceder-como-candidato-a-merkel\/#listItem","position":3,"name":"B\u00e1varo S\u00f6der, favorito para suceder como candidato a Merkel","previousItem":{"@type":"ListItem","@id":"https:\/\/eldigitaldeasturias.com\/radio\/category\/noticias\/#listItem","name":"Noticias"}}]},{"@type":"NewsArticle","@id":"https:\/\/eldigitaldeasturias.com\/radio\/bavaro-soder-favorito-para-suceder-como-candidato-a-merkel\/#newsarticle","name":"B\u00e1varo S\u00f6der, favorito para suceder como candidato a Merkel | El Digital de Asturias","headline":"B\u00e1varo S\u00f6der, favorito para suceder como candidato a Merkel","author":{"@id":"https:\/\/eldigitaldeasturias.com\/radio\/author\/nbasturias\/#author"},"publisher":{"@id":"https:\/\/eldigitaldeasturias.com\/radio\/#organization"},"image":{"@type":"ImageObject","url":"https:\/\/eldigitaldeasturias.com\/radio\/wp-content\/uploads\/2018\/10\/berlin-76509_960_720.jpg","width":960,"height":720},"datePublished":"2021-04-02T16:58:23+02:00","dateModified":"2021-04-02T16:58:23+02:00","inLanguage":"es-ES","mainEntityOfPage":{"@id":"https:\/\/eldigitaldeasturias.com\/radio\/bavaro-soder-favorito-para-suceder-como-candidato-a-merkel\/#webpage"},"isPartOf":{"@id":"https:\/\/eldigitaldeasturias.com\/radio\/bavaro-soder-favorito-para-suceder-como-candidato-a-merkel\/#webpage"},"articleSection":"Noticias","dateline":"Publicado el abril 2, 2021."},{"@type":"Organization","@id":"https:\/\/eldigitaldeasturias.com\/radio\/#organization","name":"El digital de Asturias Radio","description":"Diario de informaci\u00f3n y noticias","url":"https:\/\/eldigitaldeasturias.com\/radio\/","telephone":"+34652131393","logo":{"@type":"ImageObject","url":"https:\/\/www.eldigitaldeasturias.com\/radio\/wp-content\/uploads\/2021\/03\/EDA.jpg","@id":"https:\/\/eldigitaldeasturias.com\/radio\/bavaro-soder-favorito-para-suceder-como-candidato-a-merkel\/#organizationLogo"},"image":{"@id":"https:\/\/eldigitaldeasturias.com\/radio\/bavaro-soder-favorito-para-suceder-como-candidato-a-merkel\/#organizationLogo"},"sameAs":["https:\/\/www.facebook.com\/","https:\/\/x.com\/bercodi","https:\/\/www.instagram.com\/","https:\/\/www.youtube.com\/channel\/UCZP-2wLEB9Rv6erhFmqVnvg"]},{"@type":"Person","@id":"https:\/\/eldigitaldeasturias.com\/radio\/author\/nbasturias\/#author","url":"https:\/\/eldigitaldeasturias.com\/radio\/author\/nbasturias\/","name":"NBAsturias","image":{"@type":"ImageObject","@id":"https:\/\/eldigitaldeasturias.com\/radio\/bavaro-soder-favorito-para-suceder-como-candidato-a-merkel\/#authorImage","url":"https:\/\/secure.gravatar.com\/avatar\/df2aeffc32bcd13f8d26072ef8a91b623d677766deac7f97ca815868cd41bf5e?s=96&d=mm&r=g","width":96,"height":96,"caption":"NBAsturias"}},{"@type":"WebPage","@id":"https:\/\/eldigitaldeasturias.com\/radio\/bavaro-soder-favorito-para-suceder-como-candidato-a-merkel\/#webpage","url":"https:\/\/eldigitaldeasturias.com\/radio\/bavaro-soder-favorito-para-suceder-como-candidato-a-merkel\/","name":"B\u00e1varo S\u00f6der, favorito para suceder como candidato a Merkel | El Digital de Asturias","description":"El primer ministro de Baviera, el l\u00edder socialcristiano Markus S\u00f6der, es el claro favorito para suceder a Angela MerkelBerl\u00edn, 1 abr (dpa) - El primer ministro de Baviera, el l\u00edder socialcristiano Markus S\u00f6der, es el claro favorito para suceder a Angela Merkel como candidato conservador en las elecciones generales del 26 de septiembre, indica una encuesta publicada hoy por el instituto Forsa. El sondeo revel\u00f3 que un 68 por ciento de los miembros","inLanguage":"es-ES","isPartOf":{"@id":"https:\/\/eldigitaldeasturias.com\/radio\/#website"},"breadcrumb":{"@id":"https:\/\/eldigitaldeasturias.com\/radio\/bavaro-soder-favorito-para-suceder-como-candidato-a-merkel\/#breadcrumblist"},"author":{"@id":"https:\/\/eldigitaldeasturias.com\/radio\/author\/nbasturias\/#author"},"creator":{"@id":"https:\/\/eldigitaldeasturias.com\/radio\/author\/nbasturias\/#author"},"image":{"@type":"ImageObject","url":"https:\/\/eldigitaldeasturias.com\/radio\/wp-content\/uploads\/2018\/10\/berlin-76509_960_720.jpg","@id":"https:\/\/eldigitaldeasturias.com\/radio\/bavaro-soder-favorito-para-suceder-como-candidato-a-merkel\/#mainImage","width":960,"height":720},"primaryImageOfPage":{"@id":"https:\/\/eldigitaldeasturias.com\/radio\/bavaro-soder-favorito-para-suceder-como-candidato-a-merkel\/#mainImage"},"datePublished":"2021-04-02T16:58:23+02:00","dateModified":"2021-04-02T16:58:23+02:00"},{"@type":"WebSite","@id":"https:\/\/eldigitaldeasturias.com\/radio\/#website","url":"https:\/\/eldigitaldeasturias.com\/radio\/","name":"El Digital de Asturias","description":"Diario de informaci\u00f3n y noticias","inLanguage":"es-ES","publisher":{"@id":"https:\/\/eldigitaldeasturias.com\/radio\/#organization"}}]},"og:locale":"es_ES","og:site_name":"El Digital de Asturias | Diario de informaci\u00f3n y noticias","og:type":"article","og:title":"B\u00e1varo S\u00f6der, favorito para suceder como candidato a Merkel | El Digital de Asturias","og:description":"El primer ministro de Baviera, el l\u00edder socialcristiano Markus S\u00f6der, es el claro favorito para suceder a Angela MerkelBerl\u00edn, 1 abr (dpa) - El primer ministro de Baviera, el l\u00edder socialcristiano Markus S\u00f6der, es el claro favorito para suceder a Angela Merkel como candidato conservador en las elecciones generales del 26 de septiembre, indica una encuesta publicada hoy por el instituto Forsa. El sondeo revel\u00f3 que un 68 por ciento de los miembros","og:url":"https:\/\/eldigitaldeasturias.com\/radio\/bavaro-soder-favorito-para-suceder-como-candidato-a-merkel\/","og:image":"https:\/\/eldigitaldeasturias.com\/radio\/wp-content\/uploads\/2018\/10\/berlin-76509_960_720.jpg","og:image:secure_url":"https:\/\/eldigitaldeasturias.com\/radio\/wp-content\/uploads\/2018\/10\/berlin-76509_960_720.jpg","og:image:width":960,"og:image:height":720,"article:published_time":"2021-04-02T16:58:23+00:00","article:modified_time":"2021-04-02T16:58:23+00:00","twitter:card":"summary_large_image","twitter:site":"@bercodi","twitter:title":"B\u00e1varo S\u00f6der, favorito para suceder como candidato a Merkel | El Digital de Asturias","twitter:description":"El primer ministro de Baviera, el l\u00edder socialcristiano Markus S\u00f6der, es el claro favorito para suceder a Angela MerkelBerl\u00edn, 1 abr (dpa) - El primer ministro de Baviera, el l\u00edder socialcristiano Markus S\u00f6der, es el claro favorito para suceder a Angela Merkel como candidato conservador en las elecciones generales del 26 de septiembre, indica una encuesta publicada hoy por el instituto Forsa. El sondeo revel\u00f3 que un 68 por ciento de los miembros","twitter:creator":"@bercodi","twitter:image":"https:\/\/eldigitaldeasturias.com\/radio\/wp-content\/uploads\/2018\/10\/berlin-76509_960_720.jpg"},"aioseo_meta_data":{"post_id":"5800","title":null,"description":"El primer ministro de Baviera, el l\u00edder socialcristiano Markus S\u00f6der, es el claro favorito para suceder a Angela Merkel#post_excerpt","keywords":[],"keyphrases":{"focus":[],"additional":[]},"primary_term":null,"canonical_url":null,"og_title":null,"og_description":null,"og_object_type":"default","og_image_type":"default","og_image_url":null,"og_image_width":null,"og_image_height":null,"og_image_custom_url":null,"og_image_custom_fields":null,"og_video":"","og_custom_url":null,"og_article_section":null,"og_article_tags":[],"twitter_use_og":false,"twitter_card":"default","twitter_image_type":"default","twitter_image_url":null,"twitter_image_custom_url":null,"twitter_image_custom_fields":null,"twitter_title":null,"twitter_description":null,"schema":{"blockGraphs":[],"customGraphs":[],"default":{"data":{"Article":[],"Course":[],"Dataset":[],"FAQPage":[],"Movie":[],"Person":[],"Product":[],"ProductReview":[],"Car":[],"Recipe":[],"Service":[],"SoftwareApplication":[],"WebPage":[]},"graphName":"","isEnabled":true},"graphs":[],"defaultGraph":"Article","defaultPostTypeGraph":""},"schema_type":"default","schema_type_options":"{\"article\":{\"articleType\":\"BlogPosting\"},\"course\":{\"name\":\"\",\"description\":\"\",\"provider\":\"\"},\"faq\":{\"pages\":[]},\"product\":{\"reviews\":[]},\"recipe\":{\"ingredients\":[],\"instructions\":[],\"keywords\":[]},\"software\":{\"reviews\":[],\"operatingSystems\":[]},\"webPage\":{\"webPageType\":\"WebPage\"}}","pillar_content":false,"robots_default":true,"robots_noindex":false,"robots_noarchive":false,"robots_nosnippet":false,"robots_nofollow":false,"robots_noimageindex":false,"robots_noodp":false,"robots_notranslate":false,"robots_max_snippet":"-1","robots_max_videopreview":"-1","robots_max_imagepreview":"large","priority":null,"frequency":"default","location":null,"local_seo":{"businessInfo":{"name":"","urls":{"website":"","aboutPage":"","contactPage":""},"address":{"line1":"","line2":"","zip":"","city":"","state":"","country":""},"contact":{"email":"","phone":"","fax":""},"ids":{"vatID":"","taxID":"","chamberID":""},"payment":{"priceIndication":"","currenciesAccepted":"","methodsAccepted":""},"areaServed":""},"openingHours":{"show":false,"closedLabel":"","open24h":false,"open24hLabel":"","open247":false,"use24hFormat":false,"twoSets":false,"timezone":"","hours":[]}},"seo_analyzer_scan_date":"2025-08-28 18:33:27","breadcrumb_settings":null,"limit_modified_date":false,"open_ai":null,"ai":null,"created":"2021-04-02 16:57:31","updated":"2025-08-28 18:33:27"},"aioseo_breadcrumb":"<div class=\"aioseo-breadcrumbs\"><span class=\"aioseo-breadcrumb\">\n\t<a href=\"https:\/\/eldigitaldeasturias.com\/radio\" title=\"Inicio\">Inicio<\/a>\n<\/span><span class=\"aioseo-breadcrumb-separator\">&ndash;<\/span><span class=\"aioseo-breadcrumb\">\n\t<a href=\"https:\/\/eldigitaldeasturias.com\/radio\/category\/noticias\/\" title=\"Noticias\">Noticias<\/a>\n<\/span><span class=\"aioseo-breadcrumb-separator\">&ndash;<\/span><span class=\"aioseo-breadcrumb\">\n\tB\u00e1varo S\u00f6der, favorito para suceder como candidato a Merkel\n<\/span><\/div>","aioseo_breadcrumb_json":[{"label":"Inicio","link":"https:\/\/eldigitaldeasturias.com\/radio"},{"label":"Noticias","link":"https:\/\/eldigitaldeasturias.com\/radio\/category\/noticias\/"},{"label":"B\u00e1varo S\u00f6der, favorito para suceder como candidato a Merkel","link":"https:\/\/eldigitaldeasturias.com\/radio\/bavaro-soder-favorito-para-suceder-como-candidato-a-merkel\/"}],"_links":{"self":[{"href":"https:\/\/eldigitaldeasturias.com\/radio\/wp-json\/wp\/v2\/posts\/5800","targetHints":{"allow":["GET"]}}],"collection":[{"href":"https:\/\/eldigitaldeasturias.com\/radio\/wp-json\/wp\/v2\/posts"}],"about":[{"href":"https:\/\/eldigitaldeasturias.com\/radio\/wp-json\/wp\/v2\/types\/post"}],"author":[{"embeddable":true,"href":"https:\/\/eldigitaldeasturias.com\/radio\/wp-json\/wp\/v2\/users\/1"}],"replies":[{"embeddable":true,"href":"https:\/\/eldigitaldeasturias.com\/radio\/wp-json\/wp\/v2\/comments?post=5800"}],"version-history":[{"count":0,"href":"https:\/\/eldigitaldeasturias.com\/radio\/wp-json\/wp\/v2\/posts\/5800\/revisions"}],"wp:featuredmedia":[{"embeddable":true,"href":"https:\/\/eldigitaldeasturias.com\/radio\/wp-json\/wp\/v2\/media\/1439"}],"wp:attachment":[{"href":"https:\/\/eldigitaldeasturias.com\/radio\/wp-json\/wp\/v2\/media?parent=5800"}],"wp:term":[{"taxonomy":"category","embeddable":true,"href":"https:\/\/eldigitaldeasturias.com\/radio\/wp-json\/wp\/v2\/categories?post=5800"},{"taxonomy":"post_tag","embeddable":true,"href":"https:\/\/eldigitaldeasturias.com\/radio\/wp-json\/wp\/v2\/tags?post=5800"}],"curies":[{"name":"wp","href":"https:\/\/api.w.org\/{rel}","templated":true}]}}