{"id":5797,"date":"2021-04-02T16:57:01","date_gmt":"2021-04-02T16:57:01","guid":{"rendered":"http:\/\/eldigitaldeasturias.com\/radio\/?p=5797"},"modified":"2021-04-02T16:57:01","modified_gmt":"2021-04-02T16:57:01","slug":"rechazan-en-alemania-objeciones-ecologistas-a-gasoducto-nord-stream-2","status":"publish","type":"post","link":"https:\/\/eldigitaldeasturias.com\/radio\/rechazan-en-alemania-objeciones-ecologistas-a-gasoducto-nord-stream-2\/","title":{"rendered":"Rechazan en Alemania objeciones ecologistas a gasoducto Nord Stream 2"},"content":{"rendered":"<figure id=\"attachment_5798\" aria-describedby=\"caption-attachment-5798\" style=\"width: 360px\" class=\"wp-caption alignleft\"><img fetchpriority=\"high\" decoding=\"async\" class=\"size-medium wp-image-5798\" src=\"https:\/\/eldigitaldeasturias.com\/radio\/wp-content\/uploads\/2021\/04\/Nord-Stream-2-360x245.jpg\" alt=\"Nord Stream 2\" width=\"360\" height=\"245\" srcset=\"https:\/\/eldigitaldeasturias.com\/radio\/wp-content\/uploads\/2021\/04\/Nord-Stream-2-360x245.jpg 360w, https:\/\/eldigitaldeasturias.com\/radio\/wp-content\/uploads\/2021\/04\/Nord-Stream-2-768x523.jpg 768w, https:\/\/eldigitaldeasturias.com\/radio\/wp-content\/uploads\/2021\/04\/Nord-Stream-2.jpg 973w\" sizes=\"(max-width: 360px) 100vw, 360px\" \/><figcaption id=\"caption-attachment-5798\" class=\"wp-caption-text\">Foto: Jens B\u00fcttner\/dpa-Zentralbild\/ZB<\/figcaption><\/figure>\n<p>Hamburgo, 1 abr (dpa) &#8211; La Oficina Federal de Navegaci\u00f3n Mar\u00edtima e Hidrogr\u00e1fica (BSH) de Alemania rechaz\u00f3 las objeciones presentadas por ecologistas contra la reanudaci\u00f3n de la construcci\u00f3n del gasoducto del mar B\u00e1ltico Nord Stream 2 en aguas alemanas.<\/p>\n<p>La BSH inform\u00f3 que tras la evaluaci\u00f3n de los reparos y de una nueva revisi\u00f3n del proyecto lleg\u00f3 a la conclusi\u00f3n de que el permiso otorgado por la misma autoridad en enero se ajustaba a derecho.<\/p>\n<p>En ese momento, la autoridad hab\u00eda permitido que Nord Stream 2 continuara su construcci\u00f3n en aguas alemanas de forma inmediata. Sin embargo, las objeciones presentadas por grupos medioambientalistas hab\u00edan suspendido la autorizaci\u00f3n.<\/p>\n<p>Una de las razones aducidas por la BSH para rechazar las objeciones fue que el tramo restante del gasoducto apenas bordeaba un santuario de aves, afectando solo m\u00ednimamente a determinadas especies de aves en reposo. Adem\u00e1s, agreg\u00f3 el dictamen, el gasoducto atraviesa en parte una zona en la que ya existe un intenso tr\u00e1fico mar\u00edtimo.<\/p>\n<p>Las organizaciones ecologistas pueden volver a suspender el permiso llevando el caso al Tribunal Administrativo de Hamburgo. Sin el permiso, la empresa del proyecto no estar\u00eda autorizada a colocar tuber\u00edas en aguas alemanas con los buques de que dispone actualmente hasta finales de mayo.<\/p>\n<p>El gasoducto Nord Stream 2 transportar\u00e1 gas de origen ruso directamente a Alemania a trav\u00e9s de una ruta bajo el mar B\u00e1ltico similar a la l\u00ednea Nord Stream que est\u00e1 actualmente en funcionamiento.<\/p>\n<p>Seg\u00fan la empresa energ\u00e9tica rusa Gazprom, el principal inversor, el 94 por ciento del gasoducto ha sido completado. Esto significa que m\u00e1s de 2.300 kil\u00f3metros de tubos de la doble cadena est\u00e1n ya instalados en el lecho marino.<\/p>\n<p>Todav\u00eda faltan unos 110 kil\u00f3metros en aguas danesas y 28 kil\u00f3metros en aguas alemanas, divididos en dos vertientes. En el futuro, los gasoductos transportar\u00e1n 55.000 millones de metros c\u00fabicos de gas natural al a\u00f1o desde Rusia a Alemania, duplicando el volumen actual.<\/p>\n<p>Alemania busca con el proyecto proporcionar al pa\u00eds una energ\u00eda asequible a medida que vaya eliminando el carb\u00f3n y la energ\u00eda nuclear.<\/p>\n<p>Estados Unidos se opone al gasoducto alegando que amenaza la seguridad de los aliados europeos de la alianza militar OTAN al aumentar la dependencia energ\u00e9tica de Rusia y ha amenazado con nuevas sanciones.<\/p>\n","protected":false},"excerpt":{"rendered":"<p>Hamburgo, 1 abr (dpa) &#8211; La Oficina Federal de Navegaci\u00f3n Mar\u00edtima e Hidrogr\u00e1fica (BSH) de Alemania rechaz\u00f3 las objeciones presentadas por ecologistas contra la reanudaci\u00f3n de la construcci\u00f3n del gasoducto del mar B\u00e1ltico Nord Stream 2 en aguas alemanas. La BSH inform\u00f3 que tras la evaluaci\u00f3n de los reparos y de una nueva revisi\u00f3n del<\/p>\n","protected":false},"author":1,"featured_media":5798,"comment_status":"closed","ping_status":"closed","sticky":false,"template":"","format":"standard","meta":{"footnotes":""},"categories":[1],"tags":[],"class_list":{"0":"post-5797","1":"post","2":"type-post","3":"status-publish","4":"format-standard","5":"has-post-thumbnail","7":"category-noticias"},"aioseo_notices":[],"aioseo_head":"\n\t\t<!-- All in One SEO Pro 4.9.6.2 - aioseo.com -->\n\t<meta name=\"description\" content=\"La Oficina Federal de Navegaci\u00f3n Mar\u00edtima e Hidrogr\u00e1fica (BSH) de Alemania rechaz\u00f3 las objeciones presentadas por ecologistas ..\" \/>\n\t<meta name=\"robots\" content=\"max-image-preview:large\" \/>\n\t<meta name=\"author\" content=\"NBAsturias\"\/>\n\t<meta name=\"google-site-verification\" content=\"UA-38556648-1\" \/>\n\t<meta name=\"keywords\" content=\"noticias\" \/>\n\t<link rel=\"canonical\" href=\"https:\/\/eldigitaldeasturias.com\/radio\/rechazan-en-alemania-objeciones-ecologistas-a-gasoducto-nord-stream-2\/\" \/>\n\t<meta name=\"generator\" content=\"All in One SEO Pro (AIOSEO) 4.9.6.2\" \/>\n\t\t<meta property=\"og:locale\" content=\"es_ES\" \/>\n\t\t<meta property=\"og:site_name\" content=\"El Digital de Asturias | Diario de informaci\u00f3n y noticias\" \/>\n\t\t<meta property=\"og:type\" content=\"article\" \/>\n\t\t<meta property=\"og:title\" content=\"Rechazan en Alemania objeciones ecologistas a gasoducto Nord Stream 2 | El Digital de Asturias\" \/>\n\t\t<meta property=\"og:description\" content=\"La Oficina Federal de Navegaci\u00f3n Mar\u00edtima e Hidrogr\u00e1fica (BSH) de Alemania rechaz\u00f3 las objeciones presentadas por ecologistas ..\" \/>\n\t\t<meta property=\"og:url\" content=\"https:\/\/eldigitaldeasturias.com\/radio\/rechazan-en-alemania-objeciones-ecologistas-a-gasoducto-nord-stream-2\/\" \/>\n\t\t<meta property=\"og:image\" content=\"https:\/\/eldigitaldeasturias.com\/radio\/wp-content\/uploads\/2021\/04\/Nord-Stream-2.jpg\" \/>\n\t\t<meta property=\"og:image:secure_url\" content=\"https:\/\/eldigitaldeasturias.com\/radio\/wp-content\/uploads\/2021\/04\/Nord-Stream-2.jpg\" \/>\n\t\t<meta property=\"og:image:width\" content=\"973\" \/>\n\t\t<meta property=\"og:image:height\" content=\"662\" \/>\n\t\t<meta property=\"article:published_time\" content=\"2021-04-02T16:57:01+00:00\" \/>\n\t\t<meta property=\"article:modified_time\" content=\"2021-04-02T16:57:01+00:00\" \/>\n\t\t<meta name=\"twitter:card\" content=\"summary_large_image\" \/>\n\t\t<meta name=\"twitter:site\" content=\"@bercodi\" \/>\n\t\t<meta name=\"twitter:title\" content=\"Rechazan en Alemania objeciones ecologistas a gasoducto Nord Stream 2 | El Digital de Asturias\" \/>\n\t\t<meta name=\"twitter:description\" content=\"La Oficina Federal de Navegaci\u00f3n Mar\u00edtima e Hidrogr\u00e1fica (BSH) de Alemania rechaz\u00f3 las objeciones presentadas por ecologistas ..\" \/>\n\t\t<meta name=\"twitter:creator\" content=\"@bercodi\" \/>\n\t\t<meta name=\"twitter:image\" content=\"https:\/\/eldigitaldeasturias.com\/radio\/wp-content\/uploads\/2021\/04\/Nord-Stream-2.jpg\" \/>\n\t\t<script type=\"application\/ld+json\" class=\"aioseo-schema\">\n\t\t\t{\"@context\":\"https:\\\/\\\/schema.org\",\"@graph\":[{\"@type\":\"BreadcrumbList\",\"@id\":\"https:\\\/\\\/eldigitaldeasturias.com\\\/radio\\\/rechazan-en-alemania-objeciones-ecologistas-a-gasoducto-nord-stream-2\\\/#breadcrumblist\",\"itemListElement\":[{\"@type\":\"ListItem\",\"@id\":\"https:\\\/\\\/eldigitaldeasturias.com\\\/radio#listItem\",\"position\":1,\"name\":\"Inicio\",\"item\":\"https:\\\/\\\/eldigitaldeasturias.com\\\/radio\",\"nextItem\":{\"@type\":\"ListItem\",\"@id\":\"https:\\\/\\\/eldigitaldeasturias.com\\\/radio\\\/category\\\/noticias\\\/#listItem\",\"name\":\"Noticias\"}},{\"@type\":\"ListItem\",\"@id\":\"https:\\\/\\\/eldigitaldeasturias.com\\\/radio\\\/category\\\/noticias\\\/#listItem\",\"position\":2,\"name\":\"Noticias\",\"item\":\"https:\\\/\\\/eldigitaldeasturias.com\\\/radio\\\/category\\\/noticias\\\/\",\"nextItem\":{\"@type\":\"ListItem\",\"@id\":\"https:\\\/\\\/eldigitaldeasturias.com\\\/radio\\\/rechazan-en-alemania-objeciones-ecologistas-a-gasoducto-nord-stream-2\\\/#listItem\",\"name\":\"Rechazan en Alemania objeciones ecologistas a gasoducto Nord Stream 2\"},\"previousItem\":{\"@type\":\"ListItem\",\"@id\":\"https:\\\/\\\/eldigitaldeasturias.com\\\/radio#listItem\",\"name\":\"Inicio\"}},{\"@type\":\"ListItem\",\"@id\":\"https:\\\/\\\/eldigitaldeasturias.com\\\/radio\\\/rechazan-en-alemania-objeciones-ecologistas-a-gasoducto-nord-stream-2\\\/#listItem\",\"position\":3,\"name\":\"Rechazan en Alemania objeciones ecologistas a gasoducto Nord Stream 2\",\"previousItem\":{\"@type\":\"ListItem\",\"@id\":\"https:\\\/\\\/eldigitaldeasturias.com\\\/radio\\\/category\\\/noticias\\\/#listItem\",\"name\":\"Noticias\"}}]},{\"@type\":\"NewsArticle\",\"@id\":\"https:\\\/\\\/eldigitaldeasturias.com\\\/radio\\\/rechazan-en-alemania-objeciones-ecologistas-a-gasoducto-nord-stream-2\\\/#newsarticle\",\"name\":\"Rechazan en Alemania objeciones ecologistas a gasoducto Nord Stream 2 | El Digital de Asturias\",\"headline\":\"Rechazan en Alemania objeciones ecologistas a gasoducto Nord Stream 2\",\"author\":{\"@id\":\"https:\\\/\\\/eldigitaldeasturias.com\\\/radio\\\/author\\\/nbasturias\\\/#author\"},\"publisher\":{\"@id\":\"https:\\\/\\\/eldigitaldeasturias.com\\\/radio\\\/#organization\"},\"image\":{\"@type\":\"ImageObject\",\"url\":\"https:\\\/\\\/eldigitaldeasturias.com\\\/radio\\\/wp-content\\\/uploads\\\/2021\\\/04\\\/Nord-Stream-2.jpg\",\"width\":973,\"height\":662,\"caption\":\"Foto: Jens B\\u00fcttner\\\/dpa-Zentralbild\\\/ZB\"},\"datePublished\":\"2021-04-02T16:57:01+02:00\",\"dateModified\":\"2021-04-02T16:57:01+02:00\",\"inLanguage\":\"es-ES\",\"mainEntityOfPage\":{\"@id\":\"https:\\\/\\\/eldigitaldeasturias.com\\\/radio\\\/rechazan-en-alemania-objeciones-ecologistas-a-gasoducto-nord-stream-2\\\/#webpage\"},\"isPartOf\":{\"@id\":\"https:\\\/\\\/eldigitaldeasturias.com\\\/radio\\\/rechazan-en-alemania-objeciones-ecologistas-a-gasoducto-nord-stream-2\\\/#webpage\"},\"articleSection\":\"Noticias\",\"dateline\":\"Publicado el abril 2, 2021.\"},{\"@type\":\"Organization\",\"@id\":\"https:\\\/\\\/eldigitaldeasturias.com\\\/radio\\\/#organization\",\"name\":\"El digital de Asturias Radio\",\"description\":\"Diario de informaci\\u00f3n y noticias\",\"url\":\"https:\\\/\\\/eldigitaldeasturias.com\\\/radio\\\/\",\"telephone\":\"+34652131393\",\"logo\":{\"@type\":\"ImageObject\",\"url\":\"https:\\\/\\\/www.eldigitaldeasturias.com\\\/radio\\\/wp-content\\\/uploads\\\/2021\\\/03\\\/EDA.jpg\",\"@id\":\"https:\\\/\\\/eldigitaldeasturias.com\\\/radio\\\/rechazan-en-alemania-objeciones-ecologistas-a-gasoducto-nord-stream-2\\\/#organizationLogo\"},\"image\":{\"@id\":\"https:\\\/\\\/eldigitaldeasturias.com\\\/radio\\\/rechazan-en-alemania-objeciones-ecologistas-a-gasoducto-nord-stream-2\\\/#organizationLogo\"},\"sameAs\":[\"https:\\\/\\\/www.facebook.com\\\/\",\"https:\\\/\\\/x.com\\\/bercodi\",\"https:\\\/\\\/www.instagram.com\\\/\",\"https:\\\/\\\/www.youtube.com\\\/channel\\\/UCZP-2wLEB9Rv6erhFmqVnvg\"]},{\"@type\":\"Person\",\"@id\":\"https:\\\/\\\/eldigitaldeasturias.com\\\/radio\\\/author\\\/nbasturias\\\/#author\",\"url\":\"https:\\\/\\\/eldigitaldeasturias.com\\\/radio\\\/author\\\/nbasturias\\\/\",\"name\":\"NBAsturias\",\"image\":{\"@type\":\"ImageObject\",\"@id\":\"https:\\\/\\\/eldigitaldeasturias.com\\\/radio\\\/rechazan-en-alemania-objeciones-ecologistas-a-gasoducto-nord-stream-2\\\/#authorImage\",\"url\":\"https:\\\/\\\/secure.gravatar.com\\\/avatar\\\/df2aeffc32bcd13f8d26072ef8a91b623d677766deac7f97ca815868cd41bf5e?s=96&d=mm&r=g\",\"width\":96,\"height\":96,\"caption\":\"NBAsturias\"}},{\"@type\":\"WebPage\",\"@id\":\"https:\\\/\\\/eldigitaldeasturias.com\\\/radio\\\/rechazan-en-alemania-objeciones-ecologistas-a-gasoducto-nord-stream-2\\\/#webpage\",\"url\":\"https:\\\/\\\/eldigitaldeasturias.com\\\/radio\\\/rechazan-en-alemania-objeciones-ecologistas-a-gasoducto-nord-stream-2\\\/\",\"name\":\"Rechazan en Alemania objeciones ecologistas a gasoducto Nord Stream 2 | El Digital de Asturias\",\"description\":\"La Oficina Federal de Navegaci\\u00f3n Mar\\u00edtima e Hidrogr\\u00e1fica (BSH) de Alemania rechaz\\u00f3 las objeciones presentadas por ecologistas ..\",\"inLanguage\":\"es-ES\",\"isPartOf\":{\"@id\":\"https:\\\/\\\/eldigitaldeasturias.com\\\/radio\\\/#website\"},\"breadcrumb\":{\"@id\":\"https:\\\/\\\/eldigitaldeasturias.com\\\/radio\\\/rechazan-en-alemania-objeciones-ecologistas-a-gasoducto-nord-stream-2\\\/#breadcrumblist\"},\"author\":{\"@id\":\"https:\\\/\\\/eldigitaldeasturias.com\\\/radio\\\/author\\\/nbasturias\\\/#author\"},\"creator\":{\"@id\":\"https:\\\/\\\/eldigitaldeasturias.com\\\/radio\\\/author\\\/nbasturias\\\/#author\"},\"image\":{\"@type\":\"ImageObject\",\"url\":\"https:\\\/\\\/eldigitaldeasturias.com\\\/radio\\\/wp-content\\\/uploads\\\/2021\\\/04\\\/Nord-Stream-2.jpg\",\"@id\":\"https:\\\/\\\/eldigitaldeasturias.com\\\/radio\\\/rechazan-en-alemania-objeciones-ecologistas-a-gasoducto-nord-stream-2\\\/#mainImage\",\"width\":973,\"height\":662,\"caption\":\"Foto: Jens B\\u00fcttner\\\/dpa-Zentralbild\\\/ZB\"},\"primaryImageOfPage\":{\"@id\":\"https:\\\/\\\/eldigitaldeasturias.com\\\/radio\\\/rechazan-en-alemania-objeciones-ecologistas-a-gasoducto-nord-stream-2\\\/#mainImage\"},\"datePublished\":\"2021-04-02T16:57:01+02:00\",\"dateModified\":\"2021-04-02T16:57:01+02:00\"},{\"@type\":\"WebSite\",\"@id\":\"https:\\\/\\\/eldigitaldeasturias.com\\\/radio\\\/#website\",\"url\":\"https:\\\/\\\/eldigitaldeasturias.com\\\/radio\\\/\",\"name\":\"El Digital de Asturias\",\"description\":\"Diario de informaci\\u00f3n y noticias\",\"inLanguage\":\"es-ES\",\"publisher\":{\"@id\":\"https:\\\/\\\/eldigitaldeasturias.com\\\/radio\\\/#organization\"}}]}\n\t\t<\/script>\n\t\t<!-- All in One SEO Pro -->\r\n\t\t<title>Rechazan en Alemania objeciones ecologistas a gasoducto Nord Stream 2 | El Digital de Asturias<\/title>\n\n","aioseo_head_json":{"title":"Rechazan en Alemania objeciones ecologistas a gasoducto Nord Stream 2 | El Digital de Asturias","description":"La Oficina Federal de Navegaci\u00f3n Mar\u00edtima e Hidrogr\u00e1fica (BSH) de Alemania rechaz\u00f3 las objeciones presentadas por ecologistas ..","canonical_url":"https:\/\/eldigitaldeasturias.com\/radio\/rechazan-en-alemania-objeciones-ecologistas-a-gasoducto-nord-stream-2\/","robots":"max-image-preview:large","keywords":"noticias","webmasterTools":{"google-site-verification":"UA-38556648-1","miscellaneous":""},"schema":{"@context":"https:\/\/schema.org","@graph":[{"@type":"BreadcrumbList","@id":"https:\/\/eldigitaldeasturias.com\/radio\/rechazan-en-alemania-objeciones-ecologistas-a-gasoducto-nord-stream-2\/#breadcrumblist","itemListElement":[{"@type":"ListItem","@id":"https:\/\/eldigitaldeasturias.com\/radio#listItem","position":1,"name":"Inicio","item":"https:\/\/eldigitaldeasturias.com\/radio","nextItem":{"@type":"ListItem","@id":"https:\/\/eldigitaldeasturias.com\/radio\/category\/noticias\/#listItem","name":"Noticias"}},{"@type":"ListItem","@id":"https:\/\/eldigitaldeasturias.com\/radio\/category\/noticias\/#listItem","position":2,"name":"Noticias","item":"https:\/\/eldigitaldeasturias.com\/radio\/category\/noticias\/","nextItem":{"@type":"ListItem","@id":"https:\/\/eldigitaldeasturias.com\/radio\/rechazan-en-alemania-objeciones-ecologistas-a-gasoducto-nord-stream-2\/#listItem","name":"Rechazan en Alemania objeciones ecologistas a gasoducto Nord Stream 2"},"previousItem":{"@type":"ListItem","@id":"https:\/\/eldigitaldeasturias.com\/radio#listItem","name":"Inicio"}},{"@type":"ListItem","@id":"https:\/\/eldigitaldeasturias.com\/radio\/rechazan-en-alemania-objeciones-ecologistas-a-gasoducto-nord-stream-2\/#listItem","position":3,"name":"Rechazan en Alemania objeciones ecologistas a gasoducto Nord Stream 2","previousItem":{"@type":"ListItem","@id":"https:\/\/eldigitaldeasturias.com\/radio\/category\/noticias\/#listItem","name":"Noticias"}}]},{"@type":"NewsArticle","@id":"https:\/\/eldigitaldeasturias.com\/radio\/rechazan-en-alemania-objeciones-ecologistas-a-gasoducto-nord-stream-2\/#newsarticle","name":"Rechazan en Alemania objeciones ecologistas a gasoducto Nord Stream 2 | El Digital de Asturias","headline":"Rechazan en Alemania objeciones ecologistas a gasoducto Nord Stream 2","author":{"@id":"https:\/\/eldigitaldeasturias.com\/radio\/author\/nbasturias\/#author"},"publisher":{"@id":"https:\/\/eldigitaldeasturias.com\/radio\/#organization"},"image":{"@type":"ImageObject","url":"https:\/\/eldigitaldeasturias.com\/radio\/wp-content\/uploads\/2021\/04\/Nord-Stream-2.jpg","width":973,"height":662,"caption":"Foto: Jens B\u00fcttner\/dpa-Zentralbild\/ZB"},"datePublished":"2021-04-02T16:57:01+02:00","dateModified":"2021-04-02T16:57:01+02:00","inLanguage":"es-ES","mainEntityOfPage":{"@id":"https:\/\/eldigitaldeasturias.com\/radio\/rechazan-en-alemania-objeciones-ecologistas-a-gasoducto-nord-stream-2\/#webpage"},"isPartOf":{"@id":"https:\/\/eldigitaldeasturias.com\/radio\/rechazan-en-alemania-objeciones-ecologistas-a-gasoducto-nord-stream-2\/#webpage"},"articleSection":"Noticias","dateline":"Publicado el abril 2, 2021."},{"@type":"Organization","@id":"https:\/\/eldigitaldeasturias.com\/radio\/#organization","name":"El digital de Asturias Radio","description":"Diario de informaci\u00f3n y noticias","url":"https:\/\/eldigitaldeasturias.com\/radio\/","telephone":"+34652131393","logo":{"@type":"ImageObject","url":"https:\/\/www.eldigitaldeasturias.com\/radio\/wp-content\/uploads\/2021\/03\/EDA.jpg","@id":"https:\/\/eldigitaldeasturias.com\/radio\/rechazan-en-alemania-objeciones-ecologistas-a-gasoducto-nord-stream-2\/#organizationLogo"},"image":{"@id":"https:\/\/eldigitaldeasturias.com\/radio\/rechazan-en-alemania-objeciones-ecologistas-a-gasoducto-nord-stream-2\/#organizationLogo"},"sameAs":["https:\/\/www.facebook.com\/","https:\/\/x.com\/bercodi","https:\/\/www.instagram.com\/","https:\/\/www.youtube.com\/channel\/UCZP-2wLEB9Rv6erhFmqVnvg"]},{"@type":"Person","@id":"https:\/\/eldigitaldeasturias.com\/radio\/author\/nbasturias\/#author","url":"https:\/\/eldigitaldeasturias.com\/radio\/author\/nbasturias\/","name":"NBAsturias","image":{"@type":"ImageObject","@id":"https:\/\/eldigitaldeasturias.com\/radio\/rechazan-en-alemania-objeciones-ecologistas-a-gasoducto-nord-stream-2\/#authorImage","url":"https:\/\/secure.gravatar.com\/avatar\/df2aeffc32bcd13f8d26072ef8a91b623d677766deac7f97ca815868cd41bf5e?s=96&d=mm&r=g","width":96,"height":96,"caption":"NBAsturias"}},{"@type":"WebPage","@id":"https:\/\/eldigitaldeasturias.com\/radio\/rechazan-en-alemania-objeciones-ecologistas-a-gasoducto-nord-stream-2\/#webpage","url":"https:\/\/eldigitaldeasturias.com\/radio\/rechazan-en-alemania-objeciones-ecologistas-a-gasoducto-nord-stream-2\/","name":"Rechazan en Alemania objeciones ecologistas a gasoducto Nord Stream 2 | El Digital de Asturias","description":"La Oficina Federal de Navegaci\u00f3n Mar\u00edtima e Hidrogr\u00e1fica (BSH) de Alemania rechaz\u00f3 las objeciones presentadas por ecologistas ..","inLanguage":"es-ES","isPartOf":{"@id":"https:\/\/eldigitaldeasturias.com\/radio\/#website"},"breadcrumb":{"@id":"https:\/\/eldigitaldeasturias.com\/radio\/rechazan-en-alemania-objeciones-ecologistas-a-gasoducto-nord-stream-2\/#breadcrumblist"},"author":{"@id":"https:\/\/eldigitaldeasturias.com\/radio\/author\/nbasturias\/#author"},"creator":{"@id":"https:\/\/eldigitaldeasturias.com\/radio\/author\/nbasturias\/#author"},"image":{"@type":"ImageObject","url":"https:\/\/eldigitaldeasturias.com\/radio\/wp-content\/uploads\/2021\/04\/Nord-Stream-2.jpg","@id":"https:\/\/eldigitaldeasturias.com\/radio\/rechazan-en-alemania-objeciones-ecologistas-a-gasoducto-nord-stream-2\/#mainImage","width":973,"height":662,"caption":"Foto: Jens B\u00fcttner\/dpa-Zentralbild\/ZB"},"primaryImageOfPage":{"@id":"https:\/\/eldigitaldeasturias.com\/radio\/rechazan-en-alemania-objeciones-ecologistas-a-gasoducto-nord-stream-2\/#mainImage"},"datePublished":"2021-04-02T16:57:01+02:00","dateModified":"2021-04-02T16:57:01+02:00"},{"@type":"WebSite","@id":"https:\/\/eldigitaldeasturias.com\/radio\/#website","url":"https:\/\/eldigitaldeasturias.com\/radio\/","name":"El Digital de Asturias","description":"Diario de informaci\u00f3n y noticias","inLanguage":"es-ES","publisher":{"@id":"https:\/\/eldigitaldeasturias.com\/radio\/#organization"}}]},"og:locale":"es_ES","og:site_name":"El Digital de Asturias | Diario de informaci\u00f3n y noticias","og:type":"article","og:title":"Rechazan en Alemania objeciones ecologistas a gasoducto Nord Stream 2 | El Digital de Asturias","og:description":"La Oficina Federal de Navegaci\u00f3n Mar\u00edtima e Hidrogr\u00e1fica (BSH) de Alemania rechaz\u00f3 las objeciones presentadas por ecologistas ..","og:url":"https:\/\/eldigitaldeasturias.com\/radio\/rechazan-en-alemania-objeciones-ecologistas-a-gasoducto-nord-stream-2\/","og:image":"https:\/\/eldigitaldeasturias.com\/radio\/wp-content\/uploads\/2021\/04\/Nord-Stream-2.jpg","og:image:secure_url":"https:\/\/eldigitaldeasturias.com\/radio\/wp-content\/uploads\/2021\/04\/Nord-Stream-2.jpg","og:image:width":973,"og:image:height":662,"article:published_time":"2021-04-02T16:57:01+00:00","article:modified_time":"2021-04-02T16:57:01+00:00","twitter:card":"summary_large_image","twitter:site":"@bercodi","twitter:title":"Rechazan en Alemania objeciones ecologistas a gasoducto Nord Stream 2 | El Digital de Asturias","twitter:description":"La Oficina Federal de Navegaci\u00f3n Mar\u00edtima e Hidrogr\u00e1fica (BSH) de Alemania rechaz\u00f3 las objeciones presentadas por ecologistas ..","twitter:creator":"@bercodi","twitter:image":"https:\/\/eldigitaldeasturias.com\/radio\/wp-content\/uploads\/2021\/04\/Nord-Stream-2.jpg"},"aioseo_meta_data":{"post_id":"5797","title":null,"description":"La Oficina Federal de Navegaci\u00f3n Mar\u00edtima e Hidrogr\u00e1fica (BSH) de Alemania rechaz\u00f3 las objeciones presentadas por ecologistas ..","keywords":[],"keyphrases":{"focus":[],"additional":[]},"primary_term":null,"canonical_url":null,"og_title":null,"og_description":null,"og_object_type":"default","og_image_type":"default","og_image_url":null,"og_image_width":null,"og_image_height":null,"og_image_custom_url":null,"og_image_custom_fields":null,"og_video":"","og_custom_url":null,"og_article_section":null,"og_article_tags":[],"twitter_use_og":false,"twitter_card":"default","twitter_image_type":"default","twitter_image_url":null,"twitter_image_custom_url":null,"twitter_image_custom_fields":null,"twitter_title":null,"twitter_description":null,"schema":{"blockGraphs":[],"customGraphs":[],"default":{"data":{"Article":[],"Course":[],"Dataset":[],"FAQPage":[],"Movie":[],"Person":[],"Product":[],"ProductReview":[],"Car":[],"Recipe":[],"Service":[],"SoftwareApplication":[],"WebPage":[]},"graphName":"","isEnabled":true},"graphs":[],"defaultGraph":"Article","defaultPostTypeGraph":""},"schema_type":"default","schema_type_options":"{\"article\":{\"articleType\":\"BlogPosting\"},\"course\":{\"name\":\"\",\"description\":\"\",\"provider\":\"\"},\"faq\":{\"pages\":[]},\"product\":{\"reviews\":[]},\"recipe\":{\"ingredients\":[],\"instructions\":[],\"keywords\":[]},\"software\":{\"reviews\":[],\"operatingSystems\":[]},\"webPage\":{\"webPageType\":\"WebPage\"}}","pillar_content":false,"robots_default":true,"robots_noindex":false,"robots_noarchive":false,"robots_nosnippet":false,"robots_nofollow":false,"robots_noimageindex":false,"robots_noodp":false,"robots_notranslate":false,"robots_max_snippet":"-1","robots_max_videopreview":"-1","robots_max_imagepreview":"large","priority":null,"frequency":"default","location":null,"local_seo":{"businessInfo":{"name":"","urls":{"website":"","aboutPage":"","contactPage":""},"address":{"line1":"","line2":"","zip":"","city":"","state":"","country":""},"contact":{"email":"","phone":"","fax":""},"ids":{"vatID":"","taxID":"","chamberID":""},"payment":{"priceIndication":"","currenciesAccepted":"","methodsAccepted":""},"areaServed":""},"openingHours":{"show":false,"closedLabel":"","open24h":false,"open24hLabel":"","open247":false,"use24hFormat":false,"twoSets":false,"timezone":"","hours":[]}},"seo_analyzer_scan_date":"2025-08-28 18:33:26","breadcrumb_settings":null,"limit_modified_date":false,"open_ai":null,"ai":null,"created":"2021-04-02 16:54:48","updated":"2025-08-28 18:33:26"},"aioseo_breadcrumb":"<div class=\"aioseo-breadcrumbs\"><span class=\"aioseo-breadcrumb\">\n\t<a href=\"https:\/\/eldigitaldeasturias.com\/radio\" title=\"Inicio\">Inicio<\/a>\n<\/span><span class=\"aioseo-breadcrumb-separator\">&ndash;<\/span><span class=\"aioseo-breadcrumb\">\n\t<a href=\"https:\/\/eldigitaldeasturias.com\/radio\/category\/noticias\/\" title=\"Noticias\">Noticias<\/a>\n<\/span><span class=\"aioseo-breadcrumb-separator\">&ndash;<\/span><span class=\"aioseo-breadcrumb\">\n\tRechazan en Alemania objeciones ecologistas a gasoducto Nord Stream 2\n<\/span><\/div>","aioseo_breadcrumb_json":[{"label":"Inicio","link":"https:\/\/eldigitaldeasturias.com\/radio"},{"label":"Noticias","link":"https:\/\/eldigitaldeasturias.com\/radio\/category\/noticias\/"},{"label":"Rechazan en Alemania objeciones ecologistas a gasoducto Nord Stream 2","link":"https:\/\/eldigitaldeasturias.com\/radio\/rechazan-en-alemania-objeciones-ecologistas-a-gasoducto-nord-stream-2\/"}],"_links":{"self":[{"href":"https:\/\/eldigitaldeasturias.com\/radio\/wp-json\/wp\/v2\/posts\/5797","targetHints":{"allow":["GET"]}}],"collection":[{"href":"https:\/\/eldigitaldeasturias.com\/radio\/wp-json\/wp\/v2\/posts"}],"about":[{"href":"https:\/\/eldigitaldeasturias.com\/radio\/wp-json\/wp\/v2\/types\/post"}],"author":[{"embeddable":true,"href":"https:\/\/eldigitaldeasturias.com\/radio\/wp-json\/wp\/v2\/users\/1"}],"replies":[{"embeddable":true,"href":"https:\/\/eldigitaldeasturias.com\/radio\/wp-json\/wp\/v2\/comments?post=5797"}],"version-history":[{"count":0,"href":"https:\/\/eldigitaldeasturias.com\/radio\/wp-json\/wp\/v2\/posts\/5797\/revisions"}],"wp:featuredmedia":[{"embeddable":true,"href":"https:\/\/eldigitaldeasturias.com\/radio\/wp-json\/wp\/v2\/media\/5798"}],"wp:attachment":[{"href":"https:\/\/eldigitaldeasturias.com\/radio\/wp-json\/wp\/v2\/media?parent=5797"}],"wp:term":[{"taxonomy":"category","embeddable":true,"href":"https:\/\/eldigitaldeasturias.com\/radio\/wp-json\/wp\/v2\/categories?post=5797"},{"taxonomy":"post_tag","embeddable":true,"href":"https:\/\/eldigitaldeasturias.com\/radio\/wp-json\/wp\/v2\/tags?post=5797"}],"curies":[{"name":"wp","href":"https:\/\/api.w.org\/{rel}","templated":true}]}}