{"id":5795,"date":"2021-04-02T16:51:05","date_gmt":"2021-04-02T16:51:05","guid":{"rendered":"http:\/\/eldigitaldeasturias.com\/radio\/?p=5795"},"modified":"2021-04-02T16:51:05","modified_gmt":"2021-04-02T16:51:05","slug":"consumidores-alemanes-se-volvieron-mas-ahorrativos-en-pandemia","status":"publish","type":"post","link":"https:\/\/eldigitaldeasturias.com\/radio\/consumidores-alemanes-se-volvieron-mas-ahorrativos-en-pandemia\/","title":{"rendered":"Consumidores alemanes se volvieron m\u00e1s ahorrativos en pandemia"},"content":{"rendered":"<p>Dusseldorf (Alemania), 1 abr (dpa) &#8211; Los consumidores alemanes no est\u00e1n recortando gastos en alimentos y art\u00edculos del hogar durante la pandemia de coronavirus, pero s\u00ed en casi todo lo dem\u00e1s, seg\u00fan un estudio reciente dado a conocer hoy.<\/p>\n<p>\u00abVemos que, en contra de la creencia popular, no solo el sector del ocio y los eventos se ve afectado por la pandemia\u00bb, resumi\u00f3 los resultados de la encuesta Peter Heckmann, experto de la consultora Alix Partners.<\/p>\n<p>El an\u00e1lisis arroj\u00f3 que, como era de esperar, los mayores perdedores del consumo en los \u00faltimos meses fueron el sector tur\u00edstico y el de la gastronom\u00eda. Sin embargo, una gran proporci\u00f3n de consumidores tambi\u00e9n gasta menos en ropa, muebles, productos electr\u00f3nicos y cosm\u00e9ticos.<\/p>\n<p>En 12 de los 15 \u00e1mbitos analizados, fue mayoritaria la proporci\u00f3n de consumidores que hab\u00eda reducido sus gastos a ra\u00edz de la pandemia.<\/p>\n<p>Seg\u00fan la encuesta, m\u00e1s de la mitad de los consumidores alemanes (55 por ciento) est\u00e1n preocupados por su salud. Un tercio (33 por ciento) est\u00e1 preocupado tanto por su salud como por su propia situaci\u00f3n econ\u00f3mica.<\/p>\n<p>Por el contrario, el 37 por ciento de los consumidores son optimistas tanto en lo que respecta a su salud como a su propia econom\u00eda.<\/p>\n<p>Casi uno de cada dos encuestados (44 por ciento) asume que su comportamiento como consumidor cambi\u00f3 a largo plazo como resultado de la pandemia. Al fin y al cabo, casi el 40 por ciento de los encuestados afirm\u00f3 que ten\u00eda la intenci\u00f3n de seguir comprando m\u00e1s zapatos y productos textiles por Internet incluso despu\u00e9s de la pandemia.<\/p>\n<p>En comparaci\u00f3n, s\u00f3lo el 14 por ciento de los encuestados tiene la intenci\u00f3n de seguir comprando alimentos online. De acuerdo con la encuesta, un tercio de los consumidores tiene previsto dar m\u00e1s importancia a la sustentabilidad en sus compras despu\u00e9s de la pandemia.<\/p>\n","protected":false},"excerpt":{"rendered":"<p>Dusseldorf (Alemania), 1 abr (dpa) &#8211; Los consumidores alemanes no est\u00e1n recortando gastos en alimentos y art\u00edculos del hogar durante la pandemia de coronavirus, pero s\u00ed en casi todo lo dem\u00e1s, seg\u00fan un estudio reciente dado a conocer hoy. \u00abVemos que, en contra de la creencia popular, no solo el sector del ocio y los<\/p>\n","protected":false},"author":1,"featured_media":1471,"comment_status":"closed","ping_status":"closed","sticky":false,"template":"","format":"standard","meta":{"footnotes":""},"categories":[1],"tags":[],"class_list":{"0":"post-5795","1":"post","2":"type-post","3":"status-publish","4":"format-standard","5":"has-post-thumbnail","7":"category-noticias"},"aioseo_notices":[],"aioseo_head":"\n\t\t<!-- All in One SEO Pro 4.9.6.2 - aioseo.com -->\n\t<meta name=\"description\" content=\"Dusseldorf (Alemania), 1 abr (dpa) - Los consumidores alemanes no est\u00e1n recortando gastos en alimentos y art\u00edculos del hogar durante la pandemia de coronavirus, pero s\u00ed en casi todo lo dem\u00e1s, seg\u00fan un estudio reciente dado a conocer hoy. &quot;Vemos que, en contra de la creencia popular, no solo el sector del ocio y los\" \/>\n\t<meta name=\"robots\" content=\"max-image-preview:large\" \/>\n\t<meta name=\"author\" content=\"NBAsturias\"\/>\n\t<meta name=\"google-site-verification\" content=\"UA-38556648-1\" \/>\n\t<meta name=\"keywords\" content=\"noticias\" \/>\n\t<link rel=\"canonical\" href=\"https:\/\/eldigitaldeasturias.com\/radio\/consumidores-alemanes-se-volvieron-mas-ahorrativos-en-pandemia\/\" \/>\n\t<meta name=\"generator\" content=\"All in One SEO Pro (AIOSEO) 4.9.6.2\" \/>\n\t\t<meta property=\"og:locale\" content=\"es_ES\" \/>\n\t\t<meta property=\"og:site_name\" content=\"El Digital de Asturias | Diario de informaci\u00f3n y noticias\" \/>\n\t\t<meta property=\"og:type\" content=\"article\" \/>\n\t\t<meta property=\"og:title\" content=\"Consumidores alemanes se volvieron m\u00e1s ahorrativos en pandemia | El Digital de Asturias\" \/>\n\t\t<meta property=\"og:description\" content=\"Dusseldorf (Alemania), 1 abr (dpa) - Los consumidores alemanes no est\u00e1n recortando gastos en alimentos y art\u00edculos del hogar durante la pandemia de coronavirus, pero s\u00ed en casi todo lo dem\u00e1s, seg\u00fan un estudio reciente dado a conocer hoy. &quot;Vemos que, en contra de la creencia popular, no solo el sector del ocio y los\" \/>\n\t\t<meta property=\"og:url\" content=\"https:\/\/eldigitaldeasturias.com\/radio\/consumidores-alemanes-se-volvieron-mas-ahorrativos-en-pandemia\/\" \/>\n\t\t<meta property=\"og:image\" content=\"https:\/\/eldigitaldeasturias.com\/radio\/wp-content\/uploads\/2018\/10\/money-1005477_960_720.jpg\" \/>\n\t\t<meta property=\"og:image:secure_url\" content=\"https:\/\/eldigitaldeasturias.com\/radio\/wp-content\/uploads\/2018\/10\/money-1005477_960_720.jpg\" \/>\n\t\t<meta property=\"og:image:width\" content=\"960\" \/>\n\t\t<meta property=\"og:image:height\" content=\"640\" \/>\n\t\t<meta property=\"article:published_time\" content=\"2021-04-02T16:51:05+00:00\" \/>\n\t\t<meta property=\"article:modified_time\" content=\"2021-04-02T16:51:05+00:00\" \/>\n\t\t<meta name=\"twitter:card\" content=\"summary_large_image\" \/>\n\t\t<meta name=\"twitter:site\" content=\"@bercodi\" \/>\n\t\t<meta name=\"twitter:title\" content=\"Consumidores alemanes se volvieron m\u00e1s ahorrativos en pandemia | El Digital de Asturias\" \/>\n\t\t<meta name=\"twitter:description\" content=\"Dusseldorf (Alemania), 1 abr (dpa) - Los consumidores alemanes no est\u00e1n recortando gastos en alimentos y art\u00edculos del hogar durante la pandemia de coronavirus, pero s\u00ed en casi todo lo dem\u00e1s, seg\u00fan un estudio reciente dado a conocer hoy. &quot;Vemos que, en contra de la creencia popular, no solo el sector del ocio y los\" \/>\n\t\t<meta name=\"twitter:creator\" content=\"@bercodi\" \/>\n\t\t<meta name=\"twitter:image\" content=\"https:\/\/eldigitaldeasturias.com\/radio\/wp-content\/uploads\/2018\/10\/money-1005477_960_720.jpg\" \/>\n\t\t<script type=\"application\/ld+json\" class=\"aioseo-schema\">\n\t\t\t{\"@context\":\"https:\\\/\\\/schema.org\",\"@graph\":[{\"@type\":\"BreadcrumbList\",\"@id\":\"https:\\\/\\\/eldigitaldeasturias.com\\\/radio\\\/consumidores-alemanes-se-volvieron-mas-ahorrativos-en-pandemia\\\/#breadcrumblist\",\"itemListElement\":[{\"@type\":\"ListItem\",\"@id\":\"https:\\\/\\\/eldigitaldeasturias.com\\\/radio#listItem\",\"position\":1,\"name\":\"Inicio\",\"item\":\"https:\\\/\\\/eldigitaldeasturias.com\\\/radio\",\"nextItem\":{\"@type\":\"ListItem\",\"@id\":\"https:\\\/\\\/eldigitaldeasturias.com\\\/radio\\\/category\\\/noticias\\\/#listItem\",\"name\":\"Noticias\"}},{\"@type\":\"ListItem\",\"@id\":\"https:\\\/\\\/eldigitaldeasturias.com\\\/radio\\\/category\\\/noticias\\\/#listItem\",\"position\":2,\"name\":\"Noticias\",\"item\":\"https:\\\/\\\/eldigitaldeasturias.com\\\/radio\\\/category\\\/noticias\\\/\",\"nextItem\":{\"@type\":\"ListItem\",\"@id\":\"https:\\\/\\\/eldigitaldeasturias.com\\\/radio\\\/consumidores-alemanes-se-volvieron-mas-ahorrativos-en-pandemia\\\/#listItem\",\"name\":\"Consumidores alemanes se volvieron m\\u00e1s ahorrativos en pandemia\"},\"previousItem\":{\"@type\":\"ListItem\",\"@id\":\"https:\\\/\\\/eldigitaldeasturias.com\\\/radio#listItem\",\"name\":\"Inicio\"}},{\"@type\":\"ListItem\",\"@id\":\"https:\\\/\\\/eldigitaldeasturias.com\\\/radio\\\/consumidores-alemanes-se-volvieron-mas-ahorrativos-en-pandemia\\\/#listItem\",\"position\":3,\"name\":\"Consumidores alemanes se volvieron m\\u00e1s ahorrativos en pandemia\",\"previousItem\":{\"@type\":\"ListItem\",\"@id\":\"https:\\\/\\\/eldigitaldeasturias.com\\\/radio\\\/category\\\/noticias\\\/#listItem\",\"name\":\"Noticias\"}}]},{\"@type\":\"NewsArticle\",\"@id\":\"https:\\\/\\\/eldigitaldeasturias.com\\\/radio\\\/consumidores-alemanes-se-volvieron-mas-ahorrativos-en-pandemia\\\/#newsarticle\",\"name\":\"Consumidores alemanes se volvieron m\\u00e1s ahorrativos en pandemia | El Digital de Asturias\",\"headline\":\"Consumidores alemanes se volvieron m\\u00e1s ahorrativos en pandemia\",\"author\":{\"@id\":\"https:\\\/\\\/eldigitaldeasturias.com\\\/radio\\\/author\\\/nbasturias\\\/#author\"},\"publisher\":{\"@id\":\"https:\\\/\\\/eldigitaldeasturias.com\\\/radio\\\/#organization\"},\"image\":{\"@type\":\"ImageObject\",\"url\":\"https:\\\/\\\/eldigitaldeasturias.com\\\/radio\\\/wp-content\\\/uploads\\\/2018\\\/10\\\/money-1005477_960_720.jpg\",\"width\":960,\"height\":640},\"datePublished\":\"2021-04-02T16:51:05+02:00\",\"dateModified\":\"2021-04-02T16:51:05+02:00\",\"inLanguage\":\"es-ES\",\"mainEntityOfPage\":{\"@id\":\"https:\\\/\\\/eldigitaldeasturias.com\\\/radio\\\/consumidores-alemanes-se-volvieron-mas-ahorrativos-en-pandemia\\\/#webpage\"},\"isPartOf\":{\"@id\":\"https:\\\/\\\/eldigitaldeasturias.com\\\/radio\\\/consumidores-alemanes-se-volvieron-mas-ahorrativos-en-pandemia\\\/#webpage\"},\"articleSection\":\"Noticias\",\"dateline\":\"Publicado el abril 2, 2021.\"},{\"@type\":\"Organization\",\"@id\":\"https:\\\/\\\/eldigitaldeasturias.com\\\/radio\\\/#organization\",\"name\":\"El digital de Asturias Radio\",\"description\":\"Diario de informaci\\u00f3n y noticias\",\"url\":\"https:\\\/\\\/eldigitaldeasturias.com\\\/radio\\\/\",\"telephone\":\"+34652131393\",\"logo\":{\"@type\":\"ImageObject\",\"url\":\"https:\\\/\\\/www.eldigitaldeasturias.com\\\/radio\\\/wp-content\\\/uploads\\\/2021\\\/03\\\/EDA.jpg\",\"@id\":\"https:\\\/\\\/eldigitaldeasturias.com\\\/radio\\\/consumidores-alemanes-se-volvieron-mas-ahorrativos-en-pandemia\\\/#organizationLogo\"},\"image\":{\"@id\":\"https:\\\/\\\/eldigitaldeasturias.com\\\/radio\\\/consumidores-alemanes-se-volvieron-mas-ahorrativos-en-pandemia\\\/#organizationLogo\"},\"sameAs\":[\"https:\\\/\\\/www.facebook.com\\\/\",\"https:\\\/\\\/x.com\\\/bercodi\",\"https:\\\/\\\/www.instagram.com\\\/\",\"https:\\\/\\\/www.youtube.com\\\/channel\\\/UCZP-2wLEB9Rv6erhFmqVnvg\"]},{\"@type\":\"Person\",\"@id\":\"https:\\\/\\\/eldigitaldeasturias.com\\\/radio\\\/author\\\/nbasturias\\\/#author\",\"url\":\"https:\\\/\\\/eldigitaldeasturias.com\\\/radio\\\/author\\\/nbasturias\\\/\",\"name\":\"NBAsturias\",\"image\":{\"@type\":\"ImageObject\",\"@id\":\"https:\\\/\\\/eldigitaldeasturias.com\\\/radio\\\/consumidores-alemanes-se-volvieron-mas-ahorrativos-en-pandemia\\\/#authorImage\",\"url\":\"https:\\\/\\\/secure.gravatar.com\\\/avatar\\\/df2aeffc32bcd13f8d26072ef8a91b623d677766deac7f97ca815868cd41bf5e?s=96&d=mm&r=g\",\"width\":96,\"height\":96,\"caption\":\"NBAsturias\"}},{\"@type\":\"WebPage\",\"@id\":\"https:\\\/\\\/eldigitaldeasturias.com\\\/radio\\\/consumidores-alemanes-se-volvieron-mas-ahorrativos-en-pandemia\\\/#webpage\",\"url\":\"https:\\\/\\\/eldigitaldeasturias.com\\\/radio\\\/consumidores-alemanes-se-volvieron-mas-ahorrativos-en-pandemia\\\/\",\"name\":\"Consumidores alemanes se volvieron m\\u00e1s ahorrativos en pandemia | El Digital de Asturias\",\"description\":\"Dusseldorf (Alemania), 1 abr (dpa) - Los consumidores alemanes no est\\u00e1n recortando gastos en alimentos y art\\u00edculos del hogar durante la pandemia de coronavirus, pero s\\u00ed en casi todo lo dem\\u00e1s, seg\\u00fan un estudio reciente dado a conocer hoy. \\\"Vemos que, en contra de la creencia popular, no solo el sector del ocio y los\",\"inLanguage\":\"es-ES\",\"isPartOf\":{\"@id\":\"https:\\\/\\\/eldigitaldeasturias.com\\\/radio\\\/#website\"},\"breadcrumb\":{\"@id\":\"https:\\\/\\\/eldigitaldeasturias.com\\\/radio\\\/consumidores-alemanes-se-volvieron-mas-ahorrativos-en-pandemia\\\/#breadcrumblist\"},\"author\":{\"@id\":\"https:\\\/\\\/eldigitaldeasturias.com\\\/radio\\\/author\\\/nbasturias\\\/#author\"},\"creator\":{\"@id\":\"https:\\\/\\\/eldigitaldeasturias.com\\\/radio\\\/author\\\/nbasturias\\\/#author\"},\"image\":{\"@type\":\"ImageObject\",\"url\":\"https:\\\/\\\/eldigitaldeasturias.com\\\/radio\\\/wp-content\\\/uploads\\\/2018\\\/10\\\/money-1005477_960_720.jpg\",\"@id\":\"https:\\\/\\\/eldigitaldeasturias.com\\\/radio\\\/consumidores-alemanes-se-volvieron-mas-ahorrativos-en-pandemia\\\/#mainImage\",\"width\":960,\"height\":640},\"primaryImageOfPage\":{\"@id\":\"https:\\\/\\\/eldigitaldeasturias.com\\\/radio\\\/consumidores-alemanes-se-volvieron-mas-ahorrativos-en-pandemia\\\/#mainImage\"},\"datePublished\":\"2021-04-02T16:51:05+02:00\",\"dateModified\":\"2021-04-02T16:51:05+02:00\"},{\"@type\":\"WebSite\",\"@id\":\"https:\\\/\\\/eldigitaldeasturias.com\\\/radio\\\/#website\",\"url\":\"https:\\\/\\\/eldigitaldeasturias.com\\\/radio\\\/\",\"name\":\"El Digital de Asturias\",\"description\":\"Diario de informaci\\u00f3n y noticias\",\"inLanguage\":\"es-ES\",\"publisher\":{\"@id\":\"https:\\\/\\\/eldigitaldeasturias.com\\\/radio\\\/#organization\"}}]}\n\t\t<\/script>\n\t\t<!-- All in One SEO Pro -->\r\n\t\t<title>Consumidores alemanes se volvieron m\u00e1s ahorrativos en pandemia | El Digital de Asturias<\/title>\n\n","aioseo_head_json":{"title":"Consumidores alemanes se volvieron m\u00e1s ahorrativos en pandemia | El Digital de Asturias","description":"Dusseldorf (Alemania), 1 abr (dpa) - Los consumidores alemanes no est\u00e1n recortando gastos en alimentos y art\u00edculos del hogar durante la pandemia de coronavirus, pero s\u00ed en casi todo lo dem\u00e1s, seg\u00fan un estudio reciente dado a conocer hoy. \"Vemos que, en contra de la creencia popular, no solo el sector del ocio y los","canonical_url":"https:\/\/eldigitaldeasturias.com\/radio\/consumidores-alemanes-se-volvieron-mas-ahorrativos-en-pandemia\/","robots":"max-image-preview:large","keywords":"noticias","webmasterTools":{"google-site-verification":"UA-38556648-1","miscellaneous":""},"schema":{"@context":"https:\/\/schema.org","@graph":[{"@type":"BreadcrumbList","@id":"https:\/\/eldigitaldeasturias.com\/radio\/consumidores-alemanes-se-volvieron-mas-ahorrativos-en-pandemia\/#breadcrumblist","itemListElement":[{"@type":"ListItem","@id":"https:\/\/eldigitaldeasturias.com\/radio#listItem","position":1,"name":"Inicio","item":"https:\/\/eldigitaldeasturias.com\/radio","nextItem":{"@type":"ListItem","@id":"https:\/\/eldigitaldeasturias.com\/radio\/category\/noticias\/#listItem","name":"Noticias"}},{"@type":"ListItem","@id":"https:\/\/eldigitaldeasturias.com\/radio\/category\/noticias\/#listItem","position":2,"name":"Noticias","item":"https:\/\/eldigitaldeasturias.com\/radio\/category\/noticias\/","nextItem":{"@type":"ListItem","@id":"https:\/\/eldigitaldeasturias.com\/radio\/consumidores-alemanes-se-volvieron-mas-ahorrativos-en-pandemia\/#listItem","name":"Consumidores alemanes se volvieron m\u00e1s ahorrativos en pandemia"},"previousItem":{"@type":"ListItem","@id":"https:\/\/eldigitaldeasturias.com\/radio#listItem","name":"Inicio"}},{"@type":"ListItem","@id":"https:\/\/eldigitaldeasturias.com\/radio\/consumidores-alemanes-se-volvieron-mas-ahorrativos-en-pandemia\/#listItem","position":3,"name":"Consumidores alemanes se volvieron m\u00e1s ahorrativos en pandemia","previousItem":{"@type":"ListItem","@id":"https:\/\/eldigitaldeasturias.com\/radio\/category\/noticias\/#listItem","name":"Noticias"}}]},{"@type":"NewsArticle","@id":"https:\/\/eldigitaldeasturias.com\/radio\/consumidores-alemanes-se-volvieron-mas-ahorrativos-en-pandemia\/#newsarticle","name":"Consumidores alemanes se volvieron m\u00e1s ahorrativos en pandemia | El Digital de Asturias","headline":"Consumidores alemanes se volvieron m\u00e1s ahorrativos en pandemia","author":{"@id":"https:\/\/eldigitaldeasturias.com\/radio\/author\/nbasturias\/#author"},"publisher":{"@id":"https:\/\/eldigitaldeasturias.com\/radio\/#organization"},"image":{"@type":"ImageObject","url":"https:\/\/eldigitaldeasturias.com\/radio\/wp-content\/uploads\/2018\/10\/money-1005477_960_720.jpg","width":960,"height":640},"datePublished":"2021-04-02T16:51:05+02:00","dateModified":"2021-04-02T16:51:05+02:00","inLanguage":"es-ES","mainEntityOfPage":{"@id":"https:\/\/eldigitaldeasturias.com\/radio\/consumidores-alemanes-se-volvieron-mas-ahorrativos-en-pandemia\/#webpage"},"isPartOf":{"@id":"https:\/\/eldigitaldeasturias.com\/radio\/consumidores-alemanes-se-volvieron-mas-ahorrativos-en-pandemia\/#webpage"},"articleSection":"Noticias","dateline":"Publicado el abril 2, 2021."},{"@type":"Organization","@id":"https:\/\/eldigitaldeasturias.com\/radio\/#organization","name":"El digital de Asturias Radio","description":"Diario de informaci\u00f3n y noticias","url":"https:\/\/eldigitaldeasturias.com\/radio\/","telephone":"+34652131393","logo":{"@type":"ImageObject","url":"https:\/\/www.eldigitaldeasturias.com\/radio\/wp-content\/uploads\/2021\/03\/EDA.jpg","@id":"https:\/\/eldigitaldeasturias.com\/radio\/consumidores-alemanes-se-volvieron-mas-ahorrativos-en-pandemia\/#organizationLogo"},"image":{"@id":"https:\/\/eldigitaldeasturias.com\/radio\/consumidores-alemanes-se-volvieron-mas-ahorrativos-en-pandemia\/#organizationLogo"},"sameAs":["https:\/\/www.facebook.com\/","https:\/\/x.com\/bercodi","https:\/\/www.instagram.com\/","https:\/\/www.youtube.com\/channel\/UCZP-2wLEB9Rv6erhFmqVnvg"]},{"@type":"Person","@id":"https:\/\/eldigitaldeasturias.com\/radio\/author\/nbasturias\/#author","url":"https:\/\/eldigitaldeasturias.com\/radio\/author\/nbasturias\/","name":"NBAsturias","image":{"@type":"ImageObject","@id":"https:\/\/eldigitaldeasturias.com\/radio\/consumidores-alemanes-se-volvieron-mas-ahorrativos-en-pandemia\/#authorImage","url":"https:\/\/secure.gravatar.com\/avatar\/df2aeffc32bcd13f8d26072ef8a91b623d677766deac7f97ca815868cd41bf5e?s=96&d=mm&r=g","width":96,"height":96,"caption":"NBAsturias"}},{"@type":"WebPage","@id":"https:\/\/eldigitaldeasturias.com\/radio\/consumidores-alemanes-se-volvieron-mas-ahorrativos-en-pandemia\/#webpage","url":"https:\/\/eldigitaldeasturias.com\/radio\/consumidores-alemanes-se-volvieron-mas-ahorrativos-en-pandemia\/","name":"Consumidores alemanes se volvieron m\u00e1s ahorrativos en pandemia | El Digital de Asturias","description":"Dusseldorf (Alemania), 1 abr (dpa) - Los consumidores alemanes no est\u00e1n recortando gastos en alimentos y art\u00edculos del hogar durante la pandemia de coronavirus, pero s\u00ed en casi todo lo dem\u00e1s, seg\u00fan un estudio reciente dado a conocer hoy. \"Vemos que, en contra de la creencia popular, no solo el sector del ocio y los","inLanguage":"es-ES","isPartOf":{"@id":"https:\/\/eldigitaldeasturias.com\/radio\/#website"},"breadcrumb":{"@id":"https:\/\/eldigitaldeasturias.com\/radio\/consumidores-alemanes-se-volvieron-mas-ahorrativos-en-pandemia\/#breadcrumblist"},"author":{"@id":"https:\/\/eldigitaldeasturias.com\/radio\/author\/nbasturias\/#author"},"creator":{"@id":"https:\/\/eldigitaldeasturias.com\/radio\/author\/nbasturias\/#author"},"image":{"@type":"ImageObject","url":"https:\/\/eldigitaldeasturias.com\/radio\/wp-content\/uploads\/2018\/10\/money-1005477_960_720.jpg","@id":"https:\/\/eldigitaldeasturias.com\/radio\/consumidores-alemanes-se-volvieron-mas-ahorrativos-en-pandemia\/#mainImage","width":960,"height":640},"primaryImageOfPage":{"@id":"https:\/\/eldigitaldeasturias.com\/radio\/consumidores-alemanes-se-volvieron-mas-ahorrativos-en-pandemia\/#mainImage"},"datePublished":"2021-04-02T16:51:05+02:00","dateModified":"2021-04-02T16:51:05+02:00"},{"@type":"WebSite","@id":"https:\/\/eldigitaldeasturias.com\/radio\/#website","url":"https:\/\/eldigitaldeasturias.com\/radio\/","name":"El Digital de Asturias","description":"Diario de informaci\u00f3n y noticias","inLanguage":"es-ES","publisher":{"@id":"https:\/\/eldigitaldeasturias.com\/radio\/#organization"}}]},"og:locale":"es_ES","og:site_name":"El Digital de Asturias | Diario de informaci\u00f3n y noticias","og:type":"article","og:title":"Consumidores alemanes se volvieron m\u00e1s ahorrativos en pandemia | El Digital de Asturias","og:description":"Dusseldorf (Alemania), 1 abr (dpa) - Los consumidores alemanes no est\u00e1n recortando gastos en alimentos y art\u00edculos del hogar durante la pandemia de coronavirus, pero s\u00ed en casi todo lo dem\u00e1s, seg\u00fan un estudio reciente dado a conocer hoy. &quot;Vemos que, en contra de la creencia popular, no solo el sector del ocio y los","og:url":"https:\/\/eldigitaldeasturias.com\/radio\/consumidores-alemanes-se-volvieron-mas-ahorrativos-en-pandemia\/","og:image":"https:\/\/eldigitaldeasturias.com\/radio\/wp-content\/uploads\/2018\/10\/money-1005477_960_720.jpg","og:image:secure_url":"https:\/\/eldigitaldeasturias.com\/radio\/wp-content\/uploads\/2018\/10\/money-1005477_960_720.jpg","og:image:width":960,"og:image:height":640,"article:published_time":"2021-04-02T16:51:05+00:00","article:modified_time":"2021-04-02T16:51:05+00:00","twitter:card":"summary_large_image","twitter:site":"@bercodi","twitter:title":"Consumidores alemanes se volvieron m\u00e1s ahorrativos en pandemia | El Digital de Asturias","twitter:description":"Dusseldorf (Alemania), 1 abr (dpa) - Los consumidores alemanes no est\u00e1n recortando gastos en alimentos y art\u00edculos del hogar durante la pandemia de coronavirus, pero s\u00ed en casi todo lo dem\u00e1s, seg\u00fan un estudio reciente dado a conocer hoy. &quot;Vemos que, en contra de la creencia popular, no solo el sector del ocio y los","twitter:creator":"@bercodi","twitter:image":"https:\/\/eldigitaldeasturias.com\/radio\/wp-content\/uploads\/2018\/10\/money-1005477_960_720.jpg"},"aioseo_meta_data":{"post_id":"5795","title":null,"description":null,"keywords":[],"keyphrases":{"focus":[],"additional":[]},"primary_term":null,"canonical_url":null,"og_title":null,"og_description":null,"og_object_type":"default","og_image_type":"default","og_image_url":null,"og_image_width":null,"og_image_height":null,"og_image_custom_url":null,"og_image_custom_fields":null,"og_video":"","og_custom_url":null,"og_article_section":null,"og_article_tags":[],"twitter_use_og":false,"twitter_card":"default","twitter_image_type":"default","twitter_image_url":null,"twitter_image_custom_url":null,"twitter_image_custom_fields":null,"twitter_title":null,"twitter_description":null,"schema":{"blockGraphs":[],"customGraphs":[],"default":{"data":{"Article":[],"Course":[],"Dataset":[],"FAQPage":[],"Movie":[],"Person":[],"Product":[],"ProductReview":[],"Car":[],"Recipe":[],"Service":[],"SoftwareApplication":[],"WebPage":[]},"graphName":"","isEnabled":true},"graphs":[],"defaultGraph":"Article","defaultPostTypeGraph":""},"schema_type":"default","schema_type_options":"{\"article\":{\"articleType\":\"BlogPosting\"},\"course\":{\"name\":\"\",\"description\":\"\",\"provider\":\"\"},\"faq\":{\"pages\":[]},\"product\":{\"reviews\":[]},\"recipe\":{\"ingredients\":[],\"instructions\":[],\"keywords\":[]},\"software\":{\"reviews\":[],\"operatingSystems\":[]},\"webPage\":{\"webPageType\":\"WebPage\"}}","pillar_content":false,"robots_default":true,"robots_noindex":false,"robots_noarchive":false,"robots_nosnippet":false,"robots_nofollow":false,"robots_noimageindex":false,"robots_noodp":false,"robots_notranslate":false,"robots_max_snippet":"-1","robots_max_videopreview":"-1","robots_max_imagepreview":"large","priority":null,"frequency":"default","location":null,"local_seo":{"businessInfo":{"name":"","urls":{"website":"","aboutPage":"","contactPage":""},"address":{"line1":"","line2":"","zip":"","city":"","state":"","country":""},"contact":{"email":"","phone":"","fax":""},"ids":{"vatID":"","taxID":"","chamberID":""},"payment":{"priceIndication":"","currenciesAccepted":"","methodsAccepted":""},"areaServed":""},"openingHours":{"show":false,"closedLabel":"","open24h":false,"open24hLabel":"","open247":false,"use24hFormat":false,"twoSets":false,"timezone":"","hours":[]}},"seo_analyzer_scan_date":"2025-08-28 18:33:25","breadcrumb_settings":null,"limit_modified_date":false,"open_ai":null,"ai":null,"created":"2021-04-02 16:50:39","updated":"2025-08-28 18:33:25"},"aioseo_breadcrumb":"<div class=\"aioseo-breadcrumbs\"><span class=\"aioseo-breadcrumb\">\n\t<a href=\"https:\/\/eldigitaldeasturias.com\/radio\" title=\"Inicio\">Inicio<\/a>\n<\/span><span class=\"aioseo-breadcrumb-separator\">&ndash;<\/span><span class=\"aioseo-breadcrumb\">\n\t<a href=\"https:\/\/eldigitaldeasturias.com\/radio\/category\/noticias\/\" title=\"Noticias\">Noticias<\/a>\n<\/span><span class=\"aioseo-breadcrumb-separator\">&ndash;<\/span><span class=\"aioseo-breadcrumb\">\n\tConsumidores alemanes se volvieron m\u00e1s ahorrativos en pandemia\n<\/span><\/div>","aioseo_breadcrumb_json":[{"label":"Inicio","link":"https:\/\/eldigitaldeasturias.com\/radio"},{"label":"Noticias","link":"https:\/\/eldigitaldeasturias.com\/radio\/category\/noticias\/"},{"label":"Consumidores alemanes se volvieron m\u00e1s ahorrativos en pandemia","link":"https:\/\/eldigitaldeasturias.com\/radio\/consumidores-alemanes-se-volvieron-mas-ahorrativos-en-pandemia\/"}],"_links":{"self":[{"href":"https:\/\/eldigitaldeasturias.com\/radio\/wp-json\/wp\/v2\/posts\/5795","targetHints":{"allow":["GET"]}}],"collection":[{"href":"https:\/\/eldigitaldeasturias.com\/radio\/wp-json\/wp\/v2\/posts"}],"about":[{"href":"https:\/\/eldigitaldeasturias.com\/radio\/wp-json\/wp\/v2\/types\/post"}],"author":[{"embeddable":true,"href":"https:\/\/eldigitaldeasturias.com\/radio\/wp-json\/wp\/v2\/users\/1"}],"replies":[{"embeddable":true,"href":"https:\/\/eldigitaldeasturias.com\/radio\/wp-json\/wp\/v2\/comments?post=5795"}],"version-history":[{"count":0,"href":"https:\/\/eldigitaldeasturias.com\/radio\/wp-json\/wp\/v2\/posts\/5795\/revisions"}],"wp:featuredmedia":[{"embeddable":true,"href":"https:\/\/eldigitaldeasturias.com\/radio\/wp-json\/wp\/v2\/media\/1471"}],"wp:attachment":[{"href":"https:\/\/eldigitaldeasturias.com\/radio\/wp-json\/wp\/v2\/media?parent=5795"}],"wp:term":[{"taxonomy":"category","embeddable":true,"href":"https:\/\/eldigitaldeasturias.com\/radio\/wp-json\/wp\/v2\/categories?post=5795"},{"taxonomy":"post_tag","embeddable":true,"href":"https:\/\/eldigitaldeasturias.com\/radio\/wp-json\/wp\/v2\/tags?post=5795"}],"curies":[{"name":"wp","href":"https:\/\/api.w.org\/{rel}","templated":true}]}}