{"id":5792,"date":"2021-04-02T16:47:50","date_gmt":"2021-04-02T16:47:50","guid":{"rendered":"http:\/\/eldigitaldeasturias.com\/radio\/?p=5792"},"modified":"2021-04-02T16:47:50","modified_gmt":"2021-04-02T16:47:50","slug":"alemania-con-tarea-por-delante-mientras-macedonios-celebran-victoria","status":"publish","type":"post","link":"https:\/\/eldigitaldeasturias.com\/radio\/alemania-con-tarea-por-delante-mientras-macedonios-celebran-victoria\/","title":{"rendered":"Alemania, con tarea por delante mientras macedonios celebran victoria"},"content":{"rendered":"<figure id=\"attachment_5793\" aria-describedby=\"caption-attachment-5793\" style=\"width: 360px\" class=\"wp-caption alignleft\"><img fetchpriority=\"high\" decoding=\"async\" class=\"size-medium wp-image-5793\" src=\"https:\/\/eldigitaldeasturias.com\/radio\/wp-content\/uploads\/2021\/04\/Timo-Werner-360x253.jpg\" alt=\"Timo Werner\" width=\"360\" height=\"253\" srcset=\"https:\/\/eldigitaldeasturias.com\/radio\/wp-content\/uploads\/2021\/04\/Timo-Werner-360x253.jpg 360w, https:\/\/eldigitaldeasturias.com\/radio\/wp-content\/uploads\/2021\/04\/Timo-Werner-768x539.jpg 768w, https:\/\/eldigitaldeasturias.com\/radio\/wp-content\/uploads\/2021\/04\/Timo-Werner.jpg 947w\" sizes=\"(max-width: 360px) 100vw, 360px\" \/><figcaption id=\"caption-attachment-5793\" class=\"wp-caption-text\">l delantero alem\u00e1n Timo Werner se averg\u00fcenza de la derrota de Alemania ante Macedonia del Norte por 2-1. Foto: Federico Gambarini\/dpa<\/figcaption><\/figure>\n<p>Duisburgo (Alemania), 1 abr (dpa) &#8211; <strong>Alemania y Macedonia del Norte competir\u00e1n este verano en la postergada Eurocopa 2020<\/strong>, pero a menos de tres meses de su celebraci\u00f3n, los tradicionales gigantes del f\u00fatbol y los modestos rivales tienen estados de \u00e1nimo opuestos.<\/p>\n<p>La poderosa Alemania, cuatro veces campeona del mundo y tres veces de Europa, fue sorprendida el mi\u00e9rcoles en casa por Macedonia del Norte, que se llev\u00f3 la victoria por 2-1 en un partido de clasificaci\u00f3n para el Mundial, y -quiz\u00e1 lo m\u00e1s sorprendente de todo- no se quej\u00f3 del resultado.<\/p>\n<p>\u00abEstamos muy decepcionados\u00bb, dijo el seleccionador Joachim L\u00f6w, quien a\u00f1adi\u00f3 que su equipo \u00absimplemente parec\u00eda demasiado cansado&#8230;\u00bb.<\/p>\n<p>\u00abNo hab\u00eda energ\u00eda en nuestro juego y cometimos demasiados errores en ataque\u00bb, analiz\u00f3.<\/p>\n<p>L\u00f6w comenz\u00f3 su larga despedida del banquillo alem\u00e1n tras 15 a\u00f1os en el cargo con sendas victorias ante Islandia y Ruman\u00eda que resultaron bastante c\u00f3modas.<\/p>\n<p>Pero en Duisburgo a su equipo le falt\u00f3 chispa y no pudo aprovechar el gol del empate de penal de Ilkay G\u00fcndogan y se libr\u00f3 de recibir un penal por mano de Emre Can en el \u00e1rea.<\/p>\n<p>La revista \u00abKicker\u00bb calific\u00f3 la derrota de \u00abvergonzosa\u00bb, mientras que una columna del influyente tabloide \u00abBild\u00bb dijo que \u00abse acab\u00f3 Jogi\u00bb y pidi\u00f3 a L\u00f6w que se fuera inmediatamente y que el ex entrenador del Schalke Ralf Rangnick, o el seleccionador sub-21, Stefan Kuntz, tomaran el relevo.<\/p>\n<p>Alemania gan\u00f3 el Mundial de 2014 con L\u00f6w y lleg\u00f3 a las semifinales de la Eurocopa 2016.<\/p>\n<p>Pero desde entonces ha sufrido la eliminaci\u00f3n en la fase de grupos de Rusia 2018, ha evitado el descenso de la Liga de Naciones debido a la reestructuraci\u00f3n y su equipo fue humillado por 6-0 en Espa\u00f1a en la segunda edici\u00f3n de ese evento.<\/p>\n<p>L\u00f6w insiste en que \u00abno hay manera de olvidar por completo las fortalezas que tiene este equipo\u00bb. Cada vez son m\u00e1s los llamamientos para convocar nuevamente a Mats Hummels para reforzar una defensa inestable y, a\u00fan m\u00e1s, a Thomas M\u00fcller para el ataque que no funciona.<\/p>\n<p>Despu\u00e9s de que el derroche de ocasiones de Alemania quedara impune en Ruman\u00eda, esta vez no hubo tregua cuando Timo Werner fall\u00f3 inexplicablemente un gol con el partido a\u00fan empatado en los \u00faltimos compases.<\/p>\n<p>\u00abLa pregunta no debe responderse hoy bas\u00e1ndose en un partido\u00bb, dijo L\u00f6w, que reiter\u00f3 que la decisi\u00f3n sobre los dos jugadores se tomar\u00eda en mayo.<\/p>\n<p>La derrota de Alemania ante Macedonia del Norte fue solo la tercera en 97 partidos de clasificaci\u00f3n para el Mundial desde 1934. Todas han sido en casa, pero este rival no estaba al mismo nivel que Portugal en 1985 o Inglaterra en 2001.<\/p>\n<p>L\u00f6w reunir\u00e1 a su plantilla provisional en la localidad austriaca de Seefeld el 25 de mayo para preparar la Eurocopa y tiene poco menos de una semana para nombrar su grupo oficial para el torneo, que comienza con los partidos de la fase de grupos de M\u00fanich contra Francia, Portugal y Hungr\u00eda.<\/p>\n<p>Macedonia del Norte debuta en una gran fase final contra Austria, Ucrania y Holanda, tras clasificarse a trav\u00e9s de la Liga de Naciones y la repesca.<\/p>\n<p>El veterano Goran Pandev abri\u00f3 el marcador y Eljif Elmas marc\u00f3 el gol de la victoria sobre el final del encuentro, que hizo enloquecer al pa\u00eds y aument\u00f3 a\u00fan m\u00e1s la emoci\u00f3n.<\/p>\n<p>\u00abChicos, eso es hist\u00f3rico\u00bb, celebr\u00f3 la agencia de noticias Mak Faxom, mientras que el portal telma aclam\u00f3 el \u00abpartido perfecto, s\u00f3lido y decidido en defensa y quir\u00fargicamente preciso en ataque\u00bb.<\/p>\n<p><i class=\"lang-es\"><span class=\" readonly\" title=\"\">Por Klaus Bergmann y Arne Richter (dpa)<\/span><\/i><\/p>\n<p>&nbsp;<\/p>\n","protected":false},"excerpt":{"rendered":"<p>Duisburgo (Alemania), 1 abr (dpa) &#8211; Alemania y Macedonia del Norte competir\u00e1n este verano en la postergada Eurocopa 2020, pero a menos de tres meses de su celebraci\u00f3n, los tradicionales gigantes del f\u00fatbol y los modestos rivales tienen estados de \u00e1nimo opuestos. La poderosa Alemania, cuatro veces campeona del mundo y tres veces de Europa,<\/p>\n","protected":false},"author":1,"featured_media":5793,"comment_status":"closed","ping_status":"closed","sticky":false,"template":"","format":"standard","meta":{"footnotes":""},"categories":[1],"tags":[],"class_list":{"0":"post-5792","1":"post","2":"type-post","3":"status-publish","4":"format-standard","5":"has-post-thumbnail","7":"category-noticias"},"aioseo_notices":[],"aioseo_head":"\n\t\t<!-- All in One SEO Pro 4.9.6.2 - aioseo.com -->\n\t<meta name=\"description\" content=\"La poderosa Alemania, cuatro veces campeona del mundo y tres veces de Europa, fue sorprendida el mi\u00e9rcoles en casa por Macedonia del Norte\" \/>\n\t<meta name=\"robots\" content=\"max-image-preview:large\" \/>\n\t<meta name=\"author\" content=\"NBAsturias\"\/>\n\t<meta name=\"google-site-verification\" content=\"UA-38556648-1\" \/>\n\t<meta name=\"keywords\" content=\"noticias\" \/>\n\t<link rel=\"canonical\" href=\"https:\/\/eldigitaldeasturias.com\/radio\/alemania-con-tarea-por-delante-mientras-macedonios-celebran-victoria\/\" \/>\n\t<meta name=\"generator\" content=\"All in One SEO Pro (AIOSEO) 4.9.6.2\" \/>\n\t\t<meta property=\"og:locale\" content=\"es_ES\" \/>\n\t\t<meta property=\"og:site_name\" content=\"El Digital de Asturias | Diario de informaci\u00f3n y noticias\" \/>\n\t\t<meta property=\"og:type\" content=\"article\" \/>\n\t\t<meta property=\"og:title\" content=\"Alemania, con tarea por delante mientras macedonios celebran victoria | El Digital de Asturias\" \/>\n\t\t<meta property=\"og:description\" content=\"La poderosa Alemania, cuatro veces campeona del mundo y tres veces de Europa, fue sorprendida el mi\u00e9rcoles en casa por Macedonia del Norte\" \/>\n\t\t<meta property=\"og:url\" content=\"https:\/\/eldigitaldeasturias.com\/radio\/alemania-con-tarea-por-delante-mientras-macedonios-celebran-victoria\/\" \/>\n\t\t<meta property=\"og:image\" content=\"https:\/\/eldigitaldeasturias.com\/radio\/wp-content\/uploads\/2021\/04\/Timo-Werner.jpg\" \/>\n\t\t<meta property=\"og:image:secure_url\" content=\"https:\/\/eldigitaldeasturias.com\/radio\/wp-content\/uploads\/2021\/04\/Timo-Werner.jpg\" \/>\n\t\t<meta property=\"og:image:width\" content=\"947\" \/>\n\t\t<meta property=\"og:image:height\" content=\"665\" \/>\n\t\t<meta property=\"article:published_time\" content=\"2021-04-02T16:47:50+00:00\" \/>\n\t\t<meta property=\"article:modified_time\" content=\"2021-04-02T16:47:50+00:00\" \/>\n\t\t<meta name=\"twitter:card\" content=\"summary_large_image\" \/>\n\t\t<meta name=\"twitter:site\" content=\"@bercodi\" \/>\n\t\t<meta name=\"twitter:title\" content=\"Alemania, con tarea por delante mientras macedonios celebran victoria | El Digital de Asturias\" \/>\n\t\t<meta name=\"twitter:description\" content=\"La poderosa Alemania, cuatro veces campeona del mundo y tres veces de Europa, fue sorprendida el mi\u00e9rcoles en casa por Macedonia del Norte\" \/>\n\t\t<meta name=\"twitter:creator\" content=\"@bercodi\" \/>\n\t\t<meta name=\"twitter:image\" content=\"https:\/\/eldigitaldeasturias.com\/radio\/wp-content\/uploads\/2021\/04\/Timo-Werner.jpg\" \/>\n\t\t<script type=\"application\/ld+json\" class=\"aioseo-schema\">\n\t\t\t{\"@context\":\"https:\\\/\\\/schema.org\",\"@graph\":[{\"@type\":\"BreadcrumbList\",\"@id\":\"https:\\\/\\\/eldigitaldeasturias.com\\\/radio\\\/alemania-con-tarea-por-delante-mientras-macedonios-celebran-victoria\\\/#breadcrumblist\",\"itemListElement\":[{\"@type\":\"ListItem\",\"@id\":\"https:\\\/\\\/eldigitaldeasturias.com\\\/radio#listItem\",\"position\":1,\"name\":\"Inicio\",\"item\":\"https:\\\/\\\/eldigitaldeasturias.com\\\/radio\",\"nextItem\":{\"@type\":\"ListItem\",\"@id\":\"https:\\\/\\\/eldigitaldeasturias.com\\\/radio\\\/category\\\/noticias\\\/#listItem\",\"name\":\"Noticias\"}},{\"@type\":\"ListItem\",\"@id\":\"https:\\\/\\\/eldigitaldeasturias.com\\\/radio\\\/category\\\/noticias\\\/#listItem\",\"position\":2,\"name\":\"Noticias\",\"item\":\"https:\\\/\\\/eldigitaldeasturias.com\\\/radio\\\/category\\\/noticias\\\/\",\"nextItem\":{\"@type\":\"ListItem\",\"@id\":\"https:\\\/\\\/eldigitaldeasturias.com\\\/radio\\\/alemania-con-tarea-por-delante-mientras-macedonios-celebran-victoria\\\/#listItem\",\"name\":\"Alemania, con tarea por delante mientras macedonios celebran victoria\"},\"previousItem\":{\"@type\":\"ListItem\",\"@id\":\"https:\\\/\\\/eldigitaldeasturias.com\\\/radio#listItem\",\"name\":\"Inicio\"}},{\"@type\":\"ListItem\",\"@id\":\"https:\\\/\\\/eldigitaldeasturias.com\\\/radio\\\/alemania-con-tarea-por-delante-mientras-macedonios-celebran-victoria\\\/#listItem\",\"position\":3,\"name\":\"Alemania, con tarea por delante mientras macedonios celebran victoria\",\"previousItem\":{\"@type\":\"ListItem\",\"@id\":\"https:\\\/\\\/eldigitaldeasturias.com\\\/radio\\\/category\\\/noticias\\\/#listItem\",\"name\":\"Noticias\"}}]},{\"@type\":\"NewsArticle\",\"@id\":\"https:\\\/\\\/eldigitaldeasturias.com\\\/radio\\\/alemania-con-tarea-por-delante-mientras-macedonios-celebran-victoria\\\/#newsarticle\",\"name\":\"Alemania, con tarea por delante mientras macedonios celebran victoria | El Digital de Asturias\",\"headline\":\"Alemania, con tarea por delante mientras macedonios celebran victoria\",\"author\":{\"@id\":\"https:\\\/\\\/eldigitaldeasturias.com\\\/radio\\\/author\\\/nbasturias\\\/#author\"},\"publisher\":{\"@id\":\"https:\\\/\\\/eldigitaldeasturias.com\\\/radio\\\/#organization\"},\"image\":{\"@type\":\"ImageObject\",\"url\":\"https:\\\/\\\/eldigitaldeasturias.com\\\/radio\\\/wp-content\\\/uploads\\\/2021\\\/04\\\/Timo-Werner.jpg\",\"width\":947,\"height\":665,\"caption\":\"l delantero alem\\u00e1n Timo Werner se averg\\u00fcenza de la derrota de Alemania ante Macedonia del Norte por 2-1. Foto: Federico Gambarini\\\/dpa\"},\"datePublished\":\"2021-04-02T16:47:50+02:00\",\"dateModified\":\"2021-04-02T16:47:50+02:00\",\"inLanguage\":\"es-ES\",\"mainEntityOfPage\":{\"@id\":\"https:\\\/\\\/eldigitaldeasturias.com\\\/radio\\\/alemania-con-tarea-por-delante-mientras-macedonios-celebran-victoria\\\/#webpage\"},\"isPartOf\":{\"@id\":\"https:\\\/\\\/eldigitaldeasturias.com\\\/radio\\\/alemania-con-tarea-por-delante-mientras-macedonios-celebran-victoria\\\/#webpage\"},\"articleSection\":\"Noticias\",\"dateline\":\"Publicado el abril 2, 2021.\"},{\"@type\":\"Organization\",\"@id\":\"https:\\\/\\\/eldigitaldeasturias.com\\\/radio\\\/#organization\",\"name\":\"El digital de Asturias Radio\",\"description\":\"Diario de informaci\\u00f3n y noticias\",\"url\":\"https:\\\/\\\/eldigitaldeasturias.com\\\/radio\\\/\",\"telephone\":\"+34652131393\",\"logo\":{\"@type\":\"ImageObject\",\"url\":\"https:\\\/\\\/www.eldigitaldeasturias.com\\\/radio\\\/wp-content\\\/uploads\\\/2021\\\/03\\\/EDA.jpg\",\"@id\":\"https:\\\/\\\/eldigitaldeasturias.com\\\/radio\\\/alemania-con-tarea-por-delante-mientras-macedonios-celebran-victoria\\\/#organizationLogo\"},\"image\":{\"@id\":\"https:\\\/\\\/eldigitaldeasturias.com\\\/radio\\\/alemania-con-tarea-por-delante-mientras-macedonios-celebran-victoria\\\/#organizationLogo\"},\"sameAs\":[\"https:\\\/\\\/www.facebook.com\\\/\",\"https:\\\/\\\/x.com\\\/bercodi\",\"https:\\\/\\\/www.instagram.com\\\/\",\"https:\\\/\\\/www.youtube.com\\\/channel\\\/UCZP-2wLEB9Rv6erhFmqVnvg\"]},{\"@type\":\"Person\",\"@id\":\"https:\\\/\\\/eldigitaldeasturias.com\\\/radio\\\/author\\\/nbasturias\\\/#author\",\"url\":\"https:\\\/\\\/eldigitaldeasturias.com\\\/radio\\\/author\\\/nbasturias\\\/\",\"name\":\"NBAsturias\",\"image\":{\"@type\":\"ImageObject\",\"@id\":\"https:\\\/\\\/eldigitaldeasturias.com\\\/radio\\\/alemania-con-tarea-por-delante-mientras-macedonios-celebran-victoria\\\/#authorImage\",\"url\":\"https:\\\/\\\/secure.gravatar.com\\\/avatar\\\/df2aeffc32bcd13f8d26072ef8a91b623d677766deac7f97ca815868cd41bf5e?s=96&d=mm&r=g\",\"width\":96,\"height\":96,\"caption\":\"NBAsturias\"}},{\"@type\":\"WebPage\",\"@id\":\"https:\\\/\\\/eldigitaldeasturias.com\\\/radio\\\/alemania-con-tarea-por-delante-mientras-macedonios-celebran-victoria\\\/#webpage\",\"url\":\"https:\\\/\\\/eldigitaldeasturias.com\\\/radio\\\/alemania-con-tarea-por-delante-mientras-macedonios-celebran-victoria\\\/\",\"name\":\"Alemania, con tarea por delante mientras macedonios celebran victoria | El Digital de Asturias\",\"description\":\"La poderosa Alemania, cuatro veces campeona del mundo y tres veces de Europa, fue sorprendida el mi\\u00e9rcoles en casa por Macedonia del Norte\",\"inLanguage\":\"es-ES\",\"isPartOf\":{\"@id\":\"https:\\\/\\\/eldigitaldeasturias.com\\\/radio\\\/#website\"},\"breadcrumb\":{\"@id\":\"https:\\\/\\\/eldigitaldeasturias.com\\\/radio\\\/alemania-con-tarea-por-delante-mientras-macedonios-celebran-victoria\\\/#breadcrumblist\"},\"author\":{\"@id\":\"https:\\\/\\\/eldigitaldeasturias.com\\\/radio\\\/author\\\/nbasturias\\\/#author\"},\"creator\":{\"@id\":\"https:\\\/\\\/eldigitaldeasturias.com\\\/radio\\\/author\\\/nbasturias\\\/#author\"},\"image\":{\"@type\":\"ImageObject\",\"url\":\"https:\\\/\\\/eldigitaldeasturias.com\\\/radio\\\/wp-content\\\/uploads\\\/2021\\\/04\\\/Timo-Werner.jpg\",\"@id\":\"https:\\\/\\\/eldigitaldeasturias.com\\\/radio\\\/alemania-con-tarea-por-delante-mientras-macedonios-celebran-victoria\\\/#mainImage\",\"width\":947,\"height\":665,\"caption\":\"l delantero alem\\u00e1n Timo Werner se averg\\u00fcenza de la derrota de Alemania ante Macedonia del Norte por 2-1. Foto: Federico Gambarini\\\/dpa\"},\"primaryImageOfPage\":{\"@id\":\"https:\\\/\\\/eldigitaldeasturias.com\\\/radio\\\/alemania-con-tarea-por-delante-mientras-macedonios-celebran-victoria\\\/#mainImage\"},\"datePublished\":\"2021-04-02T16:47:50+02:00\",\"dateModified\":\"2021-04-02T16:47:50+02:00\"},{\"@type\":\"WebSite\",\"@id\":\"https:\\\/\\\/eldigitaldeasturias.com\\\/radio\\\/#website\",\"url\":\"https:\\\/\\\/eldigitaldeasturias.com\\\/radio\\\/\",\"name\":\"El Digital de Asturias\",\"description\":\"Diario de informaci\\u00f3n y noticias\",\"inLanguage\":\"es-ES\",\"publisher\":{\"@id\":\"https:\\\/\\\/eldigitaldeasturias.com\\\/radio\\\/#organization\"}}]}\n\t\t<\/script>\n\t\t<!-- All in One SEO Pro -->\r\n\t\t<title>Alemania, con tarea por delante mientras macedonios celebran victoria | El Digital de Asturias<\/title>\n\n","aioseo_head_json":{"title":"Alemania, con tarea por delante mientras macedonios celebran victoria | El Digital de Asturias","description":"La poderosa Alemania, cuatro veces campeona del mundo y tres veces de Europa, fue sorprendida el mi\u00e9rcoles en casa por Macedonia del Norte","canonical_url":"https:\/\/eldigitaldeasturias.com\/radio\/alemania-con-tarea-por-delante-mientras-macedonios-celebran-victoria\/","robots":"max-image-preview:large","keywords":"noticias","webmasterTools":{"google-site-verification":"UA-38556648-1","miscellaneous":""},"schema":{"@context":"https:\/\/schema.org","@graph":[{"@type":"BreadcrumbList","@id":"https:\/\/eldigitaldeasturias.com\/radio\/alemania-con-tarea-por-delante-mientras-macedonios-celebran-victoria\/#breadcrumblist","itemListElement":[{"@type":"ListItem","@id":"https:\/\/eldigitaldeasturias.com\/radio#listItem","position":1,"name":"Inicio","item":"https:\/\/eldigitaldeasturias.com\/radio","nextItem":{"@type":"ListItem","@id":"https:\/\/eldigitaldeasturias.com\/radio\/category\/noticias\/#listItem","name":"Noticias"}},{"@type":"ListItem","@id":"https:\/\/eldigitaldeasturias.com\/radio\/category\/noticias\/#listItem","position":2,"name":"Noticias","item":"https:\/\/eldigitaldeasturias.com\/radio\/category\/noticias\/","nextItem":{"@type":"ListItem","@id":"https:\/\/eldigitaldeasturias.com\/radio\/alemania-con-tarea-por-delante-mientras-macedonios-celebran-victoria\/#listItem","name":"Alemania, con tarea por delante mientras macedonios celebran victoria"},"previousItem":{"@type":"ListItem","@id":"https:\/\/eldigitaldeasturias.com\/radio#listItem","name":"Inicio"}},{"@type":"ListItem","@id":"https:\/\/eldigitaldeasturias.com\/radio\/alemania-con-tarea-por-delante-mientras-macedonios-celebran-victoria\/#listItem","position":3,"name":"Alemania, con tarea por delante mientras macedonios celebran victoria","previousItem":{"@type":"ListItem","@id":"https:\/\/eldigitaldeasturias.com\/radio\/category\/noticias\/#listItem","name":"Noticias"}}]},{"@type":"NewsArticle","@id":"https:\/\/eldigitaldeasturias.com\/radio\/alemania-con-tarea-por-delante-mientras-macedonios-celebran-victoria\/#newsarticle","name":"Alemania, con tarea por delante mientras macedonios celebran victoria | El Digital de Asturias","headline":"Alemania, con tarea por delante mientras macedonios celebran victoria","author":{"@id":"https:\/\/eldigitaldeasturias.com\/radio\/author\/nbasturias\/#author"},"publisher":{"@id":"https:\/\/eldigitaldeasturias.com\/radio\/#organization"},"image":{"@type":"ImageObject","url":"https:\/\/eldigitaldeasturias.com\/radio\/wp-content\/uploads\/2021\/04\/Timo-Werner.jpg","width":947,"height":665,"caption":"l delantero alem\u00e1n Timo Werner se averg\u00fcenza de la derrota de Alemania ante Macedonia del Norte por 2-1. Foto: Federico Gambarini\/dpa"},"datePublished":"2021-04-02T16:47:50+02:00","dateModified":"2021-04-02T16:47:50+02:00","inLanguage":"es-ES","mainEntityOfPage":{"@id":"https:\/\/eldigitaldeasturias.com\/radio\/alemania-con-tarea-por-delante-mientras-macedonios-celebran-victoria\/#webpage"},"isPartOf":{"@id":"https:\/\/eldigitaldeasturias.com\/radio\/alemania-con-tarea-por-delante-mientras-macedonios-celebran-victoria\/#webpage"},"articleSection":"Noticias","dateline":"Publicado el abril 2, 2021."},{"@type":"Organization","@id":"https:\/\/eldigitaldeasturias.com\/radio\/#organization","name":"El digital de Asturias Radio","description":"Diario de informaci\u00f3n y noticias","url":"https:\/\/eldigitaldeasturias.com\/radio\/","telephone":"+34652131393","logo":{"@type":"ImageObject","url":"https:\/\/www.eldigitaldeasturias.com\/radio\/wp-content\/uploads\/2021\/03\/EDA.jpg","@id":"https:\/\/eldigitaldeasturias.com\/radio\/alemania-con-tarea-por-delante-mientras-macedonios-celebran-victoria\/#organizationLogo"},"image":{"@id":"https:\/\/eldigitaldeasturias.com\/radio\/alemania-con-tarea-por-delante-mientras-macedonios-celebran-victoria\/#organizationLogo"},"sameAs":["https:\/\/www.facebook.com\/","https:\/\/x.com\/bercodi","https:\/\/www.instagram.com\/","https:\/\/www.youtube.com\/channel\/UCZP-2wLEB9Rv6erhFmqVnvg"]},{"@type":"Person","@id":"https:\/\/eldigitaldeasturias.com\/radio\/author\/nbasturias\/#author","url":"https:\/\/eldigitaldeasturias.com\/radio\/author\/nbasturias\/","name":"NBAsturias","image":{"@type":"ImageObject","@id":"https:\/\/eldigitaldeasturias.com\/radio\/alemania-con-tarea-por-delante-mientras-macedonios-celebran-victoria\/#authorImage","url":"https:\/\/secure.gravatar.com\/avatar\/df2aeffc32bcd13f8d26072ef8a91b623d677766deac7f97ca815868cd41bf5e?s=96&d=mm&r=g","width":96,"height":96,"caption":"NBAsturias"}},{"@type":"WebPage","@id":"https:\/\/eldigitaldeasturias.com\/radio\/alemania-con-tarea-por-delante-mientras-macedonios-celebran-victoria\/#webpage","url":"https:\/\/eldigitaldeasturias.com\/radio\/alemania-con-tarea-por-delante-mientras-macedonios-celebran-victoria\/","name":"Alemania, con tarea por delante mientras macedonios celebran victoria | El Digital de Asturias","description":"La poderosa Alemania, cuatro veces campeona del mundo y tres veces de Europa, fue sorprendida el mi\u00e9rcoles en casa por Macedonia del Norte","inLanguage":"es-ES","isPartOf":{"@id":"https:\/\/eldigitaldeasturias.com\/radio\/#website"},"breadcrumb":{"@id":"https:\/\/eldigitaldeasturias.com\/radio\/alemania-con-tarea-por-delante-mientras-macedonios-celebran-victoria\/#breadcrumblist"},"author":{"@id":"https:\/\/eldigitaldeasturias.com\/radio\/author\/nbasturias\/#author"},"creator":{"@id":"https:\/\/eldigitaldeasturias.com\/radio\/author\/nbasturias\/#author"},"image":{"@type":"ImageObject","url":"https:\/\/eldigitaldeasturias.com\/radio\/wp-content\/uploads\/2021\/04\/Timo-Werner.jpg","@id":"https:\/\/eldigitaldeasturias.com\/radio\/alemania-con-tarea-por-delante-mientras-macedonios-celebran-victoria\/#mainImage","width":947,"height":665,"caption":"l delantero alem\u00e1n Timo Werner se averg\u00fcenza de la derrota de Alemania ante Macedonia del Norte por 2-1. Foto: Federico Gambarini\/dpa"},"primaryImageOfPage":{"@id":"https:\/\/eldigitaldeasturias.com\/radio\/alemania-con-tarea-por-delante-mientras-macedonios-celebran-victoria\/#mainImage"},"datePublished":"2021-04-02T16:47:50+02:00","dateModified":"2021-04-02T16:47:50+02:00"},{"@type":"WebSite","@id":"https:\/\/eldigitaldeasturias.com\/radio\/#website","url":"https:\/\/eldigitaldeasturias.com\/radio\/","name":"El Digital de Asturias","description":"Diario de informaci\u00f3n y noticias","inLanguage":"es-ES","publisher":{"@id":"https:\/\/eldigitaldeasturias.com\/radio\/#organization"}}]},"og:locale":"es_ES","og:site_name":"El Digital de Asturias | Diario de informaci\u00f3n y noticias","og:type":"article","og:title":"Alemania, con tarea por delante mientras macedonios celebran victoria | El Digital de Asturias","og:description":"La poderosa Alemania, cuatro veces campeona del mundo y tres veces de Europa, fue sorprendida el mi\u00e9rcoles en casa por Macedonia del Norte","og:url":"https:\/\/eldigitaldeasturias.com\/radio\/alemania-con-tarea-por-delante-mientras-macedonios-celebran-victoria\/","og:image":"https:\/\/eldigitaldeasturias.com\/radio\/wp-content\/uploads\/2021\/04\/Timo-Werner.jpg","og:image:secure_url":"https:\/\/eldigitaldeasturias.com\/radio\/wp-content\/uploads\/2021\/04\/Timo-Werner.jpg","og:image:width":947,"og:image:height":665,"article:published_time":"2021-04-02T16:47:50+00:00","article:modified_time":"2021-04-02T16:47:50+00:00","twitter:card":"summary_large_image","twitter:site":"@bercodi","twitter:title":"Alemania, con tarea por delante mientras macedonios celebran victoria | El Digital de Asturias","twitter:description":"La poderosa Alemania, cuatro veces campeona del mundo y tres veces de Europa, fue sorprendida el mi\u00e9rcoles en casa por Macedonia del Norte","twitter:creator":"@bercodi","twitter:image":"https:\/\/eldigitaldeasturias.com\/radio\/wp-content\/uploads\/2021\/04\/Timo-Werner.jpg"},"aioseo_meta_data":{"post_id":"5792","title":null,"description":"La poderosa Alemania, cuatro veces campeona del mundo y tres veces de Europa, fue sorprendida el mi\u00e9rcoles en casa por Macedonia del Norte","keywords":[],"keyphrases":{"focus":[],"additional":[]},"primary_term":null,"canonical_url":null,"og_title":null,"og_description":null,"og_object_type":"default","og_image_type":"default","og_image_url":null,"og_image_width":null,"og_image_height":null,"og_image_custom_url":null,"og_image_custom_fields":null,"og_video":"","og_custom_url":null,"og_article_section":null,"og_article_tags":[],"twitter_use_og":false,"twitter_card":"default","twitter_image_type":"default","twitter_image_url":null,"twitter_image_custom_url":null,"twitter_image_custom_fields":null,"twitter_title":null,"twitter_description":null,"schema":{"blockGraphs":[],"customGraphs":[],"default":{"data":{"Article":[],"Course":[],"Dataset":[],"FAQPage":[],"Movie":[],"Person":[],"Product":[],"ProductReview":[],"Car":[],"Recipe":[],"Service":[],"SoftwareApplication":[],"WebPage":[]},"graphName":"","isEnabled":true},"graphs":[],"defaultGraph":"Article","defaultPostTypeGraph":""},"schema_type":"default","schema_type_options":"{\"article\":{\"articleType\":\"BlogPosting\"},\"course\":{\"name\":\"\",\"description\":\"\",\"provider\":\"\"},\"faq\":{\"pages\":[]},\"product\":{\"reviews\":[]},\"recipe\":{\"ingredients\":[],\"instructions\":[],\"keywords\":[]},\"software\":{\"reviews\":[],\"operatingSystems\":[]},\"webPage\":{\"webPageType\":\"WebPage\"}}","pillar_content":false,"robots_default":true,"robots_noindex":false,"robots_noarchive":false,"robots_nosnippet":false,"robots_nofollow":false,"robots_noimageindex":false,"robots_noodp":false,"robots_notranslate":false,"robots_max_snippet":"-1","robots_max_videopreview":"-1","robots_max_imagepreview":"large","priority":null,"frequency":"default","location":null,"local_seo":{"businessInfo":{"name":"","urls":{"website":"","aboutPage":"","contactPage":""},"address":{"line1":"","line2":"","zip":"","city":"","state":"","country":""},"contact":{"email":"","phone":"","fax":""},"ids":{"vatID":"","taxID":"","chamberID":""},"payment":{"priceIndication":"","currenciesAccepted":"","methodsAccepted":""},"areaServed":""},"openingHours":{"show":false,"closedLabel":"","open24h":false,"open24hLabel":"","open247":false,"use24hFormat":false,"twoSets":false,"timezone":"","hours":[]}},"seo_analyzer_scan_date":"2025-08-28 18:33:24","breadcrumb_settings":null,"limit_modified_date":false,"open_ai":null,"ai":null,"created":"2021-04-02 16:45:18","updated":"2025-08-28 18:33:24"},"aioseo_breadcrumb":"<div class=\"aioseo-breadcrumbs\"><span class=\"aioseo-breadcrumb\">\n\t<a href=\"https:\/\/eldigitaldeasturias.com\/radio\" title=\"Inicio\">Inicio<\/a>\n<\/span><span class=\"aioseo-breadcrumb-separator\">&ndash;<\/span><span class=\"aioseo-breadcrumb\">\n\t<a href=\"https:\/\/eldigitaldeasturias.com\/radio\/category\/noticias\/\" title=\"Noticias\">Noticias<\/a>\n<\/span><span class=\"aioseo-breadcrumb-separator\">&ndash;<\/span><span class=\"aioseo-breadcrumb\">\n\tAlemania, con tarea por delante mientras macedonios celebran victoria\n<\/span><\/div>","aioseo_breadcrumb_json":[{"label":"Inicio","link":"https:\/\/eldigitaldeasturias.com\/radio"},{"label":"Noticias","link":"https:\/\/eldigitaldeasturias.com\/radio\/category\/noticias\/"},{"label":"Alemania, con tarea por delante mientras macedonios celebran victoria","link":"https:\/\/eldigitaldeasturias.com\/radio\/alemania-con-tarea-por-delante-mientras-macedonios-celebran-victoria\/"}],"_links":{"self":[{"href":"https:\/\/eldigitaldeasturias.com\/radio\/wp-json\/wp\/v2\/posts\/5792","targetHints":{"allow":["GET"]}}],"collection":[{"href":"https:\/\/eldigitaldeasturias.com\/radio\/wp-json\/wp\/v2\/posts"}],"about":[{"href":"https:\/\/eldigitaldeasturias.com\/radio\/wp-json\/wp\/v2\/types\/post"}],"author":[{"embeddable":true,"href":"https:\/\/eldigitaldeasturias.com\/radio\/wp-json\/wp\/v2\/users\/1"}],"replies":[{"embeddable":true,"href":"https:\/\/eldigitaldeasturias.com\/radio\/wp-json\/wp\/v2\/comments?post=5792"}],"version-history":[{"count":0,"href":"https:\/\/eldigitaldeasturias.com\/radio\/wp-json\/wp\/v2\/posts\/5792\/revisions"}],"wp:featuredmedia":[{"embeddable":true,"href":"https:\/\/eldigitaldeasturias.com\/radio\/wp-json\/wp\/v2\/media\/5793"}],"wp:attachment":[{"href":"https:\/\/eldigitaldeasturias.com\/radio\/wp-json\/wp\/v2\/media?parent=5792"}],"wp:term":[{"taxonomy":"category","embeddable":true,"href":"https:\/\/eldigitaldeasturias.com\/radio\/wp-json\/wp\/v2\/categories?post=5792"},{"taxonomy":"post_tag","embeddable":true,"href":"https:\/\/eldigitaldeasturias.com\/radio\/wp-json\/wp\/v2\/tags?post=5792"}],"curies":[{"name":"wp","href":"https:\/\/api.w.org\/{rel}","templated":true}]}}