{"id":5788,"date":"2021-04-02T16:43:29","date_gmt":"2021-04-02T16:43:29","guid":{"rendered":"http:\/\/eldigitaldeasturias.com\/radio\/?p=5788"},"modified":"2021-04-02T16:43:29","modified_gmt":"2021-04-02T16:43:29","slug":"alemania-flexibiliza-normas-para-trabajadores-temporeros","status":"publish","type":"post","link":"https:\/\/eldigitaldeasturias.com\/radio\/alemania-flexibiliza-normas-para-trabajadores-temporeros\/","title":{"rendered":"Alemania flexibiliza normas para trabajadores temporeros"},"content":{"rendered":"<p>Berl\u00edn, 31 mar (dpa) &#8211; Este a\u00f1o se volver\u00e1 a flexibilizar la normativa sobre el empleo de trabajadores temporeros extranjeros para la agricultura en Alemania debido a la pandemia de coronavirus, seg\u00fan inform\u00f3 hoy el Gobierno en Berl\u00edn.<\/p>\n<p>Hasta finales de octubre, los ayudantes para tareas agr\u00edcolas podr\u00e1n ser contratados durante 102 d\u00edas en lugar de 70 d\u00edas sin cotizar en la seguridad social.<\/p>\n<p>La ministra de Agricultura, Julia Kl\u00f6ckner, del partido Uni\u00f3n Uni\u00f3n Dem\u00f3crata Cristiana (CDU), afirm\u00f3 que permitir a los trabajadores temporeros extranjeros que permanezcan m\u00e1s tiempo en las explotaciones agr\u00edcolas reducir\u00e1 la rotaci\u00f3n y la movilidad del personal.<\/p>\n<p>Seg\u00fan indic\u00f3, esto contribuir\u00e1 a la lucha contra la pandemia y, al mismo tiempo, ayudar\u00e1 en la cosecha y la siembra. A\u00f1adi\u00f3 que esto tambi\u00e9n garantizar\u00e1 que haya un buen suministro de productos nacionales este a\u00f1o.<\/p>\n<p>Se espera que el Bundestag (Parlamento alem\u00e1n) debata estos planes despu\u00e9s de la Semana Santa. El a\u00f1o pasado ya hubo una normativa similar, con una pr\u00f3rroga de hasta 115 d\u00edas.<\/p>\n<p>Los agricultores dependen especialmente en gran medida de los trabajadores temporeros para la producci\u00f3n de frutas y verduras.<\/p>\n<p>\u00abLa pr\u00f3rroga debe ser una excepci\u00f3n relacionada con la pandemia y no puede convertirse en una normativa permanente\u00bb, subray\u00f3 Kl\u00f6ckner.<\/p>\n<p>Por su parte, el partido Los Verdes acus\u00f3 al Gobierno federal de practicar el dumping social a costa de los trabajadores temporeros europeos.<\/p>\n","protected":false},"excerpt":{"rendered":"<p>Berl\u00edn, 31 mar (dpa) &#8211; Este a\u00f1o se volver\u00e1 a flexibilizar la normativa sobre el empleo de trabajadores temporeros extranjeros para la agricultura en Alemania debido a la pandemia de coronavirus, seg\u00fan inform\u00f3 hoy el Gobierno en Berl\u00edn. Hasta finales de octubre, los ayudantes para tareas agr\u00edcolas podr\u00e1n ser contratados durante 102 d\u00edas en lugar<\/p>\n","protected":false},"author":1,"featured_media":1352,"comment_status":"closed","ping_status":"closed","sticky":false,"template":"","format":"standard","meta":{"footnotes":""},"categories":[1],"tags":[],"class_list":{"0":"post-5788","1":"post","2":"type-post","3":"status-publish","4":"format-standard","5":"has-post-thumbnail","7":"category-noticias"},"aioseo_notices":[],"aioseo_head":"\n\t\t<!-- All in One SEO Pro 4.9.6.2 - aioseo.com -->\n\t<meta name=\"description\" content=\"Los agricultores dependen especialmente en gran medida de los trabajadores temporeros para la producci\u00f3n de frutas y verdurasBerl\u00edn, 31 mar (dpa) - Este a\u00f1o se volver\u00e1 a flexibilizar la normativa sobre el empleo de trabajadores temporeros extranjeros para la agricultura en Alemania debido a la pandemia de coronavirus, seg\u00fan inform\u00f3 hoy el Gobierno en Berl\u00edn. Hasta finales de octubre, los ayudantes para tareas agr\u00edcolas podr\u00e1n ser contratados durante 102 d\u00edas en lugar\" \/>\n\t<meta name=\"robots\" content=\"max-image-preview:large\" \/>\n\t<meta name=\"author\" content=\"NBAsturias\"\/>\n\t<meta name=\"google-site-verification\" content=\"UA-38556648-1\" \/>\n\t<meta name=\"keywords\" content=\"noticias\" \/>\n\t<link rel=\"canonical\" href=\"https:\/\/eldigitaldeasturias.com\/radio\/alemania-flexibiliza-normas-para-trabajadores-temporeros\/\" \/>\n\t<meta name=\"generator\" content=\"All in One SEO Pro (AIOSEO) 4.9.6.2\" \/>\n\t\t<meta property=\"og:locale\" content=\"es_ES\" \/>\n\t\t<meta property=\"og:site_name\" content=\"El Digital de Asturias | Diario de informaci\u00f3n y noticias\" \/>\n\t\t<meta property=\"og:type\" content=\"article\" \/>\n\t\t<meta property=\"og:title\" content=\"Alemania flexibiliza normas para trabajadores temporeros | El Digital de Asturias\" \/>\n\t\t<meta property=\"og:description\" content=\"Los agricultores dependen especialmente en gran medida de los trabajadores temporeros para la producci\u00f3n de frutas y verdurasBerl\u00edn, 31 mar (dpa) - Este a\u00f1o se volver\u00e1 a flexibilizar la normativa sobre el empleo de trabajadores temporeros extranjeros para la agricultura en Alemania debido a la pandemia de coronavirus, seg\u00fan inform\u00f3 hoy el Gobierno en Berl\u00edn. Hasta finales de octubre, los ayudantes para tareas agr\u00edcolas podr\u00e1n ser contratados durante 102 d\u00edas en lugar\" \/>\n\t\t<meta property=\"og:url\" content=\"https:\/\/eldigitaldeasturias.com\/radio\/alemania-flexibiliza-normas-para-trabajadores-temporeros\/\" \/>\n\t\t<meta property=\"og:image\" content=\"https:\/\/eldigitaldeasturias.com\/radio\/wp-content\/uploads\/2018\/10\/technology-785742_960_720.jpg\" \/>\n\t\t<meta property=\"og:image:secure_url\" content=\"https:\/\/eldigitaldeasturias.com\/radio\/wp-content\/uploads\/2018\/10\/technology-785742_960_720.jpg\" \/>\n\t\t<meta property=\"og:image:width\" content=\"960\" \/>\n\t\t<meta property=\"og:image:height\" content=\"640\" \/>\n\t\t<meta property=\"article:published_time\" content=\"2021-04-02T16:43:29+00:00\" \/>\n\t\t<meta property=\"article:modified_time\" content=\"2021-04-02T16:43:29+00:00\" \/>\n\t\t<meta name=\"twitter:card\" content=\"summary_large_image\" \/>\n\t\t<meta name=\"twitter:site\" content=\"@bercodi\" \/>\n\t\t<meta name=\"twitter:title\" content=\"Alemania flexibiliza normas para trabajadores temporeros | El Digital de Asturias\" \/>\n\t\t<meta name=\"twitter:description\" content=\"Los agricultores dependen especialmente en gran medida de los trabajadores temporeros para la producci\u00f3n de frutas y verdurasBerl\u00edn, 31 mar (dpa) - Este a\u00f1o se volver\u00e1 a flexibilizar la normativa sobre el empleo de trabajadores temporeros extranjeros para la agricultura en Alemania debido a la pandemia de coronavirus, seg\u00fan inform\u00f3 hoy el Gobierno en Berl\u00edn. Hasta finales de octubre, los ayudantes para tareas agr\u00edcolas podr\u00e1n ser contratados durante 102 d\u00edas en lugar\" \/>\n\t\t<meta name=\"twitter:creator\" content=\"@bercodi\" \/>\n\t\t<meta name=\"twitter:image\" content=\"https:\/\/eldigitaldeasturias.com\/radio\/wp-content\/uploads\/2018\/10\/technology-785742_960_720.jpg\" \/>\n\t\t<script type=\"application\/ld+json\" class=\"aioseo-schema\">\n\t\t\t{\"@context\":\"https:\\\/\\\/schema.org\",\"@graph\":[{\"@type\":\"BreadcrumbList\",\"@id\":\"https:\\\/\\\/eldigitaldeasturias.com\\\/radio\\\/alemania-flexibiliza-normas-para-trabajadores-temporeros\\\/#breadcrumblist\",\"itemListElement\":[{\"@type\":\"ListItem\",\"@id\":\"https:\\\/\\\/eldigitaldeasturias.com\\\/radio#listItem\",\"position\":1,\"name\":\"Inicio\",\"item\":\"https:\\\/\\\/eldigitaldeasturias.com\\\/radio\",\"nextItem\":{\"@type\":\"ListItem\",\"@id\":\"https:\\\/\\\/eldigitaldeasturias.com\\\/radio\\\/category\\\/noticias\\\/#listItem\",\"name\":\"Noticias\"}},{\"@type\":\"ListItem\",\"@id\":\"https:\\\/\\\/eldigitaldeasturias.com\\\/radio\\\/category\\\/noticias\\\/#listItem\",\"position\":2,\"name\":\"Noticias\",\"item\":\"https:\\\/\\\/eldigitaldeasturias.com\\\/radio\\\/category\\\/noticias\\\/\",\"nextItem\":{\"@type\":\"ListItem\",\"@id\":\"https:\\\/\\\/eldigitaldeasturias.com\\\/radio\\\/alemania-flexibiliza-normas-para-trabajadores-temporeros\\\/#listItem\",\"name\":\"Alemania flexibiliza normas para trabajadores temporeros\"},\"previousItem\":{\"@type\":\"ListItem\",\"@id\":\"https:\\\/\\\/eldigitaldeasturias.com\\\/radio#listItem\",\"name\":\"Inicio\"}},{\"@type\":\"ListItem\",\"@id\":\"https:\\\/\\\/eldigitaldeasturias.com\\\/radio\\\/alemania-flexibiliza-normas-para-trabajadores-temporeros\\\/#listItem\",\"position\":3,\"name\":\"Alemania flexibiliza normas para trabajadores temporeros\",\"previousItem\":{\"@type\":\"ListItem\",\"@id\":\"https:\\\/\\\/eldigitaldeasturias.com\\\/radio\\\/category\\\/noticias\\\/#listItem\",\"name\":\"Noticias\"}}]},{\"@type\":\"NewsArticle\",\"@id\":\"https:\\\/\\\/eldigitaldeasturias.com\\\/radio\\\/alemania-flexibiliza-normas-para-trabajadores-temporeros\\\/#newsarticle\",\"name\":\"Alemania flexibiliza normas para trabajadores temporeros | El Digital de Asturias\",\"headline\":\"Alemania flexibiliza normas para trabajadores temporeros\",\"author\":{\"@id\":\"https:\\\/\\\/eldigitaldeasturias.com\\\/radio\\\/author\\\/nbasturias\\\/#author\"},\"publisher\":{\"@id\":\"https:\\\/\\\/eldigitaldeasturias.com\\\/radio\\\/#organization\"},\"image\":{\"@type\":\"ImageObject\",\"url\":\"https:\\\/\\\/eldigitaldeasturias.com\\\/radio\\\/wp-content\\\/uploads\\\/2018\\\/10\\\/technology-785742_960_720.jpg\",\"width\":960,\"height\":640},\"datePublished\":\"2021-04-02T16:43:29+02:00\",\"dateModified\":\"2021-04-02T16:43:29+02:00\",\"inLanguage\":\"es-ES\",\"mainEntityOfPage\":{\"@id\":\"https:\\\/\\\/eldigitaldeasturias.com\\\/radio\\\/alemania-flexibiliza-normas-para-trabajadores-temporeros\\\/#webpage\"},\"isPartOf\":{\"@id\":\"https:\\\/\\\/eldigitaldeasturias.com\\\/radio\\\/alemania-flexibiliza-normas-para-trabajadores-temporeros\\\/#webpage\"},\"articleSection\":\"Noticias\",\"dateline\":\"Publicado el abril 2, 2021.\"},{\"@type\":\"Organization\",\"@id\":\"https:\\\/\\\/eldigitaldeasturias.com\\\/radio\\\/#organization\",\"name\":\"El digital de Asturias Radio\",\"description\":\"Diario de informaci\\u00f3n y noticias\",\"url\":\"https:\\\/\\\/eldigitaldeasturias.com\\\/radio\\\/\",\"telephone\":\"+34652131393\",\"logo\":{\"@type\":\"ImageObject\",\"url\":\"https:\\\/\\\/www.eldigitaldeasturias.com\\\/radio\\\/wp-content\\\/uploads\\\/2021\\\/03\\\/EDA.jpg\",\"@id\":\"https:\\\/\\\/eldigitaldeasturias.com\\\/radio\\\/alemania-flexibiliza-normas-para-trabajadores-temporeros\\\/#organizationLogo\"},\"image\":{\"@id\":\"https:\\\/\\\/eldigitaldeasturias.com\\\/radio\\\/alemania-flexibiliza-normas-para-trabajadores-temporeros\\\/#organizationLogo\"},\"sameAs\":[\"https:\\\/\\\/www.facebook.com\\\/\",\"https:\\\/\\\/x.com\\\/bercodi\",\"https:\\\/\\\/www.instagram.com\\\/\",\"https:\\\/\\\/www.youtube.com\\\/channel\\\/UCZP-2wLEB9Rv6erhFmqVnvg\"]},{\"@type\":\"Person\",\"@id\":\"https:\\\/\\\/eldigitaldeasturias.com\\\/radio\\\/author\\\/nbasturias\\\/#author\",\"url\":\"https:\\\/\\\/eldigitaldeasturias.com\\\/radio\\\/author\\\/nbasturias\\\/\",\"name\":\"NBAsturias\",\"image\":{\"@type\":\"ImageObject\",\"@id\":\"https:\\\/\\\/eldigitaldeasturias.com\\\/radio\\\/alemania-flexibiliza-normas-para-trabajadores-temporeros\\\/#authorImage\",\"url\":\"https:\\\/\\\/secure.gravatar.com\\\/avatar\\\/df2aeffc32bcd13f8d26072ef8a91b623d677766deac7f97ca815868cd41bf5e?s=96&d=mm&r=g\",\"width\":96,\"height\":96,\"caption\":\"NBAsturias\"}},{\"@type\":\"WebPage\",\"@id\":\"https:\\\/\\\/eldigitaldeasturias.com\\\/radio\\\/alemania-flexibiliza-normas-para-trabajadores-temporeros\\\/#webpage\",\"url\":\"https:\\\/\\\/eldigitaldeasturias.com\\\/radio\\\/alemania-flexibiliza-normas-para-trabajadores-temporeros\\\/\",\"name\":\"Alemania flexibiliza normas para trabajadores temporeros | El Digital de Asturias\",\"description\":\"Los agricultores dependen especialmente en gran medida de los trabajadores temporeros para la producci\\u00f3n de frutas y verdurasBerl\\u00edn, 31 mar (dpa) - Este a\\u00f1o se volver\\u00e1 a flexibilizar la normativa sobre el empleo de trabajadores temporeros extranjeros para la agricultura en Alemania debido a la pandemia de coronavirus, seg\\u00fan inform\\u00f3 hoy el Gobierno en Berl\\u00edn. Hasta finales de octubre, los ayudantes para tareas agr\\u00edcolas podr\\u00e1n ser contratados durante 102 d\\u00edas en lugar\",\"inLanguage\":\"es-ES\",\"isPartOf\":{\"@id\":\"https:\\\/\\\/eldigitaldeasturias.com\\\/radio\\\/#website\"},\"breadcrumb\":{\"@id\":\"https:\\\/\\\/eldigitaldeasturias.com\\\/radio\\\/alemania-flexibiliza-normas-para-trabajadores-temporeros\\\/#breadcrumblist\"},\"author\":{\"@id\":\"https:\\\/\\\/eldigitaldeasturias.com\\\/radio\\\/author\\\/nbasturias\\\/#author\"},\"creator\":{\"@id\":\"https:\\\/\\\/eldigitaldeasturias.com\\\/radio\\\/author\\\/nbasturias\\\/#author\"},\"image\":{\"@type\":\"ImageObject\",\"url\":\"https:\\\/\\\/eldigitaldeasturias.com\\\/radio\\\/wp-content\\\/uploads\\\/2018\\\/10\\\/technology-785742_960_720.jpg\",\"@id\":\"https:\\\/\\\/eldigitaldeasturias.com\\\/radio\\\/alemania-flexibiliza-normas-para-trabajadores-temporeros\\\/#mainImage\",\"width\":960,\"height\":640},\"primaryImageOfPage\":{\"@id\":\"https:\\\/\\\/eldigitaldeasturias.com\\\/radio\\\/alemania-flexibiliza-normas-para-trabajadores-temporeros\\\/#mainImage\"},\"datePublished\":\"2021-04-02T16:43:29+02:00\",\"dateModified\":\"2021-04-02T16:43:29+02:00\"},{\"@type\":\"WebSite\",\"@id\":\"https:\\\/\\\/eldigitaldeasturias.com\\\/radio\\\/#website\",\"url\":\"https:\\\/\\\/eldigitaldeasturias.com\\\/radio\\\/\",\"name\":\"El Digital de Asturias\",\"description\":\"Diario de informaci\\u00f3n y noticias\",\"inLanguage\":\"es-ES\",\"publisher\":{\"@id\":\"https:\\\/\\\/eldigitaldeasturias.com\\\/radio\\\/#organization\"}}]}\n\t\t<\/script>\n\t\t<!-- All in One SEO Pro -->\r\n\t\t<title>Alemania flexibiliza normas para trabajadores temporeros | El Digital de Asturias<\/title>\n\n","aioseo_head_json":{"title":"Alemania flexibiliza normas para trabajadores temporeros | El Digital de Asturias","description":"Los agricultores dependen especialmente en gran medida de los trabajadores temporeros para la producci\u00f3n de frutas y verdurasBerl\u00edn, 31 mar (dpa) - Este a\u00f1o se volver\u00e1 a flexibilizar la normativa sobre el empleo de trabajadores temporeros extranjeros para la agricultura en Alemania debido a la pandemia de coronavirus, seg\u00fan inform\u00f3 hoy el Gobierno en Berl\u00edn. Hasta finales de octubre, los ayudantes para tareas agr\u00edcolas podr\u00e1n ser contratados durante 102 d\u00edas en lugar","canonical_url":"https:\/\/eldigitaldeasturias.com\/radio\/alemania-flexibiliza-normas-para-trabajadores-temporeros\/","robots":"max-image-preview:large","keywords":"noticias","webmasterTools":{"google-site-verification":"UA-38556648-1","miscellaneous":""},"schema":{"@context":"https:\/\/schema.org","@graph":[{"@type":"BreadcrumbList","@id":"https:\/\/eldigitaldeasturias.com\/radio\/alemania-flexibiliza-normas-para-trabajadores-temporeros\/#breadcrumblist","itemListElement":[{"@type":"ListItem","@id":"https:\/\/eldigitaldeasturias.com\/radio#listItem","position":1,"name":"Inicio","item":"https:\/\/eldigitaldeasturias.com\/radio","nextItem":{"@type":"ListItem","@id":"https:\/\/eldigitaldeasturias.com\/radio\/category\/noticias\/#listItem","name":"Noticias"}},{"@type":"ListItem","@id":"https:\/\/eldigitaldeasturias.com\/radio\/category\/noticias\/#listItem","position":2,"name":"Noticias","item":"https:\/\/eldigitaldeasturias.com\/radio\/category\/noticias\/","nextItem":{"@type":"ListItem","@id":"https:\/\/eldigitaldeasturias.com\/radio\/alemania-flexibiliza-normas-para-trabajadores-temporeros\/#listItem","name":"Alemania flexibiliza normas para trabajadores temporeros"},"previousItem":{"@type":"ListItem","@id":"https:\/\/eldigitaldeasturias.com\/radio#listItem","name":"Inicio"}},{"@type":"ListItem","@id":"https:\/\/eldigitaldeasturias.com\/radio\/alemania-flexibiliza-normas-para-trabajadores-temporeros\/#listItem","position":3,"name":"Alemania flexibiliza normas para trabajadores temporeros","previousItem":{"@type":"ListItem","@id":"https:\/\/eldigitaldeasturias.com\/radio\/category\/noticias\/#listItem","name":"Noticias"}}]},{"@type":"NewsArticle","@id":"https:\/\/eldigitaldeasturias.com\/radio\/alemania-flexibiliza-normas-para-trabajadores-temporeros\/#newsarticle","name":"Alemania flexibiliza normas para trabajadores temporeros | El Digital de Asturias","headline":"Alemania flexibiliza normas para trabajadores temporeros","author":{"@id":"https:\/\/eldigitaldeasturias.com\/radio\/author\/nbasturias\/#author"},"publisher":{"@id":"https:\/\/eldigitaldeasturias.com\/radio\/#organization"},"image":{"@type":"ImageObject","url":"https:\/\/eldigitaldeasturias.com\/radio\/wp-content\/uploads\/2018\/10\/technology-785742_960_720.jpg","width":960,"height":640},"datePublished":"2021-04-02T16:43:29+02:00","dateModified":"2021-04-02T16:43:29+02:00","inLanguage":"es-ES","mainEntityOfPage":{"@id":"https:\/\/eldigitaldeasturias.com\/radio\/alemania-flexibiliza-normas-para-trabajadores-temporeros\/#webpage"},"isPartOf":{"@id":"https:\/\/eldigitaldeasturias.com\/radio\/alemania-flexibiliza-normas-para-trabajadores-temporeros\/#webpage"},"articleSection":"Noticias","dateline":"Publicado el abril 2, 2021."},{"@type":"Organization","@id":"https:\/\/eldigitaldeasturias.com\/radio\/#organization","name":"El digital de Asturias Radio","description":"Diario de informaci\u00f3n y noticias","url":"https:\/\/eldigitaldeasturias.com\/radio\/","telephone":"+34652131393","logo":{"@type":"ImageObject","url":"https:\/\/www.eldigitaldeasturias.com\/radio\/wp-content\/uploads\/2021\/03\/EDA.jpg","@id":"https:\/\/eldigitaldeasturias.com\/radio\/alemania-flexibiliza-normas-para-trabajadores-temporeros\/#organizationLogo"},"image":{"@id":"https:\/\/eldigitaldeasturias.com\/radio\/alemania-flexibiliza-normas-para-trabajadores-temporeros\/#organizationLogo"},"sameAs":["https:\/\/www.facebook.com\/","https:\/\/x.com\/bercodi","https:\/\/www.instagram.com\/","https:\/\/www.youtube.com\/channel\/UCZP-2wLEB9Rv6erhFmqVnvg"]},{"@type":"Person","@id":"https:\/\/eldigitaldeasturias.com\/radio\/author\/nbasturias\/#author","url":"https:\/\/eldigitaldeasturias.com\/radio\/author\/nbasturias\/","name":"NBAsturias","image":{"@type":"ImageObject","@id":"https:\/\/eldigitaldeasturias.com\/radio\/alemania-flexibiliza-normas-para-trabajadores-temporeros\/#authorImage","url":"https:\/\/secure.gravatar.com\/avatar\/df2aeffc32bcd13f8d26072ef8a91b623d677766deac7f97ca815868cd41bf5e?s=96&d=mm&r=g","width":96,"height":96,"caption":"NBAsturias"}},{"@type":"WebPage","@id":"https:\/\/eldigitaldeasturias.com\/radio\/alemania-flexibiliza-normas-para-trabajadores-temporeros\/#webpage","url":"https:\/\/eldigitaldeasturias.com\/radio\/alemania-flexibiliza-normas-para-trabajadores-temporeros\/","name":"Alemania flexibiliza normas para trabajadores temporeros | El Digital de Asturias","description":"Los agricultores dependen especialmente en gran medida de los trabajadores temporeros para la producci\u00f3n de frutas y verdurasBerl\u00edn, 31 mar (dpa) - Este a\u00f1o se volver\u00e1 a flexibilizar la normativa sobre el empleo de trabajadores temporeros extranjeros para la agricultura en Alemania debido a la pandemia de coronavirus, seg\u00fan inform\u00f3 hoy el Gobierno en Berl\u00edn. Hasta finales de octubre, los ayudantes para tareas agr\u00edcolas podr\u00e1n ser contratados durante 102 d\u00edas en lugar","inLanguage":"es-ES","isPartOf":{"@id":"https:\/\/eldigitaldeasturias.com\/radio\/#website"},"breadcrumb":{"@id":"https:\/\/eldigitaldeasturias.com\/radio\/alemania-flexibiliza-normas-para-trabajadores-temporeros\/#breadcrumblist"},"author":{"@id":"https:\/\/eldigitaldeasturias.com\/radio\/author\/nbasturias\/#author"},"creator":{"@id":"https:\/\/eldigitaldeasturias.com\/radio\/author\/nbasturias\/#author"},"image":{"@type":"ImageObject","url":"https:\/\/eldigitaldeasturias.com\/radio\/wp-content\/uploads\/2018\/10\/technology-785742_960_720.jpg","@id":"https:\/\/eldigitaldeasturias.com\/radio\/alemania-flexibiliza-normas-para-trabajadores-temporeros\/#mainImage","width":960,"height":640},"primaryImageOfPage":{"@id":"https:\/\/eldigitaldeasturias.com\/radio\/alemania-flexibiliza-normas-para-trabajadores-temporeros\/#mainImage"},"datePublished":"2021-04-02T16:43:29+02:00","dateModified":"2021-04-02T16:43:29+02:00"},{"@type":"WebSite","@id":"https:\/\/eldigitaldeasturias.com\/radio\/#website","url":"https:\/\/eldigitaldeasturias.com\/radio\/","name":"El Digital de Asturias","description":"Diario de informaci\u00f3n y noticias","inLanguage":"es-ES","publisher":{"@id":"https:\/\/eldigitaldeasturias.com\/radio\/#organization"}}]},"og:locale":"es_ES","og:site_name":"El Digital de Asturias | Diario de informaci\u00f3n y noticias","og:type":"article","og:title":"Alemania flexibiliza normas para trabajadores temporeros | El Digital de Asturias","og:description":"Los agricultores dependen especialmente en gran medida de los trabajadores temporeros para la producci\u00f3n de frutas y verdurasBerl\u00edn, 31 mar (dpa) - Este a\u00f1o se volver\u00e1 a flexibilizar la normativa sobre el empleo de trabajadores temporeros extranjeros para la agricultura en Alemania debido a la pandemia de coronavirus, seg\u00fan inform\u00f3 hoy el Gobierno en Berl\u00edn. Hasta finales de octubre, los ayudantes para tareas agr\u00edcolas podr\u00e1n ser contratados durante 102 d\u00edas en lugar","og:url":"https:\/\/eldigitaldeasturias.com\/radio\/alemania-flexibiliza-normas-para-trabajadores-temporeros\/","og:image":"https:\/\/eldigitaldeasturias.com\/radio\/wp-content\/uploads\/2018\/10\/technology-785742_960_720.jpg","og:image:secure_url":"https:\/\/eldigitaldeasturias.com\/radio\/wp-content\/uploads\/2018\/10\/technology-785742_960_720.jpg","og:image:width":960,"og:image:height":640,"article:published_time":"2021-04-02T16:43:29+00:00","article:modified_time":"2021-04-02T16:43:29+00:00","twitter:card":"summary_large_image","twitter:site":"@bercodi","twitter:title":"Alemania flexibiliza normas para trabajadores temporeros | El Digital de Asturias","twitter:description":"Los agricultores dependen especialmente en gran medida de los trabajadores temporeros para la producci\u00f3n de frutas y verdurasBerl\u00edn, 31 mar (dpa) - Este a\u00f1o se volver\u00e1 a flexibilizar la normativa sobre el empleo de trabajadores temporeros extranjeros para la agricultura en Alemania debido a la pandemia de coronavirus, seg\u00fan inform\u00f3 hoy el Gobierno en Berl\u00edn. Hasta finales de octubre, los ayudantes para tareas agr\u00edcolas podr\u00e1n ser contratados durante 102 d\u00edas en lugar","twitter:creator":"@bercodi","twitter:image":"https:\/\/eldigitaldeasturias.com\/radio\/wp-content\/uploads\/2018\/10\/technology-785742_960_720.jpg"},"aioseo_meta_data":{"post_id":"5788","title":null,"description":"Los agricultores dependen especialmente en gran medida de los trabajadores temporeros para la producci\u00f3n de frutas y verduras#post_excerpt","keywords":[],"keyphrases":{"focus":[],"additional":[]},"primary_term":null,"canonical_url":null,"og_title":null,"og_description":null,"og_object_type":"default","og_image_type":"default","og_image_url":null,"og_image_width":null,"og_image_height":null,"og_image_custom_url":null,"og_image_custom_fields":null,"og_video":"","og_custom_url":null,"og_article_section":null,"og_article_tags":[],"twitter_use_og":false,"twitter_card":"default","twitter_image_type":"default","twitter_image_url":null,"twitter_image_custom_url":null,"twitter_image_custom_fields":null,"twitter_title":null,"twitter_description":null,"schema":{"blockGraphs":[],"customGraphs":[],"default":{"data":{"Article":[],"Course":[],"Dataset":[],"FAQPage":[],"Movie":[],"Person":[],"Product":[],"ProductReview":[],"Car":[],"Recipe":[],"Service":[],"SoftwareApplication":[],"WebPage":[]},"graphName":"","isEnabled":true},"graphs":[],"defaultGraph":"Article","defaultPostTypeGraph":""},"schema_type":"default","schema_type_options":"{\"article\":{\"articleType\":\"BlogPosting\"},\"course\":{\"name\":\"\",\"description\":\"\",\"provider\":\"\"},\"faq\":{\"pages\":[]},\"product\":{\"reviews\":[]},\"recipe\":{\"ingredients\":[],\"instructions\":[],\"keywords\":[]},\"software\":{\"reviews\":[],\"operatingSystems\":[]},\"webPage\":{\"webPageType\":\"WebPage\"}}","pillar_content":false,"robots_default":true,"robots_noindex":false,"robots_noarchive":false,"robots_nosnippet":false,"robots_nofollow":false,"robots_noimageindex":false,"robots_noodp":false,"robots_notranslate":false,"robots_max_snippet":"-1","robots_max_videopreview":"-1","robots_max_imagepreview":"large","priority":null,"frequency":"default","location":null,"local_seo":{"businessInfo":{"name":"","urls":{"website":"","aboutPage":"","contactPage":""},"address":{"line1":"","line2":"","zip":"","city":"","state":"","country":""},"contact":{"email":"","phone":"","fax":""},"ids":{"vatID":"","taxID":"","chamberID":""},"payment":{"priceIndication":"","currenciesAccepted":"","methodsAccepted":""},"areaServed":""},"openingHours":{"show":false,"closedLabel":"","open24h":false,"open24hLabel":"","open247":false,"use24hFormat":false,"twoSets":false,"timezone":"","hours":[]}},"seo_analyzer_scan_date":"2025-08-28 18:31:27","breadcrumb_settings":null,"limit_modified_date":false,"open_ai":null,"ai":null,"created":"2021-04-02 16:42:46","updated":"2025-08-28 18:31:27"},"aioseo_breadcrumb":"<div class=\"aioseo-breadcrumbs\"><span class=\"aioseo-breadcrumb\">\n\t<a href=\"https:\/\/eldigitaldeasturias.com\/radio\" title=\"Inicio\">Inicio<\/a>\n<\/span><span class=\"aioseo-breadcrumb-separator\">&ndash;<\/span><span class=\"aioseo-breadcrumb\">\n\t<a href=\"https:\/\/eldigitaldeasturias.com\/radio\/category\/noticias\/\" title=\"Noticias\">Noticias<\/a>\n<\/span><span class=\"aioseo-breadcrumb-separator\">&ndash;<\/span><span class=\"aioseo-breadcrumb\">\n\tAlemania flexibiliza normas para trabajadores temporeros\n<\/span><\/div>","aioseo_breadcrumb_json":[{"label":"Inicio","link":"https:\/\/eldigitaldeasturias.com\/radio"},{"label":"Noticias","link":"https:\/\/eldigitaldeasturias.com\/radio\/category\/noticias\/"},{"label":"Alemania flexibiliza normas para trabajadores temporeros","link":"https:\/\/eldigitaldeasturias.com\/radio\/alemania-flexibiliza-normas-para-trabajadores-temporeros\/"}],"_links":{"self":[{"href":"https:\/\/eldigitaldeasturias.com\/radio\/wp-json\/wp\/v2\/posts\/5788","targetHints":{"allow":["GET"]}}],"collection":[{"href":"https:\/\/eldigitaldeasturias.com\/radio\/wp-json\/wp\/v2\/posts"}],"about":[{"href":"https:\/\/eldigitaldeasturias.com\/radio\/wp-json\/wp\/v2\/types\/post"}],"author":[{"embeddable":true,"href":"https:\/\/eldigitaldeasturias.com\/radio\/wp-json\/wp\/v2\/users\/1"}],"replies":[{"embeddable":true,"href":"https:\/\/eldigitaldeasturias.com\/radio\/wp-json\/wp\/v2\/comments?post=5788"}],"version-history":[{"count":0,"href":"https:\/\/eldigitaldeasturias.com\/radio\/wp-json\/wp\/v2\/posts\/5788\/revisions"}],"wp:featuredmedia":[{"embeddable":true,"href":"https:\/\/eldigitaldeasturias.com\/radio\/wp-json\/wp\/v2\/media\/1352"}],"wp:attachment":[{"href":"https:\/\/eldigitaldeasturias.com\/radio\/wp-json\/wp\/v2\/media?parent=5788"}],"wp:term":[{"taxonomy":"category","embeddable":true,"href":"https:\/\/eldigitaldeasturias.com\/radio\/wp-json\/wp\/v2\/categories?post=5788"},{"taxonomy":"post_tag","embeddable":true,"href":"https:\/\/eldigitaldeasturias.com\/radio\/wp-json\/wp\/v2\/tags?post=5788"}],"curies":[{"name":"wp","href":"https:\/\/api.w.org\/{rel}","templated":true}]}}