{"id":5785,"date":"2021-04-02T16:42:24","date_gmt":"2021-04-02T16:42:24","guid":{"rendered":"http:\/\/eldigitaldeasturias.com\/radio\/?p=5785"},"modified":"2021-04-02T16:42:24","modified_gmt":"2021-04-02T16:42:24","slug":"kriegerstein-no-participara-en-los-juegos-olimpicos-de-tokio","status":"publish","type":"post","link":"https:\/\/eldigitaldeasturias.com\/radio\/kriegerstein-no-participara-en-los-juegos-olimpicos-de-tokio\/","title":{"rendered":"Kriegerstein no participar\u00e1 en los Juegos Ol\u00edmpicos de Tokio"},"content":{"rendered":"<figure id=\"attachment_5786\" aria-describedby=\"caption-attachment-5786\" style=\"width: 360px\" class=\"wp-caption alignleft\"><img fetchpriority=\"high\" decoding=\"async\" class=\"size-medium wp-image-5786\" src=\"https:\/\/eldigitaldeasturias.com\/radio\/wp-content\/uploads\/2021\/04\/Steffi-Kriegerstein-360x247.jpg\" alt=\"Steffi Kriegerstein\" width=\"360\" height=\"247\" srcset=\"https:\/\/eldigitaldeasturias.com\/radio\/wp-content\/uploads\/2021\/04\/Steffi-Kriegerstein-360x247.jpg 360w, https:\/\/eldigitaldeasturias.com\/radio\/wp-content\/uploads\/2021\/04\/Steffi-Kriegerstein-768x528.jpg 768w, https:\/\/eldigitaldeasturias.com\/radio\/wp-content\/uploads\/2021\/04\/Steffi-Kriegerstein.jpg 981w\" sizes=\"(max-width: 360px) 100vw, 360px\" \/><figcaption id=\"caption-attachment-5786\" class=\"wp-caption-text\">La medallista de plata ol\u00edmpica Steffi Kriegerstein practica en el r\u00edo Elba. Foto: Robert Michael\/dpa-Zentralbild\/dpa<\/figcaption><\/figure>\n<p>Leipzig (Alemania), 31 mar (dpa) &#8211; La medallista ol\u00edmpica alemana en pirag\u00fcismo en aguas tranquilas Steffi Kriegerstein no participar\u00e1 en los Juegos Ol\u00edmpicos de Tokio debido a las secuelas de un contagio con coronavirus.<\/p>\n<p>Kriegerstein dijo que se contagi\u00f3 el coronavirus en diciembre y los efectos posteriores de la enfermedad hicieron que tuviera que poner fin a la temporada.<\/p>\n<p>Steffi Kriegerstein naci\u00f3 en Dresde el 3 de noviembre de 1992 y particip\u00f3 en los Juegos Ol\u00edmpicos de R\u00edo de Janeiro 2016, donde obtuvo una medalla de plata en la prueba de K4 500 m.<\/p>\n<p>\u00abMi cuerpo es torturado con nuevos s\u00edntomas de la enfermedad todo el tiempo desde que me enferm\u00e9 en diciembre. No me siento un 100 por ciento sana. No puedo pensar en un r\u00e9gimen de entrenamiento normal. Ahora, la prioridad es la salud\u00bb, escribi\u00f3 en Instagram el martes.<\/p>\n<p>\u00abLos grandes objetivos en los que me centr\u00e9 en los \u00faltimos cuatro a\u00f1os no se encuentran cerca\u00bb, a\u00f1adi\u00f3.<\/p>\n<p>&nbsp;<\/p>\n","protected":false},"excerpt":{"rendered":"<p>Leipzig (Alemania), 31 mar (dpa) &#8211; La medallista ol\u00edmpica alemana en pirag\u00fcismo en aguas tranquilas Steffi Kriegerstein no participar\u00e1 en los Juegos Ol\u00edmpicos de Tokio debido a las secuelas de un contagio con coronavirus. Kriegerstein dijo que se contagi\u00f3 el coronavirus en diciembre y los efectos posteriores de la enfermedad hicieron que tuviera que poner<\/p>\n","protected":false},"author":1,"featured_media":5786,"comment_status":"closed","ping_status":"closed","sticky":false,"template":"","format":"standard","meta":{"footnotes":""},"categories":[1],"tags":[],"class_list":{"0":"post-5785","1":"post","2":"type-post","3":"status-publish","4":"format-standard","5":"has-post-thumbnail","7":"category-noticias"},"aioseo_notices":[],"aioseo_head":"\n\t\t<!-- All in One SEO Pro 4.9.6.2 - aioseo.com -->\n\t<meta name=\"description\" content=\"La medallista ol\u00edmpica alemana en pirag\u00fcismo en aguas tranquilas Steffi Kriegerstein no participar\u00e1 en los Juegos Ol\u00edmpicos de TokioLeipzig (Alemania), 31 mar (dpa) - La medallista ol\u00edmpica alemana en pirag\u00fcismo en aguas tranquilas Steffi Kriegerstein no participar\u00e1 en los Juegos Ol\u00edmpicos de Tokio debido a las secuelas de un contagio con coronavirus. Kriegerstein dijo que se contagi\u00f3 el coronavirus en diciembre y los efectos posteriores de la enfermedad hicieron que tuviera que poner\" \/>\n\t<meta name=\"robots\" content=\"max-image-preview:large\" \/>\n\t<meta name=\"author\" content=\"NBAsturias\"\/>\n\t<meta name=\"google-site-verification\" content=\"UA-38556648-1\" \/>\n\t<meta name=\"keywords\" content=\"noticias\" \/>\n\t<link rel=\"canonical\" href=\"https:\/\/eldigitaldeasturias.com\/radio\/kriegerstein-no-participara-en-los-juegos-olimpicos-de-tokio\/\" \/>\n\t<meta name=\"generator\" content=\"All in One SEO Pro (AIOSEO) 4.9.6.2\" \/>\n\t\t<meta property=\"og:locale\" content=\"es_ES\" \/>\n\t\t<meta property=\"og:site_name\" content=\"El Digital de Asturias | Diario de informaci\u00f3n y noticias\" \/>\n\t\t<meta property=\"og:type\" content=\"article\" \/>\n\t\t<meta property=\"og:title\" content=\"Kriegerstein no participar\u00e1 en los Juegos Ol\u00edmpicos de Tokio | El Digital de Asturias\" \/>\n\t\t<meta property=\"og:description\" content=\"La medallista ol\u00edmpica alemana en pirag\u00fcismo en aguas tranquilas Steffi Kriegerstein no participar\u00e1 en los Juegos Ol\u00edmpicos de TokioLeipzig (Alemania), 31 mar (dpa) - La medallista ol\u00edmpica alemana en pirag\u00fcismo en aguas tranquilas Steffi Kriegerstein no participar\u00e1 en los Juegos Ol\u00edmpicos de Tokio debido a las secuelas de un contagio con coronavirus. Kriegerstein dijo que se contagi\u00f3 el coronavirus en diciembre y los efectos posteriores de la enfermedad hicieron que tuviera que poner\" \/>\n\t\t<meta property=\"og:url\" content=\"https:\/\/eldigitaldeasturias.com\/radio\/kriegerstein-no-participara-en-los-juegos-olimpicos-de-tokio\/\" \/>\n\t\t<meta property=\"og:image\" content=\"https:\/\/eldigitaldeasturias.com\/radio\/wp-content\/uploads\/2021\/04\/Steffi-Kriegerstein.jpg\" \/>\n\t\t<meta property=\"og:image:secure_url\" content=\"https:\/\/eldigitaldeasturias.com\/radio\/wp-content\/uploads\/2021\/04\/Steffi-Kriegerstein.jpg\" \/>\n\t\t<meta property=\"og:image:width\" content=\"981\" \/>\n\t\t<meta property=\"og:image:height\" content=\"674\" \/>\n\t\t<meta property=\"article:published_time\" content=\"2021-04-02T16:42:24+00:00\" \/>\n\t\t<meta property=\"article:modified_time\" content=\"2021-04-02T16:42:24+00:00\" \/>\n\t\t<meta name=\"twitter:card\" content=\"summary_large_image\" \/>\n\t\t<meta name=\"twitter:site\" content=\"@bercodi\" \/>\n\t\t<meta name=\"twitter:title\" content=\"Kriegerstein no participar\u00e1 en los Juegos Ol\u00edmpicos de Tokio | El Digital de Asturias\" \/>\n\t\t<meta name=\"twitter:description\" content=\"La medallista ol\u00edmpica alemana en pirag\u00fcismo en aguas tranquilas Steffi Kriegerstein no participar\u00e1 en los Juegos Ol\u00edmpicos de TokioLeipzig (Alemania), 31 mar (dpa) - La medallista ol\u00edmpica alemana en pirag\u00fcismo en aguas tranquilas Steffi Kriegerstein no participar\u00e1 en los Juegos Ol\u00edmpicos de Tokio debido a las secuelas de un contagio con coronavirus. Kriegerstein dijo que se contagi\u00f3 el coronavirus en diciembre y los efectos posteriores de la enfermedad hicieron que tuviera que poner\" \/>\n\t\t<meta name=\"twitter:creator\" content=\"@bercodi\" \/>\n\t\t<meta name=\"twitter:image\" content=\"https:\/\/eldigitaldeasturias.com\/radio\/wp-content\/uploads\/2021\/04\/Steffi-Kriegerstein.jpg\" \/>\n\t\t<script type=\"application\/ld+json\" class=\"aioseo-schema\">\n\t\t\t{\"@context\":\"https:\\\/\\\/schema.org\",\"@graph\":[{\"@type\":\"BreadcrumbList\",\"@id\":\"https:\\\/\\\/eldigitaldeasturias.com\\\/radio\\\/kriegerstein-no-participara-en-los-juegos-olimpicos-de-tokio\\\/#breadcrumblist\",\"itemListElement\":[{\"@type\":\"ListItem\",\"@id\":\"https:\\\/\\\/eldigitaldeasturias.com\\\/radio#listItem\",\"position\":1,\"name\":\"Inicio\",\"item\":\"https:\\\/\\\/eldigitaldeasturias.com\\\/radio\",\"nextItem\":{\"@type\":\"ListItem\",\"@id\":\"https:\\\/\\\/eldigitaldeasturias.com\\\/radio\\\/category\\\/noticias\\\/#listItem\",\"name\":\"Noticias\"}},{\"@type\":\"ListItem\",\"@id\":\"https:\\\/\\\/eldigitaldeasturias.com\\\/radio\\\/category\\\/noticias\\\/#listItem\",\"position\":2,\"name\":\"Noticias\",\"item\":\"https:\\\/\\\/eldigitaldeasturias.com\\\/radio\\\/category\\\/noticias\\\/\",\"nextItem\":{\"@type\":\"ListItem\",\"@id\":\"https:\\\/\\\/eldigitaldeasturias.com\\\/radio\\\/kriegerstein-no-participara-en-los-juegos-olimpicos-de-tokio\\\/#listItem\",\"name\":\"Kriegerstein no participar\\u00e1 en los Juegos Ol\\u00edmpicos de Tokio\"},\"previousItem\":{\"@type\":\"ListItem\",\"@id\":\"https:\\\/\\\/eldigitaldeasturias.com\\\/radio#listItem\",\"name\":\"Inicio\"}},{\"@type\":\"ListItem\",\"@id\":\"https:\\\/\\\/eldigitaldeasturias.com\\\/radio\\\/kriegerstein-no-participara-en-los-juegos-olimpicos-de-tokio\\\/#listItem\",\"position\":3,\"name\":\"Kriegerstein no participar\\u00e1 en los Juegos Ol\\u00edmpicos de Tokio\",\"previousItem\":{\"@type\":\"ListItem\",\"@id\":\"https:\\\/\\\/eldigitaldeasturias.com\\\/radio\\\/category\\\/noticias\\\/#listItem\",\"name\":\"Noticias\"}}]},{\"@type\":\"NewsArticle\",\"@id\":\"https:\\\/\\\/eldigitaldeasturias.com\\\/radio\\\/kriegerstein-no-participara-en-los-juegos-olimpicos-de-tokio\\\/#newsarticle\",\"name\":\"Kriegerstein no participar\\u00e1 en los Juegos Ol\\u00edmpicos de Tokio | El Digital de Asturias\",\"headline\":\"Kriegerstein no participar\\u00e1 en los Juegos Ol\\u00edmpicos de Tokio\",\"author\":{\"@id\":\"https:\\\/\\\/eldigitaldeasturias.com\\\/radio\\\/author\\\/nbasturias\\\/#author\"},\"publisher\":{\"@id\":\"https:\\\/\\\/eldigitaldeasturias.com\\\/radio\\\/#organization\"},\"image\":{\"@type\":\"ImageObject\",\"url\":\"https:\\\/\\\/eldigitaldeasturias.com\\\/radio\\\/wp-content\\\/uploads\\\/2021\\\/04\\\/Steffi-Kriegerstein.jpg\",\"width\":981,\"height\":674,\"caption\":\"La medallista de plata ol\\u00edmpica Steffi Kriegerstein practica en el r\\u00edo Elba. Foto: Robert Michael\\\/dpa-Zentralbild\\\/dpa\"},\"datePublished\":\"2021-04-02T16:42:24+02:00\",\"dateModified\":\"2021-04-02T16:42:24+02:00\",\"inLanguage\":\"es-ES\",\"mainEntityOfPage\":{\"@id\":\"https:\\\/\\\/eldigitaldeasturias.com\\\/radio\\\/kriegerstein-no-participara-en-los-juegos-olimpicos-de-tokio\\\/#webpage\"},\"isPartOf\":{\"@id\":\"https:\\\/\\\/eldigitaldeasturias.com\\\/radio\\\/kriegerstein-no-participara-en-los-juegos-olimpicos-de-tokio\\\/#webpage\"},\"articleSection\":\"Noticias\",\"dateline\":\"Publicado el abril 2, 2021.\"},{\"@type\":\"Organization\",\"@id\":\"https:\\\/\\\/eldigitaldeasturias.com\\\/radio\\\/#organization\",\"name\":\"El digital de Asturias Radio\",\"description\":\"Diario de informaci\\u00f3n y noticias\",\"url\":\"https:\\\/\\\/eldigitaldeasturias.com\\\/radio\\\/\",\"telephone\":\"+34652131393\",\"logo\":{\"@type\":\"ImageObject\",\"url\":\"https:\\\/\\\/www.eldigitaldeasturias.com\\\/radio\\\/wp-content\\\/uploads\\\/2021\\\/03\\\/EDA.jpg\",\"@id\":\"https:\\\/\\\/eldigitaldeasturias.com\\\/radio\\\/kriegerstein-no-participara-en-los-juegos-olimpicos-de-tokio\\\/#organizationLogo\"},\"image\":{\"@id\":\"https:\\\/\\\/eldigitaldeasturias.com\\\/radio\\\/kriegerstein-no-participara-en-los-juegos-olimpicos-de-tokio\\\/#organizationLogo\"},\"sameAs\":[\"https:\\\/\\\/www.facebook.com\\\/\",\"https:\\\/\\\/x.com\\\/bercodi\",\"https:\\\/\\\/www.instagram.com\\\/\",\"https:\\\/\\\/www.youtube.com\\\/channel\\\/UCZP-2wLEB9Rv6erhFmqVnvg\"]},{\"@type\":\"Person\",\"@id\":\"https:\\\/\\\/eldigitaldeasturias.com\\\/radio\\\/author\\\/nbasturias\\\/#author\",\"url\":\"https:\\\/\\\/eldigitaldeasturias.com\\\/radio\\\/author\\\/nbasturias\\\/\",\"name\":\"NBAsturias\",\"image\":{\"@type\":\"ImageObject\",\"@id\":\"https:\\\/\\\/eldigitaldeasturias.com\\\/radio\\\/kriegerstein-no-participara-en-los-juegos-olimpicos-de-tokio\\\/#authorImage\",\"url\":\"https:\\\/\\\/secure.gravatar.com\\\/avatar\\\/df2aeffc32bcd13f8d26072ef8a91b623d677766deac7f97ca815868cd41bf5e?s=96&d=mm&r=g\",\"width\":96,\"height\":96,\"caption\":\"NBAsturias\"}},{\"@type\":\"WebPage\",\"@id\":\"https:\\\/\\\/eldigitaldeasturias.com\\\/radio\\\/kriegerstein-no-participara-en-los-juegos-olimpicos-de-tokio\\\/#webpage\",\"url\":\"https:\\\/\\\/eldigitaldeasturias.com\\\/radio\\\/kriegerstein-no-participara-en-los-juegos-olimpicos-de-tokio\\\/\",\"name\":\"Kriegerstein no participar\\u00e1 en los Juegos Ol\\u00edmpicos de Tokio | El Digital de Asturias\",\"description\":\"La medallista ol\\u00edmpica alemana en pirag\\u00fcismo en aguas tranquilas Steffi Kriegerstein no participar\\u00e1 en los Juegos Ol\\u00edmpicos de TokioLeipzig (Alemania), 31 mar (dpa) - La medallista ol\\u00edmpica alemana en pirag\\u00fcismo en aguas tranquilas Steffi Kriegerstein no participar\\u00e1 en los Juegos Ol\\u00edmpicos de Tokio debido a las secuelas de un contagio con coronavirus. Kriegerstein dijo que se contagi\\u00f3 el coronavirus en diciembre y los efectos posteriores de la enfermedad hicieron que tuviera que poner\",\"inLanguage\":\"es-ES\",\"isPartOf\":{\"@id\":\"https:\\\/\\\/eldigitaldeasturias.com\\\/radio\\\/#website\"},\"breadcrumb\":{\"@id\":\"https:\\\/\\\/eldigitaldeasturias.com\\\/radio\\\/kriegerstein-no-participara-en-los-juegos-olimpicos-de-tokio\\\/#breadcrumblist\"},\"author\":{\"@id\":\"https:\\\/\\\/eldigitaldeasturias.com\\\/radio\\\/author\\\/nbasturias\\\/#author\"},\"creator\":{\"@id\":\"https:\\\/\\\/eldigitaldeasturias.com\\\/radio\\\/author\\\/nbasturias\\\/#author\"},\"image\":{\"@type\":\"ImageObject\",\"url\":\"https:\\\/\\\/eldigitaldeasturias.com\\\/radio\\\/wp-content\\\/uploads\\\/2021\\\/04\\\/Steffi-Kriegerstein.jpg\",\"@id\":\"https:\\\/\\\/eldigitaldeasturias.com\\\/radio\\\/kriegerstein-no-participara-en-los-juegos-olimpicos-de-tokio\\\/#mainImage\",\"width\":981,\"height\":674,\"caption\":\"La medallista de plata ol\\u00edmpica Steffi Kriegerstein practica en el r\\u00edo Elba. Foto: Robert Michael\\\/dpa-Zentralbild\\\/dpa\"},\"primaryImageOfPage\":{\"@id\":\"https:\\\/\\\/eldigitaldeasturias.com\\\/radio\\\/kriegerstein-no-participara-en-los-juegos-olimpicos-de-tokio\\\/#mainImage\"},\"datePublished\":\"2021-04-02T16:42:24+02:00\",\"dateModified\":\"2021-04-02T16:42:24+02:00\"},{\"@type\":\"WebSite\",\"@id\":\"https:\\\/\\\/eldigitaldeasturias.com\\\/radio\\\/#website\",\"url\":\"https:\\\/\\\/eldigitaldeasturias.com\\\/radio\\\/\",\"name\":\"El Digital de Asturias\",\"description\":\"Diario de informaci\\u00f3n y noticias\",\"inLanguage\":\"es-ES\",\"publisher\":{\"@id\":\"https:\\\/\\\/eldigitaldeasturias.com\\\/radio\\\/#organization\"}}]}\n\t\t<\/script>\n\t\t<!-- All in One SEO Pro -->\r\n\t\t<title>Kriegerstein no participar\u00e1 en los Juegos Ol\u00edmpicos de Tokio | El Digital de Asturias<\/title>\n\n","aioseo_head_json":{"title":"Kriegerstein no participar\u00e1 en los Juegos Ol\u00edmpicos de Tokio | El Digital de Asturias","description":"La medallista ol\u00edmpica alemana en pirag\u00fcismo en aguas tranquilas Steffi Kriegerstein no participar\u00e1 en los Juegos Ol\u00edmpicos de TokioLeipzig (Alemania), 31 mar (dpa) - La medallista ol\u00edmpica alemana en pirag\u00fcismo en aguas tranquilas Steffi Kriegerstein no participar\u00e1 en los Juegos Ol\u00edmpicos de Tokio debido a las secuelas de un contagio con coronavirus. Kriegerstein dijo que se contagi\u00f3 el coronavirus en diciembre y los efectos posteriores de la enfermedad hicieron que tuviera que poner","canonical_url":"https:\/\/eldigitaldeasturias.com\/radio\/kriegerstein-no-participara-en-los-juegos-olimpicos-de-tokio\/","robots":"max-image-preview:large","keywords":"noticias","webmasterTools":{"google-site-verification":"UA-38556648-1","miscellaneous":""},"schema":{"@context":"https:\/\/schema.org","@graph":[{"@type":"BreadcrumbList","@id":"https:\/\/eldigitaldeasturias.com\/radio\/kriegerstein-no-participara-en-los-juegos-olimpicos-de-tokio\/#breadcrumblist","itemListElement":[{"@type":"ListItem","@id":"https:\/\/eldigitaldeasturias.com\/radio#listItem","position":1,"name":"Inicio","item":"https:\/\/eldigitaldeasturias.com\/radio","nextItem":{"@type":"ListItem","@id":"https:\/\/eldigitaldeasturias.com\/radio\/category\/noticias\/#listItem","name":"Noticias"}},{"@type":"ListItem","@id":"https:\/\/eldigitaldeasturias.com\/radio\/category\/noticias\/#listItem","position":2,"name":"Noticias","item":"https:\/\/eldigitaldeasturias.com\/radio\/category\/noticias\/","nextItem":{"@type":"ListItem","@id":"https:\/\/eldigitaldeasturias.com\/radio\/kriegerstein-no-participara-en-los-juegos-olimpicos-de-tokio\/#listItem","name":"Kriegerstein no participar\u00e1 en los Juegos Ol\u00edmpicos de Tokio"},"previousItem":{"@type":"ListItem","@id":"https:\/\/eldigitaldeasturias.com\/radio#listItem","name":"Inicio"}},{"@type":"ListItem","@id":"https:\/\/eldigitaldeasturias.com\/radio\/kriegerstein-no-participara-en-los-juegos-olimpicos-de-tokio\/#listItem","position":3,"name":"Kriegerstein no participar\u00e1 en los Juegos Ol\u00edmpicos de Tokio","previousItem":{"@type":"ListItem","@id":"https:\/\/eldigitaldeasturias.com\/radio\/category\/noticias\/#listItem","name":"Noticias"}}]},{"@type":"NewsArticle","@id":"https:\/\/eldigitaldeasturias.com\/radio\/kriegerstein-no-participara-en-los-juegos-olimpicos-de-tokio\/#newsarticle","name":"Kriegerstein no participar\u00e1 en los Juegos Ol\u00edmpicos de Tokio | El Digital de Asturias","headline":"Kriegerstein no participar\u00e1 en los Juegos Ol\u00edmpicos de Tokio","author":{"@id":"https:\/\/eldigitaldeasturias.com\/radio\/author\/nbasturias\/#author"},"publisher":{"@id":"https:\/\/eldigitaldeasturias.com\/radio\/#organization"},"image":{"@type":"ImageObject","url":"https:\/\/eldigitaldeasturias.com\/radio\/wp-content\/uploads\/2021\/04\/Steffi-Kriegerstein.jpg","width":981,"height":674,"caption":"La medallista de plata ol\u00edmpica Steffi Kriegerstein practica en el r\u00edo Elba. Foto: Robert Michael\/dpa-Zentralbild\/dpa"},"datePublished":"2021-04-02T16:42:24+02:00","dateModified":"2021-04-02T16:42:24+02:00","inLanguage":"es-ES","mainEntityOfPage":{"@id":"https:\/\/eldigitaldeasturias.com\/radio\/kriegerstein-no-participara-en-los-juegos-olimpicos-de-tokio\/#webpage"},"isPartOf":{"@id":"https:\/\/eldigitaldeasturias.com\/radio\/kriegerstein-no-participara-en-los-juegos-olimpicos-de-tokio\/#webpage"},"articleSection":"Noticias","dateline":"Publicado el abril 2, 2021."},{"@type":"Organization","@id":"https:\/\/eldigitaldeasturias.com\/radio\/#organization","name":"El digital de Asturias Radio","description":"Diario de informaci\u00f3n y noticias","url":"https:\/\/eldigitaldeasturias.com\/radio\/","telephone":"+34652131393","logo":{"@type":"ImageObject","url":"https:\/\/www.eldigitaldeasturias.com\/radio\/wp-content\/uploads\/2021\/03\/EDA.jpg","@id":"https:\/\/eldigitaldeasturias.com\/radio\/kriegerstein-no-participara-en-los-juegos-olimpicos-de-tokio\/#organizationLogo"},"image":{"@id":"https:\/\/eldigitaldeasturias.com\/radio\/kriegerstein-no-participara-en-los-juegos-olimpicos-de-tokio\/#organizationLogo"},"sameAs":["https:\/\/www.facebook.com\/","https:\/\/x.com\/bercodi","https:\/\/www.instagram.com\/","https:\/\/www.youtube.com\/channel\/UCZP-2wLEB9Rv6erhFmqVnvg"]},{"@type":"Person","@id":"https:\/\/eldigitaldeasturias.com\/radio\/author\/nbasturias\/#author","url":"https:\/\/eldigitaldeasturias.com\/radio\/author\/nbasturias\/","name":"NBAsturias","image":{"@type":"ImageObject","@id":"https:\/\/eldigitaldeasturias.com\/radio\/kriegerstein-no-participara-en-los-juegos-olimpicos-de-tokio\/#authorImage","url":"https:\/\/secure.gravatar.com\/avatar\/df2aeffc32bcd13f8d26072ef8a91b623d677766deac7f97ca815868cd41bf5e?s=96&d=mm&r=g","width":96,"height":96,"caption":"NBAsturias"}},{"@type":"WebPage","@id":"https:\/\/eldigitaldeasturias.com\/radio\/kriegerstein-no-participara-en-los-juegos-olimpicos-de-tokio\/#webpage","url":"https:\/\/eldigitaldeasturias.com\/radio\/kriegerstein-no-participara-en-los-juegos-olimpicos-de-tokio\/","name":"Kriegerstein no participar\u00e1 en los Juegos Ol\u00edmpicos de Tokio | El Digital de Asturias","description":"La medallista ol\u00edmpica alemana en pirag\u00fcismo en aguas tranquilas Steffi Kriegerstein no participar\u00e1 en los Juegos Ol\u00edmpicos de TokioLeipzig (Alemania), 31 mar (dpa) - La medallista ol\u00edmpica alemana en pirag\u00fcismo en aguas tranquilas Steffi Kriegerstein no participar\u00e1 en los Juegos Ol\u00edmpicos de Tokio debido a las secuelas de un contagio con coronavirus. Kriegerstein dijo que se contagi\u00f3 el coronavirus en diciembre y los efectos posteriores de la enfermedad hicieron que tuviera que poner","inLanguage":"es-ES","isPartOf":{"@id":"https:\/\/eldigitaldeasturias.com\/radio\/#website"},"breadcrumb":{"@id":"https:\/\/eldigitaldeasturias.com\/radio\/kriegerstein-no-participara-en-los-juegos-olimpicos-de-tokio\/#breadcrumblist"},"author":{"@id":"https:\/\/eldigitaldeasturias.com\/radio\/author\/nbasturias\/#author"},"creator":{"@id":"https:\/\/eldigitaldeasturias.com\/radio\/author\/nbasturias\/#author"},"image":{"@type":"ImageObject","url":"https:\/\/eldigitaldeasturias.com\/radio\/wp-content\/uploads\/2021\/04\/Steffi-Kriegerstein.jpg","@id":"https:\/\/eldigitaldeasturias.com\/radio\/kriegerstein-no-participara-en-los-juegos-olimpicos-de-tokio\/#mainImage","width":981,"height":674,"caption":"La medallista de plata ol\u00edmpica Steffi Kriegerstein practica en el r\u00edo Elba. Foto: Robert Michael\/dpa-Zentralbild\/dpa"},"primaryImageOfPage":{"@id":"https:\/\/eldigitaldeasturias.com\/radio\/kriegerstein-no-participara-en-los-juegos-olimpicos-de-tokio\/#mainImage"},"datePublished":"2021-04-02T16:42:24+02:00","dateModified":"2021-04-02T16:42:24+02:00"},{"@type":"WebSite","@id":"https:\/\/eldigitaldeasturias.com\/radio\/#website","url":"https:\/\/eldigitaldeasturias.com\/radio\/","name":"El Digital de Asturias","description":"Diario de informaci\u00f3n y noticias","inLanguage":"es-ES","publisher":{"@id":"https:\/\/eldigitaldeasturias.com\/radio\/#organization"}}]},"og:locale":"es_ES","og:site_name":"El Digital de Asturias | Diario de informaci\u00f3n y noticias","og:type":"article","og:title":"Kriegerstein no participar\u00e1 en los Juegos Ol\u00edmpicos de Tokio | El Digital de Asturias","og:description":"La medallista ol\u00edmpica alemana en pirag\u00fcismo en aguas tranquilas Steffi Kriegerstein no participar\u00e1 en los Juegos Ol\u00edmpicos de TokioLeipzig (Alemania), 31 mar (dpa) - La medallista ol\u00edmpica alemana en pirag\u00fcismo en aguas tranquilas Steffi Kriegerstein no participar\u00e1 en los Juegos Ol\u00edmpicos de Tokio debido a las secuelas de un contagio con coronavirus. Kriegerstein dijo que se contagi\u00f3 el coronavirus en diciembre y los efectos posteriores de la enfermedad hicieron que tuviera que poner","og:url":"https:\/\/eldigitaldeasturias.com\/radio\/kriegerstein-no-participara-en-los-juegos-olimpicos-de-tokio\/","og:image":"https:\/\/eldigitaldeasturias.com\/radio\/wp-content\/uploads\/2021\/04\/Steffi-Kriegerstein.jpg","og:image:secure_url":"https:\/\/eldigitaldeasturias.com\/radio\/wp-content\/uploads\/2021\/04\/Steffi-Kriegerstein.jpg","og:image:width":981,"og:image:height":674,"article:published_time":"2021-04-02T16:42:24+00:00","article:modified_time":"2021-04-02T16:42:24+00:00","twitter:card":"summary_large_image","twitter:site":"@bercodi","twitter:title":"Kriegerstein no participar\u00e1 en los Juegos Ol\u00edmpicos de Tokio | El Digital de Asturias","twitter:description":"La medallista ol\u00edmpica alemana en pirag\u00fcismo en aguas tranquilas Steffi Kriegerstein no participar\u00e1 en los Juegos Ol\u00edmpicos de TokioLeipzig (Alemania), 31 mar (dpa) - La medallista ol\u00edmpica alemana en pirag\u00fcismo en aguas tranquilas Steffi Kriegerstein no participar\u00e1 en los Juegos Ol\u00edmpicos de Tokio debido a las secuelas de un contagio con coronavirus. Kriegerstein dijo que se contagi\u00f3 el coronavirus en diciembre y los efectos posteriores de la enfermedad hicieron que tuviera que poner","twitter:creator":"@bercodi","twitter:image":"https:\/\/eldigitaldeasturias.com\/radio\/wp-content\/uploads\/2021\/04\/Steffi-Kriegerstein.jpg"},"aioseo_meta_data":{"post_id":"5785","title":null,"description":"La medallista ol\u00edmpica alemana en pirag\u00fcismo en aguas tranquilas Steffi Kriegerstein no participar\u00e1 en los Juegos Ol\u00edmpicos de Tokio#post_excerpt","keywords":[],"keyphrases":{"focus":[],"additional":[]},"primary_term":null,"canonical_url":null,"og_title":null,"og_description":null,"og_object_type":"default","og_image_type":"default","og_image_url":null,"og_image_width":null,"og_image_height":null,"og_image_custom_url":null,"og_image_custom_fields":null,"og_video":"","og_custom_url":null,"og_article_section":null,"og_article_tags":[],"twitter_use_og":false,"twitter_card":"default","twitter_image_type":"default","twitter_image_url":null,"twitter_image_custom_url":null,"twitter_image_custom_fields":null,"twitter_title":null,"twitter_description":null,"schema":{"blockGraphs":[],"customGraphs":[],"default":{"data":{"Article":[],"Course":[],"Dataset":[],"FAQPage":[],"Movie":[],"Person":[],"Product":[],"ProductReview":[],"Car":[],"Recipe":[],"Service":[],"SoftwareApplication":[],"WebPage":[]},"graphName":"","isEnabled":true},"graphs":[],"defaultGraph":"Article","defaultPostTypeGraph":""},"schema_type":"default","schema_type_options":"{\"article\":{\"articleType\":\"BlogPosting\"},\"course\":{\"name\":\"\",\"description\":\"\",\"provider\":\"\"},\"faq\":{\"pages\":[]},\"product\":{\"reviews\":[]},\"recipe\":{\"ingredients\":[],\"instructions\":[],\"keywords\":[]},\"software\":{\"reviews\":[],\"operatingSystems\":[]},\"webPage\":{\"webPageType\":\"WebPage\"}}","pillar_content":false,"robots_default":true,"robots_noindex":false,"robots_noarchive":false,"robots_nosnippet":false,"robots_nofollow":false,"robots_noimageindex":false,"robots_noodp":false,"robots_notranslate":false,"robots_max_snippet":"-1","robots_max_videopreview":"-1","robots_max_imagepreview":"large","priority":null,"frequency":"default","location":null,"local_seo":{"businessInfo":{"name":"","urls":{"website":"","aboutPage":"","contactPage":""},"address":{"line1":"","line2":"","zip":"","city":"","state":"","country":""},"contact":{"email":"","phone":"","fax":""},"ids":{"vatID":"","taxID":"","chamberID":""},"payment":{"priceIndication":"","currenciesAccepted":"","methodsAccepted":""},"areaServed":""},"openingHours":{"show":false,"closedLabel":"","open24h":false,"open24hLabel":"","open247":false,"use24hFormat":false,"twoSets":false,"timezone":"","hours":[]}},"seo_analyzer_scan_date":"2025-08-28 18:31:26","breadcrumb_settings":null,"limit_modified_date":false,"open_ai":null,"ai":null,"created":"2021-04-02 16:39:52","updated":"2025-08-28 18:31:26"},"aioseo_breadcrumb":"<div class=\"aioseo-breadcrumbs\"><span class=\"aioseo-breadcrumb\">\n\t<a href=\"https:\/\/eldigitaldeasturias.com\/radio\" title=\"Inicio\">Inicio<\/a>\n<\/span><span class=\"aioseo-breadcrumb-separator\">&ndash;<\/span><span class=\"aioseo-breadcrumb\">\n\t<a href=\"https:\/\/eldigitaldeasturias.com\/radio\/category\/noticias\/\" title=\"Noticias\">Noticias<\/a>\n<\/span><span class=\"aioseo-breadcrumb-separator\">&ndash;<\/span><span class=\"aioseo-breadcrumb\">\n\tKriegerstein no participar\u00e1 en los Juegos Ol\u00edmpicos de Tokio\n<\/span><\/div>","aioseo_breadcrumb_json":[{"label":"Inicio","link":"https:\/\/eldigitaldeasturias.com\/radio"},{"label":"Noticias","link":"https:\/\/eldigitaldeasturias.com\/radio\/category\/noticias\/"},{"label":"Kriegerstein no participar\u00e1 en los Juegos Ol\u00edmpicos de Tokio","link":"https:\/\/eldigitaldeasturias.com\/radio\/kriegerstein-no-participara-en-los-juegos-olimpicos-de-tokio\/"}],"_links":{"self":[{"href":"https:\/\/eldigitaldeasturias.com\/radio\/wp-json\/wp\/v2\/posts\/5785","targetHints":{"allow":["GET"]}}],"collection":[{"href":"https:\/\/eldigitaldeasturias.com\/radio\/wp-json\/wp\/v2\/posts"}],"about":[{"href":"https:\/\/eldigitaldeasturias.com\/radio\/wp-json\/wp\/v2\/types\/post"}],"author":[{"embeddable":true,"href":"https:\/\/eldigitaldeasturias.com\/radio\/wp-json\/wp\/v2\/users\/1"}],"replies":[{"embeddable":true,"href":"https:\/\/eldigitaldeasturias.com\/radio\/wp-json\/wp\/v2\/comments?post=5785"}],"version-history":[{"count":0,"href":"https:\/\/eldigitaldeasturias.com\/radio\/wp-json\/wp\/v2\/posts\/5785\/revisions"}],"wp:featuredmedia":[{"embeddable":true,"href":"https:\/\/eldigitaldeasturias.com\/radio\/wp-json\/wp\/v2\/media\/5786"}],"wp:attachment":[{"href":"https:\/\/eldigitaldeasturias.com\/radio\/wp-json\/wp\/v2\/media?parent=5785"}],"wp:term":[{"taxonomy":"category","embeddable":true,"href":"https:\/\/eldigitaldeasturias.com\/radio\/wp-json\/wp\/v2\/categories?post=5785"},{"taxonomy":"post_tag","embeddable":true,"href":"https:\/\/eldigitaldeasturias.com\/radio\/wp-json\/wp\/v2\/tags?post=5785"}],"curies":[{"name":"wp","href":"https:\/\/api.w.org\/{rel}","templated":true}]}}