{"id":5783,"date":"2021-04-02T16:39:30","date_gmt":"2021-04-02T16:39:30","guid":{"rendered":"http:\/\/eldigitaldeasturias.com\/radio\/?p=5783"},"modified":"2021-04-02T16:39:30","modified_gmt":"2021-04-02T16:39:30","slug":"el-gobierno-aleman-impulsa-una-ley-contra-los-paraisos-fiscales","status":"publish","type":"post","link":"https:\/\/eldigitaldeasturias.com\/radio\/el-gobierno-aleman-impulsa-una-ley-contra-los-paraisos-fiscales\/","title":{"rendered":"El Gobierno alem\u00e1n impulsa una ley contra los para\u00edsos fiscales"},"content":{"rendered":"<p><img fetchpriority=\"high\" decoding=\"async\" class=\"alignleft size-medium wp-image-1352\" src=\"https:\/\/eldigitaldeasturias.com\/radio\/wp-content\/uploads\/2018\/10\/technology-785742_960_720-360x240.jpg\" alt=\"\" width=\"360\" height=\"240\" srcset=\"https:\/\/eldigitaldeasturias.com\/radio\/wp-content\/uploads\/2018\/10\/technology-785742_960_720-360x240.jpg 360w, https:\/\/eldigitaldeasturias.com\/radio\/wp-content\/uploads\/2018\/10\/technology-785742_960_720-768x512.jpg 768w, https:\/\/eldigitaldeasturias.com\/radio\/wp-content\/uploads\/2018\/10\/technology-785742_960_720.jpg 960w\" sizes=\"(max-width: 360px) 100vw, 360px\" \/>Berl\u00edn, 31 mar (dpa) &#8211; El Gobierno alem\u00e1n aprob\u00f3 hoy un proyecto de ley para dificultar los negocios con aquellos pa\u00edses que no cumplen con los est\u00e1ndares impositivos internacionales, seg\u00fan inform\u00f3 el ministro de Finanzas y vicecanciller alem\u00e1n, Olaf Scholz, promotor de la iniciativa.<\/p>\n<p>El objetivo de Scholz es eliminar ventajas impositivas de modo de que la huida hacia los para\u00edsos fiscales sea menos rentable y los pa\u00edses modifiquen su postura.<\/p>\n<p>\u00abEstamos haciendo algo para terminar con los para\u00edsos fiscales\u00bb, afirm\u00f3 el vicecanciller. \u00abTodos tienen que hacer su justa contribuci\u00f3n a los ingresos fiscales, y no solo la panader\u00eda de al lado, sino tambi\u00e9n la gran empresa internacional\u00bb, se\u00f1al\u00f3.<\/p>\n<p>El proyecto de ley se basa en la lista negra de para\u00edsos fiscales de la Uni\u00f3n Europea (UE). En la lista figuran 12 pa\u00edses, entre ellos Panam\u00e1, Fiyi y Seychelles, que en opini\u00f3n de la UE facilitan la evasi\u00f3n fiscal o la competencia fiscal desleal.<\/p>\n<p>Scholz destac\u00f3 la importancia de que haya un enfoque europeo conjunto. \u00abDe esta manera, estamos trabajando juntos para garantizar una mayor justicia fiscal global\u00bb, a\u00f1adi\u00f3.<\/p>\n<p>Entre otras cosas, los gastos operativos y de publicidad de negocios relacionados con los para\u00edsos fiscales ya no ser\u00e1n deducibles en el futuro. Tambi\u00e9n habr\u00e1 nuevas normas si los ingresos se transfieren a una sociedad en un para\u00edso fiscal.<\/p>\n<p>Adem\u00e1s, se endurecer\u00e1 la normativa sobre las retenciones fiscales que se aplican a los rendimientos de capital en el extranjero.<\/p>\n<p>La ley debe ser sometida a votaci\u00f3n del Parlamento.<\/p>\n<p>La esperanza es que con esta ley se logre disuadir a los inversores de hacer negocios en los pa\u00edses incluidos en la lista, y que esto lleve a la vez a reformas en los para\u00edsos fiscales.<\/p>\n<p>Sin embargo, los m\u00e1s cr\u00edticos de la ley no esperan que esta tenga gran efecto. El partido de Los Verdes, por ejemplo, se\u00f1al\u00f3 que los pa\u00edses de la lista de la UE solo representan el dos por ciento de la evasi\u00f3n fiscal de las empresas a nivel mundial.<\/p>\n","protected":false},"excerpt":{"rendered":"<p>Berl\u00edn, 31 mar (dpa) &#8211; El Gobierno alem\u00e1n aprob\u00f3 hoy un proyecto de ley para dificultar los negocios con aquellos pa\u00edses que no cumplen con los est\u00e1ndares impositivos internacionales, seg\u00fan inform\u00f3 el ministro de Finanzas y vicecanciller alem\u00e1n, Olaf Scholz, promotor de la iniciativa. El objetivo de Scholz es eliminar ventajas impositivas de modo de<\/p>\n","protected":false},"author":1,"featured_media":1352,"comment_status":"closed","ping_status":"closed","sticky":false,"template":"","format":"standard","meta":{"footnotes":""},"categories":[1],"tags":[],"class_list":{"0":"post-5783","1":"post","2":"type-post","3":"status-publish","4":"format-standard","5":"has-post-thumbnail","7":"category-noticias"},"aioseo_notices":[],"aioseo_head":"\n\t\t<!-- All in One SEO Pro 4.9.6.2 - aioseo.com -->\n\t<meta name=\"description\" content=\"El Gobierno alem\u00e1n aprob\u00f3 hoy un proyecto de ley para dificultar los negocios con aquellos pa\u00edses que no cumplen con los est\u00e1ndares impositivos internacionalesBerl\u00edn, 31 mar (dpa) - El Gobierno alem\u00e1n aprob\u00f3 hoy un proyecto de ley para dificultar los negocios con aquellos pa\u00edses que no cumplen con los est\u00e1ndares impositivos internacionales, seg\u00fan inform\u00f3 el ministro de Finanzas y vicecanciller alem\u00e1n, Olaf Scholz, promotor de la iniciativa. El objetivo de Scholz es eliminar ventajas impositivas de modo de\" \/>\n\t<meta name=\"robots\" content=\"max-image-preview:large\" \/>\n\t<meta name=\"author\" content=\"NBAsturias\"\/>\n\t<meta name=\"google-site-verification\" content=\"UA-38556648-1\" \/>\n\t<meta name=\"keywords\" content=\"noticias\" \/>\n\t<link rel=\"canonical\" href=\"https:\/\/eldigitaldeasturias.com\/radio\/el-gobierno-aleman-impulsa-una-ley-contra-los-paraisos-fiscales\/\" \/>\n\t<meta name=\"generator\" content=\"All in One SEO Pro (AIOSEO) 4.9.6.2\" \/>\n\t\t<meta property=\"og:locale\" content=\"es_ES\" \/>\n\t\t<meta property=\"og:site_name\" content=\"El Digital de Asturias | Diario de informaci\u00f3n y noticias\" \/>\n\t\t<meta property=\"og:type\" content=\"article\" \/>\n\t\t<meta property=\"og:title\" content=\"El Gobierno alem\u00e1n impulsa una ley contra los para\u00edsos fiscales | El Digital de Asturias\" \/>\n\t\t<meta property=\"og:description\" content=\"El Gobierno alem\u00e1n aprob\u00f3 hoy un proyecto de ley para dificultar los negocios con aquellos pa\u00edses que no cumplen con los est\u00e1ndares impositivos internacionalesBerl\u00edn, 31 mar (dpa) - El Gobierno alem\u00e1n aprob\u00f3 hoy un proyecto de ley para dificultar los negocios con aquellos pa\u00edses que no cumplen con los est\u00e1ndares impositivos internacionales, seg\u00fan inform\u00f3 el ministro de Finanzas y vicecanciller alem\u00e1n, Olaf Scholz, promotor de la iniciativa. El objetivo de Scholz es eliminar ventajas impositivas de modo de\" \/>\n\t\t<meta property=\"og:url\" content=\"https:\/\/eldigitaldeasturias.com\/radio\/el-gobierno-aleman-impulsa-una-ley-contra-los-paraisos-fiscales\/\" \/>\n\t\t<meta property=\"og:image\" content=\"https:\/\/eldigitaldeasturias.com\/radio\/wp-content\/uploads\/2018\/10\/technology-785742_960_720.jpg\" \/>\n\t\t<meta property=\"og:image:secure_url\" content=\"https:\/\/eldigitaldeasturias.com\/radio\/wp-content\/uploads\/2018\/10\/technology-785742_960_720.jpg\" \/>\n\t\t<meta property=\"og:image:width\" content=\"960\" \/>\n\t\t<meta property=\"og:image:height\" content=\"640\" \/>\n\t\t<meta property=\"article:published_time\" content=\"2021-04-02T16:39:30+00:00\" \/>\n\t\t<meta property=\"article:modified_time\" content=\"2021-04-02T16:39:30+00:00\" \/>\n\t\t<meta name=\"twitter:card\" content=\"summary_large_image\" \/>\n\t\t<meta name=\"twitter:site\" content=\"@bercodi\" \/>\n\t\t<meta name=\"twitter:title\" content=\"El Gobierno alem\u00e1n impulsa una ley contra los para\u00edsos fiscales | El Digital de Asturias\" \/>\n\t\t<meta name=\"twitter:description\" content=\"El Gobierno alem\u00e1n aprob\u00f3 hoy un proyecto de ley para dificultar los negocios con aquellos pa\u00edses que no cumplen con los est\u00e1ndares impositivos internacionalesBerl\u00edn, 31 mar (dpa) - El Gobierno alem\u00e1n aprob\u00f3 hoy un proyecto de ley para dificultar los negocios con aquellos pa\u00edses que no cumplen con los est\u00e1ndares impositivos internacionales, seg\u00fan inform\u00f3 el ministro de Finanzas y vicecanciller alem\u00e1n, Olaf Scholz, promotor de la iniciativa. El objetivo de Scholz es eliminar ventajas impositivas de modo de\" \/>\n\t\t<meta name=\"twitter:creator\" content=\"@bercodi\" \/>\n\t\t<meta name=\"twitter:image\" content=\"https:\/\/eldigitaldeasturias.com\/radio\/wp-content\/uploads\/2018\/10\/technology-785742_960_720.jpg\" \/>\n\t\t<script type=\"application\/ld+json\" class=\"aioseo-schema\">\n\t\t\t{\"@context\":\"https:\\\/\\\/schema.org\",\"@graph\":[{\"@type\":\"BreadcrumbList\",\"@id\":\"https:\\\/\\\/eldigitaldeasturias.com\\\/radio\\\/el-gobierno-aleman-impulsa-una-ley-contra-los-paraisos-fiscales\\\/#breadcrumblist\",\"itemListElement\":[{\"@type\":\"ListItem\",\"@id\":\"https:\\\/\\\/eldigitaldeasturias.com\\\/radio#listItem\",\"position\":1,\"name\":\"Inicio\",\"item\":\"https:\\\/\\\/eldigitaldeasturias.com\\\/radio\",\"nextItem\":{\"@type\":\"ListItem\",\"@id\":\"https:\\\/\\\/eldigitaldeasturias.com\\\/radio\\\/category\\\/noticias\\\/#listItem\",\"name\":\"Noticias\"}},{\"@type\":\"ListItem\",\"@id\":\"https:\\\/\\\/eldigitaldeasturias.com\\\/radio\\\/category\\\/noticias\\\/#listItem\",\"position\":2,\"name\":\"Noticias\",\"item\":\"https:\\\/\\\/eldigitaldeasturias.com\\\/radio\\\/category\\\/noticias\\\/\",\"nextItem\":{\"@type\":\"ListItem\",\"@id\":\"https:\\\/\\\/eldigitaldeasturias.com\\\/radio\\\/el-gobierno-aleman-impulsa-una-ley-contra-los-paraisos-fiscales\\\/#listItem\",\"name\":\"El Gobierno alem\\u00e1n impulsa una ley contra los para\\u00edsos fiscales\"},\"previousItem\":{\"@type\":\"ListItem\",\"@id\":\"https:\\\/\\\/eldigitaldeasturias.com\\\/radio#listItem\",\"name\":\"Inicio\"}},{\"@type\":\"ListItem\",\"@id\":\"https:\\\/\\\/eldigitaldeasturias.com\\\/radio\\\/el-gobierno-aleman-impulsa-una-ley-contra-los-paraisos-fiscales\\\/#listItem\",\"position\":3,\"name\":\"El Gobierno alem\\u00e1n impulsa una ley contra los para\\u00edsos fiscales\",\"previousItem\":{\"@type\":\"ListItem\",\"@id\":\"https:\\\/\\\/eldigitaldeasturias.com\\\/radio\\\/category\\\/noticias\\\/#listItem\",\"name\":\"Noticias\"}}]},{\"@type\":\"NewsArticle\",\"@id\":\"https:\\\/\\\/eldigitaldeasturias.com\\\/radio\\\/el-gobierno-aleman-impulsa-una-ley-contra-los-paraisos-fiscales\\\/#newsarticle\",\"name\":\"El Gobierno alem\\u00e1n impulsa una ley contra los para\\u00edsos fiscales | El Digital de Asturias\",\"headline\":\"El Gobierno alem\\u00e1n impulsa una ley contra los para\\u00edsos fiscales\",\"author\":{\"@id\":\"https:\\\/\\\/eldigitaldeasturias.com\\\/radio\\\/author\\\/nbasturias\\\/#author\"},\"publisher\":{\"@id\":\"https:\\\/\\\/eldigitaldeasturias.com\\\/radio\\\/#organization\"},\"image\":{\"@type\":\"ImageObject\",\"url\":\"https:\\\/\\\/eldigitaldeasturias.com\\\/radio\\\/wp-content\\\/uploads\\\/2018\\\/10\\\/technology-785742_960_720.jpg\",\"width\":960,\"height\":640},\"datePublished\":\"2021-04-02T16:39:30+02:00\",\"dateModified\":\"2021-04-02T16:39:30+02:00\",\"inLanguage\":\"es-ES\",\"mainEntityOfPage\":{\"@id\":\"https:\\\/\\\/eldigitaldeasturias.com\\\/radio\\\/el-gobierno-aleman-impulsa-una-ley-contra-los-paraisos-fiscales\\\/#webpage\"},\"isPartOf\":{\"@id\":\"https:\\\/\\\/eldigitaldeasturias.com\\\/radio\\\/el-gobierno-aleman-impulsa-una-ley-contra-los-paraisos-fiscales\\\/#webpage\"},\"articleSection\":\"Noticias\",\"dateline\":\"Publicado el abril 2, 2021.\"},{\"@type\":\"Organization\",\"@id\":\"https:\\\/\\\/eldigitaldeasturias.com\\\/radio\\\/#organization\",\"name\":\"El digital de Asturias Radio\",\"description\":\"Diario de informaci\\u00f3n y noticias\",\"url\":\"https:\\\/\\\/eldigitaldeasturias.com\\\/radio\\\/\",\"telephone\":\"+34652131393\",\"logo\":{\"@type\":\"ImageObject\",\"url\":\"https:\\\/\\\/www.eldigitaldeasturias.com\\\/radio\\\/wp-content\\\/uploads\\\/2021\\\/03\\\/EDA.jpg\",\"@id\":\"https:\\\/\\\/eldigitaldeasturias.com\\\/radio\\\/el-gobierno-aleman-impulsa-una-ley-contra-los-paraisos-fiscales\\\/#organizationLogo\"},\"image\":{\"@id\":\"https:\\\/\\\/eldigitaldeasturias.com\\\/radio\\\/el-gobierno-aleman-impulsa-una-ley-contra-los-paraisos-fiscales\\\/#organizationLogo\"},\"sameAs\":[\"https:\\\/\\\/www.facebook.com\\\/\",\"https:\\\/\\\/x.com\\\/bercodi\",\"https:\\\/\\\/www.instagram.com\\\/\",\"https:\\\/\\\/www.youtube.com\\\/channel\\\/UCZP-2wLEB9Rv6erhFmqVnvg\"]},{\"@type\":\"Person\",\"@id\":\"https:\\\/\\\/eldigitaldeasturias.com\\\/radio\\\/author\\\/nbasturias\\\/#author\",\"url\":\"https:\\\/\\\/eldigitaldeasturias.com\\\/radio\\\/author\\\/nbasturias\\\/\",\"name\":\"NBAsturias\",\"image\":{\"@type\":\"ImageObject\",\"@id\":\"https:\\\/\\\/eldigitaldeasturias.com\\\/radio\\\/el-gobierno-aleman-impulsa-una-ley-contra-los-paraisos-fiscales\\\/#authorImage\",\"url\":\"https:\\\/\\\/secure.gravatar.com\\\/avatar\\\/df2aeffc32bcd13f8d26072ef8a91b623d677766deac7f97ca815868cd41bf5e?s=96&d=mm&r=g\",\"width\":96,\"height\":96,\"caption\":\"NBAsturias\"}},{\"@type\":\"WebPage\",\"@id\":\"https:\\\/\\\/eldigitaldeasturias.com\\\/radio\\\/el-gobierno-aleman-impulsa-una-ley-contra-los-paraisos-fiscales\\\/#webpage\",\"url\":\"https:\\\/\\\/eldigitaldeasturias.com\\\/radio\\\/el-gobierno-aleman-impulsa-una-ley-contra-los-paraisos-fiscales\\\/\",\"name\":\"El Gobierno alem\\u00e1n impulsa una ley contra los para\\u00edsos fiscales | El Digital de Asturias\",\"description\":\"El Gobierno alem\\u00e1n aprob\\u00f3 hoy un proyecto de ley para dificultar los negocios con aquellos pa\\u00edses que no cumplen con los est\\u00e1ndares impositivos internacionalesBerl\\u00edn, 31 mar (dpa) - El Gobierno alem\\u00e1n aprob\\u00f3 hoy un proyecto de ley para dificultar los negocios con aquellos pa\\u00edses que no cumplen con los est\\u00e1ndares impositivos internacionales, seg\\u00fan inform\\u00f3 el ministro de Finanzas y vicecanciller alem\\u00e1n, Olaf Scholz, promotor de la iniciativa. El objetivo de Scholz es eliminar ventajas impositivas de modo de\",\"inLanguage\":\"es-ES\",\"isPartOf\":{\"@id\":\"https:\\\/\\\/eldigitaldeasturias.com\\\/radio\\\/#website\"},\"breadcrumb\":{\"@id\":\"https:\\\/\\\/eldigitaldeasturias.com\\\/radio\\\/el-gobierno-aleman-impulsa-una-ley-contra-los-paraisos-fiscales\\\/#breadcrumblist\"},\"author\":{\"@id\":\"https:\\\/\\\/eldigitaldeasturias.com\\\/radio\\\/author\\\/nbasturias\\\/#author\"},\"creator\":{\"@id\":\"https:\\\/\\\/eldigitaldeasturias.com\\\/radio\\\/author\\\/nbasturias\\\/#author\"},\"image\":{\"@type\":\"ImageObject\",\"url\":\"https:\\\/\\\/eldigitaldeasturias.com\\\/radio\\\/wp-content\\\/uploads\\\/2018\\\/10\\\/technology-785742_960_720.jpg\",\"@id\":\"https:\\\/\\\/eldigitaldeasturias.com\\\/radio\\\/el-gobierno-aleman-impulsa-una-ley-contra-los-paraisos-fiscales\\\/#mainImage\",\"width\":960,\"height\":640},\"primaryImageOfPage\":{\"@id\":\"https:\\\/\\\/eldigitaldeasturias.com\\\/radio\\\/el-gobierno-aleman-impulsa-una-ley-contra-los-paraisos-fiscales\\\/#mainImage\"},\"datePublished\":\"2021-04-02T16:39:30+02:00\",\"dateModified\":\"2021-04-02T16:39:30+02:00\"},{\"@type\":\"WebSite\",\"@id\":\"https:\\\/\\\/eldigitaldeasturias.com\\\/radio\\\/#website\",\"url\":\"https:\\\/\\\/eldigitaldeasturias.com\\\/radio\\\/\",\"name\":\"El Digital de Asturias\",\"description\":\"Diario de informaci\\u00f3n y noticias\",\"inLanguage\":\"es-ES\",\"publisher\":{\"@id\":\"https:\\\/\\\/eldigitaldeasturias.com\\\/radio\\\/#organization\"}}]}\n\t\t<\/script>\n\t\t<!-- All in One SEO Pro -->\r\n\t\t<title>El Gobierno alem\u00e1n impulsa una ley contra los para\u00edsos fiscales | El Digital de Asturias<\/title>\n\n","aioseo_head_json":{"title":"El Gobierno alem\u00e1n impulsa una ley contra los para\u00edsos fiscales | El Digital de Asturias","description":"El Gobierno alem\u00e1n aprob\u00f3 hoy un proyecto de ley para dificultar los negocios con aquellos pa\u00edses que no cumplen con los est\u00e1ndares impositivos internacionalesBerl\u00edn, 31 mar (dpa) - El Gobierno alem\u00e1n aprob\u00f3 hoy un proyecto de ley para dificultar los negocios con aquellos pa\u00edses que no cumplen con los est\u00e1ndares impositivos internacionales, seg\u00fan inform\u00f3 el ministro de Finanzas y vicecanciller alem\u00e1n, Olaf Scholz, promotor de la iniciativa. El objetivo de Scholz es eliminar ventajas impositivas de modo de","canonical_url":"https:\/\/eldigitaldeasturias.com\/radio\/el-gobierno-aleman-impulsa-una-ley-contra-los-paraisos-fiscales\/","robots":"max-image-preview:large","keywords":"noticias","webmasterTools":{"google-site-verification":"UA-38556648-1","miscellaneous":""},"schema":{"@context":"https:\/\/schema.org","@graph":[{"@type":"BreadcrumbList","@id":"https:\/\/eldigitaldeasturias.com\/radio\/el-gobierno-aleman-impulsa-una-ley-contra-los-paraisos-fiscales\/#breadcrumblist","itemListElement":[{"@type":"ListItem","@id":"https:\/\/eldigitaldeasturias.com\/radio#listItem","position":1,"name":"Inicio","item":"https:\/\/eldigitaldeasturias.com\/radio","nextItem":{"@type":"ListItem","@id":"https:\/\/eldigitaldeasturias.com\/radio\/category\/noticias\/#listItem","name":"Noticias"}},{"@type":"ListItem","@id":"https:\/\/eldigitaldeasturias.com\/radio\/category\/noticias\/#listItem","position":2,"name":"Noticias","item":"https:\/\/eldigitaldeasturias.com\/radio\/category\/noticias\/","nextItem":{"@type":"ListItem","@id":"https:\/\/eldigitaldeasturias.com\/radio\/el-gobierno-aleman-impulsa-una-ley-contra-los-paraisos-fiscales\/#listItem","name":"El Gobierno alem\u00e1n impulsa una ley contra los para\u00edsos fiscales"},"previousItem":{"@type":"ListItem","@id":"https:\/\/eldigitaldeasturias.com\/radio#listItem","name":"Inicio"}},{"@type":"ListItem","@id":"https:\/\/eldigitaldeasturias.com\/radio\/el-gobierno-aleman-impulsa-una-ley-contra-los-paraisos-fiscales\/#listItem","position":3,"name":"El Gobierno alem\u00e1n impulsa una ley contra los para\u00edsos fiscales","previousItem":{"@type":"ListItem","@id":"https:\/\/eldigitaldeasturias.com\/radio\/category\/noticias\/#listItem","name":"Noticias"}}]},{"@type":"NewsArticle","@id":"https:\/\/eldigitaldeasturias.com\/radio\/el-gobierno-aleman-impulsa-una-ley-contra-los-paraisos-fiscales\/#newsarticle","name":"El Gobierno alem\u00e1n impulsa una ley contra los para\u00edsos fiscales | El Digital de Asturias","headline":"El Gobierno alem\u00e1n impulsa una ley contra los para\u00edsos fiscales","author":{"@id":"https:\/\/eldigitaldeasturias.com\/radio\/author\/nbasturias\/#author"},"publisher":{"@id":"https:\/\/eldigitaldeasturias.com\/radio\/#organization"},"image":{"@type":"ImageObject","url":"https:\/\/eldigitaldeasturias.com\/radio\/wp-content\/uploads\/2018\/10\/technology-785742_960_720.jpg","width":960,"height":640},"datePublished":"2021-04-02T16:39:30+02:00","dateModified":"2021-04-02T16:39:30+02:00","inLanguage":"es-ES","mainEntityOfPage":{"@id":"https:\/\/eldigitaldeasturias.com\/radio\/el-gobierno-aleman-impulsa-una-ley-contra-los-paraisos-fiscales\/#webpage"},"isPartOf":{"@id":"https:\/\/eldigitaldeasturias.com\/radio\/el-gobierno-aleman-impulsa-una-ley-contra-los-paraisos-fiscales\/#webpage"},"articleSection":"Noticias","dateline":"Publicado el abril 2, 2021."},{"@type":"Organization","@id":"https:\/\/eldigitaldeasturias.com\/radio\/#organization","name":"El digital de Asturias Radio","description":"Diario de informaci\u00f3n y noticias","url":"https:\/\/eldigitaldeasturias.com\/radio\/","telephone":"+34652131393","logo":{"@type":"ImageObject","url":"https:\/\/www.eldigitaldeasturias.com\/radio\/wp-content\/uploads\/2021\/03\/EDA.jpg","@id":"https:\/\/eldigitaldeasturias.com\/radio\/el-gobierno-aleman-impulsa-una-ley-contra-los-paraisos-fiscales\/#organizationLogo"},"image":{"@id":"https:\/\/eldigitaldeasturias.com\/radio\/el-gobierno-aleman-impulsa-una-ley-contra-los-paraisos-fiscales\/#organizationLogo"},"sameAs":["https:\/\/www.facebook.com\/","https:\/\/x.com\/bercodi","https:\/\/www.instagram.com\/","https:\/\/www.youtube.com\/channel\/UCZP-2wLEB9Rv6erhFmqVnvg"]},{"@type":"Person","@id":"https:\/\/eldigitaldeasturias.com\/radio\/author\/nbasturias\/#author","url":"https:\/\/eldigitaldeasturias.com\/radio\/author\/nbasturias\/","name":"NBAsturias","image":{"@type":"ImageObject","@id":"https:\/\/eldigitaldeasturias.com\/radio\/el-gobierno-aleman-impulsa-una-ley-contra-los-paraisos-fiscales\/#authorImage","url":"https:\/\/secure.gravatar.com\/avatar\/df2aeffc32bcd13f8d26072ef8a91b623d677766deac7f97ca815868cd41bf5e?s=96&d=mm&r=g","width":96,"height":96,"caption":"NBAsturias"}},{"@type":"WebPage","@id":"https:\/\/eldigitaldeasturias.com\/radio\/el-gobierno-aleman-impulsa-una-ley-contra-los-paraisos-fiscales\/#webpage","url":"https:\/\/eldigitaldeasturias.com\/radio\/el-gobierno-aleman-impulsa-una-ley-contra-los-paraisos-fiscales\/","name":"El Gobierno alem\u00e1n impulsa una ley contra los para\u00edsos fiscales | El Digital de Asturias","description":"El Gobierno alem\u00e1n aprob\u00f3 hoy un proyecto de ley para dificultar los negocios con aquellos pa\u00edses que no cumplen con los est\u00e1ndares impositivos internacionalesBerl\u00edn, 31 mar (dpa) - El Gobierno alem\u00e1n aprob\u00f3 hoy un proyecto de ley para dificultar los negocios con aquellos pa\u00edses que no cumplen con los est\u00e1ndares impositivos internacionales, seg\u00fan inform\u00f3 el ministro de Finanzas y vicecanciller alem\u00e1n, Olaf Scholz, promotor de la iniciativa. El objetivo de Scholz es eliminar ventajas impositivas de modo de","inLanguage":"es-ES","isPartOf":{"@id":"https:\/\/eldigitaldeasturias.com\/radio\/#website"},"breadcrumb":{"@id":"https:\/\/eldigitaldeasturias.com\/radio\/el-gobierno-aleman-impulsa-una-ley-contra-los-paraisos-fiscales\/#breadcrumblist"},"author":{"@id":"https:\/\/eldigitaldeasturias.com\/radio\/author\/nbasturias\/#author"},"creator":{"@id":"https:\/\/eldigitaldeasturias.com\/radio\/author\/nbasturias\/#author"},"image":{"@type":"ImageObject","url":"https:\/\/eldigitaldeasturias.com\/radio\/wp-content\/uploads\/2018\/10\/technology-785742_960_720.jpg","@id":"https:\/\/eldigitaldeasturias.com\/radio\/el-gobierno-aleman-impulsa-una-ley-contra-los-paraisos-fiscales\/#mainImage","width":960,"height":640},"primaryImageOfPage":{"@id":"https:\/\/eldigitaldeasturias.com\/radio\/el-gobierno-aleman-impulsa-una-ley-contra-los-paraisos-fiscales\/#mainImage"},"datePublished":"2021-04-02T16:39:30+02:00","dateModified":"2021-04-02T16:39:30+02:00"},{"@type":"WebSite","@id":"https:\/\/eldigitaldeasturias.com\/radio\/#website","url":"https:\/\/eldigitaldeasturias.com\/radio\/","name":"El Digital de Asturias","description":"Diario de informaci\u00f3n y noticias","inLanguage":"es-ES","publisher":{"@id":"https:\/\/eldigitaldeasturias.com\/radio\/#organization"}}]},"og:locale":"es_ES","og:site_name":"El Digital de Asturias | Diario de informaci\u00f3n y noticias","og:type":"article","og:title":"El Gobierno alem\u00e1n impulsa una ley contra los para\u00edsos fiscales | El Digital de Asturias","og:description":"El Gobierno alem\u00e1n aprob\u00f3 hoy un proyecto de ley para dificultar los negocios con aquellos pa\u00edses que no cumplen con los est\u00e1ndares impositivos internacionalesBerl\u00edn, 31 mar (dpa) - El Gobierno alem\u00e1n aprob\u00f3 hoy un proyecto de ley para dificultar los negocios con aquellos pa\u00edses que no cumplen con los est\u00e1ndares impositivos internacionales, seg\u00fan inform\u00f3 el ministro de Finanzas y vicecanciller alem\u00e1n, Olaf Scholz, promotor de la iniciativa. El objetivo de Scholz es eliminar ventajas impositivas de modo de","og:url":"https:\/\/eldigitaldeasturias.com\/radio\/el-gobierno-aleman-impulsa-una-ley-contra-los-paraisos-fiscales\/","og:image":"https:\/\/eldigitaldeasturias.com\/radio\/wp-content\/uploads\/2018\/10\/technology-785742_960_720.jpg","og:image:secure_url":"https:\/\/eldigitaldeasturias.com\/radio\/wp-content\/uploads\/2018\/10\/technology-785742_960_720.jpg","og:image:width":960,"og:image:height":640,"article:published_time":"2021-04-02T16:39:30+00:00","article:modified_time":"2021-04-02T16:39:30+00:00","twitter:card":"summary_large_image","twitter:site":"@bercodi","twitter:title":"El Gobierno alem\u00e1n impulsa una ley contra los para\u00edsos fiscales | El Digital de Asturias","twitter:description":"El Gobierno alem\u00e1n aprob\u00f3 hoy un proyecto de ley para dificultar los negocios con aquellos pa\u00edses que no cumplen con los est\u00e1ndares impositivos internacionalesBerl\u00edn, 31 mar (dpa) - El Gobierno alem\u00e1n aprob\u00f3 hoy un proyecto de ley para dificultar los negocios con aquellos pa\u00edses que no cumplen con los est\u00e1ndares impositivos internacionales, seg\u00fan inform\u00f3 el ministro de Finanzas y vicecanciller alem\u00e1n, Olaf Scholz, promotor de la iniciativa. El objetivo de Scholz es eliminar ventajas impositivas de modo de","twitter:creator":"@bercodi","twitter:image":"https:\/\/eldigitaldeasturias.com\/radio\/wp-content\/uploads\/2018\/10\/technology-785742_960_720.jpg"},"aioseo_meta_data":{"post_id":"5783","title":null,"description":"&nbsp;El Gobierno alem\u00e1n aprob\u00f3 hoy un proyecto de ley para dificultar los negocios con aquellos pa\u00edses que no cumplen con los est\u00e1ndares impositivos internacionales#post_excerpt","keywords":[],"keyphrases":{"focus":[],"additional":[]},"primary_term":null,"canonical_url":null,"og_title":null,"og_description":null,"og_object_type":"default","og_image_type":"default","og_image_url":null,"og_image_width":null,"og_image_height":null,"og_image_custom_url":null,"og_image_custom_fields":null,"og_video":"","og_custom_url":null,"og_article_section":null,"og_article_tags":[],"twitter_use_og":false,"twitter_card":"default","twitter_image_type":"default","twitter_image_url":null,"twitter_image_custom_url":null,"twitter_image_custom_fields":null,"twitter_title":null,"twitter_description":null,"schema":{"blockGraphs":[],"customGraphs":[],"default":{"data":{"Article":[],"Course":[],"Dataset":[],"FAQPage":[],"Movie":[],"Person":[],"Product":[],"ProductReview":[],"Car":[],"Recipe":[],"Service":[],"SoftwareApplication":[],"WebPage":[]},"graphName":"","isEnabled":true},"graphs":[],"defaultGraph":"Article","defaultPostTypeGraph":""},"schema_type":"default","schema_type_options":"{\"article\":{\"articleType\":\"BlogPosting\"},\"course\":{\"name\":\"\",\"description\":\"\",\"provider\":\"\"},\"faq\":{\"pages\":[]},\"product\":{\"reviews\":[]},\"recipe\":{\"ingredients\":[],\"instructions\":[],\"keywords\":[]},\"software\":{\"reviews\":[],\"operatingSystems\":[]},\"webPage\":{\"webPageType\":\"WebPage\"}}","pillar_content":false,"robots_default":true,"robots_noindex":false,"robots_noarchive":false,"robots_nosnippet":false,"robots_nofollow":false,"robots_noimageindex":false,"robots_noodp":false,"robots_notranslate":false,"robots_max_snippet":"-1","robots_max_videopreview":"-1","robots_max_imagepreview":"large","priority":null,"frequency":"default","location":null,"local_seo":{"businessInfo":{"name":"","urls":{"website":"","aboutPage":"","contactPage":""},"address":{"line1":"","line2":"","zip":"","city":"","state":"","country":""},"contact":{"email":"","phone":"","fax":""},"ids":{"vatID":"","taxID":"","chamberID":""},"payment":{"priceIndication":"","currenciesAccepted":"","methodsAccepted":""},"areaServed":""},"openingHours":{"show":false,"closedLabel":"","open24h":false,"open24hLabel":"","open247":false,"use24hFormat":false,"twoSets":false,"timezone":"","hours":[]}},"seo_analyzer_scan_date":"2025-08-28 18:31:25","breadcrumb_settings":null,"limit_modified_date":false,"open_ai":null,"ai":null,"created":"2021-04-02 16:38:35","updated":"2025-08-28 18:31:25"},"aioseo_breadcrumb":"<div class=\"aioseo-breadcrumbs\"><span class=\"aioseo-breadcrumb\">\n\t<a href=\"https:\/\/eldigitaldeasturias.com\/radio\" title=\"Inicio\">Inicio<\/a>\n<\/span><span class=\"aioseo-breadcrumb-separator\">&ndash;<\/span><span class=\"aioseo-breadcrumb\">\n\t<a href=\"https:\/\/eldigitaldeasturias.com\/radio\/category\/noticias\/\" title=\"Noticias\">Noticias<\/a>\n<\/span><span class=\"aioseo-breadcrumb-separator\">&ndash;<\/span><span class=\"aioseo-breadcrumb\">\n\tEl Gobierno alem\u00e1n impulsa una ley contra los para\u00edsos fiscales\n<\/span><\/div>","aioseo_breadcrumb_json":[{"label":"Inicio","link":"https:\/\/eldigitaldeasturias.com\/radio"},{"label":"Noticias","link":"https:\/\/eldigitaldeasturias.com\/radio\/category\/noticias\/"},{"label":"El Gobierno alem\u00e1n impulsa una ley contra los para\u00edsos fiscales","link":"https:\/\/eldigitaldeasturias.com\/radio\/el-gobierno-aleman-impulsa-una-ley-contra-los-paraisos-fiscales\/"}],"_links":{"self":[{"href":"https:\/\/eldigitaldeasturias.com\/radio\/wp-json\/wp\/v2\/posts\/5783","targetHints":{"allow":["GET"]}}],"collection":[{"href":"https:\/\/eldigitaldeasturias.com\/radio\/wp-json\/wp\/v2\/posts"}],"about":[{"href":"https:\/\/eldigitaldeasturias.com\/radio\/wp-json\/wp\/v2\/types\/post"}],"author":[{"embeddable":true,"href":"https:\/\/eldigitaldeasturias.com\/radio\/wp-json\/wp\/v2\/users\/1"}],"replies":[{"embeddable":true,"href":"https:\/\/eldigitaldeasturias.com\/radio\/wp-json\/wp\/v2\/comments?post=5783"}],"version-history":[{"count":0,"href":"https:\/\/eldigitaldeasturias.com\/radio\/wp-json\/wp\/v2\/posts\/5783\/revisions"}],"wp:featuredmedia":[{"embeddable":true,"href":"https:\/\/eldigitaldeasturias.com\/radio\/wp-json\/wp\/v2\/media\/1352"}],"wp:attachment":[{"href":"https:\/\/eldigitaldeasturias.com\/radio\/wp-json\/wp\/v2\/media?parent=5783"}],"wp:term":[{"taxonomy":"category","embeddable":true,"href":"https:\/\/eldigitaldeasturias.com\/radio\/wp-json\/wp\/v2\/categories?post=5783"},{"taxonomy":"post_tag","embeddable":true,"href":"https:\/\/eldigitaldeasturias.com\/radio\/wp-json\/wp\/v2\/tags?post=5783"}],"curies":[{"name":"wp","href":"https:\/\/api.w.org\/{rel}","templated":true}]}}