{"id":5780,"date":"2021-04-02T16:38:13","date_gmt":"2021-04-02T16:38:13","guid":{"rendered":"http:\/\/eldigitaldeasturias.com\/radio\/?p=5780"},"modified":"2021-04-02T16:38:13","modified_gmt":"2021-04-02T16:38:13","slug":"los-museos-estatales-de-berlin-posponen-la-apertura-de-mas-museos","status":"publish","type":"post","link":"https:\/\/eldigitaldeasturias.com\/radio\/los-museos-estatales-de-berlin-posponen-la-apertura-de-mas-museos\/","title":{"rendered":"Los Museos Estatales de Berl\u00edn posponen la apertura de m\u00e1s museos"},"content":{"rendered":"<figure id=\"attachment_5781\" aria-describedby=\"caption-attachment-5781\" style=\"width: 360px\" class=\"wp-caption alignleft\"><img fetchpriority=\"high\" decoding=\"async\" class=\"size-medium wp-image-5781\" src=\"https:\/\/eldigitaldeasturias.com\/radio\/wp-content\/uploads\/2021\/04\/Museos-Estatales-de-Berlin-360x236.jpg\" alt=\"Museos Estatales de Berl\u00edn\" width=\"360\" height=\"236\" srcset=\"https:\/\/eldigitaldeasturias.com\/radio\/wp-content\/uploads\/2021\/04\/Museos-Estatales-de-Berlin-360x236.jpg 360w, https:\/\/eldigitaldeasturias.com\/radio\/wp-content\/uploads\/2021\/04\/Museos-Estatales-de-Berlin-768x504.jpg 768w, https:\/\/eldigitaldeasturias.com\/radio\/wp-content\/uploads\/2021\/04\/Museos-Estatales-de-Berlin.jpg 1009w\" sizes=\"(max-width: 360px) 100vw, 360px\" \/><figcaption id=\"caption-attachment-5781\" class=\"wp-caption-text\">La llamada Isla de los Museos de Berl\u00edn. Foto: Bernd von Jutrczenka\/dpa<\/figcaption><\/figure>\n<p>Berl\u00edn, 31 mar (dpa) &#8211; Los Museos Estatales de Berl\u00edn decidieron suspender la apertura de m\u00e1s museos despu\u00e9s de las primeras aperturas a mediados de mes, inform\u00f3 hoy el grupo de instituciones de la capital alemana.<\/p>\n<p>Seg\u00fan indicaron, antes de seguir abriendo museos quieren evaluar c\u00f3mo est\u00e1n funcionando las nuevas reglas contra la covid-19 en los que ya abrieron sus puertas, que incluyen un test obligatorio de coronavirus.<\/p>\n<p>En un primer paso hab\u00edan abierto el Neues Museum, que alberga el famoso busto de Nefertiti, la Antigua Galer\u00eda Nacional, la Galer\u00eda James Simon, el Museo de P\u00e9rgamo y el Panorama en la Isla de los Museos en Berl\u00edn, as\u00ed como el Museo de Culturas Europeas en el distrito berlin\u00e9s de Dahlem.<\/p>\n<p>La idea es que los siguieran otros museos este jueves, pero esta decisi\u00f3n fue ahora pospuesta.<\/p>\n<p>Los museos ya abiertos seguir\u00e1n as\u00ed hasta el 7 de abril. Hasta entonces se podr\u00edan tomar otras medidas, seg\u00fan dijo un portavoz a dpa en Berl\u00edn.<\/p>\n<p>El portavoz indic\u00f3 que el inter\u00e9s en los museos es grande. Se\u00f1al\u00f3 que en las primeras dos semanas desde la apertura de los primeros museos, se vendieron alrededor de 30.000 entradas.<\/p>\n<p>Los Museos Estatales de Berl\u00edn albergan 15 colecciones con 4,7 millones de objetos en 19 sedes distintas. Los museos fueron visitados en 2019, el \u00faltimo a\u00f1o antes de que comenzara la pandemia de coronavirus, por casi 4,2 millones de personas.<\/p>\n<p>De ellas, 3,1 millones visitaron los que se encuentran en la Isla de los Museos.<\/p>\n","protected":false},"excerpt":{"rendered":"<p>Berl\u00edn, 31 mar (dpa) &#8211; Los Museos Estatales de Berl\u00edn decidieron suspender la apertura de m\u00e1s museos despu\u00e9s de las primeras aperturas a mediados de mes, inform\u00f3 hoy el grupo de instituciones de la capital alemana. Seg\u00fan indicaron, antes de seguir abriendo museos quieren evaluar c\u00f3mo est\u00e1n funcionando las nuevas reglas contra la covid-19 en<\/p>\n","protected":false},"author":1,"featured_media":5781,"comment_status":"closed","ping_status":"closed","sticky":false,"template":"","format":"standard","meta":{"footnotes":""},"categories":[34],"tags":[],"class_list":{"0":"post-5780","1":"post","2":"type-post","3":"status-publish","4":"format-standard","5":"has-post-thumbnail","7":"category-turismo"},"aioseo_notices":[],"aioseo_head":"\n\t\t<!-- All in One SEO Pro 4.9.6.2 - aioseo.com -->\n\t<meta name=\"description\" content=\"Berl\u00edn, 31 mar (dpa) - Los Museos Estatales de Berl\u00edn decidieron suspender la apertura de m\u00e1s museos despu\u00e9s de las primeras aperturas a mediados de mes, inform\u00f3 hoy el grupo de instituciones de la capital alemana. Seg\u00fan indicaron, antes de seguir abriendo museos quieren evaluar c\u00f3mo est\u00e1n funcionando las nuevas reglas contra la covid-19 en\" \/>\n\t<meta name=\"robots\" content=\"max-image-preview:large\" \/>\n\t<meta name=\"author\" content=\"NBAsturias\"\/>\n\t<meta name=\"google-site-verification\" content=\"UA-38556648-1\" \/>\n\t<meta name=\"keywords\" content=\"turismo\" \/>\n\t<link rel=\"canonical\" href=\"https:\/\/eldigitaldeasturias.com\/radio\/los-museos-estatales-de-berlin-posponen-la-apertura-de-mas-museos\/\" \/>\n\t<meta name=\"generator\" content=\"All in One SEO Pro (AIOSEO) 4.9.6.2\" \/>\n\t\t<meta property=\"og:locale\" content=\"es_ES\" \/>\n\t\t<meta property=\"og:site_name\" content=\"El Digital de Asturias | Diario de informaci\u00f3n y noticias\" \/>\n\t\t<meta property=\"og:type\" content=\"article\" \/>\n\t\t<meta property=\"og:title\" content=\"Los Museos Estatales de Berl\u00edn posponen la apertura de m\u00e1s museos | El Digital de Asturias\" \/>\n\t\t<meta property=\"og:description\" content=\"Berl\u00edn, 31 mar (dpa) - Los Museos Estatales de Berl\u00edn decidieron suspender la apertura de m\u00e1s museos despu\u00e9s de las primeras aperturas a mediados de mes, inform\u00f3 hoy el grupo de instituciones de la capital alemana. Seg\u00fan indicaron, antes de seguir abriendo museos quieren evaluar c\u00f3mo est\u00e1n funcionando las nuevas reglas contra la covid-19 en\" \/>\n\t\t<meta property=\"og:url\" content=\"https:\/\/eldigitaldeasturias.com\/radio\/los-museos-estatales-de-berlin-posponen-la-apertura-de-mas-museos\/\" \/>\n\t\t<meta property=\"og:image\" content=\"https:\/\/eldigitaldeasturias.com\/radio\/wp-content\/uploads\/2021\/04\/Museos-Estatales-de-Berlin.jpg\" \/>\n\t\t<meta property=\"og:image:secure_url\" content=\"https:\/\/eldigitaldeasturias.com\/radio\/wp-content\/uploads\/2021\/04\/Museos-Estatales-de-Berlin.jpg\" \/>\n\t\t<meta property=\"og:image:width\" content=\"1009\" \/>\n\t\t<meta property=\"og:image:height\" content=\"662\" \/>\n\t\t<meta property=\"article:published_time\" content=\"2021-04-02T16:38:13+00:00\" \/>\n\t\t<meta property=\"article:modified_time\" content=\"2021-04-02T16:38:13+00:00\" \/>\n\t\t<meta name=\"twitter:card\" content=\"summary_large_image\" \/>\n\t\t<meta name=\"twitter:site\" content=\"@bercodi\" \/>\n\t\t<meta name=\"twitter:title\" content=\"Los Museos Estatales de Berl\u00edn posponen la apertura de m\u00e1s museos | El Digital de Asturias\" \/>\n\t\t<meta name=\"twitter:description\" content=\"Berl\u00edn, 31 mar (dpa) - Los Museos Estatales de Berl\u00edn decidieron suspender la apertura de m\u00e1s museos despu\u00e9s de las primeras aperturas a mediados de mes, inform\u00f3 hoy el grupo de instituciones de la capital alemana. Seg\u00fan indicaron, antes de seguir abriendo museos quieren evaluar c\u00f3mo est\u00e1n funcionando las nuevas reglas contra la covid-19 en\" \/>\n\t\t<meta name=\"twitter:creator\" content=\"@bercodi\" \/>\n\t\t<meta name=\"twitter:image\" content=\"https:\/\/eldigitaldeasturias.com\/radio\/wp-content\/uploads\/2021\/04\/Museos-Estatales-de-Berlin.jpg\" \/>\n\t\t<script type=\"application\/ld+json\" class=\"aioseo-schema\">\n\t\t\t{\"@context\":\"https:\\\/\\\/schema.org\",\"@graph\":[{\"@type\":\"BreadcrumbList\",\"@id\":\"https:\\\/\\\/eldigitaldeasturias.com\\\/radio\\\/los-museos-estatales-de-berlin-posponen-la-apertura-de-mas-museos\\\/#breadcrumblist\",\"itemListElement\":[{\"@type\":\"ListItem\",\"@id\":\"https:\\\/\\\/eldigitaldeasturias.com\\\/radio#listItem\",\"position\":1,\"name\":\"Inicio\",\"item\":\"https:\\\/\\\/eldigitaldeasturias.com\\\/radio\",\"nextItem\":{\"@type\":\"ListItem\",\"@id\":\"https:\\\/\\\/eldigitaldeasturias.com\\\/radio\\\/category\\\/turismo\\\/#listItem\",\"name\":\"Turismo\"}},{\"@type\":\"ListItem\",\"@id\":\"https:\\\/\\\/eldigitaldeasturias.com\\\/radio\\\/category\\\/turismo\\\/#listItem\",\"position\":2,\"name\":\"Turismo\",\"item\":\"https:\\\/\\\/eldigitaldeasturias.com\\\/radio\\\/category\\\/turismo\\\/\",\"nextItem\":{\"@type\":\"ListItem\",\"@id\":\"https:\\\/\\\/eldigitaldeasturias.com\\\/radio\\\/los-museos-estatales-de-berlin-posponen-la-apertura-de-mas-museos\\\/#listItem\",\"name\":\"Los Museos Estatales de Berl\\u00edn posponen la apertura de m\\u00e1s museos\"},\"previousItem\":{\"@type\":\"ListItem\",\"@id\":\"https:\\\/\\\/eldigitaldeasturias.com\\\/radio#listItem\",\"name\":\"Inicio\"}},{\"@type\":\"ListItem\",\"@id\":\"https:\\\/\\\/eldigitaldeasturias.com\\\/radio\\\/los-museos-estatales-de-berlin-posponen-la-apertura-de-mas-museos\\\/#listItem\",\"position\":3,\"name\":\"Los Museos Estatales de Berl\\u00edn posponen la apertura de m\\u00e1s museos\",\"previousItem\":{\"@type\":\"ListItem\",\"@id\":\"https:\\\/\\\/eldigitaldeasturias.com\\\/radio\\\/category\\\/turismo\\\/#listItem\",\"name\":\"Turismo\"}}]},{\"@type\":\"NewsArticle\",\"@id\":\"https:\\\/\\\/eldigitaldeasturias.com\\\/radio\\\/los-museos-estatales-de-berlin-posponen-la-apertura-de-mas-museos\\\/#newsarticle\",\"name\":\"Los Museos Estatales de Berl\\u00edn posponen la apertura de m\\u00e1s museos | El Digital de Asturias\",\"headline\":\"Los Museos Estatales de Berl\\u00edn posponen la apertura de m\\u00e1s museos\",\"author\":{\"@id\":\"https:\\\/\\\/eldigitaldeasturias.com\\\/radio\\\/author\\\/nbasturias\\\/#author\"},\"publisher\":{\"@id\":\"https:\\\/\\\/eldigitaldeasturias.com\\\/radio\\\/#organization\"},\"image\":{\"@type\":\"ImageObject\",\"url\":\"https:\\\/\\\/eldigitaldeasturias.com\\\/radio\\\/wp-content\\\/uploads\\\/2021\\\/04\\\/Museos-Estatales-de-Berlin.jpg\",\"width\":1009,\"height\":662,\"caption\":\"La llamada Isla de los Museos de Berl\\u00edn. Foto: Bernd von Jutrczenka\\\/dpa\"},\"datePublished\":\"2021-04-02T16:38:13+02:00\",\"dateModified\":\"2021-04-02T16:38:13+02:00\",\"inLanguage\":\"es-ES\",\"mainEntityOfPage\":{\"@id\":\"https:\\\/\\\/eldigitaldeasturias.com\\\/radio\\\/los-museos-estatales-de-berlin-posponen-la-apertura-de-mas-museos\\\/#webpage\"},\"isPartOf\":{\"@id\":\"https:\\\/\\\/eldigitaldeasturias.com\\\/radio\\\/los-museos-estatales-de-berlin-posponen-la-apertura-de-mas-museos\\\/#webpage\"},\"articleSection\":\"Turismo\",\"dateline\":\"Publicado el abril 2, 2021.\"},{\"@type\":\"Organization\",\"@id\":\"https:\\\/\\\/eldigitaldeasturias.com\\\/radio\\\/#organization\",\"name\":\"El digital de Asturias Radio\",\"description\":\"Diario de informaci\\u00f3n y noticias\",\"url\":\"https:\\\/\\\/eldigitaldeasturias.com\\\/radio\\\/\",\"telephone\":\"+34652131393\",\"logo\":{\"@type\":\"ImageObject\",\"url\":\"https:\\\/\\\/www.eldigitaldeasturias.com\\\/radio\\\/wp-content\\\/uploads\\\/2021\\\/03\\\/EDA.jpg\",\"@id\":\"https:\\\/\\\/eldigitaldeasturias.com\\\/radio\\\/los-museos-estatales-de-berlin-posponen-la-apertura-de-mas-museos\\\/#organizationLogo\"},\"image\":{\"@id\":\"https:\\\/\\\/eldigitaldeasturias.com\\\/radio\\\/los-museos-estatales-de-berlin-posponen-la-apertura-de-mas-museos\\\/#organizationLogo\"},\"sameAs\":[\"https:\\\/\\\/www.facebook.com\\\/\",\"https:\\\/\\\/x.com\\\/bercodi\",\"https:\\\/\\\/www.instagram.com\\\/\",\"https:\\\/\\\/www.youtube.com\\\/channel\\\/UCZP-2wLEB9Rv6erhFmqVnvg\"]},{\"@type\":\"Person\",\"@id\":\"https:\\\/\\\/eldigitaldeasturias.com\\\/radio\\\/author\\\/nbasturias\\\/#author\",\"url\":\"https:\\\/\\\/eldigitaldeasturias.com\\\/radio\\\/author\\\/nbasturias\\\/\",\"name\":\"NBAsturias\",\"image\":{\"@type\":\"ImageObject\",\"@id\":\"https:\\\/\\\/eldigitaldeasturias.com\\\/radio\\\/los-museos-estatales-de-berlin-posponen-la-apertura-de-mas-museos\\\/#authorImage\",\"url\":\"https:\\\/\\\/secure.gravatar.com\\\/avatar\\\/df2aeffc32bcd13f8d26072ef8a91b623d677766deac7f97ca815868cd41bf5e?s=96&d=mm&r=g\",\"width\":96,\"height\":96,\"caption\":\"NBAsturias\"}},{\"@type\":\"WebPage\",\"@id\":\"https:\\\/\\\/eldigitaldeasturias.com\\\/radio\\\/los-museos-estatales-de-berlin-posponen-la-apertura-de-mas-museos\\\/#webpage\",\"url\":\"https:\\\/\\\/eldigitaldeasturias.com\\\/radio\\\/los-museos-estatales-de-berlin-posponen-la-apertura-de-mas-museos\\\/\",\"name\":\"Los Museos Estatales de Berl\\u00edn posponen la apertura de m\\u00e1s museos | El Digital de Asturias\",\"description\":\"Berl\\u00edn, 31 mar (dpa) - Los Museos Estatales de Berl\\u00edn decidieron suspender la apertura de m\\u00e1s museos despu\\u00e9s de las primeras aperturas a mediados de mes, inform\\u00f3 hoy el grupo de instituciones de la capital alemana. Seg\\u00fan indicaron, antes de seguir abriendo museos quieren evaluar c\\u00f3mo est\\u00e1n funcionando las nuevas reglas contra la covid-19 en\",\"inLanguage\":\"es-ES\",\"isPartOf\":{\"@id\":\"https:\\\/\\\/eldigitaldeasturias.com\\\/radio\\\/#website\"},\"breadcrumb\":{\"@id\":\"https:\\\/\\\/eldigitaldeasturias.com\\\/radio\\\/los-museos-estatales-de-berlin-posponen-la-apertura-de-mas-museos\\\/#breadcrumblist\"},\"author\":{\"@id\":\"https:\\\/\\\/eldigitaldeasturias.com\\\/radio\\\/author\\\/nbasturias\\\/#author\"},\"creator\":{\"@id\":\"https:\\\/\\\/eldigitaldeasturias.com\\\/radio\\\/author\\\/nbasturias\\\/#author\"},\"image\":{\"@type\":\"ImageObject\",\"url\":\"https:\\\/\\\/eldigitaldeasturias.com\\\/radio\\\/wp-content\\\/uploads\\\/2021\\\/04\\\/Museos-Estatales-de-Berlin.jpg\",\"@id\":\"https:\\\/\\\/eldigitaldeasturias.com\\\/radio\\\/los-museos-estatales-de-berlin-posponen-la-apertura-de-mas-museos\\\/#mainImage\",\"width\":1009,\"height\":662,\"caption\":\"La llamada Isla de los Museos de Berl\\u00edn. Foto: Bernd von Jutrczenka\\\/dpa\"},\"primaryImageOfPage\":{\"@id\":\"https:\\\/\\\/eldigitaldeasturias.com\\\/radio\\\/los-museos-estatales-de-berlin-posponen-la-apertura-de-mas-museos\\\/#mainImage\"},\"datePublished\":\"2021-04-02T16:38:13+02:00\",\"dateModified\":\"2021-04-02T16:38:13+02:00\"},{\"@type\":\"WebSite\",\"@id\":\"https:\\\/\\\/eldigitaldeasturias.com\\\/radio\\\/#website\",\"url\":\"https:\\\/\\\/eldigitaldeasturias.com\\\/radio\\\/\",\"name\":\"El Digital de Asturias\",\"description\":\"Diario de informaci\\u00f3n y noticias\",\"inLanguage\":\"es-ES\",\"publisher\":{\"@id\":\"https:\\\/\\\/eldigitaldeasturias.com\\\/radio\\\/#organization\"}}]}\n\t\t<\/script>\n\t\t<!-- All in One SEO Pro -->\r\n\t\t<title>Los Museos Estatales de Berl\u00edn posponen la apertura de m\u00e1s museos | El Digital de Asturias<\/title>\n\n","aioseo_head_json":{"title":"Los Museos Estatales de Berl\u00edn posponen la apertura de m\u00e1s museos | El Digital de Asturias","description":"Berl\u00edn, 31 mar (dpa) - Los Museos Estatales de Berl\u00edn decidieron suspender la apertura de m\u00e1s museos despu\u00e9s de las primeras aperturas a mediados de mes, inform\u00f3 hoy el grupo de instituciones de la capital alemana. Seg\u00fan indicaron, antes de seguir abriendo museos quieren evaluar c\u00f3mo est\u00e1n funcionando las nuevas reglas contra la covid-19 en","canonical_url":"https:\/\/eldigitaldeasturias.com\/radio\/los-museos-estatales-de-berlin-posponen-la-apertura-de-mas-museos\/","robots":"max-image-preview:large","keywords":"turismo","webmasterTools":{"google-site-verification":"UA-38556648-1","miscellaneous":""},"schema":{"@context":"https:\/\/schema.org","@graph":[{"@type":"BreadcrumbList","@id":"https:\/\/eldigitaldeasturias.com\/radio\/los-museos-estatales-de-berlin-posponen-la-apertura-de-mas-museos\/#breadcrumblist","itemListElement":[{"@type":"ListItem","@id":"https:\/\/eldigitaldeasturias.com\/radio#listItem","position":1,"name":"Inicio","item":"https:\/\/eldigitaldeasturias.com\/radio","nextItem":{"@type":"ListItem","@id":"https:\/\/eldigitaldeasturias.com\/radio\/category\/turismo\/#listItem","name":"Turismo"}},{"@type":"ListItem","@id":"https:\/\/eldigitaldeasturias.com\/radio\/category\/turismo\/#listItem","position":2,"name":"Turismo","item":"https:\/\/eldigitaldeasturias.com\/radio\/category\/turismo\/","nextItem":{"@type":"ListItem","@id":"https:\/\/eldigitaldeasturias.com\/radio\/los-museos-estatales-de-berlin-posponen-la-apertura-de-mas-museos\/#listItem","name":"Los Museos Estatales de Berl\u00edn posponen la apertura de m\u00e1s museos"},"previousItem":{"@type":"ListItem","@id":"https:\/\/eldigitaldeasturias.com\/radio#listItem","name":"Inicio"}},{"@type":"ListItem","@id":"https:\/\/eldigitaldeasturias.com\/radio\/los-museos-estatales-de-berlin-posponen-la-apertura-de-mas-museos\/#listItem","position":3,"name":"Los Museos Estatales de Berl\u00edn posponen la apertura de m\u00e1s museos","previousItem":{"@type":"ListItem","@id":"https:\/\/eldigitaldeasturias.com\/radio\/category\/turismo\/#listItem","name":"Turismo"}}]},{"@type":"NewsArticle","@id":"https:\/\/eldigitaldeasturias.com\/radio\/los-museos-estatales-de-berlin-posponen-la-apertura-de-mas-museos\/#newsarticle","name":"Los Museos Estatales de Berl\u00edn posponen la apertura de m\u00e1s museos | El Digital de Asturias","headline":"Los Museos Estatales de Berl\u00edn posponen la apertura de m\u00e1s museos","author":{"@id":"https:\/\/eldigitaldeasturias.com\/radio\/author\/nbasturias\/#author"},"publisher":{"@id":"https:\/\/eldigitaldeasturias.com\/radio\/#organization"},"image":{"@type":"ImageObject","url":"https:\/\/eldigitaldeasturias.com\/radio\/wp-content\/uploads\/2021\/04\/Museos-Estatales-de-Berlin.jpg","width":1009,"height":662,"caption":"La llamada Isla de los Museos de Berl\u00edn. Foto: Bernd von Jutrczenka\/dpa"},"datePublished":"2021-04-02T16:38:13+02:00","dateModified":"2021-04-02T16:38:13+02:00","inLanguage":"es-ES","mainEntityOfPage":{"@id":"https:\/\/eldigitaldeasturias.com\/radio\/los-museos-estatales-de-berlin-posponen-la-apertura-de-mas-museos\/#webpage"},"isPartOf":{"@id":"https:\/\/eldigitaldeasturias.com\/radio\/los-museos-estatales-de-berlin-posponen-la-apertura-de-mas-museos\/#webpage"},"articleSection":"Turismo","dateline":"Publicado el abril 2, 2021."},{"@type":"Organization","@id":"https:\/\/eldigitaldeasturias.com\/radio\/#organization","name":"El digital de Asturias Radio","description":"Diario de informaci\u00f3n y noticias","url":"https:\/\/eldigitaldeasturias.com\/radio\/","telephone":"+34652131393","logo":{"@type":"ImageObject","url":"https:\/\/www.eldigitaldeasturias.com\/radio\/wp-content\/uploads\/2021\/03\/EDA.jpg","@id":"https:\/\/eldigitaldeasturias.com\/radio\/los-museos-estatales-de-berlin-posponen-la-apertura-de-mas-museos\/#organizationLogo"},"image":{"@id":"https:\/\/eldigitaldeasturias.com\/radio\/los-museos-estatales-de-berlin-posponen-la-apertura-de-mas-museos\/#organizationLogo"},"sameAs":["https:\/\/www.facebook.com\/","https:\/\/x.com\/bercodi","https:\/\/www.instagram.com\/","https:\/\/www.youtube.com\/channel\/UCZP-2wLEB9Rv6erhFmqVnvg"]},{"@type":"Person","@id":"https:\/\/eldigitaldeasturias.com\/radio\/author\/nbasturias\/#author","url":"https:\/\/eldigitaldeasturias.com\/radio\/author\/nbasturias\/","name":"NBAsturias","image":{"@type":"ImageObject","@id":"https:\/\/eldigitaldeasturias.com\/radio\/los-museos-estatales-de-berlin-posponen-la-apertura-de-mas-museos\/#authorImage","url":"https:\/\/secure.gravatar.com\/avatar\/df2aeffc32bcd13f8d26072ef8a91b623d677766deac7f97ca815868cd41bf5e?s=96&d=mm&r=g","width":96,"height":96,"caption":"NBAsturias"}},{"@type":"WebPage","@id":"https:\/\/eldigitaldeasturias.com\/radio\/los-museos-estatales-de-berlin-posponen-la-apertura-de-mas-museos\/#webpage","url":"https:\/\/eldigitaldeasturias.com\/radio\/los-museos-estatales-de-berlin-posponen-la-apertura-de-mas-museos\/","name":"Los Museos Estatales de Berl\u00edn posponen la apertura de m\u00e1s museos | El Digital de Asturias","description":"Berl\u00edn, 31 mar (dpa) - Los Museos Estatales de Berl\u00edn decidieron suspender la apertura de m\u00e1s museos despu\u00e9s de las primeras aperturas a mediados de mes, inform\u00f3 hoy el grupo de instituciones de la capital alemana. Seg\u00fan indicaron, antes de seguir abriendo museos quieren evaluar c\u00f3mo est\u00e1n funcionando las nuevas reglas contra la covid-19 en","inLanguage":"es-ES","isPartOf":{"@id":"https:\/\/eldigitaldeasturias.com\/radio\/#website"},"breadcrumb":{"@id":"https:\/\/eldigitaldeasturias.com\/radio\/los-museos-estatales-de-berlin-posponen-la-apertura-de-mas-museos\/#breadcrumblist"},"author":{"@id":"https:\/\/eldigitaldeasturias.com\/radio\/author\/nbasturias\/#author"},"creator":{"@id":"https:\/\/eldigitaldeasturias.com\/radio\/author\/nbasturias\/#author"},"image":{"@type":"ImageObject","url":"https:\/\/eldigitaldeasturias.com\/radio\/wp-content\/uploads\/2021\/04\/Museos-Estatales-de-Berlin.jpg","@id":"https:\/\/eldigitaldeasturias.com\/radio\/los-museos-estatales-de-berlin-posponen-la-apertura-de-mas-museos\/#mainImage","width":1009,"height":662,"caption":"La llamada Isla de los Museos de Berl\u00edn. Foto: Bernd von Jutrczenka\/dpa"},"primaryImageOfPage":{"@id":"https:\/\/eldigitaldeasturias.com\/radio\/los-museos-estatales-de-berlin-posponen-la-apertura-de-mas-museos\/#mainImage"},"datePublished":"2021-04-02T16:38:13+02:00","dateModified":"2021-04-02T16:38:13+02:00"},{"@type":"WebSite","@id":"https:\/\/eldigitaldeasturias.com\/radio\/#website","url":"https:\/\/eldigitaldeasturias.com\/radio\/","name":"El Digital de Asturias","description":"Diario de informaci\u00f3n y noticias","inLanguage":"es-ES","publisher":{"@id":"https:\/\/eldigitaldeasturias.com\/radio\/#organization"}}]},"og:locale":"es_ES","og:site_name":"El Digital de Asturias | Diario de informaci\u00f3n y noticias","og:type":"article","og:title":"Los Museos Estatales de Berl\u00edn posponen la apertura de m\u00e1s museos | El Digital de Asturias","og:description":"Berl\u00edn, 31 mar (dpa) - Los Museos Estatales de Berl\u00edn decidieron suspender la apertura de m\u00e1s museos despu\u00e9s de las primeras aperturas a mediados de mes, inform\u00f3 hoy el grupo de instituciones de la capital alemana. Seg\u00fan indicaron, antes de seguir abriendo museos quieren evaluar c\u00f3mo est\u00e1n funcionando las nuevas reglas contra la covid-19 en","og:url":"https:\/\/eldigitaldeasturias.com\/radio\/los-museos-estatales-de-berlin-posponen-la-apertura-de-mas-museos\/","og:image":"https:\/\/eldigitaldeasturias.com\/radio\/wp-content\/uploads\/2021\/04\/Museos-Estatales-de-Berlin.jpg","og:image:secure_url":"https:\/\/eldigitaldeasturias.com\/radio\/wp-content\/uploads\/2021\/04\/Museos-Estatales-de-Berlin.jpg","og:image:width":1009,"og:image:height":662,"article:published_time":"2021-04-02T16:38:13+00:00","article:modified_time":"2021-04-02T16:38:13+00:00","twitter:card":"summary_large_image","twitter:site":"@bercodi","twitter:title":"Los Museos Estatales de Berl\u00edn posponen la apertura de m\u00e1s museos | El Digital de Asturias","twitter:description":"Berl\u00edn, 31 mar (dpa) - Los Museos Estatales de Berl\u00edn decidieron suspender la apertura de m\u00e1s museos despu\u00e9s de las primeras aperturas a mediados de mes, inform\u00f3 hoy el grupo de instituciones de la capital alemana. Seg\u00fan indicaron, antes de seguir abriendo museos quieren evaluar c\u00f3mo est\u00e1n funcionando las nuevas reglas contra la covid-19 en","twitter:creator":"@bercodi","twitter:image":"https:\/\/eldigitaldeasturias.com\/radio\/wp-content\/uploads\/2021\/04\/Museos-Estatales-de-Berlin.jpg"},"aioseo_meta_data":{"post_id":"5780","title":null,"description":null,"keywords":[],"keyphrases":{"focus":[],"additional":[]},"primary_term":null,"canonical_url":null,"og_title":null,"og_description":null,"og_object_type":"default","og_image_type":"default","og_image_url":null,"og_image_width":null,"og_image_height":null,"og_image_custom_url":null,"og_image_custom_fields":null,"og_video":"","og_custom_url":null,"og_article_section":null,"og_article_tags":[],"twitter_use_og":false,"twitter_card":"default","twitter_image_type":"default","twitter_image_url":null,"twitter_image_custom_url":null,"twitter_image_custom_fields":null,"twitter_title":null,"twitter_description":null,"schema":{"blockGraphs":[],"customGraphs":[],"default":{"data":{"Article":[],"Course":[],"Dataset":[],"FAQPage":[],"Movie":[],"Person":[],"Product":[],"ProductReview":[],"Car":[],"Recipe":[],"Service":[],"SoftwareApplication":[],"WebPage":[]},"graphName":"","isEnabled":true},"graphs":[],"defaultGraph":"Article","defaultPostTypeGraph":""},"schema_type":"default","schema_type_options":"{\"article\":{\"articleType\":\"BlogPosting\"},\"course\":{\"name\":\"\",\"description\":\"\",\"provider\":\"\"},\"faq\":{\"pages\":[]},\"product\":{\"reviews\":[]},\"recipe\":{\"ingredients\":[],\"instructions\":[],\"keywords\":[]},\"software\":{\"reviews\":[],\"operatingSystems\":[]},\"webPage\":{\"webPageType\":\"WebPage\"}}","pillar_content":false,"robots_default":true,"robots_noindex":false,"robots_noarchive":false,"robots_nosnippet":false,"robots_nofollow":false,"robots_noimageindex":false,"robots_noodp":false,"robots_notranslate":false,"robots_max_snippet":"-1","robots_max_videopreview":"-1","robots_max_imagepreview":"large","priority":null,"frequency":"default","location":null,"local_seo":{"businessInfo":{"name":"","urls":{"website":"","aboutPage":"","contactPage":""},"address":{"line1":"","line2":"","zip":"","city":"","state":"","country":""},"contact":{"email":"","phone":"","fax":""},"ids":{"vatID":"","taxID":"","chamberID":""},"payment":{"priceIndication":"","currenciesAccepted":"","methodsAccepted":""},"areaServed":""},"openingHours":{"show":false,"closedLabel":"","open24h":false,"open24hLabel":"","open247":false,"use24hFormat":false,"twoSets":false,"timezone":"","hours":[]}},"seo_analyzer_scan_date":"2025-08-28 18:31:25","breadcrumb_settings":null,"limit_modified_date":false,"open_ai":null,"ai":null,"created":"2021-04-02 16:36:23","updated":"2025-08-28 18:31:25"},"aioseo_breadcrumb":"<div class=\"aioseo-breadcrumbs\"><span class=\"aioseo-breadcrumb\">\n\t<a href=\"https:\/\/eldigitaldeasturias.com\/radio\" title=\"Inicio\">Inicio<\/a>\n<\/span><span class=\"aioseo-breadcrumb-separator\">&ndash;<\/span><span class=\"aioseo-breadcrumb\">\n\t<a href=\"https:\/\/eldigitaldeasturias.com\/radio\/category\/turismo\/\" title=\"Turismo\">Turismo<\/a>\n<\/span><span class=\"aioseo-breadcrumb-separator\">&ndash;<\/span><span class=\"aioseo-breadcrumb\">\n\tLos Museos Estatales de Berl\u00edn posponen la apertura de m\u00e1s museos\n<\/span><\/div>","aioseo_breadcrumb_json":[{"label":"Inicio","link":"https:\/\/eldigitaldeasturias.com\/radio"},{"label":"Turismo","link":"https:\/\/eldigitaldeasturias.com\/radio\/category\/turismo\/"},{"label":"Los Museos Estatales de Berl\u00edn posponen la apertura de m\u00e1s museos","link":"https:\/\/eldigitaldeasturias.com\/radio\/los-museos-estatales-de-berlin-posponen-la-apertura-de-mas-museos\/"}],"_links":{"self":[{"href":"https:\/\/eldigitaldeasturias.com\/radio\/wp-json\/wp\/v2\/posts\/5780","targetHints":{"allow":["GET"]}}],"collection":[{"href":"https:\/\/eldigitaldeasturias.com\/radio\/wp-json\/wp\/v2\/posts"}],"about":[{"href":"https:\/\/eldigitaldeasturias.com\/radio\/wp-json\/wp\/v2\/types\/post"}],"author":[{"embeddable":true,"href":"https:\/\/eldigitaldeasturias.com\/radio\/wp-json\/wp\/v2\/users\/1"}],"replies":[{"embeddable":true,"href":"https:\/\/eldigitaldeasturias.com\/radio\/wp-json\/wp\/v2\/comments?post=5780"}],"version-history":[{"count":0,"href":"https:\/\/eldigitaldeasturias.com\/radio\/wp-json\/wp\/v2\/posts\/5780\/revisions"}],"wp:featuredmedia":[{"embeddable":true,"href":"https:\/\/eldigitaldeasturias.com\/radio\/wp-json\/wp\/v2\/media\/5781"}],"wp:attachment":[{"href":"https:\/\/eldigitaldeasturias.com\/radio\/wp-json\/wp\/v2\/media?parent=5780"}],"wp:term":[{"taxonomy":"category","embeddable":true,"href":"https:\/\/eldigitaldeasturias.com\/radio\/wp-json\/wp\/v2\/categories?post=5780"},{"taxonomy":"post_tag","embeddable":true,"href":"https:\/\/eldigitaldeasturias.com\/radio\/wp-json\/wp\/v2\/tags?post=5780"}],"curies":[{"name":"wp","href":"https:\/\/api.w.org\/{rel}","templated":true}]}}