{"id":5775,"date":"2021-04-02T16:34:42","date_gmt":"2021-04-02T16:34:42","guid":{"rendered":"http:\/\/eldigitaldeasturias.com\/radio\/?p=5775"},"modified":"2021-04-02T16:34:42","modified_gmt":"2021-04-02T16:34:42","slug":"kroos-critica-con-contundencia-a-catar","status":"publish","type":"post","link":"https:\/\/eldigitaldeasturias.com\/radio\/kroos-critica-con-contundencia-a-catar\/","title":{"rendered":"Kroos critica con contundencia a Catar"},"content":{"rendered":"<figure id=\"attachment_5776\" aria-describedby=\"caption-attachment-5776\" style=\"width: 360px\" class=\"wp-caption alignleft\"><img fetchpriority=\"high\" decoding=\"async\" class=\"size-medium wp-image-5776\" src=\"https:\/\/eldigitaldeasturias.com\/radio\/wp-content\/uploads\/2021\/04\/Kroos-360x244.jpg\" alt=\"Kroos\" width=\"360\" height=\"244\" srcset=\"https:\/\/eldigitaldeasturias.com\/radio\/wp-content\/uploads\/2021\/04\/Kroos-360x244.jpg 360w, https:\/\/eldigitaldeasturias.com\/radio\/wp-content\/uploads\/2021\/04\/Kroos-768x520.jpg 768w, https:\/\/eldigitaldeasturias.com\/radio\/wp-content\/uploads\/2021\/04\/Kroos.jpg 982w\" sizes=\"(max-width: 360px) 100vw, 360px\" \/><figcaption id=\"caption-attachment-5776\" class=\"wp-caption-text\">Foto: Uwe Anspach\/dpa<\/figcaption><\/figure>\n<p>Madrid, 31 mar (dpa) &#8211; El futbolista internacional alem\u00e1n Toni Kroos critic\u00f3 con una claridad sin precedentes la concesi\u00f3n del Mundial de f\u00fatbol a Catar y llam\u00f3 a protestar durante el torneo de 2022.<\/p>\n<p>En la \u00faltima edici\u00f3n de un podcast que lleva con su hermano Felix, el centrocampista del Real Madrid opin\u00f3 que boicotear el certamen en el emirato del Golfo no resolver\u00eda problemas como las malas condiciones de trabajo y la homofobia.<\/p>\n<p>\u00abCreo que es m\u00e1s importante volver a llamar la atenci\u00f3n de forma extrema sobre los problemas, tal vez en la fase previa o incluso durante un torneo de este tipo para que quiz\u00e1s se pueda mejorar algo\u00bb, dijo Kroos en el podcast \u00abEinfach mal Luppen\u00bb.<\/p>\n<p>Toni Kroos calific\u00f3 de error fundamental la concesi\u00f3n de la Copa del Mundo a Catar en 2010. \u00abCreo que es un error que este torneo se haya concedido a ese pa\u00eds\u00bb, dijo el jugador de 31 a\u00f1os.<\/p>\n<p>En un mon\u00f3logo de varios minutos, Kroos enumer\u00f3 lo que consideraba terribles condiciones de trabajo no solo en la construcci\u00f3n de los estadios y habl\u00f3 de c\u00f3mo \u00abmuchos trabajadores de Catar, pero tambi\u00e9n trabajadores de otros pa\u00edses, simplemente tienen que trabajar sin parar en medio de un calor de hasta 50 grados\u00bb.<\/p>\n<p>\u00abSufren la falta de alimentos, la falta de agua potable, que es una locura, sobre todo con estas temperaturas\u00bb, a\u00f1adi\u00f3 Kroos, y critic\u00f3 una \u00abcierta violencia\u00bb que se ejerce sobre los trabajadores.<\/p>\n<p>Los futbolistas de la selecci\u00f3n alemana, al igual que sus hom\u00f3logos de Noruega, Dinamarca, Pa\u00edses Bajos y B\u00e9lgica protagonizaron protestas el martes por la noche en sus partidos de clasificaci\u00f3n para la Copa del Mundo para exigir el respeto de los derechos humanos, criticando las condiciones de Catar.<\/p>\n<p>Kroos no est\u00e1 actualmente en la plantilla de la selecci\u00f3n alemana por lesi\u00f3n.<\/p>\n<p>Seg\u00fan una investigaci\u00f3n del diario brit\u00e1nico \u00abThe Guardian\u00bb, m\u00e1s de 6.500 trabajadores de cinco pa\u00edses asi\u00e1ticos han muerto en el rico emirato durante la \u00faltima d\u00e9cada. El gobierno de Catar afirm\u00f3 que hab\u00eda mejorado significativamente la situaci\u00f3n de los trabajadores en los \u00faltimos a\u00f1os a trav\u00e9s de reformas.<\/p>\n<p>&nbsp;<\/p>\n","protected":false},"excerpt":{"rendered":"<p>Madrid, 31 mar (dpa) &#8211; El futbolista internacional alem\u00e1n Toni Kroos critic\u00f3 con una claridad sin precedentes la concesi\u00f3n del Mundial de f\u00fatbol a Catar y llam\u00f3 a protestar durante el torneo de 2022. En la \u00faltima edici\u00f3n de un podcast que lleva con su hermano Felix, el centrocampista del Real Madrid opin\u00f3 que boicotear<\/p>\n","protected":false},"author":1,"featured_media":5776,"comment_status":"closed","ping_status":"closed","sticky":false,"template":"","format":"standard","meta":{"footnotes":""},"categories":[1],"tags":[],"class_list":{"0":"post-5775","1":"post","2":"type-post","3":"status-publish","4":"format-standard","5":"has-post-thumbnail","7":"category-noticias"},"aioseo_notices":[],"aioseo_head":"\n\t\t<!-- All in One SEO Pro 4.9.6.2 - aioseo.com -->\n\t<meta name=\"description\" content=\"Toni Kroos critic\u00f3 con una claridad sin precedentes la concesi\u00f3n del Mundial de f\u00fatbol a Catar y llam\u00f3 a protestar durante el torneo de 2022 ..\" \/>\n\t<meta name=\"robots\" content=\"max-image-preview:large\" \/>\n\t<meta name=\"author\" content=\"NBAsturias\"\/>\n\t<meta name=\"google-site-verification\" content=\"UA-38556648-1\" \/>\n\t<meta name=\"keywords\" content=\"noticias\" \/>\n\t<link rel=\"canonical\" href=\"https:\/\/eldigitaldeasturias.com\/radio\/kroos-critica-con-contundencia-a-catar\/\" \/>\n\t<meta name=\"generator\" content=\"All in One SEO Pro (AIOSEO) 4.9.6.2\" \/>\n\t\t<meta property=\"og:locale\" content=\"es_ES\" \/>\n\t\t<meta property=\"og:site_name\" content=\"El Digital de Asturias | Diario de informaci\u00f3n y noticias\" \/>\n\t\t<meta property=\"og:type\" content=\"article\" \/>\n\t\t<meta property=\"og:title\" content=\"Kroos critica con contundencia a Catar | El Digital de Asturias\" \/>\n\t\t<meta property=\"og:description\" content=\"Toni Kroos critic\u00f3 con una claridad sin precedentes la concesi\u00f3n del Mundial de f\u00fatbol a Catar y llam\u00f3 a protestar durante el torneo de 2022 ..\" \/>\n\t\t<meta property=\"og:url\" content=\"https:\/\/eldigitaldeasturias.com\/radio\/kroos-critica-con-contundencia-a-catar\/\" \/>\n\t\t<meta property=\"og:image\" content=\"https:\/\/eldigitaldeasturias.com\/radio\/wp-content\/uploads\/2021\/04\/Kroos.jpg\" \/>\n\t\t<meta property=\"og:image:secure_url\" content=\"https:\/\/eldigitaldeasturias.com\/radio\/wp-content\/uploads\/2021\/04\/Kroos.jpg\" \/>\n\t\t<meta property=\"og:image:width\" content=\"982\" \/>\n\t\t<meta property=\"og:image:height\" content=\"665\" \/>\n\t\t<meta property=\"article:published_time\" content=\"2021-04-02T16:34:42+00:00\" \/>\n\t\t<meta property=\"article:modified_time\" content=\"2021-04-02T16:34:42+00:00\" \/>\n\t\t<meta name=\"twitter:card\" content=\"summary_large_image\" \/>\n\t\t<meta name=\"twitter:site\" content=\"@bercodi\" \/>\n\t\t<meta name=\"twitter:title\" content=\"Kroos critica con contundencia a Catar | El Digital de Asturias\" \/>\n\t\t<meta name=\"twitter:description\" content=\"Toni Kroos critic\u00f3 con una claridad sin precedentes la concesi\u00f3n del Mundial de f\u00fatbol a Catar y llam\u00f3 a protestar durante el torneo de 2022 ..\" \/>\n\t\t<meta name=\"twitter:creator\" content=\"@bercodi\" \/>\n\t\t<meta name=\"twitter:image\" content=\"https:\/\/eldigitaldeasturias.com\/radio\/wp-content\/uploads\/2021\/04\/Kroos.jpg\" \/>\n\t\t<script type=\"application\/ld+json\" class=\"aioseo-schema\">\n\t\t\t{\"@context\":\"https:\\\/\\\/schema.org\",\"@graph\":[{\"@type\":\"BreadcrumbList\",\"@id\":\"https:\\\/\\\/eldigitaldeasturias.com\\\/radio\\\/kroos-critica-con-contundencia-a-catar\\\/#breadcrumblist\",\"itemListElement\":[{\"@type\":\"ListItem\",\"@id\":\"https:\\\/\\\/eldigitaldeasturias.com\\\/radio#listItem\",\"position\":1,\"name\":\"Inicio\",\"item\":\"https:\\\/\\\/eldigitaldeasturias.com\\\/radio\",\"nextItem\":{\"@type\":\"ListItem\",\"@id\":\"https:\\\/\\\/eldigitaldeasturias.com\\\/radio\\\/category\\\/noticias\\\/#listItem\",\"name\":\"Noticias\"}},{\"@type\":\"ListItem\",\"@id\":\"https:\\\/\\\/eldigitaldeasturias.com\\\/radio\\\/category\\\/noticias\\\/#listItem\",\"position\":2,\"name\":\"Noticias\",\"item\":\"https:\\\/\\\/eldigitaldeasturias.com\\\/radio\\\/category\\\/noticias\\\/\",\"nextItem\":{\"@type\":\"ListItem\",\"@id\":\"https:\\\/\\\/eldigitaldeasturias.com\\\/radio\\\/kroos-critica-con-contundencia-a-catar\\\/#listItem\",\"name\":\"Kroos critica con contundencia a Catar\"},\"previousItem\":{\"@type\":\"ListItem\",\"@id\":\"https:\\\/\\\/eldigitaldeasturias.com\\\/radio#listItem\",\"name\":\"Inicio\"}},{\"@type\":\"ListItem\",\"@id\":\"https:\\\/\\\/eldigitaldeasturias.com\\\/radio\\\/kroos-critica-con-contundencia-a-catar\\\/#listItem\",\"position\":3,\"name\":\"Kroos critica con contundencia a Catar\",\"previousItem\":{\"@type\":\"ListItem\",\"@id\":\"https:\\\/\\\/eldigitaldeasturias.com\\\/radio\\\/category\\\/noticias\\\/#listItem\",\"name\":\"Noticias\"}}]},{\"@type\":\"NewsArticle\",\"@id\":\"https:\\\/\\\/eldigitaldeasturias.com\\\/radio\\\/kroos-critica-con-contundencia-a-catar\\\/#newsarticle\",\"name\":\"Kroos critica con contundencia a Catar | El Digital de Asturias\",\"headline\":\"Kroos critica con contundencia a Catar\",\"author\":{\"@id\":\"https:\\\/\\\/eldigitaldeasturias.com\\\/radio\\\/author\\\/nbasturias\\\/#author\"},\"publisher\":{\"@id\":\"https:\\\/\\\/eldigitaldeasturias.com\\\/radio\\\/#organization\"},\"image\":{\"@type\":\"ImageObject\",\"url\":\"https:\\\/\\\/eldigitaldeasturias.com\\\/radio\\\/wp-content\\\/uploads\\\/2021\\\/04\\\/Kroos.jpg\",\"width\":982,\"height\":665,\"caption\":\"Foto: Uwe Anspach\\\/dpa\"},\"datePublished\":\"2021-04-02T16:34:42+02:00\",\"dateModified\":\"2021-04-02T16:34:42+02:00\",\"inLanguage\":\"es-ES\",\"mainEntityOfPage\":{\"@id\":\"https:\\\/\\\/eldigitaldeasturias.com\\\/radio\\\/kroos-critica-con-contundencia-a-catar\\\/#webpage\"},\"isPartOf\":{\"@id\":\"https:\\\/\\\/eldigitaldeasturias.com\\\/radio\\\/kroos-critica-con-contundencia-a-catar\\\/#webpage\"},\"articleSection\":\"Noticias\",\"dateline\":\"Publicado el abril 2, 2021.\"},{\"@type\":\"Organization\",\"@id\":\"https:\\\/\\\/eldigitaldeasturias.com\\\/radio\\\/#organization\",\"name\":\"El digital de Asturias Radio\",\"description\":\"Diario de informaci\\u00f3n y noticias\",\"url\":\"https:\\\/\\\/eldigitaldeasturias.com\\\/radio\\\/\",\"telephone\":\"+34652131393\",\"logo\":{\"@type\":\"ImageObject\",\"url\":\"https:\\\/\\\/www.eldigitaldeasturias.com\\\/radio\\\/wp-content\\\/uploads\\\/2021\\\/03\\\/EDA.jpg\",\"@id\":\"https:\\\/\\\/eldigitaldeasturias.com\\\/radio\\\/kroos-critica-con-contundencia-a-catar\\\/#organizationLogo\"},\"image\":{\"@id\":\"https:\\\/\\\/eldigitaldeasturias.com\\\/radio\\\/kroos-critica-con-contundencia-a-catar\\\/#organizationLogo\"},\"sameAs\":[\"https:\\\/\\\/www.facebook.com\\\/\",\"https:\\\/\\\/x.com\\\/bercodi\",\"https:\\\/\\\/www.instagram.com\\\/\",\"https:\\\/\\\/www.youtube.com\\\/channel\\\/UCZP-2wLEB9Rv6erhFmqVnvg\"]},{\"@type\":\"Person\",\"@id\":\"https:\\\/\\\/eldigitaldeasturias.com\\\/radio\\\/author\\\/nbasturias\\\/#author\",\"url\":\"https:\\\/\\\/eldigitaldeasturias.com\\\/radio\\\/author\\\/nbasturias\\\/\",\"name\":\"NBAsturias\",\"image\":{\"@type\":\"ImageObject\",\"@id\":\"https:\\\/\\\/eldigitaldeasturias.com\\\/radio\\\/kroos-critica-con-contundencia-a-catar\\\/#authorImage\",\"url\":\"https:\\\/\\\/secure.gravatar.com\\\/avatar\\\/df2aeffc32bcd13f8d26072ef8a91b623d677766deac7f97ca815868cd41bf5e?s=96&d=mm&r=g\",\"width\":96,\"height\":96,\"caption\":\"NBAsturias\"}},{\"@type\":\"WebPage\",\"@id\":\"https:\\\/\\\/eldigitaldeasturias.com\\\/radio\\\/kroos-critica-con-contundencia-a-catar\\\/#webpage\",\"url\":\"https:\\\/\\\/eldigitaldeasturias.com\\\/radio\\\/kroos-critica-con-contundencia-a-catar\\\/\",\"name\":\"Kroos critica con contundencia a Catar | El Digital de Asturias\",\"description\":\"Toni Kroos critic\\u00f3 con una claridad sin precedentes la concesi\\u00f3n del Mundial de f\\u00fatbol a Catar y llam\\u00f3 a protestar durante el torneo de 2022 ..\",\"inLanguage\":\"es-ES\",\"isPartOf\":{\"@id\":\"https:\\\/\\\/eldigitaldeasturias.com\\\/radio\\\/#website\"},\"breadcrumb\":{\"@id\":\"https:\\\/\\\/eldigitaldeasturias.com\\\/radio\\\/kroos-critica-con-contundencia-a-catar\\\/#breadcrumblist\"},\"author\":{\"@id\":\"https:\\\/\\\/eldigitaldeasturias.com\\\/radio\\\/author\\\/nbasturias\\\/#author\"},\"creator\":{\"@id\":\"https:\\\/\\\/eldigitaldeasturias.com\\\/radio\\\/author\\\/nbasturias\\\/#author\"},\"image\":{\"@type\":\"ImageObject\",\"url\":\"https:\\\/\\\/eldigitaldeasturias.com\\\/radio\\\/wp-content\\\/uploads\\\/2021\\\/04\\\/Kroos.jpg\",\"@id\":\"https:\\\/\\\/eldigitaldeasturias.com\\\/radio\\\/kroos-critica-con-contundencia-a-catar\\\/#mainImage\",\"width\":982,\"height\":665,\"caption\":\"Foto: Uwe Anspach\\\/dpa\"},\"primaryImageOfPage\":{\"@id\":\"https:\\\/\\\/eldigitaldeasturias.com\\\/radio\\\/kroos-critica-con-contundencia-a-catar\\\/#mainImage\"},\"datePublished\":\"2021-04-02T16:34:42+02:00\",\"dateModified\":\"2021-04-02T16:34:42+02:00\"},{\"@type\":\"WebSite\",\"@id\":\"https:\\\/\\\/eldigitaldeasturias.com\\\/radio\\\/#website\",\"url\":\"https:\\\/\\\/eldigitaldeasturias.com\\\/radio\\\/\",\"name\":\"El Digital de Asturias\",\"description\":\"Diario de informaci\\u00f3n y noticias\",\"inLanguage\":\"es-ES\",\"publisher\":{\"@id\":\"https:\\\/\\\/eldigitaldeasturias.com\\\/radio\\\/#organization\"}}]}\n\t\t<\/script>\n\t\t<!-- All in One SEO Pro -->\r\n\t\t<title>Kroos critica con contundencia a Catar | El Digital de Asturias<\/title>\n\n","aioseo_head_json":{"title":"Kroos critica con contundencia a Catar | El Digital de Asturias","description":"Toni Kroos critic\u00f3 con una claridad sin precedentes la concesi\u00f3n del Mundial de f\u00fatbol a Catar y llam\u00f3 a protestar durante el torneo de 2022 ..","canonical_url":"https:\/\/eldigitaldeasturias.com\/radio\/kroos-critica-con-contundencia-a-catar\/","robots":"max-image-preview:large","keywords":"noticias","webmasterTools":{"google-site-verification":"UA-38556648-1","miscellaneous":""},"schema":{"@context":"https:\/\/schema.org","@graph":[{"@type":"BreadcrumbList","@id":"https:\/\/eldigitaldeasturias.com\/radio\/kroos-critica-con-contundencia-a-catar\/#breadcrumblist","itemListElement":[{"@type":"ListItem","@id":"https:\/\/eldigitaldeasturias.com\/radio#listItem","position":1,"name":"Inicio","item":"https:\/\/eldigitaldeasturias.com\/radio","nextItem":{"@type":"ListItem","@id":"https:\/\/eldigitaldeasturias.com\/radio\/category\/noticias\/#listItem","name":"Noticias"}},{"@type":"ListItem","@id":"https:\/\/eldigitaldeasturias.com\/radio\/category\/noticias\/#listItem","position":2,"name":"Noticias","item":"https:\/\/eldigitaldeasturias.com\/radio\/category\/noticias\/","nextItem":{"@type":"ListItem","@id":"https:\/\/eldigitaldeasturias.com\/radio\/kroos-critica-con-contundencia-a-catar\/#listItem","name":"Kroos critica con contundencia a Catar"},"previousItem":{"@type":"ListItem","@id":"https:\/\/eldigitaldeasturias.com\/radio#listItem","name":"Inicio"}},{"@type":"ListItem","@id":"https:\/\/eldigitaldeasturias.com\/radio\/kroos-critica-con-contundencia-a-catar\/#listItem","position":3,"name":"Kroos critica con contundencia a Catar","previousItem":{"@type":"ListItem","@id":"https:\/\/eldigitaldeasturias.com\/radio\/category\/noticias\/#listItem","name":"Noticias"}}]},{"@type":"NewsArticle","@id":"https:\/\/eldigitaldeasturias.com\/radio\/kroos-critica-con-contundencia-a-catar\/#newsarticle","name":"Kroos critica con contundencia a Catar | El Digital de Asturias","headline":"Kroos critica con contundencia a Catar","author":{"@id":"https:\/\/eldigitaldeasturias.com\/radio\/author\/nbasturias\/#author"},"publisher":{"@id":"https:\/\/eldigitaldeasturias.com\/radio\/#organization"},"image":{"@type":"ImageObject","url":"https:\/\/eldigitaldeasturias.com\/radio\/wp-content\/uploads\/2021\/04\/Kroos.jpg","width":982,"height":665,"caption":"Foto: Uwe Anspach\/dpa"},"datePublished":"2021-04-02T16:34:42+02:00","dateModified":"2021-04-02T16:34:42+02:00","inLanguage":"es-ES","mainEntityOfPage":{"@id":"https:\/\/eldigitaldeasturias.com\/radio\/kroos-critica-con-contundencia-a-catar\/#webpage"},"isPartOf":{"@id":"https:\/\/eldigitaldeasturias.com\/radio\/kroos-critica-con-contundencia-a-catar\/#webpage"},"articleSection":"Noticias","dateline":"Publicado el abril 2, 2021."},{"@type":"Organization","@id":"https:\/\/eldigitaldeasturias.com\/radio\/#organization","name":"El digital de Asturias Radio","description":"Diario de informaci\u00f3n y noticias","url":"https:\/\/eldigitaldeasturias.com\/radio\/","telephone":"+34652131393","logo":{"@type":"ImageObject","url":"https:\/\/www.eldigitaldeasturias.com\/radio\/wp-content\/uploads\/2021\/03\/EDA.jpg","@id":"https:\/\/eldigitaldeasturias.com\/radio\/kroos-critica-con-contundencia-a-catar\/#organizationLogo"},"image":{"@id":"https:\/\/eldigitaldeasturias.com\/radio\/kroos-critica-con-contundencia-a-catar\/#organizationLogo"},"sameAs":["https:\/\/www.facebook.com\/","https:\/\/x.com\/bercodi","https:\/\/www.instagram.com\/","https:\/\/www.youtube.com\/channel\/UCZP-2wLEB9Rv6erhFmqVnvg"]},{"@type":"Person","@id":"https:\/\/eldigitaldeasturias.com\/radio\/author\/nbasturias\/#author","url":"https:\/\/eldigitaldeasturias.com\/radio\/author\/nbasturias\/","name":"NBAsturias","image":{"@type":"ImageObject","@id":"https:\/\/eldigitaldeasturias.com\/radio\/kroos-critica-con-contundencia-a-catar\/#authorImage","url":"https:\/\/secure.gravatar.com\/avatar\/df2aeffc32bcd13f8d26072ef8a91b623d677766deac7f97ca815868cd41bf5e?s=96&d=mm&r=g","width":96,"height":96,"caption":"NBAsturias"}},{"@type":"WebPage","@id":"https:\/\/eldigitaldeasturias.com\/radio\/kroos-critica-con-contundencia-a-catar\/#webpage","url":"https:\/\/eldigitaldeasturias.com\/radio\/kroos-critica-con-contundencia-a-catar\/","name":"Kroos critica con contundencia a Catar | El Digital de Asturias","description":"Toni Kroos critic\u00f3 con una claridad sin precedentes la concesi\u00f3n del Mundial de f\u00fatbol a Catar y llam\u00f3 a protestar durante el torneo de 2022 ..","inLanguage":"es-ES","isPartOf":{"@id":"https:\/\/eldigitaldeasturias.com\/radio\/#website"},"breadcrumb":{"@id":"https:\/\/eldigitaldeasturias.com\/radio\/kroos-critica-con-contundencia-a-catar\/#breadcrumblist"},"author":{"@id":"https:\/\/eldigitaldeasturias.com\/radio\/author\/nbasturias\/#author"},"creator":{"@id":"https:\/\/eldigitaldeasturias.com\/radio\/author\/nbasturias\/#author"},"image":{"@type":"ImageObject","url":"https:\/\/eldigitaldeasturias.com\/radio\/wp-content\/uploads\/2021\/04\/Kroos.jpg","@id":"https:\/\/eldigitaldeasturias.com\/radio\/kroos-critica-con-contundencia-a-catar\/#mainImage","width":982,"height":665,"caption":"Foto: Uwe Anspach\/dpa"},"primaryImageOfPage":{"@id":"https:\/\/eldigitaldeasturias.com\/radio\/kroos-critica-con-contundencia-a-catar\/#mainImage"},"datePublished":"2021-04-02T16:34:42+02:00","dateModified":"2021-04-02T16:34:42+02:00"},{"@type":"WebSite","@id":"https:\/\/eldigitaldeasturias.com\/radio\/#website","url":"https:\/\/eldigitaldeasturias.com\/radio\/","name":"El Digital de Asturias","description":"Diario de informaci\u00f3n y noticias","inLanguage":"es-ES","publisher":{"@id":"https:\/\/eldigitaldeasturias.com\/radio\/#organization"}}]},"og:locale":"es_ES","og:site_name":"El Digital de Asturias | Diario de informaci\u00f3n y noticias","og:type":"article","og:title":"Kroos critica con contundencia a Catar | El Digital de Asturias","og:description":"Toni Kroos critic\u00f3 con una claridad sin precedentes la concesi\u00f3n del Mundial de f\u00fatbol a Catar y llam\u00f3 a protestar durante el torneo de 2022 ..","og:url":"https:\/\/eldigitaldeasturias.com\/radio\/kroos-critica-con-contundencia-a-catar\/","og:image":"https:\/\/eldigitaldeasturias.com\/radio\/wp-content\/uploads\/2021\/04\/Kroos.jpg","og:image:secure_url":"https:\/\/eldigitaldeasturias.com\/radio\/wp-content\/uploads\/2021\/04\/Kroos.jpg","og:image:width":982,"og:image:height":665,"article:published_time":"2021-04-02T16:34:42+00:00","article:modified_time":"2021-04-02T16:34:42+00:00","twitter:card":"summary_large_image","twitter:site":"@bercodi","twitter:title":"Kroos critica con contundencia a Catar | El Digital de Asturias","twitter:description":"Toni Kroos critic\u00f3 con una claridad sin precedentes la concesi\u00f3n del Mundial de f\u00fatbol a Catar y llam\u00f3 a protestar durante el torneo de 2022 ..","twitter:creator":"@bercodi","twitter:image":"https:\/\/eldigitaldeasturias.com\/radio\/wp-content\/uploads\/2021\/04\/Kroos.jpg"},"aioseo_meta_data":{"post_id":"5775","title":null,"description":"Toni Kroos critic\u00f3 con una claridad sin precedentes la concesi\u00f3n del Mundial de f\u00fatbol a Catar y llam\u00f3 a protestar durante el torneo de 2022 ..","keywords":[],"keyphrases":{"focus":[],"additional":[]},"primary_term":null,"canonical_url":null,"og_title":null,"og_description":null,"og_object_type":"default","og_image_type":"default","og_image_url":null,"og_image_width":null,"og_image_height":null,"og_image_custom_url":null,"og_image_custom_fields":null,"og_video":"","og_custom_url":null,"og_article_section":null,"og_article_tags":[],"twitter_use_og":false,"twitter_card":"default","twitter_image_type":"default","twitter_image_url":null,"twitter_image_custom_url":null,"twitter_image_custom_fields":null,"twitter_title":null,"twitter_description":null,"schema":{"blockGraphs":[],"customGraphs":[],"default":{"data":{"Article":[],"Course":[],"Dataset":[],"FAQPage":[],"Movie":[],"Person":[],"Product":[],"ProductReview":[],"Car":[],"Recipe":[],"Service":[],"SoftwareApplication":[],"WebPage":[]},"graphName":"","isEnabled":true},"graphs":[],"defaultGraph":"Article","defaultPostTypeGraph":""},"schema_type":"default","schema_type_options":"{\"article\":{\"articleType\":\"BlogPosting\"},\"course\":{\"name\":\"\",\"description\":\"\",\"provider\":\"\"},\"faq\":{\"pages\":[]},\"product\":{\"reviews\":[]},\"recipe\":{\"ingredients\":[],\"instructions\":[],\"keywords\":[]},\"software\":{\"reviews\":[],\"operatingSystems\":[]},\"webPage\":{\"webPageType\":\"WebPage\"}}","pillar_content":false,"robots_default":true,"robots_noindex":false,"robots_noarchive":false,"robots_nosnippet":false,"robots_nofollow":false,"robots_noimageindex":false,"robots_noodp":false,"robots_notranslate":false,"robots_max_snippet":"-1","robots_max_videopreview":"-1","robots_max_imagepreview":"large","priority":null,"frequency":"default","location":null,"local_seo":{"businessInfo":{"name":"","urls":{"website":"","aboutPage":"","contactPage":""},"address":{"line1":"","line2":"","zip":"","city":"","state":"","country":""},"contact":{"email":"","phone":"","fax":""},"ids":{"vatID":"","taxID":"","chamberID":""},"payment":{"priceIndication":"","currenciesAccepted":"","methodsAccepted":""},"areaServed":""},"openingHours":{"show":false,"closedLabel":"","open24h":false,"open24hLabel":"","open247":false,"use24hFormat":false,"twoSets":false,"timezone":"","hours":[]}},"seo_analyzer_scan_date":"2025-08-28 18:29:35","breadcrumb_settings":null,"limit_modified_date":false,"open_ai":null,"ai":null,"created":"2021-04-02 16:32:33","updated":"2025-08-28 18:29:35"},"aioseo_breadcrumb":"<div class=\"aioseo-breadcrumbs\"><span class=\"aioseo-breadcrumb\">\n\t<a href=\"https:\/\/eldigitaldeasturias.com\/radio\" title=\"Inicio\">Inicio<\/a>\n<\/span><span class=\"aioseo-breadcrumb-separator\">&ndash;<\/span><span class=\"aioseo-breadcrumb\">\n\t<a href=\"https:\/\/eldigitaldeasturias.com\/radio\/category\/noticias\/\" title=\"Noticias\">Noticias<\/a>\n<\/span><span class=\"aioseo-breadcrumb-separator\">&ndash;<\/span><span class=\"aioseo-breadcrumb\">\n\tKroos critica con contundencia a Catar\n<\/span><\/div>","aioseo_breadcrumb_json":[{"label":"Inicio","link":"https:\/\/eldigitaldeasturias.com\/radio"},{"label":"Noticias","link":"https:\/\/eldigitaldeasturias.com\/radio\/category\/noticias\/"},{"label":"Kroos critica con contundencia a Catar","link":"https:\/\/eldigitaldeasturias.com\/radio\/kroos-critica-con-contundencia-a-catar\/"}],"_links":{"self":[{"href":"https:\/\/eldigitaldeasturias.com\/radio\/wp-json\/wp\/v2\/posts\/5775","targetHints":{"allow":["GET"]}}],"collection":[{"href":"https:\/\/eldigitaldeasturias.com\/radio\/wp-json\/wp\/v2\/posts"}],"about":[{"href":"https:\/\/eldigitaldeasturias.com\/radio\/wp-json\/wp\/v2\/types\/post"}],"author":[{"embeddable":true,"href":"https:\/\/eldigitaldeasturias.com\/radio\/wp-json\/wp\/v2\/users\/1"}],"replies":[{"embeddable":true,"href":"https:\/\/eldigitaldeasturias.com\/radio\/wp-json\/wp\/v2\/comments?post=5775"}],"version-history":[{"count":0,"href":"https:\/\/eldigitaldeasturias.com\/radio\/wp-json\/wp\/v2\/posts\/5775\/revisions"}],"wp:featuredmedia":[{"embeddable":true,"href":"https:\/\/eldigitaldeasturias.com\/radio\/wp-json\/wp\/v2\/media\/5776"}],"wp:attachment":[{"href":"https:\/\/eldigitaldeasturias.com\/radio\/wp-json\/wp\/v2\/media?parent=5775"}],"wp:term":[{"taxonomy":"category","embeddable":true,"href":"https:\/\/eldigitaldeasturias.com\/radio\/wp-json\/wp\/v2\/categories?post=5775"},{"taxonomy":"post_tag","embeddable":true,"href":"https:\/\/eldigitaldeasturias.com\/radio\/wp-json\/wp\/v2\/tags?post=5775"}],"curies":[{"name":"wp","href":"https:\/\/api.w.org\/{rel}","templated":true}]}}