{"id":5771,"date":"2021-04-02T16:30:37","date_gmt":"2021-04-02T16:30:37","guid":{"rendered":"http:\/\/eldigitaldeasturias.com\/radio\/?p=5771"},"modified":"2021-04-02T16:30:37","modified_gmt":"2021-04-02T16:30:37","slug":"desempleo-en-alemania-cae-al-62-por-ciento-en-marzo","status":"publish","type":"post","link":"https:\/\/eldigitaldeasturias.com\/radio\/desempleo-en-alemania-cae-al-62-por-ciento-en-marzo\/","title":{"rendered":"Desempleo en Alemania cae al 6,2 por ciento en marzo"},"content":{"rendered":"<p><img fetchpriority=\"high\" decoding=\"async\" class=\"alignleft size-medium wp-image-62\" src=\"https:\/\/eldigitaldeasturias.com\/radio\/wp-content\/uploads\/2018\/03\/macbook-577758_1280-360x239.jpg\" alt=\"\" width=\"360\" height=\"239\" srcset=\"https:\/\/eldigitaldeasturias.com\/radio\/wp-content\/uploads\/2018\/03\/macbook-577758_1280-360x239.jpg 360w, https:\/\/eldigitaldeasturias.com\/radio\/wp-content\/uploads\/2018\/03\/macbook-577758_1280-1024x680.jpg 1024w, https:\/\/eldigitaldeasturias.com\/radio\/wp-content\/uploads\/2018\/03\/macbook-577758_1280-768x510.jpg 768w, https:\/\/eldigitaldeasturias.com\/radio\/wp-content\/uploads\/2018\/03\/macbook-577758_1280.jpg 1280w\" sizes=\"(max-width: 360px) 100vw, 360px\" \/>N\u00faremberg (Alemania), 31 mar (dpa) &#8211; El n\u00famero de desempleados en Alemania descendi\u00f3 en 77.000 personas en marzo con respecto a febrero, gracias a la reactivaci\u00f3n primaveral del mercado laboral, inform\u00f3 hoy la Agencia Federal de Empleo.<\/p>\n<p>Un total de 2,827 millones de personas estaban registradas sin trabajo en marzo, 492.000 m\u00e1s que en las mismas fechas del a\u00f1o pasado. La tasa de desempleo se ubic\u00f3 en el 6,2 por ciento, una d\u00e9cima por debajo de la cuota de febrero.<\/p>\n<p>\u00abEn marzo se produjo una notable reactivaci\u00f3n primaveral en el mercado laboral\u00bb, dijo Detlef Scheele, presidente de la Agencia Federal de Empleo.<\/p>\n<p>\u00abEsto es as\u00ed a pesar de que las infecciones (de coronavirus) aumentan y las restricciones se mantienen para algunos sectores de la econom\u00eda\u00bb, a\u00f1adi\u00f3.<\/p>\n<p>El directivo explic\u00f3 que el mercado laboral muestra, sin embargo, claros signos de la crisis derivada de la pandemia que se prolonga desde hace un a\u00f1o.<\/p>\n<p>Destac\u00f3 que sigue siendo elevado el n\u00famero de ocupados a jornada reducida. En el periodo comprendido entre el 1 y el 25 de marzo, las empresas reportaron 197.000 personas m\u00e1s en r\u00e9gimen de jornada reducida. En el primer mes de 2021, se pagaron prestaciones por reducci\u00f3n de jornada a 2,85 millones de personas.<\/p>\n<p>El pago de subsidio estatal por reducci\u00f3n de jornada alcanz\u00f3 su punto m\u00e1ximo en abril de 2020 con algo menos de seis millones de personas recibendo la prestaci\u00f3n, tras lo cual disminuy\u00f3 de forma constante hasta noviembre de 2020.<\/p>\n<p>Debido al confinamiento impuesto el pasado oto\u00f1o europeo, el trabajo a jornada reducida ha vuelto a aumentar desde noviembre, especialmente en sectores como la gastronom\u00eda, el comercio minorista y el turismo.<\/p>\n<p>El trabajo a jornada reducida, en el cual el Estado asume parte del salario para aliviar los costes de las empresas, es un instrumento decisivo aplicado en el pa\u00eds para evitar despidos generalizados en la crisis causada por la pandemia.<\/p>\n","protected":false},"excerpt":{"rendered":"<p>N\u00faremberg (Alemania), 31 mar (dpa) &#8211; El n\u00famero de desempleados en Alemania descendi\u00f3 en 77.000 personas en marzo con respecto a febrero, gracias a la reactivaci\u00f3n primaveral del mercado laboral, inform\u00f3 hoy la Agencia Federal de Empleo. Un total de 2,827 millones de personas estaban registradas sin trabajo en marzo, 492.000 m\u00e1s que en las<\/p>\n","protected":false},"author":1,"featured_media":62,"comment_status":"closed","ping_status":"closed","sticky":false,"template":"","format":"standard","meta":{"footnotes":""},"categories":[1],"tags":[],"class_list":{"0":"post-5771","1":"post","2":"type-post","3":"status-publish","4":"format-standard","5":"has-post-thumbnail","7":"category-noticias"},"aioseo_notices":[],"aioseo_head":"\n\t\t<!-- All in One SEO Pro 4.9.6.2 - aioseo.com -->\n\t<meta name=\"description\" content=\"El n\u00famero de desempleados en Alemania descendi\u00f3 en 77.000 personas en marzo con respecto a febrero, gracias a la reactivaci\u00f3n primaveral del mercado laboral\" \/>\n\t<meta name=\"robots\" content=\"max-image-preview:large\" \/>\n\t<meta name=\"author\" content=\"NBAsturias\"\/>\n\t<meta name=\"google-site-verification\" content=\"UA-38556648-1\" \/>\n\t<meta name=\"keywords\" content=\"noticias\" \/>\n\t<link rel=\"canonical\" href=\"https:\/\/eldigitaldeasturias.com\/radio\/desempleo-en-alemania-cae-al-62-por-ciento-en-marzo\/\" \/>\n\t<meta name=\"generator\" content=\"All in One SEO Pro (AIOSEO) 4.9.6.2\" \/>\n\t\t<meta property=\"og:locale\" content=\"es_ES\" \/>\n\t\t<meta property=\"og:site_name\" content=\"El Digital de Asturias | Diario de informaci\u00f3n y noticias\" \/>\n\t\t<meta property=\"og:type\" content=\"article\" \/>\n\t\t<meta property=\"og:title\" content=\"Desempleo en Alemania cae al 6,2 por ciento en marzo | El Digital de Asturias\" \/>\n\t\t<meta property=\"og:description\" content=\"El n\u00famero de desempleados en Alemania descendi\u00f3 en 77.000 personas en marzo con respecto a febrero, gracias a la reactivaci\u00f3n primaveral del mercado laboral\" \/>\n\t\t<meta property=\"og:url\" content=\"https:\/\/eldigitaldeasturias.com\/radio\/desempleo-en-alemania-cae-al-62-por-ciento-en-marzo\/\" \/>\n\t\t<meta property=\"og:image\" content=\"https:\/\/eldigitaldeasturias.com\/radio\/wp-content\/uploads\/2018\/03\/macbook-577758_1280.jpg\" \/>\n\t\t<meta property=\"og:image:secure_url\" content=\"https:\/\/eldigitaldeasturias.com\/radio\/wp-content\/uploads\/2018\/03\/macbook-577758_1280.jpg\" \/>\n\t\t<meta property=\"og:image:width\" content=\"1280\" \/>\n\t\t<meta property=\"og:image:height\" content=\"850\" \/>\n\t\t<meta property=\"article:published_time\" content=\"2021-04-02T16:30:37+00:00\" \/>\n\t\t<meta property=\"article:modified_time\" content=\"2021-04-02T16:30:37+00:00\" \/>\n\t\t<meta name=\"twitter:card\" content=\"summary_large_image\" \/>\n\t\t<meta name=\"twitter:site\" content=\"@bercodi\" \/>\n\t\t<meta name=\"twitter:title\" content=\"Desempleo en Alemania cae al 6,2 por ciento en marzo | El Digital de Asturias\" \/>\n\t\t<meta name=\"twitter:description\" content=\"El n\u00famero de desempleados en Alemania descendi\u00f3 en 77.000 personas en marzo con respecto a febrero, gracias a la reactivaci\u00f3n primaveral del mercado laboral\" \/>\n\t\t<meta name=\"twitter:creator\" content=\"@bercodi\" \/>\n\t\t<meta name=\"twitter:image\" content=\"https:\/\/eldigitaldeasturias.com\/radio\/wp-content\/uploads\/2018\/03\/macbook-577758_1280.jpg\" \/>\n\t\t<script type=\"application\/ld+json\" class=\"aioseo-schema\">\n\t\t\t{\"@context\":\"https:\\\/\\\/schema.org\",\"@graph\":[{\"@type\":\"BreadcrumbList\",\"@id\":\"https:\\\/\\\/eldigitaldeasturias.com\\\/radio\\\/desempleo-en-alemania-cae-al-62-por-ciento-en-marzo\\\/#breadcrumblist\",\"itemListElement\":[{\"@type\":\"ListItem\",\"@id\":\"https:\\\/\\\/eldigitaldeasturias.com\\\/radio#listItem\",\"position\":1,\"name\":\"Inicio\",\"item\":\"https:\\\/\\\/eldigitaldeasturias.com\\\/radio\",\"nextItem\":{\"@type\":\"ListItem\",\"@id\":\"https:\\\/\\\/eldigitaldeasturias.com\\\/radio\\\/category\\\/noticias\\\/#listItem\",\"name\":\"Noticias\"}},{\"@type\":\"ListItem\",\"@id\":\"https:\\\/\\\/eldigitaldeasturias.com\\\/radio\\\/category\\\/noticias\\\/#listItem\",\"position\":2,\"name\":\"Noticias\",\"item\":\"https:\\\/\\\/eldigitaldeasturias.com\\\/radio\\\/category\\\/noticias\\\/\",\"nextItem\":{\"@type\":\"ListItem\",\"@id\":\"https:\\\/\\\/eldigitaldeasturias.com\\\/radio\\\/desempleo-en-alemania-cae-al-62-por-ciento-en-marzo\\\/#listItem\",\"name\":\"Desempleo en Alemania cae al 6,2 por ciento en marzo\"},\"previousItem\":{\"@type\":\"ListItem\",\"@id\":\"https:\\\/\\\/eldigitaldeasturias.com\\\/radio#listItem\",\"name\":\"Inicio\"}},{\"@type\":\"ListItem\",\"@id\":\"https:\\\/\\\/eldigitaldeasturias.com\\\/radio\\\/desempleo-en-alemania-cae-al-62-por-ciento-en-marzo\\\/#listItem\",\"position\":3,\"name\":\"Desempleo en Alemania cae al 6,2 por ciento en marzo\",\"previousItem\":{\"@type\":\"ListItem\",\"@id\":\"https:\\\/\\\/eldigitaldeasturias.com\\\/radio\\\/category\\\/noticias\\\/#listItem\",\"name\":\"Noticias\"}}]},{\"@type\":\"NewsArticle\",\"@id\":\"https:\\\/\\\/eldigitaldeasturias.com\\\/radio\\\/desempleo-en-alemania-cae-al-62-por-ciento-en-marzo\\\/#newsarticle\",\"name\":\"Desempleo en Alemania cae al 6,2 por ciento en marzo | El Digital de Asturias\",\"headline\":\"Desempleo en Alemania cae al 6,2 por ciento en marzo\",\"author\":{\"@id\":\"https:\\\/\\\/eldigitaldeasturias.com\\\/radio\\\/author\\\/nbasturias\\\/#author\"},\"publisher\":{\"@id\":\"https:\\\/\\\/eldigitaldeasturias.com\\\/radio\\\/#organization\"},\"image\":{\"@type\":\"ImageObject\",\"url\":\"https:\\\/\\\/eldigitaldeasturias.com\\\/radio\\\/wp-content\\\/uploads\\\/2018\\\/03\\\/macbook-577758_1280.jpg\",\"width\":1280,\"height\":850},\"datePublished\":\"2021-04-02T16:30:37+02:00\",\"dateModified\":\"2021-04-02T16:30:37+02:00\",\"inLanguage\":\"es-ES\",\"mainEntityOfPage\":{\"@id\":\"https:\\\/\\\/eldigitaldeasturias.com\\\/radio\\\/desempleo-en-alemania-cae-al-62-por-ciento-en-marzo\\\/#webpage\"},\"isPartOf\":{\"@id\":\"https:\\\/\\\/eldigitaldeasturias.com\\\/radio\\\/desempleo-en-alemania-cae-al-62-por-ciento-en-marzo\\\/#webpage\"},\"articleSection\":\"Noticias\",\"dateline\":\"Publicado el abril 2, 2021.\"},{\"@type\":\"Organization\",\"@id\":\"https:\\\/\\\/eldigitaldeasturias.com\\\/radio\\\/#organization\",\"name\":\"El digital de Asturias Radio\",\"description\":\"Diario de informaci\\u00f3n y noticias\",\"url\":\"https:\\\/\\\/eldigitaldeasturias.com\\\/radio\\\/\",\"telephone\":\"+34652131393\",\"logo\":{\"@type\":\"ImageObject\",\"url\":\"https:\\\/\\\/www.eldigitaldeasturias.com\\\/radio\\\/wp-content\\\/uploads\\\/2021\\\/03\\\/EDA.jpg\",\"@id\":\"https:\\\/\\\/eldigitaldeasturias.com\\\/radio\\\/desempleo-en-alemania-cae-al-62-por-ciento-en-marzo\\\/#organizationLogo\"},\"image\":{\"@id\":\"https:\\\/\\\/eldigitaldeasturias.com\\\/radio\\\/desempleo-en-alemania-cae-al-62-por-ciento-en-marzo\\\/#organizationLogo\"},\"sameAs\":[\"https:\\\/\\\/www.facebook.com\\\/\",\"https:\\\/\\\/x.com\\\/bercodi\",\"https:\\\/\\\/www.instagram.com\\\/\",\"https:\\\/\\\/www.youtube.com\\\/channel\\\/UCZP-2wLEB9Rv6erhFmqVnvg\"]},{\"@type\":\"Person\",\"@id\":\"https:\\\/\\\/eldigitaldeasturias.com\\\/radio\\\/author\\\/nbasturias\\\/#author\",\"url\":\"https:\\\/\\\/eldigitaldeasturias.com\\\/radio\\\/author\\\/nbasturias\\\/\",\"name\":\"NBAsturias\",\"image\":{\"@type\":\"ImageObject\",\"@id\":\"https:\\\/\\\/eldigitaldeasturias.com\\\/radio\\\/desempleo-en-alemania-cae-al-62-por-ciento-en-marzo\\\/#authorImage\",\"url\":\"https:\\\/\\\/secure.gravatar.com\\\/avatar\\\/df2aeffc32bcd13f8d26072ef8a91b623d677766deac7f97ca815868cd41bf5e?s=96&d=mm&r=g\",\"width\":96,\"height\":96,\"caption\":\"NBAsturias\"}},{\"@type\":\"WebPage\",\"@id\":\"https:\\\/\\\/eldigitaldeasturias.com\\\/radio\\\/desempleo-en-alemania-cae-al-62-por-ciento-en-marzo\\\/#webpage\",\"url\":\"https:\\\/\\\/eldigitaldeasturias.com\\\/radio\\\/desempleo-en-alemania-cae-al-62-por-ciento-en-marzo\\\/\",\"name\":\"Desempleo en Alemania cae al 6,2 por ciento en marzo | El Digital de Asturias\",\"description\":\"El n\\u00famero de desempleados en Alemania descendi\\u00f3 en 77.000 personas en marzo con respecto a febrero, gracias a la reactivaci\\u00f3n primaveral del mercado laboral\",\"inLanguage\":\"es-ES\",\"isPartOf\":{\"@id\":\"https:\\\/\\\/eldigitaldeasturias.com\\\/radio\\\/#website\"},\"breadcrumb\":{\"@id\":\"https:\\\/\\\/eldigitaldeasturias.com\\\/radio\\\/desempleo-en-alemania-cae-al-62-por-ciento-en-marzo\\\/#breadcrumblist\"},\"author\":{\"@id\":\"https:\\\/\\\/eldigitaldeasturias.com\\\/radio\\\/author\\\/nbasturias\\\/#author\"},\"creator\":{\"@id\":\"https:\\\/\\\/eldigitaldeasturias.com\\\/radio\\\/author\\\/nbasturias\\\/#author\"},\"image\":{\"@type\":\"ImageObject\",\"url\":\"https:\\\/\\\/eldigitaldeasturias.com\\\/radio\\\/wp-content\\\/uploads\\\/2018\\\/03\\\/macbook-577758_1280.jpg\",\"@id\":\"https:\\\/\\\/eldigitaldeasturias.com\\\/radio\\\/desempleo-en-alemania-cae-al-62-por-ciento-en-marzo\\\/#mainImage\",\"width\":1280,\"height\":850},\"primaryImageOfPage\":{\"@id\":\"https:\\\/\\\/eldigitaldeasturias.com\\\/radio\\\/desempleo-en-alemania-cae-al-62-por-ciento-en-marzo\\\/#mainImage\"},\"datePublished\":\"2021-04-02T16:30:37+02:00\",\"dateModified\":\"2021-04-02T16:30:37+02:00\"},{\"@type\":\"WebSite\",\"@id\":\"https:\\\/\\\/eldigitaldeasturias.com\\\/radio\\\/#website\",\"url\":\"https:\\\/\\\/eldigitaldeasturias.com\\\/radio\\\/\",\"name\":\"El Digital de Asturias\",\"description\":\"Diario de informaci\\u00f3n y noticias\",\"inLanguage\":\"es-ES\",\"publisher\":{\"@id\":\"https:\\\/\\\/eldigitaldeasturias.com\\\/radio\\\/#organization\"}}]}\n\t\t<\/script>\n\t\t<!-- All in One SEO Pro -->\r\n\t\t<title>Desempleo en Alemania cae al 6,2 por ciento en marzo | El Digital de Asturias<\/title>\n\n","aioseo_head_json":{"title":"Desempleo en Alemania cae al 6,2 por ciento en marzo | El Digital de Asturias","description":"El n\u00famero de desempleados en Alemania descendi\u00f3 en 77.000 personas en marzo con respecto a febrero, gracias a la reactivaci\u00f3n primaveral del mercado laboral","canonical_url":"https:\/\/eldigitaldeasturias.com\/radio\/desempleo-en-alemania-cae-al-62-por-ciento-en-marzo\/","robots":"max-image-preview:large","keywords":"noticias","webmasterTools":{"google-site-verification":"UA-38556648-1","miscellaneous":""},"schema":{"@context":"https:\/\/schema.org","@graph":[{"@type":"BreadcrumbList","@id":"https:\/\/eldigitaldeasturias.com\/radio\/desempleo-en-alemania-cae-al-62-por-ciento-en-marzo\/#breadcrumblist","itemListElement":[{"@type":"ListItem","@id":"https:\/\/eldigitaldeasturias.com\/radio#listItem","position":1,"name":"Inicio","item":"https:\/\/eldigitaldeasturias.com\/radio","nextItem":{"@type":"ListItem","@id":"https:\/\/eldigitaldeasturias.com\/radio\/category\/noticias\/#listItem","name":"Noticias"}},{"@type":"ListItem","@id":"https:\/\/eldigitaldeasturias.com\/radio\/category\/noticias\/#listItem","position":2,"name":"Noticias","item":"https:\/\/eldigitaldeasturias.com\/radio\/category\/noticias\/","nextItem":{"@type":"ListItem","@id":"https:\/\/eldigitaldeasturias.com\/radio\/desempleo-en-alemania-cae-al-62-por-ciento-en-marzo\/#listItem","name":"Desempleo en Alemania cae al 6,2 por ciento en marzo"},"previousItem":{"@type":"ListItem","@id":"https:\/\/eldigitaldeasturias.com\/radio#listItem","name":"Inicio"}},{"@type":"ListItem","@id":"https:\/\/eldigitaldeasturias.com\/radio\/desempleo-en-alemania-cae-al-62-por-ciento-en-marzo\/#listItem","position":3,"name":"Desempleo en Alemania cae al 6,2 por ciento en marzo","previousItem":{"@type":"ListItem","@id":"https:\/\/eldigitaldeasturias.com\/radio\/category\/noticias\/#listItem","name":"Noticias"}}]},{"@type":"NewsArticle","@id":"https:\/\/eldigitaldeasturias.com\/radio\/desempleo-en-alemania-cae-al-62-por-ciento-en-marzo\/#newsarticle","name":"Desempleo en Alemania cae al 6,2 por ciento en marzo | El Digital de Asturias","headline":"Desempleo en Alemania cae al 6,2 por ciento en marzo","author":{"@id":"https:\/\/eldigitaldeasturias.com\/radio\/author\/nbasturias\/#author"},"publisher":{"@id":"https:\/\/eldigitaldeasturias.com\/radio\/#organization"},"image":{"@type":"ImageObject","url":"https:\/\/eldigitaldeasturias.com\/radio\/wp-content\/uploads\/2018\/03\/macbook-577758_1280.jpg","width":1280,"height":850},"datePublished":"2021-04-02T16:30:37+02:00","dateModified":"2021-04-02T16:30:37+02:00","inLanguage":"es-ES","mainEntityOfPage":{"@id":"https:\/\/eldigitaldeasturias.com\/radio\/desempleo-en-alemania-cae-al-62-por-ciento-en-marzo\/#webpage"},"isPartOf":{"@id":"https:\/\/eldigitaldeasturias.com\/radio\/desempleo-en-alemania-cae-al-62-por-ciento-en-marzo\/#webpage"},"articleSection":"Noticias","dateline":"Publicado el abril 2, 2021."},{"@type":"Organization","@id":"https:\/\/eldigitaldeasturias.com\/radio\/#organization","name":"El digital de Asturias Radio","description":"Diario de informaci\u00f3n y noticias","url":"https:\/\/eldigitaldeasturias.com\/radio\/","telephone":"+34652131393","logo":{"@type":"ImageObject","url":"https:\/\/www.eldigitaldeasturias.com\/radio\/wp-content\/uploads\/2021\/03\/EDA.jpg","@id":"https:\/\/eldigitaldeasturias.com\/radio\/desempleo-en-alemania-cae-al-62-por-ciento-en-marzo\/#organizationLogo"},"image":{"@id":"https:\/\/eldigitaldeasturias.com\/radio\/desempleo-en-alemania-cae-al-62-por-ciento-en-marzo\/#organizationLogo"},"sameAs":["https:\/\/www.facebook.com\/","https:\/\/x.com\/bercodi","https:\/\/www.instagram.com\/","https:\/\/www.youtube.com\/channel\/UCZP-2wLEB9Rv6erhFmqVnvg"]},{"@type":"Person","@id":"https:\/\/eldigitaldeasturias.com\/radio\/author\/nbasturias\/#author","url":"https:\/\/eldigitaldeasturias.com\/radio\/author\/nbasturias\/","name":"NBAsturias","image":{"@type":"ImageObject","@id":"https:\/\/eldigitaldeasturias.com\/radio\/desempleo-en-alemania-cae-al-62-por-ciento-en-marzo\/#authorImage","url":"https:\/\/secure.gravatar.com\/avatar\/df2aeffc32bcd13f8d26072ef8a91b623d677766deac7f97ca815868cd41bf5e?s=96&d=mm&r=g","width":96,"height":96,"caption":"NBAsturias"}},{"@type":"WebPage","@id":"https:\/\/eldigitaldeasturias.com\/radio\/desempleo-en-alemania-cae-al-62-por-ciento-en-marzo\/#webpage","url":"https:\/\/eldigitaldeasturias.com\/radio\/desempleo-en-alemania-cae-al-62-por-ciento-en-marzo\/","name":"Desempleo en Alemania cae al 6,2 por ciento en marzo | El Digital de Asturias","description":"El n\u00famero de desempleados en Alemania descendi\u00f3 en 77.000 personas en marzo con respecto a febrero, gracias a la reactivaci\u00f3n primaveral del mercado laboral","inLanguage":"es-ES","isPartOf":{"@id":"https:\/\/eldigitaldeasturias.com\/radio\/#website"},"breadcrumb":{"@id":"https:\/\/eldigitaldeasturias.com\/radio\/desempleo-en-alemania-cae-al-62-por-ciento-en-marzo\/#breadcrumblist"},"author":{"@id":"https:\/\/eldigitaldeasturias.com\/radio\/author\/nbasturias\/#author"},"creator":{"@id":"https:\/\/eldigitaldeasturias.com\/radio\/author\/nbasturias\/#author"},"image":{"@type":"ImageObject","url":"https:\/\/eldigitaldeasturias.com\/radio\/wp-content\/uploads\/2018\/03\/macbook-577758_1280.jpg","@id":"https:\/\/eldigitaldeasturias.com\/radio\/desempleo-en-alemania-cae-al-62-por-ciento-en-marzo\/#mainImage","width":1280,"height":850},"primaryImageOfPage":{"@id":"https:\/\/eldigitaldeasturias.com\/radio\/desempleo-en-alemania-cae-al-62-por-ciento-en-marzo\/#mainImage"},"datePublished":"2021-04-02T16:30:37+02:00","dateModified":"2021-04-02T16:30:37+02:00"},{"@type":"WebSite","@id":"https:\/\/eldigitaldeasturias.com\/radio\/#website","url":"https:\/\/eldigitaldeasturias.com\/radio\/","name":"El Digital de Asturias","description":"Diario de informaci\u00f3n y noticias","inLanguage":"es-ES","publisher":{"@id":"https:\/\/eldigitaldeasturias.com\/radio\/#organization"}}]},"og:locale":"es_ES","og:site_name":"El Digital de Asturias | Diario de informaci\u00f3n y noticias","og:type":"article","og:title":"Desempleo en Alemania cae al 6,2 por ciento en marzo | El Digital de Asturias","og:description":"El n\u00famero de desempleados en Alemania descendi\u00f3 en 77.000 personas en marzo con respecto a febrero, gracias a la reactivaci\u00f3n primaveral del mercado laboral","og:url":"https:\/\/eldigitaldeasturias.com\/radio\/desempleo-en-alemania-cae-al-62-por-ciento-en-marzo\/","og:image":"https:\/\/eldigitaldeasturias.com\/radio\/wp-content\/uploads\/2018\/03\/macbook-577758_1280.jpg","og:image:secure_url":"https:\/\/eldigitaldeasturias.com\/radio\/wp-content\/uploads\/2018\/03\/macbook-577758_1280.jpg","og:image:width":1280,"og:image:height":850,"article:published_time":"2021-04-02T16:30:37+00:00","article:modified_time":"2021-04-02T16:30:37+00:00","twitter:card":"summary_large_image","twitter:site":"@bercodi","twitter:title":"Desempleo en Alemania cae al 6,2 por ciento en marzo | El Digital de Asturias","twitter:description":"El n\u00famero de desempleados en Alemania descendi\u00f3 en 77.000 personas en marzo con respecto a febrero, gracias a la reactivaci\u00f3n primaveral del mercado laboral","twitter:creator":"@bercodi","twitter:image":"https:\/\/eldigitaldeasturias.com\/radio\/wp-content\/uploads\/2018\/03\/macbook-577758_1280.jpg"},"aioseo_meta_data":{"post_id":"5771","title":null,"description":"&nbsp;El n\u00famero de desempleados en Alemania descendi\u00f3 en 77.000 personas en marzo con respecto a febrero, gracias a la reactivaci\u00f3n primaveral del mercado laboral","keywords":[],"keyphrases":{"focus":[],"additional":[]},"primary_term":null,"canonical_url":null,"og_title":null,"og_description":null,"og_object_type":"default","og_image_type":"default","og_image_url":null,"og_image_width":null,"og_image_height":null,"og_image_custom_url":null,"og_image_custom_fields":null,"og_video":"","og_custom_url":null,"og_article_section":null,"og_article_tags":[],"twitter_use_og":false,"twitter_card":"default","twitter_image_type":"default","twitter_image_url":null,"twitter_image_custom_url":null,"twitter_image_custom_fields":null,"twitter_title":null,"twitter_description":null,"schema":{"blockGraphs":[],"customGraphs":[],"default":{"data":{"Article":[],"Course":[],"Dataset":[],"FAQPage":[],"Movie":[],"Person":[],"Product":[],"ProductReview":[],"Car":[],"Recipe":[],"Service":[],"SoftwareApplication":[],"WebPage":[]},"graphName":"","isEnabled":true},"graphs":[],"defaultGraph":"Article","defaultPostTypeGraph":""},"schema_type":"default","schema_type_options":"{\"article\":{\"articleType\":\"BlogPosting\"},\"course\":{\"name\":\"\",\"description\":\"\",\"provider\":\"\"},\"faq\":{\"pages\":[]},\"product\":{\"reviews\":[]},\"recipe\":{\"ingredients\":[],\"instructions\":[],\"keywords\":[]},\"software\":{\"reviews\":[],\"operatingSystems\":[]},\"webPage\":{\"webPageType\":\"WebPage\"}}","pillar_content":false,"robots_default":true,"robots_noindex":false,"robots_noarchive":false,"robots_nosnippet":false,"robots_nofollow":false,"robots_noimageindex":false,"robots_noodp":false,"robots_notranslate":false,"robots_max_snippet":"-1","robots_max_videopreview":"-1","robots_max_imagepreview":"large","priority":null,"frequency":"default","location":null,"local_seo":{"businessInfo":{"name":"","urls":{"website":"","aboutPage":"","contactPage":""},"address":{"line1":"","line2":"","zip":"","city":"","state":"","country":""},"contact":{"email":"","phone":"","fax":""},"ids":{"vatID":"","taxID":"","chamberID":""},"payment":{"priceIndication":"","currenciesAccepted":"","methodsAccepted":""},"areaServed":""},"openingHours":{"show":false,"closedLabel":"","open24h":false,"open24hLabel":"","open247":false,"use24hFormat":false,"twoSets":false,"timezone":"","hours":[]}},"seo_analyzer_scan_date":"2025-08-28 18:29:33","breadcrumb_settings":null,"limit_modified_date":false,"open_ai":null,"ai":null,"created":"2021-04-02 16:29:48","updated":"2025-08-28 18:29:33"},"aioseo_breadcrumb":"<div class=\"aioseo-breadcrumbs\"><span class=\"aioseo-breadcrumb\">\n\t<a href=\"https:\/\/eldigitaldeasturias.com\/radio\" title=\"Inicio\">Inicio<\/a>\n<\/span><span class=\"aioseo-breadcrumb-separator\">&ndash;<\/span><span class=\"aioseo-breadcrumb\">\n\t<a href=\"https:\/\/eldigitaldeasturias.com\/radio\/category\/noticias\/\" title=\"Noticias\">Noticias<\/a>\n<\/span><span class=\"aioseo-breadcrumb-separator\">&ndash;<\/span><span class=\"aioseo-breadcrumb\">\n\tDesempleo en Alemania cae al 6,2 por ciento en marzo\n<\/span><\/div>","aioseo_breadcrumb_json":[{"label":"Inicio","link":"https:\/\/eldigitaldeasturias.com\/radio"},{"label":"Noticias","link":"https:\/\/eldigitaldeasturias.com\/radio\/category\/noticias\/"},{"label":"Desempleo en Alemania cae al 6,2 por ciento en marzo","link":"https:\/\/eldigitaldeasturias.com\/radio\/desempleo-en-alemania-cae-al-62-por-ciento-en-marzo\/"}],"_links":{"self":[{"href":"https:\/\/eldigitaldeasturias.com\/radio\/wp-json\/wp\/v2\/posts\/5771","targetHints":{"allow":["GET"]}}],"collection":[{"href":"https:\/\/eldigitaldeasturias.com\/radio\/wp-json\/wp\/v2\/posts"}],"about":[{"href":"https:\/\/eldigitaldeasturias.com\/radio\/wp-json\/wp\/v2\/types\/post"}],"author":[{"embeddable":true,"href":"https:\/\/eldigitaldeasturias.com\/radio\/wp-json\/wp\/v2\/users\/1"}],"replies":[{"embeddable":true,"href":"https:\/\/eldigitaldeasturias.com\/radio\/wp-json\/wp\/v2\/comments?post=5771"}],"version-history":[{"count":0,"href":"https:\/\/eldigitaldeasturias.com\/radio\/wp-json\/wp\/v2\/posts\/5771\/revisions"}],"wp:featuredmedia":[{"embeddable":true,"href":"https:\/\/eldigitaldeasturias.com\/radio\/wp-json\/wp\/v2\/media\/62"}],"wp:attachment":[{"href":"https:\/\/eldigitaldeasturias.com\/radio\/wp-json\/wp\/v2\/media?parent=5771"}],"wp:term":[{"taxonomy":"category","embeddable":true,"href":"https:\/\/eldigitaldeasturias.com\/radio\/wp-json\/wp\/v2\/categories?post=5771"},{"taxonomy":"post_tag","embeddable":true,"href":"https:\/\/eldigitaldeasturias.com\/radio\/wp-json\/wp\/v2\/tags?post=5771"}],"curies":[{"name":"wp","href":"https:\/\/api.w.org\/{rel}","templated":true}]}}