{"id":5750,"date":"2021-03-30T00:19:24","date_gmt":"2021-03-30T00:19:24","guid":{"rendered":"http:\/\/eldigitaldeasturias.com\/radio\/?p=5750"},"modified":"2021-03-30T00:19:24","modified_gmt":"2021-03-30T00:19:24","slug":"estados-federados-defienden-la-reapertura-tras-las-criticas-de-merkel","status":"publish","type":"post","link":"https:\/\/eldigitaldeasturias.com\/radio\/estados-federados-defienden-la-reapertura-tras-las-criticas-de-merkel\/","title":{"rendered":"Estados federados defienden la reapertura tras las cr\u00edticas de Merkel"},"content":{"rendered":"<figure id=\"attachment_5751\" aria-describedby=\"caption-attachment-5751\" style=\"width: 360px\" class=\"wp-caption alignleft\"><img fetchpriority=\"high\" decoding=\"async\" class=\"size-medium wp-image-5751\" src=\"https:\/\/eldigitaldeasturias.com\/radio\/wp-content\/uploads\/2021\/03\/Armin-Laschet-360x225.jpg\" alt=\"Armin Laschet\" width=\"360\" height=\"225\" srcset=\"https:\/\/eldigitaldeasturias.com\/radio\/wp-content\/uploads\/2021\/03\/Armin-Laschet-360x225.jpg 360w, https:\/\/eldigitaldeasturias.com\/radio\/wp-content\/uploads\/2021\/03\/Armin-Laschet-1024x641.jpg 1024w, https:\/\/eldigitaldeasturias.com\/radio\/wp-content\/uploads\/2021\/03\/Armin-Laschet-768x481.jpg 768w, https:\/\/eldigitaldeasturias.com\/radio\/wp-content\/uploads\/2021\/03\/Armin-Laschet.jpg 1037w\" sizes=\"(max-width: 360px) 100vw, 360px\" \/><figcaption id=\"caption-attachment-5751\" class=\"wp-caption-text\">Foto: Michael Kappeler\/dpa-Pool\/dpa<\/figcaption><\/figure>\n<p>Berl\u00edn, 29 mar (dpa) &#8211; Los primeros ministros de varias regiones alemanas defendieron hoy sus planes de reapertura tras las cr\u00edticas realizadas por la canciller alemana, Angela Merkel, quien insinu\u00f3 que podr\u00edan ser eliminados por el Gobierno federal.<\/p>\n<p>Entre ellos se encuentran Armin Laschet, l\u00edder de la Uni\u00f3n Dem\u00f3crata Cristiana (CDU) y primer ministro de Renania del Norte-Westfalia, as\u00ed como sus hom\u00f3logos de Schleswig-Holstein, Daniel G\u00fcnther, y del Sarre, Tobias Hans.<\/p>\n<p>\u00abTodo el mundo quiere que baje el n\u00famero de infecciones, y todos han tomado las medidas adecuadas para su (respectivo) estado\u00bb, dijo Laschet tras una reuni\u00f3n de la direcci\u00f3n de la CDU.<\/p>\n<p>\u00abSeguiremos con esta estrategia\u00bb, declar\u00f3 por su parte Hans, a\u00f1adiendo que el enfoque \u00abcauteloso\u00bb del Sarre \u00abgarantizar\u00e1 que las actividades que actualmente se realizan de forma il\u00edcita en el interior se lleven al exterior\u00bb.<\/p>\n<p>Tanto Laschet como Hans vinculan la flexibilizaci\u00f3n de las medidas al aumento masivo de la realizaci\u00f3n de pruebas r\u00e1pidas de ant\u00edgenos. Ambos argumentan que sus estrategias pueden ayudar a rastrear los casos de coronavirus y, por tanto, a frenar una tercera ola de infecciones.<\/p>\n<p>Seg\u00fan sostuvieron en una reuni\u00f3n virtual con sus pares, permitir la reapertura si las personas son capaces de mostrar un resultado negativo evitar\u00eda que la gente se salte las normas de forma clandestina.<\/p>\n<p>Previamente, la canciller alemana, Angela Merkel, critic\u00f3 durante una entrevista televisiva la gesti\u00f3n de algunas regiones alemanas de la crisis del coronavirus e insinu\u00f3 una medida federal para uniformizar la respuesta ante la misma.<\/p>\n<p>\u00abTenemos que utilizar con mucha seriedad las medidas adecuadas. Y algunos estados federados lo est\u00e1n haciendo, otros a\u00fan no\u00bb, declar\u00f3 Merkel en un programa emitido en la cadena p\u00fablica ARD.<\/p>\n<p>Merkel se refiri\u00f3 as\u00ed al llamado \u00abfreno de emergencia\u00bb, medida acordada para endurecer las restricciones en aquellos estados en los que la incidencia acumulada de siete d\u00edas supere durante tres d\u00edas los 100 nuevos contagios por cada 100.000 habitantes.<\/p>\n<p>La canciller germana manifest\u00f3 que si eso no ocurre \u00aben un futuro muy previsible\u00bb, tendr\u00eda que considerar c\u00f3mo podr\u00eda regularse a nivel federal. \u00abEse es mi juramento de cargo, esa es mi obligaci\u00f3n\u00bb, dijo Merkel.<\/p>\n<p>Las declaraciones de Merkel fueron apoyadas tambi\u00e9n por el ministro alem\u00e1n del Interior, Horst Seehofer, quien se mostr\u00f3 hoy a favor de dotar de m\u00e1s competencias al Gobierno federal en la lucha contra el coronavirus ante el aumento de las cifras de contagio.<\/p>\n<p>En declaraciones realizadas el diario \u00abS\u00fcddeutsche Zeitung\u00bb, el pol\u00edtico defendi\u00f3 que para ello se aclare la actual ley de protecci\u00f3n contra infecciones o se apruebe una ley aparte, en la que se regule con precisi\u00f3n \u00abqu\u00e9 tiene que pasar ante cada incidencia\u00bb.<\/p>\n<p>Seg\u00fan Seehofer, el Gobierno federal \u00abha tenido desde siempre la competencia legislativa en este \u00e1mbito\u00bb. \u00abSolo hay que hacer uso de ella\u00bb, a\u00f1adi\u00f3.<\/p>\n<p>El ministro consider\u00f3 como err\u00f3neo combatir la pandemia a trav\u00e9s de conferencias entre las autoridades del Gobierno federal y los estados federados. \u00abNo se puede continuar este procedimiento as\u00ed\u00bb, opin\u00f3, al se\u00f1alar que ser\u00eda mejor que el Bundestag y el Bundesrat decidieran las medidas necesarias.<\/p>\n<p>Seehofer explic\u00f3 que la realizaci\u00f3n de pruebas de contagio fue un pilar importante del control de la pandemia cuando se trataba de reabrir diferentes esferas de la econom\u00eda. Sin embargo, coment\u00f3 que lo importante ahora es reducir lo m\u00e1s posible el n\u00famero de contagios en las pr\u00f3ximas dos semanas.<\/p>\n","protected":false},"excerpt":{"rendered":"<p>Berl\u00edn, 29 mar (dpa) &#8211; Los primeros ministros de varias regiones alemanas defendieron hoy sus planes de reapertura tras las cr\u00edticas realizadas por la canciller alemana, Angela Merkel, quien insinu\u00f3 que podr\u00edan ser eliminados por el Gobierno federal. Entre ellos se encuentran Armin Laschet, l\u00edder de la Uni\u00f3n Dem\u00f3crata Cristiana (CDU) y primer ministro de<\/p>\n","protected":false},"author":1,"featured_media":5751,"comment_status":"closed","ping_status":"closed","sticky":false,"template":"","format":"standard","meta":{"footnotes":""},"categories":[1],"tags":[],"class_list":{"0":"post-5750","1":"post","2":"type-post","3":"status-publish","4":"format-standard","5":"has-post-thumbnail","7":"category-noticias"},"aioseo_notices":[],"aioseo_head":"\n\t\t<!-- All in One SEO Pro 4.9.6.2 - aioseo.com -->\n\t<meta name=\"description\" content=\"Los primeros ministros de varias regiones alemanas defendieron hoy sus planes de reapertura tras las cr\u00edticas realizadas por la canciller alemanaBerl\u00edn, 29 mar (dpa) - Los primeros ministros de varias regiones alemanas defendieron hoy sus planes de reapertura tras las cr\u00edticas realizadas por la canciller alemana, Angela Merkel, quien insinu\u00f3 que podr\u00edan ser eliminados por el Gobierno federal. Entre ellos se encuentran Armin Laschet, l\u00edder de la Uni\u00f3n Dem\u00f3crata Cristiana (CDU) y primer ministro de\" \/>\n\t<meta name=\"robots\" content=\"max-image-preview:large\" \/>\n\t<meta name=\"author\" content=\"NBAsturias\"\/>\n\t<meta name=\"google-site-verification\" content=\"UA-38556648-1\" \/>\n\t<meta name=\"keywords\" content=\"noticias\" \/>\n\t<link rel=\"canonical\" href=\"https:\/\/eldigitaldeasturias.com\/radio\/estados-federados-defienden-la-reapertura-tras-las-criticas-de-merkel\/\" \/>\n\t<meta name=\"generator\" content=\"All in One SEO Pro (AIOSEO) 4.9.6.2\" \/>\n\t\t<meta property=\"og:locale\" content=\"es_ES\" \/>\n\t\t<meta property=\"og:site_name\" content=\"El Digital de Asturias | Diario de informaci\u00f3n y noticias\" \/>\n\t\t<meta property=\"og:type\" content=\"article\" \/>\n\t\t<meta property=\"og:title\" content=\"Estados federados defienden la reapertura tras las cr\u00edticas de Merkel | El Digital de Asturias\" \/>\n\t\t<meta property=\"og:description\" content=\"Los primeros ministros de varias regiones alemanas defendieron hoy sus planes de reapertura tras las cr\u00edticas realizadas por la canciller alemanaBerl\u00edn, 29 mar (dpa) - Los primeros ministros de varias regiones alemanas defendieron hoy sus planes de reapertura tras las cr\u00edticas realizadas por la canciller alemana, Angela Merkel, quien insinu\u00f3 que podr\u00edan ser eliminados por el Gobierno federal. Entre ellos se encuentran Armin Laschet, l\u00edder de la Uni\u00f3n Dem\u00f3crata Cristiana (CDU) y primer ministro de\" \/>\n\t\t<meta property=\"og:url\" content=\"https:\/\/eldigitaldeasturias.com\/radio\/estados-federados-defienden-la-reapertura-tras-las-criticas-de-merkel\/\" \/>\n\t\t<meta property=\"og:image\" content=\"https:\/\/eldigitaldeasturias.com\/radio\/wp-content\/uploads\/2021\/03\/Armin-Laschet.jpg\" \/>\n\t\t<meta property=\"og:image:secure_url\" content=\"https:\/\/eldigitaldeasturias.com\/radio\/wp-content\/uploads\/2021\/03\/Armin-Laschet.jpg\" \/>\n\t\t<meta property=\"og:image:width\" content=\"1037\" \/>\n\t\t<meta property=\"og:image:height\" content=\"649\" \/>\n\t\t<meta property=\"article:published_time\" content=\"2021-03-30T00:19:24+00:00\" \/>\n\t\t<meta property=\"article:modified_time\" content=\"2021-03-30T00:19:24+00:00\" \/>\n\t\t<meta name=\"twitter:card\" content=\"summary_large_image\" \/>\n\t\t<meta name=\"twitter:site\" content=\"@bercodi\" \/>\n\t\t<meta name=\"twitter:title\" content=\"Estados federados defienden la reapertura tras las cr\u00edticas de Merkel | El Digital de Asturias\" \/>\n\t\t<meta name=\"twitter:description\" content=\"Los primeros ministros de varias regiones alemanas defendieron hoy sus planes de reapertura tras las cr\u00edticas realizadas por la canciller alemanaBerl\u00edn, 29 mar (dpa) - Los primeros ministros de varias regiones alemanas defendieron hoy sus planes de reapertura tras las cr\u00edticas realizadas por la canciller alemana, Angela Merkel, quien insinu\u00f3 que podr\u00edan ser eliminados por el Gobierno federal. Entre ellos se encuentran Armin Laschet, l\u00edder de la Uni\u00f3n Dem\u00f3crata Cristiana (CDU) y primer ministro de\" \/>\n\t\t<meta name=\"twitter:creator\" content=\"@bercodi\" \/>\n\t\t<meta name=\"twitter:image\" content=\"https:\/\/eldigitaldeasturias.com\/radio\/wp-content\/uploads\/2021\/03\/Armin-Laschet.jpg\" \/>\n\t\t<script type=\"application\/ld+json\" class=\"aioseo-schema\">\n\t\t\t{\"@context\":\"https:\\\/\\\/schema.org\",\"@graph\":[{\"@type\":\"BreadcrumbList\",\"@id\":\"https:\\\/\\\/eldigitaldeasturias.com\\\/radio\\\/estados-federados-defienden-la-reapertura-tras-las-criticas-de-merkel\\\/#breadcrumblist\",\"itemListElement\":[{\"@type\":\"ListItem\",\"@id\":\"https:\\\/\\\/eldigitaldeasturias.com\\\/radio#listItem\",\"position\":1,\"name\":\"Inicio\",\"item\":\"https:\\\/\\\/eldigitaldeasturias.com\\\/radio\",\"nextItem\":{\"@type\":\"ListItem\",\"@id\":\"https:\\\/\\\/eldigitaldeasturias.com\\\/radio\\\/category\\\/noticias\\\/#listItem\",\"name\":\"Noticias\"}},{\"@type\":\"ListItem\",\"@id\":\"https:\\\/\\\/eldigitaldeasturias.com\\\/radio\\\/category\\\/noticias\\\/#listItem\",\"position\":2,\"name\":\"Noticias\",\"item\":\"https:\\\/\\\/eldigitaldeasturias.com\\\/radio\\\/category\\\/noticias\\\/\",\"nextItem\":{\"@type\":\"ListItem\",\"@id\":\"https:\\\/\\\/eldigitaldeasturias.com\\\/radio\\\/estados-federados-defienden-la-reapertura-tras-las-criticas-de-merkel\\\/#listItem\",\"name\":\"Estados federados defienden la reapertura tras las cr\\u00edticas de Merkel\"},\"previousItem\":{\"@type\":\"ListItem\",\"@id\":\"https:\\\/\\\/eldigitaldeasturias.com\\\/radio#listItem\",\"name\":\"Inicio\"}},{\"@type\":\"ListItem\",\"@id\":\"https:\\\/\\\/eldigitaldeasturias.com\\\/radio\\\/estados-federados-defienden-la-reapertura-tras-las-criticas-de-merkel\\\/#listItem\",\"position\":3,\"name\":\"Estados federados defienden la reapertura tras las cr\\u00edticas de Merkel\",\"previousItem\":{\"@type\":\"ListItem\",\"@id\":\"https:\\\/\\\/eldigitaldeasturias.com\\\/radio\\\/category\\\/noticias\\\/#listItem\",\"name\":\"Noticias\"}}]},{\"@type\":\"NewsArticle\",\"@id\":\"https:\\\/\\\/eldigitaldeasturias.com\\\/radio\\\/estados-federados-defienden-la-reapertura-tras-las-criticas-de-merkel\\\/#newsarticle\",\"name\":\"Estados federados defienden la reapertura tras las cr\\u00edticas de Merkel | El Digital de Asturias\",\"headline\":\"Estados federados defienden la reapertura tras las cr\\u00edticas de Merkel\",\"author\":{\"@id\":\"https:\\\/\\\/eldigitaldeasturias.com\\\/radio\\\/author\\\/nbasturias\\\/#author\"},\"publisher\":{\"@id\":\"https:\\\/\\\/eldigitaldeasturias.com\\\/radio\\\/#organization\"},\"image\":{\"@type\":\"ImageObject\",\"url\":\"https:\\\/\\\/eldigitaldeasturias.com\\\/radio\\\/wp-content\\\/uploads\\\/2021\\\/03\\\/Armin-Laschet.jpg\",\"width\":1037,\"height\":649,\"caption\":\"Foto: Michael Kappeler\\\/dpa-Pool\\\/dpa\"},\"datePublished\":\"2021-03-30T00:19:24+02:00\",\"dateModified\":\"2021-03-30T00:19:24+02:00\",\"inLanguage\":\"es-ES\",\"mainEntityOfPage\":{\"@id\":\"https:\\\/\\\/eldigitaldeasturias.com\\\/radio\\\/estados-federados-defienden-la-reapertura-tras-las-criticas-de-merkel\\\/#webpage\"},\"isPartOf\":{\"@id\":\"https:\\\/\\\/eldigitaldeasturias.com\\\/radio\\\/estados-federados-defienden-la-reapertura-tras-las-criticas-de-merkel\\\/#webpage\"},\"articleSection\":\"Noticias\",\"dateline\":\"Publicado el marzo 30, 2021.\"},{\"@type\":\"Organization\",\"@id\":\"https:\\\/\\\/eldigitaldeasturias.com\\\/radio\\\/#organization\",\"name\":\"El digital de Asturias Radio\",\"description\":\"Diario de informaci\\u00f3n y noticias\",\"url\":\"https:\\\/\\\/eldigitaldeasturias.com\\\/radio\\\/\",\"telephone\":\"+34652131393\",\"logo\":{\"@type\":\"ImageObject\",\"url\":\"https:\\\/\\\/www.eldigitaldeasturias.com\\\/radio\\\/wp-content\\\/uploads\\\/2021\\\/03\\\/EDA.jpg\",\"@id\":\"https:\\\/\\\/eldigitaldeasturias.com\\\/radio\\\/estados-federados-defienden-la-reapertura-tras-las-criticas-de-merkel\\\/#organizationLogo\"},\"image\":{\"@id\":\"https:\\\/\\\/eldigitaldeasturias.com\\\/radio\\\/estados-federados-defienden-la-reapertura-tras-las-criticas-de-merkel\\\/#organizationLogo\"},\"sameAs\":[\"https:\\\/\\\/www.facebook.com\\\/\",\"https:\\\/\\\/x.com\\\/bercodi\",\"https:\\\/\\\/www.instagram.com\\\/\",\"https:\\\/\\\/www.youtube.com\\\/channel\\\/UCZP-2wLEB9Rv6erhFmqVnvg\"]},{\"@type\":\"Person\",\"@id\":\"https:\\\/\\\/eldigitaldeasturias.com\\\/radio\\\/author\\\/nbasturias\\\/#author\",\"url\":\"https:\\\/\\\/eldigitaldeasturias.com\\\/radio\\\/author\\\/nbasturias\\\/\",\"name\":\"NBAsturias\",\"image\":{\"@type\":\"ImageObject\",\"@id\":\"https:\\\/\\\/eldigitaldeasturias.com\\\/radio\\\/estados-federados-defienden-la-reapertura-tras-las-criticas-de-merkel\\\/#authorImage\",\"url\":\"https:\\\/\\\/secure.gravatar.com\\\/avatar\\\/df2aeffc32bcd13f8d26072ef8a91b623d677766deac7f97ca815868cd41bf5e?s=96&d=mm&r=g\",\"width\":96,\"height\":96,\"caption\":\"NBAsturias\"}},{\"@type\":\"WebPage\",\"@id\":\"https:\\\/\\\/eldigitaldeasturias.com\\\/radio\\\/estados-federados-defienden-la-reapertura-tras-las-criticas-de-merkel\\\/#webpage\",\"url\":\"https:\\\/\\\/eldigitaldeasturias.com\\\/radio\\\/estados-federados-defienden-la-reapertura-tras-las-criticas-de-merkel\\\/\",\"name\":\"Estados federados defienden la reapertura tras las cr\\u00edticas de Merkel | El Digital de Asturias\",\"description\":\"Los primeros ministros de varias regiones alemanas defendieron hoy sus planes de reapertura tras las cr\\u00edticas realizadas por la canciller alemanaBerl\\u00edn, 29 mar (dpa) - Los primeros ministros de varias regiones alemanas defendieron hoy sus planes de reapertura tras las cr\\u00edticas realizadas por la canciller alemana, Angela Merkel, quien insinu\\u00f3 que podr\\u00edan ser eliminados por el Gobierno federal. Entre ellos se encuentran Armin Laschet, l\\u00edder de la Uni\\u00f3n Dem\\u00f3crata Cristiana (CDU) y primer ministro de\",\"inLanguage\":\"es-ES\",\"isPartOf\":{\"@id\":\"https:\\\/\\\/eldigitaldeasturias.com\\\/radio\\\/#website\"},\"breadcrumb\":{\"@id\":\"https:\\\/\\\/eldigitaldeasturias.com\\\/radio\\\/estados-federados-defienden-la-reapertura-tras-las-criticas-de-merkel\\\/#breadcrumblist\"},\"author\":{\"@id\":\"https:\\\/\\\/eldigitaldeasturias.com\\\/radio\\\/author\\\/nbasturias\\\/#author\"},\"creator\":{\"@id\":\"https:\\\/\\\/eldigitaldeasturias.com\\\/radio\\\/author\\\/nbasturias\\\/#author\"},\"image\":{\"@type\":\"ImageObject\",\"url\":\"https:\\\/\\\/eldigitaldeasturias.com\\\/radio\\\/wp-content\\\/uploads\\\/2021\\\/03\\\/Armin-Laschet.jpg\",\"@id\":\"https:\\\/\\\/eldigitaldeasturias.com\\\/radio\\\/estados-federados-defienden-la-reapertura-tras-las-criticas-de-merkel\\\/#mainImage\",\"width\":1037,\"height\":649,\"caption\":\"Foto: Michael Kappeler\\\/dpa-Pool\\\/dpa\"},\"primaryImageOfPage\":{\"@id\":\"https:\\\/\\\/eldigitaldeasturias.com\\\/radio\\\/estados-federados-defienden-la-reapertura-tras-las-criticas-de-merkel\\\/#mainImage\"},\"datePublished\":\"2021-03-30T00:19:24+02:00\",\"dateModified\":\"2021-03-30T00:19:24+02:00\"},{\"@type\":\"WebSite\",\"@id\":\"https:\\\/\\\/eldigitaldeasturias.com\\\/radio\\\/#website\",\"url\":\"https:\\\/\\\/eldigitaldeasturias.com\\\/radio\\\/\",\"name\":\"El Digital de Asturias\",\"description\":\"Diario de informaci\\u00f3n y noticias\",\"inLanguage\":\"es-ES\",\"publisher\":{\"@id\":\"https:\\\/\\\/eldigitaldeasturias.com\\\/radio\\\/#organization\"}}]}\n\t\t<\/script>\n\t\t<!-- All in One SEO Pro -->\r\n\t\t<title>Estados federados defienden la reapertura tras las cr\u00edticas de Merkel | El Digital de Asturias<\/title>\n\n","aioseo_head_json":{"title":"Estados federados defienden la reapertura tras las cr\u00edticas de Merkel | El Digital de Asturias","description":"Los primeros ministros de varias regiones alemanas defendieron hoy sus planes de reapertura tras las cr\u00edticas realizadas por la canciller alemanaBerl\u00edn, 29 mar (dpa) - Los primeros ministros de varias regiones alemanas defendieron hoy sus planes de reapertura tras las cr\u00edticas realizadas por la canciller alemana, Angela Merkel, quien insinu\u00f3 que podr\u00edan ser eliminados por el Gobierno federal. Entre ellos se encuentran Armin Laschet, l\u00edder de la Uni\u00f3n Dem\u00f3crata Cristiana (CDU) y primer ministro de","canonical_url":"https:\/\/eldigitaldeasturias.com\/radio\/estados-federados-defienden-la-reapertura-tras-las-criticas-de-merkel\/","robots":"max-image-preview:large","keywords":"noticias","webmasterTools":{"google-site-verification":"UA-38556648-1","miscellaneous":""},"schema":{"@context":"https:\/\/schema.org","@graph":[{"@type":"BreadcrumbList","@id":"https:\/\/eldigitaldeasturias.com\/radio\/estados-federados-defienden-la-reapertura-tras-las-criticas-de-merkel\/#breadcrumblist","itemListElement":[{"@type":"ListItem","@id":"https:\/\/eldigitaldeasturias.com\/radio#listItem","position":1,"name":"Inicio","item":"https:\/\/eldigitaldeasturias.com\/radio","nextItem":{"@type":"ListItem","@id":"https:\/\/eldigitaldeasturias.com\/radio\/category\/noticias\/#listItem","name":"Noticias"}},{"@type":"ListItem","@id":"https:\/\/eldigitaldeasturias.com\/radio\/category\/noticias\/#listItem","position":2,"name":"Noticias","item":"https:\/\/eldigitaldeasturias.com\/radio\/category\/noticias\/","nextItem":{"@type":"ListItem","@id":"https:\/\/eldigitaldeasturias.com\/radio\/estados-federados-defienden-la-reapertura-tras-las-criticas-de-merkel\/#listItem","name":"Estados federados defienden la reapertura tras las cr\u00edticas de Merkel"},"previousItem":{"@type":"ListItem","@id":"https:\/\/eldigitaldeasturias.com\/radio#listItem","name":"Inicio"}},{"@type":"ListItem","@id":"https:\/\/eldigitaldeasturias.com\/radio\/estados-federados-defienden-la-reapertura-tras-las-criticas-de-merkel\/#listItem","position":3,"name":"Estados federados defienden la reapertura tras las cr\u00edticas de Merkel","previousItem":{"@type":"ListItem","@id":"https:\/\/eldigitaldeasturias.com\/radio\/category\/noticias\/#listItem","name":"Noticias"}}]},{"@type":"NewsArticle","@id":"https:\/\/eldigitaldeasturias.com\/radio\/estados-federados-defienden-la-reapertura-tras-las-criticas-de-merkel\/#newsarticle","name":"Estados federados defienden la reapertura tras las cr\u00edticas de Merkel | El Digital de Asturias","headline":"Estados federados defienden la reapertura tras las cr\u00edticas de Merkel","author":{"@id":"https:\/\/eldigitaldeasturias.com\/radio\/author\/nbasturias\/#author"},"publisher":{"@id":"https:\/\/eldigitaldeasturias.com\/radio\/#organization"},"image":{"@type":"ImageObject","url":"https:\/\/eldigitaldeasturias.com\/radio\/wp-content\/uploads\/2021\/03\/Armin-Laschet.jpg","width":1037,"height":649,"caption":"Foto: Michael Kappeler\/dpa-Pool\/dpa"},"datePublished":"2021-03-30T00:19:24+02:00","dateModified":"2021-03-30T00:19:24+02:00","inLanguage":"es-ES","mainEntityOfPage":{"@id":"https:\/\/eldigitaldeasturias.com\/radio\/estados-federados-defienden-la-reapertura-tras-las-criticas-de-merkel\/#webpage"},"isPartOf":{"@id":"https:\/\/eldigitaldeasturias.com\/radio\/estados-federados-defienden-la-reapertura-tras-las-criticas-de-merkel\/#webpage"},"articleSection":"Noticias","dateline":"Publicado el marzo 30, 2021."},{"@type":"Organization","@id":"https:\/\/eldigitaldeasturias.com\/radio\/#organization","name":"El digital de Asturias Radio","description":"Diario de informaci\u00f3n y noticias","url":"https:\/\/eldigitaldeasturias.com\/radio\/","telephone":"+34652131393","logo":{"@type":"ImageObject","url":"https:\/\/www.eldigitaldeasturias.com\/radio\/wp-content\/uploads\/2021\/03\/EDA.jpg","@id":"https:\/\/eldigitaldeasturias.com\/radio\/estados-federados-defienden-la-reapertura-tras-las-criticas-de-merkel\/#organizationLogo"},"image":{"@id":"https:\/\/eldigitaldeasturias.com\/radio\/estados-federados-defienden-la-reapertura-tras-las-criticas-de-merkel\/#organizationLogo"},"sameAs":["https:\/\/www.facebook.com\/","https:\/\/x.com\/bercodi","https:\/\/www.instagram.com\/","https:\/\/www.youtube.com\/channel\/UCZP-2wLEB9Rv6erhFmqVnvg"]},{"@type":"Person","@id":"https:\/\/eldigitaldeasturias.com\/radio\/author\/nbasturias\/#author","url":"https:\/\/eldigitaldeasturias.com\/radio\/author\/nbasturias\/","name":"NBAsturias","image":{"@type":"ImageObject","@id":"https:\/\/eldigitaldeasturias.com\/radio\/estados-federados-defienden-la-reapertura-tras-las-criticas-de-merkel\/#authorImage","url":"https:\/\/secure.gravatar.com\/avatar\/df2aeffc32bcd13f8d26072ef8a91b623d677766deac7f97ca815868cd41bf5e?s=96&d=mm&r=g","width":96,"height":96,"caption":"NBAsturias"}},{"@type":"WebPage","@id":"https:\/\/eldigitaldeasturias.com\/radio\/estados-federados-defienden-la-reapertura-tras-las-criticas-de-merkel\/#webpage","url":"https:\/\/eldigitaldeasturias.com\/radio\/estados-federados-defienden-la-reapertura-tras-las-criticas-de-merkel\/","name":"Estados federados defienden la reapertura tras las cr\u00edticas de Merkel | El Digital de Asturias","description":"Los primeros ministros de varias regiones alemanas defendieron hoy sus planes de reapertura tras las cr\u00edticas realizadas por la canciller alemanaBerl\u00edn, 29 mar (dpa) - Los primeros ministros de varias regiones alemanas defendieron hoy sus planes de reapertura tras las cr\u00edticas realizadas por la canciller alemana, Angela Merkel, quien insinu\u00f3 que podr\u00edan ser eliminados por el Gobierno federal. Entre ellos se encuentran Armin Laschet, l\u00edder de la Uni\u00f3n Dem\u00f3crata Cristiana (CDU) y primer ministro de","inLanguage":"es-ES","isPartOf":{"@id":"https:\/\/eldigitaldeasturias.com\/radio\/#website"},"breadcrumb":{"@id":"https:\/\/eldigitaldeasturias.com\/radio\/estados-federados-defienden-la-reapertura-tras-las-criticas-de-merkel\/#breadcrumblist"},"author":{"@id":"https:\/\/eldigitaldeasturias.com\/radio\/author\/nbasturias\/#author"},"creator":{"@id":"https:\/\/eldigitaldeasturias.com\/radio\/author\/nbasturias\/#author"},"image":{"@type":"ImageObject","url":"https:\/\/eldigitaldeasturias.com\/radio\/wp-content\/uploads\/2021\/03\/Armin-Laschet.jpg","@id":"https:\/\/eldigitaldeasturias.com\/radio\/estados-federados-defienden-la-reapertura-tras-las-criticas-de-merkel\/#mainImage","width":1037,"height":649,"caption":"Foto: Michael Kappeler\/dpa-Pool\/dpa"},"primaryImageOfPage":{"@id":"https:\/\/eldigitaldeasturias.com\/radio\/estados-federados-defienden-la-reapertura-tras-las-criticas-de-merkel\/#mainImage"},"datePublished":"2021-03-30T00:19:24+02:00","dateModified":"2021-03-30T00:19:24+02:00"},{"@type":"WebSite","@id":"https:\/\/eldigitaldeasturias.com\/radio\/#website","url":"https:\/\/eldigitaldeasturias.com\/radio\/","name":"El Digital de Asturias","description":"Diario de informaci\u00f3n y noticias","inLanguage":"es-ES","publisher":{"@id":"https:\/\/eldigitaldeasturias.com\/radio\/#organization"}}]},"og:locale":"es_ES","og:site_name":"El Digital de Asturias | Diario de informaci\u00f3n y noticias","og:type":"article","og:title":"Estados federados defienden la reapertura tras las cr\u00edticas de Merkel | El Digital de Asturias","og:description":"Los primeros ministros de varias regiones alemanas defendieron hoy sus planes de reapertura tras las cr\u00edticas realizadas por la canciller alemanaBerl\u00edn, 29 mar (dpa) - Los primeros ministros de varias regiones alemanas defendieron hoy sus planes de reapertura tras las cr\u00edticas realizadas por la canciller alemana, Angela Merkel, quien insinu\u00f3 que podr\u00edan ser eliminados por el Gobierno federal. Entre ellos se encuentran Armin Laschet, l\u00edder de la Uni\u00f3n Dem\u00f3crata Cristiana (CDU) y primer ministro de","og:url":"https:\/\/eldigitaldeasturias.com\/radio\/estados-federados-defienden-la-reapertura-tras-las-criticas-de-merkel\/","og:image":"https:\/\/eldigitaldeasturias.com\/radio\/wp-content\/uploads\/2021\/03\/Armin-Laschet.jpg","og:image:secure_url":"https:\/\/eldigitaldeasturias.com\/radio\/wp-content\/uploads\/2021\/03\/Armin-Laschet.jpg","og:image:width":1037,"og:image:height":649,"article:published_time":"2021-03-30T00:19:24+00:00","article:modified_time":"2021-03-30T00:19:24+00:00","twitter:card":"summary_large_image","twitter:site":"@bercodi","twitter:title":"Estados federados defienden la reapertura tras las cr\u00edticas de Merkel | El Digital de Asturias","twitter:description":"Los primeros ministros de varias regiones alemanas defendieron hoy sus planes de reapertura tras las cr\u00edticas realizadas por la canciller alemanaBerl\u00edn, 29 mar (dpa) - Los primeros ministros de varias regiones alemanas defendieron hoy sus planes de reapertura tras las cr\u00edticas realizadas por la canciller alemana, Angela Merkel, quien insinu\u00f3 que podr\u00edan ser eliminados por el Gobierno federal. Entre ellos se encuentran Armin Laschet, l\u00edder de la Uni\u00f3n Dem\u00f3crata Cristiana (CDU) y primer ministro de","twitter:creator":"@bercodi","twitter:image":"https:\/\/eldigitaldeasturias.com\/radio\/wp-content\/uploads\/2021\/03\/Armin-Laschet.jpg"},"aioseo_meta_data":{"post_id":"5750","title":null,"description":"&nbsp;Los primeros ministros de varias regiones alemanas defendieron hoy sus planes de reapertura tras las cr\u00edticas realizadas por la canciller alemana#post_excerpt","keywords":[],"keyphrases":{"focus":[],"additional":[]},"primary_term":null,"canonical_url":null,"og_title":null,"og_description":null,"og_object_type":"default","og_image_type":"default","og_image_url":null,"og_image_width":null,"og_image_height":null,"og_image_custom_url":null,"og_image_custom_fields":null,"og_video":"","og_custom_url":null,"og_article_section":null,"og_article_tags":[],"twitter_use_og":false,"twitter_card":"default","twitter_image_type":"default","twitter_image_url":null,"twitter_image_custom_url":null,"twitter_image_custom_fields":null,"twitter_title":null,"twitter_description":null,"schema":{"blockGraphs":[],"customGraphs":[],"default":{"data":{"Article":[],"Course":[],"Dataset":[],"FAQPage":[],"Movie":[],"Person":[],"Product":[],"ProductReview":[],"Car":[],"Recipe":[],"Service":[],"SoftwareApplication":[],"WebPage":[]},"graphName":"","isEnabled":true},"graphs":[],"defaultGraph":"Article","defaultPostTypeGraph":""},"schema_type":"default","schema_type_options":"{\"article\":{\"articleType\":\"BlogPosting\"},\"course\":{\"name\":\"\",\"description\":\"\",\"provider\":\"\"},\"faq\":{\"pages\":[]},\"product\":{\"reviews\":[]},\"recipe\":{\"ingredients\":[],\"instructions\":[],\"keywords\":[]},\"software\":{\"reviews\":[],\"operatingSystems\":[]},\"webPage\":{\"webPageType\":\"WebPage\"}}","pillar_content":false,"robots_default":true,"robots_noindex":false,"robots_noarchive":false,"robots_nosnippet":false,"robots_nofollow":false,"robots_noimageindex":false,"robots_noodp":false,"robots_notranslate":false,"robots_max_snippet":"-1","robots_max_videopreview":"-1","robots_max_imagepreview":"large","priority":null,"frequency":"default","location":null,"local_seo":{"businessInfo":{"name":"","urls":{"website":"","aboutPage":"","contactPage":""},"address":{"line1":"","line2":"","zip":"","city":"","state":"","country":""},"contact":{"email":"","phone":"","fax":""},"ids":{"vatID":"","taxID":"","chamberID":""},"payment":{"priceIndication":"","currenciesAccepted":"","methodsAccepted":""},"areaServed":""},"openingHours":{"show":false,"closedLabel":"","open24h":false,"open24hLabel":"","open247":false,"use24hFormat":false,"twoSets":false,"timezone":"","hours":[]}},"seo_analyzer_scan_date":"2025-08-28 18:27:24","breadcrumb_settings":null,"limit_modified_date":false,"open_ai":null,"ai":null,"created":"2021-03-30 00:15:03","updated":"2025-08-28 18:27:24"},"aioseo_breadcrumb":"<div class=\"aioseo-breadcrumbs\"><span class=\"aioseo-breadcrumb\">\n\t<a href=\"https:\/\/eldigitaldeasturias.com\/radio\" title=\"Inicio\">Inicio<\/a>\n<\/span><span class=\"aioseo-breadcrumb-separator\">&ndash;<\/span><span class=\"aioseo-breadcrumb\">\n\t<a href=\"https:\/\/eldigitaldeasturias.com\/radio\/category\/noticias\/\" title=\"Noticias\">Noticias<\/a>\n<\/span><span class=\"aioseo-breadcrumb-separator\">&ndash;<\/span><span class=\"aioseo-breadcrumb\">\n\tEstados federados defienden la reapertura tras las cr\u00edticas de Merkel\n<\/span><\/div>","aioseo_breadcrumb_json":[{"label":"Inicio","link":"https:\/\/eldigitaldeasturias.com\/radio"},{"label":"Noticias","link":"https:\/\/eldigitaldeasturias.com\/radio\/category\/noticias\/"},{"label":"Estados federados defienden la reapertura tras las cr\u00edticas de Merkel","link":"https:\/\/eldigitaldeasturias.com\/radio\/estados-federados-defienden-la-reapertura-tras-las-criticas-de-merkel\/"}],"_links":{"self":[{"href":"https:\/\/eldigitaldeasturias.com\/radio\/wp-json\/wp\/v2\/posts\/5750","targetHints":{"allow":["GET"]}}],"collection":[{"href":"https:\/\/eldigitaldeasturias.com\/radio\/wp-json\/wp\/v2\/posts"}],"about":[{"href":"https:\/\/eldigitaldeasturias.com\/radio\/wp-json\/wp\/v2\/types\/post"}],"author":[{"embeddable":true,"href":"https:\/\/eldigitaldeasturias.com\/radio\/wp-json\/wp\/v2\/users\/1"}],"replies":[{"embeddable":true,"href":"https:\/\/eldigitaldeasturias.com\/radio\/wp-json\/wp\/v2\/comments?post=5750"}],"version-history":[{"count":0,"href":"https:\/\/eldigitaldeasturias.com\/radio\/wp-json\/wp\/v2\/posts\/5750\/revisions"}],"wp:featuredmedia":[{"embeddable":true,"href":"https:\/\/eldigitaldeasturias.com\/radio\/wp-json\/wp\/v2\/media\/5751"}],"wp:attachment":[{"href":"https:\/\/eldigitaldeasturias.com\/radio\/wp-json\/wp\/v2\/media?parent=5750"}],"wp:term":[{"taxonomy":"category","embeddable":true,"href":"https:\/\/eldigitaldeasturias.com\/radio\/wp-json\/wp\/v2\/categories?post=5750"},{"taxonomy":"post_tag","embeddable":true,"href":"https:\/\/eldigitaldeasturias.com\/radio\/wp-json\/wp\/v2\/tags?post=5750"}],"curies":[{"name":"wp","href":"https:\/\/api.w.org\/{rel}","templated":true}]}}