{"id":5747,"date":"2021-03-29T15:37:26","date_gmt":"2021-03-29T15:37:26","guid":{"rendered":"http:\/\/eldigitaldeasturias.com\/radio\/?p=5747"},"modified":"2021-03-29T15:37:26","modified_gmt":"2021-03-29T15:37:26","slug":"vaticano-concede-dispensa-a-arzobispo-aleman-salpicado-por-abusos","status":"publish","type":"post","link":"https:\/\/eldigitaldeasturias.com\/radio\/vaticano-concede-dispensa-a-arzobispo-aleman-salpicado-por-abusos\/","title":{"rendered":"Vaticano concede dispensa a arzobispo alem\u00e1n salpicado por abusos"},"content":{"rendered":"<figure id=\"attachment_5748\" aria-describedby=\"caption-attachment-5748\" style=\"width: 360px\" class=\"wp-caption alignleft\"><img fetchpriority=\"high\" decoding=\"async\" class=\"size-medium wp-image-5748\" src=\"https:\/\/eldigitaldeasturias.com\/radio\/wp-content\/uploads\/2021\/03\/Stefan-Hesse-360x264.jpg\" alt=\" Religi\u00f3n Iglesia\" width=\"360\" height=\"264\" srcset=\"https:\/\/eldigitaldeasturias.com\/radio\/wp-content\/uploads\/2021\/03\/Stefan-Hesse-360x264.jpg 360w, https:\/\/eldigitaldeasturias.com\/radio\/wp-content\/uploads\/2021\/03\/Stefan-Hesse-768x563.jpg 768w, https:\/\/eldigitaldeasturias.com\/radio\/wp-content\/uploads\/2021\/03\/Stefan-Hesse.jpg 903w\" sizes=\"(max-width: 360px) 100vw, 360px\" \/><figcaption id=\"caption-attachment-5748\" class=\"wp-caption-text\">Foto: Markus Scholz\/dpa<\/figcaption><\/figure>\n<p>Hamburgo\/Roma (dpa) &#8211; El Papa Francisco ha concedido al arzobispo de Hamburgo, Stefan Hesse, una dispensa del ejercicio de su cargo, seg\u00fan anunci\u00f3 hoy a trav\u00e9s de un comunicado la archidi\u00f3cesis de la ciudad hanse\u00e1tica.<\/p>\n<p>Hesse hab\u00eda ofrecido al Papa su renuncia al cargo tras hacerse p\u00fablico la semana pasada un informe en el que aparec\u00eda implicado en un esc\u00e1ndalo de abusos acaecidos en la archidi\u00f3cesis alemana de Colonia.<\/p>\n<p>La archidi\u00f3cesis de Hamburgo calific\u00f3 la noticia de Roma como una \u00abprimera respuesta\u00bb del Papa Francisco a la renuncia ofrecida por Hesse.<\/p>\n<p>En el comunicado, se reproduce parte de la misiva del Vaticano: \u00abEl Papa Francisco ha concedido al Arzobispo de Hamburgo, Monse\u00f1or Stefan Hesse, una dispensa para tomarse un tiempo libre. Durante su ausencia, el vicario general, Monse\u00f1or Ansgar Thim, garantizar\u00e1 la correcta administraci\u00f3n de la archidi\u00f3cesis\u00bb.<\/p>\n<p>Al principio no estaba claro qu\u00e9 significaba exactamente el concepto \u00abtiempo libre\u00bb y cu\u00e1nto durar\u00eda. Un portavoz de la archidi\u00f3cesis de Hamburgo dijo al ser preguntado que entend\u00eda que el anuncio significaba que a\u00fan no se hab\u00eda tomado ninguna decisi\u00f3n.<\/p>\n<p>La semana pasada fue presentado en Colonia un esperado informe elaborado por expertos. La investigaci\u00f3n revel\u00f3 el modo en que los funcionarios de la di\u00f3cesis hab\u00edan tratado en el pasado las denuncias de abusos sexuales a ni\u00f1os por parte de sacerdotes.<\/p>\n<p>Hesse, que era jefe de personal y vicario general de la archidi\u00f3cesis de Colonia, fue acusado de un total de once infracciones. Seg\u00fan los expertos, se trata, entre otras cosas, de violaciones del deber de informar y esclarecer los hechos.<\/p>\n<p>El mismo d\u00eda de la publicaci\u00f3n del informe, Hesse ofreci\u00f3 al Papa su renuncia como m\u00e1xima autoridad eclesi\u00e1stica de la ciudad hanse\u00e1tica, \u00abpara evitar da\u00f1os al cargo de arzobispo, as\u00ed como a la archidi\u00f3cesis de Hamburgo\u00bb.<\/p>\n<p>Hesse subray\u00f3 que nunca hab\u00eda participado en el encubrimiento de las denuncias de abusos. Sin embargo, dijo estar dispuesto a asumir su parte por el fracaso del sistema.<\/p>\n<p>Hesse asumi\u00f3 el cargo de arzobispo de Hamburgo el 14 de marzo de 2015. En Colonia, dos obispos auxiliares fueron suspendidos por el cardenal Rainer Maria Woelki a ra\u00edz del informe.<\/p>\n","protected":false},"excerpt":{"rendered":"<p>Hamburgo\/Roma (dpa) &#8211; El Papa Francisco ha concedido al arzobispo de Hamburgo, Stefan Hesse, una dispensa del ejercicio de su cargo, seg\u00fan anunci\u00f3 hoy a trav\u00e9s de un comunicado la archidi\u00f3cesis de la ciudad hanse\u00e1tica. Hesse hab\u00eda ofrecido al Papa su renuncia al cargo tras hacerse p\u00fablico la semana pasada un informe en el que<\/p>\n","protected":false},"author":1,"featured_media":5748,"comment_status":"closed","ping_status":"closed","sticky":false,"template":"","format":"standard","meta":{"footnotes":""},"categories":[1],"tags":[],"class_list":{"0":"post-5747","1":"post","2":"type-post","3":"status-publish","4":"format-standard","5":"has-post-thumbnail","7":"category-noticias"},"aioseo_notices":[],"aioseo_head":"\n\t\t<!-- All in One SEO Pro 4.9.6.2 - aioseo.com -->\n\t<meta name=\"description\" content=\"El Papa Francisco ha concedido al arzobispo de Hamburgo, Stefan Hesse, una dispensa del ejercicio de su cargo, seg\u00fan anunci\u00f3 hoy la archidi\u00f3cesis\" \/>\n\t<meta name=\"robots\" content=\"max-image-preview:large\" \/>\n\t<meta name=\"author\" content=\"NBAsturias\"\/>\n\t<meta name=\"google-site-verification\" content=\"UA-38556648-1\" \/>\n\t<meta name=\"keywords\" content=\"religi\u00f3n,iglesia,noticias\" \/>\n\t<link rel=\"canonical\" href=\"https:\/\/eldigitaldeasturias.com\/radio\/vaticano-concede-dispensa-a-arzobispo-aleman-salpicado-por-abusos\/\" \/>\n\t<meta name=\"generator\" content=\"All in One SEO Pro (AIOSEO) 4.9.6.2\" \/>\n\t\t<meta property=\"og:locale\" content=\"es_ES\" \/>\n\t\t<meta property=\"og:site_name\" content=\"El Digital de Asturias | Diario de informaci\u00f3n y noticias\" \/>\n\t\t<meta property=\"og:type\" content=\"article\" \/>\n\t\t<meta property=\"og:title\" content=\"Vaticano concede dispensa a arzobispo alem\u00e1n salpicado por abusos | El Digital de Asturias\" \/>\n\t\t<meta property=\"og:description\" content=\"El Papa Francisco ha concedido al arzobispo de Hamburgo, Stefan Hesse, una dispensa del ejercicio de su cargo, seg\u00fan anunci\u00f3 hoy la archidi\u00f3cesis\" \/>\n\t\t<meta property=\"og:url\" content=\"https:\/\/eldigitaldeasturias.com\/radio\/vaticano-concede-dispensa-a-arzobispo-aleman-salpicado-por-abusos\/\" \/>\n\t\t<meta property=\"og:image\" content=\"https:\/\/eldigitaldeasturias.com\/radio\/wp-content\/uploads\/2021\/03\/Stefan-Hesse.jpg\" \/>\n\t\t<meta property=\"og:image:secure_url\" content=\"https:\/\/eldigitaldeasturias.com\/radio\/wp-content\/uploads\/2021\/03\/Stefan-Hesse.jpg\" \/>\n\t\t<meta property=\"og:image:width\" content=\"903\" \/>\n\t\t<meta property=\"og:image:height\" content=\"662\" \/>\n\t\t<meta property=\"article:published_time\" content=\"2021-03-29T15:37:26+00:00\" \/>\n\t\t<meta property=\"article:modified_time\" content=\"2021-03-29T15:37:26+00:00\" \/>\n\t\t<meta name=\"twitter:card\" content=\"summary_large_image\" \/>\n\t\t<meta name=\"twitter:site\" content=\"@bercodi\" \/>\n\t\t<meta name=\"twitter:title\" content=\"Vaticano concede dispensa a arzobispo alem\u00e1n salpicado por abusos | El Digital de Asturias\" \/>\n\t\t<meta name=\"twitter:description\" content=\"El Papa Francisco ha concedido al arzobispo de Hamburgo, Stefan Hesse, una dispensa del ejercicio de su cargo, seg\u00fan anunci\u00f3 hoy la archidi\u00f3cesis\" \/>\n\t\t<meta name=\"twitter:creator\" content=\"@bercodi\" \/>\n\t\t<meta name=\"twitter:image\" content=\"https:\/\/eldigitaldeasturias.com\/radio\/wp-content\/uploads\/2021\/03\/Stefan-Hesse.jpg\" \/>\n\t\t<script type=\"application\/ld+json\" class=\"aioseo-schema\">\n\t\t\t{\"@context\":\"https:\\\/\\\/schema.org\",\"@graph\":[{\"@type\":\"BreadcrumbList\",\"@id\":\"https:\\\/\\\/eldigitaldeasturias.com\\\/radio\\\/vaticano-concede-dispensa-a-arzobispo-aleman-salpicado-por-abusos\\\/#breadcrumblist\",\"itemListElement\":[{\"@type\":\"ListItem\",\"@id\":\"https:\\\/\\\/eldigitaldeasturias.com\\\/radio#listItem\",\"position\":1,\"name\":\"Inicio\",\"item\":\"https:\\\/\\\/eldigitaldeasturias.com\\\/radio\",\"nextItem\":{\"@type\":\"ListItem\",\"@id\":\"https:\\\/\\\/eldigitaldeasturias.com\\\/radio\\\/category\\\/noticias\\\/#listItem\",\"name\":\"Noticias\"}},{\"@type\":\"ListItem\",\"@id\":\"https:\\\/\\\/eldigitaldeasturias.com\\\/radio\\\/category\\\/noticias\\\/#listItem\",\"position\":2,\"name\":\"Noticias\",\"item\":\"https:\\\/\\\/eldigitaldeasturias.com\\\/radio\\\/category\\\/noticias\\\/\",\"nextItem\":{\"@type\":\"ListItem\",\"@id\":\"https:\\\/\\\/eldigitaldeasturias.com\\\/radio\\\/vaticano-concede-dispensa-a-arzobispo-aleman-salpicado-por-abusos\\\/#listItem\",\"name\":\"Vaticano concede dispensa a arzobispo alem\\u00e1n salpicado por abusos\"},\"previousItem\":{\"@type\":\"ListItem\",\"@id\":\"https:\\\/\\\/eldigitaldeasturias.com\\\/radio#listItem\",\"name\":\"Inicio\"}},{\"@type\":\"ListItem\",\"@id\":\"https:\\\/\\\/eldigitaldeasturias.com\\\/radio\\\/vaticano-concede-dispensa-a-arzobispo-aleman-salpicado-por-abusos\\\/#listItem\",\"position\":3,\"name\":\"Vaticano concede dispensa a arzobispo alem\\u00e1n salpicado por abusos\",\"previousItem\":{\"@type\":\"ListItem\",\"@id\":\"https:\\\/\\\/eldigitaldeasturias.com\\\/radio\\\/category\\\/noticias\\\/#listItem\",\"name\":\"Noticias\"}}]},{\"@type\":\"NewsArticle\",\"@id\":\"https:\\\/\\\/eldigitaldeasturias.com\\\/radio\\\/vaticano-concede-dispensa-a-arzobispo-aleman-salpicado-por-abusos\\\/#newsarticle\",\"name\":\"Vaticano concede dispensa a arzobispo alem\\u00e1n salpicado por abusos | El Digital de Asturias\",\"headline\":\"Vaticano concede dispensa a arzobispo alem\\u00e1n salpicado por abusos\",\"author\":{\"@id\":\"https:\\\/\\\/eldigitaldeasturias.com\\\/radio\\\/author\\\/nbasturias\\\/#author\"},\"publisher\":{\"@id\":\"https:\\\/\\\/eldigitaldeasturias.com\\\/radio\\\/#organization\"},\"image\":{\"@type\":\"ImageObject\",\"url\":\"https:\\\/\\\/eldigitaldeasturias.com\\\/radio\\\/wp-content\\\/uploads\\\/2021\\\/03\\\/Stefan-Hesse.jpg\",\"width\":903,\"height\":662,\"caption\":\"Foto: Markus Scholz\\\/dpa\"},\"datePublished\":\"2021-03-29T15:37:26+02:00\",\"dateModified\":\"2021-03-29T15:37:26+02:00\",\"inLanguage\":\"es-ES\",\"mainEntityOfPage\":{\"@id\":\"https:\\\/\\\/eldigitaldeasturias.com\\\/radio\\\/vaticano-concede-dispensa-a-arzobispo-aleman-salpicado-por-abusos\\\/#webpage\"},\"isPartOf\":{\"@id\":\"https:\\\/\\\/eldigitaldeasturias.com\\\/radio\\\/vaticano-concede-dispensa-a-arzobispo-aleman-salpicado-por-abusos\\\/#webpage\"},\"articleSection\":\"Noticias\",\"dateline\":\"Publicado el marzo 29, 2021.\"},{\"@type\":\"Organization\",\"@id\":\"https:\\\/\\\/eldigitaldeasturias.com\\\/radio\\\/#organization\",\"name\":\"El digital de Asturias Radio\",\"description\":\"Diario de informaci\\u00f3n y noticias\",\"url\":\"https:\\\/\\\/eldigitaldeasturias.com\\\/radio\\\/\",\"telephone\":\"+34652131393\",\"logo\":{\"@type\":\"ImageObject\",\"url\":\"https:\\\/\\\/www.eldigitaldeasturias.com\\\/radio\\\/wp-content\\\/uploads\\\/2021\\\/03\\\/EDA.jpg\",\"@id\":\"https:\\\/\\\/eldigitaldeasturias.com\\\/radio\\\/vaticano-concede-dispensa-a-arzobispo-aleman-salpicado-por-abusos\\\/#organizationLogo\"},\"image\":{\"@id\":\"https:\\\/\\\/eldigitaldeasturias.com\\\/radio\\\/vaticano-concede-dispensa-a-arzobispo-aleman-salpicado-por-abusos\\\/#organizationLogo\"},\"sameAs\":[\"https:\\\/\\\/www.facebook.com\\\/\",\"https:\\\/\\\/x.com\\\/bercodi\",\"https:\\\/\\\/www.instagram.com\\\/\",\"https:\\\/\\\/www.youtube.com\\\/channel\\\/UCZP-2wLEB9Rv6erhFmqVnvg\"]},{\"@type\":\"Person\",\"@id\":\"https:\\\/\\\/eldigitaldeasturias.com\\\/radio\\\/author\\\/nbasturias\\\/#author\",\"url\":\"https:\\\/\\\/eldigitaldeasturias.com\\\/radio\\\/author\\\/nbasturias\\\/\",\"name\":\"NBAsturias\",\"image\":{\"@type\":\"ImageObject\",\"@id\":\"https:\\\/\\\/eldigitaldeasturias.com\\\/radio\\\/vaticano-concede-dispensa-a-arzobispo-aleman-salpicado-por-abusos\\\/#authorImage\",\"url\":\"https:\\\/\\\/secure.gravatar.com\\\/avatar\\\/df2aeffc32bcd13f8d26072ef8a91b623d677766deac7f97ca815868cd41bf5e?s=96&d=mm&r=g\",\"width\":96,\"height\":96,\"caption\":\"NBAsturias\"}},{\"@type\":\"WebPage\",\"@id\":\"https:\\\/\\\/eldigitaldeasturias.com\\\/radio\\\/vaticano-concede-dispensa-a-arzobispo-aleman-salpicado-por-abusos\\\/#webpage\",\"url\":\"https:\\\/\\\/eldigitaldeasturias.com\\\/radio\\\/vaticano-concede-dispensa-a-arzobispo-aleman-salpicado-por-abusos\\\/\",\"name\":\"Vaticano concede dispensa a arzobispo alem\\u00e1n salpicado por abusos | El Digital de Asturias\",\"description\":\"El Papa Francisco ha concedido al arzobispo de Hamburgo, Stefan Hesse, una dispensa del ejercicio de su cargo, seg\\u00fan anunci\\u00f3 hoy la archidi\\u00f3cesis\",\"inLanguage\":\"es-ES\",\"isPartOf\":{\"@id\":\"https:\\\/\\\/eldigitaldeasturias.com\\\/radio\\\/#website\"},\"breadcrumb\":{\"@id\":\"https:\\\/\\\/eldigitaldeasturias.com\\\/radio\\\/vaticano-concede-dispensa-a-arzobispo-aleman-salpicado-por-abusos\\\/#breadcrumblist\"},\"author\":{\"@id\":\"https:\\\/\\\/eldigitaldeasturias.com\\\/radio\\\/author\\\/nbasturias\\\/#author\"},\"creator\":{\"@id\":\"https:\\\/\\\/eldigitaldeasturias.com\\\/radio\\\/author\\\/nbasturias\\\/#author\"},\"image\":{\"@type\":\"ImageObject\",\"url\":\"https:\\\/\\\/eldigitaldeasturias.com\\\/radio\\\/wp-content\\\/uploads\\\/2021\\\/03\\\/Stefan-Hesse.jpg\",\"@id\":\"https:\\\/\\\/eldigitaldeasturias.com\\\/radio\\\/vaticano-concede-dispensa-a-arzobispo-aleman-salpicado-por-abusos\\\/#mainImage\",\"width\":903,\"height\":662,\"caption\":\"Foto: Markus Scholz\\\/dpa\"},\"primaryImageOfPage\":{\"@id\":\"https:\\\/\\\/eldigitaldeasturias.com\\\/radio\\\/vaticano-concede-dispensa-a-arzobispo-aleman-salpicado-por-abusos\\\/#mainImage\"},\"datePublished\":\"2021-03-29T15:37:26+02:00\",\"dateModified\":\"2021-03-29T15:37:26+02:00\"},{\"@type\":\"WebSite\",\"@id\":\"https:\\\/\\\/eldigitaldeasturias.com\\\/radio\\\/#website\",\"url\":\"https:\\\/\\\/eldigitaldeasturias.com\\\/radio\\\/\",\"name\":\"El Digital de Asturias\",\"description\":\"Diario de informaci\\u00f3n y noticias\",\"inLanguage\":\"es-ES\",\"publisher\":{\"@id\":\"https:\\\/\\\/eldigitaldeasturias.com\\\/radio\\\/#organization\"}}]}\n\t\t<\/script>\n\t\t<!-- All in One SEO Pro -->\r\n\t\t<title>Vaticano concede dispensa a arzobispo alem\u00e1n salpicado por abusos | El Digital de Asturias<\/title>\n\n","aioseo_head_json":{"title":"Vaticano concede dispensa a arzobispo alem\u00e1n salpicado por abusos | El Digital de Asturias","description":"El Papa Francisco ha concedido al arzobispo de Hamburgo, Stefan Hesse, una dispensa del ejercicio de su cargo, seg\u00fan anunci\u00f3 hoy la archidi\u00f3cesis","canonical_url":"https:\/\/eldigitaldeasturias.com\/radio\/vaticano-concede-dispensa-a-arzobispo-aleman-salpicado-por-abusos\/","robots":"max-image-preview:large","keywords":"religi\u00f3n,iglesia,noticias","webmasterTools":{"google-site-verification":"UA-38556648-1","miscellaneous":""},"schema":{"@context":"https:\/\/schema.org","@graph":[{"@type":"BreadcrumbList","@id":"https:\/\/eldigitaldeasturias.com\/radio\/vaticano-concede-dispensa-a-arzobispo-aleman-salpicado-por-abusos\/#breadcrumblist","itemListElement":[{"@type":"ListItem","@id":"https:\/\/eldigitaldeasturias.com\/radio#listItem","position":1,"name":"Inicio","item":"https:\/\/eldigitaldeasturias.com\/radio","nextItem":{"@type":"ListItem","@id":"https:\/\/eldigitaldeasturias.com\/radio\/category\/noticias\/#listItem","name":"Noticias"}},{"@type":"ListItem","@id":"https:\/\/eldigitaldeasturias.com\/radio\/category\/noticias\/#listItem","position":2,"name":"Noticias","item":"https:\/\/eldigitaldeasturias.com\/radio\/category\/noticias\/","nextItem":{"@type":"ListItem","@id":"https:\/\/eldigitaldeasturias.com\/radio\/vaticano-concede-dispensa-a-arzobispo-aleman-salpicado-por-abusos\/#listItem","name":"Vaticano concede dispensa a arzobispo alem\u00e1n salpicado por abusos"},"previousItem":{"@type":"ListItem","@id":"https:\/\/eldigitaldeasturias.com\/radio#listItem","name":"Inicio"}},{"@type":"ListItem","@id":"https:\/\/eldigitaldeasturias.com\/radio\/vaticano-concede-dispensa-a-arzobispo-aleman-salpicado-por-abusos\/#listItem","position":3,"name":"Vaticano concede dispensa a arzobispo alem\u00e1n salpicado por abusos","previousItem":{"@type":"ListItem","@id":"https:\/\/eldigitaldeasturias.com\/radio\/category\/noticias\/#listItem","name":"Noticias"}}]},{"@type":"NewsArticle","@id":"https:\/\/eldigitaldeasturias.com\/radio\/vaticano-concede-dispensa-a-arzobispo-aleman-salpicado-por-abusos\/#newsarticle","name":"Vaticano concede dispensa a arzobispo alem\u00e1n salpicado por abusos | El Digital de Asturias","headline":"Vaticano concede dispensa a arzobispo alem\u00e1n salpicado por abusos","author":{"@id":"https:\/\/eldigitaldeasturias.com\/radio\/author\/nbasturias\/#author"},"publisher":{"@id":"https:\/\/eldigitaldeasturias.com\/radio\/#organization"},"image":{"@type":"ImageObject","url":"https:\/\/eldigitaldeasturias.com\/radio\/wp-content\/uploads\/2021\/03\/Stefan-Hesse.jpg","width":903,"height":662,"caption":"Foto: Markus Scholz\/dpa"},"datePublished":"2021-03-29T15:37:26+02:00","dateModified":"2021-03-29T15:37:26+02:00","inLanguage":"es-ES","mainEntityOfPage":{"@id":"https:\/\/eldigitaldeasturias.com\/radio\/vaticano-concede-dispensa-a-arzobispo-aleman-salpicado-por-abusos\/#webpage"},"isPartOf":{"@id":"https:\/\/eldigitaldeasturias.com\/radio\/vaticano-concede-dispensa-a-arzobispo-aleman-salpicado-por-abusos\/#webpage"},"articleSection":"Noticias","dateline":"Publicado el marzo 29, 2021."},{"@type":"Organization","@id":"https:\/\/eldigitaldeasturias.com\/radio\/#organization","name":"El digital de Asturias Radio","description":"Diario de informaci\u00f3n y noticias","url":"https:\/\/eldigitaldeasturias.com\/radio\/","telephone":"+34652131393","logo":{"@type":"ImageObject","url":"https:\/\/www.eldigitaldeasturias.com\/radio\/wp-content\/uploads\/2021\/03\/EDA.jpg","@id":"https:\/\/eldigitaldeasturias.com\/radio\/vaticano-concede-dispensa-a-arzobispo-aleman-salpicado-por-abusos\/#organizationLogo"},"image":{"@id":"https:\/\/eldigitaldeasturias.com\/radio\/vaticano-concede-dispensa-a-arzobispo-aleman-salpicado-por-abusos\/#organizationLogo"},"sameAs":["https:\/\/www.facebook.com\/","https:\/\/x.com\/bercodi","https:\/\/www.instagram.com\/","https:\/\/www.youtube.com\/channel\/UCZP-2wLEB9Rv6erhFmqVnvg"]},{"@type":"Person","@id":"https:\/\/eldigitaldeasturias.com\/radio\/author\/nbasturias\/#author","url":"https:\/\/eldigitaldeasturias.com\/radio\/author\/nbasturias\/","name":"NBAsturias","image":{"@type":"ImageObject","@id":"https:\/\/eldigitaldeasturias.com\/radio\/vaticano-concede-dispensa-a-arzobispo-aleman-salpicado-por-abusos\/#authorImage","url":"https:\/\/secure.gravatar.com\/avatar\/df2aeffc32bcd13f8d26072ef8a91b623d677766deac7f97ca815868cd41bf5e?s=96&d=mm&r=g","width":96,"height":96,"caption":"NBAsturias"}},{"@type":"WebPage","@id":"https:\/\/eldigitaldeasturias.com\/radio\/vaticano-concede-dispensa-a-arzobispo-aleman-salpicado-por-abusos\/#webpage","url":"https:\/\/eldigitaldeasturias.com\/radio\/vaticano-concede-dispensa-a-arzobispo-aleman-salpicado-por-abusos\/","name":"Vaticano concede dispensa a arzobispo alem\u00e1n salpicado por abusos | El Digital de Asturias","description":"El Papa Francisco ha concedido al arzobispo de Hamburgo, Stefan Hesse, una dispensa del ejercicio de su cargo, seg\u00fan anunci\u00f3 hoy la archidi\u00f3cesis","inLanguage":"es-ES","isPartOf":{"@id":"https:\/\/eldigitaldeasturias.com\/radio\/#website"},"breadcrumb":{"@id":"https:\/\/eldigitaldeasturias.com\/radio\/vaticano-concede-dispensa-a-arzobispo-aleman-salpicado-por-abusos\/#breadcrumblist"},"author":{"@id":"https:\/\/eldigitaldeasturias.com\/radio\/author\/nbasturias\/#author"},"creator":{"@id":"https:\/\/eldigitaldeasturias.com\/radio\/author\/nbasturias\/#author"},"image":{"@type":"ImageObject","url":"https:\/\/eldigitaldeasturias.com\/radio\/wp-content\/uploads\/2021\/03\/Stefan-Hesse.jpg","@id":"https:\/\/eldigitaldeasturias.com\/radio\/vaticano-concede-dispensa-a-arzobispo-aleman-salpicado-por-abusos\/#mainImage","width":903,"height":662,"caption":"Foto: Markus Scholz\/dpa"},"primaryImageOfPage":{"@id":"https:\/\/eldigitaldeasturias.com\/radio\/vaticano-concede-dispensa-a-arzobispo-aleman-salpicado-por-abusos\/#mainImage"},"datePublished":"2021-03-29T15:37:26+02:00","dateModified":"2021-03-29T15:37:26+02:00"},{"@type":"WebSite","@id":"https:\/\/eldigitaldeasturias.com\/radio\/#website","url":"https:\/\/eldigitaldeasturias.com\/radio\/","name":"El Digital de Asturias","description":"Diario de informaci\u00f3n y noticias","inLanguage":"es-ES","publisher":{"@id":"https:\/\/eldigitaldeasturias.com\/radio\/#organization"}}]},"og:locale":"es_ES","og:site_name":"El Digital de Asturias | Diario de informaci\u00f3n y noticias","og:type":"article","og:title":"Vaticano concede dispensa a arzobispo alem\u00e1n salpicado por abusos | El Digital de Asturias","og:description":"El Papa Francisco ha concedido al arzobispo de Hamburgo, Stefan Hesse, una dispensa del ejercicio de su cargo, seg\u00fan anunci\u00f3 hoy la archidi\u00f3cesis","og:url":"https:\/\/eldigitaldeasturias.com\/radio\/vaticano-concede-dispensa-a-arzobispo-aleman-salpicado-por-abusos\/","og:image":"https:\/\/eldigitaldeasturias.com\/radio\/wp-content\/uploads\/2021\/03\/Stefan-Hesse.jpg","og:image:secure_url":"https:\/\/eldigitaldeasturias.com\/radio\/wp-content\/uploads\/2021\/03\/Stefan-Hesse.jpg","og:image:width":903,"og:image:height":662,"article:published_time":"2021-03-29T15:37:26+00:00","article:modified_time":"2021-03-29T15:37:26+00:00","twitter:card":"summary_large_image","twitter:site":"@bercodi","twitter:title":"Vaticano concede dispensa a arzobispo alem\u00e1n salpicado por abusos | El Digital de Asturias","twitter:description":"El Papa Francisco ha concedido al arzobispo de Hamburgo, Stefan Hesse, una dispensa del ejercicio de su cargo, seg\u00fan anunci\u00f3 hoy la archidi\u00f3cesis","twitter:creator":"@bercodi","twitter:image":"https:\/\/eldigitaldeasturias.com\/radio\/wp-content\/uploads\/2021\/03\/Stefan-Hesse.jpg"},"aioseo_meta_data":{"post_id":"5747","title":null,"description":"El Papa Francisco ha concedido al arzobispo de Hamburgo, Stefan Hesse, una dispensa del ejercicio de su cargo, seg\u00fan anunci\u00f3 hoy la archidi\u00f3cesis&nbsp;","keywords":[{"label":" Religi\u00f3n","value":" Religi\u00f3n"},{"label":" Iglesia","value":" Iglesia"}],"keyphrases":{"focus":[],"additional":[]},"primary_term":null,"canonical_url":null,"og_title":null,"og_description":null,"og_object_type":"default","og_image_type":"default","og_image_url":null,"og_image_width":null,"og_image_height":null,"og_image_custom_url":null,"og_image_custom_fields":null,"og_video":"","og_custom_url":null,"og_article_section":null,"og_article_tags":[],"twitter_use_og":false,"twitter_card":"default","twitter_image_type":"default","twitter_image_url":null,"twitter_image_custom_url":null,"twitter_image_custom_fields":null,"twitter_title":null,"twitter_description":null,"schema":{"blockGraphs":[],"customGraphs":[],"default":{"data":{"Article":[],"Course":[],"Dataset":[],"FAQPage":[],"Movie":[],"Person":[],"Product":[],"ProductReview":[],"Car":[],"Recipe":[],"Service":[],"SoftwareApplication":[],"WebPage":[]},"graphName":"","isEnabled":true},"graphs":[],"defaultGraph":"Article","defaultPostTypeGraph":""},"schema_type":"default","schema_type_options":"{\"article\":{\"articleType\":\"BlogPosting\"},\"course\":{\"name\":\"\",\"description\":\"\",\"provider\":\"\"},\"faq\":{\"pages\":[]},\"product\":{\"reviews\":[]},\"recipe\":{\"ingredients\":[],\"instructions\":[],\"keywords\":[]},\"software\":{\"reviews\":[],\"operatingSystems\":[]},\"webPage\":{\"webPageType\":\"WebPage\"}}","pillar_content":false,"robots_default":true,"robots_noindex":false,"robots_noarchive":false,"robots_nosnippet":false,"robots_nofollow":false,"robots_noimageindex":false,"robots_noodp":false,"robots_notranslate":false,"robots_max_snippet":"-1","robots_max_videopreview":"-1","robots_max_imagepreview":"large","priority":null,"frequency":"default","location":null,"local_seo":{"businessInfo":{"name":"","urls":{"website":"","aboutPage":"","contactPage":""},"address":{"line1":"","line2":"","zip":"","city":"","state":"","country":""},"contact":{"email":"","phone":"","fax":""},"ids":{"vatID":"","taxID":"","chamberID":""},"payment":{"priceIndication":"","currenciesAccepted":"","methodsAccepted":""},"areaServed":""},"openingHours":{"show":false,"closedLabel":"","open24h":false,"open24hLabel":"","open247":false,"use24hFormat":false,"twoSets":false,"timezone":"","hours":[]}},"seo_analyzer_scan_date":"2025-08-28 18:25:42","breadcrumb_settings":null,"limit_modified_date":false,"open_ai":null,"ai":null,"created":"2021-03-29 12:20:33","updated":"2025-08-28 18:25:42"},"aioseo_breadcrumb":"<div class=\"aioseo-breadcrumbs\"><span class=\"aioseo-breadcrumb\">\n\t<a href=\"https:\/\/eldigitaldeasturias.com\/radio\" title=\"Inicio\">Inicio<\/a>\n<\/span><span class=\"aioseo-breadcrumb-separator\">&ndash;<\/span><span class=\"aioseo-breadcrumb\">\n\t<a href=\"https:\/\/eldigitaldeasturias.com\/radio\/category\/noticias\/\" title=\"Noticias\">Noticias<\/a>\n<\/span><span class=\"aioseo-breadcrumb-separator\">&ndash;<\/span><span class=\"aioseo-breadcrumb\">\n\tVaticano concede dispensa a arzobispo alem\u00e1n salpicado por abusos\n<\/span><\/div>","aioseo_breadcrumb_json":[{"label":"Inicio","link":"https:\/\/eldigitaldeasturias.com\/radio"},{"label":"Noticias","link":"https:\/\/eldigitaldeasturias.com\/radio\/category\/noticias\/"},{"label":"Vaticano concede dispensa a arzobispo alem\u00e1n salpicado por abusos","link":"https:\/\/eldigitaldeasturias.com\/radio\/vaticano-concede-dispensa-a-arzobispo-aleman-salpicado-por-abusos\/"}],"_links":{"self":[{"href":"https:\/\/eldigitaldeasturias.com\/radio\/wp-json\/wp\/v2\/posts\/5747","targetHints":{"allow":["GET"]}}],"collection":[{"href":"https:\/\/eldigitaldeasturias.com\/radio\/wp-json\/wp\/v2\/posts"}],"about":[{"href":"https:\/\/eldigitaldeasturias.com\/radio\/wp-json\/wp\/v2\/types\/post"}],"author":[{"embeddable":true,"href":"https:\/\/eldigitaldeasturias.com\/radio\/wp-json\/wp\/v2\/users\/1"}],"replies":[{"embeddable":true,"href":"https:\/\/eldigitaldeasturias.com\/radio\/wp-json\/wp\/v2\/comments?post=5747"}],"version-history":[{"count":0,"href":"https:\/\/eldigitaldeasturias.com\/radio\/wp-json\/wp\/v2\/posts\/5747\/revisions"}],"wp:featuredmedia":[{"embeddable":true,"href":"https:\/\/eldigitaldeasturias.com\/radio\/wp-json\/wp\/v2\/media\/5748"}],"wp:attachment":[{"href":"https:\/\/eldigitaldeasturias.com\/radio\/wp-json\/wp\/v2\/media?parent=5747"}],"wp:term":[{"taxonomy":"category","embeddable":true,"href":"https:\/\/eldigitaldeasturias.com\/radio\/wp-json\/wp\/v2\/categories?post=5747"},{"taxonomy":"post_tag","embeddable":true,"href":"https:\/\/eldigitaldeasturias.com\/radio\/wp-json\/wp\/v2\/tags?post=5747"}],"curies":[{"name":"wp","href":"https:\/\/api.w.org\/{rel}","templated":true}]}}