{"id":5723,"date":"2021-03-24T18:30:37","date_gmt":"2021-03-24T18:30:37","guid":{"rendered":"http:\/\/eldigitaldeasturias.com\/radio\/?p=5723"},"modified":"2021-03-24T18:30:37","modified_gmt":"2021-03-24T18:30:37","slug":"yohan-rodrigani-presenta-su-nueva-creacion-patria-y-vida-un-colgante-exclusivo-elaborado-para-el-artista-randy-malcom","status":"publish","type":"post","link":"https:\/\/eldigitaldeasturias.com\/radio\/yohan-rodrigani-presenta-su-nueva-creacion-patria-y-vida-un-colgante-exclusivo-elaborado-para-el-artista-randy-malcom\/","title":{"rendered":"Yohan Rodrigani presenta su nueva creaci\u00f3n, \u201cPatria y Vida\u201d, un colgante exclusivo elaborado para el artista Randy Malcom"},"content":{"rendered":"<p><img fetchpriority=\"high\" decoding=\"async\" class=\"alignleft wp-image-5724\" src=\"https:\/\/eldigitaldeasturias.com\/radio\/wp-content\/uploads\/2021\/03\/Yohan-rodrigani-IP-169x300.jpg\" alt=\"Yohan rodrigani - IP\" width=\"360\" height=\"640\" srcset=\"https:\/\/eldigitaldeasturias.com\/radio\/wp-content\/uploads\/2021\/03\/Yohan-rodrigani-IP-169x300.jpg 169w, https:\/\/eldigitaldeasturias.com\/radio\/wp-content\/uploads\/2021\/03\/Yohan-rodrigani-IP-576x1024.jpg 576w, https:\/\/eldigitaldeasturias.com\/radio\/wp-content\/uploads\/2021\/03\/Yohan-rodrigani-IP.jpg 720w\" sizes=\"(max-width: 360px) 100vw, 360px\" \/>El dise\u00f1ador americano de origen cubano, <span style=\"color: #ff6600;\"><strong><a style=\"color: #ff6600;\" href=\"https:\/\/www.yohanrodrigani.com\/\" target=\"_blank\" rel=\"noopener\">Yohan Rodrigani<\/a><\/strong><\/span>, ha presentado su nuevo trabajo, un encargo del artista Randy Malcom, integrante de la mundialmente famosa banda <strong><em>Gente de Zona<\/em><\/strong>. Se trata de un colgante que hace homenaje al tema musical <em>Patria y Vida<\/em>, cuya producci\u00f3n destaca por la colaboraci\u00f3n entre artistas de la talla de <strong>Gente de Zona, Yotuel Romero, Descemer Bueno, Osorbo o El Funky<\/strong>. El pasado 17 de febrero se lanz\u00f3 a nivel mundial el v\u00eddeo de esta canci\u00f3n reivindicativa que aboga por la libertad ciudadana en Cuba.<\/p>\n<p><strong>Malcom contact\u00f3 con Rodrigani antes del lanzamiento del v\u00eddeo musical. Deseaba plasmar en una joya su amor por su tierra natal<\/strong>, as\u00ed como su deseo ferviente de ver alg\u00fan d\u00eda una Cuba pr\u00f3spera y libre. El m\u00fasico le dio carta blanca al dise\u00f1ador joyero para que pusiera toda su inspiraci\u00f3n y alma en el trabajo. Rodrigani agradeci\u00f3 profundamente la confianza, pues \u00e9l mismo comparte ese sentimiento por la madre patria, lo que propici\u00f3 una sinergia fant\u00e1stica entre los artistas.<\/p>\n<p>No era la primera vez que Randy Malcom adquiere art\u00edculos de Rodrigani. Desde 2019 ha coleccionado sus joyas, y en su cumplea\u00f1os<strong> el dise\u00f1ador cre\u00f3 para \u00e9l un anillo inspirado en <em>\u201cLa Gozadera\u201d<\/em>, un \u00e9xito de ventas de Gente de Zona<\/strong>.<\/p>\n<p><strong>\u201cPatria y Vida\u201d es un canto a la libertad<\/strong>, un colgante que refleja el esp\u00edritu del tema hom\u00f3nimo presentado por el grupo de artistas cubanos. Adopta la figura de una moneda, en la cual el dise\u00f1ador ha tallado por una cara los nombres de los seis m\u00fasicos participantes del v\u00eddeo: el d\u00fao Gente de Zona (Randy Malcom y Alexander Delgado), el rapero Yotuel (integrante de <em>Orishas<\/em>), el polifac\u00e9tico y galardonado Descemer Bueno, y los raperos disidentes cubanos Maykel Osorbo y el Funky, tambi\u00e9n miembros del Movimiento San Isidro (MSI). En la otra cara aparece la talla de un centavo cubano del a\u00f1o 1948, edici\u00f3n de coleccionismo, donde se puede leer el lema \u201cPatria y Libertad\u201d.<\/p>\n<p>Rodrigani decidi\u00f3 insertar la moneda en el anverso del colgante al saber que Malcom siempre lleva una similar consigo para recordar a su familia, amigos y fans que residen en Cuba. Asimismo, a lo largo del borde de la joya se disponen 37 diamantes sin defectos que simbolizan la edad de Malcom y su nostalgia por su amada Cuba. El famoso joyero tambi\u00e9n ha a\u00f1adido 6 diamantes perfectos m\u00e1s a la fianza del colgante, representando a los 6 m\u00fasicos participantes.<\/p>\n<h3><u>Sobre la compa\u00f1\u00eda:<\/u><\/h3>\n<p>Yohan Rodrigani es una marca de joyer\u00eda exclusiva de lujo fundada por el dise\u00f1ador americano de origen cubano del mismo nombre. Desde su ni\u00f1ez, Yohan ha tenido una fuerte inclinaci\u00f3n por las artes y la m\u00fasica, si bien con los a\u00f1os se decant\u00f3 por el dise\u00f1o, siendo este su mayor pasi\u00f3n. Sus creaciones no pasaron desapercibidas: sus pulseras y brazaletes artesanos dieron paso a todo un cat\u00e1logo de joyas de un estilo y elegancia que ha recibido numerosos reconocimientos en todo el mundo. Su servicio personalizado, ediciones limitadas, y creatividad de sus piezas, han llevado a ser una de las marcas favoritas de todo tipo de celebridades.<\/p>\n<p>&nbsp;<\/p>\n","protected":false},"excerpt":{"rendered":"<p>\u201cEl c\u00e9lebre dise\u00f1ador de joyas representa as\u00ed la visi\u00f3n del artista de la banda Gente de Zona, Randy Malcom, plasmada en un nuevo \u00e9xito musical.\u201d<\/p>\n","protected":false},"author":1,"featured_media":5724,"comment_status":"closed","ping_status":"closed","sticky":false,"template":"","format":"standard","meta":{"footnotes":""},"categories":[1],"tags":[],"class_list":{"0":"post-5723","1":"post","2":"type-post","3":"status-publish","4":"format-standard","5":"has-post-thumbnail","7":"category-noticias"},"aioseo_notices":[],"aioseo_head":"\n\t\t<!-- All in One SEO Pro 4.9.6.2 - aioseo.com -->\n\t<meta name=\"description\" content=\"\u201cEl c\u00e9lebre dise\u00f1ador de joyas representa as\u00ed la visi\u00f3n del artista de la banda Gente de Zona, Randy Malcom, plasmada en un nuevo \u00e9xito musical.\u201d\" \/>\n\t<meta name=\"robots\" content=\"max-image-preview:large\" \/>\n\t<meta name=\"author\" content=\"NBAsturias\"\/>\n\t<meta name=\"google-site-verification\" content=\"UA-38556648-1\" \/>\n\t<meta name=\"keywords\" content=\"noticias\" \/>\n\t<link rel=\"canonical\" href=\"https:\/\/eldigitaldeasturias.com\/radio\/yohan-rodrigani-presenta-su-nueva-creacion-patria-y-vida-un-colgante-exclusivo-elaborado-para-el-artista-randy-malcom\/\" \/>\n\t<meta name=\"generator\" content=\"All in One SEO Pro (AIOSEO) 4.9.6.2\" \/>\n\t\t<meta property=\"og:locale\" content=\"es_ES\" \/>\n\t\t<meta property=\"og:site_name\" content=\"El Digital de Asturias | Diario de informaci\u00f3n y noticias\" \/>\n\t\t<meta property=\"og:type\" content=\"article\" \/>\n\t\t<meta property=\"og:title\" content=\"Yohan Rodrigani presenta su nueva creaci\u00f3n, \u201cPatria y Vida\u201d, un colgante exclusivo elaborado para el artista Randy Malcom | El Digital de Asturias\" \/>\n\t\t<meta property=\"og:description\" content=\"\u201cEl c\u00e9lebre dise\u00f1ador de joyas representa as\u00ed la visi\u00f3n del artista de la banda Gente de Zona, Randy Malcom, plasmada en un nuevo \u00e9xito musical.\u201d\" \/>\n\t\t<meta property=\"og:url\" content=\"https:\/\/eldigitaldeasturias.com\/radio\/yohan-rodrigani-presenta-su-nueva-creacion-patria-y-vida-un-colgante-exclusivo-elaborado-para-el-artista-randy-malcom\/\" \/>\n\t\t<meta property=\"og:image\" content=\"https:\/\/eldigitaldeasturias.com\/radio\/wp-content\/uploads\/2021\/03\/Yohan-rodrigani-IP.jpg\" \/>\n\t\t<meta property=\"og:image:secure_url\" content=\"https:\/\/eldigitaldeasturias.com\/radio\/wp-content\/uploads\/2021\/03\/Yohan-rodrigani-IP.jpg\" \/>\n\t\t<meta property=\"og:image:width\" content=\"720\" \/>\n\t\t<meta property=\"og:image:height\" content=\"1280\" \/>\n\t\t<meta property=\"article:published_time\" content=\"2021-03-24T18:30:37+00:00\" \/>\n\t\t<meta property=\"article:modified_time\" content=\"2021-03-24T18:30:37+00:00\" \/>\n\t\t<meta name=\"twitter:card\" content=\"summary_large_image\" \/>\n\t\t<meta name=\"twitter:site\" content=\"@bercodi\" \/>\n\t\t<meta name=\"twitter:title\" content=\"Yohan Rodrigani presenta su nueva creaci\u00f3n, \u201cPatria y Vida\u201d, un colgante exclusivo elaborado para el artista Randy Malcom | El Digital de Asturias\" \/>\n\t\t<meta name=\"twitter:description\" content=\"\u201cEl c\u00e9lebre dise\u00f1ador de joyas representa as\u00ed la visi\u00f3n del artista de la banda Gente de Zona, Randy Malcom, plasmada en un nuevo \u00e9xito musical.\u201d\" \/>\n\t\t<meta name=\"twitter:creator\" content=\"@bercodi\" \/>\n\t\t<meta name=\"twitter:image\" content=\"https:\/\/eldigitaldeasturias.com\/radio\/wp-content\/uploads\/2021\/03\/Yohan-rodrigani-IP.jpg\" \/>\n\t\t<script type=\"application\/ld+json\" class=\"aioseo-schema\">\n\t\t\t{\"@context\":\"https:\\\/\\\/schema.org\",\"@graph\":[{\"@type\":\"BreadcrumbList\",\"@id\":\"https:\\\/\\\/eldigitaldeasturias.com\\\/radio\\\/yohan-rodrigani-presenta-su-nueva-creacion-patria-y-vida-un-colgante-exclusivo-elaborado-para-el-artista-randy-malcom\\\/#breadcrumblist\",\"itemListElement\":[{\"@type\":\"ListItem\",\"@id\":\"https:\\\/\\\/eldigitaldeasturias.com\\\/radio#listItem\",\"position\":1,\"name\":\"Inicio\",\"item\":\"https:\\\/\\\/eldigitaldeasturias.com\\\/radio\",\"nextItem\":{\"@type\":\"ListItem\",\"@id\":\"https:\\\/\\\/eldigitaldeasturias.com\\\/radio\\\/category\\\/noticias\\\/#listItem\",\"name\":\"Noticias\"}},{\"@type\":\"ListItem\",\"@id\":\"https:\\\/\\\/eldigitaldeasturias.com\\\/radio\\\/category\\\/noticias\\\/#listItem\",\"position\":2,\"name\":\"Noticias\",\"item\":\"https:\\\/\\\/eldigitaldeasturias.com\\\/radio\\\/category\\\/noticias\\\/\",\"nextItem\":{\"@type\":\"ListItem\",\"@id\":\"https:\\\/\\\/eldigitaldeasturias.com\\\/radio\\\/yohan-rodrigani-presenta-su-nueva-creacion-patria-y-vida-un-colgante-exclusivo-elaborado-para-el-artista-randy-malcom\\\/#listItem\",\"name\":\"Yohan Rodrigani presenta su nueva creaci\\u00f3n, \\u201cPatria y Vida\\u201d, un colgante exclusivo elaborado para el artista Randy Malcom\"},\"previousItem\":{\"@type\":\"ListItem\",\"@id\":\"https:\\\/\\\/eldigitaldeasturias.com\\\/radio#listItem\",\"name\":\"Inicio\"}},{\"@type\":\"ListItem\",\"@id\":\"https:\\\/\\\/eldigitaldeasturias.com\\\/radio\\\/yohan-rodrigani-presenta-su-nueva-creacion-patria-y-vida-un-colgante-exclusivo-elaborado-para-el-artista-randy-malcom\\\/#listItem\",\"position\":3,\"name\":\"Yohan Rodrigani presenta su nueva creaci\\u00f3n, \\u201cPatria y Vida\\u201d, un colgante exclusivo elaborado para el artista Randy Malcom\",\"previousItem\":{\"@type\":\"ListItem\",\"@id\":\"https:\\\/\\\/eldigitaldeasturias.com\\\/radio\\\/category\\\/noticias\\\/#listItem\",\"name\":\"Noticias\"}}]},{\"@type\":\"NewsArticle\",\"@id\":\"https:\\\/\\\/eldigitaldeasturias.com\\\/radio\\\/yohan-rodrigani-presenta-su-nueva-creacion-patria-y-vida-un-colgante-exclusivo-elaborado-para-el-artista-randy-malcom\\\/#newsarticle\",\"name\":\"Yohan Rodrigani presenta su nueva creaci\\u00f3n, \\u201cPatria y Vida\\u201d, un colgante exclusivo elaborado para el artista Randy Malcom | El Digital de Asturias\",\"headline\":\"Yohan Rodrigani presenta su nueva creaci\\u00f3n, \\u201cPatria y Vida\\u201d, un colgante exclusivo elaborado para el artista Randy Malcom\",\"author\":{\"@id\":\"https:\\\/\\\/eldigitaldeasturias.com\\\/radio\\\/author\\\/nbasturias\\\/#author\"},\"publisher\":{\"@id\":\"https:\\\/\\\/eldigitaldeasturias.com\\\/radio\\\/#organization\"},\"image\":{\"@type\":\"ImageObject\",\"url\":\"https:\\\/\\\/eldigitaldeasturias.com\\\/radio\\\/wp-content\\\/uploads\\\/2021\\\/03\\\/Yohan-rodrigani-IP.jpg\",\"width\":720,\"height\":1280,\"caption\":\"Yohan rodrigani - IP\"},\"datePublished\":\"2021-03-24T18:30:37+01:00\",\"dateModified\":\"2021-03-24T18:30:37+01:00\",\"inLanguage\":\"es-ES\",\"mainEntityOfPage\":{\"@id\":\"https:\\\/\\\/eldigitaldeasturias.com\\\/radio\\\/yohan-rodrigani-presenta-su-nueva-creacion-patria-y-vida-un-colgante-exclusivo-elaborado-para-el-artista-randy-malcom\\\/#webpage\"},\"isPartOf\":{\"@id\":\"https:\\\/\\\/eldigitaldeasturias.com\\\/radio\\\/yohan-rodrigani-presenta-su-nueva-creacion-patria-y-vida-un-colgante-exclusivo-elaborado-para-el-artista-randy-malcom\\\/#webpage\"},\"articleSection\":\"Noticias\",\"dateline\":\"Publicado el marzo 24, 2021.\"},{\"@type\":\"Organization\",\"@id\":\"https:\\\/\\\/eldigitaldeasturias.com\\\/radio\\\/#organization\",\"name\":\"El digital de Asturias Radio\",\"description\":\"Diario de informaci\\u00f3n y noticias\",\"url\":\"https:\\\/\\\/eldigitaldeasturias.com\\\/radio\\\/\",\"telephone\":\"+34652131393\",\"logo\":{\"@type\":\"ImageObject\",\"url\":\"https:\\\/\\\/www.eldigitaldeasturias.com\\\/radio\\\/wp-content\\\/uploads\\\/2021\\\/03\\\/EDA.jpg\",\"@id\":\"https:\\\/\\\/eldigitaldeasturias.com\\\/radio\\\/yohan-rodrigani-presenta-su-nueva-creacion-patria-y-vida-un-colgante-exclusivo-elaborado-para-el-artista-randy-malcom\\\/#organizationLogo\"},\"image\":{\"@id\":\"https:\\\/\\\/eldigitaldeasturias.com\\\/radio\\\/yohan-rodrigani-presenta-su-nueva-creacion-patria-y-vida-un-colgante-exclusivo-elaborado-para-el-artista-randy-malcom\\\/#organizationLogo\"},\"sameAs\":[\"https:\\\/\\\/www.facebook.com\\\/\",\"https:\\\/\\\/x.com\\\/bercodi\",\"https:\\\/\\\/www.instagram.com\\\/\",\"https:\\\/\\\/www.youtube.com\\\/channel\\\/UCZP-2wLEB9Rv6erhFmqVnvg\"]},{\"@type\":\"Person\",\"@id\":\"https:\\\/\\\/eldigitaldeasturias.com\\\/radio\\\/author\\\/nbasturias\\\/#author\",\"url\":\"https:\\\/\\\/eldigitaldeasturias.com\\\/radio\\\/author\\\/nbasturias\\\/\",\"name\":\"NBAsturias\",\"image\":{\"@type\":\"ImageObject\",\"@id\":\"https:\\\/\\\/eldigitaldeasturias.com\\\/radio\\\/yohan-rodrigani-presenta-su-nueva-creacion-patria-y-vida-un-colgante-exclusivo-elaborado-para-el-artista-randy-malcom\\\/#authorImage\",\"url\":\"https:\\\/\\\/secure.gravatar.com\\\/avatar\\\/df2aeffc32bcd13f8d26072ef8a91b623d677766deac7f97ca815868cd41bf5e?s=96&d=mm&r=g\",\"width\":96,\"height\":96,\"caption\":\"NBAsturias\"}},{\"@type\":\"WebPage\",\"@id\":\"https:\\\/\\\/eldigitaldeasturias.com\\\/radio\\\/yohan-rodrigani-presenta-su-nueva-creacion-patria-y-vida-un-colgante-exclusivo-elaborado-para-el-artista-randy-malcom\\\/#webpage\",\"url\":\"https:\\\/\\\/eldigitaldeasturias.com\\\/radio\\\/yohan-rodrigani-presenta-su-nueva-creacion-patria-y-vida-un-colgante-exclusivo-elaborado-para-el-artista-randy-malcom\\\/\",\"name\":\"Yohan Rodrigani presenta su nueva creaci\\u00f3n, \\u201cPatria y Vida\\u201d, un colgante exclusivo elaborado para el artista Randy Malcom | El Digital de Asturias\",\"description\":\"\\u201cEl c\\u00e9lebre dise\\u00f1ador de joyas representa as\\u00ed la visi\\u00f3n del artista de la banda Gente de Zona, Randy Malcom, plasmada en un nuevo \\u00e9xito musical.\\u201d\",\"inLanguage\":\"es-ES\",\"isPartOf\":{\"@id\":\"https:\\\/\\\/eldigitaldeasturias.com\\\/radio\\\/#website\"},\"breadcrumb\":{\"@id\":\"https:\\\/\\\/eldigitaldeasturias.com\\\/radio\\\/yohan-rodrigani-presenta-su-nueva-creacion-patria-y-vida-un-colgante-exclusivo-elaborado-para-el-artista-randy-malcom\\\/#breadcrumblist\"},\"author\":{\"@id\":\"https:\\\/\\\/eldigitaldeasturias.com\\\/radio\\\/author\\\/nbasturias\\\/#author\"},\"creator\":{\"@id\":\"https:\\\/\\\/eldigitaldeasturias.com\\\/radio\\\/author\\\/nbasturias\\\/#author\"},\"image\":{\"@type\":\"ImageObject\",\"url\":\"https:\\\/\\\/eldigitaldeasturias.com\\\/radio\\\/wp-content\\\/uploads\\\/2021\\\/03\\\/Yohan-rodrigani-IP.jpg\",\"@id\":\"https:\\\/\\\/eldigitaldeasturias.com\\\/radio\\\/yohan-rodrigani-presenta-su-nueva-creacion-patria-y-vida-un-colgante-exclusivo-elaborado-para-el-artista-randy-malcom\\\/#mainImage\",\"width\":720,\"height\":1280,\"caption\":\"Yohan rodrigani - IP\"},\"primaryImageOfPage\":{\"@id\":\"https:\\\/\\\/eldigitaldeasturias.com\\\/radio\\\/yohan-rodrigani-presenta-su-nueva-creacion-patria-y-vida-un-colgante-exclusivo-elaborado-para-el-artista-randy-malcom\\\/#mainImage\"},\"datePublished\":\"2021-03-24T18:30:37+01:00\",\"dateModified\":\"2021-03-24T18:30:37+01:00\"},{\"@type\":\"WebSite\",\"@id\":\"https:\\\/\\\/eldigitaldeasturias.com\\\/radio\\\/#website\",\"url\":\"https:\\\/\\\/eldigitaldeasturias.com\\\/radio\\\/\",\"name\":\"El Digital de Asturias\",\"description\":\"Diario de informaci\\u00f3n y noticias\",\"inLanguage\":\"es-ES\",\"publisher\":{\"@id\":\"https:\\\/\\\/eldigitaldeasturias.com\\\/radio\\\/#organization\"}}]}\n\t\t<\/script>\n\t\t<!-- All in One SEO Pro -->\r\n\t\t<title>Yohan Rodrigani presenta su nueva creaci\u00f3n, \u201cPatria y Vida\u201d, un colgante exclusivo elaborado para el artista Randy Malcom | El Digital de Asturias<\/title>\n\n","aioseo_head_json":{"title":"Yohan Rodrigani presenta su nueva creaci\u00f3n, \u201cPatria y Vida\u201d, un colgante exclusivo elaborado para el artista Randy Malcom | El Digital de Asturias","description":"\u201cEl c\u00e9lebre dise\u00f1ador de joyas representa as\u00ed la visi\u00f3n del artista de la banda Gente de Zona, Randy Malcom, plasmada en un nuevo \u00e9xito musical.\u201d","canonical_url":"https:\/\/eldigitaldeasturias.com\/radio\/yohan-rodrigani-presenta-su-nueva-creacion-patria-y-vida-un-colgante-exclusivo-elaborado-para-el-artista-randy-malcom\/","robots":"max-image-preview:large","keywords":"noticias","webmasterTools":{"google-site-verification":"UA-38556648-1","miscellaneous":""},"schema":{"@context":"https:\/\/schema.org","@graph":[{"@type":"BreadcrumbList","@id":"https:\/\/eldigitaldeasturias.com\/radio\/yohan-rodrigani-presenta-su-nueva-creacion-patria-y-vida-un-colgante-exclusivo-elaborado-para-el-artista-randy-malcom\/#breadcrumblist","itemListElement":[{"@type":"ListItem","@id":"https:\/\/eldigitaldeasturias.com\/radio#listItem","position":1,"name":"Inicio","item":"https:\/\/eldigitaldeasturias.com\/radio","nextItem":{"@type":"ListItem","@id":"https:\/\/eldigitaldeasturias.com\/radio\/category\/noticias\/#listItem","name":"Noticias"}},{"@type":"ListItem","@id":"https:\/\/eldigitaldeasturias.com\/radio\/category\/noticias\/#listItem","position":2,"name":"Noticias","item":"https:\/\/eldigitaldeasturias.com\/radio\/category\/noticias\/","nextItem":{"@type":"ListItem","@id":"https:\/\/eldigitaldeasturias.com\/radio\/yohan-rodrigani-presenta-su-nueva-creacion-patria-y-vida-un-colgante-exclusivo-elaborado-para-el-artista-randy-malcom\/#listItem","name":"Yohan Rodrigani presenta su nueva creaci\u00f3n, \u201cPatria y Vida\u201d, un colgante exclusivo elaborado para el artista Randy Malcom"},"previousItem":{"@type":"ListItem","@id":"https:\/\/eldigitaldeasturias.com\/radio#listItem","name":"Inicio"}},{"@type":"ListItem","@id":"https:\/\/eldigitaldeasturias.com\/radio\/yohan-rodrigani-presenta-su-nueva-creacion-patria-y-vida-un-colgante-exclusivo-elaborado-para-el-artista-randy-malcom\/#listItem","position":3,"name":"Yohan Rodrigani presenta su nueva creaci\u00f3n, \u201cPatria y Vida\u201d, un colgante exclusivo elaborado para el artista Randy Malcom","previousItem":{"@type":"ListItem","@id":"https:\/\/eldigitaldeasturias.com\/radio\/category\/noticias\/#listItem","name":"Noticias"}}]},{"@type":"NewsArticle","@id":"https:\/\/eldigitaldeasturias.com\/radio\/yohan-rodrigani-presenta-su-nueva-creacion-patria-y-vida-un-colgante-exclusivo-elaborado-para-el-artista-randy-malcom\/#newsarticle","name":"Yohan Rodrigani presenta su nueva creaci\u00f3n, \u201cPatria y Vida\u201d, un colgante exclusivo elaborado para el artista Randy Malcom | El Digital de Asturias","headline":"Yohan Rodrigani presenta su nueva creaci\u00f3n, \u201cPatria y Vida\u201d, un colgante exclusivo elaborado para el artista Randy Malcom","author":{"@id":"https:\/\/eldigitaldeasturias.com\/radio\/author\/nbasturias\/#author"},"publisher":{"@id":"https:\/\/eldigitaldeasturias.com\/radio\/#organization"},"image":{"@type":"ImageObject","url":"https:\/\/eldigitaldeasturias.com\/radio\/wp-content\/uploads\/2021\/03\/Yohan-rodrigani-IP.jpg","width":720,"height":1280,"caption":"Yohan rodrigani - IP"},"datePublished":"2021-03-24T18:30:37+01:00","dateModified":"2021-03-24T18:30:37+01:00","inLanguage":"es-ES","mainEntityOfPage":{"@id":"https:\/\/eldigitaldeasturias.com\/radio\/yohan-rodrigani-presenta-su-nueva-creacion-patria-y-vida-un-colgante-exclusivo-elaborado-para-el-artista-randy-malcom\/#webpage"},"isPartOf":{"@id":"https:\/\/eldigitaldeasturias.com\/radio\/yohan-rodrigani-presenta-su-nueva-creacion-patria-y-vida-un-colgante-exclusivo-elaborado-para-el-artista-randy-malcom\/#webpage"},"articleSection":"Noticias","dateline":"Publicado el marzo 24, 2021."},{"@type":"Organization","@id":"https:\/\/eldigitaldeasturias.com\/radio\/#organization","name":"El digital de Asturias Radio","description":"Diario de informaci\u00f3n y noticias","url":"https:\/\/eldigitaldeasturias.com\/radio\/","telephone":"+34652131393","logo":{"@type":"ImageObject","url":"https:\/\/www.eldigitaldeasturias.com\/radio\/wp-content\/uploads\/2021\/03\/EDA.jpg","@id":"https:\/\/eldigitaldeasturias.com\/radio\/yohan-rodrigani-presenta-su-nueva-creacion-patria-y-vida-un-colgante-exclusivo-elaborado-para-el-artista-randy-malcom\/#organizationLogo"},"image":{"@id":"https:\/\/eldigitaldeasturias.com\/radio\/yohan-rodrigani-presenta-su-nueva-creacion-patria-y-vida-un-colgante-exclusivo-elaborado-para-el-artista-randy-malcom\/#organizationLogo"},"sameAs":["https:\/\/www.facebook.com\/","https:\/\/x.com\/bercodi","https:\/\/www.instagram.com\/","https:\/\/www.youtube.com\/channel\/UCZP-2wLEB9Rv6erhFmqVnvg"]},{"@type":"Person","@id":"https:\/\/eldigitaldeasturias.com\/radio\/author\/nbasturias\/#author","url":"https:\/\/eldigitaldeasturias.com\/radio\/author\/nbasturias\/","name":"NBAsturias","image":{"@type":"ImageObject","@id":"https:\/\/eldigitaldeasturias.com\/radio\/yohan-rodrigani-presenta-su-nueva-creacion-patria-y-vida-un-colgante-exclusivo-elaborado-para-el-artista-randy-malcom\/#authorImage","url":"https:\/\/secure.gravatar.com\/avatar\/df2aeffc32bcd13f8d26072ef8a91b623d677766deac7f97ca815868cd41bf5e?s=96&d=mm&r=g","width":96,"height":96,"caption":"NBAsturias"}},{"@type":"WebPage","@id":"https:\/\/eldigitaldeasturias.com\/radio\/yohan-rodrigani-presenta-su-nueva-creacion-patria-y-vida-un-colgante-exclusivo-elaborado-para-el-artista-randy-malcom\/#webpage","url":"https:\/\/eldigitaldeasturias.com\/radio\/yohan-rodrigani-presenta-su-nueva-creacion-patria-y-vida-un-colgante-exclusivo-elaborado-para-el-artista-randy-malcom\/","name":"Yohan Rodrigani presenta su nueva creaci\u00f3n, \u201cPatria y Vida\u201d, un colgante exclusivo elaborado para el artista Randy Malcom | El Digital de Asturias","description":"\u201cEl c\u00e9lebre dise\u00f1ador de joyas representa as\u00ed la visi\u00f3n del artista de la banda Gente de Zona, Randy Malcom, plasmada en un nuevo \u00e9xito musical.\u201d","inLanguage":"es-ES","isPartOf":{"@id":"https:\/\/eldigitaldeasturias.com\/radio\/#website"},"breadcrumb":{"@id":"https:\/\/eldigitaldeasturias.com\/radio\/yohan-rodrigani-presenta-su-nueva-creacion-patria-y-vida-un-colgante-exclusivo-elaborado-para-el-artista-randy-malcom\/#breadcrumblist"},"author":{"@id":"https:\/\/eldigitaldeasturias.com\/radio\/author\/nbasturias\/#author"},"creator":{"@id":"https:\/\/eldigitaldeasturias.com\/radio\/author\/nbasturias\/#author"},"image":{"@type":"ImageObject","url":"https:\/\/eldigitaldeasturias.com\/radio\/wp-content\/uploads\/2021\/03\/Yohan-rodrigani-IP.jpg","@id":"https:\/\/eldigitaldeasturias.com\/radio\/yohan-rodrigani-presenta-su-nueva-creacion-patria-y-vida-un-colgante-exclusivo-elaborado-para-el-artista-randy-malcom\/#mainImage","width":720,"height":1280,"caption":"Yohan rodrigani - IP"},"primaryImageOfPage":{"@id":"https:\/\/eldigitaldeasturias.com\/radio\/yohan-rodrigani-presenta-su-nueva-creacion-patria-y-vida-un-colgante-exclusivo-elaborado-para-el-artista-randy-malcom\/#mainImage"},"datePublished":"2021-03-24T18:30:37+01:00","dateModified":"2021-03-24T18:30:37+01:00"},{"@type":"WebSite","@id":"https:\/\/eldigitaldeasturias.com\/radio\/#website","url":"https:\/\/eldigitaldeasturias.com\/radio\/","name":"El Digital de Asturias","description":"Diario de informaci\u00f3n y noticias","inLanguage":"es-ES","publisher":{"@id":"https:\/\/eldigitaldeasturias.com\/radio\/#organization"}}]},"og:locale":"es_ES","og:site_name":"El Digital de Asturias | Diario de informaci\u00f3n y noticias","og:type":"article","og:title":"Yohan Rodrigani presenta su nueva creaci\u00f3n, \u201cPatria y Vida\u201d, un colgante exclusivo elaborado para el artista Randy Malcom | El Digital de Asturias","og:description":"\u201cEl c\u00e9lebre dise\u00f1ador de joyas representa as\u00ed la visi\u00f3n del artista de la banda Gente de Zona, Randy Malcom, plasmada en un nuevo \u00e9xito musical.\u201d","og:url":"https:\/\/eldigitaldeasturias.com\/radio\/yohan-rodrigani-presenta-su-nueva-creacion-patria-y-vida-un-colgante-exclusivo-elaborado-para-el-artista-randy-malcom\/","og:image":"https:\/\/eldigitaldeasturias.com\/radio\/wp-content\/uploads\/2021\/03\/Yohan-rodrigani-IP.jpg","og:image:secure_url":"https:\/\/eldigitaldeasturias.com\/radio\/wp-content\/uploads\/2021\/03\/Yohan-rodrigani-IP.jpg","og:image:width":720,"og:image:height":1280,"article:published_time":"2021-03-24T18:30:37+00:00","article:modified_time":"2021-03-24T18:30:37+00:00","twitter:card":"summary_large_image","twitter:site":"@bercodi","twitter:title":"Yohan Rodrigani presenta su nueva creaci\u00f3n, \u201cPatria y Vida\u201d, un colgante exclusivo elaborado para el artista Randy Malcom | El Digital de Asturias","twitter:description":"\u201cEl c\u00e9lebre dise\u00f1ador de joyas representa as\u00ed la visi\u00f3n del artista de la banda Gente de Zona, Randy Malcom, plasmada en un nuevo \u00e9xito musical.\u201d","twitter:creator":"@bercodi","twitter:image":"https:\/\/eldigitaldeasturias.com\/radio\/wp-content\/uploads\/2021\/03\/Yohan-rodrigani-IP.jpg"},"aioseo_meta_data":{"post_id":"5723","title":null,"description":null,"keywords":null,"keyphrases":null,"primary_term":null,"canonical_url":null,"og_title":null,"og_description":null,"og_object_type":"default","og_image_type":"default","og_image_url":null,"og_image_width":null,"og_image_height":null,"og_image_custom_url":null,"og_image_custom_fields":null,"og_video":null,"og_custom_url":null,"og_article_section":null,"og_article_tags":null,"twitter_use_og":false,"twitter_card":"default","twitter_image_type":"default","twitter_image_url":null,"twitter_image_custom_url":null,"twitter_image_custom_fields":null,"twitter_title":null,"twitter_description":null,"schema":{"blockGraphs":[],"customGraphs":[],"default":{"data":{"Article":[],"Course":[],"Dataset":[],"FAQPage":[],"Movie":[],"Person":[],"Product":[],"ProductReview":[],"Car":[],"Recipe":[],"Service":[],"SoftwareApplication":[],"WebPage":[]},"graphName":"","isEnabled":true},"graphs":[],"defaultGraph":"","defaultPostTypeGraph":""},"schema_type":null,"schema_type_options":null,"pillar_content":false,"robots_default":true,"robots_noindex":false,"robots_noarchive":false,"robots_nosnippet":false,"robots_nofollow":false,"robots_noimageindex":false,"robots_noodp":false,"robots_notranslate":false,"robots_max_snippet":null,"robots_max_videopreview":null,"robots_max_imagepreview":"large","priority":null,"frequency":null,"location":null,"local_seo":null,"seo_analyzer_scan_date":"2025-08-28 18:22:38","breadcrumb_settings":null,"limit_modified_date":false,"open_ai":null,"ai":null,"created":"2021-03-25 10:26:10","updated":"2025-08-28 18:22:38"},"aioseo_breadcrumb":"<div class=\"aioseo-breadcrumbs\"><span class=\"aioseo-breadcrumb\">\n\t<a href=\"https:\/\/eldigitaldeasturias.com\/radio\" title=\"Inicio\">Inicio<\/a>\n<\/span><span class=\"aioseo-breadcrumb-separator\">&ndash;<\/span><span class=\"aioseo-breadcrumb\">\n\t<a href=\"https:\/\/eldigitaldeasturias.com\/radio\/category\/noticias\/\" title=\"Noticias\">Noticias<\/a>\n<\/span><span class=\"aioseo-breadcrumb-separator\">&ndash;<\/span><span class=\"aioseo-breadcrumb\">\n\tYohan Rodrigani presenta su nueva creaci\u00f3n, \u201cPatria y Vida\u201d, un colgante exclusivo elaborado para el artista Randy Malcom\n<\/span><\/div>","aioseo_breadcrumb_json":[{"label":"Inicio","link":"https:\/\/eldigitaldeasturias.com\/radio"},{"label":"Noticias","link":"https:\/\/eldigitaldeasturias.com\/radio\/category\/noticias\/"},{"label":"Yohan Rodrigani presenta su nueva creaci\u00f3n, \u201cPatria y Vida\u201d, un colgante exclusivo elaborado para el artista Randy Malcom","link":"https:\/\/eldigitaldeasturias.com\/radio\/yohan-rodrigani-presenta-su-nueva-creacion-patria-y-vida-un-colgante-exclusivo-elaborado-para-el-artista-randy-malcom\/"}],"_links":{"self":[{"href":"https:\/\/eldigitaldeasturias.com\/radio\/wp-json\/wp\/v2\/posts\/5723","targetHints":{"allow":["GET"]}}],"collection":[{"href":"https:\/\/eldigitaldeasturias.com\/radio\/wp-json\/wp\/v2\/posts"}],"about":[{"href":"https:\/\/eldigitaldeasturias.com\/radio\/wp-json\/wp\/v2\/types\/post"}],"author":[{"embeddable":true,"href":"https:\/\/eldigitaldeasturias.com\/radio\/wp-json\/wp\/v2\/users\/1"}],"replies":[{"embeddable":true,"href":"https:\/\/eldigitaldeasturias.com\/radio\/wp-json\/wp\/v2\/comments?post=5723"}],"version-history":[{"count":0,"href":"https:\/\/eldigitaldeasturias.com\/radio\/wp-json\/wp\/v2\/posts\/5723\/revisions"}],"wp:featuredmedia":[{"embeddable":true,"href":"https:\/\/eldigitaldeasturias.com\/radio\/wp-json\/wp\/v2\/media\/5724"}],"wp:attachment":[{"href":"https:\/\/eldigitaldeasturias.com\/radio\/wp-json\/wp\/v2\/media?parent=5723"}],"wp:term":[{"taxonomy":"category","embeddable":true,"href":"https:\/\/eldigitaldeasturias.com\/radio\/wp-json\/wp\/v2\/categories?post=5723"},{"taxonomy":"post_tag","embeddable":true,"href":"https:\/\/eldigitaldeasturias.com\/radio\/wp-json\/wp\/v2\/tags?post=5723"}],"curies":[{"name":"wp","href":"https:\/\/api.w.org\/{rel}","templated":true}]}}