{"id":5721,"date":"2021-03-24T18:22:23","date_gmt":"2021-03-24T18:22:23","guid":{"rendered":"http:\/\/eldigitaldeasturias.com\/radio\/?p=5721"},"modified":"2021-03-24T18:22:23","modified_gmt":"2021-03-24T18:22:23","slug":"el-constitucional-aleman-debera-decidir-sobre-comaternidad","status":"publish","type":"post","link":"https:\/\/eldigitaldeasturias.com\/radio\/el-constitucional-aleman-debera-decidir-sobre-comaternidad\/","title":{"rendered":"El Constitucional alem\u00e1n deber\u00e1 decidir sobre comaternidad"},"content":{"rendered":"<p><img fetchpriority=\"high\" decoding=\"async\" class=\"alignleft size-medium wp-image-2992\" src=\"https:\/\/eldigitaldeasturias.com\/radio\/wp-content\/uploads\/2019\/08\/pedestrians-400811_960_720-360x238.jpg\" alt=\"\" width=\"360\" height=\"238\" srcset=\"https:\/\/eldigitaldeasturias.com\/radio\/wp-content\/uploads\/2019\/08\/pedestrians-400811_960_720-360x238.jpg 360w, https:\/\/eldigitaldeasturias.com\/radio\/wp-content\/uploads\/2019\/08\/pedestrians-400811_960_720-768x508.jpg 768w, https:\/\/eldigitaldeasturias.com\/radio\/wp-content\/uploads\/2019\/08\/pedestrians-400811_960_720.jpg 960w\" sizes=\"(max-width: 360px) 100vw, 360px\" \/>Celle (Alemania), 24 mar (dpa) &#8211; Un matrimonio de mujeres de la localidad alemana de Hildesheim que demandan figurar ambas como madres de su hija alcanzaron hoy un primer objetivo en la lucha por la igualdad jur\u00eddica de las familias homosexuales.<\/p>\n<p>El Tribunal Regional Superior de Celle remiti\u00f3 el caso al Tribunal Constitucional alem\u00e1n, ya que los jueces consideraron inconstitucional la actual normativa de la ley de filiaci\u00f3n.<\/p>\n<p>Los jueces de Celle deb\u00edan decidir si Paula, de un a\u00f1o de edad, tiene legalmente dos madres y si deben figurar en el certificado de nacimiento. Este procedimiento fue suspendido porque el C\u00f3digo Civil germano solo habla de maternidad y paternidad, lo que tendr\u00eda que ser nuevamente regulado.<\/p>\n<p>Una de las mujeres, de 45 a\u00f1os, dio a luz a la ni\u00f1a en febrero de 2020 gracias a una donaci\u00f3n an\u00f3nima de c\u00e9lulas germinales. Su compa\u00f1era de toda la vida, de 48 a\u00f1os, solo podr\u00eda ser reconocida como madre, seg\u00fan la situaci\u00f3n jur\u00eddica actual, mediante una adopci\u00f3n de hijastros, un tr\u00e1mite que suele ser largo.<\/p>\n<p>Sin embargo, el Tribunal Regional Superior de Celle se mostr\u00f3 convencido de que este procedimiento viola sus derechos parentales protegidos por la Constituci\u00f3n, as\u00ed como tambi\u00e9n el derecho fundamental del ni\u00f1o en cuesti\u00f3n.<\/p>\n<p>\u00abHe sido la mam\u00e1 de Paula desde que naci\u00f3\u00bb, dijo la mujer de 48 a\u00f1os tras la decisi\u00f3n. \u00abMe alegro de que el tribunal haya confirmado hoy que el hecho de que no figure en su partida de nacimiento viola nuestros derechos fundamentales\u00bb, agreg\u00f3.<\/p>\n<p>Seg\u00fan la asociaci\u00f3n Gesellschaft f\u00fcr Freiheitsrechte (sociedad de libertades c\u00edvicas), unos 14.000 ni\u00f1os en toda Alemania crecen con padres no heterosexuales.<\/p>\n<p>Algunas parejas han acudido a los tribunales germanos en contra de la discriminaci\u00f3n. Tambi\u00e9n se ven afectados los padres sin indicaci\u00f3n de sexo o registrados como de sexo diverso.<\/p>\n<p>Seg\u00fan la informaci\u00f3n del portavoz del Tribunal de Celle, en el caso de estas dos mujeres se trata del primer control normativo concreto en referencia a padres no heterosexuales a ser tratado por el Tribunal Constitucional, con sede en la ciudad de Karlsruhe.<\/p>\n<p>Los jueces de Celle explicaron que las autoridades en materia legislativa est\u00e1n obligadas a justificar legalmente la situaci\u00f3n de los padres en tales casos y a definirla mejor. Cuestiones similares se plantean tambi\u00e9n en el caso de un matrimonio del mismo sexo de dos hombres.<\/p>\n<p>El Ministerio alem\u00e1n de Justicia trabaja desde hace alg\u00fan tiempo en la reforma de la ley de filiaci\u00f3n, descendencia y alimentos. Para una reforma parcial, que entre otras cosas contemple la comaternidad en virtud del matrimonio y en virtud del reconocimiento, existe un proyecto de ley desde 2020.<\/p>\n","protected":false},"excerpt":{"rendered":"<p>Celle (Alemania), 24 mar (dpa) &#8211; Un matrimonio de mujeres de la localidad alemana de Hildesheim que demandan figurar ambas como madres de su hija alcanzaron hoy un primer objetivo en la lucha por la igualdad jur\u00eddica de las familias homosexuales. El Tribunal Regional Superior de Celle remiti\u00f3 el caso al Tribunal Constitucional alem\u00e1n, ya<\/p>\n","protected":false},"author":1,"featured_media":2992,"comment_status":"closed","ping_status":"closed","sticky":false,"template":"","format":"standard","meta":{"footnotes":""},"categories":[1],"tags":[],"class_list":{"0":"post-5721","1":"post","2":"type-post","3":"status-publish","4":"format-standard","5":"has-post-thumbnail","7":"category-noticias"},"aioseo_notices":[],"aioseo_head":"\n\t\t<!-- All in One SEO Pro 4.9.6.2 - aioseo.com -->\n\t<meta name=\"description\" content=\"Celle (Alemania), 24 mar (dpa) - Un matrimonio de mujeres de la localidad alemana de Hildesheim que demandan figurar ambas como madres de su hija alcanzaron hoy un primer objetivo en la lucha por la igualdad jur\u00eddica de las familias homosexuales. El Tribunal Regional Superior de Celle remiti\u00f3 el caso al Tribunal Constitucional alem\u00e1n, ya\" \/>\n\t<meta name=\"robots\" content=\"max-image-preview:large\" \/>\n\t<meta name=\"author\" content=\"NBAsturias\"\/>\n\t<meta name=\"google-site-verification\" content=\"UA-38556648-1\" \/>\n\t<meta name=\"keywords\" content=\"noticias\" \/>\n\t<link rel=\"canonical\" href=\"https:\/\/eldigitaldeasturias.com\/radio\/el-constitucional-aleman-debera-decidir-sobre-comaternidad\/\" \/>\n\t<meta name=\"generator\" content=\"All in One SEO Pro (AIOSEO) 4.9.6.2\" \/>\n\t\t<meta property=\"og:locale\" content=\"es_ES\" \/>\n\t\t<meta property=\"og:site_name\" content=\"El Digital de Asturias | Diario de informaci\u00f3n y noticias\" \/>\n\t\t<meta property=\"og:type\" content=\"article\" \/>\n\t\t<meta property=\"og:title\" content=\"El Constitucional alem\u00e1n deber\u00e1 decidir sobre comaternidad | El Digital de Asturias\" \/>\n\t\t<meta property=\"og:description\" content=\"Celle (Alemania), 24 mar (dpa) - Un matrimonio de mujeres de la localidad alemana de Hildesheim que demandan figurar ambas como madres de su hija alcanzaron hoy un primer objetivo en la lucha por la igualdad jur\u00eddica de las familias homosexuales. El Tribunal Regional Superior de Celle remiti\u00f3 el caso al Tribunal Constitucional alem\u00e1n, ya\" \/>\n\t\t<meta property=\"og:url\" content=\"https:\/\/eldigitaldeasturias.com\/radio\/el-constitucional-aleman-debera-decidir-sobre-comaternidad\/\" \/>\n\t\t<meta property=\"og:image\" content=\"https:\/\/eldigitaldeasturias.com\/radio\/wp-content\/uploads\/2019\/08\/pedestrians-400811_960_720.jpg\" \/>\n\t\t<meta property=\"og:image:secure_url\" content=\"https:\/\/eldigitaldeasturias.com\/radio\/wp-content\/uploads\/2019\/08\/pedestrians-400811_960_720.jpg\" \/>\n\t\t<meta property=\"og:image:width\" content=\"960\" \/>\n\t\t<meta property=\"og:image:height\" content=\"635\" \/>\n\t\t<meta property=\"article:published_time\" content=\"2021-03-24T18:22:23+00:00\" \/>\n\t\t<meta property=\"article:modified_time\" content=\"2021-03-24T18:22:23+00:00\" \/>\n\t\t<meta name=\"twitter:card\" content=\"summary_large_image\" \/>\n\t\t<meta name=\"twitter:site\" content=\"@bercodi\" \/>\n\t\t<meta name=\"twitter:title\" content=\"El Constitucional alem\u00e1n deber\u00e1 decidir sobre comaternidad | El Digital de Asturias\" \/>\n\t\t<meta name=\"twitter:description\" content=\"Celle (Alemania), 24 mar (dpa) - Un matrimonio de mujeres de la localidad alemana de Hildesheim que demandan figurar ambas como madres de su hija alcanzaron hoy un primer objetivo en la lucha por la igualdad jur\u00eddica de las familias homosexuales. El Tribunal Regional Superior de Celle remiti\u00f3 el caso al Tribunal Constitucional alem\u00e1n, ya\" \/>\n\t\t<meta name=\"twitter:creator\" content=\"@bercodi\" \/>\n\t\t<meta name=\"twitter:image\" content=\"https:\/\/eldigitaldeasturias.com\/radio\/wp-content\/uploads\/2019\/08\/pedestrians-400811_960_720.jpg\" \/>\n\t\t<script type=\"application\/ld+json\" class=\"aioseo-schema\">\n\t\t\t{\"@context\":\"https:\\\/\\\/schema.org\",\"@graph\":[{\"@type\":\"BreadcrumbList\",\"@id\":\"https:\\\/\\\/eldigitaldeasturias.com\\\/radio\\\/el-constitucional-aleman-debera-decidir-sobre-comaternidad\\\/#breadcrumblist\",\"itemListElement\":[{\"@type\":\"ListItem\",\"@id\":\"https:\\\/\\\/eldigitaldeasturias.com\\\/radio#listItem\",\"position\":1,\"name\":\"Inicio\",\"item\":\"https:\\\/\\\/eldigitaldeasturias.com\\\/radio\",\"nextItem\":{\"@type\":\"ListItem\",\"@id\":\"https:\\\/\\\/eldigitaldeasturias.com\\\/radio\\\/category\\\/noticias\\\/#listItem\",\"name\":\"Noticias\"}},{\"@type\":\"ListItem\",\"@id\":\"https:\\\/\\\/eldigitaldeasturias.com\\\/radio\\\/category\\\/noticias\\\/#listItem\",\"position\":2,\"name\":\"Noticias\",\"item\":\"https:\\\/\\\/eldigitaldeasturias.com\\\/radio\\\/category\\\/noticias\\\/\",\"nextItem\":{\"@type\":\"ListItem\",\"@id\":\"https:\\\/\\\/eldigitaldeasturias.com\\\/radio\\\/el-constitucional-aleman-debera-decidir-sobre-comaternidad\\\/#listItem\",\"name\":\"El Constitucional alem\\u00e1n deber\\u00e1 decidir sobre comaternidad\"},\"previousItem\":{\"@type\":\"ListItem\",\"@id\":\"https:\\\/\\\/eldigitaldeasturias.com\\\/radio#listItem\",\"name\":\"Inicio\"}},{\"@type\":\"ListItem\",\"@id\":\"https:\\\/\\\/eldigitaldeasturias.com\\\/radio\\\/el-constitucional-aleman-debera-decidir-sobre-comaternidad\\\/#listItem\",\"position\":3,\"name\":\"El Constitucional alem\\u00e1n deber\\u00e1 decidir sobre comaternidad\",\"previousItem\":{\"@type\":\"ListItem\",\"@id\":\"https:\\\/\\\/eldigitaldeasturias.com\\\/radio\\\/category\\\/noticias\\\/#listItem\",\"name\":\"Noticias\"}}]},{\"@type\":\"NewsArticle\",\"@id\":\"https:\\\/\\\/eldigitaldeasturias.com\\\/radio\\\/el-constitucional-aleman-debera-decidir-sobre-comaternidad\\\/#newsarticle\",\"name\":\"El Constitucional alem\\u00e1n deber\\u00e1 decidir sobre comaternidad | El Digital de Asturias\",\"headline\":\"El Constitucional alem\\u00e1n deber\\u00e1 decidir sobre comaternidad\",\"author\":{\"@id\":\"https:\\\/\\\/eldigitaldeasturias.com\\\/radio\\\/author\\\/nbasturias\\\/#author\"},\"publisher\":{\"@id\":\"https:\\\/\\\/eldigitaldeasturias.com\\\/radio\\\/#organization\"},\"image\":{\"@type\":\"ImageObject\",\"url\":\"https:\\\/\\\/eldigitaldeasturias.com\\\/radio\\\/wp-content\\\/uploads\\\/2019\\\/08\\\/pedestrians-400811_960_720.jpg\",\"width\":960,\"height\":635},\"datePublished\":\"2021-03-24T18:22:23+01:00\",\"dateModified\":\"2021-03-24T18:22:23+01:00\",\"inLanguage\":\"es-ES\",\"mainEntityOfPage\":{\"@id\":\"https:\\\/\\\/eldigitaldeasturias.com\\\/radio\\\/el-constitucional-aleman-debera-decidir-sobre-comaternidad\\\/#webpage\"},\"isPartOf\":{\"@id\":\"https:\\\/\\\/eldigitaldeasturias.com\\\/radio\\\/el-constitucional-aleman-debera-decidir-sobre-comaternidad\\\/#webpage\"},\"articleSection\":\"Noticias\",\"dateline\":\"Publicado el marzo 24, 2021.\"},{\"@type\":\"Organization\",\"@id\":\"https:\\\/\\\/eldigitaldeasturias.com\\\/radio\\\/#organization\",\"name\":\"El digital de Asturias Radio\",\"description\":\"Diario de informaci\\u00f3n y noticias\",\"url\":\"https:\\\/\\\/eldigitaldeasturias.com\\\/radio\\\/\",\"telephone\":\"+34652131393\",\"logo\":{\"@type\":\"ImageObject\",\"url\":\"https:\\\/\\\/www.eldigitaldeasturias.com\\\/radio\\\/wp-content\\\/uploads\\\/2021\\\/03\\\/EDA.jpg\",\"@id\":\"https:\\\/\\\/eldigitaldeasturias.com\\\/radio\\\/el-constitucional-aleman-debera-decidir-sobre-comaternidad\\\/#organizationLogo\"},\"image\":{\"@id\":\"https:\\\/\\\/eldigitaldeasturias.com\\\/radio\\\/el-constitucional-aleman-debera-decidir-sobre-comaternidad\\\/#organizationLogo\"},\"sameAs\":[\"https:\\\/\\\/www.facebook.com\\\/\",\"https:\\\/\\\/x.com\\\/bercodi\",\"https:\\\/\\\/www.instagram.com\\\/\",\"https:\\\/\\\/www.youtube.com\\\/channel\\\/UCZP-2wLEB9Rv6erhFmqVnvg\"]},{\"@type\":\"Person\",\"@id\":\"https:\\\/\\\/eldigitaldeasturias.com\\\/radio\\\/author\\\/nbasturias\\\/#author\",\"url\":\"https:\\\/\\\/eldigitaldeasturias.com\\\/radio\\\/author\\\/nbasturias\\\/\",\"name\":\"NBAsturias\",\"image\":{\"@type\":\"ImageObject\",\"@id\":\"https:\\\/\\\/eldigitaldeasturias.com\\\/radio\\\/el-constitucional-aleman-debera-decidir-sobre-comaternidad\\\/#authorImage\",\"url\":\"https:\\\/\\\/secure.gravatar.com\\\/avatar\\\/df2aeffc32bcd13f8d26072ef8a91b623d677766deac7f97ca815868cd41bf5e?s=96&d=mm&r=g\",\"width\":96,\"height\":96,\"caption\":\"NBAsturias\"}},{\"@type\":\"WebPage\",\"@id\":\"https:\\\/\\\/eldigitaldeasturias.com\\\/radio\\\/el-constitucional-aleman-debera-decidir-sobre-comaternidad\\\/#webpage\",\"url\":\"https:\\\/\\\/eldigitaldeasturias.com\\\/radio\\\/el-constitucional-aleman-debera-decidir-sobre-comaternidad\\\/\",\"name\":\"El Constitucional alem\\u00e1n deber\\u00e1 decidir sobre comaternidad | El Digital de Asturias\",\"description\":\"Celle (Alemania), 24 mar (dpa) - Un matrimonio de mujeres de la localidad alemana de Hildesheim que demandan figurar ambas como madres de su hija alcanzaron hoy un primer objetivo en la lucha por la igualdad jur\\u00eddica de las familias homosexuales. El Tribunal Regional Superior de Celle remiti\\u00f3 el caso al Tribunal Constitucional alem\\u00e1n, ya\",\"inLanguage\":\"es-ES\",\"isPartOf\":{\"@id\":\"https:\\\/\\\/eldigitaldeasturias.com\\\/radio\\\/#website\"},\"breadcrumb\":{\"@id\":\"https:\\\/\\\/eldigitaldeasturias.com\\\/radio\\\/el-constitucional-aleman-debera-decidir-sobre-comaternidad\\\/#breadcrumblist\"},\"author\":{\"@id\":\"https:\\\/\\\/eldigitaldeasturias.com\\\/radio\\\/author\\\/nbasturias\\\/#author\"},\"creator\":{\"@id\":\"https:\\\/\\\/eldigitaldeasturias.com\\\/radio\\\/author\\\/nbasturias\\\/#author\"},\"image\":{\"@type\":\"ImageObject\",\"url\":\"https:\\\/\\\/eldigitaldeasturias.com\\\/radio\\\/wp-content\\\/uploads\\\/2019\\\/08\\\/pedestrians-400811_960_720.jpg\",\"@id\":\"https:\\\/\\\/eldigitaldeasturias.com\\\/radio\\\/el-constitucional-aleman-debera-decidir-sobre-comaternidad\\\/#mainImage\",\"width\":960,\"height\":635},\"primaryImageOfPage\":{\"@id\":\"https:\\\/\\\/eldigitaldeasturias.com\\\/radio\\\/el-constitucional-aleman-debera-decidir-sobre-comaternidad\\\/#mainImage\"},\"datePublished\":\"2021-03-24T18:22:23+01:00\",\"dateModified\":\"2021-03-24T18:22:23+01:00\"},{\"@type\":\"WebSite\",\"@id\":\"https:\\\/\\\/eldigitaldeasturias.com\\\/radio\\\/#website\",\"url\":\"https:\\\/\\\/eldigitaldeasturias.com\\\/radio\\\/\",\"name\":\"El Digital de Asturias\",\"description\":\"Diario de informaci\\u00f3n y noticias\",\"inLanguage\":\"es-ES\",\"publisher\":{\"@id\":\"https:\\\/\\\/eldigitaldeasturias.com\\\/radio\\\/#organization\"}}]}\n\t\t<\/script>\n\t\t<!-- All in One SEO Pro -->\r\n\t\t<title>El Constitucional alem\u00e1n deber\u00e1 decidir sobre comaternidad | El Digital de Asturias<\/title>\n\n","aioseo_head_json":{"title":"El Constitucional alem\u00e1n deber\u00e1 decidir sobre comaternidad | El Digital de Asturias","description":"Celle (Alemania), 24 mar (dpa) - Un matrimonio de mujeres de la localidad alemana de Hildesheim que demandan figurar ambas como madres de su hija alcanzaron hoy un primer objetivo en la lucha por la igualdad jur\u00eddica de las familias homosexuales. El Tribunal Regional Superior de Celle remiti\u00f3 el caso al Tribunal Constitucional alem\u00e1n, ya","canonical_url":"https:\/\/eldigitaldeasturias.com\/radio\/el-constitucional-aleman-debera-decidir-sobre-comaternidad\/","robots":"max-image-preview:large","keywords":"noticias","webmasterTools":{"google-site-verification":"UA-38556648-1","miscellaneous":""},"schema":{"@context":"https:\/\/schema.org","@graph":[{"@type":"BreadcrumbList","@id":"https:\/\/eldigitaldeasturias.com\/radio\/el-constitucional-aleman-debera-decidir-sobre-comaternidad\/#breadcrumblist","itemListElement":[{"@type":"ListItem","@id":"https:\/\/eldigitaldeasturias.com\/radio#listItem","position":1,"name":"Inicio","item":"https:\/\/eldigitaldeasturias.com\/radio","nextItem":{"@type":"ListItem","@id":"https:\/\/eldigitaldeasturias.com\/radio\/category\/noticias\/#listItem","name":"Noticias"}},{"@type":"ListItem","@id":"https:\/\/eldigitaldeasturias.com\/radio\/category\/noticias\/#listItem","position":2,"name":"Noticias","item":"https:\/\/eldigitaldeasturias.com\/radio\/category\/noticias\/","nextItem":{"@type":"ListItem","@id":"https:\/\/eldigitaldeasturias.com\/radio\/el-constitucional-aleman-debera-decidir-sobre-comaternidad\/#listItem","name":"El Constitucional alem\u00e1n deber\u00e1 decidir sobre comaternidad"},"previousItem":{"@type":"ListItem","@id":"https:\/\/eldigitaldeasturias.com\/radio#listItem","name":"Inicio"}},{"@type":"ListItem","@id":"https:\/\/eldigitaldeasturias.com\/radio\/el-constitucional-aleman-debera-decidir-sobre-comaternidad\/#listItem","position":3,"name":"El Constitucional alem\u00e1n deber\u00e1 decidir sobre comaternidad","previousItem":{"@type":"ListItem","@id":"https:\/\/eldigitaldeasturias.com\/radio\/category\/noticias\/#listItem","name":"Noticias"}}]},{"@type":"NewsArticle","@id":"https:\/\/eldigitaldeasturias.com\/radio\/el-constitucional-aleman-debera-decidir-sobre-comaternidad\/#newsarticle","name":"El Constitucional alem\u00e1n deber\u00e1 decidir sobre comaternidad | El Digital de Asturias","headline":"El Constitucional alem\u00e1n deber\u00e1 decidir sobre comaternidad","author":{"@id":"https:\/\/eldigitaldeasturias.com\/radio\/author\/nbasturias\/#author"},"publisher":{"@id":"https:\/\/eldigitaldeasturias.com\/radio\/#organization"},"image":{"@type":"ImageObject","url":"https:\/\/eldigitaldeasturias.com\/radio\/wp-content\/uploads\/2019\/08\/pedestrians-400811_960_720.jpg","width":960,"height":635},"datePublished":"2021-03-24T18:22:23+01:00","dateModified":"2021-03-24T18:22:23+01:00","inLanguage":"es-ES","mainEntityOfPage":{"@id":"https:\/\/eldigitaldeasturias.com\/radio\/el-constitucional-aleman-debera-decidir-sobre-comaternidad\/#webpage"},"isPartOf":{"@id":"https:\/\/eldigitaldeasturias.com\/radio\/el-constitucional-aleman-debera-decidir-sobre-comaternidad\/#webpage"},"articleSection":"Noticias","dateline":"Publicado el marzo 24, 2021."},{"@type":"Organization","@id":"https:\/\/eldigitaldeasturias.com\/radio\/#organization","name":"El digital de Asturias Radio","description":"Diario de informaci\u00f3n y noticias","url":"https:\/\/eldigitaldeasturias.com\/radio\/","telephone":"+34652131393","logo":{"@type":"ImageObject","url":"https:\/\/www.eldigitaldeasturias.com\/radio\/wp-content\/uploads\/2021\/03\/EDA.jpg","@id":"https:\/\/eldigitaldeasturias.com\/radio\/el-constitucional-aleman-debera-decidir-sobre-comaternidad\/#organizationLogo"},"image":{"@id":"https:\/\/eldigitaldeasturias.com\/radio\/el-constitucional-aleman-debera-decidir-sobre-comaternidad\/#organizationLogo"},"sameAs":["https:\/\/www.facebook.com\/","https:\/\/x.com\/bercodi","https:\/\/www.instagram.com\/","https:\/\/www.youtube.com\/channel\/UCZP-2wLEB9Rv6erhFmqVnvg"]},{"@type":"Person","@id":"https:\/\/eldigitaldeasturias.com\/radio\/author\/nbasturias\/#author","url":"https:\/\/eldigitaldeasturias.com\/radio\/author\/nbasturias\/","name":"NBAsturias","image":{"@type":"ImageObject","@id":"https:\/\/eldigitaldeasturias.com\/radio\/el-constitucional-aleman-debera-decidir-sobre-comaternidad\/#authorImage","url":"https:\/\/secure.gravatar.com\/avatar\/df2aeffc32bcd13f8d26072ef8a91b623d677766deac7f97ca815868cd41bf5e?s=96&d=mm&r=g","width":96,"height":96,"caption":"NBAsturias"}},{"@type":"WebPage","@id":"https:\/\/eldigitaldeasturias.com\/radio\/el-constitucional-aleman-debera-decidir-sobre-comaternidad\/#webpage","url":"https:\/\/eldigitaldeasturias.com\/radio\/el-constitucional-aleman-debera-decidir-sobre-comaternidad\/","name":"El Constitucional alem\u00e1n deber\u00e1 decidir sobre comaternidad | El Digital de Asturias","description":"Celle (Alemania), 24 mar (dpa) - Un matrimonio de mujeres de la localidad alemana de Hildesheim que demandan figurar ambas como madres de su hija alcanzaron hoy un primer objetivo en la lucha por la igualdad jur\u00eddica de las familias homosexuales. El Tribunal Regional Superior de Celle remiti\u00f3 el caso al Tribunal Constitucional alem\u00e1n, ya","inLanguage":"es-ES","isPartOf":{"@id":"https:\/\/eldigitaldeasturias.com\/radio\/#website"},"breadcrumb":{"@id":"https:\/\/eldigitaldeasturias.com\/radio\/el-constitucional-aleman-debera-decidir-sobre-comaternidad\/#breadcrumblist"},"author":{"@id":"https:\/\/eldigitaldeasturias.com\/radio\/author\/nbasturias\/#author"},"creator":{"@id":"https:\/\/eldigitaldeasturias.com\/radio\/author\/nbasturias\/#author"},"image":{"@type":"ImageObject","url":"https:\/\/eldigitaldeasturias.com\/radio\/wp-content\/uploads\/2019\/08\/pedestrians-400811_960_720.jpg","@id":"https:\/\/eldigitaldeasturias.com\/radio\/el-constitucional-aleman-debera-decidir-sobre-comaternidad\/#mainImage","width":960,"height":635},"primaryImageOfPage":{"@id":"https:\/\/eldigitaldeasturias.com\/radio\/el-constitucional-aleman-debera-decidir-sobre-comaternidad\/#mainImage"},"datePublished":"2021-03-24T18:22:23+01:00","dateModified":"2021-03-24T18:22:23+01:00"},{"@type":"WebSite","@id":"https:\/\/eldigitaldeasturias.com\/radio\/#website","url":"https:\/\/eldigitaldeasturias.com\/radio\/","name":"El Digital de Asturias","description":"Diario de informaci\u00f3n y noticias","inLanguage":"es-ES","publisher":{"@id":"https:\/\/eldigitaldeasturias.com\/radio\/#organization"}}]},"og:locale":"es_ES","og:site_name":"El Digital de Asturias | Diario de informaci\u00f3n y noticias","og:type":"article","og:title":"El Constitucional alem\u00e1n deber\u00e1 decidir sobre comaternidad | El Digital de Asturias","og:description":"Celle (Alemania), 24 mar (dpa) - Un matrimonio de mujeres de la localidad alemana de Hildesheim que demandan figurar ambas como madres de su hija alcanzaron hoy un primer objetivo en la lucha por la igualdad jur\u00eddica de las familias homosexuales. El Tribunal Regional Superior de Celle remiti\u00f3 el caso al Tribunal Constitucional alem\u00e1n, ya","og:url":"https:\/\/eldigitaldeasturias.com\/radio\/el-constitucional-aleman-debera-decidir-sobre-comaternidad\/","og:image":"https:\/\/eldigitaldeasturias.com\/radio\/wp-content\/uploads\/2019\/08\/pedestrians-400811_960_720.jpg","og:image:secure_url":"https:\/\/eldigitaldeasturias.com\/radio\/wp-content\/uploads\/2019\/08\/pedestrians-400811_960_720.jpg","og:image:width":960,"og:image:height":635,"article:published_time":"2021-03-24T18:22:23+00:00","article:modified_time":"2021-03-24T18:22:23+00:00","twitter:card":"summary_large_image","twitter:site":"@bercodi","twitter:title":"El Constitucional alem\u00e1n deber\u00e1 decidir sobre comaternidad | El Digital de Asturias","twitter:description":"Celle (Alemania), 24 mar (dpa) - Un matrimonio de mujeres de la localidad alemana de Hildesheim que demandan figurar ambas como madres de su hija alcanzaron hoy un primer objetivo en la lucha por la igualdad jur\u00eddica de las familias homosexuales. El Tribunal Regional Superior de Celle remiti\u00f3 el caso al Tribunal Constitucional alem\u00e1n, ya","twitter:creator":"@bercodi","twitter:image":"https:\/\/eldigitaldeasturias.com\/radio\/wp-content\/uploads\/2019\/08\/pedestrians-400811_960_720.jpg"},"aioseo_meta_data":{"post_id":"5721","title":null,"description":null,"keywords":null,"keyphrases":null,"primary_term":null,"canonical_url":null,"og_title":null,"og_description":null,"og_object_type":"default","og_image_type":"default","og_image_url":null,"og_image_width":null,"og_image_height":null,"og_image_custom_url":null,"og_image_custom_fields":null,"og_video":null,"og_custom_url":null,"og_article_section":null,"og_article_tags":null,"twitter_use_og":false,"twitter_card":"default","twitter_image_type":"default","twitter_image_url":null,"twitter_image_custom_url":null,"twitter_image_custom_fields":null,"twitter_title":null,"twitter_description":null,"schema":{"blockGraphs":[],"customGraphs":[],"default":{"data":{"Article":[],"Course":[],"Dataset":[],"FAQPage":[],"Movie":[],"Person":[],"Product":[],"ProductReview":[],"Car":[],"Recipe":[],"Service":[],"SoftwareApplication":[],"WebPage":[]},"graphName":"","isEnabled":true},"graphs":[],"defaultGraph":"","defaultPostTypeGraph":""},"schema_type":null,"schema_type_options":null,"pillar_content":false,"robots_default":true,"robots_noindex":false,"robots_noarchive":false,"robots_nosnippet":false,"robots_nofollow":false,"robots_noimageindex":false,"robots_noodp":false,"robots_notranslate":false,"robots_max_snippet":null,"robots_max_videopreview":null,"robots_max_imagepreview":"large","priority":null,"frequency":null,"location":null,"local_seo":null,"seo_analyzer_scan_date":"2025-08-28 18:22:37","breadcrumb_settings":null,"limit_modified_date":false,"open_ai":null,"ai":null,"created":"2021-03-25 10:26:10","updated":"2025-08-28 18:22:37"},"aioseo_breadcrumb":"<div class=\"aioseo-breadcrumbs\"><span class=\"aioseo-breadcrumb\">\n\t<a href=\"https:\/\/eldigitaldeasturias.com\/radio\" title=\"Inicio\">Inicio<\/a>\n<\/span><span class=\"aioseo-breadcrumb-separator\">&ndash;<\/span><span class=\"aioseo-breadcrumb\">\n\t<a href=\"https:\/\/eldigitaldeasturias.com\/radio\/category\/noticias\/\" title=\"Noticias\">Noticias<\/a>\n<\/span><span class=\"aioseo-breadcrumb-separator\">&ndash;<\/span><span class=\"aioseo-breadcrumb\">\n\tEl Constitucional alem\u00e1n deber\u00e1 decidir sobre comaternidad\n<\/span><\/div>","aioseo_breadcrumb_json":[{"label":"Inicio","link":"https:\/\/eldigitaldeasturias.com\/radio"},{"label":"Noticias","link":"https:\/\/eldigitaldeasturias.com\/radio\/category\/noticias\/"},{"label":"El Constitucional alem\u00e1n deber\u00e1 decidir sobre comaternidad","link":"https:\/\/eldigitaldeasturias.com\/radio\/el-constitucional-aleman-debera-decidir-sobre-comaternidad\/"}],"_links":{"self":[{"href":"https:\/\/eldigitaldeasturias.com\/radio\/wp-json\/wp\/v2\/posts\/5721","targetHints":{"allow":["GET"]}}],"collection":[{"href":"https:\/\/eldigitaldeasturias.com\/radio\/wp-json\/wp\/v2\/posts"}],"about":[{"href":"https:\/\/eldigitaldeasturias.com\/radio\/wp-json\/wp\/v2\/types\/post"}],"author":[{"embeddable":true,"href":"https:\/\/eldigitaldeasturias.com\/radio\/wp-json\/wp\/v2\/users\/1"}],"replies":[{"embeddable":true,"href":"https:\/\/eldigitaldeasturias.com\/radio\/wp-json\/wp\/v2\/comments?post=5721"}],"version-history":[{"count":0,"href":"https:\/\/eldigitaldeasturias.com\/radio\/wp-json\/wp\/v2\/posts\/5721\/revisions"}],"wp:featuredmedia":[{"embeddable":true,"href":"https:\/\/eldigitaldeasturias.com\/radio\/wp-json\/wp\/v2\/media\/2992"}],"wp:attachment":[{"href":"https:\/\/eldigitaldeasturias.com\/radio\/wp-json\/wp\/v2\/media?parent=5721"}],"wp:term":[{"taxonomy":"category","embeddable":true,"href":"https:\/\/eldigitaldeasturias.com\/radio\/wp-json\/wp\/v2\/categories?post=5721"},{"taxonomy":"post_tag","embeddable":true,"href":"https:\/\/eldigitaldeasturias.com\/radio\/wp-json\/wp\/v2\/tags?post=5721"}],"curies":[{"name":"wp","href":"https:\/\/api.w.org\/{rel}","templated":true}]}}