{"id":5718,"date":"2021-03-24T18:20:29","date_gmt":"2021-03-24T18:20:29","guid":{"rendered":"http:\/\/eldigitaldeasturias.com\/radio\/?p=5718"},"modified":"2021-03-24T18:20:29","modified_gmt":"2021-03-24T18:20:29","slug":"merkel-anula-las-restricciones-para-semana-santa","status":"publish","type":"post","link":"https:\/\/eldigitaldeasturias.com\/radio\/merkel-anula-las-restricciones-para-semana-santa\/","title":{"rendered":"Merkel anula las restricciones para Semana Santa"},"content":{"rendered":"<figure id=\"attachment_5719\" aria-describedby=\"caption-attachment-5719\" style=\"width: 360px\" class=\"wp-caption alignleft\"><img fetchpriority=\"high\" decoding=\"async\" class=\"size-medium wp-image-5719\" src=\"https:\/\/eldigitaldeasturias.com\/radio\/wp-content\/uploads\/2021\/03\/Merkel-360x230.jpg\" alt=\"Merkel\" width=\"360\" height=\"230\" srcset=\"https:\/\/eldigitaldeasturias.com\/radio\/wp-content\/uploads\/2021\/03\/Merkel-360x230.jpg 360w, https:\/\/eldigitaldeasturias.com\/radio\/wp-content\/uploads\/2021\/03\/Merkel-768x491.jpg 768w, https:\/\/eldigitaldeasturias.com\/radio\/wp-content\/uploads\/2021\/03\/Merkel.jpg 1008w\" sizes=\"(max-width: 360px) 100vw, 360px\" \/><figcaption id=\"caption-attachment-5719\" class=\"wp-caption-text\">Foto: Michael Kappeler\/dpa<\/figcaption><\/figure>\n<p>Berl\u00edn, 24 mar (dpa) &#8211; La canciller alemana, Angela Merkel, revoc\u00f3 hoy la decisi\u00f3n de limitar fuertemente la actividad econ\u00f3mica y los contactos durante la Semana Santa para frenar la tercera ola de contagios de coronavirus y pidi\u00f3 disculpas a la poblaci\u00f3n.<\/p>\n<p>La mandataria dijo ante la prensa que todo el proceso de decisi\u00f3n hab\u00eda provocado una incertidumbre adicional. \u00abLo lamento profundamente, y por ello pido perd\u00f3n a todas las ciudadanas y los ciudadanos\u00bb.<\/p>\n<p>El Partido Liberal (FDP), el Partido de la Izquierda y la ultraderechista Alternativa para Alemania (AfD) sugirieron que Merkel deber\u00eda convocar una moci\u00f3n de confianza en el Parlamento para ver si todav\u00eda tiene mayor\u00eda para sus pol\u00edticas.<\/p>\n<p>Merkel asumi\u00f3 la entera responsabilidad de las idas y venidas. \u00abEste error es \u00fanicamente culpa m\u00eda\u00bb, subray\u00f3 la mandataria, \u00abporque al final, yo soy la m\u00e1xima responsable de todo\u00bb. Un error debe ser nombrado como tal, sobre todo corregido \u00aby si es posible esto tiene que hacerse a tiempo\u00bb, continu\u00f3 Merkel.<\/p>\n<p>El martes por la noche, Merkel y los jefes regionales acordaron entre otras medidas imponer un cierre m\u00e1s estricto en Semana Santa, del 1 al 5 de abril, con el fin de reducir la vida p\u00fablica, privada y econ\u00f3mica.<\/p>\n<p>El Jueves Santo y el S\u00e1bado Santo (ambos d\u00edas laborables en Alemania) deb\u00edan ser declarados d\u00edas de descanso para este fin. Sin embargo, la medida fue objeto de cr\u00edticas masivas y gener\u00f3 gran confusi\u00f3n debido a que no estaba claro si eran d\u00edas feriados o no y c\u00f3mo llevarlo a la pr\u00e1ctica.<\/p>\n<p>La idea hab\u00eda sido \u00abredactada con la mejor de las intenciones\u00bb, afirm\u00f3 Merkel en una breve comparecencia en la sede de la canciller\u00eda.<\/p>\n<p>\u00abSin embargo, la idea del llamado &#8216;descanso&#8217; de Pascua fue un error. Ten\u00eda sus buenas razones, pero no se pod\u00eda aplicar lo suficientemente bien en el poco tiempo disponible, si es que alguna vez se puede aplicar de forma que el esfuerzo y el beneficio est\u00e9n en una proporci\u00f3n medianamente razonable\u00bb, explic\u00f3 Merkel.<\/p>\n<p>La canciller inform\u00f3 primero a los jefes regionales de su decisi\u00f3n en una videoconferencia. Tambi\u00e9n notific\u00f3 a los l\u00edderes de los grupos parlamentarios del Bundestag. A continuaci\u00f3n, Merkel compareci\u00f3 en el Parlamento, donde repiti\u00f3 la declaraci\u00f3n y pidi\u00f3 disculpas a los diputados.<\/p>\n<p>El primer ministro de Baviera, el socialcristiano Markus S\u00f6der, asumi\u00f3 tambi\u00e9n responsabilidad: \u00abTodos los primeros ministros lo decidieron. Yo estaba all\u00ed como todos los dem\u00e1s. Y por eso creo que tambi\u00e9n es necesario que todo el mundo luego se disculpe por ello y se arrepienta\u00bb.<\/p>\n<p>Pol\u00edticos de la oposici\u00f3n tambi\u00e9n expresaron su respeto por la canciller por haber anulado la normativa de Semana Santa. \u00abEsto tambi\u00e9n es un servicio a la democracia\u00bb, dijo la l\u00edder de la bancada del Partido Verde, Katrin G\u00f6ring-Eckardt.<\/p>\n<p>Al mismo tiempo, desde las filas de la oposici\u00f3n se presion\u00f3 para que Merkel presentara una moci\u00f3n de confianza en el Bundestag.<\/p>\n<p>\u00abLa canciller ya no puede estar segura del apoyo de su coalici\u00f3n. El voto de confianza en el Bundestag alem\u00e1n ser\u00eda aconsejable para poner a prueba la capacidad de actuaci\u00f3n del Gobierno de la se\u00f1ora Merkel\u00bb, escribi\u00f3 en Twitter el presidente del FDP, Christian Lindner.<\/p>\n<p>El jefe del grupo parlamentario de La Izquierda, Dietmar Bartsch, formul\u00f3 una demanda similar: \u00abAhora tenemos una verdadera crisis de confianza en la direcci\u00f3n pol\u00edtica del pa\u00eds\u00bb, dijo a los peri\u00f3dicos del grupo de medios Funke.<\/p>\n<p>Aun as\u00ed, las dem\u00e1s decisiones tomadas a principios de semana se mantienen como la extensi\u00f3n general de las actuales restricciones hasta el 18 de abril.<\/p>\n<p>Merkel inst\u00f3 en el Parlamento a aplicar el llamado \u00abfreno de emergencia\u00bb, es decir, dejar sin efecto la relajaci\u00f3n de las medidas a partir de una incidencia acumulada de siete d\u00edas de 100 casos por cada 100.000 habitantes.<\/p>\n<p>Tambi\u00e9n se\u00f1al\u00f3 la posibilidad de imponer restricciones de salida en caso de altas tasas de infecci\u00f3n. Merkel dijo que esto es com\u00fan en muchos pa\u00edses de Europa. \u00abNo hay que copiarlo, pero hay que hacer algo\u00bb, subray\u00f3 la canciller.<\/p>\n<p>Los pol\u00edticos alemanes est\u00e1n especialmente preocupados por el riesgo de que se introduzcan variantes del virus altamente contagiosas por parte de las personas que regresan de sus vacaciones en el extranjero.<\/p>\n<p>Por ello, el Gobierno est\u00e1 estudiando si se puede impedir temporalmente este tipo de viajes. \u00abEsto est\u00e1 siendo revisado por los departamentos pertinentes\u00bb, dijo la viceportavoz del gobierno Ulrike Demmer en Berl\u00edn.<\/p>\n<p>Las declaraciones se producen en medio de una disparada de las reservas de vuelos a Mallorca debido a que la isla espa\u00f1ola dej\u00f3 de ser catalogada como zona de riesgo de coronavirus el 14 de marzo.<\/p>\n<p>La gesti\u00f3n de la pandemia est\u00e1 pasando factura al partido de Merkel en las preferencias de cara a las elecciones generales del 26 de septiembre.<\/p>\n<p>Seg\u00fan un sondeo del Instituto Allensbach por encargo del diario \u00abFrankfurter Allgemeine Zeitung\u00bb, la CDU cay\u00f3 en la intenci\u00f3n de voto del 37 por ciento a principios de febrero al 28,5 por ciento actual.<\/p>\n<p>En el nuevo bar\u00f3metro de tendencias de las televisoras RTL\/ntv, los conservadores siguen cayendo en picado. En el sondeo por el instituto Forsa, la CDU obtuvo un 26 por ciento, tres puntos porcentuales menos que la semana anterior.<\/p>\n","protected":false},"excerpt":{"rendered":"<p>Berl\u00edn, 24 mar (dpa) &#8211; La canciller alemana, Angela Merkel, revoc\u00f3 hoy la decisi\u00f3n de limitar fuertemente la actividad econ\u00f3mica y los contactos durante la Semana Santa para frenar la tercera ola de contagios de coronavirus y pidi\u00f3 disculpas a la poblaci\u00f3n. La mandataria dijo ante la prensa que todo el proceso de decisi\u00f3n hab\u00eda<\/p>\n","protected":false},"author":1,"featured_media":5719,"comment_status":"closed","ping_status":"closed","sticky":false,"template":"","format":"standard","meta":{"footnotes":""},"categories":[1],"tags":[],"class_list":{"0":"post-5718","1":"post","2":"type-post","3":"status-publish","4":"format-standard","5":"has-post-thumbnail","7":"category-noticias"},"aioseo_notices":[],"aioseo_head":"\n\t\t<!-- All in One SEO Pro 4.9.6.2 - aioseo.com -->\n\t<meta name=\"description\" content=\"Berl\u00edn, 24 mar (dpa) - La canciller alemana, Angela Merkel, revoc\u00f3 hoy la decisi\u00f3n de limitar fuertemente la actividad econ\u00f3mica y los contactos durante la Semana Santa para frenar la tercera ola de contagios de coronavirus y pidi\u00f3 disculpas a la poblaci\u00f3n. La mandataria dijo ante la prensa que todo el proceso de decisi\u00f3n hab\u00eda\" \/>\n\t<meta name=\"robots\" content=\"max-image-preview:large\" \/>\n\t<meta name=\"author\" content=\"NBAsturias\"\/>\n\t<meta name=\"google-site-verification\" content=\"UA-38556648-1\" \/>\n\t<meta name=\"keywords\" content=\"noticias\" \/>\n\t<link rel=\"canonical\" href=\"https:\/\/eldigitaldeasturias.com\/radio\/merkel-anula-las-restricciones-para-semana-santa\/\" \/>\n\t<meta name=\"generator\" content=\"All in One SEO Pro (AIOSEO) 4.9.6.2\" \/>\n\t\t<meta property=\"og:locale\" content=\"es_ES\" \/>\n\t\t<meta property=\"og:site_name\" content=\"El Digital de Asturias | Diario de informaci\u00f3n y noticias\" \/>\n\t\t<meta property=\"og:type\" content=\"article\" \/>\n\t\t<meta property=\"og:title\" content=\"Merkel anula las restricciones para Semana Santa | El Digital de Asturias\" \/>\n\t\t<meta property=\"og:description\" content=\"Berl\u00edn, 24 mar (dpa) - La canciller alemana, Angela Merkel, revoc\u00f3 hoy la decisi\u00f3n de limitar fuertemente la actividad econ\u00f3mica y los contactos durante la Semana Santa para frenar la tercera ola de contagios de coronavirus y pidi\u00f3 disculpas a la poblaci\u00f3n. La mandataria dijo ante la prensa que todo el proceso de decisi\u00f3n hab\u00eda\" \/>\n\t\t<meta property=\"og:url\" content=\"https:\/\/eldigitaldeasturias.com\/radio\/merkel-anula-las-restricciones-para-semana-santa\/\" \/>\n\t\t<meta property=\"og:image\" content=\"https:\/\/eldigitaldeasturias.com\/radio\/wp-content\/uploads\/2021\/03\/Merkel.jpg\" \/>\n\t\t<meta property=\"og:image:secure_url\" content=\"https:\/\/eldigitaldeasturias.com\/radio\/wp-content\/uploads\/2021\/03\/Merkel.jpg\" \/>\n\t\t<meta property=\"og:image:width\" content=\"1008\" \/>\n\t\t<meta property=\"og:image:height\" content=\"644\" \/>\n\t\t<meta property=\"article:published_time\" content=\"2021-03-24T18:20:29+00:00\" \/>\n\t\t<meta property=\"article:modified_time\" content=\"2021-03-24T18:20:29+00:00\" \/>\n\t\t<meta name=\"twitter:card\" content=\"summary_large_image\" \/>\n\t\t<meta name=\"twitter:site\" content=\"@bercodi\" \/>\n\t\t<meta name=\"twitter:title\" content=\"Merkel anula las restricciones para Semana Santa | El Digital de Asturias\" \/>\n\t\t<meta name=\"twitter:description\" content=\"Berl\u00edn, 24 mar (dpa) - La canciller alemana, Angela Merkel, revoc\u00f3 hoy la decisi\u00f3n de limitar fuertemente la actividad econ\u00f3mica y los contactos durante la Semana Santa para frenar la tercera ola de contagios de coronavirus y pidi\u00f3 disculpas a la poblaci\u00f3n. La mandataria dijo ante la prensa que todo el proceso de decisi\u00f3n hab\u00eda\" \/>\n\t\t<meta name=\"twitter:creator\" content=\"@bercodi\" \/>\n\t\t<meta name=\"twitter:image\" content=\"https:\/\/eldigitaldeasturias.com\/radio\/wp-content\/uploads\/2021\/03\/Merkel.jpg\" \/>\n\t\t<script type=\"application\/ld+json\" class=\"aioseo-schema\">\n\t\t\t{\"@context\":\"https:\\\/\\\/schema.org\",\"@graph\":[{\"@type\":\"BreadcrumbList\",\"@id\":\"https:\\\/\\\/eldigitaldeasturias.com\\\/radio\\\/merkel-anula-las-restricciones-para-semana-santa\\\/#breadcrumblist\",\"itemListElement\":[{\"@type\":\"ListItem\",\"@id\":\"https:\\\/\\\/eldigitaldeasturias.com\\\/radio#listItem\",\"position\":1,\"name\":\"Inicio\",\"item\":\"https:\\\/\\\/eldigitaldeasturias.com\\\/radio\",\"nextItem\":{\"@type\":\"ListItem\",\"@id\":\"https:\\\/\\\/eldigitaldeasturias.com\\\/radio\\\/category\\\/noticias\\\/#listItem\",\"name\":\"Noticias\"}},{\"@type\":\"ListItem\",\"@id\":\"https:\\\/\\\/eldigitaldeasturias.com\\\/radio\\\/category\\\/noticias\\\/#listItem\",\"position\":2,\"name\":\"Noticias\",\"item\":\"https:\\\/\\\/eldigitaldeasturias.com\\\/radio\\\/category\\\/noticias\\\/\",\"nextItem\":{\"@type\":\"ListItem\",\"@id\":\"https:\\\/\\\/eldigitaldeasturias.com\\\/radio\\\/merkel-anula-las-restricciones-para-semana-santa\\\/#listItem\",\"name\":\"Merkel anula las restricciones para Semana Santa\"},\"previousItem\":{\"@type\":\"ListItem\",\"@id\":\"https:\\\/\\\/eldigitaldeasturias.com\\\/radio#listItem\",\"name\":\"Inicio\"}},{\"@type\":\"ListItem\",\"@id\":\"https:\\\/\\\/eldigitaldeasturias.com\\\/radio\\\/merkel-anula-las-restricciones-para-semana-santa\\\/#listItem\",\"position\":3,\"name\":\"Merkel anula las restricciones para Semana Santa\",\"previousItem\":{\"@type\":\"ListItem\",\"@id\":\"https:\\\/\\\/eldigitaldeasturias.com\\\/radio\\\/category\\\/noticias\\\/#listItem\",\"name\":\"Noticias\"}}]},{\"@type\":\"NewsArticle\",\"@id\":\"https:\\\/\\\/eldigitaldeasturias.com\\\/radio\\\/merkel-anula-las-restricciones-para-semana-santa\\\/#newsarticle\",\"name\":\"Merkel anula las restricciones para Semana Santa | El Digital de Asturias\",\"headline\":\"Merkel anula las restricciones para Semana Santa\",\"author\":{\"@id\":\"https:\\\/\\\/eldigitaldeasturias.com\\\/radio\\\/author\\\/nbasturias\\\/#author\"},\"publisher\":{\"@id\":\"https:\\\/\\\/eldigitaldeasturias.com\\\/radio\\\/#organization\"},\"image\":{\"@type\":\"ImageObject\",\"url\":\"https:\\\/\\\/eldigitaldeasturias.com\\\/radio\\\/wp-content\\\/uploads\\\/2021\\\/03\\\/Merkel.jpg\",\"width\":1008,\"height\":644,\"caption\":\"Foto: Michael Kappeler\\\/dpa\"},\"datePublished\":\"2021-03-24T18:20:29+01:00\",\"dateModified\":\"2021-03-24T18:20:29+01:00\",\"inLanguage\":\"es-ES\",\"mainEntityOfPage\":{\"@id\":\"https:\\\/\\\/eldigitaldeasturias.com\\\/radio\\\/merkel-anula-las-restricciones-para-semana-santa\\\/#webpage\"},\"isPartOf\":{\"@id\":\"https:\\\/\\\/eldigitaldeasturias.com\\\/radio\\\/merkel-anula-las-restricciones-para-semana-santa\\\/#webpage\"},\"articleSection\":\"Noticias\",\"dateline\":\"Publicado el marzo 24, 2021.\"},{\"@type\":\"Organization\",\"@id\":\"https:\\\/\\\/eldigitaldeasturias.com\\\/radio\\\/#organization\",\"name\":\"El digital de Asturias Radio\",\"description\":\"Diario de informaci\\u00f3n y noticias\",\"url\":\"https:\\\/\\\/eldigitaldeasturias.com\\\/radio\\\/\",\"telephone\":\"+34652131393\",\"logo\":{\"@type\":\"ImageObject\",\"url\":\"https:\\\/\\\/www.eldigitaldeasturias.com\\\/radio\\\/wp-content\\\/uploads\\\/2021\\\/03\\\/EDA.jpg\",\"@id\":\"https:\\\/\\\/eldigitaldeasturias.com\\\/radio\\\/merkel-anula-las-restricciones-para-semana-santa\\\/#organizationLogo\"},\"image\":{\"@id\":\"https:\\\/\\\/eldigitaldeasturias.com\\\/radio\\\/merkel-anula-las-restricciones-para-semana-santa\\\/#organizationLogo\"},\"sameAs\":[\"https:\\\/\\\/www.facebook.com\\\/\",\"https:\\\/\\\/x.com\\\/bercodi\",\"https:\\\/\\\/www.instagram.com\\\/\",\"https:\\\/\\\/www.youtube.com\\\/channel\\\/UCZP-2wLEB9Rv6erhFmqVnvg\"]},{\"@type\":\"Person\",\"@id\":\"https:\\\/\\\/eldigitaldeasturias.com\\\/radio\\\/author\\\/nbasturias\\\/#author\",\"url\":\"https:\\\/\\\/eldigitaldeasturias.com\\\/radio\\\/author\\\/nbasturias\\\/\",\"name\":\"NBAsturias\",\"image\":{\"@type\":\"ImageObject\",\"@id\":\"https:\\\/\\\/eldigitaldeasturias.com\\\/radio\\\/merkel-anula-las-restricciones-para-semana-santa\\\/#authorImage\",\"url\":\"https:\\\/\\\/secure.gravatar.com\\\/avatar\\\/df2aeffc32bcd13f8d26072ef8a91b623d677766deac7f97ca815868cd41bf5e?s=96&d=mm&r=g\",\"width\":96,\"height\":96,\"caption\":\"NBAsturias\"}},{\"@type\":\"WebPage\",\"@id\":\"https:\\\/\\\/eldigitaldeasturias.com\\\/radio\\\/merkel-anula-las-restricciones-para-semana-santa\\\/#webpage\",\"url\":\"https:\\\/\\\/eldigitaldeasturias.com\\\/radio\\\/merkel-anula-las-restricciones-para-semana-santa\\\/\",\"name\":\"Merkel anula las restricciones para Semana Santa | El Digital de Asturias\",\"description\":\"Berl\\u00edn, 24 mar (dpa) - La canciller alemana, Angela Merkel, revoc\\u00f3 hoy la decisi\\u00f3n de limitar fuertemente la actividad econ\\u00f3mica y los contactos durante la Semana Santa para frenar la tercera ola de contagios de coronavirus y pidi\\u00f3 disculpas a la poblaci\\u00f3n. La mandataria dijo ante la prensa que todo el proceso de decisi\\u00f3n hab\\u00eda\",\"inLanguage\":\"es-ES\",\"isPartOf\":{\"@id\":\"https:\\\/\\\/eldigitaldeasturias.com\\\/radio\\\/#website\"},\"breadcrumb\":{\"@id\":\"https:\\\/\\\/eldigitaldeasturias.com\\\/radio\\\/merkel-anula-las-restricciones-para-semana-santa\\\/#breadcrumblist\"},\"author\":{\"@id\":\"https:\\\/\\\/eldigitaldeasturias.com\\\/radio\\\/author\\\/nbasturias\\\/#author\"},\"creator\":{\"@id\":\"https:\\\/\\\/eldigitaldeasturias.com\\\/radio\\\/author\\\/nbasturias\\\/#author\"},\"image\":{\"@type\":\"ImageObject\",\"url\":\"https:\\\/\\\/eldigitaldeasturias.com\\\/radio\\\/wp-content\\\/uploads\\\/2021\\\/03\\\/Merkel.jpg\",\"@id\":\"https:\\\/\\\/eldigitaldeasturias.com\\\/radio\\\/merkel-anula-las-restricciones-para-semana-santa\\\/#mainImage\",\"width\":1008,\"height\":644,\"caption\":\"Foto: Michael Kappeler\\\/dpa\"},\"primaryImageOfPage\":{\"@id\":\"https:\\\/\\\/eldigitaldeasturias.com\\\/radio\\\/merkel-anula-las-restricciones-para-semana-santa\\\/#mainImage\"},\"datePublished\":\"2021-03-24T18:20:29+01:00\",\"dateModified\":\"2021-03-24T18:20:29+01:00\"},{\"@type\":\"WebSite\",\"@id\":\"https:\\\/\\\/eldigitaldeasturias.com\\\/radio\\\/#website\",\"url\":\"https:\\\/\\\/eldigitaldeasturias.com\\\/radio\\\/\",\"name\":\"El Digital de Asturias\",\"description\":\"Diario de informaci\\u00f3n y noticias\",\"inLanguage\":\"es-ES\",\"publisher\":{\"@id\":\"https:\\\/\\\/eldigitaldeasturias.com\\\/radio\\\/#organization\"}}]}\n\t\t<\/script>\n\t\t<!-- All in One SEO Pro -->\r\n\t\t<title>Merkel anula las restricciones para Semana Santa | El Digital de Asturias<\/title>\n\n","aioseo_head_json":{"title":"Merkel anula las restricciones para Semana Santa | El Digital de Asturias","description":"Berl\u00edn, 24 mar (dpa) - La canciller alemana, Angela Merkel, revoc\u00f3 hoy la decisi\u00f3n de limitar fuertemente la actividad econ\u00f3mica y los contactos durante la Semana Santa para frenar la tercera ola de contagios de coronavirus y pidi\u00f3 disculpas a la poblaci\u00f3n. La mandataria dijo ante la prensa que todo el proceso de decisi\u00f3n hab\u00eda","canonical_url":"https:\/\/eldigitaldeasturias.com\/radio\/merkel-anula-las-restricciones-para-semana-santa\/","robots":"max-image-preview:large","keywords":"noticias","webmasterTools":{"google-site-verification":"UA-38556648-1","miscellaneous":""},"schema":{"@context":"https:\/\/schema.org","@graph":[{"@type":"BreadcrumbList","@id":"https:\/\/eldigitaldeasturias.com\/radio\/merkel-anula-las-restricciones-para-semana-santa\/#breadcrumblist","itemListElement":[{"@type":"ListItem","@id":"https:\/\/eldigitaldeasturias.com\/radio#listItem","position":1,"name":"Inicio","item":"https:\/\/eldigitaldeasturias.com\/radio","nextItem":{"@type":"ListItem","@id":"https:\/\/eldigitaldeasturias.com\/radio\/category\/noticias\/#listItem","name":"Noticias"}},{"@type":"ListItem","@id":"https:\/\/eldigitaldeasturias.com\/radio\/category\/noticias\/#listItem","position":2,"name":"Noticias","item":"https:\/\/eldigitaldeasturias.com\/radio\/category\/noticias\/","nextItem":{"@type":"ListItem","@id":"https:\/\/eldigitaldeasturias.com\/radio\/merkel-anula-las-restricciones-para-semana-santa\/#listItem","name":"Merkel anula las restricciones para Semana Santa"},"previousItem":{"@type":"ListItem","@id":"https:\/\/eldigitaldeasturias.com\/radio#listItem","name":"Inicio"}},{"@type":"ListItem","@id":"https:\/\/eldigitaldeasturias.com\/radio\/merkel-anula-las-restricciones-para-semana-santa\/#listItem","position":3,"name":"Merkel anula las restricciones para Semana Santa","previousItem":{"@type":"ListItem","@id":"https:\/\/eldigitaldeasturias.com\/radio\/category\/noticias\/#listItem","name":"Noticias"}}]},{"@type":"NewsArticle","@id":"https:\/\/eldigitaldeasturias.com\/radio\/merkel-anula-las-restricciones-para-semana-santa\/#newsarticle","name":"Merkel anula las restricciones para Semana Santa | El Digital de Asturias","headline":"Merkel anula las restricciones para Semana Santa","author":{"@id":"https:\/\/eldigitaldeasturias.com\/radio\/author\/nbasturias\/#author"},"publisher":{"@id":"https:\/\/eldigitaldeasturias.com\/radio\/#organization"},"image":{"@type":"ImageObject","url":"https:\/\/eldigitaldeasturias.com\/radio\/wp-content\/uploads\/2021\/03\/Merkel.jpg","width":1008,"height":644,"caption":"Foto: Michael Kappeler\/dpa"},"datePublished":"2021-03-24T18:20:29+01:00","dateModified":"2021-03-24T18:20:29+01:00","inLanguage":"es-ES","mainEntityOfPage":{"@id":"https:\/\/eldigitaldeasturias.com\/radio\/merkel-anula-las-restricciones-para-semana-santa\/#webpage"},"isPartOf":{"@id":"https:\/\/eldigitaldeasturias.com\/radio\/merkel-anula-las-restricciones-para-semana-santa\/#webpage"},"articleSection":"Noticias","dateline":"Publicado el marzo 24, 2021."},{"@type":"Organization","@id":"https:\/\/eldigitaldeasturias.com\/radio\/#organization","name":"El digital de Asturias Radio","description":"Diario de informaci\u00f3n y noticias","url":"https:\/\/eldigitaldeasturias.com\/radio\/","telephone":"+34652131393","logo":{"@type":"ImageObject","url":"https:\/\/www.eldigitaldeasturias.com\/radio\/wp-content\/uploads\/2021\/03\/EDA.jpg","@id":"https:\/\/eldigitaldeasturias.com\/radio\/merkel-anula-las-restricciones-para-semana-santa\/#organizationLogo"},"image":{"@id":"https:\/\/eldigitaldeasturias.com\/radio\/merkel-anula-las-restricciones-para-semana-santa\/#organizationLogo"},"sameAs":["https:\/\/www.facebook.com\/","https:\/\/x.com\/bercodi","https:\/\/www.instagram.com\/","https:\/\/www.youtube.com\/channel\/UCZP-2wLEB9Rv6erhFmqVnvg"]},{"@type":"Person","@id":"https:\/\/eldigitaldeasturias.com\/radio\/author\/nbasturias\/#author","url":"https:\/\/eldigitaldeasturias.com\/radio\/author\/nbasturias\/","name":"NBAsturias","image":{"@type":"ImageObject","@id":"https:\/\/eldigitaldeasturias.com\/radio\/merkel-anula-las-restricciones-para-semana-santa\/#authorImage","url":"https:\/\/secure.gravatar.com\/avatar\/df2aeffc32bcd13f8d26072ef8a91b623d677766deac7f97ca815868cd41bf5e?s=96&d=mm&r=g","width":96,"height":96,"caption":"NBAsturias"}},{"@type":"WebPage","@id":"https:\/\/eldigitaldeasturias.com\/radio\/merkel-anula-las-restricciones-para-semana-santa\/#webpage","url":"https:\/\/eldigitaldeasturias.com\/radio\/merkel-anula-las-restricciones-para-semana-santa\/","name":"Merkel anula las restricciones para Semana Santa | El Digital de Asturias","description":"Berl\u00edn, 24 mar (dpa) - La canciller alemana, Angela Merkel, revoc\u00f3 hoy la decisi\u00f3n de limitar fuertemente la actividad econ\u00f3mica y los contactos durante la Semana Santa para frenar la tercera ola de contagios de coronavirus y pidi\u00f3 disculpas a la poblaci\u00f3n. La mandataria dijo ante la prensa que todo el proceso de decisi\u00f3n hab\u00eda","inLanguage":"es-ES","isPartOf":{"@id":"https:\/\/eldigitaldeasturias.com\/radio\/#website"},"breadcrumb":{"@id":"https:\/\/eldigitaldeasturias.com\/radio\/merkel-anula-las-restricciones-para-semana-santa\/#breadcrumblist"},"author":{"@id":"https:\/\/eldigitaldeasturias.com\/radio\/author\/nbasturias\/#author"},"creator":{"@id":"https:\/\/eldigitaldeasturias.com\/radio\/author\/nbasturias\/#author"},"image":{"@type":"ImageObject","url":"https:\/\/eldigitaldeasturias.com\/radio\/wp-content\/uploads\/2021\/03\/Merkel.jpg","@id":"https:\/\/eldigitaldeasturias.com\/radio\/merkel-anula-las-restricciones-para-semana-santa\/#mainImage","width":1008,"height":644,"caption":"Foto: Michael Kappeler\/dpa"},"primaryImageOfPage":{"@id":"https:\/\/eldigitaldeasturias.com\/radio\/merkel-anula-las-restricciones-para-semana-santa\/#mainImage"},"datePublished":"2021-03-24T18:20:29+01:00","dateModified":"2021-03-24T18:20:29+01:00"},{"@type":"WebSite","@id":"https:\/\/eldigitaldeasturias.com\/radio\/#website","url":"https:\/\/eldigitaldeasturias.com\/radio\/","name":"El Digital de Asturias","description":"Diario de informaci\u00f3n y noticias","inLanguage":"es-ES","publisher":{"@id":"https:\/\/eldigitaldeasturias.com\/radio\/#organization"}}]},"og:locale":"es_ES","og:site_name":"El Digital de Asturias | Diario de informaci\u00f3n y noticias","og:type":"article","og:title":"Merkel anula las restricciones para Semana Santa | El Digital de Asturias","og:description":"Berl\u00edn, 24 mar (dpa) - La canciller alemana, Angela Merkel, revoc\u00f3 hoy la decisi\u00f3n de limitar fuertemente la actividad econ\u00f3mica y los contactos durante la Semana Santa para frenar la tercera ola de contagios de coronavirus y pidi\u00f3 disculpas a la poblaci\u00f3n. La mandataria dijo ante la prensa que todo el proceso de decisi\u00f3n hab\u00eda","og:url":"https:\/\/eldigitaldeasturias.com\/radio\/merkel-anula-las-restricciones-para-semana-santa\/","og:image":"https:\/\/eldigitaldeasturias.com\/radio\/wp-content\/uploads\/2021\/03\/Merkel.jpg","og:image:secure_url":"https:\/\/eldigitaldeasturias.com\/radio\/wp-content\/uploads\/2021\/03\/Merkel.jpg","og:image:width":1008,"og:image:height":644,"article:published_time":"2021-03-24T18:20:29+00:00","article:modified_time":"2021-03-24T18:20:29+00:00","twitter:card":"summary_large_image","twitter:site":"@bercodi","twitter:title":"Merkel anula las restricciones para Semana Santa | El Digital de Asturias","twitter:description":"Berl\u00edn, 24 mar (dpa) - La canciller alemana, Angela Merkel, revoc\u00f3 hoy la decisi\u00f3n de limitar fuertemente la actividad econ\u00f3mica y los contactos durante la Semana Santa para frenar la tercera ola de contagios de coronavirus y pidi\u00f3 disculpas a la poblaci\u00f3n. La mandataria dijo ante la prensa que todo el proceso de decisi\u00f3n hab\u00eda","twitter:creator":"@bercodi","twitter:image":"https:\/\/eldigitaldeasturias.com\/radio\/wp-content\/uploads\/2021\/03\/Merkel.jpg"},"aioseo_meta_data":{"post_id":"5718","title":null,"description":null,"keywords":null,"keyphrases":null,"primary_term":null,"canonical_url":null,"og_title":null,"og_description":null,"og_object_type":"default","og_image_type":"default","og_image_url":null,"og_image_width":null,"og_image_height":null,"og_image_custom_url":null,"og_image_custom_fields":null,"og_video":null,"og_custom_url":null,"og_article_section":null,"og_article_tags":null,"twitter_use_og":false,"twitter_card":"default","twitter_image_type":"default","twitter_image_url":null,"twitter_image_custom_url":null,"twitter_image_custom_fields":null,"twitter_title":null,"twitter_description":null,"schema":{"blockGraphs":[],"customGraphs":[],"default":{"data":{"Article":[],"Course":[],"Dataset":[],"FAQPage":[],"Movie":[],"Person":[],"Product":[],"ProductReview":[],"Car":[],"Recipe":[],"Service":[],"SoftwareApplication":[],"WebPage":[]},"graphName":"","isEnabled":true},"graphs":[],"defaultGraph":"","defaultPostTypeGraph":""},"schema_type":null,"schema_type_options":null,"pillar_content":false,"robots_default":true,"robots_noindex":false,"robots_noarchive":false,"robots_nosnippet":false,"robots_nofollow":false,"robots_noimageindex":false,"robots_noodp":false,"robots_notranslate":false,"robots_max_snippet":null,"robots_max_videopreview":null,"robots_max_imagepreview":"large","priority":null,"frequency":null,"location":null,"local_seo":null,"seo_analyzer_scan_date":"2025-08-28 18:22:36","breadcrumb_settings":null,"limit_modified_date":false,"open_ai":null,"ai":null,"created":"2021-03-25 10:26:10","updated":"2025-08-28 18:22:36"},"aioseo_breadcrumb":"<div class=\"aioseo-breadcrumbs\"><span class=\"aioseo-breadcrumb\">\n\t<a href=\"https:\/\/eldigitaldeasturias.com\/radio\" title=\"Inicio\">Inicio<\/a>\n<\/span><span class=\"aioseo-breadcrumb-separator\">&ndash;<\/span><span class=\"aioseo-breadcrumb\">\n\t<a href=\"https:\/\/eldigitaldeasturias.com\/radio\/category\/noticias\/\" title=\"Noticias\">Noticias<\/a>\n<\/span><span class=\"aioseo-breadcrumb-separator\">&ndash;<\/span><span class=\"aioseo-breadcrumb\">\n\tMerkel anula las restricciones para Semana Santa\n<\/span><\/div>","aioseo_breadcrumb_json":[{"label":"Inicio","link":"https:\/\/eldigitaldeasturias.com\/radio"},{"label":"Noticias","link":"https:\/\/eldigitaldeasturias.com\/radio\/category\/noticias\/"},{"label":"Merkel anula las restricciones para Semana Santa","link":"https:\/\/eldigitaldeasturias.com\/radio\/merkel-anula-las-restricciones-para-semana-santa\/"}],"_links":{"self":[{"href":"https:\/\/eldigitaldeasturias.com\/radio\/wp-json\/wp\/v2\/posts\/5718","targetHints":{"allow":["GET"]}}],"collection":[{"href":"https:\/\/eldigitaldeasturias.com\/radio\/wp-json\/wp\/v2\/posts"}],"about":[{"href":"https:\/\/eldigitaldeasturias.com\/radio\/wp-json\/wp\/v2\/types\/post"}],"author":[{"embeddable":true,"href":"https:\/\/eldigitaldeasturias.com\/radio\/wp-json\/wp\/v2\/users\/1"}],"replies":[{"embeddable":true,"href":"https:\/\/eldigitaldeasturias.com\/radio\/wp-json\/wp\/v2\/comments?post=5718"}],"version-history":[{"count":0,"href":"https:\/\/eldigitaldeasturias.com\/radio\/wp-json\/wp\/v2\/posts\/5718\/revisions"}],"wp:featuredmedia":[{"embeddable":true,"href":"https:\/\/eldigitaldeasturias.com\/radio\/wp-json\/wp\/v2\/media\/5719"}],"wp:attachment":[{"href":"https:\/\/eldigitaldeasturias.com\/radio\/wp-json\/wp\/v2\/media?parent=5718"}],"wp:term":[{"taxonomy":"category","embeddable":true,"href":"https:\/\/eldigitaldeasturias.com\/radio\/wp-json\/wp\/v2\/categories?post=5718"},{"taxonomy":"post_tag","embeddable":true,"href":"https:\/\/eldigitaldeasturias.com\/radio\/wp-json\/wp\/v2\/tags?post=5718"}],"curies":[{"name":"wp","href":"https:\/\/api.w.org\/{rel}","templated":true}]}}