{"id":5683,"date":"2021-03-08T17:02:35","date_gmt":"2021-03-08T17:02:35","guid":{"rendered":"http:\/\/eldigitaldeasturias.com\/radio\/?p=5683"},"modified":"2021-03-08T17:02:35","modified_gmt":"2021-03-08T17:02:35","slug":"completan-la-primera-fase-del-nuevo-museo-judio-de-colonia","status":"publish","type":"post","link":"https:\/\/eldigitaldeasturias.com\/radio\/completan-la-primera-fase-del-nuevo-museo-judio-de-colonia\/","title":{"rendered":"Completan la primera fase del nuevo Museo Jud\u00edo de Colonia"},"content":{"rendered":"<p>Colonia (Alemania), 8 mar (dpa) &#8211; La construcci\u00f3n del Museo Jud\u00edo MiQua en la ciudad alemana de Colonia registr\u00f3 un nuevo hito al colocarse hoy la primera de las 15 pir\u00e1mides del tejado sobre una estructura de acero que permiti\u00f3 cerrar la primera fase de la obra.<\/p>\n<p>Representantes de la ciudad de Colonia se\u00f1alaron que la construci\u00f3n es \u00abuna de las obras arquitect\u00f3nicas m\u00e1s emocionantes de todo el pa\u00eds en este momento\u00bb.<\/p>\n<p>Afirmaron asimismo que en el a\u00f1o del aniversario por los \u00ab1.700 a\u00f1os de vida jud\u00eda en Alemania\u00bb, el inter\u00e9s por el proyecto no pod\u00eda ser mayor.<\/p>\n<p>El museo, cuya finalizaci\u00f3n est\u00e1 prevista para 2024, presenta el barrio jud\u00edo medieval de Colonia hallado durante unas excavaciones arqu\u00e9ologicas.<\/p>\n<p>Se ha documentado una comunidad jud\u00eda en Colonia desde el a\u00f1o 321, lo que la convierte en la m\u00e1s antigua al norte de los Alpes. En 1349 el barrio fue destruido; sus habitantes fueron asesinados o expulsados. En aquella \u00e9poca, se culpaba a los jud\u00edos de la aparici\u00f3n de la peste.<\/p>\n<p>Tras la inauguraci\u00f3n, los visitantes del museo podr\u00e1n revivir la vida en el barrio jud\u00edo en la \u00e9poca de los caballeros y juglares en un recorrido de 600 metros de longitud, as\u00ed como el palacio del gobernador de la \u00e9poca romana, redescubierto en la d\u00e9cada de 1950 y situado justo al lado.<\/p>\n<p>El museo se llama MiQua por el nombre del ba\u00f1o de purificaci\u00f3n jud\u00edo, mikwe. Seg\u00fan los planes actuales, los costos de construcci\u00f3n ascienden a 95 millones de euros (112,85 millones de d\u00f3lares).<\/p>\n<p>En el Museo se expondr\u00e1n diversos objetos que fueron hallados durante las excavaciones, entre ellos un pendiente de oro con forma de media luna y piedras preciosas, originario del siglo XI.<\/p>\n","protected":false},"excerpt":{"rendered":"<p>Colonia (Alemania), 8 mar (dpa) &#8211; La construcci\u00f3n del Museo Jud\u00edo MiQua en la ciudad alemana de Colonia registr\u00f3 un nuevo hito al colocarse hoy la primera de las 15 pir\u00e1mides del tejado sobre una estructura de acero que permiti\u00f3 cerrar la primera fase de la obra. Representantes de la ciudad de Colonia se\u00f1alaron que<\/p>\n","protected":false},"author":1,"featured_media":1352,"comment_status":"closed","ping_status":"closed","sticky":false,"template":"","format":"standard","meta":{"footnotes":""},"categories":[1],"tags":[],"class_list":{"0":"post-5683","1":"post","2":"type-post","3":"status-publish","4":"format-standard","5":"has-post-thumbnail","7":"category-noticias"},"aioseo_notices":[],"aioseo_head":"\n\t\t<!-- All in One SEO Pro 4.9.6.2 - aioseo.com -->\n\t<meta name=\"description\" content=\"Colonia (Alemania), 8 mar (dpa) - La construcci\u00f3n del Museo Jud\u00edo MiQua en la ciudad alemana de Colonia registr\u00f3 un nuevo hito al colocarse hoy la primera de las 15 pir\u00e1mides del tejado sobre una estructura de acero que permiti\u00f3 cerrar la primera fase de la obra. Representantes de la ciudad de Colonia se\u00f1alaron que\" \/>\n\t<meta name=\"robots\" content=\"max-image-preview:large\" \/>\n\t<meta name=\"author\" content=\"NBAsturias\"\/>\n\t<meta name=\"google-site-verification\" content=\"UA-38556648-1\" \/>\n\t<meta name=\"keywords\" content=\"noticias\" \/>\n\t<link rel=\"canonical\" href=\"https:\/\/eldigitaldeasturias.com\/radio\/completan-la-primera-fase-del-nuevo-museo-judio-de-colonia\/\" \/>\n\t<meta name=\"generator\" content=\"All in One SEO Pro (AIOSEO) 4.9.6.2\" \/>\n\t\t<meta property=\"og:locale\" content=\"es_ES\" \/>\n\t\t<meta property=\"og:site_name\" content=\"El Digital de Asturias | Diario de informaci\u00f3n y noticias\" \/>\n\t\t<meta property=\"og:type\" content=\"article\" \/>\n\t\t<meta property=\"og:title\" content=\"Completan la primera fase del nuevo Museo Jud\u00edo de Colonia | El Digital de Asturias\" \/>\n\t\t<meta property=\"og:description\" content=\"Colonia (Alemania), 8 mar (dpa) - La construcci\u00f3n del Museo Jud\u00edo MiQua en la ciudad alemana de Colonia registr\u00f3 un nuevo hito al colocarse hoy la primera de las 15 pir\u00e1mides del tejado sobre una estructura de acero que permiti\u00f3 cerrar la primera fase de la obra. Representantes de la ciudad de Colonia se\u00f1alaron que\" \/>\n\t\t<meta property=\"og:url\" content=\"https:\/\/eldigitaldeasturias.com\/radio\/completan-la-primera-fase-del-nuevo-museo-judio-de-colonia\/\" \/>\n\t\t<meta property=\"og:image\" content=\"https:\/\/eldigitaldeasturias.com\/radio\/wp-content\/uploads\/2018\/10\/technology-785742_960_720.jpg\" \/>\n\t\t<meta property=\"og:image:secure_url\" content=\"https:\/\/eldigitaldeasturias.com\/radio\/wp-content\/uploads\/2018\/10\/technology-785742_960_720.jpg\" \/>\n\t\t<meta property=\"og:image:width\" content=\"960\" \/>\n\t\t<meta property=\"og:image:height\" content=\"640\" \/>\n\t\t<meta property=\"article:published_time\" content=\"2021-03-08T17:02:35+00:00\" \/>\n\t\t<meta property=\"article:modified_time\" content=\"2021-03-08T17:02:35+00:00\" \/>\n\t\t<meta name=\"twitter:card\" content=\"summary_large_image\" \/>\n\t\t<meta name=\"twitter:site\" content=\"@bercodi\" \/>\n\t\t<meta name=\"twitter:title\" content=\"Completan la primera fase del nuevo Museo Jud\u00edo de Colonia | El Digital de Asturias\" \/>\n\t\t<meta name=\"twitter:description\" content=\"Colonia (Alemania), 8 mar (dpa) - La construcci\u00f3n del Museo Jud\u00edo MiQua en la ciudad alemana de Colonia registr\u00f3 un nuevo hito al colocarse hoy la primera de las 15 pir\u00e1mides del tejado sobre una estructura de acero que permiti\u00f3 cerrar la primera fase de la obra. Representantes de la ciudad de Colonia se\u00f1alaron que\" \/>\n\t\t<meta name=\"twitter:creator\" content=\"@bercodi\" \/>\n\t\t<meta name=\"twitter:image\" content=\"https:\/\/eldigitaldeasturias.com\/radio\/wp-content\/uploads\/2018\/10\/technology-785742_960_720.jpg\" \/>\n\t\t<script type=\"application\/ld+json\" class=\"aioseo-schema\">\n\t\t\t{\"@context\":\"https:\\\/\\\/schema.org\",\"@graph\":[{\"@type\":\"BreadcrumbList\",\"@id\":\"https:\\\/\\\/eldigitaldeasturias.com\\\/radio\\\/completan-la-primera-fase-del-nuevo-museo-judio-de-colonia\\\/#breadcrumblist\",\"itemListElement\":[{\"@type\":\"ListItem\",\"@id\":\"https:\\\/\\\/eldigitaldeasturias.com\\\/radio#listItem\",\"position\":1,\"name\":\"Inicio\",\"item\":\"https:\\\/\\\/eldigitaldeasturias.com\\\/radio\",\"nextItem\":{\"@type\":\"ListItem\",\"@id\":\"https:\\\/\\\/eldigitaldeasturias.com\\\/radio\\\/category\\\/noticias\\\/#listItem\",\"name\":\"Noticias\"}},{\"@type\":\"ListItem\",\"@id\":\"https:\\\/\\\/eldigitaldeasturias.com\\\/radio\\\/category\\\/noticias\\\/#listItem\",\"position\":2,\"name\":\"Noticias\",\"item\":\"https:\\\/\\\/eldigitaldeasturias.com\\\/radio\\\/category\\\/noticias\\\/\",\"nextItem\":{\"@type\":\"ListItem\",\"@id\":\"https:\\\/\\\/eldigitaldeasturias.com\\\/radio\\\/completan-la-primera-fase-del-nuevo-museo-judio-de-colonia\\\/#listItem\",\"name\":\"Completan la primera fase del nuevo Museo Jud\\u00edo de Colonia\"},\"previousItem\":{\"@type\":\"ListItem\",\"@id\":\"https:\\\/\\\/eldigitaldeasturias.com\\\/radio#listItem\",\"name\":\"Inicio\"}},{\"@type\":\"ListItem\",\"@id\":\"https:\\\/\\\/eldigitaldeasturias.com\\\/radio\\\/completan-la-primera-fase-del-nuevo-museo-judio-de-colonia\\\/#listItem\",\"position\":3,\"name\":\"Completan la primera fase del nuevo Museo Jud\\u00edo de Colonia\",\"previousItem\":{\"@type\":\"ListItem\",\"@id\":\"https:\\\/\\\/eldigitaldeasturias.com\\\/radio\\\/category\\\/noticias\\\/#listItem\",\"name\":\"Noticias\"}}]},{\"@type\":\"NewsArticle\",\"@id\":\"https:\\\/\\\/eldigitaldeasturias.com\\\/radio\\\/completan-la-primera-fase-del-nuevo-museo-judio-de-colonia\\\/#newsarticle\",\"name\":\"Completan la primera fase del nuevo Museo Jud\\u00edo de Colonia | El Digital de Asturias\",\"headline\":\"Completan la primera fase del nuevo Museo Jud\\u00edo de Colonia\",\"author\":{\"@id\":\"https:\\\/\\\/eldigitaldeasturias.com\\\/radio\\\/author\\\/nbasturias\\\/#author\"},\"publisher\":{\"@id\":\"https:\\\/\\\/eldigitaldeasturias.com\\\/radio\\\/#organization\"},\"image\":{\"@type\":\"ImageObject\",\"url\":\"https:\\\/\\\/eldigitaldeasturias.com\\\/radio\\\/wp-content\\\/uploads\\\/2018\\\/10\\\/technology-785742_960_720.jpg\",\"width\":960,\"height\":640},\"datePublished\":\"2021-03-08T17:02:35+01:00\",\"dateModified\":\"2021-03-08T17:02:35+01:00\",\"inLanguage\":\"es-ES\",\"mainEntityOfPage\":{\"@id\":\"https:\\\/\\\/eldigitaldeasturias.com\\\/radio\\\/completan-la-primera-fase-del-nuevo-museo-judio-de-colonia\\\/#webpage\"},\"isPartOf\":{\"@id\":\"https:\\\/\\\/eldigitaldeasturias.com\\\/radio\\\/completan-la-primera-fase-del-nuevo-museo-judio-de-colonia\\\/#webpage\"},\"articleSection\":\"Noticias\",\"dateline\":\"Publicado el marzo 8, 2021.\"},{\"@type\":\"Organization\",\"@id\":\"https:\\\/\\\/eldigitaldeasturias.com\\\/radio\\\/#organization\",\"name\":\"El digital de Asturias Radio\",\"description\":\"Diario de informaci\\u00f3n y noticias\",\"url\":\"https:\\\/\\\/eldigitaldeasturias.com\\\/radio\\\/\",\"telephone\":\"+34652131393\",\"logo\":{\"@type\":\"ImageObject\",\"url\":\"https:\\\/\\\/www.eldigitaldeasturias.com\\\/radio\\\/wp-content\\\/uploads\\\/2021\\\/03\\\/EDA.jpg\",\"@id\":\"https:\\\/\\\/eldigitaldeasturias.com\\\/radio\\\/completan-la-primera-fase-del-nuevo-museo-judio-de-colonia\\\/#organizationLogo\"},\"image\":{\"@id\":\"https:\\\/\\\/eldigitaldeasturias.com\\\/radio\\\/completan-la-primera-fase-del-nuevo-museo-judio-de-colonia\\\/#organizationLogo\"},\"sameAs\":[\"https:\\\/\\\/www.facebook.com\\\/\",\"https:\\\/\\\/x.com\\\/bercodi\",\"https:\\\/\\\/www.instagram.com\\\/\",\"https:\\\/\\\/www.youtube.com\\\/channel\\\/UCZP-2wLEB9Rv6erhFmqVnvg\"]},{\"@type\":\"Person\",\"@id\":\"https:\\\/\\\/eldigitaldeasturias.com\\\/radio\\\/author\\\/nbasturias\\\/#author\",\"url\":\"https:\\\/\\\/eldigitaldeasturias.com\\\/radio\\\/author\\\/nbasturias\\\/\",\"name\":\"NBAsturias\",\"image\":{\"@type\":\"ImageObject\",\"@id\":\"https:\\\/\\\/eldigitaldeasturias.com\\\/radio\\\/completan-la-primera-fase-del-nuevo-museo-judio-de-colonia\\\/#authorImage\",\"url\":\"https:\\\/\\\/secure.gravatar.com\\\/avatar\\\/df2aeffc32bcd13f8d26072ef8a91b623d677766deac7f97ca815868cd41bf5e?s=96&d=mm&r=g\",\"width\":96,\"height\":96,\"caption\":\"NBAsturias\"}},{\"@type\":\"WebPage\",\"@id\":\"https:\\\/\\\/eldigitaldeasturias.com\\\/radio\\\/completan-la-primera-fase-del-nuevo-museo-judio-de-colonia\\\/#webpage\",\"url\":\"https:\\\/\\\/eldigitaldeasturias.com\\\/radio\\\/completan-la-primera-fase-del-nuevo-museo-judio-de-colonia\\\/\",\"name\":\"Completan la primera fase del nuevo Museo Jud\\u00edo de Colonia | El Digital de Asturias\",\"description\":\"Colonia (Alemania), 8 mar (dpa) - La construcci\\u00f3n del Museo Jud\\u00edo MiQua en la ciudad alemana de Colonia registr\\u00f3 un nuevo hito al colocarse hoy la primera de las 15 pir\\u00e1mides del tejado sobre una estructura de acero que permiti\\u00f3 cerrar la primera fase de la obra. Representantes de la ciudad de Colonia se\\u00f1alaron que\",\"inLanguage\":\"es-ES\",\"isPartOf\":{\"@id\":\"https:\\\/\\\/eldigitaldeasturias.com\\\/radio\\\/#website\"},\"breadcrumb\":{\"@id\":\"https:\\\/\\\/eldigitaldeasturias.com\\\/radio\\\/completan-la-primera-fase-del-nuevo-museo-judio-de-colonia\\\/#breadcrumblist\"},\"author\":{\"@id\":\"https:\\\/\\\/eldigitaldeasturias.com\\\/radio\\\/author\\\/nbasturias\\\/#author\"},\"creator\":{\"@id\":\"https:\\\/\\\/eldigitaldeasturias.com\\\/radio\\\/author\\\/nbasturias\\\/#author\"},\"image\":{\"@type\":\"ImageObject\",\"url\":\"https:\\\/\\\/eldigitaldeasturias.com\\\/radio\\\/wp-content\\\/uploads\\\/2018\\\/10\\\/technology-785742_960_720.jpg\",\"@id\":\"https:\\\/\\\/eldigitaldeasturias.com\\\/radio\\\/completan-la-primera-fase-del-nuevo-museo-judio-de-colonia\\\/#mainImage\",\"width\":960,\"height\":640},\"primaryImageOfPage\":{\"@id\":\"https:\\\/\\\/eldigitaldeasturias.com\\\/radio\\\/completan-la-primera-fase-del-nuevo-museo-judio-de-colonia\\\/#mainImage\"},\"datePublished\":\"2021-03-08T17:02:35+01:00\",\"dateModified\":\"2021-03-08T17:02:35+01:00\"},{\"@type\":\"WebSite\",\"@id\":\"https:\\\/\\\/eldigitaldeasturias.com\\\/radio\\\/#website\",\"url\":\"https:\\\/\\\/eldigitaldeasturias.com\\\/radio\\\/\",\"name\":\"El Digital de Asturias\",\"description\":\"Diario de informaci\\u00f3n y noticias\",\"inLanguage\":\"es-ES\",\"publisher\":{\"@id\":\"https:\\\/\\\/eldigitaldeasturias.com\\\/radio\\\/#organization\"}}]}\n\t\t<\/script>\n\t\t<!-- All in One SEO Pro -->\r\n\t\t<title>Completan la primera fase del nuevo Museo Jud\u00edo de Colonia | El Digital de Asturias<\/title>\n\n","aioseo_head_json":{"title":"Completan la primera fase del nuevo Museo Jud\u00edo de Colonia | El Digital de Asturias","description":"Colonia (Alemania), 8 mar (dpa) - La construcci\u00f3n del Museo Jud\u00edo MiQua en la ciudad alemana de Colonia registr\u00f3 un nuevo hito al colocarse hoy la primera de las 15 pir\u00e1mides del tejado sobre una estructura de acero que permiti\u00f3 cerrar la primera fase de la obra. Representantes de la ciudad de Colonia se\u00f1alaron que","canonical_url":"https:\/\/eldigitaldeasturias.com\/radio\/completan-la-primera-fase-del-nuevo-museo-judio-de-colonia\/","robots":"max-image-preview:large","keywords":"noticias","webmasterTools":{"google-site-verification":"UA-38556648-1","miscellaneous":""},"schema":{"@context":"https:\/\/schema.org","@graph":[{"@type":"BreadcrumbList","@id":"https:\/\/eldigitaldeasturias.com\/radio\/completan-la-primera-fase-del-nuevo-museo-judio-de-colonia\/#breadcrumblist","itemListElement":[{"@type":"ListItem","@id":"https:\/\/eldigitaldeasturias.com\/radio#listItem","position":1,"name":"Inicio","item":"https:\/\/eldigitaldeasturias.com\/radio","nextItem":{"@type":"ListItem","@id":"https:\/\/eldigitaldeasturias.com\/radio\/category\/noticias\/#listItem","name":"Noticias"}},{"@type":"ListItem","@id":"https:\/\/eldigitaldeasturias.com\/radio\/category\/noticias\/#listItem","position":2,"name":"Noticias","item":"https:\/\/eldigitaldeasturias.com\/radio\/category\/noticias\/","nextItem":{"@type":"ListItem","@id":"https:\/\/eldigitaldeasturias.com\/radio\/completan-la-primera-fase-del-nuevo-museo-judio-de-colonia\/#listItem","name":"Completan la primera fase del nuevo Museo Jud\u00edo de Colonia"},"previousItem":{"@type":"ListItem","@id":"https:\/\/eldigitaldeasturias.com\/radio#listItem","name":"Inicio"}},{"@type":"ListItem","@id":"https:\/\/eldigitaldeasturias.com\/radio\/completan-la-primera-fase-del-nuevo-museo-judio-de-colonia\/#listItem","position":3,"name":"Completan la primera fase del nuevo Museo Jud\u00edo de Colonia","previousItem":{"@type":"ListItem","@id":"https:\/\/eldigitaldeasturias.com\/radio\/category\/noticias\/#listItem","name":"Noticias"}}]},{"@type":"NewsArticle","@id":"https:\/\/eldigitaldeasturias.com\/radio\/completan-la-primera-fase-del-nuevo-museo-judio-de-colonia\/#newsarticle","name":"Completan la primera fase del nuevo Museo Jud\u00edo de Colonia | El Digital de Asturias","headline":"Completan la primera fase del nuevo Museo Jud\u00edo de Colonia","author":{"@id":"https:\/\/eldigitaldeasturias.com\/radio\/author\/nbasturias\/#author"},"publisher":{"@id":"https:\/\/eldigitaldeasturias.com\/radio\/#organization"},"image":{"@type":"ImageObject","url":"https:\/\/eldigitaldeasturias.com\/radio\/wp-content\/uploads\/2018\/10\/technology-785742_960_720.jpg","width":960,"height":640},"datePublished":"2021-03-08T17:02:35+01:00","dateModified":"2021-03-08T17:02:35+01:00","inLanguage":"es-ES","mainEntityOfPage":{"@id":"https:\/\/eldigitaldeasturias.com\/radio\/completan-la-primera-fase-del-nuevo-museo-judio-de-colonia\/#webpage"},"isPartOf":{"@id":"https:\/\/eldigitaldeasturias.com\/radio\/completan-la-primera-fase-del-nuevo-museo-judio-de-colonia\/#webpage"},"articleSection":"Noticias","dateline":"Publicado el marzo 8, 2021."},{"@type":"Organization","@id":"https:\/\/eldigitaldeasturias.com\/radio\/#organization","name":"El digital de Asturias Radio","description":"Diario de informaci\u00f3n y noticias","url":"https:\/\/eldigitaldeasturias.com\/radio\/","telephone":"+34652131393","logo":{"@type":"ImageObject","url":"https:\/\/www.eldigitaldeasturias.com\/radio\/wp-content\/uploads\/2021\/03\/EDA.jpg","@id":"https:\/\/eldigitaldeasturias.com\/radio\/completan-la-primera-fase-del-nuevo-museo-judio-de-colonia\/#organizationLogo"},"image":{"@id":"https:\/\/eldigitaldeasturias.com\/radio\/completan-la-primera-fase-del-nuevo-museo-judio-de-colonia\/#organizationLogo"},"sameAs":["https:\/\/www.facebook.com\/","https:\/\/x.com\/bercodi","https:\/\/www.instagram.com\/","https:\/\/www.youtube.com\/channel\/UCZP-2wLEB9Rv6erhFmqVnvg"]},{"@type":"Person","@id":"https:\/\/eldigitaldeasturias.com\/radio\/author\/nbasturias\/#author","url":"https:\/\/eldigitaldeasturias.com\/radio\/author\/nbasturias\/","name":"NBAsturias","image":{"@type":"ImageObject","@id":"https:\/\/eldigitaldeasturias.com\/radio\/completan-la-primera-fase-del-nuevo-museo-judio-de-colonia\/#authorImage","url":"https:\/\/secure.gravatar.com\/avatar\/df2aeffc32bcd13f8d26072ef8a91b623d677766deac7f97ca815868cd41bf5e?s=96&d=mm&r=g","width":96,"height":96,"caption":"NBAsturias"}},{"@type":"WebPage","@id":"https:\/\/eldigitaldeasturias.com\/radio\/completan-la-primera-fase-del-nuevo-museo-judio-de-colonia\/#webpage","url":"https:\/\/eldigitaldeasturias.com\/radio\/completan-la-primera-fase-del-nuevo-museo-judio-de-colonia\/","name":"Completan la primera fase del nuevo Museo Jud\u00edo de Colonia | El Digital de Asturias","description":"Colonia (Alemania), 8 mar (dpa) - La construcci\u00f3n del Museo Jud\u00edo MiQua en la ciudad alemana de Colonia registr\u00f3 un nuevo hito al colocarse hoy la primera de las 15 pir\u00e1mides del tejado sobre una estructura de acero que permiti\u00f3 cerrar la primera fase de la obra. Representantes de la ciudad de Colonia se\u00f1alaron que","inLanguage":"es-ES","isPartOf":{"@id":"https:\/\/eldigitaldeasturias.com\/radio\/#website"},"breadcrumb":{"@id":"https:\/\/eldigitaldeasturias.com\/radio\/completan-la-primera-fase-del-nuevo-museo-judio-de-colonia\/#breadcrumblist"},"author":{"@id":"https:\/\/eldigitaldeasturias.com\/radio\/author\/nbasturias\/#author"},"creator":{"@id":"https:\/\/eldigitaldeasturias.com\/radio\/author\/nbasturias\/#author"},"image":{"@type":"ImageObject","url":"https:\/\/eldigitaldeasturias.com\/radio\/wp-content\/uploads\/2018\/10\/technology-785742_960_720.jpg","@id":"https:\/\/eldigitaldeasturias.com\/radio\/completan-la-primera-fase-del-nuevo-museo-judio-de-colonia\/#mainImage","width":960,"height":640},"primaryImageOfPage":{"@id":"https:\/\/eldigitaldeasturias.com\/radio\/completan-la-primera-fase-del-nuevo-museo-judio-de-colonia\/#mainImage"},"datePublished":"2021-03-08T17:02:35+01:00","dateModified":"2021-03-08T17:02:35+01:00"},{"@type":"WebSite","@id":"https:\/\/eldigitaldeasturias.com\/radio\/#website","url":"https:\/\/eldigitaldeasturias.com\/radio\/","name":"El Digital de Asturias","description":"Diario de informaci\u00f3n y noticias","inLanguage":"es-ES","publisher":{"@id":"https:\/\/eldigitaldeasturias.com\/radio\/#organization"}}]},"og:locale":"es_ES","og:site_name":"El Digital de Asturias | Diario de informaci\u00f3n y noticias","og:type":"article","og:title":"Completan la primera fase del nuevo Museo Jud\u00edo de Colonia | El Digital de Asturias","og:description":"Colonia (Alemania), 8 mar (dpa) - La construcci\u00f3n del Museo Jud\u00edo MiQua en la ciudad alemana de Colonia registr\u00f3 un nuevo hito al colocarse hoy la primera de las 15 pir\u00e1mides del tejado sobre una estructura de acero que permiti\u00f3 cerrar la primera fase de la obra. Representantes de la ciudad de Colonia se\u00f1alaron que","og:url":"https:\/\/eldigitaldeasturias.com\/radio\/completan-la-primera-fase-del-nuevo-museo-judio-de-colonia\/","og:image":"https:\/\/eldigitaldeasturias.com\/radio\/wp-content\/uploads\/2018\/10\/technology-785742_960_720.jpg","og:image:secure_url":"https:\/\/eldigitaldeasturias.com\/radio\/wp-content\/uploads\/2018\/10\/technology-785742_960_720.jpg","og:image:width":960,"og:image:height":640,"article:published_time":"2021-03-08T17:02:35+00:00","article:modified_time":"2021-03-08T17:02:35+00:00","twitter:card":"summary_large_image","twitter:site":"@bercodi","twitter:title":"Completan la primera fase del nuevo Museo Jud\u00edo de Colonia | El Digital de Asturias","twitter:description":"Colonia (Alemania), 8 mar (dpa) - La construcci\u00f3n del Museo Jud\u00edo MiQua en la ciudad alemana de Colonia registr\u00f3 un nuevo hito al colocarse hoy la primera de las 15 pir\u00e1mides del tejado sobre una estructura de acero que permiti\u00f3 cerrar la primera fase de la obra. Representantes de la ciudad de Colonia se\u00f1alaron que","twitter:creator":"@bercodi","twitter:image":"https:\/\/eldigitaldeasturias.com\/radio\/wp-content\/uploads\/2018\/10\/technology-785742_960_720.jpg"},"aioseo_meta_data":{"post_id":"5683","title":null,"description":null,"keywords":null,"keyphrases":null,"primary_term":null,"canonical_url":null,"og_title":null,"og_description":null,"og_object_type":"default","og_image_type":"default","og_image_url":null,"og_image_width":null,"og_image_height":null,"og_image_custom_url":null,"og_image_custom_fields":null,"og_video":null,"og_custom_url":null,"og_article_section":null,"og_article_tags":null,"twitter_use_og":false,"twitter_card":"default","twitter_image_type":"default","twitter_image_url":null,"twitter_image_custom_url":null,"twitter_image_custom_fields":null,"twitter_title":null,"twitter_description":null,"schema":{"blockGraphs":[],"customGraphs":[],"default":{"data":{"Article":[],"Course":[],"Dataset":[],"FAQPage":[],"Movie":[],"Person":[],"Product":[],"ProductReview":[],"Car":[],"Recipe":[],"Service":[],"SoftwareApplication":[],"WebPage":[]},"graphName":"","isEnabled":true},"graphs":[],"defaultGraph":"","defaultPostTypeGraph":""},"schema_type":null,"schema_type_options":null,"pillar_content":false,"robots_default":true,"robots_noindex":false,"robots_noarchive":false,"robots_nosnippet":false,"robots_nofollow":false,"robots_noimageindex":false,"robots_noodp":false,"robots_notranslate":false,"robots_max_snippet":null,"robots_max_videopreview":null,"robots_max_imagepreview":"large","priority":null,"frequency":null,"location":null,"local_seo":null,"seo_analyzer_scan_date":"2025-08-28 18:16:36","breadcrumb_settings":null,"limit_modified_date":false,"open_ai":null,"ai":null,"created":"2021-03-25 10:26:10","updated":"2025-08-28 18:16:36"},"aioseo_breadcrumb":"<div class=\"aioseo-breadcrumbs\"><span class=\"aioseo-breadcrumb\">\n\t<a href=\"https:\/\/eldigitaldeasturias.com\/radio\" title=\"Inicio\">Inicio<\/a>\n<\/span><span class=\"aioseo-breadcrumb-separator\">&ndash;<\/span><span class=\"aioseo-breadcrumb\">\n\t<a href=\"https:\/\/eldigitaldeasturias.com\/radio\/category\/noticias\/\" title=\"Noticias\">Noticias<\/a>\n<\/span><span class=\"aioseo-breadcrumb-separator\">&ndash;<\/span><span class=\"aioseo-breadcrumb\">\n\tCompletan la primera fase del nuevo Museo Jud\u00edo de Colonia\n<\/span><\/div>","aioseo_breadcrumb_json":[{"label":"Inicio","link":"https:\/\/eldigitaldeasturias.com\/radio"},{"label":"Noticias","link":"https:\/\/eldigitaldeasturias.com\/radio\/category\/noticias\/"},{"label":"Completan la primera fase del nuevo Museo Jud\u00edo de Colonia","link":"https:\/\/eldigitaldeasturias.com\/radio\/completan-la-primera-fase-del-nuevo-museo-judio-de-colonia\/"}],"_links":{"self":[{"href":"https:\/\/eldigitaldeasturias.com\/radio\/wp-json\/wp\/v2\/posts\/5683","targetHints":{"allow":["GET"]}}],"collection":[{"href":"https:\/\/eldigitaldeasturias.com\/radio\/wp-json\/wp\/v2\/posts"}],"about":[{"href":"https:\/\/eldigitaldeasturias.com\/radio\/wp-json\/wp\/v2\/types\/post"}],"author":[{"embeddable":true,"href":"https:\/\/eldigitaldeasturias.com\/radio\/wp-json\/wp\/v2\/users\/1"}],"replies":[{"embeddable":true,"href":"https:\/\/eldigitaldeasturias.com\/radio\/wp-json\/wp\/v2\/comments?post=5683"}],"version-history":[{"count":0,"href":"https:\/\/eldigitaldeasturias.com\/radio\/wp-json\/wp\/v2\/posts\/5683\/revisions"}],"wp:featuredmedia":[{"embeddable":true,"href":"https:\/\/eldigitaldeasturias.com\/radio\/wp-json\/wp\/v2\/media\/1352"}],"wp:attachment":[{"href":"https:\/\/eldigitaldeasturias.com\/radio\/wp-json\/wp\/v2\/media?parent=5683"}],"wp:term":[{"taxonomy":"category","embeddable":true,"href":"https:\/\/eldigitaldeasturias.com\/radio\/wp-json\/wp\/v2\/categories?post=5683"},{"taxonomy":"post_tag","embeddable":true,"href":"https:\/\/eldigitaldeasturias.com\/radio\/wp-json\/wp\/v2\/tags?post=5683"}],"curies":[{"name":"wp","href":"https:\/\/api.w.org\/{rel}","templated":true}]}}