{"id":5670,"date":"2021-02-19T10:29:36","date_gmt":"2021-02-19T10:29:36","guid":{"rendered":"http:\/\/eldigitaldeasturias.com\/radio\/?p=5670"},"modified":"2021-02-19T10:29:36","modified_gmt":"2021-02-19T10:29:36","slug":"la-bbc-ataca-la-violencia-de-bukele-y-nuevas-ideas","status":"publish","type":"post","link":"https:\/\/eldigitaldeasturias.com\/radio\/la-bbc-ataca-la-violencia-de-bukele-y-nuevas-ideas\/","title":{"rendered":"La BBC ataca la violencia de Bukele y Nuevas Ideas"},"content":{"rendered":"<p><span style=\"font-weight: 400;\">El tiroteo, acaecido, en El Salvador, a principios de febrero ha <\/span><b>conmocionado a todo el pa\u00eds<\/b><span style=\"font-weight: 400;\">. La <\/span><b>BBC<\/b><span style=\"font-weight: 400;\"> explica, en <\/span><strong><span style=\"color: #ff6600;\"><a style=\"color: #ff6600;\" href=\"https:\/\/www.bbc.com\/mundo\/noticias-america-latina-55820836\" target=\"_blank\" rel=\"nofollow noopener\">su art\u00edculo<\/a><\/span><\/strong><span style=\"font-weight: 400;\">, las claves para entender el sentimiento del pueblo salvadore\u00f1o.<\/span><\/p>\n<p><img fetchpriority=\"high\" decoding=\"async\" class=\"aligncenter wp-image-5671\" src=\"https:\/\/eldigitaldeasturias.com\/radio\/wp-content\/uploads\/2021\/02\/noticias-NI-360x235.jpg\" alt=\"\" width=\"650\" height=\"424\" srcset=\"https:\/\/eldigitaldeasturias.com\/radio\/wp-content\/uploads\/2021\/02\/noticias-NI-360x235.jpg 360w, https:\/\/eldigitaldeasturias.com\/radio\/wp-content\/uploads\/2021\/02\/noticias-NI.jpg 685w\" sizes=\"(max-width: 650px) 100vw, 650px\" \/><\/p>\n<h2><b>El ataque a miembros del FMLN<\/b><\/h2>\n<p><b>Dos personas fallecieron<\/b><span style=\"font-weight: 400;\"> y otras <\/span><b>cinco resultaron heridas<\/b><span style=\"font-weight: 400;\">, despu\u00e9s de que varios hombres abrieran fuego contra una caravana del Farabundo Mart\u00ed de Liberaci\u00f3n Nacional (<\/span><b>FMLN<\/b><span style=\"font-weight: 400;\">). Tras el incidente, <\/span><b>tres personas fueron detenidas<\/b><span style=\"font-weight: 400;\">. Los afiliados asistieron a un mitin para el lanzamiento de campa\u00f1a del candidato, Rogelio Canales.<\/span><\/p>\n<h2><b>Bukele, en contra de la paz<\/b><\/h2>\n<p><i><span style=\"font-weight: 400;\">\u201cNunca hab\u00edamos vivido algo tan dram\u00e1tico, en los 29 a\u00f1os de acuerdos de paz\u201d, <\/span><\/i><span style=\"font-weight: 400;\">asegur\u00f3 el secretario general del FMLN, \u00d3scar Ortiz<\/span><i><span style=\"font-weight: 400;\">. <\/span><\/i><span style=\"font-weight: 400;\">Nayib Bukele no ha rechazado estos actos delictivos, en sus redes sociales. Un <\/span><b>hecho llamativo<\/b><span style=\"font-weight: 400;\">, ya que el resto de partidos pol\u00edticos, tambi\u00e9n opositores al FMLN, han declarado estar en contra de la violencia. El FMLN apunta, directamente, al presidente del pa\u00eds. <\/span><i><span style=\"font-weight: 400;\">\u201cEse es el odio que fomenta Bukele\u201d, <\/span><\/i><span style=\"font-weight: 400;\">indica la jefa del grupo parlamentario, Nidia D\u00edaz.<\/span><\/p>\n<h2><b>La tensa relaci\u00f3n entre Nuevas Ideas y el FMLN<\/b><\/h2>\n<p><span style=\"font-weight: 400;\">Desde que Bukele alcanz\u00f3 la presidencia y derrot\u00f3 en las urnas al FMLN, que hab\u00eda gobernado El Salvador desde <\/span><b>2009<\/b><span style=\"font-weight: 400;\">, las tensiones han ido en aumento. El mandatario ha acusado a la antigua guerrilla de <\/span><b>corrupci\u00f3n<\/b><span style=\"font-weight: 400;\"> y de conducir al pa\u00eds a la <\/span><b>pobreza<\/b><span style=\"font-weight: 400;\"> y la <\/span><b>violencia<\/b><span style=\"font-weight: 400;\"> durante su tiempo en el poder, mientras el partido ha se\u00f1alado al gobernante de asumir posturas autocr\u00e1ticas y de <\/span><i><span style=\"font-weight: 400;\">\u201ccastigar a quienes no est\u00e9n de acuerdo con \u00e9l\u201d<\/span><\/i><span style=\"font-weight: 400;\">.<\/span><\/p>\n<p><span style=\"font-weight: 400;\">Tras el ataque a los miembros del FMLN, la organizaci\u00f3n public\u00f3 un comunicado en el que aseguraban que lo sucedido hab\u00eda sido resultado de <\/span><i><span style=\"font-weight: 400;\">\u201cla campa\u00f1a de odio sostenido de la Casa Presidencial y el presidente Bukele contra nuestro partido y nuestra militancia\u201d<\/span><\/i><span style=\"font-weight: 400;\">. Los cuestionamientos entre ambas partes se multiplicaron a mediados de enero, luego de que Bukele decretara el fin de las conmemoraciones de los <\/span><b>acuerdos de paz<\/b><span style=\"font-weight: 400;\"> que se celebraban tradicionalmente en el pa\u00eds y que era una de las fechas m\u00e1s importantes para el FMLN.<\/span><\/p>\n<h2><b>Elecciones, el 28 de febrero<\/b><\/h2>\n<p><span style=\"font-weight: 400;\">Un golpe a la democracia. As\u00ed se presenta la actuaci\u00f3n de Bukele, en <\/span><b>febrero de 2020<\/b><span style=\"font-weight: 400;\">. El Gobierno de <\/span><b>Nuevas Ideas<\/b><span style=\"font-weight: 400;\"> hab\u00eda estado presionando a la Asamblea Legislativa para que aprobara un pr\u00e9stamo con el que financiar\u00eda una fase de su <\/span><b>plan antipandillas<\/b><span style=\"font-weight: 400;\">. Sin embargo, el Congreso -de mayor\u00eda opositora- se resist\u00eda a dar su aprobaci\u00f3n, alegando opacidad en el plan del Ejecutivo.<\/span><\/p>\n<p><span style=\"font-weight: 400;\">Ante esto, vino un ultim\u00e1tum de Bukele acompa\u00f1ado del <\/span><b>despliegue de soldados<\/b><span style=\"font-weight: 400;\"> de la Fuerza Armada de El Salvador (FAES), que rodearon el Parlamento el s\u00e1bado 8 de febrero, mientras instalaban una tarima desde la que Bukele habl\u00f3 a miles de sus seguidores el d\u00eda siguiente. Estos hechos dejan huella, en las elecciones, del pr\u00f3ximo <\/span><b>28 de febrero<\/b><span style=\"font-weight: 400;\">, en El Salvador.<\/span><\/p>\n<p><span style=\"font-weight: 400;\">En la cita, unos 5,4 millones de salvadore\u00f1os deber\u00e1n elegir a los <\/span><b>84 diputados del Congreso <\/b><span style=\"font-weight: 400;\">unicameral, as\u00ed como a los <\/span><b>262 alcaldes del pa\u00eds<\/b><span style=\"font-weight: 400;\"> y sus concejos municipales. Tambi\u00e9n tendr\u00e1n que elegir a una veintena de diputados del Parlamento Centroamericano (Parlacen), una instituci\u00f3n pol\u00edtica dedicada a la integraci\u00f3n de los pa\u00edses de la regi\u00f3n. <\/span><b>Los partidos de oposici\u00f3n temen<\/b><span style=\"font-weight: 400;\"> que un total control de Bukele sobre el Congreso le d\u00e9 al mandatario un <\/span><i><span style=\"font-weight: 400;\">\u201cpoder ilimitado\u201d<\/span><\/i><span style=\"font-weight: 400;\">.<\/span><\/p>\n","protected":false},"excerpt":{"rendered":"<p>El tiroteo, acaecido, en El Salvador, a principios de febrero ha conmocionado a todo el pa\u00eds. La BBC explica, en su art\u00edculo, las claves para entender el sentimiento del pueblo salvadore\u00f1o. El ataque a miembros del FMLN Dos personas fallecieron y otras cinco resultaron heridas, despu\u00e9s de que varios hombres abrieran fuego contra una caravana<\/p>\n","protected":false},"author":1,"featured_media":5671,"comment_status":"closed","ping_status":"closed","sticky":false,"template":"","format":"standard","meta":{"footnotes":""},"categories":[1],"tags":[],"class_list":{"0":"post-5670","1":"post","2":"type-post","3":"status-publish","4":"format-standard","5":"has-post-thumbnail","7":"category-noticias"},"aioseo_notices":[],"aioseo_head":"\n\t\t<!-- All in One SEO Pro 4.9.6.2 - aioseo.com -->\n\t<meta name=\"description\" content=\"El tiroteo, acaecido, en El Salvador, a principios de febrero ha conmocionado a todo el pa\u00eds. La BBC explica, en su art\u00edculo, las claves para entender el sentimiento del pueblo salvadore\u00f1o. El ataque a miembros del FMLN Dos personas fallecieron y otras cinco resultaron heridas, despu\u00e9s de que varios hombres abrieran fuego contra una caravana\" \/>\n\t<meta name=\"robots\" content=\"max-image-preview:large\" \/>\n\t<meta name=\"author\" content=\"NBAsturias\"\/>\n\t<meta name=\"google-site-verification\" content=\"UA-38556648-1\" \/>\n\t<meta name=\"keywords\" content=\"noticias\" \/>\n\t<link rel=\"canonical\" href=\"https:\/\/eldigitaldeasturias.com\/radio\/la-bbc-ataca-la-violencia-de-bukele-y-nuevas-ideas\/\" \/>\n\t<meta name=\"generator\" content=\"All in One SEO Pro (AIOSEO) 4.9.6.2\" \/>\n\t\t<meta property=\"og:locale\" content=\"es_ES\" \/>\n\t\t<meta property=\"og:site_name\" content=\"El Digital de Asturias | Diario de informaci\u00f3n y noticias\" \/>\n\t\t<meta property=\"og:type\" content=\"article\" \/>\n\t\t<meta property=\"og:title\" content=\"La BBC ataca la violencia de Bukele y Nuevas Ideas | El Digital de Asturias\" \/>\n\t\t<meta property=\"og:description\" content=\"El tiroteo, acaecido, en El Salvador, a principios de febrero ha conmocionado a todo el pa\u00eds. La BBC explica, en su art\u00edculo, las claves para entender el sentimiento del pueblo salvadore\u00f1o. El ataque a miembros del FMLN Dos personas fallecieron y otras cinco resultaron heridas, despu\u00e9s de que varios hombres abrieran fuego contra una caravana\" \/>\n\t\t<meta property=\"og:url\" content=\"https:\/\/eldigitaldeasturias.com\/radio\/la-bbc-ataca-la-violencia-de-bukele-y-nuevas-ideas\/\" \/>\n\t\t<meta property=\"og:image\" content=\"https:\/\/eldigitaldeasturias.com\/radio\/wp-content\/uploads\/2021\/02\/noticias-NI.jpg\" \/>\n\t\t<meta property=\"og:image:secure_url\" content=\"https:\/\/eldigitaldeasturias.com\/radio\/wp-content\/uploads\/2021\/02\/noticias-NI.jpg\" \/>\n\t\t<meta property=\"og:image:width\" content=\"685\" \/>\n\t\t<meta property=\"og:image:height\" content=\"447\" \/>\n\t\t<meta property=\"article:published_time\" content=\"2021-02-19T10:29:36+00:00\" \/>\n\t\t<meta property=\"article:modified_time\" content=\"2021-02-19T10:29:36+00:00\" \/>\n\t\t<meta name=\"twitter:card\" content=\"summary_large_image\" \/>\n\t\t<meta name=\"twitter:site\" content=\"@bercodi\" \/>\n\t\t<meta name=\"twitter:title\" content=\"La BBC ataca la violencia de Bukele y Nuevas Ideas | El Digital de Asturias\" \/>\n\t\t<meta name=\"twitter:description\" content=\"El tiroteo, acaecido, en El Salvador, a principios de febrero ha conmocionado a todo el pa\u00eds. La BBC explica, en su art\u00edculo, las claves para entender el sentimiento del pueblo salvadore\u00f1o. El ataque a miembros del FMLN Dos personas fallecieron y otras cinco resultaron heridas, despu\u00e9s de que varios hombres abrieran fuego contra una caravana\" \/>\n\t\t<meta name=\"twitter:creator\" content=\"@bercodi\" \/>\n\t\t<meta name=\"twitter:image\" content=\"https:\/\/eldigitaldeasturias.com\/radio\/wp-content\/uploads\/2021\/02\/noticias-NI.jpg\" \/>\n\t\t<script type=\"application\/ld+json\" class=\"aioseo-schema\">\n\t\t\t{\"@context\":\"https:\\\/\\\/schema.org\",\"@graph\":[{\"@type\":\"BreadcrumbList\",\"@id\":\"https:\\\/\\\/eldigitaldeasturias.com\\\/radio\\\/la-bbc-ataca-la-violencia-de-bukele-y-nuevas-ideas\\\/#breadcrumblist\",\"itemListElement\":[{\"@type\":\"ListItem\",\"@id\":\"https:\\\/\\\/eldigitaldeasturias.com\\\/radio#listItem\",\"position\":1,\"name\":\"Inicio\",\"item\":\"https:\\\/\\\/eldigitaldeasturias.com\\\/radio\",\"nextItem\":{\"@type\":\"ListItem\",\"@id\":\"https:\\\/\\\/eldigitaldeasturias.com\\\/radio\\\/category\\\/noticias\\\/#listItem\",\"name\":\"Noticias\"}},{\"@type\":\"ListItem\",\"@id\":\"https:\\\/\\\/eldigitaldeasturias.com\\\/radio\\\/category\\\/noticias\\\/#listItem\",\"position\":2,\"name\":\"Noticias\",\"item\":\"https:\\\/\\\/eldigitaldeasturias.com\\\/radio\\\/category\\\/noticias\\\/\",\"nextItem\":{\"@type\":\"ListItem\",\"@id\":\"https:\\\/\\\/eldigitaldeasturias.com\\\/radio\\\/la-bbc-ataca-la-violencia-de-bukele-y-nuevas-ideas\\\/#listItem\",\"name\":\"La BBC ataca la violencia de Bukele y Nuevas Ideas\"},\"previousItem\":{\"@type\":\"ListItem\",\"@id\":\"https:\\\/\\\/eldigitaldeasturias.com\\\/radio#listItem\",\"name\":\"Inicio\"}},{\"@type\":\"ListItem\",\"@id\":\"https:\\\/\\\/eldigitaldeasturias.com\\\/radio\\\/la-bbc-ataca-la-violencia-de-bukele-y-nuevas-ideas\\\/#listItem\",\"position\":3,\"name\":\"La BBC ataca la violencia de Bukele y Nuevas Ideas\",\"previousItem\":{\"@type\":\"ListItem\",\"@id\":\"https:\\\/\\\/eldigitaldeasturias.com\\\/radio\\\/category\\\/noticias\\\/#listItem\",\"name\":\"Noticias\"}}]},{\"@type\":\"NewsArticle\",\"@id\":\"https:\\\/\\\/eldigitaldeasturias.com\\\/radio\\\/la-bbc-ataca-la-violencia-de-bukele-y-nuevas-ideas\\\/#newsarticle\",\"name\":\"La BBC ataca la violencia de Bukele y Nuevas Ideas | El Digital de Asturias\",\"headline\":\"La BBC ataca la violencia de Bukele y Nuevas Ideas\",\"author\":{\"@id\":\"https:\\\/\\\/eldigitaldeasturias.com\\\/radio\\\/author\\\/nbasturias\\\/#author\"},\"publisher\":{\"@id\":\"https:\\\/\\\/eldigitaldeasturias.com\\\/radio\\\/#organization\"},\"image\":{\"@type\":\"ImageObject\",\"url\":\"https:\\\/\\\/eldigitaldeasturias.com\\\/radio\\\/wp-content\\\/uploads\\\/2021\\\/02\\\/noticias-NI.jpg\",\"width\":685,\"height\":447},\"datePublished\":\"2021-02-19T10:29:36+01:00\",\"dateModified\":\"2021-02-19T10:29:36+01:00\",\"inLanguage\":\"es-ES\",\"mainEntityOfPage\":{\"@id\":\"https:\\\/\\\/eldigitaldeasturias.com\\\/radio\\\/la-bbc-ataca-la-violencia-de-bukele-y-nuevas-ideas\\\/#webpage\"},\"isPartOf\":{\"@id\":\"https:\\\/\\\/eldigitaldeasturias.com\\\/radio\\\/la-bbc-ataca-la-violencia-de-bukele-y-nuevas-ideas\\\/#webpage\"},\"articleSection\":\"Noticias\",\"dateline\":\"Publicado el febrero 19, 2021.\"},{\"@type\":\"Organization\",\"@id\":\"https:\\\/\\\/eldigitaldeasturias.com\\\/radio\\\/#organization\",\"name\":\"El digital de Asturias Radio\",\"description\":\"Diario de informaci\\u00f3n y noticias\",\"url\":\"https:\\\/\\\/eldigitaldeasturias.com\\\/radio\\\/\",\"telephone\":\"+34652131393\",\"logo\":{\"@type\":\"ImageObject\",\"url\":\"https:\\\/\\\/www.eldigitaldeasturias.com\\\/radio\\\/wp-content\\\/uploads\\\/2021\\\/03\\\/EDA.jpg\",\"@id\":\"https:\\\/\\\/eldigitaldeasturias.com\\\/radio\\\/la-bbc-ataca-la-violencia-de-bukele-y-nuevas-ideas\\\/#organizationLogo\"},\"image\":{\"@id\":\"https:\\\/\\\/eldigitaldeasturias.com\\\/radio\\\/la-bbc-ataca-la-violencia-de-bukele-y-nuevas-ideas\\\/#organizationLogo\"},\"sameAs\":[\"https:\\\/\\\/www.facebook.com\\\/\",\"https:\\\/\\\/x.com\\\/bercodi\",\"https:\\\/\\\/www.instagram.com\\\/\",\"https:\\\/\\\/www.youtube.com\\\/channel\\\/UCZP-2wLEB9Rv6erhFmqVnvg\"]},{\"@type\":\"Person\",\"@id\":\"https:\\\/\\\/eldigitaldeasturias.com\\\/radio\\\/author\\\/nbasturias\\\/#author\",\"url\":\"https:\\\/\\\/eldigitaldeasturias.com\\\/radio\\\/author\\\/nbasturias\\\/\",\"name\":\"NBAsturias\",\"image\":{\"@type\":\"ImageObject\",\"@id\":\"https:\\\/\\\/eldigitaldeasturias.com\\\/radio\\\/la-bbc-ataca-la-violencia-de-bukele-y-nuevas-ideas\\\/#authorImage\",\"url\":\"https:\\\/\\\/secure.gravatar.com\\\/avatar\\\/df2aeffc32bcd13f8d26072ef8a91b623d677766deac7f97ca815868cd41bf5e?s=96&d=mm&r=g\",\"width\":96,\"height\":96,\"caption\":\"NBAsturias\"}},{\"@type\":\"WebPage\",\"@id\":\"https:\\\/\\\/eldigitaldeasturias.com\\\/radio\\\/la-bbc-ataca-la-violencia-de-bukele-y-nuevas-ideas\\\/#webpage\",\"url\":\"https:\\\/\\\/eldigitaldeasturias.com\\\/radio\\\/la-bbc-ataca-la-violencia-de-bukele-y-nuevas-ideas\\\/\",\"name\":\"La BBC ataca la violencia de Bukele y Nuevas Ideas | El Digital de Asturias\",\"description\":\"El tiroteo, acaecido, en El Salvador, a principios de febrero ha conmocionado a todo el pa\\u00eds. La BBC explica, en su art\\u00edculo, las claves para entender el sentimiento del pueblo salvadore\\u00f1o. El ataque a miembros del FMLN Dos personas fallecieron y otras cinco resultaron heridas, despu\\u00e9s de que varios hombres abrieran fuego contra una caravana\",\"inLanguage\":\"es-ES\",\"isPartOf\":{\"@id\":\"https:\\\/\\\/eldigitaldeasturias.com\\\/radio\\\/#website\"},\"breadcrumb\":{\"@id\":\"https:\\\/\\\/eldigitaldeasturias.com\\\/radio\\\/la-bbc-ataca-la-violencia-de-bukele-y-nuevas-ideas\\\/#breadcrumblist\"},\"author\":{\"@id\":\"https:\\\/\\\/eldigitaldeasturias.com\\\/radio\\\/author\\\/nbasturias\\\/#author\"},\"creator\":{\"@id\":\"https:\\\/\\\/eldigitaldeasturias.com\\\/radio\\\/author\\\/nbasturias\\\/#author\"},\"image\":{\"@type\":\"ImageObject\",\"url\":\"https:\\\/\\\/eldigitaldeasturias.com\\\/radio\\\/wp-content\\\/uploads\\\/2021\\\/02\\\/noticias-NI.jpg\",\"@id\":\"https:\\\/\\\/eldigitaldeasturias.com\\\/radio\\\/la-bbc-ataca-la-violencia-de-bukele-y-nuevas-ideas\\\/#mainImage\",\"width\":685,\"height\":447},\"primaryImageOfPage\":{\"@id\":\"https:\\\/\\\/eldigitaldeasturias.com\\\/radio\\\/la-bbc-ataca-la-violencia-de-bukele-y-nuevas-ideas\\\/#mainImage\"},\"datePublished\":\"2021-02-19T10:29:36+01:00\",\"dateModified\":\"2021-02-19T10:29:36+01:00\"},{\"@type\":\"WebSite\",\"@id\":\"https:\\\/\\\/eldigitaldeasturias.com\\\/radio\\\/#website\",\"url\":\"https:\\\/\\\/eldigitaldeasturias.com\\\/radio\\\/\",\"name\":\"El Digital de Asturias\",\"description\":\"Diario de informaci\\u00f3n y noticias\",\"inLanguage\":\"es-ES\",\"publisher\":{\"@id\":\"https:\\\/\\\/eldigitaldeasturias.com\\\/radio\\\/#organization\"}}]}\n\t\t<\/script>\n\t\t<!-- All in One SEO Pro -->\r\n\t\t<title>La BBC ataca la violencia de Bukele y Nuevas Ideas | El Digital de Asturias<\/title>\n\n","aioseo_head_json":{"title":"La BBC ataca la violencia de Bukele y Nuevas Ideas | El Digital de Asturias","description":"El tiroteo, acaecido, en El Salvador, a principios de febrero ha conmocionado a todo el pa\u00eds. La BBC explica, en su art\u00edculo, las claves para entender el sentimiento del pueblo salvadore\u00f1o. El ataque a miembros del FMLN Dos personas fallecieron y otras cinco resultaron heridas, despu\u00e9s de que varios hombres abrieran fuego contra una caravana","canonical_url":"https:\/\/eldigitaldeasturias.com\/radio\/la-bbc-ataca-la-violencia-de-bukele-y-nuevas-ideas\/","robots":"max-image-preview:large","keywords":"noticias","webmasterTools":{"google-site-verification":"UA-38556648-1","miscellaneous":""},"schema":{"@context":"https:\/\/schema.org","@graph":[{"@type":"BreadcrumbList","@id":"https:\/\/eldigitaldeasturias.com\/radio\/la-bbc-ataca-la-violencia-de-bukele-y-nuevas-ideas\/#breadcrumblist","itemListElement":[{"@type":"ListItem","@id":"https:\/\/eldigitaldeasturias.com\/radio#listItem","position":1,"name":"Inicio","item":"https:\/\/eldigitaldeasturias.com\/radio","nextItem":{"@type":"ListItem","@id":"https:\/\/eldigitaldeasturias.com\/radio\/category\/noticias\/#listItem","name":"Noticias"}},{"@type":"ListItem","@id":"https:\/\/eldigitaldeasturias.com\/radio\/category\/noticias\/#listItem","position":2,"name":"Noticias","item":"https:\/\/eldigitaldeasturias.com\/radio\/category\/noticias\/","nextItem":{"@type":"ListItem","@id":"https:\/\/eldigitaldeasturias.com\/radio\/la-bbc-ataca-la-violencia-de-bukele-y-nuevas-ideas\/#listItem","name":"La BBC ataca la violencia de Bukele y Nuevas Ideas"},"previousItem":{"@type":"ListItem","@id":"https:\/\/eldigitaldeasturias.com\/radio#listItem","name":"Inicio"}},{"@type":"ListItem","@id":"https:\/\/eldigitaldeasturias.com\/radio\/la-bbc-ataca-la-violencia-de-bukele-y-nuevas-ideas\/#listItem","position":3,"name":"La BBC ataca la violencia de Bukele y Nuevas Ideas","previousItem":{"@type":"ListItem","@id":"https:\/\/eldigitaldeasturias.com\/radio\/category\/noticias\/#listItem","name":"Noticias"}}]},{"@type":"NewsArticle","@id":"https:\/\/eldigitaldeasturias.com\/radio\/la-bbc-ataca-la-violencia-de-bukele-y-nuevas-ideas\/#newsarticle","name":"La BBC ataca la violencia de Bukele y Nuevas Ideas | El Digital de Asturias","headline":"La BBC ataca la violencia de Bukele y Nuevas Ideas","author":{"@id":"https:\/\/eldigitaldeasturias.com\/radio\/author\/nbasturias\/#author"},"publisher":{"@id":"https:\/\/eldigitaldeasturias.com\/radio\/#organization"},"image":{"@type":"ImageObject","url":"https:\/\/eldigitaldeasturias.com\/radio\/wp-content\/uploads\/2021\/02\/noticias-NI.jpg","width":685,"height":447},"datePublished":"2021-02-19T10:29:36+01:00","dateModified":"2021-02-19T10:29:36+01:00","inLanguage":"es-ES","mainEntityOfPage":{"@id":"https:\/\/eldigitaldeasturias.com\/radio\/la-bbc-ataca-la-violencia-de-bukele-y-nuevas-ideas\/#webpage"},"isPartOf":{"@id":"https:\/\/eldigitaldeasturias.com\/radio\/la-bbc-ataca-la-violencia-de-bukele-y-nuevas-ideas\/#webpage"},"articleSection":"Noticias","dateline":"Publicado el febrero 19, 2021."},{"@type":"Organization","@id":"https:\/\/eldigitaldeasturias.com\/radio\/#organization","name":"El digital de Asturias Radio","description":"Diario de informaci\u00f3n y noticias","url":"https:\/\/eldigitaldeasturias.com\/radio\/","telephone":"+34652131393","logo":{"@type":"ImageObject","url":"https:\/\/www.eldigitaldeasturias.com\/radio\/wp-content\/uploads\/2021\/03\/EDA.jpg","@id":"https:\/\/eldigitaldeasturias.com\/radio\/la-bbc-ataca-la-violencia-de-bukele-y-nuevas-ideas\/#organizationLogo"},"image":{"@id":"https:\/\/eldigitaldeasturias.com\/radio\/la-bbc-ataca-la-violencia-de-bukele-y-nuevas-ideas\/#organizationLogo"},"sameAs":["https:\/\/www.facebook.com\/","https:\/\/x.com\/bercodi","https:\/\/www.instagram.com\/","https:\/\/www.youtube.com\/channel\/UCZP-2wLEB9Rv6erhFmqVnvg"]},{"@type":"Person","@id":"https:\/\/eldigitaldeasturias.com\/radio\/author\/nbasturias\/#author","url":"https:\/\/eldigitaldeasturias.com\/radio\/author\/nbasturias\/","name":"NBAsturias","image":{"@type":"ImageObject","@id":"https:\/\/eldigitaldeasturias.com\/radio\/la-bbc-ataca-la-violencia-de-bukele-y-nuevas-ideas\/#authorImage","url":"https:\/\/secure.gravatar.com\/avatar\/df2aeffc32bcd13f8d26072ef8a91b623d677766deac7f97ca815868cd41bf5e?s=96&d=mm&r=g","width":96,"height":96,"caption":"NBAsturias"}},{"@type":"WebPage","@id":"https:\/\/eldigitaldeasturias.com\/radio\/la-bbc-ataca-la-violencia-de-bukele-y-nuevas-ideas\/#webpage","url":"https:\/\/eldigitaldeasturias.com\/radio\/la-bbc-ataca-la-violencia-de-bukele-y-nuevas-ideas\/","name":"La BBC ataca la violencia de Bukele y Nuevas Ideas | El Digital de Asturias","description":"El tiroteo, acaecido, en El Salvador, a principios de febrero ha conmocionado a todo el pa\u00eds. La BBC explica, en su art\u00edculo, las claves para entender el sentimiento del pueblo salvadore\u00f1o. El ataque a miembros del FMLN Dos personas fallecieron y otras cinco resultaron heridas, despu\u00e9s de que varios hombres abrieran fuego contra una caravana","inLanguage":"es-ES","isPartOf":{"@id":"https:\/\/eldigitaldeasturias.com\/radio\/#website"},"breadcrumb":{"@id":"https:\/\/eldigitaldeasturias.com\/radio\/la-bbc-ataca-la-violencia-de-bukele-y-nuevas-ideas\/#breadcrumblist"},"author":{"@id":"https:\/\/eldigitaldeasturias.com\/radio\/author\/nbasturias\/#author"},"creator":{"@id":"https:\/\/eldigitaldeasturias.com\/radio\/author\/nbasturias\/#author"},"image":{"@type":"ImageObject","url":"https:\/\/eldigitaldeasturias.com\/radio\/wp-content\/uploads\/2021\/02\/noticias-NI.jpg","@id":"https:\/\/eldigitaldeasturias.com\/radio\/la-bbc-ataca-la-violencia-de-bukele-y-nuevas-ideas\/#mainImage","width":685,"height":447},"primaryImageOfPage":{"@id":"https:\/\/eldigitaldeasturias.com\/radio\/la-bbc-ataca-la-violencia-de-bukele-y-nuevas-ideas\/#mainImage"},"datePublished":"2021-02-19T10:29:36+01:00","dateModified":"2021-02-19T10:29:36+01:00"},{"@type":"WebSite","@id":"https:\/\/eldigitaldeasturias.com\/radio\/#website","url":"https:\/\/eldigitaldeasturias.com\/radio\/","name":"El Digital de Asturias","description":"Diario de informaci\u00f3n y noticias","inLanguage":"es-ES","publisher":{"@id":"https:\/\/eldigitaldeasturias.com\/radio\/#organization"}}]},"og:locale":"es_ES","og:site_name":"El Digital de Asturias | Diario de informaci\u00f3n y noticias","og:type":"article","og:title":"La BBC ataca la violencia de Bukele y Nuevas Ideas | El Digital de Asturias","og:description":"El tiroteo, acaecido, en El Salvador, a principios de febrero ha conmocionado a todo el pa\u00eds. La BBC explica, en su art\u00edculo, las claves para entender el sentimiento del pueblo salvadore\u00f1o. El ataque a miembros del FMLN Dos personas fallecieron y otras cinco resultaron heridas, despu\u00e9s de que varios hombres abrieran fuego contra una caravana","og:url":"https:\/\/eldigitaldeasturias.com\/radio\/la-bbc-ataca-la-violencia-de-bukele-y-nuevas-ideas\/","og:image":"https:\/\/eldigitaldeasturias.com\/radio\/wp-content\/uploads\/2021\/02\/noticias-NI.jpg","og:image:secure_url":"https:\/\/eldigitaldeasturias.com\/radio\/wp-content\/uploads\/2021\/02\/noticias-NI.jpg","og:image:width":685,"og:image:height":447,"article:published_time":"2021-02-19T10:29:36+00:00","article:modified_time":"2021-02-19T10:29:36+00:00","twitter:card":"summary_large_image","twitter:site":"@bercodi","twitter:title":"La BBC ataca la violencia de Bukele y Nuevas Ideas | El Digital de Asturias","twitter:description":"El tiroteo, acaecido, en El Salvador, a principios de febrero ha conmocionado a todo el pa\u00eds. La BBC explica, en su art\u00edculo, las claves para entender el sentimiento del pueblo salvadore\u00f1o. El ataque a miembros del FMLN Dos personas fallecieron y otras cinco resultaron heridas, despu\u00e9s de que varios hombres abrieran fuego contra una caravana","twitter:creator":"@bercodi","twitter:image":"https:\/\/eldigitaldeasturias.com\/radio\/wp-content\/uploads\/2021\/02\/noticias-NI.jpg"},"aioseo_meta_data":{"post_id":"5670","title":null,"description":null,"keywords":null,"keyphrases":null,"primary_term":null,"canonical_url":null,"og_title":null,"og_description":null,"og_object_type":"default","og_image_type":"default","og_image_url":null,"og_image_width":null,"og_image_height":null,"og_image_custom_url":null,"og_image_custom_fields":null,"og_video":null,"og_custom_url":null,"og_article_section":null,"og_article_tags":null,"twitter_use_og":false,"twitter_card":"default","twitter_image_type":"default","twitter_image_url":null,"twitter_image_custom_url":null,"twitter_image_custom_fields":null,"twitter_title":null,"twitter_description":null,"schema":{"blockGraphs":[],"customGraphs":[],"default":{"data":{"Article":[],"Course":[],"Dataset":[],"FAQPage":[],"Movie":[],"Person":[],"Product":[],"ProductReview":[],"Car":[],"Recipe":[],"Service":[],"SoftwareApplication":[],"WebPage":[]},"graphName":"","isEnabled":true},"graphs":[],"defaultGraph":"","defaultPostTypeGraph":""},"schema_type":null,"schema_type_options":null,"pillar_content":false,"robots_default":true,"robots_noindex":false,"robots_noarchive":false,"robots_nosnippet":false,"robots_nofollow":false,"robots_noimageindex":false,"robots_noodp":false,"robots_notranslate":false,"robots_max_snippet":null,"robots_max_videopreview":null,"robots_max_imagepreview":"large","priority":null,"frequency":null,"location":null,"local_seo":null,"seo_analyzer_scan_date":"2025-08-28 18:16:32","breadcrumb_settings":null,"limit_modified_date":false,"open_ai":null,"ai":null,"created":"2021-03-25 10:26:10","updated":"2025-08-28 18:16:32"},"aioseo_breadcrumb":"<div class=\"aioseo-breadcrumbs\"><span class=\"aioseo-breadcrumb\">\n\t<a href=\"https:\/\/eldigitaldeasturias.com\/radio\" title=\"Inicio\">Inicio<\/a>\n<\/span><span class=\"aioseo-breadcrumb-separator\">&ndash;<\/span><span class=\"aioseo-breadcrumb\">\n\t<a href=\"https:\/\/eldigitaldeasturias.com\/radio\/category\/noticias\/\" title=\"Noticias\">Noticias<\/a>\n<\/span><span class=\"aioseo-breadcrumb-separator\">&ndash;<\/span><span class=\"aioseo-breadcrumb\">\n\tLa BBC ataca la violencia de Bukele y Nuevas Ideas\n<\/span><\/div>","aioseo_breadcrumb_json":[{"label":"Inicio","link":"https:\/\/eldigitaldeasturias.com\/radio"},{"label":"Noticias","link":"https:\/\/eldigitaldeasturias.com\/radio\/category\/noticias\/"},{"label":"La BBC ataca la violencia de Bukele y Nuevas Ideas","link":"https:\/\/eldigitaldeasturias.com\/radio\/la-bbc-ataca-la-violencia-de-bukele-y-nuevas-ideas\/"}],"_links":{"self":[{"href":"https:\/\/eldigitaldeasturias.com\/radio\/wp-json\/wp\/v2\/posts\/5670","targetHints":{"allow":["GET"]}}],"collection":[{"href":"https:\/\/eldigitaldeasturias.com\/radio\/wp-json\/wp\/v2\/posts"}],"about":[{"href":"https:\/\/eldigitaldeasturias.com\/radio\/wp-json\/wp\/v2\/types\/post"}],"author":[{"embeddable":true,"href":"https:\/\/eldigitaldeasturias.com\/radio\/wp-json\/wp\/v2\/users\/1"}],"replies":[{"embeddable":true,"href":"https:\/\/eldigitaldeasturias.com\/radio\/wp-json\/wp\/v2\/comments?post=5670"}],"version-history":[{"count":0,"href":"https:\/\/eldigitaldeasturias.com\/radio\/wp-json\/wp\/v2\/posts\/5670\/revisions"}],"wp:featuredmedia":[{"embeddable":true,"href":"https:\/\/eldigitaldeasturias.com\/radio\/wp-json\/wp\/v2\/media\/5671"}],"wp:attachment":[{"href":"https:\/\/eldigitaldeasturias.com\/radio\/wp-json\/wp\/v2\/media?parent=5670"}],"wp:term":[{"taxonomy":"category","embeddable":true,"href":"https:\/\/eldigitaldeasturias.com\/radio\/wp-json\/wp\/v2\/categories?post=5670"},{"taxonomy":"post_tag","embeddable":true,"href":"https:\/\/eldigitaldeasturias.com\/radio\/wp-json\/wp\/v2\/tags?post=5670"}],"curies":[{"name":"wp","href":"https:\/\/api.w.org\/{rel}","templated":true}]}}