{"id":5665,"date":"2021-02-16T15:02:48","date_gmt":"2021-02-16T15:02:48","guid":{"rendered":"http:\/\/eldigitaldeasturias.com\/radio\/?p=5665"},"modified":"2021-02-16T15:02:48","modified_gmt":"2021-02-16T15:02:48","slug":"nuevas-medidas-de-la-oms-contra-el-covid-19","status":"publish","type":"post","link":"https:\/\/eldigitaldeasturias.com\/radio\/nuevas-medidas-de-la-oms-contra-el-covid-19\/","title":{"rendered":"Nuevas medidas de la OMS contra el Covid-19"},"content":{"rendered":"<p><img fetchpriority=\"high\" decoding=\"async\" class=\"alignleft size-medium wp-image-5503\" src=\"https:\/\/eldigitaldeasturias.com\/radio\/wp-content\/uploads\/2021\/01\/covid-19-4982910_640-360x240.jpg\" alt=\"\" width=\"360\" height=\"240\" srcset=\"https:\/\/eldigitaldeasturias.com\/radio\/wp-content\/uploads\/2021\/01\/covid-19-4982910_640-360x240.jpg 360w, https:\/\/eldigitaldeasturias.com\/radio\/wp-content\/uploads\/2021\/01\/covid-19-4982910_640.jpg 640w\" sizes=\"(max-width: 360px) 100vw, 360px\" \/>(EP) &#8211; La Organizaci\u00f3n Mundial de la Salud (OMS) ha incluido dos versiones de la vacuna AstraZeneca\/Oxford COVID-19 para uso de emergencia, dando luz verde para que estas vacunas se implementen a nivel mundial a trav\u00e9s del mecanismo COVAX, seg\u00fan ha informado el director general del organismo, Tedros Adhanom Ghebreyesus.<\/p>\n<p>Las vacunas son producidas por AstraZeneca-SKBio (Rep\u00fablica de Corea) y el Serum Institute of India. \u00abLa inclusi\u00f3n en la lista de uso de emergencia permite garantizar la calidad, seguridad y eficacia de las vacunas\u00bb, ha dicho en una rueda de prensa Tedros.<\/p>\n<p>La Lista de uso de emergencia (EUL) de la OMS eval\u00faa la calidad, seguridad y eficacia de las vacunas COVID-19 y es un requisito previo para el suministro de vacunas incluidas en COVAX. Tambi\u00e9n permite a los pa\u00edses acelerar su propia aprobaci\u00f3n regulatoria para importar y administrar vacunas COVID-19.<\/p>\n<p>\u00abLos pa\u00edses que hasta la fecha no tienen acceso a las vacunas finalmente podr\u00e1n comenzar a vacunar a sus trabajadores de la salud y a las poblaciones en riesgo, contribuyendo al objetivo del Centro COVAX de una distribuci\u00f3n equitativa de vacunas\u00bb, ha dicho la subdirectora general de Acceso a los Medicamentos de la OMS y productos sanitarios, Mari\u00e2ngela Sim\u00e3o.<\/p>\n<p>El proceso de EUL de la OMS se puede llevar a cabo r\u00e1pidamente cuando los desarrolladores de vacunas env\u00edan los datos completos requeridos por la OMS de manera oportuna. Una vez que se env\u00edan esos datos, la OMS puede reunir r\u00e1pidamente su equipo de evaluaci\u00f3n y reguladores de todo el mundo para evaluar la informaci\u00f3n y, cuando sea necesario, realizar inspecciones de los sitios de fabricaci\u00f3n.<\/p>\n<p>En el caso de las dos vacunas AstraZeneca\/Oxford, la OMS evalu\u00f3 los datos de calidad, seguridad y eficacia, los planes de gesti\u00f3n de riesgos y la idoneidad program\u00e1tica, como los requisitos de la cadena de fr\u00edo. El proceso tom\u00f3 menos de cuatro semanas.<\/p>\n<p>La vacuna fue revisada el 8 de febrero por el Grupo Asesor Estrat\u00e9gico de Expertos en Inmunizaci\u00f3n (SAGE) de la OMS, que hace recomendaciones para el uso de vacunas en las poblaciones y que recomend\u00f3 la vacuna a partir de los 18 a\u00f1os.<\/p>\n<p>Se trata de una vacuna vectorizada viral llamada ChAdOx1-S recombinante. Se produce en varios sitios de fabricaci\u00f3n, as\u00ed como en la Rep\u00fablica de Corea y la India. Se ha descubierto que ChAdOx1-S tiene una eficacia del 63,09 por ciento y que es adecuada para pa\u00edses de ingresos bajos y medios debido a los requisitos de almacenamiento f\u00e1ciles.<\/p>\n<p>\u00abHay que seguir aumentando la producci\u00f3n de las vacunas. Garantizar el suministro equitativo y r\u00e1pido es indispensable para salvar vidas y estabilizar las econom\u00edas\u00bb, ha zanjado Tedros.<\/p>\n","protected":false},"excerpt":{"rendered":"<p>(EP) &#8211; La Organizaci\u00f3n Mundial de la Salud (OMS) ha incluido dos versiones de la vacuna AstraZeneca\/Oxford COVID-19 para uso de emergencia, dando luz verde para que estas vacunas se implementen a nivel mundial a trav\u00e9s del mecanismo COVAX, seg\u00fan ha informado el director general del organismo, Tedros Adhanom Ghebreyesus. Las vacunas son producidas por<\/p>\n","protected":false},"author":1,"featured_media":5503,"comment_status":"closed","ping_status":"closed","sticky":false,"template":"","format":"standard","meta":{"footnotes":""},"categories":[1],"tags":[],"class_list":{"0":"post-5665","1":"post","2":"type-post","3":"status-publish","4":"format-standard","5":"has-post-thumbnail","7":"category-noticias"},"aioseo_notices":[],"aioseo_head":"\n\t\t<!-- All in One SEO Pro 4.9.6.2 - aioseo.com -->\n\t<meta name=\"description\" content=\"(EP) - La Organizaci\u00f3n Mundial de la Salud (OMS) ha incluido dos versiones de la vacuna AstraZeneca\/Oxford COVID-19 para uso de emergencia, dando luz verde para que estas vacunas se implementen a nivel mundial a trav\u00e9s del mecanismo COVAX, seg\u00fan ha informado el director general del organismo, Tedros Adhanom Ghebreyesus. Las vacunas son producidas por\" \/>\n\t<meta name=\"robots\" content=\"max-image-preview:large\" \/>\n\t<meta name=\"author\" content=\"NBAsturias\"\/>\n\t<meta name=\"google-site-verification\" content=\"UA-38556648-1\" \/>\n\t<meta name=\"keywords\" content=\"noticias\" \/>\n\t<link rel=\"canonical\" href=\"https:\/\/eldigitaldeasturias.com\/radio\/nuevas-medidas-de-la-oms-contra-el-covid-19\/\" \/>\n\t<meta name=\"generator\" content=\"All in One SEO Pro (AIOSEO) 4.9.6.2\" \/>\n\t\t<meta property=\"og:locale\" content=\"es_ES\" \/>\n\t\t<meta property=\"og:site_name\" content=\"El Digital de Asturias | Diario de informaci\u00f3n y noticias\" \/>\n\t\t<meta property=\"og:type\" content=\"article\" \/>\n\t\t<meta property=\"og:title\" content=\"Nuevas medidas de la OMS contra el Covid-19 | El Digital de Asturias\" \/>\n\t\t<meta property=\"og:description\" content=\"(EP) - La Organizaci\u00f3n Mundial de la Salud (OMS) ha incluido dos versiones de la vacuna AstraZeneca\/Oxford COVID-19 para uso de emergencia, dando luz verde para que estas vacunas se implementen a nivel mundial a trav\u00e9s del mecanismo COVAX, seg\u00fan ha informado el director general del organismo, Tedros Adhanom Ghebreyesus. Las vacunas son producidas por\" \/>\n\t\t<meta property=\"og:url\" content=\"https:\/\/eldigitaldeasturias.com\/radio\/nuevas-medidas-de-la-oms-contra-el-covid-19\/\" \/>\n\t\t<meta property=\"og:image\" content=\"https:\/\/eldigitaldeasturias.com\/radio\/wp-content\/uploads\/2021\/01\/covid-19-4982910_640.jpg\" \/>\n\t\t<meta property=\"og:image:secure_url\" content=\"https:\/\/eldigitaldeasturias.com\/radio\/wp-content\/uploads\/2021\/01\/covid-19-4982910_640.jpg\" \/>\n\t\t<meta property=\"og:image:width\" content=\"640\" \/>\n\t\t<meta property=\"og:image:height\" content=\"427\" \/>\n\t\t<meta property=\"article:published_time\" content=\"2021-02-16T15:02:48+00:00\" \/>\n\t\t<meta property=\"article:modified_time\" content=\"2021-02-16T15:02:48+00:00\" \/>\n\t\t<meta name=\"twitter:card\" content=\"summary_large_image\" \/>\n\t\t<meta name=\"twitter:site\" content=\"@bercodi\" \/>\n\t\t<meta name=\"twitter:title\" content=\"Nuevas medidas de la OMS contra el Covid-19 | El Digital de Asturias\" \/>\n\t\t<meta name=\"twitter:description\" content=\"(EP) - La Organizaci\u00f3n Mundial de la Salud (OMS) ha incluido dos versiones de la vacuna AstraZeneca\/Oxford COVID-19 para uso de emergencia, dando luz verde para que estas vacunas se implementen a nivel mundial a trav\u00e9s del mecanismo COVAX, seg\u00fan ha informado el director general del organismo, Tedros Adhanom Ghebreyesus. Las vacunas son producidas por\" \/>\n\t\t<meta name=\"twitter:creator\" content=\"@bercodi\" \/>\n\t\t<meta name=\"twitter:image\" content=\"https:\/\/eldigitaldeasturias.com\/radio\/wp-content\/uploads\/2021\/01\/covid-19-4982910_640.jpg\" \/>\n\t\t<script type=\"application\/ld+json\" class=\"aioseo-schema\">\n\t\t\t{\"@context\":\"https:\\\/\\\/schema.org\",\"@graph\":[{\"@type\":\"BreadcrumbList\",\"@id\":\"https:\\\/\\\/eldigitaldeasturias.com\\\/radio\\\/nuevas-medidas-de-la-oms-contra-el-covid-19\\\/#breadcrumblist\",\"itemListElement\":[{\"@type\":\"ListItem\",\"@id\":\"https:\\\/\\\/eldigitaldeasturias.com\\\/radio#listItem\",\"position\":1,\"name\":\"Inicio\",\"item\":\"https:\\\/\\\/eldigitaldeasturias.com\\\/radio\",\"nextItem\":{\"@type\":\"ListItem\",\"@id\":\"https:\\\/\\\/eldigitaldeasturias.com\\\/radio\\\/category\\\/noticias\\\/#listItem\",\"name\":\"Noticias\"}},{\"@type\":\"ListItem\",\"@id\":\"https:\\\/\\\/eldigitaldeasturias.com\\\/radio\\\/category\\\/noticias\\\/#listItem\",\"position\":2,\"name\":\"Noticias\",\"item\":\"https:\\\/\\\/eldigitaldeasturias.com\\\/radio\\\/category\\\/noticias\\\/\",\"nextItem\":{\"@type\":\"ListItem\",\"@id\":\"https:\\\/\\\/eldigitaldeasturias.com\\\/radio\\\/nuevas-medidas-de-la-oms-contra-el-covid-19\\\/#listItem\",\"name\":\"Nuevas medidas de la OMS contra el Covid-19\"},\"previousItem\":{\"@type\":\"ListItem\",\"@id\":\"https:\\\/\\\/eldigitaldeasturias.com\\\/radio#listItem\",\"name\":\"Inicio\"}},{\"@type\":\"ListItem\",\"@id\":\"https:\\\/\\\/eldigitaldeasturias.com\\\/radio\\\/nuevas-medidas-de-la-oms-contra-el-covid-19\\\/#listItem\",\"position\":3,\"name\":\"Nuevas medidas de la OMS contra el Covid-19\",\"previousItem\":{\"@type\":\"ListItem\",\"@id\":\"https:\\\/\\\/eldigitaldeasturias.com\\\/radio\\\/category\\\/noticias\\\/#listItem\",\"name\":\"Noticias\"}}]},{\"@type\":\"NewsArticle\",\"@id\":\"https:\\\/\\\/eldigitaldeasturias.com\\\/radio\\\/nuevas-medidas-de-la-oms-contra-el-covid-19\\\/#newsarticle\",\"name\":\"Nuevas medidas de la OMS contra el Covid-19 | El Digital de Asturias\",\"headline\":\"Nuevas medidas de la OMS contra el Covid-19\",\"author\":{\"@id\":\"https:\\\/\\\/eldigitaldeasturias.com\\\/radio\\\/author\\\/nbasturias\\\/#author\"},\"publisher\":{\"@id\":\"https:\\\/\\\/eldigitaldeasturias.com\\\/radio\\\/#organization\"},\"image\":{\"@type\":\"ImageObject\",\"url\":\"https:\\\/\\\/eldigitaldeasturias.com\\\/radio\\\/wp-content\\\/uploads\\\/2021\\\/01\\\/covid-19-4982910_640.jpg\",\"width\":640,\"height\":427,\"caption\":\"covid-19\"},\"datePublished\":\"2021-02-16T15:02:48+01:00\",\"dateModified\":\"2021-02-16T15:02:48+01:00\",\"inLanguage\":\"es-ES\",\"mainEntityOfPage\":{\"@id\":\"https:\\\/\\\/eldigitaldeasturias.com\\\/radio\\\/nuevas-medidas-de-la-oms-contra-el-covid-19\\\/#webpage\"},\"isPartOf\":{\"@id\":\"https:\\\/\\\/eldigitaldeasturias.com\\\/radio\\\/nuevas-medidas-de-la-oms-contra-el-covid-19\\\/#webpage\"},\"articleSection\":\"Noticias\",\"dateline\":\"Publicado el febrero 16, 2021.\"},{\"@type\":\"Organization\",\"@id\":\"https:\\\/\\\/eldigitaldeasturias.com\\\/radio\\\/#organization\",\"name\":\"El digital de Asturias Radio\",\"description\":\"Diario de informaci\\u00f3n y noticias\",\"url\":\"https:\\\/\\\/eldigitaldeasturias.com\\\/radio\\\/\",\"telephone\":\"+34652131393\",\"logo\":{\"@type\":\"ImageObject\",\"url\":\"https:\\\/\\\/www.eldigitaldeasturias.com\\\/radio\\\/wp-content\\\/uploads\\\/2021\\\/03\\\/EDA.jpg\",\"@id\":\"https:\\\/\\\/eldigitaldeasturias.com\\\/radio\\\/nuevas-medidas-de-la-oms-contra-el-covid-19\\\/#organizationLogo\"},\"image\":{\"@id\":\"https:\\\/\\\/eldigitaldeasturias.com\\\/radio\\\/nuevas-medidas-de-la-oms-contra-el-covid-19\\\/#organizationLogo\"},\"sameAs\":[\"https:\\\/\\\/www.facebook.com\\\/\",\"https:\\\/\\\/x.com\\\/bercodi\",\"https:\\\/\\\/www.instagram.com\\\/\",\"https:\\\/\\\/www.youtube.com\\\/channel\\\/UCZP-2wLEB9Rv6erhFmqVnvg\"]},{\"@type\":\"Person\",\"@id\":\"https:\\\/\\\/eldigitaldeasturias.com\\\/radio\\\/author\\\/nbasturias\\\/#author\",\"url\":\"https:\\\/\\\/eldigitaldeasturias.com\\\/radio\\\/author\\\/nbasturias\\\/\",\"name\":\"NBAsturias\",\"image\":{\"@type\":\"ImageObject\",\"@id\":\"https:\\\/\\\/eldigitaldeasturias.com\\\/radio\\\/nuevas-medidas-de-la-oms-contra-el-covid-19\\\/#authorImage\",\"url\":\"https:\\\/\\\/secure.gravatar.com\\\/avatar\\\/df2aeffc32bcd13f8d26072ef8a91b623d677766deac7f97ca815868cd41bf5e?s=96&d=mm&r=g\",\"width\":96,\"height\":96,\"caption\":\"NBAsturias\"}},{\"@type\":\"WebPage\",\"@id\":\"https:\\\/\\\/eldigitaldeasturias.com\\\/radio\\\/nuevas-medidas-de-la-oms-contra-el-covid-19\\\/#webpage\",\"url\":\"https:\\\/\\\/eldigitaldeasturias.com\\\/radio\\\/nuevas-medidas-de-la-oms-contra-el-covid-19\\\/\",\"name\":\"Nuevas medidas de la OMS contra el Covid-19 | El Digital de Asturias\",\"description\":\"(EP) - La Organizaci\\u00f3n Mundial de la Salud (OMS) ha incluido dos versiones de la vacuna AstraZeneca\\\/Oxford COVID-19 para uso de emergencia, dando luz verde para que estas vacunas se implementen a nivel mundial a trav\\u00e9s del mecanismo COVAX, seg\\u00fan ha informado el director general del organismo, Tedros Adhanom Ghebreyesus. Las vacunas son producidas por\",\"inLanguage\":\"es-ES\",\"isPartOf\":{\"@id\":\"https:\\\/\\\/eldigitaldeasturias.com\\\/radio\\\/#website\"},\"breadcrumb\":{\"@id\":\"https:\\\/\\\/eldigitaldeasturias.com\\\/radio\\\/nuevas-medidas-de-la-oms-contra-el-covid-19\\\/#breadcrumblist\"},\"author\":{\"@id\":\"https:\\\/\\\/eldigitaldeasturias.com\\\/radio\\\/author\\\/nbasturias\\\/#author\"},\"creator\":{\"@id\":\"https:\\\/\\\/eldigitaldeasturias.com\\\/radio\\\/author\\\/nbasturias\\\/#author\"},\"image\":{\"@type\":\"ImageObject\",\"url\":\"https:\\\/\\\/eldigitaldeasturias.com\\\/radio\\\/wp-content\\\/uploads\\\/2021\\\/01\\\/covid-19-4982910_640.jpg\",\"@id\":\"https:\\\/\\\/eldigitaldeasturias.com\\\/radio\\\/nuevas-medidas-de-la-oms-contra-el-covid-19\\\/#mainImage\",\"width\":640,\"height\":427,\"caption\":\"covid-19\"},\"primaryImageOfPage\":{\"@id\":\"https:\\\/\\\/eldigitaldeasturias.com\\\/radio\\\/nuevas-medidas-de-la-oms-contra-el-covid-19\\\/#mainImage\"},\"datePublished\":\"2021-02-16T15:02:48+01:00\",\"dateModified\":\"2021-02-16T15:02:48+01:00\"},{\"@type\":\"WebSite\",\"@id\":\"https:\\\/\\\/eldigitaldeasturias.com\\\/radio\\\/#website\",\"url\":\"https:\\\/\\\/eldigitaldeasturias.com\\\/radio\\\/\",\"name\":\"El Digital de Asturias\",\"description\":\"Diario de informaci\\u00f3n y noticias\",\"inLanguage\":\"es-ES\",\"publisher\":{\"@id\":\"https:\\\/\\\/eldigitaldeasturias.com\\\/radio\\\/#organization\"}}]}\n\t\t<\/script>\n\t\t<!-- All in One SEO Pro -->\r\n\t\t<title>Nuevas medidas de la OMS contra el Covid-19 | El Digital de Asturias<\/title>\n\n","aioseo_head_json":{"title":"Nuevas medidas de la OMS contra el Covid-19 | El Digital de Asturias","description":"(EP) - La Organizaci\u00f3n Mundial de la Salud (OMS) ha incluido dos versiones de la vacuna AstraZeneca\/Oxford COVID-19 para uso de emergencia, dando luz verde para que estas vacunas se implementen a nivel mundial a trav\u00e9s del mecanismo COVAX, seg\u00fan ha informado el director general del organismo, Tedros Adhanom Ghebreyesus. Las vacunas son producidas por","canonical_url":"https:\/\/eldigitaldeasturias.com\/radio\/nuevas-medidas-de-la-oms-contra-el-covid-19\/","robots":"max-image-preview:large","keywords":"noticias","webmasterTools":{"google-site-verification":"UA-38556648-1","miscellaneous":""},"schema":{"@context":"https:\/\/schema.org","@graph":[{"@type":"BreadcrumbList","@id":"https:\/\/eldigitaldeasturias.com\/radio\/nuevas-medidas-de-la-oms-contra-el-covid-19\/#breadcrumblist","itemListElement":[{"@type":"ListItem","@id":"https:\/\/eldigitaldeasturias.com\/radio#listItem","position":1,"name":"Inicio","item":"https:\/\/eldigitaldeasturias.com\/radio","nextItem":{"@type":"ListItem","@id":"https:\/\/eldigitaldeasturias.com\/radio\/category\/noticias\/#listItem","name":"Noticias"}},{"@type":"ListItem","@id":"https:\/\/eldigitaldeasturias.com\/radio\/category\/noticias\/#listItem","position":2,"name":"Noticias","item":"https:\/\/eldigitaldeasturias.com\/radio\/category\/noticias\/","nextItem":{"@type":"ListItem","@id":"https:\/\/eldigitaldeasturias.com\/radio\/nuevas-medidas-de-la-oms-contra-el-covid-19\/#listItem","name":"Nuevas medidas de la OMS contra el Covid-19"},"previousItem":{"@type":"ListItem","@id":"https:\/\/eldigitaldeasturias.com\/radio#listItem","name":"Inicio"}},{"@type":"ListItem","@id":"https:\/\/eldigitaldeasturias.com\/radio\/nuevas-medidas-de-la-oms-contra-el-covid-19\/#listItem","position":3,"name":"Nuevas medidas de la OMS contra el Covid-19","previousItem":{"@type":"ListItem","@id":"https:\/\/eldigitaldeasturias.com\/radio\/category\/noticias\/#listItem","name":"Noticias"}}]},{"@type":"NewsArticle","@id":"https:\/\/eldigitaldeasturias.com\/radio\/nuevas-medidas-de-la-oms-contra-el-covid-19\/#newsarticle","name":"Nuevas medidas de la OMS contra el Covid-19 | El Digital de Asturias","headline":"Nuevas medidas de la OMS contra el Covid-19","author":{"@id":"https:\/\/eldigitaldeasturias.com\/radio\/author\/nbasturias\/#author"},"publisher":{"@id":"https:\/\/eldigitaldeasturias.com\/radio\/#organization"},"image":{"@type":"ImageObject","url":"https:\/\/eldigitaldeasturias.com\/radio\/wp-content\/uploads\/2021\/01\/covid-19-4982910_640.jpg","width":640,"height":427,"caption":"covid-19"},"datePublished":"2021-02-16T15:02:48+01:00","dateModified":"2021-02-16T15:02:48+01:00","inLanguage":"es-ES","mainEntityOfPage":{"@id":"https:\/\/eldigitaldeasturias.com\/radio\/nuevas-medidas-de-la-oms-contra-el-covid-19\/#webpage"},"isPartOf":{"@id":"https:\/\/eldigitaldeasturias.com\/radio\/nuevas-medidas-de-la-oms-contra-el-covid-19\/#webpage"},"articleSection":"Noticias","dateline":"Publicado el febrero 16, 2021."},{"@type":"Organization","@id":"https:\/\/eldigitaldeasturias.com\/radio\/#organization","name":"El digital de Asturias Radio","description":"Diario de informaci\u00f3n y noticias","url":"https:\/\/eldigitaldeasturias.com\/radio\/","telephone":"+34652131393","logo":{"@type":"ImageObject","url":"https:\/\/www.eldigitaldeasturias.com\/radio\/wp-content\/uploads\/2021\/03\/EDA.jpg","@id":"https:\/\/eldigitaldeasturias.com\/radio\/nuevas-medidas-de-la-oms-contra-el-covid-19\/#organizationLogo"},"image":{"@id":"https:\/\/eldigitaldeasturias.com\/radio\/nuevas-medidas-de-la-oms-contra-el-covid-19\/#organizationLogo"},"sameAs":["https:\/\/www.facebook.com\/","https:\/\/x.com\/bercodi","https:\/\/www.instagram.com\/","https:\/\/www.youtube.com\/channel\/UCZP-2wLEB9Rv6erhFmqVnvg"]},{"@type":"Person","@id":"https:\/\/eldigitaldeasturias.com\/radio\/author\/nbasturias\/#author","url":"https:\/\/eldigitaldeasturias.com\/radio\/author\/nbasturias\/","name":"NBAsturias","image":{"@type":"ImageObject","@id":"https:\/\/eldigitaldeasturias.com\/radio\/nuevas-medidas-de-la-oms-contra-el-covid-19\/#authorImage","url":"https:\/\/secure.gravatar.com\/avatar\/df2aeffc32bcd13f8d26072ef8a91b623d677766deac7f97ca815868cd41bf5e?s=96&d=mm&r=g","width":96,"height":96,"caption":"NBAsturias"}},{"@type":"WebPage","@id":"https:\/\/eldigitaldeasturias.com\/radio\/nuevas-medidas-de-la-oms-contra-el-covid-19\/#webpage","url":"https:\/\/eldigitaldeasturias.com\/radio\/nuevas-medidas-de-la-oms-contra-el-covid-19\/","name":"Nuevas medidas de la OMS contra el Covid-19 | El Digital de Asturias","description":"(EP) - La Organizaci\u00f3n Mundial de la Salud (OMS) ha incluido dos versiones de la vacuna AstraZeneca\/Oxford COVID-19 para uso de emergencia, dando luz verde para que estas vacunas se implementen a nivel mundial a trav\u00e9s del mecanismo COVAX, seg\u00fan ha informado el director general del organismo, Tedros Adhanom Ghebreyesus. Las vacunas son producidas por","inLanguage":"es-ES","isPartOf":{"@id":"https:\/\/eldigitaldeasturias.com\/radio\/#website"},"breadcrumb":{"@id":"https:\/\/eldigitaldeasturias.com\/radio\/nuevas-medidas-de-la-oms-contra-el-covid-19\/#breadcrumblist"},"author":{"@id":"https:\/\/eldigitaldeasturias.com\/radio\/author\/nbasturias\/#author"},"creator":{"@id":"https:\/\/eldigitaldeasturias.com\/radio\/author\/nbasturias\/#author"},"image":{"@type":"ImageObject","url":"https:\/\/eldigitaldeasturias.com\/radio\/wp-content\/uploads\/2021\/01\/covid-19-4982910_640.jpg","@id":"https:\/\/eldigitaldeasturias.com\/radio\/nuevas-medidas-de-la-oms-contra-el-covid-19\/#mainImage","width":640,"height":427,"caption":"covid-19"},"primaryImageOfPage":{"@id":"https:\/\/eldigitaldeasturias.com\/radio\/nuevas-medidas-de-la-oms-contra-el-covid-19\/#mainImage"},"datePublished":"2021-02-16T15:02:48+01:00","dateModified":"2021-02-16T15:02:48+01:00"},{"@type":"WebSite","@id":"https:\/\/eldigitaldeasturias.com\/radio\/#website","url":"https:\/\/eldigitaldeasturias.com\/radio\/","name":"El Digital de Asturias","description":"Diario de informaci\u00f3n y noticias","inLanguage":"es-ES","publisher":{"@id":"https:\/\/eldigitaldeasturias.com\/radio\/#organization"}}]},"og:locale":"es_ES","og:site_name":"El Digital de Asturias | Diario de informaci\u00f3n y noticias","og:type":"article","og:title":"Nuevas medidas de la OMS contra el Covid-19 | El Digital de Asturias","og:description":"(EP) - La Organizaci\u00f3n Mundial de la Salud (OMS) ha incluido dos versiones de la vacuna AstraZeneca\/Oxford COVID-19 para uso de emergencia, dando luz verde para que estas vacunas se implementen a nivel mundial a trav\u00e9s del mecanismo COVAX, seg\u00fan ha informado el director general del organismo, Tedros Adhanom Ghebreyesus. Las vacunas son producidas por","og:url":"https:\/\/eldigitaldeasturias.com\/radio\/nuevas-medidas-de-la-oms-contra-el-covid-19\/","og:image":"https:\/\/eldigitaldeasturias.com\/radio\/wp-content\/uploads\/2021\/01\/covid-19-4982910_640.jpg","og:image:secure_url":"https:\/\/eldigitaldeasturias.com\/radio\/wp-content\/uploads\/2021\/01\/covid-19-4982910_640.jpg","og:image:width":640,"og:image:height":427,"article:published_time":"2021-02-16T15:02:48+00:00","article:modified_time":"2021-02-16T15:02:48+00:00","twitter:card":"summary_large_image","twitter:site":"@bercodi","twitter:title":"Nuevas medidas de la OMS contra el Covid-19 | El Digital de Asturias","twitter:description":"(EP) - La Organizaci\u00f3n Mundial de la Salud (OMS) ha incluido dos versiones de la vacuna AstraZeneca\/Oxford COVID-19 para uso de emergencia, dando luz verde para que estas vacunas se implementen a nivel mundial a trav\u00e9s del mecanismo COVAX, seg\u00fan ha informado el director general del organismo, Tedros Adhanom Ghebreyesus. Las vacunas son producidas por","twitter:creator":"@bercodi","twitter:image":"https:\/\/eldigitaldeasturias.com\/radio\/wp-content\/uploads\/2021\/01\/covid-19-4982910_640.jpg"},"aioseo_meta_data":{"post_id":"5665","title":null,"description":null,"keywords":null,"keyphrases":null,"primary_term":null,"canonical_url":null,"og_title":null,"og_description":null,"og_object_type":"default","og_image_type":"default","og_image_url":null,"og_image_width":null,"og_image_height":null,"og_image_custom_url":null,"og_image_custom_fields":null,"og_video":null,"og_custom_url":null,"og_article_section":null,"og_article_tags":null,"twitter_use_og":false,"twitter_card":"default","twitter_image_type":"default","twitter_image_url":null,"twitter_image_custom_url":null,"twitter_image_custom_fields":null,"twitter_title":null,"twitter_description":null,"schema":{"blockGraphs":[],"customGraphs":[],"default":{"data":{"Article":[],"Course":[],"Dataset":[],"FAQPage":[],"Movie":[],"Person":[],"Product":[],"ProductReview":[],"Car":[],"Recipe":[],"Service":[],"SoftwareApplication":[],"WebPage":[]},"graphName":"","isEnabled":true},"graphs":[],"defaultGraph":"","defaultPostTypeGraph":""},"schema_type":null,"schema_type_options":null,"pillar_content":false,"robots_default":true,"robots_noindex":false,"robots_noarchive":false,"robots_nosnippet":false,"robots_nofollow":false,"robots_noimageindex":false,"robots_noodp":false,"robots_notranslate":false,"robots_max_snippet":null,"robots_max_videopreview":null,"robots_max_imagepreview":"large","priority":null,"frequency":null,"location":null,"local_seo":null,"seo_analyzer_scan_date":"2025-08-28 18:14:32","breadcrumb_settings":null,"limit_modified_date":false,"open_ai":null,"ai":null,"created":"2021-03-25 10:26:10","updated":"2025-08-28 18:14:32"},"aioseo_breadcrumb":"<div class=\"aioseo-breadcrumbs\"><span class=\"aioseo-breadcrumb\">\n\t<a href=\"https:\/\/eldigitaldeasturias.com\/radio\" title=\"Inicio\">Inicio<\/a>\n<\/span><span class=\"aioseo-breadcrumb-separator\">&ndash;<\/span><span class=\"aioseo-breadcrumb\">\n\t<a href=\"https:\/\/eldigitaldeasturias.com\/radio\/category\/noticias\/\" title=\"Noticias\">Noticias<\/a>\n<\/span><span class=\"aioseo-breadcrumb-separator\">&ndash;<\/span><span class=\"aioseo-breadcrumb\">\n\tNuevas medidas de la OMS contra el Covid-19\n<\/span><\/div>","aioseo_breadcrumb_json":[{"label":"Inicio","link":"https:\/\/eldigitaldeasturias.com\/radio"},{"label":"Noticias","link":"https:\/\/eldigitaldeasturias.com\/radio\/category\/noticias\/"},{"label":"Nuevas medidas de la OMS contra el Covid-19","link":"https:\/\/eldigitaldeasturias.com\/radio\/nuevas-medidas-de-la-oms-contra-el-covid-19\/"}],"_links":{"self":[{"href":"https:\/\/eldigitaldeasturias.com\/radio\/wp-json\/wp\/v2\/posts\/5665","targetHints":{"allow":["GET"]}}],"collection":[{"href":"https:\/\/eldigitaldeasturias.com\/radio\/wp-json\/wp\/v2\/posts"}],"about":[{"href":"https:\/\/eldigitaldeasturias.com\/radio\/wp-json\/wp\/v2\/types\/post"}],"author":[{"embeddable":true,"href":"https:\/\/eldigitaldeasturias.com\/radio\/wp-json\/wp\/v2\/users\/1"}],"replies":[{"embeddable":true,"href":"https:\/\/eldigitaldeasturias.com\/radio\/wp-json\/wp\/v2\/comments?post=5665"}],"version-history":[{"count":0,"href":"https:\/\/eldigitaldeasturias.com\/radio\/wp-json\/wp\/v2\/posts\/5665\/revisions"}],"wp:featuredmedia":[{"embeddable":true,"href":"https:\/\/eldigitaldeasturias.com\/radio\/wp-json\/wp\/v2\/media\/5503"}],"wp:attachment":[{"href":"https:\/\/eldigitaldeasturias.com\/radio\/wp-json\/wp\/v2\/media?parent=5665"}],"wp:term":[{"taxonomy":"category","embeddable":true,"href":"https:\/\/eldigitaldeasturias.com\/radio\/wp-json\/wp\/v2\/categories?post=5665"},{"taxonomy":"post_tag","embeddable":true,"href":"https:\/\/eldigitaldeasturias.com\/radio\/wp-json\/wp\/v2\/tags?post=5665"}],"curies":[{"name":"wp","href":"https:\/\/api.w.org\/{rel}","templated":true}]}}