{"id":5662,"date":"2021-02-16T14:58:38","date_gmt":"2021-02-16T14:58:38","guid":{"rendered":"http:\/\/eldigitaldeasturias.com\/radio\/?p=5662"},"modified":"2021-02-16T14:58:38","modified_gmt":"2021-02-16T14:58:38","slug":"division-entre-los-aliados-de-bolsonaro","status":"publish","type":"post","link":"https:\/\/eldigitaldeasturias.com\/radio\/division-entre-los-aliados-de-bolsonaro\/","title":{"rendered":"Divisi\u00f3n entre los aliados de Bolsonaro"},"content":{"rendered":"<figure id=\"attachment_5663\" aria-describedby=\"caption-attachment-5663\" style=\"width: 360px\" class=\"wp-caption alignleft\"><img fetchpriority=\"high\" decoding=\"async\" class=\"size-medium wp-image-5663\" src=\"https:\/\/eldigitaldeasturias.com\/radio\/wp-content\/uploads\/2021\/02\/Bolsonaro-360x241.jpg\" alt=\"Bolsonaro\" width=\"360\" height=\"241\" srcset=\"https:\/\/eldigitaldeasturias.com\/radio\/wp-content\/uploads\/2021\/02\/Bolsonaro-360x241.jpg 360w, https:\/\/eldigitaldeasturias.com\/radio\/wp-content\/uploads\/2021\/02\/Bolsonaro-768x515.jpg 768w, https:\/\/eldigitaldeasturias.com\/radio\/wp-content\/uploads\/2021\/02\/Bolsonaro.jpg 990w\" sizes=\"(max-width: 360px) 100vw, 360px\" \/><figcaption id=\"caption-attachment-5663\" class=\"wp-caption-text\">FOTO: EDILSON DANTAS \/ AGENCIA O GLOBO \/ Europa Press<\/figcaption><\/figure>\n<p>(EP) &#8211; El primer vicepresidente de la C\u00e1mara de Diputados, Marcelo Ramos, aliado del presidente de Brasil, Jair Bolsonaro, ha alertado de que el jefe del Estado estar\u00eda incurriendo en una invasi\u00f3n de sus competencias en su intento por ampliar y flexibilizar la ley de posesi\u00f3n de armas, una de sus grandes promesas durante las presidenciales de 2018.<\/p>\n<p>\u00abM\u00e1s grave que el contenido de los decretos relacionados con las armas redactados por el presidente es el hecho de que \u00e9l se ha extralimitado en sus funciones\u00bb, ha criticado Ramos, quien insististe en que legislar es una \u00abcompetencia exclusiva\u00bb del Legislativo.<\/p>\n<p>La opini\u00f3n de Ramos ha encontrado amplia acogida en la oposici\u00f3n a Bolsonaro dentro de Diputados, como la del l\u00edder del Partido Socialdem\u00f3crata Brasile\u00f1o (PSDB) en la C\u00e1mara, Rodrigo de Castro, quien ha cuestionado la \u00faltima ofensiva del jefe del Estado brasile\u00f1o en este sentido, recuerda &#8216;Folha de Sao Paulo&#8217;.<\/p>\n<p>\u00abEnfrentarse a la pandemia, avanzar en la vacunaci\u00f3n y en la asistencia de los brasile\u00f1os sin renta deben ser las prioridades del pa\u00eds y sobre las cuales debe haber una uni\u00f3n en los esfuerzos y en los compromisos. Las acciones que flexibilizan la ley sobre armas y municiones son inoportunas\u00bb, ha se\u00f1alado.<\/p>\n<p>Por su parte, el diputado del Partido Socialista Brasile\u00f1o (PSB) Alessandro Molon ha anunciado que presentar\u00e1 un recurso ante el Tribunal Supremo para tumbar esta iniciativa y ha criticado que \u00abel mismo d\u00eda en el que se ha conocido el aumento de muertes violentas en Brasil\u00bb, el presidente publica decretos \u00abfacilitando todav\u00eda m\u00e1s el acceso a las armas\u00bb.<\/p>\n<p>\u00abYa tuvimos una decisi\u00f3n del Supremo cuestionando la constitucionalidad de la pol\u00edtica armament\u00edstica del Gobierno y vamos a presentar una nueva petici\u00f3n para tumbar estas nuevas iniciativas\u00bb, ha dicho Molon, para quien Bolsonaro \u00abquiere gobernar por decreto\u00bb.<\/p>\n<p>Sin embargo, el presidente de la C\u00e1mara, Arthur Lira, reconocido aliado de Bolsonaro, ha negado que el jefe del Estado brasile\u00f1o se haya extralimitado en sus funciones, aunque, matiza, algunos puntos como la ampliaci\u00f3n en el n\u00famero de armas \u00abpueden ser corregidos\u00bb.<\/p>\n<p>\u00abNo invadi\u00f3 competencias, no traspas\u00f3 los l\u00edmites ya que, en mi opini\u00f3n, modific\u00f3 los decretos existentes. Es prerrogativa del presidente. Puede haber ido m\u00e1s all\u00e1 en el tema de dos armas por persona, pero eso se puede corregir\u00bb, ha se\u00f1alado, seg\u00fan cuenta la red Globo.<\/p>\n<p>Preguntado acerca de la conveniencia de una medida como esta en tiempos de pandemia, Lira ha expresado que eso \u00abes una cuesti\u00f3n de cada uno\u00bb y que su prioridad \u00abya ha quedado clara que es la vacuna\u00bb.<\/p>\n<p>El presidente Bolsonaro public\u00f3 el pasado viernes, en v\u00edspera de las vacaciones de Carnaval, cuatro nuevo decretos, con la firma tambi\u00e9n de los ministros de Defensa, el general Fernando Azevedo e Silva, y de Justicia, Andr\u00e9 Mendon\u00e7a, en los que promov\u00eda la posesi\u00f3n de hasta seis armas de fuego por ciudadano.<\/p>\n<p>Uno de los decretos extiende el periodo de registro de armas de cinco a diez a\u00f1os y, adem\u00e1s, permite que francotiradores y cazadores adquieran un mayor n\u00famero de unidades de municiones.<\/p>\n<p>En el caso de las autoridades de seguridad se permite la compra de dos armas de uso restringido y se ha eliminado una serie de elementos de los \u00abproductos controlados por el ej\u00e9rcito\u00bb facilit\u00e1ndose la adquisici\u00f3n de estos.<\/p>\n<p>Varios organismos y entidades que act\u00faan en el \u00e1rea de seguridad p\u00fablica han criticado estos textos, apuntando que la nueva legislaci\u00f3n genera obst\u00e1culos para el control, el rastreo y la fiscalizaci\u00f3n armamentos y municiones.<\/p>\n<p>La pol\u00edtica de armas de Bolsonaro ha suscitado un gran pol\u00e9mica en un pa\u00eds con r\u00e9cord de homicidios y es que, desde que lleg\u00f3 al Palacio de Planalto, en enero de 2019, Bolsonaro ha promulgado varias medidas que facilitan el uso y la tenencia de armas, cumpliendo as\u00ed con una de sus principales promesas electorales.<\/p>\n","protected":false},"excerpt":{"rendered":"<p>(EP) &#8211; El primer vicepresidente de la C\u00e1mara de Diputados, Marcelo Ramos, aliado del presidente de Brasil, Jair Bolsonaro, ha alertado de que el jefe del Estado estar\u00eda incurriendo en una invasi\u00f3n de sus competencias en su intento por ampliar y flexibilizar la ley de posesi\u00f3n de armas, una de sus grandes promesas durante las<\/p>\n","protected":false},"author":1,"featured_media":5663,"comment_status":"closed","ping_status":"closed","sticky":false,"template":"","format":"standard","meta":{"footnotes":""},"categories":[1],"tags":[],"class_list":{"0":"post-5662","1":"post","2":"type-post","3":"status-publish","4":"format-standard","5":"has-post-thumbnail","7":"category-noticias"},"aioseo_notices":[],"aioseo_head":"\n\t\t<!-- All in One SEO Pro 4.9.6.2 - aioseo.com -->\n\t<meta name=\"description\" content=\"(EP) - El primer vicepresidente de la C\u00e1mara de Diputados, Marcelo Ramos, aliado del presidente de Brasil, Jair Bolsonaro, ha alertado de que el jefe del Estado estar\u00eda incurriendo en una invasi\u00f3n de sus competencias en su intento por ampliar y flexibilizar la ley de posesi\u00f3n de armas, una de sus grandes promesas durante las\" \/>\n\t<meta name=\"robots\" content=\"max-image-preview:large\" \/>\n\t<meta name=\"author\" content=\"NBAsturias\"\/>\n\t<meta name=\"google-site-verification\" content=\"UA-38556648-1\" \/>\n\t<meta name=\"keywords\" content=\"noticias\" \/>\n\t<link rel=\"canonical\" href=\"https:\/\/eldigitaldeasturias.com\/radio\/division-entre-los-aliados-de-bolsonaro\/\" \/>\n\t<meta name=\"generator\" content=\"All in One SEO Pro (AIOSEO) 4.9.6.2\" \/>\n\t\t<meta property=\"og:locale\" content=\"es_ES\" \/>\n\t\t<meta property=\"og:site_name\" content=\"El Digital de Asturias | Diario de informaci\u00f3n y noticias\" \/>\n\t\t<meta property=\"og:type\" content=\"article\" \/>\n\t\t<meta property=\"og:title\" content=\"Divisi\u00f3n entre los aliados de Bolsonaro | El Digital de Asturias\" \/>\n\t\t<meta property=\"og:description\" content=\"(EP) - El primer vicepresidente de la C\u00e1mara de Diputados, Marcelo Ramos, aliado del presidente de Brasil, Jair Bolsonaro, ha alertado de que el jefe del Estado estar\u00eda incurriendo en una invasi\u00f3n de sus competencias en su intento por ampliar y flexibilizar la ley de posesi\u00f3n de armas, una de sus grandes promesas durante las\" \/>\n\t\t<meta property=\"og:url\" content=\"https:\/\/eldigitaldeasturias.com\/radio\/division-entre-los-aliados-de-bolsonaro\/\" \/>\n\t\t<meta property=\"og:image\" content=\"https:\/\/eldigitaldeasturias.com\/radio\/wp-content\/uploads\/2021\/02\/Bolsonaro.jpg\" \/>\n\t\t<meta property=\"og:image:secure_url\" content=\"https:\/\/eldigitaldeasturias.com\/radio\/wp-content\/uploads\/2021\/02\/Bolsonaro.jpg\" \/>\n\t\t<meta property=\"og:image:width\" content=\"990\" \/>\n\t\t<meta property=\"og:image:height\" content=\"664\" \/>\n\t\t<meta property=\"article:published_time\" content=\"2021-02-16T14:58:38+00:00\" \/>\n\t\t<meta property=\"article:modified_time\" content=\"2021-02-16T14:58:38+00:00\" \/>\n\t\t<meta name=\"twitter:card\" content=\"summary_large_image\" \/>\n\t\t<meta name=\"twitter:site\" content=\"@bercodi\" \/>\n\t\t<meta name=\"twitter:title\" content=\"Divisi\u00f3n entre los aliados de Bolsonaro | El Digital de Asturias\" \/>\n\t\t<meta name=\"twitter:description\" content=\"(EP) - El primer vicepresidente de la C\u00e1mara de Diputados, Marcelo Ramos, aliado del presidente de Brasil, Jair Bolsonaro, ha alertado de que el jefe del Estado estar\u00eda incurriendo en una invasi\u00f3n de sus competencias en su intento por ampliar y flexibilizar la ley de posesi\u00f3n de armas, una de sus grandes promesas durante las\" \/>\n\t\t<meta name=\"twitter:creator\" content=\"@bercodi\" \/>\n\t\t<meta name=\"twitter:image\" content=\"https:\/\/eldigitaldeasturias.com\/radio\/wp-content\/uploads\/2021\/02\/Bolsonaro.jpg\" \/>\n\t\t<script type=\"application\/ld+json\" class=\"aioseo-schema\">\n\t\t\t{\"@context\":\"https:\\\/\\\/schema.org\",\"@graph\":[{\"@type\":\"BreadcrumbList\",\"@id\":\"https:\\\/\\\/eldigitaldeasturias.com\\\/radio\\\/division-entre-los-aliados-de-bolsonaro\\\/#breadcrumblist\",\"itemListElement\":[{\"@type\":\"ListItem\",\"@id\":\"https:\\\/\\\/eldigitaldeasturias.com\\\/radio#listItem\",\"position\":1,\"name\":\"Inicio\",\"item\":\"https:\\\/\\\/eldigitaldeasturias.com\\\/radio\",\"nextItem\":{\"@type\":\"ListItem\",\"@id\":\"https:\\\/\\\/eldigitaldeasturias.com\\\/radio\\\/category\\\/noticias\\\/#listItem\",\"name\":\"Noticias\"}},{\"@type\":\"ListItem\",\"@id\":\"https:\\\/\\\/eldigitaldeasturias.com\\\/radio\\\/category\\\/noticias\\\/#listItem\",\"position\":2,\"name\":\"Noticias\",\"item\":\"https:\\\/\\\/eldigitaldeasturias.com\\\/radio\\\/category\\\/noticias\\\/\",\"nextItem\":{\"@type\":\"ListItem\",\"@id\":\"https:\\\/\\\/eldigitaldeasturias.com\\\/radio\\\/division-entre-los-aliados-de-bolsonaro\\\/#listItem\",\"name\":\"Divisi\\u00f3n entre los aliados de Bolsonaro\"},\"previousItem\":{\"@type\":\"ListItem\",\"@id\":\"https:\\\/\\\/eldigitaldeasturias.com\\\/radio#listItem\",\"name\":\"Inicio\"}},{\"@type\":\"ListItem\",\"@id\":\"https:\\\/\\\/eldigitaldeasturias.com\\\/radio\\\/division-entre-los-aliados-de-bolsonaro\\\/#listItem\",\"position\":3,\"name\":\"Divisi\\u00f3n entre los aliados de Bolsonaro\",\"previousItem\":{\"@type\":\"ListItem\",\"@id\":\"https:\\\/\\\/eldigitaldeasturias.com\\\/radio\\\/category\\\/noticias\\\/#listItem\",\"name\":\"Noticias\"}}]},{\"@type\":\"NewsArticle\",\"@id\":\"https:\\\/\\\/eldigitaldeasturias.com\\\/radio\\\/division-entre-los-aliados-de-bolsonaro\\\/#newsarticle\",\"name\":\"Divisi\\u00f3n entre los aliados de Bolsonaro | El Digital de Asturias\",\"headline\":\"Divisi\\u00f3n entre los aliados de Bolsonaro\",\"author\":{\"@id\":\"https:\\\/\\\/eldigitaldeasturias.com\\\/radio\\\/author\\\/nbasturias\\\/#author\"},\"publisher\":{\"@id\":\"https:\\\/\\\/eldigitaldeasturias.com\\\/radio\\\/#organization\"},\"image\":{\"@type\":\"ImageObject\",\"url\":\"https:\\\/\\\/eldigitaldeasturias.com\\\/radio\\\/wp-content\\\/uploads\\\/2021\\\/02\\\/Bolsonaro.jpg\",\"width\":990,\"height\":664,\"caption\":\"FOTO: EDILSON DANTAS \\\/ AGENCIA O GLOBO \\\/ Europa Press\"},\"datePublished\":\"2021-02-16T14:58:38+01:00\",\"dateModified\":\"2021-02-16T14:58:38+01:00\",\"inLanguage\":\"es-ES\",\"mainEntityOfPage\":{\"@id\":\"https:\\\/\\\/eldigitaldeasturias.com\\\/radio\\\/division-entre-los-aliados-de-bolsonaro\\\/#webpage\"},\"isPartOf\":{\"@id\":\"https:\\\/\\\/eldigitaldeasturias.com\\\/radio\\\/division-entre-los-aliados-de-bolsonaro\\\/#webpage\"},\"articleSection\":\"Noticias\",\"dateline\":\"Publicado el febrero 16, 2021.\"},{\"@type\":\"Organization\",\"@id\":\"https:\\\/\\\/eldigitaldeasturias.com\\\/radio\\\/#organization\",\"name\":\"El digital de Asturias Radio\",\"description\":\"Diario de informaci\\u00f3n y noticias\",\"url\":\"https:\\\/\\\/eldigitaldeasturias.com\\\/radio\\\/\",\"telephone\":\"+34652131393\",\"logo\":{\"@type\":\"ImageObject\",\"url\":\"https:\\\/\\\/www.eldigitaldeasturias.com\\\/radio\\\/wp-content\\\/uploads\\\/2021\\\/03\\\/EDA.jpg\",\"@id\":\"https:\\\/\\\/eldigitaldeasturias.com\\\/radio\\\/division-entre-los-aliados-de-bolsonaro\\\/#organizationLogo\"},\"image\":{\"@id\":\"https:\\\/\\\/eldigitaldeasturias.com\\\/radio\\\/division-entre-los-aliados-de-bolsonaro\\\/#organizationLogo\"},\"sameAs\":[\"https:\\\/\\\/www.facebook.com\\\/\",\"https:\\\/\\\/x.com\\\/bercodi\",\"https:\\\/\\\/www.instagram.com\\\/\",\"https:\\\/\\\/www.youtube.com\\\/channel\\\/UCZP-2wLEB9Rv6erhFmqVnvg\"]},{\"@type\":\"Person\",\"@id\":\"https:\\\/\\\/eldigitaldeasturias.com\\\/radio\\\/author\\\/nbasturias\\\/#author\",\"url\":\"https:\\\/\\\/eldigitaldeasturias.com\\\/radio\\\/author\\\/nbasturias\\\/\",\"name\":\"NBAsturias\",\"image\":{\"@type\":\"ImageObject\",\"@id\":\"https:\\\/\\\/eldigitaldeasturias.com\\\/radio\\\/division-entre-los-aliados-de-bolsonaro\\\/#authorImage\",\"url\":\"https:\\\/\\\/secure.gravatar.com\\\/avatar\\\/df2aeffc32bcd13f8d26072ef8a91b623d677766deac7f97ca815868cd41bf5e?s=96&d=mm&r=g\",\"width\":96,\"height\":96,\"caption\":\"NBAsturias\"}},{\"@type\":\"WebPage\",\"@id\":\"https:\\\/\\\/eldigitaldeasturias.com\\\/radio\\\/division-entre-los-aliados-de-bolsonaro\\\/#webpage\",\"url\":\"https:\\\/\\\/eldigitaldeasturias.com\\\/radio\\\/division-entre-los-aliados-de-bolsonaro\\\/\",\"name\":\"Divisi\\u00f3n entre los aliados de Bolsonaro | El Digital de Asturias\",\"description\":\"(EP) - El primer vicepresidente de la C\\u00e1mara de Diputados, Marcelo Ramos, aliado del presidente de Brasil, Jair Bolsonaro, ha alertado de que el jefe del Estado estar\\u00eda incurriendo en una invasi\\u00f3n de sus competencias en su intento por ampliar y flexibilizar la ley de posesi\\u00f3n de armas, una de sus grandes promesas durante las\",\"inLanguage\":\"es-ES\",\"isPartOf\":{\"@id\":\"https:\\\/\\\/eldigitaldeasturias.com\\\/radio\\\/#website\"},\"breadcrumb\":{\"@id\":\"https:\\\/\\\/eldigitaldeasturias.com\\\/radio\\\/division-entre-los-aliados-de-bolsonaro\\\/#breadcrumblist\"},\"author\":{\"@id\":\"https:\\\/\\\/eldigitaldeasturias.com\\\/radio\\\/author\\\/nbasturias\\\/#author\"},\"creator\":{\"@id\":\"https:\\\/\\\/eldigitaldeasturias.com\\\/radio\\\/author\\\/nbasturias\\\/#author\"},\"image\":{\"@type\":\"ImageObject\",\"url\":\"https:\\\/\\\/eldigitaldeasturias.com\\\/radio\\\/wp-content\\\/uploads\\\/2021\\\/02\\\/Bolsonaro.jpg\",\"@id\":\"https:\\\/\\\/eldigitaldeasturias.com\\\/radio\\\/division-entre-los-aliados-de-bolsonaro\\\/#mainImage\",\"width\":990,\"height\":664,\"caption\":\"FOTO: EDILSON DANTAS \\\/ AGENCIA O GLOBO \\\/ Europa Press\"},\"primaryImageOfPage\":{\"@id\":\"https:\\\/\\\/eldigitaldeasturias.com\\\/radio\\\/division-entre-los-aliados-de-bolsonaro\\\/#mainImage\"},\"datePublished\":\"2021-02-16T14:58:38+01:00\",\"dateModified\":\"2021-02-16T14:58:38+01:00\"},{\"@type\":\"WebSite\",\"@id\":\"https:\\\/\\\/eldigitaldeasturias.com\\\/radio\\\/#website\",\"url\":\"https:\\\/\\\/eldigitaldeasturias.com\\\/radio\\\/\",\"name\":\"El Digital de Asturias\",\"description\":\"Diario de informaci\\u00f3n y noticias\",\"inLanguage\":\"es-ES\",\"publisher\":{\"@id\":\"https:\\\/\\\/eldigitaldeasturias.com\\\/radio\\\/#organization\"}}]}\n\t\t<\/script>\n\t\t<!-- All in One SEO Pro -->\r\n\t\t<title>Divisi\u00f3n entre los aliados de Bolsonaro | El Digital de Asturias<\/title>\n\n","aioseo_head_json":{"title":"Divisi\u00f3n entre los aliados de Bolsonaro | El Digital de Asturias","description":"(EP) - El primer vicepresidente de la C\u00e1mara de Diputados, Marcelo Ramos, aliado del presidente de Brasil, Jair Bolsonaro, ha alertado de que el jefe del Estado estar\u00eda incurriendo en una invasi\u00f3n de sus competencias en su intento por ampliar y flexibilizar la ley de posesi\u00f3n de armas, una de sus grandes promesas durante las","canonical_url":"https:\/\/eldigitaldeasturias.com\/radio\/division-entre-los-aliados-de-bolsonaro\/","robots":"max-image-preview:large","keywords":"noticias","webmasterTools":{"google-site-verification":"UA-38556648-1","miscellaneous":""},"schema":{"@context":"https:\/\/schema.org","@graph":[{"@type":"BreadcrumbList","@id":"https:\/\/eldigitaldeasturias.com\/radio\/division-entre-los-aliados-de-bolsonaro\/#breadcrumblist","itemListElement":[{"@type":"ListItem","@id":"https:\/\/eldigitaldeasturias.com\/radio#listItem","position":1,"name":"Inicio","item":"https:\/\/eldigitaldeasturias.com\/radio","nextItem":{"@type":"ListItem","@id":"https:\/\/eldigitaldeasturias.com\/radio\/category\/noticias\/#listItem","name":"Noticias"}},{"@type":"ListItem","@id":"https:\/\/eldigitaldeasturias.com\/radio\/category\/noticias\/#listItem","position":2,"name":"Noticias","item":"https:\/\/eldigitaldeasturias.com\/radio\/category\/noticias\/","nextItem":{"@type":"ListItem","@id":"https:\/\/eldigitaldeasturias.com\/radio\/division-entre-los-aliados-de-bolsonaro\/#listItem","name":"Divisi\u00f3n entre los aliados de Bolsonaro"},"previousItem":{"@type":"ListItem","@id":"https:\/\/eldigitaldeasturias.com\/radio#listItem","name":"Inicio"}},{"@type":"ListItem","@id":"https:\/\/eldigitaldeasturias.com\/radio\/division-entre-los-aliados-de-bolsonaro\/#listItem","position":3,"name":"Divisi\u00f3n entre los aliados de Bolsonaro","previousItem":{"@type":"ListItem","@id":"https:\/\/eldigitaldeasturias.com\/radio\/category\/noticias\/#listItem","name":"Noticias"}}]},{"@type":"NewsArticle","@id":"https:\/\/eldigitaldeasturias.com\/radio\/division-entre-los-aliados-de-bolsonaro\/#newsarticle","name":"Divisi\u00f3n entre los aliados de Bolsonaro | El Digital de Asturias","headline":"Divisi\u00f3n entre los aliados de Bolsonaro","author":{"@id":"https:\/\/eldigitaldeasturias.com\/radio\/author\/nbasturias\/#author"},"publisher":{"@id":"https:\/\/eldigitaldeasturias.com\/radio\/#organization"},"image":{"@type":"ImageObject","url":"https:\/\/eldigitaldeasturias.com\/radio\/wp-content\/uploads\/2021\/02\/Bolsonaro.jpg","width":990,"height":664,"caption":"FOTO: EDILSON DANTAS \/ AGENCIA O GLOBO \/ Europa Press"},"datePublished":"2021-02-16T14:58:38+01:00","dateModified":"2021-02-16T14:58:38+01:00","inLanguage":"es-ES","mainEntityOfPage":{"@id":"https:\/\/eldigitaldeasturias.com\/radio\/division-entre-los-aliados-de-bolsonaro\/#webpage"},"isPartOf":{"@id":"https:\/\/eldigitaldeasturias.com\/radio\/division-entre-los-aliados-de-bolsonaro\/#webpage"},"articleSection":"Noticias","dateline":"Publicado el febrero 16, 2021."},{"@type":"Organization","@id":"https:\/\/eldigitaldeasturias.com\/radio\/#organization","name":"El digital de Asturias Radio","description":"Diario de informaci\u00f3n y noticias","url":"https:\/\/eldigitaldeasturias.com\/radio\/","telephone":"+34652131393","logo":{"@type":"ImageObject","url":"https:\/\/www.eldigitaldeasturias.com\/radio\/wp-content\/uploads\/2021\/03\/EDA.jpg","@id":"https:\/\/eldigitaldeasturias.com\/radio\/division-entre-los-aliados-de-bolsonaro\/#organizationLogo"},"image":{"@id":"https:\/\/eldigitaldeasturias.com\/radio\/division-entre-los-aliados-de-bolsonaro\/#organizationLogo"},"sameAs":["https:\/\/www.facebook.com\/","https:\/\/x.com\/bercodi","https:\/\/www.instagram.com\/","https:\/\/www.youtube.com\/channel\/UCZP-2wLEB9Rv6erhFmqVnvg"]},{"@type":"Person","@id":"https:\/\/eldigitaldeasturias.com\/radio\/author\/nbasturias\/#author","url":"https:\/\/eldigitaldeasturias.com\/radio\/author\/nbasturias\/","name":"NBAsturias","image":{"@type":"ImageObject","@id":"https:\/\/eldigitaldeasturias.com\/radio\/division-entre-los-aliados-de-bolsonaro\/#authorImage","url":"https:\/\/secure.gravatar.com\/avatar\/df2aeffc32bcd13f8d26072ef8a91b623d677766deac7f97ca815868cd41bf5e?s=96&d=mm&r=g","width":96,"height":96,"caption":"NBAsturias"}},{"@type":"WebPage","@id":"https:\/\/eldigitaldeasturias.com\/radio\/division-entre-los-aliados-de-bolsonaro\/#webpage","url":"https:\/\/eldigitaldeasturias.com\/radio\/division-entre-los-aliados-de-bolsonaro\/","name":"Divisi\u00f3n entre los aliados de Bolsonaro | El Digital de Asturias","description":"(EP) - El primer vicepresidente de la C\u00e1mara de Diputados, Marcelo Ramos, aliado del presidente de Brasil, Jair Bolsonaro, ha alertado de que el jefe del Estado estar\u00eda incurriendo en una invasi\u00f3n de sus competencias en su intento por ampliar y flexibilizar la ley de posesi\u00f3n de armas, una de sus grandes promesas durante las","inLanguage":"es-ES","isPartOf":{"@id":"https:\/\/eldigitaldeasturias.com\/radio\/#website"},"breadcrumb":{"@id":"https:\/\/eldigitaldeasturias.com\/radio\/division-entre-los-aliados-de-bolsonaro\/#breadcrumblist"},"author":{"@id":"https:\/\/eldigitaldeasturias.com\/radio\/author\/nbasturias\/#author"},"creator":{"@id":"https:\/\/eldigitaldeasturias.com\/radio\/author\/nbasturias\/#author"},"image":{"@type":"ImageObject","url":"https:\/\/eldigitaldeasturias.com\/radio\/wp-content\/uploads\/2021\/02\/Bolsonaro.jpg","@id":"https:\/\/eldigitaldeasturias.com\/radio\/division-entre-los-aliados-de-bolsonaro\/#mainImage","width":990,"height":664,"caption":"FOTO: EDILSON DANTAS \/ AGENCIA O GLOBO \/ Europa Press"},"primaryImageOfPage":{"@id":"https:\/\/eldigitaldeasturias.com\/radio\/division-entre-los-aliados-de-bolsonaro\/#mainImage"},"datePublished":"2021-02-16T14:58:38+01:00","dateModified":"2021-02-16T14:58:38+01:00"},{"@type":"WebSite","@id":"https:\/\/eldigitaldeasturias.com\/radio\/#website","url":"https:\/\/eldigitaldeasturias.com\/radio\/","name":"El Digital de Asturias","description":"Diario de informaci\u00f3n y noticias","inLanguage":"es-ES","publisher":{"@id":"https:\/\/eldigitaldeasturias.com\/radio\/#organization"}}]},"og:locale":"es_ES","og:site_name":"El Digital de Asturias | Diario de informaci\u00f3n y noticias","og:type":"article","og:title":"Divisi\u00f3n entre los aliados de Bolsonaro | El Digital de Asturias","og:description":"(EP) - El primer vicepresidente de la C\u00e1mara de Diputados, Marcelo Ramos, aliado del presidente de Brasil, Jair Bolsonaro, ha alertado de que el jefe del Estado estar\u00eda incurriendo en una invasi\u00f3n de sus competencias en su intento por ampliar y flexibilizar la ley de posesi\u00f3n de armas, una de sus grandes promesas durante las","og:url":"https:\/\/eldigitaldeasturias.com\/radio\/division-entre-los-aliados-de-bolsonaro\/","og:image":"https:\/\/eldigitaldeasturias.com\/radio\/wp-content\/uploads\/2021\/02\/Bolsonaro.jpg","og:image:secure_url":"https:\/\/eldigitaldeasturias.com\/radio\/wp-content\/uploads\/2021\/02\/Bolsonaro.jpg","og:image:width":990,"og:image:height":664,"article:published_time":"2021-02-16T14:58:38+00:00","article:modified_time":"2021-02-16T14:58:38+00:00","twitter:card":"summary_large_image","twitter:site":"@bercodi","twitter:title":"Divisi\u00f3n entre los aliados de Bolsonaro | El Digital de Asturias","twitter:description":"(EP) - El primer vicepresidente de la C\u00e1mara de Diputados, Marcelo Ramos, aliado del presidente de Brasil, Jair Bolsonaro, ha alertado de que el jefe del Estado estar\u00eda incurriendo en una invasi\u00f3n de sus competencias en su intento por ampliar y flexibilizar la ley de posesi\u00f3n de armas, una de sus grandes promesas durante las","twitter:creator":"@bercodi","twitter:image":"https:\/\/eldigitaldeasturias.com\/radio\/wp-content\/uploads\/2021\/02\/Bolsonaro.jpg"},"aioseo_meta_data":{"post_id":"5662","title":null,"description":null,"keywords":null,"keyphrases":null,"primary_term":null,"canonical_url":null,"og_title":null,"og_description":null,"og_object_type":"default","og_image_type":"default","og_image_url":null,"og_image_width":null,"og_image_height":null,"og_image_custom_url":null,"og_image_custom_fields":null,"og_video":null,"og_custom_url":null,"og_article_section":null,"og_article_tags":null,"twitter_use_og":false,"twitter_card":"default","twitter_image_type":"default","twitter_image_url":null,"twitter_image_custom_url":null,"twitter_image_custom_fields":null,"twitter_title":null,"twitter_description":null,"schema":{"blockGraphs":[],"customGraphs":[],"default":{"data":{"Article":[],"Course":[],"Dataset":[],"FAQPage":[],"Movie":[],"Person":[],"Product":[],"ProductReview":[],"Car":[],"Recipe":[],"Service":[],"SoftwareApplication":[],"WebPage":[]},"graphName":"","isEnabled":true},"graphs":[],"defaultGraph":"","defaultPostTypeGraph":""},"schema_type":null,"schema_type_options":null,"pillar_content":false,"robots_default":true,"robots_noindex":false,"robots_noarchive":false,"robots_nosnippet":false,"robots_nofollow":false,"robots_noimageindex":false,"robots_noodp":false,"robots_notranslate":false,"robots_max_snippet":null,"robots_max_videopreview":null,"robots_max_imagepreview":"large","priority":null,"frequency":null,"location":null,"local_seo":null,"seo_analyzer_scan_date":"2025-08-28 18:14:31","breadcrumb_settings":null,"limit_modified_date":false,"open_ai":null,"ai":null,"created":"2021-03-25 10:26:10","updated":"2025-08-28 18:14:31"},"aioseo_breadcrumb":"<div class=\"aioseo-breadcrumbs\"><span class=\"aioseo-breadcrumb\">\n\t<a href=\"https:\/\/eldigitaldeasturias.com\/radio\" title=\"Inicio\">Inicio<\/a>\n<\/span><span class=\"aioseo-breadcrumb-separator\">&ndash;<\/span><span class=\"aioseo-breadcrumb\">\n\t<a href=\"https:\/\/eldigitaldeasturias.com\/radio\/category\/noticias\/\" title=\"Noticias\">Noticias<\/a>\n<\/span><span class=\"aioseo-breadcrumb-separator\">&ndash;<\/span><span class=\"aioseo-breadcrumb\">\n\tDivisi\u00f3n entre los aliados de Bolsonaro\n<\/span><\/div>","aioseo_breadcrumb_json":[{"label":"Inicio","link":"https:\/\/eldigitaldeasturias.com\/radio"},{"label":"Noticias","link":"https:\/\/eldigitaldeasturias.com\/radio\/category\/noticias\/"},{"label":"Divisi\u00f3n entre los aliados de Bolsonaro","link":"https:\/\/eldigitaldeasturias.com\/radio\/division-entre-los-aliados-de-bolsonaro\/"}],"_links":{"self":[{"href":"https:\/\/eldigitaldeasturias.com\/radio\/wp-json\/wp\/v2\/posts\/5662","targetHints":{"allow":["GET"]}}],"collection":[{"href":"https:\/\/eldigitaldeasturias.com\/radio\/wp-json\/wp\/v2\/posts"}],"about":[{"href":"https:\/\/eldigitaldeasturias.com\/radio\/wp-json\/wp\/v2\/types\/post"}],"author":[{"embeddable":true,"href":"https:\/\/eldigitaldeasturias.com\/radio\/wp-json\/wp\/v2\/users\/1"}],"replies":[{"embeddable":true,"href":"https:\/\/eldigitaldeasturias.com\/radio\/wp-json\/wp\/v2\/comments?post=5662"}],"version-history":[{"count":0,"href":"https:\/\/eldigitaldeasturias.com\/radio\/wp-json\/wp\/v2\/posts\/5662\/revisions"}],"wp:featuredmedia":[{"embeddable":true,"href":"https:\/\/eldigitaldeasturias.com\/radio\/wp-json\/wp\/v2\/media\/5663"}],"wp:attachment":[{"href":"https:\/\/eldigitaldeasturias.com\/radio\/wp-json\/wp\/v2\/media?parent=5662"}],"wp:term":[{"taxonomy":"category","embeddable":true,"href":"https:\/\/eldigitaldeasturias.com\/radio\/wp-json\/wp\/v2\/categories?post=5662"},{"taxonomy":"post_tag","embeddable":true,"href":"https:\/\/eldigitaldeasturias.com\/radio\/wp-json\/wp\/v2\/tags?post=5662"}],"curies":[{"name":"wp","href":"https:\/\/api.w.org\/{rel}","templated":true}]}}