{"id":5650,"date":"2021-02-15T13:28:45","date_gmt":"2021-02-15T13:28:45","guid":{"rendered":"http:\/\/eldigitaldeasturias.com\/radio\/?p=5650"},"modified":"2021-02-15T13:28:45","modified_gmt":"2021-02-15T13:28:45","slug":"enrique-y-meghan-esperan-a-su-segundo-hijo","status":"publish","type":"post","link":"https:\/\/eldigitaldeasturias.com\/radio\/enrique-y-meghan-esperan-a-su-segundo-hijo\/","title":{"rendered":"Enrique y Meghan esperan a su segundo hijo"},"content":{"rendered":"<figure id=\"attachment_5651\" aria-describedby=\"caption-attachment-5651\" style=\"width: 360px\" class=\"wp-caption alignleft\"><img fetchpriority=\"high\" decoding=\"async\" class=\"size-medium wp-image-5651\" src=\"https:\/\/eldigitaldeasturias.com\/radio\/wp-content\/uploads\/2021\/02\/Duques-de-Sussex-360x240.jpg\" alt=\"Duques de Sussex\" width=\"360\" height=\"240\" srcset=\"https:\/\/eldigitaldeasturias.com\/radio\/wp-content\/uploads\/2021\/02\/Duques-de-Sussex-360x240.jpg 360w, https:\/\/eldigitaldeasturias.com\/radio\/wp-content\/uploads\/2021\/02\/Duques-de-Sussex-768x513.jpg 768w, https:\/\/eldigitaldeasturias.com\/radio\/wp-content\/uploads\/2021\/02\/Duques-de-Sussex.jpg 998w\" sizes=\"(max-width: 360px) 100vw, 360px\" \/><figcaption id=\"caption-attachment-5651\" class=\"wp-caption-text\">Foto: CHRIS JACKSON \/ Europa Press<\/figcaption><\/figure>\n<p>(EP) &#8211; El pr\u00edncipe Enrique y su esposa Meghan Markle, duques de Sussex, han anunciado que est\u00e1n \u00abencantados\u00bb porque esperan a su segundo hijo, octavo en la l\u00ednea de sucesi\u00f3n al trono brit\u00e1nico.<\/p>\n<p>Un portavoz de la familia, que ya no cuenta con el reconocimiento de Su Alteza Real, ha explicado que su primer hijo, Archie Mountbatten-Windsor, que ahora tiene un a\u00f1o, tendr\u00e1 un hermano o hermana.<\/p>\n<p>Con la noticia, la pareja ha difundido una fotograf\u00eda en blanco y negro de ambos bajo un \u00e1rbol. Enrique est\u00e1 sentado con la cabeza de Meghan Markle en su regazo mientras ella tiene su mano derecha sobre el abdomen.<\/p>\n<p>Meghan Markle anunci\u00f3 en julio que sufri\u00f3 un aborto espont\u00e1neo y comparti\u00f3 su \u00abpena casi insoportable\u00bb en un art\u00edculo publicado en &#8216;The New York Times&#8217;.<\/p>\n<p>Ambos viven en California, Estados Unidos, despu\u00e9s de que en marzo anunciaran un acuerdo con el Palacio de Buckingham por el que renunciaban al t\u00edtulo de Su Alteza Real y por tanto a recibir fondos p\u00fablicos por su trabajo como miembros de la Familia Real.<\/p>\n","protected":false},"excerpt":{"rendered":"<p>(EP) &#8211; El pr\u00edncipe Enrique y su esposa Meghan Markle, duques de Sussex, han anunciado que est\u00e1n \u00abencantados\u00bb porque esperan a su segundo hijo, octavo en la l\u00ednea de sucesi\u00f3n al trono brit\u00e1nico. Un portavoz de la familia, que ya no cuenta con el reconocimiento de Su Alteza Real, ha explicado que su primer hijo,<\/p>\n","protected":false},"author":1,"featured_media":5651,"comment_status":"closed","ping_status":"closed","sticky":false,"template":"","format":"standard","meta":{"footnotes":""},"categories":[1],"tags":[],"class_list":{"0":"post-5650","1":"post","2":"type-post","3":"status-publish","4":"format-standard","5":"has-post-thumbnail","7":"category-noticias"},"aioseo_notices":[],"aioseo_head":"\n\t\t<!-- All in One SEO Pro 4.9.6.2 - aioseo.com -->\n\t<meta name=\"description\" content=\"(EP) - El pr\u00edncipe Enrique y su esposa Meghan Markle, duques de Sussex, han anunciado que est\u00e1n &quot;encantados&quot; porque esperan a su segundo hijo, octavo en la l\u00ednea de sucesi\u00f3n al trono brit\u00e1nico. Un portavoz de la familia, que ya no cuenta con el reconocimiento de Su Alteza Real, ha explicado que su primer hijo,\" \/>\n\t<meta name=\"robots\" content=\"max-image-preview:large\" \/>\n\t<meta name=\"author\" content=\"NBAsturias\"\/>\n\t<meta name=\"google-site-verification\" content=\"UA-38556648-1\" \/>\n\t<meta name=\"keywords\" content=\"noticias\" \/>\n\t<link rel=\"canonical\" href=\"https:\/\/eldigitaldeasturias.com\/radio\/enrique-y-meghan-esperan-a-su-segundo-hijo\/\" \/>\n\t<meta name=\"generator\" content=\"All in One SEO Pro (AIOSEO) 4.9.6.2\" \/>\n\t\t<meta property=\"og:locale\" content=\"es_ES\" \/>\n\t\t<meta property=\"og:site_name\" content=\"El Digital de Asturias | Diario de informaci\u00f3n y noticias\" \/>\n\t\t<meta property=\"og:type\" content=\"article\" \/>\n\t\t<meta property=\"og:title\" content=\"Enrique y Meghan esperan a su segundo hijo | El Digital de Asturias\" \/>\n\t\t<meta property=\"og:description\" content=\"(EP) - El pr\u00edncipe Enrique y su esposa Meghan Markle, duques de Sussex, han anunciado que est\u00e1n &quot;encantados&quot; porque esperan a su segundo hijo, octavo en la l\u00ednea de sucesi\u00f3n al trono brit\u00e1nico. Un portavoz de la familia, que ya no cuenta con el reconocimiento de Su Alteza Real, ha explicado que su primer hijo,\" \/>\n\t\t<meta property=\"og:url\" content=\"https:\/\/eldigitaldeasturias.com\/radio\/enrique-y-meghan-esperan-a-su-segundo-hijo\/\" \/>\n\t\t<meta property=\"og:image\" content=\"https:\/\/eldigitaldeasturias.com\/radio\/wp-content\/uploads\/2021\/02\/Duques-de-Sussex.jpg\" \/>\n\t\t<meta property=\"og:image:secure_url\" content=\"https:\/\/eldigitaldeasturias.com\/radio\/wp-content\/uploads\/2021\/02\/Duques-de-Sussex.jpg\" \/>\n\t\t<meta property=\"og:image:width\" content=\"998\" \/>\n\t\t<meta property=\"og:image:height\" content=\"666\" \/>\n\t\t<meta property=\"article:published_time\" content=\"2021-02-15T13:28:45+00:00\" \/>\n\t\t<meta property=\"article:modified_time\" content=\"2021-02-15T13:28:45+00:00\" \/>\n\t\t<meta name=\"twitter:card\" content=\"summary_large_image\" \/>\n\t\t<meta name=\"twitter:site\" content=\"@bercodi\" \/>\n\t\t<meta name=\"twitter:title\" content=\"Enrique y Meghan esperan a su segundo hijo | El Digital de Asturias\" \/>\n\t\t<meta name=\"twitter:description\" content=\"(EP) - El pr\u00edncipe Enrique y su esposa Meghan Markle, duques de Sussex, han anunciado que est\u00e1n &quot;encantados&quot; porque esperan a su segundo hijo, octavo en la l\u00ednea de sucesi\u00f3n al trono brit\u00e1nico. Un portavoz de la familia, que ya no cuenta con el reconocimiento de Su Alteza Real, ha explicado que su primer hijo,\" \/>\n\t\t<meta name=\"twitter:creator\" content=\"@bercodi\" \/>\n\t\t<meta name=\"twitter:image\" content=\"https:\/\/eldigitaldeasturias.com\/radio\/wp-content\/uploads\/2021\/02\/Duques-de-Sussex.jpg\" \/>\n\t\t<script type=\"application\/ld+json\" class=\"aioseo-schema\">\n\t\t\t{\"@context\":\"https:\\\/\\\/schema.org\",\"@graph\":[{\"@type\":\"BreadcrumbList\",\"@id\":\"https:\\\/\\\/eldigitaldeasturias.com\\\/radio\\\/enrique-y-meghan-esperan-a-su-segundo-hijo\\\/#breadcrumblist\",\"itemListElement\":[{\"@type\":\"ListItem\",\"@id\":\"https:\\\/\\\/eldigitaldeasturias.com\\\/radio#listItem\",\"position\":1,\"name\":\"Inicio\",\"item\":\"https:\\\/\\\/eldigitaldeasturias.com\\\/radio\",\"nextItem\":{\"@type\":\"ListItem\",\"@id\":\"https:\\\/\\\/eldigitaldeasturias.com\\\/radio\\\/category\\\/noticias\\\/#listItem\",\"name\":\"Noticias\"}},{\"@type\":\"ListItem\",\"@id\":\"https:\\\/\\\/eldigitaldeasturias.com\\\/radio\\\/category\\\/noticias\\\/#listItem\",\"position\":2,\"name\":\"Noticias\",\"item\":\"https:\\\/\\\/eldigitaldeasturias.com\\\/radio\\\/category\\\/noticias\\\/\",\"nextItem\":{\"@type\":\"ListItem\",\"@id\":\"https:\\\/\\\/eldigitaldeasturias.com\\\/radio\\\/enrique-y-meghan-esperan-a-su-segundo-hijo\\\/#listItem\",\"name\":\"Enrique y Meghan esperan a su segundo hijo\"},\"previousItem\":{\"@type\":\"ListItem\",\"@id\":\"https:\\\/\\\/eldigitaldeasturias.com\\\/radio#listItem\",\"name\":\"Inicio\"}},{\"@type\":\"ListItem\",\"@id\":\"https:\\\/\\\/eldigitaldeasturias.com\\\/radio\\\/enrique-y-meghan-esperan-a-su-segundo-hijo\\\/#listItem\",\"position\":3,\"name\":\"Enrique y Meghan esperan a su segundo hijo\",\"previousItem\":{\"@type\":\"ListItem\",\"@id\":\"https:\\\/\\\/eldigitaldeasturias.com\\\/radio\\\/category\\\/noticias\\\/#listItem\",\"name\":\"Noticias\"}}]},{\"@type\":\"NewsArticle\",\"@id\":\"https:\\\/\\\/eldigitaldeasturias.com\\\/radio\\\/enrique-y-meghan-esperan-a-su-segundo-hijo\\\/#newsarticle\",\"name\":\"Enrique y Meghan esperan a su segundo hijo | El Digital de Asturias\",\"headline\":\"Enrique y Meghan esperan a su segundo hijo\",\"author\":{\"@id\":\"https:\\\/\\\/eldigitaldeasturias.com\\\/radio\\\/author\\\/nbasturias\\\/#author\"},\"publisher\":{\"@id\":\"https:\\\/\\\/eldigitaldeasturias.com\\\/radio\\\/#organization\"},\"image\":{\"@type\":\"ImageObject\",\"url\":\"https:\\\/\\\/eldigitaldeasturias.com\\\/radio\\\/wp-content\\\/uploads\\\/2021\\\/02\\\/Duques-de-Sussex.jpg\",\"width\":998,\"height\":666,\"caption\":\"Foto: CHRIS JACKSON \\\/ Europa Press\"},\"datePublished\":\"2021-02-15T13:28:45+01:00\",\"dateModified\":\"2021-02-15T13:28:45+01:00\",\"inLanguage\":\"es-ES\",\"mainEntityOfPage\":{\"@id\":\"https:\\\/\\\/eldigitaldeasturias.com\\\/radio\\\/enrique-y-meghan-esperan-a-su-segundo-hijo\\\/#webpage\"},\"isPartOf\":{\"@id\":\"https:\\\/\\\/eldigitaldeasturias.com\\\/radio\\\/enrique-y-meghan-esperan-a-su-segundo-hijo\\\/#webpage\"},\"articleSection\":\"Noticias\",\"dateline\":\"Publicado el febrero 15, 2021.\"},{\"@type\":\"Organization\",\"@id\":\"https:\\\/\\\/eldigitaldeasturias.com\\\/radio\\\/#organization\",\"name\":\"El digital de Asturias Radio\",\"description\":\"Diario de informaci\\u00f3n y noticias\",\"url\":\"https:\\\/\\\/eldigitaldeasturias.com\\\/radio\\\/\",\"telephone\":\"+34652131393\",\"logo\":{\"@type\":\"ImageObject\",\"url\":\"https:\\\/\\\/www.eldigitaldeasturias.com\\\/radio\\\/wp-content\\\/uploads\\\/2021\\\/03\\\/EDA.jpg\",\"@id\":\"https:\\\/\\\/eldigitaldeasturias.com\\\/radio\\\/enrique-y-meghan-esperan-a-su-segundo-hijo\\\/#organizationLogo\"},\"image\":{\"@id\":\"https:\\\/\\\/eldigitaldeasturias.com\\\/radio\\\/enrique-y-meghan-esperan-a-su-segundo-hijo\\\/#organizationLogo\"},\"sameAs\":[\"https:\\\/\\\/www.facebook.com\\\/\",\"https:\\\/\\\/x.com\\\/bercodi\",\"https:\\\/\\\/www.instagram.com\\\/\",\"https:\\\/\\\/www.youtube.com\\\/channel\\\/UCZP-2wLEB9Rv6erhFmqVnvg\"]},{\"@type\":\"Person\",\"@id\":\"https:\\\/\\\/eldigitaldeasturias.com\\\/radio\\\/author\\\/nbasturias\\\/#author\",\"url\":\"https:\\\/\\\/eldigitaldeasturias.com\\\/radio\\\/author\\\/nbasturias\\\/\",\"name\":\"NBAsturias\",\"image\":{\"@type\":\"ImageObject\",\"@id\":\"https:\\\/\\\/eldigitaldeasturias.com\\\/radio\\\/enrique-y-meghan-esperan-a-su-segundo-hijo\\\/#authorImage\",\"url\":\"https:\\\/\\\/secure.gravatar.com\\\/avatar\\\/df2aeffc32bcd13f8d26072ef8a91b623d677766deac7f97ca815868cd41bf5e?s=96&d=mm&r=g\",\"width\":96,\"height\":96,\"caption\":\"NBAsturias\"}},{\"@type\":\"WebPage\",\"@id\":\"https:\\\/\\\/eldigitaldeasturias.com\\\/radio\\\/enrique-y-meghan-esperan-a-su-segundo-hijo\\\/#webpage\",\"url\":\"https:\\\/\\\/eldigitaldeasturias.com\\\/radio\\\/enrique-y-meghan-esperan-a-su-segundo-hijo\\\/\",\"name\":\"Enrique y Meghan esperan a su segundo hijo | El Digital de Asturias\",\"description\":\"(EP) - El pr\\u00edncipe Enrique y su esposa Meghan Markle, duques de Sussex, han anunciado que est\\u00e1n \\\"encantados\\\" porque esperan a su segundo hijo, octavo en la l\\u00ednea de sucesi\\u00f3n al trono brit\\u00e1nico. Un portavoz de la familia, que ya no cuenta con el reconocimiento de Su Alteza Real, ha explicado que su primer hijo,\",\"inLanguage\":\"es-ES\",\"isPartOf\":{\"@id\":\"https:\\\/\\\/eldigitaldeasturias.com\\\/radio\\\/#website\"},\"breadcrumb\":{\"@id\":\"https:\\\/\\\/eldigitaldeasturias.com\\\/radio\\\/enrique-y-meghan-esperan-a-su-segundo-hijo\\\/#breadcrumblist\"},\"author\":{\"@id\":\"https:\\\/\\\/eldigitaldeasturias.com\\\/radio\\\/author\\\/nbasturias\\\/#author\"},\"creator\":{\"@id\":\"https:\\\/\\\/eldigitaldeasturias.com\\\/radio\\\/author\\\/nbasturias\\\/#author\"},\"image\":{\"@type\":\"ImageObject\",\"url\":\"https:\\\/\\\/eldigitaldeasturias.com\\\/radio\\\/wp-content\\\/uploads\\\/2021\\\/02\\\/Duques-de-Sussex.jpg\",\"@id\":\"https:\\\/\\\/eldigitaldeasturias.com\\\/radio\\\/enrique-y-meghan-esperan-a-su-segundo-hijo\\\/#mainImage\",\"width\":998,\"height\":666,\"caption\":\"Foto: CHRIS JACKSON \\\/ Europa Press\"},\"primaryImageOfPage\":{\"@id\":\"https:\\\/\\\/eldigitaldeasturias.com\\\/radio\\\/enrique-y-meghan-esperan-a-su-segundo-hijo\\\/#mainImage\"},\"datePublished\":\"2021-02-15T13:28:45+01:00\",\"dateModified\":\"2021-02-15T13:28:45+01:00\"},{\"@type\":\"WebSite\",\"@id\":\"https:\\\/\\\/eldigitaldeasturias.com\\\/radio\\\/#website\",\"url\":\"https:\\\/\\\/eldigitaldeasturias.com\\\/radio\\\/\",\"name\":\"El Digital de Asturias\",\"description\":\"Diario de informaci\\u00f3n y noticias\",\"inLanguage\":\"es-ES\",\"publisher\":{\"@id\":\"https:\\\/\\\/eldigitaldeasturias.com\\\/radio\\\/#organization\"}}]}\n\t\t<\/script>\n\t\t<!-- All in One SEO Pro -->\r\n\t\t<title>Enrique y Meghan esperan a su segundo hijo | El Digital de Asturias<\/title>\n\n","aioseo_head_json":{"title":"Enrique y Meghan esperan a su segundo hijo | El Digital de Asturias","description":"(EP) - El pr\u00edncipe Enrique y su esposa Meghan Markle, duques de Sussex, han anunciado que est\u00e1n \"encantados\" porque esperan a su segundo hijo, octavo en la l\u00ednea de sucesi\u00f3n al trono brit\u00e1nico. Un portavoz de la familia, que ya no cuenta con el reconocimiento de Su Alteza Real, ha explicado que su primer hijo,","canonical_url":"https:\/\/eldigitaldeasturias.com\/radio\/enrique-y-meghan-esperan-a-su-segundo-hijo\/","robots":"max-image-preview:large","keywords":"noticias","webmasterTools":{"google-site-verification":"UA-38556648-1","miscellaneous":""},"schema":{"@context":"https:\/\/schema.org","@graph":[{"@type":"BreadcrumbList","@id":"https:\/\/eldigitaldeasturias.com\/radio\/enrique-y-meghan-esperan-a-su-segundo-hijo\/#breadcrumblist","itemListElement":[{"@type":"ListItem","@id":"https:\/\/eldigitaldeasturias.com\/radio#listItem","position":1,"name":"Inicio","item":"https:\/\/eldigitaldeasturias.com\/radio","nextItem":{"@type":"ListItem","@id":"https:\/\/eldigitaldeasturias.com\/radio\/category\/noticias\/#listItem","name":"Noticias"}},{"@type":"ListItem","@id":"https:\/\/eldigitaldeasturias.com\/radio\/category\/noticias\/#listItem","position":2,"name":"Noticias","item":"https:\/\/eldigitaldeasturias.com\/radio\/category\/noticias\/","nextItem":{"@type":"ListItem","@id":"https:\/\/eldigitaldeasturias.com\/radio\/enrique-y-meghan-esperan-a-su-segundo-hijo\/#listItem","name":"Enrique y Meghan esperan a su segundo hijo"},"previousItem":{"@type":"ListItem","@id":"https:\/\/eldigitaldeasturias.com\/radio#listItem","name":"Inicio"}},{"@type":"ListItem","@id":"https:\/\/eldigitaldeasturias.com\/radio\/enrique-y-meghan-esperan-a-su-segundo-hijo\/#listItem","position":3,"name":"Enrique y Meghan esperan a su segundo hijo","previousItem":{"@type":"ListItem","@id":"https:\/\/eldigitaldeasturias.com\/radio\/category\/noticias\/#listItem","name":"Noticias"}}]},{"@type":"NewsArticle","@id":"https:\/\/eldigitaldeasturias.com\/radio\/enrique-y-meghan-esperan-a-su-segundo-hijo\/#newsarticle","name":"Enrique y Meghan esperan a su segundo hijo | El Digital de Asturias","headline":"Enrique y Meghan esperan a su segundo hijo","author":{"@id":"https:\/\/eldigitaldeasturias.com\/radio\/author\/nbasturias\/#author"},"publisher":{"@id":"https:\/\/eldigitaldeasturias.com\/radio\/#organization"},"image":{"@type":"ImageObject","url":"https:\/\/eldigitaldeasturias.com\/radio\/wp-content\/uploads\/2021\/02\/Duques-de-Sussex.jpg","width":998,"height":666,"caption":"Foto: CHRIS JACKSON \/ Europa Press"},"datePublished":"2021-02-15T13:28:45+01:00","dateModified":"2021-02-15T13:28:45+01:00","inLanguage":"es-ES","mainEntityOfPage":{"@id":"https:\/\/eldigitaldeasturias.com\/radio\/enrique-y-meghan-esperan-a-su-segundo-hijo\/#webpage"},"isPartOf":{"@id":"https:\/\/eldigitaldeasturias.com\/radio\/enrique-y-meghan-esperan-a-su-segundo-hijo\/#webpage"},"articleSection":"Noticias","dateline":"Publicado el febrero 15, 2021."},{"@type":"Organization","@id":"https:\/\/eldigitaldeasturias.com\/radio\/#organization","name":"El digital de Asturias Radio","description":"Diario de informaci\u00f3n y noticias","url":"https:\/\/eldigitaldeasturias.com\/radio\/","telephone":"+34652131393","logo":{"@type":"ImageObject","url":"https:\/\/www.eldigitaldeasturias.com\/radio\/wp-content\/uploads\/2021\/03\/EDA.jpg","@id":"https:\/\/eldigitaldeasturias.com\/radio\/enrique-y-meghan-esperan-a-su-segundo-hijo\/#organizationLogo"},"image":{"@id":"https:\/\/eldigitaldeasturias.com\/radio\/enrique-y-meghan-esperan-a-su-segundo-hijo\/#organizationLogo"},"sameAs":["https:\/\/www.facebook.com\/","https:\/\/x.com\/bercodi","https:\/\/www.instagram.com\/","https:\/\/www.youtube.com\/channel\/UCZP-2wLEB9Rv6erhFmqVnvg"]},{"@type":"Person","@id":"https:\/\/eldigitaldeasturias.com\/radio\/author\/nbasturias\/#author","url":"https:\/\/eldigitaldeasturias.com\/radio\/author\/nbasturias\/","name":"NBAsturias","image":{"@type":"ImageObject","@id":"https:\/\/eldigitaldeasturias.com\/radio\/enrique-y-meghan-esperan-a-su-segundo-hijo\/#authorImage","url":"https:\/\/secure.gravatar.com\/avatar\/df2aeffc32bcd13f8d26072ef8a91b623d677766deac7f97ca815868cd41bf5e?s=96&d=mm&r=g","width":96,"height":96,"caption":"NBAsturias"}},{"@type":"WebPage","@id":"https:\/\/eldigitaldeasturias.com\/radio\/enrique-y-meghan-esperan-a-su-segundo-hijo\/#webpage","url":"https:\/\/eldigitaldeasturias.com\/radio\/enrique-y-meghan-esperan-a-su-segundo-hijo\/","name":"Enrique y Meghan esperan a su segundo hijo | El Digital de Asturias","description":"(EP) - El pr\u00edncipe Enrique y su esposa Meghan Markle, duques de Sussex, han anunciado que est\u00e1n \"encantados\" porque esperan a su segundo hijo, octavo en la l\u00ednea de sucesi\u00f3n al trono brit\u00e1nico. Un portavoz de la familia, que ya no cuenta con el reconocimiento de Su Alteza Real, ha explicado que su primer hijo,","inLanguage":"es-ES","isPartOf":{"@id":"https:\/\/eldigitaldeasturias.com\/radio\/#website"},"breadcrumb":{"@id":"https:\/\/eldigitaldeasturias.com\/radio\/enrique-y-meghan-esperan-a-su-segundo-hijo\/#breadcrumblist"},"author":{"@id":"https:\/\/eldigitaldeasturias.com\/radio\/author\/nbasturias\/#author"},"creator":{"@id":"https:\/\/eldigitaldeasturias.com\/radio\/author\/nbasturias\/#author"},"image":{"@type":"ImageObject","url":"https:\/\/eldigitaldeasturias.com\/radio\/wp-content\/uploads\/2021\/02\/Duques-de-Sussex.jpg","@id":"https:\/\/eldigitaldeasturias.com\/radio\/enrique-y-meghan-esperan-a-su-segundo-hijo\/#mainImage","width":998,"height":666,"caption":"Foto: CHRIS JACKSON \/ Europa Press"},"primaryImageOfPage":{"@id":"https:\/\/eldigitaldeasturias.com\/radio\/enrique-y-meghan-esperan-a-su-segundo-hijo\/#mainImage"},"datePublished":"2021-02-15T13:28:45+01:00","dateModified":"2021-02-15T13:28:45+01:00"},{"@type":"WebSite","@id":"https:\/\/eldigitaldeasturias.com\/radio\/#website","url":"https:\/\/eldigitaldeasturias.com\/radio\/","name":"El Digital de Asturias","description":"Diario de informaci\u00f3n y noticias","inLanguage":"es-ES","publisher":{"@id":"https:\/\/eldigitaldeasturias.com\/radio\/#organization"}}]},"og:locale":"es_ES","og:site_name":"El Digital de Asturias | Diario de informaci\u00f3n y noticias","og:type":"article","og:title":"Enrique y Meghan esperan a su segundo hijo | El Digital de Asturias","og:description":"(EP) - El pr\u00edncipe Enrique y su esposa Meghan Markle, duques de Sussex, han anunciado que est\u00e1n &quot;encantados&quot; porque esperan a su segundo hijo, octavo en la l\u00ednea de sucesi\u00f3n al trono brit\u00e1nico. Un portavoz de la familia, que ya no cuenta con el reconocimiento de Su Alteza Real, ha explicado que su primer hijo,","og:url":"https:\/\/eldigitaldeasturias.com\/radio\/enrique-y-meghan-esperan-a-su-segundo-hijo\/","og:image":"https:\/\/eldigitaldeasturias.com\/radio\/wp-content\/uploads\/2021\/02\/Duques-de-Sussex.jpg","og:image:secure_url":"https:\/\/eldigitaldeasturias.com\/radio\/wp-content\/uploads\/2021\/02\/Duques-de-Sussex.jpg","og:image:width":998,"og:image:height":666,"article:published_time":"2021-02-15T13:28:45+00:00","article:modified_time":"2021-02-15T13:28:45+00:00","twitter:card":"summary_large_image","twitter:site":"@bercodi","twitter:title":"Enrique y Meghan esperan a su segundo hijo | El Digital de Asturias","twitter:description":"(EP) - El pr\u00edncipe Enrique y su esposa Meghan Markle, duques de Sussex, han anunciado que est\u00e1n &quot;encantados&quot; porque esperan a su segundo hijo, octavo en la l\u00ednea de sucesi\u00f3n al trono brit\u00e1nico. Un portavoz de la familia, que ya no cuenta con el reconocimiento de Su Alteza Real, ha explicado que su primer hijo,","twitter:creator":"@bercodi","twitter:image":"https:\/\/eldigitaldeasturias.com\/radio\/wp-content\/uploads\/2021\/02\/Duques-de-Sussex.jpg"},"aioseo_meta_data":{"post_id":"5650","title":null,"description":null,"keywords":null,"keyphrases":null,"primary_term":null,"canonical_url":null,"og_title":null,"og_description":null,"og_object_type":"default","og_image_type":"default","og_image_url":null,"og_image_width":null,"og_image_height":null,"og_image_custom_url":null,"og_image_custom_fields":null,"og_video":null,"og_custom_url":null,"og_article_section":null,"og_article_tags":null,"twitter_use_og":false,"twitter_card":"default","twitter_image_type":"default","twitter_image_url":null,"twitter_image_custom_url":null,"twitter_image_custom_fields":null,"twitter_title":null,"twitter_description":null,"schema":{"blockGraphs":[],"customGraphs":[],"default":{"data":{"Article":[],"Course":[],"Dataset":[],"FAQPage":[],"Movie":[],"Person":[],"Product":[],"ProductReview":[],"Car":[],"Recipe":[],"Service":[],"SoftwareApplication":[],"WebPage":[]},"graphName":"","isEnabled":true},"graphs":[],"defaultGraph":"","defaultPostTypeGraph":""},"schema_type":null,"schema_type_options":null,"pillar_content":false,"robots_default":true,"robots_noindex":false,"robots_noarchive":false,"robots_nosnippet":false,"robots_nofollow":false,"robots_noimageindex":false,"robots_noodp":false,"robots_notranslate":false,"robots_max_snippet":null,"robots_max_videopreview":null,"robots_max_imagepreview":"large","priority":null,"frequency":null,"location":null,"local_seo":null,"seo_analyzer_scan_date":"2025-08-28 18:12:36","breadcrumb_settings":null,"limit_modified_date":false,"open_ai":null,"ai":null,"created":"2021-03-26 14:35:57","updated":"2025-08-28 18:12:36"},"aioseo_breadcrumb":"<div class=\"aioseo-breadcrumbs\"><span class=\"aioseo-breadcrumb\">\n\t<a href=\"https:\/\/eldigitaldeasturias.com\/radio\" title=\"Inicio\">Inicio<\/a>\n<\/span><span class=\"aioseo-breadcrumb-separator\">&ndash;<\/span><span class=\"aioseo-breadcrumb\">\n\t<a href=\"https:\/\/eldigitaldeasturias.com\/radio\/category\/noticias\/\" title=\"Noticias\">Noticias<\/a>\n<\/span><span class=\"aioseo-breadcrumb-separator\">&ndash;<\/span><span class=\"aioseo-breadcrumb\">\n\tEnrique y Meghan esperan a su segundo hijo\n<\/span><\/div>","aioseo_breadcrumb_json":[{"label":"Inicio","link":"https:\/\/eldigitaldeasturias.com\/radio"},{"label":"Noticias","link":"https:\/\/eldigitaldeasturias.com\/radio\/category\/noticias\/"},{"label":"Enrique y Meghan esperan a su segundo hijo","link":"https:\/\/eldigitaldeasturias.com\/radio\/enrique-y-meghan-esperan-a-su-segundo-hijo\/"}],"_links":{"self":[{"href":"https:\/\/eldigitaldeasturias.com\/radio\/wp-json\/wp\/v2\/posts\/5650","targetHints":{"allow":["GET"]}}],"collection":[{"href":"https:\/\/eldigitaldeasturias.com\/radio\/wp-json\/wp\/v2\/posts"}],"about":[{"href":"https:\/\/eldigitaldeasturias.com\/radio\/wp-json\/wp\/v2\/types\/post"}],"author":[{"embeddable":true,"href":"https:\/\/eldigitaldeasturias.com\/radio\/wp-json\/wp\/v2\/users\/1"}],"replies":[{"embeddable":true,"href":"https:\/\/eldigitaldeasturias.com\/radio\/wp-json\/wp\/v2\/comments?post=5650"}],"version-history":[{"count":0,"href":"https:\/\/eldigitaldeasturias.com\/radio\/wp-json\/wp\/v2\/posts\/5650\/revisions"}],"wp:featuredmedia":[{"embeddable":true,"href":"https:\/\/eldigitaldeasturias.com\/radio\/wp-json\/wp\/v2\/media\/5651"}],"wp:attachment":[{"href":"https:\/\/eldigitaldeasturias.com\/radio\/wp-json\/wp\/v2\/media?parent=5650"}],"wp:term":[{"taxonomy":"category","embeddable":true,"href":"https:\/\/eldigitaldeasturias.com\/radio\/wp-json\/wp\/v2\/categories?post=5650"},{"taxonomy":"post_tag","embeddable":true,"href":"https:\/\/eldigitaldeasturias.com\/radio\/wp-json\/wp\/v2\/tags?post=5650"}],"curies":[{"name":"wp","href":"https:\/\/api.w.org\/{rel}","templated":true}]}}