{"id":5642,"date":"2021-02-12T15:35:21","date_gmt":"2021-02-12T15:35:21","guid":{"rendered":"http:\/\/eldigitaldeasturias.com\/radio\/?p=5642"},"modified":"2021-02-12T15:40:51","modified_gmt":"2021-02-12T15:40:51","slug":"destino-vitoria-recorriendo-el-pais-vasco","status":"publish","type":"post","link":"https:\/\/eldigitaldeasturias.com\/radio\/destino-vitoria-recorriendo-el-pais-vasco\/","title":{"rendered":"Destino Vitoria: Recorriendo el Pa\u00eds Vasco"},"content":{"rendered":"<p><img fetchpriority=\"high\" decoding=\"async\" class=\"alignleft size-medium wp-image-5643\" src=\"https:\/\/eldigitaldeasturias.com\/radio\/wp-content\/uploads\/2021\/02\/vitoria-3441332_640-360x240.jpg\" alt=\"\" width=\"360\" height=\"240\" srcset=\"https:\/\/eldigitaldeasturias.com\/radio\/wp-content\/uploads\/2021\/02\/vitoria-3441332_640-360x240.jpg 360w, https:\/\/eldigitaldeasturias.com\/radio\/wp-content\/uploads\/2021\/02\/vitoria-3441332_640.jpg 640w\" sizes=\"(max-width: 360px) 100vw, 360px\" \/>Espa\u00f1a nos ofrece muchas opciones a la hora de viajar, disfrutar de un fin de semana especial o hacer una ruta por varias ciudades, nuestra gran diversidad y oferta para viajeros nacionales o internacionales nos han convertido en una potencia mundial y en el objeto de deseo para millones de personas a la hora planificar sus vacaciones. Nuestra cultura, gastronom\u00eda, nuestros diferentes climas y las buenas conexiones con el resto del mundo nos permiten viajar y recibir viajeros, <strong>\u00bfBuscas vivir una nueva experiencia?<\/strong>, Euskadi te espera\u2026<\/p>\n<p><strong>Vitoria es un destino muy completo<\/strong>; su gastronom\u00eda, calles, edificios, cultura, naturaleza, los pueblos y la ciudad son parte de lo que podremos encontrar y disfrutar en la capital de \u00c1lava. Pero en todo viaje necesitamos un buen alojamiento y las mejores opciones te las ofrece <a href=\"https:\/\/www.staylibere.com\/\" target=\"_blank\" rel=\"nofollow noopener\"><span style=\"color: #ff6600;\"><strong>L\u00edbere<\/strong><\/span><\/a>.<\/p>\n<h2>Alojamiento para todos<\/h2>\n<p>En tiempo de vacaciones o a la hora de alojarnos durante unos d\u00edas en una ciudad, en este caso en Vitoria, debemos apostar siempre por la calidad, <strong>descansar bien es muy importante para afrontar una nueva jornada en la que andaremos, recorremos sendas o quiz\u00e1s practiquemos alg\u00fan deporte<\/strong>; cada persona es un mundo a la hora de elegir sus actividades.<\/p>\n<p>En Vitoria dispones del <strong>Apartahotel L\u00edbere Vitoria<\/strong>, una apuesta segura y cien por cien acogedora; situado a unos pocos minutos del Casco Viejo y muy cerca de la Catedral de Mar\u00eda Inmaculada, lugar de visita obligada, nos ofrece tambi\u00e9n la ventaja de estar muy bien comunicado, y cerca de una zona de buenos restaurantes y cafeter\u00edas para que puedas saborear la gastronom\u00eda local o relajarte tomando algo.<\/p>\n<p>Los apartamentos est\u00e1n <strong>climatizados e incluyen una cocina muy funcional y equipada con electrodom\u00e9sticos y menaje<\/strong>, si deseas estar conectado con tu trabajo o con los amigos dispondr\u00e1s de wifi para que puedas subir tus fotos a las redes\u2026<\/p>\n<p>Tele, armarios, accesorios de ba\u00f1o y secador son parte de la oferta de estos apartamentos que cuentan con una \u00f3 dos camas, y que adem\u00e1s tambi\u00e9n disponen de sof\u00e1 cama en el sal\u00f3n.<strong> Todos los accesos est\u00e1n adaptados para personas con movilidad reducid<\/strong>a y sin duda es un lugar muy recomendado para alojarse en un viaje de negocios o de placer, o ambas cosas, pues podr\u00e1s aprovechar tu estancia para conocer y vivir la ciudad.<\/p>\n<h2>\u00bfQu\u00e9 puedes ver en Vitoria?<\/h2>\n<p>Vitoria es una ciudad con muchos siglos de historia, en ella podr\u00e1s conocer la<strong> Catedral de Santa Mar\u00eda y la \u201cnueva\u201d Catedral de Mar\u00eda Inmaculada<\/strong>, su muralla medieval, y otros muchos edificios religiosos; tambi\u00e9n cuenta con una amplia variedad de casas, edificios y palacios con mucha historia que nos muestran el pasado y el presente de una ciudad que ha sabido crecer sin perder su esencia.<\/p>\n<p>Sus plazas son lugares de encuentro para muchas personas, <strong>La Plaza de Espa\u00f1a y Plaza de la Virgen Blanca son de obligada visita<\/strong>, y no podemos olvidarnos del <strong>Palacio de Ajuria Enea<\/strong> construido en 1920 y qu\u00e9 es la residencia oficial del lendakari, otra de las rutas que debes realizar es el llamado <strong>\u201cItinerario Mural\u00edstico del Vitoria\u201d<\/strong>, y si te gusta la naturaleza apunta en tu lista de \u201ccosas para ver\u201d el <strong>Parque de La Florida y el Parque de Salburua<\/strong>.<\/p>\n<p>Museos, teatros, comercios y una amplia oferta de ocio son parte de una ciudad en la que podr\u00e1s disfrutar de <strong>su gastronom\u00eda<\/strong>, reconocida tanto a nivel nacional como internacional, y para los amantes del buen vino, <strong>Vitoria tambi\u00e9n es un lugar ideal<\/strong>.<\/p>\n<p>\u00bfBuscas un destino para el 2021? Vitoria te ofrece variedad, cultura, historia, sabor y buen alojamiento.<\/p>\n<p>&nbsp;<\/p>\n","protected":false},"excerpt":{"rendered":"<p>Espa\u00f1a nos ofrece muchas opciones a la hora de viajar, disfrutar de un fin de semana especial o hacer una ruta por varias ciudades, nuestra gran diversidad y oferta para viajeros nacionales o internacionales nos han convertido en una potencia mundial y en el objeto de deseo para millones de personas a la hora planificar<\/p>\n","protected":false},"author":1,"featured_media":5643,"comment_status":"closed","ping_status":"closed","sticky":false,"template":"","format":"standard","meta":{"footnotes":""},"categories":[34],"tags":[],"class_list":{"0":"post-5642","1":"post","2":"type-post","3":"status-publish","4":"format-standard","5":"has-post-thumbnail","7":"category-turismo"},"aioseo_notices":[],"aioseo_head":"\n\t\t<!-- All in One SEO Pro 4.9.6.2 - aioseo.com -->\n\t<meta name=\"description\" content=\"Espa\u00f1a nos ofrece muchas opciones a la hora de viajar, disfrutar de un fin de semana especial o hacer una ruta por varias ciudades, nuestra gran diversidad y oferta para viajeros nacionales o internacionales nos han convertido en una potencia mundial y en el objeto de deseo para millones de personas a la hora planificar\" \/>\n\t<meta name=\"robots\" content=\"max-image-preview:large\" \/>\n\t<meta name=\"author\" content=\"NBAsturias\"\/>\n\t<meta name=\"google-site-verification\" content=\"UA-38556648-1\" \/>\n\t<meta name=\"keywords\" content=\"turismo\" \/>\n\t<link rel=\"canonical\" href=\"https:\/\/eldigitaldeasturias.com\/radio\/destino-vitoria-recorriendo-el-pais-vasco\/\" \/>\n\t<meta name=\"generator\" content=\"All in One SEO Pro (AIOSEO) 4.9.6.2\" \/>\n\t\t<meta property=\"og:locale\" content=\"es_ES\" \/>\n\t\t<meta property=\"og:site_name\" content=\"El Digital de Asturias | Diario de informaci\u00f3n y noticias\" \/>\n\t\t<meta property=\"og:type\" content=\"article\" \/>\n\t\t<meta property=\"og:title\" content=\"Destino Vitoria: Recorriendo el Pa\u00eds Vasco | El Digital de Asturias\" \/>\n\t\t<meta property=\"og:description\" content=\"Espa\u00f1a nos ofrece muchas opciones a la hora de viajar, disfrutar de un fin de semana especial o hacer una ruta por varias ciudades, nuestra gran diversidad y oferta para viajeros nacionales o internacionales nos han convertido en una potencia mundial y en el objeto de deseo para millones de personas a la hora planificar\" \/>\n\t\t<meta property=\"og:url\" content=\"https:\/\/eldigitaldeasturias.com\/radio\/destino-vitoria-recorriendo-el-pais-vasco\/\" \/>\n\t\t<meta property=\"og:image\" content=\"https:\/\/eldigitaldeasturias.com\/radio\/wp-content\/uploads\/2021\/02\/vitoria-3441332_640.jpg\" \/>\n\t\t<meta property=\"og:image:secure_url\" content=\"https:\/\/eldigitaldeasturias.com\/radio\/wp-content\/uploads\/2021\/02\/vitoria-3441332_640.jpg\" \/>\n\t\t<meta property=\"og:image:width\" content=\"640\" \/>\n\t\t<meta property=\"og:image:height\" content=\"426\" \/>\n\t\t<meta property=\"article:published_time\" content=\"2021-02-12T15:35:21+00:00\" \/>\n\t\t<meta property=\"article:modified_time\" content=\"2021-02-12T15:40:51+00:00\" \/>\n\t\t<meta name=\"twitter:card\" content=\"summary_large_image\" \/>\n\t\t<meta name=\"twitter:site\" content=\"@bercodi\" \/>\n\t\t<meta name=\"twitter:title\" content=\"Destino Vitoria: Recorriendo el Pa\u00eds Vasco | El Digital de Asturias\" \/>\n\t\t<meta name=\"twitter:description\" content=\"Espa\u00f1a nos ofrece muchas opciones a la hora de viajar, disfrutar de un fin de semana especial o hacer una ruta por varias ciudades, nuestra gran diversidad y oferta para viajeros nacionales o internacionales nos han convertido en una potencia mundial y en el objeto de deseo para millones de personas a la hora planificar\" \/>\n\t\t<meta name=\"twitter:creator\" content=\"@bercodi\" \/>\n\t\t<meta name=\"twitter:image\" content=\"https:\/\/eldigitaldeasturias.com\/radio\/wp-content\/uploads\/2021\/02\/vitoria-3441332_640.jpg\" \/>\n\t\t<script type=\"application\/ld+json\" class=\"aioseo-schema\">\n\t\t\t{\"@context\":\"https:\\\/\\\/schema.org\",\"@graph\":[{\"@type\":\"BreadcrumbList\",\"@id\":\"https:\\\/\\\/eldigitaldeasturias.com\\\/radio\\\/destino-vitoria-recorriendo-el-pais-vasco\\\/#breadcrumblist\",\"itemListElement\":[{\"@type\":\"ListItem\",\"@id\":\"https:\\\/\\\/eldigitaldeasturias.com\\\/radio#listItem\",\"position\":1,\"name\":\"Inicio\",\"item\":\"https:\\\/\\\/eldigitaldeasturias.com\\\/radio\",\"nextItem\":{\"@type\":\"ListItem\",\"@id\":\"https:\\\/\\\/eldigitaldeasturias.com\\\/radio\\\/category\\\/turismo\\\/#listItem\",\"name\":\"Turismo\"}},{\"@type\":\"ListItem\",\"@id\":\"https:\\\/\\\/eldigitaldeasturias.com\\\/radio\\\/category\\\/turismo\\\/#listItem\",\"position\":2,\"name\":\"Turismo\",\"item\":\"https:\\\/\\\/eldigitaldeasturias.com\\\/radio\\\/category\\\/turismo\\\/\",\"nextItem\":{\"@type\":\"ListItem\",\"@id\":\"https:\\\/\\\/eldigitaldeasturias.com\\\/radio\\\/destino-vitoria-recorriendo-el-pais-vasco\\\/#listItem\",\"name\":\"Destino Vitoria: Recorriendo el Pa\\u00eds Vasco\"},\"previousItem\":{\"@type\":\"ListItem\",\"@id\":\"https:\\\/\\\/eldigitaldeasturias.com\\\/radio#listItem\",\"name\":\"Inicio\"}},{\"@type\":\"ListItem\",\"@id\":\"https:\\\/\\\/eldigitaldeasturias.com\\\/radio\\\/destino-vitoria-recorriendo-el-pais-vasco\\\/#listItem\",\"position\":3,\"name\":\"Destino Vitoria: Recorriendo el Pa\\u00eds Vasco\",\"previousItem\":{\"@type\":\"ListItem\",\"@id\":\"https:\\\/\\\/eldigitaldeasturias.com\\\/radio\\\/category\\\/turismo\\\/#listItem\",\"name\":\"Turismo\"}}]},{\"@type\":\"NewsArticle\",\"@id\":\"https:\\\/\\\/eldigitaldeasturias.com\\\/radio\\\/destino-vitoria-recorriendo-el-pais-vasco\\\/#newsarticle\",\"name\":\"Destino Vitoria: Recorriendo el Pa\\u00eds Vasco | El Digital de Asturias\",\"headline\":\"Destino Vitoria: Recorriendo el Pa\\u00eds Vasco\",\"author\":{\"@id\":\"https:\\\/\\\/eldigitaldeasturias.com\\\/radio\\\/author\\\/nbasturias\\\/#author\"},\"publisher\":{\"@id\":\"https:\\\/\\\/eldigitaldeasturias.com\\\/radio\\\/#organization\"},\"image\":{\"@type\":\"ImageObject\",\"url\":\"https:\\\/\\\/eldigitaldeasturias.com\\\/radio\\\/wp-content\\\/uploads\\\/2021\\\/02\\\/vitoria-3441332_640.jpg\",\"width\":640,\"height\":426},\"datePublished\":\"2021-02-12T15:35:21+01:00\",\"dateModified\":\"2021-02-12T15:40:51+01:00\",\"inLanguage\":\"es-ES\",\"mainEntityOfPage\":{\"@id\":\"https:\\\/\\\/eldigitaldeasturias.com\\\/radio\\\/destino-vitoria-recorriendo-el-pais-vasco\\\/#webpage\"},\"isPartOf\":{\"@id\":\"https:\\\/\\\/eldigitaldeasturias.com\\\/radio\\\/destino-vitoria-recorriendo-el-pais-vasco\\\/#webpage\"},\"articleSection\":\"Turismo\",\"dateline\":\"Publicado el febrero 12, 2021.\"},{\"@type\":\"Organization\",\"@id\":\"https:\\\/\\\/eldigitaldeasturias.com\\\/radio\\\/#organization\",\"name\":\"El digital de Asturias Radio\",\"description\":\"Diario de informaci\\u00f3n y noticias\",\"url\":\"https:\\\/\\\/eldigitaldeasturias.com\\\/radio\\\/\",\"telephone\":\"+34652131393\",\"logo\":{\"@type\":\"ImageObject\",\"url\":\"https:\\\/\\\/www.eldigitaldeasturias.com\\\/radio\\\/wp-content\\\/uploads\\\/2021\\\/03\\\/EDA.jpg\",\"@id\":\"https:\\\/\\\/eldigitaldeasturias.com\\\/radio\\\/destino-vitoria-recorriendo-el-pais-vasco\\\/#organizationLogo\"},\"image\":{\"@id\":\"https:\\\/\\\/eldigitaldeasturias.com\\\/radio\\\/destino-vitoria-recorriendo-el-pais-vasco\\\/#organizationLogo\"},\"sameAs\":[\"https:\\\/\\\/www.facebook.com\\\/\",\"https:\\\/\\\/x.com\\\/bercodi\",\"https:\\\/\\\/www.instagram.com\\\/\",\"https:\\\/\\\/www.youtube.com\\\/channel\\\/UCZP-2wLEB9Rv6erhFmqVnvg\"]},{\"@type\":\"Person\",\"@id\":\"https:\\\/\\\/eldigitaldeasturias.com\\\/radio\\\/author\\\/nbasturias\\\/#author\",\"url\":\"https:\\\/\\\/eldigitaldeasturias.com\\\/radio\\\/author\\\/nbasturias\\\/\",\"name\":\"NBAsturias\",\"image\":{\"@type\":\"ImageObject\",\"@id\":\"https:\\\/\\\/eldigitaldeasturias.com\\\/radio\\\/destino-vitoria-recorriendo-el-pais-vasco\\\/#authorImage\",\"url\":\"https:\\\/\\\/secure.gravatar.com\\\/avatar\\\/df2aeffc32bcd13f8d26072ef8a91b623d677766deac7f97ca815868cd41bf5e?s=96&d=mm&r=g\",\"width\":96,\"height\":96,\"caption\":\"NBAsturias\"}},{\"@type\":\"WebPage\",\"@id\":\"https:\\\/\\\/eldigitaldeasturias.com\\\/radio\\\/destino-vitoria-recorriendo-el-pais-vasco\\\/#webpage\",\"url\":\"https:\\\/\\\/eldigitaldeasturias.com\\\/radio\\\/destino-vitoria-recorriendo-el-pais-vasco\\\/\",\"name\":\"Destino Vitoria: Recorriendo el Pa\\u00eds Vasco | El Digital de Asturias\",\"description\":\"Espa\\u00f1a nos ofrece muchas opciones a la hora de viajar, disfrutar de un fin de semana especial o hacer una ruta por varias ciudades, nuestra gran diversidad y oferta para viajeros nacionales o internacionales nos han convertido en una potencia mundial y en el objeto de deseo para millones de personas a la hora planificar\",\"inLanguage\":\"es-ES\",\"isPartOf\":{\"@id\":\"https:\\\/\\\/eldigitaldeasturias.com\\\/radio\\\/#website\"},\"breadcrumb\":{\"@id\":\"https:\\\/\\\/eldigitaldeasturias.com\\\/radio\\\/destino-vitoria-recorriendo-el-pais-vasco\\\/#breadcrumblist\"},\"author\":{\"@id\":\"https:\\\/\\\/eldigitaldeasturias.com\\\/radio\\\/author\\\/nbasturias\\\/#author\"},\"creator\":{\"@id\":\"https:\\\/\\\/eldigitaldeasturias.com\\\/radio\\\/author\\\/nbasturias\\\/#author\"},\"image\":{\"@type\":\"ImageObject\",\"url\":\"https:\\\/\\\/eldigitaldeasturias.com\\\/radio\\\/wp-content\\\/uploads\\\/2021\\\/02\\\/vitoria-3441332_640.jpg\",\"@id\":\"https:\\\/\\\/eldigitaldeasturias.com\\\/radio\\\/destino-vitoria-recorriendo-el-pais-vasco\\\/#mainImage\",\"width\":640,\"height\":426},\"primaryImageOfPage\":{\"@id\":\"https:\\\/\\\/eldigitaldeasturias.com\\\/radio\\\/destino-vitoria-recorriendo-el-pais-vasco\\\/#mainImage\"},\"datePublished\":\"2021-02-12T15:35:21+01:00\",\"dateModified\":\"2021-02-12T15:40:51+01:00\"},{\"@type\":\"WebSite\",\"@id\":\"https:\\\/\\\/eldigitaldeasturias.com\\\/radio\\\/#website\",\"url\":\"https:\\\/\\\/eldigitaldeasturias.com\\\/radio\\\/\",\"name\":\"El Digital de Asturias\",\"description\":\"Diario de informaci\\u00f3n y noticias\",\"inLanguage\":\"es-ES\",\"publisher\":{\"@id\":\"https:\\\/\\\/eldigitaldeasturias.com\\\/radio\\\/#organization\"}}]}\n\t\t<\/script>\n\t\t<!-- All in One SEO Pro -->\r\n\t\t<title>Destino Vitoria: Recorriendo el Pa\u00eds Vasco | El Digital de Asturias<\/title>\n\n","aioseo_head_json":{"title":"Destino Vitoria: Recorriendo el Pa\u00eds Vasco | El Digital de Asturias","description":"Espa\u00f1a nos ofrece muchas opciones a la hora de viajar, disfrutar de un fin de semana especial o hacer una ruta por varias ciudades, nuestra gran diversidad y oferta para viajeros nacionales o internacionales nos han convertido en una potencia mundial y en el objeto de deseo para millones de personas a la hora planificar","canonical_url":"https:\/\/eldigitaldeasturias.com\/radio\/destino-vitoria-recorriendo-el-pais-vasco\/","robots":"max-image-preview:large","keywords":"turismo","webmasterTools":{"google-site-verification":"UA-38556648-1","miscellaneous":""},"schema":{"@context":"https:\/\/schema.org","@graph":[{"@type":"BreadcrumbList","@id":"https:\/\/eldigitaldeasturias.com\/radio\/destino-vitoria-recorriendo-el-pais-vasco\/#breadcrumblist","itemListElement":[{"@type":"ListItem","@id":"https:\/\/eldigitaldeasturias.com\/radio#listItem","position":1,"name":"Inicio","item":"https:\/\/eldigitaldeasturias.com\/radio","nextItem":{"@type":"ListItem","@id":"https:\/\/eldigitaldeasturias.com\/radio\/category\/turismo\/#listItem","name":"Turismo"}},{"@type":"ListItem","@id":"https:\/\/eldigitaldeasturias.com\/radio\/category\/turismo\/#listItem","position":2,"name":"Turismo","item":"https:\/\/eldigitaldeasturias.com\/radio\/category\/turismo\/","nextItem":{"@type":"ListItem","@id":"https:\/\/eldigitaldeasturias.com\/radio\/destino-vitoria-recorriendo-el-pais-vasco\/#listItem","name":"Destino Vitoria: Recorriendo el Pa\u00eds Vasco"},"previousItem":{"@type":"ListItem","@id":"https:\/\/eldigitaldeasturias.com\/radio#listItem","name":"Inicio"}},{"@type":"ListItem","@id":"https:\/\/eldigitaldeasturias.com\/radio\/destino-vitoria-recorriendo-el-pais-vasco\/#listItem","position":3,"name":"Destino Vitoria: Recorriendo el Pa\u00eds Vasco","previousItem":{"@type":"ListItem","@id":"https:\/\/eldigitaldeasturias.com\/radio\/category\/turismo\/#listItem","name":"Turismo"}}]},{"@type":"NewsArticle","@id":"https:\/\/eldigitaldeasturias.com\/radio\/destino-vitoria-recorriendo-el-pais-vasco\/#newsarticle","name":"Destino Vitoria: Recorriendo el Pa\u00eds Vasco | El Digital de Asturias","headline":"Destino Vitoria: Recorriendo el Pa\u00eds Vasco","author":{"@id":"https:\/\/eldigitaldeasturias.com\/radio\/author\/nbasturias\/#author"},"publisher":{"@id":"https:\/\/eldigitaldeasturias.com\/radio\/#organization"},"image":{"@type":"ImageObject","url":"https:\/\/eldigitaldeasturias.com\/radio\/wp-content\/uploads\/2021\/02\/vitoria-3441332_640.jpg","width":640,"height":426},"datePublished":"2021-02-12T15:35:21+01:00","dateModified":"2021-02-12T15:40:51+01:00","inLanguage":"es-ES","mainEntityOfPage":{"@id":"https:\/\/eldigitaldeasturias.com\/radio\/destino-vitoria-recorriendo-el-pais-vasco\/#webpage"},"isPartOf":{"@id":"https:\/\/eldigitaldeasturias.com\/radio\/destino-vitoria-recorriendo-el-pais-vasco\/#webpage"},"articleSection":"Turismo","dateline":"Publicado el febrero 12, 2021."},{"@type":"Organization","@id":"https:\/\/eldigitaldeasturias.com\/radio\/#organization","name":"El digital de Asturias Radio","description":"Diario de informaci\u00f3n y noticias","url":"https:\/\/eldigitaldeasturias.com\/radio\/","telephone":"+34652131393","logo":{"@type":"ImageObject","url":"https:\/\/www.eldigitaldeasturias.com\/radio\/wp-content\/uploads\/2021\/03\/EDA.jpg","@id":"https:\/\/eldigitaldeasturias.com\/radio\/destino-vitoria-recorriendo-el-pais-vasco\/#organizationLogo"},"image":{"@id":"https:\/\/eldigitaldeasturias.com\/radio\/destino-vitoria-recorriendo-el-pais-vasco\/#organizationLogo"},"sameAs":["https:\/\/www.facebook.com\/","https:\/\/x.com\/bercodi","https:\/\/www.instagram.com\/","https:\/\/www.youtube.com\/channel\/UCZP-2wLEB9Rv6erhFmqVnvg"]},{"@type":"Person","@id":"https:\/\/eldigitaldeasturias.com\/radio\/author\/nbasturias\/#author","url":"https:\/\/eldigitaldeasturias.com\/radio\/author\/nbasturias\/","name":"NBAsturias","image":{"@type":"ImageObject","@id":"https:\/\/eldigitaldeasturias.com\/radio\/destino-vitoria-recorriendo-el-pais-vasco\/#authorImage","url":"https:\/\/secure.gravatar.com\/avatar\/df2aeffc32bcd13f8d26072ef8a91b623d677766deac7f97ca815868cd41bf5e?s=96&d=mm&r=g","width":96,"height":96,"caption":"NBAsturias"}},{"@type":"WebPage","@id":"https:\/\/eldigitaldeasturias.com\/radio\/destino-vitoria-recorriendo-el-pais-vasco\/#webpage","url":"https:\/\/eldigitaldeasturias.com\/radio\/destino-vitoria-recorriendo-el-pais-vasco\/","name":"Destino Vitoria: Recorriendo el Pa\u00eds Vasco | El Digital de Asturias","description":"Espa\u00f1a nos ofrece muchas opciones a la hora de viajar, disfrutar de un fin de semana especial o hacer una ruta por varias ciudades, nuestra gran diversidad y oferta para viajeros nacionales o internacionales nos han convertido en una potencia mundial y en el objeto de deseo para millones de personas a la hora planificar","inLanguage":"es-ES","isPartOf":{"@id":"https:\/\/eldigitaldeasturias.com\/radio\/#website"},"breadcrumb":{"@id":"https:\/\/eldigitaldeasturias.com\/radio\/destino-vitoria-recorriendo-el-pais-vasco\/#breadcrumblist"},"author":{"@id":"https:\/\/eldigitaldeasturias.com\/radio\/author\/nbasturias\/#author"},"creator":{"@id":"https:\/\/eldigitaldeasturias.com\/radio\/author\/nbasturias\/#author"},"image":{"@type":"ImageObject","url":"https:\/\/eldigitaldeasturias.com\/radio\/wp-content\/uploads\/2021\/02\/vitoria-3441332_640.jpg","@id":"https:\/\/eldigitaldeasturias.com\/radio\/destino-vitoria-recorriendo-el-pais-vasco\/#mainImage","width":640,"height":426},"primaryImageOfPage":{"@id":"https:\/\/eldigitaldeasturias.com\/radio\/destino-vitoria-recorriendo-el-pais-vasco\/#mainImage"},"datePublished":"2021-02-12T15:35:21+01:00","dateModified":"2021-02-12T15:40:51+01:00"},{"@type":"WebSite","@id":"https:\/\/eldigitaldeasturias.com\/radio\/#website","url":"https:\/\/eldigitaldeasturias.com\/radio\/","name":"El Digital de Asturias","description":"Diario de informaci\u00f3n y noticias","inLanguage":"es-ES","publisher":{"@id":"https:\/\/eldigitaldeasturias.com\/radio\/#organization"}}]},"og:locale":"es_ES","og:site_name":"El Digital de Asturias | Diario de informaci\u00f3n y noticias","og:type":"article","og:title":"Destino Vitoria: Recorriendo el Pa\u00eds Vasco | El Digital de Asturias","og:description":"Espa\u00f1a nos ofrece muchas opciones a la hora de viajar, disfrutar de un fin de semana especial o hacer una ruta por varias ciudades, nuestra gran diversidad y oferta para viajeros nacionales o internacionales nos han convertido en una potencia mundial y en el objeto de deseo para millones de personas a la hora planificar","og:url":"https:\/\/eldigitaldeasturias.com\/radio\/destino-vitoria-recorriendo-el-pais-vasco\/","og:image":"https:\/\/eldigitaldeasturias.com\/radio\/wp-content\/uploads\/2021\/02\/vitoria-3441332_640.jpg","og:image:secure_url":"https:\/\/eldigitaldeasturias.com\/radio\/wp-content\/uploads\/2021\/02\/vitoria-3441332_640.jpg","og:image:width":640,"og:image:height":426,"article:published_time":"2021-02-12T15:35:21+00:00","article:modified_time":"2021-02-12T15:40:51+00:00","twitter:card":"summary_large_image","twitter:site":"@bercodi","twitter:title":"Destino Vitoria: Recorriendo el Pa\u00eds Vasco | El Digital de Asturias","twitter:description":"Espa\u00f1a nos ofrece muchas opciones a la hora de viajar, disfrutar de un fin de semana especial o hacer una ruta por varias ciudades, nuestra gran diversidad y oferta para viajeros nacionales o internacionales nos han convertido en una potencia mundial y en el objeto de deseo para millones de personas a la hora planificar","twitter:creator":"@bercodi","twitter:image":"https:\/\/eldigitaldeasturias.com\/radio\/wp-content\/uploads\/2021\/02\/vitoria-3441332_640.jpg"},"aioseo_meta_data":{"post_id":"5642","title":null,"description":null,"keywords":null,"keyphrases":null,"primary_term":null,"canonical_url":null,"og_title":null,"og_description":null,"og_object_type":"default","og_image_type":"default","og_image_url":null,"og_image_width":null,"og_image_height":null,"og_image_custom_url":null,"og_image_custom_fields":null,"og_video":null,"og_custom_url":null,"og_article_section":null,"og_article_tags":null,"twitter_use_og":false,"twitter_card":"default","twitter_image_type":"default","twitter_image_url":null,"twitter_image_custom_url":null,"twitter_image_custom_fields":null,"twitter_title":null,"twitter_description":null,"schema":{"blockGraphs":[],"customGraphs":[],"default":{"data":{"Article":[],"Course":[],"Dataset":[],"FAQPage":[],"Movie":[],"Person":[],"Product":[],"ProductReview":[],"Car":[],"Recipe":[],"Service":[],"SoftwareApplication":[],"WebPage":[]},"graphName":"","isEnabled":true},"graphs":[],"defaultGraph":"","defaultPostTypeGraph":""},"schema_type":null,"schema_type_options":null,"pillar_content":false,"robots_default":true,"robots_noindex":false,"robots_noarchive":false,"robots_nosnippet":false,"robots_nofollow":false,"robots_noimageindex":false,"robots_noodp":false,"robots_notranslate":false,"robots_max_snippet":null,"robots_max_videopreview":null,"robots_max_imagepreview":"large","priority":null,"frequency":null,"location":null,"local_seo":null,"seo_analyzer_scan_date":"2025-08-28 18:12:34","breadcrumb_settings":null,"limit_modified_date":false,"open_ai":null,"ai":null,"created":"2021-03-25 11:08:57","updated":"2025-08-28 18:12:34"},"aioseo_breadcrumb":"<div class=\"aioseo-breadcrumbs\"><span class=\"aioseo-breadcrumb\">\n\t<a href=\"https:\/\/eldigitaldeasturias.com\/radio\" title=\"Inicio\">Inicio<\/a>\n<\/span><span class=\"aioseo-breadcrumb-separator\">&ndash;<\/span><span class=\"aioseo-breadcrumb\">\n\t<a href=\"https:\/\/eldigitaldeasturias.com\/radio\/category\/turismo\/\" title=\"Turismo\">Turismo<\/a>\n<\/span><span class=\"aioseo-breadcrumb-separator\">&ndash;<\/span><span class=\"aioseo-breadcrumb\">\n\tDestino Vitoria: Recorriendo el Pa\u00eds Vasco\n<\/span><\/div>","aioseo_breadcrumb_json":[{"label":"Inicio","link":"https:\/\/eldigitaldeasturias.com\/radio"},{"label":"Turismo","link":"https:\/\/eldigitaldeasturias.com\/radio\/category\/turismo\/"},{"label":"Destino Vitoria: Recorriendo el Pa\u00eds Vasco","link":"https:\/\/eldigitaldeasturias.com\/radio\/destino-vitoria-recorriendo-el-pais-vasco\/"}],"_links":{"self":[{"href":"https:\/\/eldigitaldeasturias.com\/radio\/wp-json\/wp\/v2\/posts\/5642","targetHints":{"allow":["GET"]}}],"collection":[{"href":"https:\/\/eldigitaldeasturias.com\/radio\/wp-json\/wp\/v2\/posts"}],"about":[{"href":"https:\/\/eldigitaldeasturias.com\/radio\/wp-json\/wp\/v2\/types\/post"}],"author":[{"embeddable":true,"href":"https:\/\/eldigitaldeasturias.com\/radio\/wp-json\/wp\/v2\/users\/1"}],"replies":[{"embeddable":true,"href":"https:\/\/eldigitaldeasturias.com\/radio\/wp-json\/wp\/v2\/comments?post=5642"}],"version-history":[{"count":0,"href":"https:\/\/eldigitaldeasturias.com\/radio\/wp-json\/wp\/v2\/posts\/5642\/revisions"}],"wp:featuredmedia":[{"embeddable":true,"href":"https:\/\/eldigitaldeasturias.com\/radio\/wp-json\/wp\/v2\/media\/5643"}],"wp:attachment":[{"href":"https:\/\/eldigitaldeasturias.com\/radio\/wp-json\/wp\/v2\/media?parent=5642"}],"wp:term":[{"taxonomy":"category","embeddable":true,"href":"https:\/\/eldigitaldeasturias.com\/radio\/wp-json\/wp\/v2\/categories?post=5642"},{"taxonomy":"post_tag","embeddable":true,"href":"https:\/\/eldigitaldeasturias.com\/radio\/wp-json\/wp\/v2\/tags?post=5642"}],"curies":[{"name":"wp","href":"https:\/\/api.w.org\/{rel}","templated":true}]}}